{"id":40621,"date":"2018-05-05T08:23:24","date_gmt":"2018-05-05T08:23:24","guid":{"rendered":"http:\/\/monta\u00f1asdelaluna.com\/?p=40621"},"modified":"2025-11-28T10:30:07","modified_gmt":"2025-11-28T10:30:07","slug":"punta-lourde-rocheblave-y-clarabides","status":"publish","type":"post","link":"https:\/\/www.monta\u00f1asdelaluna.es\/?p=40621","title":{"rendered":"Punta Lourde Rocheblave y Clarabides"},"content":{"rendered":"<p>[vc_row][vc_column][vc_column_text]De nuevo nos quer\u00edamos acercar al Valle de Est\u00f3s para intentar llegar a la cima de los Gourgs Blancs, esa cima en la que me hab\u00eda obsesionado conquistar y pisar. Ya la hab\u00eda intentado en alguna primavera atr\u00e1s, pero en su intento no llegamos siquiera a llegar hasta su falda por el estado y cantidad de nieve, demasiado blanda por laderas onduladas y empinadas. Esta vez s\u00ed ten\u00edamos que llegar. Iba a ser el segundo intento y no pod\u00edamos fallar.<\/p>\n<p>En este viaje \u00edbamos Pau y Luis Segura, compa\u00f1eros con los que el \u00e9xito de la actividad la pod\u00edamos tener asegurada. Es verdad que volv\u00edamos con condiciones casi invernales, y el estado de la nieve y su cantidad podr\u00eda poner en riesgo el \u00e9xito del objetivo, llegar a la aspirada cima del Gourgs Blancs. Siempre es mejor volver sin nieve, con roca, en verano, y poder ver los pasos y rincones que con la nieve se esconden o se pueden poner m\u00e1s peligrosos (o f\u00e1ciles, seg\u00fan) \u2026 a ver qu\u00e9 tal ahora; por suerte regresaba con el Pau, un compa\u00f1ero que camina por estas monta\u00f1as como si fuera por su casa.<\/p>\n<p>La idea era estar 3 d\u00edas: 2 d\u00edas de aproximaci\u00f3n y bajada al coche, y un d\u00eda para el intento a la cima, a la monta\u00f1a. Tener 1 d\u00eda entero para intentar la monta\u00f1a es importante por el tiempo que nos puede llevar cruzar por la nieve seg\u00fan sus condiciones. Sal\u00edamos el 5 de mayo, s\u00e1bado, hasta el lunes 7. Seguro que el domingo por la noche habr\u00e1 poca gente al Refugio de Est\u00f3s; refugio al cual vamos y donde pasaremos 2 noches.<\/p>\n<div id=\"attachment_39953\" style=\"width: 1034px\" class=\"wp-caption aligncenter\"><a class=\"dt-single-image\" href=\"https:\/\/www.monta\u00f1asdelaluna.es\/wp-content\/uploads\/2019\/05\/la-cresta-de-la-tuca-de-gargallosa-y-detras-cubierto-el-perdiguero.jpg\" data-dt-img-description=\"\"><img loading=\"lazy\" decoding=\"async\" aria-describedby=\"caption-attachment-39953\" class=\"wp-image-39953 size-large\" src=\"https:\/\/www.monta\u00f1asdelaluna.es\/wp-content\/uploads\/2019\/05\/la-cresta-de-la-tuca-de-gargallosa-y-detras-cubierto-el-perdiguero-1024x768.jpg\" alt=\"La Cresta de La Tuca de Gargallosa y detr\u00e1s cubierto el Perdiguero\" width=\"1024\" height=\"768\" srcset=\"https:\/\/www.monta\u00f1asdelaluna.es\/wp-content\/uploads\/2019\/05\/la-cresta-de-la-tuca-de-gargallosa-y-detras-cubierto-el-perdiguero-1024x768.jpg 1024w, https:\/\/www.monta\u00f1asdelaluna.es\/wp-content\/uploads\/2019\/05\/la-cresta-de-la-tuca-de-gargallosa-y-detras-cubierto-el-perdiguero-300x225.jpg 300w, https:\/\/www.monta\u00f1asdelaluna.es\/wp-content\/uploads\/2019\/05\/la-cresta-de-la-tuca-de-gargallosa-y-detras-cubierto-el-perdiguero.jpg 1788w\" sizes=\"auto, (max-width: 1024px) 100vw, 1024px\" \/><\/a><p id=\"caption-attachment-39953\" class=\"wp-caption-text\">La Cresta de La Tuca de Gargallosa y detr\u00e1s cubierto el Perdiguero<\/p><\/div>\n<div id=\"attachment_39955\" style=\"width: 1034px\" class=\"wp-caption aligncenter\"><a class=\"dt-single-image\" href=\"https:\/\/www.monta\u00f1asdelaluna.es\/wp-content\/uploads\/2019\/05\/llegando-al-refugio-de-estos-al-fondo-la-aguja-de-la-paul.jpg\" data-dt-img-description=\"\"><img loading=\"lazy\" decoding=\"async\" aria-describedby=\"caption-attachment-39955\" class=\"wp-image-39955 size-large\" src=\"https:\/\/www.monta\u00f1asdelaluna.es\/wp-content\/uploads\/2019\/05\/llegando-al-refugio-de-estos-al-fondo-la-aguja-de-la-paul-1024x768.jpg\" alt=\"Llegando al Refugio de Est\u00f3s, al fondo la Aguja de La Paul\" width=\"1024\" height=\"768\" srcset=\"https:\/\/www.monta\u00f1asdelaluna.es\/wp-content\/uploads\/2019\/05\/llegando-al-refugio-de-estos-al-fondo-la-aguja-de-la-paul-1024x768.jpg 1024w, https:\/\/www.monta\u00f1asdelaluna.es\/wp-content\/uploads\/2019\/05\/llegando-al-refugio-de-estos-al-fondo-la-aguja-de-la-paul-300x225.jpg 300w, https:\/\/www.monta\u00f1asdelaluna.es\/wp-content\/uploads\/2019\/05\/llegando-al-refugio-de-estos-al-fondo-la-aguja-de-la-paul.jpg 1788w\" sizes=\"auto, (max-width: 1024px) 100vw, 1024px\" \/><\/a><p id=\"caption-attachment-39955\" class=\"wp-caption-text\">Llegando al Refugio de Est\u00f3s, al fondo la Aguja de La Paul<\/p><\/div>\n<p>Aparcamos en el sitio de siempre, en la entrada al Valle de Est\u00f3s, y hacemos el recorrido de siempre desde dicho aparcamiento cerca de la carretera al Hospital de Benasque y en la entrada al Valle de Est\u00f3s hasta el mismo Refugio de Est\u00f3s. Podemos ver la descripci\u00f3n del recorrido de este valle en anteriores relatos y visitas como aquella en la que subimos por primera vez el pico <a href=\"https:\/\/www.monta\u00f1asdelaluna.es\/?p=28524\" target=\"_blank\" rel=\"noopener\">Perdiguero<\/a>.<\/p>\n<p>Poco antes de llegar al Refugio de Est\u00f3s, tenemos que cruzar la ca\u00edda o restos de un enorme alud con muchos metros de alcance, que se extiende por toda la parte baja del recorrido y antes de llegar al r\u00edo Est\u00f3s. \u00c9ste baja por la derecha (seg\u00fan subimos) desde las inmediaciones del vallecillo que se forma desde el circo entre el Gourgs Blancs y los Clarabides, G\u00edas, es el Valle de G\u00edas, pues los restos de este enorme alud bajaba de este vallecillo. Alrededor del alud no hay nieve, en el fondo del valle donde est\u00e1 el recorrido no hemos pisado nieve, hasta llegar hasta los l\u00edmites de este alud. Da impresi\u00f3n\u2026 \u00a1Te imaginas que nos pilla! Hab\u00eda una gran cantidad de nieve la verdad. Hubiera sido mortal, o casi mortal. Despu\u00e9s nos dicen en el refugio que la ca\u00edda de este alud es casi habitual cada a\u00f1o\u2026 ahora me entero, incre\u00edble.<\/p>\n<p>El tiempo no es excesivamente bueno; nublado, con nubes, aunque sin precipitar, pero todo estaba preparado: ma\u00f1ana har\u00eda un d\u00eda bueno para subir un tres mil en condiciones invernales (invernales primaverales). La nieve est\u00e1 en altura, pero no demasiado alta, a partir de unos 2.000 metros m\u00e1s o menos seg\u00fan la zona de la monta\u00f1a, con neveros que se est\u00e1n deshaciendo m\u00e1s abajo de los 1.800 metros; pero nosotros tendremos que subir por el mismo alud\u2026 cosa que nos facilitar\u00e1 la subida aunque parezca mentira o peligroso. Y es que la dura nieve ca\u00edda, transformada aqu\u00ed abajo, es excelente a primera hora de la ma\u00f1ana.<\/p>\n<div id=\"attachment_39958\" style=\"width: 1798px\" class=\"wp-caption aligncenter\"><a class=\"dt-single-image\" href=\"https:\/\/www.monta\u00f1asdelaluna.es\/wp-content\/uploads\/2019\/05\/pau-y-luis-en-la-terraza-del-refugio-de-estos.jpg\" data-dt-img-description=\"\"><img loading=\"lazy\" decoding=\"async\" aria-describedby=\"caption-attachment-39958\" class=\"wp-image-39958 size-full\" src=\"https:\/\/www.monta\u00f1asdelaluna.es\/wp-content\/uploads\/2019\/05\/pau-y-luis-en-la-terraza-del-refugio-de-estos.jpg\" alt=\"Pau y Luis en la terraza del Refugio de Est\u00f3s\" width=\"1788\" height=\"1004\" srcset=\"https:\/\/www.monta\u00f1asdelaluna.es\/wp-content\/uploads\/2019\/05\/pau-y-luis-en-la-terraza-del-refugio-de-estos.jpg 1788w, https:\/\/www.monta\u00f1asdelaluna.es\/wp-content\/uploads\/2019\/05\/pau-y-luis-en-la-terraza-del-refugio-de-estos-300x168.jpg 300w, https:\/\/www.monta\u00f1asdelaluna.es\/wp-content\/uploads\/2019\/05\/pau-y-luis-en-la-terraza-del-refugio-de-estos-1024x575.jpg 1024w\" sizes=\"auto, (max-width: 1788px) 100vw, 1788px\" \/><\/a><p id=\"caption-attachment-39958\" class=\"wp-caption-text\">Pau y Luis en la terraza del Refugio de Est\u00f3s<\/p><\/div>\n<div id=\"attachment_39959\" style=\"width: 1034px\" class=\"wp-caption aligncenter\"><a class=\"dt-single-image\" href=\"https:\/\/www.monta\u00f1asdelaluna.es\/wp-content\/uploads\/2019\/05\/valle-de-estos-desde-el-refugio-de-estos.jpg\" data-dt-img-description=\"\"><img loading=\"lazy\" decoding=\"async\" aria-describedby=\"caption-attachment-39959\" class=\"wp-image-39959 size-large\" src=\"https:\/\/www.monta\u00f1asdelaluna.es\/wp-content\/uploads\/2019\/05\/valle-de-estos-desde-el-refugio-de-estos-1024x768.jpg\" alt=\"Valle de Est\u00f3s desde el Refugio de Est\u00f3s\" width=\"1024\" height=\"768\" srcset=\"https:\/\/www.monta\u00f1asdelaluna.es\/wp-content\/uploads\/2019\/05\/valle-de-estos-desde-el-refugio-de-estos-1024x768.jpg 1024w, https:\/\/www.monta\u00f1asdelaluna.es\/wp-content\/uploads\/2019\/05\/valle-de-estos-desde-el-refugio-de-estos-300x225.jpg 300w, https:\/\/www.monta\u00f1asdelaluna.es\/wp-content\/uploads\/2019\/05\/valle-de-estos-desde-el-refugio-de-estos.jpg 1788w\" sizes=\"auto, (max-width: 1024px) 100vw, 1024px\" \/><\/a><p id=\"caption-attachment-39959\" class=\"wp-caption-text\">Valle de Est\u00f3s desde el Refugio de Est\u00f3s<\/p><\/div>\n<p>Ya en el refugio reconozco las vistas hacia el fondo del valle. Poco a poco mientras el d\u00eda avanza, cae el sol, nos envuelven las sombras, el paisaje, las monta\u00f1as se van despejando, van cogiendo ese tono rojizo, despu\u00e9s azulado de la nieve, y a la vez las nubes van desapareciendo, aunque no del todo, siempre quedaran aquellas como si la monta\u00f1a fumara; dejando estas monta\u00f1as nevadas, alejadas, bellas, perfectas, preciosas. Un paisaje que no me canso de contemplar y describir cada vez que llego a este estrat\u00e9gico refugio.<\/p>\n<div id=\"attachment_40625\" style=\"width: 1166px\" class=\"wp-caption aligncenter\"><a class=\"dt-single-image\" href=\"https:\/\/www.monta\u00f1asdelaluna.es\/wp-content\/uploads\/2018\/05\/ValleEst\u00f3s.recorrido.web_.jpg\" data-dt-img-description=\"\"><img loading=\"lazy\" decoding=\"async\" aria-describedby=\"caption-attachment-40625\" class=\"wp-image-40625 size-full\" src=\"https:\/\/www.monta\u00f1asdelaluna.es\/wp-content\/uploads\/2018\/05\/ValleEst\u00f3s.recorrido.web_.jpg\" alt=\"Croquis del recorrido por el Valle de Est\u00f3s, desde el parking hasta el Refugio de Est\u00f3s\" width=\"1156\" height=\"1244\" srcset=\"https:\/\/www.monta\u00f1asdelaluna.es\/wp-content\/uploads\/2018\/05\/ValleEst\u00f3s.recorrido.web_.jpg 1156w, https:\/\/www.monta\u00f1asdelaluna.es\/wp-content\/uploads\/2018\/05\/ValleEst\u00f3s.recorrido.web_-279x300.jpg 279w, https:\/\/www.monta\u00f1asdelaluna.es\/wp-content\/uploads\/2018\/05\/ValleEst\u00f3s.recorrido.web_-952x1024.jpg 952w\" sizes=\"auto, (max-width: 1156px) 100vw, 1156px\" \/><\/a><p id=\"caption-attachment-40625\" class=\"wp-caption-text\">Croquis del recorrido por el Valle de Est\u00f3s, desde el parking hasta el Refugio de Est\u00f3s<\/p><\/div>\n<p>Al otro d\u00eda intentamos madrugar. Queremos encontrar la nieve durita a primera hora en la parte baja del valle, para poder progresar sin problemas, para subir r\u00e1pidos y a mitad de ma\u00f1ana ya estar en altura. El d\u00eda se levanta despejado, id\u00f3neo, perfecto, antes de que salga el sol pero ya con claridad en la monta\u00f1a, salimos del refugio por la senda o recorrido que sale de su lateral, como siguiendo los tubos del agua que abastece al refugio, y a la vez en busca de la bajada del agua y la salida del Valle de G\u00edas.<\/p>\n<p>Llegamos hasta el terreno de nieve helada, congelada, del alud, a\u00fan aqu\u00ed abajo, y seguimos su rastro entre las vertientes verticales y de roca, con algunas paredes, por el hueco del torrente, por donde en verano baja el Barranco de G\u00edas. Incluso sin crampones llega un punto en que la nieve congelada y la inclinaci\u00f3n del mismo alud, se hace algo resbaladizo ascender por \u00e9l entre las pareditas del barranco, por donde discurre el torrente bajo la nieve.<\/p>\n<div id=\"attachment_39969\" style=\"width: 1034px\" class=\"wp-caption aligncenter\"><a class=\"dt-single-image\" href=\"https:\/\/www.monta\u00f1asdelaluna.es\/wp-content\/uploads\/2019\/05\/el-pico-de-bardamina-con-su-cresta.jpg\" data-dt-img-description=\"\"><img loading=\"lazy\" decoding=\"async\" aria-describedby=\"caption-attachment-39969\" class=\"wp-image-39969 size-large\" src=\"https:\/\/www.monta\u00f1asdelaluna.es\/wp-content\/uploads\/2019\/05\/el-pico-de-bardamina-con-su-cresta-1024x768.jpg\" alt=\"El pico de Bardamina con su cresta\" width=\"1024\" height=\"768\" srcset=\"https:\/\/www.monta\u00f1asdelaluna.es\/wp-content\/uploads\/2019\/05\/el-pico-de-bardamina-con-su-cresta-1024x768.jpg 1024w, https:\/\/www.monta\u00f1asdelaluna.es\/wp-content\/uploads\/2019\/05\/el-pico-de-bardamina-con-su-cresta-300x225.jpg 300w, https:\/\/www.monta\u00f1asdelaluna.es\/wp-content\/uploads\/2019\/05\/el-pico-de-bardamina-con-su-cresta.jpg 1788w\" sizes=\"auto, (max-width: 1024px) 100vw, 1024px\" \/><\/a><p id=\"caption-attachment-39969\" class=\"wp-caption-text\">El pico de Bardamina con su cresta<\/p><\/div>\n<div id=\"attachment_39970\" style=\"width: 1034px\" class=\"wp-caption aligncenter\"><a class=\"dt-single-image\" href=\"https:\/\/www.monta\u00f1asdelaluna.es\/wp-content\/uploads\/2019\/05\/luis-dejando-detras-el-valle-de-estos.jpg\" data-dt-img-description=\"\"><img loading=\"lazy\" decoding=\"async\" aria-describedby=\"caption-attachment-39970\" class=\"wp-image-39970 size-large\" src=\"https:\/\/www.monta\u00f1asdelaluna.es\/wp-content\/uploads\/2019\/05\/luis-dejando-detras-el-valle-de-estos-1024x768.jpg\" alt=\"Luis dejando detr\u00e1s el Valle de Est\u00f3s\" width=\"1024\" height=\"768\" srcset=\"https:\/\/www.monta\u00f1asdelaluna.es\/wp-content\/uploads\/2019\/05\/luis-dejando-detras-el-valle-de-estos-1024x768.jpg 1024w, https:\/\/www.monta\u00f1asdelaluna.es\/wp-content\/uploads\/2019\/05\/luis-dejando-detras-el-valle-de-estos-300x225.jpg 300w, https:\/\/www.monta\u00f1asdelaluna.es\/wp-content\/uploads\/2019\/05\/luis-dejando-detras-el-valle-de-estos.jpg 1788w\" sizes=\"auto, (max-width: 1024px) 100vw, 1024px\" \/><\/a><p id=\"caption-attachment-39970\" class=\"wp-caption-text\">Luis dejando detr\u00e1s el Valle de Est\u00f3s<\/p><\/div>\n<p>Pero al final se va subiendo, superando muy bien a pesar de la inclinaci\u00f3n. Pero no debemos de meternos en el mismo sitio donde nos paramos hace 2 a\u00f1os en <a href=\"http:\/\/monta\u00f1asdelaluna.com\/dt_gallery\/invernal-en-el-valle-de-estos-2\/\" target=\"_blank\" rel=\"noopener\">Invernal en el Valle de Est\u00f3s<\/a>. Por suerte hay m\u00e1s nieve y mejor. La idea es seguir en zigzag o por donde podamos, pero sin perder el surco del barranco por donde en verano baja el agua, valle arriba hasta que, en un determinado lugar, hay un falso llano, donde nos olvidaremos el seguir lo m\u00e1s profundo del valle, para girar un poco a la izquierda, como si busc\u00e1ramos aquellas puntas escarpadas que van a ir asom\u00e1ndose poco a poco all\u00e1 arriba mientras subimos la vista hacia el horizonte de nuestra direcci\u00f3n.<\/p>\n<p>Poco a poco el horizonte, el valle, se ampl\u00eda, se agranda, y las vertientes, las lomas, laderas, ya no tienen tanta inclinaci\u00f3n, son suaves y largas, onduladas lomas, las cuales vamos driblando con zigzags. Loma tras loma subimos hasta que los escarpes de esas monta\u00f1as que se asomaban, las tenemos ahora enfrente, magn\u00edficas y desafiantes. Son las Fites de G\u00edas. Pueden dar lugar a equivocarse o confundir con el mismo Pico G\u00edas, pero \u00e9stos no llegan a los 2.900 metros.<\/p>\n<p>El d\u00eda es espectacular. Disfrutamos como enanos con las vistas, con la gran cantidad de nieve que a\u00fan queda en altura en el Pirineo. Echando la vista atr\u00e1s, al fondo del Valle de Est\u00f3s y al otro lado, las estribaciones del macizo del Posets, la monta\u00f1a es espectacular, un paisaje blanco, con peque\u00f1os aludes que recorren las laderas y barrancos m\u00e1s inclinados, pero precioso y magn\u00edfico. El Montidiego y el Bardamina nos saludan como centinelas avanzados del Posets. Maravilloso.<\/p>\n<div id=\"attachment_39972\" style=\"width: 1034px\" class=\"wp-caption aligncenter\"><a class=\"dt-single-image\" href=\"https:\/\/www.monta\u00f1asdelaluna.es\/wp-content\/uploads\/2019\/05\/detras-el-gourgs-blancs-y-el-pico-jean-arlaud-a-la-derecha.jpg\" data-dt-img-description=\"\"><img loading=\"lazy\" decoding=\"async\" aria-describedby=\"caption-attachment-39972\" class=\"wp-image-39972 size-large\" src=\"https:\/\/www.monta\u00f1asdelaluna.es\/wp-content\/uploads\/2019\/05\/detras-el-gourgs-blancs-y-el-pico-jean-arlaud-a-la-derecha-1024x768.jpg\" alt=\"Detr\u00e1s el Gourgs Blancs y el Pico Jean Arlaud a la derecha\" width=\"1024\" height=\"768\" srcset=\"https:\/\/www.monta\u00f1asdelaluna.es\/wp-content\/uploads\/2019\/05\/detras-el-gourgs-blancs-y-el-pico-jean-arlaud-a-la-derecha-1024x768.jpg 1024w, https:\/\/www.monta\u00f1asdelaluna.es\/wp-content\/uploads\/2019\/05\/detras-el-gourgs-blancs-y-el-pico-jean-arlaud-a-la-derecha-300x225.jpg 300w, https:\/\/www.monta\u00f1asdelaluna.es\/wp-content\/uploads\/2019\/05\/detras-el-gourgs-blancs-y-el-pico-jean-arlaud-a-la-derecha.jpg 1788w\" sizes=\"auto, (max-width: 1024px) 100vw, 1024px\" \/><\/a><p id=\"caption-attachment-39972\" class=\"wp-caption-text\">Detr\u00e1s el Gourgs Blancs y el Pico Jean Arlaud a la derecha<\/p><\/div>\n<div id=\"attachment_39974\" style=\"width: 1034px\" class=\"wp-caption aligncenter\"><a class=\"dt-single-image\" href=\"https:\/\/www.monta\u00f1asdelaluna.es\/wp-content\/uploads\/2019\/05\/cerca-del-ibon-de-gias-abajo-el-valle-de-estos-con-las-tucas-d-ixeia-a-la-derecha.jpg\" data-dt-img-description=\"\"><img loading=\"lazy\" decoding=\"async\" aria-describedby=\"caption-attachment-39974\" class=\"wp-image-39974 size-large\" src=\"https:\/\/www.monta\u00f1asdelaluna.es\/wp-content\/uploads\/2019\/05\/cerca-del-ibon-de-gias-abajo-el-valle-de-estos-con-las-tucas-d-ixeia-a-la-derecha-1024x768.jpg\" alt=\"Cerca del Ib\u00f3n de G\u00edas, abajo el Valle de Est\u00f3s con las Tucas d'Ixeia a la derecha\" width=\"1024\" height=\"768\" srcset=\"https:\/\/www.monta\u00f1asdelaluna.es\/wp-content\/uploads\/2019\/05\/cerca-del-ibon-de-gias-abajo-el-valle-de-estos-con-las-tucas-d-ixeia-a-la-derecha-1024x768.jpg 1024w, https:\/\/www.monta\u00f1asdelaluna.es\/wp-content\/uploads\/2019\/05\/cerca-del-ibon-de-gias-abajo-el-valle-de-estos-con-las-tucas-d-ixeia-a-la-derecha-300x225.jpg 300w, https:\/\/www.monta\u00f1asdelaluna.es\/wp-content\/uploads\/2019\/05\/cerca-del-ibon-de-gias-abajo-el-valle-de-estos-con-las-tucas-d-ixeia-a-la-derecha.jpg 1788w\" sizes=\"auto, (max-width: 1024px) 100vw, 1024px\" \/><\/a><p id=\"caption-attachment-39974\" class=\"wp-caption-text\">Cerca del Ib\u00f3n de G\u00edas, abajo el Valle de Est\u00f3s con las Tucas d&#8217;Ixeia a la derecha<\/p><\/div>\n<p>En medio de este d\u00eda tan bueno y soleado, llegamos a una especie de balc\u00f3n o de alta loma, con un gran hueco debajo de nosotros, delante de nosotros, una peque\u00f1a lagunita bajo la nieve. Nos reagrupamos. De izquierda a derecha podemos ya observar todos los picos y escarpes de esta especie de circo del Valle del G\u00edas: desde los piquitos y altas paredes de las Fites del G\u00edas, que parecen tapan al propio pico G\u00edas, en el centro el perfecto collado, redondeado u ondulado como buen collado de alta monta\u00f1a, el Puerto de G\u00edas, toda la cresta del Gourgs Blancs con sus gendarmes y picos en el centro de la misma o en sus puntas, y acabando en el picudo promontorio del Pico Jean Arlaud. Si seguimos la misma cresta y ya casi a nuestra espalda queda la escarpada y poca conocida Seil dera Baquo o Xei de la Vaca, la cual desde esta posici\u00f3n nos ofrece unas vistas de su cresta desde el Puerto de O\u00f4 (que separa dicha cresta del Pico Jean Arlaud) hasta la misma cima, muy atractiva, atrayente y desafiante\u2026 lo tendremos que dejar para otro momento, otro viaje, otra aventura\u2026 ahora s\u00ed, el d\u00eda sigue siendo espectacular; a la vez que estamos solos en la monta\u00f1a. Nadie nos acompa\u00f1a en este magn\u00edfico e iluminado d\u00eda, en este lugar del Pirineo.<\/p>\n<p>Ahora debemos bordear dicho \u201cagujero\u201d, hueco, por la derecha para buscar otro gran hueco que ser\u00e1 el Ib\u00f3n de G\u00edas meti\u00e9ndonos en el vallecillo entre las Fites de G\u00edas a la izquierda y las vistas o vertientes suroeste del Gourgs Blancs a la derecha\u2026 all\u00e1 arriba vemos esos dos gendarmes, esas dos agujas enormes y escarpadas, en medio de la cresta de dicho pico, lugar por el que hay que pasar para llegar a dicha cima, como intimidadores gigantes con malas pulgas: es la Torre Armengaud. Pavorosa.<\/p>\n<p>Y as\u00ed vamos subiendo valle arriba dejando las Fites de G\u00edas detr\u00e1s a la izquierda, apareciendo las vertientes verdaderas del Pico G\u00edas, y el Ib\u00f3n del G\u00edas debajo de nosotros a la derecha; y m\u00e1s arriba la suave ladera de la base del Gourgs Blancs, hasta la parte m\u00e1s alta del vallecillo, donde se encuentra el fr\u00edo Puerto de G\u00edas a 2.911 metros. Ya llevamos m\u00e1s de 1.000 metros de desnivel.<\/p>\n<div id=\"attachment_39980\" style=\"width: 1034px\" class=\"wp-caption aligncenter\"><a class=\"dt-single-image\" href=\"https:\/\/www.monta\u00f1asdelaluna.es\/wp-content\/uploads\/2019\/05\/IMG_7688.jpg\" data-dt-img-description=\"\"><img loading=\"lazy\" decoding=\"async\" aria-describedby=\"caption-attachment-39980\" class=\"wp-image-39980 size-large\" src=\"https:\/\/www.monta\u00f1asdelaluna.es\/wp-content\/uploads\/2019\/05\/IMG_7688-1024x768.jpg\" alt=\"Luis subiendo al Puerto de G\u00edas, a la izquierda el Seil Dera Baquo y abajo el Valle de Est\u00f3s\" width=\"1024\" height=\"768\" srcset=\"https:\/\/www.monta\u00f1asdelaluna.es\/wp-content\/uploads\/2019\/05\/IMG_7688-1024x768.jpg 1024w, https:\/\/www.monta\u00f1asdelaluna.es\/wp-content\/uploads\/2019\/05\/IMG_7688-300x225.jpg 300w, https:\/\/www.monta\u00f1asdelaluna.es\/wp-content\/uploads\/2019\/05\/IMG_7688.jpg 1788w\" sizes=\"auto, (max-width: 1024px) 100vw, 1024px\" \/><\/a><p id=\"caption-attachment-39980\" class=\"wp-caption-text\">Luis subiendo al Puerto de G\u00edas, a la izquierda el Seil Dera Baquo y abajo el Valle de Est\u00f3s<\/p><\/div>\n<div id=\"attachment_39981\" style=\"width: 1798px\" class=\"wp-caption aligncenter\"><a class=\"dt-single-image\" href=\"https:\/\/www.monta\u00f1asdelaluna.es\/wp-content\/uploads\/2019\/05\/en-el-puerto-de-gias-2-911-mts-arriba-el-pico-de-clarabide.jpg\" data-dt-img-description=\"\"><img loading=\"lazy\" decoding=\"async\" aria-describedby=\"caption-attachment-39981\" class=\"wp-image-39981 size-full\" src=\"https:\/\/www.monta\u00f1asdelaluna.es\/wp-content\/uploads\/2019\/05\/en-el-puerto-de-gias-2-911-mts-arriba-el-pico-de-clarabide.jpg\" alt=\"En el Puerto de G\u00edas, 2.911 mts., arriba el Pico de Clarabide\" width=\"1788\" height=\"1341\" srcset=\"https:\/\/www.monta\u00f1asdelaluna.es\/wp-content\/uploads\/2019\/05\/en-el-puerto-de-gias-2-911-mts-arriba-el-pico-de-clarabide.jpg 1788w, https:\/\/www.monta\u00f1asdelaluna.es\/wp-content\/uploads\/2019\/05\/en-el-puerto-de-gias-2-911-mts-arriba-el-pico-de-clarabide-300x225.jpg 300w, https:\/\/www.monta\u00f1asdelaluna.es\/wp-content\/uploads\/2019\/05\/en-el-puerto-de-gias-2-911-mts-arriba-el-pico-de-clarabide-1024x768.jpg 1024w\" sizes=\"auto, (max-width: 1788px) 100vw, 1788px\" \/><\/a><p id=\"caption-attachment-39981\" class=\"wp-caption-text\">En el Puerto de G\u00edas, 2.911 mts., arriba el Pico de Clarabide<\/p><\/div>\n<p>El d\u00eda a\u00fan se aguanta, aparecen pocas nubes, para hacer bonito en este cielo tan azul. Un d\u00eda magn\u00edfico, y fr\u00edo. Me asomo al otro lado del puerto. No parece un collado ya que hay un cortado y no veo paso para cruzar; eso s\u00ed, espectaculares vistas y lugar\u2026 me pregunto c\u00f3mo se podr\u00e1 ir al resto de los picos de tres mil metros que quedan en la parta francesa. Hacia la izquierda la subida al Clarabide, a la derecha la larga pala de subida al primero de los picos que recorren la cresta o la alargada cima del Gourgs Blancs: La Punta Lourde Rocheblave. Son unos 200 metros f\u00e1ciles por una pala ancha, algo empinada en seg\u00fan qu\u00e9 partes, pero muy aireada y con magn\u00edficas vistas.<\/p>\n<p>La cima de la Punta Lourde Rocheblave, a 3.105 mts., es algo alargada pero nada escarpada, eso s\u00ed, rodeada de barrancos y verticalidades. Y caminando por su cima, al otro lado antes de comenzar a bajar para seguir por la loma o cuerda cimera en direcci\u00f3n este, nos encontramos con un espect\u00e1culo soberbio y espectacular: los perfiles o perfil de la enorme aguja, el gigante gendarme, de la Torre Armengaud.<\/p>\n<div id=\"attachment_39983\" style=\"width: 1034px\" class=\"wp-caption aligncenter\"><a class=\"dt-single-image\" href=\"https:\/\/www.monta\u00f1asdelaluna.es\/wp-content\/uploads\/2019\/05\/desde-la-cima-de-la-punta-lourde-rochevable-la-torre-armengaud.jpg\" data-dt-img-description=\"\"><img loading=\"lazy\" decoding=\"async\" aria-describedby=\"caption-attachment-39983\" class=\"wp-image-39983 size-large\" src=\"https:\/\/www.monta\u00f1asdelaluna.es\/wp-content\/uploads\/2019\/05\/desde-la-cima-de-la-punta-lourde-rochevable-la-torre-armengaud-1024x768.jpg\" alt=\"Desde la cima de la Punta Lourde Rochevable la Torre Armengaud\" width=\"1024\" height=\"768\" srcset=\"https:\/\/www.monta\u00f1asdelaluna.es\/wp-content\/uploads\/2019\/05\/desde-la-cima-de-la-punta-lourde-rochevable-la-torre-armengaud-1024x768.jpg 1024w, https:\/\/www.monta\u00f1asdelaluna.es\/wp-content\/uploads\/2019\/05\/desde-la-cima-de-la-punta-lourde-rochevable-la-torre-armengaud-300x225.jpg 300w, https:\/\/www.monta\u00f1asdelaluna.es\/wp-content\/uploads\/2019\/05\/desde-la-cima-de-la-punta-lourde-rochevable-la-torre-armengaud.jpg 1788w\" sizes=\"auto, (max-width: 1024px) 100vw, 1024px\" \/><\/a><p id=\"caption-attachment-39983\" class=\"wp-caption-text\">Desde la cima de la Punta Lourde Rochevable la Torre Armengaud<\/p><\/div>\n<div id=\"attachment_39985\" style=\"width: 1034px\" class=\"wp-caption aligncenter\"><a class=\"dt-single-image\" href=\"https:\/\/www.monta\u00f1asdelaluna.es\/wp-content\/uploads\/2019\/05\/luis-y-pau-en-la-cima-de-la-punta-lourde-rochevable-3-105-mts.jpg\" data-dt-img-description=\"\"><img loading=\"lazy\" decoding=\"async\" aria-describedby=\"caption-attachment-39985\" class=\"wp-image-39985 size-large\" src=\"https:\/\/www.monta\u00f1asdelaluna.es\/wp-content\/uploads\/2019\/05\/luis-y-pau-en-la-cima-de-la-punta-lourde-rochevable-3-105-mts-1024x768.jpg\" alt=\"Luis y Pau en la cima de la Punta Lourde Rochevable, 3.105 mts.\" width=\"1024\" height=\"768\" srcset=\"https:\/\/www.monta\u00f1asdelaluna.es\/wp-content\/uploads\/2019\/05\/luis-y-pau-en-la-cima-de-la-punta-lourde-rochevable-3-105-mts-1024x768.jpg 1024w, https:\/\/www.monta\u00f1asdelaluna.es\/wp-content\/uploads\/2019\/05\/luis-y-pau-en-la-cima-de-la-punta-lourde-rochevable-3-105-mts-300x225.jpg 300w, https:\/\/www.monta\u00f1asdelaluna.es\/wp-content\/uploads\/2019\/05\/luis-y-pau-en-la-cima-de-la-punta-lourde-rochevable-3-105-mts.jpg 1788w\" sizes=\"auto, (max-width: 1024px) 100vw, 1024px\" \/><\/a><p id=\"caption-attachment-39985\" class=\"wp-caption-text\">Luis y Pau en la cima de la Punta Lourde Rochevable, 3.105 mts.<\/p><\/div>\n<p>A partir de aqu\u00ed el camino se hace m\u00e1s dif\u00edcil, una cresta con nieve inestable, sabiendo que los pasos hasta la cima del Gourgs Blancs, que queda justo detr\u00e1s de este monstruo de roca lisa y vertical, son m\u00e1s complicados y comprometidos. Existe una senda que cruza por abajo estos escarpes para subir hasta la cima del Gourgs Blancs, pero no llegamos a vislumbrarlo, a descubrirlo, a verlo desde nuestra posici\u00f3n. La nieve tapa toda la ladera sur. Y la pendiente es notable. Pero el paisaje, el lugar es incre\u00edble y formidable. Seguimos solos, no sube nadie hasta estos indretos, hasta este Para\u00edso blanco.[vc_separator][\/vc_column_text][\/vc_column][\/vc_row][vc_row][vc_column][vc_empty_space][\/vc_column][\/vc_row][vc_row][vc_column][vc_video link=\u00bbhttps:\/\/vimeo.com\/377732019?share=copy&amp;fl=sv&amp;fe=ci#t=0&#8243; title=\u00bbPunta Lourde Rocheblave, 3.105 mts.\u00bb][\/vc_column][\/vc_row][vc_row][vc_column][vc_empty_space][\/vc_column][\/vc_row][vc_row][vc_column][vc_column_text]Al final decidimos no seguir adelante, no arriesgarnos, hacernos las fotos de cumbre en esta Punta Lourde Rocheblave y desandar los pasos en el camino, hacia el Puerto de G\u00edas. Estamos contentos de todas maneras: hay mucha nieve en el Pirineo, las vistas son impresionantes, y a\u00fan nos quedan otros picos de m\u00e1s de tres mil metros por hacer. Compruebo que para seguir hacia las monta\u00f1as francesas, hay que bajar justo por la cuerda que sale de este mismo pico hacia el norte. Realmente el Puerto de G\u00edas es como si le faltara el lado franc\u00e9s para comunicar ambas partes sin necesidad de subir ning\u00fan tres mil.<\/p>\n<p>Mientras disfrutamos de la cima y mientras volvemos al Puerto de G\u00edas, el tiempo se complica pero sin llegar a amenazar. Toda una nube alta cubre el que era un cielo azul limpio y pulcro, al fondo la alta y solitaria cima del Posets, ha quedado invisible cubierta por una nube que no llega a invadir las cimas que queremos abordar. Pero las vistas, el paisaje es muy alpino y magn\u00edfico, precioso.<\/p>\n<div id=\"attachment_39991\" style=\"width: 1034px\" class=\"wp-caption aligncenter\"><a class=\"dt-single-image\" href=\"https:\/\/www.monta\u00f1asdelaluna.es\/wp-content\/uploads\/2019\/05\/bajando-al-puerto-de-gias-en-el-centro-el-bachimala-con-la-punta-suelza-a-la-izquierda.jpg\" data-dt-img-description=\"\"><img loading=\"lazy\" decoding=\"async\" aria-describedby=\"caption-attachment-39991\" class=\"wp-image-39991 size-large\" src=\"https:\/\/www.monta\u00f1asdelaluna.es\/wp-content\/uploads\/2019\/05\/bajando-al-puerto-de-gias-en-el-centro-el-bachimala-con-la-punta-suelza-a-la-izquierda-1024x768.jpg\" alt=\"Bajando al Puerto de G\u00edas, en el centro el Bachimala, con la Punta Suelza a la izquierda\" width=\"1024\" height=\"768\" srcset=\"https:\/\/www.monta\u00f1asdelaluna.es\/wp-content\/uploads\/2019\/05\/bajando-al-puerto-de-gias-en-el-centro-el-bachimala-con-la-punta-suelza-a-la-izquierda-1024x768.jpg 1024w, https:\/\/www.monta\u00f1asdelaluna.es\/wp-content\/uploads\/2019\/05\/bajando-al-puerto-de-gias-en-el-centro-el-bachimala-con-la-punta-suelza-a-la-izquierda-300x225.jpg 300w, https:\/\/www.monta\u00f1asdelaluna.es\/wp-content\/uploads\/2019\/05\/bajando-al-puerto-de-gias-en-el-centro-el-bachimala-con-la-punta-suelza-a-la-izquierda.jpg 1788w\" sizes=\"auto, (max-width: 1024px) 100vw, 1024px\" \/><\/a><p id=\"caption-attachment-39991\" class=\"wp-caption-text\">Bajando al Puerto de G\u00edas, en el centro el Bachimala, con la Punta Suelza a la izquierda<\/p><\/div>\n<div id=\"attachment_39993\" style=\"width: 1034px\" class=\"wp-caption aligncenter\"><a class=\"dt-single-image\" href=\"https:\/\/www.monta\u00f1asdelaluna.es\/wp-content\/uploads\/2019\/05\/subiendo-a-los-clarabides.jpg\" data-dt-img-description=\"\"><img loading=\"lazy\" decoding=\"async\" aria-describedby=\"caption-attachment-39993\" class=\"wp-image-39993 size-large\" src=\"https:\/\/www.monta\u00f1asdelaluna.es\/wp-content\/uploads\/2019\/05\/subiendo-a-los-clarabides-1024x768.jpg\" alt=\"Subiendo a los Clarabides\" width=\"1024\" height=\"768\" srcset=\"https:\/\/www.monta\u00f1asdelaluna.es\/wp-content\/uploads\/2019\/05\/subiendo-a-los-clarabides-1024x768.jpg 1024w, https:\/\/www.monta\u00f1asdelaluna.es\/wp-content\/uploads\/2019\/05\/subiendo-a-los-clarabides-300x225.jpg 300w, https:\/\/www.monta\u00f1asdelaluna.es\/wp-content\/uploads\/2019\/05\/subiendo-a-los-clarabides.jpg 1788w\" sizes=\"auto, (max-width: 1024px) 100vw, 1024px\" \/><\/a><p id=\"caption-attachment-39993\" class=\"wp-caption-text\">Subiendo a los Clarabides<\/p><\/div>\n<p>Una vez en el Puerto de G\u00edas, solo tenemos que seguir por el cordal contrario al que hemos bajado. En un principio la subida parece f\u00e1cil a priori, una larga pala, pero tiene cortados y barrancos en el lado franc\u00e9s, y verticales pendientes hacia el lado espa\u00f1ol cuando te acercas a la cima\u2026 pero solo son 100 metros de desnivel. Y en seguida llegamos a la cima del Clarabide Oriental, de 3.004 metros.<\/p>\n<p>No estamos mucho tiempo. Nos hacemos las fotos de cima y observamos el resto de cimas: el Pico G\u00edas al sur parece m\u00e1s escarpado y complicado; hay una pala empinada en la que tendr\u00edamos que utilizar los dos piolets\u2026 al final tampoco nos acercamos y decidimos ir al Clarabide Occidental, de solo 2 metros m\u00e1s alto que el Clarabide en el que estamos. El paisaje es impresionante: solos por estas alturas de frio, blanca de nieve, tocando el cielo y admirando lo que nuestros ojos llegan a abarcar desde estas monta\u00f1as. Fotos y m\u00e1s fotos. Los protagonistas, a parte de nosotros en estas cimas, son las mismas monta\u00f1as: Seil dera Baquo, Gourgs Blancs, Posets, Pico de G\u00edas\u2026 m\u00e1s lejos ya no se distinguen tanto, pero ah\u00ed est\u00e1n por si los quieres descubrir, distinguir entre el paisaje: Perdiguero, Bachimala, Tucas d\u2019Ixeia\u2026<\/p>\n<div id=\"attachment_39999\" style=\"width: 1034px\" class=\"wp-caption aligncenter\"><a class=\"dt-single-image\" href=\"https:\/\/www.monta\u00f1asdelaluna.es\/wp-content\/uploads\/2019\/05\/joaquin-y-pau-en-la-cima-del-clarabide-oriental-3-004-mts.jpg\" data-dt-img-description=\"\"><img loading=\"lazy\" decoding=\"async\" aria-describedby=\"caption-attachment-39999\" class=\"wp-image-39999 size-large\" src=\"https:\/\/www.monta\u00f1asdelaluna.es\/wp-content\/uploads\/2019\/05\/joaquin-y-pau-en-la-cima-del-clarabide-oriental-3-004-mts-1024x768.jpg\" alt=\"Joaqu\u00edn y Pau en la cima del Clarabide Oriental, 3.004 mts.\" width=\"1024\" height=\"768\" srcset=\"https:\/\/www.monta\u00f1asdelaluna.es\/wp-content\/uploads\/2019\/05\/joaquin-y-pau-en-la-cima-del-clarabide-oriental-3-004-mts-1024x768.jpg 1024w, https:\/\/www.monta\u00f1asdelaluna.es\/wp-content\/uploads\/2019\/05\/joaquin-y-pau-en-la-cima-del-clarabide-oriental-3-004-mts-300x225.jpg 300w, https:\/\/www.monta\u00f1asdelaluna.es\/wp-content\/uploads\/2019\/05\/joaquin-y-pau-en-la-cima-del-clarabide-oriental-3-004-mts.jpg 1788w\" sizes=\"auto, (max-width: 1024px) 100vw, 1024px\" \/><\/a><p id=\"caption-attachment-39999\" class=\"wp-caption-text\">Joaqu\u00edn y Pau en la cima del Clarabide Oriental, 3.004 mts.<\/p><\/div>\n<div id=\"attachment_40004\" style=\"width: 1034px\" class=\"wp-caption aligncenter\"><a class=\"dt-single-image\" href=\"https:\/\/www.monta\u00f1asdelaluna.es\/wp-content\/uploads\/2019\/05\/bajando-del-clarabide-oriental-hacia-el-carabide-occidental-delante-el-pico-gias.jpg\" data-dt-img-description=\"\"><img loading=\"lazy\" decoding=\"async\" aria-describedby=\"caption-attachment-40004\" class=\"wp-image-40004 size-large\" src=\"https:\/\/www.monta\u00f1asdelaluna.es\/wp-content\/uploads\/2019\/05\/bajando-del-clarabide-oriental-hacia-el-carabide-occidental-delante-el-pico-gias-1024x768.jpg\" alt=\"Bajando del Clarabide Oriental hac\u00eda el Carabide Occidental, delante el Pico G\u00edas\" width=\"1024\" height=\"768\" srcset=\"https:\/\/www.monta\u00f1asdelaluna.es\/wp-content\/uploads\/2019\/05\/bajando-del-clarabide-oriental-hacia-el-carabide-occidental-delante-el-pico-gias-1024x768.jpg 1024w, https:\/\/www.monta\u00f1asdelaluna.es\/wp-content\/uploads\/2019\/05\/bajando-del-clarabide-oriental-hacia-el-carabide-occidental-delante-el-pico-gias-300x225.jpg 300w, https:\/\/www.monta\u00f1asdelaluna.es\/wp-content\/uploads\/2019\/05\/bajando-del-clarabide-oriental-hacia-el-carabide-occidental-delante-el-pico-gias.jpg 1788w\" sizes=\"auto, (max-width: 1024px) 100vw, 1024px\" \/><\/a><p id=\"caption-attachment-40004\" class=\"wp-caption-text\">Bajando del Clarabide Oriental hac\u00eda el Carabide Occidental, delante el Pico G\u00edas<\/p><\/div>\n<p>El camino entre los dos Clarabides es f\u00e1cil y r\u00e1pido. Dejamos a la izquierda el cordal que los une con el Pico G\u00edas, que dejaremos sin visitar o ni si quiera intentarlo; pronto estamos en la tercera cima del d\u00eda: el Clarabide Occidental a 3.006 metros. Fotos de la cima. Fotos de nuevo a las vistas, a las monta\u00f1as, algunas ya nubladas pero todas blancas y preciosas. El cielo est\u00e1 m\u00e1s encapotado pero no nos preocupa, vamos bien preparados.[\/vc_column_text][\/vc_column][\/vc_row][vc_row][vc_column][vc_empty_space][\/vc_column][\/vc_row][vc_row][vc_column][vc_video link=\u00bbhttps:\/\/vimeo.com\/377733073?share=copy&amp;fl=sv&amp;fe=ci\u00bb title=\u00bbClarabide Occidental, 3.006 mts.\u00bb][\/vc_column][\/vc_row][vc_row][vc_column][vc_empty_space][\/vc_column][\/vc_row][vc_row][vc_column][vc_column_text]Y despu\u00e9s de un ratito decidimos bajar y volver al Refugio de Est\u00f3s. Para volver al Puerto de G\u00edas y desandar lo subido, debemos subir de nuevo a la cima del Clarabide Oriental, con lo que desandamos tambi\u00e9n el camino hecho en la nieve hasta de nuevo la cima del Clarabide Oriental. De nuevo dejamos el cordal hacia el Pico G\u00edas, ahora a nuestra derecha: de nuevo observamos esa pala que llega a la cima y los precipicios y escarpes de alrededor\u2026 a lo mejor hubi\u00e9ramos podido subirlo o encontrado un camino paso para subir, una vez en la base de la monta\u00f1a\u2026 pero al final nada\u2026<\/p>\n<p>Desde la cima del Clarabide Occidental bajamos al Puerto de G\u00edas, sin m\u00e1s p\u00e9rdida de tiempo. Y de aqu\u00ed desandando por la huella hecha por nosotros (porque no subi\u00f3 ni hab\u00eda nadie m\u00e1s por all\u00ed), bajamos en direcci\u00f3n al Refugio de Est\u00f3s admirando ahora el paisaje que se abr\u00eda delante de nosotros, el fabuloso Valle de Est\u00f3s con sus ramales, y los picos, agujas y alturas del macizo del Posets. Precioso. Justo tenemos el fondo del Valle de Est\u00f3s delante de nosotros, con el fondo de las alturas del macizo de La Maladeta.<\/p>\n<div id=\"attachment_40007\" style=\"width: 1034px\" class=\"wp-caption aligncenter\"><a class=\"dt-single-image\" href=\"https:\/\/www.monta\u00f1asdelaluna.es\/wp-content\/uploads\/2019\/05\/a-la-izquierda-el-pico-gias-y-a-la-derecha-el-carabide-occidental-detras-de-este-el-posets.jpg\" data-dt-img-description=\"\"><img loading=\"lazy\" decoding=\"async\" aria-describedby=\"caption-attachment-40007\" class=\"wp-image-40007 size-large\" src=\"https:\/\/www.monta\u00f1asdelaluna.es\/wp-content\/uploads\/2019\/05\/a-la-izquierda-el-pico-gias-y-a-la-derecha-el-carabide-occidental-detras-de-este-el-posets-1024x768.jpg\" alt=\"A la izquierda el Pico G\u00edas y a la derecha el Carabide Occidental, detr\u00e1s de \u00e9ste el Posets\" width=\"1024\" height=\"768\" srcset=\"https:\/\/www.monta\u00f1asdelaluna.es\/wp-content\/uploads\/2019\/05\/a-la-izquierda-el-pico-gias-y-a-la-derecha-el-carabide-occidental-detras-de-este-el-posets-1024x768.jpg 1024w, https:\/\/www.monta\u00f1asdelaluna.es\/wp-content\/uploads\/2019\/05\/a-la-izquierda-el-pico-gias-y-a-la-derecha-el-carabide-occidental-detras-de-este-el-posets-300x225.jpg 300w\" sizes=\"auto, (max-width: 1024px) 100vw, 1024px\" \/><\/a><p id=\"caption-attachment-40007\" class=\"wp-caption-text\">A la izquierda el Pico G\u00edas y a la derecha el Carabide Occidental, detr\u00e1s de \u00e9ste el Posets<\/p><\/div>\n<div id=\"attachment_40013\" style=\"width: 1034px\" class=\"wp-caption aligncenter\"><a class=\"dt-single-image\" href=\"https:\/\/www.monta\u00f1asdelaluna.es\/wp-content\/uploads\/2019\/05\/luis-y-joaquin-en-la-cima-del-clarabide-occidental-3-006-mts.jpg\" data-dt-img-description=\"\"><img loading=\"lazy\" decoding=\"async\" aria-describedby=\"caption-attachment-40013\" class=\"wp-image-40013 size-large\" src=\"https:\/\/www.monta\u00f1asdelaluna.es\/wp-content\/uploads\/2019\/05\/luis-y-joaquin-en-la-cima-del-clarabide-occidental-3-006-mts-1024x768.jpg\" alt=\"Luis y Joaqu\u00edn en la cima del Clarabide Occidental, 3.006 mts\" width=\"1024\" height=\"768\" srcset=\"https:\/\/www.monta\u00f1asdelaluna.es\/wp-content\/uploads\/2019\/05\/luis-y-joaquin-en-la-cima-del-clarabide-occidental-3-006-mts-1024x768.jpg 1024w, https:\/\/www.monta\u00f1asdelaluna.es\/wp-content\/uploads\/2019\/05\/luis-y-joaquin-en-la-cima-del-clarabide-occidental-3-006-mts-300x225.jpg 300w, https:\/\/www.monta\u00f1asdelaluna.es\/wp-content\/uploads\/2019\/05\/luis-y-joaquin-en-la-cima-del-clarabide-occidental-3-006-mts.jpg 1788w\" sizes=\"auto, (max-width: 1024px) 100vw, 1024px\" \/><\/a><p id=\"caption-attachment-40013\" class=\"wp-caption-text\">Luis y Joaqu\u00edn en la cima del Clarabide Occidental, 3.006 mts<\/p><\/div>\n<p>Mientras bajamos me doy cuenta de la forma y formaci\u00f3n del gran alud que llega a invadir parte del fondo cerca del refugio. Sale de los perfiles escarpados, altos y largos, al oeste y suroeste del Seil Dera Baquo. Observo el lugar y sorprendentemente compruebo que esos perfiles es cierto que pueden provocar gigantescos aludes por las grandes acumulaciones de nieve, medio en pendiente, que puede albergar esta parte de la monta\u00f1a. Admiro tambi\u00e9n varios sitios por donde caen \u201cpurgas\u201d, esos peque\u00f1os aludes que bajan de peque\u00f1os sitios propiciados para ello: balcones, repisas\u2026 Incre\u00edble y terror\u00edfico a la vez.<\/p>\n<p>Pero antes de llegar al comienzo o antes de internarnos en los restos del alud que bajan de las crestas del Seil Dera Baquo, el sol hace acto de presencia despej\u00e1ndose algo el cielo y dando un aspecto, un paisaje m\u00e1s hermoso si cabe, m\u00e1s magn\u00edfico y precioso, en este rinc\u00f3n del gran Pirineo de Huesca. Incluso a la vez que bajamos las pocas nubes que van quedando se van desvaneciendo para dar paso de nuevo a ese cielo azul profundo y tan limpio, con el que comenzamos la ascensi\u00f3n.<\/p>\n<p>Mas abajo, bajando por los restos del alud, la nieve ya est\u00e1 m\u00e1s blanda y temeraria. La nieve helada de esta ma\u00f1ana, casi resbaladiza y peligrosa, ahora est\u00e1 tan blanda que vuelve a ser peligrosa ya que en ocasiones hund\u00edas los pies hasta casi la cintura, y debajo pod\u00eda haber rocas, agujeros, piedras suelas\u2026 con lo que tambi\u00e9n hab\u00eda que llevar cuidado. Una bajada algo interminable por los restos del alud que destrozaba y ahogaba toda la vegetaci\u00f3n que se quedaba bajo ella, cuando ya lleg\u00e1bamos hasta la parte de abajo, y cuando vislumbramos ya por fin el edificio del Refugio de Est\u00f3s, quedando all\u00e1 abajo algo a la derecha\u2026<\/p>\n<div id=\"attachment_40020\" style=\"width: 1798px\" class=\"wp-caption aligncenter\"><a class=\"dt-single-image\" href=\"https:\/\/www.monta\u00f1asdelaluna.es\/wp-content\/uploads\/2019\/05\/bajando-por-el-valle-de-gias-abajo-el-valle-de-estos.jpg\" data-dt-img-description=\"\"><img loading=\"lazy\" decoding=\"async\" aria-describedby=\"caption-attachment-40020\" class=\"wp-image-40020 size-full\" src=\"https:\/\/www.monta\u00f1asdelaluna.es\/wp-content\/uploads\/2019\/05\/bajando-por-el-valle-de-gias-abajo-el-valle-de-estos.jpg\" alt=\"Bajando por el Valle de G\u00edas, abajo el Valle de Est\u00f3s\" width=\"1788\" height=\"1341\" srcset=\"https:\/\/www.monta\u00f1asdelaluna.es\/wp-content\/uploads\/2019\/05\/bajando-por-el-valle-de-gias-abajo-el-valle-de-estos.jpg 1788w, https:\/\/www.monta\u00f1asdelaluna.es\/wp-content\/uploads\/2019\/05\/bajando-por-el-valle-de-gias-abajo-el-valle-de-estos-300x225.jpg 300w, https:\/\/www.monta\u00f1asdelaluna.es\/wp-content\/uploads\/2019\/05\/bajando-por-el-valle-de-gias-abajo-el-valle-de-estos-1024x768.jpg 1024w\" sizes=\"auto, (max-width: 1788px) 100vw, 1788px\" \/><\/a><p id=\"caption-attachment-40020\" class=\"wp-caption-text\">Bajando por el Valle de G\u00edas, abajo el Valle de Est\u00f3s<\/p><\/div>\n<div id=\"attachment_40028\" style=\"width: 1034px\" class=\"wp-caption aligncenter\"><a class=\"dt-single-image\" href=\"https:\/\/www.monta\u00f1asdelaluna.es\/wp-content\/uploads\/2019\/05\/camino-del-refugio-de-estos-con-la-agulla-de-la-paul-a-la-derecha-y-el-pico-de-bardamina-arriba-en-el-centro.jpg\" data-dt-img-description=\"\"><img loading=\"lazy\" decoding=\"async\" aria-describedby=\"caption-attachment-40028\" class=\"wp-image-40028 size-large\" src=\"https:\/\/www.monta\u00f1asdelaluna.es\/wp-content\/uploads\/2019\/05\/camino-del-refugio-de-estos-con-la-agulla-de-la-paul-a-la-derecha-y-el-pico-de-bardamina-arriba-en-el-centro-1024x768.jpg\" alt=\"Camino del Refugio de Est\u00f3s con la Agulla de La Paul a la derecha y el pico de Bardamina arriba en el centro\" width=\"1024\" height=\"768\" srcset=\"https:\/\/www.monta\u00f1asdelaluna.es\/wp-content\/uploads\/2019\/05\/camino-del-refugio-de-estos-con-la-agulla-de-la-paul-a-la-derecha-y-el-pico-de-bardamina-arriba-en-el-centro-1024x768.jpg 1024w, https:\/\/www.monta\u00f1asdelaluna.es\/wp-content\/uploads\/2019\/05\/camino-del-refugio-de-estos-con-la-agulla-de-la-paul-a-la-derecha-y-el-pico-de-bardamina-arriba-en-el-centro-300x225.jpg 300w, https:\/\/www.monta\u00f1asdelaluna.es\/wp-content\/uploads\/2019\/05\/camino-del-refugio-de-estos-con-la-agulla-de-la-paul-a-la-derecha-y-el-pico-de-bardamina-arriba-en-el-centro.jpg 1788w\" sizes=\"auto, (max-width: 1024px) 100vw, 1024px\" \/><\/a><p id=\"caption-attachment-40028\" class=\"wp-caption-text\">Camino del Refugio de Est\u00f3s con la Agulla de La Paul a la derecha y el pico de Bardamina arriba en el centro<\/p><\/div>\n<p>Salimos de las inestables nieves y restos del alud ya a no muchos minutos de distancia del refugio, la jornada al final acababa con una buena actividad aunque sin poder llegar a la cima objetivo del viaje, subir al Gourgs Blancs. A pesar del d\u00eda tan bueno, las condiciones no eran las m\u00e1s seguras para poder abordar el pico desde la cima anterior, la Punta Lourde Rocheblave. Pero estamos contentos, hemos subido 3 cimas de m\u00e1s de tres mil metros en condiciones pr\u00e1cticamente invernales.<\/p>\n<p>Otra noche en el solitario Refugio de Est\u00f3s a poco menos de 1.900 metros de altura. Nadie se acerca al refugio estos d\u00edas y los guardas est\u00e1n obligados a abrir todos los d\u00edas. Tenemos el refugio para nosotros solos y a\u00fan no es demasiado tarde, el sol a\u00fan pinta con su luz las monta\u00f1as, ahora descubiertas despu\u00e9s de estar ocultas bajo ese manto de nubes altas, blancas, gris\u00e1ceas\u2026<\/p>\n<p>Al otro d\u00eda solo queda bajar del refugio al coche, cosa que se puede hacer en escasas 2 horas, y como tantas veces ya he hecho en anteriores visitas a este hermoso valle. No hay perdida. Primero debemos cruzar nada m\u00e1s salir del Refugio de Est\u00f3s, los restos de ese alud que baja del Barranco de G\u00edas, ocultando por muchos d\u00edas el camino, la senda a seguir, y que se produce en las vertientes verticales del Seil Dera Baquo. Despu\u00e9s la senda por el lado izquierdo del rio (seg\u00fan bajas), cruz\u00e1ndolo justo antes de llegar a la Caba\u00f1a del Tormo. Descanso para quitarnos ropa y admirar las vertientes sur del Portill\u00f3n de O\u00f4 y de las inmediaciones, espolones y escarpes del alto Perdiguero. Como siempre hermoso y alpino, con su Tuca de Gargallosa, Molseret\u2026<\/p>\n<div id=\"attachment_40030\" style=\"width: 1034px\" class=\"wp-caption aligncenter\"><a class=\"dt-single-image\" href=\"https:\/\/www.monta\u00f1asdelaluna.es\/wp-content\/uploads\/2019\/05\/en-el-centro-el-pico-maldito-con-la-maladeta-a-la-izquierda.jpg\" data-dt-img-description=\"\"><img loading=\"lazy\" decoding=\"async\" aria-describedby=\"caption-attachment-40030\" class=\"wp-image-40030 size-large\" src=\"https:\/\/www.monta\u00f1asdelaluna.es\/wp-content\/uploads\/2019\/05\/en-el-centro-el-pico-maldito-con-la-maladeta-a-la-izquierda-1024x768.jpg\" alt=\"En el centro el Pico Maldito, con la Maladeta a la izquierda\" width=\"1024\" height=\"768\" srcset=\"https:\/\/www.monta\u00f1asdelaluna.es\/wp-content\/uploads\/2019\/05\/en-el-centro-el-pico-maldito-con-la-maladeta-a-la-izquierda-1024x768.jpg 1024w, https:\/\/www.monta\u00f1asdelaluna.es\/wp-content\/uploads\/2019\/05\/en-el-centro-el-pico-maldito-con-la-maladeta-a-la-izquierda-300x225.jpg 300w, https:\/\/www.monta\u00f1asdelaluna.es\/wp-content\/uploads\/2019\/05\/en-el-centro-el-pico-maldito-con-la-maladeta-a-la-izquierda.jpg 1788w\" sizes=\"auto, (max-width: 1024px) 100vw, 1024px\" \/><\/a><p id=\"caption-attachment-40030\" class=\"wp-caption-text\">En el centro el Pico Maldito, con la Maladeta a la izquierda<\/p><\/div>\n<div id=\"attachment_40035\" style=\"width: 1034px\" class=\"wp-caption aligncenter\"><a class=\"dt-single-image\" href=\"https:\/\/www.monta\u00f1asdelaluna.es\/wp-content\/uploads\/2019\/05\/IMG_7780.jpg\" data-dt-img-description=\"\"><img loading=\"lazy\" decoding=\"async\" aria-describedby=\"caption-attachment-40035\" class=\"wp-image-40035 size-large\" src=\"https:\/\/www.monta\u00f1asdelaluna.es\/wp-content\/uploads\/2019\/05\/IMG_7780-1024x768.jpg\" alt=\"Saliendo del Refugio de Est\u00f3s, atraves\u00e1ndo el alud ca\u00eddo en medio del recorrido\" width=\"1024\" height=\"768\" srcset=\"https:\/\/www.monta\u00f1asdelaluna.es\/wp-content\/uploads\/2019\/05\/IMG_7780-1024x768.jpg 1024w, https:\/\/www.monta\u00f1asdelaluna.es\/wp-content\/uploads\/2019\/05\/IMG_7780-300x225.jpg 300w, https:\/\/www.monta\u00f1asdelaluna.es\/wp-content\/uploads\/2019\/05\/IMG_7780.jpg 1788w\" sizes=\"auto, (max-width: 1024px) 100vw, 1024px\" \/><\/a><p id=\"caption-attachment-40035\" class=\"wp-caption-text\">Saliendo del Refugio de Est\u00f3s, atraves\u00e1ndo el alud ca\u00eddo en medio del recorrido<\/p><\/div>\n<p>Y de aqu\u00ed ya llegamos al parquing donde tenemos el coche por todo el camino que recorre el fondo del Valle de Est\u00f3s hasta su salida al Valle de Benasque. Aun recuerdo aquel encuentro la <a href=\"https:\/\/www.monta\u00f1asdelaluna.es\/?p=28524\" target=\"_blank\" rel=\"noopener\">primera vez que recorr\u00ed el valle<\/a> acompa\u00f1ado de Jes\u00fas Santana de bajada, con aquel habitante de la humedad y del bosque, aquella salamandra de colores llamativos y alertadores.<\/p>\n<p>Sin duda hay que volver a estas monta\u00f1as, un tercer intento al Gourgs Blancs. Ya hemos llegado hasta su altura y hemos visto la parte m\u00e1s costosa, peligrosa y espectacular a la vez. Pero habr\u00eda que venir en verano o sin nieve para poder descubrir sus rincones y ayudas en la progresi\u00f3n, avance, hasta su cima, para que de esta manera en invierno sepamos discernir donde se ocultan, donde se esconden para poder llegar hasta la llamativa y obsesiva cima: Gourgs Blancs.<\/p>\n<div id=\"attachment_40624\" style=\"width: 1060px\" class=\"wp-caption aligncenter\"><a class=\"dt-single-image\" href=\"https:\/\/www.monta\u00f1asdelaluna.es\/wp-content\/uploads\/2018\/05\/GourgsBlancs.1.Lourde.web_.jpg\" data-dt-img-description=\"\"><img loading=\"lazy\" decoding=\"async\" aria-describedby=\"caption-attachment-40624\" class=\"wp-image-40624 size-full\" src=\"https:\/\/www.monta\u00f1asdelaluna.es\/wp-content\/uploads\/2018\/05\/GourgsBlancs.1.Lourde.web_.jpg\" alt=\"Croquis de la ascensi\u00f3n a la Punta Lourde Rocheblave y Claribides, desde el Refugio de Est\u00f3s. PUNTO ROJO: cima de la Punta Lourde Rocheblave. PUNTO AZUL CLARO: cima del Clarabide Oriental.\" width=\"1050\" height=\"854\" srcset=\"https:\/\/www.monta\u00f1asdelaluna.es\/wp-content\/uploads\/2018\/05\/GourgsBlancs.1.Lourde.web_.jpg 1050w, https:\/\/www.monta\u00f1asdelaluna.es\/wp-content\/uploads\/2018\/05\/GourgsBlancs.1.Lourde.web_-300x244.jpg 300w, https:\/\/www.monta\u00f1asdelaluna.es\/wp-content\/uploads\/2018\/05\/GourgsBlancs.1.Lourde.web_-1024x833.jpg 1024w\" sizes=\"auto, (max-width: 1050px) 100vw, 1050px\" \/><\/a><p id=\"caption-attachment-40624\" class=\"wp-caption-text\">Croquis de la ascensi\u00f3n a la Punta Lourde Rocheblave y Claribides, desde el Refugio de Est\u00f3s. PUNTO ROJO: cima de la Punta Lourde Rocheblave. PUNTO AZUL CLARO: cima del Clarabide Oriental.<\/p><\/div>\n<p>[\/vc_column_text][\/vc_column][\/vc_row][vc_row][vc_column][vc_empty_space height=\u00bb60px\u00bb][\/vc_column][\/vc_row][vc_row][vc_column][vc_cta h2=\u00bb\u00c1lbum de fotos\u00bb txt_align=\u00bbcenter\u00bb add_button=\u00bbbottom\u00bb btn_title=\u00bbVer fotos\u00bb btn_color=\u00bbwarning\u00bb btn_align=\u00bbcenter\u00bb btn_link=\u00bburl:http%3A%2F%2Fmonta%C3%B1asdelaluna.com%2F%3Fdt_gallery%3Dclarabides-y-punta-lourde-rocheblave-2|title:Clarabides%20y%20Punta%20Lourde%20Rocheblave|target:_blank\u00bb css=\u00bb.vc_custom_1614528860182{background-color: #8bc4ed !important;}\u00bb]Puedes ver todas las fotos del relato y actividad en forma de presentaci\u00f3n o individuales pinchando aqui \u00a1No te las pierdas![\/vc_cta][\/vc_column][\/vc_row][vc_row][vc_column][vc_empty_space height=\u00bb60px\u00bb][\/vc_column][\/vc_row][vc_row][vc_column width=\u00bb1\/3&#8243;][\/vc_column][vc_column width=\u00bb1\/2&#8243;][vc_column_text]Tiempo en Punta Lourde Rocheblave[\/vc_column_text][vc_raw_html]JTNDaWZyYW1lJTIwc3JjJTNEJTIyaHR0cHMlM0ElMkYlMkZ3d3cubWV0ZW9ibHVlLmNvbSUyRmVzJTJGdGllbXBvJTJGd2lkZ2V0JTJGZGFpbHklMkY0Mi43TjAuNDc0RTMwNjZfRXVyb3BlJTI1MkZQYXJpcyUzRmdlb2xvYyUzRGZpeGVkJTI2ZGF5cyUzRDclMjZ0ZW1wdW5pdCUzRENFTFNJVVMlMjZ3aW5kdW5pdCUzREtJTE9NRVRFUl9QRVJfSE9VUiUyNnByZWNpcHVuaXQlM0RNSUxMSU1FVEVSJTI2Y29sb3VyZWQlM0Rjb2xvdXJlZCUyNnBpY3RvaWNvbiUzRDAlMjZwaWN0b2ljb24lM0QxJTI2bWF4dGVtcGVyYXR1cmUlM0QwJTI2bWF4dGVtcGVyYXR1cmUlM0QxJTI2bWludGVtcGVyYXR1cmUlM0QwJTI2bWludGVtcGVyYXR1cmUlM0QxJTI2d2luZHNwZWVkJTNEMCUyNndpbmRzcGVlZCUzRDElMjZ3aW5kZ3VzdCUzRDAlMjZ3aW5kZ3VzdCUzRDElMjZ3aW5kZGlyZWN0aW9uJTNEMCUyNndpbmRkaXJlY3Rpb24lM0QxJTI2dXYlM0QwJTI2aHVtaWRpdHklM0QwJTI2cHJlY2lwaXRhdGlvbiUzRDAlMjZwcmVjaXBpdGF0aW9uJTNEMSUyNnByZWNpcGl0YXRpb25wcm9iYWJpbGl0eSUzRDAlMjZwcmVjaXBpdGF0aW9ucHJvYmFiaWxpdHklM0QxJTI2c3BvdCUzRDAlMjZzcG90JTNEMSUyNnByZXNzdXJlJTNEMCUyNnByZXNzdXJlJTNEMSUyNmxheW91dCUzRGxpZ2h0JTI2bG9jYXRpb25fdXJsJTNEaHR0cHMlMjUzQSUyNTJGJTI1MkZ3d3cubWV0ZW9ibHVlLmNvbSUyNTJGZXMlMjUyRnRpZW1wbyUyNTJGd2lkZ2V0JTI1MkZkYWlseSUyNTJGNDIuN04wLjQ3NEUzMDY2X0V1cm9wZSUyNTI1MkZQYXJpcyUyNmxvY2F0aW9uX21haW5VcmwlM0RodHRwcyUyNTNBJTI1MkYlMjUyRnd3dy5tZXRlb2JsdWUuY29tJTI1MkZlcyUyNTJGdGllbXBvJTI1MkZzZW1hbmElMjUyRjQyLjdOMC40NzRFMzA2Nl9FdXJvcGUlMjUyNTJGUGFyaXMlMjZub2xvY2F0aW9uX3VybCUzRGh0dHBzJTI1M0ElMjUyRiUyNTJGd3d3Lm1ldGVvYmx1ZS5jb20lMjUyRmVzJTI1MkZ0aWVtcG8lMjUyRndpZGdldCUyNTJGZGFpbHklMjZub2xvY2F0aW9uX21haW5VcmwlM0RodHRwcyUyNTNBJTI1MkYlMjUyRnd3dy5tZXRlb2JsdWUuY29tJTI1MkZlcyUyNTJGdGllbXBvJTI1MkZzZW1hbmElMjUyRmluZGV4JTI2ZGFpbHl3aWR0aCUzRDU0JTI2dHJhY2tpbmclM0QlMjUzRnV0bV9zb3VyY2UlMjUzRHdlYXRoZXJfd2lkZ2V0JTI1MjZ1dG1fbWVkaXVtJTI1M0RsaW5rdXMlMjUyNnV0bV9jb250ZW50JTI1M0RkYWlseSUyNTI2dXRtX2NhbXBhaWduJTI1M0RXZWF0aGVyJTI1MjUyQldpZGdldCUyMiUyMCUyMGZyYW1lYm9yZGVyJTNEJTIyMCUyMiUyMHNjcm9sbGluZyUzRCUyMk5PJTIyJTIwYWxsb3d0cmFuc3BhcmVuY3klM0QlMjJ0cnVlJTIyJTIwc2FuZGJveCUzRCUyMmFsbG93LXNhbWUtb3JpZ2luJTIwYWxsb3ctc2NyaXB0cyUyMGFsbG93LXBvcHVwcyUyMGFsbG93LXBvcHVwcy10by1lc2NhcGUtc2FuZGJveCUyMiUyMHN0eWxlJTNEJTIyd2lkdGglM0ElMjAzNzhweCUzQmhlaWdodCUzQSUyMDQxMnB4JTIyJTNFJTNDJTJGaWZyYW1lJTNFJTNDZGl2JTNFJTNDJTIxLS0lMjBETyUyME5PVCUyMFJFTU9WRSUyMFRISVMlMjBMSU5LJTIwLS0lM0UlM0NhJTIwaHJlZiUzRCUyMmh0dHBzJTNBJTJGJTJGd3d3Lm1ldGVvYmx1ZS5jb20lMkZlcyUyRnRpZW1wbyUyRnNlbWFuYSUyRjQyLjdOMC40NzRFMzA2Nl9FdXJvcGUlMjUyRlBhcmlzJTNGdXRtX3NvdXJjZSUzRHdlYXRoZXJfd2lkZ2V0JTI2dXRtX21lZGl1bSUzRGxpbmt1cyUyNnV0bV9jb250ZW50JTNEZGFpbHklMjZ1dG1fY2FtcGFpZ24lM0RXZWF0aGVyJTI1MkJXaWRnZXQlMjIlMjB0YXJnZXQlM0QlMjJfYmxhbmslMjIlM0VtZXRlb2JsdWUlM0MlMkZhJTNFJTNDJTJGZGl2JTNF[\/vc_raw_html][\/vc_column][vc_column width=\u00bb1\/5&#8243;][\/vc_column][\/vc_row]<\/p>\n","protected":false},"excerpt":{"rendered":"<p>[vc_row][vc_column][vc_column_text]De nuevo nos quer\u00edamos acercar al Valle de Est\u00f3s para intentar llegar a la cima de los Gourgs Blancs, esa cima en la que me hab\u00eda obsesionado conquistar y pisar. Ya la hab\u00eda intentado en alguna primavera atr\u00e1s, pero en su intento no llegamos siquiera a llegar hasta su falda por el estado y cantidad&hellip;<\/p>\n","protected":false},"author":1,"featured_media":39981,"comment_status":"open","ping_status":"open","sticky":false,"template":"","format":"standard","meta":[],"categories":[125],"tags":[],"class_list":["post-40621","post","type-post","status-publish","format-standard","has-post-thumbnail","hentry","category-valle-del-esera","category-125","description-off"],"_links":{"self":[{"href":"https:\/\/www.monta\u00f1asdelaluna.es\/index.php?rest_route=\/wp\/v2\/posts\/40621","targetHints":{"allow":["GET"]}}],"collection":[{"href":"https:\/\/www.monta\u00f1asdelaluna.es\/index.php?rest_route=\/wp\/v2\/posts"}],"about":[{"href":"https:\/\/www.monta\u00f1asdelaluna.es\/index.php?rest_route=\/wp\/v2\/types\/post"}],"author":[{"embeddable":true,"href":"https:\/\/www.monta\u00f1asdelaluna.es\/index.php?rest_route=\/wp\/v2\/users\/1"}],"replies":[{"embeddable":true,"href":"https:\/\/www.monta\u00f1asdelaluna.es\/index.php?rest_route=%2Fwp%2Fv2%2Fcomments&post=40621"}],"version-history":[{"count":10,"href":"https:\/\/www.monta\u00f1asdelaluna.es\/index.php?rest_route=\/wp\/v2\/posts\/40621\/revisions"}],"predecessor-version":[{"id":52254,"href":"https:\/\/www.monta\u00f1asdelaluna.es\/index.php?rest_route=\/wp\/v2\/posts\/40621\/revisions\/52254"}],"wp:featuredmedia":[{"embeddable":true,"href":"https:\/\/www.monta\u00f1asdelaluna.es\/index.php?rest_route=\/wp\/v2\/media\/39981"}],"wp:attachment":[{"href":"https:\/\/www.monta\u00f1asdelaluna.es\/index.php?rest_route=%2Fwp%2Fv2%2Fmedia&parent=40621"}],"wp:term":[{"taxonomy":"category","embeddable":true,"href":"https:\/\/www.monta\u00f1asdelaluna.es\/index.php?rest_route=%2Fwp%2Fv2%2Fcategories&post=40621"},{"taxonomy":"post_tag","embeddable":true,"href":"https:\/\/www.monta\u00f1asdelaluna.es\/index.php?rest_route=%2Fwp%2Fv2%2Ftags&post=40621"}],"curies":[{"name":"wp","href":"https:\/\/api.w.org\/{rel}","templated":true}]}}