{"id":40674,"date":"2018-06-09T20:31:11","date_gmt":"2018-06-09T20:31:11","guid":{"rendered":"http:\/\/monta\u00f1asdelaluna.com\/?p=40674"},"modified":"2025-11-27T23:35:26","modified_gmt":"2025-11-27T23:35:26","slug":"pic-de-linfern-y-pic-de-freser","status":"publish","type":"post","link":"https:\/\/www.monta\u00f1asdelaluna.es\/?p=40674","title":{"rendered":"Pic de l&#8217;Infern y Pic de Freser"},"content":{"rendered":"<p>[vc_row][vc_column][vc_column_text]Despu\u00e9s de varias intentonas o planteamientos para subir al Pic de l\u2019Infern, monta\u00f1a que por su figura, nombre y representaci\u00f3n ya me atra\u00eda desde hace tiempo, decid\u00ed llegar a su cima sin las dificultades y condiciones del invierno. Ya que estos intentos hab\u00edan sido planeados o realizados en invierno, como la primera vez que subimos el <a href=\"https:\/\/www.monta\u00f1asdelaluna.es\/?p=25139\" target=\"_blank\" rel=\"noopener\">Pic de Freser,<\/a> donde el principal objetivo era el llegar al Pic de l\u2019Infern.<\/p>\n<p>El pasado s\u00e1bado 9 de junio acompa\u00f1ado de Olga y Txell nos acercamos hasta los p\u00e1rquines de la carretera junto a la cerrada estaci\u00f3n de esqu\u00ed de Vallter 2000, para realizar el camino normal, uno de los m\u00e1s pisados de este lado del Pirineo (creo yo) que era el salir desde la carretera por la senda del GR-11 hasta el Refugio de Ulldeter, y de aqu\u00ed seguir hasta el famoso Coll de La Marrana. El mismo de tantos recorridos parecidos cuya descripci\u00f3n pod\u00e9is encontrar por ejemplo en la primera subida al <a href=\"https:\/\/www.monta\u00f1asdelaluna.es\/?p=28084\" target=\"_blank\" rel=\"noopener\">Bastiments<\/a> o en el mismo <a href=\"https:\/\/www.monta\u00f1asdelaluna.es\/?p=25139\" target=\"_blank\" rel=\"noopener\">Pic de Freser<\/a>.<\/p>\n<p>El d\u00eda no es excesivamente bueno, con un cielo plenamente despejado y una temperatura agradable, no, pero como estamos en primavera las veces que nos da el sol y el calorcillo del mediod\u00eda, nos har\u00e1 sentir m\u00e1s c\u00f3modos, y a la vez el viento y las sombras de las nubes nos har\u00e1 sentir un frio que nos indicar\u00e1 que a\u00fan no estamos en verano.<\/p>\n<div id=\"attachment_40631\" style=\"width: 1034px\" class=\"wp-caption aligncenter\"><a class=\"dt-single-image\" href=\"https:\/\/www.monta\u00f1asdelaluna.es\/wp-content\/uploads\/2019\/12\/subiendo-por-la-senda-a-ulldeter-arriba-el-gra-de-fajol.jpg\" data-dt-img-description=\"\"><img loading=\"lazy\" decoding=\"async\" aria-describedby=\"caption-attachment-40631\" class=\"wp-image-40631 size-large\" src=\"https:\/\/www.monta\u00f1asdelaluna.es\/wp-content\/uploads\/2019\/12\/subiendo-por-la-senda-a-ulldeter-arriba-el-gra-de-fajol-1024x768.jpg\" alt=\"Subiendo por la senda a Ulldeter, arriba el Gra de Fajol\" width=\"1024\" height=\"768\" srcset=\"https:\/\/www.monta\u00f1asdelaluna.es\/wp-content\/uploads\/2019\/12\/subiendo-por-la-senda-a-ulldeter-arriba-el-gra-de-fajol-1024x768.jpg 1024w, https:\/\/www.monta\u00f1asdelaluna.es\/wp-content\/uploads\/2019\/12\/subiendo-por-la-senda-a-ulldeter-arriba-el-gra-de-fajol-300x225.jpg 300w, https:\/\/www.monta\u00f1asdelaluna.es\/wp-content\/uploads\/2019\/12\/subiendo-por-la-senda-a-ulldeter-arriba-el-gra-de-fajol.jpg 1788w\" sizes=\"auto, (max-width: 1024px) 100vw, 1024px\" \/><\/a><p id=\"caption-attachment-40631\" class=\"wp-caption-text\">Subiendo por la senda a Ulldeter, arriba el Gra de Fajol<\/p><\/div>\n<div id=\"attachment_40633\" style=\"width: 1034px\" class=\"wp-caption aligncenter\"><a class=\"dt-single-image\" href=\"https:\/\/www.monta\u00f1asdelaluna.es\/wp-content\/uploads\/2019\/12\/delante-el-coll-de-la-marrana-y-a-la-derecha-el-bastiments.jpg\" data-dt-img-description=\"\"><img loading=\"lazy\" decoding=\"async\" aria-describedby=\"caption-attachment-40633\" class=\"wp-image-40633 size-large\" src=\"https:\/\/www.monta\u00f1asdelaluna.es\/wp-content\/uploads\/2019\/12\/delante-el-coll-de-la-marrana-y-a-la-derecha-el-bastiments-1024x768.jpg\" alt=\"Delante el Coll de La Marrana y a la derecha el Bastiments\" width=\"1024\" height=\"768\" srcset=\"https:\/\/www.monta\u00f1asdelaluna.es\/wp-content\/uploads\/2019\/12\/delante-el-coll-de-la-marrana-y-a-la-derecha-el-bastiments-1024x768.jpg 1024w, https:\/\/www.monta\u00f1asdelaluna.es\/wp-content\/uploads\/2019\/12\/delante-el-coll-de-la-marrana-y-a-la-derecha-el-bastiments-300x225.jpg 300w, https:\/\/www.monta\u00f1asdelaluna.es\/wp-content\/uploads\/2019\/12\/delante-el-coll-de-la-marrana-y-a-la-derecha-el-bastiments.jpg 1788w\" sizes=\"auto, (max-width: 1024px) 100vw, 1024px\" \/><\/a><p id=\"caption-attachment-40633\" class=\"wp-caption-text\">Delante el Coll de La Marrana y a la derecha el Bastiments<\/p><\/div>\n<p>La nieve no es tan abundante pero hay neveros extensos y zonas con nada de nieve, el t\u00edpico y precioso paisaje de primavera cuando la nieve se va deshaciendo poco a poco y nos ofrece una perfecta y ca\u00f3tica vista de nieve combinada con terreno oscuro o rocoso.<\/p>\n<p>Una vez llegados al Coll de La Marrana (2.529 mts.) hay que dirigirse hacia un colladito o paso entre la monta\u00f1a del Bastiments, la cual la tenemos justo al norte, y el siguiente piquito que es el Pic de Freser que queda a su izquierda y oeste: es la Collada de Coma Mitjana. Punto m\u00e1s bajo entre las nombradas monta\u00f1as. Para ello cogemos el mismo camino que hacia la cima del Bastiments, pero llegados a un punto en que la misma comienza a subir dejando claramente la casi llana, falso llano, enorme de la zona del Coll de La Marrana, debemos girar a la izquierda sin coger mucha altura ni bajar, para atravesar toda la ladera del Bastiments por su cara suroeste en busca de este collado. Aparece un gran hito poco m\u00e1s abajo nada m\u00e1s hacer el giro, mientras intento adivinar el recorrido, la supuesta senda. El hito nos puede indicar que es correcto que por aqu\u00ed hay un recorrido que llega hasta la Collada de Coma Mitjana, pero no logramos descubrirlo a pesar de ir y mirar ladera arriba y abajo.<\/p>\n<p>Txell me dice que las veces que ha pasado por el nombrado collado, siempre lo ha hecho subiendo a la cima del Bastiments y luego baj\u00e1ndola por su cordal oeste, que podr\u00eda ser m\u00e1s f\u00e1cil. Y ciertamente ser\u00eda m\u00e1s f\u00e1cil ya que recorrerse esta ladera en pendiente pedregosa, resbaladiza, sin senda y casi monte a trav\u00e9s, es m\u00e1s inc\u00f3modo y lento que a lo mejor subir el mismo Bastiments y bajarlo por la cercana ladera, cordal, que s\u00ed estaban se\u00f1alizados y marcadas sus subidas, recorridos\u2026 pero bueno, siguiendo una l\u00f3gica de direcci\u00f3n y recorridos, deber\u00eda ser m\u00e1s corto por aqu\u00ed\u2026 si hubiera una senda f\u00e1cil y marcada.<\/p>\n<div id=\"attachment_40638\" style=\"width: 1034px\" class=\"wp-caption aligncenter\"><a class=\"dt-single-image\" href=\"https:\/\/www.monta\u00f1asdelaluna.es\/wp-content\/uploads\/2019\/12\/en-el-coll-de-la-marrana-camino-de-la-collada-de-coma-mitjana.jpg\" data-dt-img-description=\"\"><img loading=\"lazy\" decoding=\"async\" aria-describedby=\"caption-attachment-40638\" class=\"wp-image-40638 size-large\" src=\"https:\/\/www.monta\u00f1asdelaluna.es\/wp-content\/uploads\/2019\/12\/en-el-coll-de-la-marrana-camino-de-la-collada-de-coma-mitjana-1024x575.jpg\" alt=\"En el Coll de La Marrana camino de la Collada de Coma Mitjana\" width=\"1024\" height=\"575\" srcset=\"https:\/\/www.monta\u00f1asdelaluna.es\/wp-content\/uploads\/2019\/12\/en-el-coll-de-la-marrana-camino-de-la-collada-de-coma-mitjana-1024x575.jpg 1024w, https:\/\/www.monta\u00f1asdelaluna.es\/wp-content\/uploads\/2019\/12\/en-el-coll-de-la-marrana-camino-de-la-collada-de-coma-mitjana-300x168.jpg 300w, https:\/\/www.monta\u00f1asdelaluna.es\/wp-content\/uploads\/2019\/12\/en-el-coll-de-la-marrana-camino-de-la-collada-de-coma-mitjana.jpg 1788w\" sizes=\"auto, (max-width: 1024px) 100vw, 1024px\" \/><\/a><p id=\"caption-attachment-40638\" class=\"wp-caption-text\">En el Coll de La Marrana camino de la Collada de Coma Mitjana<\/p><\/div>\n<div id=\"attachment_40639\" style=\"width: 1034px\" class=\"wp-caption aligncenter\"><a class=\"dt-single-image\" href=\"https:\/\/www.monta\u00f1asdelaluna.es\/wp-content\/uploads\/2019\/12\/camino-de-la-collada-de-coma-mitjana-a-la-izquierda-el-pic-de-freser.jpg\" data-dt-img-description=\"\"><img loading=\"lazy\" decoding=\"async\" aria-describedby=\"caption-attachment-40639\" class=\"wp-image-40639 size-large\" src=\"https:\/\/www.monta\u00f1asdelaluna.es\/wp-content\/uploads\/2019\/12\/camino-de-la-collada-de-coma-mitjana-a-la-izquierda-el-pic-de-freser-1024x683.jpg\" alt=\"Camino de la Collada de Coma Mitjana, a la izquierda el Pic de Freser\" width=\"1024\" height=\"683\" srcset=\"https:\/\/www.monta\u00f1asdelaluna.es\/wp-content\/uploads\/2019\/12\/camino-de-la-collada-de-coma-mitjana-a-la-izquierda-el-pic-de-freser-1024x683.jpg 1024w, https:\/\/www.monta\u00f1asdelaluna.es\/wp-content\/uploads\/2019\/12\/camino-de-la-collada-de-coma-mitjana-a-la-izquierda-el-pic-de-freser-300x200.jpg 300w, https:\/\/www.monta\u00f1asdelaluna.es\/wp-content\/uploads\/2019\/12\/camino-de-la-collada-de-coma-mitjana-a-la-izquierda-el-pic-de-freser.jpg 1788w\" sizes=\"auto, (max-width: 1024px) 100vw, 1024px\" \/><\/a><p id=\"caption-attachment-40639\" class=\"wp-caption-text\">Camino de la Collada de Coma Mitjana, a la izquierda el Pic de Freser<\/p><\/div>\n<p>Llego el primero a la Collada de Coma Mitjana, a 2.705 mts. Espero a Olga y a Txell que tienen m\u00e1s dificultad para avanzar por este tipo de terreno. Las nubes cubren el cielo en esa disposici\u00f3n de ej\u00e9rcito de borreguitas en formaci\u00f3n, y el frio viento nos ataca como casi siempre lo hace en los collados de la alta monta\u00f1a. Como siempre nos hemos topado con m\u00e1s gente, monta\u00f1eros y curiosos que visitan estas monta\u00f1as, pero en el recorrido hasta la Collada de Coma Mitjana, nadie. Magnifico. A veces vamos a la monta\u00f1a para encontrar tranquilidad y soledad, y nos encontramos con aut\u00e9nticas romer\u00edas por estas monta\u00f1as. Siempre hay alguien por aqu\u00ed\u2026<\/p>\n<p>Desde aqu\u00ed solo hay que seguir el cordal que queda a la izquierda y oeste, ya que el del este es el que baja del Bastiments. Esta es la subida al Pic de Freser, recorrido que hicimos pero al rev\u00e9s, de bajada en <a href=\"https:\/\/www.monta\u00f1asdelaluna.es\/?p=25139\" target=\"_blank\" rel=\"noopener\">Pic de Freser<\/a> aquel invierno. La idea es hacer la cumbre del Pic de Freser y la seguida del Pic de l\u2019Infern.<\/p>\n<p>En poco tiempo llego a la cima del Pic de Freser, de 2.835 mts., Vistas al Pirineo franc\u00e9s y a las monta\u00f1as de este Pirineo Catal\u00e1n. Descubro un conjunto de monta\u00f1as o cimas, que bajan de un cordal desde la base del Pic de l\u2019Infern hacia el norte, es la carena o cordal de Coma Mitjana\u2026 tengo un d\u00eda que ir a estas monta\u00f1as, se ven tan espl\u00e9ndidas y perdidas\u2026<\/p>\n<div id=\"attachment_40647\" style=\"width: 1034px\" class=\"wp-caption aligncenter\"><a class=\"dt-single-image\" href=\"https:\/\/www.monta\u00f1asdelaluna.es\/wp-content\/uploads\/2019\/12\/el-cordal-de-coma-mitjana-al-norte-del-pic-de-l-infern.jpg\" data-dt-img-description=\"\"><img loading=\"lazy\" decoding=\"async\" aria-describedby=\"caption-attachment-40647\" class=\"wp-image-40647 size-large\" src=\"https:\/\/www.monta\u00f1asdelaluna.es\/wp-content\/uploads\/2019\/12\/el-cordal-de-coma-mitjana-al-norte-del-pic-de-l-infern-1024x683.jpg\" alt=\"El cordal de Coma Mitjana al norte del Pic de l'Infern\" width=\"1024\" height=\"683\" srcset=\"https:\/\/www.monta\u00f1asdelaluna.es\/wp-content\/uploads\/2019\/12\/el-cordal-de-coma-mitjana-al-norte-del-pic-de-l-infern-1024x683.jpg 1024w, https:\/\/www.monta\u00f1asdelaluna.es\/wp-content\/uploads\/2019\/12\/el-cordal-de-coma-mitjana-al-norte-del-pic-de-l-infern-300x200.jpg 300w, https:\/\/www.monta\u00f1asdelaluna.es\/wp-content\/uploads\/2019\/12\/el-cordal-de-coma-mitjana-al-norte-del-pic-de-l-infern.jpg 1788w\" sizes=\"auto, (max-width: 1024px) 100vw, 1024px\" \/><\/a><p id=\"caption-attachment-40647\" class=\"wp-caption-text\">El cordal de Coma Mitjana al norte del Pic de l&#8217;Infern<\/p><\/div>\n<div id=\"attachment_40648\" style=\"width: 1034px\" class=\"wp-caption aligncenter\"><a class=\"dt-single-image\" href=\"https:\/\/www.monta\u00f1asdelaluna.es\/wp-content\/uploads\/2019\/12\/txell-olga-y-joaquin-en-la-cima-del-pic-de-freser-2-835-mts.jpg\" data-dt-img-description=\"\"><img loading=\"lazy\" decoding=\"async\" aria-describedby=\"caption-attachment-40648\" class=\"wp-image-40648 size-large\" src=\"https:\/\/www.monta\u00f1asdelaluna.es\/wp-content\/uploads\/2019\/12\/txell-olga-y-joaquin-en-la-cima-del-pic-de-freser-2-835-mts-1024x683.jpg\" alt=\"Txell, Olga y Joaqu\u00edn en la cima del Pic de Freser, 2.835 mts.\" width=\"1024\" height=\"683\" srcset=\"https:\/\/www.monta\u00f1asdelaluna.es\/wp-content\/uploads\/2019\/12\/txell-olga-y-joaquin-en-la-cima-del-pic-de-freser-2-835-mts-1024x683.jpg 1024w, https:\/\/www.monta\u00f1asdelaluna.es\/wp-content\/uploads\/2019\/12\/txell-olga-y-joaquin-en-la-cima-del-pic-de-freser-2-835-mts-300x200.jpg 300w, https:\/\/www.monta\u00f1asdelaluna.es\/wp-content\/uploads\/2019\/12\/txell-olga-y-joaquin-en-la-cima-del-pic-de-freser-2-835-mts.jpg 1788w\" sizes=\"auto, (max-width: 1024px) 100vw, 1024px\" \/><\/a><p id=\"caption-attachment-40648\" class=\"wp-caption-text\">Txell, Olga y Joaqu\u00edn en la cima del Pic de Freser, 2.835 mts.<\/p><\/div>\n<p>Foto de cumbre cuando llegan mis compa\u00f1eras, entre frio y nubes. Algunas fotos a las monta\u00f1as conocidas del Pirineo Catal\u00e1n, entre nubes que las esconden y el cielo gris. La subida no entra\u00f1a dificultad, si algunas zonas de empinadas vertientes entre roca y piedras, pero la bajada por el otro lado del pico, siguiendo el cordal cimero para coincidir con la subida al Pic de l\u2019Infern, es m\u00e1s entretenida, quiz\u00e1s por las vistas o el aspecto de la monta\u00f1a, con una casi cresta con vistas a cortados y abruptos perfiles hacia la parte norte. Lo que nos hizo echarnos atr\u00e1s en la subida al Pic de l\u2019Infern en <a href=\"https:\/\/www.monta\u00f1asdelaluna.es\/?p=25139\" target=\"_blank\" rel=\"noopener\">Pic de Freser,<\/a> justo cuando llegamos al collado o parte m\u00e1s baja que une el mismo Pic de Freser con el Pic de l\u2019Infern, el que llaman el Portell dels Gorgs (2.789 mts.); es un paso que describ\u00edan los compa\u00f1eros como \u201ccomplicado\u201d con nieve justo antes de llegar a la parte m\u00e1s alta de la monta\u00f1a del Pic de l\u2019Infern, con lo que se decidi\u00f3 no subir a \u00e9ste y ascender al Pic de Freser justo por la cresta o vertiente por la que lo estamos bajando ahora\u2026 Vamos a ver c\u00f3mo era ese paso de \u201ccomplicado\u201d\u2026<\/p>\n<p>Entretenida y casi emocionante la bajada del Pic de Freser por este lado y la subida al Pic de l\u2019Infern seguidamente. S\u00ed es cierto que hay un extra\u00f1o paso con posible ca\u00edda a un lado y otro justo en un estrecho pasillo y \u201cpasamanos\u201d de roca en pendiente, pero nada de peligroso y s\u00ed interesante. Una vez cruzado este paso, una especie de laderita m\u00e1s en pendiente, m\u00e1s vertical, con ca\u00edda m\u00e1s accidental hacia la derecha, pero con buena nieve o sin ella, se cruza sin tomar excesivas medidas de precauci\u00f3n. Y una vez driblas este paso y su salida a la nombrada pendiente, se llega a la parte m\u00e1s alta de la monta\u00f1a donde ya ves la otra vertiente o el seguimiento de este cordal fronterizo, divisora de aguas del Pirineo. La columna vertebral del Pirineo Oriental. A nuestra espalda quedar\u00e1 el olvidado piquito Pic dels Gorgs, abrumado por la cercana cumbre del Pic de l\u2019Infern; me parece que no es demasiado visitada, y otras es como si formara parte de la misma monta\u00f1a. Y ya solo quedar\u00e1 la subidita al norte por una peque\u00f1a y curiosa crestecita o pasillo a\u00e9reo hasta la cruz y parte m\u00e1s alta del Pic de l\u2019Infern.<\/p>\n<div id=\"attachment_40653\" style=\"width: 1034px\" class=\"wp-caption aligncenter\"><a class=\"dt-single-image\" href=\"https:\/\/www.monta\u00f1asdelaluna.es\/wp-content\/uploads\/2019\/12\/bajando-del-pic-de-freser.jpg\" data-dt-img-description=\"\"><img loading=\"lazy\" decoding=\"async\" aria-describedby=\"caption-attachment-40653\" class=\"wp-image-40653 size-large\" src=\"https:\/\/www.monta\u00f1asdelaluna.es\/wp-content\/uploads\/2019\/12\/bajando-del-pic-de-freser-1024x683.jpg\" alt=\"Bajando del Pic de Freser\" width=\"1024\" height=\"683\" srcset=\"https:\/\/www.monta\u00f1asdelaluna.es\/wp-content\/uploads\/2019\/12\/bajando-del-pic-de-freser-1024x683.jpg 1024w, https:\/\/www.monta\u00f1asdelaluna.es\/wp-content\/uploads\/2019\/12\/bajando-del-pic-de-freser-300x200.jpg 300w, https:\/\/www.monta\u00f1asdelaluna.es\/wp-content\/uploads\/2019\/12\/bajando-del-pic-de-freser.jpg 1788w\" sizes=\"auto, (max-width: 1024px) 100vw, 1024px\" \/><\/a><p id=\"caption-attachment-40653\" class=\"wp-caption-text\">Bajando del Pic de Freser<\/p><\/div>\n<div id=\"attachment_40657\" style=\"width: 1034px\" class=\"wp-caption aligncenter\"><a class=\"dt-single-image\" href=\"https:\/\/www.monta\u00f1asdelaluna.es\/wp-content\/uploads\/2019\/12\/olga-y-txell-llegando-a-la-cima-del-pic-de-l-infern-a-la-izquierda-queda-el-pic-de-freser-y-al-fondo-el-puig-de-les-borregues-en-la-coma-de-l-orri.jpg\" data-dt-img-description=\"\"><img loading=\"lazy\" decoding=\"async\" aria-describedby=\"caption-attachment-40657\" class=\"wp-image-40657 size-large\" src=\"https:\/\/www.monta\u00f1asdelaluna.es\/wp-content\/uploads\/2019\/12\/olga-y-txell-llegando-a-la-cima-del-pic-de-l-infern-a-la-izquierda-queda-el-pic-de-freser-y-al-fondo-el-puig-de-les-borregues-en-la-coma-de-l-orri-1024x683.jpg\" alt=\"Olga y Txell llegando a la cima del Pic de l'Infern, a la izquierda queda el Pic de Freser y al fondo el Puig de Les Borregues en la Coma de l'Orri\" width=\"1024\" height=\"683\" srcset=\"https:\/\/www.monta\u00f1asdelaluna.es\/wp-content\/uploads\/2019\/12\/olga-y-txell-llegando-a-la-cima-del-pic-de-l-infern-a-la-izquierda-queda-el-pic-de-freser-y-al-fondo-el-puig-de-les-borregues-en-la-coma-de-l-orri-1024x683.jpg 1024w, https:\/\/www.monta\u00f1asdelaluna.es\/wp-content\/uploads\/2019\/12\/olga-y-txell-llegando-a-la-cima-del-pic-de-l-infern-a-la-izquierda-queda-el-pic-de-freser-y-al-fondo-el-puig-de-les-borregues-en-la-coma-de-l-orri-300x200.jpg 300w, https:\/\/www.monta\u00f1asdelaluna.es\/wp-content\/uploads\/2019\/12\/olga-y-txell-llegando-a-la-cima-del-pic-de-l-infern-a-la-izquierda-queda-el-pic-de-freser-y-al-fondo-el-puig-de-les-borregues-en-la-coma-de-l-orri.jpg 1788w\" sizes=\"auto, (max-width: 1024px) 100vw, 1024px\" \/><\/a><p id=\"caption-attachment-40657\" class=\"wp-caption-text\">Olga y Txell llegando a la cima del Pic de l&#8217;Infern, a la izquierda queda el Pic de Freser y al fondo el Puig de Les Borregues en la Coma de l&#8217;Orri<\/p><\/div>\n<p>Ya estoy por primera vez en la cima del Pic de l\u2019Infern, la anhelada cima del Pic de l\u2019Infern. Es una cima magn\u00edfica no picuda pero con no demasiado espacio en ella. Con vertientes verticales, escarpadas hacia el norte a medida que te asomas a sus abismos, donde en esa cara norte se esconden esos espectaculares corredores que en invierno y con buena nieve, pueden hacer las delicias de los alpinistas. Abajo mirando al noroeste el Circo de Caran\u00e7\u00e1 con sus lagos y preciosas formas de roca y agua, medio cubiertos por la nieve o descubierta el agua al cielo libre. Estas vistas est\u00e1n medio ocultas por los escarpes noroeste del Pic de l\u2019Infern, que forman crestecitas, agujas, huecos entre monta\u00f1as con lagunitas\u2026 un paisaje de alta monta\u00f1a precioso, y m\u00e1s con el toque de la nieve que a\u00fan le queda al Pirineo.[vc_separator][\/vc_column_text][\/vc_column][\/vc_row][vc_row][vc_column][vc_empty_space][\/vc_column][\/vc_row][vc_row][vc_column][vc_video link=\u00bbhttps:\/\/vimeo.com\/378150098?share=copy&amp;fl=sv&amp;fe=ci#t=0&#8243; title=\u00bbPic de l&#8217;Infern, 2.869 mts.\u00bb][\/vc_column][\/vc_row][vc_row][vc_column][vc_empty_space][\/vc_column][\/vc_row][vc_row][vc_column][vc_video link=\u00bbhttps:\/\/vimeo.com\/378150585?share=copy&amp;fl=sv&amp;fe=ci#t=0&#8243; title=\u00bbVistas desde la cima del Pic de l&#8217;Infern\u00bb][\/vc_column][\/vc_row][vc_row][vc_column][vc_empty_space][\/vc_column][\/vc_row][vc_row][vc_column][vc_column_text]Llegan mis compa\u00f1eras y aprovechamos para comer algo, descansar y admirar el paisaje que nos proporciona la altura de 2.869 mts. de esta monta\u00f1a. Fotos de cumbre. El tiempo nos respeta a pesar de ese ej\u00e9rcito de nubes que en los collados a veces nos cubre y a veces no. Sale el sol y aprovechamos para deleitarnos con su luz y calorcillo. Fotograf\u00edo el resto del Pirineo hacia el oeste; distingo el alto Puigmal, seguido por el Pic de Finestrelles, el Pic de Noufonts y poco m\u00e1s cerca la extra\u00f1a cima, aplanada como un lomo, del Pic de Noucreus.<\/p>\n<p>Toca bajar. Desandamos el pasillito de nieve aireado de pocos metros hasta el lomo de la monta\u00f1a y en lugar de girar a la izquierda y bajar por el mismo sitio por el que hemos subido, bajamos por el lado contrario hacia el oeste, a la derecha, como siguiendo la columna vertebral del Pirineo y en busca de esas cimas del Noucreus, Noufonts\u2026 pero sin pensamientos de llegar hasta ellas.<\/p>\n<div id=\"attachment_40661\" style=\"width: 1034px\" class=\"wp-caption aligncenter\"><a class=\"dt-single-image\" href=\"https:\/\/www.monta\u00f1asdelaluna.es\/wp-content\/uploads\/2019\/12\/olga-joaquin-y-txell-en-la-cima-del-pic-de-l-infern-2-869-mts-al-fondo-el-puigmal.jpg\" data-dt-img-description=\"\"><img loading=\"lazy\" decoding=\"async\" aria-describedby=\"caption-attachment-40661\" class=\"wp-image-40661 size-large\" src=\"https:\/\/www.monta\u00f1asdelaluna.es\/wp-content\/uploads\/2019\/12\/olga-joaquin-y-txell-en-la-cima-del-pic-de-l-infern-2-869-mts-al-fondo-el-puigmal-1024x768.jpg\" alt=\"Olga, Joaqu\u00edn y Txell en la cima del Pic de l'Infern, 2.869 mts., al fondo el Puigmal\" width=\"1024\" height=\"768\" srcset=\"https:\/\/www.monta\u00f1asdelaluna.es\/wp-content\/uploads\/2019\/12\/olga-joaquin-y-txell-en-la-cima-del-pic-de-l-infern-2-869-mts-al-fondo-el-puigmal-1024x768.jpg 1024w, https:\/\/www.monta\u00f1asdelaluna.es\/wp-content\/uploads\/2019\/12\/olga-joaquin-y-txell-en-la-cima-del-pic-de-l-infern-2-869-mts-al-fondo-el-puigmal-300x225.jpg 300w, https:\/\/www.monta\u00f1asdelaluna.es\/wp-content\/uploads\/2019\/12\/olga-joaquin-y-txell-en-la-cima-del-pic-de-l-infern-2-869-mts-al-fondo-el-puigmal.jpg 1788w\" sizes=\"auto, (max-width: 1024px) 100vw, 1024px\" \/><\/a><p id=\"caption-attachment-40661\" class=\"wp-caption-text\">Olga, Joaqu\u00edn y Txell en la cima del Pic de l&#8217;Infern, 2.869 mts., al fondo el Puigmal<\/p><\/div>\n<div id=\"attachment_40658\" style=\"width: 1034px\" class=\"wp-caption aligncenter\"><a class=\"dt-single-image\" href=\"https:\/\/www.monta\u00f1asdelaluna.es\/wp-content\/uploads\/2019\/12\/olga-y-txell-en-la-cima-del-pic-de-l-infern-2-869-mts-al-fondo-en-el-centro-el-noufonts.jpg\" data-dt-img-description=\"\"><img loading=\"lazy\" decoding=\"async\" aria-describedby=\"caption-attachment-40658\" class=\"wp-image-40658 size-large\" src=\"https:\/\/www.monta\u00f1asdelaluna.es\/wp-content\/uploads\/2019\/12\/olga-y-txell-en-la-cima-del-pic-de-l-infern-2-869-mts-al-fondo-en-el-centro-el-noufonts-1024x683.jpg\" alt=\"Olga y Txell en la cima del Pic de l'Infern, 2.869 mts., al fondo en el centro el Noufonts\" width=\"1024\" height=\"683\" srcset=\"https:\/\/www.monta\u00f1asdelaluna.es\/wp-content\/uploads\/2019\/12\/olga-y-txell-en-la-cima-del-pic-de-l-infern-2-869-mts-al-fondo-en-el-centro-el-noufonts-1024x683.jpg 1024w, https:\/\/www.monta\u00f1asdelaluna.es\/wp-content\/uploads\/2019\/12\/olga-y-txell-en-la-cima-del-pic-de-l-infern-2-869-mts-al-fondo-en-el-centro-el-noufonts-300x200.jpg 300w, https:\/\/www.monta\u00f1asdelaluna.es\/wp-content\/uploads\/2019\/12\/olga-y-txell-en-la-cima-del-pic-de-l-infern-2-869-mts-al-fondo-en-el-centro-el-noufonts.jpg 1788w\" sizes=\"auto, (max-width: 1024px) 100vw, 1024px\" \/><\/a><p id=\"caption-attachment-40658\" class=\"wp-caption-text\">Olga y Txell en la cima del Pic de l&#8217;Infern, 2.869 mts., al fondo en el centro el Noufonts<\/p><\/div>\n<p>La bajada por aqu\u00ed tambi\u00e9n tiene puntos entretenidos, es una especie de cresta de punta roma o loma rocosa con pendiente o con pasos de desnivel, nada dificultosos, por el que baja una sendilla en las partes en las que as\u00ed el terreno la deja marcar o se\u00f1alar. Voy mirando en cada balc\u00f3n, en cada repisa, hacia el sur a ver si descubro por fin la bajada hacia el valle que queda al sur del Pic de l\u2019Infern, Pic de Freser, y gira en direcci\u00f3n al Balandrau. Hasta no llegar a las inmediaciones de El Portell (2.735 mts.) no encontraremos una bajada l\u00f3gica hacia el sur por esta loma cimera del Pirineo Oriental. El Portell es un peque\u00f1o colladito por el que se puede bajar tambi\u00e9n al Circo de Caran\u00e7\u00e1 ya en el lado franc\u00e9s, pero de bajada (por \u00e9ste) es vertical y fat\u00eddico en ocasiones. Observamos a un grupo de excursionistas que intentan bajar por aqu\u00ed con resbalones y ca\u00eddas por la nieve \u00a1\u00bfD\u00f3nde ir\u00e1n?! Halando de excursionistas, en la cima del Pic de Freser no nos encontramos con nadie, pero aqu\u00ed en el Pic de l\u2019Infern es m\u00e1s querido y codiciado por los monta\u00f1eros del lugar, y s\u00ed nos topamos, antes y despu\u00e9s, con monta\u00f1eros que llegan y disfrutan de su cumbre.<\/p>\n<p>Ya desde El Portell el camino a seguir es devuelta hacia el Coll de La Marrana, pero acerc\u00e1ndonos por el lado contrario al de Ulldeter. Bajamos casi corriendo por divertidas pendientes de nieve, neveros que aguantan por estos lares con su nieve deshecha, primavera, inestable, hasta casi la parte m\u00e1s honda del valle en este lado, que es por donde pasa la senda del famoso GR-11 siguiendo todo el curso del valle de oeste a este, viniendo de la parte m\u00e1s alta de los picos de La Vaca. Dejamos a la derecha una caba\u00f1ita de roca y piedra que casi se mimetiza con el lugar, muy peque\u00f1a, es la Barraca de Tirapits.<\/p>\n<p>Y ya desde aqu\u00ed, giramos hacia el este valle abajo, por la senda o neveros que la cubren, casi por el fondo del valle en direcci\u00f3n al Coll de La Marrana. A nuestra izquierda y norte quedaran las espectaculares vertientes del Pic de l\u2019Infern y su inhiesto Pic dels Gorgs, con un corredor entre sus paredes y escarpadas, rocosas, verticales laderas, que atraer\u00eda a cualquier alpinista. Tambi\u00e9n la vertiente sur del Pic de Freser, con sus rocosas laderas y lisas paredes.<\/p>\n<div id=\"attachment_40663\" style=\"width: 1034px\" class=\"wp-caption aligncenter\"><a class=\"dt-single-image\" href=\"https:\/\/www.monta\u00f1asdelaluna.es\/wp-content\/uploads\/2019\/12\/a-la-izquierda-queda-la-cima-del-pic-de-l-infern.jpg\" data-dt-img-description=\"\"><img loading=\"lazy\" decoding=\"async\" aria-describedby=\"caption-attachment-40663\" class=\"wp-image-40663 size-large\" src=\"https:\/\/www.monta\u00f1asdelaluna.es\/wp-content\/uploads\/2019\/12\/a-la-izquierda-queda-la-cima-del-pic-de-l-infern-1024x768.jpg\" alt=\"A la izquierda queda la cima del Pic de l'Infern\" width=\"1024\" height=\"768\" srcset=\"https:\/\/www.monta\u00f1asdelaluna.es\/wp-content\/uploads\/2019\/12\/a-la-izquierda-queda-la-cima-del-pic-de-l-infern-1024x768.jpg 1024w, https:\/\/www.monta\u00f1asdelaluna.es\/wp-content\/uploads\/2019\/12\/a-la-izquierda-queda-la-cima-del-pic-de-l-infern-300x225.jpg 300w, https:\/\/www.monta\u00f1asdelaluna.es\/wp-content\/uploads\/2019\/12\/a-la-izquierda-queda-la-cima-del-pic-de-l-infern.jpg 1788w\" sizes=\"auto, (max-width: 1024px) 100vw, 1024px\" \/><\/a><p id=\"caption-attachment-40663\" class=\"wp-caption-text\">A la izquierda queda la cima del Pic de l&#8217;Infern<\/p><\/div>\n<div id=\"attachment_40665\" style=\"width: 1034px\" class=\"wp-caption aligncenter\"><a class=\"dt-single-image\" href=\"https:\/\/www.monta\u00f1asdelaluna.es\/wp-content\/uploads\/2019\/12\/volviendo-al-coll-de-la-marrana-al-fondo-el-gra-de-fajol.jpg\" data-dt-img-description=\"\"><img loading=\"lazy\" decoding=\"async\" aria-describedby=\"caption-attachment-40665\" class=\"wp-image-40665 size-large\" src=\"https:\/\/www.monta\u00f1asdelaluna.es\/wp-content\/uploads\/2019\/12\/volviendo-al-coll-de-la-marrana-al-fondo-el-gra-de-fajol-1024x768.jpg\" alt=\"Volviendo al Coll de La Marrana, al fondo el Gra de Fajol\" width=\"1024\" height=\"768\" srcset=\"https:\/\/www.monta\u00f1asdelaluna.es\/wp-content\/uploads\/2019\/12\/volviendo-al-coll-de-la-marrana-al-fondo-el-gra-de-fajol-1024x768.jpg 1024w, https:\/\/www.monta\u00f1asdelaluna.es\/wp-content\/uploads\/2019\/12\/volviendo-al-coll-de-la-marrana-al-fondo-el-gra-de-fajol-300x225.jpg 300w, https:\/\/www.monta\u00f1asdelaluna.es\/wp-content\/uploads\/2019\/12\/volviendo-al-coll-de-la-marrana-al-fondo-el-gra-de-fajol.jpg 1788w\" sizes=\"auto, (max-width: 1024px) 100vw, 1024px\" \/><\/a><p id=\"caption-attachment-40665\" class=\"wp-caption-text\">Volviendo al Coll de La Marrana, al fondo el Gra de Fajol<\/p><\/div>\n<p>Seguimos la traza en la nieve o la marca de la senda y recorrido ahora del GR-11 casi por en medio del valle, con las vistas del Gra de Fajol o el mismo Coll de La Marrana con su peculiar vista de la suave loma con su amplio llano en la cima enfrente mientras caminamos en esta direcci\u00f3n.<\/p>\n<p>Una vez dejamos las vertientes del Pic de l\u2019Infern y del Pic de Freser a nuestra espalda, vamos bajando entre suaves lomas del valle, y nos encontramos un cartelito se\u00f1alizador de recorridos: si seguimos el valle girando hacia la derecha y sur, en busca del Balandrau, llegaremos hasta el Refugio de Coma de Vaca, pero nosotros debemos de seguir el GR-11 hacia el este y arriba para encarar la subida a la loma del Coll de La Marrana. Dejamos de bajar y comenzamos a subir por la a veces deshecha senda o ancha, seg\u00fan el tramo.<\/p>\n<p>Y al poco tiempo ya estamos de nuevo en el amplio, extenso llano del Coll de La Marrana (2.529 mts.), de aqu\u00ed ya bajamos en direcci\u00f3n al Refugio de Ulldeter y despu\u00e9s al coche intentando seguir las marcas del GR-11. Podemos seguir las indicaciones de la primera subida al Gra de Fajol, aunque no tiene perdida.<\/p>\n<div id=\"attachment_40667\" style=\"width: 1034px\" class=\"wp-caption aligncenter\"><a class=\"dt-single-image\" href=\"https:\/\/www.monta\u00f1asdelaluna.es\/wp-content\/uploads\/2019\/12\/txell-y-olga-subiendo-al-coll-de-la-marrana-detras-queda-el-pic-de-freser.jpg\" data-dt-img-description=\"\"><img loading=\"lazy\" decoding=\"async\" aria-describedby=\"caption-attachment-40667\" class=\"wp-image-40667 size-large\" src=\"https:\/\/www.monta\u00f1asdelaluna.es\/wp-content\/uploads\/2019\/12\/txell-y-olga-subiendo-al-coll-de-la-marrana-detras-queda-el-pic-de-freser-1024x768.jpg\" alt=\"Txell y Olga subiendo al Coll de la Marrana, detr\u00e1s queda el Pic de Freser\" width=\"1024\" height=\"768\" srcset=\"https:\/\/www.monta\u00f1asdelaluna.es\/wp-content\/uploads\/2019\/12\/txell-y-olga-subiendo-al-coll-de-la-marrana-detras-queda-el-pic-de-freser-1024x768.jpg 1024w, https:\/\/www.monta\u00f1asdelaluna.es\/wp-content\/uploads\/2019\/12\/txell-y-olga-subiendo-al-coll-de-la-marrana-detras-queda-el-pic-de-freser-300x225.jpg 300w, https:\/\/www.monta\u00f1asdelaluna.es\/wp-content\/uploads\/2019\/12\/txell-y-olga-subiendo-al-coll-de-la-marrana-detras-queda-el-pic-de-freser.jpg 1788w\" sizes=\"auto, (max-width: 1024px) 100vw, 1024px\" \/><\/a><p id=\"caption-attachment-40667\" class=\"wp-caption-text\">Txell y Olga subiendo al Coll de la Marrana, detr\u00e1s queda el Pic de Freser<\/p><\/div>\n<div id=\"attachment_40669\" style=\"width: 1034px\" class=\"wp-caption aligncenter\"><a class=\"dt-single-image\" href=\"https:\/\/www.monta\u00f1asdelaluna.es\/wp-content\/uploads\/2019\/12\/txell-y-olga-en-el-coll-de-la-marrana-2-529-mts-al-fondo-derecha-queda-el-pic-de-freser.jpg\" data-dt-img-description=\"\"><img loading=\"lazy\" decoding=\"async\" aria-describedby=\"caption-attachment-40669\" class=\"wp-image-40669 size-large\" src=\"https:\/\/www.monta\u00f1asdelaluna.es\/wp-content\/uploads\/2019\/12\/txell-y-olga-en-el-coll-de-la-marrana-2-529-mts-al-fondo-derecha-queda-el-pic-de-freser-1024x768.jpg\" alt=\"Txell y Olga en el Coll de La Marrana, 2.529 mts., al fondo derecha queda el Pic de Freser\" width=\"1024\" height=\"768\" srcset=\"https:\/\/www.monta\u00f1asdelaluna.es\/wp-content\/uploads\/2019\/12\/txell-y-olga-en-el-coll-de-la-marrana-2-529-mts-al-fondo-derecha-queda-el-pic-de-freser-1024x768.jpg 1024w, https:\/\/www.monta\u00f1asdelaluna.es\/wp-content\/uploads\/2019\/12\/txell-y-olga-en-el-coll-de-la-marrana-2-529-mts-al-fondo-derecha-queda-el-pic-de-freser-300x225.jpg 300w, https:\/\/www.monta\u00f1asdelaluna.es\/wp-content\/uploads\/2019\/12\/txell-y-olga-en-el-coll-de-la-marrana-2-529-mts-al-fondo-derecha-queda-el-pic-de-freser.jpg 1788w\" sizes=\"auto, (max-width: 1024px) 100vw, 1024px\" \/><\/a><p id=\"caption-attachment-40669\" class=\"wp-caption-text\">Txell y Olga en el Coll de La Marrana, 2.529 mts., al fondo derecha queda el Pic de Freser<\/p><\/div>\n<p>Y por fin otro recorrido por esta alta monta\u00f1a del Pirineo Oriental. Precioso ahora en mitad de la primavera. Y por fin tambi\u00e9n he pisado la cima del fascinante Pic de l\u2019Infern, y seguro que no ser\u00e1 la \u00faltima vez\u2026 sus corredores de la cara norte me esperan para subir alguno, alg\u00fan invierno.<\/p>\n<div id=\"attachment_40676\" style=\"width: 862px\" class=\"wp-caption aligncenter\"><a class=\"dt-single-image\" href=\"https:\/\/www.monta\u00f1asdelaluna.es\/wp-content\/uploads\/2018\/06\/Pic-de-lInfern.web_.jpg\" data-dt-img-description=\"\"><img loading=\"lazy\" decoding=\"async\" aria-describedby=\"caption-attachment-40676\" class=\"wp-image-40676 size-full\" src=\"https:\/\/www.monta\u00f1asdelaluna.es\/wp-content\/uploads\/2018\/06\/Pic-de-lInfern.web_.jpg\" alt=\"Croquis del recorrido con ascensi\u00f3n al Pic de Freser y Pic de l'Infern. PUNTO ROJO: zona de aparcamiento del coche.\" width=\"852\" height=\"596\" srcset=\"https:\/\/www.monta\u00f1asdelaluna.es\/wp-content\/uploads\/2018\/06\/Pic-de-lInfern.web_.jpg 852w, https:\/\/www.monta\u00f1asdelaluna.es\/wp-content\/uploads\/2018\/06\/Pic-de-lInfern.web_-300x210.jpg 300w\" sizes=\"auto, (max-width: 852px) 100vw, 852px\" \/><\/a><p id=\"caption-attachment-40676\" class=\"wp-caption-text\">Croquis del recorrido con ascensi\u00f3n al Pic de Freser y Pic de l&#8217;Infern. PUNTO ROJO: zona de aparcamiento del coche.<\/p><\/div>\n<p>[\/vc_column_text][\/vc_column][\/vc_row][vc_row][vc_column][vc_empty_space height=\u00bb60px\u00bb][\/vc_column][\/vc_row][vc_row][vc_column][vc_cta h2=\u00bb\u00c1lbum de fotos\u00bb txt_align=\u00bbcenter\u00bb add_button=\u00bbbottom\u00bb btn_title=\u00bbVer fotos\u00bb btn_color=\u00bbwarning\u00bb btn_align=\u00bbcenter\u00bb btn_link=\u00bburl:https%3A%2F%2Fmonta%C3%B1asdelaluna.es%2F%3Fdt_gallery%3Dpic-de-linfern-y-pic-de-freser-2|title:Pic%20de%20l%E2%80%99Infern%20y%20Pic%20de%20Freser|target:_blank\u00bb css=\u00bb.vc_custom_1625731607347{background-color: #8bc4ed !important;}\u00bb]Puedes ver todas las fotos del relato y actividad en forma de presentaci\u00f3n o individuales pinchando aqui \u00a1No te las pierdas![\/vc_cta][\/vc_column][\/vc_row][vc_row][vc_column][vc_empty_space height=\u00bb60px\u00bb][\/vc_column][\/vc_row][vc_row][vc_column width=\u00bb1\/3&#8243;][\/vc_column][vc_column width=\u00bb1\/2&#8243;][vc_raw_html]JTNDaWZyYW1lJTIwc3JjJTNEJTIyaHR0cHMlM0ElMkYlMkZ3d3cubWV0ZW9ibHVlLmNvbSUyRmVzJTJGdGllbXBvJTJGd2lkZ2V0JTJGZGFpbHklMkZwbGEtZGVsLWluZmVybl9mcmFuY2lhXzMwMTI3OTglM0ZnZW9sb2MlM0RmaXhlZCUyNmRheXMlM0Q3JTI2dGVtcHVuaXQlM0RDRUxTSVVTJTI2d2luZHVuaXQlM0RLSUxPTUVURVJfUEVSX0hPVVIlMjZwcmVjaXB1bml0JTNETUlMTElNRVRFUiUyNmNvbG91cmVkJTNEY29sb3VyZWQlMjZwaWN0b2ljb24lM0QwJTI2cGljdG9pY29uJTNEMSUyNm1heHRlbXBlcmF0dXJlJTNEMCUyNm1heHRlbXBlcmF0dXJlJTNEMSUyNm1pbnRlbXBlcmF0dXJlJTNEMCUyNm1pbnRlbXBlcmF0dXJlJTNEMSUyNndpbmRzcGVlZCUzRDAlMjZ3aW5kc3BlZWQlM0QxJTI2d2luZGd1c3QlM0QwJTI2d2luZGd1c3QlM0QxJTI2d2luZGRpcmVjdGlvbiUzRDAlMjZ3aW5kZGlyZWN0aW9uJTNEMSUyNnV2JTNEMCUyNmh1bWlkaXR5JTNEMCUyNnByZWNpcGl0YXRpb24lM0QwJTI2cHJlY2lwaXRhdGlvbiUzRDElMjZwcmVjaXBpdGF0aW9ucHJvYmFiaWxpdHklM0QwJTI2cHJlY2lwaXRhdGlvbnByb2JhYmlsaXR5JTNEMSUyNnNwb3QlM0QwJTI2c3BvdCUzRDElMjZwcmVzc3VyZSUzRDAlMjZwcmVzc3VyZSUzRDElMjZsYXlvdXQlM0RsaWdodCUyNmxvY2F0aW9uX3VybCUzRGh0dHBzJTI1M0ElMjUyRiUyNTJGd3d3Lm1ldGVvYmx1ZS5jb20lMjUyRmVzJTI1MkZ0aWVtcG8lMjUyRndpZGdldCUyNTJGZGFpbHklMjUyRnBsYS1kZWwtaW5mZXJuX2ZyYW5jaWFfMzAxMjc5OCUyNmxvY2F0aW9uX21haW5VcmwlM0RodHRwcyUyNTNBJTI1MkYlMjUyRnd3dy5tZXRlb2JsdWUuY29tJTI1MkZlcyUyNTJGdGllbXBvJTI1MkZzZW1hbmElMjUyRnBsYS1kZWwtaW5mZXJuX2ZyYW5jaWFfMzAxMjc5OCUyNm5vbG9jYXRpb25fdXJsJTNEaHR0cHMlMjUzQSUyNTJGJTI1MkZ3d3cubWV0ZW9ibHVlLmNvbSUyNTJGZXMlMjUyRnRpZW1wbyUyNTJGd2lkZ2V0JTI1MkZkYWlseSUyNm5vbG9jYXRpb25fbWFpblVybCUzRGh0dHBzJTI1M0ElMjUyRiUyNTJGd3d3Lm1ldGVvYmx1ZS5jb20lMjUyRmVzJTI1MkZ0aWVtcG8lMjUyRnNlbWFuYSUyNTJGaW5kZXglMjZkYWlseXdpZHRoJTNENTQlMjZ0cmFja2luZyUzRCUyNTNGdXRtX3NvdXJjZSUyNTNEd2VhdGhlcl93aWRnZXQlMjUyNnV0bV9tZWRpdW0lMjUzRGxpbmt1cyUyNTI2dXRtX2NvbnRlbnQlMjUzRGRhaWx5JTI1MjZ1dG1fY2FtcGFpZ24lMjUzRFdlYXRoZXIlMjUyNTJCV2lkZ2V0JTIyJTIwJTIwZnJhbWVib3JkZXIlM0QlMjIwJTIyJTIwc2Nyb2xsaW5nJTNEJTIyTk8lMjIlMjBhbGxvd3RyYW5zcGFyZW5jeSUzRCUyMnRydWUlMjIlMjBzYW5kYm94JTNEJTIyYWxsb3ctc2FtZS1vcmlnaW4lMjBhbGxvdy1zY3JpcHRzJTIwYWxsb3ctcG9wdXBzJTIwYWxsb3ctcG9wdXBzLXRvLWVzY2FwZS1zYW5kYm94JTIyJTIwc3R5bGUlM0QlMjJ3aWR0aCUzQSUyMDM3OHB4JTNCaGVpZ2h0JTNBJTIwNDEycHglMjIlM0UlM0MlMkZpZnJhbWUlM0UlM0NkaXYlM0UlM0MlMjEtLSUyMERPJTIwTk9UJTIwUkVNT1ZFJTIwVEhJUyUyMExJTkslMjAtLSUzRSUzQ2ElMjBocmVmJTNEJTIyaHR0cHMlM0ElMkYlMkZ3d3cubWV0ZW9ibHVlLmNvbSUyRmVzJTJGdGllbXBvJTJGc2VtYW5hJTJGcGxhLWRlbC1pbmZlcm5fZnJhbmNpYV8zMDEyNzk4JTNGdXRtX3NvdXJjZSUzRHdlYXRoZXJfd2lkZ2V0JTI2dXRtX21lZGl1bSUzRGxpbmt1cyUyNnV0bV9jb250ZW50JTNEZGFpbHklMjZ1dG1fY2FtcGFpZ24lM0RXZWF0aGVyJTI1MkJXaWRnZXQlMjIlMjB0YXJnZXQlM0QlMjJfYmxhbmslMjIlM0VtZXRlb2JsdWUlM0MlMkZhJTNFJTNDJTJGZGl2JTNF[\/vc_raw_html][\/vc_column][vc_column width=\u00bb1\/5&#8243;][\/vc_column][\/vc_row]<\/p>\n","protected":false},"excerpt":{"rendered":"<p>[vc_row][vc_column][vc_column_text]Despu\u00e9s de varias intentonas o planteamientos para subir al Pic de l\u2019Infern, monta\u00f1a que por su figura, nombre y representaci\u00f3n ya me atra\u00eda desde hace tiempo, decid\u00ed llegar a su cima sin las dificultades y condiciones del invierno. Ya que estos intentos hab\u00edan sido planeados o realizados en invierno, como la primera vez que subimos&hellip;<\/p>\n","protected":false},"author":1,"featured_media":40657,"comment_status":"open","ping_status":"open","sticky":false,"template":"","format":"standard","meta":[],"categories":[129],"tags":[],"class_list":["post-40674","post","type-post","status-publish","format-standard","has-post-thumbnail","hentry","category-pirineo-oriental","category-129","description-off"],"_links":{"self":[{"href":"https:\/\/www.monta\u00f1asdelaluna.es\/index.php?rest_route=\/wp\/v2\/posts\/40674","targetHints":{"allow":["GET"]}}],"collection":[{"href":"https:\/\/www.monta\u00f1asdelaluna.es\/index.php?rest_route=\/wp\/v2\/posts"}],"about":[{"href":"https:\/\/www.monta\u00f1asdelaluna.es\/index.php?rest_route=\/wp\/v2\/types\/post"}],"author":[{"embeddable":true,"href":"https:\/\/www.monta\u00f1asdelaluna.es\/index.php?rest_route=\/wp\/v2\/users\/1"}],"replies":[{"embeddable":true,"href":"https:\/\/www.monta\u00f1asdelaluna.es\/index.php?rest_route=%2Fwp%2Fv2%2Fcomments&post=40674"}],"version-history":[{"count":13,"href":"https:\/\/www.monta\u00f1asdelaluna.es\/index.php?rest_route=\/wp\/v2\/posts\/40674\/revisions"}],"predecessor-version":[{"id":52252,"href":"https:\/\/www.monta\u00f1asdelaluna.es\/index.php?rest_route=\/wp\/v2\/posts\/40674\/revisions\/52252"}],"wp:featuredmedia":[{"embeddable":true,"href":"https:\/\/www.monta\u00f1asdelaluna.es\/index.php?rest_route=\/wp\/v2\/media\/40657"}],"wp:attachment":[{"href":"https:\/\/www.monta\u00f1asdelaluna.es\/index.php?rest_route=%2Fwp%2Fv2%2Fmedia&parent=40674"}],"wp:term":[{"taxonomy":"category","embeddable":true,"href":"https:\/\/www.monta\u00f1asdelaluna.es\/index.php?rest_route=%2Fwp%2Fv2%2Fcategories&post=40674"},{"taxonomy":"post_tag","embeddable":true,"href":"https:\/\/www.monta\u00f1asdelaluna.es\/index.php?rest_route=%2Fwp%2Fv2%2Ftags&post=40674"}],"curies":[{"name":"wp","href":"https:\/\/api.w.org\/{rel}","templated":true}]}}