{"id":40742,"date":"2018-06-16T21:04:27","date_gmt":"2018-06-16T21:04:27","guid":{"rendered":"http:\/\/monta\u00f1asdelaluna.com\/?p=40742"},"modified":"2025-11-28T10:48:44","modified_gmt":"2025-11-28T10:48:44","slug":"picos-algas-3-033-mts-desde-el-refugio-de-bachimana","status":"publish","type":"post","link":"https:\/\/www.monta\u00f1asdelaluna.es\/?p=40742","title":{"rendered":"Picos Algas (3.033 mts.) desde el Refugio de Bachima\u00f1a"},"content":{"rendered":"<p>[vc_row][vc_column][vc_column_text]De nuevo el Pirineo, y de nuevo buscar una cima que se me resiste, el pico Argualas en las altas cumbres de m\u00e1s de tres mil metros de la zona de Panticosa. Ya hab\u00edan pasado m\u00e1s de 10 a\u00f1os despu\u00e9s del primer intento con Jes\u00fas Santana en aquel estupendo viaje compartido con Oli, en el que acampamos a mitad de camino entre las cimas al norte del balneario y el mismo balneario de Panticosa, descrito en <a href=\"https:\/\/www.monta\u00f1asdelaluna.es\/?p=34322\" target=\"_blank\" rel=\"noopener\">Los Infiernos, Algas y Garmo Negro<\/a>, donde el \u00fanico pico objetivo que nos falt\u00f3 por visitar era este mismo Argualas.<\/p>\n<p>Han pasado muchas cosas desde entonces, tiempo sobre todo, pero la monta\u00f1a intenta no cambiar. Eso s\u00ed, hay un refugio nuevo que visitar y estrenar: el Refugio de los Ibones de Bachima\u00f1a, plantado justo poco antes del Ib\u00f3n Grande de Bachima\u00f1a y a m\u00e1s de 500 metros arriba del bonito y encantador Refugio de Casa de Piedra y los edificios del mismo balneario. Estaremos a m\u00e1s altura para poder hacer el intento o aproximaci\u00f3n a la monta\u00f1a, aunque el camino nos desv\u00ede un poco hacia el este, dejando los picos m\u00e1s al norte, justo sobre el hueco del valle donde se halla el Balneario. Pero merecer\u00e1 la pena, seguro. Nos ahorramos esos 500 metros de desnivel aunque el refugio est\u00e9 poco m\u00e1s alejado.<\/p>\n<p>As\u00ed pues el pasado s\u00e1bado 16 de junio sal\u00edamos Pau, Francesc y yo hacia el Valle de Panticosa en busca de sus picos de m\u00e1s de tres mil metros y esos escondites tan singulares y preciosos del valle. La idea entonces es dejar el coche en el mismo Balneario de Panticosa; lo aparcamos cerca del Refugio Casa de Piedra, entre el ib\u00f3n y \u00e9ste, desde el cual, por la parte de atr\u00e1s, sale la senda, GR-11., en busca de los Ibones de Bachima\u00f1a, Francia y el mismo Refugio de Bachima\u00f1a.<\/p>\n<div id=\"attachment_40685\" style=\"width: 1034px\" class=\"wp-caption aligncenter\"><a class=\"dt-single-image\" href=\"https:\/\/www.monta\u00f1asdelaluna.es\/wp-content\/uploads\/2019\/12\/refugio-casa-de-piedra-en-panticosa.jpg\" data-dt-img-description=\"\"><img loading=\"lazy\" decoding=\"async\" aria-describedby=\"caption-attachment-40685\" class=\"wp-image-40685 size-large\" src=\"https:\/\/www.monta\u00f1asdelaluna.es\/wp-content\/uploads\/2019\/12\/refugio-casa-de-piedra-en-panticosa-1024x768.jpg\" alt=\"Refugio Casa de Piedra en Panticosa\" width=\"1024\" height=\"768\" srcset=\"https:\/\/www.monta\u00f1asdelaluna.es\/wp-content\/uploads\/2019\/12\/refugio-casa-de-piedra-en-panticosa-1024x768.jpg 1024w, https:\/\/www.monta\u00f1asdelaluna.es\/wp-content\/uploads\/2019\/12\/refugio-casa-de-piedra-en-panticosa-300x225.jpg 300w, https:\/\/www.monta\u00f1asdelaluna.es\/wp-content\/uploads\/2019\/12\/refugio-casa-de-piedra-en-panticosa.jpg 1788w\" sizes=\"auto, (max-width: 1024px) 100vw, 1024px\" \/><\/a><p id=\"caption-attachment-40685\" class=\"wp-caption-text\">Refugio Casa de Piedra en Panticosa<\/p><\/div>\n<div id=\"attachment_40691\" style=\"width: 1034px\" class=\"wp-caption aligncenter\"><a class=\"dt-single-image\" href=\"https:\/\/www.monta\u00f1asdelaluna.es\/wp-content\/uploads\/2019\/12\/detras-queda-el-ibon-de-banos-en-la-zona-del-balneario-de-panticosa.jpg\" data-dt-img-description=\"\"><img loading=\"lazy\" decoding=\"async\" aria-describedby=\"caption-attachment-40691\" class=\"wp-image-40691 size-large\" src=\"https:\/\/www.monta\u00f1asdelaluna.es\/wp-content\/uploads\/2019\/12\/detras-queda-el-ibon-de-banos-en-la-zona-del-balneario-de-panticosa-1024x768.jpg\" alt=\"Detr\u00e1s queda el Ib\u00f3n de Ba\u00f1os en la zona del Balneario de Panticosa\" width=\"1024\" height=\"768\" srcset=\"https:\/\/www.monta\u00f1asdelaluna.es\/wp-content\/uploads\/2019\/12\/detras-queda-el-ibon-de-banos-en-la-zona-del-balneario-de-panticosa-1024x768.jpg 1024w, https:\/\/www.monta\u00f1asdelaluna.es\/wp-content\/uploads\/2019\/12\/detras-queda-el-ibon-de-banos-en-la-zona-del-balneario-de-panticosa-300x225.jpg 300w, https:\/\/www.monta\u00f1asdelaluna.es\/wp-content\/uploads\/2019\/12\/detras-queda-el-ibon-de-banos-en-la-zona-del-balneario-de-panticosa.jpg 1788w\" sizes=\"auto, (max-width: 1024px) 100vw, 1024px\" \/><\/a><p id=\"caption-attachment-40691\" class=\"wp-caption-text\">Detr\u00e1s queda el Ib\u00f3n de Ba\u00f1os en la zona del Balneario de Panticosa<\/p><\/div>\n<p>El d\u00eda es id\u00f3neo, soleado, con buen tiempo. Justo detr\u00e1s del Refugio Casa de Piedra, un cartel azul nos indica para subir al Refugio de Los Ibones de Bachima\u00f1a y a la vez, nos se\u00f1ala el riesgo de aludes. El camino es f\u00e1cil; hace mucho que lo hice por primera vez en aquella actividad de subida a los <a href=\"https:\/\/www.monta\u00f1asdelaluna.es\/?p=25618\" target=\"_blank\" rel=\"noopener\">Picos del Infierno<\/a> de hace 14 a\u00f1os. La senda est\u00e1 muy bien se\u00f1alada, marcada, con carteles informativos en los cruces para que sigas en la direcci\u00f3n y recorrido correcto. Pasamos miradores a cascadas y al torrente que baja por el encajonado vallecillo; seguimos paralelos a \u00e9l. Llegados a un punto arriba de una especie de balc\u00f3n o morrena, aparece una parte del Ib\u00f3n de Bachima\u00f1a Inferior, y un cruce de recorridos: recto sigues hacia el Ib\u00f3n de Bachima\u00f1a Superior, recorriendo su orilla norte, y hacia los puertos y pasos a Francia, as\u00ed como el recorrido a los<a href=\"https:\/\/www.monta\u00f1asdelaluna.es\/?p=25618\" target=\"_blank\" rel=\"noopener\"> Picos del Infierno por los Ibones Azules<\/a>, ya nombrado antes; y a la derecha por una pasarela encima del muro de la presa de este peque\u00f1o Ib\u00f3n de Bachima\u00f1a, llegas a las puertas del Refugio de Bachima\u00f1a. Queda a pocos pasos y como medio escondido por el perfil de la misma monta\u00f1a, de la roca.<\/p>\n<p>Curiosamente el edificio del refugio est\u00e1 ubicado casi en el mismo lugar que aquellas casas o caba\u00f1as en las que pasamos aquella \u201caccidentada\u201d noche en la primera subida a los Picos del Infierno. Si no en el mismo sitio, cerca, pero como mirando al balc\u00f3n de roca, antigua morrena de los extintos glaciares, con todo el Valle de Panticosa delante y abajo. Llegamos al edificio y es casi como un hotel: una construcci\u00f3n recia con estancias grandes, habitaciones grandes con ba\u00f1o, muy nuevo y con mucha gente. Incluso un grupo de familias j\u00f3venes que parecen vascas han venido con sus ni\u00f1os y todos aqu\u00ed est\u00e1n jugando y yendo de un lado para otro. Desde su terraza ubicada hacia el oeste, mirando al fondo del Valle de Panticosa, se puede entrever nuestro objetivo all\u00e1 al fondo, coloreado por el sol del atardecer, el pico Argualas, con su inconfundible figura de monolito ancho y gigante, rodeado de paredes como un cubo, menos por un lado, el que sigue la cresta, casi afilada, hasta el Algas.<\/p>\n<div id=\"attachment_40695\" style=\"width: 1034px\" class=\"wp-caption aligncenter\"><a class=\"dt-single-image\" href=\"https:\/\/www.monta\u00f1asdelaluna.es\/wp-content\/uploads\/2019\/12\/refugio-de-los-ibones-de-bachimana-o-bachimana-2-197-mts.jpg\" data-dt-img-description=\"\"><img loading=\"lazy\" decoding=\"async\" aria-describedby=\"caption-attachment-40695\" class=\"wp-image-40695 size-large\" src=\"https:\/\/www.monta\u00f1asdelaluna.es\/wp-content\/uploads\/2019\/12\/refugio-de-los-ibones-de-bachimana-o-bachimana-2-197-mts-1024x768.jpg\" alt=\"Refugio de los Ibones de Bachima\u00f1a o Bachima\u00f1a, 2.197 mts.\" width=\"1024\" height=\"768\" srcset=\"https:\/\/www.monta\u00f1asdelaluna.es\/wp-content\/uploads\/2019\/12\/refugio-de-los-ibones-de-bachimana-o-bachimana-2-197-mts-1024x768.jpg 1024w, https:\/\/www.monta\u00f1asdelaluna.es\/wp-content\/uploads\/2019\/12\/refugio-de-los-ibones-de-bachimana-o-bachimana-2-197-mts-300x225.jpg 300w, https:\/\/www.monta\u00f1asdelaluna.es\/wp-content\/uploads\/2019\/12\/refugio-de-los-ibones-de-bachimana-o-bachimana-2-197-mts.jpg 1788w\" sizes=\"auto, (max-width: 1024px) 100vw, 1024px\" \/><\/a><p id=\"caption-attachment-40695\" class=\"wp-caption-text\">Refugio de los Ibones de Bachima\u00f1a o Bachima\u00f1a, 2.197 mts.<\/p><\/div>\n<div id=\"attachment_40699\" style=\"width: 1034px\" class=\"wp-caption aligncenter\"><a class=\"dt-single-image\" href=\"https:\/\/www.monta\u00f1asdelaluna.es\/wp-content\/uploads\/2019\/12\/IMG_7938.jpg\" data-dt-img-description=\"\"><img loading=\"lazy\" decoding=\"async\" aria-describedby=\"caption-attachment-40699\" class=\"wp-image-40699 size-large\" src=\"https:\/\/www.monta\u00f1asdelaluna.es\/wp-content\/uploads\/2019\/12\/IMG_7938-1024x768.jpg\" alt=\"Refugio de Bachima\u00f1a, 2.197 mts.\" width=\"1024\" height=\"768\" srcset=\"https:\/\/www.monta\u00f1asdelaluna.es\/wp-content\/uploads\/2019\/12\/IMG_7938-1024x768.jpg 1024w, https:\/\/www.monta\u00f1asdelaluna.es\/wp-content\/uploads\/2019\/12\/IMG_7938-300x225.jpg 300w, https:\/\/www.monta\u00f1asdelaluna.es\/wp-content\/uploads\/2019\/12\/IMG_7938.jpg 1788w\" sizes=\"auto, (max-width: 1024px) 100vw, 1024px\" \/><\/a><p id=\"caption-attachment-40699\" class=\"wp-caption-text\">Refugio de Bachima\u00f1a, 2.197 mts.<\/p><\/div>\n<p>Planeamos el ataque de ma\u00f1ana: con el nuevo mapa de Alpina ya sale el Refugio de Bachima\u00f1a y una sendilla o recorrido precario que desde \u00e9ste sale en direcci\u00f3n a coger la senda o recorrido que sale del Balneario de Panticosa hacia el Collado de Pondiellos y Los Infiernos. La idea es seguir esta sendilla, nueva para nosotros, que desemboca en la senda principal que viene del Balneario, del fondo del valle; y una vez cogida esta senda, seguir el \u201ccamino normal\u201d en direcci\u00f3n al Garmo Negro o Las Argualas. Subir el Pico Argualas y el resto que podamos, y bajar directamente al Balneario de Panticosa, donde acabar\u00e1 nuestra actividad y nos esperar\u00e1 Francesc tomando alguna cerveza en el bar del Refugio Casa de Piedra; ya que Francesc no nos acompa\u00f1ar\u00e1 debido a su lesi\u00f3n o malestar en la cadera.<\/p>\n<p>Con lo que al d\u00eda siguiente Pau y yo recogemos los b\u00e1rtulos, desayunamos, nos equipamos y partimos antes del amanecer del Refugio de Bachima\u00f1a, un refugio extraordinario al que hay que volver. Justo cuando las primeras luces iluminan el lugar, llegamos al cruce despu\u00e9s de cruzar la pasarela de la presa del Ib\u00f3n de Bachima\u00f1a Inferior. Aqu\u00ed tenemos que girar a la izquierda, como si quisi\u00e9ramos bajar a Panticosa, y al poco tiempo, poqu\u00edsimos metros senda abajo, por un lugar muy bien definido en el mapa y se\u00f1alizado el cruce por un hito de piedra, aparecer\u00e1 a la derecha una sendilla que seguiremos dejando la senda principal atr\u00e1s.<\/p>\n<p>El recorrido es algo perdedor y la nombrada senda no est\u00e1 marcada en el terreno como tal, quiero decir que no encontraremos un surco en el terreno pisado por muchas botas, en la mayor\u00eda de su recorrido. Al principio s\u00ed es una sendilla que despu\u00e9s se perder\u00e1 entre las rocas y escarpes. Hay que cruzar al otro lado de una loma rocosa o espol\u00f3n que baja de las alturas y m\u00e1s arriba es la cresta que nos tapa las vistas del Garmo Negro y Argualas desde el refugio.<\/p>\n<div id=\"attachment_40697\" style=\"width: 1034px\" class=\"wp-caption aligncenter\"><a class=\"dt-single-image\" href=\"https:\/\/www.monta\u00f1asdelaluna.es\/wp-content\/uploads\/2019\/12\/terraza-del-refugio-de-bachimana-con-vistas-al-pico-argualas-detras-al-fondo-izquierda.jpg\" data-dt-img-description=\"\"><img loading=\"lazy\" decoding=\"async\" aria-describedby=\"caption-attachment-40697\" class=\"wp-image-40697 size-large\" src=\"https:\/\/www.monta\u00f1asdelaluna.es\/wp-content\/uploads\/2019\/12\/terraza-del-refugio-de-bachimana-con-vistas-al-pico-argualas-detras-al-fondo-izquierda-1024x768.jpg\" alt=\"Terraza del Refugio de Bachima\u00f1a, con vistas al pico Argualas detr\u00e1s al fondo izquierda\" width=\"1024\" height=\"768\" srcset=\"https:\/\/www.monta\u00f1asdelaluna.es\/wp-content\/uploads\/2019\/12\/terraza-del-refugio-de-bachimana-con-vistas-al-pico-argualas-detras-al-fondo-izquierda-1024x768.jpg 1024w, https:\/\/www.monta\u00f1asdelaluna.es\/wp-content\/uploads\/2019\/12\/terraza-del-refugio-de-bachimana-con-vistas-al-pico-argualas-detras-al-fondo-izquierda-300x225.jpg 300w, https:\/\/www.monta\u00f1asdelaluna.es\/wp-content\/uploads\/2019\/12\/terraza-del-refugio-de-bachimana-con-vistas-al-pico-argualas-detras-al-fondo-izquierda.jpg 1788w\" sizes=\"auto, (max-width: 1024px) 100vw, 1024px\" \/><\/a><p id=\"caption-attachment-40697\" class=\"wp-caption-text\">Terraza del Refugio de Bachima\u00f1a, con vistas al pico Argualas detr\u00e1s al fondo izquierda<\/p><\/div>\n<div id=\"attachment_40700\" style=\"width: 1798px\" class=\"wp-caption aligncenter\"><a class=\"dt-single-image\" href=\"https:\/\/www.monta\u00f1asdelaluna.es\/wp-content\/uploads\/2019\/12\/en-el-centro-el-pico-foratula-con-su-cima-tricefalica.jpg\" data-dt-img-description=\"\"><img loading=\"lazy\" decoding=\"async\" aria-describedby=\"caption-attachment-40700\" class=\"wp-image-40700 size-full\" src=\"https:\/\/www.monta\u00f1asdelaluna.es\/wp-content\/uploads\/2019\/12\/en-el-centro-el-pico-foratula-con-su-cima-tricefalica.jpg\" alt=\"En el centro el Pico For\u00e1tula con su cima tricef\u00e1lica\" width=\"1788\" height=\"1004\" srcset=\"https:\/\/www.monta\u00f1asdelaluna.es\/wp-content\/uploads\/2019\/12\/en-el-centro-el-pico-foratula-con-su-cima-tricefalica.jpg 1788w, https:\/\/www.monta\u00f1asdelaluna.es\/wp-content\/uploads\/2019\/12\/en-el-centro-el-pico-foratula-con-su-cima-tricefalica-300x168.jpg 300w, https:\/\/www.monta\u00f1asdelaluna.es\/wp-content\/uploads\/2019\/12\/en-el-centro-el-pico-foratula-con-su-cima-tricefalica-1024x575.jpg 1024w\" sizes=\"auto, (max-width: 1788px) 100vw, 1788px\" \/><\/a><p id=\"caption-attachment-40700\" class=\"wp-caption-text\">En el centro el Pico For\u00e1tula con su cima tricef\u00e1lica<\/p><\/div>\n<p>Por suerte la decisi\u00f3n de salir justo cuando aclara el d\u00eda ha sido una buena elecci\u00f3n, ni demasiado oscuro para no poder descubrir los hitos que siguen este nuevo recorrido, ni demasiado tarde como para encontrarnos la nieve ya deshecha por el calor del d\u00eda m\u00e1s arriba. Con lo que fij\u00e1ndonos bien debemos estar atentos y seguir los hitos, los montoncitos de piedra que aparecen en el recorrido. La idea de este recorrido es no perder mucha altura desde la salida del refugio hasta coger la senda de subida al Collado de Pondiellos; pero el recorrido nos har\u00e1 pasar por lugares y escondites del terreno bajando hacia la derecha, subiendo hacia la izquierda, cruzando riachuelos, torrentes por lugares por los que piensas no debe de ir el recorrido, etc.\u2026 al final sales a una ladera rocosa y canchal de piedras, al otro lado de la vertiente, loma o parte baja del espol\u00f3n que queda enfrente del refugio como he nombrado antes.<\/p>\n<p>Seguimos entonces por esta m\u00e1s f\u00e1cil pendiente y ladera, ya con visibilidad sobre las monta\u00f1as que tenemos encima de nosotros, pero sin perder los hitos, esos montoncitos de piedra auxiliadores que te ayudan y gu\u00edan en estos recorridos sin senda. Justo algo m\u00e1s arriba el recorrido pasa por la parte sur del Ib\u00f3n de Los Arnales, un laguito de monta\u00f1a enclavado y encajonado justo bajo las paredes y escarpes del pico hom\u00f3nimo, que no llega a los tres mil metros. El d\u00eda ha amanecido muy despejado e ideal, y el frio es el justo para esta altura y \u00e9poca del a\u00f1o. No hace calor. Las fotos saldr\u00e1n magn\u00edficas en este d\u00eda.<\/p>\n<p>Bordeando la orilla del Ib\u00f3n de Los Arnales perdemos los hitos los cuales los volveremos a recuperar al salir al otro lado, en la ancha ladera de Las Argualas (ladera y nombre que se le da al lugar) justo bajo las bases de estos picos: Argualas, Garmo Negro y Pondiellos. Pau y yo nos separamos algo para acometer la intersecci\u00f3n del recorrido que llevamos con la senda que sube de Panticosa, senda y recorrido que ya vemos al salir de las orillas del ib\u00f3n. Tambi\u00e9n vemos monta\u00f1eros subir por ella: es el recorrido cl\u00e1sico y normal que viene de la zona del Balneario de Panticosa.<\/p>\n<div id=\"attachment_40703\" style=\"width: 1034px\" class=\"wp-caption aligncenter\"><a class=\"dt-single-image\" href=\"https:\/\/www.monta\u00f1asdelaluna.es\/wp-content\/uploads\/2019\/12\/IMG_7947.jpg\" data-dt-img-description=\"\"><img loading=\"lazy\" decoding=\"async\" aria-describedby=\"caption-attachment-40703\" class=\"wp-image-40703 size-large\" src=\"https:\/\/www.monta\u00f1asdelaluna.es\/wp-content\/uploads\/2019\/12\/IMG_7947-1024x768.jpg\" alt=\"Amanece mientras seguimos por el recorrido hacia las Argualas\" width=\"1024\" height=\"768\" srcset=\"https:\/\/www.monta\u00f1asdelaluna.es\/wp-content\/uploads\/2019\/12\/IMG_7947-1024x768.jpg 1024w, https:\/\/www.monta\u00f1asdelaluna.es\/wp-content\/uploads\/2019\/12\/IMG_7947-300x225.jpg 300w, https:\/\/www.monta\u00f1asdelaluna.es\/wp-content\/uploads\/2019\/12\/IMG_7947.jpg 1751w\" sizes=\"auto, (max-width: 1024px) 100vw, 1024px\" \/><\/a><p id=\"caption-attachment-40703\" class=\"wp-caption-text\">Amanece mientras seguimos por el recorrido hacia las Argualas<\/p><\/div>\n<div id=\"attachment_40705\" style=\"width: 1034px\" class=\"wp-caption aligncenter\"><a class=\"dt-single-image\" href=\"https:\/\/www.monta\u00f1asdelaluna.es\/wp-content\/uploads\/2019\/12\/delante-el-argualas-a-la-derecha-el-garmo-negro.jpg\" data-dt-img-description=\"\"><img loading=\"lazy\" decoding=\"async\" aria-describedby=\"caption-attachment-40705\" class=\"wp-image-40705 size-large\" src=\"https:\/\/www.monta\u00f1asdelaluna.es\/wp-content\/uploads\/2019\/12\/delante-el-argualas-a-la-derecha-el-garmo-negro-1024x768.jpg\" alt=\"Delante el Argualas, a la derecha el Garmo Negro\" width=\"1024\" height=\"768\" srcset=\"https:\/\/www.monta\u00f1asdelaluna.es\/wp-content\/uploads\/2019\/12\/delante-el-argualas-a-la-derecha-el-garmo-negro-1024x768.jpg 1024w, https:\/\/www.monta\u00f1asdelaluna.es\/wp-content\/uploads\/2019\/12\/delante-el-argualas-a-la-derecha-el-garmo-negro-300x225.jpg 300w, https:\/\/www.monta\u00f1asdelaluna.es\/wp-content\/uploads\/2019\/12\/delante-el-argualas-a-la-derecha-el-garmo-negro.jpg 1751w\" sizes=\"auto, (max-width: 1024px) 100vw, 1024px\" \/><\/a><p id=\"caption-attachment-40705\" class=\"wp-caption-text\">Delante el Argualas, a la derecha el Garmo Negro<\/p><\/div>\n<p>La nieve apareci\u00f3 sobre los 2.200 metros en forma de neveros, y poco m\u00e1s arriba ya todas las suaves laderas las cubre el blanco meteoro, d\u00e1ndole un aspecto a las cimas y partes altas de estas monta\u00f1as hermoso y espectacular, como siempre hace la nieve. Yo aparezco en la senda que viene de Panticosa poco m\u00e1s abajo que la ubicaci\u00f3n donde acampamos en el primer ascenso a estas monta\u00f1as, al <a href=\"https:\/\/www.monta\u00f1asdelaluna.es\/?p=34322\" target=\"_blank\" rel=\"noopener\">Garmo Negro y Algas<\/a>, o sea que debo de estar en esos 2.200 o 2.300 metros, casi la misma altura del Refugio de Bachima\u00f1a. Nos hemos mantenido en altura. Pau aparece poco m\u00e1s arriba de m\u00ed, en la misma senda. Poco a poco giramos por ella y dejamos de caminar en horizontal (senda por la que venimos) para ahora ir subiendo y cogiendo altura en busca del vallecillo o hueco o circo que queda entre el Garmo Negro y el Argualas, igual que hicimos en la nombrada y pasada actividad de subida al <a href=\"https:\/\/www.monta\u00f1asdelaluna.es\/?p=34322\" target=\"_blank\" rel=\"noopener\">Garmo Negro y Algas<\/a>. No me acuerdo de ver el cruce de sendas en la que una se dirig\u00eda al Collado de Pondiellos, para atacar el Pico Arnales, y los mismos Picos del Infierno, al otro lado de la vertiente del Garmo Negro, y la que nosotros ahora quer\u00edamos abordar. La cuesti\u00f3n es que llegados a una altura, giramos a la izquierda siguiendo un gran nevero de nieve dura y casi peligrosa, en busca del lugar nombrado entre el Argualas y el Garmo Negro. La huella est\u00e1 muy bien hecha aqu\u00ed, pero la pendiente es notable y un resbal\u00f3n, sin crampones, en la nieve, puede ser bastante accidental.<\/p>\n<p>Ahora arriba de nosotros tenemos justo la mole y escarpes del Garmo Negro, mientras seguimos en diagonal y cogiendo altura, hacia su lado oeste, entre \u00e9ste y el Argualas. Ya ha aparecido m\u00e1s gente, m\u00e1s monta\u00f1eros que sobre todo suben en direcci\u00f3n al Garmo Negro y seguimos el mismo camino, huella en la nieve. M\u00e1s arriba un peque\u00f1o rellano y giro a la derecha, para enfilar la \u00faltima subidita hasta el falso llano entre el Argualas y el Garmo Negro. El d\u00eda se mantiene excelente, soleado, pero fresco, no hace calor a pesar del sol; y las vistas ya desde aqu\u00ed comienzan a ser grandiosas y extraordinarias: sobre todo mirando hacia el sur con todo el Valle de Panticosa y su Balneario all\u00e1 abajo, y la zona del Brazato con sus monta\u00f1as que superan los dos mil setecientos metros y otras superan esos dos mil ochocientos metros.<\/p>\n<div id=\"attachment_40706\" style=\"width: 1034px\" class=\"wp-caption aligncenter\"><a class=\"dt-single-image\" href=\"https:\/\/www.monta\u00f1asdelaluna.es\/wp-content\/uploads\/2019\/12\/pasando-cerca-de-los-ibones-de-los-arnales.jpg\" data-dt-img-description=\"\"><img loading=\"lazy\" decoding=\"async\" aria-describedby=\"caption-attachment-40706\" class=\"wp-image-40706 size-large\" src=\"https:\/\/www.monta\u00f1asdelaluna.es\/wp-content\/uploads\/2019\/12\/pasando-cerca-de-los-ibones-de-los-arnales-1024x768.jpg\" alt=\"Pasando cerca de los Ibones de Los Arnales\" width=\"1024\" height=\"768\" srcset=\"https:\/\/www.monta\u00f1asdelaluna.es\/wp-content\/uploads\/2019\/12\/pasando-cerca-de-los-ibones-de-los-arnales-1024x768.jpg 1024w, https:\/\/www.monta\u00f1asdelaluna.es\/wp-content\/uploads\/2019\/12\/pasando-cerca-de-los-ibones-de-los-arnales-300x225.jpg 300w, https:\/\/www.monta\u00f1asdelaluna.es\/wp-content\/uploads\/2019\/12\/pasando-cerca-de-los-ibones-de-los-arnales.jpg 1751w\" sizes=\"auto, (max-width: 1024px) 100vw, 1024px\" \/><\/a><p id=\"caption-attachment-40706\" class=\"wp-caption-text\">Pasando cerca de los Ibones de Los Arnales<\/p><\/div>\n<div id=\"attachment_40708\" style=\"width: 1034px\" class=\"wp-caption aligncenter\"><a class=\"dt-single-image\" href=\"https:\/\/www.monta\u00f1asdelaluna.es\/wp-content\/uploads\/2019\/12\/subiendo-por-la-zona-de-las-argualas-detras-las-montanas-de-los-batanes-y-labaza-delante-pau.jpg\" data-dt-img-description=\"\"><img loading=\"lazy\" decoding=\"async\" aria-describedby=\"caption-attachment-40708\" class=\"wp-image-40708 size-large\" src=\"https:\/\/www.monta\u00f1asdelaluna.es\/wp-content\/uploads\/2019\/12\/subiendo-por-la-zona-de-las-argualas-detras-las-montanas-de-los-batanes-y-labaza-delante-pau-1024x768.jpg\" alt=\"Subiendo por la zona de las Argualas, detr\u00e1s las monta\u00f1as de los Batanes y Labaza, delante Pau\" width=\"1024\" height=\"768\" srcset=\"https:\/\/www.monta\u00f1asdelaluna.es\/wp-content\/uploads\/2019\/12\/subiendo-por-la-zona-de-las-argualas-detras-las-montanas-de-los-batanes-y-labaza-delante-pau-1024x768.jpg 1024w, https:\/\/www.monta\u00f1asdelaluna.es\/wp-content\/uploads\/2019\/12\/subiendo-por-la-zona-de-las-argualas-detras-las-montanas-de-los-batanes-y-labaza-delante-pau-300x225.jpg 300w, https:\/\/www.monta\u00f1asdelaluna.es\/wp-content\/uploads\/2019\/12\/subiendo-por-la-zona-de-las-argualas-detras-las-montanas-de-los-batanes-y-labaza-delante-pau.jpg 1751w\" sizes=\"auto, (max-width: 1024px) 100vw, 1024px\" \/><\/a><p id=\"caption-attachment-40708\" class=\"wp-caption-text\">Subiendo por la zona de las Argualas, detr\u00e1s las monta\u00f1as de los Batanes y Labaza, delante Pau<\/p><\/div>\n<p>Nos paramos Pau y yo para decidir por donde atacar al Argualas. Vemos que aqu\u00ed arriba ya hay mucha nieve, y por lo avanzado del d\u00eda la nieve ya comienza a ponerse blanda, inestable. Tenemos que seguir hasta un punto detr\u00e1s del Argualas, en su cresta, o en medio de la cresta entre \u00e9ste y el Algas, y seguir por la cresta hacia el sur hasta el gran monolito o cubo del Argualas. La subida la tenemos que hacer por la parte m\u00e1s ondulada y f\u00e1cil del lugar hasta el punto determinado, ya que, si atacamos directamente desde aqu\u00ed la cima del Argualas, el desnivel y dificultad de la pendiente y terreno nevado, es mayor. Con lo que hacemos es una especie de arco desde el punto en el que estamos hasta la cresta siguiendo las zonas m\u00e1s c\u00f3modas de superar.<\/p>\n<p>Aun as\u00ed, la nieve en ciertos momentos no est\u00e1 transformada y est\u00e1 blanda, pero en otros tramos s\u00ed encontramos nieve m\u00e1s endurecida y firme para poder avanzar sin hundirnos demasiado. Llegamos al nombrado punto y vemos la cresta hacia la izquierda en direcci\u00f3n a la cima del Argualas. Decidimos abrir un camino justo por debajo de la cresta y por nuestro lado para evitar el tener que crestear; que por cierto hacia esta parte de la monta\u00f1a no hab\u00eda nada de huella, teni\u00e9ndola que hacer nosotros en direcci\u00f3n a este collado entre el Pico Algas y el Argualas.<\/p>\n<p>La huella bajo la cresta parece m\u00e1s f\u00e1cil a priori, pero aun as\u00ed avanza por pasos algo m\u00e1s complicados entre nieve y roca. Seguimos poco a poco hasta llegar a un punto que ya la verticalidad de la pendiente de nieve es mayor, con lo que decidimos subirnos a la cresta y seguir por ella en direcci\u00f3n siempre sur, en busca de ese casi perfecto cubo de roca perpetuo e imponente que es el pico Argualas.<\/p>\n<div id=\"attachment_40712\" style=\"width: 1034px\" class=\"wp-caption aligncenter\"><a class=\"dt-single-image\" href=\"https:\/\/www.monta\u00f1asdelaluna.es\/wp-content\/uploads\/2019\/12\/llegando-entre-el-garmo-negro-y-el-argualas-al-fondo-las-montanas-de-gavarnie-y-monte-perdido-a-la-izquierda-el-vignemale.jpg\" data-dt-img-description=\"\"><img loading=\"lazy\" decoding=\"async\" aria-describedby=\"caption-attachment-40712\" class=\"wp-image-40712 size-large\" src=\"https:\/\/www.monta\u00f1asdelaluna.es\/wp-content\/uploads\/2019\/12\/llegando-entre-el-garmo-negro-y-el-argualas-al-fondo-las-montanas-de-gavarnie-y-monte-perdido-a-la-izquierda-el-vignemale-1024x768.jpg\" alt=\"Llegando entre el Garmo Negro y el Argualas, al fondo las monta\u00f1as de Gavarni\u00e9 y Monte Perdido, a la izquierda el Vignemale\" width=\"1024\" height=\"768\" srcset=\"https:\/\/www.monta\u00f1asdelaluna.es\/wp-content\/uploads\/2019\/12\/llegando-entre-el-garmo-negro-y-el-argualas-al-fondo-las-montanas-de-gavarnie-y-monte-perdido-a-la-izquierda-el-vignemale-1024x768.jpg 1024w, https:\/\/www.monta\u00f1asdelaluna.es\/wp-content\/uploads\/2019\/12\/llegando-entre-el-garmo-negro-y-el-argualas-al-fondo-las-montanas-de-gavarnie-y-monte-perdido-a-la-izquierda-el-vignemale-300x225.jpg 300w, https:\/\/www.monta\u00f1asdelaluna.es\/wp-content\/uploads\/2019\/12\/llegando-entre-el-garmo-negro-y-el-argualas-al-fondo-las-montanas-de-gavarnie-y-monte-perdido-a-la-izquierda-el-vignemale.jpg 1751w\" sizes=\"auto, (max-width: 1024px) 100vw, 1024px\" \/><\/a><p id=\"caption-attachment-40712\" class=\"wp-caption-text\">Llegando entre el Garmo Negro y el Argualas, al fondo las monta\u00f1as de Gavarni\u00e9 y Monte Perdido, a la izquierda el Vignemale<\/p><\/div>\n<div id=\"attachment_40714\" style=\"width: 1034px\" class=\"wp-caption aligncenter\"><a class=\"dt-single-image\" href=\"https:\/\/www.monta\u00f1asdelaluna.es\/wp-content\/uploads\/2019\/12\/delante-pau-comenzando-la-subida-al-argualas.jpg\" data-dt-img-description=\"\"><img loading=\"lazy\" decoding=\"async\" aria-describedby=\"caption-attachment-40714\" class=\"wp-image-40714 size-large\" src=\"https:\/\/www.monta\u00f1asdelaluna.es\/wp-content\/uploads\/2019\/12\/delante-pau-comenzando-la-subida-al-argualas-1024x768.jpg\" alt=\"Delante Pau comenzando la subida al Argualas\" width=\"1024\" height=\"768\" srcset=\"https:\/\/www.monta\u00f1asdelaluna.es\/wp-content\/uploads\/2019\/12\/delante-pau-comenzando-la-subida-al-argualas-1024x768.jpg 1024w, https:\/\/www.monta\u00f1asdelaluna.es\/wp-content\/uploads\/2019\/12\/delante-pau-comenzando-la-subida-al-argualas-300x225.jpg 300w, https:\/\/www.monta\u00f1asdelaluna.es\/wp-content\/uploads\/2019\/12\/delante-pau-comenzando-la-subida-al-argualas.jpg 1751w\" sizes=\"auto, (max-width: 1024px) 100vw, 1024px\" \/><\/a><p id=\"caption-attachment-40714\" class=\"wp-caption-text\">Delante Pau comenzando la subida al Argualas<\/p><\/div>\n<p>La cresta de roca es f\u00e1cil, entretenida, con pasos normales para lo que tiene que ser una cresta, pero nada dificultosa. Nos vamos acercando cada vez m\u00e1s a la base del Argualas desde la cresta. Ya casi lo tenemos a tocar. Llegados a un punto la cresta se acaba y aparece un escarpe de roca en subida como un espol\u00f3n vertical que te sube hasta la rocosa y plana cima del Argualas, y a la derecha, mirando ya hacia la otra vertiente de la cresta por la que ven\u00edamos, una especie de pala muy inclinada, casi vertical, en la que vemos huellas en la nieve impresas como indic\u00e1ndonos que por aqu\u00ed es el camino a seguir, a subir: las huellas comienza con pasos horizontales que luego giran y son verticales en la misma pala. Debajo de la pala toda la ladera del Argualas vertical, larga y peligrosa, un abismo peligroso donde no parece haber parada posible si caes por \u00e9l\u2026 al menos es lo que nos pareci\u00f3.<\/p>\n<p>Y llegados a este punto viendo que la subida por la roca era dificultosa, la mejor subida hubiera sido por las huellas en la pala de nieve que te dejaban directamente en la cima. Pero observando la forma y condiciones en las que tendr\u00edamos que subir y bajar por esa inclinada pala con ca\u00edda casi al mismo vac\u00edo, comprob\u00e9 que nos har\u00eda falta los 2 piolets para asegurarnos la subida y bajada, y solo llev\u00e1bamos uno de los piolets t\u00e9cnicos\u2026 Quiz\u00e1s por falta de costumbre de volvernos a encontrar en situaciones como \u00e9sta o por excesiva precauci\u00f3n, decidimos no jug\u00e1rnosla y no dirigirnos hacia estas huellas, hacia esta subida\u2026 aunque igual la huella ya hecha nos hubiera facilitado la subida, bajada\u2026 no s\u00e9, mejor no meterse en camisa de once varas. Y descartada la subida por el espol\u00f3n vertical de roca que segu\u00eda la cresta hasta la cima del pico, desistimos de llegar a la cima del pico Argualas.<\/p>\n<div id=\"attachment_40719\" style=\"width: 1034px\" class=\"wp-caption aligncenter\"><a class=\"dt-single-image\" href=\"https:\/\/www.monta\u00f1asdelaluna.es\/wp-content\/uploads\/2019\/12\/pau-volviendo-del-intento-al-argualas-al-fondo-izquierda-queda-el-vignemale.jpg\" data-dt-img-description=\"\"><img loading=\"lazy\" decoding=\"async\" aria-describedby=\"caption-attachment-40719\" class=\"wp-image-40719 size-large\" src=\"https:\/\/www.monta\u00f1asdelaluna.es\/wp-content\/uploads\/2019\/12\/pau-volviendo-del-intento-al-argualas-al-fondo-izquierda-queda-el-vignemale-1024x768.jpg\" alt=\"Pau volviendo del intento al Argualas, al fondo izquierda queda el Vignemale\" width=\"1024\" height=\"768\" srcset=\"https:\/\/www.monta\u00f1asdelaluna.es\/wp-content\/uploads\/2019\/12\/pau-volviendo-del-intento-al-argualas-al-fondo-izquierda-queda-el-vignemale-1024x768.jpg 1024w, https:\/\/www.monta\u00f1asdelaluna.es\/wp-content\/uploads\/2019\/12\/pau-volviendo-del-intento-al-argualas-al-fondo-izquierda-queda-el-vignemale-300x225.jpg 300w, https:\/\/www.monta\u00f1asdelaluna.es\/wp-content\/uploads\/2019\/12\/pau-volviendo-del-intento-al-argualas-al-fondo-izquierda-queda-el-vignemale.jpg 1751w\" sizes=\"auto, (max-width: 1024px) 100vw, 1024px\" \/><\/a><p id=\"caption-attachment-40719\" class=\"wp-caption-text\">Pau volviendo del intento al Argualas, al fondo izquierda queda el Vignemale<\/p><\/div>\n<div id=\"attachment_40722\" style=\"width: 1034px\" class=\"wp-caption aligncenter\"><a class=\"dt-single-image\" href=\"https:\/\/www.monta\u00f1asdelaluna.es\/wp-content\/uploads\/2019\/12\/el-argualas-se-distingue-la-huella-hecha-por-nosotros-al-fondo-izquierda-el-circo-de-gavarnie-y-monte-perdido.jpg\" data-dt-img-description=\"\"><img loading=\"lazy\" decoding=\"async\" aria-describedby=\"caption-attachment-40722\" class=\"wp-image-40722 size-large\" src=\"https:\/\/www.monta\u00f1asdelaluna.es\/wp-content\/uploads\/2019\/12\/el-argualas-se-distingue-la-huella-hecha-por-nosotros-al-fondo-izquierda-el-circo-de-gavarnie-y-monte-perdido-1024x768.jpg\" alt=\"\" width=\"1024\" height=\"768\" srcset=\"https:\/\/www.monta\u00f1asdelaluna.es\/wp-content\/uploads\/2019\/12\/el-argualas-se-distingue-la-huella-hecha-por-nosotros-al-fondo-izquierda-el-circo-de-gavarnie-y-monte-perdido-1024x768.jpg 1024w, https:\/\/www.monta\u00f1asdelaluna.es\/wp-content\/uploads\/2019\/12\/el-argualas-se-distingue-la-huella-hecha-por-nosotros-al-fondo-izquierda-el-circo-de-gavarnie-y-monte-perdido-300x225.jpg 300w, https:\/\/www.monta\u00f1asdelaluna.es\/wp-content\/uploads\/2019\/12\/el-argualas-se-distingue-la-huella-hecha-por-nosotros-al-fondo-izquierda-el-circo-de-gavarnie-y-monte-perdido.jpg 1751w\" sizes=\"auto, (max-width: 1024px) 100vw, 1024px\" \/><\/a><p id=\"caption-attachment-40722\" class=\"wp-caption-text\">El Argualas, se distingue la huella hecha por nosotros. Al fondo izquierda el Circo de Gavarni\u00e9 y Monte Perdido<\/p><\/div>\n<p>Era mi segundo intento, ya que en aquella actividad en la que subimos el <a href=\"https:\/\/www.monta\u00f1asdelaluna.es\/?p=34322\" target=\"_blank\" rel=\"noopener\">Pico Algas y el Garmo Negro,<\/a> la idea era subir antes el Argualas, faro y pe\u00f1\u00f3n \u00fanico vigilante del Valle de Panticosa y del Balneario, y mi segunda frustraci\u00f3n en llegar a su cima. Pero no pasa nada, nos hemos acercado mucho como para saber y conocer sus condiciones con nieve. Seguramente sin nieve no hubiera tenido ninguna dificultad, pero bueno, lo especial de estas monta\u00f1as es cogerlas en condiciones invernales, son preciosas, extremas y emocionantes.<\/p>\n<p>Decidimos volver deshaciendo el camino, nuestra huella dejada en la nieve bajo la cresta, despu\u00e9s de haber hecho la parte de cresta bajo y al norte del Argualas. Llegamos hasta el punto donde giramos a la izquierda para seguir bajo la cresta y nos paramos para ver que rumbo seguir, que hacer\u2026 los picos de Algas est\u00e1n a tocar tambi\u00e9n\u2026<\/p>\n<div id=\"attachment_40721\" style=\"width: 1034px\" class=\"wp-caption aligncenter\"><a class=\"dt-single-image\" href=\"https:\/\/www.monta\u00f1asdelaluna.es\/wp-content\/uploads\/2019\/12\/pau-llegando-al-pico-algas-a-la-izquierda-el-argualas-detras-al-fondo-la-sierra-dera-partacua.jpg\" data-dt-img-description=\"\"><img loading=\"lazy\" decoding=\"async\" aria-describedby=\"caption-attachment-40721\" class=\"wp-image-40721 size-large\" src=\"https:\/\/www.monta\u00f1asdelaluna.es\/wp-content\/uploads\/2019\/12\/pau-llegando-al-pico-algas-a-la-izquierda-el-argualas-detras-al-fondo-la-sierra-dera-partacua-1024x768.jpg\" alt=\"Pau llegando al Pico Algas, a la izquierda el Argualas, detr\u00e1s al fondo la Sierra dera Partacua\" width=\"1024\" height=\"768\" srcset=\"https:\/\/www.monta\u00f1asdelaluna.es\/wp-content\/uploads\/2019\/12\/pau-llegando-al-pico-algas-a-la-izquierda-el-argualas-detras-al-fondo-la-sierra-dera-partacua-1024x768.jpg 1024w, https:\/\/www.monta\u00f1asdelaluna.es\/wp-content\/uploads\/2019\/12\/pau-llegando-al-pico-algas-a-la-izquierda-el-argualas-detras-al-fondo-la-sierra-dera-partacua-300x225.jpg 300w, https:\/\/www.monta\u00f1asdelaluna.es\/wp-content\/uploads\/2019\/12\/pau-llegando-al-pico-algas-a-la-izquierda-el-argualas-detras-al-fondo-la-sierra-dera-partacua.jpg 1751w\" sizes=\"auto, (max-width: 1024px) 100vw, 1024px\" \/><\/a><p id=\"caption-attachment-40721\" class=\"wp-caption-text\">Pau llegando al Pico Algas, a la izquierda el Argualas, detr\u00e1s al fondo la Sierra dera Partacua<\/p><\/div>\n<div id=\"attachment_40726\" style=\"width: 1034px\" class=\"wp-caption aligncenter\"><a class=\"dt-single-image\" href=\"https:\/\/www.monta\u00f1asdelaluna.es\/wp-content\/uploads\/2019\/12\/joaquin-y-pau-en-la-cima-del-algas-algas-sur-3-033-mts-al-fondo-los-picos-del-infierno.jpg\" data-dt-img-description=\"\"><img loading=\"lazy\" decoding=\"async\" aria-describedby=\"caption-attachment-40726\" class=\"wp-image-40726 size-large\" src=\"https:\/\/www.monta\u00f1asdelaluna.es\/wp-content\/uploads\/2019\/12\/joaquin-y-pau-en-la-cima-del-algas-algas-sur-3-033-mts-al-fondo-los-picos-del-infierno-1024x768.jpg\" alt=\"Joaqu\u00edn y Pau en la cima del Algas (Algas Sur), 3.033 mts., al fondo los Picos del Infierno\" width=\"1024\" height=\"768\" srcset=\"https:\/\/www.monta\u00f1asdelaluna.es\/wp-content\/uploads\/2019\/12\/joaquin-y-pau-en-la-cima-del-algas-algas-sur-3-033-mts-al-fondo-los-picos-del-infierno-1024x768.jpg 1024w, https:\/\/www.monta\u00f1asdelaluna.es\/wp-content\/uploads\/2019\/12\/joaquin-y-pau-en-la-cima-del-algas-algas-sur-3-033-mts-al-fondo-los-picos-del-infierno-300x225.jpg 300w, https:\/\/www.monta\u00f1asdelaluna.es\/wp-content\/uploads\/2019\/12\/joaquin-y-pau-en-la-cima-del-algas-algas-sur-3-033-mts-al-fondo-los-picos-del-infierno.jpg 1751w\" sizes=\"auto, (max-width: 1024px) 100vw, 1024px\" \/><\/a><p id=\"caption-attachment-40726\" class=\"wp-caption-text\">Joaqu\u00edn y Pau en la cima del Algas (Algas Sur), 3.033 mts., al fondo los Picos del Infierno<\/p><\/div>\n<p>El d\u00eda comienza a taparse con una enorme lona que parece sean las nubes altas casi transparentes, de ese blanco sucio casi gris\u00e1ceo, pero no hay amenazas de cambio de tiempo. Tenemos el Pico Algas, la cima sur m\u00e1s importante a tocar, ya que no hemos subido al Argualas, decidimos subir a \u00e9ste y al otro Algas, el norte. La cima sur del Pico Algas ya la hicimos cuando subimos por primera vez el Garmo Negro en aquella salida en la que tambi\u00e9n hicimos los <a href=\"https:\/\/www.monta\u00f1asdelaluna.es\/?p=34322\" target=\"_blank\" rel=\"noopener\">Picos del Infierno<\/a> central y oriental, pero el Algas Norte me parece que no\u2026 Es f\u00e1cil, llegados a este punto bajo el colladito o parte m\u00e1s f\u00e1cil y asequible de la cresta entre el Argualas y el Algas, seguimos por las palas de nieve y luego roca hasta la cima, al norte, del Pico Algas. No tiene perdida ni es dif\u00edcil.[vc_separator][\/vc_column_text][\/vc_column][\/vc_row][vc_row][vc_column][vc_empty_space][\/vc_column][\/vc_row][vc_row][vc_column][vc_video link=\u00bbhttps:\/\/vimeo.com\/379413001?share=copy&amp;fl=sv&amp;fe=ci#t=0&#8243; title=\u00bbPico Algas, 3.033 mts.\u00bb][\/vc_column][\/vc_row][vc_row][vc_column][vc_empty_space][\/vc_column][\/vc_row][vc_row][vc_column][vc_column_text]Foto de cumbre en la cima del Pico Algas o Algas Sur, a 3.033 mts. Llegamos y nos encontramos con lo que parece un gu\u00eda franc\u00e9s con su cliente, que da la sensaci\u00f3n han subido hasta el Algas como si fuera un entreno o prueba; ya se bajaban directos por la nieve. Aparte de ellos nadie m\u00e1s por aqu\u00ed. Las vistas desde aqu\u00ed son extraordinarias ya que abarcas y ves paisaje que desde el resto de picos no ver\u00edas\u2026 por ejemplo puedes ver la gran Sierra dera Partacua al otro lado del extenso y magn\u00edfico Valle de Tena, hacia el oeste, con sus decenas de picos calizos destacando el Pe\u00f1a Telera, el Collarada\u2026 tambi\u00e9n como los m\u00e1s altos. Al otro lado, delante, la subida y gran pala de nieve del Garmo Negro donde divisamos la forma entera de la monta\u00f1a con forma como de casco, detr\u00e1s de nosotros el espectacular Argualas con su cresta que le precede desde aqu\u00ed y con su t\u00edpica forma de cubo; detr\u00e1s del Garmo Negro y mirando poco m\u00e1s al noreste los inconfundibles Picos del Infierno, que m\u00e1s que picos parece una muralla gigantesca, blanca, roja y gris, como el t\u00edpico color de su roca, y 3 torreoncillos. Y mirando al norte las estribaciones y perfiles del Bala\u00eftous, Frondella e incluso del inconfundible y espectacular Pic du Midi d\u2019Ossau, esa fortaleza, esa torre inexpugnable\u2026 todo precioso con sus formas y nieve aun inundando sus laderas, escarpes.<\/p>\n<div id=\"attachment_40723\" style=\"width: 1761px\" class=\"wp-caption aligncenter\"><a class=\"dt-single-image\" href=\"https:\/\/www.monta\u00f1asdelaluna.es\/wp-content\/uploads\/2019\/12\/el-argualas-y-su-cresta-a-la-derecha-se-distingue-la-huella-hecha-por-nosotros-a-la-izquierda-el-vignemale.jpg\" data-dt-img-description=\"\"><img loading=\"lazy\" decoding=\"async\" aria-describedby=\"caption-attachment-40723\" class=\"wp-image-40723 size-full\" src=\"https:\/\/www.monta\u00f1asdelaluna.es\/wp-content\/uploads\/2019\/12\/el-argualas-y-su-cresta-a-la-derecha-se-distingue-la-huella-hecha-por-nosotros-a-la-izquierda-el-vignemale.jpg\" alt=\"El Argualas y su cresta a la derecha, se distingue la huella hecha por nosotros; a la izquierda el Vignemale\" width=\"1751\" height=\"1313\" srcset=\"https:\/\/www.monta\u00f1asdelaluna.es\/wp-content\/uploads\/2019\/12\/el-argualas-y-su-cresta-a-la-derecha-se-distingue-la-huella-hecha-por-nosotros-a-la-izquierda-el-vignemale.jpg 1751w, https:\/\/www.monta\u00f1asdelaluna.es\/wp-content\/uploads\/2019\/12\/el-argualas-y-su-cresta-a-la-derecha-se-distingue-la-huella-hecha-por-nosotros-a-la-izquierda-el-vignemale-300x225.jpg 300w, https:\/\/www.monta\u00f1asdelaluna.es\/wp-content\/uploads\/2019\/12\/el-argualas-y-su-cresta-a-la-derecha-se-distingue-la-huella-hecha-por-nosotros-a-la-izquierda-el-vignemale-1024x768.jpg 1024w\" sizes=\"auto, (max-width: 1751px) 100vw, 1751px\" \/><\/a><p id=\"caption-attachment-40723\" class=\"wp-caption-text\">El Argualas y su cresta a la derecha, se distingue la huella hecha por nosotros; a la izquierda el Vignemale<\/p><\/div>\n<div id=\"attachment_40725\" style=\"width: 1761px\" class=\"wp-caption aligncenter\"><a class=\"dt-single-image\" href=\"https:\/\/www.monta\u00f1asdelaluna.es\/wp-content\/uploads\/2019\/12\/los-picos-del-infierno-desde-la-cima-del-algas.jpg\" data-dt-img-description=\"\"><img loading=\"lazy\" decoding=\"async\" aria-describedby=\"caption-attachment-40725\" class=\"wp-image-40725 size-full\" src=\"https:\/\/www.monta\u00f1asdelaluna.es\/wp-content\/uploads\/2019\/12\/los-picos-del-infierno-desde-la-cima-del-algas.jpg\" alt=\"Los Picos del Infierno desde la cima del Algas\" width=\"1751\" height=\"1313\" srcset=\"https:\/\/www.monta\u00f1asdelaluna.es\/wp-content\/uploads\/2019\/12\/los-picos-del-infierno-desde-la-cima-del-algas.jpg 1751w, https:\/\/www.monta\u00f1asdelaluna.es\/wp-content\/uploads\/2019\/12\/los-picos-del-infierno-desde-la-cima-del-algas-300x225.jpg 300w, https:\/\/www.monta\u00f1asdelaluna.es\/wp-content\/uploads\/2019\/12\/los-picos-del-infierno-desde-la-cima-del-algas-1024x768.jpg 1024w\" sizes=\"auto, (max-width: 1751px) 100vw, 1751px\" \/><\/a><p id=\"caption-attachment-40725\" class=\"wp-caption-text\">Los Picos del Infierno desde la cima del Algas<\/p><\/div>\n<p>Comemos poca cosa y seguimos por la cresta cimera hacia el norte, no hay otra. Y al poco llegamos a lo que ser\u00eda el ap\u00e9ndice de dicha cresta en el punto en el que gira y comienza a bajar para encontrarse con el m\u00e1s suave Collada de las Argualas, el punto m\u00e1s bajo entre los cordales que unen los picos de Algas y el Garmo Negro. La cresta es f\u00e1cil, ancha, pero en ocasiones te puedes asomar al otro lado, al lado oeste y norte, y el precipicio y abismo es enorme, inconmensurable, vertiginoso y pavoroso\u2026 Pues bien, este ap\u00e9ndice es el Algas Norte (3.032 mts.), de tan solo un metro m\u00e1s bajo que su hermano mayor (mellizo), el Algas sur.<\/p>\n<p>Peque\u00f1o descanso aqu\u00ed, aunque Pau ya se dispone a bajar e intentar llegar a la cima del Garmo Negro. Yo le digo que no me apetece subirla, que bajo tranquilamente hasta el rellano entre la pala o mole del Garmo Negro y el circo del Argualas, Algas. Mientras Pau baja por la cresta en busca de la Collada de las Argualas, yo disfruto un poco m\u00e1s del d\u00eda, de las vistas, del lugar\u2026 es magn\u00edfico. Me hago la foto de cumbre y pienso en la futura expedici\u00f3n al Pamir\u2026 aquello no ser\u00e1n los Pirineos.<\/p>\n<p>Mientras observo como Pau comienza su r\u00e1pida subida al Garmo Negro, yo ya emprendo mi bajada a la Collada de Las Argualas. Otra cresta f\u00e1cil, aunque m\u00e1s que cresta es una bajada por la roca escalonada sin peligro ni escarpes pronunciables, a menos que te asomes o te acerques al lado norte, por el precipicio, por el barranco hacia el vac\u00edo\u2026 Impresionable.<\/p>\n<div id=\"attachment_40735\" style=\"width: 1034px\" class=\"wp-caption aligncenter\"><a class=\"dt-single-image\" href=\"https:\/\/www.monta\u00f1asdelaluna.es\/wp-content\/uploads\/2019\/12\/joaquin-en-la-cima-del-algas-norte-3-032-mts-detras-el-algas-o-algas-sur.jpg\" data-dt-img-description=\"\"><img loading=\"lazy\" decoding=\"async\" aria-describedby=\"caption-attachment-40735\" class=\"wp-image-40735 size-large\" src=\"https:\/\/www.monta\u00f1asdelaluna.es\/wp-content\/uploads\/2019\/12\/joaquin-en-la-cima-del-algas-norte-3-032-mts-detras-el-algas-o-algas-sur-1024x768.jpg\" alt=\"Joaqu\u00edn en la cima del Algas Norte, 3.032 mts., detr\u00e1s el Algas o Algas Sur\" width=\"1024\" height=\"768\" srcset=\"https:\/\/www.monta\u00f1asdelaluna.es\/wp-content\/uploads\/2019\/12\/joaquin-en-la-cima-del-algas-norte-3-032-mts-detras-el-algas-o-algas-sur-1024x768.jpg 1024w, https:\/\/www.monta\u00f1asdelaluna.es\/wp-content\/uploads\/2019\/12\/joaquin-en-la-cima-del-algas-norte-3-032-mts-detras-el-algas-o-algas-sur-300x225.jpg 300w, https:\/\/www.monta\u00f1asdelaluna.es\/wp-content\/uploads\/2019\/12\/joaquin-en-la-cima-del-algas-norte-3-032-mts-detras-el-algas-o-algas-sur.jpg 1751w\" sizes=\"auto, (max-width: 1024px) 100vw, 1024px\" \/><\/a><p id=\"caption-attachment-40735\" class=\"wp-caption-text\">Joaqu\u00edn en la cima del Algas Norte, 3.032 mts., detr\u00e1s el Algas o Algas Sur<\/p><\/div>\n<div id=\"attachment_40732\" style=\"width: 1034px\" class=\"wp-caption aligncenter\"><a class=\"dt-single-image\" href=\"https:\/\/www.monta\u00f1asdelaluna.es\/wp-content\/uploads\/2019\/12\/a-la-izquierda-el-argualas-y-a-la-derecha-el-algas-desde-la-cima-del-algas-norte.jpg\" data-dt-img-description=\"\"><img loading=\"lazy\" decoding=\"async\" aria-describedby=\"caption-attachment-40732\" class=\"wp-image-40732 size-large\" src=\"https:\/\/www.monta\u00f1asdelaluna.es\/wp-content\/uploads\/2019\/12\/a-la-izquierda-el-argualas-y-a-la-derecha-el-algas-desde-la-cima-del-algas-norte-1024x768.jpg\" alt=\"A la izquierda el Argualas y a la derecha el Algas desde la cima del Algas Norte\" width=\"1024\" height=\"768\" srcset=\"https:\/\/www.monta\u00f1asdelaluna.es\/wp-content\/uploads\/2019\/12\/a-la-izquierda-el-argualas-y-a-la-derecha-el-algas-desde-la-cima-del-algas-norte-1024x768.jpg 1024w, https:\/\/www.monta\u00f1asdelaluna.es\/wp-content\/uploads\/2019\/12\/a-la-izquierda-el-argualas-y-a-la-derecha-el-algas-desde-la-cima-del-algas-norte-300x225.jpg 300w, https:\/\/www.monta\u00f1asdelaluna.es\/wp-content\/uploads\/2019\/12\/a-la-izquierda-el-argualas-y-a-la-derecha-el-algas-desde-la-cima-del-algas-norte.jpg 1751w\" sizes=\"auto, (max-width: 1024px) 100vw, 1024px\" \/><\/a><p id=\"caption-attachment-40732\" class=\"wp-caption-text\">A la izquierda el Argualas y a la derecha el Algas desde la cima del Algas Norte<\/p><\/div>\n<p>Llego a un punto m\u00e1s bajo que la collada y ya veo como all\u00e1 arriba a lo lejos, en la cima del Garmo Negro, Pau comienza a bajar por una senda de nieve blanda e inestable, en una ladera vertical, de pronunciada pendiente. Poco tiempo despu\u00e9s ya veo como se acerca Pau hasta donde estoy yo con paso tambaleante por el mal estado de la nieve y su cantidad, profundidad, que a esta hora del d\u00eda ya est\u00e1 hecha caldete.<\/p>\n<p>Y ya juntos emprendemos el camino de bajada. Otros monta\u00f1eros ya han comenzado la bajada hace un tiempo, y otros, a pesar de la hora que es, a\u00fan suben \u00a1\u00a1Donde van!! La bajada la hacemos deshaciendo el camino, la huella hecha en la nieve, nosotros y todos los visitantes de estas monta\u00f1as y lugares, pasando por los mismos puntos r\u00e1pidamente hasta llegar al punto al cual nosotros nos un\u00edamos a esta senda venidos del Refugio de Bachima\u00f1a.<\/p>\n<p>Aqu\u00ed ya comenzamos la bajada hacia el Balneario de Panticosa, hacia su ib\u00f3n represado y fondo del valle. La misma bajada que en aquella subida, repetida varias veces, de los <a href=\"https:\/\/www.monta\u00f1asdelaluna.es\/?p=34322\" target=\"_blank\" rel=\"noopener\">Picos del Infierno, Garmo Negro, Algas<\/a>. Poco a poco vamos bajando altitud r\u00e1pidamente. Dejamos de pisar nieve. Cogemos una senda zigzagueante entre las praderas, despu\u00e9s entre los bosques que protegen el valle y lo rodean. Hasta llegar al llano camino que rodea el nombrado Ib\u00f3n de Panticosa, y seguir las indicaciones, recorrido, hasta la terraza el Refugio Casa de Piedra donde nos espera Francesc con una jarra de cerveza bien fresca.<\/p>\n<div id=\"attachment_40733\" style=\"width: 1034px\" class=\"wp-caption aligncenter\"><a class=\"dt-single-image\" href=\"https:\/\/www.monta\u00f1asdelaluna.es\/wp-content\/uploads\/2019\/12\/pau-bajando-del-algas-norte-hacia-la-collada-dera-argualas-delante-el-garmo-negro-a-la-izquierda-el-infierno-oriental-y-los-arnales-y-al-fondo-derecha-el-vignemale.jpg\" data-dt-img-description=\"\"><img loading=\"lazy\" decoding=\"async\" aria-describedby=\"caption-attachment-40733\" class=\"wp-image-40733 size-large\" src=\"https:\/\/www.monta\u00f1asdelaluna.es\/wp-content\/uploads\/2019\/12\/pau-bajando-del-algas-norte-hacia-la-collada-dera-argualas-delante-el-garmo-negro-a-la-izquierda-el-infierno-oriental-y-los-arnales-y-al-fondo-derecha-el-vignemale-1024x768.jpg\" alt=\"Pau bajando del Algas Norte hacia la Collada dera Argualas, delante el Garmo Negro, a la izquierda el Infierno Oriental y Los Arnales, y al fondo derecha el Vignemale\" width=\"1024\" height=\"768\" srcset=\"https:\/\/www.monta\u00f1asdelaluna.es\/wp-content\/uploads\/2019\/12\/pau-bajando-del-algas-norte-hacia-la-collada-dera-argualas-delante-el-garmo-negro-a-la-izquierda-el-infierno-oriental-y-los-arnales-y-al-fondo-derecha-el-vignemale-1024x768.jpg 1024w, https:\/\/www.monta\u00f1asdelaluna.es\/wp-content\/uploads\/2019\/12\/pau-bajando-del-algas-norte-hacia-la-collada-dera-argualas-delante-el-garmo-negro-a-la-izquierda-el-infierno-oriental-y-los-arnales-y-al-fondo-derecha-el-vignemale-300x225.jpg 300w, https:\/\/www.monta\u00f1asdelaluna.es\/wp-content\/uploads\/2019\/12\/pau-bajando-del-algas-norte-hacia-la-collada-dera-argualas-delante-el-garmo-negro-a-la-izquierda-el-infierno-oriental-y-los-arnales-y-al-fondo-derecha-el-vignemale.jpg 1751w\" sizes=\"auto, (max-width: 1024px) 100vw, 1024px\" \/><\/a><p id=\"caption-attachment-40733\" class=\"wp-caption-text\">Pau bajando del Algas Norte hacia la Collada dera Argualas, delante el Garmo Negro, a la izquierda el Infierno Oriental y Los Arnales, y al fondo derecha el Vignemale<\/p><\/div>\n<div id=\"attachment_40737\" style=\"width: 1034px\" class=\"wp-caption aligncenter\"><a class=\"dt-single-image\" href=\"https:\/\/www.monta\u00f1asdelaluna.es\/wp-content\/uploads\/2019\/12\/pau-bajando-de-las-argualas-delante-el-pico-foratula-a-la-derecha-y-en-el-centro-el-valle-de-brazato.jpg\" data-dt-img-description=\"\"><img loading=\"lazy\" decoding=\"async\" aria-describedby=\"caption-attachment-40737\" class=\"wp-image-40737 size-large\" src=\"https:\/\/www.monta\u00f1asdelaluna.es\/wp-content\/uploads\/2019\/12\/pau-bajando-de-las-argualas-delante-el-pico-foratula-a-la-derecha-y-en-el-centro-el-valle-de-brazato-1024x768.jpg\" alt=\"Pau bajando de las Argualas, delante el Pico For\u00e1tula a la derecha y en el centro el valle de Brazato\" width=\"1024\" height=\"768\" srcset=\"https:\/\/www.monta\u00f1asdelaluna.es\/wp-content\/uploads\/2019\/12\/pau-bajando-de-las-argualas-delante-el-pico-foratula-a-la-derecha-y-en-el-centro-el-valle-de-brazato-1024x768.jpg 1024w, https:\/\/www.monta\u00f1asdelaluna.es\/wp-content\/uploads\/2019\/12\/pau-bajando-de-las-argualas-delante-el-pico-foratula-a-la-derecha-y-en-el-centro-el-valle-de-brazato-300x225.jpg 300w, https:\/\/www.monta\u00f1asdelaluna.es\/wp-content\/uploads\/2019\/12\/pau-bajando-de-las-argualas-delante-el-pico-foratula-a-la-derecha-y-en-el-centro-el-valle-de-brazato.jpg 1751w\" sizes=\"auto, (max-width: 1024px) 100vw, 1024px\" \/><\/a><p id=\"caption-attachment-40737\" class=\"wp-caption-text\">Pau bajando de las Argualas, delante el Pico For\u00e1tula a la derecha y en el centro el valle de Brazato<\/p><\/div>\n<p>Y de nuevo nos volvemos a casa sin llegar a la cima de este enigm\u00e1tico y llamativo pico. Precioso y magn\u00edfico. As\u00ed como inconquistable y lejano, lejano en intentos y hacer su ansiada cima. Sin duda volver\u00e9, a la tercera va la vencida, y esta vez nos aseguraremos el \u00e9xito\u2026 no se puede escapar. Por cierto, el nuevo Refugio de Bachima\u00f1a, todo un lujo, para repetir sin dudarlo.<\/p>\n<div id=\"attachment_40744\" style=\"width: 1135px\" class=\"wp-caption aligncenter\"><a class=\"dt-single-image\" href=\"https:\/\/www.monta\u00f1asdelaluna.es\/wp-content\/uploads\/2018\/06\/argualas.bachima\u00f1a.croquis.web_.jpg\" data-dt-img-description=\"\"><img loading=\"lazy\" decoding=\"async\" aria-describedby=\"caption-attachment-40744\" class=\"wp-image-40744 size-full\" src=\"https:\/\/www.monta\u00f1asdelaluna.es\/wp-content\/uploads\/2018\/06\/argualas.bachima\u00f1a.croquis.web_.jpg\" alt=\"Croquis del recorrido y ascensi\u00f3n al Pico Algas desde el Refugio de Bachima\u00f1a. PUNTO ROJO: Refugio de Bachima\u00f1a. PUNTO AZUL CLARO: Pico Algas Norte (3.032 mts.)\" width=\"1125\" height=\"1140\" srcset=\"https:\/\/www.monta\u00f1asdelaluna.es\/wp-content\/uploads\/2018\/06\/argualas.bachima\u00f1a.croquis.web_.jpg 1125w, https:\/\/www.monta\u00f1asdelaluna.es\/wp-content\/uploads\/2018\/06\/argualas.bachima\u00f1a.croquis.web_-296x300.jpg 296w, https:\/\/www.monta\u00f1asdelaluna.es\/wp-content\/uploads\/2018\/06\/argualas.bachima\u00f1a.croquis.web_-1011x1024.jpg 1011w\" sizes=\"auto, (max-width: 1125px) 100vw, 1125px\" \/><\/a><p id=\"caption-attachment-40744\" class=\"wp-caption-text\">Croquis del recorrido y ascensi\u00f3n al Pico Algas desde el Refugio de Bachima\u00f1a. PUNTO ROJO: Refugio de Bachima\u00f1a. PUNTO AZUL CLARO: Pico Algas Norte (3.032 mts.)<\/p><\/div>\n<p>[\/vc_column_text][\/vc_column][\/vc_row][vc_row][vc_column][vc_empty_space height=\u00bb60px\u00bb][\/vc_column][\/vc_row][vc_row][vc_column][vc_cta h2=\u00bb\u00c1lbum de fotos\u00bb txt_align=\u00bbcenter\u00bb add_button=\u00bbbottom\u00bb btn_title=\u00bbVer fotos\u00bb btn_color=\u00bbwarning\u00bb btn_align=\u00bbcenter\u00bb btn_link=\u00bburl:https%3A%2F%2Fmonta%C3%B1asdelaluna.es%2F%3Fdt_gallery%3Dpicos-algas-desde-bachimana-2|title:Picos%20Algas%20desde%20Bachima%C3%B1a|target:_blank\u00bb css=\u00bb.vc_custom_1625774461536{background-color: #8bc4ed !important;}\u00bb]Puedes ver todas las fotos del relato y actividad en forma de presentaci\u00f3n o individuales pinchando aqui \u00a1No te las pierdas![\/vc_cta][\/vc_column][\/vc_row][vc_row][vc_column][vc_empty_space height=\u00bb60px\u00bb][\/vc_column][\/vc_row][vc_row][vc_column width=\u00bb1\/6&#8243;][\/vc_column][vc_column width=\u00bb1\/3&#8243;][vc_empty_space height=\u00bb24px\u00bb][vc_raw_html]JTNDaWZyYW1lJTIwc3JjJTNEJTIyaHR0cHMlM0ElMkYlMkZ3d3cubWV0ZW9ibHVlLmNvbSUyRmVzJTJGdGllbXBvJTJGd2lkZ2V0JTJGZGFpbHklMkZiYSUyNWMzJTI1YjFvcy1kZS1wYW50aWNvc2FfZXNwYSUyNWMzJTI1YjFhXzMxMjg4NzIlM0ZnZW9sb2MlM0RmaXhlZCUyNmRheXMlM0Q3JTI2dGVtcHVuaXQlM0RDRUxTSVVTJTI2d2luZHVuaXQlM0RLSUxPTUVURVJfUEVSX0hPVVIlMjZwcmVjaXB1bml0JTNETUlMTElNRVRFUiUyNmNvbG91cmVkJTNEY29sb3VyZWQlMjZwaWN0b2ljb24lM0QwJTI2cGljdG9pY29uJTNEMSUyNm1heHRlbXBlcmF0dXJlJTNEMCUyNm1heHRlbXBlcmF0dXJlJTNEMSUyNm1pbnRlbXBlcmF0dXJlJTNEMCUyNm1pbnRlbXBlcmF0dXJlJTNEMSUyNndpbmRzcGVlZCUzRDAlMjZ3aW5kc3BlZWQlM0QxJTI2d2luZGd1c3QlM0QwJTI2d2luZGd1c3QlM0QxJTI2d2luZGRpcmVjdGlvbiUzRDAlMjZ3aW5kZGlyZWN0aW9uJTNEMSUyNnV2JTNEMCUyNmh1bWlkaXR5JTNEMCUyNnByZWNpcGl0YXRpb24lM0QwJTI2cHJlY2lwaXRhdGlvbiUzRDElMjZwcmVjaXBpdGF0aW9ucHJvYmFiaWxpdHklM0QwJTI2cHJlY2lwaXRhdGlvbnByb2JhYmlsaXR5JTNEMSUyNnNwb3QlM0QwJTI2c3BvdCUzRDElMjZwcmVzc3VyZSUzRDAlMjZwcmVzc3VyZSUzRDElMjZsYXlvdXQlM0RsaWdodCUyMiUyMCUyMGZyYW1lYm9yZGVyJTNEJTIyMCUyMiUyMHNjcm9sbGluZyUzRCUyMk5PJTIyJTIwYWxsb3d0cmFuc3BhcmVuY3klM0QlMjJ0cnVlJTIyJTIwc2FuZGJveCUzRCUyMmFsbG93LXNhbWUtb3JpZ2luJTIwYWxsb3ctc2NyaXB0cyUyMGFsbG93LXBvcHVwcyUyMGFsbG93LXBvcHVwcy10by1lc2NhcGUtc2FuZGJveCUyMiUyMHN0eWxlJTNEJTIyd2lkdGglM0ElMjAzNzhweCUzQmhlaWdodCUzQSUyMDQxM3B4JTIyJTNFJTNDJTJGaWZyYW1lJTNFJTNDZGl2JTNFJTNDJTIxLS0lMjBETyUyME5PVCUyMFJFTU9WRSUyMFRISVMlMjBMSU5LJTIwLS0lM0UlM0NhJTIwaHJlZiUzRCUyMmh0dHBzJTNBJTJGJTJGd3d3Lm1ldGVvYmx1ZS5jb20lMkZlcyUyRnRpZW1wbyUyRnNlbWFuYSUyRmJhJTI1YzMlMjViMW9zLWRlLXBhbnRpY29zYV9lc3BhJTI1YzMlMjViMWFfMzEyODg3MiUzRnV0bV9zb3VyY2UlM0R3ZWF0aGVyX3dpZGdldCUyNnV0bV9tZWRpdW0lM0RsaW5rdXMlMjZ1dG1fY29udGVudCUzRGRhaWx5JTI2dXRtX2NhbXBhaWduJTNEV2VhdGhlciUyNTJCV2lkZ2V0JTIyJTIwdGFyZ2V0JTNEJTIyX2JsYW5rJTIyJTNFbWV0ZW9ibHVlJTNDJTJGYSUzRSUzQyUyRmRpdiUzRQ==[\/vc_raw_html][\/vc_column][vc_column width=\u00bb1\/3&#8243;][vc_column_text]Tiempo en Pico Algas[\/vc_column_text][vc_raw_html]JTNDaWZyYW1lJTIwc3JjJTNEJTIyaHR0cHMlM0ElMkYlMkZ3d3cubWV0ZW9ibHVlLmNvbSUyRmVzJTJGdGllbXBvJTJGd2lkZ2V0JTJGZGFpbHklMkY0Mi43NjhOLTAuMjcxRTI5MzhfRXVyb3BlJTI1MkZNYWRyaWQlM0ZnZW9sb2MlM0RmaXhlZCUyNmRheXMlM0Q3JTI2dGVtcHVuaXQlM0RDRUxTSVVTJTI2d2luZHVuaXQlM0RLSUxPTUVURVJfUEVSX0hPVVIlMjZwcmVjaXB1bml0JTNETUlMTElNRVRFUiUyNmNvbG91cmVkJTNEY29sb3VyZWQlMjZwaWN0b2ljb24lM0QwJTI2cGljdG9pY29uJTNEMSUyNm1heHRlbXBlcmF0dXJlJTNEMCUyNm1heHRlbXBlcmF0dXJlJTNEMSUyNm1pbnRlbXBlcmF0dXJlJTNEMCUyNm1pbnRlbXBlcmF0dXJlJTNEMSUyNndpbmRzcGVlZCUzRDAlMjZ3aW5kc3BlZWQlM0QxJTI2d2luZGd1c3QlM0QwJTI2d2luZGd1c3QlM0QxJTI2d2luZGRpcmVjdGlvbiUzRDAlMjZ3aW5kZGlyZWN0aW9uJTNEMSUyNnV2JTNEMCUyNmh1bWlkaXR5JTNEMCUyNnByZWNpcGl0YXRpb24lM0QwJTI2cHJlY2lwaXRhdGlvbiUzRDElMjZwcmVjaXBpdGF0aW9ucHJvYmFiaWxpdHklM0QwJTI2cHJlY2lwaXRhdGlvbnByb2JhYmlsaXR5JTNEMSUyNnNwb3QlM0QwJTI2c3BvdCUzRDElMjZwcmVzc3VyZSUzRDAlMjZwcmVzc3VyZSUzRDElMjZsYXlvdXQlM0RsaWdodCUyMiUyMCUyMGZyYW1lYm9yZGVyJTNEJTIyMCUyMiUyMHNjcm9sbGluZyUzRCUyMk5PJTIyJTIwYWxsb3d0cmFuc3BhcmVuY3klM0QlMjJ0cnVlJTIyJTIwc2FuZGJveCUzRCUyMmFsbG93LXNhbWUtb3JpZ2luJTIwYWxsb3ctc2NyaXB0cyUyMGFsbG93LXBvcHVwcyUyMGFsbG93LXBvcHVwcy10by1lc2NhcGUtc2FuZGJveCUyMiUyMHN0eWxlJTNEJTIyd2lkdGglM0ElMjAzNzhweCUzQmhlaWdodCUzQSUyMDQxMnB4JTIyJTNFJTNDJTJGaWZyYW1lJTNFJTNDZGl2JTNFJTNDJTIxLS0lMjBETyUyME5PVCUyMFJFTU9WRSUyMFRISVMlMjBMSU5LJTIwLS0lM0UlM0NhJTIwaHJlZiUzRCUyMmh0dHBzJTNBJTJGJTJGd3d3Lm1ldGVvYmx1ZS5jb20lMkZlcyUyRnRpZW1wbyUyRnNlbWFuYSUyRjQyLjc2OE4tMC4yNzFFMjkzOF9FdXJvcGUlMjUyRk1hZHJpZCUzRnV0bV9zb3VyY2UlM0R3ZWF0aGVyX3dpZGdldCUyNnV0bV9tZWRpdW0lM0RsaW5rdXMlMjZ1dG1fY29udGVudCUzRGRhaWx5JTI2dXRtX2NhbXBhaWduJTNEV2VhdGhlciUyNTJCV2lkZ2V0JTIyJTIwdGFyZ2V0JTNEJTIyX2JsYW5rJTIyJTNFbWV0ZW9ibHVlJTNDJTJGYSUzRSUzQyUyRmRpdiUzRQ==[\/vc_raw_html][\/vc_column][vc_column width=\u00bb1\/6&#8243;][\/vc_column][\/vc_row]<\/p>\n","protected":false},"excerpt":{"rendered":"<p>[vc_row][vc_column][vc_column_text]De nuevo el Pirineo, y de nuevo buscar una cima que se me resiste, el pico Argualas en las altas cumbres de m\u00e1s de tres mil metros de la zona de Panticosa. Ya hab\u00edan pasado m\u00e1s de 10 a\u00f1os despu\u00e9s del primer intento con Jes\u00fas Santana en aquel estupendo viaje compartido con Oli, en el&hellip;<\/p>\n","protected":false},"author":1,"featured_media":40732,"comment_status":"open","ping_status":"open","sticky":false,"template":"","format":"standard","meta":[],"categories":[127],"tags":[],"class_list":["post-40742","post","type-post","status-publish","format-standard","has-post-thumbnail","hentry","category-pirineo-central-atlantico","category-127","description-off"],"_links":{"self":[{"href":"https:\/\/www.monta\u00f1asdelaluna.es\/index.php?rest_route=\/wp\/v2\/posts\/40742","targetHints":{"allow":["GET"]}}],"collection":[{"href":"https:\/\/www.monta\u00f1asdelaluna.es\/index.php?rest_route=\/wp\/v2\/posts"}],"about":[{"href":"https:\/\/www.monta\u00f1asdelaluna.es\/index.php?rest_route=\/wp\/v2\/types\/post"}],"author":[{"embeddable":true,"href":"https:\/\/www.monta\u00f1asdelaluna.es\/index.php?rest_route=\/wp\/v2\/users\/1"}],"replies":[{"embeddable":true,"href":"https:\/\/www.monta\u00f1asdelaluna.es\/index.php?rest_route=%2Fwp%2Fv2%2Fcomments&post=40742"}],"version-history":[{"count":12,"href":"https:\/\/www.monta\u00f1asdelaluna.es\/index.php?rest_route=\/wp\/v2\/posts\/40742\/revisions"}],"predecessor-version":[{"id":52255,"href":"https:\/\/www.monta\u00f1asdelaluna.es\/index.php?rest_route=\/wp\/v2\/posts\/40742\/revisions\/52255"}],"wp:featuredmedia":[{"embeddable":true,"href":"https:\/\/www.monta\u00f1asdelaluna.es\/index.php?rest_route=\/wp\/v2\/media\/40732"}],"wp:attachment":[{"href":"https:\/\/www.monta\u00f1asdelaluna.es\/index.php?rest_route=%2Fwp%2Fv2%2Fmedia&parent=40742"}],"wp:term":[{"taxonomy":"category","embeddable":true,"href":"https:\/\/www.monta\u00f1asdelaluna.es\/index.php?rest_route=%2Fwp%2Fv2%2Fcategories&post=40742"},{"taxonomy":"post_tag","embeddable":true,"href":"https:\/\/www.monta\u00f1asdelaluna.es\/index.php?rest_route=%2Fwp%2Fv2%2Ftags&post=40742"}],"curies":[{"name":"wp","href":"https:\/\/api.w.org\/{rel}","templated":true}]}}