{"id":41029,"date":"2018-11-25T08:44:58","date_gmt":"2018-11-25T08:44:58","guid":{"rendered":"http:\/\/monta\u00f1asdelaluna.com\/?p=41029"},"modified":"2025-12-03T19:49:52","modified_gmt":"2025-12-03T19:49:52","slug":"bellmunt-1-248-mts-y-salt-del-moli-desde-vidra","status":"publish","type":"post","link":"https:\/\/www.monta\u00f1asdelaluna.es\/?p=41029","title":{"rendered":"Bellmunt (1.248 mts.) y Salt del Mol\u00ed desde Vidr\u00e0"},"content":{"rendered":"<p>[vc_row][vc_column][vc_column_text]Hace ya bastante tiempo que hab\u00eda subido a la cima de esta monta\u00f1a, puerta del Prepirineo, a caballo entre las provincias de Barcelona y Girona. Y lo hice desde su lado sur con una subida desde <a href=\"https:\/\/www.monta\u00f1asdelaluna.es\/?p=20016\" target=\"_blank\" rel=\"noopener\">Torell\u00f3<\/a>. Ya ten\u00eda ganas de volver a subirla, pero esta vez quer\u00eda recorrerme sus rincones y perfiles de su lado norte. S\u00e9 que en la vertiente norte de la monta\u00f1a, baja un valle hacia el oeste, el cual es un bosque tremendo y magn\u00edfico con especies atl\u00e1nticas como el haya, pero los recorridos por \u00e9l se podr\u00edan hacer m\u00e1s largos y esforzados que el subir directamente desde las cercan\u00edas de la carretera de Vidr\u00e0 hasta su cima.<\/p>\n<p>A la vez mi af\u00e1n por hacer un recorrido circular me hizo descubrir un bonito rinc\u00f3n al sureste de la poblaci\u00f3n, un recorrido por el fondo del valle junto al r\u00edo Ges que pasa por el famoso Salt del Mol\u00ed, una magn\u00edfica cascada muy visitada por excursionistas y curiosos.<\/p>\n<p>Por ello el pasado 25 de noviembre nos acercamos hasta las inmediaciones de Vidr\u00e0 para realizar dicha actividad. Dejamos el coche aparcado en el mismo pueblo, desayunamos en uno de sus bares que se asoman a la carretera que cruza el pueblo, y partimos desandando el recorrido realizado por el coche para llegar a Vidr\u00e0 desde Santa Mar\u00eda de Besora. Por la carretera llegamos a unos metros a un punto alto de la misma, dejando el pueblo a nuestra espalda, y a un cruce con cartel se\u00f1alizador de recorridos, con un camino a la izquierda. Es el Coll de Vidr\u00e0 (1.013 mts.) La cima de Bellmunt aparece al otro lado de boscosas lomas, con las caracter\u00edsticas construcciones de los edificios del santuario, antenas\u2026 delante de Vidr\u00e0 y hacia el sur, un paisaje de verdes prados, lomas boscosas de hayedos y otras especies atl\u00e1nticas\u2026 unas vistas de postal.<\/p>\n<div id=\"attachment_40957\" style=\"width: 1034px\" class=\"wp-caption aligncenter\"><a class=\"dt-single-image\" href=\"https:\/\/www.monta\u00f1asdelaluna.es\/wp-content\/uploads\/2020\/01\/vidra.jpg\" data-dt-img-description=\"\"><img loading=\"lazy\" decoding=\"async\" aria-describedby=\"caption-attachment-40957\" class=\"wp-image-40957 size-large\" src=\"https:\/\/www.monta\u00f1asdelaluna.es\/wp-content\/uploads\/2020\/01\/vidra-1024x683.jpg\" alt=\"Vidr\u00e0\" width=\"1024\" height=\"683\" srcset=\"https:\/\/www.monta\u00f1asdelaluna.es\/wp-content\/uploads\/2020\/01\/vidra-1024x683.jpg 1024w, https:\/\/www.monta\u00f1asdelaluna.es\/wp-content\/uploads\/2020\/01\/vidra-300x200.jpg 300w, https:\/\/www.monta\u00f1asdelaluna.es\/wp-content\/uploads\/2020\/01\/vidra.jpg 1788w\" sizes=\"auto, (max-width: 1024px) 100vw, 1024px\" \/><\/a><p id=\"caption-attachment-40957\" class=\"wp-caption-text\">Vidr\u00e0<\/p><\/div>\n<div id=\"attachment_40959\" style=\"width: 1798px\" class=\"wp-caption aligncenter\"><a class=\"dt-single-image\" href=\"https:\/\/www.monta\u00f1asdelaluna.es\/wp-content\/uploads\/2020\/01\/IMG_9156.jpg\" data-dt-img-description=\"\"><img loading=\"lazy\" decoding=\"async\" aria-describedby=\"caption-attachment-40959\" class=\"wp-image-40959 size-full\" src=\"https:\/\/www.monta\u00f1asdelaluna.es\/wp-content\/uploads\/2020\/01\/IMG_9156.jpg\" alt=\"Bellmunt desde Vidr\u00e0\" width=\"1788\" height=\"1192\" srcset=\"https:\/\/www.monta\u00f1asdelaluna.es\/wp-content\/uploads\/2020\/01\/IMG_9156.jpg 1788w, https:\/\/www.monta\u00f1asdelaluna.es\/wp-content\/uploads\/2020\/01\/IMG_9156-300x200.jpg 300w, https:\/\/www.monta\u00f1asdelaluna.es\/wp-content\/uploads\/2020\/01\/IMG_9156-1024x683.jpg 1024w\" sizes=\"auto, (max-width: 1788px) 100vw, 1788px\" \/><\/a><p id=\"caption-attachment-40959\" class=\"wp-caption-text\">Bellmunt desde Vidr\u00e0<\/p><\/div>\n<p>El camino desde este Coll de Vidr\u00e0 y hasta la misma cima de Bellmunt no tiene mucho desnivel, es un recorrido que sigue las zonas m\u00e1s altas de las lomas que hay entre Vidr\u00e0 y Bellmunt, entre collados, pasos y altos bosques, hayedos\u2026 para que nos sea m\u00e1s f\u00e1cil solo hay que seguir las marcas de un G.R., el G.R.-3; el cual seguir\u00e1 por caminos haciendo curvas y pasando por collados, as\u00ed como por las zonas m\u00e1s altas de estos indretos: Collet del Llop, Coll del Migdia\u2026 incluso por una cima, la Creu de Fus (1.122 mts.)\u2026 hasta que nos encontremos un punto o cruce con un cartel indicador de recorridos. Ya tenemos la cima de Bellmunt a tocar, al menos la monta\u00f1a, muy cerca, al sur. Claramente seguiremos las indicaciones hacia el Santuario de Bellmunt, hacia el sur, izquierda; a la derecha y oeste el recorrido sigue hacia Santa Mar\u00eda de Besora. Antes hemos pasado por caminos embarrados, entre unos bosques frondosos y a la vez con ventanas al verde y norte\u00f1o paisaje de esta zona.<\/p>\n<p>El tiempo es frio a estas horas de la ma\u00f1ana, aunque no es tan temprano cuando salimos de Vidr\u00e0. Hay nieblas que le dan si cabe un aspecto m\u00e1s h\u00famedo y atl\u00e1ntico al paisaje, a la tierra y a los bosques, las cuales se ir\u00e1n deshaciendo al tiempo que el sol comience a calentar la atm\u00f3sfera. Pero unas nubes se quedar\u00e1n en lo alto del cielo azul para hacer bonito.<\/p>\n<p>Bajamos hasta otro collado cercano, el cual separa Bellmunt y su boscosa ladera norte del resto de monta\u00f1as y laderas, y a la vez separa o une dos rieras, o dos barrancos, a derecha e izquierda, por donde, por uno de ellos volveremos para seguirlo pendiente o corriente abajo. Estamos pues en el collado de Iera de Massa (1.098 mts.). Y desde aqu\u00ed el recorrido es evidente y f\u00e1cil, ya que tenemos enfrente y sur la monta\u00f1a de Bellmunt que queremos subir.<\/p>\n<div id=\"attachment_40961\" style=\"width: 1034px\" class=\"wp-caption aligncenter\"><a class=\"dt-single-image\" href=\"https:\/\/www.monta\u00f1asdelaluna.es\/wp-content\/uploads\/2020\/01\/camino-entre-coll-de-vidra-y-bellmunt.jpg\" data-dt-img-description=\"\"><img loading=\"lazy\" decoding=\"async\" aria-describedby=\"caption-attachment-40961\" class=\"wp-image-40961 size-large\" src=\"https:\/\/www.monta\u00f1asdelaluna.es\/wp-content\/uploads\/2020\/01\/camino-entre-coll-de-vidra-y-bellmunt-1024x683.jpg\" alt=\"Camino entre Coll de Vidr\u00e0 y Bellmunt\" width=\"1024\" height=\"683\" srcset=\"https:\/\/www.monta\u00f1asdelaluna.es\/wp-content\/uploads\/2020\/01\/camino-entre-coll-de-vidra-y-bellmunt-1024x683.jpg 1024w, https:\/\/www.monta\u00f1asdelaluna.es\/wp-content\/uploads\/2020\/01\/camino-entre-coll-de-vidra-y-bellmunt-300x200.jpg 300w, https:\/\/www.monta\u00f1asdelaluna.es\/wp-content\/uploads\/2020\/01\/camino-entre-coll-de-vidra-y-bellmunt.jpg 1788w\" sizes=\"auto, (max-width: 1024px) 100vw, 1024px\" \/><\/a><p id=\"caption-attachment-40961\" class=\"wp-caption-text\">Camino entre Coll de Vidr\u00e0 y Bellmunt<\/p><\/div>\n<div id=\"attachment_40963\" style=\"width: 1034px\" class=\"wp-caption aligncenter\"><a class=\"dt-single-image\" href=\"https:\/\/www.monta\u00f1asdelaluna.es\/wp-content\/uploads\/2020\/01\/IMG_9160.jpg\" data-dt-img-description=\"\"><img loading=\"lazy\" decoding=\"async\" aria-describedby=\"caption-attachment-40963\" class=\"wp-image-40963 size-large\" src=\"https:\/\/www.monta\u00f1asdelaluna.es\/wp-content\/uploads\/2020\/01\/IMG_9160-1024x683.jpg\" alt=\"Camino entre Coll de Vidr\u00e0 y Bellmunt\" width=\"1024\" height=\"683\" srcset=\"https:\/\/www.monta\u00f1asdelaluna.es\/wp-content\/uploads\/2020\/01\/IMG_9160-1024x683.jpg 1024w, https:\/\/www.monta\u00f1asdelaluna.es\/wp-content\/uploads\/2020\/01\/IMG_9160-300x200.jpg 300w, https:\/\/www.monta\u00f1asdelaluna.es\/wp-content\/uploads\/2020\/01\/IMG_9160.jpg 1788w\" sizes=\"auto, (max-width: 1024px) 100vw, 1024px\" \/><\/a><p id=\"caption-attachment-40963\" class=\"wp-caption-text\">Camino entre Coll de Vidr\u00e0 y Bellmunt<\/p><\/div>\n<div id=\"attachment_40965\" style=\"width: 1034px\" class=\"wp-caption aligncenter\"><a class=\"dt-single-image\" href=\"https:\/\/www.monta\u00f1asdelaluna.es\/wp-content\/uploads\/2020\/01\/IMG_9164.jpg\" data-dt-img-description=\"\"><img loading=\"lazy\" decoding=\"async\" aria-describedby=\"caption-attachment-40965\" class=\"wp-image-40965 size-large\" src=\"https:\/\/www.monta\u00f1asdelaluna.es\/wp-content\/uploads\/2020\/01\/IMG_9164-1024x683.jpg\" alt=\"Camino entre Coll de Vidr\u00e0 y Bellmunt\" width=\"1024\" height=\"683\" srcset=\"https:\/\/www.monta\u00f1asdelaluna.es\/wp-content\/uploads\/2020\/01\/IMG_9164-1024x683.jpg 1024w, https:\/\/www.monta\u00f1asdelaluna.es\/wp-content\/uploads\/2020\/01\/IMG_9164-300x200.jpg 300w, https:\/\/www.monta\u00f1asdelaluna.es\/wp-content\/uploads\/2020\/01\/IMG_9164.jpg 1788w\" sizes=\"auto, (max-width: 1024px) 100vw, 1024px\" \/><\/a><p id=\"caption-attachment-40965\" class=\"wp-caption-text\">Camino entre Coll de Vidr\u00e0 y Bellmunt<\/p><\/div>\n<p>Y sin perder mucho tiempo nos internamos en la senda que comienza a subir y girar hacia la izquierda en la frondosa ladera de Bellmunt. El lugar es precioso: un hayedo con especies altas y muy sanas que inundan toda la vertical de la ladera, con su sotobosque o suelo repleto de hojarasca y matorrales propios; ya que por las fechas en las que estamos los \u00e1rboles, las hayas, han perdido gran parte de sus hojas. Aun as\u00ed, es preciosa la ladera, id\u00f3neas para escenas de pel\u00edculas o documentales de Naturaleza.<\/p>\n<p>Pero, la senda no sube, a pesar de atravesar un lugar precioso del cual estamos disfrutando y fotografiando en medio de este centenario bosque, la senda sigue horizontal hacia el este sin coger altura. Me da la sensaci\u00f3n de que esta senda no es la que sube al Santuario y cima de Bellmunt, ya que mientras caminamos, observo como aparece la vertiente este de la monta\u00f1a que baja al fondo del valle desde la cima (que quedar\u00eda arriba a nuestra espalda, m\u00e1s o menos). Paro la comitiva, saco el mapa Alpina, y efectivamente no hemos cogido la senda correcta que nos sube a la cima de Bellmunt. Marcha atr\u00e1s. Hay que desandar toda la preciosa senda hasta llega casi al comienzo de la misma poco m\u00e1s arriba del collado Iera de Massa, al comenzar la ladera. Y efectivamente (de nuevo) observo ahora con m\u00e1s detenimiento los perfiles de la monta\u00f1a y a mano izquierda (ser\u00eda derecha si viniera del citado collado), encuentro el cruce con la peque\u00f1a senda, bien se\u00f1alizada con sus marcas de P.R. y todo, pero que si vas despistado puedes dejarla atr\u00e1s sin verla y recorrer la senda que sigue sin ascender (como nosotros) sin llegar a ning\u00fan lado\u2026 eso s\u00ed, el despiste ha merecido la pena, el paisaje y bosque por estos indretos es magn\u00edfico y hermoso.<\/p>\n<div id=\"attachment_40970\" style=\"width: 1798px\" class=\"wp-caption aligncenter\"><a class=\"dt-single-image\" href=\"https:\/\/www.monta\u00f1asdelaluna.es\/wp-content\/uploads\/2020\/01\/IMG_9174.jpg\" data-dt-img-description=\"\"><img loading=\"lazy\" decoding=\"async\" aria-describedby=\"caption-attachment-40970\" class=\"wp-image-40970 size-full\" src=\"https:\/\/www.monta\u00f1asdelaluna.es\/wp-content\/uploads\/2020\/01\/IMG_9174.jpg\" alt=\"Hayedo en la ladera norte de Bellmunt\" width=\"1788\" height=\"1192\" srcset=\"https:\/\/www.monta\u00f1asdelaluna.es\/wp-content\/uploads\/2020\/01\/IMG_9174.jpg 1788w, https:\/\/www.monta\u00f1asdelaluna.es\/wp-content\/uploads\/2020\/01\/IMG_9174-300x200.jpg 300w, https:\/\/www.monta\u00f1asdelaluna.es\/wp-content\/uploads\/2020\/01\/IMG_9174-1024x683.jpg 1024w\" sizes=\"auto, (max-width: 1788px) 100vw, 1788px\" \/><\/a><p id=\"caption-attachment-40970\" class=\"wp-caption-text\">Hayedo en la ladera norte de Bellmunt<\/p><\/div>\n<div id=\"attachment_40973\" style=\"width: 1034px\" class=\"wp-caption aligncenter\"><a class=\"dt-single-image\" href=\"https:\/\/www.monta\u00f1asdelaluna.es\/wp-content\/uploads\/2020\/01\/delante-lea-en-el-hayedo-en-la-ladera-norte-de-bellmunt.jpg\" data-dt-img-description=\"\"><img loading=\"lazy\" decoding=\"async\" aria-describedby=\"caption-attachment-40973\" class=\"wp-image-40973 size-large\" src=\"https:\/\/www.monta\u00f1asdelaluna.es\/wp-content\/uploads\/2020\/01\/delante-lea-en-el-hayedo-en-la-ladera-norte-de-bellmunt-1024x683.jpg\" alt=\"Delante Lea en el hayedo en la ladera norte de Bellmunt\" width=\"1024\" height=\"683\" srcset=\"https:\/\/www.monta\u00f1asdelaluna.es\/wp-content\/uploads\/2020\/01\/delante-lea-en-el-hayedo-en-la-ladera-norte-de-bellmunt-1024x683.jpg 1024w, https:\/\/www.monta\u00f1asdelaluna.es\/wp-content\/uploads\/2020\/01\/delante-lea-en-el-hayedo-en-la-ladera-norte-de-bellmunt-300x200.jpg 300w, https:\/\/www.monta\u00f1asdelaluna.es\/wp-content\/uploads\/2020\/01\/delante-lea-en-el-hayedo-en-la-ladera-norte-de-bellmunt.jpg 1788w\" sizes=\"auto, (max-width: 1024px) 100vw, 1024px\" \/><\/a><p id=\"caption-attachment-40973\" class=\"wp-caption-text\">Delante Lea en el hayedo en la ladera norte de Bellmunt<\/p><\/div>\n<p>As\u00ed pues comenzamos ya por la senda correcta, la subida o ascensi\u00f3n a la cima de Bellmunt. Los 150 metros de desnivel desde el anterior collado los hacemos r\u00e1pidos\u2026 hay que sudar algo en la monta\u00f1a o parecer\u00e1 que no hemos hecho nada de ejercicio\u2026 y en pocos minutos y con unas escaleras de piedra finales, llegamos hasta los 1.248 mts. de la cima del Bellmunt. \u00c9sta se divide en dos partes: el edificio del santuario en un lado, y la cruz, antena y verdadera cima o punto m\u00e1s alto de la monta\u00f1a al otro\u2026 nosotros curioseamos y visitamos las dos partes.[vc_separator][\/vc_column_text][\/vc_column][\/vc_row][vc_row][vc_column][vc_empty_space][\/vc_column][\/vc_row][vc_row][vc_column][vc_video link=\u00bbhttps:\/\/vimeo.com\/381910174?share=copy&amp;fl=sv&amp;fe=ci#t=0&#8243; title=\u00bbCima de Bellmunt, 1.248 mts.\u00bb][\/vc_column][\/vc_row][vc_row][vc_column][vc_empty_space][\/vc_column][\/vc_row][vc_row][vc_column][vc_column_text]Nos hemos encontrado alg\u00fan grupillo de gente, de excursionistas por el recorrido, sobre todo en los cruces e inmediaciones del collado Iera de Massa, pero aqu\u00ed arriba, gracias a que llega una carreterilla, hay mucha m\u00e1s gente, visitantes, curiosos, runners (algo que ya vamos viendo en casi cada ascensi\u00f3n o monta\u00f1a), ciclistas, monta\u00f1eros, excursionistas\u2026 y perros, perros con sus due\u00f1os. Subimos al pil\u00f3n o eje geod\u00e9sico para hacernos la foto de cumbre y filmar. Las nubes entran y salen de la cima con una cierta rapidez, el paisaje a la altura de nuestros ojos se llena de nubecillas blancas que con un ritmo constante aparecen y se alejan siguiendo una invisible corriente de un frio viento. Despu\u00e9s bajamos y visitamos el santuario y el bar justo bajo \u00e9l, sobre todo el bar para tomar algo\u2026 hay gran tradici\u00f3n de \u201cbar que veas en la monta\u00f1a, bar al que has de entrar\u201d. Comemos aqu\u00ed. Pero no debemos de estar mucho m\u00e1s tiempo puesto que llevamos la mitad o menos del recorrido, y debemos seguir por lugares sin se\u00f1alizar (aunque s\u00ed marcadas en el Alpina) para llegar a nuestra pr\u00f3xima visita que es Salt del Mol\u00ed, y despu\u00e9s vuelta a Vidr\u00e0.<\/p>\n<div id=\"attachment_40978\" style=\"width: 1034px\" class=\"wp-caption aligncenter\"><a class=\"dt-single-image\" href=\"https:\/\/www.monta\u00f1asdelaluna.es\/wp-content\/uploads\/2020\/01\/santuario-de-bellmunt-1-248-mts.jpg\" data-dt-img-description=\"\"><img loading=\"lazy\" decoding=\"async\" aria-describedby=\"caption-attachment-40978\" class=\"wp-image-40978 size-large\" src=\"https:\/\/www.monta\u00f1asdelaluna.es\/wp-content\/uploads\/2020\/01\/santuario-de-bellmunt-1-248-mts-1024x683.jpg\" alt=\"Santuario de Bellmunt, 1.248 mts.\" width=\"1024\" height=\"683\" srcset=\"https:\/\/www.monta\u00f1asdelaluna.es\/wp-content\/uploads\/2020\/01\/santuario-de-bellmunt-1-248-mts-1024x683.jpg 1024w, https:\/\/www.monta\u00f1asdelaluna.es\/wp-content\/uploads\/2020\/01\/santuario-de-bellmunt-1-248-mts-300x200.jpg 300w, https:\/\/www.monta\u00f1asdelaluna.es\/wp-content\/uploads\/2020\/01\/santuario-de-bellmunt-1-248-mts.jpg 1788w\" sizes=\"auto, (max-width: 1024px) 100vw, 1024px\" \/><\/a><p id=\"caption-attachment-40978\" class=\"wp-caption-text\">Santuario de Bellmunt, 1.248 mts.<\/p><\/div>\n<div id=\"attachment_40979\" style=\"width: 1034px\" class=\"wp-caption aligncenter\"><a class=\"dt-single-image\" href=\"https:\/\/www.monta\u00f1asdelaluna.es\/wp-content\/uploads\/2020\/01\/cima-de-bellmunt-1-248-mts-de-izquierda-a-derecha-hijo-de-flora-nuera-de-flora-joaquin-raquel-lea-y-flora.jpg\" data-dt-img-description=\"\"><img loading=\"lazy\" decoding=\"async\" aria-describedby=\"caption-attachment-40979\" class=\"wp-image-40979 size-large\" src=\"https:\/\/www.monta\u00f1asdelaluna.es\/wp-content\/uploads\/2020\/01\/cima-de-bellmunt-1-248-mts-de-izquierda-a-derecha-hijo-de-flora-nuera-de-flora-joaquin-raquel-lea-y-flora-1024x683.jpg\" alt=\"Cima de Bellmunt, 1.248 mts., de izquierda a derecha: hijo de Flora, nuera de Flora, Joaqu\u00edn, Raquel, Lea y Flora\" width=\"1024\" height=\"683\" srcset=\"https:\/\/www.monta\u00f1asdelaluna.es\/wp-content\/uploads\/2020\/01\/cima-de-bellmunt-1-248-mts-de-izquierda-a-derecha-hijo-de-flora-nuera-de-flora-joaquin-raquel-lea-y-flora-1024x683.jpg 1024w, https:\/\/www.monta\u00f1asdelaluna.es\/wp-content\/uploads\/2020\/01\/cima-de-bellmunt-1-248-mts-de-izquierda-a-derecha-hijo-de-flora-nuera-de-flora-joaquin-raquel-lea-y-flora-300x200.jpg 300w, https:\/\/www.monta\u00f1asdelaluna.es\/wp-content\/uploads\/2020\/01\/cima-de-bellmunt-1-248-mts-de-izquierda-a-derecha-hijo-de-flora-nuera-de-flora-joaquin-raquel-lea-y-flora.jpg 1788w\" sizes=\"auto, (max-width: 1024px) 100vw, 1024px\" \/><\/a><p id=\"caption-attachment-40979\" class=\"wp-caption-text\">Cima de Bellmunt, 1.248 mts., de izquierda a derecha: hijo de Flora, nuera de Flora, Joaqu\u00edn, Raquel, Lea y Flora<\/p><\/div>\n<p>Salimos del bar (que por cierto estaba lleno) y emprendemos la bajada camino del collado Iera de Massa desandando la senda o recorrido de subida a Bellmunt. Si la subida fue r\u00e1pida, la bajada fue un pis pas. Ya de nuevo en el collado Iera de Massa cogemos el camino que sale a nuestra derecha seg\u00fan bajamos de Bellmunt, hacia el este, y lo seguimos valle, barranco abajo. Este camino baja por un vallecillo poco transitado por excursionistas o fuera de las marcas de recorridos, pero el cual yo veo m\u00e1s l\u00f3gico y evidente para enlazar Bellmunt con el Salt del Mol\u00ed.<\/p>\n<p>El camino sigue por la vertiente derecha del valle y baja poco a poco, perdiendo altura. El bosque por esta zona o el paisaje tambi\u00e9n es precioso y atl\u00e1ntico, de hecho, sigue siendo la cara norte de Bellmunt. Un hayedo fant\u00e1stico con hermosos rincones, hojarasca, y regatas de agua que bajan de diferentes sitios y llenan de vida y color oto\u00f1al este peque\u00f1o rinc\u00f3n del Prepirineo.<\/p>\n<p>El camino tiende a bajar y llegados a un punto gira hacia la otra vertiente del valle, la otra ladera, cruzando un peque\u00f1o riachuelo; es el Torrent de Canemars, con la Baga de Canemars, el bosque de la ladera norte de Bellmunt y sur del vallecillo. Mientras seguimos admirados por el lugar y paisaje. Por la otra ladera del valle el camino sigue bajando buscando la parte m\u00e1s baja del mismo. Llega un momento que deja de ser camino para convertirse en senda, una senda ancha; y llegados a otro punto entre la exuberante maleza y frondosidad del lugar, debemos de estar atentos para ver la senda que sale a nuestra izquierda y casi arriba, en un peque\u00f1o pero frondoso llano del valle. Es bastante perdedor este rinc\u00f3n y tenemos que estar atentos porque si no, seguimos valle abajo por la otra ancha senda que no es la que sigue el recorrido escogido. Realmente la senda principal parece ser la que baja directo, y por la que tenemos que seguir da la sensaci\u00f3n de ser una secundaria, escondida y casi imperceptible.<\/p>\n<div id=\"attachment_40984\" style=\"width: 832px\" class=\"wp-caption aligncenter\"><a class=\"dt-single-image\" href=\"https:\/\/www.monta\u00f1asdelaluna.es\/wp-content\/uploads\/2020\/01\/IMG_9193.jpg\" data-dt-img-description=\"\"><img loading=\"lazy\" decoding=\"async\" aria-describedby=\"caption-attachment-40984\" class=\"wp-image-40984 \" src=\"https:\/\/www.monta\u00f1asdelaluna.es\/wp-content\/uploads\/2020\/01\/IMG_9193.jpg\" alt=\"Hayedo en la ladera norte de Bellmunt\" width=\"822\" height=\"1233\" srcset=\"https:\/\/www.monta\u00f1asdelaluna.es\/wp-content\/uploads\/2020\/01\/IMG_9193.jpg 1192w, https:\/\/www.monta\u00f1asdelaluna.es\/wp-content\/uploads\/2020\/01\/IMG_9193-200x300.jpg 200w, https:\/\/www.monta\u00f1asdelaluna.es\/wp-content\/uploads\/2020\/01\/IMG_9193-683x1024.jpg 683w\" sizes=\"auto, (max-width: 822px) 100vw, 822px\" \/><\/a><p id=\"caption-attachment-40984\" class=\"wp-caption-text\">Hayedo en la ladera norte de Bellmunt<\/p><\/div>\n<div id=\"attachment_40985\" style=\"width: 1798px\" class=\"wp-caption aligncenter\"><a class=\"dt-single-image\" href=\"https:\/\/www.monta\u00f1asdelaluna.es\/wp-content\/uploads\/2020\/01\/IMG_9194.jpg\" data-dt-img-description=\"\"><img loading=\"lazy\" decoding=\"async\" aria-describedby=\"caption-attachment-40985\" class=\"wp-image-40985 size-full\" src=\"https:\/\/www.monta\u00f1asdelaluna.es\/wp-content\/uploads\/2020\/01\/IMG_9194.jpg\" alt=\"Hayedo en la ladera norte de Bellmunt\" width=\"1788\" height=\"1192\" srcset=\"https:\/\/www.monta\u00f1asdelaluna.es\/wp-content\/uploads\/2020\/01\/IMG_9194.jpg 1788w, https:\/\/www.monta\u00f1asdelaluna.es\/wp-content\/uploads\/2020\/01\/IMG_9194-300x200.jpg 300w, https:\/\/www.monta\u00f1asdelaluna.es\/wp-content\/uploads\/2020\/01\/IMG_9194-1024x683.jpg 1024w\" sizes=\"auto, (max-width: 1788px) 100vw, 1788px\" \/><\/a><p id=\"caption-attachment-40985\" class=\"wp-caption-text\">Hayedo en la ladera norte de Bellmunt<\/p><\/div>\n<p>Nos encontramos con bastante barro en este rinc\u00f3n, cruce de sendas y recorridos. Seguimos por la senda de la izquierda la cual deja de bajar para intentar mantenerse a una altura. No hay que perder dicha altura hasta llegar al Collet del Turu. La senda sigue pasando por rincones frondosos de encinares con el tronco verde de musgo, l\u00edquenes, bajo la niebla y oscuridad causada por la misma frondosidad. A la vez aparecen escarpes, rocas, peque\u00f1as paredes\u2026 son las estribaciones del Tur\u00f3 de Turu y Serrat Alegre, y entre ambos un paso, un paso en el que en ciertos tramos debemos de utilizar las manos en la h\u00fameda roca: es el Collet de Turu (953 mts.). Al otro lado descubrimos el valle frondoso tambi\u00e9n pero m\u00e1s abierto del R\u00edo Ges. Entonces dejamos las vertientes del Torrent de Canemars, para pasar al cauce del R\u00edo Ges. A veces nos da la impresi\u00f3n de estar en tierra ind\u00f3mita, salvaje\u2026 si no fuera por la visi\u00f3n de algunos caminos excavados en el terreno y de algunas torres de electricidad\u2026<\/p>\n<p>Al otro lado del Collet de Turu la senda comienza a bajar casi precipitadamente, r\u00e1pidamente, sin dejar de pasar por rincones de agua y humedad, de vida y frescor, en donde hacemos una parada para fotografiarnos con esas surgencias de aguas manantiales, que salen como por sorpresa de la roca y forman riachuelos que desembocan en el nombrado R\u00edo Ges. La direcci\u00f3n que hemos seguido no es exactamente este, m\u00e1s bien noreste, en busca del cauce y garganta del R\u00edo Ges. Mientras observamos el entorno nos da la impresi\u00f3n de buscar el norte con esta peque\u00f1a pero bien trazada senda.<\/p>\n<p>Al final la senda acaba en un camino de herradura, ancho, pero no lo suficiente como para ser muy transitable por veh\u00edculos de ciudad. Justo enfrente, seg\u00fan llegamos al camino, el cauce del R\u00edo Ges. Llegados a este punto giramos a la izquierda y norte, noreste, a la vez que este camino m\u00e1s aburrido y transitado (bicicletas sobre todo) asciende poco a poco. Vemos marcas de P.R.; la idea es seguir las indicaciones del P.R.-C 47 que nos tiene que llevar hasta las esperadas cascadas del Salt del Mol\u00ed, y despu\u00e9s hasta el mismo Vidr\u00e0.<\/p>\n<div id=\"attachment_40991\" style=\"width: 1798px\" class=\"wp-caption aligncenter\"><a class=\"dt-single-image\" href=\"https:\/\/www.monta\u00f1asdelaluna.es\/wp-content\/uploads\/2020\/01\/IMG_9204.jpg\" data-dt-img-description=\"\"><img loading=\"lazy\" decoding=\"async\" aria-describedby=\"caption-attachment-40991\" class=\"wp-image-40991 size-full\" src=\"https:\/\/www.monta\u00f1asdelaluna.es\/wp-content\/uploads\/2020\/01\/IMG_9204.jpg\" alt=\"Hayedo en la ladera norte de Bellmunt, Baga de Canem\u00e0s\" width=\"1788\" height=\"1192\" srcset=\"https:\/\/www.monta\u00f1asdelaluna.es\/wp-content\/uploads\/2020\/01\/IMG_9204.jpg 1788w, https:\/\/www.monta\u00f1asdelaluna.es\/wp-content\/uploads\/2020\/01\/IMG_9204-300x200.jpg 300w, https:\/\/www.monta\u00f1asdelaluna.es\/wp-content\/uploads\/2020\/01\/IMG_9204-1024x683.jpg 1024w\" sizes=\"auto, (max-width: 1788px) 100vw, 1788px\" \/><\/a><p id=\"caption-attachment-40991\" class=\"wp-caption-text\">Hayedo en la ladera norte de Bellmunt, Baga de Canem\u00e0s<\/p><\/div>\n<div id=\"attachment_40992\" style=\"width: 1798px\" class=\"wp-caption aligncenter\"><a class=\"dt-single-image\" href=\"https:\/\/www.monta\u00f1asdelaluna.es\/wp-content\/uploads\/2020\/01\/IMG_9205.jpg\" data-dt-img-description=\"\"><img loading=\"lazy\" decoding=\"async\" aria-describedby=\"caption-attachment-40992\" class=\"wp-image-40992 size-full\" src=\"https:\/\/www.monta\u00f1asdelaluna.es\/wp-content\/uploads\/2020\/01\/IMG_9205.jpg\" alt=\"Hayedo en la ladera norte de Bellmunt, Baga de Canem\u00e0s\" width=\"1788\" height=\"1192\" srcset=\"https:\/\/www.monta\u00f1asdelaluna.es\/wp-content\/uploads\/2020\/01\/IMG_9205.jpg 1788w, https:\/\/www.monta\u00f1asdelaluna.es\/wp-content\/uploads\/2020\/01\/IMG_9205-300x200.jpg 300w, https:\/\/www.monta\u00f1asdelaluna.es\/wp-content\/uploads\/2020\/01\/IMG_9205-1024x683.jpg 1024w\" sizes=\"auto, (max-width: 1788px) 100vw, 1788px\" \/><\/a><p id=\"caption-attachment-40992\" class=\"wp-caption-text\">Hayedo en la ladera norte de Bellmunt, Baga de Canem\u00e0s<\/p><\/div>\n<p>Y justo en una de las curvas del camino, hay que darse cuenta mirando el paisaje y los m\u00e1rgenes hacia el r\u00edo, hacia el vac\u00edo del mismo, aparece una senda que baja hasta el mismo fondo del valle y que sigue el recorrido del P.R. nombrado. Desde hac\u00eda un tiempo que ya se o\u00eda el rumor fuerte del agua, pero no el de un r\u00edo de aguas bravas, turbulentas, si no el de una cascada, centrado en un punto concreto. Un cartelito de madera y palo de hierro oxidado (nos da una idea del tiempo que lleva aqu\u00ed), nos indican ya por fin la direcci\u00f3n y bajada al visitado Salt del Mol\u00ed.<\/p>\n<p>Y entonces bajamos por esta senda, el camino sigue por la derecha cruzando la ladera del valle, cortando su roca y terreno, y permitiendo que ciclistas se pierdan por sus curvas y recovecos. Justo cuando la senda, metida de nuevo en la frondosidad del lugar, llega hasta casi el fondo del valle, muy cerca del mismo cauce de agua del R\u00edo Ges, hace unos giros y nos deja ante una \u201cpuerta\u201d de entrada para admirar el Salt del Mol\u00ed desde el sur sin tener que cruzar, de momento, el r\u00edo.<\/p>\n<div id=\"attachment_40993\" style=\"width: 1034px\" class=\"wp-caption aligncenter\"><a class=\"dt-single-image\" href=\"https:\/\/www.monta\u00f1asdelaluna.es\/wp-content\/uploads\/2020\/01\/delante-flora-y-raquel-en-el-camino-que-baja-por-la-hayedo-en-la-baga-de-canemas.jpg\" data-dt-img-description=\"\"><img loading=\"lazy\" decoding=\"async\" aria-describedby=\"caption-attachment-40993\" class=\"wp-image-40993 size-large\" src=\"https:\/\/www.monta\u00f1asdelaluna.es\/wp-content\/uploads\/2020\/01\/delante-flora-y-raquel-en-el-camino-que-baja-por-la-hayedo-en-la-baga-de-canemas-1024x683.jpg\" alt=\"Delante Flora y Raquel en el camino que baja por la Hayedo en la Baga de Canem\u00e0s\" width=\"1024\" height=\"683\" srcset=\"https:\/\/www.monta\u00f1asdelaluna.es\/wp-content\/uploads\/2020\/01\/delante-flora-y-raquel-en-el-camino-que-baja-por-la-hayedo-en-la-baga-de-canemas-1024x683.jpg 1024w, https:\/\/www.monta\u00f1asdelaluna.es\/wp-content\/uploads\/2020\/01\/delante-flora-y-raquel-en-el-camino-que-baja-por-la-hayedo-en-la-baga-de-canemas-300x200.jpg 300w, https:\/\/www.monta\u00f1asdelaluna.es\/wp-content\/uploads\/2020\/01\/delante-flora-y-raquel-en-el-camino-que-baja-por-la-hayedo-en-la-baga-de-canemas.jpg 1788w\" sizes=\"auto, (max-width: 1024px) 100vw, 1024px\" \/><\/a><p id=\"caption-attachment-40993\" class=\"wp-caption-text\">Delante Flora y Raquel en el camino que baja por la Hayedo en la Baga de Canem\u00e0s<\/p><\/div>\n<div id=\"attachment_40996\" style=\"width: 1034px\" class=\"wp-caption aligncenter\"><a class=\"dt-single-image\" href=\"https:\/\/www.monta\u00f1asdelaluna.es\/wp-content\/uploads\/2020\/01\/flora-camino-del-collet-del-turu.jpg\" data-dt-img-description=\"\"><img loading=\"lazy\" decoding=\"async\" aria-describedby=\"caption-attachment-40996\" class=\"wp-image-40996 size-large\" src=\"https:\/\/www.monta\u00f1asdelaluna.es\/wp-content\/uploads\/2020\/01\/flora-camino-del-collet-del-turu-1024x683.jpg\" alt=\"Flora camino del Collet del Turu\" width=\"1024\" height=\"683\" srcset=\"https:\/\/www.monta\u00f1asdelaluna.es\/wp-content\/uploads\/2020\/01\/flora-camino-del-collet-del-turu-1024x683.jpg 1024w, https:\/\/www.monta\u00f1asdelaluna.es\/wp-content\/uploads\/2020\/01\/flora-camino-del-collet-del-turu-300x200.jpg 300w, https:\/\/www.monta\u00f1asdelaluna.es\/wp-content\/uploads\/2020\/01\/flora-camino-del-collet-del-turu.jpg 1788w\" sizes=\"auto, (max-width: 1024px) 100vw, 1024px\" \/><\/a><p id=\"caption-attachment-40996\" class=\"wp-caption-text\">Flora camino del Collet del Turu<\/p><\/div>\n<p>Y justo nos paramos en el cauce de otro riachuelo afluente de este R\u00edo Ges, admirando desde un punto concreto la magn\u00edfica y sonora cascada del Salt del Mol\u00ed. Parada, fotos y miradas de asombro, sorpresa\u2026 no me imaginaba un \u201csalto\u201d de tantos metros, tan ancho y con tanta agua; realmente precioso y espectacular. Un hermoso lugar de agua y roca perdido en un rec\u00f3ndito escondite entre las boscosas laderas de este peque\u00f1o rinc\u00f3n del Prepirineo h\u00famedo y casi atl\u00e1ntico\u2026 en el mediterr\u00e1neo \u00a1\u00a1Soberbio!![\/vc_column_text][\/vc_column][\/vc_row][vc_row][vc_column][vc_empty_space][\/vc_column][\/vc_row][vc_row][vc_column][vc_video link=\u00bbhttps:\/\/vimeo.com\/381911836&#8243; title=\u00bbSalt del Mol\u00ed de Vidr\u00e0\u00bb][\/vc_column][\/vc_row][vc_row][vc_column][vc_empty_space][\/vc_column][\/vc_row][vc_row][vc_column][vc_column_text]Hay m\u00e1s gente que visita y disfruta del lugar. Familias con ni\u00f1os y gente no muy preparada para caminar, y sin embargo han llegado hasta aqu\u00ed, con lo que tiene que haber un camino desde Vidr\u00e0 f\u00e1cil para llegar hasta el Salt del Mol\u00ed. Nos movemos por el lugar intentando encontrar el mejor sitio para filmar y fotografiar esta ruidosa cascada. Unos pilones de cemento, hormig\u00f3n, clavados en el lecho del r\u00edo, delante de la cascada, nos sirve para cruzar a la otra orilla del R\u00edo Ges, para hacer mejores fotos y a los ni\u00f1os para pisar y caminar de aqu\u00ed para all\u00e1, sin parar de jugar.<\/p>\n<div id=\"attachment_41002\" style=\"width: 1798px\" class=\"wp-caption aligncenter\"><a class=\"dt-single-image\" href=\"https:\/\/www.monta\u00f1asdelaluna.es\/wp-content\/uploads\/2020\/01\/llegando-al-salt-del-moli-en-el-rio-ges.jpg\" data-dt-img-description=\"\"><img loading=\"lazy\" decoding=\"async\" aria-describedby=\"caption-attachment-41002\" class=\"wp-image-41002 size-full\" src=\"https:\/\/www.monta\u00f1asdelaluna.es\/wp-content\/uploads\/2020\/01\/llegando-al-salt-del-moli-en-el-rio-ges.jpg\" alt=\"Llegando al Salt del Mol\u00ed en el R\u00edo Ges\" width=\"1788\" height=\"1192\" srcset=\"https:\/\/www.monta\u00f1asdelaluna.es\/wp-content\/uploads\/2020\/01\/llegando-al-salt-del-moli-en-el-rio-ges.jpg 1788w, https:\/\/www.monta\u00f1asdelaluna.es\/wp-content\/uploads\/2020\/01\/llegando-al-salt-del-moli-en-el-rio-ges-300x200.jpg 300w, https:\/\/www.monta\u00f1asdelaluna.es\/wp-content\/uploads\/2020\/01\/llegando-al-salt-del-moli-en-el-rio-ges-1024x683.jpg 1024w\" sizes=\"auto, (max-width: 1788px) 100vw, 1788px\" \/><\/a><p id=\"caption-attachment-41002\" class=\"wp-caption-text\">Llegando al Salt del Mol\u00ed en el R\u00edo Ges<\/p><\/div>\n<div id=\"attachment_41005\" style=\"width: 1798px\" class=\"wp-caption aligncenter\"><a class=\"dt-single-image\" href=\"https:\/\/www.monta\u00f1asdelaluna.es\/wp-content\/uploads\/2020\/01\/IMG_9225.jpg\" data-dt-img-description=\"\"><img loading=\"lazy\" decoding=\"async\" aria-describedby=\"caption-attachment-41005\" class=\"wp-image-41005 size-full\" src=\"https:\/\/www.monta\u00f1asdelaluna.es\/wp-content\/uploads\/2020\/01\/IMG_9225.jpg\" alt=\"Salt del Mol\u00ed\" width=\"1788\" height=\"1192\" srcset=\"https:\/\/www.monta\u00f1asdelaluna.es\/wp-content\/uploads\/2020\/01\/IMG_9225.jpg 1788w, https:\/\/www.monta\u00f1asdelaluna.es\/wp-content\/uploads\/2020\/01\/IMG_9225-300x200.jpg 300w, https:\/\/www.monta\u00f1asdelaluna.es\/wp-content\/uploads\/2020\/01\/IMG_9225-1024x683.jpg 1024w\" sizes=\"auto, (max-width: 1788px) 100vw, 1788px\" \/><\/a><p id=\"caption-attachment-41005\" class=\"wp-caption-text\">Salt del Mol\u00ed<\/p><\/div>\n<p>Al otro lado de las pilonas de cemento, hormig\u00f3n, nos volvemos a acercar a la ca\u00edda del agua \u00a1Impresionante, incre\u00edble! Alguna foto m\u00e1s. Pero debemos seguir el camino ya de vuelta a Vidr\u00e0 para finalizar el recorrido, la actividad del d\u00eda. Vidr\u00e0 lo tenemos justo al norte y arriba de estas vertientes y profundidades de estos lugares. Pero no dejamos el recorrido que ahora sigue por una senda como alej\u00e1ndose de la cascada, dejando a \u00e9sta a nuestra espalda, pero enseguida girando y subiendo por la misma de forma que al final la senda pasa justo algo m\u00e1s alto del lecho del r\u00edo pero justo arriba de la cascada, antes de caer el agua por el la misma. Nos hemos encontrado arriba una senda que viene del sur, nosotros la seguiremos hacia el norte, siguiendo r\u00edo arriba y dejando a \u00e9ste a nuestra izquierda.<\/p>\n<p>Nos paramos en un rinc\u00f3n de la senda, justo en el lugar aproximado donde estaba el viejo molino que da nombre a la cascada. Parece que bajo el agua del R\u00edo Ges antes de precipitarse por la cascada, hay restos de construcciones. Seguimos la senda r\u00edo arriba y al poco tiempo nos encontramos con un puente de piedra, antiguo y curioso. Es el Pont Rom\u00e0 que como su nombre indica, probablemente es un puente originario de la \u00e9poca romana. Parece imposible que haya un puente tan antiguo en un lugar tan solitario, el cual parece que no va a ninguna parte ni comunica ninguna parte. Pero ah\u00ed est\u00e1; antiguo, recio, magn\u00edfico\u2026<\/p>\n<p>Fotos y recuerdos de pasar por el puente, porque tenemos que pasar por \u00e9l para cruzar al otro lado. La subida a Vidr\u00e0 est\u00e1 justo al otro lado del R\u00edo Ges. Justo al otro lado ya nos comienzan a indicar unos postes se\u00f1alizadores, alguno con cartel y otros solo el poste con la palabra Vidr\u00e0 y una flecha, el camino a seguir hacia Vidr\u00e0. El recorrido sigue por las orillas del R\u00edo Ges, dejando \u00e9ste esta vez a la derecha. El lugar es frondoso y hermoso, solitario, por aqu\u00ed ya no nos encontramos con m\u00e1s gente, curiosos que han ido a visitar el Salt del Mol\u00ed. Poco m\u00e1s delante dejamos el P.R. que est\u00e1bamos siguiendo para girar a la izquierda, al lado contrario de donde est\u00e1 el r\u00edo, para subir entre las frondosidades y matorrales ladera arriba. Cambiamos de direcci\u00f3n una vez hasta llegar a un colladito, y al poco tiempo, en dicho colladito, volvemos a girar hacia el noroeste.<\/p>\n<div id=\"attachment_41013\" style=\"width: 1034px\" class=\"wp-caption aligncenter\"><a class=\"dt-single-image\" href=\"https:\/\/www.monta\u00f1asdelaluna.es\/wp-content\/uploads\/2020\/01\/lea-cruzando-el-pont-roma-sobre-el-rio-ges.jpg\" data-dt-img-description=\"\"><img loading=\"lazy\" decoding=\"async\" aria-describedby=\"caption-attachment-41013\" class=\"wp-image-41013 size-large\" src=\"https:\/\/www.monta\u00f1asdelaluna.es\/wp-content\/uploads\/2020\/01\/lea-cruzando-el-pont-roma-sobre-el-rio-ges-1024x683.jpg\" alt=\"Lea cruzando el Pont Rom\u00e0 sobre el R\u00edo Ges\" width=\"1024\" height=\"683\" srcset=\"https:\/\/www.monta\u00f1asdelaluna.es\/wp-content\/uploads\/2020\/01\/lea-cruzando-el-pont-roma-sobre-el-rio-ges-1024x683.jpg 1024w, https:\/\/www.monta\u00f1asdelaluna.es\/wp-content\/uploads\/2020\/01\/lea-cruzando-el-pont-roma-sobre-el-rio-ges-300x200.jpg 300w, https:\/\/www.monta\u00f1asdelaluna.es\/wp-content\/uploads\/2020\/01\/lea-cruzando-el-pont-roma-sobre-el-rio-ges.jpg 1788w\" sizes=\"auto, (max-width: 1024px) 100vw, 1024px\" \/><\/a><p id=\"caption-attachment-41013\" class=\"wp-caption-text\">Lea cruzando el Pont Rom\u00e0 sobre el R\u00edo Ges<\/p><\/div>\n<div id=\"attachment_41015\" style=\"width: 1034px\" class=\"wp-caption aligncenter\"><a class=\"dt-single-image\" href=\"https:\/\/www.monta\u00f1asdelaluna.es\/wp-content\/uploads\/2020\/01\/delante-la-nuera-de-flora-en-la-senda-por-la-orilla-contraria-del-rio-ges.jpg\" data-dt-img-description=\"\"><img loading=\"lazy\" decoding=\"async\" aria-describedby=\"caption-attachment-41015\" class=\"wp-image-41015 size-large\" src=\"https:\/\/www.monta\u00f1asdelaluna.es\/wp-content\/uploads\/2020\/01\/delante-la-nuera-de-flora-en-la-senda-por-la-orilla-contraria-del-rio-ges-1024x683.jpg\" alt=\"Delante la nuera de Flora en la senda por la orilla contraria del R\u00edo Ges\" width=\"1024\" height=\"683\" srcset=\"https:\/\/www.monta\u00f1asdelaluna.es\/wp-content\/uploads\/2020\/01\/delante-la-nuera-de-flora-en-la-senda-por-la-orilla-contraria-del-rio-ges-1024x683.jpg 1024w, https:\/\/www.monta\u00f1asdelaluna.es\/wp-content\/uploads\/2020\/01\/delante-la-nuera-de-flora-en-la-senda-por-la-orilla-contraria-del-rio-ges-300x200.jpg 300w, https:\/\/www.monta\u00f1asdelaluna.es\/wp-content\/uploads\/2020\/01\/delante-la-nuera-de-flora-en-la-senda-por-la-orilla-contraria-del-rio-ges.jpg 1788w\" sizes=\"auto, (max-width: 1024px) 100vw, 1024px\" \/><\/a><p id=\"caption-attachment-41015\" class=\"wp-caption-text\">Delante la nuera de Flora en la senda por la orilla contraria del R\u00edo Ges<\/p><\/div>\n<p>Seguimos una senda se\u00f1alizada por los nombrados postes con el nombre de Vidr\u00e0 en su parte de arriba. Poco a poco la senda se ensancha y sigue subiendo en la misma direcci\u00f3n intern\u00e1ndose en un barranco al que llaman Rec del Bac del Coll. Llega un momento que el R\u00edo Ges, el Pont Rom\u00e0 lo dejamos atr\u00e1s a nuestra espalda, invisibles, ya que las vertientes o laderas por las que caminamos ahora no son las que acaban en las profundidades del R\u00edo Ges, y tapan la visi\u00f3n del lugar. La vegetaci\u00f3n en esta zona deja de ser tan atl\u00e1ntica, siendo de matorrales y arboleda m\u00e1s mediterr\u00e1nea\u2026 es una ladera que da al sur y que pr\u00e1cticamente casi baja de las mismas inmediaciones de Vidr\u00e0.<\/p>\n<p>La senda desemboca en un camino, justo el camino que ya cogimos al bajar del Collet del Turu, y dejamos para bajar al Salt del Mol\u00ed, pues ahora lo seguimos camino arriba para que nos deje justo en las afueras de Vidr\u00e0. Antes pasamos por el dep\u00f3sito de agua potable del pueblo y lugar. M\u00e1s arriba pasamos por una casa donde hay caballos, una cuadra y terreno de granja. Ya estamos cerca de las afueras de Vidr\u00e0. El camino desemboca, despu\u00e9s de algunas curvas, en la carreterilla que cruza Vidr\u00e0. Ya estamos en el pueblo. Seguimos la carreterilla hacia la izquierda y entramos en \u00e9l. No sin antes admirar las casas y sitios que se acercan a nosotros. Casas y lugares por cierto, ya vistas en el recorrido hasta el Castell de Milany desde este mismo pueblo.<\/p>\n<div id=\"attachment_41021\" style=\"width: 1034px\" class=\"wp-caption aligncenter\"><a class=\"dt-single-image\" href=\"https:\/\/www.monta\u00f1asdelaluna.es\/wp-content\/uploads\/2020\/01\/IMG_9250.jpg\" data-dt-img-description=\"\"><img loading=\"lazy\" decoding=\"async\" aria-describedby=\"caption-attachment-41021\" class=\"wp-image-41021 size-large\" src=\"https:\/\/www.monta\u00f1asdelaluna.es\/wp-content\/uploads\/2020\/01\/IMG_9250-1024x683.jpg\" alt=\"Vidr\u00e0\" width=\"1024\" height=\"683\" srcset=\"https:\/\/www.monta\u00f1asdelaluna.es\/wp-content\/uploads\/2020\/01\/IMG_9250-1024x683.jpg 1024w, https:\/\/www.monta\u00f1asdelaluna.es\/wp-content\/uploads\/2020\/01\/IMG_9250-300x200.jpg 300w, https:\/\/www.monta\u00f1asdelaluna.es\/wp-content\/uploads\/2020\/01\/IMG_9250.jpg 1788w\" sizes=\"auto, (max-width: 1024px) 100vw, 1024px\" \/><\/a><p id=\"caption-attachment-41021\" class=\"wp-caption-text\">Vidr\u00e0<\/p><\/div>\n<div id=\"attachment_41025\" style=\"width: 1034px\" class=\"wp-caption aligncenter\"><a class=\"dt-single-image\" href=\"https:\/\/www.monta\u00f1asdelaluna.es\/wp-content\/uploads\/2020\/01\/la-serra-de-curull-desde-vidra.jpg\" data-dt-img-description=\"\"><img loading=\"lazy\" decoding=\"async\" aria-describedby=\"caption-attachment-41025\" class=\"wp-image-41025 size-large\" src=\"https:\/\/www.monta\u00f1asdelaluna.es\/wp-content\/uploads\/2020\/01\/la-serra-de-curull-desde-vidra-1024x683.jpg\" alt=\"La Serra de Curull desde Vidr\u00e0\" width=\"1024\" height=\"683\" srcset=\"https:\/\/www.monta\u00f1asdelaluna.es\/wp-content\/uploads\/2020\/01\/la-serra-de-curull-desde-vidra-1024x683.jpg 1024w, https:\/\/www.monta\u00f1asdelaluna.es\/wp-content\/uploads\/2020\/01\/la-serra-de-curull-desde-vidra-300x200.jpg 300w, https:\/\/www.monta\u00f1asdelaluna.es\/wp-content\/uploads\/2020\/01\/la-serra-de-curull-desde-vidra.jpg 1788w\" sizes=\"auto, (max-width: 1024px) 100vw, 1024px\" \/><\/a><p id=\"caption-attachment-41025\" class=\"wp-caption-text\">La Serra de Curull desde Vidr\u00e0<\/p><\/div>\n<p>Acabamos as\u00ed un recorrido por uno de tantos lugares bonitos y preciosos del norte de Catalu\u00f1a, del Prepirineo atl\u00e1ntico. Me ha sorprendido gratamente el Salt del Mol\u00ed, ese rinc\u00f3n oculto casi escondido del R\u00edo Ges, con un caudal de agua realmente sorprendente para el rio que parece ser y ese encuentro con la historia y el romanticismo cuando cruzamos el aislado y solitario Pont Rom\u00e0\u2026 sin olvidarnos de los hayedos y bosques de Bellmunt, y sus vistas. Lugares para visitar de nuevo y volver a admirar; preciosos y encantadores. Naturaleza ind\u00f3mita, m\u00edstica y legendaria.<\/p>\n<div id=\"attachment_41033\" style=\"width: 1170px\" class=\"wp-caption aligncenter\"><a class=\"dt-single-image\" href=\"https:\/\/www.monta\u00f1asdelaluna.es\/wp-content\/uploads\/2018\/11\/bellmuntvidra.croquis.web_.jpg\" data-dt-img-description=\"\"><img loading=\"lazy\" decoding=\"async\" aria-describedby=\"caption-attachment-41033\" class=\"wp-image-41033 size-full\" src=\"https:\/\/www.monta\u00f1asdelaluna.es\/wp-content\/uploads\/2018\/11\/bellmuntvidra.croquis.web_.jpg\" alt=\"Croquis del recorrido a Bellmunt y Salt del Mol\u00ed desde Vidr\u00e0. PUNTO ROJO: Collet del Turu, TUR\u00d3 DE DEGOLLATS: El Turu. PONT DE SAIGUEDA: Pont Rom\u00e0.\" width=\"1160\" height=\"1018\" srcset=\"https:\/\/www.monta\u00f1asdelaluna.es\/wp-content\/uploads\/2018\/11\/bellmuntvidra.croquis.web_.jpg 1160w, https:\/\/www.monta\u00f1asdelaluna.es\/wp-content\/uploads\/2018\/11\/bellmuntvidra.croquis.web_-300x263.jpg 300w, https:\/\/www.monta\u00f1asdelaluna.es\/wp-content\/uploads\/2018\/11\/bellmuntvidra.croquis.web_-1024x899.jpg 1024w\" sizes=\"auto, (max-width: 1160px) 100vw, 1160px\" \/><\/a><p id=\"caption-attachment-41033\" class=\"wp-caption-text\">Croquis del recorrido a Bellmunt y Salt del Mol\u00ed desde Vidr\u00e0. PUNTO ROJO: Collet del Turu, TUR\u00d3 DE DEGOLLATS: El Turu. PONT DE SAIGUEDA: Pont Rom\u00e0.<\/p><\/div>\n<p>[\/vc_column_text][\/vc_column][\/vc_row][vc_row][vc_column][vc_empty_space height=\u00bb60px\u00bb][\/vc_column][\/vc_row][vc_row][vc_column][vc_cta h2=\u00bb\u00c1lbum de fotos\u00bb txt_align=\u00bbcenter\u00bb add_button=\u00bbbottom\u00bb btn_title=\u00bbVer fotos\u00bb btn_color=\u00bbwarning\u00bb btn_align=\u00bbcenter\u00bb btn_link=\u00bburl:https%3A%2F%2Fmonta%C3%B1asdelaluna.es%2F%3Fdt_gallery%3Dbellmunt-y-el-salt-del-moli-desde-vidra-2|title:Bellmunt%20y%20el%20Salt%20del%20Mol%C3%AD%20desde%20Vidr%C3%A0|target:_blank\u00bb css=\u00bb.vc_custom_1625850369737{background-color: #8bc4ed !important;}\u00bb]Puedes ver todas las fotos del relato y actividad en forma de presentaci\u00f3n o individuales pinchando aqui \u00a1No te las pierdas![\/vc_cta][\/vc_column][\/vc_row][vc_row][vc_column][vc_empty_space height=\u00bb60px\u00bb][\/vc_column][\/vc_row][vc_row][vc_column width=\u00bb1\/6&#8243;][\/vc_column][vc_column width=\u00bb1\/3&#8243;][vc_column_text]Tiempo en Bellmunt[\/vc_column_text][vc_raw_html]JTNDaWZyYW1lJTIwc3JjJTNEJTIyaHR0cHMlM0ElMkYlMkZ3d3cubWV0ZW9ibHVlLmNvbSUyRmVzJTJGdGllbXBvJTJGd2lkZ2V0JTJGZGFpbHklMkY0Mi4xMDJOMi4yOTRFMTIxMV9FdXJvcGUlMjUyRk1hZHJpZCUzRmdlb2xvYyUzRGZpeGVkJTI2ZGF5cyUzRDclMjZ0ZW1wdW5pdCUzRENFTFNJVVMlMjZ3aW5kdW5pdCUzREtJTE9NRVRFUl9QRVJfSE9VUiUyNnByZWNpcHVuaXQlM0RNSUxMSU1FVEVSJTI2Y29sb3VyZWQlM0Rjb2xvdXJlZCUyNnBpY3RvaWNvbiUzRDAlMjZwaWN0b2ljb24lM0QxJTI2bWF4dGVtcGVyYXR1cmUlM0QwJTI2bWF4dGVtcGVyYXR1cmUlM0QxJTI2bWludGVtcGVyYXR1cmUlM0QwJTI2bWludGVtcGVyYXR1cmUlM0QxJTI2d2luZHNwZWVkJTNEMCUyNndpbmRzcGVlZCUzRDElMjZ3aW5kZ3VzdCUzRDAlMjZ3aW5kZ3VzdCUzRDElMjZ3aW5kZGlyZWN0aW9uJTNEMCUyNndpbmRkaXJlY3Rpb24lM0QxJTI2dXYlM0QwJTI2aHVtaWRpdHklM0QwJTI2cHJlY2lwaXRhdGlvbiUzRDAlMjZwcmVjaXBpdGF0aW9uJTNEMSUyNnByZWNpcGl0YXRpb25wcm9iYWJpbGl0eSUzRDAlMjZwcmVjaXBpdGF0aW9ucHJvYmFiaWxpdHklM0QxJTI2c3BvdCUzRDAlMjZzcG90JTNEMSUyNnByZXNzdXJlJTNEMCUyNnByZXNzdXJlJTNEMSUyNmxheW91dCUzRGxpZ2h0JTIyJTIwJTIwZnJhbWVib3JkZXIlM0QlMjIwJTIyJTIwc2Nyb2xsaW5nJTNEJTIyTk8lMjIlMjBhbGxvd3RyYW5zcGFyZW5jeSUzRCUyMnRydWUlMjIlMjBzYW5kYm94JTNEJTIyYWxsb3ctc2FtZS1vcmlnaW4lMjBhbGxvdy1zY3JpcHRzJTIwYWxsb3ctcG9wdXBzJTIwYWxsb3ctcG9wdXBzLXRvLWVzY2FwZS1zYW5kYm94JTIyJTIwc3R5bGUlM0QlMjJ3aWR0aCUzQSUyMDM3OHB4JTNCaGVpZ2h0JTNBJTIwNDEzcHglMjIlM0UlM0MlMkZpZnJhbWUlM0UlM0NkaXYlM0UlM0MlMjEtLSUyMERPJTIwTk9UJTIwUkVNT1ZFJTIwVEhJUyUyMExJTkslMjAtLSUzRSUzQ2ElMjBocmVmJTNEJTIyaHR0cHMlM0ElMkYlMkZ3d3cubWV0ZW9ibHVlLmNvbSUyRmVzJTJGdGllbXBvJTJGc2VtYW5hJTJGNDIuMTAyTjIuMjk0RTEyMTFfRXVyb3BlJTI1MkZNYWRyaWQlM0Z1dG1fc291cmNlJTNEd2VhdGhlcl93aWRnZXQlMjZ1dG1fbWVkaXVtJTNEbGlua3VzJTI2dXRtX2NvbnRlbnQlM0RkYWlseSUyNnV0bV9jYW1wYWlnbiUzRFdlYXRoZXIlMjUyQldpZGdldCUyMiUyMHRhcmdldCUzRCUyMl9ibGFuayUyMiUzRW1ldGVvYmx1ZSUzQyUyRmElM0UlM0MlMkZkaXYlM0U=[\/vc_raw_html][\/vc_column][vc_column width=\u00bb1\/3&#8243;][vc_empty_space height=\u00bb22px\u00bb][vc_raw_html]JTNDaWZyYW1lJTIwc3JjJTNEJTIyaHR0cHMlM0ElMkYlMkZ3d3cubWV0ZW9ibHVlLmNvbSUyRmVzJTJGdGllbXBvJTJGd2lkZ2V0JTJGZGFpbHklMkZ2aWRyJTI1YzMlMjVhMF9lc3BhJTI1YzMlMjViMWFfMzEwNjAyMiUzRmdlb2xvYyUzRGZpeGVkJTI2ZGF5cyUzRDclMjZ0ZW1wdW5pdCUzRENFTFNJVVMlMjZ3aW5kdW5pdCUzREtJTE9NRVRFUl9QRVJfSE9VUiUyNnByZWNpcHVuaXQlM0RNSUxMSU1FVEVSJTI2Y29sb3VyZWQlM0Rjb2xvdXJlZCUyNnBpY3RvaWNvbiUzRDAlMjZwaWN0b2ljb24lM0QxJTI2bWF4dGVtcGVyYXR1cmUlM0QwJTI2bWF4dGVtcGVyYXR1cmUlM0QxJTI2bWludGVtcGVyYXR1cmUlM0QwJTI2bWludGVtcGVyYXR1cmUlM0QxJTI2d2luZHNwZWVkJTNEMCUyNndpbmRzcGVlZCUzRDElMjZ3aW5kZ3VzdCUzRDAlMjZ3aW5kZ3VzdCUzRDElMjZ3aW5kZGlyZWN0aW9uJTNEMCUyNndpbmRkaXJlY3Rpb24lM0QxJTI2dXYlM0QwJTI2aHVtaWRpdHklM0QwJTI2cHJlY2lwaXRhdGlvbiUzRDAlMjZwcmVjaXBpdGF0aW9uJTNEMSUyNnByZWNpcGl0YXRpb25wcm9iYWJpbGl0eSUzRDAlMjZwcmVjaXBpdGF0aW9ucHJvYmFiaWxpdHklM0QxJTI2c3BvdCUzRDAlMjZzcG90JTNEMSUyNnByZXNzdXJlJTNEMCUyNnByZXNzdXJlJTNEMSUyNmxheW91dCUzRGxpZ2h0JTIyJTIwJTIwZnJhbWVib3JkZXIlM0QlMjIwJTIyJTIwc2Nyb2xsaW5nJTNEJTIyTk8lMjIlMjBhbGxvd3RyYW5zcGFyZW5jeSUzRCUyMnRydWUlMjIlMjBzYW5kYm94JTNEJTIyYWxsb3ctc2FtZS1vcmlnaW4lMjBhbGxvdy1zY3JpcHRzJTIwYWxsb3ctcG9wdXBzJTIwYWxsb3ctcG9wdXBzLXRvLWVzY2FwZS1zYW5kYm94JTIyJTIwc3R5bGUlM0QlMjJ3aWR0aCUzQSUyMDM3OHB4JTNCaGVpZ2h0JTNBJTIwNDEzcHglMjIlM0UlM0MlMkZpZnJhbWUlM0UlM0NkaXYlM0UlM0MlMjEtLSUyMERPJTIwTk9UJTIwUkVNT1ZFJTIwVEhJUyUyMExJTkslMjAtLSUzRSUzQ2ElMjBocmVmJTNEJTIyaHR0cHMlM0ElMkYlMkZ3d3cubWV0ZW9ibHVlLmNvbSUyRmVzJTJGdGllbXBvJTJGc2VtYW5hJTJGdmlkciUyNWMzJTI1YTBfZXNwYSUyNWMzJTI1YjFhXzMxMDYwMjIlM0Z1dG1fc291cmNlJTNEd2VhdGhlcl93aWRnZXQlMjZ1dG1fbWVkaXVtJTNEbGlua3VzJTI2dXRtX2NvbnRlbnQlM0RkYWlseSUyNnV0bV9jYW1wYWlnbiUzRFdlYXRoZXIlMjUyQldpZGdldCUyMiUyMHRhcmdldCUzRCUyMl9ibGFuayUyMiUzRW1ldGVvYmx1ZSUzQyUyRmElM0UlM0MlMkZkaXYlM0U=[\/vc_raw_html][\/vc_column][vc_column width=\u00bb1\/6&#8243;][\/vc_column][\/vc_row]<\/p>\n","protected":false},"excerpt":{"rendered":"<p>[vc_row][vc_column][vc_column_text]Hace ya bastante tiempo que hab\u00eda subido a la cima de esta monta\u00f1a, puerta del Prepirineo, a caballo entre las provincias de Barcelona y Girona. Y lo hice desde su lado sur con una subida desde Torell\u00f3. Ya ten\u00eda ganas de volver a subirla, pero esta vez quer\u00eda recorrerme sus rincones y perfiles de su&hellip;<\/p>\n","protected":false},"author":1,"featured_media":41005,"comment_status":"open","ping_status":"open","sticky":false,"template":"","format":"standard","meta":[],"categories":[46],"tags":[],"class_list":["post-41029","post","type-post","status-publish","format-standard","has-post-thumbnail","hentry","category-girona","category-46","description-off"],"_links":{"self":[{"href":"https:\/\/www.monta\u00f1asdelaluna.es\/index.php?rest_route=\/wp\/v2\/posts\/41029","targetHints":{"allow":["GET"]}}],"collection":[{"href":"https:\/\/www.monta\u00f1asdelaluna.es\/index.php?rest_route=\/wp\/v2\/posts"}],"about":[{"href":"https:\/\/www.monta\u00f1asdelaluna.es\/index.php?rest_route=\/wp\/v2\/types\/post"}],"author":[{"embeddable":true,"href":"https:\/\/www.monta\u00f1asdelaluna.es\/index.php?rest_route=\/wp\/v2\/users\/1"}],"replies":[{"embeddable":true,"href":"https:\/\/www.monta\u00f1asdelaluna.es\/index.php?rest_route=%2Fwp%2Fv2%2Fcomments&post=41029"}],"version-history":[{"count":12,"href":"https:\/\/www.monta\u00f1asdelaluna.es\/index.php?rest_route=\/wp\/v2\/posts\/41029\/revisions"}],"predecessor-version":[{"id":52257,"href":"https:\/\/www.monta\u00f1asdelaluna.es\/index.php?rest_route=\/wp\/v2\/posts\/41029\/revisions\/52257"}],"wp:featuredmedia":[{"embeddable":true,"href":"https:\/\/www.monta\u00f1asdelaluna.es\/index.php?rest_route=\/wp\/v2\/media\/41005"}],"wp:attachment":[{"href":"https:\/\/www.monta\u00f1asdelaluna.es\/index.php?rest_route=%2Fwp%2Fv2%2Fmedia&parent=41029"}],"wp:term":[{"taxonomy":"category","embeddable":true,"href":"https:\/\/www.monta\u00f1asdelaluna.es\/index.php?rest_route=%2Fwp%2Fv2%2Fcategories&post=41029"},{"taxonomy":"post_tag","embeddable":true,"href":"https:\/\/www.monta\u00f1asdelaluna.es\/index.php?rest_route=%2Fwp%2Fv2%2Ftags&post=41029"}],"curies":[{"name":"wp","href":"https:\/\/api.w.org\/{rel}","templated":true}]}}