{"id":41205,"date":"2019-02-09T08:45:51","date_gmt":"2019-02-09T08:45:51","guid":{"rendered":"http:\/\/monta\u00f1asdelaluna.com\/?p=41205"},"modified":"2021-08-02T21:28:18","modified_gmt":"2021-08-02T21:28:18","slug":"pic-de-lestanyo-2-915-mts","status":"publish","type":"post","link":"https:\/\/www.monta\u00f1asdelaluna.es\/?p=41205","title":{"rendered":"Pic de l&#8217;Estany\u00f3 (2.915 mts.)"},"content":{"rendered":"<p>[vc_row][vc_column][vc_column_text]En febrero de hace dos a\u00f1os, se organiz\u00f3 una actividad para ya subir esta monta\u00f1a del Pirineo de Andorra. Pero entre una cosa y otra, a pesar de ser un d\u00eda magn\u00edfico y estupendo para hacer alta monta\u00f1a, solamente pudimos llegar a l\u2019Estany\u00f3. Nombre que se le da al ib\u00f3n de alta monta\u00f1a ubicado justo en el centro del circo de la llamada Serra de l\u2019Estany\u00f3, que no es m\u00e1s que el cordal cimero en forma de arco que forma este pico.<\/p>\n<p>Por lo tanto esta vez, con menos gente y mejor organizados, salimos en direcci\u00f3n a Andorra para acercarnos a esta Vall de Sorteny para realizar dicha actividad. Recordamos que la Vall de Sorteny est\u00e1 ubicada al norte del pa\u00eds, casi haciendo frontera con Francia. La poblaci\u00f3n andorrana m\u00e1s cercana a este valle es El Serrat; por la carretera justo arriba de este pueblo, encontramos un cruce con una pista asfaltada que sube, por la derecha, al parking de la Vall de Sorteny.<\/p>\n<p>La idea era dejar el coche en el parking y subir hasta el Refugio de Sorteny donde pasar\u00edamos la noche. Pero todo este recorrido ya est\u00e1 muy bien descrito en el anterior intento de subida a <a href=\"https:\/\/www.monta\u00f1asdelaluna.es\/?p=35666\" target=\"_blank\" rel=\"noopener\">l\u2019Estany\u00f3 y Vall de Sorteny<\/a>, ya que la idea de esta anterior actividad era subir el pico objetivo de ahora. Con la peque\u00f1a excepci\u00f3n de que ahora llegar\u00edamos hasta el Refugio de Sorteny para pasar la noche, en lugar de desviarnos a la derecha, cruzando por una pasarela el riachuelo, en busca de l\u2019Estany\u00f3. No tiene perdida, es pr\u00e1cticamente el mismo recorrido de subida, las mismas marcas y se\u00f1alizaciones\u2026 realmente es coger la ladera al otro lado del refugio, del riachuelo, para subir en busca de las alturas m\u00e1s arriba del bosque.<\/p>\n<div id=\"attachment_41123\" style=\"width: 1034px\" class=\"wp-caption aligncenter\"><a class=\"dt-single-image\" href=\"https:\/\/www.monta\u00f1asdelaluna.es\/wp-content\/uploads\/2020\/01\/de-izquierda-a-derecha-antoni-luis-pep-y-joaquin-en-el-parking-de-la-vall-de-sorteny.jpg\" data-dt-img-description=\"\"><img loading=\"lazy\" decoding=\"async\" aria-describedby=\"caption-attachment-41123\" class=\"wp-image-41123 size-large\" src=\"https:\/\/www.monta\u00f1asdelaluna.es\/wp-content\/uploads\/2020\/01\/de-izquierda-a-derecha-antoni-luis-pep-y-joaquin-en-el-parking-de-la-vall-de-sorteny-1024x768.jpg\" alt=\"De izquierda a derecha: Antoni, Luis, Pep y Joaqu\u00edn en el parking de la Vall de Sorteny\" width=\"1024\" height=\"768\" srcset=\"https:\/\/www.monta\u00f1asdelaluna.es\/wp-content\/uploads\/2020\/01\/de-izquierda-a-derecha-antoni-luis-pep-y-joaquin-en-el-parking-de-la-vall-de-sorteny-1024x768.jpg 1024w, https:\/\/www.monta\u00f1asdelaluna.es\/wp-content\/uploads\/2020\/01\/de-izquierda-a-derecha-antoni-luis-pep-y-joaquin-en-el-parking-de-la-vall-de-sorteny-300x225.jpg 300w, https:\/\/www.monta\u00f1asdelaluna.es\/wp-content\/uploads\/2020\/01\/de-izquierda-a-derecha-antoni-luis-pep-y-joaquin-en-el-parking-de-la-vall-de-sorteny.jpg 1600w\" sizes=\"auto, (max-width: 1024px) 100vw, 1024px\" \/><\/a><p id=\"caption-attachment-41123\" class=\"wp-caption-text\">De izquierda a derecha: Antoni, Luis, Pep y Joaqu\u00edn en el parking de la Vall de Sorteny<\/p><\/div>\n<div id=\"attachment_41131\" style=\"width: 1034px\" class=\"wp-caption aligncenter\"><a class=\"dt-single-image\" href=\"https:\/\/www.monta\u00f1asdelaluna.es\/wp-content\/uploads\/2020\/01\/IMG_9454.jpg\" data-dt-img-description=\"\"><img loading=\"lazy\" decoding=\"async\" aria-describedby=\"caption-attachment-41131\" class=\"wp-image-41131 size-large\" src=\"https:\/\/www.monta\u00f1asdelaluna.es\/wp-content\/uploads\/2020\/01\/IMG_9454-1024x683.jpg\" alt=\"Refugio de Sorteny, 1.965 mts.\" width=\"1024\" height=\"683\" srcset=\"https:\/\/www.monta\u00f1asdelaluna.es\/wp-content\/uploads\/2020\/01\/IMG_9454-1024x683.jpg 1024w, https:\/\/www.monta\u00f1asdelaluna.es\/wp-content\/uploads\/2020\/01\/IMG_9454-300x200.jpg 300w, https:\/\/www.monta\u00f1asdelaluna.es\/wp-content\/uploads\/2020\/01\/IMG_9454.jpg 1788w\" sizes=\"auto, (max-width: 1024px) 100vw, 1024px\" \/><\/a><p id=\"caption-attachment-41131\" class=\"wp-caption-text\">Refugio de Sorteny, 1.965 mts.<\/p><\/div>\n<p>El d\u00eda de nuevo esta vez sigue siendo muy bueno, excelente para hacer alta monta\u00f1a. Sol, pocas nubes y temperaturas adecuadas, ni demasiado fr\u00edo ni nada de calor. Antes de llegar al parking, la nieve ya abundaba en todas las laderas de la monta\u00f1a; este a\u00f1o puede ser un buen a\u00f1o de nieves, al menos en altura. Y una vez llegados al refugio, despu\u00e9s de pasar por el camino y senda que ataja las curvas del mismo, descansamos, cenamos y dormimos en \u00e9l.<\/p>\n<p>El Refugio de Sorteny se encuentra a 1.965 mts. en el centro del apacible y de suaves lomas, valle de Sorteny. Ideal para subir algunos de los picos m\u00e1s altos al norte de Andorra, como este Pic de l\u2019Estany\u00f3 (a un tiro de piedra) al oeste, el Pic de La Serrera, al norte, e incluso el espectacular pero algo alejado Pic de Font Blanca al este, noreste y en otro valle paralelo al de Sorteny. Todos sobrepasan a malas penas los 2.900 metros, siendo el Pic de l\u2019Estany\u00f3 con 2.915 mts. el m\u00e1s alto de todos. Ya nos tendr\u00edamos que ir a la zona del Comapedrosa para encontrar, no solo monta\u00f1as m\u00e1s altas que el Pic de l\u2019Estany\u00f3, si no la m\u00e1s alta de Andorra: el Pic de Comapedrosa. Y ya fuera de las fronteras andorranas, los primeros tres miles aparecen justo al oeste de este macizo, en las monta\u00f1as de la Pica d\u2019Estats, en la frontera franco-catalana.<\/p>\n<div id=\"attachment_41132\" style=\"width: 1798px\" class=\"wp-caption aligncenter\"><a class=\"dt-single-image\" href=\"https:\/\/www.monta\u00f1asdelaluna.es\/wp-content\/uploads\/2020\/01\/mirando-hacia-el-serrat-del-roc-del-rellotge-camino-de-subida-al-pic-de-l-estanyo.jpg\" data-dt-img-description=\"\"><img loading=\"lazy\" decoding=\"async\" aria-describedby=\"caption-attachment-41132\" class=\"wp-image-41132 size-full\" src=\"https:\/\/www.monta\u00f1asdelaluna.es\/wp-content\/uploads\/2020\/01\/mirando-hacia-el-serrat-del-roc-del-rellotge-camino-de-subida-al-pic-de-l-estanyo.jpg\" alt=\"Mirando hacia el Serrat del Roc del Rellotge, camino de subida al Pic de l'Estany\u00f3\" width=\"1788\" height=\"1192\" srcset=\"https:\/\/www.monta\u00f1asdelaluna.es\/wp-content\/uploads\/2020\/01\/mirando-hacia-el-serrat-del-roc-del-rellotge-camino-de-subida-al-pic-de-l-estanyo.jpg 1788w, https:\/\/www.monta\u00f1asdelaluna.es\/wp-content\/uploads\/2020\/01\/mirando-hacia-el-serrat-del-roc-del-rellotge-camino-de-subida-al-pic-de-l-estanyo-300x200.jpg 300w, https:\/\/www.monta\u00f1asdelaluna.es\/wp-content\/uploads\/2020\/01\/mirando-hacia-el-serrat-del-roc-del-rellotge-camino-de-subida-al-pic-de-l-estanyo-1024x683.jpg 1024w\" sizes=\"auto, (max-width: 1788px) 100vw, 1788px\" \/><\/a><p id=\"caption-attachment-41132\" class=\"wp-caption-text\">Mirando hacia el Serrat del Roc del Rellotge, camino de subida al Pic de l&#8217;Estany\u00f3<\/p><\/div>\n<div id=\"attachment_41133\" style=\"width: 1034px\" class=\"wp-caption aligncenter\"><a class=\"dt-single-image\" href=\"https:\/\/www.monta\u00f1asdelaluna.es\/wp-content\/uploads\/2020\/01\/interior-del-refugio-de-sorteny-de-izquierda-a-derecha-pep-joaquin-antoni-y-luis.jpg\" data-dt-img-description=\"\"><img loading=\"lazy\" decoding=\"async\" aria-describedby=\"caption-attachment-41133\" class=\"wp-image-41133 size-large\" src=\"https:\/\/www.monta\u00f1asdelaluna.es\/wp-content\/uploads\/2020\/01\/interior-del-refugio-de-sorteny-de-izquierda-a-derecha-pep-joaquin-antoni-y-luis-1024x768.jpg\" alt=\"Interior del Refugio de Sorteny, de izquierda a derecha: Pep, Joaqu\u00edn, Antoni y Luis\" width=\"1024\" height=\"768\" srcset=\"https:\/\/www.monta\u00f1asdelaluna.es\/wp-content\/uploads\/2020\/01\/interior-del-refugio-de-sorteny-de-izquierda-a-derecha-pep-joaquin-antoni-y-luis-1024x768.jpg 1024w, https:\/\/www.monta\u00f1asdelaluna.es\/wp-content\/uploads\/2020\/01\/interior-del-refugio-de-sorteny-de-izquierda-a-derecha-pep-joaquin-antoni-y-luis-300x225.jpg 300w, https:\/\/www.monta\u00f1asdelaluna.es\/wp-content\/uploads\/2020\/01\/interior-del-refugio-de-sorteny-de-izquierda-a-derecha-pep-joaquin-antoni-y-luis.jpg 1600w\" sizes=\"auto, (max-width: 1024px) 100vw, 1024px\" \/><\/a><p id=\"caption-attachment-41133\" class=\"wp-caption-text\">Interior del Refugio de Sorteny, de izquierda a derecha: Pep, Joaqu\u00edn, Antoni y Luis<\/p><\/div>\n<p>El refugio est\u00e1 muy bien. Lo regenta unas mujeres, que dicen son madre e hija, o al menos la fama de este refugio es eso, que lo regentan y cuidan solo mujeres. Que no siempre est\u00e1 abierto, y que muchas veces aprovechan y hacen conciertos aqu\u00ed en alguna fiesta o conmemoraci\u00f3n. El comedor est\u00e1 en la parte de arriba, una vez entras y dejas las cosas en el peque\u00f1o vest\u00edbulo. Las habitaciones, tienes que bajar unas escaleras y pasar por un largo pasillo para llegar a cada una. A nosotros nos han asignado la habitaci\u00f3n que est\u00e1 m\u00e1s al fondo, con sus literas y colchones, camastros, individuales\u2026 no hace falta saco de alta monta\u00f1a. Hay bastante gente, sobre todo franceses que esqu\u00edan en invierno y se recorren el Pirineo (en invierno, \u00e9stos son los que m\u00e1s disfrutan de la cordillera). La charla en la cena es animada, Pep, Antoni, Luis y yo, hacemos un buen equipo.<\/p>\n<p>Al otro d\u00eda nos levantamos temprano para salir, casi a la vez que el grupo de franceses esquiadores. El d\u00eda amanece muy bueno y fr\u00edo, como debe de ser en invierno; sin la pinta de que deba cambiar o perjudicarnos. Nos hacemos la foto de grupo y emprendemos el comienzo de la aventura, de la actividad, saliendo del mismo refugio para bajar, directamente desde su puerta, al riachuelo y cruzarlo. Un cartel se\u00f1alizador nos muestra el camino o direcci\u00f3n a seguir; y como suele pasar a estas horas del invierno, hay huella en la nieve que marca el camino o pisadas a seguir.<\/p>\n<div id=\"attachment_41137\" style=\"width: 1798px\" class=\"wp-caption aligncenter\"><a class=\"dt-single-image\" href=\"https:\/\/www.monta\u00f1asdelaluna.es\/wp-content\/uploads\/2020\/01\/saliendo-del-refugio-de-sorteny-con-el-serrat-del-roc-del-rellotge-a-la-izquierda-y-la-serra-de-l-estanyo-en-el-centro-y-derecha.jpg\" data-dt-img-description=\"\"><img loading=\"lazy\" decoding=\"async\" aria-describedby=\"caption-attachment-41137\" class=\"wp-image-41137 size-full\" src=\"https:\/\/www.monta\u00f1asdelaluna.es\/wp-content\/uploads\/2020\/01\/saliendo-del-refugio-de-sorteny-con-el-serrat-del-roc-del-rellotge-a-la-izquierda-y-la-serra-de-l-estanyo-en-el-centro-y-derecha.jpg\" alt=\"Saliendo del Refugio de Sorteny con el Serrat del Roc del Rellotge a la izquierda y la Serra de l'Estany\u00f3 en el centro y derecha\" width=\"1788\" height=\"1192\" srcset=\"https:\/\/www.monta\u00f1asdelaluna.es\/wp-content\/uploads\/2020\/01\/saliendo-del-refugio-de-sorteny-con-el-serrat-del-roc-del-rellotge-a-la-izquierda-y-la-serra-de-l-estanyo-en-el-centro-y-derecha.jpg 1788w, https:\/\/www.monta\u00f1asdelaluna.es\/wp-content\/uploads\/2020\/01\/saliendo-del-refugio-de-sorteny-con-el-serrat-del-roc-del-rellotge-a-la-izquierda-y-la-serra-de-l-estanyo-en-el-centro-y-derecha-300x200.jpg 300w, https:\/\/www.monta\u00f1asdelaluna.es\/wp-content\/uploads\/2020\/01\/saliendo-del-refugio-de-sorteny-con-el-serrat-del-roc-del-rellotge-a-la-izquierda-y-la-serra-de-l-estanyo-en-el-centro-y-derecha-1024x683.jpg 1024w\" sizes=\"auto, (max-width: 1788px) 100vw, 1788px\" \/><\/a><p id=\"caption-attachment-41137\" class=\"wp-caption-text\">Saliendo del Refugio de Sorteny con el Serrat del Roc del Rellotge a la izquierda y la Serra de l&#8217;Estany\u00f3 en el centro y derecha<\/p><\/div>\n<div id=\"attachment_41139\" style=\"width: 1798px\" class=\"wp-caption aligncenter\"><a class=\"dt-single-image\" href=\"https:\/\/www.monta\u00f1asdelaluna.es\/wp-content\/uploads\/2020\/01\/amanece-al-pic-de-font-blanca.jpg\" data-dt-img-description=\"\"><img loading=\"lazy\" decoding=\"async\" aria-describedby=\"caption-attachment-41139\" class=\"wp-image-41139 size-full\" src=\"https:\/\/www.monta\u00f1asdelaluna.es\/wp-content\/uploads\/2020\/01\/amanece-al-pic-de-font-blanca.jpg\" alt=\"Amanece en Pic de Font Blanca\" width=\"1788\" height=\"1004\" srcset=\"https:\/\/www.monta\u00f1asdelaluna.es\/wp-content\/uploads\/2020\/01\/amanece-al-pic-de-font-blanca.jpg 1788w, https:\/\/www.monta\u00f1asdelaluna.es\/wp-content\/uploads\/2020\/01\/amanece-al-pic-de-font-blanca-300x168.jpg 300w, https:\/\/www.monta\u00f1asdelaluna.es\/wp-content\/uploads\/2020\/01\/amanece-al-pic-de-font-blanca-1024x575.jpg 1024w\" sizes=\"auto, (max-width: 1788px) 100vw, 1788px\" \/><\/a><p id=\"caption-attachment-41139\" class=\"wp-caption-text\">Amanece en Pic de Font Blanca<\/p><\/div>\n<p>Es f\u00e1cil. Igual que en <a href=\"https:\/\/www.monta\u00f1asdelaluna.es\/?p=35666\" target=\"_blank\" rel=\"noopener\">Vall de Sorteny y l\u2019Estany\u00f3<\/a>, debemos subir por la loma al otro lado del refugio, por en medio de su bosque, para llegar hasta los falsos llanos de arriba, m\u00e1s arriba del bosque, y aproximarnos al lago de alta monta\u00f1a, l\u2019Estany\u00f3. Dejamos el fondo del riachuelo o R\u00edu de l\u2019Estany\u00f3 a la izquierda; aunque poco m\u00e1s arriba nos acercaremos a \u00e9l para avanzar y llegar a la parte baja del hueco del mismo Estany\u00f3. Justo cuando dejamos los \u00e1rboles a nuestra espalda.<\/p>\n<p>A nuestra izquierda vemos una pala ancha y empinada, la cual observamos nos sube hasta la parte m\u00e1s alta del cordal que se quedaba a nuestra izquierda y bajaba desde la parte m\u00e1s alta de la monta\u00f1a, desde la misma cima del Pic de l\u2019Estany\u00f3\u2026 el cordal alto de nuestra izquierda es el Serrat del Roc del Rellotge. Justo delante nuestro, antes de girar para afrontar la nombrada ancha y empinada pala, tenemos todo el circo de roca alto y alargado que es la Serra de l\u2019Estany\u00f3, con el pico m\u00e1s alto en el lado izquierdo del mismo, el Pic de l\u2019Estany\u00f3.<\/p>\n<p>La nieve ya es abundante en esta zona, justo antes de comenzar a subir la enorme pala, nieve acumulado en seg\u00fan qu\u00e9 ventisqueros y a la vez y por suerte, algo dura haciendo buen uso de los crampones. Por suerte tambi\u00e9n el tiempo aguanta; aparecen nubes altas y pocas m\u00e1s bajas que invadir\u00e1n las cumbres m\u00e1s altas de las monta\u00f1as que vemos y abarca nuestra vista en el horizonte de ese blanco y agreste Pirineo.<\/p>\n<div id=\"attachment_41154\" style=\"width: 1798px\" class=\"wp-caption aligncenter\"><a class=\"dt-single-image\" href=\"https:\/\/www.monta\u00f1asdelaluna.es\/wp-content\/uploads\/2020\/01\/en-el-centro-izquierda-el-valle-de-tristania-con-la-pica-d-estats-arriba-y-el-pic-de-font-blanca-a-la-derecha.jpg\" data-dt-img-description=\"\"><img loading=\"lazy\" decoding=\"async\" aria-describedby=\"caption-attachment-41154\" class=\"wp-image-41154 size-full\" src=\"https:\/\/www.monta\u00f1asdelaluna.es\/wp-content\/uploads\/2020\/01\/en-el-centro-izquierda-el-valle-de-tristania-con-la-pica-d-estats-arriba-y-el-pic-de-font-blanca-a-la-derecha.jpg\" alt=\"En el centro izquierda el valle de Tristania con la Pica d'Estats arriba y el Pic de Font Blanca a la derecha\" width=\"1788\" height=\"1004\" srcset=\"https:\/\/www.monta\u00f1asdelaluna.es\/wp-content\/uploads\/2020\/01\/en-el-centro-izquierda-el-valle-de-tristania-con-la-pica-d-estats-arriba-y-el-pic-de-font-blanca-a-la-derecha.jpg 1788w, https:\/\/www.monta\u00f1asdelaluna.es\/wp-content\/uploads\/2020\/01\/en-el-centro-izquierda-el-valle-de-tristania-con-la-pica-d-estats-arriba-y-el-pic-de-font-blanca-a-la-derecha-300x168.jpg 300w, https:\/\/www.monta\u00f1asdelaluna.es\/wp-content\/uploads\/2020\/01\/en-el-centro-izquierda-el-valle-de-tristania-con-la-pica-d-estats-arriba-y-el-pic-de-font-blanca-a-la-derecha-1024x575.jpg 1024w\" sizes=\"auto, (max-width: 1788px) 100vw, 1788px\" \/><\/a><p id=\"caption-attachment-41154\" class=\"wp-caption-text\">En el centro izquierda el valle de Tristania con la Pica d&#8217;Estats arriba y el Pic de Font Blanca a la derecha<\/p><\/div>\n<div id=\"attachment_41162\" style=\"width: 1034px\" class=\"wp-caption aligncenter\"><a class=\"dt-single-image\" href=\"https:\/\/www.monta\u00f1asdelaluna.es\/wp-content\/uploads\/2020\/01\/antoni-luis-y-pep-subiendo-al-pic-de-l-estanyo-detras-el-pic-de-la-serrera.jpg\" data-dt-img-description=\"\"><img loading=\"lazy\" decoding=\"async\" aria-describedby=\"caption-attachment-41162\" class=\"wp-image-41162 size-large\" src=\"https:\/\/www.monta\u00f1asdelaluna.es\/wp-content\/uploads\/2020\/01\/antoni-luis-y-pep-subiendo-al-pic-de-l-estanyo-detras-el-pic-de-la-serrera-1024x683.jpg\" alt=\"Antoni, Luis y Pep subiendo al Pic de l'Estany\u00f3, detr\u00e1s el Pic de La Serrera\" width=\"1024\" height=\"683\" srcset=\"https:\/\/www.monta\u00f1asdelaluna.es\/wp-content\/uploads\/2020\/01\/antoni-luis-y-pep-subiendo-al-pic-de-l-estanyo-detras-el-pic-de-la-serrera-1024x683.jpg 1024w, https:\/\/www.monta\u00f1asdelaluna.es\/wp-content\/uploads\/2020\/01\/antoni-luis-y-pep-subiendo-al-pic-de-l-estanyo-detras-el-pic-de-la-serrera-300x200.jpg 300w, https:\/\/www.monta\u00f1asdelaluna.es\/wp-content\/uploads\/2020\/01\/antoni-luis-y-pep-subiendo-al-pic-de-l-estanyo-detras-el-pic-de-la-serrera.jpg 1788w\" sizes=\"auto, (max-width: 1024px) 100vw, 1024px\" \/><\/a><p id=\"caption-attachment-41162\" class=\"wp-caption-text\">Antoni, Luis y Pep subiendo al Pic de l&#8217;Estany\u00f3, detr\u00e1s el Pic de La Serrera<\/p><\/div>\n<p>La pala a veces en zigzag y a veces directa, se sube poco a poco hasta su parte m\u00e1s alta, donde est\u00e1 la loma cimera del Serrat del Roc del Rellotge. A partir de aqu\u00ed, de este peque\u00f1o o especie de colladito, giramos a la derecha monta\u00f1a arriba siguiendo toda la parte alta del cordal que, del Serrat del Roc del Rellotge, pasa al cordal con forma de circo de la Serra de l\u2019Estany\u00f3. No tiene perdida, es subir poco a poco por esta loma cimera en ascensi\u00f3n hacia el este, y que en ocasiones se convierte en una peque\u00f1a cresta con curiosos e interesantes pasos estrechos pero nada peligrosos\u2026 m\u00e1s emocionante.<\/p>\n<p>El paisaje se ampl\u00eda mientras subimos por este cordal que deja de ser cresta o cordal cimero para convertirse en una ancha ladera nevada que sube con menos inclinaci\u00f3n en busca de la cima del Pic de l\u2019Estany\u00f3. Podemos observar todo el Pirineo mirando hacia el oeste sobre todo, con valles como el de Tristaina nevado y las altas monta\u00f1as cercanas como el Pic de Font Freda con su caracter\u00edstico y agreste perfil; m\u00e1s al suroeste observo un grupo de picos algunos agrestes pero bien diferenciados, es el grupo junto al Pic de Comapedrosa, el m\u00e1s alto de Andorra, y junto a este la Roca Entravessada, Pic de Medacorba\u2026; al fondo, detr\u00e1s del inconfundible circo de Tristaina, aparece una alta monta\u00f1a lejana y casi irreconocible, pero por su ubicaci\u00f3n la identifico como la Pica d\u2019Estats, que desde esta distancia no se aprecia su altivez, su altura y magnitud, siendo la monta\u00f1a m\u00e1s alta del Pirineo Catal\u00e1n\u2026 y eso s\u00ed, todo, todo nevado, precioso, la cordillera entera blanca y preciosa, entelada por algunas nubes altas que evitan que el sol caliente en demas\u00eda, de hecho a esta altura el fr\u00edo y viento se agudizan y no podemos perder el paso.[vc_separator][\/vc_column_text][\/vc_column][\/vc_row][vc_row][vc_column][vc_empty_space][\/vc_column][\/vc_row][vc_row][vc_column][vc_video link=\u00bbhttps:\/\/vimeo.com\/382876822&#8243; title=\u00bbPic de l&#8217;Estany\u00f3, 2.915 mts.\u00bb][\/vc_column][\/vc_row][vc_row][vc_column][vc_empty_space][\/vc_column][\/vc_row][vc_row][vc_column][vc_column_text]La cumbre del Pic de l\u2019Estany\u00f3 no es m\u00e1s que un monolito de piedras en medio de una especie o casi plano alto que es la cima de la Serra de l\u2019Estany\u00f3. Lo observamos y nos topamos con \u00e9l, giramos y lo subimos por la izquierda, como mirando hacia el Pic de La Serrera, mejor dicho, dejando a nuestra espalda justo el Pic de La Serrera. Y despu\u00e9s de una subidita por nieve dura, casi congelada por el viento y frio, llegamos a la redondeada cumbre del Pic de l\u2019Estany\u00f3 a 2.915 mts. de altitud, donde hay un pil\u00f3n o eje geod\u00e9sico.<\/p>\n<div id=\"attachment_41164\" style=\"width: 1798px\" class=\"wp-caption aligncenter\"><a class=\"dt-single-image\" href=\"https:\/\/www.monta\u00f1asdelaluna.es\/wp-content\/uploads\/2020\/01\/pep-subiendo-al-pic-de-l-estanyo-con-el-pic-de-la-font-blanca-a-la-derecha-y-el-valle-de-tristania-con-la-pica-d-estats-arriba-a-la-izquierda.jpg\" data-dt-img-description=\"\"><img loading=\"lazy\" decoding=\"async\" aria-describedby=\"caption-attachment-41164\" class=\"wp-image-41164 size-full\" src=\"https:\/\/www.monta\u00f1asdelaluna.es\/wp-content\/uploads\/2020\/01\/pep-subiendo-al-pic-de-l-estanyo-con-el-pic-de-la-font-blanca-a-la-derecha-y-el-valle-de-tristania-con-la-pica-d-estats-arriba-a-la-izquierda.jpg\" alt=\"Pep subiendo al Pic de l'Estany\u00f3 con el Pic de La Font Blanca a la derecha y el valle de Tristania con la Pica d'Estats arriba, a la izquierda\" width=\"1788\" height=\"1192\" srcset=\"https:\/\/www.monta\u00f1asdelaluna.es\/wp-content\/uploads\/2020\/01\/pep-subiendo-al-pic-de-l-estanyo-con-el-pic-de-la-font-blanca-a-la-derecha-y-el-valle-de-tristania-con-la-pica-d-estats-arriba-a-la-izquierda.jpg 1788w, https:\/\/www.monta\u00f1asdelaluna.es\/wp-content\/uploads\/2020\/01\/pep-subiendo-al-pic-de-l-estanyo-con-el-pic-de-la-font-blanca-a-la-derecha-y-el-valle-de-tristania-con-la-pica-d-estats-arriba-a-la-izquierda-300x200.jpg 300w, https:\/\/www.monta\u00f1asdelaluna.es\/wp-content\/uploads\/2020\/01\/pep-subiendo-al-pic-de-l-estanyo-con-el-pic-de-la-font-blanca-a-la-derecha-y-el-valle-de-tristania-con-la-pica-d-estats-arriba-a-la-izquierda-1024x683.jpg 1024w\" sizes=\"auto, (max-width: 1788px) 100vw, 1788px\" \/><\/a><p id=\"caption-attachment-41164\" class=\"wp-caption-text\">Pep subiendo al Pic de l&#8217;Estany\u00f3 con el Pic de La Font Blanca a la derecha y el valle de Tristania con la Pica d&#8217;Estats arriba, a la izquierda<\/p><\/div>\n<div id=\"attachment_41167\" style=\"width: 1034px\" class=\"wp-caption aligncenter\"><a class=\"dt-single-image\" href=\"https:\/\/www.monta\u00f1asdelaluna.es\/wp-content\/uploads\/2020\/01\/delante-la-cima-del-pic-de-l-estanyo.jpg\" data-dt-img-description=\"\"><img loading=\"lazy\" decoding=\"async\" aria-describedby=\"caption-attachment-41167\" class=\"wp-image-41167 size-large\" src=\"https:\/\/www.monta\u00f1asdelaluna.es\/wp-content\/uploads\/2020\/01\/delante-la-cima-del-pic-de-l-estanyo-1024x768.jpg\" alt=\"Delante la cima del Pic de l'Estany\u00f3\" width=\"1024\" height=\"768\" srcset=\"https:\/\/www.monta\u00f1asdelaluna.es\/wp-content\/uploads\/2020\/01\/delante-la-cima-del-pic-de-l-estanyo-1024x768.jpg 1024w, https:\/\/www.monta\u00f1asdelaluna.es\/wp-content\/uploads\/2020\/01\/delante-la-cima-del-pic-de-l-estanyo-300x225.jpg 300w, https:\/\/www.monta\u00f1asdelaluna.es\/wp-content\/uploads\/2020\/01\/delante-la-cima-del-pic-de-l-estanyo.jpg 1600w\" sizes=\"auto, (max-width: 1024px) 100vw, 1024px\" \/><\/a><p id=\"caption-attachment-41167\" class=\"wp-caption-text\">Delante la cima del Pic de l&#8217;Estany\u00f3<\/p><\/div>\n<p>Hablando del Pic de La Serrera, observamos desde aqu\u00ed como el grupo o uno de los grupos que hab\u00eda en el Refugio de Sorteny con nosotros, est\u00e1n subiendo en fila por una larga y parece que empinada pala que los lleva hasta la cima. Parece que van con esqu\u00eds. Es curioso ver la filita de hormiguitas en medio de un espacio tan gigante y enorme como es la alta monta\u00f1a, trepidante.<\/p>\n<p>Y ya en la cumbre de nuestro objetivo, fotos, videos y celebraci\u00f3n por la cima conseguida. Nos abrigamos de nuevo, aqu\u00ed el frio tambi\u00e9n es intenso, aunque no tanto por el viento\u2026 Estamos en una cima del Pirineo en invierno, tiene que hacer frio. Intento reconocer otras monta\u00f1as desde aqu\u00ed, ya que podemos ver la parte este al otro lado del pico, pero no hay manera; del grupo de picos del Comapedrosa, Tristaina, Pica d\u2019Estats, Pic de Font Blanca\u2026 no salgo. Luis con su GoPro y yo con mi c\u00e1mara, somos los que m\u00e1s fotos hacemos\u2026 creo que somos unos frikis de la fotograf\u00eda en nuestros viajes.<\/p>\n<p>Ya es hora de bajar. No pasamos demasiado tiempo en la cima ya que el fr\u00edo se acrecienta. La bajada ser\u00e1 igual o m\u00e1s sencilla que la subida, ya que es desandar lo realizado, seguir el mismo camino pero de bajada, pisando sobre nuestras propias huellas en la nieve. Parece que ahora el sol nos quiere acompa\u00f1ar m\u00e1s, y su calorcillo y quemaz\u00f3n nos acompa\u00f1aran a partir de la bajada del Serrat del Roc del Rellotge.<\/p>\n<div id=\"attachment_41175\" style=\"width: 1034px\" class=\"wp-caption aligncenter\"><a class=\"dt-single-image\" href=\"https:\/\/www.monta\u00f1asdelaluna.es\/wp-content\/uploads\/2020\/01\/de-izquierda-a-derecha-pep-joaquin-luis-y-antoni-en-la-cima-del-pic-de-l-estanyo-2-915-mts-detras-a-la-derecha-el-pic-de-la-serrera-a-la-izquierda-el-pic-de-font-blanca.jpg\" data-dt-img-description=\"\"><img loading=\"lazy\" decoding=\"async\" aria-describedby=\"caption-attachment-41175\" class=\"wp-image-41175 size-large\" src=\"https:\/\/www.monta\u00f1asdelaluna.es\/wp-content\/uploads\/2020\/01\/de-izquierda-a-derecha-pep-joaquin-luis-y-antoni-en-la-cima-del-pic-de-l-estanyo-2-915-mts-detras-a-la-derecha-el-pic-de-la-serrera-a-la-izquierda-el-pic-de-font-blanca-1024x768.jpg\" alt=\"De izquierda a derecha: Pep, Joaqu\u00edn, Luis y Antoni en la cima del Pic de l'Estany\u00f3, 2.915 mts., detr\u00e1s a la derecha el Pic de La Serrera, a la izquierda el Pic de Font Blanca\" width=\"1024\" height=\"768\" srcset=\"https:\/\/www.monta\u00f1asdelaluna.es\/wp-content\/uploads\/2020\/01\/de-izquierda-a-derecha-pep-joaquin-luis-y-antoni-en-la-cima-del-pic-de-l-estanyo-2-915-mts-detras-a-la-derecha-el-pic-de-la-serrera-a-la-izquierda-el-pic-de-font-blanca-1024x768.jpg 1024w, https:\/\/www.monta\u00f1asdelaluna.es\/wp-content\/uploads\/2020\/01\/de-izquierda-a-derecha-pep-joaquin-luis-y-antoni-en-la-cima-del-pic-de-l-estanyo-2-915-mts-detras-a-la-derecha-el-pic-de-la-serrera-a-la-izquierda-el-pic-de-font-blanca-300x225.jpg 300w, https:\/\/www.monta\u00f1asdelaluna.es\/wp-content\/uploads\/2020\/01\/de-izquierda-a-derecha-pep-joaquin-luis-y-antoni-en-la-cima-del-pic-de-l-estanyo-2-915-mts-detras-a-la-derecha-el-pic-de-la-serrera-a-la-izquierda-el-pic-de-font-blanca.jpg 1600w\" sizes=\"auto, (max-width: 1024px) 100vw, 1024px\" \/><\/a><p id=\"caption-attachment-41175\" class=\"wp-caption-text\">De izquierda a derecha: Pep, Joaqu\u00edn, Luis y Antoni en la cima del Pic de l&#8217;Estany\u00f3, 2.915 mts., detr\u00e1s a la derecha el Pic de La Serrera, a la izquierda el Pic de Font Blanca<\/p><\/div>\n<div id=\"attachment_41181\" style=\"width: 1798px\" class=\"wp-caption aligncenter\"><a class=\"dt-single-image\" href=\"https:\/\/www.monta\u00f1asdelaluna.es\/wp-content\/uploads\/2020\/01\/IMG_9518.jpg\" data-dt-img-description=\"\"><img loading=\"lazy\" decoding=\"async\" aria-describedby=\"caption-attachment-41181\" class=\"wp-image-41181 size-full\" src=\"https:\/\/www.monta\u00f1asdelaluna.es\/wp-content\/uploads\/2020\/01\/IMG_9518.jpg\" alt=\"Bajando hacia el Serrat del Roc del Rellotge, arriba el Pic de Font Blanca y a la izquierda el valle de Tristania\" width=\"1788\" height=\"1192\" srcset=\"https:\/\/www.monta\u00f1asdelaluna.es\/wp-content\/uploads\/2020\/01\/IMG_9518.jpg 1788w, https:\/\/www.monta\u00f1asdelaluna.es\/wp-content\/uploads\/2020\/01\/IMG_9518-300x200.jpg 300w, https:\/\/www.monta\u00f1asdelaluna.es\/wp-content\/uploads\/2020\/01\/IMG_9518-1024x683.jpg 1024w\" sizes=\"auto, (max-width: 1788px) 100vw, 1788px\" \/><\/a><p id=\"caption-attachment-41181\" class=\"wp-caption-text\">Bajando hacia el Serrat del Roc del Rellotge, arriba el Pic de Font Blanca y a la izquierda el valle de Tristania<\/p><\/div>\n<p>Se hacen fotos magn\u00edficas ahora tambi\u00e9n en la bajada, con la gente mirando hacia el horizonte y admirando este paisaje alpino, pirenaico nevado\u2026 pero \u00bfQu\u00e9 ser\u00eda de un paisaje si no reconoci\u00e9ramos al menos parte de las monta\u00f1as y valles que vemos? Luis como yo nos ponemos las botas con las fotos.<\/p>\n<p>Bajo la pala que sube al Serrat del Roc del Rellotge y ya de vuelta por la planicie bajo el circo y a poca m\u00e1s baja altura de l\u2019Estany\u00f3 (el laguito de alta monta\u00f1a que da nombre a la sierra y pico), la nieve se ha ablandado a causa de sol y el calorcillo del mediod\u00eda, y en una parada donde nos reagrupamos, nos ponemos las raquetas para as\u00ed no hundirnos en la abundante nieve de esta parte de la monta\u00f1a. Curiosamente con las raquetas voy m\u00e1s r\u00e1pido que el resto, y encabezo la bajada.<\/p>\n<p>Y ya a partir de aqu\u00ed bajamos con las raquetas por la f\u00e1cil falsa llanura dejando a nuestra derecha (esta vez) el hueco del R\u00edu de l\u2019Estany\u00f3. Seguimos bajando y la inclinaci\u00f3n de la ladera se agudiza al internarnos en el bosque. Aqu\u00ed ya es la bajada al Refugio de Sorteny, pero no queremos ir al nombrado refugio, tenemos que salir a la pista que viene de \u00e9l y se dirige al parking donde hemos dejado el coche; as\u00ed que intento encontrar y seguir alguna huella en la nieve que me lleve a salir m\u00e1s a la izquierda del refugio sin necesidad de llegar hasta sus paredes.<\/p>\n<div id=\"attachment_41184\" style=\"width: 1034px\" class=\"wp-caption aligncenter\"><a class=\"dt-single-image\" href=\"https:\/\/www.monta\u00f1asdelaluna.es\/wp-content\/uploads\/2020\/01\/interesante-paso-para-bajar-al-serrat-del-roc-del-rellotge.jpg\" data-dt-img-description=\"\"><img loading=\"lazy\" decoding=\"async\" aria-describedby=\"caption-attachment-41184\" class=\"wp-image-41184 size-large\" src=\"https:\/\/www.monta\u00f1asdelaluna.es\/wp-content\/uploads\/2020\/01\/interesante-paso-para-bajar-al-serrat-del-roc-del-rellotge-1024x683.jpg\" alt=\"Interesante paso para bajar al Serrat del Roc del Rellotge\" width=\"1024\" height=\"683\" srcset=\"https:\/\/www.monta\u00f1asdelaluna.es\/wp-content\/uploads\/2020\/01\/interesante-paso-para-bajar-al-serrat-del-roc-del-rellotge-1024x683.jpg 1024w, https:\/\/www.monta\u00f1asdelaluna.es\/wp-content\/uploads\/2020\/01\/interesante-paso-para-bajar-al-serrat-del-roc-del-rellotge-300x200.jpg 300w, https:\/\/www.monta\u00f1asdelaluna.es\/wp-content\/uploads\/2020\/01\/interesante-paso-para-bajar-al-serrat-del-roc-del-rellotge.jpg 1788w\" sizes=\"auto, (max-width: 1024px) 100vw, 1024px\" \/><\/a><p id=\"caption-attachment-41184\" class=\"wp-caption-text\">Interesante paso para bajar al Serrat del Roc del Rellotge<\/p><\/div>\n<div id=\"attachment_41187\" style=\"width: 1610px\" class=\"wp-caption aligncenter\"><a class=\"dt-single-image\" href=\"https:\/\/www.monta\u00f1asdelaluna.es\/wp-content\/uploads\/2020\/01\/delante-joquin-en-el-paso-para-bajar-al-serrat-del-roc-del-rellotge-a-la-izquierda-queda-l-estanyo.jpg\" data-dt-img-description=\"\"><img loading=\"lazy\" decoding=\"async\" aria-describedby=\"caption-attachment-41187\" class=\"wp-image-41187 size-full\" src=\"https:\/\/www.monta\u00f1asdelaluna.es\/wp-content\/uploads\/2020\/01\/delante-joquin-en-el-paso-para-bajar-al-serrat-del-roc-del-rellotge-a-la-izquierda-queda-l-estanyo.jpg\" alt=\"Delante Joqu\u00edn en el paso para bajar al Serrat del Roc del Rellotge, a la izquierda queda l'Estany\u00f3\" width=\"1600\" height=\"1200\" srcset=\"https:\/\/www.monta\u00f1asdelaluna.es\/wp-content\/uploads\/2020\/01\/delante-joquin-en-el-paso-para-bajar-al-serrat-del-roc-del-rellotge-a-la-izquierda-queda-l-estanyo.jpg 1600w, https:\/\/www.monta\u00f1asdelaluna.es\/wp-content\/uploads\/2020\/01\/delante-joquin-en-el-paso-para-bajar-al-serrat-del-roc-del-rellotge-a-la-izquierda-queda-l-estanyo-300x225.jpg 300w, https:\/\/www.monta\u00f1asdelaluna.es\/wp-content\/uploads\/2020\/01\/delante-joquin-en-el-paso-para-bajar-al-serrat-del-roc-del-rellotge-a-la-izquierda-queda-l-estanyo-1024x768.jpg 1024w\" sizes=\"auto, (max-width: 1600px) 100vw, 1600px\" \/><\/a><p id=\"caption-attachment-41187\" class=\"wp-caption-text\">Delante Joqu\u00edn en el paso para bajar al Serrat del Roc del Rellotge, a la izquierda queda l&#8217;Estany\u00f3<\/p><\/div>\n<p>Con la sensaci\u00f3n de estar perdidos en el bosquecillo, seguimos unas huellas hacia la izquierda y en diagonal, horizontal, pero que no parec\u00eda ser el recorrido verdadero de ning\u00fan sendero, ya que, hac\u00eda eses entre los troncos de los \u00e1rboles, pinos, que parec\u00edan se pon\u00edan en medio de dicho recorrido.<\/p>\n<p>Pero por fin encontramos la huella que gira a la derecha, sale del bosquecillo en busca del fondo del barranco, del riachuelo, y pasa por la pasarela, puentecillo ya visto en la subida al refugio el d\u00eda anterior y tambi\u00e9n nombrado en Vall de Sorteny y l\u2019Estany\u00f3. No hay perdida ya. Hemos salido al camino (al otro lado de la pasarela) que lleva al refugio. No hay nadie por aqu\u00ed, no nos hemos topado con nadie en todo el recorrido del d\u00eda; solamente hemos visto en la lejan\u00eda a aquel grupo que llegaba a la cima del Pic de La Serrera. La alta monta\u00f1a en completa solitud es especial y magn\u00edfica, una experiencia inolvidable.<\/p>\n<p>Y ya en el camino giramos a la izquierda dejando a nuestra espalda la monta\u00f1a, el final del valle y el Refugio de Sorteny. Camino abajo solo queda llegar al parking donde est\u00e1 el coche\u2026 esta vez y ya de bajada, creo que podemos no coger las sendas que atajan las curvas y desniveles del camino, sino que podemos seguir camino abajo sin desviarnos\u2026 en seguida llegamos al coche.<\/p>\n<div id=\"attachment_41191\" style=\"width: 1034px\" class=\"wp-caption aligncenter\"><a class=\"dt-single-image\" href=\"https:\/\/www.monta\u00f1asdelaluna.es\/wp-content\/uploads\/2020\/01\/de-izquierda-a-derecha-antoni-luis-y-pep-con-el-serrat-de-comaubaga-detras-y-el-valle-de-tritania-al-fondo.jpg\" data-dt-img-description=\"\"><img loading=\"lazy\" decoding=\"async\" aria-describedby=\"caption-attachment-41191\" class=\"wp-image-41191 size-large\" src=\"https:\/\/www.monta\u00f1asdelaluna.es\/wp-content\/uploads\/2020\/01\/de-izquierda-a-derecha-antoni-luis-y-pep-con-el-serrat-de-comaubaga-detras-y-el-valle-de-tritania-al-fondo-1024x683.jpg\" alt=\"De izquierda a derecha: Antoni, Luis y Pep con el Serrat de Comaubaga detr\u00e1s y el valle de Tritania al fondo\" width=\"1024\" height=\"683\" srcset=\"https:\/\/www.monta\u00f1asdelaluna.es\/wp-content\/uploads\/2020\/01\/de-izquierda-a-derecha-antoni-luis-y-pep-con-el-serrat-de-comaubaga-detras-y-el-valle-de-tritania-al-fondo-1024x683.jpg 1024w, https:\/\/www.monta\u00f1asdelaluna.es\/wp-content\/uploads\/2020\/01\/de-izquierda-a-derecha-antoni-luis-y-pep-con-el-serrat-de-comaubaga-detras-y-el-valle-de-tritania-al-fondo-300x200.jpg 300w, https:\/\/www.monta\u00f1asdelaluna.es\/wp-content\/uploads\/2020\/01\/de-izquierda-a-derecha-antoni-luis-y-pep-con-el-serrat-de-comaubaga-detras-y-el-valle-de-tritania-al-fondo.jpg 1788w\" sizes=\"auto, (max-width: 1024px) 100vw, 1024px\" \/><\/a><p id=\"caption-attachment-41191\" class=\"wp-caption-text\">De izquierda a derecha: Antoni, Luis y Pep con el Serrat de Comaubaga detr\u00e1s y el valle de Tritania al fondo<\/p><\/div>\n<div id=\"attachment_41196\" style=\"width: 1034px\" class=\"wp-caption aligncenter\"><a class=\"dt-single-image\" href=\"https:\/\/www.monta\u00f1asdelaluna.es\/wp-content\/uploads\/2020\/01\/luis-y-joaquin-bajando-al-valle-de-sorteny.jpg\" data-dt-img-description=\"\"><img loading=\"lazy\" decoding=\"async\" aria-describedby=\"caption-attachment-41196\" class=\"wp-image-41196 size-large\" src=\"https:\/\/www.monta\u00f1asdelaluna.es\/wp-content\/uploads\/2020\/01\/luis-y-joaquin-bajando-al-valle-de-sorteny-1024x768.jpg\" alt=\"Luis y Joaqu\u00edn bajando al valle de Sorteny\" width=\"1024\" height=\"768\" srcset=\"https:\/\/www.monta\u00f1asdelaluna.es\/wp-content\/uploads\/2020\/01\/luis-y-joaquin-bajando-al-valle-de-sorteny-1024x768.jpg 1024w, https:\/\/www.monta\u00f1asdelaluna.es\/wp-content\/uploads\/2020\/01\/luis-y-joaquin-bajando-al-valle-de-sorteny-300x225.jpg 300w, https:\/\/www.monta\u00f1asdelaluna.es\/wp-content\/uploads\/2020\/01\/luis-y-joaquin-bajando-al-valle-de-sorteny.jpg 1600w\" sizes=\"auto, (max-width: 1024px) 100vw, 1024px\" \/><\/a><p id=\"caption-attachment-41196\" class=\"wp-caption-text\">Luis y Joaqu\u00edn bajando al valle de Sorteny<\/p><\/div>\n<p>Eso s\u00ed, el salir de Andorra y el llegar a casa se convirti\u00f3 en otra odisea que dur\u00f3 horas. Coincidiendo con uno de los fines de semana en la que m\u00e1s gente ha aprovechado el buen tiempo para visitar este peque\u00f1o pa\u00eds de los Pirineos. Finalizamos as\u00ed otra actividad inconclusa hace dos a\u00f1os con la llegada a la cima de este espl\u00e9ndido y poco agraciado (como pico) Pic de l\u2019Estany\u00f3, ya que su cima y cumbre eran una aburrida planicie o casi planicie; eso s\u00ed, las vistas del Pirineo son excepcionales, con las \u00fanicas monta\u00f1as que se vislumbran en la lejan\u00eda y que superan su altitud, el Pic de Comapedrosa y la Pica d\u2019Estats, como lejanos faros que no hacen sombra a este alto punto del Pirineo andorrano. Una actividad prometedora en un entorno excepcional de alta monta\u00f1a y soledad, con la mejor compa\u00f1\u00eda.<\/p>\n<div id=\"attachment_41207\" style=\"width: 817px\" class=\"wp-caption aligncenter\"><a class=\"dt-single-image\" href=\"https:\/\/www.monta\u00f1asdelaluna.es\/wp-content\/uploads\/2020\/01\/CroquisPicEstanyo.jpg\" data-dt-img-description=\"\"><img loading=\"lazy\" decoding=\"async\" aria-describedby=\"caption-attachment-41207\" class=\"wp-image-41207 size-full\" src=\"https:\/\/www.monta\u00f1asdelaluna.es\/wp-content\/uploads\/2020\/01\/CroquisPicEstanyo.jpg\" alt=\"Croquis de la ascensi\u00f3n al Pic de l'Estany\u00f3. PUNTO ROJO: Parking del coche\" width=\"807\" height=\"510\" srcset=\"https:\/\/www.monta\u00f1asdelaluna.es\/wp-content\/uploads\/2020\/01\/CroquisPicEstanyo.jpg 807w, https:\/\/www.monta\u00f1asdelaluna.es\/wp-content\/uploads\/2020\/01\/CroquisPicEstanyo-300x190.jpg 300w\" sizes=\"auto, (max-width: 807px) 100vw, 807px\" \/><\/a><p id=\"caption-attachment-41207\" class=\"wp-caption-text\">Croquis de la ascensi\u00f3n al Pic de l&#8217;Estany\u00f3. PUNTO ROJO: Parking del coche<\/p><\/div>\n<p>[\/vc_column_text][\/vc_column][\/vc_row][vc_row][vc_column][vc_empty_space height=\u00bb60px\u00bb][\/vc_column][\/vc_row][vc_row][vc_column][vc_cta h2=\u00bb\u00c1lbum de fotos\u00bb txt_align=\u00bbcenter\u00bb add_button=\u00bbbottom\u00bb btn_title=\u00bbVer fotos\u00bb btn_color=\u00bbwarning\u00bb btn_align=\u00bbcenter\u00bb btn_link=\u00bburl:https%3A%2F%2Fmonta%C3%B1asdelaluna.es%2F%3Fdt_gallery%3D2o-paso-10|title:Pic%20de%20l%E2%80%99Estany%C3%B3%20(2.915%20mts.)|target:_blank\u00bb css=\u00bb.vc_custom_1625785469552{background-color: #8bc4ed !important;}\u00bb]Puedes ver todas las fotos del relato y actividad en forma de presentaci\u00f3n o individuales pinchando aqui \u00a1No te las pierdas![\/vc_cta][\/vc_column][\/vc_row][vc_row][vc_column][vc_empty_space height=\u00bb60px\u00bb][\/vc_column][\/vc_row][vc_row][vc_column width=\u00bb1\/3&#8243;][\/vc_column][vc_column width=\u00bb1\/2&#8243;][vc_raw_html]JTNDaWZyYW1lJTIwc3JjJTNEJTIyaHR0cHMlM0ElMkYlMkZ3d3cubWV0ZW9ibHVlLmNvbSUyRmVzJTJGdGllbXBvJTJGd2lkZ2V0JTJGZGFpbHklMkZwaWMtZGUtbCUyNWUyJTI1ODAlMjU5OWVzdGFueSUyNWMzJTI1YjNfcHJpbmNpcGFkby1kZS1hbmRvcnJhXzMwNDA1MzklM0ZnZW9sb2MlM0RmaXhlZCUyNmRheXMlM0Q3JTI2dGVtcHVuaXQlM0RDRUxTSVVTJTI2d2luZHVuaXQlM0RLSUxPTUVURVJfUEVSX0hPVVIlMjZwcmVjaXB1bml0JTNETUlMTElNRVRFUiUyNmNvbG91cmVkJTNEY29sb3VyZWQlMjZwaWN0b2ljb24lM0QwJTI2cGljdG9pY29uJTNEMSUyNm1heHRlbXBlcmF0dXJlJTNEMCUyNm1heHRlbXBlcmF0dXJlJTNEMSUyNm1pbnRlbXBlcmF0dXJlJTNEMCUyNm1pbnRlbXBlcmF0dXJlJTNEMSUyNndpbmRzcGVlZCUzRDAlMjZ3aW5kc3BlZWQlM0QxJTI2d2luZGd1c3QlM0QwJTI2d2luZGd1c3QlM0QxJTI2d2luZGRpcmVjdGlvbiUzRDAlMjZ3aW5kZGlyZWN0aW9uJTNEMSUyNnV2JTNEMCUyNmh1bWlkaXR5JTNEMCUyNnByZWNpcGl0YXRpb24lM0QwJTI2cHJlY2lwaXRhdGlvbiUzRDElMjZwcmVjaXBpdGF0aW9ucHJvYmFiaWxpdHklM0QwJTI2cHJlY2lwaXRhdGlvbnByb2JhYmlsaXR5JTNEMSUyNnNwb3QlM0QwJTI2c3BvdCUzRDElMjZwcmVzc3VyZSUzRDAlMjZwcmVzc3VyZSUzRDElMjZsYXlvdXQlM0RsaWdodCUyMiUyMCUyMGZyYW1lYm9yZGVyJTNEJTIyMCUyMiUyMHNjcm9sbGluZyUzRCUyMk5PJTIyJTIwYWxsb3d0cmFuc3BhcmVuY3klM0QlMjJ0cnVlJTIyJTIwc2FuZGJveCUzRCUyMmFsbG93LXNhbWUtb3JpZ2luJTIwYWxsb3ctc2NyaXB0cyUyMGFsbG93LXBvcHVwcyUyMGFsbG93LXBvcHVwcy10by1lc2NhcGUtc2FuZGJveCUyMiUyMHN0eWxlJTNEJTIyd2lkdGglM0ElMjAzNzhweCUzQiUyMGhlaWdodCUzQSUyMDQxM3B4JTIyJTNFJTNDJTJGaWZyYW1lJTNFJTNDZGl2JTNFJTNDJTIxLS0lMjBETyUyME5PVCUyMFJFTU9WRSUyMFRISVMlMjBMSU5LJTIwLS0lM0UlM0NhJTIwaHJlZiUzRCUyMmh0dHBzJTNBJTJGJTJGd3d3Lm1ldGVvYmx1ZS5jb20lMkZlcyUyRnRpZW1wbyUyRnNlbWFuYSUyRnBpYy1kZS1sJTI1ZTIlMjU4MCUyNTk5ZXN0YW55JTI1YzMlMjViM19wcmluY2lwYWRvLWRlLWFuZG9ycmFfMzA0MDUzOSUzRnV0bV9zb3VyY2UlM0R3ZWF0aGVyX3dpZGdldCUyNnV0bV9tZWRpdW0lM0RsaW5rdXMlMjZ1dG1fY29udGVudCUzRGRhaWx5JTI2dXRtX2NhbXBhaWduJTNEV2VhdGhlciUyNTJCV2lkZ2V0JTIyJTIwdGFyZ2V0JTNEJTIyX2JsYW5rJTIyJTNFbWV0ZW9ibHVlJTNDJTJGYSUzRSUzQyUyRmRpdiUzRQ==[\/vc_raw_html][\/vc_column][vc_column width=\u00bb1\/5&#8243;][\/vc_column][\/vc_row]<\/p>\n","protected":false},"excerpt":{"rendered":"<p>[vc_row][vc_column][vc_column_text]En febrero de hace dos a\u00f1os, se organiz\u00f3 una actividad para ya subir esta monta\u00f1a del Pirineo de Andorra. Pero entre una cosa y otra, a pesar de ser un d\u00eda magn\u00edfico y estupendo para hacer alta monta\u00f1a, solamente pudimos llegar a l\u2019Estany\u00f3. Nombre que se le da al ib\u00f3n de alta monta\u00f1a ubicado justo&hellip;<\/p>\n","protected":false},"author":1,"featured_media":41132,"comment_status":"open","ping_status":"open","sticky":false,"template":"","format":"standard","meta":[],"categories":[91],"tags":[],"class_list":["post-41205","post","type-post","status-publish","format-standard","has-post-thumbnail","hentry","category-pirineo-frances-y-andorra","category-91","description-off"],"_links":{"self":[{"href":"https:\/\/www.monta\u00f1asdelaluna.es\/index.php?rest_route=\/wp\/v2\/posts\/41205","targetHints":{"allow":["GET"]}}],"collection":[{"href":"https:\/\/www.monta\u00f1asdelaluna.es\/index.php?rest_route=\/wp\/v2\/posts"}],"about":[{"href":"https:\/\/www.monta\u00f1asdelaluna.es\/index.php?rest_route=\/wp\/v2\/types\/post"}],"author":[{"embeddable":true,"href":"https:\/\/www.monta\u00f1asdelaluna.es\/index.php?rest_route=\/wp\/v2\/users\/1"}],"replies":[{"embeddable":true,"href":"https:\/\/www.monta\u00f1asdelaluna.es\/index.php?rest_route=%2Fwp%2Fv2%2Fcomments&post=41205"}],"version-history":[{"count":9,"href":"https:\/\/www.monta\u00f1asdelaluna.es\/index.php?rest_route=\/wp\/v2\/posts\/41205\/revisions"}],"predecessor-version":[{"id":50145,"href":"https:\/\/www.monta\u00f1asdelaluna.es\/index.php?rest_route=\/wp\/v2\/posts\/41205\/revisions\/50145"}],"wp:featuredmedia":[{"embeddable":true,"href":"https:\/\/www.monta\u00f1asdelaluna.es\/index.php?rest_route=\/wp\/v2\/media\/41132"}],"wp:attachment":[{"href":"https:\/\/www.monta\u00f1asdelaluna.es\/index.php?rest_route=%2Fwp%2Fv2%2Fmedia&parent=41205"}],"wp:term":[{"taxonomy":"category","embeddable":true,"href":"https:\/\/www.monta\u00f1asdelaluna.es\/index.php?rest_route=%2Fwp%2Fv2%2Fcategories&post=41205"},{"taxonomy":"post_tag","embeddable":true,"href":"https:\/\/www.monta\u00f1asdelaluna.es\/index.php?rest_route=%2Fwp%2Fv2%2Ftags&post=41205"}],"curies":[{"name":"wp","href":"https:\/\/api.w.org\/{rel}","templated":true}]}}