{"id":41305,"date":"2019-04-15T21:07:12","date_gmt":"2019-04-15T21:07:12","guid":{"rendered":"http:\/\/monta\u00f1asdelaluna.com\/?p=41305"},"modified":"2021-07-16T09:46:55","modified_gmt":"2021-07-16T09:46:55","slug":"pastuira-puig-de-les-borregues-2-693-mts","status":"publish","type":"post","link":"https:\/\/www.monta\u00f1asdelaluna.es\/?p=41305","title":{"rendered":"Pastuira, Puig de Les Borregues (2.693 mts.)"},"content":{"rendered":"<p>[vc_row][vc_column][vc_column_text]Porque en un principio conoc\u00ed a esta monta\u00f1a como Pastuira, llamarla Puig de Les Borregues ahora me parec\u00eda como degradante o casi insultante, pero mirando los nuevos mapas de Alpina descubro que realmente el pico m\u00e1s alto de esta monta\u00f1a no es el Pastuira, por mucho que suene mejor, si no el mismo Puig de Les Borregues\u2026 aunque nadie te diga \u201cvoy a subir a Les Borregas\u201d. El pico Pastuira quedaba en la misma monta\u00f1a, en la misma cumbre, pero seguida y asom\u00e1ndose m\u00e1s al valle, casi arriba mismo de la poblaci\u00f3n de Setcases; m\u00e1s de cien metros m\u00e1s bajo que el pico m\u00e1s alto de la monta\u00f1a, el Puig de Les Borregues\u2026 y que por cierto la monta\u00f1a tampoco se llama Pastuira, sino Cims de la Coma de l\u2019Orri.<\/p>\n<p>As\u00ed pues, conociendo esta monta\u00f1a y cima como Pastuira, el mismo nombre del albergue que queda abajo de la estaci\u00f3n de esqu\u00ed de Vallter 2000, a veces nombrado, mencionado por los compa\u00f1eros de monta\u00f1a catalanes, decido que ya es hora de conocerla y pisar su cima.<\/p>\n<div id=\"attachment_41255\" style=\"width: 1034px\" class=\"wp-caption aligncenter\"><a class=\"dt-single-image\" href=\"https:\/\/www.monta\u00f1asdelaluna.es\/wp-content\/uploads\/2020\/01\/la-parte-mas-alta-de-els-cims-de-la-coma-de-l-orri-desde-el-pla-de-la-molina.jpg\" data-dt-img-description=\"\"><img loading=\"lazy\" decoding=\"async\" aria-describedby=\"caption-attachment-41255\" class=\"wp-image-41255 size-large\" src=\"https:\/\/www.monta\u00f1asdelaluna.es\/wp-content\/uploads\/2020\/01\/la-parte-mas-alta-de-els-cims-de-la-coma-de-l-orri-desde-el-pla-de-la-molina-1024x683.jpg\" alt=\"La parte m\u00e1s alta de Els Cims de la Coma de l'Orri desde el Pla de La Molina\" width=\"1024\" height=\"683\" srcset=\"https:\/\/www.monta\u00f1asdelaluna.es\/wp-content\/uploads\/2020\/01\/la-parte-mas-alta-de-els-cims-de-la-coma-de-l-orri-desde-el-pla-de-la-molina-1024x683.jpg 1024w, https:\/\/www.monta\u00f1asdelaluna.es\/wp-content\/uploads\/2020\/01\/la-parte-mas-alta-de-els-cims-de-la-coma-de-l-orri-desde-el-pla-de-la-molina-300x200.jpg 300w, https:\/\/www.monta\u00f1asdelaluna.es\/wp-content\/uploads\/2020\/01\/la-parte-mas-alta-de-els-cims-de-la-coma-de-l-orri-desde-el-pla-de-la-molina.jpg 1788w\" sizes=\"auto, (max-width: 1024px) 100vw, 1024px\" \/><\/a><p id=\"caption-attachment-41255\" class=\"wp-caption-text\">La parte m\u00e1s alta de Els Cims de la Coma de l&#8217;Orri desde el Pla de La Molina<\/p><\/div>\n<div id=\"attachment_41258\" style=\"width: 1034px\" class=\"wp-caption aligncenter\"><a class=\"dt-single-image\" href=\"https:\/\/www.monta\u00f1asdelaluna.es\/wp-content\/uploads\/2020\/01\/muy-al-fondo-el-coll-de-la-coma-de-l-orri.jpg\" data-dt-img-description=\"\"><img loading=\"lazy\" decoding=\"async\" aria-describedby=\"caption-attachment-41258\" class=\"wp-image-41258 size-large\" src=\"https:\/\/www.monta\u00f1asdelaluna.es\/wp-content\/uploads\/2020\/01\/muy-al-fondo-el-coll-de-la-coma-de-l-orri-1024x683.jpg\" alt=\"Muy al fondo el Coll de La Coma de l'Orri\" width=\"1024\" height=\"683\" srcset=\"https:\/\/www.monta\u00f1asdelaluna.es\/wp-content\/uploads\/2020\/01\/muy-al-fondo-el-coll-de-la-coma-de-l-orri-1024x683.jpg 1024w, https:\/\/www.monta\u00f1asdelaluna.es\/wp-content\/uploads\/2020\/01\/muy-al-fondo-el-coll-de-la-coma-de-l-orri-300x200.jpg 300w, https:\/\/www.monta\u00f1asdelaluna.es\/wp-content\/uploads\/2020\/01\/muy-al-fondo-el-coll-de-la-coma-de-l-orri.jpg 1788w\" sizes=\"auto, (max-width: 1024px) 100vw, 1024px\" \/><\/a><p id=\"caption-attachment-41258\" class=\"wp-caption-text\">Muy al fondo el Coll de La Coma de l&#8217;Orri<\/p><\/div>\n<p>Siempre que visit\u00e1bamos este circo de monta\u00f1as de Ulldeter, sub\u00edamos al Coll de La Marrana, o en direcci\u00f3n a las monta\u00f1as cercanas o que rodeaban el mismo, desde el Gra de Fajol Petit hasta el Pic de La Dona, toda esta corona de monta\u00f1as en forma de semic\u00edrculo que forma el nombrado circo de Ulldeter. Pero esta monta\u00f1a en cuesti\u00f3n quedaba como apartada y fuera del mismo, m\u00e1s hacia el sur y como frontera entre el valle de Setcases y el del Balandrau o de La Vaca (valle formado por el circo y mirando hacia el sur, sureste, cuyas monta\u00f1as m\u00e1s altas cerr\u00e1ndolo por el norte, son el Bastiments (noreste), Pic de Freser, Pic de l\u2019Infern)\u2026 quedaba pues fuera de los recorridos y ascensiones habituales de esta zona\u2026 pero como siempre mi inquietud aventurera y de explorador, ten\u00eda ganas de ir m\u00e1s all\u00e1 de los recorridos habituales y subir esta y otras monta\u00f1as que se salen de los mismos o que a\u00fan no hab\u00eda visitado. El Pastuira iba a ser uno de ellos.<\/p>\n<p>Ya hac\u00eda m\u00e1s de 2 meses que no hab\u00eda hecho nada de alta monta\u00f1a, desde el 10 de febrero con la subida al <a href=\"https:\/\/www.monta\u00f1asdelaluna.es\/?p=41205\" target=\"_blank\" rel=\"noopener\">Pic de l\u2019Estany\u00f3<\/a> a Andorra, con lo que las ansias de estar todo el d\u00eda subiendo y bajando una alta cima del Pirineo, era ya grande. Con lo que al final decid\u00ed en solitario acercarme a esta monta\u00f1a el pasado 15 de abril en plena Semana Santa. El itinerario era sencillo: ten\u00eda que seguir la misma carretera que desde el mismo Setcases sube a Vallter 2000, pero llegados a una curva y justo antes de que comiencen las pendientes y curvas de la carretera, paro el coche y aparco para comenzar el recorrido por el valle de la Coma de l\u2019Orri. No llego al parking ni cercan\u00edas de Ulldeter o Vallter 2000.<\/p>\n<p>Esta curva es reconocible porque tiene un gran cartel informativo sobre el parque de monta\u00f1a, hay un espacio peque\u00f1o para dejar pocos coches, un camino de tierra que sale a partir de ella y en perpendicular a la nueva direcci\u00f3n de la carreterilla, a veces con una cadena para que no pasen veh\u00edculos no autorizados, y a partir de entonces notamos que la carretera comienza a subir notablemente, a partir de aqu\u00ed ya deja de ser una estrecha carreterilla local para convertirse en una carretera de monta\u00f1a con todas las de la Ley.<\/p>\n<div id=\"attachment_41260\" style=\"width: 1034px\" class=\"wp-caption aligncenter\"><a class=\"dt-single-image\" href=\"https:\/\/www.monta\u00f1asdelaluna.es\/wp-content\/uploads\/2020\/01\/delante-el-coll-de-la-coma-de-l-orri.jpg\" data-dt-img-description=\"\"><img loading=\"lazy\" decoding=\"async\" aria-describedby=\"caption-attachment-41260\" class=\"wp-image-41260 size-large\" src=\"https:\/\/www.monta\u00f1asdelaluna.es\/wp-content\/uploads\/2020\/01\/delante-el-coll-de-la-coma-de-l-orri-1024x683.jpg\" alt=\"Delante el Coll de La Coma de l'Orri\" width=\"1024\" height=\"683\" srcset=\"https:\/\/www.monta\u00f1asdelaluna.es\/wp-content\/uploads\/2020\/01\/delante-el-coll-de-la-coma-de-l-orri-1024x683.jpg 1024w, https:\/\/www.monta\u00f1asdelaluna.es\/wp-content\/uploads\/2020\/01\/delante-el-coll-de-la-coma-de-l-orri-300x200.jpg 300w, https:\/\/www.monta\u00f1asdelaluna.es\/wp-content\/uploads\/2020\/01\/delante-el-coll-de-la-coma-de-l-orri.jpg 1788w\" sizes=\"auto, (max-width: 1024px) 100vw, 1024px\" \/><\/a><p id=\"caption-attachment-41260\" class=\"wp-caption-text\">Delante el Coll de La Coma de l&#8217;Orri<\/p><\/div>\n<div id=\"attachment_41259\" style=\"width: 1034px\" class=\"wp-caption aligncenter\"><a class=\"dt-single-image\" href=\"https:\/\/www.monta\u00f1asdelaluna.es\/wp-content\/uploads\/2020\/01\/valle-de-la-coma-de-l-orri-seguido-del-valle-del-ter.jpg\" data-dt-img-description=\"\"><img loading=\"lazy\" decoding=\"async\" aria-describedby=\"caption-attachment-41259\" class=\"wp-image-41259 size-large\" src=\"https:\/\/www.monta\u00f1asdelaluna.es\/wp-content\/uploads\/2020\/01\/valle-de-la-coma-de-l-orri-seguido-del-valle-del-ter-1024x683.jpg\" alt=\"Valle de la Coma de l'Orri seguido del valle del Ter\" width=\"1024\" height=\"683\" srcset=\"https:\/\/www.monta\u00f1asdelaluna.es\/wp-content\/uploads\/2020\/01\/valle-de-la-coma-de-l-orri-seguido-del-valle-del-ter-1024x683.jpg 1024w, https:\/\/www.monta\u00f1asdelaluna.es\/wp-content\/uploads\/2020\/01\/valle-de-la-coma-de-l-orri-seguido-del-valle-del-ter-300x200.jpg 300w, https:\/\/www.monta\u00f1asdelaluna.es\/wp-content\/uploads\/2020\/01\/valle-de-la-coma-de-l-orri-seguido-del-valle-del-ter.jpg 1788w\" sizes=\"auto, (max-width: 1024px) 100vw, 1024px\" \/><\/a><p id=\"caption-attachment-41259\" class=\"wp-caption-text\">Valle de la Coma de l&#8217;Orri seguido del valle del Ter<\/p><\/div>\n<p>Tambi\u00e9n pod\u00e9is comprobar en el mapa de Alpina dicho lugar, justo junto al nombre del Pla de La Molina, lugar por el que discurre el nombrado camino que tendremos que seguir. Estamos en las confluencias de los valles de Coma de l\u2019Orri y del mismo Ter que baja de Ulldeter. Si vemos en el mapa nosotros seguiremos por el interior del valle de Coma de l\u2019Orri, sin salirnos de \u00e9l, hasta su parte final o cercan\u00edas del Coll de Coma de l\u2019Orri; cuando ya dejaremos el lecho del valle para abordar sus laderas y salir de \u00e9l.<\/p>\n<p>As\u00ed pues, dejando el coche en uno de esos huecos junto a la carretera que quieren hacer de parking, emprendo mi recorrido en busca de las cumbres y cimas m\u00e1s altas del Pastuira, Cims de La Coma de l\u2019Orri. Lo primero es coger el camino que sale de la curva en direcci\u00f3n norte. Hay carteles o postes indicadores de recorridos que as\u00ed nos dicen que tenemos que seguir. Estamos en el G.R-11, en direcci\u00f3n Ulldeter y su refugio\u2026 pero pronto giraremos en direcci\u00f3n oeste en busca del comienzo del valle de la Coma de l\u2019Orri.<\/p>\n<p>Un cartelito indicador de recorridos me har\u00e1 girar a la izquierda en busca del r\u00edo y en busca de la Coma de l\u2019Orri, dejamos el camino para intentar seguir una senda que a veces puede perderse entre los perfiles del lugar. Estamos en el Pla de La Molina, a\u00fan en el valle del Ter, buscando el final del valle de la Coma de l\u2019Orri. Arriba al fondo, si alzamos la mirada hacia la monta\u00f1a que queda al suroeste, vislumbraremos una alta muralla sin m\u00e1s forma que la de una larga, larga alta loma, surcada por escarpes y pe\u00f1ascos rocosos que caen de la misma cima en forma de corredores o peque\u00f1as canales sin forma: es la alta cumbre o monta\u00f1a de Els Cims de La Coma de l\u2019Orri. Esta vez me la encuentro nevada\u2026 la aventura ser\u00e1 m\u00e1s interesante e impresionante entonces.<\/p>\n<div id=\"attachment_41262\" style=\"width: 1034px\" class=\"wp-caption aligncenter\"><a class=\"dt-single-image\" href=\"https:\/\/www.monta\u00f1asdelaluna.es\/wp-content\/uploads\/2020\/01\/el-coll-de-la-coma-de-l-orri-delante-a-la-izquierda-detras-el-coll-de-la-marrana-y-bastiments-a-la-derecha-el-gra-de-fajol.jpg\" data-dt-img-description=\"\"><img loading=\"lazy\" decoding=\"async\" aria-describedby=\"caption-attachment-41262\" class=\"wp-image-41262 size-large\" src=\"https:\/\/www.monta\u00f1asdelaluna.es\/wp-content\/uploads\/2020\/01\/el-coll-de-la-coma-de-l-orri-delante-a-la-izquierda-detras-el-coll-de-la-marrana-y-bastiments-a-la-derecha-el-gra-de-fajol-1024x683.jpg\" alt=\"El Coll de La Coma de l'Orri delante a la izquierda, detr\u00e1s el Coll de La Marrana y Bastiments, a la derecha el Gra de Fajol\" width=\"1024\" height=\"683\" srcset=\"https:\/\/www.monta\u00f1asdelaluna.es\/wp-content\/uploads\/2020\/01\/el-coll-de-la-coma-de-l-orri-delante-a-la-izquierda-detras-el-coll-de-la-marrana-y-bastiments-a-la-derecha-el-gra-de-fajol-1024x683.jpg 1024w, https:\/\/www.monta\u00f1asdelaluna.es\/wp-content\/uploads\/2020\/01\/el-coll-de-la-coma-de-l-orri-delante-a-la-izquierda-detras-el-coll-de-la-marrana-y-bastiments-a-la-derecha-el-gra-de-fajol-300x200.jpg 300w, https:\/\/www.monta\u00f1asdelaluna.es\/wp-content\/uploads\/2020\/01\/el-coll-de-la-coma-de-l-orri-delante-a-la-izquierda-detras-el-coll-de-la-marrana-y-bastiments-a-la-derecha-el-gra-de-fajol.jpg 1788w\" sizes=\"auto, (max-width: 1024px) 100vw, 1024px\" \/><\/a><p id=\"caption-attachment-41262\" class=\"wp-caption-text\">El Coll de La Coma de l&#8217;Orri delante a la izquierda, detr\u00e1s el Coll de La Marrana y Bastiments, a la derecha el Gra de Fajol<\/p><\/div>\n<div id=\"attachment_41264\" style=\"width: 1034px\" class=\"wp-caption aligncenter\"><a class=\"dt-single-image\" href=\"https:\/\/www.monta\u00f1asdelaluna.es\/wp-content\/uploads\/2020\/01\/gra-de-fajol-gran-a-la-izquierda-y-el-petit-a-la-derecha-el-canigo-al-fondo.jpg\" data-dt-img-description=\"\"><img loading=\"lazy\" decoding=\"async\" aria-describedby=\"caption-attachment-41264\" class=\"wp-image-41264 size-large\" src=\"https:\/\/www.monta\u00f1asdelaluna.es\/wp-content\/uploads\/2020\/01\/gra-de-fajol-gran-a-la-izquierda-y-el-petit-a-la-derecha-el-canigo-al-fondo-1024x683.jpg\" alt=\"Gra de Fajol Gran a la izquierda y el Petit a la derecha, el Canig\u00f3 al fondo\" width=\"1024\" height=\"683\" srcset=\"https:\/\/www.monta\u00f1asdelaluna.es\/wp-content\/uploads\/2020\/01\/gra-de-fajol-gran-a-la-izquierda-y-el-petit-a-la-derecha-el-canigo-al-fondo-1024x683.jpg 1024w, https:\/\/www.monta\u00f1asdelaluna.es\/wp-content\/uploads\/2020\/01\/gra-de-fajol-gran-a-la-izquierda-y-el-petit-a-la-derecha-el-canigo-al-fondo-300x200.jpg 300w, https:\/\/www.monta\u00f1asdelaluna.es\/wp-content\/uploads\/2020\/01\/gra-de-fajol-gran-a-la-izquierda-y-el-petit-a-la-derecha-el-canigo-al-fondo.jpg 1788w\" sizes=\"auto, (max-width: 1024px) 100vw, 1024px\" \/><\/a><p id=\"caption-attachment-41264\" class=\"wp-caption-text\">Gra de Fajol Gran a la izquierda y el Petit a la derecha, el Canig\u00f3 al fondo<\/p><\/div>\n<p>El sendero est\u00e1 bien trazado entre los \u00e1rboles y lugares bajos del valle. La idea es cruzar por el Pla de La Molina y el Pla de l\u2019Avetosa para cruzar el riachuelo o Torrent de La Coma de l\u2019Orri, r\u00edo que sigue todo el fondo del valle naciendo en sus alturas, cerca del Coll de La Coma de l\u2019Orri. Despu\u00e9s de estos lugares del valle, nos internamos en \u00e9l siguiendo la misma senda por el lado izquierdo del r\u00edo (dejando el r\u00edo a la derecha). Poco despu\u00e9s y m\u00e1s arriba cruzaremos de nuevo el r\u00edo para seguir, casi el resto del recorrido por el valle, por el lado derecho. Ciertamente no tiene perdida: es seguir la senda valle arriba, no hay m\u00e1s sendas, no hay m\u00e1s valles (hasta que no llegas a las alturas del Coll de La Coma de l\u2019Orri, por ejemplo), valle arriba hasta toparte con la nieve, y seguir hasta el circo que se forma en su parte m\u00e1s alta\u2026 este circo es La Coma de l\u2019Orri.<\/p>\n<p>El recorrido es solitario, muy solitario, excepcional, \u00fanico. No s\u00e9 si por que el d\u00eda escogido para realizar la actividad es un d\u00eda entre semana o porque realmente, menos los isards, muy poca gente se adentra al otro lado de los Gra de Fajol. Fant\u00e1stico. Tambi\u00e9n es un recorrido muy bonito: es un t\u00edpico y bien formado valle, el cual en su parte m\u00e1s alta se ensancha y allana formando un espl\u00e9ndido circo limpio de vegetaci\u00f3n. Los escarpes y perfiles de la banda sur, parte sur, de los Gra de Fajol, el Gran y Petit, cierran dicho valle por su lado norte, noreste, y el mismo cordal o gigantesca loma, con sus estribaciones y preciosas laderas cargadas de sanos y frondosos bosques de con\u00edferas, al sur y suroeste; ya que por el sureste el valle se abre y desemboca en el valle del r\u00edo Ter, que nace en Ulldeter y sigue hac\u00eda Setcases\u2026 Realmente un valle y zona preciosas, poco visitadas.<\/p>\n<div id=\"attachment_41268\" style=\"width: 1034px\" class=\"wp-caption aligncenter\"><a class=\"dt-single-image\" href=\"https:\/\/www.monta\u00f1asdelaluna.es\/wp-content\/uploads\/2020\/01\/valle-del-freser-con-el-balandrau-en-el-centro.jpg\" data-dt-img-description=\"\"><img loading=\"lazy\" decoding=\"async\" aria-describedby=\"caption-attachment-41268\" class=\"wp-image-41268 size-large\" src=\"https:\/\/www.monta\u00f1asdelaluna.es\/wp-content\/uploads\/2020\/01\/valle-del-freser-con-el-balandrau-en-el-centro-1024x683.jpg\" alt=\"Valle del Freser con el Balandrau en el centro\" width=\"1024\" height=\"683\" srcset=\"https:\/\/www.monta\u00f1asdelaluna.es\/wp-content\/uploads\/2020\/01\/valle-del-freser-con-el-balandrau-en-el-centro-1024x683.jpg 1024w, https:\/\/www.monta\u00f1asdelaluna.es\/wp-content\/uploads\/2020\/01\/valle-del-freser-con-el-balandrau-en-el-centro-300x200.jpg 300w, https:\/\/www.monta\u00f1asdelaluna.es\/wp-content\/uploads\/2020\/01\/valle-del-freser-con-el-balandrau-en-el-centro.jpg 1788w\" sizes=\"auto, (max-width: 1024px) 100vw, 1024px\" \/><\/a><p id=\"caption-attachment-41268\" class=\"wp-caption-text\">Valle del Freser con el Balandrau en el centro<\/p><\/div>\n<div id=\"attachment_41270\" style=\"width: 1034px\" class=\"wp-caption aligncenter\"><a class=\"dt-single-image\" href=\"https:\/\/www.monta\u00f1asdelaluna.es\/wp-content\/uploads\/2020\/01\/a-la-izquierda-el-torreneules-a-la-derecha-el-cim-de-la-coma-del-clot-al-fondo-en-el-centro-el-puigmal.jpg\" data-dt-img-description=\"\"><img loading=\"lazy\" decoding=\"async\" aria-describedby=\"caption-attachment-41270\" class=\"wp-image-41270 size-large\" src=\"https:\/\/www.monta\u00f1asdelaluna.es\/wp-content\/uploads\/2020\/01\/a-la-izquierda-el-torreneules-a-la-derecha-el-cim-de-la-coma-del-clot-al-fondo-en-el-centro-el-puigmal-1024x683.jpg\" alt=\"A la izquierda el Torreneules, a la derecha el Cim de la Coma del Clot, al fondo en el centro el Puigmal\" width=\"1024\" height=\"683\" srcset=\"https:\/\/www.monta\u00f1asdelaluna.es\/wp-content\/uploads\/2020\/01\/a-la-izquierda-el-torreneules-a-la-derecha-el-cim-de-la-coma-del-clot-al-fondo-en-el-centro-el-puigmal-1024x683.jpg 1024w, https:\/\/www.monta\u00f1asdelaluna.es\/wp-content\/uploads\/2020\/01\/a-la-izquierda-el-torreneules-a-la-derecha-el-cim-de-la-coma-del-clot-al-fondo-en-el-centro-el-puigmal-300x200.jpg 300w, https:\/\/www.monta\u00f1asdelaluna.es\/wp-content\/uploads\/2020\/01\/a-la-izquierda-el-torreneules-a-la-derecha-el-cim-de-la-coma-del-clot-al-fondo-en-el-centro-el-puigmal.jpg 1788w\" sizes=\"auto, (max-width: 1024px) 100vw, 1024px\" \/><\/a><p id=\"caption-attachment-41270\" class=\"wp-caption-text\">A la izquierda el Torreneules, a la derecha el Cim de la Coma del Clot, al fondo en el centro el Puigmal<\/p><\/div>\n<p>A medida que subo por el valle, sin distracci\u00f3n alguna, intento descubrir o ver una senda o recorrido hasta el collado entre los dos Gra de Fajol que venga por este lado. No hay; no lo llego a ver, solo hay escarpes de roca y laderas pedregosas muy empinadas y poco transitables. Mientras voy subiendo valle arriba ya se va abriendo el paisaje a la vista viendo al final del valle el estupendo circo de La Coma de l\u2019Orri. El d\u00eda no es totalmente soleado, unas nubes altas invaden lo alto del cielo y lo entelan para que el sol no caliente en exceso. A medida que avance el d\u00eda ir\u00e1 empeorando, apareciendo el viento y las nubes m\u00e1s bajas, pero nada amenazador, al contrario, dar\u00e1 un aspecto si cabe m\u00e1s alpino, m\u00e1s espectacular al lugar.<\/p>\n<p>M\u00e1s arriba la vegetaci\u00f3n ha desaparecido, y en ciertos lugares ya me hundo en la nieve por la que hay que seguir. He perdido el rastro del camino o senda a seguir, quedando \u00e9sta bajo la nieve, pero no hay p\u00e9rdida, decido seguir por el sitio m\u00e1s factible que veo a primera vista: largos neveros con bastante nieve que bajan de las alturas, de sus lados y del propio Coll de La Coma de l\u2019Orri.<\/p>\n<p>Llegado a un punto decido no seguir por el fondo del valle, ya que lo ve\u00eda con demasiada nieve blanda por la que me hundir\u00eda, y decido girar a la izquierda y comenzar a subir por el v\u00e9rtice de la ladera que baja casi desde la misma cumbre de Els Cims de La Coma de l\u2019Orri. Creo que estoy cerca de lo que llaman la Font de Les Serps, pero me parece que antes de llegar a \u00e9sta seg\u00fan observo en el Alpina. De esta manera intentar\u00e9 no internarme en nieve blanda que me ralentiza y esfuerza el paso, como la del fondo del valle bajo el circo de La Coma de l\u2019Orri, adelanto recorrido (no siempre) ya que cojo un atajo para dirigirme hasta el cordal cimero que me llevar\u00e1 al pico m\u00e1s alto, el Puig de Les Borregues, y a la vez me podr\u00e9 a prueba con un sobreesfuerzo mayor al escoger subir la empinada ladera de frente, sin casi zigzags\u2026 ir\u00e1 bien para mi entrenamiento.<\/p>\n<div id=\"attachment_41271\" style=\"width: 1034px\" class=\"wp-caption aligncenter\"><a class=\"dt-single-image\" href=\"https:\/\/www.monta\u00f1asdelaluna.es\/wp-content\/uploads\/2020\/01\/delante-el-puig-de-les-borregues.jpg\" data-dt-img-description=\"\"><img loading=\"lazy\" decoding=\"async\" aria-describedby=\"caption-attachment-41271\" class=\"wp-image-41271 size-large\" src=\"https:\/\/www.monta\u00f1asdelaluna.es\/wp-content\/uploads\/2020\/01\/delante-el-puig-de-les-borregues-1024x683.jpg\" alt=\"Delante el Puig de Les Borregues\" width=\"1024\" height=\"683\" srcset=\"https:\/\/www.monta\u00f1asdelaluna.es\/wp-content\/uploads\/2020\/01\/delante-el-puig-de-les-borregues-1024x683.jpg 1024w, https:\/\/www.monta\u00f1asdelaluna.es\/wp-content\/uploads\/2020\/01\/delante-el-puig-de-les-borregues-300x200.jpg 300w, https:\/\/www.monta\u00f1asdelaluna.es\/wp-content\/uploads\/2020\/01\/delante-el-puig-de-les-borregues.jpg 1788w\" sizes=\"auto, (max-width: 1024px) 100vw, 1024px\" \/><\/a><p id=\"caption-attachment-41271\" class=\"wp-caption-text\">Delante el Puig de Les Borregues<\/p><\/div>\n<div id=\"attachment_41273\" style=\"width: 1034px\" class=\"wp-caption aligncenter\"><a class=\"dt-single-image\" href=\"https:\/\/www.monta\u00f1asdelaluna.es\/wp-content\/uploads\/2020\/01\/puig-de-les-borregues.jpg\" data-dt-img-description=\"\"><img loading=\"lazy\" decoding=\"async\" aria-describedby=\"caption-attachment-41273\" class=\"wp-image-41273 size-large\" src=\"https:\/\/www.monta\u00f1asdelaluna.es\/wp-content\/uploads\/2020\/01\/puig-de-les-borregues-1024x683.jpg\" alt=\"Puig de Les Borregues\" width=\"1024\" height=\"683\" srcset=\"https:\/\/www.monta\u00f1asdelaluna.es\/wp-content\/uploads\/2020\/01\/puig-de-les-borregues-1024x683.jpg 1024w, https:\/\/www.monta\u00f1asdelaluna.es\/wp-content\/uploads\/2020\/01\/puig-de-les-borregues-300x200.jpg 300w, https:\/\/www.monta\u00f1asdelaluna.es\/wp-content\/uploads\/2020\/01\/puig-de-les-borregues.jpg 1788w\" sizes=\"auto, (max-width: 1024px) 100vw, 1024px\" \/><\/a><p id=\"caption-attachment-41273\" class=\"wp-caption-text\">Puig de Les Borregues<\/p><\/div>\n<p>Pero equivocadamente a lo que pensaba, arriba de la ladera tambi\u00e9n hay acumulaciones de nieve, ventisqueros, y nieve blanda que impide un paso firme, hundi\u00e9ndome en ella. Tengo que discernir en seguir por terreno con la menor nieve posible, tambi\u00e9n porque debajo de esta nieve blanda, aparecen en ocasiones nieve dura, hielo, que hace pueda perder el equilibrio y resbalarme. Las puntitas de las piedras y ramitas secas de los matorrales que sobresalen de la nieve, es un signo de que por ese lado hay poca nieve y puedo cruzar pisando algo m\u00e1s que esa nieve blanda y resbaladiza. As\u00ed hago\u2026 tambi\u00e9n intento seguir por los puntos menos empinados de la ladera, cosa m\u00e1s dif\u00edcil si quiero llegar hasta la loma cimera.<\/p>\n<p>Eso s\u00ed, el paisaje que comienzo a vislumbrar subiendo por este sitio, es nuevo para m\u00ed, pero reconozco a muchas, si no a todas, las monta\u00f1as y lugares que veo\u2026 me parece que el Puig de Les Borregues ser\u00e1 un magn\u00edfico mirador: El Coll de La Coma de l\u2019Orri se quedar\u00e1 detr\u00e1s de m\u00ed, casi a mi espalda, y detr\u00e1s de \u00e9ste aparecen monta\u00f1as m\u00e1s altas como el redondeado Bastiments, con la amplia planicie que queda delante de \u00e9l, el famoso Coll de La Marrana, a la vez comienzo a descubrir los Pics de Freser y de l\u2019Infern a la izquierda del Bastiments, m\u00e1s elegantes, escarpados y desafiantes si cabe, como dos hermanos aguerridos que te hacen frente si te atreves a mirarlos. Extraordinario. Y m\u00e1s a mi espalda, en la ladera contraria del valle a la que estoy subiendo, la muralla de los Gra de Fajol, con un perfil desconocido y diferente de estas monta\u00f1as, acostumbrado a ver sus caras norte y este, ahora observo sus laderas sur, empinadas, m\u00e1s verticales, pero con menos escarpes, m\u00e1s continuos\u2026 una imagen diferente y si acaso distinta, m\u00e1s com\u00fan, de estas monta\u00f1as, que forman, por as\u00ed decirlo, una autentica muralla que delimita el valle en el que me encuentro con el circo y lugares de Ulldeter.[vc_separator][\/vc_column_text][\/vc_column][\/vc_row][vc_row][vc_column][vc_empty_space][\/vc_column][\/vc_row][vc_row][vc_column][vc_video link=\u00bbhttps:\/\/vimeo.com\/385108371&#8243; title=\u00bbCims de La Coma de l&#8217;Orri\u00bb][\/vc_column][\/vc_row][vc_row][vc_column][vc_empty_space][\/vc_column][\/vc_row][vc_row][vc_column][vc_column_text]M\u00e1s arriba, mientras me esfuerzo por esta empinada y directa ladera, aparecen lugares con una cantidad de nieve mayor y m\u00e1s acumulada. Intento girar a la derecha en busca de lo que me parec\u00eda la cercana loma cimera de Els Cims de La Coma de l\u2019Orri. Y entre zonas pedregosas escondidas bajo la manta de nieve primavera y otras con demasiada nieve en la que me hund\u00eda m\u00e1s arriba de las rodillas, subo a un c\u00famulo o seta de nieve (producida por el viento) y descubro que ya estoy en la parte m\u00e1s alta de esta loma o cresta cimera.<\/p>\n<div id=\"attachment_41275\" style=\"width: 1034px\" class=\"wp-caption aligncenter\"><a class=\"dt-single-image\" href=\"https:\/\/www.monta\u00f1asdelaluna.es\/wp-content\/uploads\/2020\/01\/cima-del-puig-de-les-borregues-2-693-mts.jpg\" data-dt-img-description=\"\"><img loading=\"lazy\" decoding=\"async\" aria-describedby=\"caption-attachment-41275\" class=\"wp-image-41275 size-large\" src=\"https:\/\/www.monta\u00f1asdelaluna.es\/wp-content\/uploads\/2020\/01\/cima-del-puig-de-les-borregues-2-693-mts-1024x683.jpg\" alt=\"Cima del Puig de Les Borregues, 2.693 mts.\" width=\"1024\" height=\"683\" srcset=\"https:\/\/www.monta\u00f1asdelaluna.es\/wp-content\/uploads\/2020\/01\/cima-del-puig-de-les-borregues-2-693-mts-1024x683.jpg 1024w, https:\/\/www.monta\u00f1asdelaluna.es\/wp-content\/uploads\/2020\/01\/cima-del-puig-de-les-borregues-2-693-mts-300x200.jpg 300w, https:\/\/www.monta\u00f1asdelaluna.es\/wp-content\/uploads\/2020\/01\/cima-del-puig-de-les-borregues-2-693-mts.jpg 1788w\" sizes=\"auto, (max-width: 1024px) 100vw, 1024px\" \/><\/a><p id=\"caption-attachment-41275\" class=\"wp-caption-text\">Cima del Puig de Les Borregues, 2.693 mts.<\/p><\/div>\n<div id=\"attachment_41280\" style=\"width: 1034px\" class=\"wp-caption aligncenter\"><a class=\"dt-single-image\" href=\"https:\/\/www.monta\u00f1asdelaluna.es\/wp-content\/uploads\/2020\/01\/loma-cresta-cimera-de-els-cims-de-la-coma-de-l-orri-al-fondo-derecha-el-bastiments.jpg\" data-dt-img-description=\"\"><img loading=\"lazy\" decoding=\"async\" aria-describedby=\"caption-attachment-41280\" class=\"wp-image-41280 size-large\" src=\"https:\/\/www.monta\u00f1asdelaluna.es\/wp-content\/uploads\/2020\/01\/loma-cresta-cimera-de-els-cims-de-la-coma-de-l-orri-al-fondo-derecha-el-bastiments-1024x683.jpg\" alt=\"Loma, cresta cimera de Els Cims de La Coma de l'Orri, al fondo derecha el Bastiments\" width=\"1024\" height=\"683\" srcset=\"https:\/\/www.monta\u00f1asdelaluna.es\/wp-content\/uploads\/2020\/01\/loma-cresta-cimera-de-els-cims-de-la-coma-de-l-orri-al-fondo-derecha-el-bastiments-1024x683.jpg 1024w, https:\/\/www.monta\u00f1asdelaluna.es\/wp-content\/uploads\/2020\/01\/loma-cresta-cimera-de-els-cims-de-la-coma-de-l-orri-al-fondo-derecha-el-bastiments-300x200.jpg 300w, https:\/\/www.monta\u00f1asdelaluna.es\/wp-content\/uploads\/2020\/01\/loma-cresta-cimera-de-els-cims-de-la-coma-de-l-orri-al-fondo-derecha-el-bastiments.jpg 1788w\" sizes=\"auto, (max-width: 1024px) 100vw, 1024px\" \/><\/a><p id=\"caption-attachment-41280\" class=\"wp-caption-text\">Loma, cresta cimera de Els Cims de La Coma de l&#8217;Orri, al fondo derecha el Bastiments<\/p><\/div>\n<p>Descubro tambi\u00e9n desde aqu\u00ed las vistas hacia el oeste, entre otras monta\u00f1as nevadas y algo lejanas, diferencio el Torreneules (una monta\u00f1a que siempre me ha recordado <a href=\"https:\/\/www.monta\u00f1asdelaluna.es\/?p=43987\" target=\"_blank\" rel=\"noopener\">El Caballo de Sierra Nevada<\/a>) y al fondo el alto Puigmal, a\u00fan con bastante nieve, dispersa por sus laderas con peque\u00f1as calvas y ventisqueros. Delante de m\u00ed, despu\u00e9s de girar a la izquierda, tengo toda la cresta o loma cimera (seg\u00fan la zona) que sube poco a poco pero a una distancia considerable, hacia la cumbre m\u00e1s alta de esta monta\u00f1a: el Puig de Les Borregues. El camino es claro y f\u00e1cil de seguir, adem\u00e1s de que en algunos sitios aparecen hitos y partes de una supuesta sendilla que recorre la parte m\u00e1s alta de la monta\u00f1a. Solo hay que seguir la cumbre sin bajar de ella, hasta llegar a su punto m\u00e1s alto, donde ya veremos una cruz y signos de que es el lugar m\u00e1s alto de la monta\u00f1a, de Els Cims de La Coma de l\u2019Orri. En un principio me pareci\u00f3 que lo ten\u00eda ah\u00ed al lado, pero no, el recorrido se hace m\u00e1s largo de lo que parece, eso s\u00ed, entretenido y fascinante por las vistas y zona que atravieso.<\/p>\n<p>As\u00ed pues, al cabo de otro tiempo, vislumbro una especie de alta meseta cortada a pico hacia el este y noreste, y con una delgada cruz de metal en su cumbre. Hasta aqu\u00ed debo llegar, es la cima del Puig de Les Borregues, de 2.693 mts. de altitud. Llegando a la cima el tiempo comienza a nublarse, el cielo a encapotarse, nubes altas y nieblas que entelan el azul de este. Al menos he dejado el viento de los peque\u00f1os colladitos entre los piquitos previos a llegar a la cima, atr\u00e1s, sin que exista un frio o viento intenso en la cima del pico. Fotos, videos y comer un poco es la forma de disfrutar de la cima. La monta\u00f1a, observo, sigue hacia el sur, y la loma cimera que comienza a bajar con prados y zonas m\u00e1s amplias, llanas al sur, acaba subiendo y convirti\u00e9ndose en la monta\u00f1a del Balandrau que vislumbro si miro hacia el sur, suroeste, como un viejo centinela de serio semblante que guarda la entrada a estas monta\u00f1as por el sur y al valle de La Vaca. Precioso.<\/p>\n<div id=\"attachment_41277\" style=\"width: 1798px\" class=\"wp-caption aligncenter\"><a class=\"dt-single-image\" href=\"https:\/\/www.monta\u00f1asdelaluna.es\/wp-content\/uploads\/2020\/01\/el-pic-de-freser-a-la-derecha-y-el-pi-de-l-infern-a-la-izquierda-desde-la-cima-del-puig-de-les-borregues.jpg\" data-dt-img-description=\"\"><img loading=\"lazy\" decoding=\"async\" aria-describedby=\"caption-attachment-41277\" class=\"wp-image-41277 size-full\" src=\"https:\/\/www.monta\u00f1asdelaluna.es\/wp-content\/uploads\/2020\/01\/el-pic-de-freser-a-la-derecha-y-el-pi-de-l-infern-a-la-izquierda-desde-la-cima-del-puig-de-les-borregues.jpg\" alt=\"El Pic de Freser a la derecha y el Pi de l'Infern a la izquierda desde la cima del Puig de Les Borregues\" width=\"1788\" height=\"1192\" srcset=\"https:\/\/www.monta\u00f1asdelaluna.es\/wp-content\/uploads\/2020\/01\/el-pic-de-freser-a-la-derecha-y-el-pi-de-l-infern-a-la-izquierda-desde-la-cima-del-puig-de-les-borregues.jpg 1788w, https:\/\/www.monta\u00f1asdelaluna.es\/wp-content\/uploads\/2020\/01\/el-pic-de-freser-a-la-derecha-y-el-pi-de-l-infern-a-la-izquierda-desde-la-cima-del-puig-de-les-borregues-300x200.jpg 300w, https:\/\/www.monta\u00f1asdelaluna.es\/wp-content\/uploads\/2020\/01\/el-pic-de-freser-a-la-derecha-y-el-pi-de-l-infern-a-la-izquierda-desde-la-cima-del-puig-de-les-borregues-1024x683.jpg 1024w\" sizes=\"auto, (max-width: 1788px) 100vw, 1788px\" \/><\/a><p id=\"caption-attachment-41277\" class=\"wp-caption-text\">El Pic de Freser a la derecha y el Pi de l&#8217;Infern a la izquierda desde la cima del Puig de Les Borregues<\/p><\/div>\n<div id=\"attachment_41279\" style=\"width: 1034px\" class=\"wp-caption aligncenter\"><a class=\"dt-single-image\" href=\"https:\/\/www.monta\u00f1asdelaluna.es\/wp-content\/uploads\/2020\/01\/delante-el-pic-de-la-llosa-a-la-derecha-roca-colom-al-fondo-el-canigo.jpg\" data-dt-img-description=\"\"><img loading=\"lazy\" decoding=\"async\" aria-describedby=\"caption-attachment-41279\" class=\"wp-image-41279 size-large\" src=\"https:\/\/www.monta\u00f1asdelaluna.es\/wp-content\/uploads\/2020\/01\/delante-el-pic-de-la-llosa-a-la-derecha-roca-colom-al-fondo-el-canigo-1024x683.jpg\" alt=\"Delante el Pic de La Llosa, a la derecha Roca Colom, al fondo el Canig\u00f3\" width=\"1024\" height=\"683\" srcset=\"https:\/\/www.monta\u00f1asdelaluna.es\/wp-content\/uploads\/2020\/01\/delante-el-pic-de-la-llosa-a-la-derecha-roca-colom-al-fondo-el-canigo-1024x683.jpg 1024w, https:\/\/www.monta\u00f1asdelaluna.es\/wp-content\/uploads\/2020\/01\/delante-el-pic-de-la-llosa-a-la-derecha-roca-colom-al-fondo-el-canigo-300x200.jpg 300w, https:\/\/www.monta\u00f1asdelaluna.es\/wp-content\/uploads\/2020\/01\/delante-el-pic-de-la-llosa-a-la-derecha-roca-colom-al-fondo-el-canigo.jpg 1788w\" sizes=\"auto, (max-width: 1024px) 100vw, 1024px\" \/><\/a><p id=\"caption-attachment-41279\" class=\"wp-caption-text\">Delante el Pic de La Llosa, a la derecha Roca Colom, al fondo el Canig\u00f3<\/p><\/div>\n<p>Despu\u00e9s de unos minutos de descanso y disfrute de la cima, y de haber contemplado un paisaje \u00fanico desde este autentico faro y mirador del Pirineo Oriental, me dispongo a volver al lugar donde emprend\u00ed la actividad y tengo el coche. No sin antes haber intentado discernir y gravar el paisaje que tambi\u00e9n contemplo hacia el este: abajo el valle del Ter con Setcases escondido por alg\u00fan rinc\u00f3n bajo esta monta\u00f1a y su seguimiento hacia el sureste, que s\u00ed es el Pastuira el piquito de dicha parte que mira a la poblaci\u00f3n\u2026 Observo otra gran planicie y piquitos, alturas sobre ella, es la zona y cimas de Coma Ermada, y m\u00e1s all\u00e1, al fondo, el inconfundible Canig\u00f3, con toda su masa de monta\u00f1a gigante y amplia, como si fuera un macizo, un conjunto de monta\u00f1as en lugar de una sola monta\u00f1a. Pongo mis ojos en esta zona pr\u00f3xima al otro lado del valle del Ter\u2026 ser\u00e1 mi pr\u00f3ximo objetivo, ya que a\u00fan no he tenido la oportunidad de subir esas cimas.[\/vc_column_text][\/vc_column][\/vc_row][vc_row][vc_column][vc_empty_space][\/vc_column][\/vc_row][vc_row][vc_column][vc_video link=\u00bbhttps:\/\/vimeo.com\/385109661&#8243; title=\u00bbPuig de Les Borregues, Pastuira, 2.693 mts.\u00bb][\/vc_column][\/vc_row][vc_row][vc_column][vc_empty_space][\/vc_column][\/vc_row][vc_row][vc_column][vc_column_text]La bajada es bien sencilla, solo hay que desandar lo recorrido por esta cresta, por la loma cimera, con trozos de roca sin nieve y trozos con ventisqueros con nieve hasta la rodilla, hasta justo la zona a la que me incorpor\u00e9 a la misma desde la empinada ladera que segu\u00ed desde el fondo del valle de La Coma de l\u2019Orri. Pero aqu\u00ed no seguir\u00e9 ya mis huellas, si no que seguir\u00e9 la loma cimera hasta llegar al Coll de La Coma de l\u2019Orri, a 2.499 mts., despu\u00e9s de divertirme corriendo en bajada entre ventisqueros y acumulaciones de nieve que paran mi avance y ca\u00edda.<\/p>\n<p>Una vez en el Coll de La Coma de l\u2019Orri, solo hay que girar a la derecha y bajar por estas laderas tan nevadas hasta el fondo del valle, por las zonas m\u00e1s factibles, intentando no coger sitios donde me pueda hundir en la nieve, ni otros donde la verticalidad de la pendiente sea demasiado fuerte. Solo hay que bajar por casi el centro y fondo del valle. No hay p\u00e9rdida. Y m\u00e1s abajo intentar recuperar los pasos hechos en la subida antes de internarme en el bosque.<\/p>\n<div id=\"attachment_41281\" style=\"width: 1034px\" class=\"wp-caption aligncenter\"><a class=\"dt-single-image\" href=\"https:\/\/www.monta\u00f1asdelaluna.es\/wp-content\/uploads\/2020\/01\/loma-cimera-de-els-cims-de-la-coma-de-l-orri-al-fondo-derecha-el-bastiment-en-el-centro-el-pic-de-freser-y-pic-de-l-infern-a-la-izquierda-los-pics-de-la-vaca.jpg\" data-dt-img-description=\"\"><img loading=\"lazy\" decoding=\"async\" aria-describedby=\"caption-attachment-41281\" class=\"wp-image-41281 size-large\" src=\"https:\/\/www.monta\u00f1asdelaluna.es\/wp-content\/uploads\/2020\/01\/loma-cimera-de-els-cims-de-la-coma-de-l-orri-al-fondo-derecha-el-bastiment-en-el-centro-el-pic-de-freser-y-pic-de-l-infern-a-la-izquierda-los-pics-de-la-vaca-1024x683.jpg\" alt=\"Loma cimera de Els Cims de La Coma de l'Orri, al fondo derecha el Bastiment, en el centro el Pic de Freser y Pic de l'Infern, a la izquierda los Pics de La Vaca\" width=\"1024\" height=\"683\" srcset=\"https:\/\/www.monta\u00f1asdelaluna.es\/wp-content\/uploads\/2020\/01\/loma-cimera-de-els-cims-de-la-coma-de-l-orri-al-fondo-derecha-el-bastiment-en-el-centro-el-pic-de-freser-y-pic-de-l-infern-a-la-izquierda-los-pics-de-la-vaca-1024x683.jpg 1024w, https:\/\/www.monta\u00f1asdelaluna.es\/wp-content\/uploads\/2020\/01\/loma-cimera-de-els-cims-de-la-coma-de-l-orri-al-fondo-derecha-el-bastiment-en-el-centro-el-pic-de-freser-y-pic-de-l-infern-a-la-izquierda-los-pics-de-la-vaca-300x200.jpg 300w, https:\/\/www.monta\u00f1asdelaluna.es\/wp-content\/uploads\/2020\/01\/loma-cimera-de-els-cims-de-la-coma-de-l-orri-al-fondo-derecha-el-bastiment-en-el-centro-el-pic-de-freser-y-pic-de-l-infern-a-la-izquierda-los-pics-de-la-vaca.jpg 1788w\" sizes=\"auto, (max-width: 1024px) 100vw, 1024px\" \/><\/a><p id=\"caption-attachment-41281\" class=\"wp-caption-text\">Loma cimera de Els Cims de La Coma de l&#8217;Orri, al fondo derecha el Bastiment, en el centro el Pic de Freser y Pic de l&#8217;Infern, a la izquierda los Pics de La Vaca<\/p><\/div>\n<div id=\"attachment_41286\" style=\"width: 1034px\" class=\"wp-caption aligncenter\"><a class=\"dt-single-image\" href=\"https:\/\/www.monta\u00f1asdelaluna.es\/wp-content\/uploads\/2020\/01\/IMG_9616.jpg\" data-dt-img-description=\"\"><img loading=\"lazy\" decoding=\"async\" aria-describedby=\"caption-attachment-41286\" class=\"wp-image-41286 size-large\" src=\"https:\/\/www.monta\u00f1asdelaluna.es\/wp-content\/uploads\/2020\/01\/IMG_9616-1024x683.jpg\" alt=\"El Gra de Fajol Petit desde el Coll de La Coma de l'Orri\" width=\"1024\" height=\"683\" srcset=\"https:\/\/www.monta\u00f1asdelaluna.es\/wp-content\/uploads\/2020\/01\/IMG_9616-1024x683.jpg 1024w, https:\/\/www.monta\u00f1asdelaluna.es\/wp-content\/uploads\/2020\/01\/IMG_9616-300x200.jpg 300w, https:\/\/www.monta\u00f1asdelaluna.es\/wp-content\/uploads\/2020\/01\/IMG_9616.jpg 1788w\" sizes=\"auto, (max-width: 1024px) 100vw, 1024px\" \/><\/a><p id=\"caption-attachment-41286\" class=\"wp-caption-text\">El Gra de Fajol Petit desde el Coll de La Coma de l&#8217;Orri<\/p><\/div>\n<p>Con lo que al final llevo m\u00e1s cuidado a la hora de ver por donde paso para bajar hasta la parte con roca sin nieve m\u00e1s abajo. Me sorprendo por las vistas hacia el Gra de Fajol Petit que queda enfrente a la izquierda, al este, haciendo la nombrada muralla de los Gra de Fajol que nos separa del circo y hueco de Ulldeter: tiene una figura escarpada, abrupta, puntiaguda y enigm\u00e1tica. Preciosa y desafiante. Verdaderamente es una de las monta\u00f1as o picos m\u00e1s escarpados, por todas sus vertientes, del Pirineo Oriental.<\/p>\n<p>Poco m\u00e1s abajo del Coll de La Coma de l\u2019Orri, paro en un punto indicado por el mapa Alpina intentando encontrar la Font de Les Serps. Miro en el hueco del torrente, entre roca, piedras y nieve, pero no distingo se\u00f1al de fuente o surgencia de agua, manantial. No miro demasiado y sigo bajando, dejando el circo de la Coma de l\u2019Orri a mi espalda con el collado del mismo nombre: laderas amplias, suaves, nevadas y altas, enorme lugar solitario y frio.<\/p>\n<p>Enfrente de m\u00ed, entre la muralla de los Gra de Fajol, con el perfil extraordinario del Petit a la izquierda y los altos escarpes boscosos y generosos de Els Cims de La Coma de l\u2019Orri con la escondida cima del Puig de Les Borregues a la derecha, queda el valle de La Coma de l\u2019Orri; todo largo y precioso con sus bosques y perfiles encantadores. Y solitario, muy solitario. Perfecto.<\/p>\n<div id=\"attachment_41287\" style=\"width: 1034px\" class=\"wp-caption aligncenter\"><a class=\"dt-single-image\" href=\"https:\/\/www.monta\u00f1asdelaluna.es\/wp-content\/uploads\/2020\/01\/coll-de-la-coma-de-l-orri-2-499-mts-delante-el-valle-de-la-coma-de-l-orri-seguido-del-valle-del-ter.jpg\" data-dt-img-description=\"\"><img loading=\"lazy\" decoding=\"async\" aria-describedby=\"caption-attachment-41287\" class=\"wp-image-41287 size-large\" src=\"https:\/\/www.monta\u00f1asdelaluna.es\/wp-content\/uploads\/2020\/01\/coll-de-la-coma-de-l-orri-2-499-mts-delante-el-valle-de-la-coma-de-l-orri-seguido-del-valle-del-ter-1024x683.jpg\" alt=\"Coll de La Coma de l'Orri (2.499 mts.), delante el valle de la Coma de l'Orri, seguido del valle del Ter. A la izquierda el Gra de Fajol Petit\" width=\"1024\" height=\"683\" srcset=\"https:\/\/www.monta\u00f1asdelaluna.es\/wp-content\/uploads\/2020\/01\/coll-de-la-coma-de-l-orri-2-499-mts-delante-el-valle-de-la-coma-de-l-orri-seguido-del-valle-del-ter-1024x683.jpg 1024w, https:\/\/www.monta\u00f1asdelaluna.es\/wp-content\/uploads\/2020\/01\/coll-de-la-coma-de-l-orri-2-499-mts-delante-el-valle-de-la-coma-de-l-orri-seguido-del-valle-del-ter-300x200.jpg 300w, https:\/\/www.monta\u00f1asdelaluna.es\/wp-content\/uploads\/2020\/01\/coll-de-la-coma-de-l-orri-2-499-mts-delante-el-valle-de-la-coma-de-l-orri-seguido-del-valle-del-ter.jpg 1788w\" sizes=\"auto, (max-width: 1024px) 100vw, 1024px\" \/><\/a><p id=\"caption-attachment-41287\" class=\"wp-caption-text\">Coll de La Coma de l&#8217;Orri (2.499 mts.), delante el valle de la Coma de l&#8217;Orri, seguido del valle del Ter. A la izquierda el Gra de Fajol Petit<\/p><\/div>\n<div id=\"attachment_41291\" style=\"width: 1034px\" class=\"wp-caption aligncenter\"><a class=\"dt-single-image\" href=\"https:\/\/www.monta\u00f1asdelaluna.es\/wp-content\/uploads\/2020\/01\/escarpes-que-bajan-de-la-cima-del-puig-de-les-borregues.jpg\" data-dt-img-description=\"\"><img loading=\"lazy\" decoding=\"async\" aria-describedby=\"caption-attachment-41291\" class=\"wp-image-41291 size-large\" src=\"https:\/\/www.monta\u00f1asdelaluna.es\/wp-content\/uploads\/2020\/01\/escarpes-que-bajan-de-la-cima-del-puig-de-les-borregues-1024x683.jpg\" alt=\"Escarpes que bajan de la cima del Puig de Les Borregues\" width=\"1024\" height=\"683\" srcset=\"https:\/\/www.monta\u00f1asdelaluna.es\/wp-content\/uploads\/2020\/01\/escarpes-que-bajan-de-la-cima-del-puig-de-les-borregues-1024x683.jpg 1024w, https:\/\/www.monta\u00f1asdelaluna.es\/wp-content\/uploads\/2020\/01\/escarpes-que-bajan-de-la-cima-del-puig-de-les-borregues-300x200.jpg 300w, https:\/\/www.monta\u00f1asdelaluna.es\/wp-content\/uploads\/2020\/01\/escarpes-que-bajan-de-la-cima-del-puig-de-les-borregues.jpg 1788w\" sizes=\"auto, (max-width: 1024px) 100vw, 1024px\" \/><\/a><p id=\"caption-attachment-41291\" class=\"wp-caption-text\">Escarpes que bajan de la cima del Puig de Les Borregues<\/p><\/div>\n<p>Ya llevo un buen rato bajando, las cimas detr\u00e1s de m\u00ed, con el Coll de La Coma de l\u2019Orri se han cubierto, nublado por unas blancas y juguetonas nubes. El tiempo parece que quiere cambiar. Me he metido por sitios que no estaban en el camino a seguir por en medio del hueco del cauce del riachuelo del Torrent de La Coma de l\u2019Orri, algo entretenidos y de paso intrincado, pero m\u00e1s abajo, justo cuando el bosque quiere que me interne en \u00e9l, aparecen unos prados donde pace un reba\u00f1o muy numeroso de Isards. Asustadizos y juguetones, me quedo un tiempo contempl\u00e1ndolos mientras observo como alg\u00fan macho intenta pelearse o imponerse a otros machos m\u00e1s j\u00f3venes que quieren usurparle su trono y lugar como macho alfa del grupo. Emocionante. Pero debo de seguir y mi paso importuna el trasiego de estos animales los cuales se les ve tan libres y dichosos en este lugar, rinc\u00f3n del Pirineo, que hasta nos puede dar envidia\u2026 pobre humano esclavo de sus propias debilidades mundanas\u2026<\/p>\n<p>El resto del camino ya s\u00ed que es desandar lo recorrido en la subida. Hay que estar atento a coger la senda a la derecha del torrente, del valle, y seguirla entre excepcionales lugares de bosques de con\u00edferas y verdes rincones. No debe de haber p\u00e9rdida\u2026 y una vez cruzado el Ter en el Pla de La Molina, cruce de r\u00edos y valles (hemos cruzado no hace muchos metros el Torrent de La Coma de l\u2019Orri), ya estamos en las influencias del valle del Ter. Al otro lado nos encontramos con el mismo camino que en un principio cogimos desde donde dejamos el coche. Ahora lo seguimos hacia la derecha y abajo, en busca del fondo y parte m\u00e1s baja de estos valles.<\/p>\n<div id=\"attachment_41293\" style=\"width: 1034px\" class=\"wp-caption aligncenter\"><a class=\"dt-single-image\" href=\"https:\/\/www.monta\u00f1asdelaluna.es\/wp-content\/uploads\/2020\/01\/isards-en-el-valle-de-la-coma-de-l-orri.jpg\" data-dt-img-description=\"\"><img loading=\"lazy\" decoding=\"async\" aria-describedby=\"caption-attachment-41293\" class=\"wp-image-41293 size-large\" src=\"https:\/\/www.monta\u00f1asdelaluna.es\/wp-content\/uploads\/2020\/01\/isards-en-el-valle-de-la-coma-de-l-orri-1024x683.jpg\" alt=\"Isards en el valle de La Coma de l'Orri\" width=\"1024\" height=\"683\" srcset=\"https:\/\/www.monta\u00f1asdelaluna.es\/wp-content\/uploads\/2020\/01\/isards-en-el-valle-de-la-coma-de-l-orri-1024x683.jpg 1024w, https:\/\/www.monta\u00f1asdelaluna.es\/wp-content\/uploads\/2020\/01\/isards-en-el-valle-de-la-coma-de-l-orri-300x200.jpg 300w, https:\/\/www.monta\u00f1asdelaluna.es\/wp-content\/uploads\/2020\/01\/isards-en-el-valle-de-la-coma-de-l-orri.jpg 1788w\" sizes=\"auto, (max-width: 1024px) 100vw, 1024px\" \/><\/a><p id=\"caption-attachment-41293\" class=\"wp-caption-text\">Isards en el valle de La Coma de l&#8217;Orri<\/p><\/div>\n<div id=\"attachment_41300\" style=\"width: 1034px\" class=\"wp-caption aligncenter\"><a class=\"dt-single-image\" href=\"https:\/\/www.monta\u00f1asdelaluna.es\/wp-content\/uploads\/2020\/01\/pla-de-la-molina.jpg\" data-dt-img-description=\"\"><img loading=\"lazy\" decoding=\"async\" aria-describedby=\"caption-attachment-41300\" class=\"wp-image-41300 size-large\" src=\"https:\/\/www.monta\u00f1asdelaluna.es\/wp-content\/uploads\/2020\/01\/pla-de-la-molina-1024x683.jpg\" alt=\"Pla de La Molina\" width=\"1024\" height=\"683\" srcset=\"https:\/\/www.monta\u00f1asdelaluna.es\/wp-content\/uploads\/2020\/01\/pla-de-la-molina-1024x683.jpg 1024w, https:\/\/www.monta\u00f1asdelaluna.es\/wp-content\/uploads\/2020\/01\/pla-de-la-molina-300x200.jpg 300w, https:\/\/www.monta\u00f1asdelaluna.es\/wp-content\/uploads\/2020\/01\/pla-de-la-molina.jpg 1788w\" sizes=\"auto, (max-width: 1024px) 100vw, 1024px\" \/><\/a><p id=\"caption-attachment-41300\" class=\"wp-caption-text\">Pla de La Molina<\/p><\/div>\n<p>Y ya en este camino, poco antes de llegar al coche, me paro a contemplar de nuevo el verde y frondoso valle de La Coma de l\u2019Orri. Precioso. Y all\u00e1 arriba entre las penumbras de las nubes que lo cubren, y la blanca nieve que recorre las partes m\u00e1s altas de sus laderas, escarpados rincones de roca, canales y verticalidades abruptas\u2026 entre todas ellas se oculta la cima conquistada: el Puig de Les Borregues. Solitaria, lejana pero encantadora cima, gran mirador del Pirineo Oriental.<\/p>\n<div id=\"attachment_41307\" style=\"width: 801px\" class=\"wp-caption aligncenter\"><a class=\"dt-single-image\" href=\"https:\/\/www.monta\u00f1asdelaluna.es\/wp-content\/uploads\/2019\/04\/Pastuira.croquis.jpg\" data-dt-img-description=\"\"><img loading=\"lazy\" decoding=\"async\" aria-describedby=\"caption-attachment-41307\" class=\"wp-image-41307 size-full\" src=\"https:\/\/www.monta\u00f1asdelaluna.es\/wp-content\/uploads\/2019\/04\/Pastuira.croquis.jpg\" alt=\"Croquis de la ascensi\u00f3n al Puig de Les Borregues por el valle de La Coma de l'Orri\" width=\"791\" height=\"551\" srcset=\"https:\/\/www.monta\u00f1asdelaluna.es\/wp-content\/uploads\/2019\/04\/Pastuira.croquis.jpg 791w, https:\/\/www.monta\u00f1asdelaluna.es\/wp-content\/uploads\/2019\/04\/Pastuira.croquis-300x209.jpg 300w\" sizes=\"auto, (max-width: 791px) 100vw, 791px\" \/><\/a><p id=\"caption-attachment-41307\" class=\"wp-caption-text\">Croquis de la ascensi\u00f3n al Puig de Les Borregues por el valle de La Coma de l&#8217;Orri<\/p><\/div>\n<p>[\/vc_column_text][\/vc_column][\/vc_row][vc_row][vc_column][vc_empty_space height=\u00bb60px\u00bb][\/vc_column][\/vc_row][vc_row][vc_column][vc_cta h2=\u00bb\u00c1lbum de fotos\u00bb txt_align=\u00bbcenter\u00bb add_button=\u00bbbottom\u00bb btn_title=\u00bbVer fotos\u00bb btn_color=\u00bbwarning\u00bb btn_align=\u00bbcenter\u00bb btn_link=\u00bburl:https%3A%2F%2Fmonta%C3%B1asdelaluna.es%2F%3Fdt_gallery%3Dpastuira-puig-de-les-borregues-2-693-mts-2|title:Pastuira%2C%20Puig%20de%20Les%20Borregues%20(2.693%20mts.)|target:_blank\u00bb css=\u00bb.vc_custom_1625731902091{background-color: #8bc4ed !important;}\u00bb]Puedes ver todas las fotos del relato y actividad en forma de presentaci\u00f3n o individuales pinchando aqui \u00a1No te las pierdas![\/vc_cta][\/vc_column][\/vc_row][vc_row][vc_column][vc_empty_space height=\u00bb60px\u00bb][\/vc_column][\/vc_row][vc_row][vc_column width=\u00bb1\/3&#8243;][\/vc_column][vc_column width=\u00bb1\/2&#8243;][vc_column_text]Tiempo en Puig de Les Borregues[\/vc_column_text][vc_raw_html]JTNDaWZyYW1lJTIwc3JjJTNEJTIyaHR0cHMlM0ElMkYlMkZ3d3cubWV0ZW9ibHVlLmNvbSUyRmVzJTJGdGllbXBvJTJGd2lkZ2V0JTJGZGFpbHklMkY0Mi4zOTZOMi4yNDhFMjY4MV9FdXJvcGUlMjUyRk1hZHJpZCUzRmdlb2xvYyUzRGZpeGVkJTI2ZGF5cyUzRDclMjZ0ZW1wdW5pdCUzRENFTFNJVVMlMjZ3aW5kdW5pdCUzREtJTE9NRVRFUl9QRVJfSE9VUiUyNnByZWNpcHVuaXQlM0RNSUxMSU1FVEVSJTI2Y29sb3VyZWQlM0Rjb2xvdXJlZCUyNnBpY3RvaWNvbiUzRDAlMjZwaWN0b2ljb24lM0QxJTI2bWF4dGVtcGVyYXR1cmUlM0QwJTI2bWF4dGVtcGVyYXR1cmUlM0QxJTI2bWludGVtcGVyYXR1cmUlM0QwJTI2bWludGVtcGVyYXR1cmUlM0QxJTI2d2luZHNwZWVkJTNEMCUyNndpbmRzcGVlZCUzRDElMjZ3aW5kZ3VzdCUzRDAlMjZ3aW5kZ3VzdCUzRDElMjZ3aW5kZGlyZWN0aW9uJTNEMCUyNndpbmRkaXJlY3Rpb24lM0QxJTI2dXYlM0QwJTI2aHVtaWRpdHklM0QwJTI2cHJlY2lwaXRhdGlvbiUzRDAlMjZwcmVjaXBpdGF0aW9uJTNEMSUyNnByZWNpcGl0YXRpb25wcm9iYWJpbGl0eSUzRDAlMjZwcmVjaXBpdGF0aW9ucHJvYmFiaWxpdHklM0QxJTI2c3BvdCUzRDAlMjZzcG90JTNEMSUyNnByZXNzdXJlJTNEMCUyNnByZXNzdXJlJTNEMSUyNmxheW91dCUzRGxpZ2h0JTIyJTIwJTIwZnJhbWVib3JkZXIlM0QlMjIwJTIyJTIwc2Nyb2xsaW5nJTNEJTIyTk8lMjIlMjBhbGxvd3RyYW5zcGFyZW5jeSUzRCUyMnRydWUlMjIlMjBzYW5kYm94JTNEJTIyYWxsb3ctc2FtZS1vcmlnaW4lMjBhbGxvdy1zY3JpcHRzJTIwYWxsb3ctcG9wdXBzJTIwYWxsb3ctcG9wdXBzLXRvLWVzY2FwZS1zYW5kYm94JTIyJTIwc3R5bGUlM0QlMjJ3aWR0aCUzQSUyMDM3OHB4JTNCJTIwaGVpZ2h0JTNBJTIwNDEzcHglMjIlM0UlM0MlMkZpZnJhbWUlM0UlM0NkaXYlM0UlM0MlMjEtLSUyMERPJTIwTk9UJTIwUkVNT1ZFJTIwVEhJUyUyMExJTkslMjAtLSUzRSUzQ2ElMjBocmVmJTNEJTIyaHR0cHMlM0ElMkYlMkZ3d3cubWV0ZW9ibHVlLmNvbSUyRmVzJTJGdGllbXBvJTJGc2VtYW5hJTJGNDIuMzk2TjIuMjQ4RTI2ODFfRXVyb3BlJTI1MkZNYWRyaWQlM0Z1dG1fc291cmNlJTNEd2VhdGhlcl93aWRnZXQlMjZ1dG1fbWVkaXVtJTNEbGlua3VzJTI2dXRtX2NvbnRlbnQlM0RkYWlseSUyNnV0bV9jYW1wYWlnbiUzRFdlYXRoZXIlMjUyQldpZGdldCUyMiUyMHRhcmdldCUzRCUyMl9ibGFuayUyMiUzRW1ldGVvYmx1ZSUzQyUyRmElM0UlM0MlMkZkaXYlM0U=[\/vc_raw_html][\/vc_column][vc_column width=\u00bb1\/5&#8243;][\/vc_column][\/vc_row]<\/p>\n","protected":false},"excerpt":{"rendered":"<p>[vc_row][vc_column][vc_column_text]Porque en un principio conoc\u00ed a esta monta\u00f1a como Pastuira, llamarla Puig de Les Borregues ahora me parec\u00eda como degradante o casi insultante, pero mirando los nuevos mapas de Alpina descubro que realmente el pico m\u00e1s alto de esta monta\u00f1a no es el Pastuira, por mucho que suene mejor, si no el mismo Puig de&hellip;<\/p>\n","protected":false},"author":1,"featured_media":41277,"comment_status":"open","ping_status":"open","sticky":false,"template":"","format":"standard","meta":[],"categories":[129],"tags":[],"class_list":["post-41305","post","type-post","status-publish","format-standard","has-post-thumbnail","hentry","category-pirineo-oriental","category-129","description-off"],"_links":{"self":[{"href":"https:\/\/www.monta\u00f1asdelaluna.es\/index.php?rest_route=\/wp\/v2\/posts\/41305","targetHints":{"allow":["GET"]}}],"collection":[{"href":"https:\/\/www.monta\u00f1asdelaluna.es\/index.php?rest_route=\/wp\/v2\/posts"}],"about":[{"href":"https:\/\/www.monta\u00f1asdelaluna.es\/index.php?rest_route=\/wp\/v2\/types\/post"}],"author":[{"embeddable":true,"href":"https:\/\/www.monta\u00f1asdelaluna.es\/index.php?rest_route=\/wp\/v2\/users\/1"}],"replies":[{"embeddable":true,"href":"https:\/\/www.monta\u00f1asdelaluna.es\/index.php?rest_route=%2Fwp%2Fv2%2Fcomments&post=41305"}],"version-history":[{"count":9,"href":"https:\/\/www.monta\u00f1asdelaluna.es\/index.php?rest_route=\/wp\/v2\/posts\/41305\/revisions"}],"predecessor-version":[{"id":50061,"href":"https:\/\/www.monta\u00f1asdelaluna.es\/index.php?rest_route=\/wp\/v2\/posts\/41305\/revisions\/50061"}],"wp:featuredmedia":[{"embeddable":true,"href":"https:\/\/www.monta\u00f1asdelaluna.es\/index.php?rest_route=\/wp\/v2\/media\/41277"}],"wp:attachment":[{"href":"https:\/\/www.monta\u00f1asdelaluna.es\/index.php?rest_route=%2Fwp%2Fv2%2Fmedia&parent=41305"}],"wp:term":[{"taxonomy":"category","embeddable":true,"href":"https:\/\/www.monta\u00f1asdelaluna.es\/index.php?rest_route=%2Fwp%2Fv2%2Fcategories&post=41305"},{"taxonomy":"post_tag","embeddable":true,"href":"https:\/\/www.monta\u00f1asdelaluna.es\/index.php?rest_route=%2Fwp%2Fv2%2Ftags&post=41305"}],"curies":[{"name":"wp","href":"https:\/\/api.w.org\/{rel}","templated":true}]}}