{"id":41386,"date":"2019-04-27T20:11:35","date_gmt":"2019-04-27T20:11:35","guid":{"rendered":"http:\/\/monta\u00f1asdelaluna.com\/?p=41386"},"modified":"2021-07-16T09:56:05","modified_gmt":"2021-07-16T09:56:05","slug":"cimas-de-coma-ermada-y-roc-colom","status":"publish","type":"post","link":"https:\/\/www.monta\u00f1asdelaluna.es\/?p=41386","title":{"rendered":"Cimas de Coma Ermada y Roc Colom"},"content":{"rendered":"<p>[vc_row][vc_column][vc_column_text]Poco tiempo despu\u00e9s de subir al <a href=\"https:\/\/www.monta\u00f1asdelaluna.es\/?p=41305\" target=\"_blank\" rel=\"noopener\">Puig de Les Borregues<\/a> en la monta\u00f1a del Pastuira, vuelvo al Pirineo Oriental, al mismo circo de Ulldeter, para recorrerme aquel sitio donde hace poco se posaron mis ojos: la larga loma o cima allanada enorme y poco, poco abrupta, escarpada, de Coma Ermada y su altiplano Camp Magre.<\/p>\n<p>Desde la misma cima del Puig de Les Borregues se ve\u00eda como una alta meseta con su cima ancha, muy amplia, a bastante altura y muy llana, plana, para ser alta monta\u00f1a; como si fueran unos gigantescos espacios abiertos y libres de monta\u00f1as, valles, vegetaci\u00f3n\u2026 solo la soledad del cielo y la rutina del terreno horizontal. Hab\u00eda, despu\u00e9s de mirarlo en un mapa, una serie de piquitos que circundaban dicho espacio, dicho terreno, dicha meseta; pues de forma que cada uno hac\u00eda de centinela casi en cada extremo del lugar, pero sin llegar a ser altos picos escarpados y sobresalientes con gran desnivel, no; sencillamente t\u00famulos en el mismo lugar de con muy pocos metros de altura con respecto al falso llano que presidian. Y cada uno dispuesto de forma que en sus l\u00edmites estaba la meseta nombrada, a la que llaman Camp Magre, y los escarpes, ca\u00eddas, hasta el fondo de los valles que lo rodeaban\u2026 sobre todo mirando hacia el sur, parte catalana del lugar. Daba la impresi\u00f3n de que la meseta de Camp Magre no era totalmente llana y horizontal, en gran medida, gracias a estos ap\u00e9ndices, cimitas que lo circundaban\u2026<\/p>\n<p>Entonces al fin de semana siguiente de la conquista del Puig de Les Borregues, vuelvo a visitar la zona de Ulldeter subiendo por la carretera hasta el \u00faltimo parking m\u00e1s cercano al edificio de la estaci\u00f3n de esqu\u00ed de Vallter 2000. Desde aqu\u00ed y siguiendo el recorrido (pero al rev\u00e9s) de bajada del <a href=\"https:\/\/monta\u00f1asdelaluna.es\/2017\/06\/03\/bastiments-y-pic-de-la-dona\/\" target=\"_blank\" rel=\"noopener\">Pic de La Dona<\/a> desde la Portella de Mentet, subir\u00eda hasta la meseta de Els Pics de Coma Ermada.<\/p>\n<div id=\"attachment_41314\" style=\"width: 1034px\" class=\"wp-caption aligncenter\"><a class=\"dt-single-image\" href=\"https:\/\/www.monta\u00f1asdelaluna.es\/wp-content\/uploads\/2020\/01\/subiendo-a-la-portella-de-mentet-abajo-el-edificio-de-la-estacion-de-esqui-de-vallter-2000-y-sus-pistas-arriba-a-la-izquierda-los-2-gra-de-fajol-arriba-en-el-centro-el-coll-de-la-marrana-y-cubiert.jpg\" data-dt-img-description=\"\"><img loading=\"lazy\" decoding=\"async\" aria-describedby=\"caption-attachment-41314\" class=\"wp-image-41314 size-large\" src=\"https:\/\/www.monta\u00f1asdelaluna.es\/wp-content\/uploads\/2020\/01\/subiendo-a-la-portella-de-mentet-abajo-el-edificio-de-la-estacion-de-esqui-de-vallter-2000-y-sus-pistas-arriba-a-la-izquierda-los-2-gra-de-fajol-arriba-en-el-centro-el-coll-de-la-marrana-y-cubiert-1024x683.jpg\" alt=\"Subiendo a la Portella de Mentet, abajo el edificio de la Estaci\u00f3n de esqu\u00ed de Vallter 2000 y sus pistas, arriba a la izquierda los 2 Gra de Fajol, arriba en el centro el Coll de La Marrana, y cubierto parte del Bastiments\" width=\"1024\" height=\"683\" srcset=\"https:\/\/www.monta\u00f1asdelaluna.es\/wp-content\/uploads\/2020\/01\/subiendo-a-la-portella-de-mentet-abajo-el-edificio-de-la-estacion-de-esqui-de-vallter-2000-y-sus-pistas-arriba-a-la-izquierda-los-2-gra-de-fajol-arriba-en-el-centro-el-coll-de-la-marrana-y-cubiert-1024x683.jpg 1024w, https:\/\/www.monta\u00f1asdelaluna.es\/wp-content\/uploads\/2020\/01\/subiendo-a-la-portella-de-mentet-abajo-el-edificio-de-la-estacion-de-esqui-de-vallter-2000-y-sus-pistas-arriba-a-la-izquierda-los-2-gra-de-fajol-arriba-en-el-centro-el-coll-de-la-marrana-y-cubiert-300x200.jpg 300w, https:\/\/www.monta\u00f1asdelaluna.es\/wp-content\/uploads\/2020\/01\/subiendo-a-la-portella-de-mentet-abajo-el-edificio-de-la-estacion-de-esqui-de-vallter-2000-y-sus-pistas-arriba-a-la-izquierda-los-2-gra-de-fajol-arriba-en-el-centro-el-coll-de-la-marrana-y-cubiert.jpg 1788w\" sizes=\"auto, (max-width: 1024px) 100vw, 1024px\" \/><\/a><p id=\"caption-attachment-41314\" class=\"wp-caption-text\">Subiendo a la Portella de Mentet, abajo el edificio de la Estaci\u00f3n de esqu\u00ed de Vallter 2000 y sus pistas, arriba a la izquierda los 2 Gra de Fajol, arriba en el centro el Coll de La Marrana, y cubierto parte del Bastiments<\/p><\/div>\n<div id=\"attachment_41318\" style=\"width: 1034px\" class=\"wp-caption aligncenter\"><a class=\"dt-single-image\" href=\"https:\/\/www.monta\u00f1asdelaluna.es\/wp-content\/uploads\/2020\/01\/desde-camp-magre-petit-la-falsa-cima-o-cima-noroeste-del-pic-de-coma-ermada.jpg\" data-dt-img-description=\"\"><img loading=\"lazy\" decoding=\"async\" aria-describedby=\"caption-attachment-41318\" class=\"wp-image-41318 size-large\" src=\"https:\/\/www.monta\u00f1asdelaluna.es\/wp-content\/uploads\/2020\/01\/desde-camp-magre-petit-la-falsa-cima-o-cima-noroeste-del-pic-de-coma-ermada-1024x683.jpg\" alt=\"Desde Camp Magre Petit, la falsa cima o cima noroeste del Pic de Coma Ermada\" width=\"1024\" height=\"683\" srcset=\"https:\/\/www.monta\u00f1asdelaluna.es\/wp-content\/uploads\/2020\/01\/desde-camp-magre-petit-la-falsa-cima-o-cima-noroeste-del-pic-de-coma-ermada-1024x683.jpg 1024w, https:\/\/www.monta\u00f1asdelaluna.es\/wp-content\/uploads\/2020\/01\/desde-camp-magre-petit-la-falsa-cima-o-cima-noroeste-del-pic-de-coma-ermada-300x200.jpg 300w, https:\/\/www.monta\u00f1asdelaluna.es\/wp-content\/uploads\/2020\/01\/desde-camp-magre-petit-la-falsa-cima-o-cima-noroeste-del-pic-de-coma-ermada.jpg 1788w\" sizes=\"auto, (max-width: 1024px) 100vw, 1024px\" \/><\/a><p id=\"caption-attachment-41318\" class=\"wp-caption-text\">Desde Camp Magre Petit, la falsa cima o cima noroeste del Pic de Coma Ermada<\/p><\/div>\n<p>El tiempo no es malo, soleado al principio de la ma\u00f1ana, pero con las t\u00edpicas nubes bajas de alta monta\u00f1a a media altura que ya comienzan a cubrir el cielo y las monta\u00f1as que me rodean, sobre todo en las zonas y terrenos a m\u00e1s altura. Con el paso del tiempo dichas nubes coger\u00e1n protagonismo invadiendo m\u00e1s laderas y cimas, dejando invisibles muchas de las monta\u00f1as m\u00e1s altas. Lo bueno es que de esta manera el sol no me quemar\u00e1 y tampoco molestar\u00e1n las nubes en mi recorrido al ser una zona a m\u00e1s baja altura que las monta\u00f1as que rodean Ulldeter.<\/p>\n<p>Porque concretamente las cimas de Coma Ermada se salen algo de lo que es el circo de Ulldeter, ubic\u00e1ndose m\u00e1s hacia el este. Quitando el Canig\u00f3, ser\u00eda la \u00faltima zona de altura que supera los 2.500, 2.400 metros del Pirineo hacia el Mediterr\u00e1neo, junto con Roc Colom y el famoso Costabona (que siempre lo confundo con el Comabona en el Cad\u00ed) \u2026 aunque estos dos \u00faltimos se podr\u00eda decir que est\u00e1n casi ubicados en la misma meseta, altiplano, pero m\u00e1s hacia el este y con perfiles y terreno diferentes, separados por la Portella del Callau.<\/p>\n<p>Con lo que el s\u00e1bado 27 de abril aparco mi coche y decidido en solitario de nuevo, realizar esta actividad. Busco las huellas y marcas del G.R.-11 que pasan justo por detr\u00e1s del nombrado edificio, por la parte derecha seg\u00fan lo miras desde el parking de coches, la parte derecha que mira hacia el este. Y ya desde la esquina y parte de atr\u00e1s del edificio sigo el camino de herradura y luego senda, sigo las marcas de G.R. como si subiera al Pic de La Dona, a la Portella de Mentet, solo tengo que seguir, como he dicho antes, las indicaciones (pero en subida) de la parte final y de bajada el Pic de La Dona en <a href=\"https:\/\/www.monta\u00f1asdelaluna.es\/?p=37152\" target=\"_blank\" rel=\"noopener\">Bastiments y Pic de La Dona<\/a>.<\/p>\n<div id=\"attachment_41324\" style=\"width: 1034px\" class=\"wp-caption aligncenter\"><a class=\"dt-single-image\" href=\"https:\/\/www.monta\u00f1asdelaluna.es\/wp-content\/uploads\/2020\/01\/desde-la-falsa-cima-o-cima-noroeste-del-pic-de-coma-ermada-abajo-camp-magre-petit-de-izquierda-a-derecha-el-gra-de-fajol-coll-de-la-marrana-y-detras-de-esta-pics-de-la-vaca-bastiments-pic-de-ba.jpg\" data-dt-img-description=\"\"><img loading=\"lazy\" decoding=\"async\" aria-describedby=\"caption-attachment-41324\" class=\"wp-image-41324 size-large\" src=\"https:\/\/www.monta\u00f1asdelaluna.es\/wp-content\/uploads\/2020\/01\/desde-la-falsa-cima-o-cima-noroeste-del-pic-de-coma-ermada-abajo-camp-magre-petit-de-izquierda-a-derecha-el-gra-de-fajol-coll-de-la-marrana-y-detras-de-esta-pics-de-la-vaca-bastiments-pic-de-ba-1024x683.jpg\" alt=\"Desde la falsa cima o cima noroeste del Pic de Coma Ermada, abajo Camp Magre Petit, de izquierda a derecha: el Gra de Fajol, Coll de La Marrana, y detr\u00e1s de \u00e9sta Pics de La Vaca, Bastiments, Pic de Bacivers y Pic de La Dona\" width=\"1024\" height=\"683\" srcset=\"https:\/\/www.monta\u00f1asdelaluna.es\/wp-content\/uploads\/2020\/01\/desde-la-falsa-cima-o-cima-noroeste-del-pic-de-coma-ermada-abajo-camp-magre-petit-de-izquierda-a-derecha-el-gra-de-fajol-coll-de-la-marrana-y-detras-de-esta-pics-de-la-vaca-bastiments-pic-de-ba-1024x683.jpg 1024w, https:\/\/www.monta\u00f1asdelaluna.es\/wp-content\/uploads\/2020\/01\/desde-la-falsa-cima-o-cima-noroeste-del-pic-de-coma-ermada-abajo-camp-magre-petit-de-izquierda-a-derecha-el-gra-de-fajol-coll-de-la-marrana-y-detras-de-esta-pics-de-la-vaca-bastiments-pic-de-ba-300x200.jpg 300w, https:\/\/www.monta\u00f1asdelaluna.es\/wp-content\/uploads\/2020\/01\/desde-la-falsa-cima-o-cima-noroeste-del-pic-de-coma-ermada-abajo-camp-magre-petit-de-izquierda-a-derecha-el-gra-de-fajol-coll-de-la-marrana-y-detras-de-esta-pics-de-la-vaca-bastiments-pic-de-ba.jpg 1788w\" sizes=\"auto, (max-width: 1024px) 100vw, 1024px\" \/><\/a><p id=\"caption-attachment-41324\" class=\"wp-caption-text\">Desde la falsa cima o cima noroeste del Pic de Coma Ermada, abajo Camp Magre Petit, de izquierda a derecha: el Gra de Fajol, Coll de La Marrana, y detr\u00e1s de \u00e9sta Pics de La Vaca, Bastiments, Pic de Bacivers y Pic de La Dona<\/p><\/div>\n<div id=\"attachment_41329\" style=\"width: 1034px\" class=\"wp-caption aligncenter\"><a class=\"dt-single-image\" href=\"https:\/\/www.monta\u00f1asdelaluna.es\/wp-content\/uploads\/2020\/01\/roc-colom.jpg\" data-dt-img-description=\"\"><img loading=\"lazy\" decoding=\"async\" aria-describedby=\"caption-attachment-41329\" class=\"wp-image-41329 size-large\" src=\"https:\/\/www.monta\u00f1asdelaluna.es\/wp-content\/uploads\/2020\/01\/roc-colom-1024x768.jpg\" alt=\"Roc Colom\" width=\"1024\" height=\"768\" srcset=\"https:\/\/www.monta\u00f1asdelaluna.es\/wp-content\/uploads\/2020\/01\/roc-colom-1024x768.jpg 1024w, https:\/\/www.monta\u00f1asdelaluna.es\/wp-content\/uploads\/2020\/01\/roc-colom-300x225.jpg 300w, https:\/\/www.monta\u00f1asdelaluna.es\/wp-content\/uploads\/2020\/01\/roc-colom.jpg 1788w\" sizes=\"auto, (max-width: 1024px) 100vw, 1024px\" \/><\/a><p id=\"caption-attachment-41329\" class=\"wp-caption-text\">Roc Colom<\/p><\/div>\n<p>Es la primera vez que cojo este camino de subida en lugar de bajada. De bajada me parec\u00eda largo, pero supongo que era porque era el final del recorrido y las rodillas y piernas ya estaban resentidas, pero no, en subida y \u201cfresco\u201d es una suida muy liviana, f\u00e1cil y casi r\u00e1pida. A partir de medida subida ya aparece la nieve, siendo m\u00e1s abundante poco antes de llegar al llano de Camp Magre, Camp Magre Petit. De tanto en tanto hecho la vista atr\u00e1s y miro el grandioso paisaje que se vislumbra desde esta senda: abajo el edificio y pistas de Vallter 2000, a\u00fan con nieve suficiente y de calidad para esquiar a esta altura\u2026 parece. Al otro lado y m\u00e1s altos, los hermanos Gra de Fajol, elegantes, blancos, como gigantes de sombreros puntiagudos, hongos, que vigilan y desaf\u00edan a todo aquel que ose perturbar este id\u00edlico y precioso lugar de Ulldeter\u2026 ya estaban las pistas y edificio de Vallter 2000, y ya sobraban\u2026 m\u00e1s al norte y derecha del Gra de Fajol, justo detr\u00e1s de las pistas de esqu\u00ed, la extra\u00f1a planicie en diagonal del Coll de La Marrana perfectamente diferenciada; y al otro lado m\u00e1s arriba, m\u00e1s al norte, el Bastiments cubierto ya por una nube de alta monta\u00f1a, blanquita y resultona. Eso s\u00ed, en esas alturas y lugares, todo blanco, precioso, con la a\u00fan abundante nieve. El sol se refleja y brillan sus laderas nevadas que no est\u00e1n tapadas por la nubecilla\u2026 nubecilla que se ir\u00e1 haciendo m\u00e1s grande\u2026 Precioso.<\/p>\n<p>En mitad de la subida a la Portella de Mentet, veo unas huellas, un surco seguido en la nieve que sale hacia la derecha en busca de otro colladito, de otra suave pero inclinada ladera nevada. Me detengo y miro el mapa: no tengo que subir hasta la Portella de Mentet, justo unos metros antes de llegar tengo que desviarme hacia la derecha en busca de otro collado, la Portella de Morens. Se puede decir que ambos collados est\u00e1n en la misma ladera, zona, pero separados por una loma en forma de pagoda que separa ambos: uno baja directamente del Pic de La Dona y el otro, m\u00e1s al sur, se acerca m\u00e1s a la zona de la meseta, Camp Magre, y picos de Coma Ermada.<\/p>\n<div id=\"attachment_41326\" style=\"width: 1034px\" class=\"wp-caption aligncenter\"><a class=\"dt-single-image\" href=\"https:\/\/www.monta\u00f1asdelaluna.es\/wp-content\/uploads\/2020\/01\/los-tres-picos-del-centro-puig-de-les-borregues-a-la-izquierda-gra-de-fajol-petit-en-el-centro-y-gra-de-fajol-gran-a-la-derecha.jpg\" data-dt-img-description=\"\"><img loading=\"lazy\" decoding=\"async\" aria-describedby=\"caption-attachment-41326\" class=\"wp-image-41326 size-large\" src=\"https:\/\/www.monta\u00f1asdelaluna.es\/wp-content\/uploads\/2020\/01\/los-tres-picos-del-centro-puig-de-les-borregues-a-la-izquierda-gra-de-fajol-petit-en-el-centro-y-gra-de-fajol-gran-a-la-derecha-1024x683.jpg\" alt=\"Los tres picos del centro: Puig de Les Borregues a la izquierda, Gra de Fajol Petit en el centro y Gra de Fajol Gran a la derecha\" width=\"1024\" height=\"683\" srcset=\"https:\/\/www.monta\u00f1asdelaluna.es\/wp-content\/uploads\/2020\/01\/los-tres-picos-del-centro-puig-de-les-borregues-a-la-izquierda-gra-de-fajol-petit-en-el-centro-y-gra-de-fajol-gran-a-la-derecha-1024x683.jpg 1024w, https:\/\/www.monta\u00f1asdelaluna.es\/wp-content\/uploads\/2020\/01\/los-tres-picos-del-centro-puig-de-les-borregues-a-la-izquierda-gra-de-fajol-petit-en-el-centro-y-gra-de-fajol-gran-a-la-derecha-300x200.jpg 300w, https:\/\/www.monta\u00f1asdelaluna.es\/wp-content\/uploads\/2020\/01\/los-tres-picos-del-centro-puig-de-les-borregues-a-la-izquierda-gra-de-fajol-petit-en-el-centro-y-gra-de-fajol-gran-a-la-derecha.jpg 1788w\" sizes=\"auto, (max-width: 1024px) 100vw, 1024px\" \/><\/a><p id=\"caption-attachment-41326\" class=\"wp-caption-text\">Los tres picos del centro: Puig de Les Borregues a la izquierda, Gra de Fajol Petit en el centro y Gra de Fajol Gran a la derecha<\/p><\/div>\n<div id=\"attachment_41331\" style=\"width: 1034px\" class=\"wp-caption aligncenter\"><a class=\"dt-single-image\" href=\"https:\/\/www.monta\u00f1asdelaluna.es\/wp-content\/uploads\/2020\/01\/IMG_9665.jpg\" data-dt-img-description=\"\"><img loading=\"lazy\" decoding=\"async\" aria-describedby=\"caption-attachment-41331\" class=\"wp-image-41331 size-large\" src=\"https:\/\/www.monta\u00f1asdelaluna.es\/wp-content\/uploads\/2020\/01\/IMG_9665-1024x683.jpg\" alt=\"Cima de Pic de Coma Ermada, 2.496 mts.\" width=\"1024\" height=\"683\" srcset=\"https:\/\/www.monta\u00f1asdelaluna.es\/wp-content\/uploads\/2020\/01\/IMG_9665-1024x683.jpg 1024w, https:\/\/www.monta\u00f1asdelaluna.es\/wp-content\/uploads\/2020\/01\/IMG_9665-300x200.jpg 300w, https:\/\/www.monta\u00f1asdelaluna.es\/wp-content\/uploads\/2020\/01\/IMG_9665.jpg 1788w\" sizes=\"auto, (max-width: 1024px) 100vw, 1024px\" \/><\/a><p id=\"caption-attachment-41331\" class=\"wp-caption-text\">Cima de Pic de Coma Ermada, 2.496 mts.<\/p><\/div>\n<p>Siguiendo esta huella subo hasta una ladera menos empinada como la que segu\u00eda justo en el cruce de sendas, recorridos, que comienza a girar dejando direcci\u00f3n este a direcci\u00f3n sureste, y ladeando, casi ya en la cima de estos terrenos, en busca de la Portella de Morens. La ladera o promontorio que estamos rodeando es la que separa ambos collados, haci\u00e9ndolo por su lado oeste, dejando su cimita o parte m\u00e1s alta a nuestra izquierda mientras subimos levemente a la vez que atravesamos el lugar.<\/p>\n<p>Mientras las vistas y el paisaje se agrandan, se embellece si cabe, sobre todo si miras hacia atr\u00e1s, hacia el oeste. Todas las monta\u00f1as y lugares nombrados anteriormente se observan ahora pero con un toque m\u00e1s solemne y grandioso, ya no se esconden detr\u00e1s de otros perfiles, ahora se van descubriendo con toda su realeza.<\/p>\n<p>Delante de m\u00ed descubro un poste de metal con las marcas del G.R. pintadas a mitad del mismo para que sean m\u00e1s visibles. Ya hay abundante nieve en esta parte de la monta\u00f1a y recorrido. El camino, para pasar junto al nombrado poste que puede ser indicador del G.R. que debo de seguir, se allana, ya no subo m\u00e1s, ahora sigo por terrenos horizontales en una amplia llanura nevada que llaman Camp Magre Petit, pero circundada por peque\u00f1os promontorios como el que separa los dos collados nombrados anteriormente, u otro que se asoma a la vertiente oeste del valle del Ter, con unas vistas impresionantes.<\/p>\n<div id=\"attachment_41337\" style=\"width: 1034px\" class=\"wp-caption aligncenter\"><a class=\"dt-single-image\" href=\"https:\/\/www.monta\u00f1asdelaluna.es\/wp-content\/uploads\/2020\/01\/cima-del-pic-de-la-llosa-2-504-mts.jpg\" data-dt-img-description=\"\"><img loading=\"lazy\" decoding=\"async\" aria-describedby=\"caption-attachment-41337\" class=\"wp-image-41337 size-large\" src=\"https:\/\/www.monta\u00f1asdelaluna.es\/wp-content\/uploads\/2020\/01\/cima-del-pic-de-la-llosa-2-504-mts-1024x683.jpg\" alt=\"Cima del Pic de La Llosa, 2.504 mts.\" width=\"1024\" height=\"683\" srcset=\"https:\/\/www.monta\u00f1asdelaluna.es\/wp-content\/uploads\/2020\/01\/cima-del-pic-de-la-llosa-2-504-mts-1024x683.jpg 1024w, https:\/\/www.monta\u00f1asdelaluna.es\/wp-content\/uploads\/2020\/01\/cima-del-pic-de-la-llosa-2-504-mts-300x200.jpg 300w, https:\/\/www.monta\u00f1asdelaluna.es\/wp-content\/uploads\/2020\/01\/cima-del-pic-de-la-llosa-2-504-mts.jpg 1788w\" sizes=\"auto, (max-width: 1024px) 100vw, 1024px\" \/><\/a><p id=\"caption-attachment-41337\" class=\"wp-caption-text\">Cima del Pic de La Llosa, 2.504 mts.<\/p><\/div>\n<div id=\"attachment_41341\" style=\"width: 1034px\" class=\"wp-caption aligncenter\"><a class=\"dt-single-image\" href=\"https:\/\/www.monta\u00f1asdelaluna.es\/wp-content\/uploads\/2020\/01\/IMG_9676.jpg\" data-dt-img-description=\"\"><img loading=\"lazy\" decoding=\"async\" aria-describedby=\"caption-attachment-41341\" class=\"wp-image-41341 size-large\" src=\"https:\/\/www.monta\u00f1asdelaluna.es\/wp-content\/uploads\/2020\/01\/IMG_9676-1024x683.jpg\" alt=\"Vistas hacia el sur, en el centro el valle del Ter con Setcases en el centro\" width=\"1024\" height=\"683\" srcset=\"https:\/\/www.monta\u00f1asdelaluna.es\/wp-content\/uploads\/2020\/01\/IMG_9676-1024x683.jpg 1024w, https:\/\/www.monta\u00f1asdelaluna.es\/wp-content\/uploads\/2020\/01\/IMG_9676-300x200.jpg 300w, https:\/\/www.monta\u00f1asdelaluna.es\/wp-content\/uploads\/2020\/01\/IMG_9676.jpg 1788w\" sizes=\"auto, (max-width: 1024px) 100vw, 1024px\" \/><\/a><p id=\"caption-attachment-41341\" class=\"wp-caption-text\">Vistas hacia el sur, en el centro el valle del Ter con Setcases en el centro<\/p><\/div>\n<p>Seguido al poste comienzo a hacer una amplia curva, siempre yendo por la parte llana, sin subir, que gira y se va a internar en el interior de la meseta de las alturas de Coma Ermada. Al nombrado altiplano, como ya he mencionado, le llaman Camp Magre. M\u00e1s adelante un cartelito que parece ya est\u00e1 en el lado franc\u00e9s (porque rondamos la frontera entre Catalu\u00f1a y Francia) justo en medio del llano y entre dos suaves colinas acabados en promontorios de rocas: el que queda a la izquierda y norte, es la pagoda que separa los dos Portells, y a la derecha son las estribaciones del primer pico de este altiplano de Camp Magre que quiero subir: el Pic de Coma Ermada. Estoy en la Portella de Morens, 2.382 mts.<\/p>\n<p>El tiempo sigue nubl\u00e1ndose pero sin ser amenazador, haciendo un juego de colores blancos entre \u00e9stas y el nevado terreno. Ya me da la impresi\u00f3n de internarme en la soledad y quietud de la alta monta\u00f1a, otro mundo, otra atmosfera. Fant\u00e1stico. Giro la cabeza hacia la ladera que coge altura muy suavemente a la derecha, y veo justo arriba de ella una pareja de monta\u00f1eros en un conjunto de grandes rocas que hacen de cima. \u201cEntonces es all\u00e1 arriba la primera cima\u201d, digo para m\u00ed; y comienzo a subir directo por ladera hacia las rocas, dejando el recorrido supuestamente marcado del G.R. atr\u00e1s, dejando que siga su marcada senda hacia el centro de esta nevada llanura y meseta, Camp Magre.<\/p>\n<div id=\"attachment_41343\" style=\"width: 1034px\" class=\"wp-caption aligncenter\"><a class=\"dt-single-image\" href=\"https:\/\/www.monta\u00f1asdelaluna.es\/wp-content\/uploads\/2020\/01\/el-roc-colom-delante-sobre-el-circo-de-concros.jpg\" data-dt-img-description=\"\"><img loading=\"lazy\" decoding=\"async\" aria-describedby=\"caption-attachment-41343\" class=\"wp-image-41343 size-large\" src=\"https:\/\/www.monta\u00f1asdelaluna.es\/wp-content\/uploads\/2020\/01\/el-roc-colom-delante-sobre-el-circo-de-concros-1024x575.jpg\" alt=\"El Roc Colom delante sobre el circo de Concr\u00f3s\" width=\"1024\" height=\"575\" srcset=\"https:\/\/www.monta\u00f1asdelaluna.es\/wp-content\/uploads\/2020\/01\/el-roc-colom-delante-sobre-el-circo-de-concros-1024x575.jpg 1024w, https:\/\/www.monta\u00f1asdelaluna.es\/wp-content\/uploads\/2020\/01\/el-roc-colom-delante-sobre-el-circo-de-concros-300x168.jpg 300w, https:\/\/www.monta\u00f1asdelaluna.es\/wp-content\/uploads\/2020\/01\/el-roc-colom-delante-sobre-el-circo-de-concros.jpg 1788w\" sizes=\"auto, (max-width: 1024px) 100vw, 1024px\" \/><\/a><p id=\"caption-attachment-41343\" class=\"wp-caption-text\">El Roc Colom delante sobre el circo de Concr\u00f3s<\/p><\/div>\n<div id=\"attachment_41346\" style=\"width: 1034px\" class=\"wp-caption aligncenter\"><a class=\"dt-single-image\" href=\"https:\/\/www.monta\u00f1asdelaluna.es\/wp-content\/uploads\/2020\/01\/cima-de-roques-blanques-2-456-mts.jpg\" data-dt-img-description=\"\"><img loading=\"lazy\" decoding=\"async\" aria-describedby=\"caption-attachment-41346\" class=\"wp-image-41346 size-large\" src=\"https:\/\/www.monta\u00f1asdelaluna.es\/wp-content\/uploads\/2020\/01\/cima-de-roques-blanques-2-456-mts-1024x683.jpg\" alt=\"Cima de Roques Blanques, 2.456 mts.\" width=\"1024\" height=\"683\" srcset=\"https:\/\/www.monta\u00f1asdelaluna.es\/wp-content\/uploads\/2020\/01\/cima-de-roques-blanques-2-456-mts-1024x683.jpg 1024w, https:\/\/www.monta\u00f1asdelaluna.es\/wp-content\/uploads\/2020\/01\/cima-de-roques-blanques-2-456-mts-300x200.jpg 300w, https:\/\/www.monta\u00f1asdelaluna.es\/wp-content\/uploads\/2020\/01\/cima-de-roques-blanques-2-456-mts.jpg 1788w\" sizes=\"auto, (max-width: 1024px) 100vw, 1024px\" \/><\/a><p id=\"caption-attachment-41346\" class=\"wp-caption-text\">Cima de Roques Blanques, 2.456 mts.<\/p><\/div>\n<p>No tardo mucho en llegar a las rocas cimeras. La pareja se hab\u00eda ido ya buscando una senda que bajaba, m\u00e1s directa si cabe, hacia el sur, suroeste en busca de las profundidades del valle del Ter\u2026 otro d\u00eda averiguar\u00e9 donde iba esa senda\u2026 Creo estar en la primera cumbre de todas las \u201ccimitas\u201d que quiero hacer, la del Pic de Coma Ermada, y por eso me hago la foto de cima, video y me protejo del frio viento para poder comer algo, escondido entre estas rocas. Una mirada al paisaje y compruebo con satisfacci\u00f3n que las algodonosas nubes han dejado libres a sus nevados prisioneros como el Bastiments, Pic de La Dona\u2026 por unos instantes o momentos. Aprovecho para fotografiarles. El lugar es un magn\u00edfico mirador. Hecho un vistazo al lado contrario para observar las monta\u00f1as y cimitas que me quedan por hacer, por visitar, y al fondo descubro una en forma de trapecio triangulado perfecto con una cara oeste escarpada, vertical y llena de corredores, canales, espolones, crestecillas\u2026 preciosa; eso s\u00ed, de suaves laderas no demasiado empinadas a cada lado\u2026 es Roc Colom.<\/p>\n<p>La verdad es que visitar el resto de cimitas es como pasear por un llano con puntitas de poco desnivel, al menos esa es la apariencia que da. Y aunque es alta monta\u00f1a, el recorrido por ellas no se hace largo. Adem\u00e1s, como es com\u00fan en este Pirineo del Viento, las cimitas y piquitos est\u00e1n ventados, limpios de nieve, derretida por el fuerte viento de otros d\u00edas.<\/p>\n<div id=\"attachment_41348\" style=\"width: 1034px\" class=\"wp-caption aligncenter\"><a class=\"dt-single-image\" href=\"https:\/\/www.monta\u00f1asdelaluna.es\/wp-content\/uploads\/2020\/01\/senda-de-subida-al-roc-colom.jpg\" data-dt-img-description=\"\"><img loading=\"lazy\" decoding=\"async\" aria-describedby=\"caption-attachment-41348\" class=\"wp-image-41348 size-large\" src=\"https:\/\/www.monta\u00f1asdelaluna.es\/wp-content\/uploads\/2020\/01\/senda-de-subida-al-roc-colom-1024x683.jpg\" alt=\"Senda de subida al Roc Colom\" width=\"1024\" height=\"683\" srcset=\"https:\/\/www.monta\u00f1asdelaluna.es\/wp-content\/uploads\/2020\/01\/senda-de-subida-al-roc-colom-1024x683.jpg 1024w, https:\/\/www.monta\u00f1asdelaluna.es\/wp-content\/uploads\/2020\/01\/senda-de-subida-al-roc-colom-300x200.jpg 300w, https:\/\/www.monta\u00f1asdelaluna.es\/wp-content\/uploads\/2020\/01\/senda-de-subida-al-roc-colom.jpg 1788w\" sizes=\"auto, (max-width: 1024px) 100vw, 1024px\" \/><\/a><p id=\"caption-attachment-41348\" class=\"wp-caption-text\">Senda de subida al Roc Colom<\/p><\/div>\n<div id=\"attachment_41350\" style=\"width: 1034px\" class=\"wp-caption aligncenter\"><a class=\"dt-single-image\" href=\"https:\/\/www.monta\u00f1asdelaluna.es\/wp-content\/uploads\/2020\/01\/cima-del-roc-colom-2-506-mts-detras-el-llano-de-camp-magre-al-fondo-izquierda-se-distingue-el-gra-de-fajol.jpg\" data-dt-img-description=\"\"><img loading=\"lazy\" decoding=\"async\" aria-describedby=\"caption-attachment-41350\" class=\"wp-image-41350 size-large\" src=\"https:\/\/www.monta\u00f1asdelaluna.es\/wp-content\/uploads\/2020\/01\/cima-del-roc-colom-2-506-mts-detras-el-llano-de-camp-magre-al-fondo-izquierda-se-distingue-el-gra-de-fajol-1024x683.jpg\" alt=\"Cima del Roc Colom, 2.506 mts., detr\u00e1s el llano de Camp Magre, al fondo izquierda se distingue el Gra de Fajol\" width=\"1024\" height=\"683\" srcset=\"https:\/\/www.monta\u00f1asdelaluna.es\/wp-content\/uploads\/2020\/01\/cima-del-roc-colom-2-506-mts-detras-el-llano-de-camp-magre-al-fondo-izquierda-se-distingue-el-gra-de-fajol-1024x683.jpg 1024w, https:\/\/www.monta\u00f1asdelaluna.es\/wp-content\/uploads\/2020\/01\/cima-del-roc-colom-2-506-mts-detras-el-llano-de-camp-magre-al-fondo-izquierda-se-distingue-el-gra-de-fajol-300x200.jpg 300w, https:\/\/www.monta\u00f1asdelaluna.es\/wp-content\/uploads\/2020\/01\/cima-del-roc-colom-2-506-mts-detras-el-llano-de-camp-magre-al-fondo-izquierda-se-distingue-el-gra-de-fajol.jpg 1788w\" sizes=\"auto, (max-width: 1024px) 100vw, 1024px\" \/><\/a><p id=\"caption-attachment-41350\" class=\"wp-caption-text\">Cima del Roc Colom, 2.506 mts., detr\u00e1s el llano de Camp Magre, al fondo izquierda se distingue el Gra de Fajol<\/p><\/div>\n<p>Bajo de estas rocas y busco el camino m\u00e1s f\u00e1cil y cercano hasta el siguiente piquito que queda siempre al este. A la izquierda y norte, noreste, queda toda la meseta o llano, falso llano, Camp Magre; y a la izquierda la bajada brusca al valle del Ter y a otros valles, con m\u00e1s profundidad, que quedan al este del valle por donde discurre el Rio Ter. Podr\u00edamos decir que estos piquitos estaban en el l\u00edmite de la meseta, en su sur, de Camp Magre, formando graciosos circos y abruptas laderas mirando hacia el sur; como la propia Coma Ermada: como ya hab\u00edamos visto en <a href=\"https:\/\/www.monta\u00f1asdelaluna.es\/?p=41305\" target=\"_blank\" rel=\"noopener\">La Coma de l\u2019Orri<\/a>, es el circo que se forma en los l\u00edmites altos de las monta\u00f1as. Pues bien, Coma Ermada quedaba justo bajo el Pic de Coma Ermada, aunque abarcaba m\u00e1s terreno en la ladera sur de este altiplano, de esta monta\u00f1a.[vc_separator][\/vc_column_text][\/vc_column][\/vc_row][vc_row][vc_column][vc_empty_space][\/vc_column][\/vc_row][vc_row][vc_column][vc_video link=\u00bbhttps:\/\/vimeo.com\/387118722&#8243; title=\u00bbPic de Coma Ermada\u00bb][\/vc_column][\/vc_row][vc_row][vc_column][vc_empty_space][\/vc_column][\/vc_row][vc_row][vc_column][vc_column_text]Enseguida llego al siguiente piquito que realmente no estaba tan lejos del anterior, y descubro que tiene un palo y un conjunto de piedras en forma de \u201dhito de cima\u201d en la parte m\u00e1s alta. Entonces observo el resto de cimas que me quedan por hacer y compruebo, mirando tambi\u00e9n el mapa de Alpina (siempre hay que llevarlo) que me quedan dos piquitos m\u00e1s en el mismo cordal hasta llegar a las inmediaciones de Roc Colom. Con lo que puedo discernir que el piquito de antes no era la cima del Pic de Coma Ermada, sino que es esta.<\/p>\n<p>Ahora s\u00ed, estoy en la cima del Pic de Coma Ermada, a 2.496 mts. De nuevo la foto de cumbre donde alzo el dedo como indicado que es el pico n\u00famero 1 de los 4 que quiero hacer en esta meseta de Camp Magre, sobre Coma Ermada. Fotos al paisaje. Sobre todo hacia el oeste donde admiro el circo y alturas nevadas, notablemente nevadas, del Bastiments y Pic de Bacivers. Fascinante. Miro hacia el otro lado y ya veo el otro piquito que forma el l\u00edmite de esta meseta. Casi a la misma altura, el recorrido entre ambos realmente es un paseo. Con lo que no tardo ni dos segundos de seguir la loma casi llana en bajada hacia el este, para al poco tiempo subir la misma loma en subida hasta lo m\u00e1s alto de este piquito. No hay p\u00e9rdida. Son pocos minutos y solo tenemos que seguir sin perder de vista dicho piquito.<\/p>\n<div id=\"attachment_41351\" style=\"width: 1034px\" class=\"wp-caption aligncenter\"><a class=\"dt-single-image\" href=\"https:\/\/www.monta\u00f1asdelaluna.es\/wp-content\/uploads\/2020\/01\/cima-del-roc-colom-2-506-mts.jpg\" data-dt-img-description=\"\"><img loading=\"lazy\" decoding=\"async\" aria-describedby=\"caption-attachment-41351\" class=\"wp-image-41351 size-large\" src=\"https:\/\/www.monta\u00f1asdelaluna.es\/wp-content\/uploads\/2020\/01\/cima-del-roc-colom-2-506-mts-1024x683.jpg\" alt=\"Cima del Roc Colom, 2.506 mts.\" width=\"1024\" height=\"683\" srcset=\"https:\/\/www.monta\u00f1asdelaluna.es\/wp-content\/uploads\/2020\/01\/cima-del-roc-colom-2-506-mts-1024x683.jpg 1024w, https:\/\/www.monta\u00f1asdelaluna.es\/wp-content\/uploads\/2020\/01\/cima-del-roc-colom-2-506-mts-300x200.jpg 300w, https:\/\/www.monta\u00f1asdelaluna.es\/wp-content\/uploads\/2020\/01\/cima-del-roc-colom-2-506-mts.jpg 1788w\" sizes=\"auto, (max-width: 1024px) 100vw, 1024px\" \/><\/a><p id=\"caption-attachment-41351\" class=\"wp-caption-text\">Cima del Roc Colom, 2.506 mts.<\/p><\/div>\n<div id=\"attachment_41354\" style=\"width: 1034px\" class=\"wp-caption aligncenter\"><a class=\"dt-single-image\" href=\"https:\/\/www.monta\u00f1asdelaluna.es\/wp-content\/uploads\/2020\/01\/el-costabona-desde-la-cima-de-roc-colom.jpg\" data-dt-img-description=\"\"><img loading=\"lazy\" decoding=\"async\" aria-describedby=\"caption-attachment-41354\" class=\"wp-image-41354 size-large\" src=\"https:\/\/www.monta\u00f1asdelaluna.es\/wp-content\/uploads\/2020\/01\/el-costabona-desde-la-cima-de-roc-colom-1024x683.jpg\" alt=\"El Costabona desde la cima de Roc Colom\" width=\"1024\" height=\"683\" srcset=\"https:\/\/www.monta\u00f1asdelaluna.es\/wp-content\/uploads\/2020\/01\/el-costabona-desde-la-cima-de-roc-colom-1024x683.jpg 1024w, https:\/\/www.monta\u00f1asdelaluna.es\/wp-content\/uploads\/2020\/01\/el-costabona-desde-la-cima-de-roc-colom-300x200.jpg 300w, https:\/\/www.monta\u00f1asdelaluna.es\/wp-content\/uploads\/2020\/01\/el-costabona-desde-la-cima-de-roc-colom.jpg 1788w\" sizes=\"auto, (max-width: 1024px) 100vw, 1024px\" \/><\/a><p id=\"caption-attachment-41354\" class=\"wp-caption-text\">El Costabona desde la cima de Roc Colom<\/p><\/div>\n<p>Y en poqu\u00edsimo tiempo estamos en el Pic de La Llosa, a 2.504 mts., solo 8 metros m\u00e1s alto que el anterior Pic de Coma Ermada, y a muy poca distancia, metros, uno del otro. Me hago la segunda foto de cumbre. Aqu\u00ed el paisaje es diferente: estoy m\u00e1s alejado del circo de Ulldeter y de sus altas monta\u00f1as que lo rodean, pero se me abre un paisaje al sur m\u00e1s verde, de valles y recovecos del Pirineo. Incluso descubro la poblaci\u00f3n de Setcases que se vislumbra perfectamente en medio del valle. Fotos. Tambi\u00e9n fotos al infinito, al pl\u00e1cido l\u00edmite de la tierra con el cielo, hacia el sur, con el resto del Pirineo, monta\u00f1itas y valles. Precioso.<\/p>\n<p>Detr\u00e1s de mi o mirando al norte, sigue estando la meseta o altiplano (sin ser un plano literal) de Camp Magre, pero ya descubro otra puntita en su parte noreste como l\u00edmite de este llano tambi\u00e9n: es el piquito de Rocs Blancs, el que ten\u00eda programado ser\u00eda el cuarto y \u00faltimo piquito de las cimas de Coma Ermada. Pero las vistas hacia el este tambi\u00e9n son sorprendentes: el Roc Colom aparece distinguido y sorprendente con su forma y perfil ya descrito anteriormente. Si cabe ahora mejor al estar m\u00e1s cerca. Debajo de \u00e9l un cirquito de paredes escarpadas y como cortadas a pico. Circo que forma entre esta monta\u00f1a en la que me encuentro (m\u00e1s bien desde la siguiente, la de Roques Blanques) y ella misma. El Concr\u00f3s. Abri\u00e9ndose hacia el norte para formar un colladito que une la meseta de Camp Magre, Coma Ermada con este bonito pico; la Portella del Callau. Y justo detr\u00e1s de Roc Colom descubro otro piquito, casi puntiagudo y sobresaliente. No sale en el mapa Alpina que tengo, ni siquiera sale el Roc Colom. Pero m\u00e1s tarde en casa descubro que era el famoso Costabona. Aquella monta\u00f1a que siempre confundo con el Comabona por el nombre tan parecido\u2026 aunque en distancia uno del otro est\u00e9n bastante alejados, en altura son similares. Este es el \u00faltimo pico de aspecto algo sobresaliente y de altura, del Pirineo Oriental hasta llegar al Canig\u00f3.<\/p>\n<div id=\"attachment_41355\" style=\"width: 1034px\" class=\"wp-caption aligncenter\"><a class=\"dt-single-image\" href=\"https:\/\/www.monta\u00f1asdelaluna.es\/wp-content\/uploads\/2020\/01\/delante-a-la-derecha-el-pic-de-la-llosa-detras-en-el-centro-e-izquierda-los-gra-de-fajol.jpg\" data-dt-img-description=\"\"><img loading=\"lazy\" decoding=\"async\" aria-describedby=\"caption-attachment-41355\" class=\"wp-image-41355 size-large\" src=\"https:\/\/www.monta\u00f1asdelaluna.es\/wp-content\/uploads\/2020\/01\/delante-a-la-derecha-el-pic-de-la-llosa-detras-en-el-centro-e-izquierda-los-gra-de-fajol-1024x683.jpg\" alt=\"Delante a la derecha el Pic de La Llosa, detr\u00e1s en el centro e izquierda, los Gra de Fajol\" width=\"1024\" height=\"683\" srcset=\"https:\/\/www.monta\u00f1asdelaluna.es\/wp-content\/uploads\/2020\/01\/delante-a-la-derecha-el-pic-de-la-llosa-detras-en-el-centro-e-izquierda-los-gra-de-fajol-1024x683.jpg 1024w, https:\/\/www.monta\u00f1asdelaluna.es\/wp-content\/uploads\/2020\/01\/delante-a-la-derecha-el-pic-de-la-llosa-detras-en-el-centro-e-izquierda-los-gra-de-fajol-300x200.jpg 300w, https:\/\/www.monta\u00f1asdelaluna.es\/wp-content\/uploads\/2020\/01\/delante-a-la-derecha-el-pic-de-la-llosa-detras-en-el-centro-e-izquierda-los-gra-de-fajol.jpg 1788w\" sizes=\"auto, (max-width: 1024px) 100vw, 1024px\" \/><\/a><p id=\"caption-attachment-41355\" class=\"wp-caption-text\">Delante a la derecha el Pic de La Llosa, detr\u00e1s en el centro e izquierda, los Gra de Fajol<\/p><\/div>\n<div id=\"attachment_41357\" style=\"width: 1034px\" class=\"wp-caption aligncenter\"><a class=\"dt-single-image\" href=\"https:\/\/www.monta\u00f1asdelaluna.es\/wp-content\/uploads\/2020\/01\/el-puig-de-les-borregues-al-fondo.jpg\" data-dt-img-description=\"\"><img loading=\"lazy\" decoding=\"async\" aria-describedby=\"caption-attachment-41357\" class=\"wp-image-41357 size-large\" src=\"https:\/\/www.monta\u00f1asdelaluna.es\/wp-content\/uploads\/2020\/01\/el-puig-de-les-borregues-al-fondo-1024x683.jpg\" alt=\"El Puig de Les Borregues al fondo\" width=\"1024\" height=\"683\" srcset=\"https:\/\/www.monta\u00f1asdelaluna.es\/wp-content\/uploads\/2020\/01\/el-puig-de-les-borregues-al-fondo-1024x683.jpg 1024w, https:\/\/www.monta\u00f1asdelaluna.es\/wp-content\/uploads\/2020\/01\/el-puig-de-les-borregues-al-fondo-300x200.jpg 300w, https:\/\/www.monta\u00f1asdelaluna.es\/wp-content\/uploads\/2020\/01\/el-puig-de-les-borregues-al-fondo.jpg 1788w\" sizes=\"auto, (max-width: 1024px) 100vw, 1024px\" \/><\/a><p id=\"caption-attachment-41357\" class=\"wp-caption-text\">El Puig de Les Borregues al fondo<\/p><\/div>\n<p>Poco tiempo m\u00e1s paso en la cima de este Pic de La Llosa. Y una vez aqu\u00ed y visto la belleza y personalidad del Roc Colom, as\u00ed como su cercan\u00eda y accesibilidad, decido incluir esta cima en el planning de hoy tambi\u00e9n. Con lo que bajo de este piquito esta vez por el l\u00edmite del cordal cimero y en direcci\u00f3n noreste, norte, dejando el circo bajo el Roc Colom, el Concr\u00f3s, a la derecha y la meseta de Camp Magre, Coma Ermada, a la izquierda. Esta vez no es un recorrido tan pl\u00e1cido por un falso llano con leves subiditas, sino que ahora es bajada por sitios de roca algo m\u00e1s abrupto, pero sigue siendo f\u00e1cil, muy f\u00e1cil, el progresar. Como ya hab\u00eda indicado la nieve casi ha desaparecido de estas cimitas por culpa del viento, siendo casi todo este recorrido en tierra, piedras o roca. No quita que tenga que pasar alg\u00fan nevero escondido y resguardado del \u201cescalfador\u201d viento, del Torb.<\/p>\n<p>Mientras llego al tercer piquito, observo y contemplo la monta\u00f1a que tengo a mi derecha y al otro lado del hueco del cirquito Concr\u00f3s: Roc Colom. Las nubes lo invaden, lo hacen invisible y otras veces lo dejan libre\u2026 un juego de belleza y vida en la alta monta\u00f1a del Pirineo Oriental. Hipnotizante y precioso\u2026 y as\u00ed llego al tercer piquito de la ruta: Roques Blanques, 2.456 mts, casi 50 metros m\u00e1s bajo que sus hermanos mayores. Hacia el norte hay otra loma cimera que cierra tambi\u00e9n este altiplano de Camp Magre, es Rocs Blancs. Es curioso como a diferentes alturas o lugares de la monta\u00f1a, le han puesto el mismo nombre pero con nomenclatura o idioma diferente. Es cierto que Roques Blanques est\u00e1 en la frontera franco-catalana y el Rocs Blancs est\u00e1 enteramente en territorio franc\u00e9s.<\/p>\n<p>Foto de rigor y poco m\u00e1s en el piquito. Hecho la vista atr\u00e1s y contemplo perfectamente las otras dos cimitas conquistadas perfectamente diferenciadas en la misma loma poco inclinada o meseta, altiplano de Camp Magre, Coma Ermada. La idea ahora es ir hacia Roc Colom que, aunque en un principio no lo ten\u00eda previsto, su singularidad como monta\u00f1a y cercan\u00eda ha hecho que sea el quinto pico del d\u00eda, aunque por orden sea el cuarto que suba.<\/p>\n<div id=\"attachment_41358\" style=\"width: 1034px\" class=\"wp-caption aligncenter\"><a class=\"dt-single-image\" href=\"https:\/\/www.monta\u00f1asdelaluna.es\/wp-content\/uploads\/2020\/01\/bajando-a-la-portella-del-callau-delante-el-pic-de-la-llosa-a-la-izquierda-roques-blanques-en-el-centro-y-el-rocs-blancs-a-la-derecha.jpg\" data-dt-img-description=\"\"><img loading=\"lazy\" decoding=\"async\" aria-describedby=\"caption-attachment-41358\" class=\"wp-image-41358 size-large\" src=\"https:\/\/www.monta\u00f1asdelaluna.es\/wp-content\/uploads\/2020\/01\/bajando-a-la-portella-del-callau-delante-el-pic-de-la-llosa-a-la-izquierda-roques-blanques-en-el-centro-y-el-rocs-blancs-a-la-derecha-1024x575.jpg\" alt=\"Bajando a la Portella del Callau, delante el Pic de La Llosa a la izquierda, Roques Blanques en el centro, y el Rocs Blancs a la derecha\" width=\"1024\" height=\"575\" srcset=\"https:\/\/www.monta\u00f1asdelaluna.es\/wp-content\/uploads\/2020\/01\/bajando-a-la-portella-del-callau-delante-el-pic-de-la-llosa-a-la-izquierda-roques-blanques-en-el-centro-y-el-rocs-blancs-a-la-derecha-1024x575.jpg 1024w, https:\/\/www.monta\u00f1asdelaluna.es\/wp-content\/uploads\/2020\/01\/bajando-a-la-portella-del-callau-delante-el-pic-de-la-llosa-a-la-izquierda-roques-blanques-en-el-centro-y-el-rocs-blancs-a-la-derecha-300x168.jpg 300w, https:\/\/www.monta\u00f1asdelaluna.es\/wp-content\/uploads\/2020\/01\/bajando-a-la-portella-del-callau-delante-el-pic-de-la-llosa-a-la-izquierda-roques-blanques-en-el-centro-y-el-rocs-blancs-a-la-derecha.jpg 1788w\" sizes=\"auto, (max-width: 1024px) 100vw, 1024px\" \/><\/a><p id=\"caption-attachment-41358\" class=\"wp-caption-text\">Bajando a la Portella del Callau, delante el Pic de La Llosa a la izquierda, Roques Blanques en el centro, y el Rocs Blancs a la derecha<\/p><\/div>\n<div id=\"attachment_41364\" style=\"width: 1034px\" class=\"wp-caption aligncenter\"><a class=\"dt-single-image\" href=\"https:\/\/www.monta\u00f1asdelaluna.es\/wp-content\/uploads\/2020\/01\/cerca-de-la-cima-del-rocs-blancs-delante-el-pic-de-la-llosa.jpg\" data-dt-img-description=\"\"><img loading=\"lazy\" decoding=\"async\" aria-describedby=\"caption-attachment-41364\" class=\"wp-image-41364 size-large\" src=\"https:\/\/www.monta\u00f1asdelaluna.es\/wp-content\/uploads\/2020\/01\/cerca-de-la-cima-del-rocs-blancs-delante-el-pic-de-la-llosa-1024x683.jpg\" alt=\"Cerca de la cima del Rocs Blancs, delante el Pic de La Llosa\" width=\"1024\" height=\"683\" srcset=\"https:\/\/www.monta\u00f1asdelaluna.es\/wp-content\/uploads\/2020\/01\/cerca-de-la-cima-del-rocs-blancs-delante-el-pic-de-la-llosa-1024x683.jpg 1024w, https:\/\/www.monta\u00f1asdelaluna.es\/wp-content\/uploads\/2020\/01\/cerca-de-la-cima-del-rocs-blancs-delante-el-pic-de-la-llosa-300x200.jpg 300w, https:\/\/www.monta\u00f1asdelaluna.es\/wp-content\/uploads\/2020\/01\/cerca-de-la-cima-del-rocs-blancs-delante-el-pic-de-la-llosa.jpg 1788w\" sizes=\"auto, (max-width: 1024px) 100vw, 1024px\" \/><\/a><p id=\"caption-attachment-41364\" class=\"wp-caption-text\">Cerca de la cima del Rocs Blancs, delante el Pic de La Llosa<\/p><\/div>\n<p>Es f\u00e1cil. Solo tengo que seguir el cordal o recorrido hacia un colladito antes nombrado entre la parte de subida al Roc Colom y el resto del altiplano de Camp Magre, Coma Ermada, el que llaman Portella del Callau. Justo entre Roques Blanques y Rocs Blancs. Una vez llegado aqu\u00ed veo a la izquierda y sureste una larga loma de subida pero suave, y trazas de senda entre los neveros y la tierra. Es la f\u00e1cil subida al Roc Colom, solo hay que seguirla hasta la cima del mismo pico. No hay p\u00e9rdida.<\/p>\n<p>En poco tiempo llego a la cima y la figurita met\u00e1lica de una paloma que nos da la bienvenida y da nombre al pico, Roc Colom, a 2.506 mts. Fotos y admiraci\u00f3n del paisaje. Observo otra monta\u00f1a muy cerca que queda al sureste pero que ya no visitar\u00e9, es el Costabona, el \u00faltimo pico sobresaliente hasta llegar al Canig\u00f3 desde el Pirineo Oriental al Mediterr\u00e1neo. Es la cuarta cumbre del recorrido, me falta otra cima y vuelvo al coche. El paisaje hacia el altiplano de Camp Magre y el resto del Pirineo Oriental, mirando hacia el oeste, noroeste, es precioso. A pesar de la distancia aparece el Pirineo como una gran muralla de piquitos y grandes laderas nevadas, blancas y cubiertas por una gran nube a cierta altura, que le dan un aspecto m\u00e1s alpino y precioso. Hacia el este otro trozo de meseta, de altiplano, y al fondo el macizo de la monta\u00f1a, amplia monta\u00f1a, del Canig\u00f3.[\/vc_column_text][\/vc_column][\/vc_row][vc_row][vc_column][vc_empty_space][\/vc_column][\/vc_row][vc_row][vc_column][vc_video link=\u00bbhttps:\/\/vimeo.com\/387119477&#8243; title=\u00bbRoc Colom, 2.506 mts.\u00bb][\/vc_column][\/vc_row][vc_row][vc_column][vc_empty_space][\/vc_column][\/vc_row][vc_row][vc_column][vc_column_text]No estoy mucho tiempo en la cima, fotos, alguna filmaci\u00f3n y decido bajar. No sin antes prometerme un nuevo objetivo para otra actividad: subir al Costabona. No perder\u00e9 ocasi\u00f3n de planear otra marcha por este espacioso llano de Coma Ermada, pero llegando hasta este famoso y alejado Costabona. Mientras tengo que bajar ya que a\u00fan me queda el quinto pico y el tiempo comienza a empeorar, nublarse, por estos lares, y no quiero que me pille malo o nada de visibilidad para volver por un llano nevado con puntos de referencia irreconocibles o escondidos bajo el inmaculado color.<\/p>\n<p>Es bien sencillo: solo tengo que desandar la senda o recorrido de subida a este Roc Colom. Por la misma ladera norte, suave y parcialmente nevada de esta achatada pir\u00e1mide que parece esta monta\u00f1a, dejando ahora los escarpes y ca\u00eddas, aunque alejadas de la senda, perceptibles a la izquierda, los que forman el cirquito de Concr\u00f3s, entre Roques Blanques y Roc Colom, donde abajo, en el lecho del hueco, se puede apreciar una lagunita, casi invisible, tambi\u00e9n llamada de Concr\u00f3s; y a la derecha el suave falso llano (o no tan falso), seguimiento de la nombrada meseta, altiplano, de Camp Magre.<\/p>\n<div id=\"attachment_41368\" style=\"width: 1034px\" class=\"wp-caption aligncenter\"><a class=\"dt-single-image\" href=\"https:\/\/www.monta\u00f1asdelaluna.es\/wp-content\/uploads\/2020\/01\/IMG_9716.jpg\" data-dt-img-description=\"\"><img loading=\"lazy\" decoding=\"async\" aria-describedby=\"caption-attachment-41368\" class=\"wp-image-41368 size-large\" src=\"https:\/\/www.monta\u00f1asdelaluna.es\/wp-content\/uploads\/2020\/01\/IMG_9716-1024x683.jpg\" alt=\"Cima del Rocs Blancs, 2.439 mts.\" width=\"1024\" height=\"683\" srcset=\"https:\/\/www.monta\u00f1asdelaluna.es\/wp-content\/uploads\/2020\/01\/IMG_9716-1024x683.jpg 1024w, https:\/\/www.monta\u00f1asdelaluna.es\/wp-content\/uploads\/2020\/01\/IMG_9716-300x200.jpg 300w, https:\/\/www.monta\u00f1asdelaluna.es\/wp-content\/uploads\/2020\/01\/IMG_9716.jpg 1788w\" sizes=\"auto, (max-width: 1024px) 100vw, 1024px\" \/><\/a><p id=\"caption-attachment-41368\" class=\"wp-caption-text\">Cima del Rocs Blancs, 2.439 mts.<\/p><\/div>\n<div id=\"attachment_41366\" style=\"width: 1034px\" class=\"wp-caption aligncenter\"><a class=\"dt-single-image\" href=\"https:\/\/www.monta\u00f1asdelaluna.es\/wp-content\/uploads\/2020\/01\/el-gra-de-fajol-al-otro-lado-del-camp-magre.jpg\" data-dt-img-description=\"\"><img loading=\"lazy\" decoding=\"async\" aria-describedby=\"caption-attachment-41366\" class=\"wp-image-41366 size-large\" src=\"https:\/\/www.monta\u00f1asdelaluna.es\/wp-content\/uploads\/2020\/01\/el-gra-de-fajol-al-otro-lado-del-camp-magre-1024x683.jpg\" alt=\"El Gra de Fajol al otro lado del Camp Magre\" width=\"1024\" height=\"683\" srcset=\"https:\/\/www.monta\u00f1asdelaluna.es\/wp-content\/uploads\/2020\/01\/el-gra-de-fajol-al-otro-lado-del-camp-magre-1024x683.jpg 1024w, https:\/\/www.monta\u00f1asdelaluna.es\/wp-content\/uploads\/2020\/01\/el-gra-de-fajol-al-otro-lado-del-camp-magre-300x200.jpg 300w, https:\/\/www.monta\u00f1asdelaluna.es\/wp-content\/uploads\/2020\/01\/el-gra-de-fajol-al-otro-lado-del-camp-magre.jpg 1788w\" sizes=\"auto, (max-width: 1024px) 100vw, 1024px\" \/><\/a><p id=\"caption-attachment-41366\" class=\"wp-caption-text\">El Gra de Fajol al otro lado del Camp Magre<\/p><\/div>\n<p>Despu\u00e9s de la bajada llego a la Portella del Callau: enfrente a la izquierda queda Roques Blanques, a la derecha Rocs Blancs, uno justo en la frontera y sobre los cortados de la vertiente sur de Concr\u00f3s, y el otro metido ya en Francia, en una loma diferenciada en medio del falso llano de la meseta de Camp Magre. Realmente Rocs Blancs es una loma de perfil ondulado y f\u00e1cil, cuya parte m\u00e1s alta la corona un gran hito de piedras a modo de torre\u2026 m\u00e1s bien hay varios de \u00e9stos antes de llegar al hito de la cima o parte m\u00e1s alta de esta loma.<\/p>\n<p>Con lo cual una vez llegados a la Portella del Callau, giro a la derecha dejando casi a la espalda el Roques Blanques ya visitado, y en pocos metros o minutos, llego al hito cimero del Rocs Blancs, 2.439 mts., la quinta y m\u00e1s baja cumbre de las que me quer\u00eda recorrer con esta actividad. Foto de cima, video. Las vistas desde aqu\u00ed, a pesar de que el tiempo quiere empeorar y tapar todas las monta\u00f1as hacia el oeste, es precioso. Compruebo como hay una (o varias) que no se deja enga\u00f1ar por este velo gris, y dejan ver su cara, su rostro, de tanto en tanto, haciendo dibujos en su faz, en su perfil\u2026 es el espectacular Gra de Fajol, que desde aqu\u00ed parece un Midi d\u2019Ossau a lo catal\u00e1n y m\u00e1s puntiagudo si cabe. Precioso. Fotos y m\u00e1s fotos\u2026 a ver cu\u00e1l me queda mejor. Tambi\u00e9n descubro la cima de la anterior visita del Puig de Les Borregues, nevada y alpina, si hago zoom con la c\u00e1mara\u2026 ahora la tendr\u00e9 m\u00e1s presente en cada salida y contemplaci\u00f3n del paisaje.<\/p>\n<p>Hay m\u00e1s gente por aqu\u00ed, una pareja de amigas o compa\u00f1eras que parecen perdidas pero que saben por d\u00f3nde ir. Tambi\u00e9n me encontrar\u00e9 con una pareja justo antes de llegar a la Portella de Morens\u2026 pocos pero casi invisibles visitantes. La verdad es que la monta\u00f1a, la alta monta\u00f1a, es un lujo cuando no encuentras aglomeraciones, domingueros y curiosos, es la soledad de la quietud y de lo inh\u00f3spito. Me encanta.<\/p>\n<div id=\"attachment_41371\" style=\"width: 1034px\" class=\"wp-caption aligncenter\"><a class=\"dt-single-image\" href=\"https:\/\/www.monta\u00f1asdelaluna.es\/wp-content\/uploads\/2020\/01\/senda-que-baja-de-la-cima-de-roc-colom.jpg\" data-dt-img-description=\"\"><img loading=\"lazy\" decoding=\"async\" aria-describedby=\"caption-attachment-41371\" class=\"wp-image-41371 size-large\" src=\"https:\/\/www.monta\u00f1asdelaluna.es\/wp-content\/uploads\/2020\/01\/senda-que-baja-de-la-cima-de-roc-colom-1024x683.jpg\" alt=\"Senda que baja de la cima de Roc Colom\" width=\"1024\" height=\"683\" srcset=\"https:\/\/www.monta\u00f1asdelaluna.es\/wp-content\/uploads\/2020\/01\/senda-que-baja-de-la-cima-de-roc-colom-1024x683.jpg 1024w, https:\/\/www.monta\u00f1asdelaluna.es\/wp-content\/uploads\/2020\/01\/senda-que-baja-de-la-cima-de-roc-colom-300x200.jpg 300w, https:\/\/www.monta\u00f1asdelaluna.es\/wp-content\/uploads\/2020\/01\/senda-que-baja-de-la-cima-de-roc-colom.jpg 1788w\" sizes=\"auto, (max-width: 1024px) 100vw, 1024px\" \/><\/a><p id=\"caption-attachment-41371\" class=\"wp-caption-text\">Senda que baja de la cima de Roc Colom<\/p><\/div>\n<div id=\"attachment_41372\" style=\"width: 1034px\" class=\"wp-caption aligncenter\"><a class=\"dt-single-image\" href=\"https:\/\/www.monta\u00f1asdelaluna.es\/wp-content\/uploads\/2020\/01\/gra-de-fajol.jpg\" data-dt-img-description=\"\"><img loading=\"lazy\" decoding=\"async\" aria-describedby=\"caption-attachment-41372\" class=\"wp-image-41372 size-large\" src=\"https:\/\/www.monta\u00f1asdelaluna.es\/wp-content\/uploads\/2020\/01\/gra-de-fajol-1024x683.jpg\" alt=\"Gra de Fajol\" width=\"1024\" height=\"683\" srcset=\"https:\/\/www.monta\u00f1asdelaluna.es\/wp-content\/uploads\/2020\/01\/gra-de-fajol-1024x683.jpg 1024w, https:\/\/www.monta\u00f1asdelaluna.es\/wp-content\/uploads\/2020\/01\/gra-de-fajol-300x200.jpg 300w, https:\/\/www.monta\u00f1asdelaluna.es\/wp-content\/uploads\/2020\/01\/gra-de-fajol.jpg 1788w\" sizes=\"auto, (max-width: 1024px) 100vw, 1024px\" \/><\/a><p id=\"caption-attachment-41372\" class=\"wp-caption-text\">Gra de Fajol<\/p><\/div>\n<p>Ya es hora de volver al coche, bajar de este rinc\u00f3n solitario del Pirineo Oriental. Para ello ya no subir\u00e9 m\u00e1s picos y me dirigir\u00e9 hacia el oeste, hacia la nombrada y antes cruzada Portella de Morens. Salgo de Rocs Blancs casi por el lado contrario al que he entrado. Si a este pico llegaba por el sureste haciendo un arco, ahora salgo por el suroeste haciendo otro arco, para ponerme justo casi en medio de la gran ladera o meseta de Camp Magre, algo m\u00e1s abajo y al norte de los picos por los que he andado y subido; haciendo as\u00ed una especie de circular, con comienzo y final en la Portella de Morens\u2026 adem\u00e1s que hay una senda bien marcada y huellas en la nieve (en las numerosas partes ya nevadas) que as\u00ed me gu\u00edan. Y en el caso de no ver nada, nos podemos guiar por el instinto monta\u00f1ero y cruzar en diagonal esta meseta, falso llano, altiplano, subiendo altura progresivamente, poco a poco, en direcci\u00f3n oeste, en general, sin subir ning\u00fan pico ni cordal\u2026 hasta llegar a otro llano, m\u00e1s plano que el recorrido hasta ahora (cercan\u00edas de Camp Magre Petit), y girar en este hacia el sureste, a la izquierda, para llegar a la salvadora Portella de Morens, 2.382 mts.<\/p>\n<p>Antes, si el tiempo lo ha dejado y las nubes no la han tapado, hemos admirado las laderas noreste y este de la monta\u00f1a cuya cima es el Pic de La Dona, m\u00e1s altas que por \u00e9stas que andamos ahora y justo enfrente de nosotros, al otro lado de la loma ondulada que separa esta Portella de Morens de la Portella de Mentet que no llego a tocar\u2026 si le hubiera querido atacar al Pic de La Dona, entonces hubiera rodeado esta loma sobresaliente o bien por el norte, la derecha, o bien por su cima. Pero no es el caso.<\/p>\n<p>Y una vez de nuevo en la Portella de Morens, 2.382 mts., deshago lo andado, lo caminado, desde el coche hasta aqu\u00ed. Ya a la izquierda me quedar\u00e1 lo que yo cre\u00ed era el primer pico de la traves\u00eda y de los 4 picos de Coma Ermada que yo quer\u00eda hacer: la cima oeste o falsa cima rocosa del Pic de Coma Ermada, con toda su loma suave con neveritos, tierra, o nieve, seg\u00fan le haya dado el sol, el viento o se haya derretido el blanco meteoro.<\/p>\n<div id=\"attachment_41375\" style=\"width: 1034px\" class=\"wp-caption aligncenter\"><a class=\"dt-single-image\" href=\"https:\/\/www.monta\u00f1asdelaluna.es\/wp-content\/uploads\/2020\/01\/camino-de-la-portella-de-morens-detras-la-subida-al-pic-de-la-dona.jpg\" data-dt-img-description=\"\"><img loading=\"lazy\" decoding=\"async\" aria-describedby=\"caption-attachment-41375\" class=\"wp-image-41375 size-large\" src=\"https:\/\/www.monta\u00f1asdelaluna.es\/wp-content\/uploads\/2020\/01\/camino-de-la-portella-de-morens-detras-la-subida-al-pic-de-la-dona-1024x683.jpg\" alt=\"Camino de la Portella de Morens, detr\u00e1s la subida al Pic de La Dona\" width=\"1024\" height=\"683\" srcset=\"https:\/\/www.monta\u00f1asdelaluna.es\/wp-content\/uploads\/2020\/01\/camino-de-la-portella-de-morens-detras-la-subida-al-pic-de-la-dona-1024x683.jpg 1024w, https:\/\/www.monta\u00f1asdelaluna.es\/wp-content\/uploads\/2020\/01\/camino-de-la-portella-de-morens-detras-la-subida-al-pic-de-la-dona-300x200.jpg 300w, https:\/\/www.monta\u00f1asdelaluna.es\/wp-content\/uploads\/2020\/01\/camino-de-la-portella-de-morens-detras-la-subida-al-pic-de-la-dona.jpg 1788w\" sizes=\"auto, (max-width: 1024px) 100vw, 1024px\" \/><\/a><p id=\"caption-attachment-41375\" class=\"wp-caption-text\">Camino de la Portella de Morens, detr\u00e1s la subida al Pic de La Dona<\/p><\/div>\n<div id=\"attachment_41380\" style=\"width: 1034px\" class=\"wp-caption aligncenter\"><a class=\"dt-single-image\" href=\"https:\/\/www.monta\u00f1asdelaluna.es\/wp-content\/uploads\/2020\/01\/llegando-al-edificio-de-la-estacion-de-esqui-de-vallter-2000.jpg\" data-dt-img-description=\"\"><img loading=\"lazy\" decoding=\"async\" aria-describedby=\"caption-attachment-41380\" class=\"wp-image-41380 size-large\" src=\"https:\/\/www.monta\u00f1asdelaluna.es\/wp-content\/uploads\/2020\/01\/llegando-al-edificio-de-la-estacion-de-esqui-de-vallter-2000-1024x683.jpg\" alt=\"Llegando al edificio de la estaci\u00f3n de esqu\u00ed de Vallter 2000\" width=\"1024\" height=\"683\" srcset=\"https:\/\/www.monta\u00f1asdelaluna.es\/wp-content\/uploads\/2020\/01\/llegando-al-edificio-de-la-estacion-de-esqui-de-vallter-2000-1024x683.jpg 1024w, https:\/\/www.monta\u00f1asdelaluna.es\/wp-content\/uploads\/2020\/01\/llegando-al-edificio-de-la-estacion-de-esqui-de-vallter-2000-300x200.jpg 300w, https:\/\/www.monta\u00f1asdelaluna.es\/wp-content\/uploads\/2020\/01\/llegando-al-edificio-de-la-estacion-de-esqui-de-vallter-2000.jpg 1788w\" sizes=\"auto, (max-width: 1024px) 100vw, 1024px\" \/><\/a><p id=\"caption-attachment-41380\" class=\"wp-caption-text\">Llegando al edificio de la estaci\u00f3n de esqu\u00ed de Vallter 2000<\/p><\/div>\n<p>Ya no hay perdida. Giro al sureste y comienzo a bordear la mentada loma sobresaliente, dejando \u00e9sta a la derecha, cuando poco a poco se va abriendo el valle de Ulldeter a la derecha; es lo que llaman Camp Magre Petit. Pasado el poste con el que me encontr\u00e9 a la subida y una buena cantidad de nieve blanda que pisar, comienzo a intentar bajar y buscar la senda, marcada con el G.R. que pasa por este sitio y que creo es la que sigo ahora, pero escondida por la nieve. Es desandar el camino para bajar al edificio de la estaci\u00f3n de esqu\u00ed de Vallter 2000 que ya lo voy viendo all\u00e1 abajo enfrente de m\u00ed. El mismo camino para subir o bajar al Pic de La Dona pasando por la Portella de Mentet.<\/p>\n<p>Ya es mitad de tarde cuando llego al coche y el tiempo al final me ha respetado la actividad, es m\u00e1s, me ha dado un paisaje de nubes y claros precioso en este rinc\u00f3n de la alta monta\u00f1a del Pirineo Oriental. Precioso. Vuelvo a casa con el pensamiento del \u00e9xito conseguido y el nuevo territorio explorado en solitario, pero con las ganas de volver y culminar los picos olvidados al este del Pirineo Oriental, con la subida al alejado pero sobresaliente Costabona. No tardar\u00e9 mucho en volver.<\/p>\n<div id=\"attachment_41389\" style=\"width: 1164px\" class=\"wp-caption aligncenter\"><a class=\"dt-single-image\" href=\"https:\/\/www.monta\u00f1asdelaluna.es\/wp-content\/uploads\/2019\/04\/ComErmada.mapa2_.croquis.web_.jpg\" data-dt-img-description=\"\"><img loading=\"lazy\" decoding=\"async\" aria-describedby=\"caption-attachment-41389\" class=\"wp-image-41389 size-full\" src=\"https:\/\/www.monta\u00f1asdelaluna.es\/wp-content\/uploads\/2019\/04\/ComErmada.mapa2_.croquis.web_.jpg\" alt=\"Croquis del recorrido por los Pics de Coma Ermada y Roc Colom. PUNTO AMARILLO: Portella de Morens, 2.382 mts. PUNTO FUCSIA: Portella del Callau, 2.383 mts. PUNTO ROJO: Rocs Blancs, 2.439 mts.\" width=\"1154\" height=\"683\" srcset=\"https:\/\/www.monta\u00f1asdelaluna.es\/wp-content\/uploads\/2019\/04\/ComErmada.mapa2_.croquis.web_.jpg 1154w, https:\/\/www.monta\u00f1asdelaluna.es\/wp-content\/uploads\/2019\/04\/ComErmada.mapa2_.croquis.web_-300x178.jpg 300w, https:\/\/www.monta\u00f1asdelaluna.es\/wp-content\/uploads\/2019\/04\/ComErmada.mapa2_.croquis.web_-1024x606.jpg 1024w\" sizes=\"auto, (max-width: 1154px) 100vw, 1154px\" \/><\/a><p id=\"caption-attachment-41389\" class=\"wp-caption-text\">Croquis del recorrido por los Pics de Coma Ermada y Roc Colom. PUNTO AMARILLO: Portella de Morens, 2.382 mts. PUNTO FUCSIA: Portella del Callau, 2.383 mts. PUNTO ROJO: Rocs Blancs, 2.439 mts.<\/p><\/div>\n<p>[\/vc_column_text][\/vc_column][\/vc_row][vc_row][vc_column][vc_empty_space height=\u00bb60px\u00bb][\/vc_column][\/vc_row][vc_row][vc_column][vc_cta h2=\u00bb\u00c1lbum de fotos\u00bb txt_align=\u00bbcenter\u00bb add_button=\u00bbbottom\u00bb btn_title=\u00bbVer fotos\u00bb btn_color=\u00bbwarning\u00bb btn_align=\u00bbcenter\u00bb btn_link=\u00bburl:https%3A%2F%2Fmonta%C3%B1asdelaluna.es%2F%3Fdt_gallery%3Dlas-cimas-de-coma-ermada-y-roc-colom-2|title:Las%20cimas%20de%20Coma%20Ermada%20y%20Roc%20Colom|target:_blank\u00bb css=\u00bb.vc_custom_1625732132099{background-color: #8bc4ed !important;}\u00bb]Puedes ver todas las fotos del relato y actividad en forma de presentaci\u00f3n o individuales pinchando aqui \u00a1No te las pierdas![\/vc_cta][\/vc_column][\/vc_row][vc_row][vc_column][vc_empty_space height=\u00bb60px\u00bb][\/vc_column][\/vc_row][vc_row][vc_column width=\u00bb1\/3&#8243;][\/vc_column][vc_column width=\u00bb1\/2&#8243;][vc_raw_html]JTNDaWZyYW1lJTIwc3JjJTNEJTIyaHR0cHMlM0ElMkYlMkZ3d3cubWV0ZW9ibHVlLmNvbSUyRmVzJTJGdGllbXBvJTJGd2lkZ2V0JTJGZGFpbHklMkZyb2NhLWNvbG9tX2ZyYW5jaWFfMzAyMzIxNiUzRmdlb2xvYyUzRGZpeGVkJTI2ZGF5cyUzRDclMjZ0ZW1wdW5pdCUzRENFTFNJVVMlMjZ3aW5kdW5pdCUzREtJTE9NRVRFUl9QRVJfSE9VUiUyNnByZWNpcHVuaXQlM0RNSUxMSU1FVEVSJTI2Y29sb3VyZWQlM0Rjb2xvdXJlZCUyNnBpY3RvaWNvbiUzRDAlMjZwaWN0b2ljb24lM0QxJTI2bWF4dGVtcGVyYXR1cmUlM0QwJTI2bWF4dGVtcGVyYXR1cmUlM0QxJTI2bWludGVtcGVyYXR1cmUlM0QwJTI2bWludGVtcGVyYXR1cmUlM0QxJTI2d2luZHNwZWVkJTNEMCUyNndpbmRzcGVlZCUzRDElMjZ3aW5kZ3VzdCUzRDAlMjZ3aW5kZ3VzdCUzRDElMjZ3aW5kZGlyZWN0aW9uJTNEMCUyNndpbmRkaXJlY3Rpb24lM0QxJTI2dXYlM0QwJTI2aHVtaWRpdHklM0QwJTI2cHJlY2lwaXRhdGlvbiUzRDAlMjZwcmVjaXBpdGF0aW9uJTNEMSUyNnByZWNpcGl0YXRpb25wcm9iYWJpbGl0eSUzRDAlMjZwcmVjaXBpdGF0aW9ucHJvYmFiaWxpdHklM0QxJTI2c3BvdCUzRDAlMjZzcG90JTNEMSUyNnByZXNzdXJlJTNEMCUyNnByZXNzdXJlJTNEMSUyNmxheW91dCUzRGxpZ2h0JTIyJTIwJTIwZnJhbWVib3JkZXIlM0QlMjIwJTIyJTIwc2Nyb2xsaW5nJTNEJTIyTk8lMjIlMjBhbGxvd3RyYW5zcGFyZW5jeSUzRCUyMnRydWUlMjIlMjBzYW5kYm94JTNEJTIyYWxsb3ctc2FtZS1vcmlnaW4lMjBhbGxvdy1zY3JpcHRzJTIwYWxsb3ctcG9wdXBzJTIwYWxsb3ctcG9wdXBzLXRvLWVzY2FwZS1zYW5kYm94JTIyJTIwc3R5bGUlM0QlMjJ3aWR0aCUzQSUyMDM3OHB4JTNCJTIwaGVpZ2h0JTNBJTIwNDEzcHglMjIlM0UlM0MlMkZpZnJhbWUlM0UlM0NkaXYlM0UlM0MlMjEtLSUyMERPJTIwTk9UJTIwUkVNT1ZFJTIwVEhJUyUyMExJTkslMjAtLSUzRSUzQ2ElMjBocmVmJTNEJTIyaHR0cHMlM0ElMkYlMkZ3d3cubWV0ZW9ibHVlLmNvbSUyRmVzJTJGdGllbXBvJTJGc2VtYW5hJTJGcm9jYS1jb2xvbV9mcmFuY2lhXzMwMjMyMTYlM0Z1dG1fc291cmNlJTNEd2VhdGhlcl93aWRnZXQlMjZ1dG1fbWVkaXVtJTNEbGlua3VzJTI2dXRtX2NvbnRlbnQlM0RkYWlseSUyNnV0bV9jYW1wYWlnbiUzRFdlYXRoZXIlMjUyQldpZGdldCUyMiUyMHRhcmdldCUzRCUyMl9ibGFuayUyMiUzRW1ldGVvYmx1ZSUzQyUyRmElM0UlM0MlMkZkaXYlM0U=[\/vc_raw_html][\/vc_column][vc_column width=\u00bb1\/5&#8243;][\/vc_column][\/vc_row]<\/p>\n","protected":false},"excerpt":{"rendered":"<p>[vc_row][vc_column][vc_column_text]Poco tiempo despu\u00e9s de subir al Puig de Les Borregues en la monta\u00f1a del Pastuira, vuelvo al Pirineo Oriental, al mismo circo de Ulldeter, para recorrerme aquel sitio donde hace poco se posaron mis ojos: la larga loma o cima allanada enorme y poco, poco abrupta, escarpada, de Coma Ermada y su altiplano Camp Magre.&hellip;<\/p>\n","protected":false},"author":1,"featured_media":41324,"comment_status":"open","ping_status":"open","sticky":false,"template":"","format":"standard","meta":[],"categories":[129],"tags":[],"class_list":["post-41386","post","type-post","status-publish","format-standard","has-post-thumbnail","hentry","category-pirineo-oriental","category-129","description-off"],"_links":{"self":[{"href":"https:\/\/www.monta\u00f1asdelaluna.es\/index.php?rest_route=\/wp\/v2\/posts\/41386","targetHints":{"allow":["GET"]}}],"collection":[{"href":"https:\/\/www.monta\u00f1asdelaluna.es\/index.php?rest_route=\/wp\/v2\/posts"}],"about":[{"href":"https:\/\/www.monta\u00f1asdelaluna.es\/index.php?rest_route=\/wp\/v2\/types\/post"}],"author":[{"embeddable":true,"href":"https:\/\/www.monta\u00f1asdelaluna.es\/index.php?rest_route=\/wp\/v2\/users\/1"}],"replies":[{"embeddable":true,"href":"https:\/\/www.monta\u00f1asdelaluna.es\/index.php?rest_route=%2Fwp%2Fv2%2Fcomments&post=41386"}],"version-history":[{"count":10,"href":"https:\/\/www.monta\u00f1asdelaluna.es\/index.php?rest_route=\/wp\/v2\/posts\/41386\/revisions"}],"predecessor-version":[{"id":47794,"href":"https:\/\/www.monta\u00f1asdelaluna.es\/index.php?rest_route=\/wp\/v2\/posts\/41386\/revisions\/47794"}],"wp:featuredmedia":[{"embeddable":true,"href":"https:\/\/www.monta\u00f1asdelaluna.es\/index.php?rest_route=\/wp\/v2\/media\/41324"}],"wp:attachment":[{"href":"https:\/\/www.monta\u00f1asdelaluna.es\/index.php?rest_route=%2Fwp%2Fv2%2Fmedia&parent=41386"}],"wp:term":[{"taxonomy":"category","embeddable":true,"href":"https:\/\/www.monta\u00f1asdelaluna.es\/index.php?rest_route=%2Fwp%2Fv2%2Fcategories&post=41386"},{"taxonomy":"post_tag","embeddable":true,"href":"https:\/\/www.monta\u00f1asdelaluna.es\/index.php?rest_route=%2Fwp%2Fv2%2Ftags&post=41386"}],"curies":[{"name":"wp","href":"https:\/\/api.w.org\/{rel}","templated":true}]}}