{"id":41499,"date":"2019-06-08T07:52:50","date_gmt":"2019-06-08T07:52:50","guid":{"rendered":"http:\/\/monta\u00f1asdelaluna.com\/?p=41499"},"modified":"2021-07-16T10:05:23","modified_gmt":"2021-07-16T10:05:23","slug":"pic-de-dalt-de-coma-mitjana-2-752-mts","status":"publish","type":"post","link":"https:\/\/www.monta\u00f1asdelaluna.es\/?p=41499","title":{"rendered":"Pic de Dalt de Coma Mitjana (2.752 mts.)"},"content":{"rendered":"<p>[vc_row][vc_column][vc_column_text]Despu\u00e9s de por fin visitar la ansiada cima del Pic de l\u2019Infern y echar un vistazo a su alrededor, observo o descubro una serie de monta\u00f1as o cordal que desde su misma cima o mole, se dirigen al norte intern\u00e1ndose en tierra francesa. Son las cimas o Pics de Coma Mitjana. Supongo que Mitjana ser\u00eda porque es un cordal con 3 o 4 piquitos, dos de ellos los m\u00e1s representativos y sobresalientes, que est\u00e1n en medio, entre dos valles anchos que se van profundizando a medida que se internan tambi\u00e9n en tierra francesa, hacia el norte, como queriendo salir del Pirineo; o por que el valle de la derecha es el de Coma Mitjana.<\/p>\n<p>El cordal que en ocasiones forma una f\u00e1cil crestecilla de roca sin escarpes ni dificultad, y otras una suave loma cimera, de onduladas y suaves laderas, vertientes, separa sobresalientemente el valle que queda entre el Pic de l\u2019Infern, Bastiments y Pic de Bacivers, al este, y el famoso valle de Caran\u00e7\u00e1 con sus laguitos y profundos escondites, rincones de hermosura pirenaica, al oeste.<\/p>\n<p>A parte las cimas de este cordal, de esta \u201ccarena\u201d, de esta Coma, ser\u00edan un magn\u00edfico mirador de las cimas m\u00e1s altas que las rodean entre el Pic de Bacivers a un lado y el Noufonts al otro. Y m\u00e1s atractivo si son picos, piquitos, alejados de las cimas m\u00e1s altas y famosas, y de los recorridos m\u00e1s habituales en estas monta\u00f1as\u2026 con todo esto, hab\u00eda que venir, hab\u00eda que visitarlos.<\/p>\n<p>Y en un principio la idea era hacer los dos Pics de Coma Mitjana, y la intenci\u00f3n era esta\u2026 pero al llegar al primero de los dos, me despist\u00e9 creyendo que estaba en el segundo (despu\u00e9s de cruzar una cimita en forma de cresta), pero resulta que era el primero de los dos y m\u00e1s cercano al Pic de l\u2019Infern. Con lo que al final falt\u00f3 la subida al segundo de los dos picos m\u00e1s prominentes que comparten este cordal o carena de Coma Mitjana, Serra Mitjana.<\/p>\n<div id=\"attachment_41405\" style=\"width: 1034px\" class=\"wp-caption aligncenter\"><a class=\"dt-single-image\" href=\"https:\/\/www.monta\u00f1asdelaluna.es\/wp-content\/uploads\/2020\/02\/joaquin-en-el-coll-de-la-marrana-2-529-mts.jpg\" data-dt-img-description=\"\"><img loading=\"lazy\" decoding=\"async\" aria-describedby=\"caption-attachment-41405\" class=\"wp-image-41405 size-large\" src=\"https:\/\/www.monta\u00f1asdelaluna.es\/wp-content\/uploads\/2020\/02\/joaquin-en-el-coll-de-la-marrana-2-529-mts-1024x768.jpg\" alt=\"Joaqu\u00edn en el Coll de La Marrana, 2.529 mts.\" width=\"1024\" height=\"768\" srcset=\"https:\/\/www.monta\u00f1asdelaluna.es\/wp-content\/uploads\/2020\/02\/joaquin-en-el-coll-de-la-marrana-2-529-mts-1024x768.jpg 1024w, https:\/\/www.monta\u00f1asdelaluna.es\/wp-content\/uploads\/2020\/02\/joaquin-en-el-coll-de-la-marrana-2-529-mts-300x225.jpg 300w, https:\/\/www.monta\u00f1asdelaluna.es\/wp-content\/uploads\/2020\/02\/joaquin-en-el-coll-de-la-marrana-2-529-mts.jpg 1555w\" sizes=\"auto, (max-width: 1024px) 100vw, 1024px\" \/><\/a><p id=\"caption-attachment-41405\" class=\"wp-caption-text\">Joaqu\u00edn en el Coll de La Marrana, 2.529 mts.<\/p><\/div>\n<div id=\"attachment_41411\" style=\"width: 1034px\" class=\"wp-caption aligncenter\"><a class=\"dt-single-image\" href=\"https:\/\/www.monta\u00f1asdelaluna.es\/wp-content\/uploads\/2020\/02\/joaquin-en-la-cima-del-bastiments-2-883-mts.jpg\" data-dt-img-description=\"\"><img loading=\"lazy\" decoding=\"async\" aria-describedby=\"caption-attachment-41411\" class=\"wp-image-41411 size-large\" src=\"https:\/\/www.monta\u00f1asdelaluna.es\/wp-content\/uploads\/2020\/02\/joaquin-en-la-cima-del-bastiments-2-883-mts-1024x768.jpg\" alt=\"Joaqu\u00edn en la cima del Bastiments, 2.883 mts.\" width=\"1024\" height=\"768\" srcset=\"https:\/\/www.monta\u00f1asdelaluna.es\/wp-content\/uploads\/2020\/02\/joaquin-en-la-cima-del-bastiments-2-883-mts-1024x768.jpg 1024w, https:\/\/www.monta\u00f1asdelaluna.es\/wp-content\/uploads\/2020\/02\/joaquin-en-la-cima-del-bastiments-2-883-mts-300x225.jpg 300w, https:\/\/www.monta\u00f1asdelaluna.es\/wp-content\/uploads\/2020\/02\/joaquin-en-la-cima-del-bastiments-2-883-mts.jpg 1555w\" sizes=\"auto, (max-width: 1024px) 100vw, 1024px\" \/><\/a><p id=\"caption-attachment-41411\" class=\"wp-caption-text\">Joaqu\u00edn en la cima del Bastiments, 2.883 mts.<\/p><\/div>\n<p>Con lo que el pasado s\u00e1bado 8 de junio quedo con una nueva amiga, monta\u00f1era, Jenny, para compartir con ella este nuevo recorrido, esta nueva actividad y monta\u00f1as en los alrededores del circo de Ulldeter\u2026 aunque la monta\u00f1a ya estaba en el lado franc\u00e9s, vertiente francesa, al norte del Pic de l\u2019Infern, la salida la hac\u00edamos desde Ulldeter. Por el camino de siempre por que el pasamos por el mismo Refugio de Ulldeter. El tiempo ser\u00e1 bueno pero con ese toque de nubecillas que le da una imagen de alta monta\u00f1a, por la tarde, pero sin llegar a precipitar. Magn\u00edfico. Tampoco har\u00e1 demasiado calorcillo, teni\u00e9ndonos que abrigarnos en ocasiones para aguantar el frio y fuertecillo viento en seg\u00fan qu\u00e9 lugares.<\/p>\n<p>Despu\u00e9s de un caf\u00e9 y charla ma\u00f1anera en el pueblecillo de Sant Pau de Seguries, en el que hemos quedado otras veces en otras salidas a Ulldeter, subimos hasta las inmediaciones de la estaci\u00f3n de esqu\u00ed de Vallter 2000, dejando el coche en alg\u00fan parking a la orilla de la carretera. La idea y recorrido primero era subir hasta la cima del Bastiments; porque en el recorrido planeado tambi\u00e9n sub\u00edamos dos altas monta\u00f1as del lugar, casi las m\u00e1s altas que rodean o se acercan al circo de Ulldeter y Vallter 2000: el Bastiments y el Pic de l\u2019Infern. El d\u00eda es soleado a estas horas de la ma\u00f1ana. No salimos muy temprano, pero estamos fuertes y el recorrido ya conocido lo haremos en un santiam\u00e9n. Con lo que salimos en busca del Refugio de Ulldeter, Coll de La Marrana y cima del Bastiments. Uno de los recorridos m\u00e1s transitados de esta parte del Pirineo. Podremos ver su descripci\u00f3n en <a href=\"https:\/\/www.monta\u00f1asdelaluna.es\/?p=28084\" target=\"_blank\" rel=\"noopener\">Bastiments. El Pirineo del Viento.<\/a><\/p>\n<div id=\"attachment_41414\" style=\"width: 1034px\" class=\"wp-caption aligncenter\"><a class=\"dt-single-image\" href=\"https:\/\/www.monta\u00f1asdelaluna.es\/wp-content\/uploads\/2020\/02\/pic-de-bacivers-sobre-el-estang-de-bacivers.jpg\" data-dt-img-description=\"\"><img loading=\"lazy\" decoding=\"async\" aria-describedby=\"caption-attachment-41414\" class=\"wp-image-41414 size-large\" src=\"https:\/\/www.monta\u00f1asdelaluna.es\/wp-content\/uploads\/2020\/02\/pic-de-bacivers-sobre-el-estang-de-bacivers-1024x683.jpg\" alt=\"Pic de Bacivers, sobre el Estang de Bacivers\" width=\"1024\" height=\"683\" srcset=\"https:\/\/www.monta\u00f1asdelaluna.es\/wp-content\/uploads\/2020\/02\/pic-de-bacivers-sobre-el-estang-de-bacivers-1024x683.jpg 1024w, https:\/\/www.monta\u00f1asdelaluna.es\/wp-content\/uploads\/2020\/02\/pic-de-bacivers-sobre-el-estang-de-bacivers-300x200.jpg 300w, https:\/\/www.monta\u00f1asdelaluna.es\/wp-content\/uploads\/2020\/02\/pic-de-bacivers-sobre-el-estang-de-bacivers.jpg 1788w\" sizes=\"auto, (max-width: 1024px) 100vw, 1024px\" \/><\/a><p id=\"caption-attachment-41414\" class=\"wp-caption-text\">Pic de Bacivers, sobre el Estang de Bacivers<\/p><\/div>\n<div id=\"attachment_41425\" style=\"width: 1034px\" class=\"wp-caption aligncenter\"><a class=\"dt-single-image\" href=\"https:\/\/www.monta\u00f1asdelaluna.es\/wp-content\/uploads\/2020\/02\/joaquin-bajando-a-la-collada-de-coma-mitjana.jpg\" data-dt-img-description=\"\"><img loading=\"lazy\" decoding=\"async\" aria-describedby=\"caption-attachment-41425\" class=\"wp-image-41425 size-large\" src=\"https:\/\/www.monta\u00f1asdelaluna.es\/wp-content\/uploads\/2020\/02\/joaquin-bajando-a-la-collada-de-coma-mitjana-1024x768.jpg\" alt=\"Joaqu\u00edn bajando a la Collada de Coma Mitjana\" width=\"1024\" height=\"768\" srcset=\"https:\/\/www.monta\u00f1asdelaluna.es\/wp-content\/uploads\/2020\/02\/joaquin-bajando-a-la-collada-de-coma-mitjana-1024x768.jpg 1024w, https:\/\/www.monta\u00f1asdelaluna.es\/wp-content\/uploads\/2020\/02\/joaquin-bajando-a-la-collada-de-coma-mitjana-300x225.jpg 300w, https:\/\/www.monta\u00f1asdelaluna.es\/wp-content\/uploads\/2020\/02\/joaquin-bajando-a-la-collada-de-coma-mitjana.jpg 1555w\" sizes=\"auto, (max-width: 1024px) 100vw, 1024px\" \/><\/a><p id=\"caption-attachment-41425\" class=\"wp-caption-text\">Joaqu\u00edn bajando a la Collada de Coma Mitjana<\/p><\/div>\n<p>Hay bastante gente por estos lares, sobre todo llegando al Coll de La Marrana y en las inmediaciones del Refugio de Ulldeter. Los neveros ya comienzan a aparecer al ir acerc\u00e1ndonos al Coll de La Marrana y al circo de Ulldeter. De hecho, el curioso e inagotable nevero que se forma justo debajo de la cornisa el Coll de La Marrana nos ofrece una experiencia de superarlo extraordinaria, como es habitual en \u00e9l. Con esos pocos \u201cpasitos\u201d de roca y nieve. Ya en el Coll de La Marrana el d\u00eda se sigue aguantando. La gente aqu\u00ed se dispersa: unos van al Bastiments (la mayor\u00eda), otros al Gra de Fajol, otros siguen el G.R. en busca del valle del Freser, de La Vaca, otros en busca de sus picos m\u00e1s altos justo al oeste, m\u00e1s all\u00e1 del Pic de l\u2019Infern\u2026 nosotros, despu\u00e9s de las fotos de rigor, nos unimos con aquellos que quer\u00edan subir el Bastiments y fuimos al encuentro de su cima. Descubro que a Jenny le encanta hacer fotos en la monta\u00f1a, muchas fotos como a m\u00ed. Perfecto. Las compartiremos despu\u00e9s.<\/p>\n<p>Como es la primera vez que nos encontramos Jenny me cuenta su vida monta\u00f1era, tan interesante, acelerada como corta, y yo la m\u00eda. Aut\u00e9nticos amantes de la monta\u00f1a. La cima del Bastiments a\u00fan conserva su nieve o sus neveros fr\u00edos e inmaculados. Hay quien se hace fotos subi\u00e9ndose a los brazos de su cruz; gente que vienen de correr por estas sendas de alta monta\u00f1a como cabras de dos patas o corredores de maratones, de mallas y camisetas de manga corta, pero todoterreno\u2026 un d\u00eda pasar\u00e1 algo gordo\u2026 Estamos a 2.883 mts., siendo el primer pico de los planeados en esta actividad. El hecho de subirlo, a pesar de que ahora ten\u00edamos que girar y bajar por la vertiente oeste, cuando la pod\u00edamos haber circundado desde el Coll de La Marrana hasta la Collada de Coma Mitjana, como ya hice en la subida a los picos de<a href=\"https:\/\/www.monta\u00f1asdelaluna.es\/?p=40674\" target=\"_blank\" rel=\"noopener\"> Freser y de l\u2019Infern<\/a>; era porque Txell me dijo que era menos complicado subir hasta la cima y despu\u00e9s bajarla que rodear la monta\u00f1a\u2026 y as\u00ed prob\u00e9\u2026 al menos, eso s\u00ed, te llevas una cima al bolsillo.<\/p>\n<div id=\"attachment_41426\" style=\"width: 1034px\" class=\"wp-caption aligncenter\"><a class=\"dt-single-image\" href=\"https:\/\/www.monta\u00f1asdelaluna.es\/wp-content\/uploads\/2020\/02\/bajada-del-bastiments-a-la-collada-de-coma-mitjana.jpg\" data-dt-img-description=\"\"><img loading=\"lazy\" decoding=\"async\" aria-describedby=\"caption-attachment-41426\" class=\"wp-image-41426 size-large\" src=\"https:\/\/www.monta\u00f1asdelaluna.es\/wp-content\/uploads\/2020\/02\/bajada-del-bastiments-a-la-collada-de-coma-mitjana-1024x683.jpg\" alt=\"Bajada del Bastiments a la Collada de Coma Mitjana\" width=\"1024\" height=\"683\" srcset=\"https:\/\/www.monta\u00f1asdelaluna.es\/wp-content\/uploads\/2020\/02\/bajada-del-bastiments-a-la-collada-de-coma-mitjana-1024x683.jpg 1024w, https:\/\/www.monta\u00f1asdelaluna.es\/wp-content\/uploads\/2020\/02\/bajada-del-bastiments-a-la-collada-de-coma-mitjana-300x200.jpg 300w, https:\/\/www.monta\u00f1asdelaluna.es\/wp-content\/uploads\/2020\/02\/bajada-del-bastiments-a-la-collada-de-coma-mitjana.jpg 1788w\" sizes=\"auto, (max-width: 1024px) 100vw, 1024px\" \/><\/a><p id=\"caption-attachment-41426\" class=\"wp-caption-text\">Bajada del Bastiments a la Collada de Coma Mitjana<\/p><\/div>\n<div id=\"attachment_41429\" style=\"width: 1034px\" class=\"wp-caption aligncenter\"><a class=\"dt-single-image\" href=\"https:\/\/www.monta\u00f1asdelaluna.es\/wp-content\/uploads\/2020\/02\/joaquin-llegando-a-la-collada-de-coma-mitjana-arriba-a-la-izquierda-el-pic-de-freser-y-pic-de-l-infern.jpg\" data-dt-img-description=\"\"><img loading=\"lazy\" decoding=\"async\" aria-describedby=\"caption-attachment-41429\" class=\"wp-image-41429 size-large\" src=\"https:\/\/www.monta\u00f1asdelaluna.es\/wp-content\/uploads\/2020\/02\/joaquin-llegando-a-la-collada-de-coma-mitjana-arriba-a-la-izquierda-el-pic-de-freser-y-pic-de-l-infern-1024x768.jpg\" alt=\"Joaqu\u00edn llegando a la Collada de Coma Mitjana, arriba a la izquierda el Pic de Freser y Pic de l'Infern\" width=\"1024\" height=\"768\" srcset=\"https:\/\/www.monta\u00f1asdelaluna.es\/wp-content\/uploads\/2020\/02\/joaquin-llegando-a-la-collada-de-coma-mitjana-arriba-a-la-izquierda-el-pic-de-freser-y-pic-de-l-infern-1024x768.jpg 1024w, https:\/\/www.monta\u00f1asdelaluna.es\/wp-content\/uploads\/2020\/02\/joaquin-llegando-a-la-collada-de-coma-mitjana-arriba-a-la-izquierda-el-pic-de-freser-y-pic-de-l-infern-300x225.jpg 300w, https:\/\/www.monta\u00f1asdelaluna.es\/wp-content\/uploads\/2020\/02\/joaquin-llegando-a-la-collada-de-coma-mitjana-arriba-a-la-izquierda-el-pic-de-freser-y-pic-de-l-infern.jpg 1555w\" sizes=\"auto, (max-width: 1024px) 100vw, 1024px\" \/><\/a><p id=\"caption-attachment-41429\" class=\"wp-caption-text\">Joaqu\u00edn llegando a la Collada de Coma Mitjana, arriba a la izquierda el Pic de Freser y Pic de l&#8217;Infern<\/p><\/div>\n<p>Pasamos de la cima este a la cima oeste, donde se encuentra el piolet de aluminio clavado y justo comienza la bajada hasta la Collada de Coma Mitjana al oeste o la bajada por el cordal cimero hacia el Pic de Bacivers al norte. Es solo 1 metro m\u00e1s bajo que el pico principal, la cima este; estamos a 2.882 mts. de altitud. De nuevo y como ya disfrutamos en la cima este, el paisaje del Pirineo Oriental ya descrito anteriormente en otros relatos. Pero ahora ten\u00eda debajo de mi un nuevo camino, unas nuevas pisadas: la senda de bajada del Bastiments a la Collada del Coma Mitjana. No hay perdida, es coger la senda que nos sale mirando al oeste y debajo de nosotros, justo por el filo del cordal cimero bien diferenciado que viene del nombrado collado hasta la cima de la monta\u00f1a. No hay que despistarse ni salirse del f\u00e1cil pero entretenido recorrido. En alg\u00fan punto mirando hacia el lado derecho o vertiente norte, los precipicios y vac\u00edos de la monta\u00f1a nos hacen recular o pararnos para admirar el precioso paisaje que se vislumbra desde ellos. Podemos ya apreciar la Serra Mitjana, cordal que sale de la cara norte del Pic de l\u2019Infern, el cual tenemos casi enfrente y detr\u00e1s del Pic de Freser, y sigue hacia el norte distingui\u00e9ndose entre los perfiles y valle que queda abajo, por cierto, con el mismo nombre. Distingo una cima si recorro la nombrada cresta, loma cimera, con la mirada desde el Pic de l\u2019Infern en direcci\u00f3n norte, despu\u00e9s de pasar por una zona de rocas sobresalientes en el filo de la misma, llego a una especie de picuda pero redondeada cima casi con forma de tri\u00e1ngulo: es el Pic de Dalt de Coma Mitjana (el que yo cre\u00eda era el segundo pico que queda m\u00e1s al norte en el mismo cordal, m\u00e1s alejado).<\/p>\n<p>Ya hemos llegado los dos a la Collada de Coma Mitjana, a 2.705 mts. Si miramos la norte, al valle de Coma Mitjana, tendremos a la izquierda la subida al Pic de Freser y a la derecha el cordal por el que hemos bajado del Bastiments. Mirando al noroeste tendremos el cordal de Serra Mitjana, con el Pic de Dalt de Coma Mitjana casi al final del mismo, al menos en la parte que vemos desde aqu\u00ed. All\u00e1 tenemos que ir.<\/p>\n<p>La idea ahora es coger toda la cresta o cordal que sale de la base de la misma monta\u00f1a del Pic de l\u2019Infern, en su norte, y seguirla hasta llegar a los picos de Coma Mitjana. Para ello y lo mejor, es cruzar por en medio en diagonal, o sea, seguir casi en l\u00ednea recta desde la misma Collada de Coma Mitjana hacia el colladito que queda al norte del Pic de l\u2019Infern y que es justo el comienzo de esta Serra Mitjana o cordal de los picos de Coma Mitjana. En un principio busco los lugares por donde bajar o cruzar en diagonal por el terreno, que sean m\u00e1s c\u00f3modos para caminar. Hay neveros m\u00e1s amplios y con m\u00e1s nieve, estamos en la parte norte del Pirineo, en la parte francesa ya, y los neveros en la sombra, al resguardo del sol, les cuesta m\u00e1s derretirse.<\/p>\n<div id=\"attachment_41437\" style=\"width: 1034px\" class=\"wp-caption aligncenter\"><a class=\"dt-single-image\" href=\"https:\/\/www.monta\u00f1asdelaluna.es\/wp-content\/uploads\/2020\/02\/joaquin-en-la-collada-de-coma-mitjana-2-705-mts-delante-el-valle-de-coma-mitajana-con-el-pic-de-dalt-de-coma-mitjana-en-el-centro.jpg\" data-dt-img-description=\"\"><img loading=\"lazy\" decoding=\"async\" aria-describedby=\"caption-attachment-41437\" class=\"wp-image-41437 size-large\" src=\"https:\/\/www.monta\u00f1asdelaluna.es\/wp-content\/uploads\/2020\/02\/joaquin-en-la-collada-de-coma-mitjana-2-705-mts-delante-el-valle-de-coma-mitajana-con-el-pic-de-dalt-de-coma-mitjana-en-el-centro-1024x768.jpg\" alt=\"Joaqu\u00edn en la Collada de Coma Mitjana, 2.705 mts., delante el valle de Coma Mitajana con el Pic de Dalt de Coma Mitjana en el centro\" width=\"1024\" height=\"768\" srcset=\"https:\/\/www.monta\u00f1asdelaluna.es\/wp-content\/uploads\/2020\/02\/joaquin-en-la-collada-de-coma-mitjana-2-705-mts-delante-el-valle-de-coma-mitajana-con-el-pic-de-dalt-de-coma-mitjana-en-el-centro-1024x768.jpg 1024w, https:\/\/www.monta\u00f1asdelaluna.es\/wp-content\/uploads\/2020\/02\/joaquin-en-la-collada-de-coma-mitjana-2-705-mts-delante-el-valle-de-coma-mitajana-con-el-pic-de-dalt-de-coma-mitjana-en-el-centro-300x225.jpg 300w, https:\/\/www.monta\u00f1asdelaluna.es\/wp-content\/uploads\/2020\/02\/joaquin-en-la-collada-de-coma-mitjana-2-705-mts-delante-el-valle-de-coma-mitajana-con-el-pic-de-dalt-de-coma-mitjana-en-el-centro.jpg 1555w\" sizes=\"auto, (max-width: 1024px) 100vw, 1024px\" \/><\/a><p id=\"caption-attachment-41437\" class=\"wp-caption-text\">Joaqu\u00edn en la Collada de Coma Mitjana, 2.705 mts., delante el valle de Coma Mitajana con el Pic de Dalt de Coma Mitjana en el centro<\/p><\/div>\n<div id=\"attachment_41438\" style=\"width: 1034px\" class=\"wp-caption aligncenter\"><a class=\"dt-single-image\" href=\"https:\/\/www.monta\u00f1asdelaluna.es\/wp-content\/uploads\/2020\/02\/joaquin-camino-del-colladito-de-coma-mitjana-con-el-pic-de-freser-a-la-izquierda-y-el-pic-de-l-infern-a-la-derecha.jpg\" data-dt-img-description=\"\"><img loading=\"lazy\" decoding=\"async\" aria-describedby=\"caption-attachment-41438\" class=\"wp-image-41438 size-large\" src=\"https:\/\/www.monta\u00f1asdelaluna.es\/wp-content\/uploads\/2020\/02\/joaquin-camino-del-colladito-de-coma-mitjana-con-el-pic-de-freser-a-la-izquierda-y-el-pic-de-l-infern-a-la-derecha-1024x768.jpg\" alt=\"Joaqu\u00edn camino del colladito de Coma Mitjana con el Pic de Freser a la izquierda y el Pic de l'Infern a la derecha\" width=\"1024\" height=\"768\" srcset=\"https:\/\/www.monta\u00f1asdelaluna.es\/wp-content\/uploads\/2020\/02\/joaquin-camino-del-colladito-de-coma-mitjana-con-el-pic-de-freser-a-la-izquierda-y-el-pic-de-l-infern-a-la-derecha-1024x768.jpg 1024w, https:\/\/www.monta\u00f1asdelaluna.es\/wp-content\/uploads\/2020\/02\/joaquin-camino-del-colladito-de-coma-mitjana-con-el-pic-de-freser-a-la-izquierda-y-el-pic-de-l-infern-a-la-derecha-300x225.jpg 300w, https:\/\/www.monta\u00f1asdelaluna.es\/wp-content\/uploads\/2020\/02\/joaquin-camino-del-colladito-de-coma-mitjana-con-el-pic-de-freser-a-la-izquierda-y-el-pic-de-l-infern-a-la-derecha.jpg 1555w\" sizes=\"auto, (max-width: 1024px) 100vw, 1024px\" \/><\/a><p id=\"caption-attachment-41438\" class=\"wp-caption-text\">Joaqu\u00edn camino del colladito de Coma Mitjana con el Pic de Freser a la izquierda y el Pic de l&#8217;Infern a la derecha<\/p><\/div>\n<div id=\"attachment_41440\" style=\"width: 1034px\" class=\"wp-caption aligncenter\"><a class=\"dt-single-image\" href=\"https:\/\/www.monta\u00f1asdelaluna.es\/wp-content\/uploads\/2020\/02\/jenny-con-el-pic-de-bacivers-detras.jpg\" data-dt-img-description=\"\"><img loading=\"lazy\" decoding=\"async\" aria-describedby=\"caption-attachment-41440\" class=\"wp-image-41440 size-large\" src=\"https:\/\/www.monta\u00f1asdelaluna.es\/wp-content\/uploads\/2020\/02\/jenny-con-el-pic-de-bacivers-detras-1024x683.jpg\" alt=\"Jenny con el Pic de Bacivers detr\u00e1s\" width=\"1024\" height=\"683\" srcset=\"https:\/\/www.monta\u00f1asdelaluna.es\/wp-content\/uploads\/2020\/02\/jenny-con-el-pic-de-bacivers-detras-1024x683.jpg 1024w, https:\/\/www.monta\u00f1asdelaluna.es\/wp-content\/uploads\/2020\/02\/jenny-con-el-pic-de-bacivers-detras-300x200.jpg 300w, https:\/\/www.monta\u00f1asdelaluna.es\/wp-content\/uploads\/2020\/02\/jenny-con-el-pic-de-bacivers-detras.jpg 1788w\" sizes=\"auto, (max-width: 1024px) 100vw, 1024px\" \/><\/a><p id=\"caption-attachment-41440\" class=\"wp-caption-text\">Jenny con el Pic de Bacivers detr\u00e1s<\/p><\/div>\n<p>Cruzando este terreno monte a trav\u00e9s, sin senda ni marcas ni se\u00f1ales, descubro una huella en la nieve que va justo en la misma direcci\u00f3n en la que vamos nosotros\u2026 parece que m\u00e1s gente ha seguido nuestra misma ruta, por lo tanto, no es un recorrido extra\u00f1o o desconocido, otra cosa es que estuviera marcado o se\u00f1alado. Debajo de los escarpes del Pic de Freser la pendiente se acent\u00faa, y por debajo de los escarpes o inmediaciones de la base del Pic de l\u2019Infern, las pisadas se profundizan en la nieve, hay m\u00e1s nieve, cuesta m\u00e1s caminar por esta zona nevada, bajo rocas m\u00e1s escarpadas y sobresalientes sobre tu cabeza. Ya aqu\u00ed observo las pendientes y perfiles noreste del Pic de l\u2019Infern\u2026 por aqu\u00ed tendremos que subir a la vuelta, parece interesante y emocionante\u2026<\/p>\n<p>Llegamos entonces al cabo de un tiempo al colladito entre el Pic de l\u2019Infern al sur, del resto del cordal cimero de los picos de Coma Mitjana al norte. No ha sido tan r\u00e1pido como se pod\u00eda pensar en un principio al verlo desde la Collada de Coma Mitjana, supongo que la \u00faltima parte de nieve blanda y profunda, y la parte de en medio bajo las paredes del Pic de Freser, de nieve m\u00e1s dura con m\u00e1s pendiente, han retrasado la marcha o la han ralentizado. Jenny me sigue por detr\u00e1s a poca distancia, no se pierde ni un paso de los m\u00edos. Pero en cada parada tengo que ponerme el chaleco Salewa para abrigarme, no s\u00e9 si por el frio real o el sudor, la cuesti\u00f3n es que noto como pierdo calor y paso frio.<\/p>\n<div id=\"attachment_41444\" style=\"width: 1034px\" class=\"wp-caption aligncenter\"><a class=\"dt-single-image\" href=\"https:\/\/www.monta\u00f1asdelaluna.es\/wp-content\/uploads\/2020\/02\/joaquin-camino-del-colladito-al-norte-del-pic-de-l-infern.jpg\" data-dt-img-description=\"\"><img loading=\"lazy\" decoding=\"async\" aria-describedby=\"caption-attachment-41444\" class=\"wp-image-41444 size-large\" src=\"https:\/\/www.monta\u00f1asdelaluna.es\/wp-content\/uploads\/2020\/02\/joaquin-camino-del-colladito-al-norte-del-pic-de-l-infern-1024x768.jpg\" alt=\"Joaqu\u00edn camino del colladito al norte del Pic de l'Infern\" width=\"1024\" height=\"768\" srcset=\"https:\/\/www.monta\u00f1asdelaluna.es\/wp-content\/uploads\/2020\/02\/joaquin-camino-del-colladito-al-norte-del-pic-de-l-infern-1024x768.jpg 1024w, https:\/\/www.monta\u00f1asdelaluna.es\/wp-content\/uploads\/2020\/02\/joaquin-camino-del-colladito-al-norte-del-pic-de-l-infern-300x225.jpg 300w, https:\/\/www.monta\u00f1asdelaluna.es\/wp-content\/uploads\/2020\/02\/joaquin-camino-del-colladito-al-norte-del-pic-de-l-infern.jpg 1555w\" sizes=\"auto, (max-width: 1024px) 100vw, 1024px\" \/><\/a><p id=\"caption-attachment-41444\" class=\"wp-caption-text\">Joaqu\u00edn camino del colladito al norte del Pic de l&#8217;Infern<\/p><\/div>\n<div id=\"attachment_41455\" style=\"width: 1034px\" class=\"wp-caption aligncenter\"><a class=\"dt-single-image\" href=\"https:\/\/www.monta\u00f1asdelaluna.es\/wp-content\/uploads\/2020\/02\/joaquin-camino-del-pic-de-dalt-de-coma-mitjana.jpg\" data-dt-img-description=\"\"><img loading=\"lazy\" decoding=\"async\" aria-describedby=\"caption-attachment-41455\" class=\"wp-image-41455 size-large\" src=\"https:\/\/www.monta\u00f1asdelaluna.es\/wp-content\/uploads\/2020\/02\/joaquin-camino-del-pic-de-dalt-de-coma-mitjana-1024x768.jpg\" alt=\"Joaqu\u00edn camino del Pic de Dalt de Coma Mitjana\" width=\"1024\" height=\"768\" srcset=\"https:\/\/www.monta\u00f1asdelaluna.es\/wp-content\/uploads\/2020\/02\/joaquin-camino-del-pic-de-dalt-de-coma-mitjana-1024x768.jpg 1024w, https:\/\/www.monta\u00f1asdelaluna.es\/wp-content\/uploads\/2020\/02\/joaquin-camino-del-pic-de-dalt-de-coma-mitjana-300x225.jpg 300w, https:\/\/www.monta\u00f1asdelaluna.es\/wp-content\/uploads\/2020\/02\/joaquin-camino-del-pic-de-dalt-de-coma-mitjana.jpg 1555w\" sizes=\"auto, (max-width: 1024px) 100vw, 1024px\" \/><\/a><p id=\"caption-attachment-41455\" class=\"wp-caption-text\">Joaqu\u00edn camino del Pic de Dalt de Coma Mitjana<\/p><\/div>\n<div id=\"attachment_41460\" style=\"width: 1034px\" class=\"wp-caption aligncenter\"><a class=\"dt-single-image\" href=\"https:\/\/www.monta\u00f1asdelaluna.es\/wp-content\/uploads\/2020\/02\/jenny-y-joaquin-en-la-cima-del-pic-de-dalt-de-coma-mitjana-2-752-mts-detras-a-la-izquierda-el-pic-de-l-infern.jpg\" data-dt-img-description=\"\"><img loading=\"lazy\" decoding=\"async\" aria-describedby=\"caption-attachment-41460\" class=\"wp-image-41460 size-large\" src=\"https:\/\/www.monta\u00f1asdelaluna.es\/wp-content\/uploads\/2020\/02\/jenny-y-joaquin-en-la-cima-del-pic-de-dalt-de-coma-mitjana-2-752-mts-detras-a-la-izquierda-el-pic-de-l-infern-1024x683.jpg\" alt=\"Jenny y Joaqu\u00edn en la cima del Pic de Dalt de Coma Mitjana, 2.752 mts., detr\u00e1s a la izquierda el Pic de l'Infern\" width=\"1024\" height=\"683\" srcset=\"https:\/\/www.monta\u00f1asdelaluna.es\/wp-content\/uploads\/2020\/02\/jenny-y-joaquin-en-la-cima-del-pic-de-dalt-de-coma-mitjana-2-752-mts-detras-a-la-izquierda-el-pic-de-l-infern-1024x683.jpg 1024w, https:\/\/www.monta\u00f1asdelaluna.es\/wp-content\/uploads\/2020\/02\/jenny-y-joaquin-en-la-cima-del-pic-de-dalt-de-coma-mitjana-2-752-mts-detras-a-la-izquierda-el-pic-de-l-infern-300x200.jpg 300w, https:\/\/www.monta\u00f1asdelaluna.es\/wp-content\/uploads\/2020\/02\/jenny-y-joaquin-en-la-cima-del-pic-de-dalt-de-coma-mitjana-2-752-mts-detras-a-la-izquierda-el-pic-de-l-infern.jpg 1788w\" sizes=\"auto, (max-width: 1024px) 100vw, 1024px\" \/><\/a><p id=\"caption-attachment-41460\" class=\"wp-caption-text\">Jenny y Joaqu\u00edn en la cima del Pic de Dalt de Coma Mitjana, 2.752 mts., detr\u00e1s a la izquierda el Pic de l&#8217;Infern<\/p><\/div>\n<p>Desde este punto solo tenemos que seguir la cresta o loma cimera (seg\u00fan el punto o zona por la que crucemos) hasta el primero de los picos de Coma Mitjana. Es f\u00e1cil y entretenido, aunque tambi\u00e9n cruzamos zonas de suave ladera casi horizontal y poca ca\u00edda, otras zonas eran de rocas puntiagudas en una ancha cresta. En un principio parece que subes como si estuvieras en un piquito, y despu\u00e9s bajas de nuevo mientras tienes delante el tri\u00e1ngulo del Pic de Dalt de Coma Mitjana, y aqu\u00ed es donde comet\u00ed el error, pens\u00e9, un pensamiento o razonamiento fugaz y no contrastado con el Alpina, por ejemplo, que la crestecilla de rocas era el primer piquito y el que ten\u00eda delante era el \u00faltimo y m\u00e1s al norte de los dos Pics de Coma Mitjana, y por tanto el lugar m\u00e1s al norte de nuestro recorrido y planning. Pero no; lo que hab\u00edamos recorrido no era nada, no ten\u00eda nombre, y el que ten\u00eda delante era el primero de los dos picos de Coma Mitjana, el Pic de Coma Mitjana de Dalt.<\/p>\n<p>Bajamos pues a otro colladito y enseguida las suaves lomas en pendiente que, sin bajar del cordal cimero de esta carena, de esta Serra Mitjana, llegamos a la f\u00e1cil cima del Pic de Dalt de Coma Mitjana a 2.752 mts. Fotos, enhorabuenas y filmaci\u00f3n desde la cima. Un peque\u00f1o descanso para comer algo y disfrutar de las vistas que, como en otros picos de los contornos, fuera del circo de Ulldeter o de la columna vertebral del Pirineo, ofrece unas im\u00e1genes y un paisaje hacia el resto del Pirineo y sus picos, precioso y sorprendente. Espectacular. Podemos observar al sur la escarpada y vertiginosa vertiente norte del Pic de l\u2019Infern, m\u00e1s al este el alto Bastiments con sus cordales que bajan de la cima oeste y se unen con el Pic de Bacivers, m\u00e1s al este (al norte del Bastiments) o al Pic de Freser al sur (al oeste del Bastiments). Observando hacia el oeste, abajo queda el espectacular y rec\u00f3ndito valle de Caran\u00e7\u00e1 con su circo y muchas lagunitas a diferentes alturas; amplio, nevado y precioso. Arriba del mismo las monta\u00f1as m\u00e1s al oeste que forman parte de ese gran circo de la Olla de Nuria, sobre todo destaca el Noufonts con ese perfil como de cabeza de toro o de buey, alto y sobresaliente\u2026 a pesar de estar en un piquito no demasiado alto y circundado por cimas m\u00e1s altas, las vista desde el mismo son excelentes, preciosas y espectaculares. Vale la pena acercarse a este punto lejano y poco visitado del Pirineo.[vc_separator][\/vc_column_text][\/vc_column][\/vc_row][vc_row][vc_column][vc_empty_space][\/vc_column][\/vc_row][vc_row][vc_column][vc_video link=\u00bbhttps:\/\/vimeo.com\/388735771&#8243; title=\u00bbPic de Dalt de Coma Mitjana, 2.752 mts.\u00bb][\/vc_column][\/vc_row][vc_row][vc_column][vc_empty_space][\/vc_column][\/vc_row][vc_row][vc_column][vc_column_text]Tambi\u00e9n miro al norte y veo como el cordal cimero o Serra Mitjana hace un giro a la izquierda, al oeste, para cerrar m\u00e1s el valle de Caran\u00e7\u00e1 bajo de ella, con lo que a partir de este pico el cordal cimero deja de tener direcci\u00f3n noreste-suroeste, para tenerlo noroeste-sureste. Y al final del mismo veo otro alto piquito\u2026 \u00bfCu\u00e1l debe de ser aquel? Est\u00e1 algo lejos, parece\u2026 sin saber que era el siguiente pico de Coma Mitjana, el Pic de Coma Mitjana, uno de los dos picos propuesto para subirlos en el planning establecido.<\/p>\n<div id=\"attachment_41465\" style=\"width: 1034px\" class=\"wp-caption aligncenter\"><a class=\"dt-single-image\" href=\"https:\/\/www.monta\u00f1asdelaluna.es\/wp-content\/uploads\/2020\/02\/jenny-en-la-pic-de-dalt-de-coma-mitjana-2-752-mts-detras-el-pic-de-l-infern-y-pic-de-freser.jpg\" data-dt-img-description=\"\"><img loading=\"lazy\" decoding=\"async\" aria-describedby=\"caption-attachment-41465\" class=\"wp-image-41465 size-large\" src=\"https:\/\/www.monta\u00f1asdelaluna.es\/wp-content\/uploads\/2020\/02\/jenny-en-la-pic-de-dalt-de-coma-mitjana-2-752-mts-detras-el-pic-de-l-infern-y-pic-de-freser-1024x683.jpg\" alt=\"Jenny en la Pic de Dalt de Coma Mitjana, 2.752 mts., detr\u00e1s el Pic de l'Infern y Pic de Freser\" width=\"1024\" height=\"683\" srcset=\"https:\/\/www.monta\u00f1asdelaluna.es\/wp-content\/uploads\/2020\/02\/jenny-en-la-pic-de-dalt-de-coma-mitjana-2-752-mts-detras-el-pic-de-l-infern-y-pic-de-freser-1024x683.jpg 1024w, https:\/\/www.monta\u00f1asdelaluna.es\/wp-content\/uploads\/2020\/02\/jenny-en-la-pic-de-dalt-de-coma-mitjana-2-752-mts-detras-el-pic-de-l-infern-y-pic-de-freser-300x200.jpg 300w, https:\/\/www.monta\u00f1asdelaluna.es\/wp-content\/uploads\/2020\/02\/jenny-en-la-pic-de-dalt-de-coma-mitjana-2-752-mts-detras-el-pic-de-l-infern-y-pic-de-freser.jpg 1788w\" sizes=\"auto, (max-width: 1024px) 100vw, 1024px\" \/><\/a><p id=\"caption-attachment-41465\" class=\"wp-caption-text\">Jenny en la Pic de Dalt de Coma Mitjana, 2.752 mts., detr\u00e1s el Pic de l&#8217;Infern y Pic de Freser<\/p><\/div>\n<div id=\"attachment_41466\" style=\"width: 1034px\" class=\"wp-caption aligncenter\"><a class=\"dt-single-image\" href=\"https:\/\/www.monta\u00f1asdelaluna.es\/wp-content\/uploads\/2020\/02\/joaquin-camino-del-pic-de-l-infern-dicho-pico-con-su-cara-norte-delante.jpg\" data-dt-img-description=\"\"><img loading=\"lazy\" decoding=\"async\" aria-describedby=\"caption-attachment-41466\" class=\"wp-image-41466 size-large\" src=\"https:\/\/www.monta\u00f1asdelaluna.es\/wp-content\/uploads\/2020\/02\/joaquin-camino-del-pic-de-l-infern-dicho-pico-con-su-cara-norte-delante-1024x768.jpg\" alt=\"Joaqu\u00edn camino del Pic de l'Infern, dicho pico con su cara norte, delante\" width=\"1024\" height=\"768\" srcset=\"https:\/\/www.monta\u00f1asdelaluna.es\/wp-content\/uploads\/2020\/02\/joaquin-camino-del-pic-de-l-infern-dicho-pico-con-su-cara-norte-delante-1024x768.jpg 1024w, https:\/\/www.monta\u00f1asdelaluna.es\/wp-content\/uploads\/2020\/02\/joaquin-camino-del-pic-de-l-infern-dicho-pico-con-su-cara-norte-delante-300x225.jpg 300w, https:\/\/www.monta\u00f1asdelaluna.es\/wp-content\/uploads\/2020\/02\/joaquin-camino-del-pic-de-l-infern-dicho-pico-con-su-cara-norte-delante.jpg 1555w\" sizes=\"auto, (max-width: 1024px) 100vw, 1024px\" \/><\/a><p id=\"caption-attachment-41466\" class=\"wp-caption-text\">Joaqu\u00edn camino del Pic de l&#8217;Infern, dicho pico con su cara norte, delante<\/p><\/div>\n<p>Emprendemos la marcha de vuelta. Es f\u00e1cil: tenemos que desandar lo recorrido por la cima de esta loma, cresta cimera, hasta aquel colladito bajo los perfiles del Pic de l\u2019Infern. Las vistas que tendremos ahora ser\u00e1n estupendas con el perfecto cono de la monta\u00f1a del mismo Pic de l\u2019Infern delante, el valle o circo de Caran\u00e7\u00e1 a la derecha y el valle de Coma Mitjana y alto Bastiments a la izquierda. El d\u00eda sigue aguantando; sin nada de calor y con algunas nubecillas t\u00edpicas de las tardes del Pirineo. A medida que nos acercamos al Pic de l\u2019Infern, intento observar o descubrir su famosa cara norte, m\u00e1s bien noroeste, donde una telara\u00f1a de corredores y canales surcan su faz escarpada y vertical\u2026 pero no discierno mucho\u2026 menos por uno de los corredores que se acerca a la vertiente noreste y que casi llega a la cima: de vez en cuando me acercar\u00e9 al borde de la crestecilla de subida para, a la derecha, intentar descubrir su forma y peligrosidad\u2026 quiz\u00e1s alg\u00fan d\u00eda suba por \u00e9l\u2026<\/p>\n<p>Llegamos al colladito que une el Pic de l\u2019Infern con el cordal de la Serra Mitjana, en la misma base del Pic de l\u2019Infern. Seg\u00fan llegamos observo la huella dejada en la nieve a la izquierda, por donde hemos venido, ahora debemos afrontar al frente y sur la subida poco o nada marcada, al Pic de l\u2019Infern.<\/p>\n<p>Realmente no busco ni sendas ni hitos, miro la roca y la cresta y comienzo a subir por la parte m\u00e1s accesible de lo que veo delante, intentando cabalgarme sobre una especie de espol\u00f3n rocoso que casi baja de la misma cima y divide la vertiente noroeste, con sus escarpes, verticalidad y corredores, de la cara noreste, este, tambi\u00e9n vertical pero sin roca ni escarpes, una muy empinada ladera que sube hasta la cima, e incluso hasta las inmediaciones de la cima del Pic dels Gorgs, al sur de la cima del Pic de l\u2019Infern. Esta subida ser\u00e1 m\u00e1s entretenida e interesante, la m\u00e1s vertical y \u201cpeligrosa\u201d del recorrido. Voy delante. Observo a Jenny que me sigue sin problemas. Es como si fuera una subida directa a la cima del Pic de l\u2019Infern por su lado norte, noreste. Pasada la cresta o espol\u00f3n rocoso, lo dejo a la derecha y comienzo a subir m\u00e1s a la izquierda, por la mentada ladera de escalones tan empinada. Tan empinada que extiendo el brazo y toco la hierba y piedras con la mano\u2026 y as\u00ed busco una salida hasta la peque\u00f1a crestecilla al sur de la cima del pico, que en dos pasos nos lleva hasta la cumbre. Me ha gustado esta subida. En invierno con dos piolets tiene que ser magn\u00edfica.<\/p>\n<div id=\"attachment_41467\" style=\"width: 1034px\" class=\"wp-caption aligncenter\"><a class=\"dt-single-image\" href=\"https:\/\/www.monta\u00f1asdelaluna.es\/wp-content\/uploads\/2020\/02\/joaquin-subiendo-al-pic-de-l-infern-por-su-cara-noreste.jpg\" data-dt-img-description=\"\"><img loading=\"lazy\" decoding=\"async\" aria-describedby=\"caption-attachment-41467\" class=\"wp-image-41467 size-large\" src=\"https:\/\/www.monta\u00f1asdelaluna.es\/wp-content\/uploads\/2020\/02\/joaquin-subiendo-al-pic-de-l-infern-por-su-cara-noreste-1024x768.jpg\" alt=\"Joaqu\u00edn subiendo al Pic de l'Infern por su cara noreste\" width=\"1024\" height=\"768\" srcset=\"https:\/\/www.monta\u00f1asdelaluna.es\/wp-content\/uploads\/2020\/02\/joaquin-subiendo-al-pic-de-l-infern-por-su-cara-noreste-1024x768.jpg 1024w, https:\/\/www.monta\u00f1asdelaluna.es\/wp-content\/uploads\/2020\/02\/joaquin-subiendo-al-pic-de-l-infern-por-su-cara-noreste-300x225.jpg 300w, https:\/\/www.monta\u00f1asdelaluna.es\/wp-content\/uploads\/2020\/02\/joaquin-subiendo-al-pic-de-l-infern-por-su-cara-noreste.jpg 1555w\" sizes=\"auto, (max-width: 1024px) 100vw, 1024px\" \/><\/a><p id=\"caption-attachment-41467\" class=\"wp-caption-text\">Joaqu\u00edn subiendo al Pic de l&#8217;Infern por su cara noreste<\/p><\/div>\n<div id=\"attachment_41474\" style=\"width: 1034px\" class=\"wp-caption aligncenter\"><a class=\"dt-single-image\" href=\"https:\/\/www.monta\u00f1asdelaluna.es\/wp-content\/uploads\/2020\/02\/jenny-subiendo-al-pic-de-l-infern-por-su-cara-noreste-abajo-queda-el-valle-de-coma-mitjana-y-el-cordal-de-coma-mitjana-a-la-izquierda.jpg\" data-dt-img-description=\"\"><img loading=\"lazy\" decoding=\"async\" aria-describedby=\"caption-attachment-41474\" class=\"wp-image-41474 size-large\" src=\"https:\/\/www.monta\u00f1asdelaluna.es\/wp-content\/uploads\/2020\/02\/jenny-subiendo-al-pic-de-l-infern-por-su-cara-noreste-abajo-queda-el-valle-de-coma-mitjana-y-el-cordal-de-coma-mitjana-a-la-izquierda-1024x683.jpg\" alt=\"Jenny subiendo al Pic de l'Infern por su cara noreste, abajo queda el valle de Coma Mitjana y el cordal de Coma Mitjana a la izquierda\" width=\"1024\" height=\"683\" srcset=\"https:\/\/www.monta\u00f1asdelaluna.es\/wp-content\/uploads\/2020\/02\/jenny-subiendo-al-pic-de-l-infern-por-su-cara-noreste-abajo-queda-el-valle-de-coma-mitjana-y-el-cordal-de-coma-mitjana-a-la-izquierda-1024x683.jpg 1024w, https:\/\/www.monta\u00f1asdelaluna.es\/wp-content\/uploads\/2020\/02\/jenny-subiendo-al-pic-de-l-infern-por-su-cara-noreste-abajo-queda-el-valle-de-coma-mitjana-y-el-cordal-de-coma-mitjana-a-la-izquierda-300x200.jpg 300w, https:\/\/www.monta\u00f1asdelaluna.es\/wp-content\/uploads\/2020\/02\/jenny-subiendo-al-pic-de-l-infern-por-su-cara-noreste-abajo-queda-el-valle-de-coma-mitjana-y-el-cordal-de-coma-mitjana-a-la-izquierda.jpg 1788w\" sizes=\"auto, (max-width: 1024px) 100vw, 1024px\" \/><\/a><p id=\"caption-attachment-41474\" class=\"wp-caption-text\">Jenny subiendo al Pic de l&#8217;Infern por su cara noreste, abajo queda el valle de Coma Mitjana y el cordal de Coma Mitjana a la izquierda<\/p><\/div>\n<p>Jenny me sigue los pasos y juntos llegamos a la cima del tercer y \u00faltimo pico de la jornada: el Pic de l\u2019Infern, 2.869 mts. Un peque\u00f1o descanso. Admiramos el paisaje. Hacemos fotos de cima, a las vistas. El d\u00eda acompa\u00f1a con sus inofensivas nubes como un reba\u00f1o de ovejitas en el cielo. Por fin encontramos a m\u00e1s gente\u2026 desde la Collada de Coma Mitjana que no ve\u00edamos a nadie, y es que este cordal o picos de Coma Mitjana est\u00e1 fuera de los recorridos habituales de los excursionistas y monta\u00f1eros que se recorren las monta\u00f1as de los alrededores de Ulldeter, valle del Freser\u2026 Estamos contentos por todo lo recorrido y realizado, y tambi\u00e9n por la sorpresa de encontrar esta magn\u00edfica subida, emocionante y directa, al Pic de l\u2019Infern \u00a1Hay que repetirla!<\/p>\n<p>A partir de ahora ya es el recorrido de vuelta al coche, al parking de Ulldeter y Vallter 2000. Y lo que haremos es seguir las indicaciones de la anterior actividad con subida al <a href=\"https:\/\/www.monta\u00f1asdelaluna.es\/?p=40674\" target=\"_blank\" rel=\"noopener\">Pic de Freser y Pic de l\u2019Infern<\/a>: salir del Pic de l\u2019Infern siguiendo su cordal cimero hacia el oeste, hasta El Portell, desde donde bajamos pasando cerca de la caba\u00f1ita de piedra (Barraca de Tirapits) y seguir todo el valle al sur del Pic de l\u2019Infern, Pic de Freser hacia el este, por la senda o recorrido del G.R., en busca del Coll de La Marrana. Una vez en el Coll de La Marrana, seguir el camino habitual que pasa por delante del Refugio de Ulldeter y llega hasta la carreterilla y parking cerca de Vallter 2000 donde tenemos aparcado el coche.<\/p>\n<div id=\"attachment_41481\" style=\"width: 1034px\" class=\"wp-caption aligncenter\"><a class=\"dt-single-image\" href=\"https:\/\/www.monta\u00f1asdelaluna.es\/wp-content\/uploads\/2020\/02\/jenny-y-joaquin-en-la-cima-del-pic-de-l-infern-2-869-mts.jpg\" data-dt-img-description=\"\"><img loading=\"lazy\" decoding=\"async\" aria-describedby=\"caption-attachment-41481\" class=\"wp-image-41481 size-large\" src=\"https:\/\/www.monta\u00f1asdelaluna.es\/wp-content\/uploads\/2020\/02\/jenny-y-joaquin-en-la-cima-del-pic-de-l-infern-2-869-mts-1024x683.jpg\" alt=\"Jenny y Joaqu\u00edn en la cima del Pic de l'Infern, 2.869 mts.\" width=\"1024\" height=\"683\" srcset=\"https:\/\/www.monta\u00f1asdelaluna.es\/wp-content\/uploads\/2020\/02\/jenny-y-joaquin-en-la-cima-del-pic-de-l-infern-2-869-mts-1024x683.jpg 1024w, https:\/\/www.monta\u00f1asdelaluna.es\/wp-content\/uploads\/2020\/02\/jenny-y-joaquin-en-la-cima-del-pic-de-l-infern-2-869-mts-300x200.jpg 300w, https:\/\/www.monta\u00f1asdelaluna.es\/wp-content\/uploads\/2020\/02\/jenny-y-joaquin-en-la-cima-del-pic-de-l-infern-2-869-mts.jpg 1788w\" sizes=\"auto, (max-width: 1024px) 100vw, 1024px\" \/><\/a><p id=\"caption-attachment-41481\" class=\"wp-caption-text\">Jenny y Joaqu\u00edn en la cima del Pic de l&#8217;Infern, 2.869 mts.<\/p><\/div>\n<div id=\"attachment_41483\" style=\"width: 1034px\" class=\"wp-caption aligncenter\"><a class=\"dt-single-image\" href=\"https:\/\/www.monta\u00f1asdelaluna.es\/wp-content\/uploads\/2020\/02\/cima-del-pic-de-l-infern-2-869-mts-con-el-puigmal-al-fondo.jpg\" data-dt-img-description=\"\"><img loading=\"lazy\" decoding=\"async\" aria-describedby=\"caption-attachment-41483\" class=\"wp-image-41483 size-large\" src=\"https:\/\/www.monta\u00f1asdelaluna.es\/wp-content\/uploads\/2020\/02\/cima-del-pic-de-l-infern-2-869-mts-con-el-puigmal-al-fondo-1024x683.jpg\" alt=\"Cima del Pic de l'Infern, 2.869 mts. con el Puigmal al fondo\" width=\"1024\" height=\"683\" srcset=\"https:\/\/www.monta\u00f1asdelaluna.es\/wp-content\/uploads\/2020\/02\/cima-del-pic-de-l-infern-2-869-mts-con-el-puigmal-al-fondo-1024x683.jpg 1024w, https:\/\/www.monta\u00f1asdelaluna.es\/wp-content\/uploads\/2020\/02\/cima-del-pic-de-l-infern-2-869-mts-con-el-puigmal-al-fondo-300x200.jpg 300w, https:\/\/www.monta\u00f1asdelaluna.es\/wp-content\/uploads\/2020\/02\/cima-del-pic-de-l-infern-2-869-mts-con-el-puigmal-al-fondo.jpg 1788w\" sizes=\"auto, (max-width: 1024px) 100vw, 1024px\" \/><\/a><p id=\"caption-attachment-41483\" class=\"wp-caption-text\">Cima del Pic de l&#8217;Infern, 2.869 mts. con el Puigmal al fondo<\/p><\/div>\n<div id=\"attachment_41485\" style=\"width: 1034px\" class=\"wp-caption aligncenter\"><a class=\"dt-single-image\" href=\"https:\/\/www.monta\u00f1asdelaluna.es\/wp-content\/uploads\/2020\/02\/circo-de-caranca-con-el-estany-negre-en-el-centro-y-noufonts-detras-en-el-centro-izquierda.jpg\" data-dt-img-description=\"\"><img loading=\"lazy\" decoding=\"async\" aria-describedby=\"caption-attachment-41485\" class=\"wp-image-41485 size-large\" src=\"https:\/\/www.monta\u00f1asdelaluna.es\/wp-content\/uploads\/2020\/02\/circo-de-caranca-con-el-estany-negre-en-el-centro-y-noufonts-detras-en-el-centro-izquierda-1024x683.jpg\" alt=\"Circo de Caran\u00e7\u00e0 con el Estany Negre en el centro y Noufonts detr\u00e1s en el centro-izquierda\" width=\"1024\" height=\"683\" srcset=\"https:\/\/www.monta\u00f1asdelaluna.es\/wp-content\/uploads\/2020\/02\/circo-de-caranca-con-el-estany-negre-en-el-centro-y-noufonts-detras-en-el-centro-izquierda-1024x683.jpg 1024w, https:\/\/www.monta\u00f1asdelaluna.es\/wp-content\/uploads\/2020\/02\/circo-de-caranca-con-el-estany-negre-en-el-centro-y-noufonts-detras-en-el-centro-izquierda-300x200.jpg 300w, https:\/\/www.monta\u00f1asdelaluna.es\/wp-content\/uploads\/2020\/02\/circo-de-caranca-con-el-estany-negre-en-el-centro-y-noufonts-detras-en-el-centro-izquierda.jpg 1788w\" sizes=\"auto, (max-width: 1024px) 100vw, 1024px\" \/><\/a><p id=\"caption-attachment-41485\" class=\"wp-caption-text\">Circo de Caran\u00e7\u00e0 con el Estany Negre en el centro y Noufonts detr\u00e1s en el centro-izquierda<\/p><\/div>\n<p>Justo en las amplias y divertidas laderas cerca de la Barraca de Tirapits, nos encontramos con una parejita joven, la cual, la chica se ha hecho da\u00f1o en el pie, en el tobillo y apenas puede caminar, de hecho para estar en la alta monta\u00f1a, no pod\u00eda caminar. Y ya se estaba haciendo tarde. La marcha o ritmo que llevaba era para no llegar al Refugio de Ulldeter con luz del d\u00eda. La indumentaria y equipaci\u00f3n era para recriminarles y sancionarles: lo primero el calzado, llevaban una especie de \u201czapatilla\u201d La Sportiva que m\u00e1s bien parec\u00edan \u201czapatillas de estar por casa\u201d, que en mi opini\u00f3n, no se deber\u00edan usar ni sirven para hacer alta monta\u00f1a; pantal\u00f3n corto o mallas cortas con las piernas de poco m\u00e1s arriba de las rodillas para abajo al descubierto, mochila peque\u00f1a sin nada de equipaci\u00f3n para el frio o la noche, sin linterna frontal, sin ropa de abrigo, sin bastones\u2026 \u201cparec\u00edan que iban a la playa en verano m\u00e1s que a la monta\u00f1a\u201d\u2026 el tobillo se le hab\u00eda hinchado con esas \u201czapatillitas\u201d y apenas pod\u00eda proseguir, le hab\u00eda dejado un bast\u00f3n otro monta\u00f1ero desconocido que pasaba por all\u00ed\u2026 \u00a1Un verdadero desastre! Encima cuando le preguntabas\u2026 \u201c\u00bften\u00e9is linterna? Porque se os har\u00e1 de noche\u201d, \u201cNo, tengo la linterna del m\u00f3vil\u201d (absurdo)\u2026 y cosas as\u00ed\u2026 despu\u00e9s en las Noticias sale \u201cMonta\u00f1eros rescatados\u2026\u201d \u00a1Domingueros! dir\u00eda yo\u2026 y es cierto que actualmente mucha gente sale a la monta\u00f1a, a la alta monta\u00f1a sin asesorarse, sin Iniciarse, sin informarse, por su cuenta\u2026 como el que va a \u201cpasear a la playa\u201d. Despu\u00e9s vienen los accidentes, hipotermias y hasta a veces puede llegar la muerte.<\/p>\n<p>Que da\u00f1o ha hecho el Kilian Jornet con estas nuevas juventudes que piensan que todo es correr y florecillas por la monta\u00f1a, sin peligro y sin sentido de supervivencia en un medio que pudiera ser hostil en un momento determinado. Sin la preparaci\u00f3n cl\u00e1sica ense\u00f1ada de los viejos monta\u00f1eros.<\/p>\n<div id=\"attachment_41482\" style=\"width: 1034px\" class=\"wp-caption aligncenter\"><a class=\"dt-single-image\" href=\"https:\/\/www.monta\u00f1asdelaluna.es\/wp-content\/uploads\/2020\/02\/delante-el-pic-de-freser-a-la-izquierda-el-bastiments-sobre-la-collada-de-coma-mitjana-detras-a-la-derecha-el-gra-de-fajol.jpg\" data-dt-img-description=\"\"><img loading=\"lazy\" decoding=\"async\" aria-describedby=\"caption-attachment-41482\" class=\"wp-image-41482 size-large\" src=\"https:\/\/www.monta\u00f1asdelaluna.es\/wp-content\/uploads\/2020\/02\/delante-el-pic-de-freser-a-la-izquierda-el-bastiments-sobre-la-collada-de-coma-mitjana-detras-a-la-derecha-el-gra-de-fajol-1024x683.jpg\" alt=\"Delante el Pic de Freser, a la izquierda el Bastiments sobre la Collada de Coma Mitjana, detr\u00e1s a la derecha el Gra de Fajol\" width=\"1024\" height=\"683\" srcset=\"https:\/\/www.monta\u00f1asdelaluna.es\/wp-content\/uploads\/2020\/02\/delante-el-pic-de-freser-a-la-izquierda-el-bastiments-sobre-la-collada-de-coma-mitjana-detras-a-la-derecha-el-gra-de-fajol-1024x683.jpg 1024w, https:\/\/www.monta\u00f1asdelaluna.es\/wp-content\/uploads\/2020\/02\/delante-el-pic-de-freser-a-la-izquierda-el-bastiments-sobre-la-collada-de-coma-mitjana-detras-a-la-derecha-el-gra-de-fajol-300x200.jpg 300w, https:\/\/www.monta\u00f1asdelaluna.es\/wp-content\/uploads\/2020\/02\/delante-el-pic-de-freser-a-la-izquierda-el-bastiments-sobre-la-collada-de-coma-mitjana-detras-a-la-derecha-el-gra-de-fajol.jpg 1788w\" sizes=\"auto, (max-width: 1024px) 100vw, 1024px\" \/><\/a><p id=\"caption-attachment-41482\" class=\"wp-caption-text\">Delante el Pic de Freser, a la izquierda el Bastiments sobre la Collada de Coma Mitjana, detr\u00e1s a la derecha el Gra de Fajol<\/p><\/div>\n<div id=\"attachment_41490\" style=\"width: 1034px\" class=\"wp-caption aligncenter\"><a class=\"dt-single-image\" href=\"https:\/\/www.monta\u00f1asdelaluna.es\/wp-content\/uploads\/2020\/02\/jenny-llegando-al-coll-de-la-marrana-a-la-derecha-queda-el-pic-de-freser.jpg\" data-dt-img-description=\"\"><img loading=\"lazy\" decoding=\"async\" aria-describedby=\"caption-attachment-41490\" class=\"wp-image-41490 size-large\" src=\"https:\/\/www.monta\u00f1asdelaluna.es\/wp-content\/uploads\/2020\/02\/jenny-llegando-al-coll-de-la-marrana-a-la-derecha-queda-el-pic-de-freser-1024x683.jpg\" alt=\"Jenny llegando al Coll de La Marrana, a la derecha queda el Pic de Freser\" width=\"1024\" height=\"683\" srcset=\"https:\/\/www.monta\u00f1asdelaluna.es\/wp-content\/uploads\/2020\/02\/jenny-llegando-al-coll-de-la-marrana-a-la-derecha-queda-el-pic-de-freser-1024x683.jpg 1024w, https:\/\/www.monta\u00f1asdelaluna.es\/wp-content\/uploads\/2020\/02\/jenny-llegando-al-coll-de-la-marrana-a-la-derecha-queda-el-pic-de-freser-300x200.jpg 300w, https:\/\/www.monta\u00f1asdelaluna.es\/wp-content\/uploads\/2020\/02\/jenny-llegando-al-coll-de-la-marrana-a-la-derecha-queda-el-pic-de-freser.jpg 1788w\" sizes=\"auto, (max-width: 1024px) 100vw, 1024px\" \/><\/a><p id=\"caption-attachment-41490\" class=\"wp-caption-text\">Jenny llegando al Coll de La Marrana, a la derecha queda el Pic de Freser<\/p><\/div>\n<p>Y despu\u00e9s de dejar a esta pareja, la cual espero que la pr\u00f3xima vez vengan mejor asesorados, mejor preparados e informados de lo que es la alta monta\u00f1a\u2026 al menos con botas en los pies\u2026 seguimos valle abajo hacia el este en busca de las fuentes del Freser y del Coll de La Marrana. No es demasiado tarde cuando llegamos al coche, despu\u00e9s del nuevo recorrido realizado con estas tres cimas, pero es verdad que algo en mi interior me dec\u00eda que \u201cno estaba completo\u201d \u2026 \u00bfera porque no hab\u00eda subido al Pic de Coma Mitjana? Pero una vez hecho el recorrido se me habr\u00eda nuevas posibilidades, nuevas metas y objetivos, las vistas al resto del Pirineo fueron preciosas y reveladoras, con lo que ya estaba pensando en volver para subir a otras cimas olvidadas de este Pirineo Oriental. Estupendo. Y mi nueva compa\u00f1era Jenny, muy en forma y buena compa\u00f1\u00eda. Magn\u00edfico d\u00eda y actividad\u2026 con el punto negro de esta chica con el tobillo como una pelota en el camino de bajada\u2026<\/p>\n<div id=\"attachment_41501\" style=\"width: 1053px\" class=\"wp-caption aligncenter\"><a class=\"dt-single-image\" href=\"https:\/\/www.monta\u00f1asdelaluna.es\/wp-content\/uploads\/2019\/06\/PicsComaMitjana.croquis.web_.jpg\" data-dt-img-description=\"\"><img loading=\"lazy\" decoding=\"async\" aria-describedby=\"caption-attachment-41501\" class=\"wp-image-41501 size-full\" src=\"https:\/\/www.monta\u00f1asdelaluna.es\/wp-content\/uploads\/2019\/06\/PicsComaMitjana.croquis.web_.jpg\" alt=\"Croquis del recorrido con las ascensiones del Bastiments, Pic de Dalt de Coma Mitjana y Pic de l'Infern.\" width=\"1043\" height=\"752\" srcset=\"https:\/\/www.monta\u00f1asdelaluna.es\/wp-content\/uploads\/2019\/06\/PicsComaMitjana.croquis.web_.jpg 1043w, https:\/\/www.monta\u00f1asdelaluna.es\/wp-content\/uploads\/2019\/06\/PicsComaMitjana.croquis.web_-300x216.jpg 300w, https:\/\/www.monta\u00f1asdelaluna.es\/wp-content\/uploads\/2019\/06\/PicsComaMitjana.croquis.web_-1024x738.jpg 1024w\" sizes=\"auto, (max-width: 1043px) 100vw, 1043px\" \/><\/a><p id=\"caption-attachment-41501\" class=\"wp-caption-text\">Croquis del recorrido con las ascensiones del Bastiments, Pic de Dalt de Coma Mitjana y Pic de l&#8217;Infern.<\/p><\/div>\n<p>[\/vc_column_text][\/vc_column][\/vc_row][vc_row][vc_column][vc_empty_space height=\u00bb60px\u00bb][\/vc_column][\/vc_row][vc_row][vc_column][vc_cta h2=\u00bb\u00c1lbum de fotos\u00bb txt_align=\u00bbcenter\u00bb add_button=\u00bbbottom\u00bb btn_title=\u00bbVer fotos\u00bb btn_color=\u00bbwarning\u00bb btn_align=\u00bbcenter\u00bb btn_link=\u00bburl:https%3A%2F%2Fmonta%C3%B1asdelaluna.es%2F%3Fdt_gallery%3Dpic-de-dalt-de-coma-mitjana-2-752-mts-2|title:Pic%20de%20Dalt%20de%20Coma%20Mitjana%20(2.752%20mts.)|target:_blank\u00bb css=\u00bb.vc_custom_1625732429796{background-color: #8bc4ed !important;}\u00bb]Puedes ver todas las fotos del relato y actividad en forma de presentaci\u00f3n o individuales pinchando aqui \u00a1No te las pierdas![\/vc_cta][\/vc_column][\/vc_row][vc_row][vc_column][vc_empty_space height=\u00bb60px\u00bb][\/vc_column][\/vc_row][vc_row][vc_column width=\u00bb1\/3&#8243;][\/vc_column][vc_column width=\u00bb1\/2&#8243;][vc_raw_html]JTNDaWZyYW1lJTIwc3JjJTNEJTIyaHR0cHMlM0ElMkYlMkZ3d3cubWV0ZW9ibHVlLmNvbSUyRmVzJTJGdGllbXBvJTJGd2lkZ2V0JTJGZGFpbHklMkZwbGEtZGVsLWluZmVybl9mcmFuY2lhXzMwMTI3OTglM0ZnZW9sb2MlM0RmaXhlZCUyNmRheXMlM0Q3JTI2dGVtcHVuaXQlM0RDRUxTSVVTJTI2d2luZHVuaXQlM0RLSUxPTUVURVJfUEVSX0hPVVIlMjZwcmVjaXB1bml0JTNETUlMTElNRVRFUiUyNmNvbG91cmVkJTNEY29sb3VyZWQlMjZwaWN0b2ljb24lM0QwJTI2cGljdG9pY29uJTNEMSUyNm1heHRlbXBlcmF0dXJlJTNEMCUyNm1heHRlbXBlcmF0dXJlJTNEMSUyNm1pbnRlbXBlcmF0dXJlJTNEMCUyNm1pbnRlbXBlcmF0dXJlJTNEMSUyNndpbmRzcGVlZCUzRDAlMjZ3aW5kc3BlZWQlM0QxJTI2d2luZGd1c3QlM0QwJTI2d2luZGd1c3QlM0QxJTI2d2luZGRpcmVjdGlvbiUzRDAlMjZ3aW5kZGlyZWN0aW9uJTNEMSUyNnV2JTNEMCUyNmh1bWlkaXR5JTNEMCUyNnByZWNpcGl0YXRpb24lM0QwJTI2cHJlY2lwaXRhdGlvbiUzRDElMjZwcmVjaXBpdGF0aW9ucHJvYmFiaWxpdHklM0QwJTI2cHJlY2lwaXRhdGlvbnByb2JhYmlsaXR5JTNEMSUyNnNwb3QlM0QwJTI2c3BvdCUzRDElMjZwcmVzc3VyZSUzRDAlMjZwcmVzc3VyZSUzRDElMjZsYXlvdXQlM0RsaWdodCUyMiUyMCUyMGZyYW1lYm9yZGVyJTNEJTIyMCUyMiUyMHNjcm9sbGluZyUzRCUyMk5PJTIyJTIwYWxsb3d0cmFuc3BhcmVuY3klM0QlMjJ0cnVlJTIyJTIwc2FuZGJveCUzRCUyMmFsbG93LXNhbWUtb3JpZ2luJTIwYWxsb3ctc2NyaXB0cyUyMGFsbG93LXBvcHVwcyUyMGFsbG93LXBvcHVwcy10by1lc2NhcGUtc2FuZGJveCUyMiUyMHN0eWxlJTNEJTIyd2lkdGglM0ElMjAzNzhweCUzQiUyMGhlaWdodCUzQSUyMDQxM3B4JTIyJTNFJTNDJTJGaWZyYW1lJTNFJTNDZGl2JTNFJTNDJTIxLS0lMjBETyUyME5PVCUyMFJFTU9WRSUyMFRISVMlMjBMSU5LJTIwLS0lM0UlM0NhJTIwaHJlZiUzRCUyMmh0dHBzJTNBJTJGJTJGd3d3Lm1ldGVvYmx1ZS5jb20lMkZlcyUyRnRpZW1wbyUyRnNlbWFuYSUyRnBsYS1kZWwtaW5mZXJuX2ZyYW5jaWFfMzAxMjc5OCUzRnV0bV9zb3VyY2UlM0R3ZWF0aGVyX3dpZGdldCUyNnV0bV9tZWRpdW0lM0RsaW5rdXMlMjZ1dG1fY29udGVudCUzRGRhaWx5JTI2dXRtX2NhbXBhaWduJTNEV2VhdGhlciUyNTJCV2lkZ2V0JTIyJTIwdGFyZ2V0JTNEJTIyX2JsYW5rJTIyJTNFbWV0ZW9ibHVlJTNDJTJGYSUzRSUzQyUyRmRpdiUzRQ==[\/vc_raw_html][\/vc_column][vc_column width=\u00bb1\/5&#8243;][\/vc_column][\/vc_row]<\/p>\n","protected":false},"excerpt":{"rendered":"<p>[vc_row][vc_column][vc_column_text]Despu\u00e9s de por fin visitar la ansiada cima del Pic de l\u2019Infern y echar un vistazo a su alrededor, observo o descubro una serie de monta\u00f1as o cordal que desde su misma cima o mole, se dirigen al norte intern\u00e1ndose en tierra francesa. Son las cimas o Pics de Coma Mitjana. Supongo que Mitjana ser\u00eda&hellip;<\/p>\n","protected":false},"author":1,"featured_media":41465,"comment_status":"open","ping_status":"open","sticky":false,"template":"","format":"standard","meta":[],"categories":[129],"tags":[],"class_list":["post-41499","post","type-post","status-publish","format-standard","has-post-thumbnail","hentry","category-pirineo-oriental","category-129","description-off"],"_links":{"self":[{"href":"https:\/\/www.monta\u00f1asdelaluna.es\/index.php?rest_route=\/wp\/v2\/posts\/41499","targetHints":{"allow":["GET"]}}],"collection":[{"href":"https:\/\/www.monta\u00f1asdelaluna.es\/index.php?rest_route=\/wp\/v2\/posts"}],"about":[{"href":"https:\/\/www.monta\u00f1asdelaluna.es\/index.php?rest_route=\/wp\/v2\/types\/post"}],"author":[{"embeddable":true,"href":"https:\/\/www.monta\u00f1asdelaluna.es\/index.php?rest_route=\/wp\/v2\/users\/1"}],"replies":[{"embeddable":true,"href":"https:\/\/www.monta\u00f1asdelaluna.es\/index.php?rest_route=%2Fwp%2Fv2%2Fcomments&post=41499"}],"version-history":[{"count":9,"href":"https:\/\/www.monta\u00f1asdelaluna.es\/index.php?rest_route=\/wp\/v2\/posts\/41499\/revisions"}],"predecessor-version":[{"id":50064,"href":"https:\/\/www.monta\u00f1asdelaluna.es\/index.php?rest_route=\/wp\/v2\/posts\/41499\/revisions\/50064"}],"wp:featuredmedia":[{"embeddable":true,"href":"https:\/\/www.monta\u00f1asdelaluna.es\/index.php?rest_route=\/wp\/v2\/media\/41465"}],"wp:attachment":[{"href":"https:\/\/www.monta\u00f1asdelaluna.es\/index.php?rest_route=%2Fwp%2Fv2%2Fmedia&parent=41499"}],"wp:term":[{"taxonomy":"category","embeddable":true,"href":"https:\/\/www.monta\u00f1asdelaluna.es\/index.php?rest_route=%2Fwp%2Fv2%2Fcategories&post=41499"},{"taxonomy":"post_tag","embeddable":true,"href":"https:\/\/www.monta\u00f1asdelaluna.es\/index.php?rest_route=%2Fwp%2Fv2%2Ftags&post=41499"}],"curies":[{"name":"wp","href":"https:\/\/api.w.org\/{rel}","templated":true}]}}