{"id":41591,"date":"2019-06-15T22:30:14","date_gmt":"2019-06-15T22:30:14","guid":{"rendered":"http:\/\/monta\u00f1asdelaluna.com\/?p=41591"},"modified":"2021-08-02T21:41:16","modified_gmt":"2021-08-02T21:41:16","slug":"valle-de-lys-y-refugio-de-maupas","status":"publish","type":"post","link":"https:\/\/www.monta\u00f1asdelaluna.es\/?p=41591","title":{"rendered":"Valle de Lys y Refugio de Maupas"},"content":{"rendered":"<p>[vc_row][vc_column][vc_column_text]Organizado por el compa\u00f1ero Luis Guerrero, salimos el fin de semana del 14, 15 y 16 de junio hacia el Valle de Ar\u00e1n para pasar la noche de viernes en un hotelito y poder madrugar lo m\u00e1ximo posible para acercarnos al franc\u00e9s Valle de Lys e intentar, desde el fondo del mismo valle, hacer la cima del Maupas; un pico de m\u00e1s de 3.100 metros justo en la frontera entre Huesca, Valle de Benasque y Francia.<\/p>\n<p>En este caso, como en pocos m\u00e1s, me iba a dejar llevar, guiar, por mis compa\u00f1eros. No mir\u00e9 ni mapa ni rese\u00f1as y solamente seguir\u00eda los pasos de Luis, Israel y Dolors, hacia la cima del Maupas\u2026 con lo cual tampoco guiar\u00e9 demasiado en este relato la subida o la actividad, menos por la descripci\u00f3n de la misma al pasar por esos lugares tan frondosos, verdes y m\u00e1gicos, escondites de este Pirineo franc\u00e9s.<\/p>\n<p>No hace muy buen tiempo la madrugada del s\u00e1bado, y a pesar de haber dormido en el hotelito de Viella, se extra\u00f1a la cama y acabas por no dormir lo suficiente, al menos s\u00ed intentas descansar. Nos cae ese chirimiri cruzando el Coll du Portill\u00f3n que comunica el Valle de Ar\u00e1n con Francia, hacia Bagneres de Luch\u00f3n. Nubes bajas que pueden ser se\u00f1al de buen tiempo en altura pero lluvioso o h\u00famedo en cotas bajas, bajo el manto de nubes.<\/p>\n<div id=\"attachment_41511\" style=\"width: 1034px\" class=\"wp-caption aligncenter\"><a class=\"dt-single-image\" href=\"https:\/\/www.monta\u00f1asdelaluna.es\/wp-content\/uploads\/2020\/02\/israel-luis-y-dolors-junto-a-los-carteles-informaticos-de-recorridos.jpg\" data-dt-img-description=\"\"><img loading=\"lazy\" decoding=\"async\" aria-describedby=\"caption-attachment-41511\" class=\"wp-image-41511 size-large\" src=\"https:\/\/www.monta\u00f1asdelaluna.es\/wp-content\/uploads\/2020\/02\/israel-luis-y-dolors-junto-a-los-carteles-informaticos-de-recorridos-1024x683.jpg\" alt=\"Israel, Luis y Dolors junto a los carteles informaticos de recorridos\" width=\"1024\" height=\"683\" srcset=\"https:\/\/www.monta\u00f1asdelaluna.es\/wp-content\/uploads\/2020\/02\/israel-luis-y-dolors-junto-a-los-carteles-informaticos-de-recorridos-1024x683.jpg 1024w, https:\/\/www.monta\u00f1asdelaluna.es\/wp-content\/uploads\/2020\/02\/israel-luis-y-dolors-junto-a-los-carteles-informaticos-de-recorridos-300x200.jpg 300w, https:\/\/www.monta\u00f1asdelaluna.es\/wp-content\/uploads\/2020\/02\/israel-luis-y-dolors-junto-a-los-carteles-informaticos-de-recorridos.jpg 1788w\" sizes=\"auto, (max-width: 1024px) 100vw, 1024px\" \/><\/a><p id=\"caption-attachment-41511\" class=\"wp-caption-text\">Israel, Luis y Dolors junto a los carteles informaticos de recorridos<\/p><\/div>\n<div id=\"attachment_41509\" style=\"width: 1034px\" class=\"wp-caption aligncenter\"><a class=\"dt-single-image\" href=\"https:\/\/www.monta\u00f1asdelaluna.es\/wp-content\/uploads\/2020\/02\/IMG_0236.jpg\" data-dt-img-description=\"\"><img loading=\"lazy\" decoding=\"async\" aria-describedby=\"caption-attachment-41509\" class=\"wp-image-41509 size-large\" src=\"https:\/\/www.monta\u00f1asdelaluna.es\/wp-content\/uploads\/2020\/02\/IMG_0236-1024x683.jpg\" alt=\"Cascada d'Enfer\" width=\"1024\" height=\"683\" srcset=\"https:\/\/www.monta\u00f1asdelaluna.es\/wp-content\/uploads\/2020\/02\/IMG_0236-1024x683.jpg 1024w, https:\/\/www.monta\u00f1asdelaluna.es\/wp-content\/uploads\/2020\/02\/IMG_0236-300x200.jpg 300w, https:\/\/www.monta\u00f1asdelaluna.es\/wp-content\/uploads\/2020\/02\/IMG_0236.jpg 1788w\" sizes=\"auto, (max-width: 1024px) 100vw, 1024px\" \/><\/a><p id=\"caption-attachment-41509\" class=\"wp-caption-text\">Cascada d&#8217;Enfer<\/p><\/div>\n<p>Bajamos a Bagneres de Luch\u00f3n y de aqu\u00ed giramos hacia el sur por una carreterilla en busca del protegido Valle de Lys. Hacemos un giro a la derecha, oeste, para internarnos en el Valle de Lys. Al final de la carreterilla y del fondo del plano valle, m\u00e1s all\u00e1 de la buc\u00f3lica y peque\u00f1a poblaci\u00f3n de Bordes de Lis, hay uno o dos parkings para dejar los coches. M\u00e1s adelante del valle, el asfalto desaparece y aparece ante nosotros, al fondo, las primeras pendientes boscosas y preciosas, con inclinaci\u00f3n, del Valle de Lys. Son aproximadamente entre las 06:00 y las 06:30 de la ma\u00f1ana. El d\u00eda sigue con esa lluvia, ese chirimiri que no molesta al principio pero cala a los pocos minutos. Decidimos quedarnos en el coche y perder un tiempo precioso y decisivo, hasta una hora o dos horas m\u00e1s tarde, que ya haya parado de llover y podamos emprender la subida, el recorrido, sin mojarnos.<\/p>\n<p>Despu\u00e9s de dormirnos unos minutos o tiempo precioso en el coche, tanto para nuestro descanso como para el \u00e9xito de la ascensi\u00f3n, decidimos salir, a pesar de seguir encapotado el cielo, hacia las alturas del Maupas. Nos equipamos, ponemos las botas y cogemos valle arriba por un ancho camino entre el despoblado fondo del valle, cruzando, lo primero de todo, un puente sobre el r\u00edo que baja por en medio del mismo. Al otro lado, un cartel informativo, con un mapa nada cartogr\u00e1fico pero que te indica de una manera demasiado escueta los recorridos, sendas y caminos a seguir por este precioso Valle de Lys. Nuestra idea es subir lo primero de todo al alto Refugio de Maupas, a 2.430 metros de altura. Para ello y seg\u00fan un bonito cartel de madera con las letras y n\u00fameros grabados en la misma, debemos seguir las marcas rojas\u2026 el resto de marcas son para visitar una serie de lagos e ibones de alta monta\u00f1a, de especial belleza, que se reparten por toda la ladera norte del Pirineo y casi todos miran a este Valle de Lys.<\/p>\n<div id=\"attachment_41515\" style=\"width: 1798px\" class=\"wp-caption aligncenter\"><a class=\"dt-single-image\" href=\"https:\/\/www.monta\u00f1asdelaluna.es\/wp-content\/uploads\/2020\/02\/IMG_0241.jpg\" data-dt-img-description=\"\"><img loading=\"lazy\" decoding=\"async\" aria-describedby=\"caption-attachment-41515\" class=\"wp-image-41515 size-full\" src=\"https:\/\/www.monta\u00f1asdelaluna.es\/wp-content\/uploads\/2020\/02\/IMG_0241.jpg\" alt=\"Cascada d'Enfer\" width=\"1788\" height=\"1192\" srcset=\"https:\/\/www.monta\u00f1asdelaluna.es\/wp-content\/uploads\/2020\/02\/IMG_0241.jpg 1788w, https:\/\/www.monta\u00f1asdelaluna.es\/wp-content\/uploads\/2020\/02\/IMG_0241-300x200.jpg 300w, https:\/\/www.monta\u00f1asdelaluna.es\/wp-content\/uploads\/2020\/02\/IMG_0241-1024x683.jpg 1024w\" sizes=\"auto, (max-width: 1788px) 100vw, 1788px\" \/><\/a><p id=\"caption-attachment-41515\" class=\"wp-caption-text\">Cascada d&#8217;Enfer<\/p><\/div>\n<div id=\"attachment_41518\" style=\"width: 1034px\" class=\"wp-caption aligncenter\"><a class=\"dt-single-image\" href=\"https:\/\/www.monta\u00f1asdelaluna.es\/wp-content\/uploads\/2020\/02\/IMG_0245.jpg\" data-dt-img-description=\"\"><img loading=\"lazy\" decoding=\"async\" aria-describedby=\"caption-attachment-41518\" class=\"wp-image-41518 size-large\" src=\"https:\/\/www.monta\u00f1asdelaluna.es\/wp-content\/uploads\/2020\/02\/IMG_0245-1024x683.jpg\" alt=\"Dolors y Luis adentr\u00e1ndose en el hayedo\" width=\"1024\" height=\"683\" srcset=\"https:\/\/www.monta\u00f1asdelaluna.es\/wp-content\/uploads\/2020\/02\/IMG_0245-1024x683.jpg 1024w, https:\/\/www.monta\u00f1asdelaluna.es\/wp-content\/uploads\/2020\/02\/IMG_0245-300x200.jpg 300w, https:\/\/www.monta\u00f1asdelaluna.es\/wp-content\/uploads\/2020\/02\/IMG_0245.jpg 1788w\" sizes=\"auto, (max-width: 1024px) 100vw, 1024px\" \/><\/a><p id=\"caption-attachment-41518\" class=\"wp-caption-text\">Dolors y Luis adentr\u00e1ndose en el hayedo<\/p><\/div>\n<p>Al fondo, justo en medio del frondoso bosque, ya vemos y o\u00edmos una preciosa cascada casi oculta por las nubecillas que a\u00fan quedan. El paisaje realmente es muy bonito, hermoso, verde, con mucha agua, vida y belleza. Dicha cascada que queda al fondo, es la cascada d\u2019Enfer, por la cual se puede pensar que pasamos cerca, pero no\u2026 el camino perfectamente marcado y ancho, nos lleva m\u00e1s a la izquierda del valle, siguiendo el recorrido o cauce del caudaloso y ruidoso, en muchas ocasiones, R\u00edo Houradade, y poco a poco, mientras cogemos altura nos internamos en el formidable hayedo, bosque, de preciosos y \u00fanicos rincones, escondites de verdor y magia.<\/p>\n<p>La ancha e imperdible senda hace unos zigzags para ir cogiendo altura, mientras sigue a la vera, a cierta altura, del r\u00edo Houradade. Observamos mientras subimos, mientras caminamos, como han canalizado con maderas las regatas para que el agua no deshaga las pendientes, las inclinadas laderas, con sus avenidas caudalosas de agua. Es bonito por que intentan que sea algo natural, maderas, palos, que tranquilizan el transcurrir del agua y evita erosionar el terreno.<\/p>\n<div id=\"attachment_41521\" style=\"width: 1034px\" class=\"wp-caption aligncenter\"><a class=\"dt-single-image\" href=\"https:\/\/www.monta\u00f1asdelaluna.es\/wp-content\/uploads\/2020\/02\/IMG_0248.jpg\" data-dt-img-description=\"\"><img loading=\"lazy\" decoding=\"async\" aria-describedby=\"caption-attachment-41521\" class=\"wp-image-41521 size-large\" src=\"https:\/\/www.monta\u00f1asdelaluna.es\/wp-content\/uploads\/2020\/02\/IMG_0248-1024x683.jpg\" alt=\"Protecci\u00f3n para la erosi\u00f3n del agua\" width=\"1024\" height=\"683\" srcset=\"https:\/\/www.monta\u00f1asdelaluna.es\/wp-content\/uploads\/2020\/02\/IMG_0248-1024x683.jpg 1024w, https:\/\/www.monta\u00f1asdelaluna.es\/wp-content\/uploads\/2020\/02\/IMG_0248-300x200.jpg 300w, https:\/\/www.monta\u00f1asdelaluna.es\/wp-content\/uploads\/2020\/02\/IMG_0248.jpg 1788w\" sizes=\"auto, (max-width: 1024px) 100vw, 1024px\" \/><\/a><p id=\"caption-attachment-41521\" class=\"wp-caption-text\">Protecci\u00f3n para la erosi\u00f3n del agua<\/p><\/div>\n<div id=\"attachment_41525\" style=\"width: 1798px\" class=\"wp-caption aligncenter\"><a class=\"dt-single-image\" href=\"https:\/\/www.monta\u00f1asdelaluna.es\/wp-content\/uploads\/2020\/02\/IMG_0255.jpg\" data-dt-img-description=\"\"><img loading=\"lazy\" decoding=\"async\" aria-describedby=\"caption-attachment-41525\" class=\"wp-image-41525 size-full\" src=\"https:\/\/www.monta\u00f1asdelaluna.es\/wp-content\/uploads\/2020\/02\/IMG_0255.jpg\" alt=\"Hayedo en el Valle de Lys\" width=\"1788\" height=\"1192\" srcset=\"https:\/\/www.monta\u00f1asdelaluna.es\/wp-content\/uploads\/2020\/02\/IMG_0255.jpg 1788w, https:\/\/www.monta\u00f1asdelaluna.es\/wp-content\/uploads\/2020\/02\/IMG_0255-300x200.jpg 300w, https:\/\/www.monta\u00f1asdelaluna.es\/wp-content\/uploads\/2020\/02\/IMG_0255-1024x683.jpg 1024w\" sizes=\"auto, (max-width: 1788px) 100vw, 1788px\" \/><\/a><p id=\"caption-attachment-41525\" class=\"wp-caption-text\">Hayedo en el Valle de Lys<\/p><\/div>\n<p>A la vez entre este hayedo, bosque, de fantasmag\u00f3rico paisaje, vistas, encontramos muchas salamandras, que una vez ha dejado de llover, salen de sus escondites para recorrerse las h\u00famedas laderas \u00a1\u00a1Nunca hab\u00eda visto tantas salamandras!! Pero realmente el lugar, paisaje, bosque, era espectacular, con esa blanca, gris neblina y ese verde fosforito de los magn\u00edficos ejemplares de hayas que nos encontramos. Fotos por aqu\u00ed y por all\u00e1\u2026 a ver cu\u00e1l mejor, que rinc\u00f3n m\u00e1s bonito o que imagen m\u00e1s buc\u00f3lica, casi m\u00edstica. Precioso. No me hab\u00eda imaginado un lugar tan bonito como este.[vc_separator][\/vc_column_text][\/vc_column][\/vc_row][vc_row][vc_column][vc_empty_space][\/vc_column][\/vc_row][vc_row][vc_column][vc_video link=\u00bbhttps:\/\/vimeo.com\/389332146&#8243; title=\u00bbSalamandra en el Valle de Lys\u00bb][\/vc_column][\/vc_row][vc_row][vc_column][vc_empty_space][\/vc_column][\/vc_row][vc_row][vc_column][vc_column_text]Seguimos la senda. Deja de subir tanto y ahora se allana un poco, no est\u00e1 tan inclinada, aunque la pendiente sigue existiendo \u00a1Siempre para arriba! El bosque se va haciendo m\u00e1s claro a medida que cogemos altura, a medida que avanzamos, pero el paisaje, ahora entre roca y verdor de los prados, sigue siendo precioso. Lo \u00fanico malo es que con el tiempo encapotado y la neblina que a veces lo invade todo, no vemos nada, poco m\u00e1s all\u00e1 de estas grises nubes y poco terreno por delante o alrededor nuestro\u2026 aunque tambi\u00e9n tiene su encanto. Tampoco nos encontramos con nadie. Nadie en esta senda con la que poder compartir esta ascensi\u00f3n, este bello recorrido. Pocos o ning\u00fan coche aparcado en el fondo del valle\u2026 a la vuelta veremos uno o dos m\u00e1s solamente. Es una l\u00e1stima ya que el lugar es precioso.<\/p>\n<p>M\u00e1s arriba nos encontramos con alg\u00fan cruce de sendas y recorridos, estamos en el Pre de l\u2019Artigue; siempre hay que seguir en direcci\u00f3n al Refugio de Maupas. El recorrido est\u00e1 muy marcado con su pintura y cartelitos. El r\u00edo Houradade, cae en varias cascadas encajonadas en una especie de ca\u00f1\u00f3n o ca\u00f1oncito, entre los escarpes de las laderas y sus verdes perfiles boscosos, en numerosas partes del recorrido. Las primeras que vemos son las cascadas de Couer, Cau; y m\u00e1s arriba la que lleva el nombre del mismo r\u00edo, la cascada de Houradade y de La Coume. Preciosas y ruidosas. No podemos hacer muchas fotos, no encontramos la mejor postura entre la vegetaci\u00f3n y la ca\u00edda al r\u00edo casi vertical. Pero el espect\u00e1culo y lugar son magn\u00edficos, preciosos.<\/p>\n<div id=\"attachment_41532\" style=\"width: 1034px\" class=\"wp-caption aligncenter\"><a class=\"dt-single-image\" href=\"https:\/\/www.monta\u00f1asdelaluna.es\/wp-content\/uploads\/2020\/02\/cruzando-el-hayedo-del-valle-de-lys.jpg\" data-dt-img-description=\"\"><img loading=\"lazy\" decoding=\"async\" aria-describedby=\"caption-attachment-41532\" class=\"wp-image-41532 size-large\" src=\"https:\/\/www.monta\u00f1asdelaluna.es\/wp-content\/uploads\/2020\/02\/cruzando-el-hayedo-del-valle-de-lys-1024x683.jpg\" alt=\"Cruzando el hayedo del Valle de Lys\" width=\"1024\" height=\"683\" srcset=\"https:\/\/www.monta\u00f1asdelaluna.es\/wp-content\/uploads\/2020\/02\/cruzando-el-hayedo-del-valle-de-lys-1024x683.jpg 1024w, https:\/\/www.monta\u00f1asdelaluna.es\/wp-content\/uploads\/2020\/02\/cruzando-el-hayedo-del-valle-de-lys-300x200.jpg 300w, https:\/\/www.monta\u00f1asdelaluna.es\/wp-content\/uploads\/2020\/02\/cruzando-el-hayedo-del-valle-de-lys.jpg 1788w\" sizes=\"auto, (max-width: 1024px) 100vw, 1024px\" \/><\/a><p id=\"caption-attachment-41532\" class=\"wp-caption-text\">Cruzando el hayedo del Valle de Lys<\/p><\/div>\n<div id=\"attachment_41533\" style=\"width: 1034px\" class=\"wp-caption aligncenter\"><a class=\"dt-single-image\" href=\"https:\/\/www.monta\u00f1asdelaluna.es\/wp-content\/uploads\/2020\/02\/IMG_0269.jpg\" data-dt-img-description=\"\"><img loading=\"lazy\" decoding=\"async\" aria-describedby=\"caption-attachment-41533\" class=\"wp-image-41533 size-large\" src=\"https:\/\/www.monta\u00f1asdelaluna.es\/wp-content\/uploads\/2020\/02\/IMG_0269-1024x683.jpg\" alt=\"Cruzando el hayedo del Valle de Lys\" width=\"1024\" height=\"683\" srcset=\"https:\/\/www.monta\u00f1asdelaluna.es\/wp-content\/uploads\/2020\/02\/IMG_0269-1024x683.jpg 1024w, https:\/\/www.monta\u00f1asdelaluna.es\/wp-content\/uploads\/2020\/02\/IMG_0269-300x200.jpg 300w, https:\/\/www.monta\u00f1asdelaluna.es\/wp-content\/uploads\/2020\/02\/IMG_0269.jpg 1788w\" sizes=\"auto, (max-width: 1024px) 100vw, 1024px\" \/><\/a><p id=\"caption-attachment-41533\" class=\"wp-caption-text\">Cruzando el hayedo del Valle de Lys<\/p><\/div>\n<p>M\u00e1s arriba, el bosque ya est\u00e1 m\u00e1s claro, desaparecen las hayas y aparecen m\u00e1s calvas, prados y zonas con menos o nada de arbolado. Debemos girar a la derecha. Llev\u00e1bamos direcci\u00f3n sureste paralelos al r\u00edo Houradade. Ahora giramos como en diagonal por la ladera o perfil de la monta\u00f1a (que sigue invisible por a niebla y nubes bajas), hacia el oeste, cogiendo menos altura, como atravesando esa ladera o parte de la monta\u00f1a. De esta manera pasamos por pasarelas met\u00e1licas de malla agujereada, para que puedas ver hacia abajo al otro lado de estos agujeros, el fondo del rabioso y turbulento rio que baja de la monta\u00f1a. Verdaderas aguas bravas que gritan con todo grave o agudo, cada vez que chocan entre ellas o con las rocas en esta r\u00e1pida y temible bajada de la monta\u00f1a hacia el fondo del valle o hacia el r\u00edo Houradade.<\/p>\n<p>Cruzamos lugares con prados y algo de agua estancada, hasta llegar a un punto que comienza una empinada ladera y los primeros y profundos neveros. Aqu\u00ed de nuevo giramos y comenzamos a subir, en zigzag la mayor parte del tiempo, ladera, pendiente, arriba. Ya se ha acabado el bosque, los prados, ahora todo es tierra y roca, y una pendiente que quiere subir entre la niebla hacia lo m\u00e1s alto de la monta\u00f1a.<\/p>\n<p>M\u00e1s arriba aparece por nuestra derecha unos cables de un telef\u00e9rico o funicular, y bajo \u00e9ste, una construcci\u00f3n en mitad de la subida: un refugio o edificio que guarda el funicular. Es la Caba\u00f1a y Estaci\u00f3n Prat-Long a 1.871 mts. Pasamos junto a ella y observamos el lugar sin llegar a pararnos. Seguimos por el recorrido muy bien marcado, a veces saltando entre las piedras para no hundirnos en la nieve por una ladera o pendiente con notable desnivel. Cada vez los neveros son m\u00e1s numerosos y anchos\u2026 pero las nubes y las nieblas no se disipan, siguen ocultando la monta\u00f1a y me da la sensaci\u00f3n de estar subiendo a ciegas. Si no fuera por las marcas de la senda y recorrido bien indicadas y precisas.<\/p>\n<div id=\"attachment_41536\" style=\"width: 1034px\" class=\"wp-caption aligncenter\"><a class=\"dt-single-image\" href=\"https:\/\/www.monta\u00f1asdelaluna.es\/wp-content\/uploads\/2020\/02\/zona-de-las-cascadas-de-calahoure-de-houradade-y-de-la-coume.jpg\" data-dt-img-description=\"\"><img loading=\"lazy\" decoding=\"async\" aria-describedby=\"caption-attachment-41536\" class=\"wp-image-41536 size-large\" src=\"https:\/\/www.monta\u00f1asdelaluna.es\/wp-content\/uploads\/2020\/02\/zona-de-las-cascadas-de-calahoure-de-houradade-y-de-la-coume-1024x768.jpg\" alt=\"Zona de las cascadas de Calahoure, de Houradade y de la Coume\" width=\"1024\" height=\"768\" srcset=\"https:\/\/www.monta\u00f1asdelaluna.es\/wp-content\/uploads\/2020\/02\/zona-de-las-cascadas-de-calahoure-de-houradade-y-de-la-coume-1024x768.jpg 1024w, https:\/\/www.monta\u00f1asdelaluna.es\/wp-content\/uploads\/2020\/02\/zona-de-las-cascadas-de-calahoure-de-houradade-y-de-la-coume-300x225.jpg 300w, https:\/\/www.monta\u00f1asdelaluna.es\/wp-content\/uploads\/2020\/02\/zona-de-las-cascadas-de-calahoure-de-houradade-y-de-la-coume.jpg 1720w\" sizes=\"auto, (max-width: 1024px) 100vw, 1024px\" \/><\/a><p id=\"caption-attachment-41536\" class=\"wp-caption-text\">Zona de las cascadas de Calahoure, de Houradade y de la Coume<\/p><\/div>\n<div id=\"attachment_41541\" style=\"width: 1034px\" class=\"wp-caption aligncenter\"><a class=\"dt-single-image\" href=\"https:\/\/www.monta\u00f1asdelaluna.es\/wp-content\/uploads\/2020\/02\/IMG_0275.jpg\" data-dt-img-description=\"\"><img loading=\"lazy\" decoding=\"async\" aria-describedby=\"caption-attachment-41541\" class=\"wp-image-41541 size-large\" src=\"https:\/\/www.monta\u00f1asdelaluna.es\/wp-content\/uploads\/2020\/02\/IMG_0275-1024x683.jpg\" alt=\"Camino del Refugio de Prat-Long\" width=\"1024\" height=\"683\" srcset=\"https:\/\/www.monta\u00f1asdelaluna.es\/wp-content\/uploads\/2020\/02\/IMG_0275-1024x683.jpg 1024w, https:\/\/www.monta\u00f1asdelaluna.es\/wp-content\/uploads\/2020\/02\/IMG_0275-300x200.jpg 300w, https:\/\/www.monta\u00f1asdelaluna.es\/wp-content\/uploads\/2020\/02\/IMG_0275.jpg 1788w\" sizes=\"auto, (max-width: 1024px) 100vw, 1024px\" \/><\/a><p id=\"caption-attachment-41541\" class=\"wp-caption-text\">Camino del Refugio de Prat-Long<\/p><\/div>\n<p>Casi, casi que seguimos paralelos a las torres y cables del funicular, y a un ancho tubo clavado al suelo por pedestales de hormig\u00f3n, para arriba y sin variar la direcci\u00f3n. Al final estos elementos ser\u00e1n los que nos gu\u00eden para el ascenso en direcci\u00f3n al Refugio de Maupas. Poco despu\u00e9s de dejar atr\u00e1s el refugio o Caba\u00f1a y Estaci\u00f3n Prat-Long, hay un cruce de recorridos: hay que tener cuidado porque en los primeros metros me equivoqu\u00e9 sin saberlo y seguimos hacia la izquierda y este, sin subidas, atravesando la ladera rocosa, un recorrido que se dirig\u00eda hacia unos lagos. Me percato por que la senda deja de subir, de coger altura\u2026 vuelta atr\u00e1s y llegados al punto donde pensaba nos hab\u00edamos desviado, descubrimos, observando bien, las marcas del recorrido que llev\u00e1bamos. Hacia arriba por la misma ladera, en direcci\u00f3n al Refugio de Maupas. Creo recordar que las marcas que segu\u00edamos eran azules, y a partir de este desv\u00edo o cruce de recorridos, cambiaron de color\u2026 no recuerdo si al blanco\u2026 no hacerme mucho caso aqu\u00ed.<\/p>\n<p>Nosotros debemos seguir con el zigzag ganando altura r\u00e1pido en esta ladera con pendiente, de la monta\u00f1a, dejando el funicular a nuestra derecha, a medida que subimos. Poco m\u00e1s arriba creo que nos encontramos con otro cruce de recorridos: otro recorrido que cruza en perpendicular la direcci\u00f3n que llevamos, de oeste a este. Creo que de este no nos percatamos y seguimos la senda empinada y en zigzag entre grandes neveros y terreno pedregoso, la senda casi paralela al funicular.<\/p>\n<p>Poco m\u00e1s arriba, la senda cruza por debajo de la nombrada tuber\u00eda, por debajo de los altos cables del funicular, con un escrito en uno de los soportes, pedestales de hormig\u00f3n de la misma tuber\u00eda, que en rojo y dibujado una flecha, nos indica el camino hacia el ya cercano Refugio de Maupas\u2026 aunque la niebla no se disipa; da la sensaci\u00f3n de que estar\u00e1 acompa\u00f1\u00e1ndonos toda la actividad\u2026 aunque de vez en cuando y ahora que ya estamos a m\u00e1s altura, alg\u00fan clarito deja ver el cielo azul arriba entre las nubes, las nieblas\u2026 eso es se\u00f1al de que las nubes est\u00e1n a media altura y desde arriba se quedaran abajo, dej\u00e1ndonos ver un magn\u00edfico espect\u00e1culo del paisaje pirenaico franc\u00e9s, con el Valle de Lys abajo y la verde cara norte de esta preciosa cordillera.<\/p>\n<div id=\"attachment_41549\" style=\"width: 1034px\" class=\"wp-caption aligncenter\"><a class=\"dt-single-image\" href=\"https:\/\/www.monta\u00f1asdelaluna.es\/wp-content\/uploads\/2020\/02\/abajo-quedan-los-edificios-del-refugio-de-prat-long.jpg\" data-dt-img-description=\"\"><img loading=\"lazy\" decoding=\"async\" aria-describedby=\"caption-attachment-41549\" class=\"wp-image-41549 size-large\" src=\"https:\/\/www.monta\u00f1asdelaluna.es\/wp-content\/uploads\/2020\/02\/abajo-quedan-los-edificios-del-refugio-de-prat-long-1024x683.jpg\" alt=\"Abajo quedan los edificios del Refugio de Prat-Long\" width=\"1024\" height=\"683\" srcset=\"https:\/\/www.monta\u00f1asdelaluna.es\/wp-content\/uploads\/2020\/02\/abajo-quedan-los-edificios-del-refugio-de-prat-long-1024x683.jpg 1024w, https:\/\/www.monta\u00f1asdelaluna.es\/wp-content\/uploads\/2020\/02\/abajo-quedan-los-edificios-del-refugio-de-prat-long-300x200.jpg 300w, https:\/\/www.monta\u00f1asdelaluna.es\/wp-content\/uploads\/2020\/02\/abajo-quedan-los-edificios-del-refugio-de-prat-long.jpg 1788w\" sizes=\"auto, (max-width: 1024px) 100vw, 1024px\" \/><\/a><p id=\"caption-attachment-41549\" class=\"wp-caption-text\">Abajo quedan los edificios del Refugio de Prat-Long<\/p><\/div>\n<div id=\"attachment_41551\" style=\"width: 1034px\" class=\"wp-caption aligncenter\"><a class=\"dt-single-image\" href=\"https:\/\/www.monta\u00f1asdelaluna.es\/wp-content\/uploads\/2020\/02\/IMG_0287.jpg\" data-dt-img-description=\"\"><img loading=\"lazy\" decoding=\"async\" aria-describedby=\"caption-attachment-41551\" class=\"wp-image-41551 size-large\" src=\"https:\/\/www.monta\u00f1asdelaluna.es\/wp-content\/uploads\/2020\/02\/IMG_0287-1024x683.jpg\" alt=\"Subiendo al Refugio de Maupas\" width=\"1024\" height=\"683\" srcset=\"https:\/\/www.monta\u00f1asdelaluna.es\/wp-content\/uploads\/2020\/02\/IMG_0287-1024x683.jpg 1024w, https:\/\/www.monta\u00f1asdelaluna.es\/wp-content\/uploads\/2020\/02\/IMG_0287-300x200.jpg 300w, https:\/\/www.monta\u00f1asdelaluna.es\/wp-content\/uploads\/2020\/02\/IMG_0287.jpg 1788w\" sizes=\"auto, (max-width: 1024px) 100vw, 1024px\" \/><\/a><p id=\"caption-attachment-41551\" class=\"wp-caption-text\">Subiendo al Refugio de Maupas<\/p><\/div>\n<p>Exacto. Despu\u00e9s de seguir las indicaciones escritas como un grafiti en el pedestal de hormig\u00f3n de la tuber\u00eda, dejamos de subir, coger altura, y girar a la derecha, suroeste; dejamos la direcci\u00f3n sur que llev\u00e1bamos monta\u00f1a arriba. Y pocos metros m\u00e1s, en un hueco entre la monta\u00f1a y neveros, junto a una especie de lagunita o charca grande, aparece entre la niebla una peque\u00f1a construcci\u00f3n con colchones como aire\u00e1ndose en la pared del edificio por fuera\u2026 es el Refugio de Maupas, a 2.430 mts.<\/p>\n<p>Pocos pasos m\u00e1s entre el nevero y el terreno pedregoso y llegamos hasta la terracita del Refugio de Maupas. Hay poca o ninguna gente aparte del guarda, que parece est\u00e1 arreglando, preparando, el refugio para este verano. Hace algo de fresco, pero es por el sudor que nos recorre las mojadas prendas por el esfuerzo de la subida. Nos cambiamos y pensamos \u00bfQu\u00e9 hacemos? Dolors no lo ve claro para seguir hasta la cima del Maupas, yo no estoy 100% convencido pero soy el que m\u00e1s ganas tiene de subir, las nubes no se van, siguen tapando los perfiles y belleza de la monta\u00f1a. Consultamos con el guarda como estar\u00e1 la subida\u2026 Con lo que al final, despu\u00e9s de debatirlo decidimos de no subir\u2026 pero Luis quiere hacer, aunque sea una cimita cercana\u2026 vamos a ver despu\u00e9s de tomar un chocolate caliente\u2026<\/p>\n<div id=\"attachment_41552\" style=\"width: 1034px\" class=\"wp-caption aligncenter\"><a class=\"dt-single-image\" href=\"https:\/\/www.monta\u00f1asdelaluna.es\/wp-content\/uploads\/2020\/02\/pasamos-por-debajo-el-tubo-y-funicular-para-llegar-al-refugio-de-maupas.jpg\" data-dt-img-description=\"\"><img loading=\"lazy\" decoding=\"async\" aria-describedby=\"caption-attachment-41552\" class=\"wp-image-41552 size-large\" src=\"https:\/\/www.monta\u00f1asdelaluna.es\/wp-content\/uploads\/2020\/02\/pasamos-por-debajo-el-tubo-y-funicular-para-llegar-al-refugio-de-maupas-1024x683.jpg\" alt=\"Pasamos por debajo el tubo y funicular para llegar al Refugio de Maupas\" width=\"1024\" height=\"683\" srcset=\"https:\/\/www.monta\u00f1asdelaluna.es\/wp-content\/uploads\/2020\/02\/pasamos-por-debajo-el-tubo-y-funicular-para-llegar-al-refugio-de-maupas-1024x683.jpg 1024w, https:\/\/www.monta\u00f1asdelaluna.es\/wp-content\/uploads\/2020\/02\/pasamos-por-debajo-el-tubo-y-funicular-para-llegar-al-refugio-de-maupas-300x200.jpg 300w, https:\/\/www.monta\u00f1asdelaluna.es\/wp-content\/uploads\/2020\/02\/pasamos-por-debajo-el-tubo-y-funicular-para-llegar-al-refugio-de-maupas.jpg 1788w\" sizes=\"auto, (max-width: 1024px) 100vw, 1024px\" \/><\/a><p id=\"caption-attachment-41552\" class=\"wp-caption-text\">Pasamos por debajo el tubo y funicular para llegar al Refugio de Maupas<\/p><\/div>\n<div id=\"attachment_41553\" style=\"width: 1034px\" class=\"wp-caption aligncenter\"><a class=\"dt-single-image\" href=\"https:\/\/www.monta\u00f1asdelaluna.es\/wp-content\/uploads\/2020\/02\/dolors-luis-e-israel-subiendo-al-refugio-de-maupas.jpg\" data-dt-img-description=\"\"><img loading=\"lazy\" decoding=\"async\" aria-describedby=\"caption-attachment-41553\" class=\"wp-image-41553 size-large\" src=\"https:\/\/www.monta\u00f1asdelaluna.es\/wp-content\/uploads\/2020\/02\/dolors-luis-e-israel-subiendo-al-refugio-de-maupas-1024x683.jpg\" alt=\"Dolors, Luis e Israel subiendo al Refugio de Maupas\" width=\"1024\" height=\"683\" srcset=\"https:\/\/www.monta\u00f1asdelaluna.es\/wp-content\/uploads\/2020\/02\/dolors-luis-e-israel-subiendo-al-refugio-de-maupas-1024x683.jpg 1024w, https:\/\/www.monta\u00f1asdelaluna.es\/wp-content\/uploads\/2020\/02\/dolors-luis-e-israel-subiendo-al-refugio-de-maupas-300x200.jpg 300w, https:\/\/www.monta\u00f1asdelaluna.es\/wp-content\/uploads\/2020\/02\/dolors-luis-e-israel-subiendo-al-refugio-de-maupas.jpg 1788w\" sizes=\"auto, (max-width: 1024px) 100vw, 1024px\" \/><\/a><p id=\"caption-attachment-41553\" class=\"wp-caption-text\">Dolors, Luis e Israel subiendo al Refugio de Maupas<\/p><\/div>\n<p>El lugar es precioso si las nubes no taparan las monta\u00f1as cercanas, sobre todo mirando hacia el oeste, noroeste, con ese circo de Crabioules rodeado de altas monta\u00f1as que superan los tres mil metros, el mismo Crabioules, Lezat, Gran Quayrat&#8230; se pueden ver desde aqu\u00ed. Tiene que ser todo un espect\u00e1culo. Detr\u00e1s del refugio ya queda una cresta y roca viva t\u00edpica de esta alta monta\u00f1a pirenaica, y aunque tapadas por las nubes, el guarda nos dice por donde es la subida, donde est\u00e1 el \u201cmal paso\u201d, y que ahora con nieve (si estuviera dura) se podr\u00eda pasar, cruzar, mejor\u2026 pero nada, al final se ha hecho demasiado tarde o m\u00e1s bien se nos har\u00e1 demasiado tarde en la bajada, si intentamos la subida a la cima hoy. Y el camino de vuelta igual puede ser perdedor, por los neveros que esconden las marcas para llegar a la zona m\u00e1s boscosa y de praderas.<\/p>\n<p>Despu\u00e9s de un tiempo de descanso y al ver que el tiempo no se despeja, ya tenemos intenci\u00f3n de bajar, de volver, desandando lo subido. Pero Luis dice que al menos subamos alg\u00fan piquito o loma cercana con nombre; que muy cerca est\u00e1 la Tusse de Prat Long, a escasos 20 minutos cruzando los tubos, funicular (que por cierto acababa muy cerca, pocos metros m\u00e1s arriba), hacia el este por la misma ladera o altura que el Refugio de Maupas\u2026 al final me convence y nos acercamos, total no es tanto\u2026 al que no convence es a Israel.<\/p>\n<p>Dicho esto, salimos equipados de nuevo del refugio, desandando lo caminado hasta los tubos (no s\u00e9 si a la misma altura o poco m\u00e1s arriba) y seguimos la ladera entre la niebla y las nubes bajas, en la que a veces no ve\u00edamos m\u00e1s all\u00e1 de 50 metros. Llega un momento que se vislumbra una especie de ladera muy inclinada, medio rocosa y medio herbosa. La cosa se pone interesante. La inclinaci\u00f3n es tal que tengo que poner las manos en alg\u00fan momento. Es una especie de cresta o pendiente escarpada que nos lleva hasta la cima de la Tusse de Prat Long. Antes hemos girado para encarar esta especie de ladera o pendiente, hacia la derecha y arriba. Se puede decir que una vez que sigues una especie de traza hacia el oeste despu\u00e9s de cruzar los tubos, la subida es el primer \u201cespol\u00f3n\u201d o crestecilla que se cruza en el camino, dejando visiblemente las dos vertientes o caras, a cada lado de la misma\u2026 pero sin llegar a ser una cresta puntiaguda ni nada t\u00e9cnica, solo empinada y algo aireada.<\/p>\n<div id=\"attachment_41555\" style=\"width: 1034px\" class=\"wp-caption aligncenter\"><a class=\"dt-single-image\" href=\"https:\/\/www.monta\u00f1asdelaluna.es\/wp-content\/uploads\/2020\/02\/llegando-al-refugio-de-maupas.jpg\" data-dt-img-description=\"\"><img loading=\"lazy\" decoding=\"async\" aria-describedby=\"caption-attachment-41555\" class=\"wp-image-41555 size-large\" src=\"https:\/\/www.monta\u00f1asdelaluna.es\/wp-content\/uploads\/2020\/02\/llegando-al-refugio-de-maupas-1024x683.jpg\" alt=\"Llegando al Refugio de Maupas\" width=\"1024\" height=\"683\" srcset=\"https:\/\/www.monta\u00f1asdelaluna.es\/wp-content\/uploads\/2020\/02\/llegando-al-refugio-de-maupas-1024x683.jpg 1024w, https:\/\/www.monta\u00f1asdelaluna.es\/wp-content\/uploads\/2020\/02\/llegando-al-refugio-de-maupas-300x200.jpg 300w, https:\/\/www.monta\u00f1asdelaluna.es\/wp-content\/uploads\/2020\/02\/llegando-al-refugio-de-maupas.jpg 1788w\" sizes=\"auto, (max-width: 1024px) 100vw, 1024px\" \/><\/a><p id=\"caption-attachment-41555\" class=\"wp-caption-text\">Llegando al Refugio de Maupas<\/p><\/div>\n<div id=\"attachment_41557\" style=\"width: 1034px\" class=\"wp-caption aligncenter\"><a class=\"dt-single-image\" href=\"https:\/\/www.monta\u00f1asdelaluna.es\/wp-content\/uploads\/2020\/02\/refugio-de-maupas-2-430-mts.jpg\" data-dt-img-description=\"\"><img loading=\"lazy\" decoding=\"async\" aria-describedby=\"caption-attachment-41557\" class=\"wp-image-41557 size-large\" src=\"https:\/\/www.monta\u00f1asdelaluna.es\/wp-content\/uploads\/2020\/02\/refugio-de-maupas-2-430-mts-1024x683.jpg\" alt=\"Refugio de Maupas, 2.430 mts.\" width=\"1024\" height=\"683\" srcset=\"https:\/\/www.monta\u00f1asdelaluna.es\/wp-content\/uploads\/2020\/02\/refugio-de-maupas-2-430-mts-1024x683.jpg 1024w, https:\/\/www.monta\u00f1asdelaluna.es\/wp-content\/uploads\/2020\/02\/refugio-de-maupas-2-430-mts-300x200.jpg 300w, https:\/\/www.monta\u00f1asdelaluna.es\/wp-content\/uploads\/2020\/02\/refugio-de-maupas-2-430-mts.jpg 1788w\" sizes=\"auto, (max-width: 1024px) 100vw, 1024px\" \/><\/a><p id=\"caption-attachment-41557\" class=\"wp-caption-text\">Refugio de Maupas, 2.430 mts.<\/p><\/div>\n<div id=\"attachment_41560\" style=\"width: 1034px\" class=\"wp-caption aligncenter\"><a class=\"dt-single-image\" href=\"https:\/\/www.monta\u00f1asdelaluna.es\/wp-content\/uploads\/2020\/02\/joaquin-e-israel-en-el-refugio-de-maupas-2-430-mts.jpg\" data-dt-img-description=\"\"><img loading=\"lazy\" decoding=\"async\" aria-describedby=\"caption-attachment-41560\" class=\"wp-image-41560 size-large\" src=\"https:\/\/www.monta\u00f1asdelaluna.es\/wp-content\/uploads\/2020\/02\/joaquin-e-israel-en-el-refugio-de-maupas-2-430-mts-1024x768.jpg\" alt=\"Joaqu\u00edn e Israel en el Refugio de Maupas, 2.430 mts.\" width=\"1024\" height=\"768\" srcset=\"https:\/\/www.monta\u00f1asdelaluna.es\/wp-content\/uploads\/2020\/02\/joaquin-e-israel-en-el-refugio-de-maupas-2-430-mts-1024x768.jpg 1024w, https:\/\/www.monta\u00f1asdelaluna.es\/wp-content\/uploads\/2020\/02\/joaquin-e-israel-en-el-refugio-de-maupas-2-430-mts-300x225.jpg 300w, https:\/\/www.monta\u00f1asdelaluna.es\/wp-content\/uploads\/2020\/02\/joaquin-e-israel-en-el-refugio-de-maupas-2-430-mts.jpg 1720w\" sizes=\"auto, (max-width: 1024px) 100vw, 1024px\" \/><\/a><p id=\"caption-attachment-41560\" class=\"wp-caption-text\">Joaqu\u00edn e Israel en el Refugio de Maupas, 2.430 mts.<\/p><\/div>\n<p>Poco tiempo despu\u00e9s llegamos a la cimita redondeada de la Tusse de Prat Long a 2.541 mts. Fotos sin vistas de cima, niebla y nubes bajas, pero aun as\u00ed Luis ten\u00eda raz\u00f3n, celebramos esta cimita con el orgullo de subir un alto pico del Pirineo despu\u00e9s de toda la subida. La GoPro de Luis hace unas fotos que parece estemos en una escarpada y diminuta cima, con vac\u00edos a cada lado\u2026 Es incre\u00edble c\u00f3mo cambia la percepci\u00f3n de la vida seg\u00fan el cristal con el que se mire.<\/p>\n<p>Para bajar Luis y Dolors escogieron el mismo recorrido de subida, desandando lo ascendido hasta el punto del recorrido se\u00f1alado donde nos esperaba Israel. Yo por el contrario decido seguir por la parte alta de la ladera a la altura de la cima en direcci\u00f3n al tubo, al funicular, al Refugio de Maupas, sin bajar altura, hasta un punto de la ladera en la que pueda girar y bajar pendiente abajo. La niebla si cabe era m\u00e1s espesa y la solitud en esta monta\u00f1a era igual de intensa y envolvente. No se ve\u00eda ni o\u00eda nada a media distancia, menos mis pisadas y respiraci\u00f3n. Pero sab\u00eda por d\u00f3nde hab\u00eda que ir, es m\u00e1s, antes de llegar al \u201cespol\u00f3n\u201d adivin\u00e9 un ancho e inclinado nevero por el que dije bajar, ya que bajaba desde las mismas inmediaciones de la cima de este piquito redondeado. Pero al llegar al comienzo del nevero desde arriba comprob\u00e9 que era en parte nieve blanda, con supuestos agujeros, trampas, debajo, o nieve helada, en la que deber\u00eda de hacer uso de crampones que no llevaba puestos. Con lo que al final decid\u00ed, entre varios intentos, seguir a la misma altura de la cima de la Tusse de Prat Long en diagonal, hasta los tubos se\u00f1alados.<\/p>\n<div id=\"attachment_41562\" style=\"width: 1034px\" class=\"wp-caption aligncenter\"><a class=\"dt-single-image\" href=\"https:\/\/www.monta\u00f1asdelaluna.es\/wp-content\/uploads\/2020\/02\/IMG_0300.jpg\" data-dt-img-description=\"\"><img loading=\"lazy\" decoding=\"async\" aria-describedby=\"caption-attachment-41562\" class=\"wp-image-41562 size-large\" src=\"https:\/\/www.monta\u00f1asdelaluna.es\/wp-content\/uploads\/2020\/02\/IMG_0300-1024x683.jpg\" alt=\"Dolors y Luis subiendo a la Tusse de Prat Long\" width=\"1024\" height=\"683\" srcset=\"https:\/\/www.monta\u00f1asdelaluna.es\/wp-content\/uploads\/2020\/02\/IMG_0300-1024x683.jpg 1024w, https:\/\/www.monta\u00f1asdelaluna.es\/wp-content\/uploads\/2020\/02\/IMG_0300-300x200.jpg 300w, https:\/\/www.monta\u00f1asdelaluna.es\/wp-content\/uploads\/2020\/02\/IMG_0300.jpg 1788w\" sizes=\"auto, (max-width: 1024px) 100vw, 1024px\" \/><\/a><p id=\"caption-attachment-41562\" class=\"wp-caption-text\">Dolors y Luis subiendo a la Tusse de Prat Long<\/p><\/div>\n<div id=\"attachment_41569\" style=\"width: 1034px\" class=\"wp-caption aligncenter\"><a class=\"dt-single-image\" href=\"https:\/\/www.monta\u00f1asdelaluna.es\/wp-content\/uploads\/2020\/02\/IMG_0309B.jpg\" data-dt-img-description=\"\"><img loading=\"lazy\" decoding=\"async\" aria-describedby=\"caption-attachment-41569\" class=\"wp-image-41569 size-large\" src=\"https:\/\/www.monta\u00f1asdelaluna.es\/wp-content\/uploads\/2020\/02\/IMG_0309B-1024x768.jpg\" alt=\"Joaqu\u00edn, Luis y Dolors en la cima de la Tusse de Prat Long, 2.541 mts.\" width=\"1024\" height=\"768\" srcset=\"https:\/\/www.monta\u00f1asdelaluna.es\/wp-content\/uploads\/2020\/02\/IMG_0309B-1024x768.jpg 1024w, https:\/\/www.monta\u00f1asdelaluna.es\/wp-content\/uploads\/2020\/02\/IMG_0309B-300x225.jpg 300w, https:\/\/www.monta\u00f1asdelaluna.es\/wp-content\/uploads\/2020\/02\/IMG_0309B.jpg 1720w\" sizes=\"auto, (max-width: 1024px) 100vw, 1024px\" \/><\/a><p id=\"caption-attachment-41569\" class=\"wp-caption-text\">Joaqu\u00edn, Luis y Dolors en la cima de la Tusse de Prat Long, 2.541 mts.<\/p><\/div>\n<div id=\"attachment_41576\" style=\"width: 1034px\" class=\"wp-caption aligncenter\"><a class=\"dt-single-image\" href=\"https:\/\/www.monta\u00f1asdelaluna.es\/wp-content\/uploads\/2020\/02\/luis-y-dolors-bajando-junto-al-rio-houradade.jpg\" data-dt-img-description=\"\"><img loading=\"lazy\" decoding=\"async\" aria-describedby=\"caption-attachment-41576\" class=\"wp-image-41576 size-large\" src=\"https:\/\/www.monta\u00f1asdelaluna.es\/wp-content\/uploads\/2020\/02\/luis-y-dolors-bajando-junto-al-rio-houradade-1024x683.jpg\" alt=\"Luis y Dolors bajando junto al r\u00edo Houradade\" width=\"1024\" height=\"683\" srcset=\"https:\/\/www.monta\u00f1asdelaluna.es\/wp-content\/uploads\/2020\/02\/luis-y-dolors-bajando-junto-al-rio-houradade-1024x683.jpg 1024w, https:\/\/www.monta\u00f1asdelaluna.es\/wp-content\/uploads\/2020\/02\/luis-y-dolors-bajando-junto-al-rio-houradade-300x200.jpg 300w, https:\/\/www.monta\u00f1asdelaluna.es\/wp-content\/uploads\/2020\/02\/luis-y-dolors-bajando-junto-al-rio-houradade.jpg 1788w\" sizes=\"auto, (max-width: 1024px) 100vw, 1024px\" \/><\/a><p id=\"caption-attachment-41576\" class=\"wp-caption-text\">Luis y Dolors bajando junto al r\u00edo Houradade<\/p><\/div>\n<p>Una vez en los tubos, bajo los cables del funicular, solo tengo que seguirlos hacia abajo hasta encontrar el cruce o huella de las pisadas entre el recorrido y la ubicaci\u00f3n del Refugio de Maupas. Por aqu\u00ed tambi\u00e9n lleg\u00f3 a pasar algo parecido: neveros con pendiente inclinada, nieve blanda o dura, pero al final, despacio y buena letra, llego a la huella para reunirme con mis compa\u00f1eros que est\u00e1n unos metros m\u00e1s abajo. La soledad y la invisibilidad del paisaje siguen siendo la nota predominante en el paisaje, en la monta\u00f1a.<\/p>\n<p>Me re\u00fano con Luis, Dolors e Israel, y comenzamos la bajada en busca del coche deshaciendo el recorrido, los pasos de subida: toda la bajada en zigzag hasta las construcciones de Prat-Long, giramos a la derecha y este para seguir hasta la zona de La Coume, para de nuevo girar siguiendo o paralelos al cauce del r\u00edo Houradade hasta salir del bosque en la parte baja y llana del valle, donde el rio Houradade se une con otro en\u00e9rgico arroyo para formar el r\u00edo de Lys\u2026 casi junto al aparcamiento del coche.<\/p>\n<div id=\"attachment_41578\" style=\"width: 1798px\" class=\"wp-caption aligncenter\"><a class=\"dt-single-image\" href=\"https:\/\/www.monta\u00f1asdelaluna.es\/wp-content\/uploads\/2020\/02\/hayedo-del-valle-de-lys.jpg\" data-dt-img-description=\"\"><img loading=\"lazy\" decoding=\"async\" aria-describedby=\"caption-attachment-41578\" class=\"wp-image-41578 size-full\" src=\"https:\/\/www.monta\u00f1asdelaluna.es\/wp-content\/uploads\/2020\/02\/hayedo-del-valle-de-lys.jpg\" alt=\"Hayedo del Valle de Lys\" width=\"1788\" height=\"1192\" srcset=\"https:\/\/www.monta\u00f1asdelaluna.es\/wp-content\/uploads\/2020\/02\/hayedo-del-valle-de-lys.jpg 1788w, https:\/\/www.monta\u00f1asdelaluna.es\/wp-content\/uploads\/2020\/02\/hayedo-del-valle-de-lys-300x200.jpg 300w, https:\/\/www.monta\u00f1asdelaluna.es\/wp-content\/uploads\/2020\/02\/hayedo-del-valle-de-lys-1024x683.jpg 1024w\" sizes=\"auto, (max-width: 1788px) 100vw, 1788px\" \/><\/a><p id=\"caption-attachment-41578\" class=\"wp-caption-text\">Hayedo del Valle de Lys<\/p><\/div>\n<div id=\"attachment_41587\" style=\"width: 1798px\" class=\"wp-caption aligncenter\"><a class=\"dt-single-image\" href=\"https:\/\/www.monta\u00f1asdelaluna.es\/wp-content\/uploads\/2020\/02\/IMG_0336.jpg\" data-dt-img-description=\"\"><img loading=\"lazy\" decoding=\"async\" aria-describedby=\"caption-attachment-41587\" class=\"wp-image-41587 size-full\" src=\"https:\/\/www.monta\u00f1asdelaluna.es\/wp-content\/uploads\/2020\/02\/IMG_0336.jpg\" alt=\"Hayedo del Valle de Lys\" width=\"1788\" height=\"1192\" srcset=\"https:\/\/www.monta\u00f1asdelaluna.es\/wp-content\/uploads\/2020\/02\/IMG_0336.jpg 1788w, https:\/\/www.monta\u00f1asdelaluna.es\/wp-content\/uploads\/2020\/02\/IMG_0336-300x200.jpg 300w, https:\/\/www.monta\u00f1asdelaluna.es\/wp-content\/uploads\/2020\/02\/IMG_0336-1024x683.jpg 1024w\" sizes=\"auto, (max-width: 1788px) 100vw, 1788px\" \/><\/a><p id=\"caption-attachment-41587\" class=\"wp-caption-text\">Hayedo del Valle de Lys<\/p><\/div>\n<p>Nada m\u00e1s comenzar el descenso desde el punto se\u00f1alado y de reuni\u00f3n, y antes de llegar a Prat-Long, vemos, ya por fin, monta\u00f1eras que suben por la senda en busca de las alturas o del Refugio de Maupas. No est\u00e1 tan sola la monta\u00f1a. M\u00e1s abajo el recorrido junto a las cascadas del r\u00edo Houradade, nos despierta el sentido del o\u00eddo y vida de la monta\u00f1a, con el estruendoso caer del agua entre las rocas y la propia agua. Espect\u00e1culo de vida. Saludables rincones de paz e imparable ruido. Poco m\u00e1s abajo cruzamos el hayedo, un pradito al que llaman de l\u2019Artigue y de nuevo el hayedo hasta salir de \u00e9l ya a no muchos metros del coche. Y de nuevo el formidable espectacular paisaje del fantasmag\u00f3rico hayedo, con esa neblina, y esos estupendos ejemplares de magn\u00edficas hayas, \u00e1rboles, que como en una obra de arte, se alzan vigorosos, incre\u00edbles y magn\u00edficos con miles de formas y ese color verde fosforito de sus hojas. Precioso. Encantador.<\/p>\n<p>Y una vez en el coche de nuevo partimos hacia nuestro hotel en Viella. Curiosamente aunque tambi\u00e9n algo larguilla, la bajada ha resultado o ha parecido ser mucho m\u00e1s corta de lo normal que la subida, como si en la bajada hubi\u00e9ramos pasado por la mitad de los sitios pasados en la subida. Quiz\u00e1s la rapidez de una y el embelesamiento de la otra, sobre todo al cruzar por primera vez el estupendo hayedo o en la misma empinada subida directa al Refugio de Maupas. Pero es un rinc\u00f3n precioso del Pirineo franc\u00e9s que tendremos que repetir, visitar, y como no, subir el pico de Maupas que queda pendiente.<\/p>\n<div id=\"attachment_41593\" style=\"width: 1176px\" class=\"wp-caption aligncenter\"><a class=\"dt-single-image\" href=\"https:\/\/www.monta\u00f1asdelaluna.es\/wp-content\/uploads\/2019\/06\/MaupasVallLys.croquis.web_.jpg\" data-dt-img-description=\"\"><img loading=\"lazy\" decoding=\"async\" aria-describedby=\"caption-attachment-41593\" class=\"wp-image-41593 size-full\" src=\"https:\/\/www.monta\u00f1asdelaluna.es\/wp-content\/uploads\/2019\/06\/MaupasVallLys.croquis.web_.jpg\" alt=\"Croquis del recorrido por el Valle de Lys, ascendiendo al Refugio de Maupas y Tusse de Prat Long.\" width=\"1166\" height=\"1252\" srcset=\"https:\/\/www.monta\u00f1asdelaluna.es\/wp-content\/uploads\/2019\/06\/MaupasVallLys.croquis.web_.jpg 1166w, https:\/\/www.monta\u00f1asdelaluna.es\/wp-content\/uploads\/2019\/06\/MaupasVallLys.croquis.web_-279x300.jpg 279w, https:\/\/www.monta\u00f1asdelaluna.es\/wp-content\/uploads\/2019\/06\/MaupasVallLys.croquis.web_-954x1024.jpg 954w\" sizes=\"auto, (max-width: 1166px) 100vw, 1166px\" \/><\/a><p id=\"caption-attachment-41593\" class=\"wp-caption-text\">Croquis del recorrido por el Valle de Lys, ascendiendo al Refugio de Maupas y Tusse de Prat Long.<\/p><\/div>\n<p>[\/vc_column_text][\/vc_column][\/vc_row][vc_row][vc_column][vc_empty_space height=\u00bb60px\u00bb][\/vc_column][\/vc_row][vc_row][vc_column][vc_cta h2=\u00bb\u00c1lbum de fotos\u00bb txt_align=\u00bbcenter\u00bb add_button=\u00bbbottom\u00bb btn_title=\u00bbVer fotos\u00bb btn_color=\u00bbwarning\u00bb btn_align=\u00bbcenter\u00bb btn_link=\u00bburl:https%3A%2F%2Fmonta%C3%B1asdelaluna.es%2F%3Fdt_gallery%3Dvalle-de-lys-y-refugio-de-maupas-2|title:Valle%20de%20Lys%20y%20Refugio%20de%20Maupas|target:_blank\u00bb css=\u00bb.vc_custom_1625785594728{background-color: #8bc4ed !important;}\u00bb]Puedes ver todas las fotos del relato y actividad en forma de presentaci\u00f3n o individuales pinchando aqui \u00a1No te las pierdas![\/vc_cta][\/vc_column][\/vc_row][vc_row][vc_column][vc_empty_space height=\u00bb60px\u00bb][\/vc_column][\/vc_row][vc_row][vc_column width=\u00bb1\/3&#8243;][\/vc_column][vc_column width=\u00bb1\/2&#8243;][vc_column_text]Tiempo en Refugio de Maupas[\/vc_column_text][vc_raw_html]JTNDaWZyYW1lJTIwc3JjJTNEJTIyaHR0cHMlM0ElMkYlMkZ3d3cubWV0ZW9ibHVlLmNvbSUyRmVzJTJGdGllbXBvJTJGd2lkZ2V0JTJGZGFpbHklMkY0Mi43MTVOMC41NDlFMjM5NV9FdXJvcGUlMjUyRlBhcmlzJTNGZ2VvbG9jJTNEZml4ZWQlMjZkYXlzJTNENyUyNnRlbXB1bml0JTNEQ0VMU0lVUyUyNndpbmR1bml0JTNES0lMT01FVEVSX1BFUl9IT1VSJTI2cHJlY2lwdW5pdCUzRE1JTExJTUVURVIlMjZjb2xvdXJlZCUzRGNvbG91cmVkJTI2cGljdG9pY29uJTNEMCUyNnBpY3RvaWNvbiUzRDElMjZtYXh0ZW1wZXJhdHVyZSUzRDAlMjZtYXh0ZW1wZXJhdHVyZSUzRDElMjZtaW50ZW1wZXJhdHVyZSUzRDAlMjZtaW50ZW1wZXJhdHVyZSUzRDElMjZ3aW5kc3BlZWQlM0QwJTI2d2luZHNwZWVkJTNEMSUyNndpbmRndXN0JTNEMCUyNndpbmRndXN0JTNEMSUyNndpbmRkaXJlY3Rpb24lM0QwJTI2d2luZGRpcmVjdGlvbiUzRDElMjZ1diUzRDAlMjZodW1pZGl0eSUzRDAlMjZwcmVjaXBpdGF0aW9uJTNEMCUyNnByZWNpcGl0YXRpb24lM0QxJTI2cHJlY2lwaXRhdGlvbnByb2JhYmlsaXR5JTNEMCUyNnByZWNpcGl0YXRpb25wcm9iYWJpbGl0eSUzRDElMjZzcG90JTNEMCUyNnNwb3QlM0QxJTI2cHJlc3N1cmUlM0QwJTI2cHJlc3N1cmUlM0QxJTI2bGF5b3V0JTNEbGlnaHQlMjIlMjAlMjBmcmFtZWJvcmRlciUzRCUyMjAlMjIlMjBzY3JvbGxpbmclM0QlMjJOTyUyMiUyMGFsbG93dHJhbnNwYXJlbmN5JTNEJTIydHJ1ZSUyMiUyMHNhbmRib3glM0QlMjJhbGxvdy1zYW1lLW9yaWdpbiUyMGFsbG93LXNjcmlwdHMlMjBhbGxvdy1wb3B1cHMlMjBhbGxvdy1wb3B1cHMtdG8tZXNjYXBlLXNhbmRib3glMjIlMjBzdHlsZSUzRCUyMndpZHRoJTNBJTIwMzc4cHglM0IlMjBoZWlnaHQlM0ElMjA0MTNweCUyMiUzRSUzQyUyRmlmcmFtZSUzRSUzQ2RpdiUzRSUzQyUyMS0tJTIwRE8lMjBOT1QlMjBSRU1PVkUlMjBUSElTJTIwTElOSyUyMC0tJTNFJTNDYSUyMGhyZWYlM0QlMjJodHRwcyUzQSUyRiUyRnd3dy5tZXRlb2JsdWUuY29tJTJGZXMlMkZ0aWVtcG8lMkZzZW1hbmElMkY0Mi43MTVOMC41NDlFMjM5NV9FdXJvcGUlMjUyRlBhcmlzJTNGdXRtX3NvdXJjZSUzRHdlYXRoZXJfd2lkZ2V0JTI2dXRtX21lZGl1bSUzRGxpbmt1cyUyNnV0bV9jb250ZW50JTNEZGFpbHklMjZ1dG1fY2FtcGFpZ24lM0RXZWF0aGVyJTI1MkJXaWRnZXQlMjIlMjB0YXJnZXQlM0QlMjJfYmxhbmslMjIlM0VtZXRlb2JsdWUlM0MlMkZhJTNFJTNDJTJGZGl2JTNF[\/vc_raw_html][\/vc_column][vc_column width=\u00bb1\/5&#8243;][\/vc_column][\/vc_row]<\/p>\n","protected":false},"excerpt":{"rendered":"<p>[vc_row][vc_column][vc_column_text]Organizado por el compa\u00f1ero Luis Guerrero, salimos el fin de semana del 14, 15 y 16 de junio hacia el Valle de Ar\u00e1n para pasar la noche de viernes en un hotelito y poder madrugar lo m\u00e1ximo posible para acercarnos al franc\u00e9s Valle de Lys e intentar, desde el fondo del mismo valle, hacer la&hellip;<\/p>\n","protected":false},"author":1,"featured_media":41532,"comment_status":"open","ping_status":"open","sticky":false,"template":"","format":"standard","meta":[],"categories":[91],"tags":[],"class_list":["post-41591","post","type-post","status-publish","format-standard","has-post-thumbnail","hentry","category-pirineo-frances-y-andorra","category-91","description-off"],"_links":{"self":[{"href":"https:\/\/www.monta\u00f1asdelaluna.es\/index.php?rest_route=\/wp\/v2\/posts\/41591","targetHints":{"allow":["GET"]}}],"collection":[{"href":"https:\/\/www.monta\u00f1asdelaluna.es\/index.php?rest_route=\/wp\/v2\/posts"}],"about":[{"href":"https:\/\/www.monta\u00f1asdelaluna.es\/index.php?rest_route=\/wp\/v2\/types\/post"}],"author":[{"embeddable":true,"href":"https:\/\/www.monta\u00f1asdelaluna.es\/index.php?rest_route=\/wp\/v2\/users\/1"}],"replies":[{"embeddable":true,"href":"https:\/\/www.monta\u00f1asdelaluna.es\/index.php?rest_route=%2Fwp%2Fv2%2Fcomments&post=41591"}],"version-history":[{"count":8,"href":"https:\/\/www.monta\u00f1asdelaluna.es\/index.php?rest_route=\/wp\/v2\/posts\/41591\/revisions"}],"predecessor-version":[{"id":50146,"href":"https:\/\/www.monta\u00f1asdelaluna.es\/index.php?rest_route=\/wp\/v2\/posts\/41591\/revisions\/50146"}],"wp:featuredmedia":[{"embeddable":true,"href":"https:\/\/www.monta\u00f1asdelaluna.es\/index.php?rest_route=\/wp\/v2\/media\/41532"}],"wp:attachment":[{"href":"https:\/\/www.monta\u00f1asdelaluna.es\/index.php?rest_route=%2Fwp%2Fv2%2Fmedia&parent=41591"}],"wp:term":[{"taxonomy":"category","embeddable":true,"href":"https:\/\/www.monta\u00f1asdelaluna.es\/index.php?rest_route=%2Fwp%2Fv2%2Fcategories&post=41591"},{"taxonomy":"post_tag","embeddable":true,"href":"https:\/\/www.monta\u00f1asdelaluna.es\/index.php?rest_route=%2Fwp%2Fv2%2Ftags&post=41591"}],"curies":[{"name":"wp","href":"https:\/\/api.w.org\/{rel}","templated":true}]}}