{"id":41713,"date":"2007-08-02T08:18:06","date_gmt":"2007-08-02T08:18:06","guid":{"rendered":"http:\/\/monta\u00f1asdelaluna.com\/?p=41713"},"modified":"2021-07-14T18:44:18","modified_gmt":"2021-07-14T18:44:18","slug":"2-de-agosto-jueves-la-paz-dia-del-indio","status":"publish","type":"post","link":"https:\/\/www.monta\u00f1asdelaluna.es\/?p=41713","title":{"rendered":"2 de agosto, jueves. La Paz. D\u00eda del Indio"},"content":{"rendered":"<p>[vc_row][vc_column][vc_column_text]Hoy es nuestro d\u00eda de descanso en La Paz entre \u201cmonta\u00f1a y monta\u00f1a\u201d. Es bueno tomarse este d\u00eda para que el cuerpo, f\u00edsicamente, se pueda relajar y descansar; y m\u00e1s si las monta\u00f1as son grandes monta\u00f1as. Como por costumbre nos levantamos temprano y subimos al fabuloso comedor de la parte alta del hotel a desayunar. Despu\u00e9s se me ocurre dar una vuelta solo por el barrio de La Paz donde se encuentra el Mercado de Las Brujas, para ver si as\u00ed despejo mi mente y me abstraigo como viajero en pa\u00eds desconocido, poniendo toda mi atenci\u00f3n y sentidos en los nuevos lugares que recorro. Adem\u00e1s la \u201cmagia\u201d y curiosidades del Mercado de Las Brujas se abr\u00edan y ofrec\u00edan con mayor insistencia y genialidad si caminabas solo entre ellos, como indio solitario que observa la selva.<\/p>\n<p>Sub\u00ed a la Avenida Illamp\u00fa y la segu\u00ed en direcci\u00f3n contraria al Hotel Rosario. \u00c9sta se estrechaba cada vez m\u00e1s a la vez que todo tipo de puestos de abr\u00edan a cada lado de la calle\u2026 esta vez de frutas, verduras, hortalizas y legumbres entre otras. El Mercado de Las Brujas no deja de ser un mercado en s\u00ed, y a parte de \u201chechizos\u201d, \u201camuletos\u201d y \u201cconjuros\u201d tiene todo tipo de utensilios y productos para el consumo. Cerca de las confluencias de las calles Tarija y Rodr\u00edguez encuentro justo haciendo esquina, un locutorio con unos precios m\u00e1s baratos que el que est\u00e1 junto a nuestro hotel. Entro y me dispongo a llamar a mi casa y a Mar\u00eda. Son las 9 o 9:30 de la ma\u00f1ana con lo que en Europa son cerca del mediod\u00eda.<\/p>\n<div id=\"attachment_27945\" style=\"width: 1034px\" class=\"wp-caption aligncenter\"><a class=\"dt-single-image\" href=\"https:\/\/www.monta\u00f1asdelaluna.es\/wp-content\/uploads\/2016\/03\/056.jpg\" data-dt-img-description=\"\"><img loading=\"lazy\" decoding=\"async\" aria-describedby=\"caption-attachment-27945\" class=\"wp-image-27945 size-large\" src=\"https:\/\/www.monta\u00f1asdelaluna.es\/wp-content\/uploads\/2016\/03\/056-1024x768.jpg\" alt=\"Mercados de La Paz, Mercado de Las Brujas\" width=\"1024\" height=\"768\" srcset=\"https:\/\/www.monta\u00f1asdelaluna.es\/wp-content\/uploads\/2016\/03\/056-1024x768.jpg 1024w, https:\/\/www.monta\u00f1asdelaluna.es\/wp-content\/uploads\/2016\/03\/056-300x225.jpg 300w, https:\/\/www.monta\u00f1asdelaluna.es\/wp-content\/uploads\/2016\/03\/056.jpg 1555w\" sizes=\"auto, (max-width: 1024px) 100vw, 1024px\" \/><\/a><p id=\"caption-attachment-27945\" class=\"wp-caption-text\">Mercados de La Paz, Mercado de Las Brujas<\/p><\/div>\n<div id=\"attachment_27944\" style=\"width: 1565px\" class=\"wp-caption aligncenter\"><a class=\"dt-pswp-item\" href=\"https:\/\/www.monta\u00f1asdelaluna.es\/wp-content\/uploads\/2016\/03\/055.jpg\" data-dt-img-description=\"\" data-large_image_width=\"1555\" data-large_image_height=\"1166\"><img loading=\"lazy\" decoding=\"async\" aria-describedby=\"caption-attachment-27944\" class=\"wp-image-27944 size-large\" src=\"https:\/\/www.monta\u00f1asdelaluna.es\/wp-content\/uploads\/2016\/03\/055-1024x768.jpg\" alt=\"Mercados de La Paz, Mercado de Las Brujas. Frutos secos y fruta deshidratada\" width=\"1024\" height=\"768\" srcset=\"https:\/\/www.monta\u00f1asdelaluna.es\/wp-content\/uploads\/2016\/03\/055-1024x768.jpg 1024w, https:\/\/www.monta\u00f1asdelaluna.es\/wp-content\/uploads\/2016\/03\/055-300x225.jpg 300w, https:\/\/www.monta\u00f1asdelaluna.es\/wp-content\/uploads\/2016\/03\/055.jpg 1555w\" sizes=\"auto, (max-width: 1024px) 100vw, 1024px\" \/><\/a><p id=\"caption-attachment-27944\" class=\"wp-caption-text\">Mercados de La Paz, Mercado de Las Brujas. Frutos secos y fruta deshidratada<\/p><\/div>\n<p>Llamo a casa y hablo con mi madre \u201c\u00bfCu\u00e1nto tiempo sin llamar?\u201d \u201cEs que hemos pasado 5 d\u00edas en Condoriri y en la monta\u00f1a no hay tel\u00e9fono\u201d Le comento y hablo de lo que hemos hecho, quienes estamos, c\u00f3mo estamos y lo que vamos a hacer\u2026 siempre preocupada porque no me pase como en Ecuador. Acto seguido llamo a Mar\u00eda quit\u00e1ndome esa angustia que me oprime la garganta \u201c\u00bfCu\u00e1nto tiempo sin llamar?\u201d \u201cEs que hemos pasado 5 d\u00edas en Condoriri y en la monta\u00f1a no hay tel\u00e9fono\u201d Ella est\u00e1 en su casa del Campo de Elche reunida casualmente con su hermana y familia. Casualmente hablaban del tiempo que hac\u00eda que no ten\u00eda noticias m\u00edas. Hace calor en el sur de Alicante. Hablamos un buen rato contando algo parecido a lo que le hab\u00eda contado a mi madre\u2026 \u201cCre\u00eda que ya no me ibas a llamar\u201d\u2026 al final me reconforta su voz, nuestra charla, y calma por unos instantes la angustia emocional y la inseguridad que corroe mi alma. El hecho de pensar que la vida vuelva a ser \u201cinjusta\u201d conmigo es algo que me lleva de cabeza\u2026 pero ahora en estos d\u00edas de junio del 2.013 mientras escribo estas l\u00edneas, pienso que ella no ten\u00eda la culpa, yo no ten\u00eda la culpa\u2026 era algo que hab\u00eda que pasar, como es la vida.<\/p>\n<p>Reanudo mi vuelta al hotel m\u00e1s contento, desahogado, tranquilo y sosegado. La medicina de poder hablar con Mar\u00eda ha funcionado, pero por desgracia sus efectos no durar\u00edan demasiado y la enfermedad proliferar\u00eda con m\u00e1s fuerza. Sin embargo algo en mi me dec\u00eda que Mar\u00eda entend\u00eda lo que me pasaba, pero no por ello era aguantable incondicionalmente. L\u00f3gico.<\/p>\n<p>Tenemos noticias de Quique e Infi. Deb\u00edan de salir el d\u00eda 1 de agosto de Alicante y como muy tarde les esper\u00e1bamos hoy. Resulta que est\u00e1n en Miami. Por causas meteorol\u00f3gicas el avi\u00f3n o el mismo viaje, se desvi\u00f3 hacia Miami. All\u00ed est\u00e1n en un hotel a cuenta de la compa\u00f1\u00eda de vuelo, y aqu\u00ed comienza la aventura de ellos dos como de telenovela o culebr\u00f3n. Continuamente protestan y hablan con la compa\u00f1\u00eda para que les meta en alg\u00fan vuelo hacia Bolivia. Pero no hay manera y pasaran alg\u00fan d\u00eda m\u00e1s en Miami\u2026 como si estuvieran \u201catrapados en Miami\u201d. Gracias a que Javi ha mirado los mails en el locutorio junto al hotel, se ha enterado de la desventura de Quique e Infi con su vuelo, ya que han mandado mails con dicho relato\u2026 ya nos comunicaran cuando regresan\u2026 Javi les contesta que ellos se marchan a Sajama y que Jes\u00fas y yo al Illimani ma\u00f1ana. Que a la vuelta del Illimani, al cuarto d\u00eda, se ver\u00edan con Jes\u00fas y conmigo en La Paz, y que saldr\u00edamos todos juntos hacia Sajama.<\/p>\n<p>Gonzalo o Manolet, desde Almorad\u00ed, tambi\u00e9n le env\u00eda mails de informaci\u00f3n sobre el tiempo y otros condicionantes de las monta\u00f1as a Javi. La noticia m\u00e1s relevante es el intenso e inusual frio que hace en toda la Bolivia monta\u00f1osa, acentu\u00e1ndose en la zona de Sajama.<\/p>\n<div id=\"attachment_27938\" style=\"width: 830px\" class=\"wp-caption aligncenter\"><a class=\"dt-single-image\" href=\"https:\/\/www.monta\u00f1asdelaluna.es\/wp-content\/uploads\/2016\/03\/049.jpg\" data-dt-img-description=\"OLYMPUS DIGITAL CAMERA\"><img loading=\"lazy\" decoding=\"async\" aria-describedby=\"caption-attachment-27938\" class=\"wp-image-27938 \" src=\"https:\/\/www.monta\u00f1asdelaluna.es\/wp-content\/uploads\/2016\/03\/049.jpg\" alt=\"Mercados de La Paz, Mercado de Las Brujas. Fetos de llama\" width=\"820\" height=\"1093\" srcset=\"https:\/\/www.monta\u00f1asdelaluna.es\/wp-content\/uploads\/2016\/03\/049.jpg 1200w, https:\/\/www.monta\u00f1asdelaluna.es\/wp-content\/uploads\/2016\/03\/049-225x300.jpg 225w, https:\/\/www.monta\u00f1asdelaluna.es\/wp-content\/uploads\/2016\/03\/049-768x1024.jpg 768w\" sizes=\"auto, (max-width: 820px) 100vw, 820px\" \/><\/a><p id=\"caption-attachment-27938\" class=\"wp-caption-text\">Mercados de La Paz, Mercado de Las Brujas. Fetos de llama<\/p><\/div>\n<div id=\"attachment_27939\" style=\"width: 1034px\" class=\"wp-caption aligncenter\"><a class=\"dt-single-image\" href=\"https:\/\/www.monta\u00f1asdelaluna.es\/wp-content\/uploads\/2016\/03\/050.jpg\" data-dt-img-description=\"\"><img loading=\"lazy\" decoding=\"async\" aria-describedby=\"caption-attachment-27939\" class=\"wp-image-27939 size-large\" src=\"https:\/\/www.monta\u00f1asdelaluna.es\/wp-content\/uploads\/2016\/03\/050-1024x768.jpg\" alt=\"Mercados de La Paz, Mercado de Las Brujas. Fetos de llama y otros sortilegios\" width=\"1024\" height=\"768\" srcset=\"https:\/\/www.monta\u00f1asdelaluna.es\/wp-content\/uploads\/2016\/03\/050-1024x768.jpg 1024w, https:\/\/www.monta\u00f1asdelaluna.es\/wp-content\/uploads\/2016\/03\/050-300x225.jpg 300w, https:\/\/www.monta\u00f1asdelaluna.es\/wp-content\/uploads\/2016\/03\/050.jpg 1690w\" sizes=\"auto, (max-width: 1024px) 100vw, 1024px\" \/><\/a><p id=\"caption-attachment-27939\" class=\"wp-caption-text\">Mercados de La Paz, Mercado de Las Brujas. Fetos de llama y otros sortilegios<\/p><\/div>\n<p>Exactamente, como Javi le hab\u00eda escrito a Quique, la idea era que el grueso del grupo marcha ya para Sajama para pasar de 8 a 10 d\u00edas all\u00ed, con la intenci\u00f3n de aclimatar por alguna otra monta\u00f1a y alrededores. Jes\u00fas y yo ir\u00edamos 4 d\u00edas al Illimani para subirlo, al cabo regresar\u00edamos a La Paz para juntarnos con Quique e Infi e irnos los 4 a Sajama para subir la monta\u00f1a m\u00e1s alta de Bolivia y la tercera de Los Andes y del continente americano, todo el grupo juntos\u2026 los planes estaban bien hechos y calculados, pero no siempre salen como quiere uno.<\/p>\n<p>As\u00ed pues, el grueso del grupo que marchaba ma\u00f1ana a Sajama, hizo una serie de compras para el viaje y estancia all\u00ed. Ma\u00f1ana por la ma\u00f1ana deb\u00edan de salir sobre las 07,30 del hotel. Les llevar\u00eda Luis Choque en su movilidad, y la idea de quedar tan temprano era porque no ten\u00eda permiso para circular por la ciudad con el transporte que conduc\u00eda. Curioso.<\/p>\n<p>Pero aprovechamos tambi\u00e9n el d\u00eda para contratar la estancia en la Selva Amaz\u00f3nica en la \u00faltima semana de nuestro viaje. Nos dividimos en 2 grupos para pasearnos por las calles y pedir informaci\u00f3n sobre estancias y actividades en la selva: nuestro grupo, despu\u00e9s de pasar por algunas empresas y oficinas de informaci\u00f3n, paramos en la de MADIDI TRAVELS. Marco, el chico que nos da la informaci\u00f3n, nos explica: Madidi Travels es una empresa cuyos gerentes ayudaron al replanteamiento de una gran extensi\u00f3n de selva junto a los Andes, a la protesta y en contra de la construcci\u00f3n de una gran presa que anegara todo ese lugar, y a la creaci\u00f3n de uno de los parques nacionales m\u00e1s importantes de Bolivia y Sudam\u00e9rica, que contiene la mayor biodiversidad del Mundo: El P. N. de Madidi. Pero el lugar al que ir\u00edamos es una reserva privada, comprada por ellos, y que se llama Serer\u00e9\u2026 nos pareci\u00f3 muy interesante la explicaci\u00f3n y convincente los argumentos de Marco para ir al lugar y contratarles a ellos. Daba muy buena pinta. Ahora solo deb\u00edamos reunirnos con el otro grupo, ver lo que hab\u00edan encontrado y deliberar.<\/p>\n<p>Observaciones aparte, me llam\u00f3 la atenci\u00f3n algunos edificios y el interior del mismo donde se encontraba la oficina de Madidi Travel, en la misma Calle Linares: parecen edificios modernistas de estilo colonial, con altos y grandes ventanales y alargadas fachadas; y en su interior una distribuci\u00f3n y forma puede que parecida a algunos otros edificios modernistas a los que entr\u00e9 en Barcelona: techos altos, estancias amplias y peque\u00f1os adornos en las altas esquinas de las paredes y en las puertas con los techos\u2026 me pareci\u00f3 estar viviendo una pel\u00edcula del tiempo anterior a Bol\u00edvar. Y a la vez, una sensaci\u00f3n de antiguo y rico esplendor de la Bolivia colonial (falsa riqueza para los abor\u00edgenes del lugar). Interesante y curioso.<\/p>\n<div id=\"attachment_27911\" style=\"width: 832px\" class=\"wp-caption aligncenter\"><a class=\"dt-single-image\" href=\"https:\/\/www.monta\u00f1asdelaluna.es\/wp-content\/uploads\/2016\/03\/022.jpg\" data-dt-img-description=\"\"><img loading=\"lazy\" decoding=\"async\" aria-describedby=\"caption-attachment-27911\" class=\"wp-image-27911 \" src=\"https:\/\/www.monta\u00f1asdelaluna.es\/wp-content\/uploads\/2016\/03\/022.jpg\" alt=\"Hotel Se\u00f1orial Montero\" width=\"822\" height=\"1233\" srcset=\"https:\/\/www.monta\u00f1asdelaluna.es\/wp-content\/uploads\/2016\/03\/022.jpg 1000w, https:\/\/www.monta\u00f1asdelaluna.es\/wp-content\/uploads\/2016\/03\/022-200x300.jpg 200w, https:\/\/www.monta\u00f1asdelaluna.es\/wp-content\/uploads\/2016\/03\/022-683x1024.jpg 683w\" sizes=\"auto, (max-width: 822px) 100vw, 822px\" \/><\/a><p id=\"caption-attachment-27911\" class=\"wp-caption-text\">Hotel Se\u00f1orial Montero<\/p><\/div>\n<div id=\"attachment_27923\" style=\"width: 1034px\" class=\"wp-caption aligncenter\"><a class=\"dt-single-image\" href=\"https:\/\/www.monta\u00f1asdelaluna.es\/wp-content\/uploads\/2016\/03\/034.jpg\" data-dt-img-description=\"OLYMPUS DIGITAL CAMERA\"><img loading=\"lazy\" decoding=\"async\" aria-describedby=\"caption-attachment-27923\" class=\"wp-image-27923 size-large\" src=\"https:\/\/www.monta\u00f1asdelaluna.es\/wp-content\/uploads\/2016\/03\/034-1024x768.jpg\" alt=\"La Paz. Fotografos callejeros\" width=\"1024\" height=\"768\" srcset=\"https:\/\/www.monta\u00f1asdelaluna.es\/wp-content\/uploads\/2016\/03\/034-1024x768.jpg 1024w, https:\/\/www.monta\u00f1asdelaluna.es\/wp-content\/uploads\/2016\/03\/034-300x225.jpg 300w, https:\/\/www.monta\u00f1asdelaluna.es\/wp-content\/uploads\/2016\/03\/034.jpg 1600w\" sizes=\"auto, (max-width: 1024px) 100vw, 1024px\" \/><\/a><p id=\"caption-attachment-27923\" class=\"wp-caption-text\">La Paz. Fotografos callejeros<\/p><\/div>\n<p>Cuando nos reunimos con la otra parte del grupo, intercambiamos impresiones. En un primer lugar y seg\u00fan la informaci\u00f3n e inter\u00e9s que recogi\u00f3 en Espa\u00f1a Ballester, la idea era ir con la empresa CHalal\u00e1n Ecolodge, con un planing de actividades y horarios organizado para 5 d\u00edas, en pleno coraz\u00f3n del P.N. de Madidi. Era bastante interesante y completo. Pero resulta que cuando llamamos para los d\u00edas que nos interesaban ya no hab\u00eda plazas, todas ocupadas. Tambi\u00e9n el escoger CHalal\u00e1n Ecolodge antes que Serer\u00e9, era porque el primero estaba en el interior del P. N. de Madidi y Serer\u00e9 fuera del mismo, aunque muy pr\u00f3ximo\u2026 pero bueno, la idea y forma que nos vendi\u00f3 Marco sobre Serer\u00e9 nos cal\u00f3, y una vez vimos que no ten\u00edamos opciones en CHalal\u00e1n Ecolodge, contratamos los servicios de Madidi Travel para siete y cinco d\u00edas. Ya quedamos con Marco para que dentro de 10 d\u00edas nos recoja en el hotel despu\u00e9s de venir de Sajama.<\/p>\n<p>Aprovechamos nuestros paseos por el barrio de edificios viejos de estilo colonial o no, de las calles Sag\u00e1rnaga, Linares, Murillo, Santa Cruz\u2026 para comprar postales que enviar a Espa\u00f1a. Creo recordar que envi\u00e9 3 postales: una a mi familia, a mis padres, otra a mi primo Miguel \u00c1ngel, mi maestro \u201ciniciador en el monta\u00f1ismo\u201d y otra a Mar\u00eda, con la fotograf\u00eda de una grandiosa La Paz bajo el dominio de la monta\u00f1a con tres cimas del Illimani; y explic\u00e1ndoles que \u00e9sta era la monta\u00f1a que me dispon\u00eda a subir, saliendo hacia ella ma\u00f1ana.<\/p>\n<div id=\"attachment_41715\" style=\"width: 1811px\" class=\"wp-caption aligncenter\"><a class=\"dt-pswp-item\" href=\"https:\/\/www.monta\u00f1asdelaluna.es\/wp-content\/uploads\/2007\/08\/LaPazMontero-para-web.jpg\" data-dt-img-description=\"\" data-large_image_width=\"1801\" data-large_image_height=\"1027\"><img loading=\"lazy\" decoding=\"async\" aria-describedby=\"caption-attachment-41715\" class=\"wp-image-41715 size-full\" src=\"https:\/\/www.monta\u00f1asdelaluna.es\/wp-content\/uploads\/2007\/08\/LaPazMontero-para-web.jpg\" alt=\"Mapa de la ciudad de La Paz con la ubicaci\u00f3n del Hotel Se\u00f1orial Montero\" width=\"1801\" height=\"1027\" srcset=\"https:\/\/www.monta\u00f1asdelaluna.es\/wp-content\/uploads\/2007\/08\/LaPazMontero-para-web.jpg 1801w, https:\/\/www.monta\u00f1asdelaluna.es\/wp-content\/uploads\/2007\/08\/LaPazMontero-para-web-300x171.jpg 300w, https:\/\/www.monta\u00f1asdelaluna.es\/wp-content\/uploads\/2007\/08\/LaPazMontero-para-web-1024x584.jpg 1024w\" sizes=\"auto, (max-width: 1801px) 100vw, 1801px\" \/><\/a><p id=\"caption-attachment-41715\" class=\"wp-caption-text\">Mapa de la ciudad de La Paz con la ubicaci\u00f3n del Hotel Se\u00f1orial Montero<\/p><\/div>\n<p>Ya a media tarde volvemos al hotel. Hay que preparar las cosas para ma\u00f1ana y descansar para el madrug\u00f3n. Entrando el vest\u00edbulo tenemos una sensaci\u00f3n rara como de que hay humo, humo que huele a hoguera. Pero el recepcionista est\u00e1 tranquilo y pensamos que no debe de pasar nada. Subimos a las habitaciones y al cabo de un rato, el olor a humo se intensifica, se agudiza. Salimos al pasillo y vemos claramente que hay humo; antes era el olor y una inapreciable neblina pero ahora es m\u00e1s densa y oscura. Pero el hotel est\u00e1 tranquilo. No sabemos si utilizar el ascensor ante nuestra alarma, Jes\u00fas me acompa\u00f1a en mis andanzas y exploraciones. Bajamos por las escaleras al vest\u00edbulo, nos encontramos con Sara \u201c\u00a1El hotel est\u00e1 lleno de humo! Est\u00e1n haciendo una hoguera en el patio\u201d. Salimos al patio adyacente al vest\u00edbulo y observamos como efectivamente han encendido una hoguera, una especie de falla sin forma con maderas, y el denso humo que sale de ella se va extendiendo por todo el hotel, entrando por la puerta del patio al vest\u00edbulo y del vest\u00edbulo al resto del hotel, pasillos, habitaciones\u2026 Junto a la hoguera vemos a dos personas: una mujer de mediana edad, la cual m\u00e1s adelante, supon\u00edamos como la due\u00f1a del hotel, con un gesto como de oraci\u00f3n y concentraci\u00f3n contemplando todo el \u201critual\u201d. Y otra persona, un hombre que se encarga de alimentar la hoguera, la cual se encuentra en uno de los lados del patio y cerca de la puerta al vest\u00edbulo. Como el patio tiene el techo \u201cacristalado\u201d, el humo no tiene otro remedio que escaparse por las puertas del mismo.<\/p>\n<p>No entendemos lo que ocurre y estamos muy sorprendidos. M\u00e1s tarde nos explican algo parecido a una ofrenda a la Pacha Mama que hacen cada primer jueves de cada mes, y que la hoguera y \u201chumo purificador\u201d deb\u00eda recorrer las estancias del hotel para purificarlo y bendecirlo en nombre de la Pacha Mama, como oraci\u00f3n para protegerlo bajo el poder y benepl\u00e1cito de la propia Pacha Mama. Me pareci\u00f3 una experiencia y tradici\u00f3n chocante, sorprendente, interesante e incluso entra\u00f1able. El ver las viejas y ancestrales costumbres, tradiciones Aymaras, Tiwanaquesas, paganas de adoraci\u00f3n a la magia, a la naturaleza (la Pacha Mama) y a esos esp\u00edritus ancestrales que ordenaban cada parte del mundo y del Universo (antes que los conquistadores cristianos impusieran los suyos) perduraban en el tiempo. Me parec\u00eda algo digno, asombroso, especial, admirable, respetable y ante todo genial y enriquecedor. Me sent\u00eda c\u00f3mplice de sus emociones, sentimientos y creencias, porque, aunque todos vivamos en un mundo material y cient\u00edfico, si hay que creer en alguna magia o dioses, que sean \u00e9stos.<\/p>\n<div id=\"attachment_27912\" style=\"width: 1700px\" class=\"wp-caption aligncenter\"><a class=\"dt-pswp-item\" href=\"https:\/\/www.monta\u00f1asdelaluna.es\/wp-content\/uploads\/2016\/03\/023.jpg\" data-dt-img-description=\"\" data-large_image_width=\"1690\" data-large_image_height=\"1267\"><img loading=\"lazy\" decoding=\"async\" aria-describedby=\"caption-attachment-27912\" class=\"wp-image-27912 size-large\" src=\"https:\/\/www.monta\u00f1asdelaluna.es\/wp-content\/uploads\/2016\/03\/023-1024x768.jpg\" alt=\"Hotel Se\u00f1orial Montero por la noche\" width=\"1024\" height=\"768\" srcset=\"https:\/\/www.monta\u00f1asdelaluna.es\/wp-content\/uploads\/2016\/03\/023-1024x768.jpg 1024w, https:\/\/www.monta\u00f1asdelaluna.es\/wp-content\/uploads\/2016\/03\/023-300x225.jpg 300w, https:\/\/www.monta\u00f1asdelaluna.es\/wp-content\/uploads\/2016\/03\/023.jpg 1690w\" sizes=\"auto, (max-width: 1024px) 100vw, 1024px\" \/><\/a><p id=\"caption-attachment-27912\" class=\"wp-caption-text\">Hotel Se\u00f1orial Montero por la noche<\/p><\/div>\n<p>Los Aymaras siguen con sus costumbres, creencias, tradiciones y supersticiones ancestrales. Como en otras partes de Sudam\u00e9rica, las han ido combinando, integrando con aquellas impuestas en la colonizaci\u00f3n espa\u00f1ola. Pero a pesar de dicha imposici\u00f3n, castigo, exterminio y \u201cenga\u00f1o\u201d, casi todos o todos los pueblos, etnias o tribus de Sudam\u00e9rica, guardan algo que viene de sus ancestrales costumbres y tradiciones, m\u00e1s antiguas que el mismo cristianismo. Como ya he nombrado en otras ocasiones y reflejado en una peque\u00f1a parte en el Mercado de Las Brujas, los bolivianos, Aymaras, han guardado y han hecho pervivir a lo largo de siglos y generaciones, los rituales, tradiciones y costumbres que tienen que ver con el amor, adoraci\u00f3n y admiraci\u00f3n a La Tierra, y a la Magia de la misma\u2026 Supongo que en otros lugares de Sudam\u00e9rica dichas costumbres y tradiciones rescatadas del \u201ccasi olvido\u201d o escondidas del severo dictamen del inquisidor hombre blanco con su cruz colgada al cuello, tambi\u00e9n son latentes; pero es que me sorprendi\u00f3 mucho aqu\u00ed en La Paz, el \u201cdescaro\u201d, extensi\u00f3n y cantidad de gente que as\u00ed vive, cree y muestra de la forma m\u00e1s normal y habitual del mundo \u00a1Admirable! Asombroso, fant\u00e1stico.<\/p>\n<p>Una vez resuelto el enigma del humo, de haber realizado nuestros quehaceres con las mochilas y equipajes. Salimos a cenar a \u201cnuestro\u201d rico puesto de Hot Dogs que queda en la puerta lateral del hotel al patio y a la Plaza Alonzo de Mendoza (fundador de La Paz). Cuchicheos, comentarios y charlas sobre las actividades que vamos a realizar y las realizadas. Nos enteramos, presumiblemente por boca de nuestro amigo y confidente Javier (uno de los recepcionistas del hotel) que hay m\u00e1s polic\u00edas y guardias que rondan, sobre todo en la noche, la ciudad. Una noche pasada un americano se mat\u00f3 cay\u00e9ndose de la fachada de la Iglesia de San Francisco, como si la estuviera escalando, parece; por ello y porque ahora es temporada alta con m\u00e1s turistas, se han reforzado la vigilancia y rondas de la polic\u00eda. Como dice Jes\u00fas en su diario, los oscuros rincones de calles como Jim\u00e9nez, Linares, Murillo, Granados\u2026 por la noche, lo son a\u00fan m\u00e1s.<\/p>\n<div id=\"attachment_27931\" style=\"width: 1700px\" class=\"wp-caption aligncenter\"><a class=\"dt-single-image\" href=\"https:\/\/www.monta\u00f1asdelaluna.es\/wp-content\/uploads\/2016\/03\/042.jpg\" data-dt-img-description=\"\"><img loading=\"lazy\" decoding=\"async\" aria-describedby=\"caption-attachment-27931\" class=\"wp-image-27931 size-full\" src=\"https:\/\/www.monta\u00f1asdelaluna.es\/wp-content\/uploads\/2016\/03\/042.jpg\" alt=\"Parada de perritos calientes frente al Hotel Se\u00f1orial Montero. De izquierda a derecha: Ballester, Gemma, Trino, Javi y Zaida\" width=\"1690\" height=\"1267\" srcset=\"https:\/\/www.monta\u00f1asdelaluna.es\/wp-content\/uploads\/2016\/03\/042.jpg 1690w, https:\/\/www.monta\u00f1asdelaluna.es\/wp-content\/uploads\/2016\/03\/042-300x225.jpg 300w, https:\/\/www.monta\u00f1asdelaluna.es\/wp-content\/uploads\/2016\/03\/042-1024x768.jpg 1024w\" sizes=\"auto, (max-width: 1690px) 100vw, 1690px\" \/><\/a><p id=\"caption-attachment-27931\" class=\"wp-caption-text\">Parada de perritos calientes frente al Hotel Se\u00f1orial Montero. De izquierda a derecha: Ballester, Gemma, Trino, Javi y Zaida<\/p><\/div>\n<p>\u00bfC\u00f3mo se presentaba el planning para ma\u00f1ana y los pr\u00f3ximos 4 d\u00edas en el Illimani? Pues lo tenemos todo preparado y organizado de la manera normal y habitual que suelen programar las expediciones para atacar la monta\u00f1a: el primer d\u00eda ser\u00e1 salir de La Paz en el coche de Lucio en direcci\u00f3n a Pinaya (4.200 mts.) en las faldas de la monta\u00f1a. Ese mismo d\u00eda carga de porteo con los burros y subida al Campo Base del Illimani: Puente Roto (4.700 mts.), y noche en el mismo. Al otro d\u00eda (2\u00ba d\u00eda), subida de Puente Roto al campamento alto de Nido de C\u00f3ndores, a unos 5.500 mts. de altitud, con una subida lenta y ritmo continuo para aclimatarnos a la altura a medida que vamos subiendo. La madrugada del 3\u00ba d\u00eda, se hace el ataque a la cima principal del Illimani (6.462 mts.), se hace cumbre, bajamos a Nido de C\u00f3ndores, desmontamos y bajamos a dormir a Puente Roto. El 4\u00ba y \u00faltimo d\u00eda se desmonta el campamento en Puente Roto, bajamos caminando a Pinaya, y de aqu\u00ed en coche a La Paz, donde acabar\u00edamos la aventura del Illimani. \u00c9ste es el planning habitual, muy bien planeado, organizado. Esperemos que todo salga tan bien como pinta.<\/p>\n<p>Nos vamos a dormir con la sensaci\u00f3n de que ma\u00f1ana nos espera otra enorme aventura en otra gran monta\u00f1a, pero algo, que no me ocurrir\u00eda d\u00edas atr\u00e1s, corrompe mi coraz\u00f3n. El sentimiento de seguridad y convencimiento de poder llevar a cabo la subida de esta monta\u00f1a con eficacia y \u00e9xito, no era tan grande o importante ahora. Una sombra iba creciendo en mi alma y angustiaba y exprim\u00eda mi coraz\u00f3n, lo helaba con los fr\u00edos del altiplano andino y lo secaba con la aridez extrema del lugar. Pero no era esa la causa, era la distancia con Mar\u00eda y los mismos pensamientos e inseguridades de siempre que yac\u00edan y her\u00edan mis recuerdos. No asimilaba ni quer\u00eda que la vida fuera 2 veces tan injusta conmigo. Pero ahora s\u00e9 que comprender la vida es asimilar que en todo camino hay baches, y que para llegar al final del mismo es necesario pasar por los mismos\u2026pero aparte de baches, tambi\u00e9n hay camino llano, seguro, c\u00f3modo. Viendo que me iban faltando las fuerzas y razones para seguir \u201ceste camino en la monta\u00f1a\u201d, apel\u00e9 y rec\u00e9 a esos viejos dioses andinos, m\u00e1gicos y terrestres, abrazando y cogiendo entre mis manos el colgante de la Isla del Sol, les ped\u00ed que me devolvieran las ilusiones y fuerzas, y se llevar\u00e1n las sombras de mi alma. Dorm\u00ed m\u00e1s tranquilo pensando en que la mayor\u00eda de la Pacha Mama y estos dioses ancestrales, me ayudar\u00edan en mis cometidos: subir y adorar al Illimani, y limpiar y expurgar mi coraz\u00f3n.[vc_separator][\/vc_column_text][\/vc_column][\/vc_row][vc_row][vc_column][vc_empty_space height=\u00bb60px\u00bb][\/vc_column][\/vc_row][vc_row][vc_column][vc_cta h2=\u00bb\u00c1lbum de fotos\u00bb txt_align=\u00bbcenter\u00bb add_button=\u00bbbottom\u00bb btn_title=\u00bbVer fotos\u00bb btn_color=\u00bbwarning\u00bb btn_align=\u00bbcenter\u00bb btn_link=\u00bburl:https%3A%2F%2Fmonta%C3%B1asdelaluna.es%2F%3Fdt_gallery%3Dla-paz-2|title:La%20Paz|target:_blank\u00bb css=\u00bb.vc_custom_1625693448629{background-color: #8bc4ed !important;}\u00bb]Puedes ver un resumen de todas las fotos de La Paz en forma de presentaci\u00f3n o individuales pinchando aqui \u00a1No te las pierdas![\/vc_cta][\/vc_column][\/vc_row][vc_row][vc_column][vc_empty_space height=\u00bb60px\u00bb][\/vc_column][\/vc_row][vc_row][vc_column width=\u00bb1\/3&#8243;][\/vc_column][vc_column width=\u00bb1\/2&#8243;][vc_raw_html]JTNDaWZyYW1lJTIwc3JjJTNEJTIyaHR0cHMlM0ElMkYlMkZ3d3cubWV0ZW9ibHVlLmNvbSUyRmVzJTJGdGllbXBvJTJGd2lkZ2V0JTJGZGFpbHklMkZsYS1wYXpfYm9saXZpYV8zOTExOTI1JTNGZ2VvbG9jJTNEZml4ZWQlMjZkYXlzJTNENyUyNnRlbXB1bml0JTNEQ0VMU0lVUyUyNndpbmR1bml0JTNES0lMT01FVEVSX1BFUl9IT1VSJTI2cHJlY2lwdW5pdCUzRE1JTExJTUVURVIlMjZjb2xvdXJlZCUzRGNvbG91cmVkJTI2cGljdG9pY29uJTNEMCUyNnBpY3RvaWNvbiUzRDElMjZtYXh0ZW1wZXJhdHVyZSUzRDAlMjZtYXh0ZW1wZXJhdHVyZSUzRDElMjZtaW50ZW1wZXJhdHVyZSUzRDAlMjZtaW50ZW1wZXJhdHVyZSUzRDElMjZ3aW5kc3BlZWQlM0QwJTI2d2luZHNwZWVkJTNEMSUyNndpbmRndXN0JTNEMCUyNndpbmRndXN0JTNEMSUyNndpbmRkaXJlY3Rpb24lM0QwJTI2d2luZGRpcmVjdGlvbiUzRDElMjZ1diUzRDAlMjZodW1pZGl0eSUzRDAlMjZwcmVjaXBpdGF0aW9uJTNEMCUyNnByZWNpcGl0YXRpb24lM0QxJTI2cHJlY2lwaXRhdGlvbnByb2JhYmlsaXR5JTNEMCUyNnByZWNpcGl0YXRpb25wcm9iYWJpbGl0eSUzRDElMjZzcG90JTNEMCUyNnNwb3QlM0QxJTI2cHJlc3N1cmUlM0QwJTI2cHJlc3N1cmUlM0QxJTI2bGF5b3V0JTNEbGlnaHQlMjIlMjAlMjBmcmFtZWJvcmRlciUzRCUyMjAlMjIlMjBzY3JvbGxpbmclM0QlMjJOTyUyMiUyMGFsbG93dHJhbnNwYXJlbmN5JTNEJTIydHJ1ZSUyMiUyMHNhbmRib3glM0QlMjJhbGxvdy1zYW1lLW9yaWdpbiUyMGFsbG93LXNjcmlwdHMlMjBhbGxvdy1wb3B1cHMlMjBhbGxvdy1wb3B1cHMtdG8tZXNjYXBlLXNhbmRib3glMjIlMjBzdHlsZSUzRCUyMndpZHRoJTNBJTIwMzc4cHglM0IlMjBoZWlnaHQlM0ElMjA0MTNweCUyMiUzRSUzQyUyRmlmcmFtZSUzRSUzQ2RpdiUzRSUzQyUyMS0tJTIwRE8lMjBOT1QlMjBSRU1PVkUlMjBUSElTJTIwTElOSyUyMC0tJTNFJTNDYSUyMGhyZWYlM0QlMjJodHRwcyUzQSUyRiUyRnd3dy5tZXRlb2JsdWUuY29tJTJGZXMlMkZ0aWVtcG8lMkZzZW1hbmElMkZsYS1wYXpfYm9saXZpYV8zOTExOTI1JTNGdXRtX3NvdXJjZSUzRHdlYXRoZXJfd2lkZ2V0JTI2dXRtX21lZGl1bSUzRGxpbmt1cyUyNnV0bV9jb250ZW50JTNEZGFpbHklMjZ1dG1fY2FtcGFpZ24lM0RXZWF0aGVyJTI1MkJXaWRnZXQlMjIlMjB0YXJnZXQlM0QlMjJfYmxhbmslMjIlM0VtZXRlb2JsdWUlM0MlMkZhJTNFJTNDJTJGZGl2JTNF[\/vc_raw_html][\/vc_column][vc_column width=\u00bb1\/5&#8243;][\/vc_column][\/vc_row]<\/p>\n","protected":false},"excerpt":{"rendered":"<p>[vc_row][vc_column][vc_column_text]Hoy es nuestro d\u00eda de descanso en La Paz entre \u201cmonta\u00f1a y monta\u00f1a\u201d. Es bueno tomarse este d\u00eda para que el cuerpo, f\u00edsicamente, se pueda relajar y descansar; y m\u00e1s si las monta\u00f1as son grandes monta\u00f1as. Como por costumbre nos levantamos temprano y subimos al fabuloso comedor de la parte alta del hotel a desayunar.&hellip;<\/p>\n","protected":false},"author":1,"featured_media":27944,"comment_status":"open","ping_status":"open","sticky":false,"template":"","format":"standard","meta":[],"categories":[34],"tags":[],"class_list":["post-41713","post","type-post","status-publish","format-standard","has-post-thumbnail","hentry","category-bolivia","category-34","description-off"],"_links":{"self":[{"href":"https:\/\/www.monta\u00f1asdelaluna.es\/index.php?rest_route=\/wp\/v2\/posts\/41713","targetHints":{"allow":["GET"]}}],"collection":[{"href":"https:\/\/www.monta\u00f1asdelaluna.es\/index.php?rest_route=\/wp\/v2\/posts"}],"about":[{"href":"https:\/\/www.monta\u00f1asdelaluna.es\/index.php?rest_route=\/wp\/v2\/types\/post"}],"author":[{"embeddable":true,"href":"https:\/\/www.monta\u00f1asdelaluna.es\/index.php?rest_route=\/wp\/v2\/users\/1"}],"replies":[{"embeddable":true,"href":"https:\/\/www.monta\u00f1asdelaluna.es\/index.php?rest_route=%2Fwp%2Fv2%2Fcomments&post=41713"}],"version-history":[{"count":10,"href":"https:\/\/www.monta\u00f1asdelaluna.es\/index.php?rest_route=\/wp\/v2\/posts\/41713\/revisions"}],"predecessor-version":[{"id":49993,"href":"https:\/\/www.monta\u00f1asdelaluna.es\/index.php?rest_route=\/wp\/v2\/posts\/41713\/revisions\/49993"}],"wp:featuredmedia":[{"embeddable":true,"href":"https:\/\/www.monta\u00f1asdelaluna.es\/index.php?rest_route=\/wp\/v2\/media\/27944"}],"wp:attachment":[{"href":"https:\/\/www.monta\u00f1asdelaluna.es\/index.php?rest_route=%2Fwp%2Fv2%2Fmedia&parent=41713"}],"wp:term":[{"taxonomy":"category","embeddable":true,"href":"https:\/\/www.monta\u00f1asdelaluna.es\/index.php?rest_route=%2Fwp%2Fv2%2Fcategories&post=41713"},{"taxonomy":"post_tag","embeddable":true,"href":"https:\/\/www.monta\u00f1asdelaluna.es\/index.php?rest_route=%2Fwp%2Fv2%2Ftags&post=41713"}],"curies":[{"name":"wp","href":"https:\/\/api.w.org\/{rel}","templated":true}]}}