{"id":41770,"date":"2019-09-07T17:45:18","date_gmt":"2019-09-07T17:45:18","guid":{"rendered":"http:\/\/monta\u00f1asdelaluna.com\/?p=41770"},"modified":"2021-07-15T22:09:42","modified_gmt":"2021-07-15T22:09:42","slug":"comaloforno-y-cresta-al-besiberri-sur","status":"publish","type":"post","link":"https:\/\/www.monta\u00f1asdelaluna.es\/?p=41770","title":{"rendered":"Comaloforno y Cresta al Besiberri Sur"},"content":{"rendered":"<p>[vc_row][vc_column][vc_column_text]El Comaloforno es el pico m\u00e1s alto del macizo o cresta de los Besiberris, que en antiguos mapas nos da una altura de 3.033 mts., y en nuevos mapas y medidas, lo degradan a 3.029 mts. Con esa misma vara de medir, descatalogaron al Besiberri del Mig de ser un tres mil a tener 2.998 mts. Por esta condici\u00f3n y despu\u00e9s de subir el <a href=\"https:\/\/www.monta\u00f1asdelaluna.es\/?p=35159\" target=\"_blank\" rel=\"noopener\">Besiberri Sur<\/a> y <a href=\"https:\/\/www.monta\u00f1asdelaluna.es\/?p=19440\" target=\"_blank\" rel=\"noopener\">Norte<\/a> en diferentes ocasiones, desde entonces uno de mis objetivos cada vez que ten\u00eda intenci\u00f3n de hacer una visita a alguna cima pirenaica, era la posibilidad de hacer este Comaloforno.<\/p>\n<p>Junto a este pico hay una cresta que lo une con el Besiberri Sur, quedando el Comaloforno como el tres mil m\u00e1s al sur del macizo (tambi\u00e9n por que el cercano Celestin Passet, lo han rebajado de ser un tres mil, a menos de tres mil metros). Tambi\u00e9n hubiera sido interesante hacer este trozo de Cresta de Los Besiberris, la que va del Besiberri Sur al Comaloforno. Recuerdo las palabras de David Soriano sobre dicha cresta cuando la realiz\u00f3 hace unos a\u00f1os: temida y peligrosa podr\u00edan haber sido sus palabras perfectamente\u2026 pero ya conoc\u00eda a David.<\/p>\n<p>Su forma como de promontorio rocoso entre paredes que forman un formidable muro, visto desde otras monta\u00f1as, otras alturas cercanas, era llamativa y atrayente \u00bfpor d\u00f3nde se subir\u00eda? Sin embargo su ascenso por la v\u00eda normal, viniendo del camino que sube al Besiberri Sur desde la presa de Cavallers, no nos dec\u00eda que tuviera dificultad, pero tampoco era la monta\u00f1a m\u00e1s f\u00e1cil de Los Besiberris. Hab\u00eda que subirlo y si pod\u00eda ser, hacer esa \u201ctemida\u201d cresta hasta el Besiberri Sur, hallando tambi\u00e9n la cima de este \u00faltimo.<\/p>\n<div id=\"attachment_41598\" style=\"width: 1034px\" class=\"wp-caption aligncenter\"><a class=\"dt-single-image\" href=\"https:\/\/www.monta\u00f1asdelaluna.es\/wp-content\/uploads\/2020\/02\/comienza-la-senda-de-subida-al-valle-de-llubriqueto.jpg\" data-dt-img-description=\"\"><img loading=\"lazy\" decoding=\"async\" aria-describedby=\"caption-attachment-41598\" class=\"wp-image-41598 size-large\" src=\"https:\/\/www.monta\u00f1asdelaluna.es\/wp-content\/uploads\/2020\/02\/comienza-la-senda-de-subida-al-valle-de-llubriqueto-1024x683.jpg\" alt=\"Comienza la senda de subida al Valle de Llubriqueto\" width=\"1024\" height=\"683\" srcset=\"https:\/\/www.monta\u00f1asdelaluna.es\/wp-content\/uploads\/2020\/02\/comienza-la-senda-de-subida-al-valle-de-llubriqueto-1024x683.jpg 1024w, https:\/\/www.monta\u00f1asdelaluna.es\/wp-content\/uploads\/2020\/02\/comienza-la-senda-de-subida-al-valle-de-llubriqueto-300x200.jpg 300w, https:\/\/www.monta\u00f1asdelaluna.es\/wp-content\/uploads\/2020\/02\/comienza-la-senda-de-subida-al-valle-de-llubriqueto.jpg 1788w\" sizes=\"auto, (max-width: 1024px) 100vw, 1024px\" \/><\/a><p id=\"caption-attachment-41598\" class=\"wp-caption-text\">Comienza la senda de subida al Valle de Llubriqueto<\/p><\/div>\n<div id=\"attachment_41603\" style=\"width: 1034px\" class=\"wp-caption aligncenter\"><a class=\"dt-single-image\" href=\"https:\/\/www.monta\u00f1asdelaluna.es\/wp-content\/uploads\/2020\/02\/el-grupo-en-el-valle-de-llubriqueto.jpg\" data-dt-img-description=\"\"><img loading=\"lazy\" decoding=\"async\" aria-describedby=\"caption-attachment-41603\" class=\"wp-image-41603 size-large\" src=\"https:\/\/www.monta\u00f1asdelaluna.es\/wp-content\/uploads\/2020\/02\/el-grupo-en-el-valle-de-llubriqueto-1024x683.jpg\" alt=\"El grupo en el Valle de Llubriqueto\" width=\"1024\" height=\"683\" srcset=\"https:\/\/www.monta\u00f1asdelaluna.es\/wp-content\/uploads\/2020\/02\/el-grupo-en-el-valle-de-llubriqueto-1024x683.jpg 1024w, https:\/\/www.monta\u00f1asdelaluna.es\/wp-content\/uploads\/2020\/02\/el-grupo-en-el-valle-de-llubriqueto-300x200.jpg 300w, https:\/\/www.monta\u00f1asdelaluna.es\/wp-content\/uploads\/2020\/02\/el-grupo-en-el-valle-de-llubriqueto.jpg 1788w\" sizes=\"auto, (max-width: 1024px) 100vw, 1024px\" \/><\/a><p id=\"caption-attachment-41603\" class=\"wp-caption-text\">El grupo en el Valle de Llubriqueto<\/p><\/div>\n<p>Despu\u00e9s de a\u00f1os pens\u00e1ndolo, unos amigos de monta\u00f1as, Eva y Josechu, junto con un grupo de amigos, organizan una salida al Pirineo para ascender a esta monta\u00f1a, este pico, desde los Estanys Gelats, al suroeste del pico, en la vertiente de la Vall de Boi. Antonio Farr\u00e9 tambi\u00e9n se apunta. Haremos vivac los dos sin tienda, el resto se subir\u00e1n su tienda de monta\u00f1a hasta estas alturas para montarla y pasar la noche en alguno de los altos Estanys Gelats a m\u00e1s de 2.500 metros. Saldremos de las inmediaciones de la entrada al parque nacional, pasado el Balneario de Caldes de Boi. Aunque dejaremos el coche en la carreterilla, enfrente de dicho balneario. Un lugar amplio para dejar los coches en la vera derecha de la misma si vas por la carretera de subida. A los pocos metros ya tendr\u00edamos la barrera. Por suerte Eva y Josechu ya hab\u00edan hecho este pico en alguna otra ocasi\u00f3n y por la vertiente, v\u00eda, que \u00edbamos a intentar ahora. Con lo cual no \u00edbamos a ciegas, ten\u00edamos gu\u00edas que se ir\u00edan acordando del camino a seguir.<\/p>\n<p>Por eso el pasado fin de semana del 7 y 8 del pasado septiembre, nos montamos en los coches, pasamos por Lleida para recoger a Antoni Farr\u00e9 y subimos por la carretera en busca de los Pirineos y el precioso, conocido Valle de Bo\u00ed. Llegamos a mitad de ma\u00f1ana en un d\u00eda muy soleado y tranquilo que auguraba una actividad igualmente muy tranquila y soleada, con muy buen tiempo. Despu\u00e9s de aparcar y equiparnos junto a la carretera y enfrente de la entrada al Balneario de Boi, salimos a eso de las 13 horas m\u00e1s o menos en busca de la peque\u00f1a Vall de Llubriqueto y los Estanys G\u00e9menes.<\/p>\n<p>Un peque\u00f1o trozo de asfalto y enseguida llegamos al puente que cruza el r\u00edo Noguera de Tor que baja de la misma presa de Cavallers. Punto de informaci\u00f3n del parque nacional. Cruzamos el puente y giramos enseguida a la izquierda dejando la pista asfaltada. En medio del descampado y del suntuoso bosque que se nos avecina, un cartelito: 3 horas para los Estanys G\u00e9menes por la Vall de Llubriqueto. Seguimos estas indicaciones y cogemos una senda que va paralela al cauce del r\u00edo y como valle abajo, por en medio de una zona muy frondosa de bosque y matorral que es toda la ribera del r\u00edo Noguera de Tor. Poco m\u00e1s adelante otro cruce en mitad de la espesa y cerrada vegetaci\u00f3n, seguimos la senda de la derecha que comenzar\u00e1 a subir en busca del nombrado vallecillo de Llubriqueto y Estanys G\u00e9menes.<\/p>\n<div id=\"attachment_41606\" style=\"width: 1034px\" class=\"wp-caption aligncenter\"><a class=\"dt-single-image\" href=\"https:\/\/www.monta\u00f1asdelaluna.es\/wp-content\/uploads\/2020\/02\/sergi-eva-y-monchu-de-cara-en-el-valle-de-llubriqueto.jpg\" data-dt-img-description=\"\"><img loading=\"lazy\" decoding=\"async\" aria-describedby=\"caption-attachment-41606\" class=\"wp-image-41606 size-large\" src=\"https:\/\/www.monta\u00f1asdelaluna.es\/wp-content\/uploads\/2020\/02\/sergi-eva-y-monchu-de-cara-en-el-valle-de-llubriqueto-1024x768.jpg\" alt=\"Sergi, Eva y Josechu de cara en el Valle de Llubriqueto\" width=\"1024\" height=\"768\" srcset=\"https:\/\/www.monta\u00f1asdelaluna.es\/wp-content\/uploads\/2020\/02\/sergi-eva-y-monchu-de-cara-en-el-valle-de-llubriqueto-1024x768.jpg 1024w, https:\/\/www.monta\u00f1asdelaluna.es\/wp-content\/uploads\/2020\/02\/sergi-eva-y-monchu-de-cara-en-el-valle-de-llubriqueto-300x225.jpg 300w, https:\/\/www.monta\u00f1asdelaluna.es\/wp-content\/uploads\/2020\/02\/sergi-eva-y-monchu-de-cara-en-el-valle-de-llubriqueto.jpg 1788w\" sizes=\"auto, (max-width: 1024px) 100vw, 1024px\" \/><\/a><p id=\"caption-attachment-41606\" class=\"wp-caption-text\">Sergi, Eva y Josechu de cara en el Valle de Llubriqueto<\/p><\/div>\n<div id=\"attachment_41610\" style=\"width: 1034px\" class=\"wp-caption aligncenter\"><a class=\"dt-single-image\" href=\"https:\/\/www.monta\u00f1asdelaluna.es\/wp-content\/uploads\/2020\/02\/cruzando-el-rio-del-valle-de-llubriqueto.jpg\" data-dt-img-description=\"\"><img loading=\"lazy\" decoding=\"async\" aria-describedby=\"caption-attachment-41610\" class=\"wp-image-41610 size-large\" src=\"https:\/\/www.monta\u00f1asdelaluna.es\/wp-content\/uploads\/2020\/02\/cruzando-el-rio-del-valle-de-llubriqueto-1024x768.jpg\" alt=\"Cruzando el Barranco de Llubriqueto\" width=\"1024\" height=\"768\" srcset=\"https:\/\/www.monta\u00f1asdelaluna.es\/wp-content\/uploads\/2020\/02\/cruzando-el-rio-del-valle-de-llubriqueto-1024x768.jpg 1024w, https:\/\/www.monta\u00f1asdelaluna.es\/wp-content\/uploads\/2020\/02\/cruzando-el-rio-del-valle-de-llubriqueto-300x225.jpg 300w, https:\/\/www.monta\u00f1asdelaluna.es\/wp-content\/uploads\/2020\/02\/cruzando-el-rio-del-valle-de-llubriqueto.jpg 1788w\" sizes=\"auto, (max-width: 1024px) 100vw, 1024px\" \/><\/a><p id=\"caption-attachment-41610\" class=\"wp-caption-text\">Cruzando el Barranco de Llubriqueto<\/p><\/div>\n<p>En un principio los organizadores Eva y Josechu dec\u00edan que cuanto m\u00e1s arriba subi\u00e9ramos para hacer la noche mejor; entre los Estanys G\u00e9menes y los Estanys Gelats, a m\u00e1s altura y justo debajo de la muralla del Comaloforno, era mejor \u00e9stos \u00faltimos. Ahora ten\u00edamos que pasar por los Estanys G\u00e9menes. Hemos salido a una altura de poco menos de 1.500 metros, y los Estanys Gelats est\u00e1n a poco m\u00e1s de 2.500 metros. En este d\u00eda, cargados con la mochila y el material, comida, saco, para pasar la noche, har\u00edamos 1.000 metros de desnivel.<\/p>\n<p>El d\u00eda es excelente, soleado y sin un \u00e1pice de que vaya a cambiar; perfecto. La senda comienza a subir en zigzag por lugares sombr\u00edos y de bosque, hayedos y matorrales. Tenemos que hacer el desnivel que hay entre el fondo del Valle de Boi y la cubeta llana, plana de la Vall de Llubriqueto. Estoy tiempo sin salir a la monta\u00f1a y esta subida me cansar\u00e1 un poco, ir\u00e9 m\u00e1s retrasado que el resto, pero ma\u00f1ana estar\u00e9 mejor, es solo el calentamiento, el arranque de este motor diesel en que se est\u00e1 convirtiendo mi cuerpo y potencia con el paso de los a\u00f1os.<\/p>\n<p>Poco m\u00e1s arriba la senda ya deja de subir tanto, deja de hacer zigzags, cruzando el rio que baja por el centro del Valle de Llubriqueto, el Barranc de Llubriqueto, para seguir por el otro lado de su orilla valle arriba sin salirnos de una senda que ha estado muy bien marcada en todo el recorrido. Sin p\u00e9rdida. En la subida a este punto hemos estado girando a la vez que camin\u00e1bamos, de direcci\u00f3n suroeste a noroeste como ahora por el coraz\u00f3n del Valle de Llubriqueto. El bosque se va quedando atr\u00e1s y a los lados, y cruzamos varios prados y calvas en busca de una caba\u00f1a, una casita, ya nombrada por Eva y Josechu. Y al poco tiempo aparecemos en un precioso y verde prado con el Barranc de Llubriqueto cruz\u00e1ndolo por el centro, un puentecillo o pasarela de piedra y una caba\u00f1ita en un rinc\u00f3n del lugar. Es la Caba\u00f1a de Llubriqueto. Aqu\u00ed ya estamos a casi 2.000 metros de altura. El Valle de Llubriqueto es precioso, boscoso y solitario, las vistas hac\u00eda las monta\u00f1as a nuestra espalda que esconden las inmediaciones y territorios del P. N. de Aig\u00fcestortes, va apareciendo como centinelas y guardianes de un tesoro imponente y grandioso.<\/p>\n<div id=\"attachment_41611\" style=\"width: 1034px\" class=\"wp-caption aligncenter\"><a class=\"dt-single-image\" href=\"https:\/\/www.monta\u00f1asdelaluna.es\/wp-content\/uploads\/2020\/02\/valle-de-llubriqueto-con-el-pla-de-la-cabana-abajo.jpg\" data-dt-img-description=\"\"><img loading=\"lazy\" decoding=\"async\" aria-describedby=\"caption-attachment-41611\" class=\"wp-image-41611 size-large\" src=\"https:\/\/www.monta\u00f1asdelaluna.es\/wp-content\/uploads\/2020\/02\/valle-de-llubriqueto-con-el-pla-de-la-cabana-abajo-1024x768.jpg\" alt=\"Valle de Llubriqueto con el Pla de La Caba\u00f1a abajo\" width=\"1024\" height=\"768\" srcset=\"https:\/\/www.monta\u00f1asdelaluna.es\/wp-content\/uploads\/2020\/02\/valle-de-llubriqueto-con-el-pla-de-la-cabana-abajo-1024x768.jpg 1024w, https:\/\/www.monta\u00f1asdelaluna.es\/wp-content\/uploads\/2020\/02\/valle-de-llubriqueto-con-el-pla-de-la-cabana-abajo-300x225.jpg 300w, https:\/\/www.monta\u00f1asdelaluna.es\/wp-content\/uploads\/2020\/02\/valle-de-llubriqueto-con-el-pla-de-la-cabana-abajo.jpg 1788w\" sizes=\"auto, (max-width: 1024px) 100vw, 1024px\" \/><\/a><p id=\"caption-attachment-41611\" class=\"wp-caption-text\">Valle de Llubriqueto con el Pla de La Caba\u00f1a abajo<\/p><\/div>\n<div id=\"attachment_41614\" style=\"width: 1034px\" class=\"wp-caption aligncenter\"><a class=\"dt-single-image\" href=\"https:\/\/www.monta\u00f1asdelaluna.es\/wp-content\/uploads\/2020\/02\/IMG_1210.jpg\" data-dt-img-description=\"\"><img loading=\"lazy\" decoding=\"async\" aria-describedby=\"caption-attachment-41614\" class=\"wp-image-41614 size-large\" src=\"https:\/\/www.monta\u00f1asdelaluna.es\/wp-content\/uploads\/2020\/02\/IMG_1210-1024x768.jpg\" alt=\"Estany G\u00e9mene de Baix\" width=\"1024\" height=\"768\" srcset=\"https:\/\/www.monta\u00f1asdelaluna.es\/wp-content\/uploads\/2020\/02\/IMG_1210-1024x768.jpg 1024w, https:\/\/www.monta\u00f1asdelaluna.es\/wp-content\/uploads\/2020\/02\/IMG_1210-300x225.jpg 300w, https:\/\/www.monta\u00f1asdelaluna.es\/wp-content\/uploads\/2020\/02\/IMG_1210.jpg 1788w\" sizes=\"auto, (max-width: 1024px) 100vw, 1024px\" \/><\/a><p id=\"caption-attachment-41614\" class=\"wp-caption-text\">Estany G\u00e9mene de Baix<\/p><\/div>\n<p>Otro cartelito nos dice que nos queda la mitad de tiempo para llegar a los Estanys G\u00e9menes que en el anterior cartelito. Y mientras observo la monta\u00f1a y el lugar, veo un muro de roca y algo de arboledas, que tambi\u00e9n esconde una cascada o ca\u00edda de agua se\u00f1alada en el Alpina. Se observa perfectamente su forma de morrena como si arriba de ella hubiera un espacio m\u00e1s horizontal, un hueco grande en la monta\u00f1a\u2026 cl\u00e1sico de la antigua erosi\u00f3n glacial que formaba los altos lagos de monta\u00f1a\u2026 con lo que me figuro al otro lado, arriba de esta barrera que queda al noroeste, debe de encontrarse los nombrados Estanys G\u00e9menes; con lo que bajamos tranquilamente al fondo del verde y tranquilo vallecillo junto a su caudaloso arroyo o barranco, en cuyas orillas otros monta\u00f1eros han decidido parar para descansar y disfrutar de la tranquilidad del lugar, y cruzamos el puentecillo, alto puentecillo sobre el lecho del barranco, del rio, para girar hacia la izquierda en busca de las laderas y vertientes contrarias del Valle de Llubriqueto, y de la base de esta muralla rocosa con algunas pinceladas arb\u00f3reas.<\/p>\n<p>Al poco de cruzar el puentecillo y de girar a la izquierda en busca de dichas laderas rocosas, la senda ya comienza a internarse en esta parte del valle, entre rocas y bosque, como cruzando en diagonal la ladera, y arriba, intentando encontrar este balc\u00f3n, gran balc\u00f3n de roca. Al principio la senda sube y es visible, pero m\u00e1s arriba, a medida que se acerque a este balc\u00f3n de roca, el recorrido pasar\u00e1 por lugares de esta roca y tendremos que hacer caso a los hitos que se reparten en esta ca\u00f3tica ladera de roca y bosque. La idea es salir casi en el punto, no el m\u00e1s bajo, de esta ladera, justo en el momento en que se horizontaliza para abrirse al valle de los Estanys G\u00e9menes. A la vuelta tendremos un poco de lio para bajar de este balc\u00f3n, de esta morrena, ya que la senda escogida no siempre es la correcta\u2026 hay que seguir los hitos existentes e intentar salir unos metros m\u00e1s arriba de la ca\u00edda de agua que viene de estos lagos de alta monta\u00f1a.<\/p>\n<p>Una vez arriba el paisaje se vuelve a agrandar, detr\u00e1s hemos dejado unas vistas y unos lugares preciosos, del Valle de Llubriqueto: una perfecta cubeta glaciar con un sano y ordenado bosque a cada lado en sus laderas, y al fondo, detr\u00e1s, las marronosas pendientes de la alta monta\u00f1a, y m\u00e1s abajo el invisible fondo del Valle de Boi. Y m\u00e1s con este d\u00eda soleado y de tan buena visibilidad, el espect\u00e1culo est\u00e1 servido\u2026 incluso se intuyen, m\u00e1s al fondo, las monta\u00f1as que cierran o abren el Valle de San Nicol\u00e1s en Aig\u00fcestortes\u2026 paisaje que no podremos ver desde el fondo de los valles de los lagos a los que nos dirigimos ahora, m\u00e1s cerrados y escondidos.<\/p>\n<div id=\"attachment_41616\" style=\"width: 1034px\" class=\"wp-caption aligncenter\"><a class=\"dt-single-image\" href=\"https:\/\/www.monta\u00f1asdelaluna.es\/wp-content\/uploads\/2020\/02\/estany-gemene-de-baix.jpg\" data-dt-img-description=\"\"><img loading=\"lazy\" decoding=\"async\" aria-describedby=\"caption-attachment-41616\" class=\"wp-image-41616 size-large\" src=\"https:\/\/www.monta\u00f1asdelaluna.es\/wp-content\/uploads\/2020\/02\/estany-gemene-de-baix-1024x768.jpg\" alt=\"Estany G\u00e9mene de Baix\" width=\"1024\" height=\"768\" srcset=\"https:\/\/www.monta\u00f1asdelaluna.es\/wp-content\/uploads\/2020\/02\/estany-gemene-de-baix-1024x768.jpg 1024w, https:\/\/www.monta\u00f1asdelaluna.es\/wp-content\/uploads\/2020\/02\/estany-gemene-de-baix-300x225.jpg 300w, https:\/\/www.monta\u00f1asdelaluna.es\/wp-content\/uploads\/2020\/02\/estany-gemene-de-baix.jpg 1788w\" sizes=\"auto, (max-width: 1024px) 100vw, 1024px\" \/><\/a><p id=\"caption-attachment-41616\" class=\"wp-caption-text\">Estany G\u00e9mene de Baix<\/p><\/div>\n<div id=\"attachment_41622\" style=\"width: 1034px\" class=\"wp-caption aligncenter\"><a class=\"dt-single-image\" href=\"https:\/\/www.monta\u00f1asdelaluna.es\/wp-content\/uploads\/2020\/02\/indicacion-para-subir-al-besiberri-sur-abajo-el-estany-gemene-de-baix-el-mont-y-l-auet-detras.jpg\" data-dt-img-description=\"\"><img loading=\"lazy\" decoding=\"async\" aria-describedby=\"caption-attachment-41622\" class=\"wp-image-41622 size-large\" src=\"https:\/\/www.monta\u00f1asdelaluna.es\/wp-content\/uploads\/2020\/02\/indicacion-para-subir-al-besiberri-sur-abajo-el-estany-gemene-de-baix-el-mont-y-l-auet-detras-1024x768.jpg\" alt=\"Indicaci\u00f3n para subir al Besiberri Sur, abajo el Estany G\u00e9mene de Baix, El Mont y l'A\u00fct detr\u00e1s\" width=\"1024\" height=\"768\" srcset=\"https:\/\/www.monta\u00f1asdelaluna.es\/wp-content\/uploads\/2020\/02\/indicacion-para-subir-al-besiberri-sur-abajo-el-estany-gemene-de-baix-el-mont-y-l-auet-detras-1024x768.jpg 1024w, https:\/\/www.monta\u00f1asdelaluna.es\/wp-content\/uploads\/2020\/02\/indicacion-para-subir-al-besiberri-sur-abajo-el-estany-gemene-de-baix-el-mont-y-l-auet-detras-300x225.jpg 300w, https:\/\/www.monta\u00f1asdelaluna.es\/wp-content\/uploads\/2020\/02\/indicacion-para-subir-al-besiberri-sur-abajo-el-estany-gemene-de-baix-el-mont-y-l-auet-detras.jpg 1788w\" sizes=\"auto, (max-width: 1024px) 100vw, 1024px\" \/><\/a><p id=\"caption-attachment-41622\" class=\"wp-caption-text\">Indicaci\u00f3n para subir al Besiberri Sur, abajo el Estany G\u00e9mene de Baix, El Mont y l&#8217;A\u00fct detr\u00e1s<\/p><\/div>\n<p>El primer Estany de G\u00e9mene que nos encontramos es precioso: un largo y ancho lago de alta monta\u00f1a rodeado por algo de bosque, menos en su parte m\u00e1s al norte, y con alguna islita que le da un toque encantador, buc\u00f3lico. Es un sitio ideal para visitar con el simple objetivo de encontrar el silencio, la tranquilidad y esa paz interior que suelen dar estos lugares, mientras descalzo te tumbas en sus laderas o rocas lisas, con la mirada puesta en sus tranquilas aguas.<\/p>\n<p>La senda ahora seguir\u00e1 a cierta altura por la ladera derecha de este Estany G\u00e9mene de Baix, por su lado este, horizontal y a la misma altura hasta acercarnos al final del mismo lago. Mientras el paisaje se hace precioso con las vistas de este lago de alta monta\u00f1a y todo lo que le rodea. Decenas de fotos salen de todas las c\u00e1maras que caminan en nuestro grupo. Cualquier postura o perfil en cada momento del camino, es un rinc\u00f3n especial para inmortalizarlo con nuestros objetivos. Incluso creo reconocer una de las altas cimas cercanas o pegadas al conjunto del Besiberri Sur, el Pic d\u2019Avellaners, cercano a los tres mil metros, al fondo derecha del valle por el que estamos subiendo, justo al norte. Algunos neveros en su base que a\u00fan perduran despu\u00e9s de un caluroso verano delatan su identidad y car\u00e1cter.<\/p>\n<p>Al final de este primer lago de alta monta\u00f1a, nos aparece otro cartelito con una flecha e indicaci\u00f3n: \u201cBesiberri Sur, 2\u201915 horas\u201d, y este es el camino que tenemos que seguir. Ahora de nuevo el recorrido comienza a subir, a coger desnivel, en busca de otra cubeta glaciar m\u00e1s arriba y en la misma direcci\u00f3n norte, de donde se encuentran estos Estanys G\u00e9menes. Perfectamente podemos diferenciar otra ladera totalmente rocosa pero con espacios herbosos, que separa o diferencia la cubeta o hueco del valle donde se encuentran estos Estanys G\u00e9menes, del hueco m\u00e1s arriba y norte, donde se encuentran, m\u00e1s repartidos y escondidos, los Estanys Gelats. Entre ambos hay un desnivel de unos 250 metros, ya que los Estanys Gelats se encuentran a unos 2.500 metros\u2026 ya a bastante altura.<\/p>\n<div id=\"attachment_41629\" style=\"width: 1034px\" class=\"wp-caption aligncenter\"><a class=\"dt-single-image\" href=\"https:\/\/www.monta\u00f1asdelaluna.es\/wp-content\/uploads\/2020\/02\/estany-gelats-bajo-el-tossal-dels-soldats.jpg\" data-dt-img-description=\"\"><img loading=\"lazy\" decoding=\"async\" aria-describedby=\"caption-attachment-41629\" class=\"wp-image-41629 size-large\" src=\"https:\/\/www.monta\u00f1asdelaluna.es\/wp-content\/uploads\/2020\/02\/estany-gelats-bajo-el-tossal-dels-soldats-1024x768.jpg\" alt=\"Estany Gelats bajo el Tossal dels Soldats\" width=\"1024\" height=\"768\" srcset=\"https:\/\/www.monta\u00f1asdelaluna.es\/wp-content\/uploads\/2020\/02\/estany-gelats-bajo-el-tossal-dels-soldats-1024x768.jpg 1024w, https:\/\/www.monta\u00f1asdelaluna.es\/wp-content\/uploads\/2020\/02\/estany-gelats-bajo-el-tossal-dels-soldats-300x225.jpg 300w, https:\/\/www.monta\u00f1asdelaluna.es\/wp-content\/uploads\/2020\/02\/estany-gelats-bajo-el-tossal-dels-soldats.jpg 1788w\" sizes=\"auto, (max-width: 1024px) 100vw, 1024px\" \/><\/a><p id=\"caption-attachment-41629\" class=\"wp-caption-text\">Estany Gelats bajo el Tossal dels Soldats<\/p><\/div>\n<div id=\"attachment_41631\" style=\"width: 1034px\" class=\"wp-caption aligncenter\"><a class=\"dt-single-image\" href=\"https:\/\/www.monta\u00f1asdelaluna.es\/wp-content\/uploads\/2020\/02\/vivaqueando-junto-al-estany-gelat-de-en-medio-bajo-el-tossal-dels-soldats.jpg\" data-dt-img-description=\"\"><img loading=\"lazy\" decoding=\"async\" aria-describedby=\"caption-attachment-41631\" class=\"wp-image-41631 size-large\" src=\"https:\/\/www.monta\u00f1asdelaluna.es\/wp-content\/uploads\/2020\/02\/vivaqueando-junto-al-estany-gelat-de-en-medio-bajo-el-tossal-dels-soldats-1024x768.jpg\" alt=\"Vivaqueando junto al Estany Gelat de en medio, bajo el Tossal dels Soldats\" width=\"1024\" height=\"768\" srcset=\"https:\/\/www.monta\u00f1asdelaluna.es\/wp-content\/uploads\/2020\/02\/vivaqueando-junto-al-estany-gelat-de-en-medio-bajo-el-tossal-dels-soldats-1024x768.jpg 1024w, https:\/\/www.monta\u00f1asdelaluna.es\/wp-content\/uploads\/2020\/02\/vivaqueando-junto-al-estany-gelat-de-en-medio-bajo-el-tossal-dels-soldats-300x225.jpg 300w, https:\/\/www.monta\u00f1asdelaluna.es\/wp-content\/uploads\/2020\/02\/vivaqueando-junto-al-estany-gelat-de-en-medio-bajo-el-tossal-dels-soldats.jpg 1788w\" sizes=\"auto, (max-width: 1024px) 100vw, 1024px\" \/><\/a><p id=\"caption-attachment-41631\" class=\"wp-caption-text\">Vivaqueando junto al Estany Gelat de en medio, bajo el Tossal dels Soldats<\/p><\/div>\n<p>\u00bfQu\u00e9 hacemos? \u00bfNos quedamos aqu\u00ed, en la cola del Estany G\u00e9mene de Baix o subimos poco m\u00e1s hasta las orillas de uno de los Estanys Gelats? El que m\u00e1s cansado iba era yo, y viendo el desnivel y ladera rocosa a superar, si solo era eso, pues cuanto m\u00e1s alto estemos, menos recorrido haremos ma\u00f1ana. Con lo que el grupo sigui\u00f3 la sendilla o traza por la direcci\u00f3n del cartelito en busca de la parte alta de otra barrera rocosa que, como la que sub\u00eda al Estany G\u00e9mene, hac\u00eda de morrena y balc\u00f3n de la zona de los Estanys Gelats.<\/p>\n<p>Esta parte es m\u00e1s empinada si cabe que la subida a los Estanys G\u00e9menes, pero m\u00e1s despejada, mejor dicho, a esta altura no hay bosque, solo hierba y roca. Pero en unos minutos llegamos a la parte de arriba, a un punto, desde el cual podemos ver a nuestra izquierda los huecos del terreno, del valle, donde se encuentran los Estanys Gelats; y enfrente, si seguimos las marcas, los hitos, ya que en la roca madre no hay senda, vemos al fondo derecha un alto y escarpado piquito con forma triangular, pero con el lado este m\u00e1s recto y vertical, y su lado o vertiente oeste, m\u00e1s accesibles y prolongada, es el Besiberri Sur. Justo arriba de nosotros a la derecha, este, queda la formidable muralla de roca vertical muy escarpada, con sus contrafuertes y muros, que guardan la cima del Comaloforno. Detr\u00e1s arriba de estas paredes a\u00fan tendr\u00edamos que desplazarnos o recorrer terreno rocoso y escarpado para acercarnos a la cima del nombrado pico. Quiero decir que la cima del Comaloforno no estaba justo arriba de estos contrafuertes, muros de roca y paredes lisas, si no m\u00e1s a dentro.<\/p>\n<p>Llegados a un punto comenzamos a debatir donde pasamos la noche. Todo es roca sin posibilidad aparente de encontrar un lugar herboso donde plantar la tienda. Es m\u00e1s, no solamente es roca, si no que en la superficie de esa roca madre, hay todo un enorme campo de rocas sueltas pero enormes, grandes y peque\u00f1as\u2026 igual entre una de estas podr\u00edamos encontrar un buen sitio para pasar la noche. A la izquierda del recorrido marcado por hitos y antes de comenzar a cruzar una ladera con pendiente y en diagonal hacia el interior del vallecillo siguiente que ya acaba en el Coll d\u2019Avellaners, alej\u00e1ndose de la zona menos vertical y que m\u00e1s se acerca a uno de los laguitos de los Estanys Gelats, giramos a la izquierda buscando la orilla de dicho laguito. Hay hitos que te llevan, pero que acaban en las orillas del laguito, por una ladera rocosa menos vertical y evidente para que sea el recorrido m\u00e1s c\u00f3modo de bajada.<\/p>\n<div id=\"attachment_41638\" style=\"width: 1034px\" class=\"wp-caption aligncenter\"><a class=\"dt-single-image\" href=\"https:\/\/www.monta\u00f1asdelaluna.es\/wp-content\/uploads\/2020\/02\/arriba-queda-el-besiberri-sur-y-la-cresta-a-la-derecha.jpg\" data-dt-img-description=\"\"><img loading=\"lazy\" decoding=\"async\" aria-describedby=\"caption-attachment-41638\" class=\"wp-image-41638 size-large\" src=\"https:\/\/www.monta\u00f1asdelaluna.es\/wp-content\/uploads\/2020\/02\/arriba-queda-el-besiberri-sur-y-la-cresta-a-la-derecha-1024x683.jpg\" alt=\"Arriba queda el Besiberri Sur y la cresta a la derecha\" width=\"1024\" height=\"683\" srcset=\"https:\/\/www.monta\u00f1asdelaluna.es\/wp-content\/uploads\/2020\/02\/arriba-queda-el-besiberri-sur-y-la-cresta-a-la-derecha-1024x683.jpg 1024w, https:\/\/www.monta\u00f1asdelaluna.es\/wp-content\/uploads\/2020\/02\/arriba-queda-el-besiberri-sur-y-la-cresta-a-la-derecha-300x200.jpg 300w, https:\/\/www.monta\u00f1asdelaluna.es\/wp-content\/uploads\/2020\/02\/arriba-queda-el-besiberri-sur-y-la-cresta-a-la-derecha.jpg 1788w\" sizes=\"auto, (max-width: 1024px) 100vw, 1024px\" \/><\/a><p id=\"caption-attachment-41638\" class=\"wp-caption-text\">Arriba queda el Besiberri Sur y la cresta a la derecha<\/p><\/div>\n<div id=\"attachment_41639\" style=\"width: 1034px\" class=\"wp-caption aligncenter\"><a class=\"dt-single-image\" href=\"https:\/\/www.monta\u00f1asdelaluna.es\/wp-content\/uploads\/2020\/02\/abajo-queda-los-estanys-gelats-mas-bajos.jpg\" data-dt-img-description=\"\"><img loading=\"lazy\" decoding=\"async\" aria-describedby=\"caption-attachment-41639\" class=\"wp-image-41639 size-large\" src=\"https:\/\/www.monta\u00f1asdelaluna.es\/wp-content\/uploads\/2020\/02\/abajo-queda-los-estanys-gelats-mas-bajos-1024x683.jpg\" alt=\"Abajo quedan los Estanys Gelats m\u00e1s bajos\" width=\"1024\" height=\"683\" srcset=\"https:\/\/www.monta\u00f1asdelaluna.es\/wp-content\/uploads\/2020\/02\/abajo-queda-los-estanys-gelats-mas-bajos-1024x683.jpg 1024w, https:\/\/www.monta\u00f1asdelaluna.es\/wp-content\/uploads\/2020\/02\/abajo-queda-los-estanys-gelats-mas-bajos-300x200.jpg 300w, https:\/\/www.monta\u00f1asdelaluna.es\/wp-content\/uploads\/2020\/02\/abajo-queda-los-estanys-gelats-mas-bajos.jpg 1788w\" sizes=\"auto, (max-width: 1024px) 100vw, 1024px\" \/><\/a><p id=\"caption-attachment-41639\" class=\"wp-caption-text\">Abajo quedan los Estanys Gelats m\u00e1s bajos<\/p><\/div>\n<p>As\u00ed pues bajamos por aqu\u00ed y nos esparcimos por un terreno donde hay huecos con tierrecilla o gravilla donde plantar las tiendas, eso s\u00ed, con muchas piedrecillas tambi\u00e9n. Eva y Josechu plantan una tienda en un punto m\u00e1s alejado, Sergi y Jos\u00e9 en otro m\u00e1s cercano, y los \u201cvivaqueros\u201d, Antoni y yo, extendemos nuestros sacos en rinconcitos cercanos pero independientes y separados por alguna enorme roca\u2026 como si busc\u00e1ramos intimidad y la tranquilidad de la soledad en la noche. Son las 6 de la tarde cuando llegamos. Hemos tardado unas 5 horas en subir hasta aqu\u00ed con un desnivel de 1.000 metros.<\/p>\n<p>Desde el punto donde estamos, que se puede decir que es el m\u00e1s cercano a la ruta normal que sube al Besiberri Sur, Coll d\u2019Avellaners desde el laguito, recogemos agua en uno de los lados del mismo, en una ca\u00edda de agua o torrente que baja de la laguna m\u00e1s alta, m\u00e1s al norte, de estos tres Estanys Gelats. Solo tenemos que recorrernos la orilla del laguito para llegar a este punto por la que baja agua clara y ruidosa. Antes de irnos a dormir cenamos y preparamos las cosas para ma\u00f1ana madrugar y asaltar la cima del Comaloforno. Como siempre y metido en mi saco Diamir de plumas en plena noche cerrada sin nubes y con cien mil estrellas sobre m\u00ed, espero que aparezca alguna fugaz para no perder la costumbre el Universo de darme las buenas noches con una sonrisa\u2026 el d\u00eda ha sido espl\u00e9ndido y ma\u00f1ana parece que ser\u00e1 un calco de \u00e9ste. Perfecto.<\/p>\n<p>Los Estanys Gelats son tres laguitos de alta monta\u00f1a que rondan la altura de los dos mil quinientos metros, el m\u00e1s alto sobrepasa esta altura y el m\u00e1s bajo no llega. Se encuentran encajonados en cubetas glaciares rodeados de paredes y verticales pendientes de roca de la alta monta\u00f1a pirenaica, el m\u00e1s alejado de los tres, a m\u00e1s altura y escondido, lo rodea el Circo de Avellaners muy cerca del collado del mismo nombre, pero separado por un piquito que queda en medio, entre ambos, el mismo Pic d\u2019Avellaners, a la derecha, oeste, de este. Nosotros nos aceramos al laguito m\u00e1s cercano a la ruta de subida al Coll d\u2019Avellaners, al Besiberri Sur por este lado; que es el laguito de en medio de los tres. Al d\u00eda siguiente, a medida que fu\u00e9ramos cogiendo altura, podr\u00edamos observar al paisaje con los nombrados laguitos como principales protagonistas por este lado, parte oeste del Comaloforno, del paisaje.<\/p>\n<div id=\"attachment_41641\" style=\"width: 1034px\" class=\"wp-caption aligncenter\"><a class=\"dt-single-image\" href=\"https:\/\/www.monta\u00f1asdelaluna.es\/wp-content\/uploads\/2020\/02\/subiendo-en-direccion-al-coll-d-avellaners.jpg\" data-dt-img-description=\"\"><img loading=\"lazy\" decoding=\"async\" aria-describedby=\"caption-attachment-41641\" class=\"wp-image-41641 size-large\" src=\"https:\/\/www.monta\u00f1asdelaluna.es\/wp-content\/uploads\/2020\/02\/subiendo-en-direccion-al-coll-d-avellaners-1024x683.jpg\" alt=\"Subiendo en direcci\u00f3n al Coll d'Avellaners\" width=\"1024\" height=\"683\" srcset=\"https:\/\/www.monta\u00f1asdelaluna.es\/wp-content\/uploads\/2020\/02\/subiendo-en-direccion-al-coll-d-avellaners-1024x683.jpg 1024w, https:\/\/www.monta\u00f1asdelaluna.es\/wp-content\/uploads\/2020\/02\/subiendo-en-direccion-al-coll-d-avellaners-300x200.jpg 300w, https:\/\/www.monta\u00f1asdelaluna.es\/wp-content\/uploads\/2020\/02\/subiendo-en-direccion-al-coll-d-avellaners.jpg 1788w\" sizes=\"auto, (max-width: 1024px) 100vw, 1024px\" \/><\/a><p id=\"caption-attachment-41641\" class=\"wp-caption-text\">Subiendo en direcci\u00f3n al Coll d&#8217;Avellaners<\/p><\/div>\n<div id=\"attachment_41642\" style=\"width: 1034px\" class=\"wp-caption aligncenter\"><a class=\"dt-single-image\" href=\"https:\/\/www.monta\u00f1asdelaluna.es\/wp-content\/uploads\/2020\/02\/dejamos-la-subida-al-coll-d-avellaners-y-giramos-a-la-izquierda-hacia-una-brecha-delante-antoni-y-abajo-el-estanys-gelats-y-gemena.jpg\" data-dt-img-description=\"\"><img loading=\"lazy\" decoding=\"async\" aria-describedby=\"caption-attachment-41642\" class=\"wp-image-41642 size-large\" src=\"https:\/\/www.monta\u00f1asdelaluna.es\/wp-content\/uploads\/2020\/02\/dejamos-la-subida-al-coll-d-avellaners-y-giramos-a-la-izquierda-hacia-una-brecha-delante-antoni-y-abajo-el-estanys-gelats-y-gemena-1024x683.jpg\" alt=\"Dejamos la subida al Coll d'Avellaners y giramos a la izquierda hacia una brecha. Delante Antoni y abajo el Estanys Gelats y G\u00e9mena\" width=\"1024\" height=\"683\" srcset=\"https:\/\/www.monta\u00f1asdelaluna.es\/wp-content\/uploads\/2020\/02\/dejamos-la-subida-al-coll-d-avellaners-y-giramos-a-la-izquierda-hacia-una-brecha-delante-antoni-y-abajo-el-estanys-gelats-y-gemena-1024x683.jpg 1024w, https:\/\/www.monta\u00f1asdelaluna.es\/wp-content\/uploads\/2020\/02\/dejamos-la-subida-al-coll-d-avellaners-y-giramos-a-la-izquierda-hacia-una-brecha-delante-antoni-y-abajo-el-estanys-gelats-y-gemena-300x200.jpg 300w, https:\/\/www.monta\u00f1asdelaluna.es\/wp-content\/uploads\/2020\/02\/dejamos-la-subida-al-coll-d-avellaners-y-giramos-a-la-izquierda-hacia-una-brecha-delante-antoni-y-abajo-el-estanys-gelats-y-gemena.jpg 1788w\" sizes=\"auto, (max-width: 1024px) 100vw, 1024px\" \/><\/a><p id=\"caption-attachment-41642\" class=\"wp-caption-text\">Dejamos la subida al Coll d&#8217;Avellaners y giramos a la izquierda hacia una brecha. Delante Antoni y abajo el Estanys Gelats y G\u00e9mena<\/p><\/div>\n<p>Al otro d\u00eda domingo madrugamos pero salimos con sol, no s\u00e9 si a las 7 u 8 de la ma\u00f1ana, despu\u00e9s de haber desmontado tiendas y escondido el material que no vamos a utilizar en la actividad, ya que tenemos que bajar por aqu\u00ed y pasar por los mismos sitios; salimos descansados y decididos, guiados por Eva y Josechu que intentan recordar la ruta, camino de subida realizada por ellos hace un tiempo y que no se encuentra en libros o gu\u00edas de monta\u00f1a, solo en tracks del wikiloc y esos instrumentos de informaci\u00f3n \u201cno oficiales\u201d, del Comaloforno por este lado.<\/p>\n<p>Lo primero es recuperar el camino marcado por hitos y evidente que dejamos ayer para bajar casi hasta las orillas de este segundo Estany Gelat. Debo decir que fue un aut\u00e9ntico acierto pasar la noche aqu\u00ed, y que el esfuerzo de ayer vali\u00f3 mucho la pena para ahora tener menos desnivel y poder preocuparnos, perder m\u00e1s tiempo, en buscar la ruta id\u00f3nea y correcta de subida. Ya que una equivocaci\u00f3n podr\u00eda ser fatal con gran p\u00e9rdida de tiempo, por esta vertiente tan descompuesta, escarpada, vertical, abrupta y nada transitada. El d\u00eda ha amanecido incre\u00edble tambi\u00e9n, fant\u00e1stico, ni una nube ni fr\u00edo, al menos el frio que deber\u00eda de hacer a esta altura por la madrugada en una noche despejada\u2026 aunque s\u00ed es cierto que baj\u00f3 de 0 grados, congel\u00e1ndose el ag\u00fcita de la transpiraci\u00f3n y que mi malograda funda de vivac no ha sabido expulsar, sobre el exterior de mi saco.<\/p>\n<p>Ya retomado el recorrido marcado con hitos que sube al Coll d\u2019Avellaners, por aqu\u00ed y al introducirnos en el vallecillo donde las murallas y crestas entre el Comaloforno y Besiberri Sur quedan a nuestra derecha y sobre nosotros, a veces debes guiarte y ascender por la parte m\u00e1s f\u00e1cil de roca viva y siempre justo por entre los hitos que te se\u00f1alan la direcci\u00f3n clara del recorrido. No tiene p\u00e9rdida.<\/p>\n<div id=\"attachment_41644\" style=\"width: 1034px\" class=\"wp-caption aligncenter\"><a class=\"dt-single-image\" href=\"https:\/\/www.monta\u00f1asdelaluna.es\/wp-content\/uploads\/2020\/02\/subiendo-por-una-brecha-hacia-la-cresta-al-comaloforno.jpg\" data-dt-img-description=\"\"><img loading=\"lazy\" decoding=\"async\" aria-describedby=\"caption-attachment-41644\" class=\"wp-image-41644 size-large\" src=\"https:\/\/www.monta\u00f1asdelaluna.es\/wp-content\/uploads\/2020\/02\/subiendo-por-una-brecha-hacia-la-cresta-al-comaloforno-1024x683.jpg\" alt=\"Subiendo por una brecha hac\u00eda la cresta al Comaloforno\" width=\"1024\" height=\"683\" srcset=\"https:\/\/www.monta\u00f1asdelaluna.es\/wp-content\/uploads\/2020\/02\/subiendo-por-una-brecha-hacia-la-cresta-al-comaloforno-1024x683.jpg 1024w, https:\/\/www.monta\u00f1asdelaluna.es\/wp-content\/uploads\/2020\/02\/subiendo-por-una-brecha-hacia-la-cresta-al-comaloforno-300x200.jpg 300w, https:\/\/www.monta\u00f1asdelaluna.es\/wp-content\/uploads\/2020\/02\/subiendo-por-una-brecha-hacia-la-cresta-al-comaloforno.jpg 1788w\" sizes=\"auto, (max-width: 1024px) 100vw, 1024px\" \/><\/a><p id=\"caption-attachment-41644\" class=\"wp-caption-text\">Subiendo por una brecha hac\u00eda la cresta al Comaloforno<\/p><\/div>\n<div id=\"attachment_41647\" style=\"width: 1034px\" class=\"wp-caption aligncenter\"><a class=\"dt-single-image\" href=\"https:\/\/www.monta\u00f1asdelaluna.es\/wp-content\/uploads\/2020\/02\/IMG_1263.jpg\" data-dt-img-description=\"\"><img loading=\"lazy\" decoding=\"async\" aria-describedby=\"caption-attachment-41647\" class=\"wp-image-41647 size-large\" src=\"https:\/\/www.monta\u00f1asdelaluna.es\/wp-content\/uploads\/2020\/02\/IMG_1263-1024x683.jpg\" alt=\"Pasillo bajo la cresta en busca del Comaloforno\" width=\"1024\" height=\"683\" srcset=\"https:\/\/www.monta\u00f1asdelaluna.es\/wp-content\/uploads\/2020\/02\/IMG_1263-1024x683.jpg 1024w, https:\/\/www.monta\u00f1asdelaluna.es\/wp-content\/uploads\/2020\/02\/IMG_1263-300x200.jpg 300w, https:\/\/www.monta\u00f1asdelaluna.es\/wp-content\/uploads\/2020\/02\/IMG_1263.jpg 1788w\" sizes=\"auto, (max-width: 1024px) 100vw, 1024px\" \/><\/a><p id=\"caption-attachment-41647\" class=\"wp-caption-text\">Pasillo bajo la cresta en busca del Comaloforno<\/p><\/div>\n<p>Llega un momento que observo un cono de derrubios que baja por la derecha y sale de una escondida canal o brecha en medio del muro de paredes y escarpes verticales de la derecha, bajo el Comaloforno y la cresta que lo une con el Besiberri Sur. Por uno de estos sitios tendr\u00edamos que subir, pero no s\u00e9 por d\u00f3nde. Nuestros \u201cgu\u00edas\u201d, Eva y Josechu se paran m\u00e1s arriba y comienzan a deliberar por donde pod\u00eda ser la subida. Al final, nos hemos pasado un poco por el vallecillo y casi que dejamos este cono a nuestra espalda, reculamos para acercarnos a este sitio. Se puede descubrir f\u00e1cilmente que ser\u00eda el camino m\u00e1s evidente para subir a la cresta, a la parte de arriba de la muralla de roca hacia la cima del Comaloforno o cresta, aunque no se ve la salida de la misma al introducirse en una estrecha canal que gira como evitando las miradas de los curiosos que nos encontramos en el camino al Coll d\u2019Avellaners. El resto de canales que se ven entre los pilares, contrafuertes verticales e inexpugnables de este muro, acaban en un callej\u00f3n sin salida all\u00e1 arriba\u2026 al menos a primera vista. Por ello nos acercamos a la vertical pendiente de sedimentos, tierra, piedra y rocas ca\u00eddas por este cono de derrubios\u2026 vemos que hay algunos hitos casi imperceptibles entre tanta piedra peligrosamente suelta. Eva y Josechu nos confirman que efectivamente es por aqu\u00ed la subida. Podremos encontrar f\u00e1cilmente el lugar, ya que es el cono de derrubios, en forma triangular, m\u00e1s grande o evidente en medio de la muralla de paredes que soportan las cimas que queremos asolir.<\/p>\n<p>Mientras subimos por este vertical y triangular, con la punta m\u00e1s estrecha en la parte alta, cono de derrubios, a Jos\u00e9 le da un baj\u00f3n y debe de pararse, un mareo o falta de fuerzas\u2026 lo que es un principio de lipotimia, un \u201cmal cuerpo\u201d, por el esfuerzo y la actividad. Se para en mitad de esta subida, descansa, se repone, le esperamos y damos \u00e1nimos\u2026 ayer era yo el que estaba flojo, cansado, hoy ya estoy recuperado y fuerte\u2026 una vez recuperado, comienza a subir poco a poco detr\u00e1s de nosotros.<\/p>\n<div id=\"attachment_41651\" style=\"width: 1034px\" class=\"wp-caption aligncenter\"><a class=\"dt-single-image\" href=\"https:\/\/www.monta\u00f1asdelaluna.es\/wp-content\/uploads\/2020\/02\/IMG_1269.jpg\" data-dt-img-description=\"\"><img loading=\"lazy\" decoding=\"async\" aria-describedby=\"caption-attachment-41651\" class=\"wp-image-41651 size-large\" src=\"https:\/\/www.monta\u00f1asdelaluna.es\/wp-content\/uploads\/2020\/02\/IMG_1269-1024x683.jpg\" alt=\"Delante Jos\u00e9 con los Estanys Gelats abajo, subiendo al Comaloforno\" width=\"1024\" height=\"683\" srcset=\"https:\/\/www.monta\u00f1asdelaluna.es\/wp-content\/uploads\/2020\/02\/IMG_1269-1024x683.jpg 1024w, https:\/\/www.monta\u00f1asdelaluna.es\/wp-content\/uploads\/2020\/02\/IMG_1269-300x200.jpg 300w, https:\/\/www.monta\u00f1asdelaluna.es\/wp-content\/uploads\/2020\/02\/IMG_1269.jpg 1788w\" sizes=\"auto, (max-width: 1024px) 100vw, 1024px\" \/><\/a><p id=\"caption-attachment-41651\" class=\"wp-caption-text\">Delante Jos\u00e9 con los Estanys Gelats abajo, subiendo al Comaloforno<\/p><\/div>\n<div id=\"attachment_41649\" style=\"width: 1034px\" class=\"wp-caption aligncenter\"><a class=\"dt-single-image\" href=\"https:\/\/www.monta\u00f1asdelaluna.es\/wp-content\/uploads\/2020\/02\/punta-passet-que-roza-los-tres-mil-metros.jpg\" data-dt-img-description=\"\"><img loading=\"lazy\" decoding=\"async\" aria-describedby=\"caption-attachment-41649\" class=\"wp-image-41649 size-large\" src=\"https:\/\/www.monta\u00f1asdelaluna.es\/wp-content\/uploads\/2020\/02\/punta-passet-que-roza-los-tres-mil-metros-1024x683.jpg\" alt=\"Punta Passet que roza los tres mil metros\" width=\"1024\" height=\"683\" srcset=\"https:\/\/www.monta\u00f1asdelaluna.es\/wp-content\/uploads\/2020\/02\/punta-passet-que-roza-los-tres-mil-metros-1024x683.jpg 1024w, https:\/\/www.monta\u00f1asdelaluna.es\/wp-content\/uploads\/2020\/02\/punta-passet-que-roza-los-tres-mil-metros-300x200.jpg 300w, https:\/\/www.monta\u00f1asdelaluna.es\/wp-content\/uploads\/2020\/02\/punta-passet-que-roza-los-tres-mil-metros.jpg 1788w\" sizes=\"auto, (max-width: 1024px) 100vw, 1024px\" \/><\/a><p id=\"caption-attachment-41649\" class=\"wp-caption-text\">Punta Passet que roza los tres mil metros<\/p><\/div>\n<p>Entramos en la canal estrecha ya de piedras no demasiado vertical y con buenos agarres. Arriba del cono de derrubios la canal queda en su parte izquierda, vertical, estrecha y casi como escondida por las paredes de roca que la cierran. Bajo de nosotros queda todo el cono de derrubios que llega casi hasta el mismo recorrido al Coll d\u2019Avellaners, vertical, de terreno en movimiento, son las piedras y rocas que caen desde las alturas y se cuelan por esta canal, aterrizando en este triangulo de sedimentos y deshechos, piedras, rocas arrancadas de la monta\u00f1a.<\/p>\n<p>Arriba de la canal yo pensaba que ya estar\u00edamos montando sobre el filo de la cresta, pero \u00a1qu\u00e9 va!, a\u00fan quedaba recorrido hasta ella. Salimos de la canal arriba de la misma por el mejor sitio para ello, por la izquierda, y salimos a una pendiente de roca viva, piedrecillas, por la que hay que ascender hasta su parte superior, en la que unas paredes o escarpes de roca vertical, impiden que sigas hacia arriba, teniendo que girar hacia la derecha y sin ascender, solamente seguir el pasillo bajo estas rocas verticales que cierran por arriba la pendiente rocosa, a la derecha.<\/p>\n<p>Seguimos este pasillo natural entre la pendiente rocosa que m\u00e1s adelante ya no es tan vertical, formada de tal manera como si un estilete gigante hubiera hecho un surco nada profundo pero s\u00ed evidente, en la ladera rocosa de la monta\u00f1a. Seguimos este surco hacia el sur subiendo a otra crestecilla o espol\u00f3n, desde el cual, ya vemos el extraordinario y espectacular pico Punta Passet que ya queda al sur del Comaloforno, por lo tanto la cima del Comaloforno la tenemos arriba a nuestra izquierda. Cerca.<\/p>\n<div id=\"attachment_41659\" style=\"width: 1034px\" class=\"wp-caption aligncenter\"><a class=\"dt-single-image\" href=\"https:\/\/www.monta\u00f1asdelaluna.es\/wp-content\/uploads\/2020\/02\/de-izquierda-a-derecha-jose-monchu-eva-sergi-antoni-y-joaquin-en-la-cima-del-comaloforno-3-028-mts.jpg\" data-dt-img-description=\"\"><img loading=\"lazy\" decoding=\"async\" aria-describedby=\"caption-attachment-41659\" class=\"wp-image-41659 size-large\" src=\"https:\/\/www.monta\u00f1asdelaluna.es\/wp-content\/uploads\/2020\/02\/de-izquierda-a-derecha-jose-monchu-eva-sergi-antoni-y-joaquin-en-la-cima-del-comaloforno-3-028-mts-1024x683.jpg\" alt=\"De izquierda a derecha: Jos\u00e9, Josechu, Eva, Sergi, Antoni y Joaqu\u00edn en la cima del Comaloforno, 3.029 mts.\" width=\"1024\" height=\"683\" srcset=\"https:\/\/www.monta\u00f1asdelaluna.es\/wp-content\/uploads\/2020\/02\/de-izquierda-a-derecha-jose-monchu-eva-sergi-antoni-y-joaquin-en-la-cima-del-comaloforno-3-028-mts-1024x683.jpg 1024w, https:\/\/www.monta\u00f1asdelaluna.es\/wp-content\/uploads\/2020\/02\/de-izquierda-a-derecha-jose-monchu-eva-sergi-antoni-y-joaquin-en-la-cima-del-comaloforno-3-028-mts-300x200.jpg 300w, https:\/\/www.monta\u00f1asdelaluna.es\/wp-content\/uploads\/2020\/02\/de-izquierda-a-derecha-jose-monchu-eva-sergi-antoni-y-joaquin-en-la-cima-del-comaloforno-3-028-mts.jpg 1788w\" sizes=\"auto, (max-width: 1024px) 100vw, 1024px\" \/><\/a><p id=\"caption-attachment-41659\" class=\"wp-caption-text\">De izquierda a derecha: Jos\u00e9, Josechu, Eva, Sergi, Antoni y Joaqu\u00edn en la cima del Comaloforno, 3.029 mts.<\/p><\/div>\n<div id=\"attachment_41655\" style=\"width: 1034px\" class=\"wp-caption aligncenter\"><a class=\"dt-single-image\" href=\"https:\/\/www.monta\u00f1asdelaluna.es\/wp-content\/uploads\/2020\/02\/el-aneto-en-el-centro-a-su-derecha-el-pico-maldito.jpg\" data-dt-img-description=\"\"><img loading=\"lazy\" decoding=\"async\" aria-describedby=\"caption-attachment-41655\" class=\"wp-image-41655 size-large\" src=\"https:\/\/www.monta\u00f1asdelaluna.es\/wp-content\/uploads\/2020\/02\/el-aneto-en-el-centro-a-su-derecha-el-pico-maldito-1024x683.jpg\" alt=\"El Aneto en el centro, a su derecha el Pico Maldito\" width=\"1024\" height=\"683\" srcset=\"https:\/\/www.monta\u00f1asdelaluna.es\/wp-content\/uploads\/2020\/02\/el-aneto-en-el-centro-a-su-derecha-el-pico-maldito-1024x683.jpg 1024w, https:\/\/www.monta\u00f1asdelaluna.es\/wp-content\/uploads\/2020\/02\/el-aneto-en-el-centro-a-su-derecha-el-pico-maldito-300x200.jpg 300w, https:\/\/www.monta\u00f1asdelaluna.es\/wp-content\/uploads\/2020\/02\/el-aneto-en-el-centro-a-su-derecha-el-pico-maldito.jpg 1788w\" sizes=\"auto, (max-width: 1024px) 100vw, 1024px\" \/><\/a><p id=\"caption-attachment-41655\" class=\"wp-caption-text\">El Aneto en el centro, a su derecha el Pico Maldito<\/p><\/div>\n<div id=\"attachment_41688\" style=\"width: 1034px\" class=\"wp-caption aligncenter\"><a class=\"dt-single-image\" href=\"https:\/\/www.monta\u00f1asdelaluna.es\/wp-content\/uploads\/2020\/02\/la-cresta-de-los-besiberris-desde-el-comaloforno-con-el-besiberri-sur-en-el-centro-el-besiberri-norte-a-la-derecha-y-entre-ellos-el-besiberri-del-mig.jpg\" data-dt-img-description=\"\"><img loading=\"lazy\" decoding=\"async\" aria-describedby=\"caption-attachment-41688\" class=\"wp-image-41688 size-large\" src=\"https:\/\/www.monta\u00f1asdelaluna.es\/wp-content\/uploads\/2020\/02\/la-cresta-de-los-besiberris-desde-el-comaloforno-con-el-besiberri-sur-en-el-centro-el-besiberri-norte-a-la-derecha-y-entre-ellos-el-besiberri-del-mig-1024x512.jpg\" alt=\"La cresta de los Besiberris desde el Comaloforno, con el Besiberri Sur en el centro, el Besiberri Norte a la derecha, y entre ellos el Besiberri del Mig\" width=\"1024\" height=\"512\" srcset=\"https:\/\/www.monta\u00f1asdelaluna.es\/wp-content\/uploads\/2020\/02\/la-cresta-de-los-besiberris-desde-el-comaloforno-con-el-besiberri-sur-en-el-centro-el-besiberri-norte-a-la-derecha-y-entre-ellos-el-besiberri-del-mig-1024x512.jpg 1024w, https:\/\/www.monta\u00f1asdelaluna.es\/wp-content\/uploads\/2020\/02\/la-cresta-de-los-besiberris-desde-el-comaloforno-con-el-besiberri-sur-en-el-centro-el-besiberri-norte-a-la-derecha-y-entre-ellos-el-besiberri-del-mig-300x150.jpg 300w, https:\/\/www.monta\u00f1asdelaluna.es\/wp-content\/uploads\/2020\/02\/la-cresta-de-los-besiberris-desde-el-comaloforno-con-el-besiberri-sur-en-el-centro-el-besiberri-norte-a-la-derecha-y-entre-ellos-el-besiberri-del-mig.jpg 1600w\" sizes=\"auto, (max-width: 1024px) 100vw, 1024px\" \/><\/a><p id=\"caption-attachment-41688\" class=\"wp-caption-text\">La cresta de los Besiberris desde el Comaloforno, con el Besiberri Sur en el centro, el Besiberri Norte a la derecha, y entre ellos el Besiberri del Mig<\/p><\/div>\n<p>Llegados a este punto giramos a la izquierda para afrontar otra pendiente rocosa que sube en busca de lo m\u00e1s alto de la monta\u00f1a, dejando a nuestra derecha otra crestecilla o espol\u00f3n que baja de la misma monta\u00f1a, paralela a la que nos encontramos, y las vistas de la Punta Passet. Arriba ya est\u00e1 la cima del Comaloforno. Justo cerca de este punto Jos\u00e9 se ha encontrado mal de nuevo y se ha quedado apostado en lo alto de una de las canales, justo en la cresta que del Comaloforno va al Besiberri Sur, y justo, parece ser, que en la parte alta de la subida normal al Comaloforno por el lado este, por el recorrido que viene de la base del Besiberri Sur y su subida desde Cavallers.[vc_separator][\/vc_column_text][\/vc_column][\/vc_row][vc_row][vc_column][vc_empty_space][\/vc_column][\/vc_row][vc_row][vc_column][vc_video link=\u00bbhttps:\/\/vimeo.com\/393763330&#8243; title=\u00bbCima del Comaloforno, 3.029 mts.\u00bb][\/vc_column][\/vc_row][vc_row][vc_column][vc_empty_space][\/vc_column][\/vc_row][vc_row][vc_column][vc_column_text]Y as\u00ed, en pocos metros llegamos a un conjunto de rocas que forman una mesa de roca grande rodeada de precipicios, paredes, escarpes y cortados, algunos m\u00e1s grandes que otros: es la cima del Comaloforno, de 3.029 mts. Llegamos a la cima Sergio, Antoni y yo, Eva y Josechu se han quedado con Jos\u00e9 que parece no se recupera apostado en aquella punta o parte m\u00e1s alta de una de estas canales que suben y llegan hasta la parte m\u00e1s alta de la cresta\u2026 lo vemos all\u00e1 con su chaqueta azul, medio escondido, desde la cima del Comaloforno. El d\u00eda sigue incre\u00edble con algo de fresco en esta cima: mucho sol y magn\u00edficas vistas. All\u00e1 al fondo puedo fotografiar las bald\u00edas y est\u00e9riles pendientes ausentes de hielo y nieve del Aneto, Maladeta y Maldito: donde antes hab\u00eda una gran mancha de hielo y nieve, ahora apenas est\u00e1n quedando vestigios de lo que fue. Solo roca seca y desnuda afean las vertientes norte de estas monta\u00f1as, las m\u00e1s altas del Pirineo. A pesar de todo las fotos salen magn\u00edficas. Y delante, mirando al norte, la magn\u00edfica cresta de los Besiberris; como el Comaloforno es el pico m\u00e1s alto y a la vez el m\u00e1s al sur de la cresta, que se levanta de norte a sur, casi arqueada, la vista sobre el resto de picos de la cresta es excepcional: delante en primer plano y termino la espectacular y desafiante cresta que va del Comaloforno al Besiberri Sur: impresionante, \u00a1Por ah\u00ed hay que pasar! Al otro lado la factible pir\u00e1mide de roca del Besiberri Sur, le sigue el bic\u00e9falo Besiberri del Mig, que hasta hace nada era un tres mil del Pirineo, ahora se ha quedado a 2 metros de esos tres mil metros. Y detr\u00e1s la esculpida y desafiante pir\u00e1mide o m\u00e1s bien fortaleza del Besiberri Norte, impresionante y espectacular como siempre, lo veas desde lo veas, escarpada, infranqueable, altiva\u2026 una foto preciosa de los Besiberris, un d\u00eda incre\u00edble y espectacular, un paisaje digno de dioses de roca y viento. Inolvidable y magn\u00edficas las vistas, el paisaje, el soberbio macizo, cresta, de Los Besiberris.<\/p>\n<div id=\"attachment_41660\" style=\"width: 1034px\" class=\"wp-caption aligncenter\"><a class=\"dt-single-image\" href=\"https:\/\/www.monta\u00f1asdelaluna.es\/wp-content\/uploads\/2020\/02\/bajando-del-comaloforno-abajo-los-estanys-gelats.jpg\" data-dt-img-description=\"\"><img loading=\"lazy\" decoding=\"async\" aria-describedby=\"caption-attachment-41660\" class=\"wp-image-41660 size-large\" src=\"https:\/\/www.monta\u00f1asdelaluna.es\/wp-content\/uploads\/2020\/02\/bajando-del-comaloforno-abajo-los-estanys-gelats-1024x683.jpg\" alt=\"Bajando del Comaloforno, abajo los Estanys Gelats\" width=\"1024\" height=\"683\" srcset=\"https:\/\/www.monta\u00f1asdelaluna.es\/wp-content\/uploads\/2020\/02\/bajando-del-comaloforno-abajo-los-estanys-gelats-1024x683.jpg 1024w, https:\/\/www.monta\u00f1asdelaluna.es\/wp-content\/uploads\/2020\/02\/bajando-del-comaloforno-abajo-los-estanys-gelats-300x200.jpg 300w, https:\/\/www.monta\u00f1asdelaluna.es\/wp-content\/uploads\/2020\/02\/bajando-del-comaloforno-abajo-los-estanys-gelats.jpg 1788w\" sizes=\"auto, (max-width: 1024px) 100vw, 1024px\" \/><\/a><p id=\"caption-attachment-41660\" class=\"wp-caption-text\">Bajando del Comaloforno, abajo los Estanys Gelats<\/p><\/div>\n<div id=\"attachment_41661\" style=\"width: 1034px\" class=\"wp-caption aligncenter\"><a class=\"dt-single-image\" href=\"https:\/\/www.monta\u00f1asdelaluna.es\/wp-content\/uploads\/2020\/02\/cogiendo-la-cresta-al-besiberri-sur-dicho-pico-al-fondo.jpg\" data-dt-img-description=\"\"><img loading=\"lazy\" decoding=\"async\" aria-describedby=\"caption-attachment-41661\" class=\"wp-image-41661 size-large\" src=\"https:\/\/www.monta\u00f1asdelaluna.es\/wp-content\/uploads\/2020\/02\/cogiendo-la-cresta-al-besiberri-sur-dicho-pico-al-fondo-1024x683.jpg\" alt=\"Cogiendo la cresta al Besiberri Sur. Dicho pico al fondo\" width=\"1024\" height=\"683\" srcset=\"https:\/\/www.monta\u00f1asdelaluna.es\/wp-content\/uploads\/2020\/02\/cogiendo-la-cresta-al-besiberri-sur-dicho-pico-al-fondo-1024x683.jpg 1024w, https:\/\/www.monta\u00f1asdelaluna.es\/wp-content\/uploads\/2020\/02\/cogiendo-la-cresta-al-besiberri-sur-dicho-pico-al-fondo-300x200.jpg 300w, https:\/\/www.monta\u00f1asdelaluna.es\/wp-content\/uploads\/2020\/02\/cogiendo-la-cresta-al-besiberri-sur-dicho-pico-al-fondo.jpg 1788w\" sizes=\"auto, (max-width: 1024px) 100vw, 1024px\" \/><\/a><p id=\"caption-attachment-41661\" class=\"wp-caption-text\">Cogiendo la cresta al Besiberri Sur. Dicho pico al fondo<\/p><\/div>\n<p>Llegan al fin Jos\u00e9, Eva y Josechu a la cima. Parece que se le ha pasado todo a Jos\u00e9 y est\u00e1 como si no le hubiera pasado nada. Foto de grupo en la cima del Comaloforno, a 3.029 mts. Comemos algo. Seguimos disfrutando del paisaje, de las vistas. Pero no podemos perder mucho tiempo, a\u00fan nos queda cresta hacia el Besiberri Sur. Las palabras de David Soriano resuenan en mi cabeza, cuando ten\u00eda que hablar o describir la cresta cuando hicieron el Comaloforno desde la cima del Besiberri Sur\u2026 bueno \u00a1Vamos a ver!<\/p>\n<p>Salimos por el mismo sitio por el que hemos subido. Y deshacemos casi todo el camino por la vertiente oeste antes de subirnos a la cresta. No cogemos directamente la cresta desde al Comaloforno, si no que tenemos que deshacer el camino hasta la parte m\u00e1s alta de la pendiente inclinada de roca viva, arriba de la estrecha canal, que nos obligaba a girar a la derecha y sur, en busca de las pendientes rocosas y oeste del Comaloforno.<\/p>\n<div id=\"attachment_41663\" style=\"width: 1034px\" class=\"wp-caption aligncenter\"><a class=\"dt-single-image\" href=\"https:\/\/www.monta\u00f1asdelaluna.es\/wp-content\/uploads\/2020\/02\/monchu-eva-y-antoni-en-el-paso-de-iio-o-iiio-en-la-cresta.jpg\" data-dt-img-description=\"\"><img loading=\"lazy\" decoding=\"async\" aria-describedby=\"caption-attachment-41663\" class=\"wp-image-41663 size-large\" src=\"https:\/\/www.monta\u00f1asdelaluna.es\/wp-content\/uploads\/2020\/02\/monchu-eva-y-antoni-en-el-paso-de-iio-o-iiio-en-la-cresta-1024x683.jpg\" alt=\"Josechu, Eva y Antoni en el paso de II\u00ba + o III\u00ba en la cresta\" width=\"1024\" height=\"683\" srcset=\"https:\/\/www.monta\u00f1asdelaluna.es\/wp-content\/uploads\/2020\/02\/monchu-eva-y-antoni-en-el-paso-de-iio-o-iiio-en-la-cresta-1024x683.jpg 1024w, https:\/\/www.monta\u00f1asdelaluna.es\/wp-content\/uploads\/2020\/02\/monchu-eva-y-antoni-en-el-paso-de-iio-o-iiio-en-la-cresta-300x200.jpg 300w, https:\/\/www.monta\u00f1asdelaluna.es\/wp-content\/uploads\/2020\/02\/monchu-eva-y-antoni-en-el-paso-de-iio-o-iiio-en-la-cresta.jpg 1788w\" sizes=\"auto, (max-width: 1024px) 100vw, 1024px\" \/><\/a><p id=\"caption-attachment-41663\" class=\"wp-caption-text\">Josechu, Eva y Antoni en el paso de II\u00ba + o III\u00ba en la cresta<\/p><\/div>\n<div id=\"attachment_41666\" style=\"width: 1034px\" class=\"wp-caption aligncenter\"><a class=\"dt-single-image\" href=\"https:\/\/www.monta\u00f1asdelaluna.es\/wp-content\/uploads\/2020\/02\/delante-joaquin-con-los-estanys-gelats-abajo.jpg\" data-dt-img-description=\"\"><img loading=\"lazy\" decoding=\"async\" aria-describedby=\"caption-attachment-41666\" class=\"wp-image-41666 size-large\" src=\"https:\/\/www.monta\u00f1asdelaluna.es\/wp-content\/uploads\/2020\/02\/delante-joaquin-con-los-estanys-gelats-abajo-1024x768.jpg\" alt=\"Delante Joaqu\u00edn con los Estanys Gelats abajo\" width=\"1024\" height=\"768\" srcset=\"https:\/\/www.monta\u00f1asdelaluna.es\/wp-content\/uploads\/2020\/02\/delante-joaquin-con-los-estanys-gelats-abajo-1024x768.jpg 1024w, https:\/\/www.monta\u00f1asdelaluna.es\/wp-content\/uploads\/2020\/02\/delante-joaquin-con-los-estanys-gelats-abajo-300x225.jpg 300w, https:\/\/www.monta\u00f1asdelaluna.es\/wp-content\/uploads\/2020\/02\/delante-joaquin-con-los-estanys-gelats-abajo.jpg 1600w\" sizes=\"auto, (max-width: 1024px) 100vw, 1024px\" \/><\/a><p id=\"caption-attachment-41666\" class=\"wp-caption-text\">Delante Joaqu\u00edn con los Estanys Gelats abajo<\/p><\/div>\n<p>Tambi\u00e9n podemos seguir los hitos, algunos perdidos y otros f\u00e1ciles de ver en este mar de piedras y pendientes rocosas, escarpadas, pero a partir de que ya seguimos la cresta y recorrido nuevo hacia el norte en busca del Besiberri Sur, tenemos que seguir los hitos por esta perdedora cresta, y los recuerdos de Josechu y Eva. En resumen: en un principio mientras la cresta no es excesivamente puntiaguda y encrespada, vamos casi por el filo, pero a la hora de driblar dos empinados y verticales gendarmes, agujas, una de ellas con doble cima y dos paredes en cada extremo, muy reconocida en la distancia, tendremos que virar por la izquierda, oeste, y seguir los hitos o zonas m\u00e1s asequibles, evidentes, bajo esa zona de escarpada cresta.<\/p>\n<p>Al final es bastante entretenida pero no tan peligrosa como lo pintaba David Soriano. Quiz\u00e1s por qu\u00e9 con la edad, los desaf\u00edos se convierten en retos, en objetivos a vencer\u2026 aunque tengo que recordar que David Soriano estuvo mucho tiempo sin cruzar el Paso de Mahoma porque le parec\u00eda muy peligroso\u2026 Aun no s\u00e9 si lo ha cruzado ya\u2026 El recorrido pasa por balcones, escarpes, con piedra suelta y agarrado a la roca madre tambi\u00e9n. Bajamos, subimos por chimeneas, sin llegar a montar en la parte m\u00e1s alta de la cresta. Llegamos a un paso de II\u00ba+ o III\u00ba (me pareci\u00f3 a m\u00ed) en el que tenemos que bajar, destrepar por un paso de roca madre que comenzaba a ponerse vertical mientras bajamos, y a mitad de bajada, girar al este como buscando el filo o columna de la cresta, tambi\u00e9n por presas y agarres en la misma roca madre. Un paso interesante y divertido. Yo creo que el m\u00e1s t\u00e9cnico de este recorrido por la cresta.<\/p>\n<div id=\"attachment_41667\" style=\"width: 1034px\" class=\"wp-caption aligncenter\"><a class=\"dt-single-image\" href=\"https:\/\/www.monta\u00f1asdelaluna.es\/wp-content\/uploads\/2020\/02\/monchu-eva-y-antoni-en-otro-paso-de-bajada-en-el-lado-oeste-de-la-cresta.jpg\" data-dt-img-description=\"\"><img loading=\"lazy\" decoding=\"async\" aria-describedby=\"caption-attachment-41667\" class=\"wp-image-41667 size-large\" src=\"https:\/\/www.monta\u00f1asdelaluna.es\/wp-content\/uploads\/2020\/02\/monchu-eva-y-antoni-en-otro-paso-de-bajada-en-el-lado-oeste-de-la-cresta-1024x683.jpg\" alt=\"Josechu, Eva y Antoni en otro paso de bajada en el lado oeste de la cresta\" width=\"1024\" height=\"683\" srcset=\"https:\/\/www.monta\u00f1asdelaluna.es\/wp-content\/uploads\/2020\/02\/monchu-eva-y-antoni-en-otro-paso-de-bajada-en-el-lado-oeste-de-la-cresta-1024x683.jpg 1024w, https:\/\/www.monta\u00f1asdelaluna.es\/wp-content\/uploads\/2020\/02\/monchu-eva-y-antoni-en-otro-paso-de-bajada-en-el-lado-oeste-de-la-cresta-300x200.jpg 300w, https:\/\/www.monta\u00f1asdelaluna.es\/wp-content\/uploads\/2020\/02\/monchu-eva-y-antoni-en-otro-paso-de-bajada-en-el-lado-oeste-de-la-cresta.jpg 1788w\" sizes=\"auto, (max-width: 1024px) 100vw, 1024px\" \/><\/a><p id=\"caption-attachment-41667\" class=\"wp-caption-text\">Josechu, Eva y Antoni en otro paso de bajada en el lado oeste de la cresta<\/p><\/div>\n<div id=\"attachment_41671\" style=\"width: 1034px\" class=\"wp-caption aligncenter\"><a class=\"dt-single-image\" href=\"https:\/\/www.monta\u00f1asdelaluna.es\/wp-content\/uploads\/2020\/02\/IMG_1302.jpg\" data-dt-img-description=\"\"><img loading=\"lazy\" decoding=\"async\" aria-describedby=\"caption-attachment-41671\" class=\"wp-image-41671 size-large\" src=\"https:\/\/www.monta\u00f1asdelaluna.es\/wp-content\/uploads\/2020\/02\/IMG_1302-1024x683.jpg\" alt=\"Pasos finales para llegar a la base del Besiberri Sur\" width=\"1024\" height=\"683\" srcset=\"https:\/\/www.monta\u00f1asdelaluna.es\/wp-content\/uploads\/2020\/02\/IMG_1302-1024x683.jpg 1024w, https:\/\/www.monta\u00f1asdelaluna.es\/wp-content\/uploads\/2020\/02\/IMG_1302-300x200.jpg 300w, https:\/\/www.monta\u00f1asdelaluna.es\/wp-content\/uploads\/2020\/02\/IMG_1302.jpg 1788w\" sizes=\"auto, (max-width: 1024px) 100vw, 1024px\" \/><\/a><p id=\"caption-attachment-41671\" class=\"wp-caption-text\">Pasos finales para llegar a la base del Besiberri Sur<\/p><\/div>\n<p>Ya quedando m\u00e1s cerca de la base de Besiberri Sur, subimos por otro pasillo en la roca bajo agujas y rocas verticales, para montar en el filo de la cresta justo enfrente y al sur del nombrado pico. Pero solo pocos metros\u2026 ya estamos subiendo al Besiberri Sur \u00a1Cresta conseguida! Cruzamos por este paso y una vez al otro lado de la cresta, bajo el pico, en lugar de afrontarlo de frente, giramos ya en sus laderas rocosas, a la izquierda en busca de sus laderas oeste menos verticales pero rocosas. Y aqu\u00ed, si queremos, coger el camino normal de subida (a pocos metros por debajo de la cima del pico) que viene del Coll d\u2019Avellaners. Y ya estamos en la cima del Besiberri Sur, a 3.024 mts. de altura. Solo 5 metros m\u00e1s bajo que su hermano de cresta Comaloforno. Son los dos picos m\u00e1s altos del macizo o monta\u00f1as de Los Besiberris.[\/vc_column_text][\/vc_column][\/vc_row][vc_row][vc_column][vc_empty_space][\/vc_column][\/vc_row][vc_row][vc_column][vc_video link=\u00bbhttps:\/\/vimeo.com\/393764597&#8243; title=\u00bbCima del Besiberri Sur, 3.024 mts.\u00bb][\/vc_column][\/vc_row][vc_row][vc_column][vc_empty_space][\/vc_column][\/vc_row][vc_row][vc_column][vc_column_text]Alegr\u00eda y entusiasmo. Ya he subido el ansiado Comaloforno, he hecho la cresta que lo separa del Besiberri Sur, \u201ctan desafiante\u201d con la percepci\u00f3n que ten\u00eda de ella. Sin cuerda ni material, solo con un casco por si te golpeas la cabeza con la roca mientras buscas agarres en las paredes, en esos pasos vigilados por agujas y rocas verticales\u2026 pero magn\u00edfica y preciosa, con estupendas vistas a las verticalidades bajo nuestros pies, campos y pendientes de roca, piedras y rocas sueltas que a veces se mantienen en la ladera inclinada casi que por pura magia. Acompa\u00f1ados por un d\u00eda envidiable y privilegiado, de sol, nada de viento y una magn\u00edfica visibilidad. Es recomendable; repetiremos alg\u00fan d\u00eda\u2026 ya recordar\u00e9 por donde pasar ahora\u2026<\/p>\n<div id=\"attachment_41680\" style=\"width: 1034px\" class=\"wp-caption aligncenter\"><a class=\"dt-single-image\" href=\"https:\/\/www.monta\u00f1asdelaluna.es\/wp-content\/uploads\/2020\/02\/de-izquierda-a-derecha-joaquin-eva-monchu-jose-sergi-y-antoni-en-la-cima-del-besiberri-sur-3-024-mts-al-fondo-el-comaloforno.jpg\" data-dt-img-description=\"\"><img loading=\"lazy\" decoding=\"async\" aria-describedby=\"caption-attachment-41680\" class=\"wp-image-41680 size-large\" src=\"https:\/\/www.monta\u00f1asdelaluna.es\/wp-content\/uploads\/2020\/02\/de-izquierda-a-derecha-joaquin-eva-monchu-jose-sergi-y-antoni-en-la-cima-del-besiberri-sur-3-024-mts-al-fondo-el-comaloforno-1024x683.jpg\" alt=\"De izquierda a derecha: Joaqu\u00edn, Eva, Josechu, Jos\u00e9, Sergi y Antoni en la cima del Besiberri Sur, 3.024 mts.; al fondo el Comaloforno\" width=\"1024\" height=\"683\" srcset=\"https:\/\/www.monta\u00f1asdelaluna.es\/wp-content\/uploads\/2020\/02\/de-izquierda-a-derecha-joaquin-eva-monchu-jose-sergi-y-antoni-en-la-cima-del-besiberri-sur-3-024-mts-al-fondo-el-comaloforno-1024x683.jpg 1024w, https:\/\/www.monta\u00f1asdelaluna.es\/wp-content\/uploads\/2020\/02\/de-izquierda-a-derecha-joaquin-eva-monchu-jose-sergi-y-antoni-en-la-cima-del-besiberri-sur-3-024-mts-al-fondo-el-comaloforno-300x200.jpg 300w, https:\/\/www.monta\u00f1asdelaluna.es\/wp-content\/uploads\/2020\/02\/de-izquierda-a-derecha-joaquin-eva-monchu-jose-sergi-y-antoni-en-la-cima-del-besiberri-sur-3-024-mts-al-fondo-el-comaloforno.jpg 1788w\" sizes=\"auto, (max-width: 1024px) 100vw, 1024px\" \/><\/a><p id=\"caption-attachment-41680\" class=\"wp-caption-text\">De izquierda a derecha: Joaqu\u00edn, Eva, Josechu, Jos\u00e9, Sergi y Antoni en la cima del Besiberri Sur, 3.024 mts.; al fondo el Comaloforno<\/p><\/div>\n<div id=\"attachment_41678\" style=\"width: 1034px\" class=\"wp-caption aligncenter\"><a class=\"dt-single-image\" href=\"https:\/\/www.monta\u00f1asdelaluna.es\/wp-content\/uploads\/2020\/02\/en-el-centro-el-aneto-a-su-derecha-el-pico-maldito-y-maladeta-a-su-izquierda-los-picos-tempestades-margalida-y-acaba-la-cresta-en-el-russel-el-tuc-de-mulleres-delante-a-la-derecha-y-al-fondo-dere.jpg\" data-dt-img-description=\"\"><img loading=\"lazy\" decoding=\"async\" aria-describedby=\"caption-attachment-41678\" class=\"wp-image-41678 size-large\" src=\"https:\/\/www.monta\u00f1asdelaluna.es\/wp-content\/uploads\/2020\/02\/en-el-centro-el-aneto-a-su-derecha-el-pico-maldito-y-maladeta-a-su-izquierda-los-picos-tempestades-margalida-y-acaba-la-cresta-en-el-russel-el-tuc-de-mulleres-delante-a-la-derecha-y-al-fondo-dere-1024x683.jpg\" alt=\"En el centro el Aneto, a su derecha el Pico Maldito y Maladeta, a su izquierda los picos Tempestades, Margalida y acaba la cresta en el Russel. El Tuc de Mulleres delante a la derecha, y al fondo derecha la zona del Perdiguero\" width=\"1024\" height=\"683\" srcset=\"https:\/\/www.monta\u00f1asdelaluna.es\/wp-content\/uploads\/2020\/02\/en-el-centro-el-aneto-a-su-derecha-el-pico-maldito-y-maladeta-a-su-izquierda-los-picos-tempestades-margalida-y-acaba-la-cresta-en-el-russel-el-tuc-de-mulleres-delante-a-la-derecha-y-al-fondo-dere-1024x683.jpg 1024w, https:\/\/www.monta\u00f1asdelaluna.es\/wp-content\/uploads\/2020\/02\/en-el-centro-el-aneto-a-su-derecha-el-pico-maldito-y-maladeta-a-su-izquierda-los-picos-tempestades-margalida-y-acaba-la-cresta-en-el-russel-el-tuc-de-mulleres-delante-a-la-derecha-y-al-fondo-dere-300x200.jpg 300w, https:\/\/www.monta\u00f1asdelaluna.es\/wp-content\/uploads\/2020\/02\/en-el-centro-el-aneto-a-su-derecha-el-pico-maldito-y-maladeta-a-su-izquierda-los-picos-tempestades-margalida-y-acaba-la-cresta-en-el-russel-el-tuc-de-mulleres-delante-a-la-derecha-y-al-fondo-dere.jpg 1788w\" sizes=\"auto, (max-width: 1024px) 100vw, 1024px\" \/><\/a><p id=\"caption-attachment-41678\" class=\"wp-caption-text\">En el centro el Aneto, a su derecha el Pico Maldito y Maladeta, a su izquierda los picos Tempestades, Margalida y acaba la cresta en el Russel. El Tuc de Mulleres delante a la derecha, y al fondo derecha la zona del Perdiguero<\/p><\/div>\n<div id=\"attachment_41679\" style=\"width: 1034px\" class=\"wp-caption aligncenter\"><a class=\"dt-single-image\" href=\"https:\/\/www.monta\u00f1asdelaluna.es\/wp-content\/uploads\/2020\/02\/en-el-centro-el-comaloforno-y-a-la-derecha-la-punta-passet.jpg\" data-dt-img-description=\"\"><img loading=\"lazy\" decoding=\"async\" aria-describedby=\"caption-attachment-41679\" class=\"wp-image-41679 size-large\" src=\"https:\/\/www.monta\u00f1asdelaluna.es\/wp-content\/uploads\/2020\/02\/en-el-centro-el-comaloforno-y-a-la-derecha-la-punta-passet-1024x512.jpg\" alt=\"En el centro el Comaloforno y a la derecha la Punta Passet\" width=\"1024\" height=\"512\" srcset=\"https:\/\/www.monta\u00f1asdelaluna.es\/wp-content\/uploads\/2020\/02\/en-el-centro-el-comaloforno-y-a-la-derecha-la-punta-passet-1024x512.jpg 1024w, https:\/\/www.monta\u00f1asdelaluna.es\/wp-content\/uploads\/2020\/02\/en-el-centro-el-comaloforno-y-a-la-derecha-la-punta-passet-300x150.jpg 300w, https:\/\/www.monta\u00f1asdelaluna.es\/wp-content\/uploads\/2020\/02\/en-el-centro-el-comaloforno-y-a-la-derecha-la-punta-passet.jpg 1600w\" sizes=\"auto, (max-width: 1024px) 100vw, 1024px\" \/><\/a><p id=\"caption-attachment-41679\" class=\"wp-caption-text\">En el centro el Comaloforno y a la derecha la Punta Passet<\/p><\/div>\n<p>Hay mucha m\u00e1s gente aqu\u00ed, m\u00e1s grupos que han subido a este f\u00e1cil Besiberri Sur. Nos hacen la foto de grupo, les hacemos fotos. Algunos con un equipamiento claramente dudoso, en calzado y ropa\u2026 \u00a1alg\u00fan d\u00eda pasar\u00e1 algo gordo! Estamos contentos, muy contentos, la actividad est\u00e1 saliendo a pedir de boca. Hago fotos a mi compa\u00f1eros, y luego ellos a m\u00ed, con el fondo del Comaloforno y la cresta superada. Unas vistas e imagen fant\u00e1sticas y bastante alpinas. El pico Comaloforno da la impresi\u00f3n de que le falte la parte m\u00e1s alta de la mesa o peque\u00f1a meseta que es su cima; parece como si un gigante le hubiera cortado con un hacha la parte \u201cpuntiaguda de arriba\u201d y hubiera dejado como parte m\u00e1s alta, el tajo de la misma\u2026 como si le hubieran cortado al cabeza y el cuello, con su tajo, y fuera la parte m\u00e1s alta del cuerpo. Aun as\u00ed con unos perfiles y aspecto muy desafiante y atractivos, con paredes de roca viva y vertical rode\u00e1ndolo por todos lados. Bajo la mesa del pico, otra mesa m\u00e1s larga que le sirve de apoyo o pedestal, de caracter\u00edsticas similares, roca viva rodeada de paredes, escarpes, rocas sueltas, acanaladuras, casi totalmente vertical\u2026 a primera vista, casi inexpugnable.<\/p>\n<p>Pero tambi\u00e9n hago fotos a otras monta\u00f1as que observo alrededor de este otro magn\u00edfico mirador como es la cima del Besiberri Sur: a parte de las monta\u00f1as m\u00e1s altas de los Montes Malditos, Maladeta, al otro lado, vertiente este, justo a la misma latitud pero al otro lado del alto Valle de Bo\u00ed, donde est\u00e1 el Pant\u00e0 de Cavallers, se yergue con gran desnivel otro alto y solitario tres mil de la zona: el Punta Alta de Comalesbienes o Punta Alta. Con ese conjunto de puntas o cimas aparentemente casi a la misma altura, pero solo una de ellas es la m\u00e1s alta. Precioso. Mirando m\u00e1s hacia el noreste las monta\u00f1as al norte del P.N. de Aig\u00fcestortes como el Montardo d\u2019Aran, esbelto y formidable, una punta rodeada de escarpes y verticales vertientes tambi\u00e9n diferenciada del resto o de las monta\u00f1as de alrededor. Y distingo las agujas y picos de Travessani, muy cerca del Refugio Ventosa i Calvell\u2026 y como no, al norte, el resto de los Besiberris destacado el relegado Besiberri de Mig en primer plano con sus dos puntas, monta\u00f1a a\u00fan no conquistada por m\u00ed; y detr\u00e1s de \u00e9sta muy destacada el desafiante e inconquistable Besiberri Norte, magnifica torre y pir\u00e1mide puntiaguda, llena de escarpes, rocas, que hacen de esta monta\u00f1a un laberinto de laderas rocosas, ca\u00f3ticas y aparentemente peligrosas, con vertientes verticales de roca madre y chimeneas encajonadas en ella, que le dan un aspecto fiero, hermoso y muy alpino\u2026 es si cabe la monta\u00f1a m\u00e1s bonita y escarpada, casi como dif\u00edcil de ascender con cierta altura, de las que abarca mi vista\u2026 m\u00e1s all\u00e1, detr\u00e1s del Aneto, el Pico Maldito, gracias al zum de mi c\u00e1mara, tambi\u00e9n presenta un aspecto como de cuerno, elegante y desafiante. Hermosas monta\u00f1as pirenaicas.<\/p>\n<div id=\"attachment_41685\" style=\"width: 1034px\" class=\"wp-caption aligncenter\"><a class=\"dt-single-image\" href=\"https:\/\/www.monta\u00f1asdelaluna.es\/wp-content\/uploads\/2020\/02\/el-montardo-d-aran-al-fondo-montanas-en-la-frontera-con-francia.jpg\" data-dt-img-description=\"\"><img loading=\"lazy\" decoding=\"async\" aria-describedby=\"caption-attachment-41685\" class=\"wp-image-41685 size-large\" src=\"https:\/\/www.monta\u00f1asdelaluna.es\/wp-content\/uploads\/2020\/02\/el-montardo-d-aran-al-fondo-montanas-en-la-frontera-con-francia-1024x683.jpg\" alt=\"El Montardo d'Aran, al fondo monta\u00f1as en la frontera con Francia\" width=\"1024\" height=\"683\" srcset=\"https:\/\/www.monta\u00f1asdelaluna.es\/wp-content\/uploads\/2020\/02\/el-montardo-d-aran-al-fondo-montanas-en-la-frontera-con-francia-1024x683.jpg 1024w, https:\/\/www.monta\u00f1asdelaluna.es\/wp-content\/uploads\/2020\/02\/el-montardo-d-aran-al-fondo-montanas-en-la-frontera-con-francia-300x200.jpg 300w, https:\/\/www.monta\u00f1asdelaluna.es\/wp-content\/uploads\/2020\/02\/el-montardo-d-aran-al-fondo-montanas-en-la-frontera-con-francia.jpg 1788w\" sizes=\"auto, (max-width: 1024px) 100vw, 1024px\" \/><\/a><p id=\"caption-attachment-41685\" class=\"wp-caption-text\">El Montardo d&#8217;Aran, al fondo monta\u00f1as en la frontera con Francia<\/p><\/div>\n<div id=\"attachment_41687\" style=\"width: 1034px\" class=\"wp-caption aligncenter\"><a class=\"dt-single-image\" href=\"https:\/\/www.monta\u00f1asdelaluna.es\/wp-content\/uploads\/2020\/02\/IMG_1328.jpg\" data-dt-img-description=\"\"><img loading=\"lazy\" decoding=\"async\" aria-describedby=\"caption-attachment-41687\" class=\"wp-image-41687 size-large\" src=\"https:\/\/www.monta\u00f1asdelaluna.es\/wp-content\/uploads\/2020\/02\/IMG_1328-1024x683.jpg\" alt=\"El Besiberri del Mig a la izquierda y el Besiberri Norte a la derecha\" width=\"1024\" height=\"683\" srcset=\"https:\/\/www.monta\u00f1asdelaluna.es\/wp-content\/uploads\/2020\/02\/IMG_1328-1024x683.jpg 1024w, https:\/\/www.monta\u00f1asdelaluna.es\/wp-content\/uploads\/2020\/02\/IMG_1328-300x200.jpg 300w, https:\/\/www.monta\u00f1asdelaluna.es\/wp-content\/uploads\/2020\/02\/IMG_1328.jpg 1788w\" sizes=\"auto, (max-width: 1024px) 100vw, 1024px\" \/><\/a><p id=\"caption-attachment-41687\" class=\"wp-caption-text\">El Besiberri del Mig a la izquierda y el Besiberri Norte a la derecha<\/p><\/div>\n<p>Ya es hora de bajar. Tenemos por delante toda la bajada hasta el coche, pasando por el Estany Gelat donde hemos dejado escondidas las tiendas, sacos y dem\u00e1s ropa que no nos hemos subido a hacer el Comaloforno y su cresta. Por suerte el tiempo sigue siendo excelente. Sigue subiendo o llegando gente a la cima del Besiberri Sur y cuando nos giramos para bajar hacia el Coll d\u2019Avellaners, hacia el oeste, por la v\u00eda f\u00e1cil y normal, observamos mirando a la cima del Comaloforno que otro grupito est\u00e1 en ella yaci\u00e9ndola. Y entonces te das cuenta de las formas y perfil de la misma, de su caracter\u00edstica y personalidad, al poder compararla con aquellos que est\u00e1n recorriendo su cima como hormigas gigantes en un tronco del \u00e1rbol de fuego. Interesante. Realmente el Comaloforno, como lo es el Besiberri Norte, son cimas singulares y muy atractivas de subir y conquistar.<\/p>\n<p>Como ya he descrito, giramos hacia el oeste en busca del Coll d\u2019Avellaners. La senda de bajada a veces perdida o surcada por demasiados hitos, pueden hacerte perder el camino correcto, pero no la direcci\u00f3n: siempre hacia abajo, e incluso virando al noroeste y casi viendo la vertiente noreste del pico que tan bien se ve desde la subida del Estany o Valle de Besiberri al noroeste del pico. F\u00e1cil y casi r\u00e1pido.<\/p>\n<p>Una vez en el Coll d\u2019Avellaners, a 2.885 mts., tenemos dos opciones, norte o sur, nosotros giramos hacia la izquierda y sur en busca de los estanys por los que cruzamos ayer, G\u00e9menes y Gelats. No tiene p\u00e9rdida, ya que es intentar seguir el recorrido cerca de las laderas bajo los contrafuertes de la cresta recorrida all\u00e1 arriba y a la izquierda, y del Comaloforno, y tambi\u00e9n cerca del fondo del vallecillo, intentando seguir unos hitos dispersos y un recorrido casi nada marcado. A nuestra izquierda quedar\u00e1 el cono de derrubios por el que hemos subido al Comaloforno, y poco m\u00e1s abajo las marcas e hitos del recorrido son m\u00e1s reconocibles y estables. Poco m\u00e1s abajo, saliendo del vallecillo y abri\u00e9ndose el paisaje a la derecha hacia los huecos de los Estanys Gelats, buscamos la mejor bajada o recorrido, para llegar hasta el punto donde hab\u00edamos dejado las cosas muy cerca de las orillas del Estany Gelat de en medio.<\/p>\n<div id=\"attachment_41693\" style=\"width: 1034px\" class=\"wp-caption aligncenter\"><a class=\"dt-single-image\" href=\"https:\/\/www.monta\u00f1asdelaluna.es\/wp-content\/uploads\/2020\/02\/arriba-queda-el-besiberri-sur-con-los-contrafuertes-de-la-cresta-al-comaloforno-a-la-derecha.jpg\" data-dt-img-description=\"\"><img loading=\"lazy\" decoding=\"async\" aria-describedby=\"caption-attachment-41693\" class=\"wp-image-41693 size-large\" src=\"https:\/\/www.monta\u00f1asdelaluna.es\/wp-content\/uploads\/2020\/02\/arriba-queda-el-besiberri-sur-con-los-contrafuertes-de-la-cresta-al-comaloforno-a-la-derecha-1024x683.jpg\" alt=\"Arriba queda el Besiberri Sur con los contrafuertes de la cresta al Comaloforno a la derecha\" width=\"1024\" height=\"683\" srcset=\"https:\/\/www.monta\u00f1asdelaluna.es\/wp-content\/uploads\/2020\/02\/arriba-queda-el-besiberri-sur-con-los-contrafuertes-de-la-cresta-al-comaloforno-a-la-derecha-1024x683.jpg 1024w, https:\/\/www.monta\u00f1asdelaluna.es\/wp-content\/uploads\/2020\/02\/arriba-queda-el-besiberri-sur-con-los-contrafuertes-de-la-cresta-al-comaloforno-a-la-derecha-300x200.jpg 300w, https:\/\/www.monta\u00f1asdelaluna.es\/wp-content\/uploads\/2020\/02\/arriba-queda-el-besiberri-sur-con-los-contrafuertes-de-la-cresta-al-comaloforno-a-la-derecha.jpg 1788w\" sizes=\"auto, (max-width: 1024px) 100vw, 1024px\" \/><\/a><p id=\"caption-attachment-41693\" class=\"wp-caption-text\">Arriba queda el Besiberri Sur con los contrafuertes de la cresta al Comaloforno a la derecha<\/p><\/div>\n<div id=\"attachment_41692\" style=\"width: 1034px\" class=\"wp-caption aligncenter\"><a class=\"dt-single-image\" href=\"https:\/\/www.monta\u00f1asdelaluna.es\/wp-content\/uploads\/2020\/02\/abajo-el-estany-gemena-de-baix.jpg\" data-dt-img-description=\"\"><img loading=\"lazy\" decoding=\"async\" aria-describedby=\"caption-attachment-41692\" class=\"wp-image-41692 size-large\" src=\"https:\/\/www.monta\u00f1asdelaluna.es\/wp-content\/uploads\/2020\/02\/abajo-el-estany-gemena-de-baix-1024x683.jpg\" alt=\"Abajo el Estany G\u00e9mena de Baix\" width=\"1024\" height=\"683\" srcset=\"https:\/\/www.monta\u00f1asdelaluna.es\/wp-content\/uploads\/2020\/02\/abajo-el-estany-gemena-de-baix-1024x683.jpg 1024w, https:\/\/www.monta\u00f1asdelaluna.es\/wp-content\/uploads\/2020\/02\/abajo-el-estany-gemena-de-baix-300x200.jpg 300w, https:\/\/www.monta\u00f1asdelaluna.es\/wp-content\/uploads\/2020\/02\/abajo-el-estany-gemena-de-baix.jpg 1788w\" sizes=\"auto, (max-width: 1024px) 100vw, 1024px\" \/><\/a><p id=\"caption-attachment-41692\" class=\"wp-caption-text\">Abajo el Estany G\u00e9mena de Baix<\/p><\/div>\n<p>Llegamos al sitio, un peque\u00f1o descanso, recuperar los sacos, tiendas, material escondido entre las rocas y cuevecillas de las grandes piedras como si fueran el tesoro de Ali Ba Ba. Rehacemos las mochilas, comemos y bebemos algo, para todo seguido emprender la bajada hasta el coche. El recorrido que ahora hacemos es el mismo de ayer pero al rev\u00e9s, de bajada. Pasando casi por los mismos sitios y sendas que recorren los Estanys G\u00e9menes o sus cercan\u00edas. No hay p\u00e9rdida\u2026 no hay p\u00e9rdida hasta llegar al final de Estany G\u00e9mene de Baix.<\/p>\n<p>Una vez llegados al balc\u00f3n del Estany G\u00e9mene de Baix sobre el Valle de Llubriqueto, algunos cogen una senda m\u00e1s cerca del rio que baja de \u00e9l y otros cogemos otra algo m\u00e1s arriba, pero no son las sendas correctas, de hecho parecen m\u00e1s bien terreno pisado por cabras, ganado o por la gente curiosa y turistas que merodean en verano el lugar. La senda verdadera del recorrido correcto est\u00e1 a m\u00e1s altura por la ladera de la izquierda (seg\u00fan bajas), m\u00e1s arriba de la invasi\u00f3n de matorrales, arbustos, que apenas dejan pasar nada entre ellos, junto a las orillas y cercan\u00edas del Estany. El caso es que estas sendas, una vez cruzado al otro lado, ya en la vertiente del valle, se pierden en su vertical y boscosa ladera. Al final caminamos casi monte a trav\u00e9s buscando la senda o recorrido bueno\u2026 lo encontramos algo m\u00e1s a la izquierda y arriba, m\u00e1s hacia el este, cruz\u00e1ndonos con los hitos y senda marcada en el terreno, observando como ven\u00eda de un punto m\u00e1s alto de la ladera que baja al lago de alta monta\u00f1a.<\/p>\n<p>La cuesti\u00f3n es que al final cogemos el recorrido guiado por hitos entre grandes rocas a veces, sendas verticales y rincones escarpados de la ya ladera boscosa y rocosa del Valle de Llubriqueto. Justo la misma por la que subimos desde el puentecillo en el fondo del valle que cruzaba el r\u00edo, Barranco de Llubriqueto, en busca de los Estanys G\u00e9menes.<\/p>\n<div id=\"attachment_41697\" style=\"width: 1034px\" class=\"wp-caption aligncenter\"><a class=\"dt-single-image\" href=\"https:\/\/www.monta\u00f1asdelaluna.es\/wp-content\/uploads\/2020\/02\/bajando-a-los-estanys-gemenes.jpg\" data-dt-img-description=\"\"><img loading=\"lazy\" decoding=\"async\" aria-describedby=\"caption-attachment-41697\" class=\"wp-image-41697 size-large\" src=\"https:\/\/www.monta\u00f1asdelaluna.es\/wp-content\/uploads\/2020\/02\/bajando-a-los-estanys-gemenes-1024x683.jpg\" alt=\"Bajando a los Estanys G\u00e9menes\" width=\"1024\" height=\"683\" srcset=\"https:\/\/www.monta\u00f1asdelaluna.es\/wp-content\/uploads\/2020\/02\/bajando-a-los-estanys-gemenes-1024x683.jpg 1024w, https:\/\/www.monta\u00f1asdelaluna.es\/wp-content\/uploads\/2020\/02\/bajando-a-los-estanys-gemenes-300x200.jpg 300w, https:\/\/www.monta\u00f1asdelaluna.es\/wp-content\/uploads\/2020\/02\/bajando-a-los-estanys-gemenes.jpg 1788w\" sizes=\"auto, (max-width: 1024px) 100vw, 1024px\" \/><\/a><p id=\"caption-attachment-41697\" class=\"wp-caption-text\">Bajando a los Estanys G\u00e9menes<\/p><\/div>\n<div id=\"attachment_41703\" style=\"width: 1034px\" class=\"wp-caption aligncenter\"><a class=\"dt-single-image\" href=\"https:\/\/www.monta\u00f1asdelaluna.es\/wp-content\/uploads\/2020\/02\/IMG_1355.jpg\" data-dt-img-description=\"\"><img loading=\"lazy\" decoding=\"async\" aria-describedby=\"caption-attachment-41703\" class=\"wp-image-41703 size-large\" src=\"https:\/\/www.monta\u00f1asdelaluna.es\/wp-content\/uploads\/2020\/02\/IMG_1355-1024x683.jpg\" alt=\"Bajando al Valle de Llubriqueto\" width=\"1024\" height=\"683\" srcset=\"https:\/\/www.monta\u00f1asdelaluna.es\/wp-content\/uploads\/2020\/02\/IMG_1355-1024x683.jpg 1024w, https:\/\/www.monta\u00f1asdelaluna.es\/wp-content\/uploads\/2020\/02\/IMG_1355-300x200.jpg 300w, https:\/\/www.monta\u00f1asdelaluna.es\/wp-content\/uploads\/2020\/02\/IMG_1355.jpg 1788w\" sizes=\"auto, (max-width: 1024px) 100vw, 1024px\" \/><\/a><p id=\"caption-attachment-41703\" class=\"wp-caption-text\">Bajando al Valle de Llubriqueto<\/p><\/div>\n<p>Y una vez junto al puentecillo, un merecido descanso, disfrutar del momento, del d\u00eda, del agua, del precioso para\u00edso de la alta monta\u00f1a en verano, en los meses c\u00e1lidos y frescos del a\u00f1o. Llenamos las cantimploras y nos refrescamos con la cristalina agua del barranco. El calor aprieta acerc\u00e1ndose al mediod\u00eda. El recorrido que queda hasta el coche ya es solo de bajada por la senda que se interna en el bosque, y una vez llegados a la ladera del Valle de Boi, gira a la izquierda y en leve bajada con algunos zigzags, direcci\u00f3n norte, como buscando el fondo del valle y el puente que cruza la carreterilla que sube a Cavallers, pero sin bajar de golpe y recto. Bonitos rincones en la frescura del frondoso bosque en estas riveras o laderas el Noguera de Tor.<\/p>\n<p>Una vez llegados al coche, a\u00fan tenemos tiempo de cambiarnos y bajar a Barruera a tomar una cerveza antes de regresar a casa. Hay que celebrar el \u00e9xito de la actividad, la subida al Comaloforno y la \u201ctemida\u201d cresta entre \u00e9ste y el Besiberri Sur que no ha sido tanto pero s\u00ed extraordinaria y emocionante. Perfiles perfectos para hacerlos con nieve y hielo. Roca ind\u00f3mita de cimas conocidas, visitadas y admiradas por los monta\u00f1eros que llegan para recorr\u00e9rselas y conquistarlas. Ha sido una actividad redonda, especial y magn\u00edfica. Habr\u00eda que repetirla. No me importar\u00eda. Como siempre los valles que rodean al P.N. de Aig\u00fcestortes, excepcionales y preciosos.<\/p>\n<div id=\"attachment_41774\" style=\"width: 1009px\" class=\"wp-caption aligncenter\"><a class=\"dt-single-image\" href=\"https:\/\/www.monta\u00f1asdelaluna.es\/wp-content\/uploads\/2019\/09\/comaloforno.croquis.web_.jpg\" data-dt-img-description=\"\"><img loading=\"lazy\" decoding=\"async\" aria-describedby=\"caption-attachment-41774\" class=\"wp-image-41774 size-full\" src=\"https:\/\/www.monta\u00f1asdelaluna.es\/wp-content\/uploads\/2019\/09\/comaloforno.croquis.web_.jpg\" alt=\"Croquis de la ascensi\u00f3in al Comaloforno y cresta al Besiberri Sur, durmiento en los Estanys Gelats. PUNTO ROJO: vivac en uno de los Estanys Gelats\" width=\"999\" height=\"1190\" srcset=\"https:\/\/www.monta\u00f1asdelaluna.es\/wp-content\/uploads\/2019\/09\/comaloforno.croquis.web_.jpg 999w, https:\/\/www.monta\u00f1asdelaluna.es\/wp-content\/uploads\/2019\/09\/comaloforno.croquis.web_-252x300.jpg 252w, https:\/\/www.monta\u00f1asdelaluna.es\/wp-content\/uploads\/2019\/09\/comaloforno.croquis.web_-860x1024.jpg 860w\" sizes=\"auto, (max-width: 999px) 100vw, 999px\" \/><\/a><p id=\"caption-attachment-41774\" class=\"wp-caption-text\">Croquis de la ascensi\u00f3in al Comaloforno y cresta al Besiberri Sur, durmiento en los Estanys Gelats. PUNTO ROJO: vivac en uno de los Estanys Gelats<\/p><\/div>\n<p>&nbsp;<\/p>\n<p>[\/vc_column_text][vc_empty_space height=\u00bb60px\u00bb][\/vc_column][\/vc_row][vc_row][vc_column][vc_cta h2=\u00bb\u00c1lbum de fotos\u00bb txt_align=\u00bbcenter\u00bb add_button=\u00bbbottom\u00bb btn_title=\u00bbVer fotos\u00bb btn_color=\u00bbwarning\u00bb btn_align=\u00bbcenter\u00bb btn_link=\u00bburl:https%3A%2F%2Fmonta%C3%B1asdelaluna.es%2F%3Fdt_gallery%3Dcomaloforno-3-029-mts-y-cresta-al-besiberri-sur-3-024-mts-2|title:Comaloforno%20(3.029%20mts.)%20y%20cresta%20al%20Besiberri%20Sur%20(3.024%20mts.)|target:_blank\u00bb css=\u00bb.vc_custom_1625698314153{background-color: #8bc4ed !important;}\u00bb]Puedes ver todas las fotos del relato y actividad en forma de presentaci\u00f3n o individuales pinchando aqui \u00a1No te las pierdas![\/vc_cta][\/vc_column][\/vc_row][vc_row][vc_column][vc_empty_space height=\u00bb60px\u00bb][\/vc_column][\/vc_row][vc_row][vc_column width=\u00bb1\/3&#8243;][\/vc_column][vc_column width=\u00bb1\/2&#8243;][vc_raw_html]JTNDaWZyYW1lJTIwc3JjJTNEJTIyaHR0cHMlM0ElMkYlMkZ3d3cubWV0ZW9ibHVlLmNvbSUyRmVzJTJGdGllbXBvJTJGd2lkZ2V0JTJGZGFpbHklMkZwaWMtZGUtY29tYWxvZm9ybm9fZXNwYSUyNWMzJTI1YjFhXzExNDk0NjUzJTNGZ2VvbG9jJTNEZml4ZWQlMjZkYXlzJTNENyUyNnRlbXB1bml0JTNEQ0VMU0lVUyUyNndpbmR1bml0JTNES0lMT01FVEVSX1BFUl9IT1VSJTI2cHJlY2lwdW5pdCUzRE1JTExJTUVURVIlMjZjb2xvdXJlZCUzRGNvbG91cmVkJTI2cGljdG9pY29uJTNEMCUyNnBpY3RvaWNvbiUzRDElMjZtYXh0ZW1wZXJhdHVyZSUzRDAlMjZtYXh0ZW1wZXJhdHVyZSUzRDElMjZtaW50ZW1wZXJhdHVyZSUzRDAlMjZtaW50ZW1wZXJhdHVyZSUzRDElMjZ3aW5kc3BlZWQlM0QwJTI2d2luZHNwZWVkJTNEMSUyNndpbmRndXN0JTNEMCUyNndpbmRndXN0JTNEMSUyNndpbmRkaXJlY3Rpb24lM0QwJTI2d2luZGRpcmVjdGlvbiUzRDElMjZ1diUzRDAlMjZodW1pZGl0eSUzRDAlMjZwcmVjaXBpdGF0aW9uJTNEMCUyNnByZWNpcGl0YXRpb24lM0QxJTI2cHJlY2lwaXRhdGlvbnByb2JhYmlsaXR5JTNEMCUyNnByZWNpcGl0YXRpb25wcm9iYWJpbGl0eSUzRDElMjZzcG90JTNEMCUyNnNwb3QlM0QxJTI2cHJlc3N1cmUlM0QwJTI2cHJlc3N1cmUlM0QxJTI2bGF5b3V0JTNEbGlnaHQlMjIlMjAlMjBmcmFtZWJvcmRlciUzRCUyMjAlMjIlMjBzY3JvbGxpbmclM0QlMjJOTyUyMiUyMGFsbG93dHJhbnNwYXJlbmN5JTNEJTIydHJ1ZSUyMiUyMHNhbmRib3glM0QlMjJhbGxvdy1zYW1lLW9yaWdpbiUyMGFsbG93LXNjcmlwdHMlMjBhbGxvdy1wb3B1cHMlMjBhbGxvdy1wb3B1cHMtdG8tZXNjYXBlLXNhbmRib3glMjIlMjBzdHlsZSUzRCUyMndpZHRoJTNBJTIwMzc4cHglM0IlMjBoZWlnaHQlM0ElMjA0MTNweCUyMiUzRSUzQyUyRmlmcmFtZSUzRSUzQ2RpdiUzRSUzQyUyMS0tJTIwRE8lMjBOT1QlMjBSRU1PVkUlMjBUSElTJTIwTElOSyUyMC0tJTNFJTNDYSUyMGhyZWYlM0QlMjJodHRwcyUzQSUyRiUyRnd3dy5tZXRlb2JsdWUuY29tJTJGZXMlMkZ0aWVtcG8lMkZzZW1hbmElMkZwaWMtZGUtY29tYWxvZm9ybm9fZXNwYSUyNWMzJTI1YjFhXzExNDk0NjUzJTNGdXRtX3NvdXJjZSUzRHdlYXRoZXJfd2lkZ2V0JTI2dXRtX21lZGl1bSUzRGxpbmt1cyUyNnV0bV9jb250ZW50JTNEZGFpbHklMjZ1dG1fY2FtcGFpZ24lM0RXZWF0aGVyJTI1MkJXaWRnZXQlMjIlMjB0YXJnZXQlM0QlMjJfYmxhbmslMjIlM0VtZXRlb2JsdWUlM0MlMkZhJTNFJTNDJTJGZGl2JTNF[\/vc_raw_html][\/vc_column][vc_column width=\u00bb1\/5&#8243;][\/vc_column][\/vc_row]<\/p>\n","protected":false},"excerpt":{"rendered":"<p>[vc_row][vc_column][vc_column_text]El Comaloforno es el pico m\u00e1s alto del macizo o cresta de los Besiberris, que en antiguos mapas nos da una altura de 3.033 mts., y en nuevos mapas y medidas, lo degradan a 3.029 mts. Con esa misma vara de medir, descatalogaron al Besiberri del Mig de ser un tres mil a tener 2.998&hellip;<\/p>\n","protected":false},"author":1,"featured_media":41688,"comment_status":"open","ping_status":"open","sticky":false,"template":"","format":"standard","meta":[],"categories":[128],"tags":[],"class_list":["post-41770","post","type-post","status-publish","format-standard","has-post-thumbnail","hentry","category-alto-pirineo-catalan","category-128","description-off"],"_links":{"self":[{"href":"https:\/\/www.monta\u00f1asdelaluna.es\/index.php?rest_route=\/wp\/v2\/posts\/41770","targetHints":{"allow":["GET"]}}],"collection":[{"href":"https:\/\/www.monta\u00f1asdelaluna.es\/index.php?rest_route=\/wp\/v2\/posts"}],"about":[{"href":"https:\/\/www.monta\u00f1asdelaluna.es\/index.php?rest_route=\/wp\/v2\/types\/post"}],"author":[{"embeddable":true,"href":"https:\/\/www.monta\u00f1asdelaluna.es\/index.php?rest_route=\/wp\/v2\/users\/1"}],"replies":[{"embeddable":true,"href":"https:\/\/www.monta\u00f1asdelaluna.es\/index.php?rest_route=%2Fwp%2Fv2%2Fcomments&post=41770"}],"version-history":[{"count":13,"href":"https:\/\/www.monta\u00f1asdelaluna.es\/index.php?rest_route=\/wp\/v2\/posts\/41770\/revisions"}],"predecessor-version":[{"id":50047,"href":"https:\/\/www.monta\u00f1asdelaluna.es\/index.php?rest_route=\/wp\/v2\/posts\/41770\/revisions\/50047"}],"wp:featuredmedia":[{"embeddable":true,"href":"https:\/\/www.monta\u00f1asdelaluna.es\/index.php?rest_route=\/wp\/v2\/media\/41688"}],"wp:attachment":[{"href":"https:\/\/www.monta\u00f1asdelaluna.es\/index.php?rest_route=%2Fwp%2Fv2%2Fmedia&parent=41770"}],"wp:term":[{"taxonomy":"category","embeddable":true,"href":"https:\/\/www.monta\u00f1asdelaluna.es\/index.php?rest_route=%2Fwp%2Fv2%2Fcategories&post=41770"},{"taxonomy":"post_tag","embeddable":true,"href":"https:\/\/www.monta\u00f1asdelaluna.es\/index.php?rest_route=%2Fwp%2Fv2%2Ftags&post=41770"}],"curies":[{"name":"wp","href":"https:\/\/api.w.org\/{rel}","templated":true}]}}