{"id":41780,"date":"2007-08-04T19:44:41","date_gmt":"2007-08-04T19:44:41","guid":{"rendered":"http:\/\/monta\u00f1asdelaluna.com\/?p=41780"},"modified":"2021-07-14T19:23:22","modified_gmt":"2021-07-14T19:23:22","slug":"4-de-agosto-sabado-subida-a-nido-de-condores-5-500-mts","status":"publish","type":"post","link":"https:\/\/www.monta\u00f1asdelaluna.es\/?p=41780","title":{"rendered":"4 de agosto, s\u00e1bado. Subida a Nido de C\u00f3ndores (5.500 mts.)"},"content":{"rendered":"<p>[vc_row][vc_column][vc_column_text]Nos despertamos sobre las 8 de la ma\u00f1ana. Todo un lujo. La ma\u00f1ana se presenta soleada pero fr\u00eda, sin nubes a la vista. Y de nuevo la magn\u00edfica visi\u00f3n de la monta\u00f1a a conquistar. Imponente y contrastado colorido de tierras marrones de diferentes tonos, con el blanco inmaculado de glaciares y nieves encaramados entre sus espolones en vallecillos, barrancos y en sus amplias y altas cimas.<\/p>\n<p>Recogemos la tienda y hacemos las mochilas para que los porteadores que suben ahora de Pinaya, se la suben a Nido de C\u00f3ndores. Nosotros llevaremos el m\u00ednimo de peso posible para no sobre esforzarnos en la subida a este campamento de altura. Desayunamos. Los porteadores buscan el sol mientras sale de su escondite entre las lomas que rodean Puente Roto, y desayunan buscando algo de calor de la estrella entre el excesivo frio existente a primeras horas de la ma\u00f1ana.<\/p>\n<p>Lucio nos comenta que salgamos nosotros primero hacia Nido de C\u00f3ndores. Que subamos despacio sin fatigarnos para de esta manera aclimatarnos a la altura a medida que vamos ascendiendo, y as\u00ed estar fuertes y preparados para el ataque final de ma\u00f1ana. Entonces con nuestras mochilitas de ataque, bastones y ropa de abrigo\/alta monta\u00f1a, salimos Jes\u00fas y yo enfilando por un extremo de la planicie de Puente Roto hacia el extremo m\u00e1s cercano al espol\u00f3n y cordal que vemos bajar desde casi la misma alta cima redondeada del Illimani. En este espol\u00f3n no demasiado vertical, se encuentra Nido de C\u00f3ndores en un peque\u00f1o rinc\u00f3n aplanado y \u00fanico de dicho espol\u00f3n.<\/p>\n<p>Cogemos un camino inutilizado por veh\u00edculos hace ya mucho tiempo. Pasamos junto a una casa o especie de refugio, y a partir de cierto momento el camino desaparece para convertirse en una marcada senda; la cual comienza a coger las estribaciones empinadas, rocosas, pedregosas e inertes de la ladera m\u00e1s baja del mismo espol\u00f3n de Nido de C\u00f3ndores.<\/p>\n<div id=\"attachment_41734\" style=\"width: 831px\" class=\"wp-caption aligncenter\"><a class=\"dt-single-image\" href=\"https:\/\/www.monta\u00f1asdelaluna.es\/wp-content\/uploads\/2020\/02\/jesus-subiendo-a-nido-de-condores-al-fondo-el-hyana-potosi.jpg\" data-dt-img-description=\"\"><img loading=\"lazy\" decoding=\"async\" aria-describedby=\"caption-attachment-41734\" class=\"wp-image-41734 \" src=\"https:\/\/www.monta\u00f1asdelaluna.es\/wp-content\/uploads\/2020\/02\/jesus-subiendo-a-nido-de-condores-al-fondo-el-hyana-potosi.jpg\" alt=\"Jes\u00fas subiendo a Nido de C\u00f3ndores, al fondo el Hyana Potos\u00ed, y abajo izquierda, los llanos de Puente Roto\" width=\"821\" height=\"1232\" srcset=\"https:\/\/www.monta\u00f1asdelaluna.es\/wp-content\/uploads\/2020\/02\/jesus-subiendo-a-nido-de-condores-al-fondo-el-hyana-potosi.jpg 1000w, https:\/\/www.monta\u00f1asdelaluna.es\/wp-content\/uploads\/2020\/02\/jesus-subiendo-a-nido-de-condores-al-fondo-el-hyana-potosi-200x300.jpg 200w, https:\/\/www.monta\u00f1asdelaluna.es\/wp-content\/uploads\/2020\/02\/jesus-subiendo-a-nido-de-condores-al-fondo-el-hyana-potosi-683x1024.jpg 683w\" sizes=\"auto, (max-width: 821px) 100vw, 821px\" \/><\/a><p id=\"caption-attachment-41734\" class=\"wp-caption-text\">Jes\u00fas subiendo a Nido de C\u00f3ndores, al fondo el Hyana Potos\u00ed, y abajo izquierda, los llanos de Puente Roto<\/p><\/div>\n<div id=\"attachment_41735\" style=\"width: 1034px\" class=\"wp-caption aligncenter\"><a class=\"dt-single-image\" href=\"https:\/\/www.monta\u00f1asdelaluna.es\/wp-content\/uploads\/2020\/02\/jesus-subiendo-a-nido-de-condores.jpg\" data-dt-img-description=\"\"><img loading=\"lazy\" decoding=\"async\" aria-describedby=\"caption-attachment-41735\" class=\"wp-image-41735 size-large\" src=\"https:\/\/www.monta\u00f1asdelaluna.es\/wp-content\/uploads\/2020\/02\/jesus-subiendo-a-nido-de-condores-1024x683.jpg\" alt=\"Jes\u00fas subiendo a Nido de C\u00f3ndores\" width=\"1024\" height=\"683\" srcset=\"https:\/\/www.monta\u00f1asdelaluna.es\/wp-content\/uploads\/2020\/02\/jesus-subiendo-a-nido-de-condores-1024x683.jpg 1024w, https:\/\/www.monta\u00f1asdelaluna.es\/wp-content\/uploads\/2020\/02\/jesus-subiendo-a-nido-de-condores-300x200.jpg 300w, https:\/\/www.monta\u00f1asdelaluna.es\/wp-content\/uploads\/2020\/02\/jesus-subiendo-a-nido-de-condores.jpg 1500w\" sizes=\"auto, (max-width: 1024px) 100vw, 1024px\" \/><\/a><p id=\"caption-attachment-41735\" class=\"wp-caption-text\">Jes\u00fas subiendo a Nido de C\u00f3ndores<\/p><\/div>\n<p>En un principio la senda no llega a empinarse demasiado. Es tranquila y la vamos recorriendo, cogiendo altura poco a poco, con las vistas agrand\u00e1ndose detr\u00e1s nuestro, dejando Puente Roto all\u00e1 abajo y todo un fondo de terreno erosionado, acarcavado, semides\u00e9rtico, con el guardi\u00e1n oteador del blanco, picudo y lejano Huayna Potos\u00ed m\u00e1s al fondo. Cruzamos riachuelos que bajan de los barrancos y glaciares de las cimas del Illimani antes de encararnos con la ladera del espol\u00f3n de Nido de C\u00f3ndores. La nieve comienza a aparecer en peque\u00f1os neveros repartidos, sobre todo, por las laderas y vertientes que miran m\u00e1s al sur, o est\u00e1n m\u00e1s escondidas del sol. La senda sigue siendo polvorienta y pedregosa. Mucha piedra. Pero cuidada para que en el surco de la misma no tengamos piedrecillas que pisar.<\/p>\n<p>A medida que nos vamos enfilando ladera, cordal, espol\u00f3n arriba, \u00e9ste se va empinando, se va encrespando. Detr\u00e1s nuestro aparecen Lucio y los porteadores\/as que llevan nuestros mochilones, sacos a la espalda, y suben como si anduvieran por el pasillo de sus casas. En un colladito nos cogen y adelantan.<\/p>\n<p>Las vistas hacia la monta\u00f1a y sus perfiles, a medida que subimos y nos acercamos a ella, son espectaculares: una nube ahora s\u00ed, ahora no, va cubriendo la cima m\u00e1s alta delante nuestro. Bajando de ella un espectacular glaciar resquebrajado, blanco, imponente que forma un laberinto de grietas, rimayas, seracs, paredes de hielo, seg\u00fan el estado de la inclinaci\u00f3n y posici\u00f3n del terreno bajo ellos. La disposici\u00f3n de los mismos ser\u00eda algo casi indescriptible y solamente explicado mediante la propia visi\u00f3n in situ o en alguna foto. Espectacular.<\/p>\n<div id=\"attachment_41736\" style=\"width: 1034px\" class=\"wp-caption aligncenter\"><a class=\"dt-single-image\" href=\"https:\/\/www.monta\u00f1asdelaluna.es\/wp-content\/uploads\/2020\/02\/en-la-cresta-subiendo-a-nido-de-condores-arriba-la-cima-del-illimani.jpg\" data-dt-img-description=\"\"><img loading=\"lazy\" decoding=\"async\" aria-describedby=\"caption-attachment-41736\" class=\"wp-image-41736 size-large\" src=\"https:\/\/www.monta\u00f1asdelaluna.es\/wp-content\/uploads\/2020\/02\/en-la-cresta-subiendo-a-nido-de-condores-arriba-la-cima-del-illimani-1024x683.jpg\" alt=\"En la cresta subiendo a Nido de C\u00f3ndores, arriba la cima del Illimani\" width=\"1024\" height=\"683\" srcset=\"https:\/\/www.monta\u00f1asdelaluna.es\/wp-content\/uploads\/2020\/02\/en-la-cresta-subiendo-a-nido-de-condores-arriba-la-cima-del-illimani-1024x683.jpg 1024w, https:\/\/www.monta\u00f1asdelaluna.es\/wp-content\/uploads\/2020\/02\/en-la-cresta-subiendo-a-nido-de-condores-arriba-la-cima-del-illimani-300x200.jpg 300w, https:\/\/www.monta\u00f1asdelaluna.es\/wp-content\/uploads\/2020\/02\/en-la-cresta-subiendo-a-nido-de-condores-arriba-la-cima-del-illimani.jpg 1500w\" sizes=\"auto, (max-width: 1024px) 100vw, 1024px\" \/><\/a><p id=\"caption-attachment-41736\" class=\"wp-caption-text\">En la cresta subiendo a Nido de C\u00f3ndores, arriba la cima del Illimani<\/p><\/div>\n<div id=\"attachment_41737\" style=\"width: 1034px\" class=\"wp-caption aligncenter\"><a class=\"dt-single-image\" href=\"https:\/\/www.monta\u00f1asdelaluna.es\/wp-content\/uploads\/2020\/02\/pico-norte-y-glaciares-del-illimani-desde-nido-de-condores.jpg\" data-dt-img-description=\"\"><img loading=\"lazy\" decoding=\"async\" aria-describedby=\"caption-attachment-41737\" class=\"wp-image-41737 size-large\" src=\"https:\/\/www.monta\u00f1asdelaluna.es\/wp-content\/uploads\/2020\/02\/pico-norte-y-glaciares-del-illimani-desde-nido-de-condores-1024x683.jpg\" alt=\"Pico Norte y glaciares del Illimani desde Nido de C\u00f3ndores\" width=\"1024\" height=\"683\" srcset=\"https:\/\/www.monta\u00f1asdelaluna.es\/wp-content\/uploads\/2020\/02\/pico-norte-y-glaciares-del-illimani-desde-nido-de-condores-1024x683.jpg 1024w, https:\/\/www.monta\u00f1asdelaluna.es\/wp-content\/uploads\/2020\/02\/pico-norte-y-glaciares-del-illimani-desde-nido-de-condores-300x200.jpg 300w, https:\/\/www.monta\u00f1asdelaluna.es\/wp-content\/uploads\/2020\/02\/pico-norte-y-glaciares-del-illimani-desde-nido-de-condores.jpg 1500w\" sizes=\"auto, (max-width: 1024px) 100vw, 1024px\" \/><\/a><p id=\"caption-attachment-41737\" class=\"wp-caption-text\">Pico Norte y glaciares del Illimani desde Nido de C\u00f3ndores<\/p><\/div>\n<p>La senda se encrespa por pasos de roca con insignificantes trepadas en mitad del espol\u00f3n. A la derecha ya aparece un sobresaliente terreno cubierto por la nieve y m\u00e1s abajo por los glaciares. Detr\u00e1s nuestro van apareciendo el resto de grupos o expediciones acampadas con nosotros en Puente Roto: la pareja de bolivianos, el grupo de austriacos, el norteamericano. Y en alrededor de unas 4 horas de subida llegamos al estrecho, frio y alto Nido de C\u00f3ndores. Son cerca de las 13,30 horas. Verdaderamente es un nido de un pajarraco gigante, ya que apenas caben las tiendas, no demasiado pegadas, de todos los que estamos. Por suerte no nos hemos cansado en la subida, ni mareado o con malestar por la altura conseguida (aunque a Jes\u00fas le comenzar\u00e1 a doler la cabeza al rato). Ya estamos a unos 5.550 mts., seg\u00fan algunas informaciones, o 5.700 mts. como nos indicaba Lucio y la gente de all\u00ed. Como bien dice Jes\u00fas estamos m\u00e1s altos que la cima del Elbrus, la monta\u00f1a m\u00e1s alta de Europa en el C\u00e1ucaso (en el caso de que estuvi\u00e9ramos a 5.700 mts.) y a esta altura es donde deb\u00edamos pasar la noche \u00a1Nunca hemos acampado o dormido a tanta altura!<\/p>\n<p>Las vistas hacia la monta\u00f1a son espectaculares: a partir de aqu\u00ed el espol\u00f3n se encrespa a\u00fan m\u00e1s, pero ya el recorrido se har\u00eda por la ladera nivosa de la derecha. Acaba en una suave d\u00f4me de hielo, blanco y espectacular, y a partir de aqu\u00ed bajar\u00eda a una especie de colladito, ya todo por glaciar blanco y grueso; y de aqu\u00ed a la cumbre se ir\u00edan cruzando por encima como de mesetas de hielo cortadas verticalmente a cada lado y separadas por pavorosas grietas, hasta que comienzan a empinarse hasta casi la misma redondeada, suave pero helada y alta cumbre del Illimani. \u00c9sta casi, casi ser\u00eda la ruta de subida. Hemos montado nuestra rojiza tienda. Las nubes en altura van y vienen de forma de forma lenta pero gradual. Ahora nieva, ahora no nieva, se cubre toda la monta\u00f1a, se va despejando por partes\u2026 es el clima de la alta monta\u00f1a andina boliviana. Nos fijamos en las espectaculares vistas hacia el segundo pico m\u00e1s alto del Illimani que nos queda a la izquierda: m\u00e1s espectacular y desafiante si cabe, con perfiles muy verticales de roca, nieve, seracs colgados, glaciares agrietados, inestable, con paredes de hielo resquebrajado imponentes, que van bajando barranco abajo hasta convertirse en un enorme y ancho r\u00edo de hielo entre las oscuras, marr\u00f3n-negruzcas rocas de las paredes en los espolones que limitan dicho barranco \u00a1Impresionante y espectacular! La cima ya no se presenta como una suave loma o domo, si no que ya es m\u00e1s picudo, a pesar de que sigue siendo hielo y glaciar, y su cresta oeste representa un espect\u00e1culo de hielo, rimayas, hongos, domos m\u00e1s peque\u00f1os, seracs\u2026 que caen y bajan al barranco. Todo culminado por una abundante y g\u00e9lida nieve que no se desprende de sus rincones \u00a1Alucinante! Es una visi\u00f3n de alta monta\u00f1a de las m\u00e1s bellas que he visto en los Andes por el momento. A esta segunda cima del Illimani, antes de que se me olvide, la llaman Pico del Indio.<\/p>\n<div id=\"attachment_41738\" style=\"width: 1034px\" class=\"wp-caption aligncenter\"><a class=\"dt-single-image\" href=\"https:\/\/www.monta\u00f1asdelaluna.es\/wp-content\/uploads\/2020\/02\/nido-de-condores-5-500-mts-las-tiendas-de-los-4-grupos-los-de-la-izquierda-el-grupo-austriaco-y-a-la-derecha-el-norteamericano.jpg\" data-dt-img-description=\"\"><img loading=\"lazy\" decoding=\"async\" aria-describedby=\"caption-attachment-41738\" class=\"wp-image-41738 size-large\" src=\"https:\/\/www.monta\u00f1asdelaluna.es\/wp-content\/uploads\/2020\/02\/nido-de-condores-5-500-mts-las-tiendas-de-los-4-grupos-los-de-la-izquierda-el-grupo-austriaco-y-a-la-derecha-el-norteamericano-1024x683.jpg\" alt=\"Nido de C\u00f3ndores, 5.500 mts., las tiendas de los 4 grupos; los de la izquierda el grupo austriaco, y a la derecha el norteamericano\" width=\"1024\" height=\"683\" srcset=\"https:\/\/www.monta\u00f1asdelaluna.es\/wp-content\/uploads\/2020\/02\/nido-de-condores-5-500-mts-las-tiendas-de-los-4-grupos-los-de-la-izquierda-el-grupo-austriaco-y-a-la-derecha-el-norteamericano-1024x683.jpg 1024w, https:\/\/www.monta\u00f1asdelaluna.es\/wp-content\/uploads\/2020\/02\/nido-de-condores-5-500-mts-las-tiendas-de-los-4-grupos-los-de-la-izquierda-el-grupo-austriaco-y-a-la-derecha-el-norteamericano-300x200.jpg 300w, https:\/\/www.monta\u00f1asdelaluna.es\/wp-content\/uploads\/2020\/02\/nido-de-condores-5-500-mts-las-tiendas-de-los-4-grupos-los-de-la-izquierda-el-grupo-austriaco-y-a-la-derecha-el-norteamericano.jpg 1500w\" sizes=\"auto, (max-width: 1024px) 100vw, 1024px\" \/><\/a><p id=\"caption-attachment-41738\" class=\"wp-caption-text\">Nido de C\u00f3ndores, 5.500 mts., las tiendas de los 4 grupos; los de la izquierda el grupo austriaco, y a la derecha el norteamericano<\/p><\/div>\n<div id=\"attachment_41740\" style=\"width: 1034px\" class=\"wp-caption aligncenter\"><a class=\"dt-single-image\" href=\"https:\/\/www.monta\u00f1asdelaluna.es\/wp-content\/uploads\/2020\/02\/nido-de-condores-5-500-mts-con-la-cima-mas-alta-del-illimani-arriba-y-el-recorrido-de-su-subida-a-la-derecha-un-participante-de-grupo-austriaco.jpg\" data-dt-img-description=\"\"><img loading=\"lazy\" decoding=\"async\" aria-describedby=\"caption-attachment-41740\" class=\"wp-image-41740 size-large\" src=\"https:\/\/www.monta\u00f1asdelaluna.es\/wp-content\/uploads\/2020\/02\/nido-de-condores-5-500-mts-con-la-cima-mas-alta-del-illimani-arriba-y-el-recorrido-de-su-subida-a-la-derecha-un-participante-de-grupo-austriaco-1024x683.jpg\" alt=\"Nido de C\u00f3ndores, 5.500 mts., con la cima m\u00e1s alta del Illimani arriba y el recorrido de su subida. A la derecha un participante de grupo austriaco\" width=\"1024\" height=\"683\" srcset=\"https:\/\/www.monta\u00f1asdelaluna.es\/wp-content\/uploads\/2020\/02\/nido-de-condores-5-500-mts-con-la-cima-mas-alta-del-illimani-arriba-y-el-recorrido-de-su-subida-a-la-derecha-un-participante-de-grupo-austriaco-1024x683.jpg 1024w, https:\/\/www.monta\u00f1asdelaluna.es\/wp-content\/uploads\/2020\/02\/nido-de-condores-5-500-mts-con-la-cima-mas-alta-del-illimani-arriba-y-el-recorrido-de-su-subida-a-la-derecha-un-participante-de-grupo-austriaco-300x200.jpg 300w, https:\/\/www.monta\u00f1asdelaluna.es\/wp-content\/uploads\/2020\/02\/nido-de-condores-5-500-mts-con-la-cima-mas-alta-del-illimani-arriba-y-el-recorrido-de-su-subida-a-la-derecha-un-participante-de-grupo-austriaco.jpg 1500w\" sizes=\"auto, (max-width: 1024px) 100vw, 1024px\" \/><\/a><p id=\"caption-attachment-41740\" class=\"wp-caption-text\">Nido de C\u00f3ndores, 5.500 mts., con la cima m\u00e1s alta del Illimani arriba y el recorrido de su subida. A la derecha un participante de grupo austriaco<\/p><\/div>\n<p>Los porteadores se bajan. Lucio ha quedado con ellos ma\u00f1ana a las 11 de la ma\u00f1ana. El resto del d\u00eda se presenta tranquilo y casi aburrido, meditabundo en Nido de C\u00f3ndores\u2026 debemos de \u201cconcentrarnos\u201d y prepararnos para el asalto final de ma\u00f1ana. Fotos a los diferentes aspectos del lugar con los campamentos de todos los grupos ya montados; con el nublado Pico del Indio y su imponente vertiente de fondo, con la nublada cima del Illimani y su extenso campo glaciar de fondo. Comer y siesta. Una corta siesta. Mientras Jes\u00fas se acuesta y toma la aspirina para aliviar el dolor de cabeza que le ha entrado, yo hago fotos y deambulo por entre los escarpados l\u00edmites de Nido de C\u00f3ndores. Despu\u00e9s Jes\u00fas saldr\u00e1 y yo me tumbar\u00e9 en mi calentito saco de plumas Diamir. El cocinero y Lucio han puesto una radio que se han subido, y sobre las 16,15 horas preparan el t\u00e9\u2026 hay que hidratarse lo suficiente para ma\u00f1ana.<\/p>\n<p>Estando en el saco dormitando o echado dentro de la tienda, comienzo a escuchar un estruendoso ruido lejano pero intenso. Autom\u00e1ticamente pienso en la ca\u00edda de un alud, de un serac por las laderas verticales de la monta\u00f1a. Es el \u00fanico ruido estruendoso que puede darse por estos lares. Hubiera sido incre\u00edble ser testigo pero no afectado de uno de ellos en este lugar, de esta monta\u00f1a, por las peculiaridades morfol\u00f3gicas de la misma. Pero \u00e9stos suelen ser r\u00e1pidos y cortos, no me dar\u00e1 tiempo a vestirme y salir del saco, tienda a prisa para verlo. Pero el lejano estruendo no cesa. Oigo la voz de Jes\u00fas: \u201c\u00a1Joaqu\u00edn sal, sal corriendo. Un alud!\u201d Me quedo parado sin moverme al pensar en que cuando salga ya habr\u00e1 pasado todo. Pero el ruido no cesa. Al final me decido y con la mayor rapidez posible me visto, abrigo, calzo, salgo del saco y de la tienda y admiro el \u201cterrible\u201d alud, que a\u00fan segu\u00eda y a\u00fan le quedaba, y que estaba asolando la vertiente del Pico del Indio, tan vertical y espectacular como el mismo fen\u00f3meno. Incre\u00edble. Por lo visto hab\u00eda ca\u00eddo un serac desde casi lo m\u00e1s alto, arrastrando hielos y otros seracs hasta el fondo del helado y glacial barranco, y el fen\u00f3meno hab\u00eda una nube de nieve en polvo enorme y opaca, mientras bajaba glaciar abajo, el cual estaba durando interminables minutos \u00a1Espectacular y pavoroso a la vez! Me da tiempo a coger la c\u00e1mara y hacer una foto. El espect\u00e1culo y la visi\u00f3n, si la comparamos pensando que de alguna manera nos hubiera podido afectar o coger a nosotros, era dantesco y casi apocal\u00edptica, pero emocionante y gratificante a la vez desde nuestra distancia.<\/p>\n<p>La monta\u00f1a nos ofrece un espect\u00e1culo soberbio, casi macabro y emocionante de destrucci\u00f3n y vida. Aparte del mismo espect\u00e1culo que ya es la quietud, formas, perfiles, glaciares, nieves y roquedos del mismo Illimani en s\u00ed. Realmente es una monta\u00f1a enigm\u00e1tica, hermosa y soberbia gracias a sus formas heladas y glaciares; aunque sus rocas, paredes, laderas y altiplanos tengan un aspecto m\u00e1s feo y subdes\u00e9rtico sin el acompa\u00f1amiento de este blanco meteoro y de este transparente y azul-gris\u00e1ceo estado del agua\u2026 el hielo de sus glaciares.<\/p>\n<div id=\"attachment_41743\" style=\"width: 1034px\" class=\"wp-caption aligncenter\"><a class=\"dt-single-image\" href=\"https:\/\/www.monta\u00f1asdelaluna.es\/wp-content\/uploads\/2020\/02\/jesus-en-nido-de-condores-5-500-mts.jpg\" data-dt-img-description=\"\"><img loading=\"lazy\" decoding=\"async\" aria-describedby=\"caption-attachment-41743\" class=\"wp-image-41743 size-large\" src=\"https:\/\/www.monta\u00f1asdelaluna.es\/wp-content\/uploads\/2020\/02\/jesus-en-nido-de-condores-5-500-mts-1024x683.jpg\" alt=\"Jes\u00fas en Nido de C\u00f3ndores, 5.500 mts.\" width=\"1024\" height=\"683\" srcset=\"https:\/\/www.monta\u00f1asdelaluna.es\/wp-content\/uploads\/2020\/02\/jesus-en-nido-de-condores-5-500-mts-1024x683.jpg 1024w, https:\/\/www.monta\u00f1asdelaluna.es\/wp-content\/uploads\/2020\/02\/jesus-en-nido-de-condores-5-500-mts-300x200.jpg 300w, https:\/\/www.monta\u00f1asdelaluna.es\/wp-content\/uploads\/2020\/02\/jesus-en-nido-de-condores-5-500-mts.jpg 1500w\" sizes=\"auto, (max-width: 1024px) 100vw, 1024px\" \/><\/a><p id=\"caption-attachment-41743\" class=\"wp-caption-text\">Jes\u00fas en Nido de C\u00f3ndores, 5.500 mts.<\/p><\/div>\n<div id=\"attachment_41742\" style=\"width: 830px\" class=\"wp-caption aligncenter\"><a class=\"dt-single-image\" href=\"https:\/\/www.monta\u00f1asdelaluna.es\/wp-content\/uploads\/2020\/02\/joaquin-en-nido-de-condores-5-500-mts-con-el-pico-norte-arriba.jpg\" data-dt-img-description=\"\"><img loading=\"lazy\" decoding=\"async\" aria-describedby=\"caption-attachment-41742\" class=\"wp-image-41742 \" src=\"https:\/\/www.monta\u00f1asdelaluna.es\/wp-content\/uploads\/2020\/02\/joaquin-en-nido-de-condores-5-500-mts-con-el-pico-norte-arriba.jpg\" alt=\"Joaqu\u00edn en Nido de C\u00f3ndores, 5.500 mts., con el Pico Norte arriba\" width=\"820\" height=\"1230\" srcset=\"https:\/\/www.monta\u00f1asdelaluna.es\/wp-content\/uploads\/2020\/02\/joaquin-en-nido-de-condores-5-500-mts-con-el-pico-norte-arriba.jpg 1000w, https:\/\/www.monta\u00f1asdelaluna.es\/wp-content\/uploads\/2020\/02\/joaquin-en-nido-de-condores-5-500-mts-con-el-pico-norte-arriba-200x300.jpg 200w, https:\/\/www.monta\u00f1asdelaluna.es\/wp-content\/uploads\/2020\/02\/joaquin-en-nido-de-condores-5-500-mts-con-el-pico-norte-arriba-683x1024.jpg 683w\" sizes=\"auto, (max-width: 820px) 100vw, 820px\" \/><\/a><p id=\"caption-attachment-41742\" class=\"wp-caption-text\">Joaqu\u00edn en Nido de C\u00f3ndores, 5.500 mts., con el Pico Norte arriba<\/p><\/div>\n<p>Va atardeciendo a medida que, despu\u00e9s de nevarnos y nublarse en algunas ocasiones, va despej\u00e1ndose paulatinamente a\u00fan con el sol abrillantando las cimas heladas del Illimani. Cenamos a las 6 de la tarde. Hay que irse pronto a dormir; ma\u00f1ana debemos levantarnos sobre la 1 o 2 de la madrugada para, a la hora, comenzar el ataque final a la cima m\u00e1s alta del Illimani. \u00daltimas y espectaculares fotos a la despejada monta\u00f1a; preludio del buen tiempo que tendremos ma\u00f1ana \u00bfPreludio de nuestro \u00e9xito ma\u00f1ana? Por suerte en el d\u00eda de hoy no me han atacado esos fantasmas que ayer me atosigaron, uni\u00e9ndose al frio, que en otros momentos me han acorralado, pensando en lo lejos que estaba de Mar\u00eda y en los d\u00edas que \u00edbamos a estar alejados\u2026 muchos d\u00edas. Pero hoy no han aparecido. Por suerte me dan un respiro an\u00edmico, emocional para que est\u00e9 listo y preparado con todas mis fuerzas, ganas, \u00e1nimos y todas las armas posibles para ma\u00f1ana subir a la monta\u00f1a m\u00e1s alta que hasta ahora he conquistado. Mi coraz\u00f3n vuelve a latir y a estar\u00e1 vivo con el anhelo de estar en comuni\u00f3n con la monta\u00f1a, sin pesares, penurias, ni agobios de otros sitios, tra\u00eddos de otros estados y momentos. Ahora es el Illimani, la fuerza y luz de esta monta\u00f1a, la que despeja m\u00e1s inestabilidades, mis dudas, mis revoltijos de cabeza\u2026 da la impresi\u00f3n de que me est\u00e1 ayudando a que la conquista de su cima sea un \u00e9xito, un logro\u2026 y esta impresi\u00f3n hace que crezca en m\u00ed aquella fuerza y valor escondidos \u00a0\u00a0 \u00a0que siempre florec\u00edan en retos monta\u00f1eros como \u00e9ste. Estoy preparado y con ganas, con fuerza. Gracias Illimani.<\/p>\n<div id=\"attachment_41759\" style=\"width: 1662px\" class=\"wp-caption aligncenter\"><a class=\"dt-single-image\" href=\"https:\/\/www.monta\u00f1asdelaluna.es\/wp-content\/uploads\/2020\/02\/Illimani-001.PuenteRoto.NidodeC\u00f3ndores.croquis.web_.jpg\" data-dt-img-description=\"\"><img loading=\"lazy\" decoding=\"async\" aria-describedby=\"caption-attachment-41759\" class=\"wp-image-41759 size-full\" src=\"https:\/\/www.monta\u00f1asdelaluna.es\/wp-content\/uploads\/2020\/02\/Illimani-001.PuenteRoto.NidodeC\u00f3ndores.croquis.web_.jpg\" alt=\"Croquis de la subida a Nido de C\u00f3ndores desde Puente Roto en el Illimani. PUNTO AMARILLO: Puente Roto, PUNTO ROJO: Nido de C\u00f3ndores\" width=\"1652\" height=\"1142\" srcset=\"https:\/\/www.monta\u00f1asdelaluna.es\/wp-content\/uploads\/2020\/02\/Illimani-001.PuenteRoto.NidodeC\u00f3ndores.croquis.web_.jpg 1652w, https:\/\/www.monta\u00f1asdelaluna.es\/wp-content\/uploads\/2020\/02\/Illimani-001.PuenteRoto.NidodeC\u00f3ndores.croquis.web_-300x207.jpg 300w, https:\/\/www.monta\u00f1asdelaluna.es\/wp-content\/uploads\/2020\/02\/Illimani-001.PuenteRoto.NidodeC\u00f3ndores.croquis.web_-1024x708.jpg 1024w\" sizes=\"auto, (max-width: 1652px) 100vw, 1652px\" \/><\/a><p id=\"caption-attachment-41759\" class=\"wp-caption-text\">Croquis de la subida a Nido de C\u00f3ndores desde Puente Roto en el Illimani. PUNTO AMARILLO: Puente Roto, PUNTO ROJO: Nido de C\u00f3ndores<\/p><\/div>\n<p>[vc_separator][\/vc_column_text][\/vc_column][\/vc_row][vc_row][vc_column][vc_empty_space height=\u00bb60px\u00bb][\/vc_column][\/vc_row][vc_row][vc_column][vc_cta h2=\u00bb\u00c1lbum de fotos\u00bb txt_align=\u00bbcenter\u00bb add_button=\u00bbbottom\u00bb btn_title=\u00bbVer fotos\u00bb btn_color=\u00bbwarning\u00bb btn_align=\u00bbcenter\u00bb btn_link=\u00bburl:https%3A%2F%2Fmonta%C3%B1asdelaluna.es%2F%3Fdt_gallery%3Dillimani-6-462-mts-2|title:Illimani%20(6.462%20mts.)|target:_blank\u00bb css=\u00bb.vc_custom_1625693615420{background-color: #8bc4ed !important;}\u00bb]Puedes ver todas las fotos del Illimani en forma de presentaci\u00f3n o individuales pinchando aqui \u00a1No te las pierdas![\/vc_cta][\/vc_column][\/vc_row][vc_row][vc_column][vc_empty_space height=\u00bb60px\u00bb][\/vc_column][\/vc_row][vc_row][vc_column width=\u00bb1\/6&#8243;][\/vc_column][vc_column width=\u00bb1\/3&#8243;][vc_column_text]Tiempo en Puente Roto[\/vc_column_text][vc_raw_html]JTNDaWZyYW1lJTIwc3JjJTNEJTIyaHR0cHMlM0ElMkYlMkZ3d3cubWV0ZW9ibHVlLmNvbSUyRmVzJTJGdGllbXBvJTJGd2lkZ2V0JTJGZGFpbHklMkYtMTYuNjQ5Ti02Ny44MjZFNDQ1Ml9BbWVyaWNhJTI1MkZMYV9QYXolM0ZnZW9sb2MlM0RmaXhlZCUyNmRheXMlM0Q3JTI2dGVtcHVuaXQlM0RDRUxTSVVTJTI2d2luZHVuaXQlM0RLSUxPTUVURVJfUEVSX0hPVVIlMjZwcmVjaXB1bml0JTNETUlMTElNRVRFUiUyNmNvbG91cmVkJTNEY29sb3VyZWQlMjZwaWN0b2ljb24lM0QwJTI2cGljdG9pY29uJTNEMSUyNm1heHRlbXBlcmF0dXJlJTNEMCUyNm1heHRlbXBlcmF0dXJlJTNEMSUyNm1pbnRlbXBlcmF0dXJlJTNEMCUyNm1pbnRlbXBlcmF0dXJlJTNEMSUyNndpbmRzcGVlZCUzRDAlMjZ3aW5kc3BlZWQlM0QxJTI2d2luZGd1c3QlM0QwJTI2d2luZGd1c3QlM0QxJTI2d2luZGRpcmVjdGlvbiUzRDAlMjZ3aW5kZGlyZWN0aW9uJTNEMSUyNnV2JTNEMCUyNmh1bWlkaXR5JTNEMCUyNnByZWNpcGl0YXRpb24lM0QwJTI2cHJlY2lwaXRhdGlvbiUzRDElMjZwcmVjaXBpdGF0aW9ucHJvYmFiaWxpdHklM0QwJTI2cHJlY2lwaXRhdGlvbnByb2JhYmlsaXR5JTNEMSUyNnNwb3QlM0QwJTI2c3BvdCUzRDElMjZwcmVzc3VyZSUzRDAlMjZwcmVzc3VyZSUzRDElMjZsYXlvdXQlM0RsaWdodCUyMiUyMCUyMGZyYW1lYm9yZGVyJTNEJTIyMCUyMiUyMHNjcm9sbGluZyUzRCUyMk5PJTIyJTIwYWxsb3d0cmFuc3BhcmVuY3klM0QlMjJ0cnVlJTIyJTIwc2FuZGJveCUzRCUyMmFsbG93LXNhbWUtb3JpZ2luJTIwYWxsb3ctc2NyaXB0cyUyMGFsbG93LXBvcHVwcyUyMGFsbG93LXBvcHVwcy10by1lc2NhcGUtc2FuZGJveCUyMiUyMHN0eWxlJTNEJTIyd2lkdGglM0ElMjAzNzhweCUzQiUyMGhlaWdodCUzQSUyMDQxM3B4JTIyJTNFJTNDJTJGaWZyYW1lJTNFJTNDZGl2JTNFJTNDJTIxLS0lMjBETyUyME5PVCUyMFJFTU9WRSUyMFRISVMlMjBMSU5LJTIwLS0lM0UlM0NhJTIwaHJlZiUzRCUyMmh0dHBzJTNBJTJGJTJGd3d3Lm1ldGVvYmx1ZS5jb20lMkZlcyUyRnRpZW1wbyUyRnNlbWFuYSUyRi0xNi42NDlOLTY3LjgyNkU0NDUyX0FtZXJpY2ElMjUyRkxhX1BheiUzRnV0bV9zb3VyY2UlM0R3ZWF0aGVyX3dpZGdldCUyNnV0bV9tZWRpdW0lM0RsaW5rdXMlMjZ1dG1fY29udGVudCUzRGRhaWx5JTI2dXRtX2NhbXBhaWduJTNEV2VhdGhlciUyNTJCV2lkZ2V0JTIyJTIwdGFyZ2V0JTNEJTIyX2JsYW5rJTIyJTNFbWV0ZW9ibHVlJTNDJTJGYSUzRSUzQyUyRmRpdiUzRQ==[\/vc_raw_html][\/vc_column][vc_column width=\u00bb1\/3&#8243;][vc_column_text]Tiempo en Nido de C\u00f3ndores[\/vc_column_text][vc_raw_html]JTNDaWZyYW1lJTIwc3JjJTNEJTIyaHR0cHMlM0ElMkYlMkZ3d3cubWV0ZW9ibHVlLmNvbSUyRmVzJTJGdGllbXBvJTJGd2lkZ2V0JTJGZGFpbHklMkYtMTYuNjU0Ti02Ny44RTU0ODVfQW1lcmljYSUyNTJGTGFfUGF6JTNGZ2VvbG9jJTNEZml4ZWQlMjZkYXlzJTNENyUyNnRlbXB1bml0JTNEQ0VMU0lVUyUyNndpbmR1bml0JTNES0lMT01FVEVSX1BFUl9IT1VSJTI2cHJlY2lwdW5pdCUzRE1JTExJTUVURVIlMjZjb2xvdXJlZCUzRGNvbG91cmVkJTI2cGljdG9pY29uJTNEMCUyNnBpY3RvaWNvbiUzRDElMjZtYXh0ZW1wZXJhdHVyZSUzRDAlMjZtYXh0ZW1wZXJhdHVyZSUzRDElMjZtaW50ZW1wZXJhdHVyZSUzRDAlMjZtaW50ZW1wZXJhdHVyZSUzRDElMjZ3aW5kc3BlZWQlM0QwJTI2d2luZHNwZWVkJTNEMSUyNndpbmRndXN0JTNEMCUyNndpbmRndXN0JTNEMSUyNndpbmRkaXJlY3Rpb24lM0QwJTI2d2luZGRpcmVjdGlvbiUzRDElMjZ1diUzRDAlMjZodW1pZGl0eSUzRDAlMjZwcmVjaXBpdGF0aW9uJTNEMCUyNnByZWNpcGl0YXRpb24lM0QxJTI2cHJlY2lwaXRhdGlvbnByb2JhYmlsaXR5JTNEMCUyNnByZWNpcGl0YXRpb25wcm9iYWJpbGl0eSUzRDElMjZzcG90JTNEMCUyNnNwb3QlM0QxJTI2cHJlc3N1cmUlM0QwJTI2cHJlc3N1cmUlM0QxJTI2bGF5b3V0JTNEbGlnaHQlMjIlMjAlMjBmcmFtZWJvcmRlciUzRCUyMjAlMjIlMjBzY3JvbGxpbmclM0QlMjJOTyUyMiUyMGFsbG93dHJhbnNwYXJlbmN5JTNEJTIydHJ1ZSUyMiUyMHNhbmRib3glM0QlMjJhbGxvdy1zYW1lLW9yaWdpbiUyMGFsbG93LXNjcmlwdHMlMjBhbGxvdy1wb3B1cHMlMjBhbGxvdy1wb3B1cHMtdG8tZXNjYXBlLXNhbmRib3glMjIlMjBzdHlsZSUzRCUyMndpZHRoJTNBJTIwMzc4cHglM0IlMjBoZWlnaHQlM0ElMjA0MTNweCUyMiUzRSUzQyUyRmlmcmFtZSUzRSUzQ2RpdiUzRSUzQyUyMS0tJTIwRE8lMjBOT1QlMjBSRU1PVkUlMjBUSElTJTIwTElOSyUyMC0tJTNFJTNDYSUyMGhyZWYlM0QlMjJodHRwcyUzQSUyRiUyRnd3dy5tZXRlb2JsdWUuY29tJTJGZXMlMkZ0aWVtcG8lMkZzZW1hbmElMkYtMTYuNjU0Ti02Ny44RTU0ODVfQW1lcmljYSUyNTJGTGFfUGF6JTNGdXRtX3NvdXJjZSUzRHdlYXRoZXJfd2lkZ2V0JTI2dXRtX21lZGl1bSUzRGxpbmt1cyUyNnV0bV9jb250ZW50JTNEZGFpbHklMjZ1dG1fY2FtcGFpZ24lM0RXZWF0aGVyJTI1MkJXaWRnZXQlMjIlMjB0YXJnZXQlM0QlMjJfYmxhbmslMjIlM0VtZXRlb2JsdWUlM0MlMkZhJTNFJTNDJTJGZGl2JTNF[\/vc_raw_html][\/vc_column][vc_column width=\u00bb1\/6&#8243;][\/vc_column][\/vc_row]<\/p>\n","protected":false},"excerpt":{"rendered":"<p>[vc_row][vc_column][vc_column_text]Nos despertamos sobre las 8 de la ma\u00f1ana. Todo un lujo. La ma\u00f1ana se presenta soleada pero fr\u00eda, sin nubes a la vista. Y de nuevo la magn\u00edfica visi\u00f3n de la monta\u00f1a a conquistar. Imponente y contrastado colorido de tierras marrones de diferentes tonos, con el blanco inmaculado de glaciares y nieves encaramados entre sus&hellip;<\/p>\n","protected":false},"author":1,"featured_media":41743,"comment_status":"open","ping_status":"open","sticky":false,"template":"","format":"standard","meta":[],"categories":[34],"tags":[],"class_list":["post-41780","post","type-post","status-publish","format-standard","has-post-thumbnail","hentry","category-bolivia","category-34","description-off"],"_links":{"self":[{"href":"https:\/\/www.monta\u00f1asdelaluna.es\/index.php?rest_route=\/wp\/v2\/posts\/41780","targetHints":{"allow":["GET"]}}],"collection":[{"href":"https:\/\/www.monta\u00f1asdelaluna.es\/index.php?rest_route=\/wp\/v2\/posts"}],"about":[{"href":"https:\/\/www.monta\u00f1asdelaluna.es\/index.php?rest_route=\/wp\/v2\/types\/post"}],"author":[{"embeddable":true,"href":"https:\/\/www.monta\u00f1asdelaluna.es\/index.php?rest_route=\/wp\/v2\/users\/1"}],"replies":[{"embeddable":true,"href":"https:\/\/www.monta\u00f1asdelaluna.es\/index.php?rest_route=%2Fwp%2Fv2%2Fcomments&post=41780"}],"version-history":[{"count":9,"href":"https:\/\/www.monta\u00f1asdelaluna.es\/index.php?rest_route=\/wp\/v2\/posts\/41780\/revisions"}],"predecessor-version":[{"id":47722,"href":"https:\/\/www.monta\u00f1asdelaluna.es\/index.php?rest_route=\/wp\/v2\/posts\/41780\/revisions\/47722"}],"wp:featuredmedia":[{"embeddable":true,"href":"https:\/\/www.monta\u00f1asdelaluna.es\/index.php?rest_route=\/wp\/v2\/media\/41743"}],"wp:attachment":[{"href":"https:\/\/www.monta\u00f1asdelaluna.es\/index.php?rest_route=%2Fwp%2Fv2%2Fmedia&parent=41780"}],"wp:term":[{"taxonomy":"category","embeddable":true,"href":"https:\/\/www.monta\u00f1asdelaluna.es\/index.php?rest_route=%2Fwp%2Fv2%2Fcategories&post=41780"},{"taxonomy":"post_tag","embeddable":true,"href":"https:\/\/www.monta\u00f1asdelaluna.es\/index.php?rest_route=%2Fwp%2Fv2%2Ftags&post=41780"}],"curies":[{"name":"wp","href":"https:\/\/api.w.org\/{rel}","templated":true}]}}