{"id":43564,"date":"2006-09-16T19:13:01","date_gmt":"2006-09-16T19:13:01","guid":{"rendered":"http:\/\/monta\u00f1asdelaluna.com\/?p=43564"},"modified":"2021-08-21T21:33:15","modified_gmt":"2021-08-21T21:33:15","slug":"las-cimas-de-la-sierra-del-reconc-o-donil","status":"publish","type":"post","link":"https:\/\/www.monta\u00f1asdelaluna.es\/?p=43564","title":{"rendered":"Las cimas de la Sierra del Reconc o d&#8217;Onil"},"content":{"rendered":"<p>[vc_row][vc_column][vc_column_text]Despu\u00e9s de visitar en varias ocasiones la Sierra del Reconc y la Sierra de La Fontanella, subiendo el pico m\u00e1s relevante o conocido del conjunto de sierras, que es el Reconc, una idea surgi\u00f3 ante el reconocimiento de que no hab\u00edamos subida todas las cimas o c\u00faspides de las sierras. Nos faltaba, o me faltaba, una cima alta de nombre curioso y dispar, al norte, noreste de la Sierra del Reconc, en un lugar que siempre me ha parecido estaba como en ninguna parte: El Cenarosa.<\/p>\n<p>Entre la subida a La Blasca en alguna ocasi\u00f3n y la pasada actividad en la que nos recorrimos la <a href=\"https:\/\/www.monta\u00f1asdelaluna.es\/?p=43539\" target=\"_blank\" rel=\"noopener\">Sierra de La Fontanella desde Biar<\/a> por todas sus cimas o parte m\u00e1s alta de la misma cercanas a Biar, y las variadas visitas o excursiones por la parte sur de la Sierra del Reconc o d\u2019Onil entre Biar y Onil donde se encuentra el Reconc, nos faltaba subir o recorrernos las laderas y cordales que nos llevan o suben hasta la otra cima olvidada de esta \u00faltima sierra nombrada: El Cenarosa. Pero haci\u00e9ndolo no como una subida \u00fanicamente a esta f\u00e1cil y alta loma del cordal cimero de la sierra, si no, como en <a href=\"https:\/\/www.monta\u00f1asdelaluna.es\/?p=43539\" target=\"_blank\" rel=\"noopener\">Sierra de La Fontanella desde Biar<\/a> hacerlo por toda la cima de la sierra, todo el cordal cimero de suroeste a noreste. Y adem\u00e1s circular o casi circular.<\/p>\n<p>Pero lo har\u00edamos desde la cima del Reconc, con lo que primero subir\u00edamos el Reconc, reconocer\u00edamos la ubicaci\u00f3n del Cenarosa desde esa altura, cuyo pico ya lo hab\u00edamos visto, descubierto, en algunas de las marchas por estas sierras desde la distancia, y despu\u00e9s seguir\u00edamos las sendas, caminos y parte del cordal cimero, hasta su cima. De esta manera tambi\u00e9n pod\u00edamos tener la oportunidad de subir algunas cimas entre los dos y que por s\u00ed solas no estar\u00edan en nuestros planes de ascenderlas con su solo objetivo, como el Alt de La Creu. La vuelta la pod\u00edamos hacer desandando el camino hasta cierto punto de bajada en la loma cimera del Cenarosa, y girar hacia el noroeste, en busca de la planicie que separa la vertiente noreste de la suroeste y que a su vez separa la divisoria de aguas entre la Rambla del Pinar o de Benassait, que pasa por Biar, y la de Pinarets que desemboca en las proximidades de Ba\u00f1eres de Mariola, y se ubica en las inmediaciones la Casa de Luna, ya nombrada en el recorrido por la Sierra de La Fontanella. O pod\u00edamos desandar m\u00e1s el camino, volver a pasar por Fontalbres (ya pasamos en la bajada del Reconc) y sin subir al Reconc, bajar directos al Santuario de La Mare de D\u00e9u de Gr\u00e0cia en Biar\u2026 el planteamiento estaba servido \u00bfCu\u00e1ndo vamos?<\/p>\n<div id=\"attachment_43638\" style=\"width: 1830px\" class=\"wp-caption aligncenter\"><a class=\"dt-single-image\" href=\"https:\/\/www.monta\u00f1asdelaluna.es\/wp-content\/uploads\/2020\/05\/al-fondo-la-sierra-de-la-fontanella-con-la-blasca-cubierta.jpg\" data-dt-img-description=\"\"><img loading=\"lazy\" decoding=\"async\" aria-describedby=\"caption-attachment-43638\" class=\"wp-image-43638 size-full\" src=\"https:\/\/www.monta\u00f1asdelaluna.es\/wp-content\/uploads\/2020\/05\/al-fondo-la-sierra-de-la-fontanella-con-la-blasca-cubierta.jpg\" alt=\"Al fondo la Sierra de La Fontanella con La Blasca cubierta\" width=\"1820\" height=\"1209\" srcset=\"https:\/\/www.monta\u00f1asdelaluna.es\/wp-content\/uploads\/2020\/05\/al-fondo-la-sierra-de-la-fontanella-con-la-blasca-cubierta.jpg 1820w, https:\/\/www.monta\u00f1asdelaluna.es\/wp-content\/uploads\/2020\/05\/al-fondo-la-sierra-de-la-fontanella-con-la-blasca-cubierta-300x199.jpg 300w, https:\/\/www.monta\u00f1asdelaluna.es\/wp-content\/uploads\/2020\/05\/al-fondo-la-sierra-de-la-fontanella-con-la-blasca-cubierta-1024x680.jpg 1024w\" sizes=\"auto, (max-width: 1820px) 100vw, 1820px\" \/><\/a><p id=\"caption-attachment-43638\" class=\"wp-caption-text\">Al fondo la Sierra de La Fontanella con La Blasca cubierta<\/p><\/div>\n<div id=\"attachment_43639\" style=\"width: 1034px\" class=\"wp-caption aligncenter\"><a class=\"dt-single-image\" href=\"https:\/\/www.monta\u00f1asdelaluna.es\/wp-content\/uploads\/2020\/05\/subiendo-por-el-sendero-botanico-al-reconc.jpg\" data-dt-img-description=\"\"><img loading=\"lazy\" decoding=\"async\" aria-describedby=\"caption-attachment-43639\" class=\"wp-image-43639 size-large\" src=\"https:\/\/www.monta\u00f1asdelaluna.es\/wp-content\/uploads\/2020\/05\/subiendo-por-el-sendero-botanico-al-reconc-1024x683.jpg\" alt=\"Subiendo por el Sendero Bot\u00e1nico al Reconc\" width=\"1024\" height=\"683\" srcset=\"https:\/\/www.monta\u00f1asdelaluna.es\/wp-content\/uploads\/2020\/05\/subiendo-por-el-sendero-botanico-al-reconc-1024x683.jpg 1024w, https:\/\/www.monta\u00f1asdelaluna.es\/wp-content\/uploads\/2020\/05\/subiendo-por-el-sendero-botanico-al-reconc-300x200.jpg 300w, https:\/\/www.monta\u00f1asdelaluna.es\/wp-content\/uploads\/2020\/05\/subiendo-por-el-sendero-botanico-al-reconc.jpg 1822w\" sizes=\"auto, (max-width: 1024px) 100vw, 1024px\" \/><\/a><p id=\"caption-attachment-43639\" class=\"wp-caption-text\">Subiendo por el Sendero Bot\u00e1nico al Reconc<\/p><\/div>\n<p>En septiembre del a\u00f1o en que Jes\u00fas y yo salimos de expedici\u00f3n a Ecuador, escogimos un d\u00eda soleado pero algo fresco, no tan caluroso para ser septiembre, para salir en busca de Biar y del nombrado santuario, punto de partida y regreso de muchos de los recorridos y visitas a estas magn\u00edficas y verdes sierras de La Fontanella y del Reconc. Esta vez, en lugar de salir por la pista asfalta en busca del cauce del barranco que quedaba al norte del recinto religioso, buscamos las marcas del P.R. CV-55 que nos llevar\u00e1 por la que llaman Senda Bot\u00e1nica, en busca de la base del Reconc.<\/p>\n<p>De forma que despu\u00e9s de aparcar en el famoso parking del santuario, salimos por detr\u00e1s del edificio buscando las se\u00f1ales del P.R. CV-55 hacia el este, recto, por un camino bien marcado o ancha senda que comienza a coger altura nada m\u00e1s salir por las laderas de la sierra. Dos caminos salen perpendiculares hacia el sur, bajando la ladera, no les hacemos caso, nosotros recto hacia el este y de subida siguiendo las marcas. La ancha senda ser\u00e1 camino, pista o senda en ocasiones, pero sin perder la direcci\u00f3n del este y de subida. M\u00e1s adelante alg\u00fan peque\u00f1o giro y otros caminos que a derecha e izquierda salen, nosotros recto, o casi recto si contamos esos peque\u00f1os giros, hacia el este y en subida. Justo en el espacio sin \u00e1rboles por donde pasa una l\u00ednea de red el\u00e9ctrica, dejamos el camino que gire y baje al sur por la ladera, y nosotros seguimos por una senda cruzando dicha ladera y dejando a la vez su parte m\u00e1s alta a nuestra izquierda; son las inmediaciones del Rac\u00f3 de La Plata. La senda gira en subida ligeramente hacia el noreste.<\/p>\n<p>Vuelve a derivar en otro camino a los pocos metros que se cruza en perpendicular a nuestro recorrido. A nuestra espalda e izquierda queda una especie de mirador por donde pasan las nombradas torres de red el\u00e9ctrica. De hecho, hay una torre en ese supuesto mirador. Nosotros seguimos con las marcas del P.R. CV-55 recto y por la ancha senda de enfrente siguiendo hacia el este y arriba. Ahora seguiremos un trecho por encima de un cordal que baja de la cima del Reconc, la cual siempre la hemos tenido enfrente en nuestro recorrido, all\u00e1 arriba.<\/p>\n<div id=\"attachment_43566\" style=\"width: 1170px\" class=\"wp-caption aligncenter\"><a class=\"dt-single-image\" href=\"https:\/\/www.monta\u00f1asdelaluna.es\/wp-content\/uploads\/2006\/09\/REconcCenarosa.croquis.web_.jpg\" data-dt-img-description=\"\"><img loading=\"lazy\" decoding=\"async\" aria-describedby=\"caption-attachment-43566\" class=\"wp-image-43566 size-full\" src=\"https:\/\/www.monta\u00f1asdelaluna.es\/wp-content\/uploads\/2006\/09\/REconcCenarosa.croquis.web_.jpg\" alt=\"Croquis completo del recorrido con ascensi\u00f3n al Reconc y Cenarosa desde Biar. LINEA AZUL CLARO: recorrido si se sube el Alt de La Creu m\u00e1s bajo. PUNTO ROJO: Alt de La Creu. PUNTO AMARILLO: Fonteta de Soriano\" width=\"1160\" height=\"627\" srcset=\"https:\/\/www.monta\u00f1asdelaluna.es\/wp-content\/uploads\/2006\/09\/REconcCenarosa.croquis.web_.jpg 1160w, https:\/\/www.monta\u00f1asdelaluna.es\/wp-content\/uploads\/2006\/09\/REconcCenarosa.croquis.web_-300x162.jpg 300w, https:\/\/www.monta\u00f1asdelaluna.es\/wp-content\/uploads\/2006\/09\/REconcCenarosa.croquis.web_-1024x553.jpg 1024w\" sizes=\"auto, (max-width: 1160px) 100vw, 1160px\" \/><\/a><p id=\"caption-attachment-43566\" class=\"wp-caption-text\">Croquis completo del recorrido con ascensi\u00f3n al Reconc y Cenarosa desde Biar. LINEA AZUL CLARO: recorrido si se sube el Alt de La Creu m\u00e1s bajo. PUNTO ROJO: Alt de La Creu. PUNTO AMARILLO: Fonteta de Soriano<\/p><\/div>\n<p>La senda acaba de nuevo en una curva y cruce de un camino y pista asfaltada junto a unos terrenos en terraza de antigua labor abandonados a la Naturaleza a nuestra izquierda. La carreterilla asfaltada es la que sube directo a la cima del Reconc, y esta carreterilla sale de la carretera que une Biar con Onil justo al suroeste. Es aqu\u00ed cuando dejamos de seguir las marcas del P.R. CV-55 que segu\u00edan por un camino ancho hacia el noreste en busca de la umbr\u00eda y base de la monta\u00f1a del Reconc y de Fontalbres; nosotros tampoco cogeremos la pista asfaltada, la evitaremos en lo posible en todo momento del ascenso, aunque nuestro destino final sea el mismo. Caminaremos pocos pasos por el asfalto hacia el sur y enseguida una senda a nuestra izquierda y en subida se encarama a la ladera r\u00e1pidamente; por aqu\u00ed seguiremos. Esta sendilla es el enlace de la pista asfaltada con un viejo camino de herradura al cual salimos justo en una cerrada curva, seguimos dicho camino hacia el este y arriba, siguiendo justo por encima del cordal o brazo que baja de la cima del Reconc y que separa las dos vertientes\u2026 realmente desde la torre de red el\u00e9ctrica estamos yendo o intentando ir por la parte m\u00e1s alta del cordal o brazo oeste que baja de la misma cima del Reconc; por ello y de esta manera podemos observar en ocasiones, que vislumbramos las dos vertientes de la sierra: a la derecha el lado sur de solana, y a la izquierda el lado norte de umbr\u00eda, con la diferenciaci\u00f3n en su cuidada y restaurada vegetaci\u00f3n.<\/p>\n<p>El camino de herradura deriva de nuevo en una curva de la pista asfaltada m\u00e1s arriba. Nosotros seguiremos por una sendilla que aparece a la derecha en la misma curva casi o sin pisar el gris asfalto, y esta misma senda nos llevar\u00e1 a las antenas y cima del Reconc que ya quedaba muy pr\u00f3xima. Y por fin llegamos a su cima.<\/p>\n<p>La cumbre del Reconc a 1.206 mts. de altitud est\u00e1 mancillada por edificios, construcciones y una antena que afean su sagrada cumbre. Es una l\u00e1stima ya que las vistas desde esta monta\u00f1a son dignas de admirar si entre las construcciones, la antena y los pinos que llegan hasta su cima, te dejan ver el paisaje\u2026 pero a\u00fan te puedes alejar por alguna de sus lados o cordales cimeros, como el que baja hacia el este y donde una protuberancia, una pe\u00f1a o roca, en el mismo cordal a la cual llaman Penya Buitrera, te puede desvelar las vistas hacia el este, norte y sur del afeado Reconc, y muy cerca del mismo pico, en su misma cima.<\/p>\n<div id=\"attachment_43640\" style=\"width: 1034px\" class=\"wp-caption aligncenter\"><a class=\"dt-single-image\" href=\"https:\/\/www.monta\u00f1asdelaluna.es\/wp-content\/uploads\/2020\/05\/llegando-a-la-cumbre-del-reconc.jpg\" data-dt-img-description=\"\"><img loading=\"lazy\" decoding=\"async\" aria-describedby=\"caption-attachment-43640\" class=\"wp-image-43640 size-large\" src=\"https:\/\/www.monta\u00f1asdelaluna.es\/wp-content\/uploads\/2020\/05\/llegando-a-la-cumbre-del-reconc-1024x681.jpg\" alt=\"Llegando a la cumbre del Reconc\" width=\"1024\" height=\"681\" srcset=\"https:\/\/www.monta\u00f1asdelaluna.es\/wp-content\/uploads\/2020\/05\/llegando-a-la-cumbre-del-reconc-1024x681.jpg 1024w, https:\/\/www.monta\u00f1asdelaluna.es\/wp-content\/uploads\/2020\/05\/llegando-a-la-cumbre-del-reconc-300x200.jpg 300w, https:\/\/www.monta\u00f1asdelaluna.es\/wp-content\/uploads\/2020\/05\/llegando-a-la-cumbre-del-reconc.jpg 1820w\" sizes=\"auto, (max-width: 1024px) 100vw, 1024px\" \/><\/a><p id=\"caption-attachment-43640\" class=\"wp-caption-text\">Llegando a la cumbre del Reconc<\/p><\/div>\n<div id=\"attachment_43642\" style=\"width: 831px\" class=\"wp-caption aligncenter\"><a class=\"dt-single-image\" href=\"https:\/\/www.monta\u00f1asdelaluna.es\/wp-content\/uploads\/2020\/05\/Reconc11-2006-05-001.jpg\" data-dt-img-description=\"\"><img loading=\"lazy\" decoding=\"async\" aria-describedby=\"caption-attachment-43642\" class=\"wp-image-43642 \" src=\"https:\/\/www.monta\u00f1asdelaluna.es\/wp-content\/uploads\/2020\/05\/Reconc11-2006-05-001.jpg\" alt=\"De izquierda a derecha: Jes\u00fas, Joaqu\u00edn y Zaida en la cima del Reconc, 1.206 mts.\" width=\"821\" height=\"1119\" srcset=\"https:\/\/www.monta\u00f1asdelaluna.es\/wp-content\/uploads\/2020\/05\/Reconc11-2006-05-001.jpg 1315w, https:\/\/www.monta\u00f1asdelaluna.es\/wp-content\/uploads\/2020\/05\/Reconc11-2006-05-001-220x300.jpg 220w, https:\/\/www.monta\u00f1asdelaluna.es\/wp-content\/uploads\/2020\/05\/Reconc11-2006-05-001-751x1024.jpg 751w\" sizes=\"auto, (max-width: 821px) 100vw, 821px\" \/><\/a><p id=\"caption-attachment-43642\" class=\"wp-caption-text\">De izquierda a derecha: Jes\u00fas, Joaqu\u00edn y Zaida en la cima del Reconc, 1.206 mts.<\/p><\/div>\n<p>No pasamos mucho tiempo en la humanizada cima del Reconc ya que nuestro objetivo comienza ahora a desvelarse: el resto de la cima de la Sierra del Reconc o d\u2019Onil y el Cenarosa all\u00e1 al fondo, mirando hacia el noreste, haciendo pareja con una cimita anterior, el Alt de La Creu, como dos pin\u00e1culos romos altos en medio de la sierra norte del Reconc. Seg\u00fan parece, Jes\u00fas quiso ense\u00f1arme la Font del Soriano en Fontalbres, o en las cercan\u00edas de Fontalbres, y para ello desandamos la subida hasta esta cima del Reconc. Pero al llegar donde la senda se cruza con la pista asfalta, dejamos la senda y comenzamos a caminar por la pista asfalta hacia abajo hasta la siguiente curva. En la siguiente curva muy pr\u00f3xima de esta pista asfaltada, sale un camino de herradura por el que nos desviamos pero por el que alg\u00fan todoterreno podr\u00eda rodar, hacia la derecha, este, sureste.<\/p>\n<p>Nos internamos ahora en el bosque de la cara norte del Reconc, muchos de estos pinos plantados no hace tantos a\u00f1os, repoblados, para ir formando un formidable manto boscoso lleno de vida y verdor. Fant\u00e1stico. Seguimos este maltrecho camino hasta su final, hasta que acaba en mitad de la ladera, y aparece una senda que no sale en mapas ni est\u00e1 marcado. Esta senda, o trazos de senda, del pisar de la gente o las bestias del lugar, parece que baja ladera abajo, monta\u00f1a abajo, en busca de la base de la misma, por en medio del bosque y de la ladera. Pero no siempre es bosque, algunas calvas y pedregales nos salen al paso. No es f\u00e1cil de indicar esta senda en el mapa, con lo que si ten\u00e9is que bajar monte a trav\u00e9s un tramo o buscarla entre la maleza, tampoco ser\u00eda raro.<\/p>\n<p>La senda acaba justo en una curva de un ancho camino, pista, y al otro lado descubrimos un estanquito artificial y ca\u00f1o de agua rodeado de grandes y preciosos \u00e1rboles. Es la Font de Soriano. Un bonito y cuidado lugar el cual nos da a entender de lo necesario que es proteger y salvaguardar esta monta\u00f1a, estos lugares, pues la vida vegetal y animal pueden abastecerse f\u00e1cilmente de esta agua, de su fuente de vida. Delicioso.<\/p>\n<div id=\"attachment_43650\" style=\"width: 1174px\" class=\"wp-caption aligncenter\"><a class=\"dt-single-image\" href=\"https:\/\/www.monta\u00f1asdelaluna.es\/wp-content\/uploads\/2006\/09\/REconcCenarosaParte1.croquis.webBueno.jpg\" data-dt-img-description=\"\"><img loading=\"lazy\" decoding=\"async\" aria-describedby=\"caption-attachment-43650\" class=\"wp-image-43650 size-full\" src=\"https:\/\/www.monta\u00f1asdelaluna.es\/wp-content\/uploads\/2006\/09\/REconcCenarosaParte1.croquis.webBueno.jpg\" alt=\"1\u00ba parte del recorrido entre Biar y el Cenarosa, acabando en el cruce de Fontalbres.\" width=\"1164\" height=\"517\" srcset=\"https:\/\/www.monta\u00f1asdelaluna.es\/wp-content\/uploads\/2006\/09\/REconcCenarosaParte1.croquis.webBueno.jpg 1164w, https:\/\/www.monta\u00f1asdelaluna.es\/wp-content\/uploads\/2006\/09\/REconcCenarosaParte1.croquis.webBueno-300x133.jpg 300w, https:\/\/www.monta\u00f1asdelaluna.es\/wp-content\/uploads\/2006\/09\/REconcCenarosaParte1.croquis.webBueno-1024x455.jpg 1024w\" sizes=\"auto, (max-width: 1164px) 100vw, 1164px\" \/><\/a><p id=\"caption-attachment-43650\" class=\"wp-caption-text\">1\u00ba parte del recorrido entre Biar y el Cenarosa, acabando en el cruce de Fontalbres.<\/p><\/div>\n<p>Despu\u00e9s de la foto de rigor, seguiremos ahora el camino hacia el noreste, dejando a la derecha la ladera boscosa de la monta\u00f1a del Reconc, y a la izquierda los terrenos de labor, bancales, construcciones, mas\u00edas como Mas Soler, Mas de Camarasa, y la \u00faltima al final del vallecillo, de esta plana, Mas de Fontalbres\u2026 Tambi\u00e9n seguimos de nuevo las marcas del P.R. CV-55 que han vuelto a parecer en este camino y que no dejaremos hasta pasado un buen trayecto del mismo.<\/p>\n<p>Seguimos este camino sin hacer caso a los caminos que nos salen a la izquierda y que bajan o nos comunican con las mas\u00edas y construcciones nombradas. A la vez que el camino va girando, cambiando su direcci\u00f3n en un momento hacia el este totalmente, e igual parece que se quiere internar en un hueco de la monta\u00f1a, acerc\u00e1ndose al nombrado collado de Fontalbres. Pero no. Una vez nos sale un camino a la derecha como queriendo seguir rodeando la monta\u00f1a y su extraordinario bosque, no le hacemos caso y seguimos por la izquierda en la misma pista. Seguimos el P.R. CV-55.<\/p>\n<p>Mientras a nuestra izquierda queda el conjunto de construcciones y casas del Mas de Fontalbres, a la derecha vuelve a aparecer otro camino diferente al anterior pero que tambi\u00e9n parece viene del collado de Fontalbres, pero pegado a la ladera opuesta a la ladera de la monta\u00f1a del Reconc. No le hacemos caso. Ahora pasamos por la ladera de unas cimitas o cordales cimeros que est\u00e1n justo al este, noreste del Reconc al otro lado del collado de Fontalbres. La idea es seguir la pista por el lado norte o noroeste de este cordal; justo bajo sus bosques y frondas.<\/p>\n<div id=\"attachment_43453\" style=\"width: 1034px\" class=\"wp-caption aligncenter\"><a class=\"dt-single-image\" href=\"https:\/\/www.monta\u00f1asdelaluna.es\/wp-content\/uploads\/2020\/05\/bajando-de-la-cima-del-reconc-1-206-mts-delante-las-cimas-de-cenarosa-en-el-centro-y-alt-de-la-creu-a-su-izquierda-al-fondo-centro-el-montcabrer-en-sierra-mariola.jpg\" data-dt-img-description=\"\"><img loading=\"lazy\" decoding=\"async\" aria-describedby=\"caption-attachment-43453\" class=\"wp-image-43453 size-large\" src=\"https:\/\/www.monta\u00f1asdelaluna.es\/wp-content\/uploads\/2020\/05\/bajando-de-la-cima-del-reconc-1-206-mts-delante-las-cimas-de-cenarosa-en-el-centro-y-alt-de-la-creu-a-su-izquierda-al-fondo-centro-el-montcabrer-en-sierra-mariola-1024x693.jpg\" alt=\"Bajando de la cima del Reconc, 1.206 mts., delante las cimas de Cenarosa en el centro y Alt de La Creu a su izquierda, al fondo centro El Montcabrer en Sierra Mariola\" width=\"1024\" height=\"693\" srcset=\"https:\/\/www.monta\u00f1asdelaluna.es\/wp-content\/uploads\/2020\/05\/bajando-de-la-cima-del-reconc-1-206-mts-delante-las-cimas-de-cenarosa-en-el-centro-y-alt-de-la-creu-a-su-izquierda-al-fondo-centro-el-montcabrer-en-sierra-mariola-1024x693.jpg 1024w, https:\/\/www.monta\u00f1asdelaluna.es\/wp-content\/uploads\/2020\/05\/bajando-de-la-cima-del-reconc-1-206-mts-delante-las-cimas-de-cenarosa-en-el-centro-y-alt-de-la-creu-a-su-izquierda-al-fondo-centro-el-montcabrer-en-sierra-mariola-300x203.jpg 300w, https:\/\/www.monta\u00f1asdelaluna.es\/wp-content\/uploads\/2020\/05\/bajando-de-la-cima-del-reconc-1-206-mts-delante-las-cimas-de-cenarosa-en-el-centro-y-alt-de-la-creu-a-su-izquierda-al-fondo-centro-el-montcabrer-en-sierra-mariola.jpg 1804w\" sizes=\"auto, (max-width: 1024px) 100vw, 1024px\" \/><\/a><p id=\"caption-attachment-43453\" class=\"wp-caption-text\">Bajando de la cima del Reconc, 1.206 mts., delante las cimas de Cenarosa en el centro y Alt de La Creu a su izquierda, al fondo centro El Montcabrer en Sierra Mariola<\/p><\/div>\n<div id=\"attachment_43643\" style=\"width: 1034px\" class=\"wp-caption aligncenter\"><a class=\"dt-single-image\" href=\"https:\/\/www.monta\u00f1asdelaluna.es\/wp-content\/uploads\/2020\/05\/delante-javi-zaida-con-infi-y-quique-detras-bajando-por-la-frondosa-pinada-del-reconc.jpg\" data-dt-img-description=\"\"><img loading=\"lazy\" decoding=\"async\" aria-describedby=\"caption-attachment-43643\" class=\"wp-image-43643 size-large\" src=\"https:\/\/www.monta\u00f1asdelaluna.es\/wp-content\/uploads\/2020\/05\/delante-javi-zaida-con-infi-y-quique-detras-bajando-por-la-frondosa-pinada-del-reconc-1024x679.jpg\" alt=\"Delante Javi, Zaida con Infi y Quique detr\u00e1s, bajando por la frondosa pinada del Reconc\" width=\"1024\" height=\"679\" srcset=\"https:\/\/www.monta\u00f1asdelaluna.es\/wp-content\/uploads\/2020\/05\/delante-javi-zaida-con-infi-y-quique-detras-bajando-por-la-frondosa-pinada-del-reconc-1024x679.jpg 1024w, https:\/\/www.monta\u00f1asdelaluna.es\/wp-content\/uploads\/2020\/05\/delante-javi-zaida-con-infi-y-quique-detras-bajando-por-la-frondosa-pinada-del-reconc-300x199.jpg 300w, https:\/\/www.monta\u00f1asdelaluna.es\/wp-content\/uploads\/2020\/05\/delante-javi-zaida-con-infi-y-quique-detras-bajando-por-la-frondosa-pinada-del-reconc.jpg 1830w\" sizes=\"auto, (max-width: 1024px) 100vw, 1024px\" \/><\/a><p id=\"caption-attachment-43643\" class=\"wp-caption-text\">Delante Javi, Zaida con Infi y Quique detr\u00e1s, bajando por la frondosa pinada del Reconc<\/p><\/div>\n<p>El camino llega a una curva y cruce con otros caminos secundarios o como de herradura. A nuestra espalda queda el Mas de Fontalbres. No hacemos caso a esos caminos secundarios y seguimos por este principal siguiendo las marcas del P.R. CV-55 y bajo las laderas boscosas de la monta\u00f1a que nos quedan a la derecha.<\/p>\n<p>Siguiendo el camino en direcci\u00f3n noreste, llegamos a otra curva, en un lugar que hace como de colladito entre la monta\u00f1a que nos quedaba a la derecha y la siguiente que nos queda casi enfrente al norte. Seguimos el mismo camino girando en la curva y cambiando de direcci\u00f3n de noreste a noroeste\u2026 no hemos perdido las marcas del P.R. CV-55 que sigue por la pista como si rodeara el montecillo que se queda al norte, por su lado oeste. Curiosamente a este montecillo lo llaman Alto de la Creu o Cerro de la Creu, habiendo una confusi\u00f3n o duplicidad de nombres entre el Alt de La Creu m\u00e1s cercano a nuestro pico Cenarosa y este montecillo. Por descontado que el que est\u00e1 m\u00e1s cerca del Cenarosa es m\u00e1s alto\u2026 pero tambi\u00e9n podemos subir \u00e9ste y llegar a sus 1.156 mts: siguiendo el camino solo habr\u00eda que salirse de \u00e9l a la derecha por una especie de ancho cortafuegos que sube hasta la cima de este piquito monte a trav\u00e9s; y bajar justo por el otro lado donde dos anchas sendas o caminos de herradura, nos volver\u00e1n a bajar al mismo camino pero como si hubi\u00e9ramos saltado el montecillo, subimos por su lado sur y bajamos por su lado norte.<\/p>\n<p>Si no hemos querido subir esta cimita, habremos seguido el camino hacia el norte, hasta llegar a un punto en que hace un giro y curva al este, dejando detr\u00e1s un camino de herradura en mitad de un cortafuegos y rodeando una especie de balsa artificial y caseta. Ahora seguimos hacia el este cuando bajan al camino los otros dos que bajan de la monta\u00f1ita que hemos rodeado y no hemos querido subir entonces.<\/p>\n<div id=\"attachment_43454\" style=\"width: 830px\" class=\"wp-caption aligncenter\"><a class=\"dt-single-image\" href=\"https:\/\/www.monta\u00f1asdelaluna.es\/wp-content\/uploads\/2020\/05\/fonteta-de-soriano-cerca-de-fontalbres.jpg\" data-dt-img-description=\"\"><img loading=\"lazy\" decoding=\"async\" aria-describedby=\"caption-attachment-43454\" class=\"wp-image-43454 \" src=\"https:\/\/www.monta\u00f1asdelaluna.es\/wp-content\/uploads\/2020\/05\/fonteta-de-soriano-cerca-de-fontalbres.jpg\" alt=\"Fonteta de Soriano cerca de Fontalbres\" width=\"820\" height=\"1226\" srcset=\"https:\/\/www.monta\u00f1asdelaluna.es\/wp-content\/uploads\/2020\/05\/fonteta-de-soriano-cerca-de-fontalbres.jpg 1213w, https:\/\/www.monta\u00f1asdelaluna.es\/wp-content\/uploads\/2020\/05\/fonteta-de-soriano-cerca-de-fontalbres-201x300.jpg 201w, https:\/\/www.monta\u00f1asdelaluna.es\/wp-content\/uploads\/2020\/05\/fonteta-de-soriano-cerca-de-fontalbres-685x1024.jpg 685w\" sizes=\"auto, (max-width: 820px) 100vw, 820px\" \/><\/a><p id=\"caption-attachment-43454\" class=\"wp-caption-text\">Fonteta de Soriano cerca de Fontalbres<\/p><\/div>\n<p>Justo cuando desemboca el segundo camino de herradura que baja de este Alt de la Creu o Cerro de La Cruz duplicado en el camino, la pista gira hacia el norte y a pocos pasos nos percatamos de que sale una senda a nuestra derecha que quiere subir a la cima de la sierra de nuevo. Si hemos seguido la pista sin subir al montecillo, habremos seguido tambi\u00e9n las marcas del P.R. CV-55, pues bien, aqu\u00ed dejamos el camino, pista y el P.R. CV-55 para subir por esta ancha senda o camino de herradura que quiere subir hasta las alturas de la sierra, hacia noreste.<\/p>\n<p>De nuevo cogemos el cordal cimero viendo las dos vertientes de la sierra. Estamos subiendo a (otro) Alt de La Creu, a 1.192 mts., el m\u00e1s alto de los dos nombrados. Hemos llegado a la cima con la direcci\u00f3n noreste, ahora cogiendo direcci\u00f3n sureste y por una senda m\u00e1s estrecha pero marcada, nos baja de esta cima por la ladera casi contraria a la que hemos subido, hasta las cercan\u00edas de un camino de herradura, justo cuando hace una cerrada curva, pero en lugar de coger la direcci\u00f3n hacia el noroeste, lo cogemos hacia el noreste, hacia la cima de esta parte de la sierra que tenemos enfrente.<\/p>\n<p>Aunque m\u00e1s bien podemos seguir una senda o rastro que sigue paralelo y muy cerca a este camino de herradura que sube tambi\u00e9n hasta la cima de la sierra, de esta parte de la sierra, como si no hubi\u00e9ramos dejado la senda que bajaba del Alt de La Creu. M\u00e1s arriba el camino llega a una especie de \u201credonda\u201d de tierra y cruce con otros caminos, justo pocos pasos m\u00e1s adelante ya tenemos la cima m\u00e1s alta de este conjunto de sierras de La Fontanella y esta del Reconc, delante: el Cenarosa, de 1.210 mts, de altura. Antes de llegar no hacemos caso a otro camino de herradura o senda ancha que baja por la ladera sureste, y poco antes de llegar a la misma cima, el camino paralelo se separa un poco de la senda que llevamos para que resalte m\u00e1s la cima del pico. La senda llega justo hasta la cima del pico. Sin p\u00e9rdida\u2026 es seguir la senda que te suba hasta lo m\u00e1s alto que veas delante de ti.<\/p>\n<div id=\"attachment_43455\" style=\"width: 1820px\" class=\"wp-caption aligncenter\"><a class=\"dt-single-image\" href=\"https:\/\/www.monta\u00f1asdelaluna.es\/wp-content\/uploads\/2020\/05\/jesus-y-joaquin-en-la-cima-del-cenarosa-1-210-mts-detras-en-el-centro-la-sierra-del-menetjador-con-el-alt-de-biscoi-delante-a-la-derecha-y-la-sierra-de-la-carrasqueta-al-fondo-derecha-al-fondo-a.jpg\" data-dt-img-description=\"\"><img loading=\"lazy\" decoding=\"async\" aria-describedby=\"caption-attachment-43455\" class=\"wp-image-43455 size-full\" src=\"https:\/\/www.monta\u00f1asdelaluna.es\/wp-content\/uploads\/2020\/05\/jesus-y-joaquin-en-la-cima-del-cenarosa-1-210-mts-detras-en-el-centro-la-sierra-del-menetjador-con-el-alt-de-biscoi-delante-a-la-derecha-y-la-sierra-de-la-carrasqueta-al-fondo-derecha-al-fondo-a.jpg\" alt=\"Jes\u00fas y Joaqu\u00edn en la cima del Cenarosa, 1.210 mts., detr\u00e1s en el centro la Sierra del Menetjador, con el Alt de Biscoi delante a la derecha y la Sierra de La Carrasqueta al fondo derecha. Al fondo a la izquierda del Menetjador, la Sierra d'Almeida, La Serrella y Sierra de L'Aixort\u00e0\" width=\"1810\" height=\"1220\" srcset=\"https:\/\/www.monta\u00f1asdelaluna.es\/wp-content\/uploads\/2020\/05\/jesus-y-joaquin-en-la-cima-del-cenarosa-1-210-mts-detras-en-el-centro-la-sierra-del-menetjador-con-el-alt-de-biscoi-delante-a-la-derecha-y-la-sierra-de-la-carrasqueta-al-fondo-derecha-al-fondo-a.jpg 1810w, https:\/\/www.monta\u00f1asdelaluna.es\/wp-content\/uploads\/2020\/05\/jesus-y-joaquin-en-la-cima-del-cenarosa-1-210-mts-detras-en-el-centro-la-sierra-del-menetjador-con-el-alt-de-biscoi-delante-a-la-derecha-y-la-sierra-de-la-carrasqueta-al-fondo-derecha-al-fondo-a-300x202.jpg 300w, https:\/\/www.monta\u00f1asdelaluna.es\/wp-content\/uploads\/2020\/05\/jesus-y-joaquin-en-la-cima-del-cenarosa-1-210-mts-detras-en-el-centro-la-sierra-del-menetjador-con-el-alt-de-biscoi-delante-a-la-derecha-y-la-sierra-de-la-carrasqueta-al-fondo-derecha-al-fondo-a-1024x690.jpg 1024w\" sizes=\"auto, (max-width: 1810px) 100vw, 1810px\" \/><\/a><p id=\"caption-attachment-43455\" class=\"wp-caption-text\">Jes\u00fas y Joaqu\u00edn en la cima del Cenarosa, 1.210 mts., detr\u00e1s en el centro la Sierra del Menetjador, con el Alt de Biscoi delante a la derecha y la Sierra de La Carrasqueta al fondo derecha. Al fondo a la izquierda del Menetjador, la Sierra d&#8217;Almeida, La Serrella y Sierra de L&#8217;Aixort\u00e0<\/p><\/div>\n<p>Este pico tiene una curiosidad en el nombre, seg\u00fan el mapa o la zona, gentes, que la nombren, la pueden llamar con otros nombres parecidos supongo que a causa de la traducci\u00f3n del valenciano o por su distorsi\u00f3n al nombrarla por el paso de los a\u00f1os: Cenezosa, La Fenassosa, Alt de La Fenassosa\u2026 Y disfruta de unas vistas incre\u00edbles sobre todo hacia su este y noreste, donde podemos descubrir algunas de las grandes sierras alicantinas como Sierra Mariola al noreste, la Sierra del Menetjador que aparece como una formidable, alta y con aspecto escarpada monta\u00f1a verde y frondosa, con la cara norte del Carrascal de La Font Roja mir\u00e1ndonos de reojo. Fant\u00e1stica. Antes o delante de ella un montecillo tambi\u00e9n con un manto boscoso alrededor extenso y fenomenal, verde, es el Alt de Biscoi, monta\u00f1a o lugar que queda entre la Sierra del Reconc o d\u2019Onil y el mismo Menetjador. Detr\u00e1s o m\u00e1s al fondo entre las nombradas sierras altivas, La Serrella, L\u2019Aixort\u00e0, e incluso un piquito que podr\u00eda ser parte de la alta Aitana, justo tapada por el Menetjador. M\u00e1s al sureste, y sur del Menetjador la larga y boscosa Sierra de La Carrasqueta con Els Plans la m\u00e1s alta. Hacia el lado contrario tenemos abajo el valle boscoso y con tierras de labor que se encuentran entre la sierra en la que nos encontramos y la Sierra de La Fontanella, con su pico m\u00e1s alto y roquedo, distinguido entre la masa boscosa y verde: La Blasca\u2026 O sea, unas vistas en un buen d\u00eda, incre\u00edbles, magn\u00edficas\u2026 Tambi\u00e9n hemos podido admirar, mientras hac\u00edamos el recorrido entre el Reconc y este Cenarosa, toda la Hoya de Castalla hacia el sur, con las conocidas y simp\u00e1ticas Sierras del Maigm\u00f3, Despe\u00f1ador, Castalla y Arguenya con todo el manto boscoso de estas sierras mirando hacia nosotros, un privilegio de vistas desde este alejado y olvidado Cenarosa.<\/p>\n<p>Aunque la cima del Cenarosa tiene unas fant\u00e1sticas vistas, la cima en s\u00ed o su entorno est\u00e1 afeado por la cantidad de caminos y destrozos que tiene a su alrededor. A dos pasos hacia el norte han plantado una gran cruz de piedra, m\u00e1s peque\u00f1a que la met\u00e1lica <a href=\"https:\/\/www.monta\u00f1asdelaluna.es\/?p=43159\" target=\"_blank\" rel=\"noopener\">Cruz de La Muela<\/a>. Bajamos a tocarla. Realmente est\u00e1 todo como muy trillado por culpa de los caminos, y esas redondas excavadas de tierra\u2026 al menos esa fue mi percepci\u00f3n. De todas formas hay que visitar esta olvidada cima y hacerle compa\u00f1\u00eda durante unos minutos en la soledad de estos lugares entre boscosos y alejados.<\/p>\n<div id=\"attachment_43456\" style=\"width: 1034px\" class=\"wp-caption aligncenter\"><a class=\"dt-single-image\" href=\"https:\/\/www.monta\u00f1asdelaluna.es\/wp-content\/uploads\/2020\/05\/cruz-en-la-cima-del-cenarosa-1-210-mts-al-fondo-sierra-mariola-con-el-montcabrer.jpg\" data-dt-img-description=\"\"><img loading=\"lazy\" decoding=\"async\" aria-describedby=\"caption-attachment-43456\" class=\"wp-image-43456 size-large\" src=\"https:\/\/www.monta\u00f1asdelaluna.es\/wp-content\/uploads\/2020\/05\/cruz-en-la-cima-del-cenarosa-1-210-mts-al-fondo-sierra-mariola-con-el-montcabrer-1024x693.jpg\" alt=\"Cruz en la cima del Cenarosa, 1.210 mts., al fondo Sierra Mariola con El Montcabrer\" width=\"1024\" height=\"693\" srcset=\"https:\/\/www.monta\u00f1asdelaluna.es\/wp-content\/uploads\/2020\/05\/cruz-en-la-cima-del-cenarosa-1-210-mts-al-fondo-sierra-mariola-con-el-montcabrer-1024x693.jpg 1024w, https:\/\/www.monta\u00f1asdelaluna.es\/wp-content\/uploads\/2020\/05\/cruz-en-la-cima-del-cenarosa-1-210-mts-al-fondo-sierra-mariola-con-el-montcabrer-300x203.jpg 300w, https:\/\/www.monta\u00f1asdelaluna.es\/wp-content\/uploads\/2020\/05\/cruz-en-la-cima-del-cenarosa-1-210-mts-al-fondo-sierra-mariola-con-el-montcabrer.jpg 1803w\" sizes=\"auto, (max-width: 1024px) 100vw, 1024px\" \/><\/a><p id=\"caption-attachment-43456\" class=\"wp-caption-text\">Cruz en la cima del Cenarosa, 1.210 mts., al fondo Sierra Mariola con El Montcabrer<\/p><\/div>\n<p>Despu\u00e9s de hacernos la foto de rigor y de cima Jes\u00fas y yo, ya vamos decidiendo el volver al coche. Ya no hace falta subir al Reconc, pero nos puede pillar de camino el pasar por su base, por sus faldas, que es el lugar de Fontalbres\u2026 aunque si no queremos volver por aqu\u00ed, podemos buscar el camino de vuelta de la actividad que hicimos por la <a href=\"https:\/\/www.monta\u00f1asdelaluna.es\/?p=43539\" target=\"_blank\" rel=\"noopener\">Sierra de La Fontanella desde Biar<\/a> como ya indiqu\u00e9 al comienzo del relato, \u00bfC\u00f3mo lo hacemos? Como tenemos que desandar por la cima del Cenarosa hacia el suroeste en busca del Alt de La Creu, justo en el collado entre los dos, aparece el camino que no quer\u00edamos tocar por que la senda va paralelo a pocos metros de \u00e9l. Justo antes de que comience a subir al nombrado Alt de La Creu, girar por el camino y senda (seg\u00fan convenga) siempre hacia el noroeste. Podemos seguir este camino principal sin derivar en otros que aparezcan a cada lado, hasta que se topa con unos bancales o terrenos de cultivo de secano. Pues al otro lado de estos bancales est\u00e1 la pista que nos lleva de Biar a Ba\u00f1eres de Mariola; solo tenemos que girar en esta \u00faltima pista a la izquierda hacia el suroeste sigui\u00e9ndola, en busca de Biar, o mejor dicho del Santuario de La Mare de D\u00e9u de Gr\u00e0cia; y seguiremos el camino descrito en la <a href=\"https:\/\/www.monta\u00f1asdelaluna.es\/?p=43539\" target=\"_blank\" rel=\"noopener\">Sierra de La Fontanella desde Biar.<\/a><\/p>\n<p>Pero nosotros seguramente desandamos el camino recorrido en busca de Fontalbres. Por ello una vez desandamos el recorrido realizado y bajamos del Alt de La Creu de nuevo a la pista o camino desde el que subimos a este pico a la ida, en lugar de buscar la siguiente cima, lo que haremos es seguir por la misma pista hacia el suroeste y oeste, pasando por la caseta aquella junto a una especie de balsita de agua, y que es el camino que rodea la monta\u00f1ita a la que tambi\u00e9n llaman los mapas Alt de La Creu pero es de m\u00e1s baja altura\u2026 si nos liamos podemos seguir las marcas blancas y amarillas del P.R. CV-55 que recorren esta pista, pero hacia el oeste, suroeste, en busca de Fontalbres.<\/p>\n<div id=\"attachment_43458\" style=\"width: 1814px\" class=\"wp-caption aligncenter\"><a class=\"dt-single-image\" href=\"https:\/\/www.monta\u00f1asdelaluna.es\/wp-content\/uploads\/2020\/05\/de-izquierda-a-derecha-sierra-del-maigmo-despenador-en-el-centro-sierra-de-castalla-y-detras-de-esta-los-dos-piquitos-de-la-sierra-del-cid-abajo-inmediaciones-de-onil.jpg\" data-dt-img-description=\"\"><img loading=\"lazy\" decoding=\"async\" aria-describedby=\"caption-attachment-43458\" class=\"wp-image-43458 size-full\" src=\"https:\/\/www.monta\u00f1asdelaluna.es\/wp-content\/uploads\/2020\/05\/de-izquierda-a-derecha-sierra-del-maigmo-despenador-en-el-centro-sierra-de-castalla-y-detras-de-esta-los-dos-piquitos-de-la-sierra-del-cid-abajo-inmediaciones-de-onil.jpg\" alt=\"De izquierda a derecha Sierra del Maigm\u00f3, Despe\u00f1ador en el centro, Sierra de Castalla y detr\u00e1s de \u00e9sta los dos piquitos de la Sierra del Cid. Abajo inmediaciones de Onil\" width=\"1804\" height=\"1221\" srcset=\"https:\/\/www.monta\u00f1asdelaluna.es\/wp-content\/uploads\/2020\/05\/de-izquierda-a-derecha-sierra-del-maigmo-despenador-en-el-centro-sierra-de-castalla-y-detras-de-esta-los-dos-piquitos-de-la-sierra-del-cid-abajo-inmediaciones-de-onil.jpg 1804w, https:\/\/www.monta\u00f1asdelaluna.es\/wp-content\/uploads\/2020\/05\/de-izquierda-a-derecha-sierra-del-maigmo-despenador-en-el-centro-sierra-de-castalla-y-detras-de-esta-los-dos-piquitos-de-la-sierra-del-cid-abajo-inmediaciones-de-onil-300x203.jpg 300w, https:\/\/www.monta\u00f1asdelaluna.es\/wp-content\/uploads\/2020\/05\/de-izquierda-a-derecha-sierra-del-maigmo-despenador-en-el-centro-sierra-de-castalla-y-detras-de-esta-los-dos-piquitos-de-la-sierra-del-cid-abajo-inmediaciones-de-onil-1024x693.jpg 1024w\" sizes=\"auto, (max-width: 1804px) 100vw, 1804px\" \/><\/a><p id=\"caption-attachment-43458\" class=\"wp-caption-text\">De izquierda a derecha Sierra del Maigm\u00f3, Despe\u00f1ador en el centro, Sierra de Castalla y detr\u00e1s de \u00e9sta los dos piquitos de la Sierra del Cid. Abajo inmediaciones de Onil<\/p><\/div>\n<div id=\"attachment_43457\" style=\"width: 1034px\" class=\"wp-caption aligncenter\"><a class=\"dt-single-image\" href=\"https:\/\/www.monta\u00f1asdelaluna.es\/wp-content\/uploads\/2020\/05\/al-fondo-el-reconc-en-el-centro-desde-la-cima-del-cenarosa-a-la-derecha-el-alt-de-la-creu.jpg\" data-dt-img-description=\"\"><img loading=\"lazy\" decoding=\"async\" aria-describedby=\"caption-attachment-43457\" class=\"wp-image-43457 size-large\" src=\"https:\/\/www.monta\u00f1asdelaluna.es\/wp-content\/uploads\/2020\/05\/al-fondo-el-reconc-en-el-centro-desde-la-cima-del-cenarosa-a-la-derecha-el-alt-de-la-creu-1024x691.jpg\" alt=\"Al fondo el Reconc en el centro desde la cima del Cenarosa, a la derecha el Alt de La Creu\" width=\"1024\" height=\"691\" srcset=\"https:\/\/www.monta\u00f1asdelaluna.es\/wp-content\/uploads\/2020\/05\/al-fondo-el-reconc-en-el-centro-desde-la-cima-del-cenarosa-a-la-derecha-el-alt-de-la-creu-1024x691.jpg 1024w, https:\/\/www.monta\u00f1asdelaluna.es\/wp-content\/uploads\/2020\/05\/al-fondo-el-reconc-en-el-centro-desde-la-cima-del-cenarosa-a-la-derecha-el-alt-de-la-creu-300x202.jpg 300w, https:\/\/www.monta\u00f1asdelaluna.es\/wp-content\/uploads\/2020\/05\/al-fondo-el-reconc-en-el-centro-desde-la-cima-del-cenarosa-a-la-derecha-el-alt-de-la-creu.jpg 1810w\" sizes=\"auto, (max-width: 1024px) 100vw, 1024px\" \/><\/a><p id=\"caption-attachment-43457\" class=\"wp-caption-text\">Al fondo el Reconc en el centro desde la cima del Cenarosa, a la derecha el Alt de La Creu<\/p><\/div>\n<p>Despu\u00e9s de la caseta y balsita (que puede ser sea agua para los incendios) el camino gira hacia el sur como rodeando la monta\u00f1a que ahora queda a la izquierda. Justo enfrente tenemos el otro cordal cimero que antes nos quedaba a la derecha, ahora nos queda a la izquierda. Solo tenemos que seguir esta pista con las marcas del P.R. CV-55 que seguir\u00e1 paralelo a la alineaci\u00f3n de la sierra hacia el suroeste, despu\u00e9s de un giro y curva en un colladito entre la monta\u00f1ita anterior y esta de enfrente\u2026 y enseguida llegamos al lugar de Fontalbres cuando a la izquierda descubrimos la larga loma en ascenso del Reconc.<\/p>\n<p>Desde aqu\u00ed y hasta el coche es seguir las marcas del P.R. CV-55 sin desviarnos, seguimos desandando el camino realizado hasta la misma Font o Fonteta de Soriano. Las laderas del Reconc quedar\u00e1n ahora a nuestra izquierda, y caminaremos bajo su sombra, por su cara norte. Seguimos pues la pista en la que a la derecha quedar\u00e1 los campos de labor, bancales, construcciones, edificios, vallecillo o llano de Fontalbres, Mas Camarasa, Mas Soler, Mas Bovo\u2026 y a nuestra derecha el espeso y precioso bosque de la ladera norte del Reconc.<\/p>\n<p>Y una vez llegados a la curva de la Fonteta de Soriano, ya no hace falta detenernos, seguimos la pista sin desviarnos por los siguientes caminos que nos salen a la derecha perpendicular a este y que siguen acabando en casas de campo y tierras de labor\u2026 el \u00faltimo camino a la derecha que nos acerca a una casa cercana, Mas de Bovo, parece estar ubicada en un llano que hace de collado: al este el valle de Fontalbres con el resto de casas y mas\u00edas antes nombradas, como un lugar diferenciado bajo las laderas altas y boscosas del Reconc, y al otro lado m\u00e1s vertientes y laderas que bajan hasta las ramblas y barrancos que desembocan o derivan en la Rambla del Pinar ya nombrada en el relato de la Sierra de La Fontanella desde Biar.<\/p>\n<div id=\"attachment_43459\" style=\"width: 1811px\" class=\"wp-caption aligncenter\"><a class=\"dt-single-image\" href=\"https:\/\/www.monta\u00f1asdelaluna.es\/wp-content\/uploads\/2020\/05\/delante-la-cima-del-reconc.jpg\" data-dt-img-description=\"\"><img loading=\"lazy\" decoding=\"async\" aria-describedby=\"caption-attachment-43459\" class=\"wp-image-43459 size-full\" src=\"https:\/\/www.monta\u00f1asdelaluna.es\/wp-content\/uploads\/2020\/05\/delante-la-cima-del-reconc.jpg\" alt=\"Delante la cima del Reconc\" width=\"1801\" height=\"1218\" srcset=\"https:\/\/www.monta\u00f1asdelaluna.es\/wp-content\/uploads\/2020\/05\/delante-la-cima-del-reconc.jpg 1801w, https:\/\/www.monta\u00f1asdelaluna.es\/wp-content\/uploads\/2020\/05\/delante-la-cima-del-reconc-300x203.jpg 300w, https:\/\/www.monta\u00f1asdelaluna.es\/wp-content\/uploads\/2020\/05\/delante-la-cima-del-reconc-1024x693.jpg 1024w\" sizes=\"auto, (max-width: 1801px) 100vw, 1801px\" \/><\/a><p id=\"caption-attachment-43459\" class=\"wp-caption-text\">Delante la cima del Reconc<\/p><\/div>\n<p>Justo pocos pasos m\u00e1s adelante la pista forma un cruce con la carreterilla asfaltada que sube a la cima del Reconc y con otras sendas; nos sonar\u00e1 este sitio: justo aqu\u00ed a la ida despu\u00e9s de salir del Santuario de La Mare de D\u00e9u de Gr\u00e0cia de Biar, fue donde dejamos de seguir el P.R. CV-55 para subir por sendas y caminos de herraduras a la cima del nombrado pico. Pues bien; nosotros debemos seguir las marcas y se\u00f1ales del P.R. CV-55 con lo que a partir de este punto ya estaremos desandando lo recorrido desde el comienzo de la marcha: Seguimos en direcci\u00f3n oeste por el filo del cordal que sale ahora y que baja de la misma cima del Reconc, por una senda bien se\u00f1alizada. Pasamos despu\u00e9s por debajo de las torres de electricidad, como al comienzo, y pocos pasos m\u00e1s de bajada sin desviarnos del P.R. CV-55, y en bajada, llegamos a las puertas del Santuario de La Mare de D\u00e9u de Gr\u00e0cia ya en las afueras de Biar y donde hemos dejado el coche. No debe de haber p\u00e9rdida.<\/p>\n<p>De esta manera finalizamos una estupenda actividad por las cimas m\u00e1s altas de la Sierra del Reconc o d\u2019Onil, el Reconc de 1.206 mts., el Alt de La Creu, 1.192 mts y el Cenarosa de 1.210 mts. en las que realmente el protagonista son las vistas al resto de monta\u00f1as y el verdor de la sierra, con esa estupenda frondosidad del cuidado Pinar de Cam\u00fas y la vida de la zona de Fontalbres. Paisajes y naturalezas que recorreremos seg\u00fan pasemos por los diferentes rincones de la ruta; parte de esa Senda Bot\u00e1nica y las laderas machacadas de caminos del Cenarosa, acabando en esa cruz de piedra como se\u00f1al del final de nuestro recorrido y su vuelta. Siempre han sido monta\u00f1as que me han llamado la atenci\u00f3n por su naturaleza, vida y tranquilidad, a caballo entre las comarcas de L\u2019Alcoi\u00e0 y el Alto Vinalop\u00f3.<\/p>\n<div id=\"attachment_42214\" style=\"width: 831px\" class=\"wp-caption aligncenter\"><a class=\"dt-single-image\" href=\"https:\/\/www.monta\u00f1asdelaluna.es\/wp-content\/uploads\/1995\/04\/CentroVerdeJunio95-1-001.web_.jpg\" data-dt-img-description=\"\"><img loading=\"lazy\" decoding=\"async\" aria-describedby=\"caption-attachment-42214\" class=\"wp-image-42214 \" src=\"https:\/\/www.monta\u00f1asdelaluna.es\/wp-content\/uploads\/1995\/04\/CentroVerdeJunio95-1-001.web_.jpg\" alt=\"Portada Centro Verde Junio 95\" width=\"821\" height=\"1152\" srcset=\"https:\/\/www.monta\u00f1asdelaluna.es\/wp-content\/uploads\/1995\/04\/CentroVerdeJunio95-1-001.web_.jpg 1233w, https:\/\/www.monta\u00f1asdelaluna.es\/wp-content\/uploads\/1995\/04\/CentroVerdeJunio95-1-001.web_-214x300.jpg 214w, https:\/\/www.monta\u00f1asdelaluna.es\/wp-content\/uploads\/1995\/04\/CentroVerdeJunio95-1-001.web_-730x1024.jpg 730w\" sizes=\"auto, (max-width: 821px) 100vw, 821px\" \/><\/a><p id=\"caption-attachment-42214\" class=\"wp-caption-text\">Portada Centro Verde Junio 95<\/p><\/div>\n<div id=\"attachment_43572\" style=\"width: 832px\" class=\"wp-caption aligncenter\"><a class=\"dt-single-image\" href=\"https:\/\/www.monta\u00f1asdelaluna.es\/wp-content\/uploads\/2006\/09\/Centroverde-junio95-04-001.web_.jpg\" data-dt-img-description=\"\"><img loading=\"lazy\" decoding=\"async\" aria-describedby=\"caption-attachment-43572\" class=\"wp-image-43572 \" src=\"https:\/\/www.monta\u00f1asdelaluna.es\/wp-content\/uploads\/2006\/09\/Centroverde-junio95-04-001.web_.jpg\" alt=\"Centro Verde junio 95, p\u00e1gina 10\" width=\"822\" height=\"1174\" srcset=\"https:\/\/www.monta\u00f1asdelaluna.es\/wp-content\/uploads\/2006\/09\/Centroverde-junio95-04-001.web_.jpg 1280w, https:\/\/www.monta\u00f1asdelaluna.es\/wp-content\/uploads\/2006\/09\/Centroverde-junio95-04-001.web_-210x300.jpg 210w, https:\/\/www.monta\u00f1asdelaluna.es\/wp-content\/uploads\/2006\/09\/Centroverde-junio95-04-001.web_-717x1024.jpg 717w\" sizes=\"auto, (max-width: 822px) 100vw, 822px\" \/><\/a><p id=\"caption-attachment-43572\" class=\"wp-caption-text\">Centro Verde junio 95, p\u00e1gina 10<\/p><\/div>\n<div id=\"attachment_43573\" style=\"width: 831px\" class=\"wp-caption aligncenter\"><a class=\"dt-single-image\" href=\"https:\/\/www.monta\u00f1asdelaluna.es\/wp-content\/uploads\/2006\/09\/Centroverde-junio95-05-001.web_.jpg\" data-dt-img-description=\"\"><img loading=\"lazy\" decoding=\"async\" aria-describedby=\"caption-attachment-43573\" class=\"wp-image-43573 \" src=\"https:\/\/www.monta\u00f1asdelaluna.es\/wp-content\/uploads\/2006\/09\/Centroverde-junio95-05-001.web_.jpg\" alt=\"Centro Verde junio 95, p\u00e1gina 11\" width=\"821\" height=\"1187\" srcset=\"https:\/\/www.monta\u00f1asdelaluna.es\/wp-content\/uploads\/2006\/09\/Centroverde-junio95-05-001.web_.jpg 1253w, https:\/\/www.monta\u00f1asdelaluna.es\/wp-content\/uploads\/2006\/09\/Centroverde-junio95-05-001.web_-208x300.jpg 208w, https:\/\/www.monta\u00f1asdelaluna.es\/wp-content\/uploads\/2006\/09\/Centroverde-junio95-05-001.web_-708x1024.jpg 708w\" sizes=\"auto, (max-width: 821px) 100vw, 821px\" \/><\/a><p id=\"caption-attachment-43573\" class=\"wp-caption-text\">Centro Verde junio 95, p\u00e1gina 11<\/p><\/div>\n<p>Texto sacado del art\u00edculo LAS COMARCAS DE ALICANTE Y SUS MONTA\u00d1AS: LAS SIERRAS DEL ALTO VINALOP\u00d3 escrito con el mismo t\u00edtulo en el n\u00famero 9 de la desaparecida revista Centro Verde del Centro Excursionista Almorad\u00ed, en junio de 1.995:<\/p>\n<p><span style=\"color: #ff0000;\">Subida al Cenarosa.<\/span><\/p>\n<p><span style=\"color: #ff0000;\">\u00a0\u00a0\u00a0\u00a0\u00a0 Despu\u00e9s de La Blasca la mayor\u00eda de los picos restantes son muy f\u00e1ciles, con poco desnivel o hasta su cumbre llega una carretera o camino. Pero el Cenarosa a pesar de su poco desnivel desde el lugar donde se sube, es un pico que su mayor atractivo es su soledad y el paisaje que se divisa desde \u00e9l. Desde la carretera Onil-Ba\u00f1eres que pasa por la parte sureste de la Sierra del Reconc o d\u2019Onil, despu\u00e9s del kil\u00f3metro 7, se para en un lugar llamado Casas de Galindo o Granja. A la vera sureste del pico Cenarosa, desde aqu\u00ed hay un camino que nos sube por la ladera del pico. Se deja el coche en el lugar indicado y se subimos por este camino hasta que termina a 100 mts. del pico. Campo a trav\u00e9s llegamos al pico.<\/span><\/p>\n<p><span style=\"color: #ff0000;\">\u00a0\u00a0\u00a0\u00a0\u00a0 El Cenarosa tiene 1.210 mts. y es la parte m\u00e1s al norte as\u00ed como el pico m\u00e1s alto de la Sierra del Reconc o d\u2019Onil en el l\u00edmite entre Ba\u00f1eres y Onil, entre el Alto Vinalop\u00f3 y la Hoya de Castalla. Para bajar se sigue el mismo camino, o si sobra tiempo se puede dar un rodeo para ver la sierra y su bosque al norte.<\/span><\/p>\n<div id=\"attachment_43645\" style=\"width: 1034px\" class=\"wp-caption aligncenter\"><a class=\"dt-single-image\" href=\"https:\/\/www.monta\u00f1asdelaluna.es\/wp-content\/uploads\/2020\/05\/bajando-a-biar.jpg\" data-dt-img-description=\"\"><img loading=\"lazy\" decoding=\"async\" aria-describedby=\"caption-attachment-43645\" class=\"wp-image-43645 size-large\" src=\"https:\/\/www.monta\u00f1asdelaluna.es\/wp-content\/uploads\/2020\/05\/bajando-a-biar-1024x681.jpg\" alt=\"Bajando a Biar\" width=\"1024\" height=\"681\" srcset=\"https:\/\/www.monta\u00f1asdelaluna.es\/wp-content\/uploads\/2020\/05\/bajando-a-biar-1024x681.jpg 1024w, https:\/\/www.monta\u00f1asdelaluna.es\/wp-content\/uploads\/2020\/05\/bajando-a-biar-300x200.jpg 300w, https:\/\/www.monta\u00f1asdelaluna.es\/wp-content\/uploads\/2020\/05\/bajando-a-biar.jpg 1819w\" sizes=\"auto, (max-width: 1024px) 100vw, 1024px\" \/><\/a><p id=\"caption-attachment-43645\" class=\"wp-caption-text\">Bajando a Biar<\/p><\/div>\n<p>Texto sacado de la actividad Conoce Las Monta\u00f1as de Alicante y Entorno realizada en el a\u00f1o 2.006 con el Centro Excursionista Almorad\u00ed:<\/p>\n<p><span style=\"color: #ff0000;\">-RECONC:<\/span><br \/>\n<span style=\"color: #ff0000;\">\u00a0\u00a0\u00a0\u00a0 \u00c9ste oto\u00f1o pasado visitamos dos veces (la \u00faltima en el Mes del Monta\u00f1ismo) la boscosa y bien cuidada Sierra del Reconc tambi\u00e9n llamada de Onil. Desde la Ermita de la Virgen de La Salud <span style=\"color: #000000;\">(Santuario de La Mare de D\u00e9u de Gr\u00e0cia)<\/span> subimos por sendas y caminos hasta las antenas ubicadas en lo m\u00e1s alto donde los pinos dejan de elevarse. En el Reconc (1.210 mts.) <span style=\"color: #000000;\">(1.206 mts.)<\/span> un puesto de vigilancia permanente contra incendios y un guarda nos saludan a nuestra llegada. Siguiendo el perfil de la verde sierra hacia el norte llegamos a otra alta culminaci\u00f3n: El Cenarosa (1.209 mts.) <span style=\"color: #000000;\">(1.210 mts.)<\/span> alejado y solitario frente a Ba\u00f1eres de Mariola y La Blasca en la hermana Sierra de La Fontanella. Lugares muy verdes y bonitos dignos de visitar, con su original Sendero Bot\u00e1nico.<\/span><\/p>\n<div id=\"attachment_43568\" style=\"width: 1172px\" class=\"wp-caption aligncenter\"><a class=\"dt-single-image\" href=\"https:\/\/www.monta\u00f1asdelaluna.es\/wp-content\/uploads\/2006\/09\/REconcCenarosaParte2.Croquis.web_.jpg\" data-dt-img-description=\"\"><img loading=\"lazy\" decoding=\"async\" aria-describedby=\"caption-attachment-43568\" class=\"wp-image-43568 size-full\" src=\"https:\/\/www.monta\u00f1asdelaluna.es\/wp-content\/uploads\/2006\/09\/REconcCenarosaParte2.Croquis.web_.jpg\" alt=\"2\u00ba parte del recorrido entre Biar y el Cenarosa, comenzando en el cruce de Fontalbres. PUNTO ROJO. Cruz del Cenarosa. LINEA AZUL CLARO: subida al Alt de La Creu m\u00e1s bajo.\" width=\"1162\" height=\"692\" srcset=\"https:\/\/www.monta\u00f1asdelaluna.es\/wp-content\/uploads\/2006\/09\/REconcCenarosaParte2.Croquis.web_.jpg 1162w, https:\/\/www.monta\u00f1asdelaluna.es\/wp-content\/uploads\/2006\/09\/REconcCenarosaParte2.Croquis.web_-300x179.jpg 300w, https:\/\/www.monta\u00f1asdelaluna.es\/wp-content\/uploads\/2006\/09\/REconcCenarosaParte2.Croquis.web_-1024x610.jpg 1024w\" sizes=\"auto, (max-width: 1162px) 100vw, 1162px\" \/><\/a><p id=\"caption-attachment-43568\" class=\"wp-caption-text\">2\u00ba parte del recorrido entre Biar y el Cenarosa, comenzando en el cruce de Fontalbres. PUNTO ROJO. Cruz del Cenarosa. LINEA AZUL CLARO: subida al Alt de La Creu m\u00e1s bajo.<\/p><\/div>\n<p>[vc_separator][\/vc_column_text][\/vc_column][\/vc_row][vc_row][vc_column][vc_empty_space height=\u00bb60px\u00bb][\/vc_column][\/vc_row][vc_row][vc_column][vc_cta h2=\u00bb\u00c1lbum de fotos\u00bb txt_align=\u00bbcenter\u00bb add_button=\u00bbbottom\u00bb btn_title=\u00bbVer fotos\u00bb btn_color=\u00bbwarning\u00bb btn_align=\u00bbcenter\u00bb btn_link=\u00bburl:https%3A%2F%2Fmonta%C3%B1asdelaluna.es%2F%3Fdt_gallery%3Dsierra-del-reconc-o-donil-2|title:Sierra%20del%20Reconc%20o%20d%E2%80%99Onil|target:_blank\u00bb css=\u00bb.vc_custom_1626042621080{background-color: #8bc4ed !important;}\u00bb]Puedes ver todas las fotos del relato y actividad en forma de presentaci\u00f3n o individuales pinchando aqui \u00a1No te las pierdas![\/vc_cta][vc_empty_space][vc_cta h2=\u00bb\u00c1lbum de fotos\u00bb txt_align=\u00bbcenter\u00bb add_button=\u00bbbottom\u00bb btn_title=\u00bbVer fotos\u00bb btn_color=\u00bbwarning\u00bb btn_align=\u00bbcenter\u00bb btn_link=\u00bburl:https%3A%2F%2Fmonta%C3%B1asdelaluna.es%2F%3Fdt_gallery%3Dsubida-al-reconc-desde-biar-2|title:Subida%20al%20Reconc%20desde%20Biar|target:_blank\u00bb css=\u00bb.vc_custom_1626042641688{background-color: #8bc4ed !important;}\u00bb]Puedes ver las fotos Subida al Reconc desde Biar, realizadas el d\u00eda 5-noviembre-2.006, en forma de presentaci\u00f3n o individuales pinchando aqui \u00a1No te las pierdas![\/vc_cta][\/vc_column][\/vc_row][vc_row][vc_column][vc_empty_space height=\u00bb60px\u00bb][\/vc_column][\/vc_row][vc_row][vc_column width=\u00bb1\/3&#8243;][\/vc_column][vc_column width=\u00bb1\/2&#8243;][vc_raw_html]JTNDaWZyYW1lJTIwc3JjJTNEJTIyaHR0cHMlM0ElMkYlMkZ3d3cubWV0ZW9ibHVlLmNvbSUyRmVzJTJGdGllbXBvJTJGd2lkZ2V0JTJGZGFpbHklMkZiaWFyX2VzcGElMjVjMyUyNWIxYV8yNTIwOTY0JTNGZ2VvbG9jJTNEZml4ZWQlMjZkYXlzJTNENyUyNnRlbXB1bml0JTNEQ0VMU0lVUyUyNndpbmR1bml0JTNES0lMT01FVEVSX1BFUl9IT1VSJTI2cHJlY2lwdW5pdCUzRE1JTExJTUVURVIlMjZjb2xvdXJlZCUzRGNvbG91cmVkJTI2cGljdG9pY29uJTNEMCUyNnBpY3RvaWNvbiUzRDElMjZtYXh0ZW1wZXJhdHVyZSUzRDAlMjZtYXh0ZW1wZXJhdHVyZSUzRDElMjZtaW50ZW1wZXJhdHVyZSUzRDAlMjZtaW50ZW1wZXJhdHVyZSUzRDElMjZ3aW5kc3BlZWQlM0QwJTI2d2luZHNwZWVkJTNEMSUyNndpbmRndXN0JTNEMCUyNndpbmRndXN0JTNEMSUyNndpbmRkaXJlY3Rpb24lM0QwJTI2d2luZGRpcmVjdGlvbiUzRDElMjZ1diUzRDAlMjZodW1pZGl0eSUzRDAlMjZwcmVjaXBpdGF0aW9uJTNEMCUyNnByZWNpcGl0YXRpb24lM0QxJTI2cHJlY2lwaXRhdGlvbnByb2JhYmlsaXR5JTNEMCUyNnByZWNpcGl0YXRpb25wcm9iYWJpbGl0eSUzRDElMjZzcG90JTNEMCUyNnNwb3QlM0QxJTI2cHJlc3N1cmUlM0QwJTI2cHJlc3N1cmUlM0QxJTI2bGF5b3V0JTNEbGlnaHQlMjIlMjAlMjBmcmFtZWJvcmRlciUzRCUyMjAlMjIlMjBzY3JvbGxpbmclM0QlMjJOTyUyMiUyMGFsbG93dHJhbnNwYXJlbmN5JTNEJTIydHJ1ZSUyMiUyMHNhbmRib3glM0QlMjJhbGxvdy1zYW1lLW9yaWdpbiUyMGFsbG93LXNjcmlwdHMlMjBhbGxvdy1wb3B1cHMlMjBhbGxvdy1wb3B1cHMtdG8tZXNjYXBlLXNhbmRib3glMjIlMjBzdHlsZSUzRCUyMndpZHRoJTNBJTIwMzc4cHglM0IlMjBoZWlnaHQlM0ElMjA0MTNweCUyMiUzRSUzQyUyRmlmcmFtZSUzRSUzQ2RpdiUzRSUzQyUyMS0tJTIwRE8lMjBOT1QlMjBSRU1PVkUlMjBUSElTJTIwTElOSyUyMC0tJTNFJTNDYSUyMGhyZWYlM0QlMjJodHRwcyUzQSUyRiUyRnd3dy5tZXRlb2JsdWUuY29tJTJGZXMlMkZ0aWVtcG8lMkZzZW1hbmElMkZiaWFyX2VzcGElMjVjMyUyNWIxYV8yNTIwOTY0JTNGdXRtX3NvdXJjZSUzRHdlYXRoZXJfd2lkZ2V0JTI2dXRtX21lZGl1bSUzRGxpbmt1cyUyNnV0bV9jb250ZW50JTNEZGFpbHklMjZ1dG1fY2FtcGFpZ24lM0RXZWF0aGVyJTI1MkJXaWRnZXQlMjIlMjB0YXJnZXQlM0QlMjJfYmxhbmslMjIlM0VtZXRlb2JsdWUlM0MlMkZhJTNFJTNDJTJGZGl2JTNF[\/vc_raw_html][\/vc_column][vc_column width=\u00bb1\/5&#8243;][\/vc_column][\/vc_row]<\/p>\n","protected":false},"excerpt":{"rendered":"<p>[vc_row][vc_column][vc_column_text]Despu\u00e9s de visitar en varias ocasiones la Sierra del Reconc y la Sierra de La Fontanella, subiendo el pico m\u00e1s relevante o conocido del conjunto de sierras, que es el Reconc, una idea surgi\u00f3 ante el reconocimiento de que no hab\u00edamos subida todas las cimas o c\u00faspides de las sierras. Nos faltaba, o me faltaba,&hellip;<\/p>\n","protected":false},"author":1,"featured_media":43459,"comment_status":"open","ping_status":"open","sticky":false,"template":"","format":"standard","meta":[],"categories":[94],"tags":[],"class_list":["post-43564","post","type-post","status-publish","format-standard","has-post-thumbnail","hentry","category-resto-de-alicante","category-94","description-off"],"_links":{"self":[{"href":"https:\/\/www.monta\u00f1asdelaluna.es\/index.php?rest_route=\/wp\/v2\/posts\/43564","targetHints":{"allow":["GET"]}}],"collection":[{"href":"https:\/\/www.monta\u00f1asdelaluna.es\/index.php?rest_route=\/wp\/v2\/posts"}],"about":[{"href":"https:\/\/www.monta\u00f1asdelaluna.es\/index.php?rest_route=\/wp\/v2\/types\/post"}],"author":[{"embeddable":true,"href":"https:\/\/www.monta\u00f1asdelaluna.es\/index.php?rest_route=\/wp\/v2\/users\/1"}],"replies":[{"embeddable":true,"href":"https:\/\/www.monta\u00f1asdelaluna.es\/index.php?rest_route=%2Fwp%2Fv2%2Fcomments&post=43564"}],"version-history":[{"count":14,"href":"https:\/\/www.monta\u00f1asdelaluna.es\/index.php?rest_route=\/wp\/v2\/posts\/43564\/revisions"}],"predecessor-version":[{"id":43571,"href":"https:\/\/www.monta\u00f1asdelaluna.es\/index.php?rest_route=\/wp\/v2\/posts\/43564\/revisions\/43571"}],"wp:featuredmedia":[{"embeddable":true,"href":"https:\/\/www.monta\u00f1asdelaluna.es\/index.php?rest_route=\/wp\/v2\/media\/43459"}],"wp:attachment":[{"href":"https:\/\/www.monta\u00f1asdelaluna.es\/index.php?rest_route=%2Fwp%2Fv2%2Fmedia&parent=43564"}],"wp:term":[{"taxonomy":"category","embeddable":true,"href":"https:\/\/www.monta\u00f1asdelaluna.es\/index.php?rest_route=%2Fwp%2Fv2%2Fcategories&post=43564"},{"taxonomy":"post_tag","embeddable":true,"href":"https:\/\/www.monta\u00f1asdelaluna.es\/index.php?rest_route=%2Fwp%2Fv2%2Ftags&post=43564"}],"curies":[{"name":"wp","href":"https:\/\/api.w.org\/{rel}","templated":true}]}}