{"id":43883,"date":"2002-02-17T07:18:19","date_gmt":"2002-02-17T07:18:19","guid":{"rendered":"http:\/\/monta\u00f1asdelaluna.com\/?p=43883"},"modified":"2021-08-19T07:39:51","modified_gmt":"2021-08-19T07:39:51","slug":"san-bernardo-y-pico-del-aguila-en-la-sierra-de-callosa","status":"publish","type":"post","link":"https:\/\/www.monta\u00f1asdelaluna.es\/?p=43883","title":{"rendered":"San Bernardo y Pico del \u00c1guila en la Sierra de Callosa"},"content":{"rendered":"<p>[vc_row][vc_column][vc_column_text]En el invierno del 2.002 nos acercamos a la Sierra de Callosa para realizar otro de sus emocionantes y estupendos recorridos ascendiendo y visitando su cima m\u00e1s alta, el Pico del \u00c1guila, y el escarpado San Bernardo.<\/p>\n<p>Como el recorrido realizado en este relato ya est\u00e1 descrito en las anteriores descripciones ya publicadas, para no reiterarme, os lo ir\u00e9 contando, mencionando dichas publicaciones en las que podr\u00e9is verificar los detalles y condiciones a cada paso de la ruta; y de esta manera no extenderme demasiado con cada relato.<\/p>\n<p>La idea ser\u00eda subir o visitar las cimas del Pico del \u00c1guila y el San Bernardo siguiendo partes de las rutas o recorridos descritos en el resto de relatos como ya he comentado, de forma que hacemos una combinaci\u00f3n de sendas y trazas. Para comenzar haremos el mismo recorrido que en <a href=\"https:\/\/www.monta\u00f1asdelaluna.es\/?p=24920\" target=\"_blank\" rel=\"noopener\">Sierra de Callosa. La joya de la Vega baja.<\/a> La subida la realizaremos desde la Ermita de La Pilarica por el barranco o rambla que sube a La Plana. El d\u00eda, como muchos en esta parte del planeta, es magn\u00edfico y soleado, suerte de estar en invierno con algo de fresco para no pasar un calor excesivo en la actividad. Como siempre, emocionante y simp\u00e1tica la subida por esas paredes del fondo del barranco que sube a La Plana. Una delicia para cualquier iniciado en la monta\u00f1a.<\/p>\n<div id=\"attachment_43872\" style=\"width: 1034px\" class=\"wp-caption aligncenter\"><a class=\"dt-single-image\" href=\"https:\/\/www.monta\u00f1asdelaluna.es\/wp-content\/uploads\/2020\/06\/delante-jesus-subiendo-al-cordal-entre-la-cruz-de-enmedio-y-el-san-bernardo.jpg\" data-dt-img-description=\"\"><img loading=\"lazy\" decoding=\"async\" aria-describedby=\"caption-attachment-43872\" class=\"wp-image-43872 size-large\" src=\"https:\/\/www.monta\u00f1asdelaluna.es\/wp-content\/uploads\/2020\/06\/delante-jesus-subiendo-al-cordal-entre-la-cruz-de-enmedio-y-el-san-bernardo-1024x670.jpg\" alt=\"Delante Jes\u00fas subiendo al cordal entre la Cruz de Enmedio y el San Bernardo\" width=\"1024\" height=\"670\" srcset=\"https:\/\/www.monta\u00f1asdelaluna.es\/wp-content\/uploads\/2020\/06\/delante-jesus-subiendo-al-cordal-entre-la-cruz-de-enmedio-y-el-san-bernardo-1024x670.jpg 1024w, https:\/\/www.monta\u00f1asdelaluna.es\/wp-content\/uploads\/2020\/06\/delante-jesus-subiendo-al-cordal-entre-la-cruz-de-enmedio-y-el-san-bernardo-300x196.jpg 300w, https:\/\/www.monta\u00f1asdelaluna.es\/wp-content\/uploads\/2020\/06\/delante-jesus-subiendo-al-cordal-entre-la-cruz-de-enmedio-y-el-san-bernardo.jpg 1839w\" sizes=\"auto, (max-width: 1024px) 100vw, 1024px\" \/><\/a><p id=\"caption-attachment-43872\" class=\"wp-caption-text\">Delante Jes\u00fas subiendo al cordal entre la Cruz de Enmedio y el San Bernardo<\/p><\/div>\n<div id=\"attachment_43873\" style=\"width: 831px\" class=\"wp-caption aligncenter\"><a class=\"dt-single-image\" href=\"https:\/\/www.monta\u00f1asdelaluna.es\/wp-content\/uploads\/2020\/06\/atras-queda-el-san-bernardo-delante-jesus.jpg\" data-dt-img-description=\"\"><img loading=\"lazy\" decoding=\"async\" aria-describedby=\"caption-attachment-43873\" class=\"wp-image-43873 \" src=\"https:\/\/www.monta\u00f1asdelaluna.es\/wp-content\/uploads\/2020\/06\/atras-queda-el-san-bernardo-delante-jesus.jpg\" alt=\"Atr\u00e1s queda el San Bernardo, delante Jes\u00fas\" width=\"821\" height=\"1237\" srcset=\"https:\/\/www.monta\u00f1asdelaluna.es\/wp-content\/uploads\/2020\/06\/atras-queda-el-san-bernardo-delante-jesus.jpg 1214w, https:\/\/www.monta\u00f1asdelaluna.es\/wp-content\/uploads\/2020\/06\/atras-queda-el-san-bernardo-delante-jesus-199x300.jpg 199w, https:\/\/www.monta\u00f1asdelaluna.es\/wp-content\/uploads\/2020\/06\/atras-queda-el-san-bernardo-delante-jesus-680x1024.jpg 680w\" sizes=\"auto, (max-width: 821px) 100vw, 821px\" \/><\/a><p id=\"caption-attachment-43873\" class=\"wp-caption-text\">Atr\u00e1s queda el San Bernardo, delante Jes\u00fas<\/p><\/div>\n<p>Siguiendo el mismo recorrido del relato mencionado y una vez hemos llegado a la cima del San Bernardo, a 454 mts., escalando por su emocionante y algo vertiginosa pared de la famosa V, decidimos desandar el camino y no bajar a Callosa de Segura a\u00fan, como en el nombrado relato. De esta forma hacemos de nuevo toda la cresta o brazo que une La Cruz de Enmedio con el espectacular San Bernardo, destrepando o pasando de nuevo por la V y su pared, pero esta vez en bajada, m\u00e1s emocionante si cabe. Ahora seguimos los pasos relatados en <a href=\"https:\/\/www.monta\u00f1asdelaluna.es\/?p=35722\" target=\"_blank\" rel=\"noopener\">San Bernardo en la Sierra de Callosa<\/a>, cuando despu\u00e9s de subir (o intentarlo) la escarpada cima del San Bernardo, volvemos a la cima m\u00e1s alta de la sierra, al Pico del \u00c1guila.<\/p>\n<p>Una vez llegados al punto donde hab\u00edamos subido al lomo del cordal entre el San Bernardo y La Cruz de Enmedio, seguiremos de nuevo las marcas del P.R. pero esta vez en subida, hacia la cima de la cercana Cruz de Enmedio, 554 mts. De forma que subimos hasta la nombrada cima, y seguimos la medio planicie, pasando por el nuevo Refugio vivac construido en la misma cumbre, hasta la cima o pico m\u00e1s alto de la sierra, el Pico del \u00c1guila a 572 mts. de altura.<\/p>\n<p>El sol nos cae incesante en esta ma\u00f1ana de invierno en la Vega Baja del Segura, pero no nos llega a quemar. Buen clima y ambiente en el numeroso grupo de amigos y monta\u00f1eros que nos hemos reunido aqu\u00ed para realizar esta actividad. Ahora toca almorzar y disfrutar de las an\u00e9cdotas y charlas que contamos, as\u00ed como de ese paisaje dominado por los bancales y huertas de la Vega Baja que rodean la sierra como si ya no tuviera escapatoria, y de esa bruma, calima que generan los climas sub\u00e1ridos por el calor, el polvo o la meteorolog\u00eda, que hace invisible gran parte del mismo paisaje&#8230; Despu\u00e9s ya solo queda bajar hasta el coche y tomarnos alguna cerveza en un bar de Callosa.<\/p>\n<div id=\"attachment_43876\" style=\"width: 831px\" class=\"wp-caption aligncenter\"><a class=\"dt-single-image\" href=\"https:\/\/www.monta\u00f1asdelaluna.es\/wp-content\/uploads\/2020\/06\/bajando-de-la-cruz-de-enmedio-arriba-queda-el-refugio-vivac.jpg\" data-dt-img-description=\"\"><img loading=\"lazy\" decoding=\"async\" aria-describedby=\"caption-attachment-43876\" class=\"wp-image-43876 \" src=\"https:\/\/www.monta\u00f1asdelaluna.es\/wp-content\/uploads\/2020\/06\/bajando-de-la-cruz-de-enmedio-arriba-queda-el-refugio-vivac.jpg\" alt=\"Bajando de La Cruz de Enmedio. Arriba queda el refugio vivac\" width=\"821\" height=\"1238\" srcset=\"https:\/\/www.monta\u00f1asdelaluna.es\/wp-content\/uploads\/2020\/06\/bajando-de-la-cruz-de-enmedio-arriba-queda-el-refugio-vivac.jpg 1214w, https:\/\/www.monta\u00f1asdelaluna.es\/wp-content\/uploads\/2020\/06\/bajando-de-la-cruz-de-enmedio-arriba-queda-el-refugio-vivac-199x300.jpg 199w, https:\/\/www.monta\u00f1asdelaluna.es\/wp-content\/uploads\/2020\/06\/bajando-de-la-cruz-de-enmedio-arriba-queda-el-refugio-vivac-679x1024.jpg 679w\" sizes=\"auto, (max-width: 821px) 100vw, 821px\" \/><\/a><p id=\"caption-attachment-43876\" class=\"wp-caption-text\">Bajando de La Cruz de Enmedio. Arriba queda el refugio vivac<\/p><\/div>\n<div id=\"attachment_43878\" style=\"width: 833px\" class=\"wp-caption aligncenter\"><a class=\"dt-single-image\" href=\"https:\/\/www.monta\u00f1asdelaluna.es\/wp-content\/uploads\/2020\/06\/bajando-por-la-senda-del-abuelo-o-del-yayo-abajo-queda-callosa-de-segura.jpg\" data-dt-img-description=\"\"><img loading=\"lazy\" decoding=\"async\" aria-describedby=\"caption-attachment-43878\" class=\"wp-image-43878 \" src=\"https:\/\/www.monta\u00f1asdelaluna.es\/wp-content\/uploads\/2020\/06\/bajando-por-la-senda-del-abuelo-o-del-yayo-abajo-queda-callosa-de-segura.jpg\" alt=\"Bajando por la senda del abuelo o del yayo. Abajo queda Callosa de Segura\" width=\"823\" height=\"1234\" srcset=\"https:\/\/www.monta\u00f1asdelaluna.es\/wp-content\/uploads\/2020\/06\/bajando-por-la-senda-del-abuelo-o-del-yayo-abajo-queda-callosa-de-segura.jpg 1220w, https:\/\/www.monta\u00f1asdelaluna.es\/wp-content\/uploads\/2020\/06\/bajando-por-la-senda-del-abuelo-o-del-yayo-abajo-queda-callosa-de-segura-200x300.jpg 200w, https:\/\/www.monta\u00f1asdelaluna.es\/wp-content\/uploads\/2020\/06\/bajando-por-la-senda-del-abuelo-o-del-yayo-abajo-queda-callosa-de-segura-683x1024.jpg 683w\" sizes=\"auto, (max-width: 823px) 100vw, 823px\" \/><\/a><p id=\"caption-attachment-43878\" class=\"wp-caption-text\">Bajando por la senda del abuelo o del yayo. Abajo queda Callosa de Segura<\/p><\/div>\n<p>La bajada la haremos siguiendo las directrices de <a href=\"https:\/\/www.monta\u00f1asdelaluna.es\/?p=34232\" target=\"_blank\" rel=\"noopener\">Sierra de Callosa. Nuestro desaf\u00edo particular <\/a>utilizando la Senda de Abuelo o del yayo para acabar de nuevo en el punto de partida, en la Ermita de La Pilarica. Ya sab\u00e9is, justo cuando la loma que baja de La Cruz de Enmedio pierde su inclinaci\u00f3n y hay un peque\u00f1o espacio llano antes de comenzar o llegar al paso de la roca o del salto, nos desviamos a la izquierda, muy bien indicado, bajando por una aut\u00e9ntica y emocionante senda, la Senda del Abuelo o del yayo, ya descrita en relato nombrado. No tiene perdida. No hay otra en estos verticales y agrestes pasajes de la sierra.<\/p>\n<p>Se podr\u00eda decir que esta es como la subida al <a href=\"https:\/\/www.monta\u00f1asdelaluna.es\/?p=35722\" target=\"_blank\" rel=\"noopener\">San Bernardo<\/a> descrita en el relato publicado, pero con alguna variante; como la bajada por esta emocionante y directa Senda del Abuelo o del yayo, o el no pasar a la ida por la cima de La Cruz de Enmedio siguiendo las marcas del P.R\u2026 pero siempre emocionante y fascinante por esta escarpada, rocosa y singular Sierra de Callosa. Vale la pena rehacer los caminos y recorridos, aunque los perfiles de la monta\u00f1a no cambien, para descubrir mil y un escondite entre sus crestas, rocas y estrechos, vertiginosos pasos. Un privilegia entre huertas, es lo que tenemos los monta\u00f1eros de la Vega Baja.<\/p>\n<div id=\"attachment_43885\" style=\"width: 909px\" class=\"wp-caption aligncenter\"><a class=\"dt-single-image\" href=\"https:\/\/www.monta\u00f1asdelaluna.es\/wp-content\/uploads\/2002\/02\/SierraCallosa.sanBernardo2.croquis.jpg\" data-dt-img-description=\"\"><img loading=\"lazy\" decoding=\"async\" aria-describedby=\"caption-attachment-43885\" class=\"wp-image-43885 size-full\" src=\"https:\/\/www.monta\u00f1asdelaluna.es\/wp-content\/uploads\/2002\/02\/SierraCallosa.sanBernardo2.croquis.jpg\" alt=\"Croquis del otro recorrido subiendo el San Bernardo y Pico del \u00c1guila en la Sierra de Callosa. PUNTO ROJO: V del San Bernardo. PUNTO AMARILLO: Ermita de La Pilarica. PUNTO VERDE: Cima de La Cruz de Enmedio. LINEA AZUL CLARO: Senda del Abuelo o del Yayo. PICO CORTADO: San Bernardo.\" width=\"899\" height=\"665\" srcset=\"https:\/\/www.monta\u00f1asdelaluna.es\/wp-content\/uploads\/2002\/02\/SierraCallosa.sanBernardo2.croquis.jpg 899w, https:\/\/www.monta\u00f1asdelaluna.es\/wp-content\/uploads\/2002\/02\/SierraCallosa.sanBernardo2.croquis-300x222.jpg 300w\" sizes=\"auto, (max-width: 899px) 100vw, 899px\" \/><\/a><p id=\"caption-attachment-43885\" class=\"wp-caption-text\">Croquis del otro recorrido subiendo el San Bernardo y Pico del \u00c1guila en la Sierra de Callosa. PUNTO ROJO: V del San Bernardo. PUNTO AMARILLO: Ermita de La Pilarica. PUNTO VERDE: Cima de La Cruz de Enmedio. LINEA AZUL CLARO: Senda del Abuelo o del Yayo. PICO CORTADO: San Bernardo.<\/p><\/div>\n<p>[vc_separator][\/vc_column_text][\/vc_column][\/vc_row][vc_row][vc_column][vc_empty_space height=\u00bb60px\u00bb][\/vc_column][\/vc_row][vc_row][vc_column][vc_cta h2=\u00bb\u00c1lbum de fotos\u00bb txt_align=\u00bbcenter\u00bb add_button=\u00bbbottom\u00bb btn_title=\u00bbVer fotos\u00bb btn_color=\u00bbwarning\u00bb btn_align=\u00bbcenter\u00bb btn_link=\u00bburl:https%3A%2F%2Fmonta%C3%B1asdelaluna.es%2F%3Fdt_gallery%3Dsan-bernardo-y-pico-del-aguila-en-la-sierra-de-callosa-2|title:San%20Bernardo%20y%20Pico%20del%20%C3%81guila%20en%20la%20Sierra%20de%20Callosa|target:_blank\u00bb css=\u00bb.vc_custom_1626039481537{background-color: #8bc4ed !important;}\u00bb]Puedes ver todas las fotos del relato y actividad en forma de presentaci\u00f3n o individuales pinchando aqui \u00a1No te las pierdas![\/vc_cta][\/vc_column][\/vc_row][vc_row][vc_column][vc_empty_space height=\u00bb60px\u00bb][\/vc_column][\/vc_row][vc_row][vc_column width=\u00bb1\/3&#8243;][\/vc_column][vc_column width=\u00bb1\/2&#8243;][vc_raw_html]JTNDaWZyYW1lJTIwc3JjJTNEJTIyaHR0cHMlM0ElMkYlMkZ3d3cubWV0ZW9ibHVlLmNvbSUyRmVzJTJGdGllbXBvJTJGd2lkZ2V0JTJGZGFpbHklMkZjYWxsb3NhLWRlLXNlZ3VyYV9lc3BhJTI1YzMlMjViMWFfMjUyMDUwMiUzRmdlb2xvYyUzRGZpeGVkJTI2ZGF5cyUzRDclMjZ0ZW1wdW5pdCUzRENFTFNJVVMlMjZ3aW5kdW5pdCUzREtJTE9NRVRFUl9QRVJfSE9VUiUyNnByZWNpcHVuaXQlM0RNSUxMSU1FVEVSJTI2Y29sb3VyZWQlM0Rjb2xvdXJlZCUyNnBpY3RvaWNvbiUzRDAlMjZwaWN0b2ljb24lM0QxJTI2bWF4dGVtcGVyYXR1cmUlM0QwJTI2bWF4dGVtcGVyYXR1cmUlM0QxJTI2bWludGVtcGVyYXR1cmUlM0QwJTI2bWludGVtcGVyYXR1cmUlM0QxJTI2d2luZHNwZWVkJTNEMCUyNndpbmRzcGVlZCUzRDElMjZ3aW5kZ3VzdCUzRDAlMjZ3aW5kZ3VzdCUzRDElMjZ3aW5kZGlyZWN0aW9uJTNEMCUyNndpbmRkaXJlY3Rpb24lM0QxJTI2dXYlM0QwJTI2aHVtaWRpdHklM0QwJTI2cHJlY2lwaXRhdGlvbiUzRDAlMjZwcmVjaXBpdGF0aW9uJTNEMSUyNnByZWNpcGl0YXRpb25wcm9iYWJpbGl0eSUzRDAlMjZwcmVjaXBpdGF0aW9ucHJvYmFiaWxpdHklM0QxJTI2c3BvdCUzRDAlMjZzcG90JTNEMSUyNnByZXNzdXJlJTNEMCUyNnByZXNzdXJlJTNEMSUyNmxheW91dCUzRGxpZ2h0JTIyJTIwJTIwZnJhbWVib3JkZXIlM0QlMjIwJTIyJTIwc2Nyb2xsaW5nJTNEJTIyTk8lMjIlMjBhbGxvd3RyYW5zcGFyZW5jeSUzRCUyMnRydWUlMjIlMjBzYW5kYm94JTNEJTIyYWxsb3ctc2FtZS1vcmlnaW4lMjBhbGxvdy1zY3JpcHRzJTIwYWxsb3ctcG9wdXBzJTIwYWxsb3ctcG9wdXBzLXRvLWVzY2FwZS1zYW5kYm94JTIyJTIwc3R5bGUlM0QlMjJ3aWR0aCUzQSUyMDM3OHB4JTNCJTIwaGVpZ2h0JTNBJTIwNDEycHglMjIlM0UlM0MlMkZpZnJhbWUlM0UlM0NkaXYlM0UlM0MlMjEtLSUyMERPJTIwTk9UJTIwUkVNT1ZFJTIwVEhJUyUyMExJTkslMjAtLSUzRSUzQ2ElMjBocmVmJTNEJTIyaHR0cHMlM0ElMkYlMkZ3d3cubWV0ZW9ibHVlLmNvbSUyRmVzJTJGdGllbXBvJTJGc2VtYW5hJTJGY2FsbG9zYS1kZS1zZWd1cmFfZXNwYSUyNWMzJTI1YjFhXzI1MjA1MDIlM0Z1dG1fc291cmNlJTNEd2VhdGhlcl93aWRnZXQlMjZ1dG1fbWVkaXVtJTNEbGlua3VzJTI2dXRtX2NvbnRlbnQlM0RkYWlseSUyNnV0bV9jYW1wYWlnbiUzRFdlYXRoZXIlMjUyQldpZGdldCUyMiUyMHRhcmdldCUzRCUyMl9ibGFuayUyMiUzRW1ldGVvYmx1ZSUzQyUyRmElM0UlM0MlMkZkaXYlM0U=[\/vc_raw_html][\/vc_column][vc_column width=\u00bb1\/5&#8243;][\/vc_column][\/vc_row]<\/p>\n","protected":false},"excerpt":{"rendered":"<p>[vc_row][vc_column][vc_column_text]En el invierno del 2.002 nos acercamos a la Sierra de Callosa para realizar otro de sus emocionantes y estupendos recorridos ascendiendo y visitando su cima m\u00e1s alta, el Pico del \u00c1guila, y el escarpado San Bernardo. Como el recorrido realizado en este relato ya est\u00e1 descrito en las anteriores descripciones ya publicadas, para no&hellip;<\/p>\n","protected":false},"author":1,"featured_media":43872,"comment_status":"open","ping_status":"open","sticky":false,"template":"","format":"standard","meta":[],"categories":[80],"tags":[],"class_list":["post-43883","post","type-post","status-publish","format-standard","has-post-thumbnail","hentry","category-sierras-de-orihuela-y-callosa","category-80","description-off"],"_links":{"self":[{"href":"https:\/\/www.monta\u00f1asdelaluna.es\/index.php?rest_route=\/wp\/v2\/posts\/43883","targetHints":{"allow":["GET"]}}],"collection":[{"href":"https:\/\/www.monta\u00f1asdelaluna.es\/index.php?rest_route=\/wp\/v2\/posts"}],"about":[{"href":"https:\/\/www.monta\u00f1asdelaluna.es\/index.php?rest_route=\/wp\/v2\/types\/post"}],"author":[{"embeddable":true,"href":"https:\/\/www.monta\u00f1asdelaluna.es\/index.php?rest_route=\/wp\/v2\/users\/1"}],"replies":[{"embeddable":true,"href":"https:\/\/www.monta\u00f1asdelaluna.es\/index.php?rest_route=%2Fwp%2Fv2%2Fcomments&post=43883"}],"version-history":[{"count":9,"href":"https:\/\/www.monta\u00f1asdelaluna.es\/index.php?rest_route=\/wp\/v2\/posts\/43883\/revisions"}],"predecessor-version":[{"id":48131,"href":"https:\/\/www.monta\u00f1asdelaluna.es\/index.php?rest_route=\/wp\/v2\/posts\/43883\/revisions\/48131"}],"wp:featuredmedia":[{"embeddable":true,"href":"https:\/\/www.monta\u00f1asdelaluna.es\/index.php?rest_route=\/wp\/v2\/media\/43872"}],"wp:attachment":[{"href":"https:\/\/www.monta\u00f1asdelaluna.es\/index.php?rest_route=%2Fwp%2Fv2%2Fmedia&parent=43883"}],"wp:term":[{"taxonomy":"category","embeddable":true,"href":"https:\/\/www.monta\u00f1asdelaluna.es\/index.php?rest_route=%2Fwp%2Fv2%2Fcategories&post=43883"},{"taxonomy":"post_tag","embeddable":true,"href":"https:\/\/www.monta\u00f1asdelaluna.es\/index.php?rest_route=%2Fwp%2Fv2%2Ftags&post=43883"}],"curies":[{"name":"wp","href":"https:\/\/api.w.org\/{rel}","templated":true}]}}