{"id":44588,"date":"2003-05-04T16:47:44","date_gmt":"2003-05-04T16:47:44","guid":{"rendered":"http:\/\/monta\u00f1asdelaluna.com\/?p=44588"},"modified":"2021-08-18T18:52:39","modified_gmt":"2021-08-18T18:52:39","slug":"los-tres-techos-de-crevillente","status":"publish","type":"post","link":"https:\/\/www.monta\u00f1asdelaluna.es\/?p=44588","title":{"rendered":"Los tres techos de Crevillente"},"content":{"rendered":"<p>[vc_row][vc_column][vc_column_text]Ya hac\u00eda unos 15 a\u00f1os que estaba subiendo monta\u00f1as desde que aquella primavera del a\u00f1o 1.988 sal\u00ed por primera vez con mi primo Miguel \u00c1ngel Gonz\u00e1lez. Y que mejor forma de celebrar que segu\u00eda subiendo monta\u00f1as, e incluso grandes monta\u00f1as, que subir aquella cima, aquel pico que sub\u00ed siendo<a href=\"https:\/\/www.monta\u00f1asdelaluna.es\/?p=31662\" target=\"_blank\" rel=\"noopener\"> mi primera monta\u00f1a: El Crevillente<\/a>; La Vella. La cima m\u00e1s alta de la estupenda muralla que forma la Sierra de Crevillente.<\/p>\n<p>Pero a la vez pod\u00edamos ampliar, admitir otras cimas, otros picos que tienen un especial protagonismo junto con La Vella, y son los picos de San Cayetano y San Yuri (o Juri), los santos de la Sierra de Crevillente. Ya que dan la sensaci\u00f3n de ser un grupo, una familia, estas tres cimas: son independientes, sobresalientes e individualizadas entre ellas, superan los ochocientos metros de altitud y a la vez est\u00e1n cerca, como agrupadas, casi juntas, para, a la vez de dar una apariencia o sensaci\u00f3n de ser monta\u00f1as, cimas, individuales, tambi\u00e9n pertenecen a un club cuyos miembros son ellas tres solas.<\/p>\n<p>El resto de cimas, cimitas, monta\u00f1itas, de la Sierra de Crevillente parece que quedan en un segundo plano, como secundarias si las comparamos con esta incre\u00edble y perfecta asociaci\u00f3n. Es m\u00e1s, desde la lejan\u00eda y mirando hacia el coraz\u00f3n, las cimas m\u00e1s elevadas o sobresalientes de la sierra, solo descubres, vislumbras o diferencias las moles de estos tres picos, comenzando por La Vella a un lado, siguiendo por el picudo San Cayetano al otro, y acabando por el redondeado San Yuri en medio.<\/p>\n<div id=\"attachment_44577\" style=\"width: 1034px\" class=\"wp-caption aligncenter\"><a class=\"dt-single-image\" href=\"https:\/\/www.monta\u00f1asdelaluna.es\/wp-content\/uploads\/2020\/08\/delante-el-san-cayetano.jpg\" data-dt-img-description=\"\"><img loading=\"lazy\" decoding=\"async\" aria-describedby=\"caption-attachment-44577\" class=\"wp-image-44577 size-large\" src=\"https:\/\/www.monta\u00f1asdelaluna.es\/wp-content\/uploads\/2020\/08\/delante-el-san-cayetano-1024x684.jpg\" alt=\"Delante el San Cayetano\" width=\"1024\" height=\"684\" srcset=\"https:\/\/www.monta\u00f1asdelaluna.es\/wp-content\/uploads\/2020\/08\/delante-el-san-cayetano-1024x684.jpg 1024w, https:\/\/www.monta\u00f1asdelaluna.es\/wp-content\/uploads\/2020\/08\/delante-el-san-cayetano-300x200.jpg 300w, https:\/\/www.monta\u00f1asdelaluna.es\/wp-content\/uploads\/2020\/08\/delante-el-san-cayetano.jpg 1833w\" sizes=\"auto, (max-width: 1024px) 100vw, 1024px\" \/><\/a><p id=\"caption-attachment-44577\" class=\"wp-caption-text\">Delante el San Cayetano<\/p><\/div>\n<p>Es por ello que en una ma\u00f1ana, a parte de poder hacer una de estas tres cimas, tambi\u00e9n pod\u00edamos hacer las tres sin problemas; y fue hasta pasado un tiempo que no se ide\u00f3 una actividad que de tanto en tanto se hac\u00eda, y que consist\u00eda en salir de la Ermita de San Cayetano, subir el San Cayetano, subir el San Yuri, bajar al camino que une Crevillente con Hond\u00f3n de Los Frailes, subir a La Vella por el camino que luego se asfalta y llega a la cima, y bajar por la senda del cordal cimero que mira hacia el oeste, y seguir el camino o senda que desde la Ermita de San Cayetano se acerca a La Vella, para de nuevo acabar en la Ermita de San Cayetano. Una genial circular.<\/p>\n<p>Ese a\u00f1o, el 2.003, el a\u00f1o en que conquistar\u00edamos la monta\u00f1a m\u00e1s alta de Europa y nuestro primer cinco mil, hizo un calor inusual ya desde principios de mayo; y fue justamente a principios de este caluroso mes de ese a\u00f1o, que mi compa\u00f1ero de monta\u00f1as altas y medianas Jes\u00fas Santana, junto con Juanma Manzanera y su amigo de Almorad\u00ed, decidimos escaparnos un domingo hacia la Sierra de Crevillente, hacia la Ermita de San Cayetano, para realizar esta extraordinaria y fant\u00e1stica circular. Y de este modo tambi\u00e9n, celebrar conmigo esos 15 a\u00f1os de monta\u00f1ismo que ya llevaba encima, coronando la cima de aquella que fue mi primera monta\u00f1a: El Crevillente (La Vella).<\/p>\n<p>Pero gran parte de este recorrido ya est\u00e1 descrito a trozos en otros relatos y actividades realizados en esta magn\u00edfica monta\u00f1a que es la Sierra de Crevillente: Primero seguiremos los pasos del recorrido o ascensi\u00f3n al <a href=\"https:\/\/www.monta\u00f1asdelaluna.es\/?p=34569\" target=\"_blank\" rel=\"noopener\">San Cayetano<\/a> desde la Ermita del mismo nombre. Hace un d\u00eda c\u00e1lido con mucho sol y la manga corta se impone en las vestimentas de los compa\u00f1eros. Seguimos esa senda medio boscosa pero encantadora casi metida en el barranco que viene del San Cayetano para acercarnos a su base. Y una vez en su base giramos subiendo hacia el collado que lo separa del San Yuri, para, una vez llegados aqu\u00ed, girar a la izquierda para buscar su cima por unas sendas que se internan en otro precioso bosquecillo, hasta salir a su rocosa cima.<\/p>\n<div id=\"attachment_44578\" style=\"width: 1034px\" class=\"wp-caption aligncenter\"><a class=\"dt-single-image\" href=\"https:\/\/www.monta\u00f1asdelaluna.es\/wp-content\/uploads\/2020\/08\/subiendo-al-san-cayetano.jpg\" data-dt-img-description=\"\"><img loading=\"lazy\" decoding=\"async\" aria-describedby=\"caption-attachment-44578\" class=\"wp-image-44578 size-large\" src=\"https:\/\/www.monta\u00f1asdelaluna.es\/wp-content\/uploads\/2020\/08\/subiendo-al-san-cayetano-1024x681.jpg\" alt=\"Subiendo al San Cayetano\" width=\"1024\" height=\"681\" srcset=\"https:\/\/www.monta\u00f1asdelaluna.es\/wp-content\/uploads\/2020\/08\/subiendo-al-san-cayetano-1024x681.jpg 1024w, https:\/\/www.monta\u00f1asdelaluna.es\/wp-content\/uploads\/2020\/08\/subiendo-al-san-cayetano-300x200.jpg 300w, https:\/\/www.monta\u00f1asdelaluna.es\/wp-content\/uploads\/2020\/08\/subiendo-al-san-cayetano.jpg 1838w\" sizes=\"auto, (max-width: 1024px) 100vw, 1024px\" \/><\/a><p id=\"caption-attachment-44578\" class=\"wp-caption-text\">Subiendo al San Cayetano<\/p><\/div>\n<div id=\"attachment_44579\" style=\"width: 1034px\" class=\"wp-caption aligncenter\"><a class=\"dt-single-image\" href=\"https:\/\/www.monta\u00f1asdelaluna.es\/wp-content\/uploads\/2020\/08\/cima-del-san-cayetano-817-mts-delante-jesus-santana-y-a-la-derecha-juanma-manzanera.jpg\" data-dt-img-description=\"\"><img loading=\"lazy\" decoding=\"async\" aria-describedby=\"caption-attachment-44579\" class=\"wp-image-44579 size-large\" src=\"https:\/\/www.monta\u00f1asdelaluna.es\/wp-content\/uploads\/2020\/08\/cima-del-san-cayetano-817-mts-delante-jesus-santana-y-a-la-derecha-juanma-manzanera-1024x682.jpg\" alt=\"Cima del San Cayetano, 817 mts. Delante Jes\u00fas Santana y a la derecha Juanma Manzanera\" width=\"1024\" height=\"682\" srcset=\"https:\/\/www.monta\u00f1asdelaluna.es\/wp-content\/uploads\/2020\/08\/cima-del-san-cayetano-817-mts-delante-jesus-santana-y-a-la-derecha-juanma-manzanera-1024x682.jpg 1024w, https:\/\/www.monta\u00f1asdelaluna.es\/wp-content\/uploads\/2020\/08\/cima-del-san-cayetano-817-mts-delante-jesus-santana-y-a-la-derecha-juanma-manzanera-300x200.jpg 300w, https:\/\/www.monta\u00f1asdelaluna.es\/wp-content\/uploads\/2020\/08\/cima-del-san-cayetano-817-mts-delante-jesus-santana-y-a-la-derecha-juanma-manzanera.jpg 1838w\" sizes=\"auto, (max-width: 1024px) 100vw, 1024px\" \/><\/a><p id=\"caption-attachment-44579\" class=\"wp-caption-text\">Cima del San Cayetano, 817 mts. Delante Jes\u00fas Santana y a la derecha Juanma Manzanera<\/p><\/div>\n<p>Ya tenemos el primero de los 3 picos: el San Cayetano, mal y degradantemente llamado \u201cPicatxo\u201d; a 817 mts. de altura. Hoy la calima, el sol y el buen tiempo, crean una niebla a media altura que hace invisible el paisaje a larga distancia; aunque veamos nuestros pr\u00f3ximos objetivos muy bien a media y corta distancia. Estas nieblas que parecen contaminaci\u00f3n y no lo son, son t\u00edpicas de climas de mucho sol y calor, como este clima Mediterr\u00e1neo Sub\u00e1rido.<\/p>\n<p>Les hago una foto de cima a los compa\u00f1eros y seguimos nuestro camino hac\u00eda el segundo pico: el San Yuri. Como ya hemos cogido altura, solo tenemos que seguir hacia el este, bajando del pico, desandando lo recorrido, por el mismo cordal cimero o parte m\u00e1s alta de la sierra, que nos hace bajar del San Cayetano al collado antes subido, y seguir recto para subir entre sendas y pocos escarpes, internados en el fabuloso bosque de pino carrasco, hasta la f\u00e1cil y siguiente cima, casi hermana del San Cayetano: San Yuri\u2026 o bien seguir la gu\u00eda de aquellos <a href=\"https:\/\/www.monta\u00f1asdelaluna.es\/?p=15501\" target=\"_blank\" rel=\"noopener\">Abanilla-Crevillente<\/a> justo en la parte en que del San Cayetano se segu\u00eda hacia el San Yuri\u2026 f\u00e1cil y r\u00e1pido. Pocos minutos se necesitan.<\/p>\n<p>Jes\u00fas Santana nos hace la foto de cumbre en la rocosa pero no demasiado escarpada cima del San Yuri, a 803 mts. Sigue haciendo un d\u00eda soleado y casi caluroso. Al fondo queda la peque\u00f1a meseta rocosa del San Cayetano, con ese puente de roca, ese arco caracter\u00edstico que queda casi escondido al comienzo de esa rocosa cima.<\/p>\n<div id=\"attachment_44580\" style=\"width: 1034px\" class=\"wp-caption aligncenter\"><a class=\"dt-single-image\" href=\"https:\/\/www.monta\u00f1asdelaluna.es\/wp-content\/uploads\/2020\/08\/a-la-izquierda-queda-el-san-yuri-en-el-centro-la-vella-y-a-la-derecha-el-campanar.jpg\" data-dt-img-description=\"\"><img loading=\"lazy\" decoding=\"async\" aria-describedby=\"caption-attachment-44580\" class=\"wp-image-44580 size-large\" src=\"https:\/\/www.monta\u00f1asdelaluna.es\/wp-content\/uploads\/2020\/08\/a-la-izquierda-queda-el-san-yuri-en-el-centro-la-vella-y-a-la-derecha-el-campanar-1024x682.jpg\" alt=\"A la izquierda queda el San Yuri, en el centro La Vella y a la derecha El Campanar\" width=\"1024\" height=\"682\" srcset=\"https:\/\/www.monta\u00f1asdelaluna.es\/wp-content\/uploads\/2020\/08\/a-la-izquierda-queda-el-san-yuri-en-el-centro-la-vella-y-a-la-derecha-el-campanar-1024x682.jpg 1024w, https:\/\/www.monta\u00f1asdelaluna.es\/wp-content\/uploads\/2020\/08\/a-la-izquierda-queda-el-san-yuri-en-el-centro-la-vella-y-a-la-derecha-el-campanar-300x200.jpg 300w, https:\/\/www.monta\u00f1asdelaluna.es\/wp-content\/uploads\/2020\/08\/a-la-izquierda-queda-el-san-yuri-en-el-centro-la-vella-y-a-la-derecha-el-campanar.jpg 1839w\" sizes=\"auto, (max-width: 1024px) 100vw, 1024px\" \/><\/a><p id=\"caption-attachment-44580\" class=\"wp-caption-text\">A la izquierda queda el San Yuri, en el centro La Vella y a la derecha El Campanar<\/p><\/div>\n<p>Para bajar e ir en busca de la siguiente y m\u00e1s alta cima de la Sierra de Crevillente, La Vella, tenemos que seguir el camino o ruta recorrida en los anteriormente nombrados <a href=\"https:\/\/www.monta\u00f1asdelaluna.es\/?p=15501\" target=\"_blank\" rel=\"noopener\">Abanilla-Crevillente<\/a> hasta la base de la monta\u00f1a donde sale el camino que recorre toda la umbr\u00eda, cara norte de la misma monta\u00f1a y sube hasta su cima. Es bien sencillo: en un principio salimos de la cima hacia el este bajando por una senda bien marcada. Casualmente nos cruzamos con otra senda que recorre la parte baja de la cima, tambi\u00e9n rocosa, por su lado sur de solana; a pocos metros por debajo de \u00e9sta.<\/p>\n<p>Enseguida la senda que baja y se interna en otra excepcional pinada de las partes de umbr\u00eda de esta Sierra de Crevillente, acaba en un camino. Hay que seguir el camino hacia abajo y hacia el este en general, siguiendo sus curvas de bajada. Se nos puede aparecer otra ancha senda o camino de herradura que nos aparecer\u00eda a la derecha en un determinado momento; se puede seguir por este, nos acercar\u00e1 a\u00fan m\u00e1s a la mole de La Vella. O bien seguir las curvas del camino principal de bajada que casi se desviar\u00e1 al noreste, alej\u00e1ndose de nuestro destino, e intentaremos seguir despu\u00e9s de alg\u00fan otro cruce, por alg\u00fan camino que siga de bajada en direcci\u00f3n este, sureste. La idea es bajar al vallecillo o terreno m\u00e1s horizontal, debajo de la ladera, por el que cruza el antiguo camino que un\u00eda Hond\u00f3n de Los Frailes con Crevillente por en medio de la sierra. Este camino lo nombramos en la excursi\u00f3n que hicimos con los <a href=\"https:\/\/www.monta\u00f1asdelaluna.es\/?p=42424\" target=\"_blank\" rel=\"noopener\">ni\u00f1os del Colegio Canales y Mart\u00ednez.<\/a><\/p>\n<div id=\"attachment_44581\" style=\"width: 1034px\" class=\"wp-caption aligncenter\"><a class=\"dt-single-image\" href=\"https:\/\/www.monta\u00f1asdelaluna.es\/wp-content\/uploads\/2020\/08\/subiendo-al-san-yuri.jpg\" data-dt-img-description=\"\"><img loading=\"lazy\" decoding=\"async\" aria-describedby=\"caption-attachment-44581\" class=\"wp-image-44581 size-large\" src=\"https:\/\/www.monta\u00f1asdelaluna.es\/wp-content\/uploads\/2020\/08\/subiendo-al-san-yuri-1024x683.jpg\" alt=\"Subiendo al San Yuri\" width=\"1024\" height=\"683\" srcset=\"https:\/\/www.monta\u00f1asdelaluna.es\/wp-content\/uploads\/2020\/08\/subiendo-al-san-yuri-1024x683.jpg 1024w, https:\/\/www.monta\u00f1asdelaluna.es\/wp-content\/uploads\/2020\/08\/subiendo-al-san-yuri-300x200.jpg 300w, https:\/\/www.monta\u00f1asdelaluna.es\/wp-content\/uploads\/2020\/08\/subiendo-al-san-yuri.jpg 1836w\" sizes=\"auto, (max-width: 1024px) 100vw, 1024px\" \/><\/a><p id=\"caption-attachment-44581\" class=\"wp-caption-text\">Subiendo al San Yuri<\/p><\/div>\n<p>Una vez el camino que seguimos desemboque en el que queda abajo y principal, nos quedar\u00e1 a la derecha y sureste la mole de La Vella. Tenemos que seguir en direcci\u00f3n a ella por este camino, girando a la derecha, sur. Dejaremos las vertientes y laderas del San Yuri y nos acercaremos a las verticales y desafiantes as\u00ed como reconocibles y singulares laderas de La Vella. A la derecha, mientras seguimos por este camino principal en direcci\u00f3n sur, sureste, se abrir\u00e1 el valle o barranco que baja hasta la Ermita de San Cayetano, quedando a la derecha y norte, noroeste la mole del San Yuri con sus escarpes rocosos diferenciados como si fueran enormes ara\u00f1azos de un gigante rabioso que quiso dejar una marca para este viejo mundo. Al fondo del barranco aparece la figura del elegante San Cayetano. Excepcional. Y al sur de esta cordillera, el barranco y otra mini cordillera que cierran este vallecillo por el sur: es el que llaman el Alt del Raig al sur del San Yuri, o La Mitjana al sur del San Cayetano. Monta\u00f1as que sobrepasan o se acercan a los 650 metros de altitud.<\/p>\n<p>Nos acercamos al v\u00e9rtice de la cresta o loma de la mole de La Vella que se acerca a este camino. Observamos como a la izquierda aparece otro camino que, a la sombra de esta mole, de esta monta\u00f1a, sigue por toda su umbr\u00eda y cara norte hacia el este. Giramos por este camino. A veces hay una cadena o los puestos para atar, cerrar el camino con dicha cadena. Y a partir de aqu\u00ed y hasta la llegada a nuestro punto de partida, la misma Ermita de San Cayetano, seguiremos el mismo recorrido descrito en aquella mi primera ascensi\u00f3n o salida a una monta\u00f1a, siendo <a href=\"https:\/\/www.monta\u00f1asdelaluna.es\/?p=31662\" target=\"_blank\" rel=\"noopener\">La Vella. El Crevillente<\/a>, esta monta\u00f1a, mi primera conquista.<\/p>\n<div id=\"attachment_44583\" style=\"width: 1034px\" class=\"wp-caption aligncenter\"><a class=\"dt-single-image\" href=\"https:\/\/www.monta\u00f1asdelaluna.es\/wp-content\/uploads\/2020\/08\/bajando-del-san-yuri-delante-la-vella.jpg\" data-dt-img-description=\"\"><img loading=\"lazy\" decoding=\"async\" aria-describedby=\"caption-attachment-44583\" class=\"wp-image-44583 size-large\" src=\"https:\/\/www.monta\u00f1asdelaluna.es\/wp-content\/uploads\/2020\/08\/bajando-del-san-yuri-delante-la-vella-1024x685.jpg\" alt=\"Bajando del San Yuri, delante La Vella\" width=\"1024\" height=\"685\" srcset=\"https:\/\/www.monta\u00f1asdelaluna.es\/wp-content\/uploads\/2020\/08\/bajando-del-san-yuri-delante-la-vella-1024x685.jpg 1024w, https:\/\/www.monta\u00f1asdelaluna.es\/wp-content\/uploads\/2020\/08\/bajando-del-san-yuri-delante-la-vella-300x201.jpg 300w, https:\/\/www.monta\u00f1asdelaluna.es\/wp-content\/uploads\/2020\/08\/bajando-del-san-yuri-delante-la-vella.jpg 1832w\" sizes=\"auto, (max-width: 1024px) 100vw, 1024px\" \/><\/a><p id=\"caption-attachment-44583\" class=\"wp-caption-text\">Bajando del San Yuri, delante La Vella<\/p><\/div>\n<p>Con lo que solo hay que seguir el camino que m\u00e1s arriba se asfalta y hace una curva bastante cerrada justo antes de alcanzar la cima de La Vella con esa caseta, antenas, recinto cerrado y ese gran eje geod\u00e9sico o pil\u00f3n que parece una gigantesca tarta de boda, con sus capas, pero hacia arriba. Estamos a 835 mts. de altura. Alguien nos hace una foto a los 4. Recuerdo y celebro que hace 15 a\u00f1os sub\u00ed por primera vez una monta\u00f1a, y me inici\u00e9 de esta manera en la pasi\u00f3n, sentido y forma de vivir que es la monta\u00f1a\u2026 este que ser\u00e1 el a\u00f1o del Elbrus.<\/p>\n<p>El sol sigue calentando sin dejar que ni una nube empa\u00f1e este d\u00eda, como muchos otros en la monta\u00f1a alicantina, de buen tiempo y estar agradable. Pero nos sentamos en una de las capas de \u201cla tarta\u201d a la sombra, para que ese mismo sol no nos queme o deshidrate el tiempo que nos toca descansar y admirar el paisaje, lo conseguido.<\/p>\n<p>Ya debemos bajar y volver al coche, a la Ermita de San Cayetano. Como he dicho antes seguimos la gu\u00eda plasmada en ese relato de mi primera cima, monta\u00f1a, del <a href=\"https:\/\/www.monta\u00f1asdelaluna.es\/?p=31662\" target=\"_blank\" rel=\"noopener\">Crevillente, La Vella<\/a>\u2026 comenzamos bajando por toda la cresta o loma cimera de La Vella hacia el oeste. Por esa senda marcada en la roca o en el terreno. Hoy d\u00eda se ha excavado otra senda que, desde casi el final de la cresta cimera, sale hacia el sur buscando la entrada o salida del camino que recorre por un lado el barranco o vallecillo antes descrito entre el San Yuri y esas monta\u00f1as que lo cierran por su sur, justo cuando desemboca en el camino principal y antigua v\u00eda de uni\u00f3n entre Hond\u00f3n de Los Frailes y Crevillente. Hace 15 a\u00f1os yo ca\u00eda y resbalaba intentando bajar por esas mismas pendientes\u2026<\/p>\n<div id=\"attachment_44582\" style=\"width: 1034px\" class=\"wp-caption aligncenter\"><a class=\"dt-single-image\" href=\"https:\/\/www.monta\u00f1asdelaluna.es\/wp-content\/uploads\/2020\/08\/en-el-centro-joaquin-y-a-la-derecha-juanma-manzanera-en-la-cima-del-san-yuri-803-mts-detras-queda-la-cima-del-san-cayetano.jpg\" data-dt-img-description=\"\"><img loading=\"lazy\" decoding=\"async\" aria-describedby=\"caption-attachment-44582\" class=\"wp-image-44582 size-large\" src=\"https:\/\/www.monta\u00f1asdelaluna.es\/wp-content\/uploads\/2020\/08\/en-el-centro-joaquin-y-a-la-derecha-juanma-manzanera-en-la-cima-del-san-yuri-803-mts-detras-queda-la-cima-del-san-cayetano-1024x682.jpg\" alt=\"En el centro Joaqu\u00edn y a la derecha Juanma Manzanera en la cima del San Yuri, 803 mts.. Detr\u00e1s queda la cima del San Cayetano\" width=\"1024\" height=\"682\" srcset=\"https:\/\/www.monta\u00f1asdelaluna.es\/wp-content\/uploads\/2020\/08\/en-el-centro-joaquin-y-a-la-derecha-juanma-manzanera-en-la-cima-del-san-yuri-803-mts-detras-queda-la-cima-del-san-cayetano-1024x682.jpg 1024w, https:\/\/www.monta\u00f1asdelaluna.es\/wp-content\/uploads\/2020\/08\/en-el-centro-joaquin-y-a-la-derecha-juanma-manzanera-en-la-cima-del-san-yuri-803-mts-detras-queda-la-cima-del-san-cayetano-300x200.jpg 300w, https:\/\/www.monta\u00f1asdelaluna.es\/wp-content\/uploads\/2020\/08\/en-el-centro-joaquin-y-a-la-derecha-juanma-manzanera-en-la-cima-del-san-yuri-803-mts-detras-queda-la-cima-del-san-cayetano.jpg 1835w\" sizes=\"auto, (max-width: 1024px) 100vw, 1024px\" \/><\/a><p id=\"caption-attachment-44582\" class=\"wp-caption-text\">En el centro Joaqu\u00edn y a la derecha Juanma Manzanera en la cima del San Yuri, 803 mts.. Detr\u00e1s queda la cima del San Cayetano<\/p><\/div>\n<div id=\"attachment_44584\" style=\"width: 1034px\" class=\"wp-caption aligncenter\"><a class=\"dt-single-image\" href=\"https:\/\/www.monta\u00f1asdelaluna.es\/wp-content\/uploads\/2020\/08\/cima-de-la-vella-835-mts-de-rojo-joaquin-a-su-derecha-jesus-santana-y-a-su-izquierda-juanma-manzanera.jpg\" data-dt-img-description=\"\"><img loading=\"lazy\" decoding=\"async\" aria-describedby=\"caption-attachment-44584\" class=\"wp-image-44584 size-large\" src=\"https:\/\/www.monta\u00f1asdelaluna.es\/wp-content\/uploads\/2020\/08\/cima-de-la-vella-835-mts-de-rojo-joaquin-a-su-derecha-jesus-santana-y-a-su-izquierda-juanma-manzanera-1024x683.jpg\" alt=\"Cima de La Vella, 835 mts. De rojo Joaqu\u00edn, a su derecha Jes\u00fas Santana y a su izquierda Juanma Manzanera\" width=\"1024\" height=\"683\" srcset=\"https:\/\/www.monta\u00f1asdelaluna.es\/wp-content\/uploads\/2020\/08\/cima-de-la-vella-835-mts-de-rojo-joaquin-a-su-derecha-jesus-santana-y-a-su-izquierda-juanma-manzanera-1024x683.jpg 1024w, https:\/\/www.monta\u00f1asdelaluna.es\/wp-content\/uploads\/2020\/08\/cima-de-la-vella-835-mts-de-rojo-joaquin-a-su-derecha-jesus-santana-y-a-su-izquierda-juanma-manzanera-300x200.jpg 300w, https:\/\/www.monta\u00f1asdelaluna.es\/wp-content\/uploads\/2020\/08\/cima-de-la-vella-835-mts-de-rojo-joaquin-a-su-derecha-jesus-santana-y-a-su-izquierda-juanma-manzanera.jpg 1836w\" sizes=\"auto, (max-width: 1024px) 100vw, 1024px\" \/><\/a><p id=\"caption-attachment-44584\" class=\"wp-caption-text\">Cima de La Vella, 835 mts. De rojo Joaqu\u00edn, a su derecha Jes\u00fas Santana y a su izquierda Juanma Manzanera<\/p><\/div>\n<p>No hay p\u00e9rdida. Despu\u00e9s de bajar la cresta o loma cimera que desde la cima de La Vella sale hacia el oeste, bajando al camino principal, buscamos ese camino que despu\u00e9s se convierte en senda que, desde dicho camino principal, nos comunica con la zona de la Ermita de San Cayetano. Siempre en direcci\u00f3n oeste, girando despu\u00e9s hacia el suroeste, sur para bajar al escondido rinc\u00f3n de la Ermita de San Cayetano por esa senda marcada y se\u00f1alizada.<\/p>\n<p>Acabamos aqu\u00ed otra ruta y recorrido por esta cercana, antigua y conocida Sierra de Crevillente. Celebrando y recordando esos 15 a\u00f1os subiendo monta\u00f1as, subiendo y visitando aquella que fue mi primera monta\u00f1a: <a href=\"https:\/\/www.monta\u00f1asdelaluna.es\/?p=31662\" target=\"_blank\" rel=\"noopener\">La Vella, el Crevillente<\/a>. Pero seguro que podremos encontrar y disfrutar de muchos otros recovecos, escondrijos y rincones sin visitar o descubrir, con otros recorridos y rutas por esta magn\u00edfica y curiosa Sierra de Crevillente. Recuerdos, nostalgia y sol.<\/p>\n<div id=\"attachment_44589\" style=\"width: 1177px\" class=\"wp-caption aligncenter\"><a class=\"dt-single-image\" href=\"https:\/\/www.monta\u00f1asdelaluna.es\/wp-content\/uploads\/2020\/08\/mapa.crevillente3cimas.croquis.web_.jpg\" data-dt-img-description=\"\"><img loading=\"lazy\" decoding=\"async\" aria-describedby=\"caption-attachment-44589\" class=\"wp-image-44589 size-full\" src=\"https:\/\/www.monta\u00f1asdelaluna.es\/wp-content\/uploads\/2020\/08\/mapa.crevillente3cimas.croquis.web_.jpg\" alt=\"Croquis del recorrido con subida al San Cayetano, San Yuri y La Vella desde la Ermita del San Cayetano. PUNTO AMARILLO: parking del coche.\" width=\"1167\" height=\"597\" srcset=\"https:\/\/www.monta\u00f1asdelaluna.es\/wp-content\/uploads\/2020\/08\/mapa.crevillente3cimas.croquis.web_.jpg 1167w, https:\/\/www.monta\u00f1asdelaluna.es\/wp-content\/uploads\/2020\/08\/mapa.crevillente3cimas.croquis.web_-300x153.jpg 300w, https:\/\/www.monta\u00f1asdelaluna.es\/wp-content\/uploads\/2020\/08\/mapa.crevillente3cimas.croquis.web_-1024x524.jpg 1024w\" sizes=\"auto, (max-width: 1167px) 100vw, 1167px\" \/><\/a><p id=\"caption-attachment-44589\" class=\"wp-caption-text\">Croquis del recorrido con subida al San Cayetano, San Yuri y La Vella desde la Ermita del San Cayetano. PUNTO AMARILLO: parking del coche.<\/p><\/div>\n<p>[vc_separator][\/vc_column_text][\/vc_column][\/vc_row][vc_row][vc_column][vc_empty_space height=\u00bb60px\u00bb][\/vc_column][\/vc_row][vc_row][vc_column][vc_cta h2=\u00bb\u00c1lbum de fotos\u00bb txt_align=\u00bbcenter\u00bb add_button=\u00bbbottom\u00bb btn_title=\u00bbVer fotos\u00bb btn_color=\u00bbwarning\u00bb btn_align=\u00bbcenter\u00bb btn_link=\u00bburl:https%3A%2F%2Fmonta%C3%B1asdelaluna.es%2F%3Fdt_gallery%3Dsierra-de-crevillente-15o-aniversario-2|title:Sierra%20de%20Crevillente.%2015%C2%BA%20Aniversario|target:_blank\u00bb css=\u00bb.vc_custom_1626001587477{background-color: #8bc4ed !important;}\u00bb]Puedes ver todas las fotos del relato y actividad en forma de presentaci\u00f3n o individuales pinchando aqui \u00a1No te las pierdas![\/vc_cta][\/vc_column][\/vc_row][vc_row][vc_column][vc_empty_space height=\u00bb60px\u00bb][\/vc_column][\/vc_row][vc_row][vc_column width=\u00bb1\/3&#8243;][\/vc_column][vc_column width=\u00bb1\/2&#8243;][vc_raw_html]JTNDaWZyYW1lJTIwc3JjJTNEJTIyaHR0cHMlM0ElMkYlMkZ3d3cubWV0ZW9ibHVlLmNvbSUyRmVzJTJGdGllbXBvJTJGd2lkZ2V0JTJGZGFpbHklMkZzaWVycmEtZGUtY3JldmlsbGVudGVfZXNwYSUyNWMzJTI1YjFhXzI1MTkxMDklM0ZnZW9sb2MlM0RmaXhlZCUyNmRheXMlM0Q3JTI2dGVtcHVuaXQlM0RDRUxTSVVTJTI2d2luZHVuaXQlM0RLSUxPTUVURVJfUEVSX0hPVVIlMjZwcmVjaXB1bml0JTNETUlMTElNRVRFUiUyNmNvbG91cmVkJTNEY29sb3VyZWQlMjZwaWN0b2ljb24lM0QwJTI2cGljdG9pY29uJTNEMSUyNm1heHRlbXBlcmF0dXJlJTNEMCUyNm1heHRlbXBlcmF0dXJlJTNEMSUyNm1pbnRlbXBlcmF0dXJlJTNEMCUyNm1pbnRlbXBlcmF0dXJlJTNEMSUyNndpbmRzcGVlZCUzRDAlMjZ3aW5kc3BlZWQlM0QxJTI2d2luZGd1c3QlM0QwJTI2d2luZGd1c3QlM0QxJTI2d2luZGRpcmVjdGlvbiUzRDAlMjZ3aW5kZGlyZWN0aW9uJTNEMSUyNnV2JTNEMCUyNmh1bWlkaXR5JTNEMCUyNnByZWNpcGl0YXRpb24lM0QwJTI2cHJlY2lwaXRhdGlvbiUzRDElMjZwcmVjaXBpdGF0aW9ucHJvYmFiaWxpdHklM0QwJTI2cHJlY2lwaXRhdGlvbnByb2JhYmlsaXR5JTNEMSUyNnNwb3QlM0QwJTI2c3BvdCUzRDElMjZwcmVzc3VyZSUzRDAlMjZwcmVzc3VyZSUzRDElMjZsYXlvdXQlM0RsaWdodCUyMiUyMCUyMGZyYW1lYm9yZGVyJTNEJTIyMCUyMiUyMHNjcm9sbGluZyUzRCUyMk5PJTIyJTIwYWxsb3d0cmFuc3BhcmVuY3klM0QlMjJ0cnVlJTIyJTIwc2FuZGJveCUzRCUyMmFsbG93LXNhbWUtb3JpZ2luJTIwYWxsb3ctc2NyaXB0cyUyMGFsbG93LXBvcHVwcyUyMGFsbG93LXBvcHVwcy10by1lc2NhcGUtc2FuZGJveCUyMiUyMHN0eWxlJTNEJTIyd2lkdGglM0ElMjAzNzhweCUzQiUyMGhlaWdodCUzQSUyMDQxM3B4JTIyJTNFJTNDJTJGaWZyYW1lJTNFJTNDZGl2JTNFJTNDJTIxLS0lMjBETyUyME5PVCUyMFJFTU9WRSUyMFRISVMlMjBMSU5LJTIwLS0lM0UlM0NhJTIwaHJlZiUzRCUyMmh0dHBzJTNBJTJGJTJGd3d3Lm1ldGVvYmx1ZS5jb20lMkZlcyUyRnRpZW1wbyUyRnNlbWFuYSUyRnNpZXJyYS1kZS1jcmV2aWxsZW50ZV9lc3BhJTI1YzMlMjViMWFfMjUxOTEwOSUzRnV0bV9zb3VyY2UlM0R3ZWF0aGVyX3dpZGdldCUyNnV0bV9tZWRpdW0lM0RsaW5rdXMlMjZ1dG1fY29udGVudCUzRGRhaWx5JTI2dXRtX2NhbXBhaWduJTNEV2VhdGhlciUyNTJCV2lkZ2V0JTIyJTIwdGFyZ2V0JTNEJTIyX2JsYW5rJTIyJTNFbWV0ZW9ibHVlJTNDJTJGYSUzRSUzQyUyRmRpdiUzRQ==[\/vc_raw_html][\/vc_column][vc_column width=\u00bb1\/5&#8243;][\/vc_column][\/vc_row]<\/p>\n","protected":false},"excerpt":{"rendered":"<p>[vc_row][vc_column][vc_column_text]Ya hac\u00eda unos 15 a\u00f1os que estaba subiendo monta\u00f1as desde que aquella primavera del a\u00f1o 1.988 sal\u00ed por primera vez con mi primo Miguel \u00c1ngel Gonz\u00e1lez. Y que mejor forma de celebrar que segu\u00eda subiendo monta\u00f1as, e incluso grandes monta\u00f1as, que subir aquella cima, aquel pico que sub\u00ed siendo mi primera monta\u00f1a: El Crevillente; La&hellip;<\/p>\n","protected":false},"author":1,"featured_media":44583,"comment_status":"open","ping_status":"open","sticky":false,"template":"","format":"standard","meta":[],"categories":[76],"tags":[],"class_list":["post-44588","post","type-post","status-publish","format-standard","has-post-thumbnail","hentry","category-sierra-de-crevillente","category-76","description-off"],"_links":{"self":[{"href":"https:\/\/www.monta\u00f1asdelaluna.es\/index.php?rest_route=\/wp\/v2\/posts\/44588","targetHints":{"allow":["GET"]}}],"collection":[{"href":"https:\/\/www.monta\u00f1asdelaluna.es\/index.php?rest_route=\/wp\/v2\/posts"}],"about":[{"href":"https:\/\/www.monta\u00f1asdelaluna.es\/index.php?rest_route=\/wp\/v2\/types\/post"}],"author":[{"embeddable":true,"href":"https:\/\/www.monta\u00f1asdelaluna.es\/index.php?rest_route=\/wp\/v2\/users\/1"}],"replies":[{"embeddable":true,"href":"https:\/\/www.monta\u00f1asdelaluna.es\/index.php?rest_route=%2Fwp%2Fv2%2Fcomments&post=44588"}],"version-history":[{"count":7,"href":"https:\/\/www.monta\u00f1asdelaluna.es\/index.php?rest_route=\/wp\/v2\/posts\/44588\/revisions"}],"predecessor-version":[{"id":50321,"href":"https:\/\/www.monta\u00f1asdelaluna.es\/index.php?rest_route=\/wp\/v2\/posts\/44588\/revisions\/50321"}],"wp:featuredmedia":[{"embeddable":true,"href":"https:\/\/www.monta\u00f1asdelaluna.es\/index.php?rest_route=\/wp\/v2\/media\/44583"}],"wp:attachment":[{"href":"https:\/\/www.monta\u00f1asdelaluna.es\/index.php?rest_route=%2Fwp%2Fv2%2Fmedia&parent=44588"}],"wp:term":[{"taxonomy":"category","embeddable":true,"href":"https:\/\/www.monta\u00f1asdelaluna.es\/index.php?rest_route=%2Fwp%2Fv2%2Fcategories&post=44588"},{"taxonomy":"post_tag","embeddable":true,"href":"https:\/\/www.monta\u00f1asdelaluna.es\/index.php?rest_route=%2Fwp%2Fv2%2Ftags&post=44588"}],"curies":[{"name":"wp","href":"https:\/\/api.w.org\/{rel}","templated":true}]}}