{"id":44624,"date":"2004-01-25T06:42:13","date_gmt":"2004-01-25T06:42:13","guid":{"rendered":"http:\/\/monta\u00f1asdelaluna.com\/?p=44624"},"modified":"2021-08-19T09:02:50","modified_gmt":"2021-08-19T09:02:50","slug":"los-hermanos-pequenos-del-gigante-ponoch-y-cabal","status":"publish","type":"post","link":"https:\/\/www.monta\u00f1asdelaluna.es\/?p=44624","title":{"rendered":"Los hermanos peque\u00f1os del gigante, Ponoch y Cabal"},"content":{"rendered":"<p>[vc_row][vc_column][vc_column_text]Era llegar a la cima del alto y m\u00edtico Puig Campana y mirar hacia el norte, al otro lado de la monta\u00f1a por el que hab\u00edamos subido, a parte de la larga, alta y sobresaliente Sierra Aitana y las bajas pero incre\u00edblemente escarpadas crestecillas de camino a Sella, admiramos otros dos picos casi igual que escarpados y casi solitarios que este propio Puig Campana, a parte seguidos en el mismo cordal o formaci\u00f3n que segu\u00eda hacia el norte: el Ponoch y el Cabal.<\/p>\n<p>Quiz\u00e1s mal nombrados hermanos peque\u00f1os ya que su porte y perfil bien merece una visita, una ascensi\u00f3n y una menci\u00f3n especial, \u00fanica, para ellos solos, e incluso individual. Pero la sombra del magn\u00edfico y sinigual Puig Campana cae sobre ellos y muchas veces las miradas en la lejan\u00eda se fijan en este hermano mayor, espectacular y altivo. Aunque la imagen de estos Ponoch y Cabal en la lejan\u00eda es tambi\u00e9n espectacular y vertiginosa, vertical y picuda, es como la de unos Puig Campana en miniatura, justo detr\u00e1s o en un lado de \u00e9ste.<\/p>\n<p>Estas monta\u00f1as son picos individuales, encrespados y altivos, rodeado de paredes y escarpes verticales por sus laderas, por todos lados, e incluso en sus propias cimas\u2026 una de ellas, el Cabal, con una cima muy rocosa, sorprendentemente rocosa. Los descubro, como muchas de estas monta\u00f1as que no llegaba a subir en aquellas excursiones que realizaba los domingos por la ma\u00f1ana con mi primo Miguel \u00c1ngel, mirando el coleccionable Atlas de Espa\u00f1a que a\u00fan conservo; aunque no es representativo el mirar esos mapas a una escala 1:200.000, pero ya ve\u00eda que pod\u00edan ser preciosos y notables objetivos: Ponoch (Ponoig) y Sanchet\u2026 nombre este \u00faltimo que mis compa\u00f1eros alicantinos Quique y Jes\u00fas Santana cambiaron por Cabal; y haci\u00e9ndoles caso ya que era el nombre por el que se conoc\u00eda entre los monta\u00f1eros que visitaban el resto de monta\u00f1as alicantinas que yo no hab\u00eda subido o visitado a\u00fan&#8230; curiosamente en los mapas actuales como el de Editorial Piolet, llama a la cima de esta monta\u00f1a Alt de Sanxet pero a la monta\u00f1a Peny\u00f3 Cabal, al menos parece que a una parte de la monta\u00f1a.<\/p>\n<div id=\"attachment_44605\" style=\"width: 1834px\" class=\"wp-caption aligncenter\"><a class=\"dt-single-image\" href=\"https:\/\/www.monta\u00f1asdelaluna.es\/wp-content\/uploads\/2020\/08\/el-leon-dormido-paredes-del-ponoch.jpg\" data-dt-img-description=\"\"><img loading=\"lazy\" decoding=\"async\" aria-describedby=\"caption-attachment-44605\" class=\"wp-image-44605 size-full\" src=\"https:\/\/www.monta\u00f1asdelaluna.es\/wp-content\/uploads\/2020\/08\/el-leon-dormido-paredes-del-ponoch.jpg\" alt=\"El Le\u00f3n Dormido. Paredes del Ponoch\" width=\"1824\" height=\"1238\" srcset=\"https:\/\/www.monta\u00f1asdelaluna.es\/wp-content\/uploads\/2020\/08\/el-leon-dormido-paredes-del-ponoch.jpg 1824w, https:\/\/www.monta\u00f1asdelaluna.es\/wp-content\/uploads\/2020\/08\/el-leon-dormido-paredes-del-ponoch-300x204.jpg 300w, https:\/\/www.monta\u00f1asdelaluna.es\/wp-content\/uploads\/2020\/08\/el-leon-dormido-paredes-del-ponoch-1024x695.jpg 1024w\" sizes=\"auto, (max-width: 1824px) 100vw, 1824px\" \/><\/a><p id=\"caption-attachment-44605\" class=\"wp-caption-text\">El Le\u00f3n Dormido. Paredes del Ponoch<\/p><\/div>\n<p>Pues precisamente fue con estos buenos amigos monta\u00f1eros con los que descubr\u00ed estas y otras monta\u00f1as, y me ense\u00f1aron sus caminos que llegan a sus cimas, los nombres de sus rincones y recovecos, y como disfrutar y admirar sus paisajes, rocas y formas. Ya los han subido varias veces y una de esas veces me llevan Quique Segura y Jes\u00fas Santana, junto con su amigo Pablo Candela, a ascender y visitar estas dos monta\u00f1as en una sola actividad, desde las cercan\u00edas de la poblaci\u00f3n de Polop.<\/p>\n<p>Antes de que los caminos de tierra fueran ocupados por las calles y carreteras asfaltadas, y los bancales, campos, fueran ocupados por hormig\u00f3n y muros de piedra, urbanizaciones, desde las mismas estrechas y antiguas calles de la que era entonces, peque\u00f1a poblaci\u00f3n de Polop, sal\u00edan los excursionistas en busca de las vertientes y formas de una impresionante y escarpada monta\u00f1a que surge hacia el oeste: \u201cEl Le\u00f3n Dormido\u201d. Forma que hacen las paredes y rocas de la vertiente este del Ponoch, y que precisamente parece el cuerpo, extremidades y cabeza con su melena, de un grandioso le\u00f3n de la Sabana africana, pero como agazapado, dormido\u2026 Precioso e impresionante. Y mirando hacia esta monta\u00f1a majestuosa, imagen m\u00e1s llamativa o atrayente desde aqu\u00ed que las propias formas y alturas de alto Puig Campana, nos dirigimos para colarnos por un valle entre esta monta\u00f1a y otra escarpada y vertical en su norte, que es el Cabal.<\/p>\n<p>Hoy d\u00eda la carretera que corta las laderas de estas monta\u00f1as y que acerca la costa a la Vall de Guadalest, evitando los n\u00facleos urbanos y sus urbanizaciones circundantes, ser\u00e1 la que seguiremos en coche hasta una redonda. Seg\u00fan seguimos esta carretera en direcci\u00f3n norte en busca de ese fabuloso valle, nos encontramos con una redonda con varias v\u00edas a los lados nada m\u00e1s salir de la zona de urbanizaciones, que quedan cerca de las inmediaciones de las laderas del Puig Campana y Ponoch, y justo a la izquierda, al oeste, comienzan a aparecer las gigantescas paredes del Le\u00f3n Dormido\u2026 pues no nos pararemos en esta redonda, si no en la siguiente, a pesar de que por esta redonda est\u00e1n las indicaciones de un P.R. que luego pisaremos m\u00e1s arriba; nos paramos en la siguiente redonda, carretera arriba pero nada lejos, saliendo a la derecha la salida a Polop, la antigua carretera a Polop que se dirig\u00eda a Guadalest. Nosotros nos salimos por un camino hacia el suroeste, hacia la monta\u00f1a, dejando a la espalda ese recorrido de la antigua carretera de Polop al nombrado valle. Pero paramos enseguida, cerca de la redonda. En un principio es un camino asfaltado, pero a los pocos metros se acaba el asfalto, sale un camino a la izquierda y sureste, y es aqu\u00ed, a un lado del camino, donde dejaremos el coche.<\/p>\n<div id=\"attachment_44606\" style=\"width: 1034px\" class=\"wp-caption aligncenter\"><a class=\"dt-single-image\" href=\"https:\/\/www.monta\u00f1asdelaluna.es\/wp-content\/uploads\/2020\/08\/subiendo-al-coll-del-llamp-delante-las-paredes-del-cabal-sanchet.jpg\" data-dt-img-description=\"\"><img loading=\"lazy\" decoding=\"async\" aria-describedby=\"caption-attachment-44606\" class=\"wp-image-44606 size-large\" src=\"https:\/\/www.monta\u00f1asdelaluna.es\/wp-content\/uploads\/2020\/08\/subiendo-al-coll-del-llamp-delante-las-paredes-del-cabal-sanchet-1024x678.jpg\" alt=\"Subiendo al Coll del Llamp, delante las paredes del Cabal (Sanchet)\" width=\"1024\" height=\"678\" srcset=\"https:\/\/www.monta\u00f1asdelaluna.es\/wp-content\/uploads\/2020\/08\/subiendo-al-coll-del-llamp-delante-las-paredes-del-cabal-sanchet-1024x678.jpg 1024w, https:\/\/www.monta\u00f1asdelaluna.es\/wp-content\/uploads\/2020\/08\/subiendo-al-coll-del-llamp-delante-las-paredes-del-cabal-sanchet-300x199.jpg 300w, https:\/\/www.monta\u00f1asdelaluna.es\/wp-content\/uploads\/2020\/08\/subiendo-al-coll-del-llamp-delante-las-paredes-del-cabal-sanchet.jpg 1837w\" sizes=\"auto, (max-width: 1024px) 100vw, 1024px\" \/><\/a><p id=\"caption-attachment-44606\" class=\"wp-caption-text\">Subiendo al Coll del Llamp, delante las paredes del Cabal (Sanchet)<\/p><\/div>\n<div id=\"attachment_44607\" style=\"width: 1850px\" class=\"wp-caption aligncenter\"><a class=\"dt-single-image\" href=\"https:\/\/www.monta\u00f1asdelaluna.es\/wp-content\/uploads\/2020\/08\/camino-del-collado-del-ponoch-o-del-llamp-detras-se-asoma-el-puig-campana.jpg\" data-dt-img-description=\"\"><img loading=\"lazy\" decoding=\"async\" aria-describedby=\"caption-attachment-44607\" class=\"wp-image-44607 size-full\" src=\"https:\/\/www.monta\u00f1asdelaluna.es\/wp-content\/uploads\/2020\/08\/camino-del-collado-del-ponoch-o-del-llamp-detras-se-asoma-el-puig-campana.jpg\" alt=\"Camino del collado del Ponoch (o del Llamp), detr\u00e1s se asoma el Puig Campana\" width=\"1840\" height=\"1213\" srcset=\"https:\/\/www.monta\u00f1asdelaluna.es\/wp-content\/uploads\/2020\/08\/camino-del-collado-del-ponoch-o-del-llamp-detras-se-asoma-el-puig-campana.jpg 1840w, https:\/\/www.monta\u00f1asdelaluna.es\/wp-content\/uploads\/2020\/08\/camino-del-collado-del-ponoch-o-del-llamp-detras-se-asoma-el-puig-campana-300x198.jpg 300w, https:\/\/www.monta\u00f1asdelaluna.es\/wp-content\/uploads\/2020\/08\/camino-del-collado-del-ponoch-o-del-llamp-detras-se-asoma-el-puig-campana-1024x675.jpg 1024w\" sizes=\"auto, (max-width: 1840px) 100vw, 1840px\" \/><\/a><p id=\"caption-attachment-44607\" class=\"wp-caption-text\">Camino del collado del Ponoch (o del Llamp), detr\u00e1s se asoma el Puig Campana<\/p><\/div>\n<p>Lo primero que admiramos y nos maravillamos es ante la visi\u00f3n del Le\u00f3n Dormido nada m\u00e1s de salir del coche. Esas paredes verticales, rojizas y casi blancas, crudas, que le da el color de la caliza de este clima Mediterr\u00e1neo. Precioso e impresionante. Pero nosotros seguiremos este camino arriba, observando que se mete entre estas dos monta\u00f1as: a la izquierda quedar\u00e1 la mole del Ponoch y a la derecha la mole del Cabal. Arriba, al collado que une estas dos monta\u00f1as, es a donde vamos. Al Coll del Llamp.<\/p>\n<p>Nada m\u00e1s pasar junto a una gran balsa de agua supongo que para riego, nos sale por la izquierda un camino y las se\u00f1alizaciones de un P.R., el P.R. CV-13. Es aqu\u00ed donde los caminos se unen y giran hacia arriba y oeste, y comienzan a subir por el valle intern\u00e1ndose en la monta\u00f1a. Al principio pasaremos por debajo de lo que parece un castillo o los restos de \u00e9ste que quedan o quedaban arriba de una gran roca al norte, a la derecha: El Castellet. Seguiremos a partir de aqu\u00ed el recorrido marcado del P.R. CV-13, camino arriba, y sendas que atajan las curvas del zigzag del camino. Nos damos cuenta enseguida de que estamos en terreno de escaladores por las numerosas escuelas de escalada deportiva que iremos viendo si prestamos atenci\u00f3n, en las paredes verticales de la derecha en la monta\u00f1a.<\/p>\n<p>Poco m\u00e1s arriba, despu\u00e9s de dejar atr\u00e1s un \u00e1rea recreativa, La Font del Pi, y coger bastante altura, llegamos a otro cruce de camino y recorridos P.R. nosotros seguiremos la misma direcci\u00f3n hacia arriba, oeste, por la misma hendidura del valle. Hay una construcci\u00f3n: Estamos en la Casa de Deu; y el camino a seguir puede que tenga puesta una cadena para que no puedan pasar veh\u00edculos motorizados, ser\u00e1 que el que salga a la izquierda y suroeste\u2026 no s\u00e9 si alguna vez me cont\u00f3 algo Jes\u00fas Santana sobre este lugar, como que era un lugar de retiro de alguna religi\u00f3n, secta\u2026 no lo tengo muy claro, pero alguna reminiscencia me sale\u2026<\/p>\n<div id=\"attachment_44608\" style=\"width: 1034px\" class=\"wp-caption aligncenter\"><a class=\"dt-single-image\" href=\"https:\/\/www.monta\u00f1asdelaluna.es\/wp-content\/uploads\/2020\/08\/de-izquierda-a-derecha-pablo-joaquin-quique-y-jesus-en-la-cima-del-ponoch-1-183-mts-al-fondo-a-la-izquierda-el-penon-d-ifach-entre-nubes.jpg\" data-dt-img-description=\"\"><img loading=\"lazy\" decoding=\"async\" aria-describedby=\"caption-attachment-44608\" class=\"wp-image-44608 size-large\" src=\"https:\/\/www.monta\u00f1asdelaluna.es\/wp-content\/uploads\/2020\/08\/de-izquierda-a-derecha-pablo-joaquin-quique-y-jesus-en-la-cima-del-ponoch-1-183-mts-al-fondo-a-la-izquierda-el-penon-d-ifach-entre-nubes-1024x678.jpg\" alt=\"De izquierda a derecha: Pablo, Joaqu\u00edn, Quique y Jes\u00fas en la cima del Ponoch, 1.183 mts., al fondo a la izquierda el Pe\u00f1\u00f3n d'Ifach entre nubes\" width=\"1024\" height=\"678\" srcset=\"https:\/\/www.monta\u00f1asdelaluna.es\/wp-content\/uploads\/2020\/08\/de-izquierda-a-derecha-pablo-joaquin-quique-y-jesus-en-la-cima-del-ponoch-1-183-mts-al-fondo-a-la-izquierda-el-penon-d-ifach-entre-nubes-1024x678.jpg 1024w, https:\/\/www.monta\u00f1asdelaluna.es\/wp-content\/uploads\/2020\/08\/de-izquierda-a-derecha-pablo-joaquin-quique-y-jesus-en-la-cima-del-ponoch-1-183-mts-al-fondo-a-la-izquierda-el-penon-d-ifach-entre-nubes-300x199.jpg 300w, https:\/\/www.monta\u00f1asdelaluna.es\/wp-content\/uploads\/2020\/08\/de-izquierda-a-derecha-pablo-joaquin-quique-y-jesus-en-la-cima-del-ponoch-1-183-mts-al-fondo-a-la-izquierda-el-penon-d-ifach-entre-nubes.jpg 1837w\" sizes=\"auto, (max-width: 1024px) 100vw, 1024px\" \/><\/a><p id=\"caption-attachment-44608\" class=\"wp-caption-text\">De izquierda a derecha: Pablo, Joaqu\u00edn, Quique y Jes\u00fas en la cima del Ponoch, 1.183 mts., al fondo a la izquierda el Pe\u00f1\u00f3n d&#8217;Ifach entre nubes<\/p><\/div>\n<div id=\"attachment_44609\" style=\"width: 1034px\" class=\"wp-caption aligncenter\"><a class=\"dt-single-image\" href=\"https:\/\/www.monta\u00f1asdelaluna.es\/wp-content\/uploads\/2020\/08\/de-izquierda-a-derecha-joaquin-jesus-quique-y-pablo-en-la-cima-del-ponoch-1-183-mts.jpg\" data-dt-img-description=\"\"><img loading=\"lazy\" decoding=\"async\" aria-describedby=\"caption-attachment-44609\" class=\"wp-image-44609 size-large\" src=\"https:\/\/www.monta\u00f1asdelaluna.es\/wp-content\/uploads\/2020\/08\/de-izquierda-a-derecha-joaquin-jesus-quique-y-pablo-en-la-cima-del-ponoch-1-183-mts-1024x632.jpg\" alt=\"De izquierda a derecha: Joaqu\u00edn, Jes\u00fas, Quique y Pablo en la cima del Ponoch, 1.183 mts.\" width=\"1024\" height=\"632\" srcset=\"https:\/\/www.monta\u00f1asdelaluna.es\/wp-content\/uploads\/2020\/08\/de-izquierda-a-derecha-joaquin-jesus-quique-y-pablo-en-la-cima-del-ponoch-1-183-mts-1024x632.jpg 1024w, https:\/\/www.monta\u00f1asdelaluna.es\/wp-content\/uploads\/2020\/08\/de-izquierda-a-derecha-joaquin-jesus-quique-y-pablo-en-la-cima-del-ponoch-1-183-mts-300x185.jpg 300w, https:\/\/www.monta\u00f1asdelaluna.es\/wp-content\/uploads\/2020\/08\/de-izquierda-a-derecha-joaquin-jesus-quique-y-pablo-en-la-cima-del-ponoch-1-183-mts.jpg 1838w\" sizes=\"auto, (max-width: 1024px) 100vw, 1024px\" \/><\/a><p id=\"caption-attachment-44609\" class=\"wp-caption-text\">De izquierda a derecha: Joaqu\u00edn, Jes\u00fas, Quique y Pablo en la cima del Ponoch, 1.183 mts.<\/p><\/div>\n<p>Este camino ahora es m\u00e1s larguito pero recto, definido, y fabuloso. A la derecha dejamos las paredes de Cabal y a la izquierda el cercano cauce del Barranc de Gulabdar, siguiendo las indicaciones ahora de dos P.R.: el 13 de antes y a partir de la Casa de Deu, del n\u00famero 17, que ven\u00eda con el nuevo camino surgido del norte y que se cruzaba con el que llev\u00e1bamos justo en frente de esta casa.<\/p>\n<p>Arriba del camino llegamos a un collado y a un cruce de recorridos o sendas. Seg\u00fan el mapa o descripci\u00f3n que busques del lugar, este es el Coll del Llamp, o no, o simplemente un collado o el punto m\u00e1s alto que comunica la monta\u00f1a del Ponoch al sur del Alt de Sanxet, Cabal, al norte. Estamos a 928 mts. ya, y podemos contemplar la vertiente oeste de este cordal de crestas y picos rocosos que sale del Puig Campana hacia el norte en busca de Sierra Aitana. Aqu\u00ed no dejamos de seguir el P.R. CV-13 hacia el sur, suroeste. El recorrido desde la Casa de Deu ha ido girando de suroeste a sur casi. Y por la parte m\u00e1s alta de esta loma que une las moles del Ponoch y la del Cabal, nos llevar\u00e1, entre crestas y torres rocosas, hasta otro collado en mitad de lo que podr\u00eda ser la cresta cimera del Ponoch. El Ponoch como una sierra, tiene una forma alineada de oeste a este, no es como su hermano mayor, el Puig Campana que es toda una torre, repartidas en dos \u201ctorreones\u201d, sin una forma alargada o alineada; el Ponoch y Cabal, s\u00ed. Con lo que llegamos a un llanito junto a una espectacular torre de roca y desde aqu\u00ed vemos la otra vertiente del Ponoch: la sur.<\/p>\n<div id=\"attachment_44612\" style=\"width: 2909px\" class=\"wp-caption aligncenter\"><a class=\"dt-single-image\" href=\"https:\/\/www.monta\u00f1asdelaluna.es\/wp-content\/uploads\/2020\/08\/en-la-cima-del-ponoch-1-183-mts-al-fondo-de-izquierda-a-derecha-sierra-del-ferrer-callosa-d-en-sarria-sierra-de-bernia-penon-d-ifach-entre-nubes-y-bahia-de-altea.jpg\" data-dt-img-description=\"\"><img loading=\"lazy\" decoding=\"async\" aria-describedby=\"caption-attachment-44612\" class=\"wp-image-44612 size-full\" src=\"https:\/\/www.monta\u00f1asdelaluna.es\/wp-content\/uploads\/2020\/08\/en-la-cima-del-ponoch-1-183-mts-al-fondo-de-izquierda-a-derecha-sierra-del-ferrer-callosa-d-en-sarria-sierra-de-bernia-penon-d-ifach-entre-nubes-y-bahia-de-altea.jpg\" alt=\"En la cima del Ponoch, 1.183 mts., al fondo de izquierda a derecha: Sierra del Ferrer, Callosa d'en Sarri\u00e1, Sierra de Bernia, Pe\u00f1\u00f3n d'Ifach entre nubes y Bahia de Altea\" width=\"2899\" height=\"1074\" srcset=\"https:\/\/www.monta\u00f1asdelaluna.es\/wp-content\/uploads\/2020\/08\/en-la-cima-del-ponoch-1-183-mts-al-fondo-de-izquierda-a-derecha-sierra-del-ferrer-callosa-d-en-sarria-sierra-de-bernia-penon-d-ifach-entre-nubes-y-bahia-de-altea.jpg 2899w, https:\/\/www.monta\u00f1asdelaluna.es\/wp-content\/uploads\/2020\/08\/en-la-cima-del-ponoch-1-183-mts-al-fondo-de-izquierda-a-derecha-sierra-del-ferrer-callosa-d-en-sarria-sierra-de-bernia-penon-d-ifach-entre-nubes-y-bahia-de-altea-300x111.jpg 300w, https:\/\/www.monta\u00f1asdelaluna.es\/wp-content\/uploads\/2020\/08\/en-la-cima-del-ponoch-1-183-mts-al-fondo-de-izquierda-a-derecha-sierra-del-ferrer-callosa-d-en-sarria-sierra-de-bernia-penon-d-ifach-entre-nubes-y-bahia-de-altea-1024x379.jpg 1024w\" sizes=\"auto, (max-width: 2899px) 100vw, 2899px\" \/><\/a><p id=\"caption-attachment-44612\" class=\"wp-caption-text\">En la cima del Ponoch, 1.183 mts., al fondo de izquierda a derecha: Sierra del Ferrer, Callosa d&#8217;en Sarri\u00e1, Sierra de Bernia, Pe\u00f1\u00f3n d&#8217;Ifach entre nubes y Bahia de Altea<\/p><\/div>\n<p>Seg\u00fan otros mapas, \u00e9ste es el Coll del Llamp, a 977 mts. Justo en la parte oeste de la cresta cimera o columna vertebral del Ponoch. La cima del Ponoch desde este punto queda al este y subiendo, teniendo que girar y cambiar de direcci\u00f3n hacia el este por un lado de dicha cresta, en subida, hasta llegar a la cima de esta monta\u00f1a, que reconoceremos porque hay una peque\u00f1a cruz clavada en la roca. Estamos a 1.183 mts. de altitud en la cima de lo que parece una meseta inclinada con su parte m\u00e1s alta, la misma cresta cimera, donde se encuentra la cruz, y el otro extremo al norte, surcado por paredes y verticales pendientes que no logramos ver desde la cima pero s\u00ed percibir\u2026 como son aquellas que forman la figura del Le\u00f3n Dormido.<\/p>\n<p>Las vistas son impresionantes: vemos al sur la mole algo \u201cdesdibujada\u201d del Puig Campana, el \u201chermano mayor\u201d, magn\u00edfica, altiva, desafiante. Al norte la otra monta\u00f1a hermana, el Cabal con su cresta bic\u00e9fala, dos crestas en la cima, y sus paredes y precipicios caracter\u00edsticos y embelesadores. Hacia el espacio que queda entre esta monta\u00f1a y el mar por la Bah\u00eda de Altea, descubrimos otra gran y famosa sierra: Bernia; con esa cima encrestada, bastante rocosa y escarpada, y sus laderas con una ondulaci\u00f3n extra\u00f1a, como la de un barco al rev\u00e9s, \u201cel gale\u00f3n volcado\u201d. Justo al este, noreste. Detr\u00e1s de \u00e9sta, poco m\u00e1s al norte, otra recortada pero menos famosa sierra, aun as\u00ed, con una vertiente oeste espectacular y vertical: la Sierra del Ferrer. Cuyo valle al oeste es por el que discurre el curso del R\u00edo Algar. Delante, la poblaci\u00f3n de Callosa d\u2019en Sarri\u00e1, cierra la enorme plana entre la Sierra de Bernia y el Puig Campana que se abre al mar por la Bah\u00eda de Altea, y se cierra, detr\u00e1s de la poblaci\u00f3n hacia el oeste, en la Vall de Guadalest. Al final de la Sierra de Bernia, justo cuando los montecillos cercanos tocan el mar, aparece casi cubierto por una \u00fanica nube, el extraordinario Pe\u00f1\u00f3n d\u2019Ifach, peque\u00f1ito desde aqu\u00ed pero vigoroso y en\u00e9rgico cuando lo ves o descubres desde sus cercan\u00edas\u2026 en resumen, un magn\u00edfico paisaje de la monta\u00f1a y el mar Alicantino.<\/p>\n<div id=\"attachment_44610\" style=\"width: 1034px\" class=\"wp-caption aligncenter\"><a class=\"dt-single-image\" href=\"https:\/\/www.monta\u00f1asdelaluna.es\/wp-content\/uploads\/2020\/08\/joaquin-mirando-a-la-camara-y-quique-en-la-cima-del-ponoch-1-183-mts-detras-el-puig-campana.jpg\" data-dt-img-description=\"\"><img loading=\"lazy\" decoding=\"async\" aria-describedby=\"caption-attachment-44610\" class=\"wp-image-44610 size-large\" src=\"https:\/\/www.monta\u00f1asdelaluna.es\/wp-content\/uploads\/2020\/08\/joaquin-mirando-a-la-camara-y-quique-en-la-cima-del-ponoch-1-183-mts-detras-el-puig-campana-1024x677.jpg\" alt=\"Joaqu\u00edn mirando a la c\u00e1mara y Quique, en la cima del Ponoch, 1.183 mts., detr\u00e1s el Puig Campana\" width=\"1024\" height=\"677\" srcset=\"https:\/\/www.monta\u00f1asdelaluna.es\/wp-content\/uploads\/2020\/08\/joaquin-mirando-a-la-camara-y-quique-en-la-cima-del-ponoch-1-183-mts-detras-el-puig-campana-1024x677.jpg 1024w, https:\/\/www.monta\u00f1asdelaluna.es\/wp-content\/uploads\/2020\/08\/joaquin-mirando-a-la-camara-y-quique-en-la-cima-del-ponoch-1-183-mts-detras-el-puig-campana-300x198.jpg 300w, https:\/\/www.monta\u00f1asdelaluna.es\/wp-content\/uploads\/2020\/08\/joaquin-mirando-a-la-camara-y-quique-en-la-cima-del-ponoch-1-183-mts-detras-el-puig-campana.jpg 1836w\" sizes=\"auto, (max-width: 1024px) 100vw, 1024px\" \/><\/a><p id=\"caption-attachment-44610\" class=\"wp-caption-text\">Joaqu\u00edn mirando a la c\u00e1mara y Quique, en la cima del Ponoch, 1.183 mts., detr\u00e1s el Puig Campana<\/p><\/div>\n<div id=\"attachment_44611\" style=\"width: 1847px\" class=\"wp-caption aligncenter\"><a class=\"dt-single-image\" href=\"https:\/\/www.monta\u00f1asdelaluna.es\/wp-content\/uploads\/2020\/08\/el-puig-campana-desde-la-cima-del-ponoch-a-la-derecha-el-coll-del-pouet.jpg\" data-dt-img-description=\"\"><img loading=\"lazy\" decoding=\"async\" aria-describedby=\"caption-attachment-44611\" class=\"wp-image-44611 size-full\" src=\"https:\/\/www.monta\u00f1asdelaluna.es\/wp-content\/uploads\/2020\/08\/el-puig-campana-desde-la-cima-del-ponoch-a-la-derecha-el-coll-del-pouet.jpg\" alt=\"El Puig Campana desde la cima del Ponoch, a la derecha el Coll del Pouet\" width=\"1837\" height=\"1214\" srcset=\"https:\/\/www.monta\u00f1asdelaluna.es\/wp-content\/uploads\/2020\/08\/el-puig-campana-desde-la-cima-del-ponoch-a-la-derecha-el-coll-del-pouet.jpg 1837w, https:\/\/www.monta\u00f1asdelaluna.es\/wp-content\/uploads\/2020\/08\/el-puig-campana-desde-la-cima-del-ponoch-a-la-derecha-el-coll-del-pouet-300x198.jpg 300w, https:\/\/www.monta\u00f1asdelaluna.es\/wp-content\/uploads\/2020\/08\/el-puig-campana-desde-la-cima-del-ponoch-a-la-derecha-el-coll-del-pouet-1024x677.jpg 1024w\" sizes=\"auto, (max-width: 1837px) 100vw, 1837px\" \/><\/a><p id=\"caption-attachment-44611\" class=\"wp-caption-text\">El Puig Campana desde la cima del Ponoch, a la derecha el Coll del Pouet<\/p><\/div>\n<p>Nos hacemos fotos de grupo, fotos de cima. Quique dice de hacer una foto de nuestros perfiles a contraluz\u2026 nos re\u00edmos de algunas de las ocurrencias art\u00edsticas del Quique. Jes\u00fas busca algo por la cima en forma de meseta, creo que es una piedra para su colecci\u00f3n de piedras de cimas de monta\u00f1as. Almorzamos algo, no puede faltar el alimento; y al cabo de unos minutos reemprendemos la marcha de vuelta. Queremos subir el \u201cotro hermanito\u201d, el Cabal, que queda al norte del Ponoch; con lo que debemos de desandar lo caminado hasta los collados del Llamp y el \u201cfalso Llamp\u201d (o el otro Llamp) para encararnos con el ascenso a esta monta\u00f1a.<\/p>\n<p>Esta vez decidimos no seguir la senda marcada por este P.R. CV-13, que hemos seguido para llegar a la cima del Ponoch, y bajar por la punta de la cresta que une la misma cima del Ponoch con el nombrado collado. Las vistas en la bajada con las torres de roca junto al collado, y la misma cresta rocosa son preciosas e incre\u00edbles: admiramos el perfil de la monta\u00f1a con sus dos vertientes, la norte y sur, a cada lado de la crestecilla, y hacia el sur, suroeste, el Coll del Pouet que une la monta\u00f1a del Ponoch con el magn\u00edfico Puig Campana. La bajada con las vistas hacia este \u00faltimo, tambi\u00e9n espectaculares.<\/p>\n<div id=\"attachment_44613\" style=\"width: 1848px\" class=\"wp-caption aligncenter\"><a class=\"dt-single-image\" href=\"https:\/\/www.monta\u00f1asdelaluna.es\/wp-content\/uploads\/2020\/08\/bajando-al-collado-del-ponoch-o-del-llamp-a-la-izquierda-el-coll-de-pouet.jpg\" data-dt-img-description=\"\"><img loading=\"lazy\" decoding=\"async\" aria-describedby=\"caption-attachment-44613\" class=\"wp-image-44613 size-full\" src=\"https:\/\/www.monta\u00f1asdelaluna.es\/wp-content\/uploads\/2020\/08\/bajando-al-collado-del-ponoch-o-del-llamp-a-la-izquierda-el-coll-de-pouet.jpg\" alt=\"Bajando al collado del Ponoch (o del Llamp), a la izquierda el Coll de Pouet\" width=\"1838\" height=\"1213\" srcset=\"https:\/\/www.monta\u00f1asdelaluna.es\/wp-content\/uploads\/2020\/08\/bajando-al-collado-del-ponoch-o-del-llamp-a-la-izquierda-el-coll-de-pouet.jpg 1838w, https:\/\/www.monta\u00f1asdelaluna.es\/wp-content\/uploads\/2020\/08\/bajando-al-collado-del-ponoch-o-del-llamp-a-la-izquierda-el-coll-de-pouet-300x198.jpg 300w, https:\/\/www.monta\u00f1asdelaluna.es\/wp-content\/uploads\/2020\/08\/bajando-al-collado-del-ponoch-o-del-llamp-a-la-izquierda-el-coll-de-pouet-1024x676.jpg 1024w\" sizes=\"auto, (max-width: 1838px) 100vw, 1838px\" \/><\/a><p id=\"caption-attachment-44613\" class=\"wp-caption-text\">Bajando al collado del Ponoch (o del Llamp), a la izquierda el Coll de Pouet<\/p><\/div>\n<p>Llegamos a este Coll de Llamp (seg\u00fan algunos mapas) o Coll del Ponoch, a 977 metros. Realmente es m\u00e1s probable que este sea el Coll del Llamp, el que une los recorridos de las vertientes sur y norte del Ponoch, que el que une el Ponoch con el Cabal, ya que la orograf\u00eda de este lugar con esas rocas creando torres que miran al cielo, son propicios para funcionar como pararrayos y atraerlos, que el otro lugar. De ah\u00ed lo de \u201cllamp\u201d.<\/p>\n<p>Aqu\u00ed giramos hacia el norte por la ladera llena de matorrales en busca del collado que separa o une el Ponoch con el Cabal. Mientras contemplamos las paredes y perfiles de la siguiente monta\u00f1a que queremos subir. Al llegar al collado, hemos seguido las se\u00f1alizaciones de los P.R. que cruzan estos lugares, ahora dejaremos de seguir estos P.R. para internarnos en una senda que sale hacia el oeste, como queriendo circundar la mole de la monta\u00f1a del Cabal por su oeste. Igual nos aparecen dos, cada una a diferente altura en la ladera de la monta\u00f1a, cogeremos la que queda a m\u00e1s altura, por debajo de las paredes y escarpes suroeste del Cabal.<\/p>\n<div id=\"attachment_44614\" style=\"width: 831px\" class=\"wp-caption aligncenter\"><a class=\"dt-single-image\" href=\"https:\/\/www.monta\u00f1asdelaluna.es\/wp-content\/uploads\/2020\/08\/llegando-al-collado-del-ponoch-o-del-llamp.jpg\" data-dt-img-description=\"\"><img loading=\"lazy\" decoding=\"async\" aria-describedby=\"caption-attachment-44614\" class=\"wp-image-44614 \" src=\"https:\/\/www.monta\u00f1asdelaluna.es\/wp-content\/uploads\/2020\/08\/llegando-al-collado-del-ponoch-o-del-llamp.jpg\" alt=\"Llegando al collado del Ponoch (o del Llamp)\" width=\"821\" height=\"1229\" srcset=\"https:\/\/www.monta\u00f1asdelaluna.es\/wp-content\/uploads\/2020\/08\/llegando-al-collado-del-ponoch-o-del-llamp.jpg 1222w, https:\/\/www.monta\u00f1asdelaluna.es\/wp-content\/uploads\/2020\/08\/llegando-al-collado-del-ponoch-o-del-llamp-200x300.jpg 200w, https:\/\/www.monta\u00f1asdelaluna.es\/wp-content\/uploads\/2020\/08\/llegando-al-collado-del-ponoch-o-del-llamp-684x1024.jpg 684w\" sizes=\"auto, (max-width: 821px) 100vw, 821px\" \/><\/a><p id=\"caption-attachment-44614\" class=\"wp-caption-text\">Llegando al collado del Ponoch (o del Llamp)<\/p><\/div>\n<div id=\"attachment_44615\" style=\"width: 832px\" class=\"wp-caption aligncenter\"><a class=\"dt-single-image\" href=\"https:\/\/www.monta\u00f1asdelaluna.es\/wp-content\/uploads\/2020\/08\/PonochCaval2004-11-001.jpg\" data-dt-img-description=\"\"><img loading=\"lazy\" decoding=\"async\" aria-describedby=\"caption-attachment-44615\" class=\"wp-image-44615 \" src=\"https:\/\/www.monta\u00f1asdelaluna.es\/wp-content\/uploads\/2020\/08\/PonochCaval2004-11-001.jpg\" alt=\"Llegando al collado del Ponoch (o del Llamp)\" width=\"822\" height=\"1229\" srcset=\"https:\/\/www.monta\u00f1asdelaluna.es\/wp-content\/uploads\/2020\/08\/PonochCaval2004-11-001.jpg 1224w, https:\/\/www.monta\u00f1asdelaluna.es\/wp-content\/uploads\/2020\/08\/PonochCaval2004-11-001-201x300.jpg 201w, https:\/\/www.monta\u00f1asdelaluna.es\/wp-content\/uploads\/2020\/08\/PonochCaval2004-11-001-685x1024.jpg 685w\" sizes=\"auto, (max-width: 822px) 100vw, 822px\" \/><\/a><p id=\"caption-attachment-44615\" class=\"wp-caption-text\">Llegando al collado del Ponoch (o del Llamp)<\/p><\/div>\n<p>Esta senda nos lleva hasta una mas\u00eda, una casa de labor, el Mas de Carrasca, ubicada en una especie de valle al suroeste del Cabal, una vez hemos girado hacia el norte bordeando una cresta que baja de las alturas de la monta\u00f1a. Justo antes de llegar a la caracter\u00edstica Mas de Carrasca, una seda que nos sale a la derecha y arriba, ser\u00e1 la que seguiremos en busca de las alturas del Cabal. Es una l\u00e1stima pero nos quedamos a pocos metros de pasar por el Mas de Carrasca, construcci\u00f3n ubicada estrat\u00e9gica y privilegiadamente en uno de los muchos lugares m\u00e1s solitarios, encantadores y excepcionales de la monta\u00f1a alicantina\u2026<\/p>\n<p>Justo esta sendilla o recorrido, el cual aparece en los mapas como una traza sin ser senda, pasa por la parte m\u00e1s encrespada, afilada en ocasiones, de la loma cimera, rocosa y emocionante de la cresta que nos llevar\u00e1 hasta la cima del Cabal; girando hacia el este, noreste, por lo que llaman el Assagador Gulabdar. El cual nos llevar\u00e1 sin p\u00e9rdida alguna hasta la cima, la punta rocosa m\u00e1s alta de la monta\u00f1a.<\/p>\n<p>Mientras subimos podemos observar mirando al norte, otra cresta o loma encrespada cimera, que tambi\u00e9n sube casi acerc\u00e1ndose hasta la cumbre de la monta\u00f1a. Como hab\u00eda descrito anteriormente, la monta\u00f1a del Cabal o mejor dicho su cima, al contrario que el Ponoch, es bic\u00e9fala: son como dos crestas, dos formaciones, dos monta\u00f1as serradas y alargadas, escarpadas, encrespadas, que confluyen en el punto m\u00e1s alto formando dos cimitas rocosas, diferenciadas y de diferente altura\u2026 y nombre. Mirando hacia el oeste, ve\u00edamos ese vallecillo que formaban el espacio entre ambas formaciones, crestas, lomas rocosas, donde se ubicaba el Mas de Carrasca.<\/p>\n<div id=\"attachment_44616\" style=\"width: 1845px\" class=\"wp-caption aligncenter\"><a class=\"dt-single-image\" href=\"https:\/\/www.monta\u00f1asdelaluna.es\/wp-content\/uploads\/2020\/08\/delante-el-mas-de-carrasca.jpg\" data-dt-img-description=\"\"><img loading=\"lazy\" decoding=\"async\" aria-describedby=\"caption-attachment-44616\" class=\"wp-image-44616 size-full\" src=\"https:\/\/www.monta\u00f1asdelaluna.es\/wp-content\/uploads\/2020\/08\/delante-el-mas-de-carrasca.jpg\" alt=\"Delante el Mas de Carrasca\" width=\"1835\" height=\"1213\" srcset=\"https:\/\/www.monta\u00f1asdelaluna.es\/wp-content\/uploads\/2020\/08\/delante-el-mas-de-carrasca.jpg 1835w, https:\/\/www.monta\u00f1asdelaluna.es\/wp-content\/uploads\/2020\/08\/delante-el-mas-de-carrasca-300x198.jpg 300w, https:\/\/www.monta\u00f1asdelaluna.es\/wp-content\/uploads\/2020\/08\/delante-el-mas-de-carrasca-1024x677.jpg 1024w\" sizes=\"auto, (max-width: 1835px) 100vw, 1835px\" \/><\/a><p id=\"caption-attachment-44616\" class=\"wp-caption-text\">Delante el Mas de Carrasca<\/p><\/div>\n<p>Hace mucho tiempo atr\u00e1s, mirando mi querido Atlas de Espa\u00f1a, descubr\u00ed esta monta\u00f1a y su nombre, justo detr\u00e1s del Ponoch. Se alzaba igual de alta y espectacular como el mismo Ponoch, pero no con su fama o reconocimiento\u2026 mal hecho porque es igual o m\u00e1s espectacular monta\u00f1a. El nombre que pon\u00eda en el mapa era Sanchet. Bastante tiempo despu\u00e9s, intercambiando conocimientos geogr\u00e1ficos de las monta\u00f1as alicantinas con mis compa\u00f1eros alicantinos, Jes\u00fas reconoc\u00eda a esta monta\u00f1a como Cabal; y durante un tiempo Sanchet se convirti\u00f3 en Cabal, haciendo caso a mi amigo ya que conoc\u00eda los nombres y monta\u00f1as de esta parte de la provincia mejor que yo, ya que las hab\u00eda subido y recorrido varias veces; como ya he comentado al comienzo del relato. Pero justo viendo nuevos mapas m\u00e1s detallados y la forma de la misma monta\u00f1a, me doy cuenta que Cabal era una parte de la monta\u00f1a, y Sanchet, Alt de Sanxet, otra: la cresta o formaci\u00f3n m\u00e1s al norte es justo lo que llaman Peny\u00f3 Cabal, cuya altura llega a los 1.161 mts., y era la altura que conoc\u00edamos, y la formaci\u00f3n o cresta cimera m\u00e1s al sur (son pocos metros de distancia entre ambas) es la que albergaba la cima del Alt de Sanxet, que era hacia donde nosotros sub\u00edamos ahora.<\/p>\n<p>Las cimas estaban muy cerca una de la otra; solo las separaba el collado cimero poco o nada escarpado, que une las dos formaciones\u2026 pero no supimos o quisimos subir a la cima del Peny\u00f3 Cabal, desde la cima del Alt de Sanxet la ve\u00edamos como un murall\u00f3n escarpado, rocoso, por el que no vislumbr\u00e1bamos paso alguno hasta su cima, pero espectacular y altivo, magn\u00edfico, desafiante\u2026<\/p>\n<div id=\"attachment_44617\" style=\"width: 1034px\" class=\"wp-caption aligncenter\"><a class=\"dt-single-image\" href=\"https:\/\/www.monta\u00f1asdelaluna.es\/wp-content\/uploads\/2020\/08\/subiendo-a-la-cima-del-alt-de-sanchet-cabal.jpg\" data-dt-img-description=\"\"><img loading=\"lazy\" decoding=\"async\" aria-describedby=\"caption-attachment-44617\" class=\"wp-image-44617 size-large\" src=\"https:\/\/www.monta\u00f1asdelaluna.es\/wp-content\/uploads\/2020\/08\/subiendo-a-la-cima-del-alt-de-sanchet-cabal-1024x677.jpg\" alt=\"Subiendo a la cima del Alt de Sanxet (Cabal)\" width=\"1024\" height=\"677\" srcset=\"https:\/\/www.monta\u00f1asdelaluna.es\/wp-content\/uploads\/2020\/08\/subiendo-a-la-cima-del-alt-de-sanchet-cabal-1024x677.jpg 1024w, https:\/\/www.monta\u00f1asdelaluna.es\/wp-content\/uploads\/2020\/08\/subiendo-a-la-cima-del-alt-de-sanchet-cabal-300x198.jpg 300w, https:\/\/www.monta\u00f1asdelaluna.es\/wp-content\/uploads\/2020\/08\/subiendo-a-la-cima-del-alt-de-sanchet-cabal.jpg 1836w\" sizes=\"auto, (max-width: 1024px) 100vw, 1024px\" \/><\/a><p id=\"caption-attachment-44617\" class=\"wp-caption-text\">Subiendo a la cima del Alt de Sanxet (Cabal)<\/p><\/div>\n<div id=\"attachment_44620\" style=\"width: 1034px\" class=\"wp-caption aligncenter\"><a class=\"dt-single-image\" href=\"https:\/\/www.monta\u00f1asdelaluna.es\/wp-content\/uploads\/2020\/08\/de-izquierda-a-derecha-joaquin-quique-y-jesus-en-la-cima-del-alt-del-sanchet-o-cabal-1-189-mts-detras-a-la-izquierda-la-sierra-de-l-aixorta-con-el-cerro-de-los-parados-o-penya-alta-el-mas-alto-y.jpg\" data-dt-img-description=\"\"><img loading=\"lazy\" decoding=\"async\" aria-describedby=\"caption-attachment-44620\" class=\"wp-image-44620 size-large\" src=\"https:\/\/www.monta\u00f1asdelaluna.es\/wp-content\/uploads\/2020\/08\/de-izquierda-a-derecha-joaquin-quique-y-jesus-en-la-cima-del-alt-del-sanchet-o-cabal-1-189-mts-detras-a-la-izquierda-la-sierra-de-l-aixorta-con-el-cerro-de-los-parados-o-penya-alta-el-mas-alto-y-1024x678.jpg\" alt=\"De izquierda a derecha: Joaqu\u00edn, Quique y Jes\u00fas en la cima del Alt del Sanxet o Cabal, 1.189 mts. Detr\u00e1s a la izquierda la Sierra de L'Aixort\u00e0 con el Cerro de Los Parados o Penya Alta el m\u00e1s alto, y Morro Blau en el centro de la imagen. A la izquierda la Sierra del Carrascal de Parcent\" width=\"1024\" height=\"678\" srcset=\"https:\/\/www.monta\u00f1asdelaluna.es\/wp-content\/uploads\/2020\/08\/de-izquierda-a-derecha-joaquin-quique-y-jesus-en-la-cima-del-alt-del-sanchet-o-cabal-1-189-mts-detras-a-la-izquierda-la-sierra-de-l-aixorta-con-el-cerro-de-los-parados-o-penya-alta-el-mas-alto-y-1024x678.jpg 1024w, https:\/\/www.monta\u00f1asdelaluna.es\/wp-content\/uploads\/2020\/08\/de-izquierda-a-derecha-joaquin-quique-y-jesus-en-la-cima-del-alt-del-sanchet-o-cabal-1-189-mts-detras-a-la-izquierda-la-sierra-de-l-aixorta-con-el-cerro-de-los-parados-o-penya-alta-el-mas-alto-y-300x199.jpg 300w, https:\/\/www.monta\u00f1asdelaluna.es\/wp-content\/uploads\/2020\/08\/de-izquierda-a-derecha-joaquin-quique-y-jesus-en-la-cima-del-alt-del-sanchet-o-cabal-1-189-mts-detras-a-la-izquierda-la-sierra-de-l-aixorta-con-el-cerro-de-los-parados-o-penya-alta-el-mas-alto-y.jpg 1837w\" sizes=\"auto, (max-width: 1024px) 100vw, 1024px\" \/><\/a><p id=\"caption-attachment-44620\" class=\"wp-caption-text\">De izquierda a derecha: Joaqu\u00edn, Quique y Jes\u00fas en la cima del Alt del Sanxet o Cabal, 1.189 mts. Detr\u00e1s a la izquierda la Sierra de L&#8217;Aixort\u00e0 con el Cerro de Los Parados o Penya Alta el m\u00e1s alto, y Morro Blau en el centro de la imagen. A la izquierda la Sierra del Carrascal de Parcent<\/p><\/div>\n<p>De esta forma, subiendo por la rocosa ladera o ancha cresta oeste del Alt de Sanxet, llegamos hasta su cima de 1.189 mts. de altura, curiosamente 6 metros m\u00e1s alta que el Ponoch, el cual pens\u00e1bamos era m\u00e1s alto al tener el conocimiento de la altura del Cabal, m\u00e1s bajo. Fotos de grupo y cima. Nos regodeamos en la cumbre, escribimos y admiramos con tiempo y admiraci\u00f3n, el lugar, el paisaje, la monta\u00f1a alicantina\u2026 daba la impresi\u00f3n por alguna raz\u00f3n de ubicaci\u00f3n seguramente, que las vistas eran m\u00e1s espectaculares e impresionantes desde la cima del Sanchet que desde el Ponoch.<\/p>\n<p>Curiosamente las vistas hacia el Puig Campana al sur eran m\u00e1s espectaculares al estar la cima del Alt de Sanxet m\u00e1s al oeste y justo detr\u00e1s el \u201chermano mayor\u201d que la del Ponoch, la cual se encuentra como m\u00e1s separada hacia el este. Impresionante, majestuoso y asombrosa vista a esta monta\u00f1a, m\u00e1s escarpada y gigantesca si cabe. Hacia el norte, noreste, la alargada y alta loma de Sierra Aitana, diferenci\u00e1ndose perfectamente en su cima los radares, los escarpes de las simas y la Penya Alta. Pero delante quedaba otra alargada formaci\u00f3n con picos y alturas m\u00e1s bajas pero m\u00e1s escarpadas y fabulosas: el puntiagudo Pe\u00f1\u00f3n Divino, y su seguimiento del Alt de La Penya de Sella, ara\u00f1ados por profundos ca\u00f1ones verticales que desde la cima bajan a los valles y barrancos, como el Barranc de l\u2019Arc, el cual pasa por toda la vertiente sur de esta formaci\u00f3n; roquedos verticales, los cuales forman una extensa y lisa pared justo bajo la cima del Pe\u00f1\u00f3n Divino, muy famosa por sus v\u00edas de escalada\u2026 de echo toda aquella zona entre Sella y Aitana es casi la cuna de la escalada deportiva en Alicante\u2026 o una de sus cunas, catedrales\u2026 M\u00e1s al norte, a la derecha de la alta Sierra Aitana, sobresal\u00eda al otro lado de la Vall de Guadalest (invisible desde aqu\u00ed, tapada por las monta\u00f1as) descubrimos la Sierra de L\u2019Aixort\u00e0, con su especie de ancha loma cimera casi horizontal, plana, y su pico m\u00e1s alto sobresaliendo escasamente ante la amplitud de la cima\u2026 sin olvidar el resto de monta\u00f1a y paisajes que, a la vez que hemos descrito desde la cima del Ponoch, tambi\u00e9n se ve\u00edan desde la cima del Alt de Sanxet. Sencillamente espectacular.<\/p>\n<div id=\"attachment_44619\" style=\"width: 1845px\" class=\"wp-caption aligncenter\"><a class=\"dt-single-image\" href=\"https:\/\/www.monta\u00f1asdelaluna.es\/wp-content\/uploads\/2020\/08\/jesus-y-quique-en-la-cima-del-alt-del-sanchet-o-cabal-1-189-mts-con-el-puig-campana-detras-majestuoso.jpg\" data-dt-img-description=\"\"><img loading=\"lazy\" decoding=\"async\" aria-describedby=\"caption-attachment-44619\" class=\"wp-image-44619 size-full\" src=\"https:\/\/www.monta\u00f1asdelaluna.es\/wp-content\/uploads\/2020\/08\/jesus-y-quique-en-la-cima-del-alt-del-sanchet-o-cabal-1-189-mts-con-el-puig-campana-detras-majestuoso.jpg\" alt=\"Jes\u00fas y Quique en la cima del Alt del Sanxet o Cabal, 1.189 mts., con el Puig Campana detr\u00e1s majestuoso\" width=\"1835\" height=\"1212\" srcset=\"https:\/\/www.monta\u00f1asdelaluna.es\/wp-content\/uploads\/2020\/08\/jesus-y-quique-en-la-cima-del-alt-del-sanchet-o-cabal-1-189-mts-con-el-puig-campana-detras-majestuoso.jpg 1835w, https:\/\/www.monta\u00f1asdelaluna.es\/wp-content\/uploads\/2020\/08\/jesus-y-quique-en-la-cima-del-alt-del-sanchet-o-cabal-1-189-mts-con-el-puig-campana-detras-majestuoso-300x198.jpg 300w, https:\/\/www.monta\u00f1asdelaluna.es\/wp-content\/uploads\/2020\/08\/jesus-y-quique-en-la-cima-del-alt-del-sanchet-o-cabal-1-189-mts-con-el-puig-campana-detras-majestuoso-1024x676.jpg 1024w\" sizes=\"auto, (max-width: 1835px) 100vw, 1835px\" \/><\/a><p id=\"caption-attachment-44619\" class=\"wp-caption-text\">Jes\u00fas y Quique en la cima del Alt del Sanxet o Cabal, 1.189 mts., con el Puig Campana detr\u00e1s majestuoso<\/p><\/div>\n<p>Despu\u00e9s de un tiempo disfrutando de esta cima que pocas veces m\u00e1s visit\u00e9, ya era hora de bajar. Descartando el visitar la cima del Peny\u00f3 Cabal, el cual ve\u00edamos como un vecino cuando sale al balc\u00f3n de su piso y ve a su vecino en el balc\u00f3n en otro piso del edificio al otro lado de la cera, enfrente; decidimos bajar deshaciendo el camino de subida hasta el collado entre el Ponoch y el Cabal, y una vez aqu\u00ed bajar por donde hab\u00edamos subido desde el coche. No recuerdo si pasamos por los muros, solo por curiosidad del Mas de Carrasca, ya que parec\u00eda una construcci\u00f3n que nos invitaba a curiosearla.<\/p>\n<p>Desandamos la traza por la cresta cimera hacia el oeste y en bajada, giramos a la izquierda y sur siguiendo por la senda que une la nombrada Mas de Carrasca con el collado entre el Ponoch y el Cabal, el secundario Coll del Llamp o \u201cColl del Llamp falso\u201d. Una vez aqu\u00ed volvemos a desandar el camino recorrido de subida desde el coche hasta el lugar, siguiendo las trazas ahora de los P.R. por la ancha senda que luego ser\u00e1 camino y sigue bajo las paredes del Cabal hacia el noreste, buscando la Casa de Deu, enclavada abajo en medio de este vallecillo que se forma entre las dos monta\u00f1as visitadas. No hay perdida.<\/p>\n<div id=\"attachment_44618\" style=\"width: 1848px\" class=\"wp-caption aligncenter\"><a class=\"dt-single-image\" href=\"https:\/\/www.monta\u00f1asdelaluna.es\/wp-content\/uploads\/2020\/08\/desde-la-cima-del-alt-de-sanchet-o-cabal-1-189-mts-a-la-derecha-la-alta-loma-de-sierra-aitana-con-los-radares-de-su-cima-y-el-penya-alta-a-la-derecha-delante-en-segundo-termino-el-penon-divino-en.jpg\" data-dt-img-description=\"\"><img loading=\"lazy\" decoding=\"async\" aria-describedby=\"caption-attachment-44618\" class=\"wp-image-44618 size-full\" src=\"https:\/\/www.monta\u00f1asdelaluna.es\/wp-content\/uploads\/2020\/08\/desde-la-cima-del-alt-de-sanchet-o-cabal-1-189-mts-a-la-derecha-la-alta-loma-de-sierra-aitana-con-los-radares-de-su-cima-y-el-penya-alta-a-la-derecha-delante-en-segundo-termino-el-penon-divino-en.jpg\" alt=\"Desde la cima del Alt de Sanxet o Cabal (1.189 mts.) a la derecha la alta loma de Sierra Aitana con los radares de su cima y el Penya Alta a la derecha, delante en segundo termino el Pe\u00f1\u00f3n Divino en el centro y el Alt de La Penya de Sella en el centro izquierda, sobre el valle de Barranc de l'Arc. Al fondo izquierda Els Plans en la Carrasqueta\" width=\"1838\" height=\"1214\" srcset=\"https:\/\/www.monta\u00f1asdelaluna.es\/wp-content\/uploads\/2020\/08\/desde-la-cima-del-alt-de-sanchet-o-cabal-1-189-mts-a-la-derecha-la-alta-loma-de-sierra-aitana-con-los-radares-de-su-cima-y-el-penya-alta-a-la-derecha-delante-en-segundo-termino-el-penon-divino-en.jpg 1838w, https:\/\/www.monta\u00f1asdelaluna.es\/wp-content\/uploads\/2020\/08\/desde-la-cima-del-alt-de-sanchet-o-cabal-1-189-mts-a-la-derecha-la-alta-loma-de-sierra-aitana-con-los-radares-de-su-cima-y-el-penya-alta-a-la-derecha-delante-en-segundo-termino-el-penon-divino-en-300x198.jpg 300w, https:\/\/www.monta\u00f1asdelaluna.es\/wp-content\/uploads\/2020\/08\/desde-la-cima-del-alt-de-sanchet-o-cabal-1-189-mts-a-la-derecha-la-alta-loma-de-sierra-aitana-con-los-radares-de-su-cima-y-el-penya-alta-a-la-derecha-delante-en-segundo-termino-el-penon-divino-en-1024x676.jpg 1024w\" sizes=\"auto, (max-width: 1838px) 100vw, 1838px\" \/><\/a><p id=\"caption-attachment-44618\" class=\"wp-caption-text\">Desde la cima del Alt de Sanxet o Cabal (1.189 mts.) a la derecha la alta loma de Sierra Aitana con los radares de su cima y el Penya Alta a la derecha, delante en segundo termino el Pe\u00f1\u00f3n Divino en el centro y el Alt de La Penya de Sella en el centro izquierda, sobre el valle de Barranc de l&#8217;Arc. Al fondo izquierda Els Plans en la Carrasqueta<\/p><\/div>\n<p>Una vez rodeado El Castellet, dejamos los P.R. y el camino que los sigue, para seguir por el otro camino en el que hab\u00edamos dejado los coches, poco m\u00e1s abajo. Y una vez llegado a los coches ya podremos bajar a Polop o La Nucia a tomar la cerveza y tapas merecidas por la fant\u00e1stica actividad. Desgraciadamente no he visitado muchas veces m\u00e1s estas monta\u00f1as, pero una de esas vistas en la que desgraciadamente no tom\u00e9 fotos, fue espectacular y emocionante.<\/p>\n<p>En esa ocasi\u00f3n decidimos hacer las 3 monta\u00f1as, los \u201c3 hermanos\u201d en una sola actividad pero pasando la noche en una de ellas; y el 7 y 8 de julio del 2.006 subimos por la tarde al <a href=\"https:\/\/www.monta\u00f1asdelaluna.es\/?p=34358\" target=\"_blank\" rel=\"noopener\">Puig Campana desde la Font<\/a> del Mol\u00ed, como lo hicimos las primeras veces hace bastantes a\u00f1os, por su empinado e interminable runar, pedregal sur, hasta su cima. Pasamos la noche en la cima del Puig Campana y al otro d\u00eda bajamos por su lado norte, seguimos hacia el Coll del Pouet, y desde aqu\u00ed subimos al Ponoch por el Coll del Llamp, justo llegando desde el sur. Desde la cima del Ponoch hacemos la ruta descrita en esta actividad para llegar al Alt de Sanxet, al Cabal, pero desde el Cabal bajamos por el Mas de Carrasca, vallecillo abajo por un camino hacia el oeste, haciendo zigzags para r\u00e1pidamente bajar altura. Hasta encontrar una pista m\u00e1s principal que el camino por el que baj\u00e1bamos, y seguir esta pista hacia la izquierda. Dicha pista, la cual cogemos en las inmediaciones de otra mas\u00eda, el Mas de Zacar\u00e9s, tambi\u00e9n est\u00e1 se\u00f1alada, marcada con un P.R., el P.R. CV-12. No hab\u00eda perdida. Seguimos esta pista, P.R. CV-12 hacia el sur, circundando y rodeando los fant\u00e1sticos farallones de la Serra dels Castellets, la cual forma un arco que es un muro de recortadas y escarpadas cimitas que a su vez forman una fenomenal y extraordinaria cresta; hasta que la pista y P.R. acaban (o comienza) junto a las mismas piedras de<a href=\"https:\/\/www.monta\u00f1asdelaluna.es\/?p=34358\" target=\"_blank\" rel=\"noopener\"> La Font del Mol\u00ed<\/a>\u2026 Realmente una actividad \u00fanica y extraordinaria; con esa noche fresca y espectacular en la cima del Puig Campana\u2026 l\u00e1stima no haberla documentada con fotos o alguna descripci\u00f3n editada.<\/p>\n<p>Texto sacado de la actividad Conoce Las Monta\u00f1as de Alicante y Entorno realizada en el a\u00f1o 2.006 con el Centro Excursionista Almorad\u00ed:<\/p>\n<p><span style=\"color: #ff0000;\">-PUIG CAMPANA-PONOCH-CABAL:<\/span><br \/>\n<span style=\"color: #ff0000;\">\u00a0\u00a0\u00a0\u00a0 Por f\u00edn pudimos realizar la atractiva pero dura traves\u00eda Puig Campana-Ponoch-Cabal. Aunque tuvimos que subir la primera de noche durmiendo en su cima, el resto lo hicimos con un sol abrasador y unas temperaturas inhumanas en pleno julio. Finestrat fue el punto de partida y llegada, m\u00e1s concretamente en las cercan\u00edas de la Font del Mol\u00ed.<\/span><\/p>\n<div id=\"attachment_44633\" style=\"width: 1166px\" class=\"wp-caption aligncenter\"><a class=\"dt-single-image\" href=\"https:\/\/www.monta\u00f1asdelaluna.es\/wp-content\/uploads\/2004\/01\/PuigPonoch.croquis.web_.jpg\" data-dt-img-description=\"\"><img loading=\"lazy\" decoding=\"async\" aria-describedby=\"caption-attachment-44633\" class=\"wp-image-44633 size-full\" src=\"https:\/\/www.monta\u00f1asdelaluna.es\/wp-content\/uploads\/2004\/01\/PuigPonoch.croquis.web_.jpg\" alt=\"Croquis del recorrido con ascensi\u00f3n al Puig Campana, Ponoch y Cabal desde la Font del Mol\u00ed del 7 y 8 de julio del 2.006. PUNTO AMARILLO: Font del Mol\u00ed. PUNTO NARANJA: Coll del Llamp (seg\u00fan otros mapas). PUNTO ROJO: cima del Alt de Sanxet\" width=\"1156\" height=\"719\" srcset=\"https:\/\/www.monta\u00f1asdelaluna.es\/wp-content\/uploads\/2004\/01\/PuigPonoch.croquis.web_.jpg 1156w, https:\/\/www.monta\u00f1asdelaluna.es\/wp-content\/uploads\/2004\/01\/PuigPonoch.croquis.web_-300x187.jpg 300w, https:\/\/www.monta\u00f1asdelaluna.es\/wp-content\/uploads\/2004\/01\/PuigPonoch.croquis.web_-1024x637.jpg 1024w\" sizes=\"auto, (max-width: 1156px) 100vw, 1156px\" \/><\/a><p id=\"caption-attachment-44633\" class=\"wp-caption-text\">Croquis del recorrido con ascensi\u00f3n al Puig Campana, Ponoch y Cabal desde la Font del Mol\u00ed del 7 y 8 de julio del 2.006. PUNTO AMARILLO: Font del Mol\u00ed. PUNTO NARANJA: Coll del Llamp (seg\u00fan otros mapas). PUNTO ROJO: cima del Alt de Sanxet<\/p><\/div>\n<p>De esta manera acabamos una actividad y visita a dos bellas y espectaculares monta\u00f1as, eclipsadas por su hermano mayor el Puig Campana, pero que de \u201cmenores\u201d no tienen nada: lisas paredes, crestas, lomas rocosas, torreones y unas vistas, paisaje y entorno de contrastes, desde las solitarias y algunas abandonadas mas\u00edas de labor al oeste de estas monta\u00f1as, en un paisaje abrupto, laber\u00edntico y monta\u00f1oso, al de las urbanizaciones, huertas, cultivos y turismo del lado este. Parece imposible que en el Alicante del turismo de playa, residencial, de urbanizaciones y rascacielos de Benidorm, exista este Alicante monta\u00f1oso, solitario y maravilloso. No dej\u00e9is de visitar, ascender y recorreros estas monta\u00f1as\u2026 esto es solo el principio de muchas otras preciosas e incre\u00edbles posibles rutas por ellas.<\/p>\n<div id=\"attachment_44632\" style=\"width: 1173px\" class=\"wp-caption aligncenter\"><a class=\"dt-single-image\" href=\"https:\/\/www.monta\u00f1asdelaluna.es\/wp-content\/uploads\/2004\/01\/Ponoch.croquis.web_.jpg\" data-dt-img-description=\"\"><img loading=\"lazy\" decoding=\"async\" aria-describedby=\"caption-attachment-44632\" class=\"wp-image-44632 size-full\" src=\"https:\/\/www.monta\u00f1asdelaluna.es\/wp-content\/uploads\/2004\/01\/Ponoch.croquis.web_.jpg\" alt=\"Croquis del recorrido y ascensi\u00f3n al Ponoch y Cabal desde Polop. PUNTO ROJO: posible parking del coche. PUNTO AMARILLO: Collado entre el Ponoch y el Cabal (Coll del Llamp en otros mapas)\" width=\"1163\" height=\"853\" srcset=\"https:\/\/www.monta\u00f1asdelaluna.es\/wp-content\/uploads\/2004\/01\/Ponoch.croquis.web_.jpg 1163w, https:\/\/www.monta\u00f1asdelaluna.es\/wp-content\/uploads\/2004\/01\/Ponoch.croquis.web_-300x220.jpg 300w, https:\/\/www.monta\u00f1asdelaluna.es\/wp-content\/uploads\/2004\/01\/Ponoch.croquis.web_-1024x751.jpg 1024w\" sizes=\"auto, (max-width: 1163px) 100vw, 1163px\" \/><\/a><p id=\"caption-attachment-44632\" class=\"wp-caption-text\">Croquis del recorrido y ascensi\u00f3n al Ponoch y Cabal desde Polop. PUNTO ROJO: posible parking del coche. PUNTO AMARILLO: Collado entre el Ponoch y el Cabal (Coll del Llamp en otros mapas)<\/p><\/div>\n<p>[vc_separator][\/vc_column_text][\/vc_column][\/vc_row][vc_row][vc_column][vc_empty_space height=\u00bb60px\u00bb][\/vc_column][\/vc_row][vc_row][vc_column][vc_cta h2=\u00bb\u00c1lbum de fotos\u00bb txt_align=\u00bbcenter\u00bb add_button=\u00bbbottom\u00bb btn_title=\u00bbVer fotos\u00bb btn_color=\u00bbwarning\u00bb btn_align=\u00bbcenter\u00bb btn_link=\u00bburl:https%3A%2F%2Fmonta%C3%B1asdelaluna.es%2F%3Fdt_gallery%3Dponoch-1-183-mts-y-cabal-1-189-mts-2|title:Ponoch%20(1.183%20mts.)%20y%20Cabal%20(1.189%20mts.)|target:_blank\u00bb css=\u00bb.vc_custom_1626039844661{background-color: #8bc4ed !important;}\u00bb]Puedes ver todas las fotos del relato y actividad en forma de presentaci\u00f3n o individuales pinchando aqui \u00a1No te las pierdas![\/vc_cta][\/vc_column][\/vc_row][vc_row][vc_column][vc_empty_space height=\u00bb60px\u00bb][\/vc_column][\/vc_row][vc_row][vc_column width=\u00bb1\/3&#8243;][\/vc_column][vc_column width=\u00bb1\/2&#8243;][vc_raw_html]JTNDaWZyYW1lJTIwc3JjJTNEJTIyaHR0cHMlM0ElMkYlMkZ3d3cubWV0ZW9ibHVlLmNvbSUyRmVzJTJGdGllbXBvJTJGd2lkZ2V0JTJGZGFpbHklMkZtb250ZS1wb25vaWdfZXNwYSUyNWMzJTI1YjFhXzExNDk0ODM1JTNGZ2VvbG9jJTNEZml4ZWQlMjZkYXlzJTNENyUyNnRlbXB1bml0JTNEQ0VMU0lVUyUyNndpbmR1bml0JTNES0lMT01FVEVSX1BFUl9IT1VSJTI2cHJlY2lwdW5pdCUzRE1JTExJTUVURVIlMjZjb2xvdXJlZCUzRGNvbG91cmVkJTI2cGljdG9pY29uJTNEMCUyNnBpY3RvaWNvbiUzRDElMjZtYXh0ZW1wZXJhdHVyZSUzRDAlMjZtYXh0ZW1wZXJhdHVyZSUzRDElMjZtaW50ZW1wZXJhdHVyZSUzRDAlMjZtaW50ZW1wZXJhdHVyZSUzRDElMjZ3aW5kc3BlZWQlM0QwJTI2d2luZHNwZWVkJTNEMSUyNndpbmRndXN0JTNEMCUyNndpbmRndXN0JTNEMSUyNndpbmRkaXJlY3Rpb24lM0QwJTI2d2luZGRpcmVjdGlvbiUzRDElMjZ1diUzRDAlMjZodW1pZGl0eSUzRDAlMjZwcmVjaXBpdGF0aW9uJTNEMCUyNnByZWNpcGl0YXRpb24lM0QxJTI2cHJlY2lwaXRhdGlvbnByb2JhYmlsaXR5JTNEMCUyNnByZWNpcGl0YXRpb25wcm9iYWJpbGl0eSUzRDElMjZzcG90JTNEMCUyNnNwb3QlM0QxJTI2cHJlc3N1cmUlM0QwJTI2cHJlc3N1cmUlM0QxJTI2bGF5b3V0JTNEbGlnaHQlMjIlMjAlMjBmcmFtZWJvcmRlciUzRCUyMjAlMjIlMjBzY3JvbGxpbmclM0QlMjJOTyUyMiUyMGFsbG93dHJhbnNwYXJlbmN5JTNEJTIydHJ1ZSUyMiUyMHNhbmRib3glM0QlMjJhbGxvdy1zYW1lLW9yaWdpbiUyMGFsbG93LXNjcmlwdHMlMjBhbGxvdy1wb3B1cHMlMjBhbGxvdy1wb3B1cHMtdG8tZXNjYXBlLXNhbmRib3glMjIlMjBzdHlsZSUzRCUyMndpZHRoJTNBJTIwMzc4cHglM0IlMjBoZWlnaHQlM0ElMjA0MTNweCUyMiUzRSUzQyUyRmlmcmFtZSUzRSUzQ2RpdiUzRSUzQyUyMS0tJTIwRE8lMjBOT1QlMjBSRU1PVkUlMjBUSElTJTIwTElOSyUyMC0tJTNFJTNDYSUyMGhyZWYlM0QlMjJodHRwcyUzQSUyRiUyRnd3dy5tZXRlb2JsdWUuY29tJTJGZXMlMkZ0aWVtcG8lMkZzZW1hbmElMkZtb250ZS1wb25vaWdfZXNwYSUyNWMzJTI1YjFhXzExNDk0ODM1JTNGdXRtX3NvdXJjZSUzRHdlYXRoZXJfd2lkZ2V0JTI2dXRtX21lZGl1bSUzRGxpbmt1cyUyNnV0bV9jb250ZW50JTNEZGFpbHklMjZ1dG1fY2FtcGFpZ24lM0RXZWF0aGVyJTI1MkJXaWRnZXQlMjIlMjB0YXJnZXQlM0QlMjJfYmxhbmslMjIlM0VtZXRlb2JsdWUlM0MlMkZhJTNFJTNDJTJGZGl2JTNF[\/vc_raw_html][\/vc_column][vc_column width=\u00bb1\/5&#8243;][\/vc_column][\/vc_row]<\/p>\n","protected":false},"excerpt":{"rendered":"<p>[vc_row][vc_column][vc_column_text]Era llegar a la cima del alto y m\u00edtico Puig Campana y mirar hacia el norte, al otro lado de la monta\u00f1a por el que hab\u00edamos subido, a parte de la larga, alta y sobresaliente Sierra Aitana y las bajas pero incre\u00edblemente escarpadas crestecillas de camino a Sella, admiramos otros dos picos casi igual que&hellip;<\/p>\n","protected":false},"author":1,"featured_media":44605,"comment_status":"open","ping_status":"open","sticky":false,"template":"","format":"standard","meta":[],"categories":[83],"tags":[],"class_list":["post-44624","post","type-post","status-publish","format-standard","has-post-thumbnail","hentry","category-aitana-y-puig-campana","category-83","description-off"],"_links":{"self":[{"href":"https:\/\/www.monta\u00f1asdelaluna.es\/index.php?rest_route=\/wp\/v2\/posts\/44624","targetHints":{"allow":["GET"]}}],"collection":[{"href":"https:\/\/www.monta\u00f1asdelaluna.es\/index.php?rest_route=\/wp\/v2\/posts"}],"about":[{"href":"https:\/\/www.monta\u00f1asdelaluna.es\/index.php?rest_route=\/wp\/v2\/types\/post"}],"author":[{"embeddable":true,"href":"https:\/\/www.monta\u00f1asdelaluna.es\/index.php?rest_route=\/wp\/v2\/users\/1"}],"replies":[{"embeddable":true,"href":"https:\/\/www.monta\u00f1asdelaluna.es\/index.php?rest_route=%2Fwp%2Fv2%2Fcomments&post=44624"}],"version-history":[{"count":15,"href":"https:\/\/www.monta\u00f1asdelaluna.es\/index.php?rest_route=\/wp\/v2\/posts\/44624\/revisions"}],"predecessor-version":[{"id":50337,"href":"https:\/\/www.monta\u00f1asdelaluna.es\/index.php?rest_route=\/wp\/v2\/posts\/44624\/revisions\/50337"}],"wp:featuredmedia":[{"embeddable":true,"href":"https:\/\/www.monta\u00f1asdelaluna.es\/index.php?rest_route=\/wp\/v2\/media\/44605"}],"wp:attachment":[{"href":"https:\/\/www.monta\u00f1asdelaluna.es\/index.php?rest_route=%2Fwp%2Fv2%2Fmedia&parent=44624"}],"wp:term":[{"taxonomy":"category","embeddable":true,"href":"https:\/\/www.monta\u00f1asdelaluna.es\/index.php?rest_route=%2Fwp%2Fv2%2Fcategories&post=44624"},{"taxonomy":"post_tag","embeddable":true,"href":"https:\/\/www.monta\u00f1asdelaluna.es\/index.php?rest_route=%2Fwp%2Fv2%2Ftags&post=44624"}],"curies":[{"name":"wp","href":"https:\/\/api.w.org\/{rel}","templated":true}]}}