{"id":45188,"date":"2004-06-05T06:40:29","date_gmt":"2004-06-05T06:40:29","guid":{"rendered":"http:\/\/monta\u00f1asdelaluna.com\/?p=45188"},"modified":"2021-08-20T15:57:39","modified_gmt":"2021-08-20T15:57:39","slug":"el-circo-de-la-safor","status":"publish","type":"post","link":"https:\/\/www.monta\u00f1asdelaluna.es\/?p=45188","title":{"rendered":"El Circo de La Safor"},"content":{"rendered":"<p>[vc_row][vc_column][vc_column_text]Dentro de nuestro af\u00e1n de subir todas las monta\u00f1as y recorrernos los rincones de los valles y lugares de la provincia de Alicante, nos faltaba una monta\u00f1a y lugar que representaba un accidente geogr\u00e1fico como incluso comarcal, importante. Aunque no demasiado visitada o deseada, es una monta\u00f1a con unos perfiles curiosos y famosos por sus caracter\u00edsticas, no por sus boscosas laderas o rincones hist\u00f3ricos\u2026 aunque en una de sus empinadas y abruptas laderas, en su fondo, pasa uno de los ca\u00f1ones o desfiladeros m\u00e1s importantes de la provincia\u2026 compartida con Valencia: el Rac\u00f3 del Duc; tambi\u00e9n llamada Barranc de l\u2019Infern. La preciosa garganta del R\u00edo Serpis entre la Serra d\u2019Ador y esta monta\u00f1a.<\/p>\n<p>La Safor es el nombre de la comarca m\u00e1s lluviosa o donde m\u00e1s llueve de la Comunidad Valenciana, junto con La Marina, y tambi\u00e9n el nombre de esta monta\u00f1a. Justo hace frontera entre Valencia y Alicante, entre El Comtat, La Marina y La Safor, justo en mitad, entre los dos puntos a m\u00e1s latitud de la provincia de Alicante. Quedando entre la poblaci\u00f3n de Lorcha, en la comarca de El Comtat al oeste, y la Vall de Gallinera en La Marina Alta, al sur y este de esta monta\u00f1a\u2026 en su norte queda la comarca de La Safor ya en Valencia. La Safor es el nombre de esta monta\u00f1a tambi\u00e9n.<\/p>\n<p>Otra caracter\u00edstica, u otra de tantas, es su impresionante formaci\u00f3n. Es un circo c\u00e1rstico: la monta\u00f1a y su cima, no acaba en una cumbre puntiaguda o un pin\u00e1culo diferenciado, sino que es una casi llana cima en forma de semic\u00edrculo, como una gigantesca c may\u00fascula en relieve, incluso m\u00e1s acentuado que un circo glaciar, ya que la forma de circo, de esa c may\u00fascula la tiene la monta\u00f1a entera desde su base hasta su cima. Curioso y fascinante. El hueco de la c mira al norte, hacia la provincia de Valencia, con una escarpada e incomparable forma, imagen, espectacular; con un desnivel desde la base de sus laderas al norte, hasta su cima de m\u00e1s de 800 metros, ofreciendo unos perfiles sorprendentes e impresionantes\u2026 es el Circo de La Safor.<\/p>\n<div id=\"attachment_45166\" style=\"width: 1846px\" class=\"wp-caption aligncenter\"><a class=\"dt-single-image\" href=\"https:\/\/www.monta\u00f1asdelaluna.es\/wp-content\/uploads\/2020\/09\/de-izquierda-a-derecha-infi-quique-jesus-y-joaquin-desayunando-despues-del-vivac-cerca-de-lorcha.jpg\" data-dt-img-description=\"\"><img loading=\"lazy\" decoding=\"async\" aria-describedby=\"caption-attachment-45166\" class=\"wp-image-45166 size-full\" src=\"https:\/\/www.monta\u00f1asdelaluna.es\/wp-content\/uploads\/2020\/09\/de-izquierda-a-derecha-infi-quique-jesus-y-joaquin-desayunando-despues-del-vivac-cerca-de-lorcha.jpg\" alt=\"De izquierda a derecha: Infi, Quique, Jes\u00fas y Joaqu\u00edn desayunando despu\u00e9s del vivac cerca de Lorcha\" width=\"1836\" height=\"1221\" srcset=\"https:\/\/www.monta\u00f1asdelaluna.es\/wp-content\/uploads\/2020\/09\/de-izquierda-a-derecha-infi-quique-jesus-y-joaquin-desayunando-despues-del-vivac-cerca-de-lorcha.jpg 1836w, https:\/\/www.monta\u00f1asdelaluna.es\/wp-content\/uploads\/2020\/09\/de-izquierda-a-derecha-infi-quique-jesus-y-joaquin-desayunando-despues-del-vivac-cerca-de-lorcha-300x200.jpg 300w, https:\/\/www.monta\u00f1asdelaluna.es\/wp-content\/uploads\/2020\/09\/de-izquierda-a-derecha-infi-quique-jesus-y-joaquin-desayunando-despues-del-vivac-cerca-de-lorcha-1024x681.jpg 1024w\" sizes=\"auto, (max-width: 1836px) 100vw, 1836px\" \/><\/a><p id=\"caption-attachment-45166\" class=\"wp-caption-text\">De izquierda a derecha: Infi, Quique, Jes\u00fas y Joaqu\u00edn desayunando despu\u00e9s del vivac cerca de Lorcha<\/p><\/div>\n<div id=\"attachment_45167\" style=\"width: 833px\" class=\"wp-caption aligncenter\"><a class=\"dt-single-image\" href=\"https:\/\/www.monta\u00f1asdelaluna.es\/wp-content\/uploads\/2020\/09\/subiendo-a-la-safor-desde-lorcha-al-fondo-el-benicadell.jpg\" data-dt-img-description=\"\"><img loading=\"lazy\" decoding=\"async\" aria-describedby=\"caption-attachment-45167\" class=\"wp-image-45167 \" src=\"https:\/\/www.monta\u00f1asdelaluna.es\/wp-content\/uploads\/2020\/09\/subiendo-a-la-safor-desde-lorcha-al-fondo-el-benicadell.jpg\" alt=\"Subiendo a La Safor desde Lorcha, al fondo el Benicadell\" width=\"823\" height=\"1223\" srcset=\"https:\/\/www.monta\u00f1asdelaluna.es\/wp-content\/uploads\/2020\/09\/subiendo-a-la-safor-desde-lorcha-al-fondo-el-benicadell.jpg 1231w, https:\/\/www.monta\u00f1asdelaluna.es\/wp-content\/uploads\/2020\/09\/subiendo-a-la-safor-desde-lorcha-al-fondo-el-benicadell-202x300.jpg 202w, https:\/\/www.monta\u00f1asdelaluna.es\/wp-content\/uploads\/2020\/09\/subiendo-a-la-safor-desde-lorcha-al-fondo-el-benicadell-689x1024.jpg 689w\" sizes=\"auto, (max-width: 823px) 100vw, 823px\" \/><\/a><p id=\"caption-attachment-45167\" class=\"wp-caption-text\">Subiendo a La Safor desde Lorcha, al fondo el Benicadell<\/p><\/div>\n<p>Solamente fui una vez con mis insustituibles amigos, compa\u00f1eros de monta\u00f1as de Alicante. Me iban a llevar a La Safor, y a la bajada al Barranc de La Encant\u00e0. Salimos de Alicante y La Vega Baja en busca de Alcoy y despu\u00e9s antes de adentrarnos en Valencia, giramos a la derecha en busca de la solitaria y curiosa Vall de Perputxent, el \u201cantiguo\u201d Se\u00f1or\u00edo de Perputxent. Buscamos Lorcha, la solitaria poblaci\u00f3n cercana al ancestral y arruinado Castillo de Perputxent, que en lo alto de aquel promontorio, dominaba el valle, el lugar, el se\u00f1or\u00edo\u2026 lo construyeron los musulmanes y despu\u00e9s lo heredaron los Templarios, o eso dicen, con lo que el misterio e historia de la construcci\u00f3n estaba servida\u2026 entre todo lo que he descrito, seguro que no podr\u00eda salir un viaje o excursi\u00f3n insulsa o sosa\u2026 en otra ocasi\u00f3n aprovechamos para hacer parte del f\u00e1cil recorrido del Rac\u00f3 del Duc o Barranc de l\u2019Infern, e intentar visitar las ruinas del Castillo de Perputxent, queriendo, intentando imaginarme y simular la presencia de aquellos monjes guerreros de la Edad Media entre los arruinados muros.<\/p>\n<p>Hacemos vivac en alg\u00fan lugar que no recuerdo cerca de Lorcha y de la salida de nuestro recorrido, entre los almendros u olivos de un huerto de secano. En junio no hace tanto frio por suerte y la noche la pasamos bajo las estrellas y sin nada que nos moleste. Hab\u00edamos salido tarde y lleg\u00e1bamos a media tarde, atardeciendo. As\u00ed era mejor porque nos quit\u00e1bamos todo el viaje y su cansancio en el mismo d\u00eda de la actividad. No recuerdo exactamente el recorrido realizado, pero despu\u00e9s de ver las fotos y lugares, y enlazando con algunas de los recorridos habituales hoy d\u00eda convertidas en P.R., creo haber descubierto la ruta realizada.<\/p>\n<p>De nuevo un d\u00eda radiante en las monta\u00f1as de Alicante, radiante y casi caluroso. Cruzamos Lorcha (L\u2019Orxa) buscando las afueras contrarias a las que entramos por la \u00fanica carretera que llega a la poblaci\u00f3n. A un lado de la carretera el hueco de una ancha rambla, de un t\u00edpico cauce seco de este clima Mediterr\u00e1neo, y al otro las casas del pueblo. En un momento determinado cuando la carretera gira rodeando las casas, a un lado queda lo que parece es la piscina municipal y al otro un camino de tierra que sale en perpendicular alej\u00e1ndose del pueblo, dejamos el coche por aqu\u00ed aparcado y buscamos el camino nombrado para alejarnos del pueblo paralelo a la rambla, al barranco, que cruza seco por un lado de Lorcha.<\/p>\n<div id=\"attachment_45168\" style=\"width: 831px\" class=\"wp-caption aligncenter\"><a class=\"dt-single-image\" href=\"https:\/\/www.monta\u00f1asdelaluna.es\/wp-content\/uploads\/2020\/09\/arriba-penasco-antes-de-entrar-en-la-zona-de-la-cova-del-gorigori.jpg\" data-dt-img-description=\"\"><img loading=\"lazy\" decoding=\"async\" aria-describedby=\"caption-attachment-45168\" class=\"wp-image-45168 \" src=\"https:\/\/www.monta\u00f1asdelaluna.es\/wp-content\/uploads\/2020\/09\/arriba-penasco-antes-de-entrar-en-la-zona-de-la-cova-del-gorigori.jpg\" alt=\"Arriba pe\u00f1asco antes de entrar en la zona de la Cova del Gorigori\" width=\"821\" height=\"1218\" srcset=\"https:\/\/www.monta\u00f1asdelaluna.es\/wp-content\/uploads\/2020\/09\/arriba-penasco-antes-de-entrar-en-la-zona-de-la-cova-del-gorigori.jpg 1601w, https:\/\/www.monta\u00f1asdelaluna.es\/wp-content\/uploads\/2020\/09\/arriba-penasco-antes-de-entrar-en-la-zona-de-la-cova-del-gorigori-202x300.jpg 202w, https:\/\/www.monta\u00f1asdelaluna.es\/wp-content\/uploads\/2020\/09\/arriba-penasco-antes-de-entrar-en-la-zona-de-la-cova-del-gorigori-690x1024.jpg 690w\" sizes=\"auto, (max-width: 821px) 100vw, 821px\" \/><\/a><p id=\"caption-attachment-45168\" class=\"wp-caption-text\">Arriba pe\u00f1asco antes de entrar en la zona de la Cova del Gorigori<\/p><\/div>\n<div id=\"attachment_45169\" style=\"width: 832px\" class=\"wp-caption aligncenter\"><a class=\"dt-single-image\" href=\"https:\/\/www.monta\u00f1asdelaluna.es\/wp-content\/uploads\/2020\/09\/quique-e-infi-y-abajo-el-barranco-en-la-zona-de-la-cova-del-gorigori-en-el-centro-se-aprecia-un-trocito-de-lorcha.jpg\" data-dt-img-description=\"\"><img loading=\"lazy\" decoding=\"async\" aria-describedby=\"caption-attachment-45169\" class=\"wp-image-45169 \" src=\"https:\/\/www.monta\u00f1asdelaluna.es\/wp-content\/uploads\/2020\/09\/quique-e-infi-y-abajo-el-barranco-en-la-zona-de-la-cova-del-gorigori-en-el-centro-se-aprecia-un-trocito-de-lorcha.jpg\" alt=\"Quique e Infi y abajo el barranco en la zona de la Cova del Gorigori, en el centro se aprecia un trocito de Lorcha\" width=\"822\" height=\"1221\" srcset=\"https:\/\/www.monta\u00f1asdelaluna.es\/wp-content\/uploads\/2020\/09\/quique-e-infi-y-abajo-el-barranco-en-la-zona-de-la-cova-del-gorigori-en-el-centro-se-aprecia-un-trocito-de-lorcha.jpg 1232w, https:\/\/www.monta\u00f1asdelaluna.es\/wp-content\/uploads\/2020\/09\/quique-e-infi-y-abajo-el-barranco-en-la-zona-de-la-cova-del-gorigori-en-el-centro-se-aprecia-un-trocito-de-lorcha-202x300.jpg 202w, https:\/\/www.monta\u00f1asdelaluna.es\/wp-content\/uploads\/2020\/09\/quique-e-infi-y-abajo-el-barranco-en-la-zona-de-la-cova-del-gorigori-en-el-centro-se-aprecia-un-trocito-de-lorcha-689x1024.jpg 689w\" sizes=\"auto, (max-width: 822px) 100vw, 822px\" \/><\/a><p id=\"caption-attachment-45169\" class=\"wp-caption-text\">Quique e Infi y abajo el barranco en la zona de la Cova del Gorigori, en el centro se aprecia un trocito de Lorcha<\/p><\/div>\n<p>Por aqu\u00ed ya tenemos que ver alguna indicaci\u00f3n o informaci\u00f3n sobre el recorrido del P.R. CV-207, ya que no solamente sube por las laderas de La Safor, si no que baja y recorre parte del Rac\u00f3 del Duc haciendo una perfecta circular de r\u00edo y monta\u00f1a. Por ello la importancia del recorrido y el de darlo a conocer por parte de la concejal\u00eda de turismo o medio ambiente del pueblo. No hay p\u00e9rdida, seguiremos las marcas blancas y amarillas del P.R. CV-207 hasta la Font dels Olbits\u2026 Comenzamos el recorrido, la ascensi\u00f3n a la monta\u00f1a de La Safor.<\/p>\n<p>El recorrido enseguida deja un camino a la derecha por el que no seguiremos, caminando en direcci\u00f3n este, hasta llegar a otro punto cercano en que cruzamos el barranco que tenemos a la izquierda, por una presa que se enfrenta a las aguas salvajes y desatadas de las avenidas de aquellos diluvios ocasionales caracter\u00edsticos de este soleado clima Mediterr\u00e1neo. Y a partir de aqu\u00ed seguimos por una estupenda y fabulosa senda que recorrer\u00e1 al otro lado de barranco comenzando a girar poco a poco hacia el noreste, norte, buscando un estrecho y bonito vallecillo entre bosquecillos y terrenos rocosos con matorrales o parcialmente descarnados\u2026 deduzco que esta zona tambi\u00e9n ha sufrido los graves incendios que han asolado las monta\u00f1as de la provincia en los a\u00f1os 70, 80 y parte de los 90. Imperdonable, desolador, intolerable.<\/p>\n<p>Alg\u00fan pilar rocoso, escarpes, falsas agujas, entre el hueco del barranco que seguimos, por un lado y otro, nos encontramos en nuestro recorrido. Seguimos las marcas del P.R. A nuestra espalda echamos un vistazo a una esbelta y formidable monta\u00f1a que aparece al otro lado de la Vall de Perputxent, con una doble cresta y una cima acaba en un puntiagudo pin\u00e1culo rocoso y vertiginoso\u2026 es el Benicadell, el otro \u201cCervino de Alicante\u201d como lo hubiera nombrado mi buen amigo y compa\u00f1ero Jes\u00fas Santana; como ya lo dijo del<a href=\"https:\/\/www.monta\u00f1asdelaluna.es\/?p=44976\" target=\"_blank\" rel=\"noopener\"> B\u00e8rnia<\/a> visto desde <a href=\"https:\/\/www.monta\u00f1asdelaluna.es\/?p=45139\" target=\"_blank\" rel=\"noopener\">La Aixort\u00e0<\/a>. Impresionante, incre\u00edble.<\/p>\n<div id=\"attachment_45170\" style=\"width: 1034px\" class=\"wp-caption aligncenter\"><a class=\"dt-single-image\" href=\"https:\/\/www.monta\u00f1asdelaluna.es\/wp-content\/uploads\/2020\/09\/delante-en-mitad-de-la-ladera-la-zona-de-la-font-dels-olbits-y-al-fondo-la-cima-de-la-safor.jpg\" data-dt-img-description=\"\"><img loading=\"lazy\" decoding=\"async\" aria-describedby=\"caption-attachment-45170\" class=\"wp-image-45170 size-large\" src=\"https:\/\/www.monta\u00f1asdelaluna.es\/wp-content\/uploads\/2020\/09\/delante-en-mitad-de-la-ladera-la-zona-de-la-font-dels-olbits-y-al-fondo-la-cima-de-la-safor-1024x679.jpg\" alt=\"Delante en mitad de la ladera, la zona de la Font dels Olbits, y al fondo la cima de La Safor\" width=\"1024\" height=\"679\" srcset=\"https:\/\/www.monta\u00f1asdelaluna.es\/wp-content\/uploads\/2020\/09\/delante-en-mitad-de-la-ladera-la-zona-de-la-font-dels-olbits-y-al-fondo-la-cima-de-la-safor-1024x679.jpg 1024w, https:\/\/www.monta\u00f1asdelaluna.es\/wp-content\/uploads\/2020\/09\/delante-en-mitad-de-la-ladera-la-zona-de-la-font-dels-olbits-y-al-fondo-la-cima-de-la-safor-300x199.jpg 300w, https:\/\/www.monta\u00f1asdelaluna.es\/wp-content\/uploads\/2020\/09\/delante-en-mitad-de-la-ladera-la-zona-de-la-font-dels-olbits-y-al-fondo-la-cima-de-la-safor.jpg 1837w\" sizes=\"auto, (max-width: 1024px) 100vw, 1024px\" \/><\/a><p id=\"caption-attachment-45170\" class=\"wp-caption-text\">Delante en mitad de la ladera, la zona de la Font dels Olbits, y al fondo la cima de La Safor<\/p><\/div>\n<p>La senda pasa por un lugar cuyo nombre me hace recordar al Se\u00f1or de Los Anillos, o al Silmarillion, pasamos cerca del lugar de la Cueva del Gorigori, o del Gregori\u2026 a la derecha quedaran las paredes en un rinc\u00f3n escondido del Barranc de Bastiells o Bassiets, con un peque\u00f1o bosquecillo de sanos y altos pinos algunos como supervivientes de alguna hecatombe. Curioso.<\/p>\n<p>La senda va cogiendo altura por la ladera izquierda del vallecillo. Al poco descubrimos enfrente, en otra ladera m\u00e1s alta, una monta\u00f1a con forma de tri\u00e1ngulo en cuyo centro hab\u00eda un hueco, una gran hendidura, era el lugar donde se ubicaba la Font dels Olbits, all\u00e1 ten\u00edamos que ir\u2026 pero detr\u00e1s se ve como la monta\u00f1a sigue alz\u00e1ndose; parece la cima de La Safor. El d\u00eda es muy bueno, soleado, a pesar de que en la cima encontraremos las t\u00edpicas nubes bajas que se forman por el viento h\u00famedo que viene de mar, y choca con las laderas de estas monta\u00f1as entre costeras e interiores, y esa humedad, al coger altura, forma estas nubes bajas, nieblas que nos mojan si nos internamos entre ellas.<\/p>\n<p>La senda, que parece sigue paralela el curso del barranco y valle por el que cruzamos, deriva en un camino. Tenemos direcci\u00f3n noreste y seguiremos el camino con la misma direcci\u00f3n. Cruzamos el barranco de un lado al otro y en la siguiente curva del camino, en el siguiente giro, lo dejamos y volvemos a seguir por una senda, que seguir\u00e1 yendo paralela al fondo del barranco. Adem\u00e1s que seguimos las marcas del P.R. El camino lo dejamos y \u00e9ste parece que sube por las laderas de la monta\u00f1a; este sube al Avenc y Font dels Bassiets, cueva y \u00e1rea recreativa. Cuando la senda comienza a subir en dos zigzags justo aqu\u00ed hemos cruzado el lecho del Barranc dels Bassiets, que sigue hacia el este. Pero nosotros, siguiendo las marcas y la senda, seguiremos por el Barranc de Bastells que tiene una direcci\u00f3n ligeramente m\u00e1s al noreste.<\/p>\n<div id=\"attachment_45171\" style=\"width: 1034px\" class=\"wp-caption aligncenter\"><a class=\"dt-single-image\" href=\"https:\/\/www.monta\u00f1asdelaluna.es\/wp-content\/uploads\/2020\/09\/el-benicadell-al-fondo.jpg\" data-dt-img-description=\"\"><img loading=\"lazy\" decoding=\"async\" aria-describedby=\"caption-attachment-45171\" class=\"wp-image-45171 size-large\" src=\"https:\/\/www.monta\u00f1asdelaluna.es\/wp-content\/uploads\/2020\/09\/el-benicadell-al-fondo-1024x680.jpg\" alt=\"El Benicadell al fondo\" width=\"1024\" height=\"680\" srcset=\"https:\/\/www.monta\u00f1asdelaluna.es\/wp-content\/uploads\/2020\/09\/el-benicadell-al-fondo-1024x680.jpg 1024w, https:\/\/www.monta\u00f1asdelaluna.es\/wp-content\/uploads\/2020\/09\/el-benicadell-al-fondo-300x199.jpg 300w, https:\/\/www.monta\u00f1asdelaluna.es\/wp-content\/uploads\/2020\/09\/el-benicadell-al-fondo.jpg 1837w\" sizes=\"auto, (max-width: 1024px) 100vw, 1024px\" \/><\/a><p id=\"caption-attachment-45171\" class=\"wp-caption-text\">El Benicadell al fondo<\/p><\/div>\n<div id=\"attachment_45172\" style=\"width: 1034px\" class=\"wp-caption aligncenter\"><a class=\"dt-single-image\" href=\"https:\/\/www.monta\u00f1asdelaluna.es\/wp-content\/uploads\/2020\/09\/mirando-infi-jesus-a-la-izquierda-y-quique-a-la-derecha-en-la-font-dels-olbits.jpg\" data-dt-img-description=\"\"><img loading=\"lazy\" decoding=\"async\" aria-describedby=\"caption-attachment-45172\" class=\"wp-image-45172 size-large\" src=\"https:\/\/www.monta\u00f1asdelaluna.es\/wp-content\/uploads\/2020\/09\/mirando-infi-jesus-a-la-izquierda-y-quique-a-la-derecha-en-la-font-dels-olbits-1024x679.jpg\" alt=\"Mirando Infi, Jes\u00fas a la izquierda y Quique a la derecha en la Font dels Olbits\" width=\"1024\" height=\"679\" srcset=\"https:\/\/www.monta\u00f1asdelaluna.es\/wp-content\/uploads\/2020\/09\/mirando-infi-jesus-a-la-izquierda-y-quique-a-la-derecha-en-la-font-dels-olbits-1024x679.jpg 1024w, https:\/\/www.monta\u00f1asdelaluna.es\/wp-content\/uploads\/2020\/09\/mirando-infi-jesus-a-la-izquierda-y-quique-a-la-derecha-en-la-font-dels-olbits-300x199.jpg 300w, https:\/\/www.monta\u00f1asdelaluna.es\/wp-content\/uploads\/2020\/09\/mirando-infi-jesus-a-la-izquierda-y-quique-a-la-derecha-en-la-font-dels-olbits.jpg 1836w\" sizes=\"auto, (max-width: 1024px) 100vw, 1024px\" \/><\/a><p id=\"caption-attachment-45172\" class=\"wp-caption-text\">Mirando Infi, Jes\u00fas a la izquierda y Quique a la derecha en la Font dels Olbits<\/p><\/div>\n<p>En este imp\u00e1s entre el camino y la senda, nosotros, parece que nos equivocamos y seguimos camino arriba, nos damos cuenta pronto y retrocedemos hasta la salida del camino a la senda. La equivocaci\u00f3n nos ha servido para volver a descubrir las vistas a aquella espectacular monta\u00f1a antes vista: el Benicadell.<\/p>\n<p>Una vez subimos algo por el Barranc de Bastells, la senda gira cruzando de una ladera a otra, y cambiando, mientras subimos altura en busca de la Font dels Olbits, del noreste al noroeste. Hasta que despu\u00e9s de una subida algo m\u00e1s marcada y en zigzag, llegamos al espacio, al \u00e1rea recreativa tan famosa en este lugar que es la Font dels Olbits. Estamos a unos 560 metros de altura. Hemos salido de Lorcha que se encuentra a 268 metros. No hemos subido mucho, pero el recorrido, el caminar, ha sido notable.<\/p>\n<p>Descanso en este soleado rinc\u00f3n de la monta\u00f1a de La Safor. Comemos algo y nos hacemos fotos. Hay mesas, altos pinos, una valla al barranco\u2026 toda una serie de instalaciones para el recreo y disfrute del lugar. Parece que estamos m\u00e1s o menos en la mitad de la marcha, pero a\u00fan queda m\u00e1s de la mitad del desnivel que tenemos que hacer.<\/p>\n<div id=\"attachment_45174\" style=\"width: 1034px\" class=\"wp-caption aligncenter\"><a class=\"dt-single-image\" href=\"https:\/\/www.monta\u00f1asdelaluna.es\/wp-content\/uploads\/2020\/09\/delante-jesus-subiendo-a-la-cima-de-la-safor-al-fondo-el-benicadell-a-la-derecha-la-serra-d-ador.jpg\" data-dt-img-description=\"\"><img loading=\"lazy\" decoding=\"async\" aria-describedby=\"caption-attachment-45174\" class=\"wp-image-45174 size-large\" src=\"https:\/\/www.monta\u00f1asdelaluna.es\/wp-content\/uploads\/2020\/09\/delante-jesus-subiendo-a-la-cima-de-la-safor-al-fondo-el-benicadell-a-la-derecha-la-serra-d-ador-1024x681.jpg\" alt=\"Delante Jes\u00fas subiendo a la cima de La Safor, al fondo el Benicadell, a la derecha la Serra d'Ador\" width=\"1024\" height=\"681\" srcset=\"https:\/\/www.monta\u00f1asdelaluna.es\/wp-content\/uploads\/2020\/09\/delante-jesus-subiendo-a-la-cima-de-la-safor-al-fondo-el-benicadell-a-la-derecha-la-serra-d-ador-1024x681.jpg 1024w, https:\/\/www.monta\u00f1asdelaluna.es\/wp-content\/uploads\/2020\/09\/delante-jesus-subiendo-a-la-cima-de-la-safor-al-fondo-el-benicadell-a-la-derecha-la-serra-d-ador-300x200.jpg 300w, https:\/\/www.monta\u00f1asdelaluna.es\/wp-content\/uploads\/2020\/09\/delante-jesus-subiendo-a-la-cima-de-la-safor-al-fondo-el-benicadell-a-la-derecha-la-serra-d-ador.jpg 1836w\" sizes=\"auto, (max-width: 1024px) 100vw, 1024px\" \/><\/a><p id=\"caption-attachment-45174\" class=\"wp-caption-text\">Delante Jes\u00fas subiendo a la cima de La Safor, al fondo el Benicadell, a la derecha la Serra d&#8217;Ador<\/p><\/div>\n<p>Como si fuera por detr\u00e1s de la Font dels Olbits casi por donde hemos entrado al lugar pero por una senda diferente, que en lugar de bajar, sube; y sube por la misma ladera que sube a la cima de la monta\u00f1a. Es importante saber que no dejamos de seguir las marcas del P.R., pero en lugar de seguir el 207, ser\u00e1 el 42; que nos dejar\u00e1 en la misma cima de La Safor.<\/p>\n<p>A partir de aqu\u00ed el camino y la direcci\u00f3n es directa y sin p\u00e9rdida, y m\u00e1s si seguimos las marcas del P.R.: sigue por la ladera que, como he dicho antes, seguiremos por este brazo de la monta\u00f1a que baja de la cima y pasa por esta Font dels Olbits; la idea es seguir el cordal, a veces por un lado y otras por la parte m\u00e1s alta, hasta llegar a la cima de La Safor, hasta los l\u00edmites de ese Circo de La Safor. Y mientras subimos contemplamos el paisaje: a nuestra espalda las vistas se han ampliado, el Benicadell aparece como al fondo puntiaguda y elegante, pero a su alrededor tambi\u00e9n aparece una alineaci\u00f3n monta\u00f1osa, acabada en la cercana Sierra d\u2019Ador que justo tambi\u00e9n hace frontera con la provincia de Valencia. Junto con el espacio delante de las monta\u00f1as que nos hace descubrir las formas y perfiles del valle que viene de Beniarr\u00e9s hacia aqu\u00ed, nuestra ubicaci\u00f3n, es la Vall de Perputxent.<\/p>\n<div id=\"attachment_45175\" style=\"width: 1034px\" class=\"wp-caption aligncenter\"><a class=\"dt-single-image\" href=\"https:\/\/www.monta\u00f1asdelaluna.es\/wp-content\/uploads\/2020\/09\/pla-de-la-nevera-delante-la-cima-de-la-safor-cubierta.jpg\" data-dt-img-description=\"\"><img loading=\"lazy\" decoding=\"async\" aria-describedby=\"caption-attachment-45175\" class=\"wp-image-45175 size-large\" src=\"https:\/\/www.monta\u00f1asdelaluna.es\/wp-content\/uploads\/2020\/09\/pla-de-la-nevera-delante-la-cima-de-la-safor-cubierta-1024x681.jpg\" alt=\"Pla de La Nevera, delante la cima de La Safor cubierta\" width=\"1024\" height=\"681\" srcset=\"https:\/\/www.monta\u00f1asdelaluna.es\/wp-content\/uploads\/2020\/09\/pla-de-la-nevera-delante-la-cima-de-la-safor-cubierta-1024x681.jpg 1024w, https:\/\/www.monta\u00f1asdelaluna.es\/wp-content\/uploads\/2020\/09\/pla-de-la-nevera-delante-la-cima-de-la-safor-cubierta-300x199.jpg 300w, https:\/\/www.monta\u00f1asdelaluna.es\/wp-content\/uploads\/2020\/09\/pla-de-la-nevera-delante-la-cima-de-la-safor-cubierta.jpg 1837w\" sizes=\"auto, (max-width: 1024px) 100vw, 1024px\" \/><\/a><p id=\"caption-attachment-45175\" class=\"wp-caption-text\">Pla de La Nevera, delante la cima de La Safor cubierta<\/p><\/div>\n<div id=\"attachment_45180\" style=\"width: 1034px\" class=\"wp-caption aligncenter\"><a class=\"dt-single-image\" href=\"https:\/\/www.monta\u00f1asdelaluna.es\/wp-content\/uploads\/2020\/09\/bajando-al-pla-de-la-nevera.jpg\" data-dt-img-description=\"\"><img loading=\"lazy\" decoding=\"async\" aria-describedby=\"caption-attachment-45180\" class=\"wp-image-45180 size-large\" src=\"https:\/\/www.monta\u00f1asdelaluna.es\/wp-content\/uploads\/2020\/09\/bajando-al-pla-de-la-nevera-1024x682.jpg\" alt=\"Bajando al Pla de La Nevera\" width=\"1024\" height=\"682\" srcset=\"https:\/\/www.monta\u00f1asdelaluna.es\/wp-content\/uploads\/2020\/09\/bajando-al-pla-de-la-nevera-1024x682.jpg 1024w, https:\/\/www.monta\u00f1asdelaluna.es\/wp-content\/uploads\/2020\/09\/bajando-al-pla-de-la-nevera-300x200.jpg 300w, https:\/\/www.monta\u00f1asdelaluna.es\/wp-content\/uploads\/2020\/09\/bajando-al-pla-de-la-nevera.jpg 1836w\" sizes=\"auto, (max-width: 1024px) 100vw, 1024px\" \/><\/a><p id=\"caption-attachment-45180\" class=\"wp-caption-text\">Bajando al Pla de La Nevera<\/p><\/div>\n<p>La subida, larguita y casi descubierta por la parte alta de este brazo de la monta\u00f1a, con la que vamos cogiendo altura poco a poco, acaba en una zona muy verde y casi llana pr\u00e1cticamente en la cima de la monta\u00f1a: el Pla de La Nevera. Donde existe un antiguo pozo de nieve: el Nevero de La Safor. El recorrido hace un peque\u00f1o giro hacia el noreste, entre altos y verdes matorrales, que con la entrada de la niebla, de esas nubes bajas, blancas y grises, hacen que tengamos que llevar m\u00e1s cuidado con no perder la senda, el recorrido. Formidable.<\/p>\n<p>Pero llega un momento que la senda vuelve a girar hacia el sureste cogiendo una ladera m\u00e1s empinada que nos quiere dejar en la misma y escondida cima de La Safor. Dejamos el Pla de La Nevera a menos de 950 metros de altura para llegar hasta los 1.013 metros de esta cima m\u00edtica y solitaria\u2026 por cierto, no recuerdo haber encontrado a m\u00e1s gente, a m\u00e1s monta\u00f1eros, visitando estos lugares, esta monta\u00f1a; entre las nieblas y nubes, nos sent\u00edamos muy solos en esta monta\u00f1a.<\/p>\n<p>L\u00e1stima estas nubes, estas nieblas, estas boiras, no nos dejan ver el paisaje, el resto de la monta\u00f1a y lo m\u00e1s importante, el gigantesco y fenomenal Circo de La Safor. Quiz\u00e1s si hubi\u00e9ramos tenido la oportunidad de poder descubrir el paisaje, hubi\u00e9ramos ido de una punta a otra del circo descubriendo sus perfiles, formas y espectacularidad\u2026 quiz\u00e1s en otra ocasi\u00f3n hubi\u00e9ramos recorrido el circo si hubi\u00e9ramos repetido la visita a esta monta\u00f1a; si ten\u00e9is ocasi\u00f3n, os aconsejo recorrer el circo por su parte m\u00e1s alta desde La Finestra hasta la Cingle de la Penya Blanca.<\/p>\n<div id=\"attachment_45178\" style=\"width: 1034px\" class=\"wp-caption aligncenter\"><a class=\"dt-single-image\" href=\"https:\/\/www.monta\u00f1asdelaluna.es\/wp-content\/uploads\/2020\/09\/de-izquierda-a-derecha-quique-joaquin-y-jesus-en-la-cima-de-la-safor-1-013-mts.jpg\" data-dt-img-description=\"\"><img loading=\"lazy\" decoding=\"async\" aria-describedby=\"caption-attachment-45178\" class=\"wp-image-45178 size-large\" src=\"https:\/\/www.monta\u00f1asdelaluna.es\/wp-content\/uploads\/2020\/09\/de-izquierda-a-derecha-quique-joaquin-y-jesus-en-la-cima-de-la-safor-1-013-mts-1024x681.jpg\" alt=\"De izquierda a derecha: Quique, Joaqu\u00edn y Jes\u00fas en la cima de La Safor, 1.013 mts.\" width=\"1024\" height=\"681\" srcset=\"https:\/\/www.monta\u00f1asdelaluna.es\/wp-content\/uploads\/2020\/09\/de-izquierda-a-derecha-quique-joaquin-y-jesus-en-la-cima-de-la-safor-1-013-mts-1024x681.jpg 1024w, https:\/\/www.monta\u00f1asdelaluna.es\/wp-content\/uploads\/2020\/09\/de-izquierda-a-derecha-quique-joaquin-y-jesus-en-la-cima-de-la-safor-1-013-mts-300x200.jpg 300w, https:\/\/www.monta\u00f1asdelaluna.es\/wp-content\/uploads\/2020\/09\/de-izquierda-a-derecha-quique-joaquin-y-jesus-en-la-cima-de-la-safor-1-013-mts.jpg 1836w\" sizes=\"auto, (max-width: 1024px) 100vw, 1024px\" \/><\/a><p id=\"caption-attachment-45178\" class=\"wp-caption-text\">De izquierda a derecha: Quique, Joaqu\u00edn y Jes\u00fas en la cima de La Safor, 1.013 mts.<\/p><\/div>\n<div id=\"attachment_45179\" style=\"width: 1034px\" class=\"wp-caption aligncenter\"><a class=\"dt-single-image\" href=\"https:\/\/www.monta\u00f1asdelaluna.es\/wp-content\/uploads\/2020\/09\/de-izquierda-a-derecha-jesus-quique-e-infi-en-la-cima-de-la-safor-1-013-mts.jpg\" data-dt-img-description=\"\"><img loading=\"lazy\" decoding=\"async\" aria-describedby=\"caption-attachment-45179\" class=\"wp-image-45179 size-large\" src=\"https:\/\/www.monta\u00f1asdelaluna.es\/wp-content\/uploads\/2020\/09\/de-izquierda-a-derecha-jesus-quique-e-infi-en-la-cima-de-la-safor-1-013-mts-1024x679.jpg\" alt=\"De izquierda a derecha: Jes\u00fas, Quique e Infi en la cima de La Safor, 1.013 mts.\" width=\"1024\" height=\"679\" srcset=\"https:\/\/www.monta\u00f1asdelaluna.es\/wp-content\/uploads\/2020\/09\/de-izquierda-a-derecha-jesus-quique-e-infi-en-la-cima-de-la-safor-1-013-mts-1024x679.jpg 1024w, https:\/\/www.monta\u00f1asdelaluna.es\/wp-content\/uploads\/2020\/09\/de-izquierda-a-derecha-jesus-quique-e-infi-en-la-cima-de-la-safor-1-013-mts-300x199.jpg 300w, https:\/\/www.monta\u00f1asdelaluna.es\/wp-content\/uploads\/2020\/09\/de-izquierda-a-derecha-jesus-quique-e-infi-en-la-cima-de-la-safor-1-013-mts.jpg 1836w\" sizes=\"auto, (max-width: 1024px) 100vw, 1024px\" \/><\/a><p id=\"caption-attachment-45179\" class=\"wp-caption-text\">De izquierda a derecha: Jes\u00fas, Quique e Infi en la cima de La Safor, 1.013 mts.<\/p><\/div>\n<p>Fotos, descanso, junto a la base de hormig\u00f3n del destruido pil\u00f3n o eje geod\u00e9sico. Las carrascas crecen alrededor con vida y energ\u00eda, pero no se convertir\u00e1n en encinas. De nuevo l\u00e1stima por la niebla, que no nos dar\u00e1 tregua para poder admirar el paisaje, el resto de la monta\u00f1a y su circo. Aunque tambi\u00e9n evita que nos quememos con el sol de junio alicantino, que al mediod\u00eda quema y calienta con la llamada a la puerta del pr\u00f3ximo verano.<\/p>\n<p>Y viendo que la monta\u00f1a no se despeja, decidimos bajar ya. El recorrido para bajar es desandar todo el camino de subida. Es un recorrido lineal: Lorcha-La Safor, con lo que no tendremos p\u00e9rdida, y como dice Jes\u00fas, cambiar el sentido de la marcha puede ser como \u201cbajar por otra monta\u00f1a, ya que vemos otro paisaje que antes quedaba invisible a nuestra espalda\u201d.<\/p>\n<p>De la cima de La Safor bajamos al Pla de La Nevera, y de aqu\u00ed a la Font dels Olbits. Siguiendo la senda y camino de bajada hasta Lorcha, hasta donde hemos dejado el coche, admiramos el tramo cuando dejamos el camino, la pista, y la localidad, pasando cerca de los escarpes del barranco en las proximidades de la Cova del Gorigori o del Gregori. La senda no est\u00e1 excavada en la monta\u00f1a, est\u00e1 sostenida por un murito de piedras como si fuera un antiguo camino de comunicaci\u00f3n entre la monta\u00f1a y la poblaci\u00f3n. Como si fuera el antiguo camino a la Nevera de La Safor, por ejemplo (por el negocio del hielo) o a otro pueblo. Y eso lo hace m\u00e1s interesante y formidable si cabe, cruzando aspectos y escarpes de esta parte de la monta\u00f1a; tocando algo de historia. Extraordinario.<\/p>\n<div id=\"attachment_45182\" style=\"width: 1034px\" class=\"wp-caption aligncenter\"><a class=\"dt-single-image\" href=\"https:\/\/www.monta\u00f1asdelaluna.es\/wp-content\/uploads\/2020\/09\/zona-de-la-cova-del-gorigori-lorcha-asoma-en-el-centro.jpg\" data-dt-img-description=\"\"><img loading=\"lazy\" decoding=\"async\" aria-describedby=\"caption-attachment-45182\" class=\"wp-image-45182 size-large\" src=\"https:\/\/www.monta\u00f1asdelaluna.es\/wp-content\/uploads\/2020\/09\/zona-de-la-cova-del-gorigori-lorcha-asoma-en-el-centro-1024x681.jpg\" alt=\"Zona de la Cova del Gorigori, Lorcha asoma en el centro\" width=\"1024\" height=\"681\" srcset=\"https:\/\/www.monta\u00f1asdelaluna.es\/wp-content\/uploads\/2020\/09\/zona-de-la-cova-del-gorigori-lorcha-asoma-en-el-centro-1024x681.jpg 1024w, https:\/\/www.monta\u00f1asdelaluna.es\/wp-content\/uploads\/2020\/09\/zona-de-la-cova-del-gorigori-lorcha-asoma-en-el-centro-300x199.jpg 300w, https:\/\/www.monta\u00f1asdelaluna.es\/wp-content\/uploads\/2020\/09\/zona-de-la-cova-del-gorigori-lorcha-asoma-en-el-centro.jpg 1837w\" sizes=\"auto, (max-width: 1024px) 100vw, 1024px\" \/><\/a><p id=\"caption-attachment-45182\" class=\"wp-caption-text\">Zona de la Cova del Gorigori, Lorcha asoma en el centro<\/p><\/div>\n<div id=\"attachment_45184\" style=\"width: 831px\" class=\"wp-caption aligncenter\"><a class=\"dt-single-image\" href=\"https:\/\/www.monta\u00f1asdelaluna.es\/wp-content\/uploads\/2020\/09\/LaSafor2004-19-001.jpg\" data-dt-img-description=\"\"><img loading=\"lazy\" decoding=\"async\" aria-describedby=\"caption-attachment-45184\" class=\"wp-image-45184 \" src=\"https:\/\/www.monta\u00f1asdelaluna.es\/wp-content\/uploads\/2020\/09\/LaSafor2004-19-001.jpg\" alt=\"Gorg del Salt en el Barranc de La Encant\u00e0\" width=\"821\" height=\"1218\" srcset=\"https:\/\/www.monta\u00f1asdelaluna.es\/wp-content\/uploads\/2020\/09\/LaSafor2004-19-001.jpg 1230w, https:\/\/www.monta\u00f1asdelaluna.es\/wp-content\/uploads\/2020\/09\/LaSafor2004-19-001-202x300.jpg 202w, https:\/\/www.monta\u00f1asdelaluna.es\/wp-content\/uploads\/2020\/09\/LaSafor2004-19-001-690x1024.jpg 690w\" sizes=\"auto, (max-width: 821px) 100vw, 821px\" \/><\/a><p id=\"caption-attachment-45184\" class=\"wp-caption-text\">Gorg del Salt en el Barranc de La Encant\u00e0<\/p><\/div>\n<p>Una vez que estamos en Lorcha, cogemos los coches para acercarnos a un rinc\u00f3n del Barranc de La Encant\u00e0. Este riachuelo o r\u00edo, m\u00e1s que barranco, ya que suele llevar agua, al menos en el tramo que vamos a visitar, nace en las laderas norte de la Sierra de Cantacuc justo por las inmediaciones de Margalida, poblaci\u00f3n que nos coge de paso si vamos a la Vall d\u2019Alcal\u00e0 desde Planes. El rio tiene en su parte m\u00e1s alta una gran cantidad de barrancos y ramblas que desembocan en \u00e9l, haciendo un excepcional giro en su curso como para querer intentar recoger lo m\u00e1ximo de agua de las escorrent\u00edas de la Sierra de Cantacuc. Y a la vez el Barranc de La Encant\u00e0 desemboca en el Serpis justo despu\u00e9s de la presa del Embalse de Beniarr\u00e9s.<\/p>\n<p>Cogemos la carretera y nos acercamos a Planes. Y entre Planes y Margalida aparece un camino a la izquierda y como queriendo bajar altura, justo antes de cruzar un largo puente casualmente sobre el mismo barranco, rio; siguiendo este camino por el fondo del mismo barranco, del valle, paralelo a su curso. Dejamos los huertos de secano para meternos entre terreno casi boscoso, de vegetaci\u00f3n monta\u00f1osa, y cerca del Gorg del Salt. No s\u00e9 si dejamos lo coches en alguna especie de parking, pero bajamos caminando hasta las orillas del laguito en el r\u00edo, del gorg, y de la extraordinaria y preciosa cascada que cae de agua abundante y que llena el nombrado laguito. Extraordinario.<\/p>\n<div id=\"attachment_45183\" style=\"width: 1846px\" class=\"wp-caption aligncenter\"><a class=\"dt-single-image\" href=\"https:\/\/www.monta\u00f1asdelaluna.es\/wp-content\/uploads\/2020\/09\/gorg-del-salt-en-el-barranc-de-la-encanta.jpg\" data-dt-img-description=\"\"><img loading=\"lazy\" decoding=\"async\" aria-describedby=\"caption-attachment-45183\" class=\"wp-image-45183 size-full\" src=\"https:\/\/www.monta\u00f1asdelaluna.es\/wp-content\/uploads\/2020\/09\/gorg-del-salt-en-el-barranc-de-la-encanta.jpg\" alt=\"Gorg del Salt en el Barranc de La Encant\u00e0\" width=\"1836\" height=\"1221\" srcset=\"https:\/\/www.monta\u00f1asdelaluna.es\/wp-content\/uploads\/2020\/09\/gorg-del-salt-en-el-barranc-de-la-encanta.jpg 1836w, https:\/\/www.monta\u00f1asdelaluna.es\/wp-content\/uploads\/2020\/09\/gorg-del-salt-en-el-barranc-de-la-encanta-300x200.jpg 300w, https:\/\/www.monta\u00f1asdelaluna.es\/wp-content\/uploads\/2020\/09\/gorg-del-salt-en-el-barranc-de-la-encanta-1024x681.jpg 1024w\" sizes=\"auto, (max-width: 1836px) 100vw, 1836px\" \/><\/a><p id=\"caption-attachment-45183\" class=\"wp-caption-text\">Gorg del Salt en el Barranc de La Encant\u00e0<\/p><\/div>\n<p>Hacemos fotos y nos quedamos un tiempo merodeando y admirando el lugar. Como las Fonts de l\u2019Algar, todas los lugares donde el protagonista es el agua de los r\u00edos, barrancos o riachuelos que nacen en las monta\u00f1as alicantinas y crean estos lugares tan extraordinarios y especiales, es algo sensacional y casi milagroso, ya que el agua es un bien muy escaso y apreciado en la provincia, siendo casi inexistente en barrancos y ramblas en el sur y oeste de la provincia\u2026 con excepciones. Por ello parece una imagen fr\u00e1gil, extraordinaria, \u00fanica\u2026 como si en cualquier momento \u201cse fuera a cerrar el grifo\u201d y fuera a desaparecer el agua, el lugar, el precioso rinc\u00f3n acu\u00e1tico\u2026 sencillamente incre\u00edble y encantador (como la se\u00f1ora que da nombre al barranco). Fant\u00e1stico.<\/p>\n<p>Y de esta manera tan m\u00e1gica y sensacional acabamos esta actividad de dos d\u00edas a caballo entre las comarcas del Comtat y La Marina Alta. No volv\u00ed a visitar La Safor ni el Barranc de La Encant\u00e0, pero de verdad os digo que merece la pena quedarnos boquiabiertos con el perfecto y magn\u00edfico circo c\u00e1rstico, yo creo que \u00fanico por su formaci\u00f3n y perfil, forma, estructura de la propia monta\u00f1a que es el mismo Circo de La Safor. Tendr\u00eda que volver para maravillarme con sus escarpes, paredes, lugares y rincones en forma de esa enorme c gigante. Y volver a contemplar las pl\u00e1cidas aguas, tan apreciadas por estas latitudes, del escondite del Gorg del Salt despu\u00e9s de ser llenado por las pl\u00e1cidas y abundantes aguas de la cascada del r\u00edo que sigue por el fondo de todo el Barranc de La Encant\u00e0. Formidables lugares de agua y monta\u00f1a.<\/p>\n<div id=\"attachment_45192\" style=\"width: 1803px\" class=\"wp-caption aligncenter\"><a class=\"dt-single-image\" href=\"https:\/\/www.monta\u00f1asdelaluna.es\/wp-content\/uploads\/2004\/06\/LaSafor.croquis.web_.jpg\" data-dt-img-description=\"\"><img loading=\"lazy\" decoding=\"async\" aria-describedby=\"caption-attachment-45192\" class=\"wp-image-45192 size-full\" src=\"https:\/\/www.monta\u00f1asdelaluna.es\/wp-content\/uploads\/2004\/06\/LaSafor.croquis.web_.jpg\" alt=\"Croquis del ascenso a La Safor desde Lorcha\" width=\"1793\" height=\"798\" srcset=\"https:\/\/www.monta\u00f1asdelaluna.es\/wp-content\/uploads\/2004\/06\/LaSafor.croquis.web_.jpg 1793w, https:\/\/www.monta\u00f1asdelaluna.es\/wp-content\/uploads\/2004\/06\/LaSafor.croquis.web_-300x134.jpg 300w, https:\/\/www.monta\u00f1asdelaluna.es\/wp-content\/uploads\/2004\/06\/LaSafor.croquis.web_-1024x456.jpg 1024w\" sizes=\"auto, (max-width: 1793px) 100vw, 1793px\" \/><\/a><p id=\"caption-attachment-45192\" class=\"wp-caption-text\">Croquis del ascenso a La Safor desde Lorcha<\/p><\/div>\n<div id=\"attachment_45193\" style=\"width: 1841px\" class=\"wp-caption aligncenter\"><a class=\"dt-single-image\" href=\"https:\/\/www.monta\u00f1asdelaluna.es\/wp-content\/uploads\/2004\/06\/LaSafor2-001.croquis.web_.jpg\" data-dt-img-description=\"\"><img loading=\"lazy\" decoding=\"async\" aria-describedby=\"caption-attachment-45193\" class=\"wp-image-45193 size-full\" src=\"https:\/\/www.monta\u00f1asdelaluna.es\/wp-content\/uploads\/2004\/06\/LaSafor2-001.croquis.web_.jpg\" alt=\"Croquis de la ascensi\u00f3n a La Safor desde Lorcha. Cortado en la zona de la Cova del Gorigori\" width=\"1831\" height=\"1288\" srcset=\"https:\/\/www.monta\u00f1asdelaluna.es\/wp-content\/uploads\/2004\/06\/LaSafor2-001.croquis.web_.jpg 1831w, https:\/\/www.monta\u00f1asdelaluna.es\/wp-content\/uploads\/2004\/06\/LaSafor2-001.croquis.web_-300x211.jpg 300w, https:\/\/www.monta\u00f1asdelaluna.es\/wp-content\/uploads\/2004\/06\/LaSafor2-001.croquis.web_-1024x720.jpg 1024w\" sizes=\"auto, (max-width: 1831px) 100vw, 1831px\" \/><\/a><p id=\"caption-attachment-45193\" class=\"wp-caption-text\">Croquis de la ascensi\u00f3n a La Safor desde Lorcha. Cortado en la zona de la Cova del Gorigori<\/p><\/div>\n<p>[vc_empty_space][\/vc_column_text][vc_empty_space height=\u00bb60px\u00bb][\/vc_column][\/vc_row][vc_row][vc_column][vc_cta h2=\u00bb\u00c1lbum de fotos\u00bb txt_align=\u00bbcenter\u00bb add_button=\u00bbbottom\u00bb btn_title=\u00bbVer fotos\u00bb btn_color=\u00bbwarning\u00bb btn_align=\u00bbcenter\u00bb btn_link=\u00bburl:https%3A%2F%2Fmonta%C3%B1asdelaluna.es%2F%3Fdt_gallery%3Dla-safor-y-el-barranc-de-la-encanta-2|title:La%20Safor%20y%20el%20Barranc%20de%20La%20Encant%C3%A0|target:_blank\u00bb css=\u00bb.vc_custom_1626042304062{background-color: #8bc4ed !important;}\u00bb]Puedes ver todas las fotos del relato y actividad en forma de presentaci\u00f3n o individuales pinchando aqui \u00a1No te las pierdas![\/vc_cta][vc_empty_space height=\u00bb60px\u00bb][\/vc_column][\/vc_row][vc_row][vc_column width=\u00bb1\/3&#8243;][\/vc_column][vc_column width=\u00bb1\/2&#8243;][vc_column_text]Tiempo en La Safor[\/vc_column_text][vc_raw_html]JTNDaWZyYW1lJTIwc3JjJTNEJTIyaHR0cHMlM0ElMkYlMkZ3d3cubWV0ZW9ibHVlLmNvbSUyRmVzJTJGdGllbXBvJTJGd2lkZ2V0JTJGZGFpbHklMkYzOC44Nk4tMC4yNkU5ODhfRXVyb3BlJTI1MkZNYWRyaWQlM0ZnZW9sb2MlM0RmaXhlZCUyNmRheXMlM0Q3JTI2dGVtcHVuaXQlM0RDRUxTSVVTJTI2d2luZHVuaXQlM0RLSUxPTUVURVJfUEVSX0hPVVIlMjZwcmVjaXB1bml0JTNETUlMTElNRVRFUiUyNmNvbG91cmVkJTNEY29sb3VyZWQlMjZwaWN0b2ljb24lM0QwJTI2cGljdG9pY29uJTNEMSUyNm1heHRlbXBlcmF0dXJlJTNEMCUyNm1heHRlbXBlcmF0dXJlJTNEMSUyNm1pbnRlbXBlcmF0dXJlJTNEMCUyNm1pbnRlbXBlcmF0dXJlJTNEMSUyNndpbmRzcGVlZCUzRDAlMjZ3aW5kc3BlZWQlM0QxJTI2d2luZGd1c3QlM0QwJTI2d2luZGd1c3QlM0QxJTI2d2luZGRpcmVjdGlvbiUzRDAlMjZ3aW5kZGlyZWN0aW9uJTNEMSUyNnV2JTNEMCUyNmh1bWlkaXR5JTNEMCUyNnByZWNpcGl0YXRpb24lM0QwJTI2cHJlY2lwaXRhdGlvbiUzRDElMjZwcmVjaXBpdGF0aW9ucHJvYmFiaWxpdHklM0QwJTI2cHJlY2lwaXRhdGlvbnByb2JhYmlsaXR5JTNEMSUyNnNwb3QlM0QwJTI2c3BvdCUzRDElMjZwcmVzc3VyZSUzRDAlMjZwcmVzc3VyZSUzRDElMjZsYXlvdXQlM0RsaWdodCUyMiUyMCUyMGZyYW1lYm9yZGVyJTNEJTIyMCUyMiUyMHNjcm9sbGluZyUzRCUyMk5PJTIyJTIwYWxsb3d0cmFuc3BhcmVuY3klM0QlMjJ0cnVlJTIyJTIwc2FuZGJveCUzRCUyMmFsbG93LXNhbWUtb3JpZ2luJTIwYWxsb3ctc2NyaXB0cyUyMGFsbG93LXBvcHVwcyUyMGFsbG93LXBvcHVwcy10by1lc2NhcGUtc2FuZGJveCUyMiUyMHN0eWxlJTNEJTIyd2lkdGglM0ElMjAzNzhweCUzQiUyMGhlaWdodCUzQSUyMDQxM3B4JTIyJTNFJTNDJTJGaWZyYW1lJTNFJTNDZGl2JTNFJTNDJTIxLS0lMjBETyUyME5PVCUyMFJFTU9WRSUyMFRISVMlMjBMSU5LJTIwLS0lM0UlM0NhJTIwaHJlZiUzRCUyMmh0dHBzJTNBJTJGJTJGd3d3Lm1ldGVvYmx1ZS5jb20lMkZlcyUyRnRpZW1wbyUyRnNlbWFuYSUyRjM4Ljg2Ti0wLjI2RTk4OF9FdXJvcGUlMjUyRk1hZHJpZCUzRnV0bV9zb3VyY2UlM0R3ZWF0aGVyX3dpZGdldCUyNnV0bV9tZWRpdW0lM0RsaW5rdXMlMjZ1dG1fY29udGVudCUzRGRhaWx5JTI2dXRtX2NhbXBhaWduJTNEV2VhdGhlciUyNTJCV2lkZ2V0JTIyJTIwdGFyZ2V0JTNEJTIyX2JsYW5rJTIyJTNFbWV0ZW9ibHVlJTNDJTJGYSUzRSUzQyUyRmRpdiUzRQ==[\/vc_raw_html][\/vc_column][vc_column width=\u00bb1\/5&#8243;][\/vc_column][\/vc_row]<\/p>\n","protected":false},"excerpt":{"rendered":"<p>[vc_row][vc_column][vc_column_text]Dentro de nuestro af\u00e1n de subir todas las monta\u00f1as y recorrernos los rincones de los valles y lugares de la provincia de Alicante, nos faltaba una monta\u00f1a y lugar que representaba un accidente geogr\u00e1fico como incluso comarcal, importante. Aunque no demasiado visitada o deseada, es una monta\u00f1a con unos perfiles curiosos y famosos por sus&hellip;<\/p>\n","protected":false},"author":1,"featured_media":45174,"comment_status":"open","ping_status":"open","sticky":false,"template":"","format":"standard","meta":[],"categories":[94],"tags":[],"class_list":["post-45188","post","type-post","status-publish","format-standard","has-post-thumbnail","hentry","category-resto-de-alicante","category-94","description-off"],"_links":{"self":[{"href":"https:\/\/www.monta\u00f1asdelaluna.es\/index.php?rest_route=\/wp\/v2\/posts\/45188","targetHints":{"allow":["GET"]}}],"collection":[{"href":"https:\/\/www.monta\u00f1asdelaluna.es\/index.php?rest_route=\/wp\/v2\/posts"}],"about":[{"href":"https:\/\/www.monta\u00f1asdelaluna.es\/index.php?rest_route=\/wp\/v2\/types\/post"}],"author":[{"embeddable":true,"href":"https:\/\/www.monta\u00f1asdelaluna.es\/index.php?rest_route=\/wp\/v2\/users\/1"}],"replies":[{"embeddable":true,"href":"https:\/\/www.monta\u00f1asdelaluna.es\/index.php?rest_route=%2Fwp%2Fv2%2Fcomments&post=45188"}],"version-history":[{"count":10,"href":"https:\/\/www.monta\u00f1asdelaluna.es\/index.php?rest_route=\/wp\/v2\/posts\/45188\/revisions"}],"predecessor-version":[{"id":50384,"href":"https:\/\/www.monta\u00f1asdelaluna.es\/index.php?rest_route=\/wp\/v2\/posts\/45188\/revisions\/50384"}],"wp:featuredmedia":[{"embeddable":true,"href":"https:\/\/www.monta\u00f1asdelaluna.es\/index.php?rest_route=\/wp\/v2\/media\/45174"}],"wp:attachment":[{"href":"https:\/\/www.monta\u00f1asdelaluna.es\/index.php?rest_route=%2Fwp%2Fv2%2Fmedia&parent=45188"}],"wp:term":[{"taxonomy":"category","embeddable":true,"href":"https:\/\/www.monta\u00f1asdelaluna.es\/index.php?rest_route=%2Fwp%2Fv2%2Fcategories&post=45188"},{"taxonomy":"post_tag","embeddable":true,"href":"https:\/\/www.monta\u00f1asdelaluna.es\/index.php?rest_route=%2Fwp%2Fv2%2Ftags&post=45188"}],"curies":[{"name":"wp","href":"https:\/\/api.w.org\/{rel}","templated":true}]}}