{"id":45212,"date":"2018-09-28T18:43:10","date_gmt":"2018-09-28T18:43:10","guid":{"rendered":"http:\/\/monta\u00f1asdelaluna.com\/?p=45212"},"modified":"2021-07-06T08:38:21","modified_gmt":"2021-07-06T08:38:21","slug":"7-lagunas-en-sierra-nevada","status":"publish","type":"post","link":"https:\/\/www.monta\u00f1asdelaluna.es\/?p=45212","title":{"rendered":"&#8230; 7 Lagunas en Sierra Nevada"},"content":{"rendered":"<p>Despu\u00e9s de aquella intentona invernal el pasado mes de marzo acampados junto a la Laguna Hondera en 7 Lagunas, en oto\u00f1o del mismo a\u00f1o, exactamente en el puente del 12 de octubre, organizamos una salida con un numeroso grupo de compa\u00f1eros del Centro Excursionista Almorad\u00ed al mismo lugar. 7 Lagunas y las cimas que pod\u00edamos hacer desde ella, se hab\u00eda convertido en objetivo monta\u00f1ero a Sierra Nevada aquel a\u00f1o, y al final realizar\u00edamos la haza\u00f1a.<\/p>\n<p>Ten\u00edamos varios d\u00edas por delante as\u00ed que algunos de los compa\u00f1eros llegaron el d\u00eda anterior a Trev\u00e9lez, el comienzo de la marcha, para dormir en su camping. Yo ven\u00eda con mis compa\u00f1eros de alta y grandes monta\u00f1as alicantinos, y a mitad de la noche cuando ya todos dorm\u00edan en el camping, nos hicimos un rinc\u00f3n sin que los due\u00f1os del camping se enterasen, creo.<\/p>\n<p>Al otro d\u00eda amanec\u00eda con un tiempo excelente para realizar la traves\u00eda y ascensi\u00f3n a la Laguna Hondera desde el pueblo, igual que hicimos el pasado marzo cuando acampamos solos junto a la laguna y tuvimos que bajarnos pitando en aquel intento <a href=\"http:\/\/monta\u00f1asdelaluna.com\/2002\/03\/16\/invernal-en-7-lagunas\/\" target=\"_blank\" rel=\"noopener\">invernal en 7 Lagunas<\/a>. Siempre es el mismo camino desde Trev\u00e9lez para subir a 7 Lagunas.<\/p>\n<div id=\"attachment_43997\" style=\"width: 832px\" class=\"wp-caption aligncenter\"><a class=\"dt-single-image\" href=\"http:\/\/monta\u00f1asdelaluna.com\/wp-content\/uploads\/2020\/07\/subiendo-a-7-lagunas-delante-fani-y-jesus-santana.jpg\" data-dt-img-description=\"\"><img loading=\"lazy\" decoding=\"async\" aria-describedby=\"caption-attachment-43997\" class=\"wp-image-43997 \" src=\"http:\/\/monta\u00f1asdelaluna.com\/wp-content\/uploads\/2020\/07\/subiendo-a-7-lagunas-delante-fani-y-jesus-santana-1024x684.jpg\" alt=\"Subiendo a 7 Lagunas, delante Fani y Jes\u00fas Santana\" width=\"822\" height=\"549\" srcset=\"https:\/\/www.monta\u00f1asdelaluna.es\/wp-content\/uploads\/2020\/07\/subiendo-a-7-lagunas-delante-fani-y-jesus-santana-1024x684.jpg 1024w, https:\/\/www.monta\u00f1asdelaluna.es\/wp-content\/uploads\/2020\/07\/subiendo-a-7-lagunas-delante-fani-y-jesus-santana-300x200.jpg 300w, https:\/\/www.monta\u00f1asdelaluna.es\/wp-content\/uploads\/2020\/07\/subiendo-a-7-lagunas-delante-fani-y-jesus-santana.jpg 1838w\" sizes=\"auto, (max-width: 822px) 100vw, 822px\" \/><\/a><p id=\"caption-attachment-43997\" class=\"wp-caption-text\">Subiendo a 7 Lagunas, delante Fani y Jes\u00fas Santana<\/p><\/div>\n<div id=\"attachment_43998\" style=\"width: 830px\" class=\"wp-caption aligncenter\"><a class=\"dt-single-image\" href=\"http:\/\/monta\u00f1asdelaluna.com\/wp-content\/uploads\/2020\/07\/en-el-fondo-del-valle-queda-trevelez.jpg\" data-dt-img-description=\"\"><img loading=\"lazy\" decoding=\"async\" aria-describedby=\"caption-attachment-43998\" class=\"wp-image-43998 \" src=\"http:\/\/monta\u00f1asdelaluna.com\/wp-content\/uploads\/2020\/07\/en-el-fondo-del-valle-queda-trevelez-1024x681.jpg\" alt=\"En el fondo del valle queda Trev\u00e9lez\" width=\"820\" height=\"545\" srcset=\"https:\/\/www.monta\u00f1asdelaluna.es\/wp-content\/uploads\/2020\/07\/en-el-fondo-del-valle-queda-trevelez-1024x681.jpg 1024w, https:\/\/www.monta\u00f1asdelaluna.es\/wp-content\/uploads\/2020\/07\/en-el-fondo-del-valle-queda-trevelez-300x200.jpg 300w, https:\/\/www.monta\u00f1asdelaluna.es\/wp-content\/uploads\/2020\/07\/en-el-fondo-del-valle-queda-trevelez.jpg 1838w\" sizes=\"auto, (max-width: 820px) 100vw, 820px\" \/><\/a><p id=\"caption-attachment-43998\" class=\"wp-caption-text\">En el fondo del valle queda Trev\u00e9lez<\/p><\/div>\n<p>Subimos por un terreno al principio, por el fondo del valle al salir de Trev\u00e9lez, con algo de bosquecillo, cruzando acequias y un ancho camino, hasta que ya nos desviamos hacia la izquierda ladera arriba y en diagonal, por ese terreno m\u00e1s agostado, menos arboleda y m\u00e1s rocas, pedregosa senda, con esas piedras de pizarra metam\u00f3rfica rojizas, anaranjadas oscuras o marrones pastel caracter\u00edstica de la roca de Sierra Nevada. A medida que subimos vamos dejando el pueblo de Trev\u00e9lez all\u00e1 abajo, encajado en el fondo del valle. Quiz\u00e1s la imagen m\u00e1s curiosa y embelesadora del comienzo de la subida a 7 Lagunas.<\/p>\n<p>Descanso de lo mochilones en el sitio de siempre en mitad de la subida. En aquel refugio medio deshecho de La Campi\u00f1uela. Recordad que el desnivel es de unos 1.350 mts. y llevamos comida para varios d\u00edas, las tiendas, sacos de plumas, material impermeable y de abrigo\u2026 menos los \u201chierros\u201d que utilizamos en invierno, casi de todo\u2026<\/p>\n<p>Reemprendemos la marcha. El mismo recorrido de subida a 7 Lagunas sin salirnos de la senda, de la ruta. Aparecen las t\u00edpicas nubes bajas que se forman en Las Alpujarras, para que el sol no nos queme tanto y para ponerle m\u00e1s emoci\u00f3n al recorrido. M\u00e1s arriba en el vertical R\u00edo Culo de Perro descubrimos una presita desde la que sale o sal\u00eda una de las numerosas acequias que recorren estas altas laderas de Sierra Nevada. El aprovechamiento de la abundante agua, si la comparamos con el resto de lugares del sureste peninsular, es importante en estas comarcas de la sierra; con infraestructuras ense\u00f1adas y construidas por los musulmanes cuando habitaron el lugar, el agua no para de recorrer a diferentes niveles y alturas, las laderas de los valles de Las Alpujarras.<\/p>\n<div id=\"attachment_44000\" style=\"width: 831px\" class=\"wp-caption aligncenter\"><a class=\"dt-single-image\" href=\"http:\/\/monta\u00f1asdelaluna.com\/wp-content\/uploads\/2020\/07\/subiendo-a-7-lagunas.jpg\" data-dt-img-description=\"\"><img loading=\"lazy\" decoding=\"async\" aria-describedby=\"caption-attachment-44000\" class=\"wp-image-44000 \" src=\"http:\/\/monta\u00f1asdelaluna.com\/wp-content\/uploads\/2020\/07\/subiendo-a-7-lagunas-1024x682.jpg\" alt=\"Subiendo a 7 Lagunas\" width=\"821\" height=\"547\" srcset=\"https:\/\/www.monta\u00f1asdelaluna.es\/wp-content\/uploads\/2020\/07\/subiendo-a-7-lagunas-1024x682.jpg 1024w, https:\/\/www.monta\u00f1asdelaluna.es\/wp-content\/uploads\/2020\/07\/subiendo-a-7-lagunas-300x200.jpg 300w, https:\/\/www.monta\u00f1asdelaluna.es\/wp-content\/uploads\/2020\/07\/subiendo-a-7-lagunas.jpg 1836w\" sizes=\"auto, (max-width: 821px) 100vw, 821px\" \/><\/a><p id=\"caption-attachment-44000\" class=\"wp-caption-text\">Subiendo a 7 Lagunas<\/p><\/div>\n<div id=\"attachment_44002\" style=\"width: 830px\" class=\"wp-caption aligncenter\"><a class=\"dt-single-image\" href=\"http:\/\/monta\u00f1asdelaluna.com\/wp-content\/uploads\/2020\/07\/subiendo-por-las-chorreras-negras-y-las-cascadas-del-rio-culo-de-perro.jpg\" data-dt-img-description=\"\"><img loading=\"lazy\" decoding=\"async\" aria-describedby=\"caption-attachment-44002\" class=\"wp-image-44002 \" src=\"http:\/\/monta\u00f1asdelaluna.com\/wp-content\/uploads\/2020\/07\/subiendo-por-las-chorreras-negras-y-las-cascadas-del-rio-culo-de-perro-1024x679.jpg\" alt=\"Subiendo por las Chorreras Negras y las cascadas del R\u00edo Culo de Perro\" width=\"820\" height=\"544\" srcset=\"https:\/\/www.monta\u00f1asdelaluna.es\/wp-content\/uploads\/2020\/07\/subiendo-por-las-chorreras-negras-y-las-cascadas-del-rio-culo-de-perro-1024x679.jpg 1024w, https:\/\/www.monta\u00f1asdelaluna.es\/wp-content\/uploads\/2020\/07\/subiendo-por-las-chorreras-negras-y-las-cascadas-del-rio-culo-de-perro-300x199.jpg 300w, https:\/\/www.monta\u00f1asdelaluna.es\/wp-content\/uploads\/2020\/07\/subiendo-por-las-chorreras-negras-y-las-cascadas-del-rio-culo-de-perro.jpg 1836w\" sizes=\"auto, (max-width: 820px) 100vw, 820px\" \/><\/a><p id=\"caption-attachment-44002\" class=\"wp-caption-text\">Subiendo por las Chorreras Negras y las cascadas del R\u00edo Culo de Perro<\/p><\/div>\n<p>Y arriba del R\u00edo Culo de Perro las Chorreras Negras y esas ca\u00eddas de sus aguas, esas cascaditas, venidas desde la Laguna Hondera y del valle, ca\u00f1ada de 7 Lagunas, colgada all\u00e1 arriba de la pared por la bajan las aguas, a modo de balc\u00f3n o de morrena glaciar. Cruzamos al otro lado del r\u00edo para subir la pared en zigzag dejando las ca\u00eddas y cascaditas de agua a la izquierda. Y ya por fin, despu\u00e9s de horas de subida desde Trev\u00e9lez, llegamos a la planicie, la hondonada u hoya dominada por la misma Laguna Hondera, comienzo o final de la Ca\u00f1ada de 7 Lagunas.<\/p>\n<p>Hay pocos y peque\u00f1os neveritos en las laderas que bajan de la cima del Mulhac\u00e9n a la izquierda, mientras que en el fondo del valle y en la parte de la monta\u00f1a del Alcazaba, Loma Culo de Perro, Pe\u00f1\u00f3n del Globo\u2026 no hay nieve, solo la rojiza, marr\u00f3n anaranjada roca pelada de estas pizarras que se calientan tanto con los rayos del sol. Acampamos en las orillas de la laguna. El lugar es id\u00edlico, encantador, sobre un esponjoso suelo mullido de hierba agostada en laderas suaves poco o nada inclinadas que van dejando alg\u00fan sitio llano para montar la tienda, el igl\u00fa. Especial.<\/p>\n<div id=\"attachment_44003\" style=\"width: 1170px\" class=\"wp-caption aligncenter\"><a class=\"dt-single-image\" href=\"http:\/\/monta\u00f1asdelaluna.com\/wp-content\/uploads\/2020\/07\/acampados-en-la-canada-de-7-lagunas-delante-la-laguna-hondera-a-la-izquierda-las-laderas-del-mulhacen-y-a-la-derecha-el-penon-del-globo-y-puntal-de-la-cornisa.jpg\" data-dt-img-description=\"\"><img loading=\"lazy\" decoding=\"async\" aria-describedby=\"caption-attachment-44003\" class=\"wp-image-44003 \" src=\"http:\/\/monta\u00f1asdelaluna.com\/wp-content\/uploads\/2020\/07\/acampados-en-la-canada-de-7-lagunas-delante-la-laguna-hondera-a-la-izquierda-las-laderas-del-mulhacen-y-a-la-derecha-el-penon-del-globo-y-puntal-de-la-cornisa.jpg\" alt=\"Acampados en la Ca\u00f1ada de 7 Lagunas, delante la Laguna Hondera, a la izquierda las laderas del Mulhac\u00e9n y a la derecha el Pe\u00f1\u00f3n del Globo y Puntal de La Cornisa\" width=\"1160\" height=\"439\" srcset=\"https:\/\/www.monta\u00f1asdelaluna.es\/wp-content\/uploads\/2020\/07\/acampados-en-la-canada-de-7-lagunas-delante-la-laguna-hondera-a-la-izquierda-las-laderas-del-mulhacen-y-a-la-derecha-el-penon-del-globo-y-puntal-de-la-cornisa.jpg 2596w, https:\/\/www.monta\u00f1asdelaluna.es\/wp-content\/uploads\/2020\/07\/acampados-en-la-canada-de-7-lagunas-delante-la-laguna-hondera-a-la-izquierda-las-laderas-del-mulhacen-y-a-la-derecha-el-penon-del-globo-y-puntal-de-la-cornisa-300x113.jpg 300w, https:\/\/www.monta\u00f1asdelaluna.es\/wp-content\/uploads\/2020\/07\/acampados-en-la-canada-de-7-lagunas-delante-la-laguna-hondera-a-la-izquierda-las-laderas-del-mulhacen-y-a-la-derecha-el-penon-del-globo-y-puntal-de-la-cornisa-1024x387.jpg 1024w\" sizes=\"auto, (max-width: 1160px) 100vw, 1160px\" \/><\/a><p id=\"caption-attachment-44003\" class=\"wp-caption-text\">Acampados en la Ca\u00f1ada de 7 Lagunas, delante la Laguna Hondera, a la izquierda las laderas del Mulhac\u00e9n y a la derecha el Pe\u00f1\u00f3n del Globo y Puntal de La Cornisa<\/p><\/div>\n<p>7 Lagunas no es que sea Ordesa o Gavarnie de precioso, hermoso y espectacular, pero tiene un clima, ambiente de tranquilidad y sosiego que no se encuentran en muchos lugares en el sur peninsular, y con las aguas pl\u00e1cidas de la Laguna Hondera le confieren un rinc\u00f3n especial, casi m\u00edstico, inigualable, a casi 2.900 metros de altitud.<\/p>\n<p>Despu\u00e9s de montar las tiendas, deambulamos por el lugar, sociabilizamos y charlamos entre las tiendas y las orillas de la laguna. Hay otros grupos, gentes o tiendas montadas, el lugar es suficientemente grande como para plantar las tiendas a una distancia considerable si lo quieres. Y como no, una foto en honor al atardecer en este rinc\u00f3n de la sierra, mientras los \u00faltimos rayos de sol tocan el Pe\u00f1\u00f3n del Globo y el Puntal de La Cornisa, y las aguas de la laguna se oscurecen mientras se sucede una batalla de destellos plateados y verdes oscuros entre sus peque\u00f1as olitas. Precioso. No hay prisa. Al otro d\u00eda lo planeado era subir a uno de los picos m\u00e1s altos o principales del cual, a\u00fan nos falta por ollar su cumbre: el Alcazaba.<\/p>\n<div id=\"attachment_44004\" style=\"width: 1170px\" class=\"wp-caption aligncenter\"><a class=\"dt-single-image\" href=\"http:\/\/monta\u00f1asdelaluna.com\/wp-content\/uploads\/2020\/07\/atardecer-en-la-laguna-hondera-aun-iluminados-por-el-sol-el-penon-del-globo-en-el-centro-y-el-puntal-de-la-cornisa-a-la-izquierda.jpg\" data-dt-img-description=\"\"><img loading=\"lazy\" decoding=\"async\" aria-describedby=\"caption-attachment-44004\" class=\"wp-image-44004 \" src=\"http:\/\/monta\u00f1asdelaluna.com\/wp-content\/uploads\/2020\/07\/atardecer-en-la-laguna-hondera-aun-iluminados-por-el-sol-el-penon-del-globo-en-el-centro-y-el-puntal-de-la-cornisa-a-la-izquierda.jpg\" alt=\"Atardecer en la Laguna Hondera, a\u00fan iluminados por el sol el Pe\u00f1\u00f3n del Globo en el centro y el Puntal de La Cornisa a la izquierda\" width=\"1160\" height=\"770\" srcset=\"https:\/\/www.monta\u00f1asdelaluna.es\/wp-content\/uploads\/2020\/07\/atardecer-en-la-laguna-hondera-aun-iluminados-por-el-sol-el-penon-del-globo-en-el-centro-y-el-puntal-de-la-cornisa-a-la-izquierda.jpg 1836w, https:\/\/www.monta\u00f1asdelaluna.es\/wp-content\/uploads\/2020\/07\/atardecer-en-la-laguna-hondera-aun-iluminados-por-el-sol-el-penon-del-globo-en-el-centro-y-el-puntal-de-la-cornisa-a-la-izquierda-300x199.jpg 300w, https:\/\/www.monta\u00f1asdelaluna.es\/wp-content\/uploads\/2020\/07\/atardecer-en-la-laguna-hondera-aun-iluminados-por-el-sol-el-penon-del-globo-en-el-centro-y-el-puntal-de-la-cornisa-a-la-izquierda-1024x679.jpg 1024w\" sizes=\"auto, (max-width: 1160px) 100vw, 1160px\" \/><\/a><p id=\"caption-attachment-44004\" class=\"wp-caption-text\">Atardecer en la Laguna Hondera, a\u00fan iluminados por el sol el Pe\u00f1\u00f3n del Globo en el centro y el Puntal de La Cornisa a la izquierda<\/p><\/div>\n<p>Era una monta\u00f1a que no nos era indiferente\u2026 ya desde aquel mi primer viaje a esta sierra con la <a href=\"http:\/\/monta\u00f1asdelaluna.com\/1993\/02\/19\/mi-primera-cima-en-sierra-nevada-elorrieta\/\" target=\"_blank\" rel=\"noopener\">subida al Refugio Elorrieta<\/a>, del cual ya hab\u00edan pasado casi 10 a\u00f1o; la visi\u00f3n desde la autov\u00eda de esas tres caras norte de las monta\u00f1as m\u00e1s altas de Sierra Nevada impresionaba\u2026 Alcazaba, Mulhac\u00e9n y Veleta. Incluso el Alcazaba ten\u00eda una o varias v\u00edas en su cara norte, entre sus extensos escarpes y verticalidades que miran al norte, que no ten\u00edan nada que envidiar a la cara norte del Mulhac\u00e9n, es m\u00e1s, incluso m\u00e1s desafiantes, largas y t\u00e9cnicas que las del mismo Mulhac\u00e9n. Sin embargo, al igual que el Mulhac\u00e9n, su ascensi\u00f3n por su lado m\u00e1s f\u00e1cil es un paseo, largo, pero paseo, sin ning\u00fan impedimento o contratiempo t\u00e9cnico, menos el mismo tiempo, para poder ascender a su facil\u00edsima y casi altiplana cima desde su lado sur, desde 7 Lagunas. La \u00fanica dificultad es la distancia y al cansancio que produce. Pero ya era hora de visitar su cima y otear el horizonte, el resto de la sierra, con el hermano Mulhac\u00e9n muy cerca. No podemos subir a los picos m\u00e1s altos e importantes de Sierra Nevada sin subir a este Alcazaba.<\/p>\n<p>Seguramente el nombre de esta monta\u00f1a que viene del \u00e1rabe resulta de verla, descubrirla por su lado, vertiente y cara norte, ya que las paredes y muros que la rodean, con ese torre\u00f3n, aguja que forma su cima puntiaguda desde el norte, le confieren una forma como de elegante pero inexpugnable fortaleza, castillo, alc\u00e1zar. Incluso si revisas sus perfiles en fotos, en un mapa o recorri\u00e9ndolos, compruebas que realmente es un verdadero castillo, fortaleza, rodeado de verticales paredes y torreones en sus murallas, menos por un lado, el lado sureste: pared y muralla de la cara norte, oeste, pared y picos del Pe\u00f1\u00f3n del Globo y Puntal de La Cornisa al suroeste, el Puntal y Tajos del Goter\u00f3n con sus paredes, en el lado norte, noreste y este\u2026 el \u00fanico paso es justo el que se abre al sureste, entre la Loma Culo de Perro justo mirando al sur, que acaba en el Pe\u00f1\u00f3n del Globo, y la Loma del Alcazaba, que acaba en las paredes del Goter\u00f3n, al sureste, este, tambi\u00e9n. Curioso y fascinante a la vez\u2026 hab\u00eda que subirla. Por su lado m\u00e1s f\u00e1cil, olvidando su cara norte, ser\u00eda desde 7 Lagunas, o bien llegando desde el Refugio Poqueira o bien desde Trev\u00e9lez durmiendo, o no, en Laguna Hondera de 7 Lagunas. Otras rutas o recorridos, que los puede haber, podr\u00edan ser m\u00e1s largos o tediosos, de forma que 7 Lagunas se convert\u00eda en la base de la ascensi\u00f3n al pico\u2026 aunque el desnivel a realizar contando la distancia y terreno, es ya muy poco y f\u00e1cil. De Trev\u00e9lez a Laguna Hondera son unos 1.350 mts., pero de Laguna Hondera hasta la cima del Alcazaba son poco m\u00e1s de 450 metros.<\/p>\n<div id=\"attachment_44005\" style=\"width: 831px\" class=\"wp-caption aligncenter\"><a class=\"dt-single-image\" href=\"http:\/\/monta\u00f1asdelaluna.com\/wp-content\/uploads\/2020\/07\/campamento-junto-a-la-laguna-hondera.jpg\" data-dt-img-description=\"\"><img loading=\"lazy\" decoding=\"async\" aria-describedby=\"caption-attachment-44005\" class=\"wp-image-44005 \" src=\"http:\/\/monta\u00f1asdelaluna.com\/wp-content\/uploads\/2020\/07\/campamento-junto-a-la-laguna-hondera-1024x687.jpg\" alt=\"Campamento junto a la Laguna Hondera\" width=\"821\" height=\"551\" srcset=\"https:\/\/www.monta\u00f1asdelaluna.es\/wp-content\/uploads\/2020\/07\/campamento-junto-a-la-laguna-hondera-1024x687.jpg 1024w, https:\/\/www.monta\u00f1asdelaluna.es\/wp-content\/uploads\/2020\/07\/campamento-junto-a-la-laguna-hondera-300x201.jpg 300w, https:\/\/www.monta\u00f1asdelaluna.es\/wp-content\/uploads\/2020\/07\/campamento-junto-a-la-laguna-hondera.jpg 1836w\" sizes=\"auto, (max-width: 821px) 100vw, 821px\" \/><\/a><p id=\"caption-attachment-44005\" class=\"wp-caption-text\">Campamento junto a la Laguna Hondera<\/p><\/div>\n<div id=\"attachment_44006\" style=\"width: 830px\" class=\"wp-caption aligncenter\"><a class=\"dt-single-image\" href=\"http:\/\/monta\u00f1asdelaluna.com\/wp-content\/uploads\/2020\/07\/subiendo-al-alcazaba-delante-el-penon-del-globo.jpg\" data-dt-img-description=\"\"><img loading=\"lazy\" decoding=\"async\" aria-describedby=\"caption-attachment-44006\" class=\"wp-image-44006 \" src=\"http:\/\/monta\u00f1asdelaluna.com\/wp-content\/uploads\/2020\/07\/subiendo-al-alcazaba-delante-el-penon-del-globo-1024x684.jpg\" alt=\"Subiendo al Alcazaba, delante el Pe\u00f1\u00f3n del Globo\" width=\"820\" height=\"548\" srcset=\"https:\/\/www.monta\u00f1asdelaluna.es\/wp-content\/uploads\/2020\/07\/subiendo-al-alcazaba-delante-el-penon-del-globo-1024x684.jpg 1024w, https:\/\/www.monta\u00f1asdelaluna.es\/wp-content\/uploads\/2020\/07\/subiendo-al-alcazaba-delante-el-penon-del-globo-300x200.jpg 300w, https:\/\/www.monta\u00f1asdelaluna.es\/wp-content\/uploads\/2020\/07\/subiendo-al-alcazaba-delante-el-penon-del-globo.jpg 1829w\" sizes=\"auto, (max-width: 820px) 100vw, 820px\" \/><\/a><p id=\"caption-attachment-44006\" class=\"wp-caption-text\">Subiendo al Alcazaba, delante el Pe\u00f1\u00f3n del Globo<\/p><\/div>\n<p>Al d\u00eda siguiente despu\u00e9s de una noche fresca pero c\u00f3moda, buena, hacemos un desayuno largo, cuesta despertarnos o m\u00e1s bien cuesta ponerse en marcha tanta gente, pero al final decidimos salir en busca de la cima de la Alcazaba, y alguna otra que se ponga de camino. El d\u00eda es radiante, luminoso, con un sol que intenta calentar con su luz y rayos sin que ninguna nube o neblina se interponga en su camino.<\/p>\n<p>El recorrido no tiene p\u00e9rdida, adem\u00e1s hay una especie de senda, de ruta ya trazo para llegar a su cima\u2026 si no est\u00e1 cubierta por la nieve como es el caso en este viaje. Nos dirigimos hacia el noreste sin comenzar a subir mucha altura desde la Laguna Hondera buscando la parte m\u00e1s baja de la Loma Culo de Perro dejando a nuestra espalda el campamento y la misma laguna. Ya subidos a lomos de la Loma Culo de Perro, giramos siguiendo su parte m\u00e1s alta hacia el norte, empin\u00e1ndose cada vez m\u00e1s a medida que vamos cogiendo altura\u2026 es como si nos estuvi\u00e9ramos recorriendo lo alto de la muralla de roca del lado derecho que delimita el valle o la ca\u00f1ada de 7 Lagunas. Como si fu\u00e9ramos en direcci\u00f3n a la cima del Pe\u00f1\u00f3n del Globo.<\/p>\n<p>Pero no pasamos por la cima del Pe\u00f1\u00f3n del Globo, llega un momento que el recorrido se desv\u00eda un poco m\u00e1s a la derecha, como buscando el centro o fondo del valle entre las dos f\u00e1ciles lomas, la del Alcazaba a la derecha y Culo de Perro a la izquierda, para seguir hacia arriba en busca de las alturas de esta monta\u00f1a\u2026 pero m\u00e1s cerca de las inmediaciones del Pe\u00f1\u00f3n del Globo que del centro entre las dos lomas.<\/p>\n<div id=\"attachment_44007\" style=\"width: 831px\" class=\"wp-caption aligncenter\"><a class=\"dt-single-image\" href=\"http:\/\/monta\u00f1asdelaluna.com\/wp-content\/uploads\/2020\/07\/llegando-a-la-cima-del-alcazaba.jpg\" data-dt-img-description=\"\"><img loading=\"lazy\" decoding=\"async\" aria-describedby=\"caption-attachment-44007\" class=\"wp-image-44007 \" src=\"http:\/\/monta\u00f1asdelaluna.com\/wp-content\/uploads\/2020\/07\/llegando-a-la-cima-del-alcazaba-1024x682.jpg\" alt=\"Llegando a la cima del Alcazaba\" width=\"821\" height=\"547\" srcset=\"https:\/\/www.monta\u00f1asdelaluna.es\/wp-content\/uploads\/2020\/07\/llegando-a-la-cima-del-alcazaba-1024x682.jpg 1024w, https:\/\/www.monta\u00f1asdelaluna.es\/wp-content\/uploads\/2020\/07\/llegando-a-la-cima-del-alcazaba-300x200.jpg 300w, https:\/\/www.monta\u00f1asdelaluna.es\/wp-content\/uploads\/2020\/07\/llegando-a-la-cima-del-alcazaba.jpg 1837w\" sizes=\"auto, (max-width: 821px) 100vw, 821px\" \/><\/a><p id=\"caption-attachment-44007\" class=\"wp-caption-text\">Llegando a la cima del Alcazaba<\/p><\/div>\n<div id=\"attachment_44009\" style=\"width: 830px\" class=\"wp-caption aligncenter\"><a class=\"dt-single-image\" href=\"http:\/\/monta\u00f1asdelaluna.com\/wp-content\/uploads\/2020\/07\/cima-del-alcazaba-3-364-mts-detras-el-penon-del-globo.jpg\" data-dt-img-description=\"\"><img loading=\"lazy\" decoding=\"async\" aria-describedby=\"caption-attachment-44009\" class=\"wp-image-44009\" src=\"http:\/\/monta\u00f1asdelaluna.com\/wp-content\/uploads\/2020\/07\/cima-del-alcazaba-3-364-mts-detras-el-penon-del-globo.jpg\" alt=\"Cima del Alcazaba, 3.364 mts., detr\u00e1s el Pe\u00f1\u00f3n del Globo\" width=\"820\" height=\"1212\" srcset=\"https:\/\/www.monta\u00f1asdelaluna.es\/wp-content\/uploads\/2020\/07\/cima-del-alcazaba-3-364-mts-detras-el-penon-del-globo.jpg 1236w, https:\/\/www.monta\u00f1asdelaluna.es\/wp-content\/uploads\/2020\/07\/cima-del-alcazaba-3-364-mts-detras-el-penon-del-globo-203x300.jpg 203w, https:\/\/www.monta\u00f1asdelaluna.es\/wp-content\/uploads\/2020\/07\/cima-del-alcazaba-3-364-mts-detras-el-penon-del-globo-693x1024.jpg 693w\" sizes=\"auto, (max-width: 820px) 100vw, 820px\" \/><\/a><p id=\"caption-attachment-44009\" class=\"wp-caption-text\">Cima del Alcazaba, 3.364 mts., detr\u00e1s el Pe\u00f1\u00f3n del Globo. En el centro del grupo, Dani el Peque.<\/p><\/div>\n<p>M\u00e1s arriba, cuando dejamos casi a nuestra espalda la f\u00e1cil cima (desde aqu\u00ed) del Pe\u00f1\u00f3n del Globo, el recorrido hace un peque\u00f1o giro a la derecha y norte, noreste, para directamente subir a la cima del Alcazaba, que, sin apreciarlo o sin darnos cuenta, la hemos tenido siempre all\u00e1 arriba si miramos al norte, pero no es un lugar que se diferencie del resto de sitios de la monta\u00f1a desde esta vertiente, quiero decir que si no es porque ya no hay m\u00e1s rocas o piedras que subir, no sabes que estas en la cima del Alcazaba diferenciada del resto de la pendiente\u2026 en definitiva es una suave ladera llena de gigantescas, grandes y medianas rocas metam\u00f3rficas, como si fueran primas hermanas de esas grandes rocas gran\u00edticas de las alturas del Pirineo.<\/p>\n<p>Y ya estamos todo el grupo en la cima del Alcazaba a 3.364 mts. de altura. Por el camino, igual que en las laderas del Mulhac\u00e9n, quedaban algunos peque\u00f1os neveros de las primeras nevadas del oto\u00f1o-invierno que se cern\u00eda. La cima no es nada del otro mundo, a menos que observes, admires el paisaje y los perfiles de la monta\u00f1a, sobre todo mirando hacia su cara norte, noroeste, sus cortes y escarpes, y la magn\u00edfica ventana que es hacia las vistas del hermano Mulhac\u00e9n y del m\u00e1s alejado Veleta\u2026 si desde el Veleta, las vistas del Mulhac\u00e9n y Alcazaba eran inseparables, ahora le est\u00e1bamos dando la vuelta \u201ca la foto\u201d para ver la misma imagen pero desde el lado contrario, el Mulhac\u00e9n y el Veleta desde el Alcazaba. Precioso y emotivo. Incre\u00edble. Unas im\u00e1genes bastante alpinas, atractivas y desafiantes; con sobre todo, la larga cara norte del Mulhac\u00e9n delante nuestro, escarpada y vertical, solamente tapada por las alturas inhiestas a la propia cima del Alcazaba, pero se pod\u00eda ver hasta la perfecta Laguna de La Mosca, all\u00e1 abajo, en la base de la cara norte del Mulhac\u00e9n, la cual por cierto, parec\u00eda m\u00e1s larga y desafiante si cabe. Tambi\u00e9n la cara noreste del Veleta, esa proa de gale\u00f3n que resurge partiendo un mar imaginario, al norte su pared m\u00e1s vertical entre las sombras, al sur tambi\u00e9n otra pared pero soleada y m\u00e1s asequible. Fant\u00e1stico. Y entre el Mulhac\u00e9n y el Veleta, todos los Crestones de Rio Seco que desde esta perspectiva se convert\u00edan en una cresta temeraria, desafiante y atrayente, contando la cara norte cortada y vertical del Puntal de La Caldera como parte de dicha cresta\u2026 Incre\u00edble y extraordinaria vista. Fant\u00e1stica.<\/p>\n<div id=\"attachment_44008\" style=\"width: 1170px\" class=\"wp-caption aligncenter\"><a class=\"dt-single-image\" href=\"http:\/\/monta\u00f1asdelaluna.com\/wp-content\/uploads\/2020\/07\/desde-la-cima-del-alcazaba-de-izquierda-a-derecha-mulhacen-y-su-cara-norte-con-la-laguna-de-la-mosca-bajo-ella-loma-pelada-puntal-de-la-caldera-al-fondo-pico-del-tajo-de-los-machos-y-caballo-cres.jpg\" data-dt-img-description=\"\"><img loading=\"lazy\" decoding=\"async\" aria-describedby=\"caption-attachment-44008\" class=\"wp-image-44008 \" src=\"http:\/\/monta\u00f1asdelaluna.com\/wp-content\/uploads\/2020\/07\/desde-la-cima-del-alcazaba-de-izquierda-a-derecha-mulhacen-y-su-cara-norte-con-la-laguna-de-la-mosca-bajo-ella-loma-pelada-puntal-de-la-caldera-al-fondo-pico-del-tajo-de-los-machos-y-caballo-cres.jpg\" alt=\"Desde la cima del Alcazaba de izquierda a derecha: Mulhac\u00e9n y su cara norte con la Laguna de La Mosca bajo ella, Loma Pelada, Puntal de La Caldera, al fondo Pico del Tajo de Los Machos y Caballo, Crestones de R\u00edo Seco, bajo los Crestones, Juego de Bolos; detr\u00e1s Tajos de La Virgen, Cerro de Los Machos y Veleta\" width=\"1160\" height=\"370\" srcset=\"https:\/\/www.monta\u00f1asdelaluna.es\/wp-content\/uploads\/2020\/07\/desde-la-cima-del-alcazaba-de-izquierda-a-derecha-mulhacen-y-su-cara-norte-con-la-laguna-de-la-mosca-bajo-ella-loma-pelada-puntal-de-la-caldera-al-fondo-pico-del-tajo-de-los-machos-y-caballo-cres.jpg 2946w, https:\/\/www.monta\u00f1asdelaluna.es\/wp-content\/uploads\/2020\/07\/desde-la-cima-del-alcazaba-de-izquierda-a-derecha-mulhacen-y-su-cara-norte-con-la-laguna-de-la-mosca-bajo-ella-loma-pelada-puntal-de-la-caldera-al-fondo-pico-del-tajo-de-los-machos-y-caballo-cres-300x96.jpg 300w, https:\/\/www.monta\u00f1asdelaluna.es\/wp-content\/uploads\/2020\/07\/desde-la-cima-del-alcazaba-de-izquierda-a-derecha-mulhacen-y-su-cara-norte-con-la-laguna-de-la-mosca-bajo-ella-loma-pelada-puntal-de-la-caldera-al-fondo-pico-del-tajo-de-los-machos-y-caballo-cres-1024x326.jpg 1024w\" sizes=\"auto, (max-width: 1160px) 100vw, 1160px\" \/><\/a><p id=\"caption-attachment-44008\" class=\"wp-caption-text\">Desde la cima del Alcazaba de izquierda a derecha: Mulhac\u00e9n y su cara norte con la Laguna de La Mosca bajo ella, Loma Pelada, Puntal de La Caldera, al fondo Pico del Tajo de Los Machos y Caballo, Crestones de R\u00edo Seco, bajo los Crestones, Juego de Bolos; detr\u00e1s Tajos de La Virgen, Cerro de Los Machos y Veleta<\/p><\/div>\n<p>Somos casi 20 compa\u00f1eros y compa\u00f1eras que pasamos un buen rato almorzando y disfrutando de la cima del Alcazaba y del fant\u00e1stico d\u00eda. No hay prisa. Sin apenas peso, hemos tardado casi una tercera parte como mucho de lo realizado ayer para subir a Laguna Hondera. Casi que nos da para una peque\u00f1a siesta. El tiempo sigue bueno y sin una nube, y el frio no es excesivo, con lo que la estancia en este alto pico de Sierra Nevada se hace bastante llevadera, incluso nos llega a calentar el sol.<\/p>\n<p>Ya emprendemos la bajada, es f\u00e1cil, solo tenemos que desandar el camino, con la fulminante y preciosa vista del Mulhac\u00e9n y su cara norte delante. Pero al llegar a las cercan\u00edas del Pe\u00f1\u00f3n del Globo, habiendo dejado de lado el Puntal de La Cornisa al estar algo m\u00e1s apartado de nuestro recorrido, comentamos de subirlo y as\u00ed hacer otra cima de m\u00e1s de tres mil metros de Sierra Nevada. Aunque desde donde lo subimos solo haya unos pocos metros de desnivel entre la senda o traza que va al Alcazaba y la propia cima del Pe\u00f1\u00f3n del Globo. Pero a\u00fan ser\u00eda un \u201cdesconsideraci\u00f3n\u201d por nuestra parte no subirlo teni\u00e9ndolo tan a mano.<\/p>\n<div id=\"attachment_44011\" style=\"width: 1171px\" class=\"wp-caption aligncenter\"><a class=\"dt-single-image\" href=\"http:\/\/monta\u00f1asdelaluna.com\/wp-content\/uploads\/2020\/07\/bajando-de-la-cima-del-alcazaba-seguido-el-puntal-de-la-cornisa-y-detras-el-mulhacen-con-su-cara-norte.jpg\" data-dt-img-description=\"\"><img loading=\"lazy\" decoding=\"async\" aria-describedby=\"caption-attachment-44011\" class=\"wp-image-44011 \" src=\"http:\/\/monta\u00f1asdelaluna.com\/wp-content\/uploads\/2020\/07\/bajando-de-la-cima-del-alcazaba-seguido-el-puntal-de-la-cornisa-y-detras-el-mulhacen-con-su-cara-norte.jpg\" alt=\"Bajando de la cima del Alcazaba, seguido el Puntal de La Cornisa y detr\u00e1s el Mulhac\u00e9n con su cara norte\" width=\"1161\" height=\"778\" srcset=\"https:\/\/www.monta\u00f1asdelaluna.es\/wp-content\/uploads\/2020\/07\/bajando-de-la-cima-del-alcazaba-seguido-el-puntal-de-la-cornisa-y-detras-el-mulhacen-con-su-cara-norte.jpg 1836w, https:\/\/www.monta\u00f1asdelaluna.es\/wp-content\/uploads\/2020\/07\/bajando-de-la-cima-del-alcazaba-seguido-el-puntal-de-la-cornisa-y-detras-el-mulhacen-con-su-cara-norte-300x201.jpg 300w, https:\/\/www.monta\u00f1asdelaluna.es\/wp-content\/uploads\/2020\/07\/bajando-de-la-cima-del-alcazaba-seguido-el-puntal-de-la-cornisa-y-detras-el-mulhacen-con-su-cara-norte-1024x686.jpg 1024w\" sizes=\"auto, (max-width: 1161px) 100vw, 1161px\" \/><\/a><p id=\"caption-attachment-44011\" class=\"wp-caption-text\">Bajando de la cima del Alcazaba, seguido el Puntal de La Cornisa y detr\u00e1s el Mulhac\u00e9n con su cara norte<\/p><\/div>\n<p>Con lo que una vez que giramos para buscar la Loma Culo de Perro y vemos la cima picuda del Pe\u00f1\u00f3n del Globo, cogemos a la derecha otra sendita que se acerca a su base, colladito y cima. Son pocos minutos y metros. Y as\u00ed hacemos la cima del Pe\u00f1\u00f3n del Globo, de 3.288 mts. con unas vistas fant\u00e1sticas y muy completas de todo lo que es la Ca\u00f1ada de 7 Lagunas, descubriendo y contando las 7 lagunas que se ven enteras desde esta cima\u2026 quiz\u00e1s la Laguna Altera no tanto\u2026 All\u00e1 abajo quedan como peque\u00f1os charquitos de aguas plateadas, brillantes y sobresalientes comparadas con el resto del paisaje de roca y desolaci\u00f3n de estas pizarras metam\u00f3rficas.<\/p>\n<p>Las lagunas se presentan como en dos bandas de escorrent\u00edas, separas por el centro del mismo valle, una a cada lado pegada a las bases de las murallas de las monta\u00f1as del Mulhac\u00e9n y Alcazaba. Comunicadas entre ellas, ubicadas a diferentes alturas o cubetas glaciares, por esos torrentes de agua clara, que a su vez ti\u00f1en de marr\u00f3n o amarillo agostado, sus rincones y orillas por los que pasan, dando un color diferente y m\u00e1s llamativo al lugar. En verano seguramente es de un verde vivo e intenso, pero con la llegada del frio y las primeras nieves, la poca vegetaci\u00f3n se agosta y cambia a un color de muerte amarillo o marr\u00f3n pastel. Pero a\u00fan as\u00ed el paisaje de la ca\u00f1ada de 7 Lagunas es precioso y curioso\u2026 abajo del todo de este valle colgado tenemos la laguna m\u00e1s grande y a m\u00e1s baja altura con forma como de habichuela, ri\u00f1\u00f3n\u2026 es la magn\u00edfica Laguna Hondera, junto a la cual hemos montado nuestro campamento. Debemos llegar hasta all\u00ed, despu\u00e9s de los pocos minutos de disfrutar y ollar la cima de este Pe\u00f1\u00f3n del Globo.<\/p>\n<div id=\"attachment_44012\" style=\"width: 831px\" class=\"wp-caption aligncenter\"><a class=\"dt-single-image\" href=\"http:\/\/monta\u00f1asdelaluna.com\/wp-content\/uploads\/2020\/07\/acercandonos-al-penon-del-globo-3-288-mts.jpg\" data-dt-img-description=\"\"><img loading=\"lazy\" decoding=\"async\" aria-describedby=\"caption-attachment-44012\" class=\"wp-image-44012 \" src=\"http:\/\/monta\u00f1asdelaluna.com\/wp-content\/uploads\/2020\/07\/acercandonos-al-penon-del-globo-3-288-mts-1024x680.jpg\" alt=\"Acerc\u00e1ndonos al Pe\u00f1\u00f3n del Globo, 3.288 mts.\" width=\"821\" height=\"545\" srcset=\"https:\/\/www.monta\u00f1asdelaluna.es\/wp-content\/uploads\/2020\/07\/acercandonos-al-penon-del-globo-3-288-mts-1024x680.jpg 1024w, https:\/\/www.monta\u00f1asdelaluna.es\/wp-content\/uploads\/2020\/07\/acercandonos-al-penon-del-globo-3-288-mts-300x199.jpg 300w, https:\/\/www.monta\u00f1asdelaluna.es\/wp-content\/uploads\/2020\/07\/acercandonos-al-penon-del-globo-3-288-mts.jpg 1833w\" sizes=\"auto, (max-width: 821px) 100vw, 821px\" \/><\/a><p id=\"caption-attachment-44012\" class=\"wp-caption-text\">Acerc\u00e1ndonos al Pe\u00f1\u00f3n del Globo, 3.288 mts.<\/p><\/div>\n<div id=\"attachment_44013\" style=\"width: 832px\" class=\"wp-caption aligncenter\"><a class=\"dt-single-image\" href=\"http:\/\/monta\u00f1asdelaluna.com\/wp-content\/uploads\/2020\/07\/cima-del-penon-del-globo-3-288-mts-abajo-vemos-4-de-las-7-lagunas-con-la-laguna-hondera-al-fondo-y-detras-la-loma-del-mulhacen-a-la-izquierda-paco.jpg\" data-dt-img-description=\"\"><img loading=\"lazy\" decoding=\"async\" aria-describedby=\"caption-attachment-44013\" class=\"wp-image-44013 \" src=\"http:\/\/monta\u00f1asdelaluna.com\/wp-content\/uploads\/2020\/07\/cima-del-penon-del-globo-3-288-mts-abajo-vemos-4-de-las-7-lagunas-con-la-laguna-hondera-al-fondo-y-detras-la-loma-del-mulhacen-a-la-izquierda-paco-1024x686.jpg\" alt=\"Cima del Pe\u00f1\u00f3n del Globo, 3.288 mts. Abajo vemos 4 de las 7 lagunas, con la Laguna Hondera al fondo, y detr\u00e1s la loma del Mulhac\u00e9n, a la izquierda Paco\" width=\"822\" height=\"551\" srcset=\"https:\/\/www.monta\u00f1asdelaluna.es\/wp-content\/uploads\/2020\/07\/cima-del-penon-del-globo-3-288-mts-abajo-vemos-4-de-las-7-lagunas-con-la-laguna-hondera-al-fondo-y-detras-la-loma-del-mulhacen-a-la-izquierda-paco-1024x686.jpg 1024w, https:\/\/www.monta\u00f1asdelaluna.es\/wp-content\/uploads\/2020\/07\/cima-del-penon-del-globo-3-288-mts-abajo-vemos-4-de-las-7-lagunas-con-la-laguna-hondera-al-fondo-y-detras-la-loma-del-mulhacen-a-la-izquierda-paco-300x201.jpg 300w, https:\/\/www.monta\u00f1asdelaluna.es\/wp-content\/uploads\/2020\/07\/cima-del-penon-del-globo-3-288-mts-abajo-vemos-4-de-las-7-lagunas-con-la-laguna-hondera-al-fondo-y-detras-la-loma-del-mulhacen-a-la-izquierda-paco.jpg 1833w\" sizes=\"auto, (max-width: 822px) 100vw, 822px\" \/><\/a><p id=\"caption-attachment-44013\" class=\"wp-caption-text\">Cima del Pe\u00f1\u00f3n del Globo, 3.288 mts. Abajo vemos 4 de las 7 lagunas, con la Laguna Hondera al fondo, y detr\u00e1s la loma del Mulhac\u00e9n, a la izquierda Paco<\/p><\/div>\n<p>Contrariamente al lado este, el lado oeste del Pe\u00f1\u00f3n del Globo que cae sobre el valle, ca\u00f1ada de 7 Lagunas, es una pared escarpada, casi vertical y con un desnivel considerable, de la cual no piensas que existe un camino. Pero antes de llegar a la cima del mismo, nos hemos percatado que s\u00ed existe una bajada desde esta cima o sus inmediaciones, que baja directamente al fondo del valle de 7 Lagunas sin necesidad de desandar la f\u00e1cil y aburrida Loma Culo de Perro. Con lo que deshacemos algo el camino de subida y nos desviamos precipit\u00e1ndonos por el lado oeste de la loma cimera, en busca del fondo de la ca\u00f1ada de 7 Lagunas.<\/p>\n<p>No recuerdo desde que lado del Pe\u00f1\u00f3n del Globo sal\u00eda o se emprend\u00eda dicha bajada\u2026 para que m\u00ed que era cerca de las inmediaciones del nombrado pico, pero entre \u00e9ste y el Puntal de La Cornisa\u2026 el caso es que, por este lado o el otro, bajamos de forma directa en pendiente y a veces en zigzag evitando las zonas m\u00e1s escarpadas y verticales, hasta las cercan\u00edas de alguna de las 7 Lagunas, y desde aqu\u00ed, ya por terreno m\u00e1s horizontal, girar hacia el sur en busca de nuestra bonita Laguna Hondera casi por el fondo del valle. No tiene p\u00e9rdida.<\/p>\n<div id=\"attachment_44014\" style=\"width: 832px\" class=\"wp-caption aligncenter\"><a class=\"dt-single-image\" href=\"http:\/\/monta\u00f1asdelaluna.com\/wp-content\/uploads\/2020\/07\/bajando-a-7-lagunas-abajo-la-laguna-hondera-la-mas-alejada.jpg\" data-dt-img-description=\"\"><img loading=\"lazy\" decoding=\"async\" aria-describedby=\"caption-attachment-44014\" class=\"wp-image-44014 \" src=\"http:\/\/monta\u00f1asdelaluna.com\/wp-content\/uploads\/2020\/07\/bajando-a-7-lagunas-abajo-la-laguna-hondera-la-mas-alejada-1024x679.jpg\" alt=\"Bajando a 7 Lagunas, abajo la Laguna Hondera la m\u00e1s alejada\" width=\"822\" height=\"545\" srcset=\"https:\/\/www.monta\u00f1asdelaluna.es\/wp-content\/uploads\/2020\/07\/bajando-a-7-lagunas-abajo-la-laguna-hondera-la-mas-alejada-1024x679.jpg 1024w, https:\/\/www.monta\u00f1asdelaluna.es\/wp-content\/uploads\/2020\/07\/bajando-a-7-lagunas-abajo-la-laguna-hondera-la-mas-alejada-300x199.jpg 300w, https:\/\/www.monta\u00f1asdelaluna.es\/wp-content\/uploads\/2020\/07\/bajando-a-7-lagunas-abajo-la-laguna-hondera-la-mas-alejada.jpg 1840w\" sizes=\"auto, (max-width: 822px) 100vw, 822px\" \/><\/a><p id=\"caption-attachment-44014\" class=\"wp-caption-text\">Bajando a 7 Lagunas, abajo la Laguna Hondera la m\u00e1s alejada<\/p><\/div>\n<div id=\"attachment_44015\" style=\"width: 830px\" class=\"wp-caption aligncenter\"><a class=\"dt-single-image\" href=\"http:\/\/monta\u00f1asdelaluna.com\/wp-content\/uploads\/2020\/07\/bajando-a-7-lagunas-brillan-las-aguas-de-2-de-las-lagunas.jpg\" data-dt-img-description=\"\"><img loading=\"lazy\" decoding=\"async\" aria-describedby=\"caption-attachment-44015\" class=\"wp-image-44015 \" src=\"http:\/\/monta\u00f1asdelaluna.com\/wp-content\/uploads\/2020\/07\/bajando-a-7-lagunas-brillan-las-aguas-de-2-de-las-lagunas-1024x679.jpg\" alt=\"Bajando a 7 Lagunas, brillan las aguas de 2 de las lagunas\" width=\"820\" height=\"544\" srcset=\"https:\/\/www.monta\u00f1asdelaluna.es\/wp-content\/uploads\/2020\/07\/bajando-a-7-lagunas-brillan-las-aguas-de-2-de-las-lagunas-1024x679.jpg 1024w, https:\/\/www.monta\u00f1asdelaluna.es\/wp-content\/uploads\/2020\/07\/bajando-a-7-lagunas-brillan-las-aguas-de-2-de-las-lagunas-300x199.jpg 300w, https:\/\/www.monta\u00f1asdelaluna.es\/wp-content\/uploads\/2020\/07\/bajando-a-7-lagunas-brillan-las-aguas-de-2-de-las-lagunas.jpg 1836w\" sizes=\"auto, (max-width: 820px) 100vw, 820px\" \/><\/a><p id=\"caption-attachment-44015\" class=\"wp-caption-text\">Bajando a 7 Lagunas, brillan las aguas de 2 de las lagunas<\/p><\/div>\n<p>Una vez hemos llegado a nuestro campamento en la Laguna Hondera y nos hemos desequipado y guardado la mochila, salimos a las orillas de la misma laguna, alguno incluso a refrescarse los pies en sus fr\u00edas y cristalinas aguas. Y as\u00ed pasamos el resto de la tarde o del d\u00eda, descansando, disfrutando de la tranquilidad, del sosiego y la buena compa\u00f1\u00eda de un numeroso grupo de amigos, monta\u00f1eros, que han subido hasta las alturas de Sierra Nevada para conquistar una de sus cimas que nos faltaba por visitar.<\/p>\n<p>Al otro d\u00eda, como si estuviera programado o contratado, el mal tiempo hace acto de presencia. Una gigantesca nube se posa sobre las cimas de las monta\u00f1as del Mulhac\u00e9n y Alcazaba para cubrirlas y recordarnos que estamos en oto\u00f1o, y que la lluvia y el fr\u00edo nos pueden acompa\u00f1ar en cualquier momento. Con lo que desmontamos el campamento para emprender el camino de regreso al coche en Trev\u00e9lez, desandando el camino ya habitual entre 7 Lagunas, la Laguna Hondera y la poblaci\u00f3n.<\/p>\n<div id=\"attachment_44016\" style=\"width: 832px\" class=\"wp-caption aligncenter\"><a class=\"dt-single-image\" href=\"http:\/\/monta\u00f1asdelaluna.com\/wp-content\/uploads\/2020\/07\/en-las-orillas-de-la-laguna-hondera-de-izquierda-a-derecha-quique-adrian-dani-el-peque-ramon-gonzalo-tomas-jose-antonio-pepe-diaz-antonio-cuartero-miguel-angel-sala-y-joaquin-terres-s.jpg\" data-dt-img-description=\"\"><img loading=\"lazy\" decoding=\"async\" aria-describedby=\"caption-attachment-44016\" class=\"wp-image-44016 \" src=\"http:\/\/monta\u00f1asdelaluna.com\/wp-content\/uploads\/2020\/07\/en-las-orillas-de-la-laguna-hondera-de-izquierda-a-derecha-quique-adrian-dani-el-peque-ramon-gonzalo-tomas-jose-antonio-pepe-diaz-antonio-cuartero-miguel-angel-sala-y-joaquin-terres-s-1024x688.jpg\" alt=\"En las orillas de la Laguna Hondera de izquierda a derecha: Quique, \u00bfAdri\u00e1n?, Dani el Peque, Ram\u00f3n, Gonzalo, Tom\u00e1s, Jos\u00e9 Antonio, Pepe D\u00edaz, Antonio Cuartero, Miguel \u00c1ngel Sala y Joaqu\u00edn Terr\u00e9s saliendo de la laguna\" width=\"822\" height=\"552\" srcset=\"https:\/\/www.monta\u00f1asdelaluna.es\/wp-content\/uploads\/2020\/07\/en-las-orillas-de-la-laguna-hondera-de-izquierda-a-derecha-quique-adrian-dani-el-peque-ramon-gonzalo-tomas-jose-antonio-pepe-diaz-antonio-cuartero-miguel-angel-sala-y-joaquin-terres-s-1024x688.jpg 1024w, https:\/\/www.monta\u00f1asdelaluna.es\/wp-content\/uploads\/2020\/07\/en-las-orillas-de-la-laguna-hondera-de-izquierda-a-derecha-quique-adrian-dani-el-peque-ramon-gonzalo-tomas-jose-antonio-pepe-diaz-antonio-cuartero-miguel-angel-sala-y-joaquin-terres-s-300x202.jpg 300w, https:\/\/www.monta\u00f1asdelaluna.es\/wp-content\/uploads\/2020\/07\/en-las-orillas-de-la-laguna-hondera-de-izquierda-a-derecha-quique-adrian-dani-el-peque-ramon-gonzalo-tomas-jose-antonio-pepe-diaz-antonio-cuartero-miguel-angel-sala-y-joaquin-terres-s.jpg 1822w\" sizes=\"auto, (max-width: 822px) 100vw, 822px\" \/><\/a><p id=\"caption-attachment-44016\" class=\"wp-caption-text\">En las orillas de la Laguna Hondera de izquierda a derecha: Quique, \u00bfAdri\u00e1n?, Dani el Peque, Ram\u00f3n, Gonzalo, Tom\u00e1s, Jos\u00e9 Antonio, Pepe D\u00edaz, Antonio Cuartero, Miguel \u00c1ngel Sala y Joaqu\u00edn Terr\u00e9s saliendo de la laguna<\/p><\/div>\n<div id=\"attachment_44017\" style=\"width: 830px\" class=\"wp-caption aligncenter\"><a class=\"dt-single-image\" href=\"http:\/\/monta\u00f1asdelaluna.com\/wp-content\/uploads\/2020\/07\/recogiendo-el-campamento-de-izquierda-a-derecha-pepe-diaz-joaquin-terres-adrian-y-dani-el-peque.jpg\" data-dt-img-description=\"\"><img loading=\"lazy\" decoding=\"async\" aria-describedby=\"caption-attachment-44017\" class=\"wp-image-44017 \" src=\"http:\/\/monta\u00f1asdelaluna.com\/wp-content\/uploads\/2020\/07\/recogiendo-el-campamento-de-izquierda-a-derecha-pepe-diaz-joaquin-terres-adrian-y-dani-el-peque-1024x681.jpg\" alt=\"Recogiendo el campamento, de izquierda a derecha: Pepe D\u00edaz, Joaqu\u00edn Terr\u00e9s, Adri\u00e1n y Dani el Peque\" width=\"820\" height=\"545\" srcset=\"https:\/\/www.monta\u00f1asdelaluna.es\/wp-content\/uploads\/2020\/07\/recogiendo-el-campamento-de-izquierda-a-derecha-pepe-diaz-joaquin-terres-adrian-y-dani-el-peque-1024x681.jpg 1024w, https:\/\/www.monta\u00f1asdelaluna.es\/wp-content\/uploads\/2020\/07\/recogiendo-el-campamento-de-izquierda-a-derecha-pepe-diaz-joaquin-terres-adrian-y-dani-el-peque-300x199.jpg 300w, https:\/\/www.monta\u00f1asdelaluna.es\/wp-content\/uploads\/2020\/07\/recogiendo-el-campamento-de-izquierda-a-derecha-pepe-diaz-joaquin-terres-adrian-y-dani-el-peque.jpg 1837w\" sizes=\"auto, (max-width: 820px) 100vw, 820px\" \/><\/a><p id=\"caption-attachment-44017\" class=\"wp-caption-text\">Recogiendo el campamento, de izquierda a derecha: Pepe D\u00edaz, Joaqu\u00edn Terr\u00e9s, Adri\u00e1n y Dani el Peque<\/p><\/div>\n<p>De esta manera concluye la actividad de subir a la alta cima del Alcazaba, olvidada y espetada por la sombra y fama del alto Mulhac\u00e9n, e incluso del Veleta en la lejan\u00eda, pero ahora integrada y apuntada en nuestra lista de cimas y picos visitados, conocidos y disfrutados. Como siempre esta Sierra Nevada nos ofrece una aventura y actividad de fuerza y resistencia, propio de grandes cordilleras, con paisajes y alturas que roza entre lo \u00e1rido (por la desnudez de la roca de alta monta\u00f1a) y lo paradisiaco (por sus torrentes y lagunas de abundante agua en un clima tan cambiante). Una magn\u00edfica salida, en la que lo que m\u00e1s prim\u00f3 es el gran grupo y compa\u00f1eros que formamos; lazos de pasi\u00f3n y vida entre buenos amigos y familia monta\u00f1era.<\/p>\n<p><span style=\"color: #0000ff;\"><em>Relato dedicado a la Memoria de Dani el Peque, en esta una de sus primeras salidas con ascensi\u00f3n a un tresmil con el Centro Excursionista Almorad\u00ed, y que ya no se encuentra entre nosotros para poder seguir disfrutando de nuestras monta\u00f1as. All\u00e1 donde est\u00e9s, esperamos que puedas ser igual de feliz que como lo eras subiendo monta\u00f1as con nosotros.<\/em><\/span><\/p>\n<div id=\"attachment_44023\" style=\"width: 853px\" class=\"wp-caption aligncenter\"><a class=\"dt-single-image\" href=\"http:\/\/monta\u00f1asdelaluna.com\/wp-content\/uploads\/2002\/10\/Alcazaba7Lagunas.croquis.web_.jpg\" data-dt-img-description=\"\"><img loading=\"lazy\" decoding=\"async\" aria-describedby=\"caption-attachment-44023\" class=\"wp-image-44023 size-full\" src=\"http:\/\/monta\u00f1asdelaluna.com\/wp-content\/uploads\/2002\/10\/Alcazaba7Lagunas.croquis.web_.jpg\" alt=\"Alcazaba7Lagunas.croquis.web\" width=\"843\" height=\"1450\" srcset=\"https:\/\/www.monta\u00f1asdelaluna.es\/wp-content\/uploads\/2002\/10\/Alcazaba7Lagunas.croquis.web_.jpg 843w, https:\/\/www.monta\u00f1asdelaluna.es\/wp-content\/uploads\/2002\/10\/Alcazaba7Lagunas.croquis.web_-174x300.jpg 174w, https:\/\/www.monta\u00f1asdelaluna.es\/wp-content\/uploads\/2002\/10\/Alcazaba7Lagunas.croquis.web_-595x1024.jpg 595w\" sizes=\"auto, (max-width: 843px) 100vw, 843px\" \/><\/a><p id=\"caption-attachment-44023\" class=\"wp-caption-text\">Croquis del recorrido y ascenso a 7 Lagunas desde Trev\u00e9lez, y del Alcazaba desde Laguna Hondera. PUNTO ROJO: Refugio vivac de La Campi\u00f1uela. LINEA DISCONTINUA: supuesta bajada del Pe\u00f1\u00f3n del Globo a 7 Lagunas<\/p><\/div>\n<p>[vc_separator][vc_row][vc_column][vc_empty_space][\/vc_column][\/vc_row][vc_row][vc_column][vc_cta h2=\u00bb\u00c1lbum de fotos\u00bb add_button=\u00bbright\u00bb btn_title=\u00bbVer fotos\u00bb btn_color=\u00bbwarning\u00bb btn_link=\u00bburl:http%3A%2F%2Fmonta%C3%B1asdelaluna.com%2Fdt_gallery%2Falcazaba-3-364-mts-desde-7-lagunas-2%2F||target:%20_blank\u00bb]Puedes ver todas las fotos del relato y actividad en forma de presentaci\u00f3n o individuales pinchando aqui \u00a1No te las pierdas![\/vc_cta][\/vc_column][\/vc_row][vc_row][vc_column][vc_empty_space][\/vc_column][\/vc_row][vc_row][vc_column width=\u00bb1\/2&#8243;][vc_empty_space height=\u00bb23px\u00bb][vc_raw_html]JTNDaWZyYW1lJTIwc3JjJTNEJTIyaHR0cHMlM0ElMkYlMkZ3d3cubWV0ZW9ibHVlLmNvbSUyRmVzJTJGdGllbXBvJTJGd2lkZ2V0JTJGZGFpbHklMkZ0cmV2JTI1YzMlMjVhOWxlel9lc3BhJTI1YzMlMjViMWFfMjUxMDE3NSUzRmdlb2xvYyUzRGZpeGVkJTI2ZGF5cyUzRDclMjZ0ZW1wdW5pdCUzRENFTFNJVVMlMjZ3aW5kdW5pdCUzREtJTE9NRVRFUl9QRVJfSE9VUiUyNnByZWNpcHVuaXQlM0RNSUxMSU1FVEVSJTI2Y29sb3VyZWQlM0Rjb2xvdXJlZCUyNnBpY3RvaWNvbiUzRDAlMjZwaWN0b2ljb24lM0QxJTI2bWF4dGVtcGVyYXR1cmUlM0QwJTI2bWF4dGVtcGVyYXR1cmUlM0QxJTI2bWludGVtcGVyYXR1cmUlM0QwJTI2bWludGVtcGVyYXR1cmUlM0QxJTI2d2luZHNwZWVkJTNEMCUyNndpbmRzcGVlZCUzRDElMjZ3aW5kZ3VzdCUzRDAlMjZ3aW5kZ3VzdCUzRDElMjZ3aW5kZGlyZWN0aW9uJTNEMCUyNndpbmRkaXJlY3Rpb24lM0QxJTI2dXYlM0QwJTI2aHVtaWRpdHklM0QwJTI2cHJlY2lwaXRhdGlvbiUzRDAlMjZwcmVjaXBpdGF0aW9uJTNEMSUyNnByZWNpcGl0YXRpb25wcm9iYWJpbGl0eSUzRDAlMjZwcmVjaXBpdGF0aW9ucHJvYmFiaWxpdHklM0QxJTI2c3BvdCUzRDAlMjZzcG90JTNEMSUyNnByZXNzdXJlJTNEMCUyNnByZXNzdXJlJTNEMSUyNmxheW91dCUzRGxpZ2h0JTIyJTIwJTIwZnJhbWVib3JkZXIlM0QlMjIwJTIyJTIwc2Nyb2xsaW5nJTNEJTIyTk8lMjIlMjBhbGxvd3RyYW5zcGFyZW5jeSUzRCUyMnRydWUlMjIlMjBzYW5kYm94JTNEJTIyYWxsb3ctc2FtZS1vcmlnaW4lMjBhbGxvdy1zY3JpcHRzJTIwYWxsb3ctcG9wdXBzJTIwYWxsb3ctcG9wdXBzLXRvLWVzY2FwZS1zYW5kYm94JTIyJTIwc3R5bGUlM0QlMjJ3aWR0aCUzQSUyMDM3OHB4JTNCJTIwaGVpZ2h0JTNBJTIwNDEzcHglMjIlM0UlM0MlMkZpZnJhbWUlM0UlM0NkaXYlM0UlM0MlMjEtLSUyMERPJTIwTk9UJTIwUkVNT1ZFJTIwVEhJUyUyMExJTkslMjAtLSUzRSUzQ2ElMjBocmVmJTNEJTIyaHR0cHMlM0ElMkYlMkZ3d3cubWV0ZW9ibHVlLmNvbSUyRmVzJTJGdGllbXBvJTJGc2VtYW5hJTJGdHJldiUyNWMzJTI1YTlsZXpfZXNwYSUyNWMzJTI1YjFhXzI1MTAxNzUlM0Z1dG1fc291cmNlJTNEd2VhdGhlcl93aWRnZXQlMjZ1dG1fbWVkaXVtJTNEbGlua3VzJTI2dXRtX2NvbnRlbnQlM0RkYWlseSUyNnV0bV9jYW1wYWlnbiUzRFdlYXRoZXIlMjUyQldpZGdldCUyMiUyMHRhcmdldCUzRCUyMl9ibGFuayUyMiUzRW1ldGVvYmx1ZSUzQyUyRmElM0UlM0MlMkZkaXYlM0U=[\/vc_raw_html][\/vc_column][vc_column width=\u00bb1\/2&#8243;][vc_column_text]Tiempo en Alcazaba[\/vc_column_text][vc_raw_html]JTNDaWZyYW1lJTIwc3JjJTNEJTIyaHR0cHMlM0ElMkYlMkZ3d3cubWV0ZW9ibHVlLmNvbSUyRmVzJTJGdGllbXBvJTJGd2lkZ2V0JTJGZGFpbHklMkYzNy4wNjhOLTMuMzAxRTMzNDRfRXVyb3BlJTI1MkZNYWRyaWQlM0ZnZW9sb2MlM0RmaXhlZCUyNmRheXMlM0Q3JTI2dGVtcHVuaXQlM0RDRUxTSVVTJTI2d2luZHVuaXQlM0RLSUxPTUVURVJfUEVSX0hPVVIlMjZwcmVjaXB1bml0JTNETUlMTElNRVRFUiUyNmNvbG91cmVkJTNEY29sb3VyZWQlMjZwaWN0b2ljb24lM0QwJTI2cGljdG9pY29uJTNEMSUyNm1heHRlbXBlcmF0dXJlJTNEMCUyNm1heHRlbXBlcmF0dXJlJTNEMSUyNm1pbnRlbXBlcmF0dXJlJTNEMCUyNm1pbnRlbXBlcmF0dXJlJTNEMSUyNndpbmRzcGVlZCUzRDAlMjZ3aW5kc3BlZWQlM0QxJTI2d2luZGd1c3QlM0QwJTI2d2luZGd1c3QlM0QxJTI2d2luZGRpcmVjdGlvbiUzRDAlMjZ3aW5kZGlyZWN0aW9uJTNEMSUyNnV2JTNEMCUyNmh1bWlkaXR5JTNEMCUyNnByZWNpcGl0YXRpb24lM0QwJTI2cHJlY2lwaXRhdGlvbiUzRDElMjZwcmVjaXBpdGF0aW9ucHJvYmFiaWxpdHklM0QwJTI2cHJlY2lwaXRhdGlvbnByb2JhYmlsaXR5JTNEMSUyNnNwb3QlM0QwJTI2c3BvdCUzRDElMjZwcmVzc3VyZSUzRDAlMjZwcmVzc3VyZSUzRDElMjZsYXlvdXQlM0RsaWdodCUyMiUyMCUyMGZyYW1lYm9yZGVyJTNEJTIyMCUyMiUyMHNjcm9sbGluZyUzRCUyMk5PJTIyJTIwYWxsb3d0cmFuc3BhcmVuY3klM0QlMjJ0cnVlJTIyJTIwc2FuZGJveCUzRCUyMmFsbG93LXNhbWUtb3JpZ2luJTIwYWxsb3ctc2NyaXB0cyUyMGFsbG93LXBvcHVwcyUyMGFsbG93LXBvcHVwcy10by1lc2NhcGUtc2FuZGJveCUyMiUyMHN0eWxlJTNEJTIyd2lkdGglM0ElMjAzNzhweCUzQiUyMGhlaWdodCUzQSUyMDQxMnB4JTIyJTNFJTNDJTJGaWZyYW1lJTNFJTNDZGl2JTNFJTNDJTIxLS0lMjBETyUyME5PVCUyMFJFTU9WRSUyMFRISVMlMjBMSU5LJTIwLS0lM0UlM0NhJTIwaHJlZiUzRCUyMmh0dHBzJTNBJTJGJTJGd3d3Lm1ldGVvYmx1ZS5jb20lMkZlcyUyRnRpZW1wbyUyRnNlbWFuYSUyRjM3LjA2OE4tMy4zMDFFMzM0NF9FdXJvcGUlMjUyRk1hZHJpZCUzRnV0bV9zb3VyY2UlM0R3ZWF0aGVyX3dpZGdldCUyNnV0bV9tZWRpdW0lM0RsaW5rdXMlMjZ1dG1fY29udGVudCUzRGRhaWx5JTI2dXRtX2NhbXBhaWduJTNEV2VhdGhlciUyNTJCV2lkZ2V0JTIyJTIwdGFyZ2V0JTNEJTIyX2JsYW5rJTIyJTNFbWV0ZW9ibHVlJTNDJTJGYSUzRSUzQyUyRmRpdiUzRQ==[\/vc_raw_html][\/vc_column][\/vc_row]<\/p>\n","protected":false},"excerpt":{"rendered":"<p>Despu\u00e9s de aquella intentona invernal el pasado mes de marzo acampados junto a la Laguna Hondera en 7 Lagunas, en oto\u00f1o del mismo a\u00f1o, exactamente en el puente del 12 de octubre, organizamos una salida con un numeroso grupo de compa\u00f1eros del Centro Excursionista Almorad\u00ed al mismo lugar. 7 Lagunas y las cimas que pod\u00edamos&hellip;<\/p>\n","protected":false},"author":1,"featured_media":44011,"comment_status":"open","ping_status":"open","sticky":false,"template":"","format":"standard","meta":[],"categories":[1],"tags":[],"class_list":["post-45212","post","type-post","status-publish","format-standard","has-post-thumbnail","hentry","category-sin-categoria","category-1","description-off"],"_links":{"self":[{"href":"https:\/\/www.monta\u00f1asdelaluna.es\/index.php?rest_route=\/wp\/v2\/posts\/45212","targetHints":{"allow":["GET"]}}],"collection":[{"href":"https:\/\/www.monta\u00f1asdelaluna.es\/index.php?rest_route=\/wp\/v2\/posts"}],"about":[{"href":"https:\/\/www.monta\u00f1asdelaluna.es\/index.php?rest_route=\/wp\/v2\/types\/post"}],"author":[{"embeddable":true,"href":"https:\/\/www.monta\u00f1asdelaluna.es\/index.php?rest_route=\/wp\/v2\/users\/1"}],"replies":[{"embeddable":true,"href":"https:\/\/www.monta\u00f1asdelaluna.es\/index.php?rest_route=%2Fwp%2Fv2%2Fcomments&post=45212"}],"version-history":[{"count":2,"href":"https:\/\/www.monta\u00f1asdelaluna.es\/index.php?rest_route=\/wp\/v2\/posts\/45212\/revisions"}],"predecessor-version":[{"id":47211,"href":"https:\/\/www.monta\u00f1asdelaluna.es\/index.php?rest_route=\/wp\/v2\/posts\/45212\/revisions\/47211"}],"wp:featuredmedia":[{"embeddable":true,"href":"https:\/\/www.monta\u00f1asdelaluna.es\/index.php?rest_route=\/wp\/v2\/media\/44011"}],"wp:attachment":[{"href":"https:\/\/www.monta\u00f1asdelaluna.es\/index.php?rest_route=%2Fwp%2Fv2%2Fmedia&parent=45212"}],"wp:term":[{"taxonomy":"category","embeddable":true,"href":"https:\/\/www.monta\u00f1asdelaluna.es\/index.php?rest_route=%2Fwp%2Fv2%2Fcategories&post=45212"},{"taxonomy":"post_tag","embeddable":true,"href":"https:\/\/www.monta\u00f1asdelaluna.es\/index.php?rest_route=%2Fwp%2Fv2%2Ftags&post=45212"}],"curies":[{"name":"wp","href":"https:\/\/api.w.org\/{rel}","templated":true}]}}