{"id":45748,"date":"2020-02-02T18:36:45","date_gmt":"2020-02-02T18:36:45","guid":{"rendered":"http:\/\/monta\u00f1asdelaluna.com\/?p=45748"},"modified":"2021-08-18T14:30:57","modified_gmt":"2021-08-18T14:30:57","slug":"lagullola-y-los-salts-de-rupit","status":"publish","type":"post","link":"https:\/\/www.monta\u00f1asdelaluna.es\/?p=45748","title":{"rendered":"L&#8217;Agullola y los Salts de Rupit"},"content":{"rendered":"<p>[vc_row][vc_column][vc_column_text]Ya llevaba muchas visitas a la regi\u00f3n del Collsacabra, Guilleries, y por ello cre\u00e9 una nueva secci\u00f3n en la web con este nombre. Pero no hab\u00eda estado a\u00fan en el coraz\u00f3n de la misma, en la famosa poblaci\u00f3n de Rupit y los cortados, barrancos, rincones, cascadas que la rodean, incluso la visita a la misma poblaci\u00f3n con sus calles, casas, escondites\u2026 de piedra y agua.<\/p>\n<p>Hab\u00eda o\u00eddo hablar de Rupit, un pueblo r\u00fastico y tur\u00edstico, muy visitado, un encanto de casas de piedra y callejuelas sin asfalto, emplazado en un cruce de monta\u00f1as rocosas y cauces de r\u00edos que forman ca\u00f1ones de vida y belleza. Tambi\u00e9n hab\u00eda visto que alguien hab\u00eda hecho alguna excursi\u00f3n a L\u2019Agullola; una aguja vertical e infranqueable que queda al final de una de estas mesetas formadas de paredes que aqu\u00ed llaman cingles (Tavertet, l\u2019Avenc, de Vilanova\u2026) \u2026 hace pocos meses hab\u00eda visitado las <a href=\"https:\/\/www.monta\u00f1asdelaluna.es\/?p=45435\" target=\"_blank\" rel=\"noopener\">Cingles de Vilanova<\/a>\u2026 A L\u2019Agullola se llegaba desde Rupit en un f\u00e1cil y bonito recorrido.<\/p>\n<p>Tambi\u00e9n lo rodeaban unos saltos de agua, unas cascadas que bajaban por las rieras, arroyos y riachuelos en busca del Pant\u00e0 de Susqueda, salvando las mencionadas paredes, precipicios de estas cingles, sobre todo las de Pujalr\u00e0s y Casadavall, hacia el este desde Rupit. Hay varios saltos o cascadas, como el de Ripol, del Gravet\u2026 pero uno de los m\u00e1s importantes, famoso, visitado y espectacular, es el Salt de Sallent; la misma riera que pasa por Rupit y que lleva su nombre, es la que forma esta espectacular cascada unos metros m\u00e1s abajo. El temporal del Gloria hace no muchos d\u00edas, dej\u00f3 una pluviosidad exagerada, dantesca, violenta, casi b\u00edblica, haciendo destrozos, pero tambi\u00e9n im\u00e1genes de rieras, r\u00edos, cascadas, saltos de agua, fuentes, a rebosar de caudal y agua\u2026 pod\u00eda ser la \u00e9poca ideal para ir a visitar estas cascadas, estos saltos, ahora.<\/p>\n<div id=\"attachment_45644\" style=\"width: 1870px\" class=\"wp-caption aligncenter\"><a class=\"dt-single-image\" href=\"https:\/\/www.monta\u00f1asdelaluna.es\/wp-content\/uploads\/2020\/10\/entrando-a-rupit.jpg\" data-dt-img-description=\"\"><img loading=\"lazy\" decoding=\"async\" aria-describedby=\"caption-attachment-45644\" class=\"wp-image-45644 size-full\" src=\"https:\/\/www.monta\u00f1asdelaluna.es\/wp-content\/uploads\/2020\/10\/entrando-a-rupit.jpg\" alt=\"Entrando a Rupit\" width=\"1860\" height=\"1240\" srcset=\"https:\/\/www.monta\u00f1asdelaluna.es\/wp-content\/uploads\/2020\/10\/entrando-a-rupit.jpg 1860w, https:\/\/www.monta\u00f1asdelaluna.es\/wp-content\/uploads\/2020\/10\/entrando-a-rupit-300x200.jpg 300w, https:\/\/www.monta\u00f1asdelaluna.es\/wp-content\/uploads\/2020\/10\/entrando-a-rupit-1024x683.jpg 1024w\" sizes=\"auto, (max-width: 1860px) 100vw, 1860px\" \/><\/a><p id=\"caption-attachment-45644\" class=\"wp-caption-text\">Entrando a Rupit<\/p><\/div>\n<div id=\"attachment_45646\" style=\"width: 1034px\" class=\"wp-caption aligncenter\"><a class=\"dt-single-image\" href=\"https:\/\/www.monta\u00f1asdelaluna.es\/wp-content\/uploads\/2020\/10\/delante-agnes-entrando-a-rupit-por-el-puente-sobre-la-riera-de-rupit.jpg\" data-dt-img-description=\"\"><img loading=\"lazy\" decoding=\"async\" aria-describedby=\"caption-attachment-45646\" class=\"wp-image-45646 size-large\" src=\"https:\/\/www.monta\u00f1asdelaluna.es\/wp-content\/uploads\/2020\/10\/delante-agnes-entrando-a-rupit-por-el-puente-sobre-la-riera-de-rupit-1024x683.jpg\" alt=\"Delante Agnes entrando a Rupit, por el puente sobre la Riera de Rupit\" width=\"1024\" height=\"683\" srcset=\"https:\/\/www.monta\u00f1asdelaluna.es\/wp-content\/uploads\/2020\/10\/delante-agnes-entrando-a-rupit-por-el-puente-sobre-la-riera-de-rupit-1024x683.jpg 1024w, https:\/\/www.monta\u00f1asdelaluna.es\/wp-content\/uploads\/2020\/10\/delante-agnes-entrando-a-rupit-por-el-puente-sobre-la-riera-de-rupit-300x200.jpg 300w, https:\/\/www.monta\u00f1asdelaluna.es\/wp-content\/uploads\/2020\/10\/delante-agnes-entrando-a-rupit-por-el-puente-sobre-la-riera-de-rupit.jpg 1860w\" sizes=\"auto, (max-width: 1024px) 100vw, 1024px\" \/><\/a><p id=\"caption-attachment-45646\" class=\"wp-caption-text\">Delante Agnes entrando a Rupit, por el puente sobre la Riera de Rupit<\/p><\/div>\n<p>Es por ello por lo que organizamos una actividad con salida y regreso en la bonica poblaci\u00f3n de Rupit, e intentando hacer una circular. Agnes y una amiga suya me acompa\u00f1aron en esta excursi\u00f3n. Para llegar a Rupit, si vienes de Vic, de Barcelona, debes de seguir las carreteras que van en direcci\u00f3n a Cantonigr\u00f3s, L\u2019Esquirol, como si fu\u00e9ramos a la<a href=\"https:\/\/www.monta\u00f1asdelaluna.es\/?p=25752\" target=\"_blank\" rel=\"noopener\"> Sierra del Santuario de Cabrera<\/a> visitada en varias ocasiones, pero sin parar y siguiendo la sinuosa, larga y solitaria carretera, pero enclavada en un paisaje verde y magn\u00edfico. Aunque si vienes de la provincia de Girona, como ven\u00eda Agnes, el camino o carretera es diferente, viniendo de la verde y preciosa Vall d\u2019En Bas en La Garrotxa.<\/p>\n<p>Justo a la entrada de Rupit hay un parking para todos los visitantes y turistas que llegan al pueblo. Nada m\u00e1s entrar al lugar sin entrar al pueblo, ya me voy dando cuenta de lo m\u00e1gico y precioso que es Rupit. En una cafeter\u00eda junto al parking me encuentro con Agnes y su amiga. Acabamos el desayuno y salimos derechos hacia el interior del pueblo. Antes de llegar intent\u00e9 ver tracks en wikiloc para hacerme una idea de los recorridos que podr\u00edamos hacer: enlazar la visita de L\u2019Agullola con la visita de los saltos de agua; porque en un principio quer\u00eda visitar esas tres cascadas nombradas. Y para comenzar observ\u00e9 que hab\u00eda una iglesia, un templo medieval al otro lado del pueblo de camino al Salt de Sallent o de L\u2019Agullola\u2026 por all\u00ed quer\u00eda pasar.<\/p>\n<p>La Riera de Rupit rodea la poblaci\u00f3n con su cauce, desfiladero, ca\u00f1\u00f3n, haci\u00e9ndolo casi inexpugnable en la antig\u00fcedad o guard\u00e1ndolo por todos sus flancos, menos por el lado este, donde la roca y su castillo guardaba ese lado. A la vez y de esta manera transforman al pueblo con una verdadera construcci\u00f3n medieval, con una arquitectura especial de calles estrechas, laber\u00ednticas, empedradas, con casas de piedra con balcones y adornos de madera, jambas, dinteles y columnas de las porchadas. Precioso, \u00fanico. Y a la vez para entrar en el pueblo se ten\u00eda que hacer por puentes que cruzaban este corto precipicio de la Riera de Rupit. Por uno de ellos entramos al casco urbano.<\/p>\n<div id=\"attachment_45648\" style=\"width: 1034px\" class=\"wp-caption aligncenter\"><a class=\"dt-single-image\" href=\"https:\/\/www.monta\u00f1asdelaluna.es\/wp-content\/uploads\/2020\/10\/rupit.jpg\" data-dt-img-description=\"\"><img loading=\"lazy\" decoding=\"async\" aria-describedby=\"caption-attachment-45648\" class=\"wp-image-45648 size-large\" src=\"https:\/\/www.monta\u00f1asdelaluna.es\/wp-content\/uploads\/2020\/10\/rupit-1024x683.jpg\" alt=\"Rupit\" width=\"1024\" height=\"683\" srcset=\"https:\/\/www.monta\u00f1asdelaluna.es\/wp-content\/uploads\/2020\/10\/rupit-1024x683.jpg 1024w, https:\/\/www.monta\u00f1asdelaluna.es\/wp-content\/uploads\/2020\/10\/rupit-300x200.jpg 300w, https:\/\/www.monta\u00f1asdelaluna.es\/wp-content\/uploads\/2020\/10\/rupit.jpg 1860w\" sizes=\"auto, (max-width: 1024px) 100vw, 1024px\" \/><\/a><p id=\"caption-attachment-45648\" class=\"wp-caption-text\">Rupit<\/p><\/div>\n<div id=\"attachment_45649\" style=\"width: 1034px\" class=\"wp-caption aligncenter\"><a class=\"dt-single-image\" href=\"https:\/\/www.monta\u00f1asdelaluna.es\/wp-content\/uploads\/2020\/10\/iglesia-de-rupit.jpg\" data-dt-img-description=\"\"><img loading=\"lazy\" decoding=\"async\" aria-describedby=\"caption-attachment-45649\" class=\"wp-image-45649 size-large\" src=\"https:\/\/www.monta\u00f1asdelaluna.es\/wp-content\/uploads\/2020\/10\/iglesia-de-rupit-1024x683.jpg\" alt=\"Iglesia de Rupit\" width=\"1024\" height=\"683\" srcset=\"https:\/\/www.monta\u00f1asdelaluna.es\/wp-content\/uploads\/2020\/10\/iglesia-de-rupit-1024x683.jpg 1024w, https:\/\/www.monta\u00f1asdelaluna.es\/wp-content\/uploads\/2020\/10\/iglesia-de-rupit-300x200.jpg 300w, https:\/\/www.monta\u00f1asdelaluna.es\/wp-content\/uploads\/2020\/10\/iglesia-de-rupit.jpg 1860w\" sizes=\"auto, (max-width: 1024px) 100vw, 1024px\" \/><\/a><p id=\"caption-attachment-45649\" class=\"wp-caption-text\">Iglesia de Rupit<\/p><\/div>\n<p>Debemos cruzar Rupit de norte a sur, pasando por la puerta y fachada de la iglesia del pueblo, y por casas con fachadas medievales\u2026 eso s\u00ed, ahora llena de restaurantes y algunas tiendas de souvenirs. La idea es ir en busca de la iglesia supuestamente rom\u00e1nica de Santa Magdalena. Hay cartelitos que nos indican por donde ir, que calle coger y por qu\u00e9 escaleras bajar. Con lo que al final salimos por un encantador camino bajo unas escaleras y arcos de piedra, que nos llevar\u00e1n junto al hueco del cauce de la Riera de Rupit que por aqu\u00ed ya se aleja del pueblo. Echamos la mirada atr\u00e1s, fotos del lugar, de las casas y sus fascinantes y cucos balcones, del pueblo y sus vistas, su imagen. Buc\u00f3lica, encantadora, simp\u00e1tica\u2026 una de esas postales de pueblos perdidos en la historia.<\/p>\n<p>El camino que sale de pueblo es de piedra, pero no tan antiguo como el pueblo, est\u00e1 arreglado y adecuado para poder caminar y pasar por \u00e9l sin torpezas ni obst\u00e1culos; hasta que desaparece para dar paso a otro camino o recorrido de tierra. Salimos del pueblo y cruzamos de nuevo la riera, giramos hacia la izquierda y sur, siguiendo el curso del rio corriente abajo pero algo m\u00e1s arriba de la orilla del mismo. La senda es clara, aunque unos carteles nos advierten de que en algunos puntos el recorrido puede ser peligroso y puede estar cerrado por \u00e1rboles ca\u00eddos y terreno desprendido; y as\u00ed es. A medida que seguimos la senda antes y despu\u00e9s del templo de Santa Magdalena nos encontramos la senda obstruida por \u00e1rboles ca\u00eddos y el terreno con la senda algo escarpada\u2026 ha sido el Gloria. A pesar de todo, nosotros seguimos el supuesto recorrido.<\/p>\n<p>La senda hace un giro igual que lo hace la riera. En ese giro aparece una senda de subida a la derecha. La seguimos y en pocos metros, escalones, llegamos a la esplanada donde se ubica Santa Magdalena. Visitamos el templo. Nadie m\u00e1s nos acompa\u00f1a en este recorrido. Ya ve\u00edamos la imagen del templo en la lejan\u00eda cuando salimos del pueblo, y ahora desde las puertas de esta iglesia rom\u00e1nica, admiramos las vistas hacia Rupit. Precioso. Abajo queda la Riera de Rupit, tambi\u00e9n con im\u00e1genes de agua y sosiego, anta\u00f1o, no hace tanto, un desorbitado, violento y peligroso r\u00edo salido de madre por el temporal Gloria.<\/p>\n<div id=\"attachment_45651\" style=\"width: 1034px\" class=\"wp-caption aligncenter\"><a class=\"dt-single-image\" href=\"https:\/\/www.monta\u00f1asdelaluna.es\/wp-content\/uploads\/2020\/10\/saliendo-de-rupit-hacia-santa-magdalena-delante-agnes.jpg\" data-dt-img-description=\"\"><img loading=\"lazy\" decoding=\"async\" aria-describedby=\"caption-attachment-45651\" class=\"wp-image-45651 size-large\" src=\"https:\/\/www.monta\u00f1asdelaluna.es\/wp-content\/uploads\/2020\/10\/saliendo-de-rupit-hacia-santa-magdalena-delante-agnes-1024x683.jpg\" alt=\"Saliendo de Rupit hacia Santa Magdalena, delante Agnes\" width=\"1024\" height=\"683\" srcset=\"https:\/\/www.monta\u00f1asdelaluna.es\/wp-content\/uploads\/2020\/10\/saliendo-de-rupit-hacia-santa-magdalena-delante-agnes-1024x683.jpg 1024w, https:\/\/www.monta\u00f1asdelaluna.es\/wp-content\/uploads\/2020\/10\/saliendo-de-rupit-hacia-santa-magdalena-delante-agnes-300x200.jpg 300w, https:\/\/www.monta\u00f1asdelaluna.es\/wp-content\/uploads\/2020\/10\/saliendo-de-rupit-hacia-santa-magdalena-delante-agnes.jpg 1860w\" sizes=\"auto, (max-width: 1024px) 100vw, 1024px\" \/><\/a><p id=\"caption-attachment-45651\" class=\"wp-caption-text\">Saliendo de Rupit hacia Santa Magdalena, delante Agnes<\/p><\/div>\n<div id=\"attachment_45654\" style=\"width: 1034px\" class=\"wp-caption aligncenter\"><a class=\"dt-single-image\" href=\"https:\/\/www.monta\u00f1asdelaluna.es\/wp-content\/uploads\/2020\/10\/santa-magdalena.jpg\" data-dt-img-description=\"\"><img loading=\"lazy\" decoding=\"async\" aria-describedby=\"caption-attachment-45654\" class=\"wp-image-45654 size-large\" src=\"https:\/\/www.monta\u00f1asdelaluna.es\/wp-content\/uploads\/2020\/10\/santa-magdalena-1024x683.jpg\" alt=\"Santa Magdalena\" width=\"1024\" height=\"683\" srcset=\"https:\/\/www.monta\u00f1asdelaluna.es\/wp-content\/uploads\/2020\/10\/santa-magdalena-1024x683.jpg 1024w, https:\/\/www.monta\u00f1asdelaluna.es\/wp-content\/uploads\/2020\/10\/santa-magdalena-300x200.jpg 300w, https:\/\/www.monta\u00f1asdelaluna.es\/wp-content\/uploads\/2020\/10\/santa-magdalena.jpg 1860w\" sizes=\"auto, (max-width: 1024px) 100vw, 1024px\" \/><\/a><p id=\"caption-attachment-45654\" class=\"wp-caption-text\">Santa Magdalena<\/p><\/div>\n<p>Mientras deambulamos por el lugar, habilitado como mirador y sitio para el esparcimiento, contemplamos el lado contrario al del pueblo; al fondo vemos entre neblinas, la meseta que queda antes del cortado que la separa de la espectacular y vertical aguja que forma L\u2019Agullola. Nuestra imaginaci\u00f3n vuela d\u00e1ndole un aspecto de formidable castillo, fortaleza, pero de la roca, de la naturaleza, impresionante. D\u00e1ndole la niebla una imagen fantasmag\u00f3rica, m\u00edstica, preciosa.<\/p>\n<p>Poco tiempo pasamos junto al templo, junto a sus muros y bancos de piedra, miradores al paisaje, y desandamos la senda, el caminito de subida, que sal\u00eda de la senda que ven\u00eda del pueblo de Rupit. Al otro lado, hacia el oeste, se oyen los motores de los coches que pasan por un camino asfaltado cercano, al que tendremos que salir m\u00e1s adelante. Una vez llegamos a la senda giramos a la derecha para seguir la direcci\u00f3n de r\u00edo abajo, con el caminito muy cerca del cauce. Tan cerca como para poder visitar los gorgs y cascadas que hace el r\u00edo a la vez que sigue hacia el sur. Con lo que llegamos a un determinado punto y mirando el mapa Alpina, nos metemos en el r\u00edo entre rocas madre planas, alisadas y lijadas por el paso del agua. Nos acercamos para ver el Salt del Mol\u00ed Rod\u00f3.<\/p>\n<p>Son varios metros de ca\u00edda, y el caudal es interesante. Es un bonito rinc\u00f3n de agua y vegetaci\u00f3n. Estamos solos en el lugar, cosa que le da m\u00e1s valor y tranquilidad. Solo o\u00edmos el ruidoso estruendo del agua cayendo y chocando contra las rocas, contra el mismo agua, algunos metros m\u00e1s abajo. Precioso lugar.[vc_empty_space][\/vc_column_text][\/vc_column][\/vc_row][vc_row][vc_column][vc_video link=\u00bbhttps:\/\/vimeo.com\/470243573&#8243; title=\u00bbSalt de Mol\u00ed Rod\u00f2\u00bb][\/vc_column][\/vc_row][vc_row][vc_column][vc_empty_space][\/vc_column][\/vc_row][vc_row][vc_column][vc_column_text]Despu\u00e9s de unos minutos contemplando el acu\u00e1tico lugar, debemos seguir por la senda, ahora m\u00e1s cerrada y poco transitada; siempre hacia el sur r\u00edo abajo. Llega un momento que la senda no tiene salida; desaparece entre la maleza, la vegetaci\u00f3n invasora\u2026 es entonces cuando buscamos una salida inventada de la senda o caminito que est\u00e1 desapareciendo bajo nuestros pies. En un momento determinado descubro que la carreterilla antes mencionada queda justo arriba de nosotros. Pasan coches de vez en cuando. Y es entonces cuando buscamos una subida, esa salida inventada, para llegar hasta el nombrado camino asaltado. Y por una ladera casi vertical entre vegetaci\u00f3n y tierra desmontada para hacer el mismo camino, monte a trav\u00e9s, subimos al camino asfaltado evitando los quitamiedos plantados en el borde el mismo, justo sobre el sitio por el que queremos subir.<\/p>\n<div id=\"attachment_45662\" style=\"width: 1034px\" class=\"wp-caption aligncenter\"><a class=\"dt-single-image\" href=\"https:\/\/www.monta\u00f1asdelaluna.es\/wp-content\/uploads\/2020\/10\/riera-de-rupit-en-el-salt-del-moli-rodo.jpg\" data-dt-img-description=\"\"><img loading=\"lazy\" decoding=\"async\" aria-describedby=\"caption-attachment-45662\" class=\"wp-image-45662 size-large\" src=\"https:\/\/www.monta\u00f1asdelaluna.es\/wp-content\/uploads\/2020\/10\/riera-de-rupit-en-el-salt-del-moli-rodo-1024x683.jpg\" alt=\"Riera de Rupit en el Salt del Mol\u00ed Rod\u00f3\" width=\"1024\" height=\"683\" srcset=\"https:\/\/www.monta\u00f1asdelaluna.es\/wp-content\/uploads\/2020\/10\/riera-de-rupit-en-el-salt-del-moli-rodo-1024x683.jpg 1024w, https:\/\/www.monta\u00f1asdelaluna.es\/wp-content\/uploads\/2020\/10\/riera-de-rupit-en-el-salt-del-moli-rodo-300x200.jpg 300w, https:\/\/www.monta\u00f1asdelaluna.es\/wp-content\/uploads\/2020\/10\/riera-de-rupit-en-el-salt-del-moli-rodo.jpg 1860w\" sizes=\"auto, (max-width: 1024px) 100vw, 1024px\" \/><\/a><p id=\"caption-attachment-45662\" class=\"wp-caption-text\">Riera de Rupit en el Salt del Mol\u00ed Rod\u00f3<\/p><\/div>\n<div id=\"attachment_45665\" style=\"width: 1870px\" class=\"wp-caption aligncenter\"><a class=\"dt-single-image\" href=\"https:\/\/www.monta\u00f1asdelaluna.es\/wp-content\/uploads\/2020\/10\/IMG_1823.jpg\" data-dt-img-description=\"\"><img loading=\"lazy\" decoding=\"async\" aria-describedby=\"caption-attachment-45665\" class=\"wp-image-45665 size-full\" src=\"https:\/\/www.monta\u00f1asdelaluna.es\/wp-content\/uploads\/2020\/10\/IMG_1823.jpg\" alt=\"Al fondo aparece L'Agullola junto al Pla Xic\" width=\"1860\" height=\"1240\" srcset=\"https:\/\/www.monta\u00f1asdelaluna.es\/wp-content\/uploads\/2020\/10\/IMG_1823.jpg 1860w, https:\/\/www.monta\u00f1asdelaluna.es\/wp-content\/uploads\/2020\/10\/IMG_1823-300x200.jpg 300w, https:\/\/www.monta\u00f1asdelaluna.es\/wp-content\/uploads\/2020\/10\/IMG_1823-1024x683.jpg 1024w\" sizes=\"auto, (max-width: 1860px) 100vw, 1860px\" \/><\/a><p id=\"caption-attachment-45665\" class=\"wp-caption-text\">Al fondo aparece L&#8217;Agullola junto al Pla Xic<\/p><\/div>\n<p>Una vez en el camino asfaltado, giramos hacia el sur, hacia la izquierda, seg\u00fan llegamos a la misma, para seguirla hasta el pr\u00f3ximo cruce. Ya nos olvidamos de la Riera de Rupit que va quedando a la izquierda all\u00e1 abajo cada vez m\u00e1s invisible, mientras su cauce, el valle, cada vez se hace m\u00e1s ancho y amplio. Pero enfrente nuestro tendremos la espectacular imagen de nuestro objetivo, que cada vez que avanzamos acerc\u00e1ndonos, caminando por esta pista, lo veremos m\u00e1s enorme, preciosa y magn\u00edfica, en una imagen compartida con los cortados y paredes de la meseta que la precede, que se forman hacia el este, cayendo hasta las aguas y vallecillo de la misma Riera de Rupit\u2026 una vez que ya se ha hundido y ca\u00eddo en ese espectacular y llamativo Salt de Sallent. El lugar es precioso entre llanos, planas sobre las mesetas, cortadas, con paredes y temerosos precipicios que miran al vac\u00edo y a la grandiosidad.<\/p>\n<p>Seguimos la pista asfalta hacia el sur, hacia el espacio abierto, hasta llegar a un punto, como si la pista diera la vuelta a una altura que queda a nuestra derecha, que luego dejamos atr\u00e1s, donde nos encontramos con un cruce. Hay marcas de G.R. Miro el mapa: hacia el sur nos dirigir\u00edamos por la meseta y llano que tenemos a nuestros pies, hasta L\u2019Agullola; hacia el este hay un caminito y senda que nos llevar\u00eda hasta el Salt de Sallent, por un recorrido tambi\u00e9n marcado; y hacia el oeste la pista nos deja en las inmediaciones de un bonito templo rom\u00e1nico, es Sant Joan de F\u00e0bregues. Iremos en un principio hacia el templo para visitarlo, pero volviendo a este punto para proseguir con nuestro recorrido.<\/p>\n<p>A pocos metros ya vemos el tejado y despu\u00e9s el resto del edificio. Al otro lado, al fondo de las vistas hacia el templo, aparecen las paredes en forma de \u00e1bside, de gigantesco cilindro, de las <a href=\"https:\/\/www.monta\u00f1asdelaluna.es\/?p=38018\" target=\"_blank\" rel=\"noopener\">Cingles de l\u2019Avenc, bajo la Roca Llarga y Puig de Cortils<\/a>, visitados en otra excursi\u00f3n. Espectacular. Llegados a la iglesia incluso entramos dentro, observamos sus gruesos y viejos muros grises, est\u00e1 en buen estado de conservaci\u00f3n, y un restaurante cubre uno de sus lados del complejo, de la construcci\u00f3n. Pasamos por una especie de puerta en su murito, hasta una especie de recinto, de patio, con preciosos \u00e1rboles como unos enormes cipreses.<\/p>\n<div id=\"attachment_45669\" style=\"width: 1870px\" class=\"wp-caption aligncenter\"><a class=\"dt-single-image\" href=\"https:\/\/www.monta\u00f1asdelaluna.es\/wp-content\/uploads\/2020\/10\/IMG_1830.jpg\" data-dt-img-description=\"\"><img loading=\"lazy\" decoding=\"async\" aria-describedby=\"caption-attachment-45669\" class=\"wp-image-45669 size-full\" src=\"https:\/\/www.monta\u00f1asdelaluna.es\/wp-content\/uploads\/2020\/10\/IMG_1830.jpg\" alt=\"Sant Joan de F\u00e0bregues con la Cingle de l'Avenc detr\u00e1s\" width=\"1860\" height=\"1240\" srcset=\"https:\/\/www.monta\u00f1asdelaluna.es\/wp-content\/uploads\/2020\/10\/IMG_1830.jpg 1860w, https:\/\/www.monta\u00f1asdelaluna.es\/wp-content\/uploads\/2020\/10\/IMG_1830-300x200.jpg 300w, https:\/\/www.monta\u00f1asdelaluna.es\/wp-content\/uploads\/2020\/10\/IMG_1830-1024x683.jpg 1024w\" sizes=\"auto, (max-width: 1860px) 100vw, 1860px\" \/><\/a><p id=\"caption-attachment-45669\" class=\"wp-caption-text\">Sant Joan de F\u00e0bregues con la Cingle de l&#8217;Avenc detr\u00e1s<\/p><\/div>\n<div id=\"attachment_45674\" style=\"width: 832px\" class=\"wp-caption aligncenter\"><a class=\"dt-single-image\" href=\"https:\/\/www.monta\u00f1asdelaluna.es\/wp-content\/uploads\/2020\/10\/interior-de-sant-joan-de-fabregues.jpg\" data-dt-img-description=\"\"><img loading=\"lazy\" decoding=\"async\" aria-describedby=\"caption-attachment-45674\" class=\"wp-image-45674 \" src=\"https:\/\/www.monta\u00f1asdelaluna.es\/wp-content\/uploads\/2020\/10\/interior-de-sant-joan-de-fabregues.jpg\" alt=\"Interior de Sant Joan de F\u00e0bregues\" width=\"822\" height=\"1233\" srcset=\"https:\/\/www.monta\u00f1asdelaluna.es\/wp-content\/uploads\/2020\/10\/interior-de-sant-joan-de-fabregues.jpg 1240w, https:\/\/www.monta\u00f1asdelaluna.es\/wp-content\/uploads\/2020\/10\/interior-de-sant-joan-de-fabregues-200x300.jpg 200w, https:\/\/www.monta\u00f1asdelaluna.es\/wp-content\/uploads\/2020\/10\/interior-de-sant-joan-de-fabregues-683x1024.jpg 683w\" sizes=\"auto, (max-width: 822px) 100vw, 822px\" \/><\/a><p id=\"caption-attachment-45674\" class=\"wp-caption-text\">Interior de Sant Joan de F\u00e0bregues<\/p><\/div>\n<p>Unas cuantas fotos y curiosidades, y volvemos al punto anterior del cruce de caminos, de pistas; ahora debemos salir de las sendas y recorridos se\u00f1alados para girar hacia el sur, por un camino, en busca ya de L\u2019Agullola. Pero teniendo en cuenta que tendremos que desandar casi hasta aqu\u00ed, ya que desde el cruce siguiente, o cerca de este cruce, deberemos seguir hacia el este en busca del Salt de Sallent. Llegados al cruce de pistas asfaltadas, giramos por el que nos queda por pisar, que es el que baja, haciendo dos sendas curvas, hacia la derecha. Y al poco llega a otro camino donde hay una especie de parking de coches en la tierra\u2026 desde aqu\u00ed sale la gente, los curiosos, los turistas y domingueros, a visitar el Salt de Sallent. Hasta aqu\u00ed volveremos para ir a la cascada y seguir la ruta programada. Justo aqu\u00ed aparece otro camino, esta vez de herradura, que sigue hacia el sur y derecha, y que recorrer\u00e1 por un lado y despu\u00e9s por en medio, este llano, esta meseta, que llaman Pla de F\u00e0bregues.<\/p>\n<p>El d\u00eda es bastante bueno, hace calorcillo a pesar de estar en mitad del invierno. Hay nubes altas, neblinas, pero no ir\u00e1n a m\u00e1s, el sol nos dar\u00e1 de pleno en todo el recorrido. Este lugar alejado de los recorridos habituales y de los excursionistas, es un campo de pasto para el ganado donde nos encontramos a los mansos animales a sus anchas\u2026 incluso uno m\u00e1s grande que el resto que parece sacado de esos espec\u00edmenes americanos que a veces salen en documentales o pel\u00edculas, enormes y tranquilos.<\/p>\n<div id=\"attachment_45684\" style=\"width: 1870px\" class=\"wp-caption aligncenter\"><a class=\"dt-single-image\" href=\"https:\/\/www.monta\u00f1asdelaluna.es\/wp-content\/uploads\/2020\/10\/las-cingles-de-casadavall-a-la-izquierda-y-las-cingleras-del-far-al-fondo.jpg\" data-dt-img-description=\"\"><img loading=\"lazy\" decoding=\"async\" aria-describedby=\"caption-attachment-45684\" class=\"wp-image-45684 size-full\" src=\"https:\/\/www.monta\u00f1asdelaluna.es\/wp-content\/uploads\/2020\/10\/las-cingles-de-casadavall-a-la-izquierda-y-las-cingleras-del-far-al-fondo.jpg\" alt=\"Las Cingles de Casadavall a la izquierda y las Cingleras del Far al fondo\" width=\"1860\" height=\"1240\" srcset=\"https:\/\/www.monta\u00f1asdelaluna.es\/wp-content\/uploads\/2020\/10\/las-cingles-de-casadavall-a-la-izquierda-y-las-cingleras-del-far-al-fondo.jpg 1860w, https:\/\/www.monta\u00f1asdelaluna.es\/wp-content\/uploads\/2020\/10\/las-cingles-de-casadavall-a-la-izquierda-y-las-cingleras-del-far-al-fondo-300x200.jpg 300w, https:\/\/www.monta\u00f1asdelaluna.es\/wp-content\/uploads\/2020\/10\/las-cingles-de-casadavall-a-la-izquierda-y-las-cingleras-del-far-al-fondo-1024x683.jpg 1024w\" sizes=\"auto, (max-width: 1860px) 100vw, 1860px\" \/><\/a><p id=\"caption-attachment-45684\" class=\"wp-caption-text\">Las Cingles de Casadavall a la izquierda y las Cingleras del Far al fondo<\/p><\/div>\n<p>Pero tambi\u00e9n hay algo de bosque que circunda el llano para pasturar, y que poco m\u00e1s adelante el caminito gira hacia la izquierda y se interna por el mismo, entre bosques y otros espacios abiertos, para acercarse al otro lado de la meseta, al lado este. Girando de sur, sureste a este. Mientras las vistas de las cingles y paredes desde este llano sin \u00e1rboles que estorben, son excepcionales hacia la Cingle de l\u2019Avenc que quedar\u00e1 a nuestra espalda, hacia el noroeste. Impresionante la alineada pared que aparece a lo largo de la monta\u00f1a como una fenomenal muralla que guarda un gigantesco e invisible castillo.<\/p>\n<p>La senda nos lleva hasta un rinc\u00f3n justo en el extremo sureste de esta meseta, hemos pasado por su punto m\u00e1s alto al sur, el Pla Xic cuya cota m\u00e1s alta llega a los 921 mts., el cual no se aprecia su prominencia entre el espeso bosque, y pasamos sin pena ni gloria. Pero nos paramos a almorzar en una especie de balc\u00f3n mirando al otro lado del precipicio, hacia una gigantesca aguja, cil\u00edndrica, altiva, inexpugnable, enorme, de paredes lisas y totalmente verticales\u2026 es la impresionante Agullola. Una cruz corona su cima.<\/p>\n<div id=\"attachment_45687\" style=\"width: 831px\" class=\"wp-caption aligncenter\"><a class=\"dt-single-image\" href=\"https:\/\/www.monta\u00f1asdelaluna.es\/wp-content\/uploads\/2020\/10\/IMG_1864.jpg\" data-dt-img-description=\"\"><img loading=\"lazy\" decoding=\"async\" aria-describedby=\"caption-attachment-45687\" class=\"wp-image-45687 \" src=\"https:\/\/www.monta\u00f1asdelaluna.es\/wp-content\/uploads\/2020\/10\/IMG_1864.jpg\" alt=\"L'Agullola\" width=\"821\" height=\"1232\" srcset=\"https:\/\/www.monta\u00f1asdelaluna.es\/wp-content\/uploads\/2020\/10\/IMG_1864.jpg 1240w, https:\/\/www.monta\u00f1asdelaluna.es\/wp-content\/uploads\/2020\/10\/IMG_1864-200x300.jpg 200w, https:\/\/www.monta\u00f1asdelaluna.es\/wp-content\/uploads\/2020\/10\/IMG_1864-683x1024.jpg 683w\" sizes=\"auto, (max-width: 821px) 100vw, 821px\" \/><\/a><p id=\"caption-attachment-45687\" class=\"wp-caption-text\">L&#8217;Agullola<\/p><\/div>\n<div id=\"attachment_45685\" style=\"width: 831px\" class=\"wp-caption aligncenter\"><a class=\"dt-single-image\" href=\"https:\/\/www.monta\u00f1asdelaluna.es\/wp-content\/uploads\/2020\/10\/salt-de-sallent.jpg\" data-dt-img-description=\"\"><img loading=\"lazy\" decoding=\"async\" aria-describedby=\"caption-attachment-45685\" class=\"wp-image-45685 \" src=\"https:\/\/www.monta\u00f1asdelaluna.es\/wp-content\/uploads\/2020\/10\/salt-de-sallent.jpg\" alt=\"Salt de Sallent\" width=\"821\" height=\"1232\" srcset=\"https:\/\/www.monta\u00f1asdelaluna.es\/wp-content\/uploads\/2020\/10\/salt-de-sallent.jpg 1240w, https:\/\/www.monta\u00f1asdelaluna.es\/wp-content\/uploads\/2020\/10\/salt-de-sallent-200x300.jpg 200w, https:\/\/www.monta\u00f1asdelaluna.es\/wp-content\/uploads\/2020\/10\/salt-de-sallent-683x1024.jpg 683w\" sizes=\"auto, (max-width: 821px) 100vw, 821px\" \/><\/a><p id=\"caption-attachment-45685\" class=\"wp-caption-text\">Salt de Sallent<\/p><\/div>\n<p>No es posible llegar hasta ella si no es por medios de escalada. Es impresionante. Almorzamos y descansamos con vistas a L\u2019Agullola, pero una vez ya nos calamos con su imagen y forma, y las panchas ya est\u00e1n llenas, decidimos abandonar el lugar y desandar el camino realizado en busca de aquel cruce de recorridos y especie de parking en un lado del camino. Con lo que seguimos la senda entre el bosque dejando atr\u00e1s los precipicios y las vistas a L\u2019Agullola, para ir en busca del llano de la meseta del Pla de F\u00e0bregues, de esos espacios de pasto con esas vacas paciendo tranquilamente. Ahora las vistas, entre los \u00e1rboles, los altos matorrales y las encinas, antes de llegar al camino, son preciosas e impresionantes: parece que las monta\u00f1as con esas alargadas y verticales paredes, quedan al fondo, alejadas, e incluso detr\u00e1s de ellas, m\u00e1s al fondo y arriba, las paredes de la Sierra del Santuario de Cabrera; y, esta vez a la derecha, al fondo, en un rinc\u00f3n entre las paredes, el alto y visible Salt de Sallent; una preciosa imagen de una cascada con agua sobresaliente y llamativa, impresionante y espectacular.[\/vc_column_text][\/vc_column][\/vc_row][vc_row][vc_column][vc_empty_space][\/vc_column][\/vc_row][vc_row][vc_column][vc_video link=\u00bbhttps:\/\/vimeo.com\/470247717&#8243; title=\u00bbCingles de Pujalr\u00e0s y Casadavall desde Pla Xic\u00bb][\/vc_column][\/vc_row][vc_row][vc_column][vc_empty_space][\/vc_column][\/vc_row][vc_row][vc_column][vc_column_text]Desandando el camino, volvemos a llegar al mencionado parking y camino con los postes se\u00f1alizadores de recorridos. Ahora lo tendremos m\u00e1s f\u00e1cil: hay coches y gente merodeando por aqu\u00ed, igual o m\u00e1s que cuando pasamos la primera vez. Solo tenemos que seguir a la gente que sigue el camino hacia el noreste, a la derecha o las se\u00f1ales, carteles, en direcci\u00f3n al Salt de Sallent.<\/p>\n<div id=\"attachment_45690\" style=\"width: 1034px\" class=\"wp-caption aligncenter\"><a class=\"dt-single-image\" href=\"https:\/\/www.monta\u00f1asdelaluna.es\/wp-content\/uploads\/2020\/10\/agnes-y-su-amiga-caminando-por-el-pla-xic-de-vuelt-en-el-centro-entre-las-paredes-el-salt-de-sallent-al-fondo-arriba-la-sierra-de-cabrera.jpg\" data-dt-img-description=\"\"><img loading=\"lazy\" decoding=\"async\" aria-describedby=\"caption-attachment-45690\" class=\"wp-image-45690 size-large\" src=\"https:\/\/www.monta\u00f1asdelaluna.es\/wp-content\/uploads\/2020\/10\/agnes-y-su-amiga-caminando-por-el-pla-xic-de-vuelt-en-el-centro-entre-las-paredes-el-salt-de-sallent-al-fondo-arriba-la-sierra-de-cabrera-1024x683.jpg\" alt=\"Agnes y su amiga caminando por el Pla Xic de vuelt, en el centro, entre las paredes, el Salt de Sallent, al fondo arriba la Sierra de Cabrera\" width=\"1024\" height=\"683\" srcset=\"https:\/\/www.monta\u00f1asdelaluna.es\/wp-content\/uploads\/2020\/10\/agnes-y-su-amiga-caminando-por-el-pla-xic-de-vuelt-en-el-centro-entre-las-paredes-el-salt-de-sallent-al-fondo-arriba-la-sierra-de-cabrera-1024x683.jpg 1024w, https:\/\/www.monta\u00f1asdelaluna.es\/wp-content\/uploads\/2020\/10\/agnes-y-su-amiga-caminando-por-el-pla-xic-de-vuelt-en-el-centro-entre-las-paredes-el-salt-de-sallent-al-fondo-arriba-la-sierra-de-cabrera-300x200.jpg 300w, https:\/\/www.monta\u00f1asdelaluna.es\/wp-content\/uploads\/2020\/10\/agnes-y-su-amiga-caminando-por-el-pla-xic-de-vuelt-en-el-centro-entre-las-paredes-el-salt-de-sallent-al-fondo-arriba-la-sierra-de-cabrera.jpg 1860w\" sizes=\"auto, (max-width: 1024px) 100vw, 1024px\" \/><\/a><p id=\"caption-attachment-45690\" class=\"wp-caption-text\">Agnes y su amiga caminando por el Pla Xic de vuelt, en el centro, entre las paredes, el Salt de Sallent, al fondo arriba la Sierra de Cabrera<\/p><\/div>\n<div id=\"attachment_45693\" style=\"width: 1870px\" class=\"wp-caption aligncenter\"><a class=\"dt-single-image\" href=\"https:\/\/www.monta\u00f1asdelaluna.es\/wp-content\/uploads\/2020\/10\/desandando-el-camino-por-el-pla-de-fabregues-delante-las-cingles-de-l-avenc.jpg\" data-dt-img-description=\"\"><img loading=\"lazy\" decoding=\"async\" aria-describedby=\"caption-attachment-45693\" class=\"wp-image-45693 size-full\" src=\"https:\/\/www.monta\u00f1asdelaluna.es\/wp-content\/uploads\/2020\/10\/desandando-el-camino-por-el-pla-de-fabregues-delante-las-cingles-de-l-avenc.jpg\" alt=\"Desandando el camino por el Pla de F\u00e0bregues, delante las Cingles de l'Avenc\" width=\"1860\" height=\"1240\" srcset=\"https:\/\/www.monta\u00f1asdelaluna.es\/wp-content\/uploads\/2020\/10\/desandando-el-camino-por-el-pla-de-fabregues-delante-las-cingles-de-l-avenc.jpg 1860w, https:\/\/www.monta\u00f1asdelaluna.es\/wp-content\/uploads\/2020\/10\/desandando-el-camino-por-el-pla-de-fabregues-delante-las-cingles-de-l-avenc-300x200.jpg 300w, https:\/\/www.monta\u00f1asdelaluna.es\/wp-content\/uploads\/2020\/10\/desandando-el-camino-por-el-pla-de-fabregues-delante-las-cingles-de-l-avenc-1024x683.jpg 1024w\" sizes=\"auto, (max-width: 1860px) 100vw, 1860px\" \/><\/a><p id=\"caption-attachment-45693\" class=\"wp-caption-text\">Desandando el camino por el Pla de F\u00e0bregues, delante las Cingles de l&#8217;Avenc<\/p><\/div>\n<p>El camino parece que quiere dejar el llano, la plana del Pla de F\u00e0bregues, para acercarse al precipicio, al l\u00edmite de la monta\u00f1a y girar bordeando \u00e9sta, hacia la izquierda. Ahora a la derecha del camino est\u00e1 el vac\u00edo, las laderas cortantes, y a la izquierda el resto de la monta\u00f1a con menos inclinaci\u00f3n. Pero nuestros ojos est\u00e1n fijados en el frente mientras bajamos levemente por el camino, eso s\u00ed, con bastante gente que lo recorre, descubrimos la cascada, el salto de agua, como incrustada en la pared, en un hueco o semicirco de la pared. Impresionante y precioso. Es el Salt de Sallent. La Riera de Rupit entera se precipita por un balc\u00f3n vertical de decenas de metros, todo lo que da la altura de estas cingles, de estos muros que recorren el lugar desde m\u00e1s all\u00e1 de Tavertet hasta el Far, y son bautizadas como \u201cCingles\u201d. El espect\u00e1culo de la cascada es soberbia, magn\u00edfica, propia de grandes cascadas de grandes cordilleras.<\/p>\n<p>Tambi\u00e9n miramos de tanto en tanto hacia el entorno que rodea la cascada, al frondoso, enorme y solitario bosque que invade las laderas m\u00e1s bajas hasta las orillas del Pant\u00e0 de Susqueda, ese enorme espacio de agua que queda en el fondo de los valles que vemos mirando hacia el sur. Y a nuestra espalda queda la imagen de la meseta del Pla de F\u00e0bregues, que por este lado cae un la habitual y formidable pared, muro, de estas monta\u00f1as; y al fondo, al final de la misma, L\u2019Agullola; solitaria, inconfundible y llamativa\u2026 como la torre inexpugnable de este muro que rodea y protege el lugar. El camino no tiene p\u00e9rdida. Enseguida llegamos hasta las orillas de la Riera de Rupit, en un entorno natural precioso de agua, roca y vegetaci\u00f3n, y la formidable ca\u00edda desde la parte de arriba del Salt de Sallent.<\/p>\n<div id=\"attachment_45696\" style=\"width: 1870px\" class=\"wp-caption aligncenter\"><a class=\"dt-single-image\" href=\"https:\/\/www.monta\u00f1asdelaluna.es\/wp-content\/uploads\/2020\/10\/IMG_1881.jpg\" data-dt-img-description=\"\"><img loading=\"lazy\" decoding=\"async\" aria-describedby=\"caption-attachment-45696\" class=\"wp-image-45696 size-full\" src=\"https:\/\/www.monta\u00f1asdelaluna.es\/wp-content\/uploads\/2020\/10\/IMG_1881.jpg\" alt=\"De nuevo Sant Joan de F\u00e0bregues\" width=\"1860\" height=\"1240\" srcset=\"https:\/\/www.monta\u00f1asdelaluna.es\/wp-content\/uploads\/2020\/10\/IMG_1881.jpg 1860w, https:\/\/www.monta\u00f1asdelaluna.es\/wp-content\/uploads\/2020\/10\/IMG_1881-300x200.jpg 300w, https:\/\/www.monta\u00f1asdelaluna.es\/wp-content\/uploads\/2020\/10\/IMG_1881-1024x683.jpg 1024w\" sizes=\"auto, (max-width: 1860px) 100vw, 1860px\" \/><\/a><p id=\"caption-attachment-45696\" class=\"wp-caption-text\">De nuevo Sant Joan de F\u00e0bregues<\/p><\/div>\n<div id=\"attachment_45699\" style=\"width: 1870px\" class=\"wp-caption aligncenter\"><a class=\"dt-single-image\" href=\"https:\/\/www.monta\u00f1asdelaluna.es\/wp-content\/uploads\/2020\/10\/IMG_1884.jpg\" data-dt-img-description=\"\"><img loading=\"lazy\" decoding=\"async\" aria-describedby=\"caption-attachment-45699\" class=\"wp-image-45699 size-full\" src=\"https:\/\/www.monta\u00f1asdelaluna.es\/wp-content\/uploads\/2020\/10\/IMG_1884.jpg\" alt=\"Salt de Sallent\" width=\"1860\" height=\"1240\" srcset=\"https:\/\/www.monta\u00f1asdelaluna.es\/wp-content\/uploads\/2020\/10\/IMG_1884.jpg 1860w, https:\/\/www.monta\u00f1asdelaluna.es\/wp-content\/uploads\/2020\/10\/IMG_1884-300x200.jpg 300w, https:\/\/www.monta\u00f1asdelaluna.es\/wp-content\/uploads\/2020\/10\/IMG_1884-1024x683.jpg 1024w\" sizes=\"auto, (max-width: 1860px) 100vw, 1860px\" \/><\/a><p id=\"caption-attachment-45699\" class=\"wp-caption-text\">Salt de Sallent<\/p><\/div>\n<p>Hacemos fotos. Nos asomamos al vac\u00edo, al precipicio viendo como el agua infinita va cayendo clara y cristalina, fresca y ruidosa. Hay mucha afici\u00f3n, visitantes, curiosos\u2026 es una verdadera atracci\u00f3n. Al otro lado de la ladera de este semicirco del Salt de Sallent, del que hemos venido, arriba de las paredes, hay miradores, gente, que contempla y disfruta de las mejores vistas del Salt de Sallent. As\u00ed que cruzamos la Riera de Rupit por los l\u00edmites de la parte alta de la cascada y seguimos por la senda, camino, que queda al otro lado, dejando esta vez a nuestra espalda las vistas y lugar del mismo Salt de Sallent. El camino queda a poca m\u00e1s altura, y entre el camino, que sube levemente parecido al camino al que llagamos al Salt de Sallent pero en la pared de enfrente, y el precipicio, que nos queda a la derecha de nuevo, hay una senda por la que seguimos hasta un saliente en la roca, como un balc\u00f3n y con una barandilla que hay clavada para no precipitarse vac\u00edo abajo\u2026 es el magn\u00edfico e id\u00edlico mirador al Salt de Sallent.[\/vc_column_text][\/vc_column][\/vc_row][vc_row][vc_column][vc_empty_space][\/vc_column][\/vc_row][vc_row][vc_column][vc_video link=\u00bbhttps:\/\/vimeo.com\/470308919&#8243; title=\u00bbSalt de Sallent\u00bb][\/vc_column][\/vc_row][vc_row][vc_column][vc_empty_space][\/vc_column][\/vc_row][vc_row][vc_column][vc_column_text]Nos quedamos unos minutos. Hacemos fotos. Hay una verdadera fila de gentes, curiosos y familias entre el mirador y el Salt de Sallent. Hace calorcillo y un sol implacable a pesar de ser invierno. El d\u00eda sigue siendo muy bueno. Del mirador subimos al camino cercano y antes mencionado. No visitaremos otros rincones de estas paredes y sendas que llegan hasta el fondo de la ca\u00edda del Salt de Sallent, con las diferentes vistas del lugar. Quiero visitar el resto de saltos, de cascadas, menos espectaculares que esta del Salt de Sallent, pero curiosas y que son las bajadas de agua de torrentes, rieras y barrancos que cruzan en perpendicular las paredes y muros de estas cingles; esta misma, de la Cingle de Pujalr\u00e0s, y de las siguientes de Casadavall. Y el siguiente salto o cascada que queremos visitar y descubrir, es el Salt del Gravet. Solo tenemos que seguir el camino hacia el este, noreste, con la idea de bordear el perfil de la monta\u00f1a en la que nos encontramos sin ascender a su cima ni descender hasta su base (imposible porque caer\u00edamos por sus precipicios), solamente seguir por el medio llano que queda a esta altura y como rodeando la monta\u00f1a, y alej\u00e1ndonos a la vez del Salt de Sallent. En las cercan\u00edas de la Riera de Rupit al caer en su cascada, ya encontramos un cartel se\u00f1alizador de recorridos\u2026 uno de ellos ser\u00e1 la direcci\u00f3n del pr\u00f3ximo lugar a visitar: Solana de Pujalr\u00e0s-Cam\u00ed del Gravet o Cam\u00ed del Torrent del Gravet, la siguiente. Para ello el camino comienza a elevarse levemente para girar hacia el este a partir de cierto punto.[\/vc_column_text][vc_empty_space][vc_video link=\u00bbhttps:\/\/vimeo.com\/470250708&#8243; title=\u00bbMirador al Salt de Sallent\u00bb][vc_empty_space][\/vc_column][\/vc_row][vc_row][vc_column][vc_column_text]A partir de este punto desaparece la gente, los turistas, los curiosos, el tumulto, el ruido, siguiendo este camino hacia el este, girando al noreste, norte, a medida que la monta\u00f1a se va introduciendo en el hueco de otro barranco, otro torrente. Mientras disfrutamos de las vistas hacia los muros y cingles que quedar\u00edan por debajo de nosotros, y en direcci\u00f3n este. Nos da la impresi\u00f3n de estar por encima de esos muros, de esas paredes, por un f\u00e1cil y c\u00f3modo camino. Arriba a nuestra izquierda queda la cima de esta monta\u00f1a, de esta ladera que estamos rodeando; son unas rocas y escarpes sobresalientes, lo llaman el Castell de l\u2019Envestida.<\/p>\n<div id=\"attachment_45715\" style=\"width: 1870px\" class=\"wp-caption aligncenter\"><a class=\"dt-single-image\" href=\"https:\/\/www.monta\u00f1asdelaluna.es\/wp-content\/uploads\/2020\/10\/IMG_1917.jpg\" data-dt-img-description=\"\"><img loading=\"lazy\" decoding=\"async\" aria-describedby=\"caption-attachment-45715\" class=\"wp-image-45715 size-full\" src=\"https:\/\/www.monta\u00f1asdelaluna.es\/wp-content\/uploads\/2020\/10\/IMG_1917.jpg\" alt=\"Salt de Sallent desde el mirador\" width=\"1860\" height=\"1240\" srcset=\"https:\/\/www.monta\u00f1asdelaluna.es\/wp-content\/uploads\/2020\/10\/IMG_1917.jpg 1860w, https:\/\/www.monta\u00f1asdelaluna.es\/wp-content\/uploads\/2020\/10\/IMG_1917-300x200.jpg 300w, https:\/\/www.monta\u00f1asdelaluna.es\/wp-content\/uploads\/2020\/10\/IMG_1917-1024x683.jpg 1024w\" sizes=\"auto, (max-width: 1860px) 100vw, 1860px\" \/><\/a><p id=\"caption-attachment-45715\" class=\"wp-caption-text\">Salt de Sallent desde el mirador<\/p><\/div>\n<p>Nos encontramos con un cruce de caminos, seguimos por el camino de la derecha que parece comenzar\u00e1 a bajar levemente a la vez que se interna en el nombrado hueco del barranco, de lo que llaman el Torrent del Gravet. Casi ya metidos en el fondo del barranco, otro cruce, un camino mal cuidado de herradura y lleno de maleza a la izquierda y una senda pisada y transitada a la derecha que baja hasta las orillas y aguas del Torrent del Gravet. Elegimos la senda de bajada pero no olvidamos este cruce\u2026 Llegamos hasta las aguas que bajan del Torrent del Gravet e intentamos observar, descubrir su cascada, su salto de agua. No es como el anterior visitado de Sallent, es m\u00e1s modesto, invisible y solitario. Intentamos hacer fotos. Pasamos al otro lado y seguimos la senda con el barranco a nuestra espalda pero intentando fotografiar el salto, la cascada, gir\u00e1ndonos, que \u00a1ahora s\u00ed! podemos fotografiar entre la maleza y vegetaci\u00f3n.<\/p>\n<p>Intentamos seguir la senda alej\u00e1ndonos del Torrent del Gravet, pero las chicas parece que se est\u00e1n pensando el seguir, ya que a partir de ahora cuanto m\u00e1s nos alejemos, la vuelta o recorrido hasta Rupit ser\u00e1 m\u00e1s largo, y ya llevamos un buen tiempo en este d\u00eda de actividad&#8230; Con lo que decidimos poner fin al recorrido de los salts d\u2019aigua y buscar otro recorrido para volver a Rupit.<\/p>\n<div id=\"attachment_45717\" style=\"width: 1870px\" class=\"wp-caption aligncenter\"><a class=\"dt-single-image\" href=\"https:\/\/www.monta\u00f1asdelaluna.es\/wp-content\/uploads\/2020\/10\/l-agullola-separada-del-pla-xic.jpg\" data-dt-img-description=\"\"><img loading=\"lazy\" decoding=\"async\" aria-describedby=\"caption-attachment-45717\" class=\"wp-image-45717 size-full\" src=\"https:\/\/www.monta\u00f1asdelaluna.es\/wp-content\/uploads\/2020\/10\/l-agullola-separada-del-pla-xic.jpg\" alt=\"L'Agullola separada del Pla Xic\" width=\"1860\" height=\"1240\" srcset=\"https:\/\/www.monta\u00f1asdelaluna.es\/wp-content\/uploads\/2020\/10\/l-agullola-separada-del-pla-xic.jpg 1860w, https:\/\/www.monta\u00f1asdelaluna.es\/wp-content\/uploads\/2020\/10\/l-agullola-separada-del-pla-xic-300x200.jpg 300w, https:\/\/www.monta\u00f1asdelaluna.es\/wp-content\/uploads\/2020\/10\/l-agullola-separada-del-pla-xic-1024x683.jpg 1024w\" sizes=\"auto, (max-width: 1860px) 100vw, 1860px\" \/><\/a><p id=\"caption-attachment-45717\" class=\"wp-caption-text\">L&#8217;Agullola separada del Pla Xic<\/p><\/div>\n<div id=\"attachment_45720\" style=\"width: 1034px\" class=\"wp-caption aligncenter\"><a class=\"dt-single-image\" href=\"https:\/\/www.monta\u00f1asdelaluna.es\/wp-content\/uploads\/2020\/10\/IMG_1925.jpg\" data-dt-img-description=\"\"><img loading=\"lazy\" decoding=\"async\" aria-describedby=\"caption-attachment-45720\" class=\"wp-image-45720 size-large\" src=\"https:\/\/www.monta\u00f1asdelaluna.es\/wp-content\/uploads\/2020\/10\/IMG_1925-1024x683.jpg\" alt=\"Castell de l'Envestida\" width=\"1024\" height=\"683\" srcset=\"https:\/\/www.monta\u00f1asdelaluna.es\/wp-content\/uploads\/2020\/10\/IMG_1925-1024x683.jpg 1024w, https:\/\/www.monta\u00f1asdelaluna.es\/wp-content\/uploads\/2020\/10\/IMG_1925-300x200.jpg 300w, https:\/\/www.monta\u00f1asdelaluna.es\/wp-content\/uploads\/2020\/10\/IMG_1925.jpg 1860w\" sizes=\"auto, (max-width: 1024px) 100vw, 1024px\" \/><\/a><p id=\"caption-attachment-45720\" class=\"wp-caption-text\">Castell de l&#8217;Envestida<\/p><\/div>\n<p>Desandamos lo caminado pasando por las aguas del Torrent del Gravet de nuevo, por la senda de bajada hasta el torrente, y par\u00e1ndonos en el cruce con ese camino mal cuidado antes de que baj\u00e1ramos al riachuelo. Miro el mapa Alpina. Intento imaginar un recorrido de vuelta que sea una circular para no tener que pasar por sitios ya vistos y caminos, sendas ya pisadas\u2026 llegados a este improbable cruce, giramos a la derecha y norte por el camino lleno de maleza paralelo al cauce del torrente. No quiero seguir por el camino por el que hemos llegado al principio a este cruce, ya que ser\u00eda volver por el mismo camino que nos trajo del Salt de Sallent.<\/p>\n<p>Cortando matas y abri\u00e9ndonos paso en este descuidado camino, seguimos hasta un punto en que hace un giro de 180\u00ba pero cogiendo poco a poco altura. A pesar de estar lleno de maleza, se observa perfectamente la traza plana de camino, aunque llena de vegetaci\u00f3n. Despu\u00e9s del giro el descuidado camino, \u00e9ste sigue largo y elev\u00e1ndose poco a poco\u2026 por el aspecto del camino tengo el temor de que no llegue hasta donde me dice el mapa Alpina, pero, como m\u00e1s de una vez, no falla: el camino maltrecho desemboca en una pista; esta pista es la que desechemos en un cruce de caminos para poder bajar en direcci\u00f3n al Torrent del Gravet.<\/p>\n<p>Justo aqu\u00ed deber\u00edan de estar las ruinas de la mas\u00eda cuyas Cingles cercanas llevan su nombre, Pujalr\u00e0s; pero no las veo. En esta nueva pista debemos de buscar una senda al otro lado de la misma, al otro lado por el que salimos, y esta senda ser\u00e1 la que nos suba hasta las rocas y cimas de la ladera, de la monta\u00f1a en la que nos encontramos, sube hacia las cercan\u00edas o proximidades del Castell de l\u2019Envestida; que realmente no es un castillo, si no una formaci\u00f3n rocosa, de rocas superpuestas, como si fueran una fortaleza creada por la Naturaleza. Encontramos la senda, unos hitos la descubren y nos gu\u00edan por ella. Pero la senda, a pesar de ser estrecha y no muy transitada o habitualmente pisada al principio, no tiene p\u00e9rdida, comienza a remontar la ladera buscando las alturas e incluso llegados a una parte de este recorrido, se ensancha y se convierte en un estrecho camino inconfundible entre la maleza y bosque, el cual aparece mientras ascendemos por \u00e9l.<\/p>\n<div id=\"attachment_45722\" style=\"width: 1034px\" class=\"wp-caption aligncenter\"><a class=\"dt-single-image\" href=\"https:\/\/www.monta\u00f1asdelaluna.es\/wp-content\/uploads\/2020\/10\/salt-del-gravet.jpg\" data-dt-img-description=\"\"><img loading=\"lazy\" decoding=\"async\" aria-describedby=\"caption-attachment-45722\" class=\"wp-image-45722 size-large\" src=\"https:\/\/www.monta\u00f1asdelaluna.es\/wp-content\/uploads\/2020\/10\/salt-del-gravet-1024x683.jpg\" alt=\"Salt del Gravet\" width=\"1024\" height=\"683\" srcset=\"https:\/\/www.monta\u00f1asdelaluna.es\/wp-content\/uploads\/2020\/10\/salt-del-gravet-1024x683.jpg 1024w, https:\/\/www.monta\u00f1asdelaluna.es\/wp-content\/uploads\/2020\/10\/salt-del-gravet-300x200.jpg 300w, https:\/\/www.monta\u00f1asdelaluna.es\/wp-content\/uploads\/2020\/10\/salt-del-gravet.jpg 1860w\" sizes=\"auto, (max-width: 1024px) 100vw, 1024px\" \/><\/a><p id=\"caption-attachment-45722\" class=\"wp-caption-text\">Salt del Gravet<\/p><\/div>\n<div id=\"attachment_45726\" style=\"width: 1034px\" class=\"wp-caption aligncenter\"><a class=\"dt-single-image\" href=\"https:\/\/www.monta\u00f1asdelaluna.es\/wp-content\/uploads\/2020\/10\/subiendo-por-la-senda-al-castell-de-l-envestida.jpg\" data-dt-img-description=\"\"><img loading=\"lazy\" decoding=\"async\" aria-describedby=\"caption-attachment-45726\" class=\"wp-image-45726 size-large\" src=\"https:\/\/www.monta\u00f1asdelaluna.es\/wp-content\/uploads\/2020\/10\/subiendo-por-la-senda-al-castell-de-l-envestida-1024x683.jpg\" alt=\"Subiendo por la senda al Castell de l'Envestida\" width=\"1024\" height=\"683\" srcset=\"https:\/\/www.monta\u00f1asdelaluna.es\/wp-content\/uploads\/2020\/10\/subiendo-por-la-senda-al-castell-de-l-envestida-1024x683.jpg 1024w, https:\/\/www.monta\u00f1asdelaluna.es\/wp-content\/uploads\/2020\/10\/subiendo-por-la-senda-al-castell-de-l-envestida-300x200.jpg 300w, https:\/\/www.monta\u00f1asdelaluna.es\/wp-content\/uploads\/2020\/10\/subiendo-por-la-senda-al-castell-de-l-envestida.jpg 1860w\" sizes=\"auto, (max-width: 1024px) 100vw, 1024px\" \/><\/a><p id=\"caption-attachment-45726\" class=\"wp-caption-text\">Subiendo por la senda al Castell de l&#8217;Envestida<\/p><\/div>\n<p>La subida en alg\u00fan punto de este ascenso se pone bastante vertical, es directa hacia un colladito que queda al oeste del Castell de l\u2019Envestida, pero las vistas hacia el sur llegado a un punto en que la maleza o vegetaci\u00f3n desaparece, es espectacular. Agnes aprovecha esta ventana para que le haga una foto, y detr\u00e1s de ella, all\u00e1 abajo al fondo, resurge la imagen de L\u2019Agullola con la meseta del Pla Xic, Pla de F\u00e0bregues, el profundo y boscoso valle bajo las paredes que las sostienen, y m\u00e1s al fondo el Montseny y las alturas de Les Guilleries como Sant Miquel de Solterra o de Les Formigues. Precioso. Incluso abajo de la ladera en la que nos encontramos, aparece tambi\u00e9n el camino por el que hemos marchado al salir de aquel mirador despu\u00e9s de visitar el Salt de Sallent.<\/p>\n<p>Poco despu\u00e9s llegamos a un cruce de sendas y caminos. A la derecha podremos acercarnos a las cercanas rocas cimeras del Castell de l\u2019Envestida, que hasta llegar a este punto cre\u00eda que era un castillo de verdad. No s\u00e9 si llego a acercarme para ver si hay subida o ruta que se interne entre sus rocas, el caso es que desechamos la idea de subir a este lugar y buscamos otro camino o senda que nos lleve por el lado contrario al que hemos subido. Ahora delante de nosotros se abre un espacio en el l\u00edmite del bosque de prados o pastos para ganado, con una mas\u00eda cercana. Da la impresi\u00f3n de estar ya en la altura de estas verticales y escarpadas monta\u00f1as que forman las cingles, los muros, la paredes a media altura, y que a partir de este punto hacia el norte solo son lomas y algunos pin\u00e1culos de altura casi inapreciable\u2026 menos si nos topamos con otras sierras como la de Cabrera, antes de salir del territorio del Collsacabra. Incluso vemos de nuevo asomarse la gris y puntiaguda forma del <a href=\"https:\/\/www.monta\u00f1asdelaluna.es\/?p=18873\" target=\"_blank\" rel=\"noopener\">Puigsacalm<\/a> y m\u00e1s al fondo el blanco Pirineo nevado; casi ocultos por un bosque que se muestra desafiante y poderoso por su espesura y frondosidad al otro lado de estos prados.<\/p>\n<div id=\"attachment_45727\" style=\"width: 1870px\" class=\"wp-caption aligncenter\"><a class=\"dt-single-image\" href=\"https:\/\/www.monta\u00f1asdelaluna.es\/wp-content\/uploads\/2020\/10\/abajo-en-el-centro-queda-l-agullola-con-el-pla-de-fabregues-se-aprecia-el-camino-y-parking-a-la-derecha-al-fondo-derecha-queda-el-montseny-y-a-la-izquierda-sant-miquel-de-solterra-o-de-les-formigue.jpg\" data-dt-img-description=\"\"><img loading=\"lazy\" decoding=\"async\" aria-describedby=\"caption-attachment-45727\" class=\"wp-image-45727 size-full\" src=\"https:\/\/www.monta\u00f1asdelaluna.es\/wp-content\/uploads\/2020\/10\/abajo-en-el-centro-queda-l-agullola-con-el-pla-de-fabregues-se-aprecia-el-camino-y-parking-a-la-derecha-al-fondo-derecha-queda-el-montseny-y-a-la-izquierda-sant-miquel-de-solterra-o-de-les-formigue.jpg\" alt=\"Abajo en el centro queda L'Agullola con el Pla de F\u00e0bregues. Se aprecia el camino y parking a la derecha. Al fondo derecha queda el Montseny y a la izquierda Sant Miquel de Solterra o de Les Formigues\" width=\"1860\" height=\"1240\" srcset=\"https:\/\/www.monta\u00f1asdelaluna.es\/wp-content\/uploads\/2020\/10\/abajo-en-el-centro-queda-l-agullola-con-el-pla-de-fabregues-se-aprecia-el-camino-y-parking-a-la-derecha-al-fondo-derecha-queda-el-montseny-y-a-la-izquierda-sant-miquel-de-solterra-o-de-les-formigue.jpg 1860w, https:\/\/www.monta\u00f1asdelaluna.es\/wp-content\/uploads\/2020\/10\/abajo-en-el-centro-queda-l-agullola-con-el-pla-de-fabregues-se-aprecia-el-camino-y-parking-a-la-derecha-al-fondo-derecha-queda-el-montseny-y-a-la-izquierda-sant-miquel-de-solterra-o-de-les-formigue-300x200.jpg 300w, https:\/\/www.monta\u00f1asdelaluna.es\/wp-content\/uploads\/2020\/10\/abajo-en-el-centro-queda-l-agullola-con-el-pla-de-fabregues-se-aprecia-el-camino-y-parking-a-la-derecha-al-fondo-derecha-queda-el-montseny-y-a-la-izquierda-sant-miquel-de-solterra-o-de-les-formigue-1024x683.jpg 1024w\" sizes=\"auto, (max-width: 1860px) 100vw, 1860px\" \/><\/a><p id=\"caption-attachment-45727\" class=\"wp-caption-text\">Abajo en el centro queda L&#8217;Agullola con el Pla de F\u00e0bregues. Se aprecia el camino y parking a la derecha. Al fondo derecha queda el Montseny y a la izquierda Sant Miquel de Solterra o de Les Formigues<\/p><\/div>\n<p>Justo en este cruce de sendas, intentamos seguir una que va a la izquierda, pero a los pocos pasos de seguirla nos da la impresi\u00f3n de que se desv\u00eda hacia otro sitio, con lo que optamos por volver al cruce y seguir la que se dirige directamente al norte, y enfrente seg\u00fan salimos de la ladera sur del Castell de l\u2019Envestida, el cual se convierte en ancha senda o camino de herradura para acercarse a la mas\u00eda cercana que ya vemos al final del prado: Can Cames.<\/p>\n<p>La idea es ir en direcci\u00f3n a esta mas\u00eda, llegar por su lado derecho, bajando por una senda en direcci\u00f3n norte, que despu\u00e9s se convierte en camino de herradura justo cuando se va a acercando, a la vez que desciende, a la construcci\u00f3n. Unos simp\u00e1ticos burritos catalanes nos saludan mientras pacen tranquilones en pareja en algunos rincones cerca del camino. Me acerco y acaricio el hocico de uno de ellos. Bonitos.<\/p>\n<div id=\"attachment_45732\" style=\"width: 1034px\" class=\"wp-caption aligncenter\"><a class=\"dt-single-image\" href=\"https:\/\/www.monta\u00f1asdelaluna.es\/wp-content\/uploads\/2020\/10\/IMG_1946.jpg\" data-dt-img-description=\"\"><img loading=\"lazy\" decoding=\"async\" aria-describedby=\"caption-attachment-45732\" class=\"wp-image-45732 size-large\" src=\"https:\/\/www.monta\u00f1asdelaluna.es\/wp-content\/uploads\/2020\/10\/IMG_1946-1024x683.jpg\" alt=\"Can Cames\" width=\"1024\" height=\"683\" srcset=\"https:\/\/www.monta\u00f1asdelaluna.es\/wp-content\/uploads\/2020\/10\/IMG_1946-1024x683.jpg 1024w, https:\/\/www.monta\u00f1asdelaluna.es\/wp-content\/uploads\/2020\/10\/IMG_1946-300x200.jpg 300w, https:\/\/www.monta\u00f1asdelaluna.es\/wp-content\/uploads\/2020\/10\/IMG_1946.jpg 1860w\" sizes=\"auto, (max-width: 1024px) 100vw, 1024px\" \/><\/a><p id=\"caption-attachment-45732\" class=\"wp-caption-text\">Can Cames<\/p><\/div>\n<div id=\"attachment_45733\" style=\"width: 1034px\" class=\"wp-caption aligncenter\"><a class=\"dt-single-image\" href=\"https:\/\/www.monta\u00f1asdelaluna.es\/wp-content\/uploads\/2020\/10\/santa-llucia.jpg\" data-dt-img-description=\"\"><img loading=\"lazy\" decoding=\"async\" aria-describedby=\"caption-attachment-45733\" class=\"wp-image-45733 size-large\" src=\"https:\/\/www.monta\u00f1asdelaluna.es\/wp-content\/uploads\/2020\/10\/santa-llucia-1024x683.jpg\" alt=\"Santa Ll\u00facia\" width=\"1024\" height=\"683\" srcset=\"https:\/\/www.monta\u00f1asdelaluna.es\/wp-content\/uploads\/2020\/10\/santa-llucia-1024x683.jpg 1024w, https:\/\/www.monta\u00f1asdelaluna.es\/wp-content\/uploads\/2020\/10\/santa-llucia-300x200.jpg 300w, https:\/\/www.monta\u00f1asdelaluna.es\/wp-content\/uploads\/2020\/10\/santa-llucia.jpg 1860w\" sizes=\"auto, (max-width: 1024px) 100vw, 1024px\" \/><\/a><p id=\"caption-attachment-45733\" class=\"wp-caption-text\">Santa Ll\u00facia<\/p><\/div>\n<p>Y ya junto a la construcci\u00f3n, rodeamos la mas\u00eda y nos acercamos junto a una ancha y extra\u00f1a puerta que es una verja y que hace de puerta de entrada al recinto llegando del camino con la que se comunica con el resto de casas y sitios del lugar. El camino sale hacia el norte, pero enseguida gira hacia la izquierda, siguiendo hacia el noroeste, y despu\u00e9s de una curva, hacia el suroeste, haciendo una semicircunferencia, como recorriendo a una misma altura el hueco del valle que forma el Rec dels Abeuradors, para ir de un lado al otro del valle. Justo al lado contrario del valle de Can Cames, est\u00e1 Santa Ll\u00facia, donde un jard\u00edn cuidado con setos, escaleras y piedras.<\/p>\n<p>Ya hemos cogido el camino de vuelta a Rupit, desde las puertas de Can Cames. Aqu\u00ed en Santa Ll\u00facia el camino gira hacia el oeste, como rodeando las laderas de la monta\u00f1a, donde, al otro lado de \u00e9sta, encontraremos las inmediaciones y afueras de Rupit. Poco despu\u00e9s de pasar Santa Ll\u00facia, cruzar Collsallosa, el camino vuelve a girar hacia el norte, despu\u00e9s de rodear la ladera de la monta\u00f1a, y al otro lado ya el camino se interna en una calle de Rupit. Ya desde este punto del camino, descubrimos al otro lado del hueco del valle entre la vegetaci\u00f3n al borde del mismo, el casco urbano del municipio con la torre de la iglesia como faro y referencia de este magn\u00edfico pueblo de postal. Tambi\u00e9n descubrimos, poco m\u00e1s al sur, abajo del pueblo, la iglesia de Santa Magdalena, rodeada con su espacio para el esparcimiento y picnic, con sus bancos de piedra y miradores al precioso y encantador paisaje.<\/p>\n<div id=\"attachment_45740\" style=\"width: 1034px\" class=\"wp-caption aligncenter\"><a class=\"dt-single-image\" href=\"https:\/\/www.monta\u00f1asdelaluna.es\/wp-content\/uploads\/2020\/10\/IMG_1955.jpg\" data-dt-img-description=\"\"><img loading=\"lazy\" decoding=\"async\" aria-describedby=\"caption-attachment-45740\" class=\"wp-image-45740 size-large\" src=\"https:\/\/www.monta\u00f1asdelaluna.es\/wp-content\/uploads\/2020\/10\/IMG_1955-1024x683.jpg\" alt=\"Rupit\" width=\"1024\" height=\"683\" srcset=\"https:\/\/www.monta\u00f1asdelaluna.es\/wp-content\/uploads\/2020\/10\/IMG_1955-1024x683.jpg 1024w, https:\/\/www.monta\u00f1asdelaluna.es\/wp-content\/uploads\/2020\/10\/IMG_1955-300x200.jpg 300w, https:\/\/www.monta\u00f1asdelaluna.es\/wp-content\/uploads\/2020\/10\/IMG_1955.jpg 1860w\" sizes=\"auto, (max-width: 1024px) 100vw, 1024px\" \/><\/a><p id=\"caption-attachment-45740\" class=\"wp-caption-text\">Rupit<\/p><\/div>\n<p>Entramos a Rupit y buscamos la salida por aquel puente sobre la Riera que lleva su nombre, recorri\u00e9ndonos sus calles, pasando por debajo de las rocas que soportan lo que queda de lo que fue un castillo. Pero antes de cruzar el puente para coger el coche y volver a casa, nos paramos en una terraza de alguno de los abarrotados bares del pueblo. Es incre\u00edble la cantidad de gente, visitantes y turistas que hay hoy en Rupit\u2026 pero merece mucho la pena. Es un pueblo precioso. Y su entorno y naturaleza tambi\u00e9n es incre\u00edble, formidable y espectacular. Vale la pena visitar cada uno de sus rincones y cortados, as\u00ed como sus saltos de agua, cascadas y riachuelos\u2026 me falta visitar el resto de saltos de agua\u2026 habr\u00e1 que volver\u2026<\/p>\n<div id=\"attachment_45751\" style=\"width: 1180px\" class=\"wp-caption aligncenter\"><a class=\"dt-single-image\" href=\"https:\/\/www.monta\u00f1asdelaluna.es\/wp-content\/uploads\/2020\/02\/Rupit-001.croquis.web_.jpg\" data-dt-img-description=\"\"><img loading=\"lazy\" decoding=\"async\" aria-describedby=\"caption-attachment-45751\" class=\"wp-image-45751 size-full\" src=\"https:\/\/www.monta\u00f1asdelaluna.es\/wp-content\/uploads\/2020\/02\/Rupit-001.croquis.web_.jpg\" alt=\"Recorrido hacia L'Agullola, Salt de Sallent y del Gravet desde Rupit\" width=\"1170\" height=\"1112\" srcset=\"https:\/\/www.monta\u00f1asdelaluna.es\/wp-content\/uploads\/2020\/02\/Rupit-001.croquis.web_.jpg 1170w, https:\/\/www.monta\u00f1asdelaluna.es\/wp-content\/uploads\/2020\/02\/Rupit-001.croquis.web_-300x285.jpg 300w, https:\/\/www.monta\u00f1asdelaluna.es\/wp-content\/uploads\/2020\/02\/Rupit-001.croquis.web_-1024x973.jpg 1024w\" sizes=\"auto, (max-width: 1170px) 100vw, 1170px\" \/><\/a><p id=\"caption-attachment-45751\" class=\"wp-caption-text\">Recorrido hacia L&#8217;Agullola, Salt de Sallent y del Gravet desde Rupit<\/p><\/div>\n<p>[\/vc_column_text][vc_empty_space height=\u00bb60px\u00bb][\/vc_column][\/vc_row][vc_row][vc_column][vc_cta h2=\u00bb\u00c1lbum de fotos\u00bb txt_align=\u00bbcenter\u00bb add_button=\u00bbbottom\u00bb btn_title=\u00bbVer fotos\u00bb btn_color=\u00bbwarning\u00bb btn_align=\u00bbcenter\u00bb btn_link=\u00bburl:https%3A%2F%2Fmonta%C3%B1asdelaluna.es%2F%3Fdt_gallery%3Dlagullola-y-el-salt-de-sallent-desde-rupit-2|title:L%E2%80%99Agullola%20y%20el%20Salt%20de%20Sallent%20desde%20Rupit|target:_blank\u00bb css=\u00bb.vc_custom_1625991739571{background-color: #8bc4ed !important;}\u00bb]Puedes ver todas las fotos del relato y actividad en forma de presentaci\u00f3n o individuales pinchando aqui \u00a1No te las pierdas![\/vc_cta][\/vc_column][\/vc_row][vc_row][vc_column][vc_empty_space height=\u00bb60px\u00bb][\/vc_column][\/vc_row][vc_row][vc_column width=\u00bb1\/3&#8243;][\/vc_column][vc_column width=\u00bb1\/2&#8243;][vc_raw_html]JTNDaWZyYW1lJTIwc3JjJTNEJTIyaHR0cHMlM0ElMkYlMkZ3d3cubWV0ZW9ibHVlLmNvbSUyRmVzJTJGdGllbXBvJTJGd2lkZ2V0JTJGZGFpbHklMkZydXBpdF9lc3BhJTI1YzMlMjViMWFfMzExMTIxOCUzRmdlb2xvYyUzRGZpeGVkJTI2ZGF5cyUzRDclMjZ0ZW1wdW5pdCUzRENFTFNJVVMlMjZ3aW5kdW5pdCUzREtJTE9NRVRFUl9QRVJfSE9VUiUyNnByZWNpcHVuaXQlM0RNSUxMSU1FVEVSJTI2Y29sb3VyZWQlM0Rjb2xvdXJlZCUyNnBpY3RvaWNvbiUzRDAlMjZwaWN0b2ljb24lM0QxJTI2bWF4dGVtcGVyYXR1cmUlM0QwJTI2bWF4dGVtcGVyYXR1cmUlM0QxJTI2bWludGVtcGVyYXR1cmUlM0QwJTI2bWludGVtcGVyYXR1cmUlM0QxJTI2d2luZHNwZWVkJTNEMCUyNndpbmRzcGVlZCUzRDElMjZ3aW5kZ3VzdCUzRDAlMjZ3aW5kZ3VzdCUzRDElMjZ3aW5kZGlyZWN0aW9uJTNEMCUyNndpbmRkaXJlY3Rpb24lM0QxJTI2dXYlM0QwJTI2aHVtaWRpdHklM0QwJTI2cHJlY2lwaXRhdGlvbiUzRDAlMjZwcmVjaXBpdGF0aW9uJTNEMSUyNnByZWNpcGl0YXRpb25wcm9iYWJpbGl0eSUzRDAlMjZwcmVjaXBpdGF0aW9ucHJvYmFiaWxpdHklM0QxJTI2c3BvdCUzRDAlMjZzcG90JTNEMSUyNnByZXNzdXJlJTNEMCUyNnByZXNzdXJlJTNEMSUyNmxheW91dCUzRGxpZ2h0JTIyJTIwJTIwZnJhbWVib3JkZXIlM0QlMjIwJTIyJTIwc2Nyb2xsaW5nJTNEJTIyTk8lMjIlMjBhbGxvd3RyYW5zcGFyZW5jeSUzRCUyMnRydWUlMjIlMjBzYW5kYm94JTNEJTIyYWxsb3ctc2FtZS1vcmlnaW4lMjBhbGxvdy1zY3JpcHRzJTIwYWxsb3ctcG9wdXBzJTIwYWxsb3ctcG9wdXBzLXRvLWVzY2FwZS1zYW5kYm94JTIyJTIwc3R5bGUlM0QlMjJ3aWR0aCUzQSUyMDM3OHB4JTNCJTIwaGVpZ2h0JTNBJTIwNDIwcHglMjIlM0UlM0MlMkZpZnJhbWUlM0UlM0NkaXYlM0UlM0MlMjEtLSUyMERPJTIwTk9UJTIwUkVNT1ZFJTIwVEhJUyUyMExJTkslMjAtLSUzRSUzQ2ElMjBocmVmJTNEJTIyaHR0cHMlM0ElMkYlMkZ3d3cubWV0ZW9ibHVlLmNvbSUyRmVzJTJGdGllbXBvJTJGc2VtYW5hJTJGcnVwaXRfZXNwYSUyNWMzJTI1YjFhXzMxMTEyMTglM0Z1dG1fc291cmNlJTNEd2VhdGhlcl93aWRnZXQlMjZ1dG1fbWVkaXVtJTNEbGlua3VzJTI2dXRtX2NvbnRlbnQlM0RkYWlseSUyNnV0bV9jYW1wYWlnbiUzRFdlYXRoZXIlMjUyQldpZGdldCUyMiUyMHRhcmdldCUzRCUyMl9ibGFuayUyMiUzRW1ldGVvYmx1ZSUzQyUyRmElM0UlM0MlMkZkaXYlM0U=[\/vc_raw_html][\/vc_column][vc_column width=\u00bb1\/5&#8243;][\/vc_column][\/vc_row]<\/p>\n","protected":false},"excerpt":{"rendered":"<p>[vc_row][vc_column][vc_column_text]Ya llevaba muchas visitas a la regi\u00f3n del Collsacabra, Guilleries, y por ello cre\u00e9 una nueva secci\u00f3n en la web con este nombre. Pero no hab\u00eda estado a\u00fan en el coraz\u00f3n de la misma, en la famosa poblaci\u00f3n de Rupit y los cortados, barrancos, rincones, cascadas que la rodean, incluso la visita a la misma&hellip;<\/p>\n","protected":false},"author":1,"featured_media":45727,"comment_status":"open","ping_status":"open","sticky":false,"template":"","format":"standard","meta":[],"categories":[120],"tags":[],"class_list":["post-45748","post","type-post","status-publish","format-standard","has-post-thumbnail","hentry","category-collsacabra-i-guilleries","category-120","description-off"],"_links":{"self":[{"href":"https:\/\/www.monta\u00f1asdelaluna.es\/index.php?rest_route=\/wp\/v2\/posts\/45748","targetHints":{"allow":["GET"]}}],"collection":[{"href":"https:\/\/www.monta\u00f1asdelaluna.es\/index.php?rest_route=\/wp\/v2\/posts"}],"about":[{"href":"https:\/\/www.monta\u00f1asdelaluna.es\/index.php?rest_route=\/wp\/v2\/types\/post"}],"author":[{"embeddable":true,"href":"https:\/\/www.monta\u00f1asdelaluna.es\/index.php?rest_route=\/wp\/v2\/users\/1"}],"replies":[{"embeddable":true,"href":"https:\/\/www.monta\u00f1asdelaluna.es\/index.php?rest_route=%2Fwp%2Fv2%2Fcomments&post=45748"}],"version-history":[{"count":12,"href":"https:\/\/www.monta\u00f1asdelaluna.es\/index.php?rest_route=\/wp\/v2\/posts\/45748\/revisions"}],"predecessor-version":[{"id":50308,"href":"https:\/\/www.monta\u00f1asdelaluna.es\/index.php?rest_route=\/wp\/v2\/posts\/45748\/revisions\/50308"}],"wp:featuredmedia":[{"embeddable":true,"href":"https:\/\/www.monta\u00f1asdelaluna.es\/index.php?rest_route=\/wp\/v2\/media\/45727"}],"wp:attachment":[{"href":"https:\/\/www.monta\u00f1asdelaluna.es\/index.php?rest_route=%2Fwp%2Fv2%2Fmedia&parent=45748"}],"wp:term":[{"taxonomy":"category","embeddable":true,"href":"https:\/\/www.monta\u00f1asdelaluna.es\/index.php?rest_route=%2Fwp%2Fv2%2Fcategories&post=45748"},{"taxonomy":"post_tag","embeddable":true,"href":"https:\/\/www.monta\u00f1asdelaluna.es\/index.php?rest_route=%2Fwp%2Fv2%2Ftags&post=45748"}],"curies":[{"name":"wp","href":"https:\/\/api.w.org\/{rel}","templated":true}]}}