{"id":46111,"date":"2020-09-12T21:39:48","date_gmt":"2020-09-12T21:39:48","guid":{"rendered":"http:\/\/monta\u00f1asdelaluna.com\/?p=46111"},"modified":"2021-08-01T08:44:05","modified_gmt":"2021-08-01T08:44:05","slug":"tempestades-y-la-cresta-del-margalida","status":"publish","type":"post","link":"https:\/\/www.monta\u00f1asdelaluna.es\/?p=46111","title":{"rendered":"Tempestades y la cresta del Margalida"},"content":{"rendered":"<p>[vc_row css=\u00bb.vc_custom_1625563174872{margin-top: 0px !important;padding-top: 0px !important;}\u00bb][vc_column][vc_column_text]Ya hac\u00eda tiempo que con a Eva Zurera y Josetxu quer\u00edamos quedar para hacer el Tempestades y el Margalida, estos dos picos que se encuentran en la enorme cresta de tresmiles que desde el Aneto sigue hacia el este acabando en el pico Russell, en el macizo de los Montes Malditos.<\/p>\n<p>Siempre me hab\u00eda atra\u00eddo el pico Tempestades, quiz\u00e1s no tanto el Margalida, pero me llamaba la atenci\u00f3n por su ubicaci\u00f3n, altura e incluso por su nombre. Siempre lo ve\u00eda como el \u201chermano peque\u00f1o\u201d de su cercano hermano mayor el Aneto, con la cercan\u00eda del estupendo y enorme corte en medio de esa cresta que es la Brecha del Tempestades, la cual me parec\u00eda inexpugnable, imposible, pero impresionante, bella.<\/p>\n<p>La \u00fanica indecisi\u00f3n era encontrar la base para subir al pico. El m\u00e1s cercano o habitual ser\u00eda Coronas, por el Refugio de Coronas (Pescadores), meti\u00e9ndonos por un estrecho valle hacia el noreste, en busca de la zona donde se ubican las lagunas, los ibones de Llosas\u2026 pero una ascensi\u00f3n, una salida a esta parte del Pirineo, hizo cambiar mi parecido sobre la ruta o recorrido hasta la base del pico: la ascensi\u00f3n al pico <a href=\"https:\/\/www.monta\u00f1asdelaluna.es\/?p=19570\" target=\"_blank\" rel=\"noopener\">Russell<\/a>.<\/p>\n<div id=\"attachment_45989\" style=\"width: 1034px\" class=\"wp-caption aligncenter\"><a class=\"dt-single-image\" href=\"https:\/\/www.monta\u00f1asdelaluna.es\/wp-content\/uploads\/2020\/11\/parking-del-estany-de-llauset-con-el-pico-de-valibierna-al-fondo.jpg\" data-dt-img-description=\"\"><img loading=\"lazy\" decoding=\"async\" aria-describedby=\"caption-attachment-45989\" class=\"wp-image-45989 size-large\" style=\"border-color: initial; box-shadow: #888888 5px 5px 7px; padding: 0px; margin: 0px 0px 9px 0px;\" src=\"https:\/\/www.monta\u00f1asdelaluna.es\/wp-content\/uploads\/2020\/11\/parking-del-estany-de-llauset-con-el-pico-de-valibierna-al-fondo-1024x683.jpg\" alt=\"Parking del Estany de Llauset con el Pico de Valibierna al fondo\" width=\"1024\" height=\"683\" srcset=\"https:\/\/www.monta\u00f1asdelaluna.es\/wp-content\/uploads\/2020\/11\/parking-del-estany-de-llauset-con-el-pico-de-valibierna-al-fondo-1024x683.jpg 1024w, https:\/\/www.monta\u00f1asdelaluna.es\/wp-content\/uploads\/2020\/11\/parking-del-estany-de-llauset-con-el-pico-de-valibierna-al-fondo-300x200.jpg 300w, https:\/\/www.monta\u00f1asdelaluna.es\/wp-content\/uploads\/2020\/11\/parking-del-estany-de-llauset-con-el-pico-de-valibierna-al-fondo.jpg 1824w\" sizes=\"auto, (max-width: 1024px) 100vw, 1024px\" \/><\/a><p id=\"caption-attachment-45989\" class=\"wp-caption-text\">Parking del Estany de Llauset con el Pico de Valibierna al fondo<\/p><\/div>\n<div id=\"attachment_45991\" style=\"width: 1034px\" class=\"wp-caption aligncenter\"><a class=\"dt-single-image\" href=\"https:\/\/www.monta\u00f1asdelaluna.es\/wp-content\/uploads\/2020\/11\/josetxu-y-eva-dejando-el-estany-de-llauset-a-la-izquierda.jpg\" data-dt-img-description=\"\"><img loading=\"lazy\" decoding=\"async\" aria-describedby=\"caption-attachment-45991\" class=\"wp-image-45991 size-large\" src=\"https:\/\/www.monta\u00f1asdelaluna.es\/wp-content\/uploads\/2020\/11\/josetxu-y-eva-dejando-el-estany-de-llauset-a-la-izquierda-1024x683.jpg\" alt=\"Josetxu y Eva dejando el Estany de Llauset a la izquierda\" width=\"1024\" height=\"683\" srcset=\"https:\/\/www.monta\u00f1asdelaluna.es\/wp-content\/uploads\/2020\/11\/josetxu-y-eva-dejando-el-estany-de-llauset-a-la-izquierda-1024x683.jpg 1024w, https:\/\/www.monta\u00f1asdelaluna.es\/wp-content\/uploads\/2020\/11\/josetxu-y-eva-dejando-el-estany-de-llauset-a-la-izquierda-300x200.jpg 300w, https:\/\/www.monta\u00f1asdelaluna.es\/wp-content\/uploads\/2020\/11\/josetxu-y-eva-dejando-el-estany-de-llauset-a-la-izquierda.jpg 1824w\" sizes=\"auto, (max-width: 1024px) 100vw, 1024px\" \/><\/a><p id=\"caption-attachment-45991\" class=\"wp-caption-text\">Josetxu y Eva dejando el Estany de Llauset a la izquierda<\/p><\/div>\n<p>Hab\u00eda pensado en hacer un recorrido pasando una noche en la base de la monta\u00f1a, para que la actividad sea m\u00e1s completa, m\u00e1s entretenida y desafiante. Ten\u00eda la experiencia de la ascensi\u00f3n al <a href=\"https:\/\/www.monta\u00f1asdelaluna.es\/?p=19570\" target=\"_blank\" rel=\"noopener\">Russell<\/a>, en la que salimos de la presa del Estany de Llauset, en busca de los Ibones de Vallibierna, para pasar la noche junto a sus orillas. Al otro d\u00eda subimos por la ladera contrar\u00eda buscando la Brecha de Soler i Coll para acercarnos a la base del Russell ya a tocar. Es justo en esta brecha donde recuerdo la bajada hacia un vallecillo, un hueco, que era el final del valle de Llosas, y quedaba a la izquierda noroeste, cuando nosotros buscamos los hitos para seguir por el noreste hacia los muros del Russell\u2026 ese vallecillo, ese lugar, donde se ubicaba el Ib\u00f3n Peque\u00f1o de Llosas, era el cruce de recorridos con la subida al Tempestades desde Coronas, y era la base perfecta para el ascenso a nuestros objetivos.<\/p>\n<p>El mapa Alpina no enga\u00f1a, el lugar, aunque nunca he estado, tiene que ser al sitio ideal para hacer una noche y ascender a la cercana cima del Tempestades, que solo queda al norte en una larga y a veces empinada rampa rocosa. Y desde el Tempestades, seguir la cresta hasta el cercano Margalida. Eva y Josetxu ya hab\u00edan hecho el Tempestades en condiciones invernales, pero no hab\u00edan podido hacer el Margalida despu\u00e9s, con lo que les quedaba hacer este pico. Pero la monta\u00f1a cambia de verano a invierno, y las condiciones invernales de nieve y hielo son diferentes, incluso dejamos de reconocer perfiles, al quitarse la nieve aunque nos recorramos los mismos rincones, palas y laderas\u2026 pero lo m\u00e1s importante era reconocer o saber de la cresta que un\u00eda el Tempestades y el Margalida; esa ser\u00eda la parte m\u00e1s interesante y t\u00e9cnica de la actividad, ya que seg\u00fan gu\u00edas, informaci\u00f3n que ten\u00edamos, podr\u00eda ser algo escarpada y con grado de dificultad\u2026 la aventura estaba servida; solo hab\u00eda que poner un fin de semana y subir al hermano peque\u00f1o del Aneto: el Tempestades y Margalida.<\/p>\n<p>Despu\u00e9s de la salida en febrero al <a href=\"https:\/\/www.monta\u00f1asdelaluna.es\/?p=45945\" target=\"_blank\" rel=\"noopener\">Pico de Vallibierna,<\/a> no hab\u00eda vuelto a visitar el Pirineo central, y ya hab\u00edan pasado muchos meses incluso sin salir a la monta\u00f1a, a causa del enclaustramiento por la fastidiosa y traum\u00e1tica pandemia del coronavirus. Pero por fin este mes de septiembre ya decidimos s\u00ed o s\u00ed salir a realizar la actividad, poni\u00e9ndonos de acuerdo en la fecha y fin de semana para salir hacia el Pirineo\u2026 antes de que nos vuelvan a confinar o comience una segunda ola de la pandemia.<\/p>\n<div id=\"attachment_45994\" style=\"width: 1034px\" class=\"wp-caption aligncenter\"><a class=\"dt-single-image\" href=\"https:\/\/www.monta\u00f1asdelaluna.es\/wp-content\/uploads\/2020\/11\/dejamos-el-refugio-del-cap-de-llauset-bajo-el-pic-de-la-solana-de-llauset-y-el-collet-dels-estanyets-a-la-izquierda.jpg\" data-dt-img-description=\"\"><img loading=\"lazy\" decoding=\"async\" aria-describedby=\"caption-attachment-45994\" class=\"wp-image-45994 size-large\" src=\"https:\/\/www.monta\u00f1asdelaluna.es\/wp-content\/uploads\/2020\/11\/dejamos-el-refugio-del-cap-de-llauset-bajo-el-pic-de-la-solana-de-llauset-y-el-collet-dels-estanyets-a-la-izquierda-1024x683.jpg\" alt=\"Dejamos el Refugio del Cap de Llauset bajo el Pic de La Solana de Llauset, y el Collet dels Estanyets a la izquierda\" width=\"1024\" height=\"683\" srcset=\"https:\/\/www.monta\u00f1asdelaluna.es\/wp-content\/uploads\/2020\/11\/dejamos-el-refugio-del-cap-de-llauset-bajo-el-pic-de-la-solana-de-llauset-y-el-collet-dels-estanyets-a-la-izquierda-1024x683.jpg 1024w, https:\/\/www.monta\u00f1asdelaluna.es\/wp-content\/uploads\/2020\/11\/dejamos-el-refugio-del-cap-de-llauset-bajo-el-pic-de-la-solana-de-llauset-y-el-collet-dels-estanyets-a-la-izquierda-300x200.jpg 300w, https:\/\/www.monta\u00f1asdelaluna.es\/wp-content\/uploads\/2020\/11\/dejamos-el-refugio-del-cap-de-llauset-bajo-el-pic-de-la-solana-de-llauset-y-el-collet-dels-estanyets-a-la-izquierda.jpg 1824w\" sizes=\"auto, (max-width: 1024px) 100vw, 1024px\" \/><\/a><p id=\"caption-attachment-45994\" class=\"wp-caption-text\">Dejamos el Refugio del Cap de Llauset bajo el Pic de La Solana de Llauset, y el Collet dels Estanyets a la izquierda<\/p><\/div>\n<div id=\"attachment_45996\" style=\"width: 1034px\" class=\"wp-caption aligncenter\"><a class=\"dt-single-image\" href=\"https:\/\/www.monta\u00f1asdelaluna.es\/wp-content\/uploads\/2020\/11\/eva-y-josetxu-en-el-cruce-o-desvio-hacia-la-ascension-el-pico-de-vallibierna-en-la-subida-al-coll-o-collada-de-vallibierna-detras-el-pic-de-la-solana-de-llauset-con-el-collet-dels-estanyets-a-la-izqu.jpg\" data-dt-img-description=\"\"><img loading=\"lazy\" decoding=\"async\" aria-describedby=\"caption-attachment-45996\" class=\"wp-image-45996 size-large\" src=\"https:\/\/www.monta\u00f1asdelaluna.es\/wp-content\/uploads\/2020\/11\/eva-y-josetxu-en-el-cruce-o-desvio-hacia-la-ascension-el-pico-de-vallibierna-en-la-subida-al-coll-o-collada-de-vallibierna-detras-el-pic-de-la-solana-de-llauset-con-el-collet-dels-estanyets-a-la-izqu-1024x683.jpg\" alt=\"Eva y Josetxu en el cruce o desvio hacia la ascensi\u00f3n el Pico de Vallibierna en la subida al Coll o Collada de Vallibierna. Detr\u00e1s el Pic de La Solana de Llauset con el Collet dels Estanyets a la izquierda\" width=\"1024\" height=\"683\" srcset=\"https:\/\/www.monta\u00f1asdelaluna.es\/wp-content\/uploads\/2020\/11\/eva-y-josetxu-en-el-cruce-o-desvio-hacia-la-ascension-el-pico-de-vallibierna-en-la-subida-al-coll-o-collada-de-vallibierna-detras-el-pic-de-la-solana-de-llauset-con-el-collet-dels-estanyets-a-la-izqu-1024x683.jpg 1024w, https:\/\/www.monta\u00f1asdelaluna.es\/wp-content\/uploads\/2020\/11\/eva-y-josetxu-en-el-cruce-o-desvio-hacia-la-ascension-el-pico-de-vallibierna-en-la-subida-al-coll-o-collada-de-vallibierna-detras-el-pic-de-la-solana-de-llauset-con-el-collet-dels-estanyets-a-la-izqu-300x200.jpg 300w, https:\/\/www.monta\u00f1asdelaluna.es\/wp-content\/uploads\/2020\/11\/eva-y-josetxu-en-el-cruce-o-desvio-hacia-la-ascension-el-pico-de-vallibierna-en-la-subida-al-coll-o-collada-de-vallibierna-detras-el-pic-de-la-solana-de-llauset-con-el-collet-dels-estanyets-a-la-izqu.jpg 1824w\" sizes=\"auto, (max-width: 1024px) 100vw, 1024px\" \/><\/a><p id=\"caption-attachment-45996\" class=\"wp-caption-text\">Eva y Josetxu en el cruce o desvio hacia la ascensi\u00f3n el Pico de Vallibierna en la subida al Coll o Collada de Vallibierna. Detr\u00e1s el Pic de La Solana de Llauset con el Collet dels Estanyets a la izquierda<\/p><\/div>\n<p>Entonces el pasado fin de semana 11, 12 y 13 de septiembre salimos en busca del parking de la presa del Estany de Llauset. Despu\u00e9s de tanto tiempo sin hacer monta\u00f1a pero intentando mantener la forma, haciendo ejercicio todos estos meses, decido que es mejor hacer noche el viernes 11 en el parking del Estany de Llauset, ya que no quiero que la aproximaci\u00f3n a Llosas me canse para que al otro d\u00eda no est\u00e9 perfectamente para la actividad que nos tocar\u00eda: la ascensi\u00f3n al Tempestades, Margalida y vuelta al parking del Estany de Llauset. Seremos 4 los amigos que participaremos en esta aventura: Eva, Josetxu, Paco y yo; Eva y Josetxu tambi\u00e9n pasar\u00e1n la noche en el parking del Estany de Llauset, Paco subir\u00e1 el mismo s\u00e1bado 12 a mitad de ma\u00f1ana, con lo que quedo con Eva y Josetxu la tarde-noche del viernes 11 en el parking de la presa del Estany de Llauset.<\/p>\n<p>El trayecto en coche, siempre el mismo, lo hago de un tir\u00f3n hasta las inmediaciones de Aneto. Pero me paso en la entrada a la carreterilla que sube a la presa del Estany de Llauset, y sigo por la carretera que va a Viella en busca de un rinc\u00f3n que pueda dar la vuelta. Curiosamente tengo que llegar al parking donde dejamos los coches en el \u00faltimo viaje que subimos al <a href=\"https:\/\/www.monta\u00f1asdelaluna.es\/?p=45945\" target=\"_blank\" rel=\"noopener\">Pico de Vallibierna<\/a>, subiendo por el Valle d\u2019Anglios. Aqu\u00ed doy la vuelta y ya por fin salgo hacia la derecha y arriba en busca de la presa del Estany de Llauset.<\/p>\n<p>Me sorprendo de la cantidad de coches y gente que hay en el parking al otro lado del t\u00fanel de la presa del Estany de Llauset. Pero es que ya en el peque\u00f1o parking a la entrada del t\u00fanel ya hab\u00edan. La afici\u00f3n por la monta\u00f1a ha crecido mucho, y ahora despu\u00e9s de un forzado confinamiento por la pandemia, parece que la gente sale en tropel a invadir la monta\u00f1a. Por un lado puede ser perjudicial para el propio medio si la gente que se encuentra en \u00e9l no es consciente de su cuidado, protecci\u00f3n y respeto, pero por otro lado es bueno que cada vez haya m\u00e1s gente que se adentre en las monta\u00f1a para conocerlas y disfrutarlas, porque \u201cno se respeta lo que no se conoce\u201d. Es todo cuesti\u00f3n de encontrar un equilibrio y un control.<\/p>\n<div id=\"attachment_46001\" style=\"width: 1034px\" class=\"wp-caption aligncenter\"><a class=\"dt-single-image\" href=\"https:\/\/www.monta\u00f1asdelaluna.es\/wp-content\/uploads\/2020\/11\/una-familia-llegando-al-coll-o-collada-de-vallibierna-2-732-mts-abajo-los-ibones-de-vallibierna.jpg\" data-dt-img-description=\"\"><img loading=\"lazy\" decoding=\"async\" aria-describedby=\"caption-attachment-46001\" class=\"wp-image-46001 size-large\" src=\"https:\/\/www.monta\u00f1asdelaluna.es\/wp-content\/uploads\/2020\/11\/una-familia-llegando-al-coll-o-collada-de-vallibierna-2-732-mts-abajo-los-ibones-de-vallibierna-1024x683.jpg\" alt=\"Una familia llegando al Coll o Collada de Vallibierna, 2.732 mts., abajo los Ibones de Vallibierna\" width=\"1024\" height=\"683\" srcset=\"https:\/\/www.monta\u00f1asdelaluna.es\/wp-content\/uploads\/2020\/11\/una-familia-llegando-al-coll-o-collada-de-vallibierna-2-732-mts-abajo-los-ibones-de-vallibierna-1024x683.jpg 1024w, https:\/\/www.monta\u00f1asdelaluna.es\/wp-content\/uploads\/2020\/11\/una-familia-llegando-al-coll-o-collada-de-vallibierna-2-732-mts-abajo-los-ibones-de-vallibierna-300x200.jpg 300w, https:\/\/www.monta\u00f1asdelaluna.es\/wp-content\/uploads\/2020\/11\/una-familia-llegando-al-coll-o-collada-de-vallibierna-2-732-mts-abajo-los-ibones-de-vallibierna.jpg 1824w\" sizes=\"auto, (max-width: 1024px) 100vw, 1024px\" \/><\/a><p id=\"caption-attachment-46001\" class=\"wp-caption-text\">Una familia llegando al Coll o Collada de Vallibierna, 2.732 mts., abajo los Ibones de Vallibierna<\/p><\/div>\n<div id=\"attachment_45998\" style=\"width: 1034px\" class=\"wp-caption aligncenter\"><a class=\"dt-single-image\" href=\"https:\/\/www.monta\u00f1asdelaluna.es\/wp-content\/uploads\/2020\/11\/eva-y-josetxu-llegando-al-coll-o-collada-de-vallibierna-al-fondo-queda-el-pic-de-la-solana-de-llauset-en-el-centro-y-el-estany-de-cap-de-llauset-mas-a-la-izquierda.jpg\" data-dt-img-description=\"\"><img loading=\"lazy\" decoding=\"async\" aria-describedby=\"caption-attachment-45998\" class=\"wp-image-45998 size-large\" src=\"https:\/\/www.monta\u00f1asdelaluna.es\/wp-content\/uploads\/2020\/11\/eva-y-josetxu-llegando-al-coll-o-collada-de-vallibierna-al-fondo-queda-el-pic-de-la-solana-de-llauset-en-el-centro-y-el-estany-de-cap-de-llauset-mas-a-la-izquierda-1024x683.jpg\" alt=\"Eva y Josetxu llegando al Coll o Collada de Vallibierna. Al fondo queda el Pic de La Solana de Llauset en el centro y el Estany de Cap de Llauset m\u00e1s a la izquierda\" width=\"1024\" height=\"683\" srcset=\"https:\/\/www.monta\u00f1asdelaluna.es\/wp-content\/uploads\/2020\/11\/eva-y-josetxu-llegando-al-coll-o-collada-de-vallibierna-al-fondo-queda-el-pic-de-la-solana-de-llauset-en-el-centro-y-el-estany-de-cap-de-llauset-mas-a-la-izquierda-1024x683.jpg 1024w, https:\/\/www.monta\u00f1asdelaluna.es\/wp-content\/uploads\/2020\/11\/eva-y-josetxu-llegando-al-coll-o-collada-de-vallibierna-al-fondo-queda-el-pic-de-la-solana-de-llauset-en-el-centro-y-el-estany-de-cap-de-llauset-mas-a-la-izquierda-300x200.jpg 300w, https:\/\/www.monta\u00f1asdelaluna.es\/wp-content\/uploads\/2020\/11\/eva-y-josetxu-llegando-al-coll-o-collada-de-vallibierna-al-fondo-queda-el-pic-de-la-solana-de-llauset-en-el-centro-y-el-estany-de-cap-de-llauset-mas-a-la-izquierda.jpg 1824w\" sizes=\"auto, (max-width: 1024px) 100vw, 1024px\" \/><\/a><p id=\"caption-attachment-45998\" class=\"wp-caption-text\">Eva y Josetxu llegando al Coll o Collada de Vallibierna. Al fondo queda el Pic de La Solana de Llauset en el centro y el Estany de Cap de Llauset m\u00e1s a la izquierda<\/p><\/div>\n<p>Me encuentro con Eva y Josetxu. Cenamos. Despu\u00e9s ellos dormir\u00e1n en el interior de su furgoneta y yo he decidido hacer un vivac con la funda y mi nuevo saco de Camp sustituto del Bambusa de Coleman. Subo la ladera para estar unos metros por encima del camino, de los coches y la gente, en una antigua plataforma, un antiguo talud o terraza creado para aguantar el terreno tan vertical en estas laderas cerca de la presa. No pas\u00e9 muy buena noche, mejor dicho, horrible. La humedad era tal que atravesaba la funda y el fin\u00edsimo pero ligero saco de dormir, no calentaba nada en absoluto. Como dir\u00eda mi viejo compa\u00f1ero de monta\u00f1as Tom\u00e1s \u201ces papel de fumar\u201d \u2026 \u00a1\u00bfy con esto voy a pasar otra noche a m\u00e1s altura?! Pero no ser\u00eda la primera vez que la siguiente noche a m\u00e1s altura y m\u00e1s metidos en la monta\u00f1a, resulta ser m\u00e1s c\u00f3moda que la que se supone deb\u00eda de ser la m\u00e1s c\u00e1lida. Ya que la situaci\u00f3n de cada lugar no necesariamente est\u00e1 condicionada por la altura\u2026 con esa reflexi\u00f3n esperanzadora me quedo para no perder el \u00e1nimo de pasar otra noche de frio antes de subir a nuestros objetivos\u2026 ya que no es la primera vez que me pasa.<\/p>\n<p>Al otro d\u00eda un sol radiante intenta calentar la monta\u00f1a e intento entrar en calor, que por suerte, lo consigo sin demasiado sufrimiento. Tendremos unos d\u00edas id\u00edlicos para realizar la actividad, incre\u00edbles; dar\u00e1 la sensaci\u00f3n de que tambi\u00e9n es el d\u00eda elegido por muchos otros para realizar una actividad de alta monta\u00f1a por estos lares. Ni una nube, ni un estorbo de niebla nos impedir\u00e1n, en estos dos d\u00edas, disfrutar de un magn\u00edfico tiempo, con una visibilidad encomiable.<\/p>\n<div id=\"attachment_46000\" style=\"width: 1834px\" class=\"wp-caption aligncenter\"><a class=\"dt-single-image\" href=\"https:\/\/www.monta\u00f1asdelaluna.es\/wp-content\/uploads\/2020\/11\/ibones-de-vallibierna-seguido-de-valle-de-vallibierna-y-al-fondo-el-macizo-del-posets.jpg\" data-dt-img-description=\"\"><img loading=\"lazy\" decoding=\"async\" aria-describedby=\"caption-attachment-46000\" class=\"wp-image-46000 size-full\" src=\"https:\/\/www.monta\u00f1asdelaluna.es\/wp-content\/uploads\/2020\/11\/ibones-de-vallibierna-seguido-de-valle-de-vallibierna-y-al-fondo-el-macizo-del-posets.jpg\" alt=\"Ibones de Vallibierna, seguido de valle de Vallibierna y al fondo el macizo del Posets\" width=\"1824\" height=\"1216\" srcset=\"https:\/\/www.monta\u00f1asdelaluna.es\/wp-content\/uploads\/2020\/11\/ibones-de-vallibierna-seguido-de-valle-de-vallibierna-y-al-fondo-el-macizo-del-posets.jpg 1824w, https:\/\/www.monta\u00f1asdelaluna.es\/wp-content\/uploads\/2020\/11\/ibones-de-vallibierna-seguido-de-valle-de-vallibierna-y-al-fondo-el-macizo-del-posets-300x200.jpg 300w, https:\/\/www.monta\u00f1asdelaluna.es\/wp-content\/uploads\/2020\/11\/ibones-de-vallibierna-seguido-de-valle-de-vallibierna-y-al-fondo-el-macizo-del-posets-1024x683.jpg 1024w\" sizes=\"auto, (max-width: 1824px) 100vw, 1824px\" \/><\/a><p id=\"caption-attachment-46000\" class=\"wp-caption-text\">Ibones de Vallibierna, seguido de valle de Vallibierna y al fondo el macizo del Posets<\/p><\/div>\n<p>Y una vez equipados con las mochilas a la espalda, ya conocemos el camino que hay que realizar en este d\u00eda: ser\u00e1 justo el mismo realizado en la subida al <a href=\"https:\/\/www.monta\u00f1asdelaluna.es\/?p=19570\" target=\"_blank\" rel=\"noopener\">Russell.<\/a> Seguir la orilla del Estany o embalse de Llauset, Estany de Botorn\u00e0s, pasar por debajo del Refugio de Cap de Llauset para girar en busca del Coll de Vallibierna, de aqu\u00ed bajar a las orillas de los Ibones de Vallibierna, donde, en la subida al <a href=\"https:\/\/www.monta\u00f1asdelaluna.es\/?p=19570\" target=\"_blank\" rel=\"noopener\">Russell <\/a>plantamos nuestras tiendas\u2026 esta vez no.<\/p>\n<p>Encontramos mucha gente por este recorrido del G.R.-11. Incluso una familia con ni\u00f1os peque\u00f1os que suben de Vallibierna y llegan al collado justo en el momento que nosotros paramos en \u00e9l para comer algo y descansar. Parece que mucha gente hace una traves\u00eda por el valle de Vallibierna para cruzar al otro lado en busca del Valle de Barrab\u00e9s o del parking del Estany de Llauset, pero sin subir ninguna cima; es como si hicieran un tramo del G.R.-11. Otro grupo busca una subida al Pico de Vallibierna; \u00e9stos suben desde el valle de Vallibierna y es curioso porque antes de llegar al collado, se ten\u00edan que haber topado con m\u00ednimo dos recorridos para llegar a su cima. Una vez aqu\u00ed solo me queda indicarles el recorrido que surge de la bajada del collado hacia Cap de Llauset que desv\u00eda, con el cartelito, hacia la monta\u00f1a buscada por el valle de los laguitos de Coma Arnau\u2026 \u00a1pero menuda vuelta!<\/p>\n<div id=\"attachment_45999\" style=\"width: 1034px\" class=\"wp-caption aligncenter\"><a class=\"dt-single-image\" href=\"https:\/\/www.monta\u00f1asdelaluna.es\/wp-content\/uploads\/2020\/11\/coll-o-collada-de-vallibierna-2-732-mts-abajo-los-ibones-de-vallibierna.jpg\" data-dt-img-description=\"\"><img loading=\"lazy\" decoding=\"async\" aria-describedby=\"caption-attachment-45999\" class=\"wp-image-45999 size-large\" src=\"https:\/\/www.monta\u00f1asdelaluna.es\/wp-content\/uploads\/2020\/11\/coll-o-collada-de-vallibierna-2-732-mts-abajo-los-ibones-de-vallibierna-1024x683.jpg\" alt=\"Coll o Collada de Vallibierna, 2.732 mts., abajo los Ibones de Vallibierna\" width=\"1024\" height=\"683\" srcset=\"https:\/\/www.monta\u00f1asdelaluna.es\/wp-content\/uploads\/2020\/11\/coll-o-collada-de-vallibierna-2-732-mts-abajo-los-ibones-de-vallibierna-1024x683.jpg 1024w, https:\/\/www.monta\u00f1asdelaluna.es\/wp-content\/uploads\/2020\/11\/coll-o-collada-de-vallibierna-2-732-mts-abajo-los-ibones-de-vallibierna-300x200.jpg 300w, https:\/\/www.monta\u00f1asdelaluna.es\/wp-content\/uploads\/2020\/11\/coll-o-collada-de-vallibierna-2-732-mts-abajo-los-ibones-de-vallibierna.jpg 1824w\" sizes=\"auto, (max-width: 1024px) 100vw, 1024px\" \/><\/a><p id=\"caption-attachment-45999\" class=\"wp-caption-text\">Coll o Collada de Vallibierna, 2.732 mts., abajo los Ibones de Vallibierna<\/p><\/div>\n<div id=\"attachment_46006\" style=\"width: 1834px\" class=\"wp-caption aligncenter\"><a class=\"dt-single-image\" href=\"https:\/\/www.monta\u00f1asdelaluna.es\/wp-content\/uploads\/2020\/11\/ibones-de-vallibierna.jpg\" data-dt-img-description=\"\"><img loading=\"lazy\" decoding=\"async\" aria-describedby=\"caption-attachment-46006\" class=\"wp-image-46006 size-full\" src=\"https:\/\/www.monta\u00f1asdelaluna.es\/wp-content\/uploads\/2020\/11\/ibones-de-vallibierna.jpg\" alt=\"Ibones de Vallibierna\" width=\"1824\" height=\"1216\" srcset=\"https:\/\/www.monta\u00f1asdelaluna.es\/wp-content\/uploads\/2020\/11\/ibones-de-vallibierna.jpg 1824w, https:\/\/www.monta\u00f1asdelaluna.es\/wp-content\/uploads\/2020\/11\/ibones-de-vallibierna-300x200.jpg 300w, https:\/\/www.monta\u00f1asdelaluna.es\/wp-content\/uploads\/2020\/11\/ibones-de-vallibierna-1024x683.jpg 1024w\" sizes=\"auto, (max-width: 1824px) 100vw, 1824px\" \/><\/a><p id=\"caption-attachment-46006\" class=\"wp-caption-text\">Ibones de Vallibierna<\/p><\/div>\n<p>Desde este punto, el Coll o Collada de Vallibierna, a 2.732 mts., se vislumbra un precioso paisaje con monta\u00f1as y cimas que intentan salir del anonimato que nos dan los fondos de los valles bajo ellas. Por fin vemos mirando al noroeste la cima m\u00e1s alta de la cordillera: el Aneto. Muy rocoso y con un solo neverito bajo su base rocosa. Nos damos cuenta de la cresta que le baja hacia el sur y que seg\u00fan observamos nos la encontramos poco m\u00e1s a la izquierda del Monarca del Pirineo. Es la cresta de Llosas, con algunos encrespados y espectaculares picos que sobrepasan los tresmil metros. Uno en especial es un cilindro de paredes casi lisas en mitad de la cresta como circundado por dos brechas, una a cada lado y que lo unen con la misma: es la Aguja Tchihatcheff. Rodeada por otras agujas y gendarmes. Espectacular. Justo delante de esta aguja de m\u00e1s de tres mil metros, en l\u00ednea con la mirada, hay otro hueco en una cresta menos escarpada que queda delante de la de Llosas: es la Brecha de Soler i Coll. Por ah\u00ed tenemos que pasar para bajar al valle donde se ubican los ibones de Llosas. Bajo de \u00e9ste, los preciosos y famosos Ibones de Vallibierna.<\/p>\n<p>Ahora ya podemos bajar hasta las orillas del Ib\u00f3n de Vallibierna. Mientras bajamos intento mirar o descubrir alguna senda que a cierta altura, girando a la derecha, nos deje en la empinada subida a la Brecha de Soler i Coll, sin necesidad de pasar por las orillas del fabuloso laguito. No es as\u00ed. Al final tenemos que bajar hasta las mismas orillas y girar hacia el norte en busca de la ladera que nos sube a la nombrada brecha. Vuelvo a recordar que seguimos los mismos pasos descritos en el relato de la actividad y ascenso al <a href=\"https:\/\/www.monta\u00f1asdelaluna.es\/?p=19570\" target=\"_blank\" rel=\"noopener\">Russell<\/a>. En la ascensi\u00f3n al <a href=\"https:\/\/www.monta\u00f1asdelaluna.es\/?p=19570\" target=\"_blank\" rel=\"noopener\">Russell <\/a>nosotros montamos las tiendas aqu\u00ed, pero esta vez seguiremos el recorrido del relato como si fu\u00e9ramos a subir al Russell, pero solo hasta llegar a la Brecha de Soler i Coll\u2026 eso s\u00ed, con los mochilones y carga.<\/p>\n<p>Ya estamos en lo m\u00e1s alto de la Brecha de Soler i Coll. Que m\u00e1s que una \u201cbrecha\u201d tiene forma de colladito. Desde aqu\u00ed ya vemos perfectamente nuestro objetivo si fijamos la mirada hacia el norte: arriba de una ladera rocosa y empinada, aparece un piquito alto que no parece demasiado encrespado pero si muy rocoso, es el Tempestades. La altura de esta monta\u00f1a es notable, aunque queda bajo la sombra del alto Aneto que le queda a la izquierda. Y muy cercano, unido por una cresta, que desde esta distancia no se aprecia su dificultad y formas que la autentifiquen, a la derecha, queda otro piquito que parece solamente una roca m\u00e1s alta que el resto de la mencionada cresta; es el Margalida. Si seguimos la cadena de la cresta hacia el este y derecha, acabamos en el pico Russell, con esa forma rectangular como de meseta. Espectacular.<\/p>\n<div id=\"attachment_46010\" style=\"width: 1034px\" class=\"wp-caption aligncenter\"><a class=\"dt-single-image\" href=\"https:\/\/www.monta\u00f1asdelaluna.es\/wp-content\/uploads\/2020\/11\/delante-eva-subiendo-a-la-brecha-de-soler-i-coll-dejando-abajo-los-ibones-de-vallibierna.jpg\" data-dt-img-description=\"\"><img loading=\"lazy\" decoding=\"async\" aria-describedby=\"caption-attachment-46010\" class=\"wp-image-46010 size-large\" src=\"https:\/\/www.monta\u00f1asdelaluna.es\/wp-content\/uploads\/2020\/11\/delante-eva-subiendo-a-la-brecha-de-soler-i-coll-dejando-abajo-los-ibones-de-vallibierna-1024x683.jpg\" alt=\"Delante Eva subiendo a la Brecha de Soler i Coll dejando abajo los Ibones de Vallibierna\" width=\"1024\" height=\"683\" srcset=\"https:\/\/www.monta\u00f1asdelaluna.es\/wp-content\/uploads\/2020\/11\/delante-eva-subiendo-a-la-brecha-de-soler-i-coll-dejando-abajo-los-ibones-de-vallibierna-1024x683.jpg 1024w, https:\/\/www.monta\u00f1asdelaluna.es\/wp-content\/uploads\/2020\/11\/delante-eva-subiendo-a-la-brecha-de-soler-i-coll-dejando-abajo-los-ibones-de-vallibierna-300x200.jpg 300w, https:\/\/www.monta\u00f1asdelaluna.es\/wp-content\/uploads\/2020\/11\/delante-eva-subiendo-a-la-brecha-de-soler-i-coll-dejando-abajo-los-ibones-de-vallibierna.jpg 1824w\" sizes=\"auto, (max-width: 1024px) 100vw, 1024px\" \/><\/a><p id=\"caption-attachment-46010\" class=\"wp-caption-text\">Delante Eva subiendo a la Brecha de Soler i Coll dejando abajo los Ibones de Vallibierna<\/p><\/div>\n<div id=\"attachment_46013\" style=\"width: 1034px\" class=\"wp-caption aligncenter\"><a class=\"dt-single-image\" href=\"https:\/\/www.monta\u00f1asdelaluna.es\/wp-content\/uploads\/2020\/11\/abajo-el-ibon-pequeno-de-llosas-arriba-de-este-la-cresta-de-llosas-arriba-a-la-derecha-el-aneto-y-en-sombra-el-tempestades.jpg\" data-dt-img-description=\"\"><img loading=\"lazy\" decoding=\"async\" aria-describedby=\"caption-attachment-46013\" class=\"wp-image-46013 size-large\" src=\"https:\/\/www.monta\u00f1asdelaluna.es\/wp-content\/uploads\/2020\/11\/abajo-el-ibon-pequeno-de-llosas-arriba-de-este-la-cresta-de-llosas-arriba-a-la-derecha-el-aneto-y-en-sombra-el-tempestades-1024x683.jpg\" alt=\"Abajo el Ib\u00f3n Peque\u00f1o de Llosas, arriba de \u00e9ste la Cresta de Llosas, arriba a la derecha el Aneto y en sombra el Tempestades\" width=\"1024\" height=\"683\" srcset=\"https:\/\/www.monta\u00f1asdelaluna.es\/wp-content\/uploads\/2020\/11\/abajo-el-ibon-pequeno-de-llosas-arriba-de-este-la-cresta-de-llosas-arriba-a-la-derecha-el-aneto-y-en-sombra-el-tempestades-1024x683.jpg 1024w, https:\/\/www.monta\u00f1asdelaluna.es\/wp-content\/uploads\/2020\/11\/abajo-el-ibon-pequeno-de-llosas-arriba-de-este-la-cresta-de-llosas-arriba-a-la-derecha-el-aneto-y-en-sombra-el-tempestades-300x200.jpg 300w, https:\/\/www.monta\u00f1asdelaluna.es\/wp-content\/uploads\/2020\/11\/abajo-el-ibon-pequeno-de-llosas-arriba-de-este-la-cresta-de-llosas-arriba-a-la-derecha-el-aneto-y-en-sombra-el-tempestades.jpg 1824w\" sizes=\"auto, (max-width: 1024px) 100vw, 1024px\" \/><\/a><p id=\"caption-attachment-46013\" class=\"wp-caption-text\">Abajo el Ib\u00f3n Peque\u00f1o de Llosas, arriba de \u00e9ste la Cresta de Llosas, arriba a la derecha el Aneto y en sombra el Tempestades<\/p><\/div>\n<p>Si miramos hacia abajo, hacia el valle que comienza a abrirse o a hundirse bajo las laderas de estas monta\u00f1as, descubrimos una lagunita casi al final del mismo; justo detr\u00e1s esta la ladera y cresta de Llosas, con las agujas y picos como la mencionada Aguja Tchihatcheff que desde aqu\u00ed se ve m\u00e1s escarpada e inexpugnable si cabe. Preciosa. Nos llama bastante la atenci\u00f3n. Ahora debemos bajar pocos metros valle abajo hacia el norte, noroeste, y buscar un sitio para pasar la noche antes o como mucho en las orillas de la lagunita que vemos abajo, ya que por ah\u00ed pasa el recorrido que sube a las cimas del Tempestades y Margalida.<\/p>\n<p>El d\u00eda sigue siendo muy bueno. Las vistas y meteorolog\u00eda inmejorable. Mirando hacia el valle descubro unos hitos, y supongo que es el recorrido de bajada de la brecha hasta el laguito. El laguito es el Ib\u00f3n Peque\u00f1o de Llosas. Al principio gira hacia la derecha y abajo por debajo de unas peque\u00f1as paredes, despu\u00e9s por una pendiente llena de rocas algo empinada, y poco m\u00e1s abajo por el centro del valle dejando a la izquierda el hueco del cauce de un riachuelo que nace por aqu\u00ed arriba y alimenta el Ib\u00f3n Peque\u00f1o de Llosas. Intentamos seguir los hitos, pero si los perdemos tampoco pasa nada, ya que seguimos valle abajo por campos de hierba con rocas esparcidas por el valle. Alrededor laderas rocosas, lisas, sin prados ni hierba, se verticalizan entre la misma roca madre y otras gigantescas rocas sueltas\u2026 como el recorrido cuando seguimos en busca del <a href=\"https:\/\/www.monta\u00f1asdelaluna.es\/?p=19570\" target=\"_blank\" rel=\"noopener\">Russell<\/a>.<\/p>\n<div id=\"attachment_46018\" style=\"width: 1034px\" class=\"wp-caption aligncenter\"><a class=\"dt-single-image\" href=\"https:\/\/www.monta\u00f1asdelaluna.es\/wp-content\/uploads\/2020\/11\/aguja-tchihatcheff.jpg\" data-dt-img-description=\"\"><img loading=\"lazy\" decoding=\"async\" aria-describedby=\"caption-attachment-46018\" class=\"wp-image-46018 size-large\" src=\"https:\/\/www.monta\u00f1asdelaluna.es\/wp-content\/uploads\/2020\/11\/aguja-tchihatcheff-1024x683.jpg\" alt=\"Aguja Tchihatcheff\" width=\"1024\" height=\"683\" srcset=\"https:\/\/www.monta\u00f1asdelaluna.es\/wp-content\/uploads\/2020\/11\/aguja-tchihatcheff-1024x683.jpg 1024w, https:\/\/www.monta\u00f1asdelaluna.es\/wp-content\/uploads\/2020\/11\/aguja-tchihatcheff-300x200.jpg 300w, https:\/\/www.monta\u00f1asdelaluna.es\/wp-content\/uploads\/2020\/11\/aguja-tchihatcheff.jpg 1824w\" sizes=\"auto, (max-width: 1024px) 100vw, 1024px\" \/><\/a><p id=\"caption-attachment-46018\" class=\"wp-caption-text\">Aguja Tchihatcheff<\/p><\/div>\n<p>Nos paramos en un punto justo antes de bajar o acercarnos al Ib\u00f3n Peque\u00f1o de Llosas, vemos ya la senda que sube en direcci\u00f3n o en busca del Tempestades, y un grupo que baja ya por ella. Hay gente por todos lados, monta\u00f1eros que sube o bajan del Russell o de las monta\u00f1as cercanas. Mucha gente para pensar que estamos en un sitio que no es tan visitado como los de siempre o los m\u00e1s cercanos a los puntos donde se puede dejar el coche. Curioso. Entre el grupo que baja reconozco la voz de Flora. Baja con el numeroso grupo que ha subido al Tempestades. Son el Grupo Excursionista d\u2019Horta de Barcelona. Nos acercamos a la senda para saludarles y hablar con ellos. Flora baja muy cansada, ya hac\u00eda mucho tiempo que no sal\u00eda a la monta\u00f1a.<\/p>\n<p>Antes de plantar la tienda o acomodarnos en el sitio para pasar la noche, vemos a otro grupo que baja en direcci\u00f3n al centro del valle poco m\u00e1s arriba de donde estamos nosotros. Al poco tiempo bajan en busca de la senda de bajada a Llosas y nos indican un sitio donde podemos pasar la noche, un vivac (cueva entre grandes rocas sueltas), donde seguramente hab\u00edan pasado ellos la noche o hab\u00eda dejado su material para hacer la actividad de alta monta\u00f1a. Seguimos sus indicaciones y llegamos a un sitio mucho m\u00e1s horizontal, llano, herboso, pero con grandes rocas esparcidas por el lugar. Dos o tres de ellas forman una cuevecilla que junto con la colocaci\u00f3n artificial de unas piedras, tapando los pocos agujeros, menos el de la entrada, hacen el vivac. Es el lugar ideal para pasar la noche y montar el campamento. La \u201ccuevecilla\u201d es perfecta para dos y algo ajustada para tres, con lo que para Paco y para m\u00ed, que haremos el vivac, nos ir\u00e1 perfecto. Eva y Josetxu plantan la tienda cerca, resguardada junto a una gran roca en un suelo mullido, adecuado y horizontal\u2026 ciertamente el sitio es id\u00f3neo e id\u00edlico para pasar la noche compar\u00e1ndolo con los alrededores de esta zona de estas monta\u00f1as\u2026 quiz\u00e1s menos en las mismas orillas del Ib\u00f3n Peque\u00f1o de Llosas, donde observamos desde la distancia que una pareja de monta\u00f1eros han montado la tienda y alguno se est\u00e1 ba\u00f1ando en el laguito\u2026 y su compa\u00f1ero le hace fotos\u2026 le hace fotos mientras se ba\u00f1a y posa\u2026 \u00a1Qu\u00e9 cosas!&#8230; tambi\u00e9n hab\u00edamos visto como otro monta\u00f1ero se met\u00eda en el Ib\u00f3n de Vallibierna\u2026 \u00a1Hay mucha actividad en la monta\u00f1a este fin de semana!<\/p>\n<div id=\"attachment_46017\" style=\"width: 1034px\" class=\"wp-caption aligncenter\"><a class=\"dt-single-image\" href=\"https:\/\/www.monta\u00f1asdelaluna.es\/wp-content\/uploads\/2020\/11\/cerca-del-ibon-pequeno-de-llosas-con-la-cresta-de-llosas-arriba.jpg\" data-dt-img-description=\"\"><img loading=\"lazy\" decoding=\"async\" aria-describedby=\"caption-attachment-46017\" class=\"wp-image-46017 size-large\" src=\"https:\/\/www.monta\u00f1asdelaluna.es\/wp-content\/uploads\/2020\/11\/cerca-del-ibon-pequeno-de-llosas-con-la-cresta-de-llosas-arriba-1024x683.jpg\" alt=\"Cerca del Ib\u00f3n Peque\u00f1o de Llosas con la Cresta de Llosas arriba\" width=\"1024\" height=\"683\" srcset=\"https:\/\/www.monta\u00f1asdelaluna.es\/wp-content\/uploads\/2020\/11\/cerca-del-ibon-pequeno-de-llosas-con-la-cresta-de-llosas-arriba-1024x683.jpg 1024w, https:\/\/www.monta\u00f1asdelaluna.es\/wp-content\/uploads\/2020\/11\/cerca-del-ibon-pequeno-de-llosas-con-la-cresta-de-llosas-arriba-300x200.jpg 300w, https:\/\/www.monta\u00f1asdelaluna.es\/wp-content\/uploads\/2020\/11\/cerca-del-ibon-pequeno-de-llosas-con-la-cresta-de-llosas-arriba.jpg 1824w\" sizes=\"auto, (max-width: 1024px) 100vw, 1024px\" \/><\/a><p id=\"caption-attachment-46017\" class=\"wp-caption-text\">Cerca del Ib\u00f3n Peque\u00f1o de Llosas con la Cresta de Llosas arriba<\/p><\/div>\n<div id=\"attachment_46027\" style=\"width: 1034px\" class=\"wp-caption aligncenter\"><a class=\"dt-single-image\" href=\"https:\/\/www.monta\u00f1asdelaluna.es\/wp-content\/uploads\/2020\/11\/josetxu-eva-y-paco-en-el-vivac-arriba-del-ibon-pequeno-de-llosas-2-570-mts.jpg\" data-dt-img-description=\"\"><img loading=\"lazy\" decoding=\"async\" aria-describedby=\"caption-attachment-46027\" class=\"wp-image-46027 size-large\" src=\"https:\/\/www.monta\u00f1asdelaluna.es\/wp-content\/uploads\/2020\/11\/josetxu-eva-y-paco-en-el-vivac-arriba-del-ibon-pequeno-de-llosas-2-570-mts-1024x683.jpg\" alt=\"Josetxu, Eva y Paco en el vivac arriba del Ib\u00f3n Peque\u00f1o de Llosas, 2.570 mts.\" width=\"1024\" height=\"683\" srcset=\"https:\/\/www.monta\u00f1asdelaluna.es\/wp-content\/uploads\/2020\/11\/josetxu-eva-y-paco-en-el-vivac-arriba-del-ibon-pequeno-de-llosas-2-570-mts-1024x683.jpg 1024w, https:\/\/www.monta\u00f1asdelaluna.es\/wp-content\/uploads\/2020\/11\/josetxu-eva-y-paco-en-el-vivac-arriba-del-ibon-pequeno-de-llosas-2-570-mts-300x200.jpg 300w, https:\/\/www.monta\u00f1asdelaluna.es\/wp-content\/uploads\/2020\/11\/josetxu-eva-y-paco-en-el-vivac-arriba-del-ibon-pequeno-de-llosas-2-570-mts.jpg 1824w\" sizes=\"auto, (max-width: 1024px) 100vw, 1024px\" \/><\/a><p id=\"caption-attachment-46027\" class=\"wp-caption-text\">Josetxu, Eva y Paco en el vivac arriba del Ib\u00f3n Peque\u00f1o de Llosas, 2.570 mts.<\/p><\/div>\n<p>En un momento o\u00edmos un grito que viene de la Brecha de Soler i Coll. Giramos las cabezas y vemos una figura que comienza a bajar por el mismo camino que cogimos nosotros. Lo reconocemos. Es Paco. Alzamos los brazos haciendo se\u00f1ales. Antes de salir le d\u00ed instrucciones a Paco de m\u00e1s o menos donde estar\u00edamos o pasar\u00edamos la noche; Eva y Josetxu en su tienda, y Paco y yo en vivac. Poco a poco baja por el vallecillo acerc\u00e1ndose a nuestra posici\u00f3n. Y al poco tiempo nos reunimos todos\u2026 mis instrucciones geogr\u00e1ficas han sido muy bien entendibles por Paco. Hemos tardado unas cuatro horas en llegar al sitio; Paco ha tardado algo menos, no ha parado, est\u00e1 en forma.[vc_separator][\/vc_column_text][\/vc_column][\/vc_row][vc_row][vc_column][vc_empty_space][\/vc_column][\/vc_row][vc_row][vc_column][vc_video link=\u00bbhttps:\/\/vimeo.com\/477054506&#8243; title=\u00bbVivac arriba del Ib\u00f3n Peque\u00f1o de Llosas\u00bb][\/vc_column][\/vc_row][vc_row][vc_column][vc_empty_space][\/vc_column][\/vc_row][vc_row][vc_column][vc_column_text]Una peque\u00f1a comadreja o hur\u00f3n merodea el lugar, mientras encendemos los hornillitos para hacernos la cena. Aunque para recoger agua tenemos que ir al primer sitio donde quer\u00edamos pasar la noche, ya que el agua del vivac es escasa y casi estancada, all\u00e1 hab\u00edan regatas con agua que corr\u00eda. Despu\u00e9s de cenar ya solo queda hacer fotos al atardecer despu\u00e9s de que el sol se pusiera por detr\u00e1s la cresta de Llosas con aquella escarpada y desafiante aguja de nombre extranjero e impronunciable. Al final s\u00ed que han aparecido algunas nubes en el cielo para hacer bonito, para pintar el atardecer con decenas de colores pastel; pero no llegar\u00e1n a m\u00e1s. La noche ser\u00e1 rasa y muy estrellada, aunque desde el interior del vivac no podr\u00e9 observar el cielo estrellado, como lo hice la noche anterior en el h\u00famedo y fr\u00edo Estany de Llauset, donde algunas fugaces aparecieron para darme las buenas noches.<\/p>\n<p>Al otro d\u00eda, despu\u00e9s de despertarnos, desayunar, equiparnos y guardar, esconder, el material que no necesit\u00e1bamos para las ascensiones, y que recoger\u00edamos a la vuelta, salimos a eso de las ocho de la ma\u00f1ana, ya con algo de luz para ver por donde pod\u00edamos pisar. El d\u00eda despierta perfecto, casi templado, poco fr\u00edo para la \u00e9poca, lugar y altura, otro inmejorable en el Pirineo. No he pasado tanto frio esta noche como en la pasada, mis esperanzas me han dado la raz\u00f3n, pero creo que no volver\u00e9 a coger este saco a estas actividades m\u00e1s.<\/p>\n<div id=\"attachment_46031\" style=\"width: 1034px\" class=\"wp-caption aligncenter\"><a class=\"dt-single-image\" href=\"https:\/\/www.monta\u00f1asdelaluna.es\/wp-content\/uploads\/2020\/11\/de-derecha-a-izquierda-eva-josetxu-y-paco-subiendo-al-tempestades-con-el-pico-de-vallibierna-detras-tocandole-el-sol.jpg\" data-dt-img-description=\"\"><img loading=\"lazy\" decoding=\"async\" aria-describedby=\"caption-attachment-46031\" class=\"wp-image-46031 size-large\" src=\"https:\/\/www.monta\u00f1asdelaluna.es\/wp-content\/uploads\/2020\/11\/de-derecha-a-izquierda-eva-josetxu-y-paco-subiendo-al-tempestades-con-el-pico-de-vallibierna-detras-tocandole-el-sol-1024x683.jpg\" alt=\"De derecha a izquierda: Eva, Josetxu y Paco subiendo al Tempestades con el Pico de Vallibierna detr\u00e1s toc\u00e1ndole el sol\" width=\"1024\" height=\"683\" srcset=\"https:\/\/www.monta\u00f1asdelaluna.es\/wp-content\/uploads\/2020\/11\/de-derecha-a-izquierda-eva-josetxu-y-paco-subiendo-al-tempestades-con-el-pico-de-vallibierna-detras-tocandole-el-sol-1024x683.jpg 1024w, https:\/\/www.monta\u00f1asdelaluna.es\/wp-content\/uploads\/2020\/11\/de-derecha-a-izquierda-eva-josetxu-y-paco-subiendo-al-tempestades-con-el-pico-de-vallibierna-detras-tocandole-el-sol-300x200.jpg 300w, https:\/\/www.monta\u00f1asdelaluna.es\/wp-content\/uploads\/2020\/11\/de-derecha-a-izquierda-eva-josetxu-y-paco-subiendo-al-tempestades-con-el-pico-de-vallibierna-detras-tocandole-el-sol.jpg 1824w\" sizes=\"auto, (max-width: 1024px) 100vw, 1024px\" \/><\/a><p id=\"caption-attachment-46031\" class=\"wp-caption-text\">De derecha a izquierda: Eva, Josetxu y Paco subiendo al Tempestades con el Pico de Vallibierna detr\u00e1s toc\u00e1ndole el sol<\/p><\/div>\n<div id=\"attachment_46032\" style=\"width: 1034px\" class=\"wp-caption aligncenter\"><a class=\"dt-single-image\" href=\"https:\/\/www.monta\u00f1asdelaluna.es\/wp-content\/uploads\/2020\/11\/tempestades.jpg\" data-dt-img-description=\"\"><img loading=\"lazy\" decoding=\"async\" aria-describedby=\"caption-attachment-46032\" class=\"wp-image-46032 size-large\" src=\"https:\/\/www.monta\u00f1asdelaluna.es\/wp-content\/uploads\/2020\/11\/tempestades-1024x683.jpg\" alt=\"Tempestades\" width=\"1024\" height=\"683\" srcset=\"https:\/\/www.monta\u00f1asdelaluna.es\/wp-content\/uploads\/2020\/11\/tempestades-1024x683.jpg 1024w, https:\/\/www.monta\u00f1asdelaluna.es\/wp-content\/uploads\/2020\/11\/tempestades-300x200.jpg 300w, https:\/\/www.monta\u00f1asdelaluna.es\/wp-content\/uploads\/2020\/11\/tempestades.jpg 1824w\" sizes=\"auto, (max-width: 1024px) 100vw, 1024px\" \/><\/a><p id=\"caption-attachment-46032\" class=\"wp-caption-text\">Tempestades<\/p><\/div>\n<p>Salimos en busca de la senda que baja del Tempestades, la que vimos ayer que bajaba el Grupo Excursionista d\u2019Horta con la Flora, para ello deshacemos un poco el recorrido valle abajo a media altura como buscando las regatas de agua donde nos paramos la primera vez pensando en vivaquear all\u00ed, buscando la senda que gira hacia la derecha y arriba en zigzag para salvar una primera casi barrera rocosa\/ladera vertical escarpada, ya que la roca madre convive con espacios de hierba casi verticales, por ello la senda aqu\u00ed hace unos zigzags siguiendo los hitos muy bien puestos\u2026 aunque la huella o marca de la misma senda tambi\u00e9n se reconoce.<\/p>\n<p>A nuestra espalda hemos dejado el hueco del Ib\u00f3n Peque\u00f1o de Llosas, que una vez pasada esta primera barrera vertical del terreno, desaparece a nuestra vista oculta por la ondulaci\u00f3n de la misma; y delante ya tenemos la destrozada y ca\u00f3tica ancha, espaciosa y empinada ladera rocosa que desde la base del Russell hacia el este y derecha, se extiende hasta la cresta o espol\u00f3n que baja del mismo Tempestades hacia el sur, hasta las profundidades de las cercan\u00edas del valle de Llosas, a la izquierda y oeste. Una ancha ladera llena de gigantescas rocas, roca madre que sobresale o se oculta, con balcones, paretillas, rocas lisas, rocas con escondidos pasillos\u2026 todo un laberinto. Por suerte hay unos hitos que seguimos, de hito en hito, ya que despu\u00e9s de que se acaba la traza de la senda en la tierra herbosa, por la roca no se ve marca por las pisadas a menos que sigamos los hitos.<\/p>\n<div id=\"attachment_46034\" style=\"width: 1834px\" class=\"wp-caption aligncenter\"><a class=\"dt-single-image\" href=\"https:\/\/www.monta\u00f1asdelaluna.es\/wp-content\/uploads\/2020\/11\/IMG_2265.jpg\" data-dt-img-description=\"\"><img loading=\"lazy\" decoding=\"async\" aria-describedby=\"caption-attachment-46034\" class=\"wp-image-46034 size-full\" src=\"https:\/\/www.monta\u00f1asdelaluna.es\/wp-content\/uploads\/2020\/11\/IMG_2265.jpg\" alt=\"Pico de Vallibierna\" width=\"1824\" height=\"1216\" srcset=\"https:\/\/www.monta\u00f1asdelaluna.es\/wp-content\/uploads\/2020\/11\/IMG_2265.jpg 1824w, https:\/\/www.monta\u00f1asdelaluna.es\/wp-content\/uploads\/2020\/11\/IMG_2265-300x200.jpg 300w, https:\/\/www.monta\u00f1asdelaluna.es\/wp-content\/uploads\/2020\/11\/IMG_2265-1024x683.jpg 1024w\" sizes=\"auto, (max-width: 1824px) 100vw, 1824px\" \/><\/a><p id=\"caption-attachment-46034\" class=\"wp-caption-text\">Pico de Vallibierna<\/p><\/div>\n<p>Por suerte los hitos nos gu\u00edan perfectamente, sin p\u00e9rdida, aunque curiosamente a la bajada nos llevar\u00edan un poco m\u00e1s perdidos. M\u00e1s arriba encuentras un cruce visible de hitos, tengo que suponer que si seguimos a la derecha vamos en direcci\u00f3n al Russell, con lo que seguimos por la izquierda o recto hacia arriba. Detr\u00e1s de nosotros el sol poco a poco va iluminando la cima de la alargada cima del Pico de Vallibierna. Ese tresmil solitario, incre\u00edble mirador al resto de tresmiles del macizo de los Montes Malditos. Delante aparece la Brecha de Soler i Coll, que queda como a la izquierda y tiene forma de collado desde aqu\u00ed y muchos otros puntos. Y justo mirando hacia arriba, hacia las cimas y cumbres a las que nos dirigimos, el sol tambi\u00e9n comienza a iluminar la peque\u00f1a pir\u00e1mide del Tempestades. Se ve empinada, escarpada, muy rocosa, pero con no demasiada dificultad. Desde esta perspectiva no se distingue la altura o el desnivel, ya que estamos metidos en ese desnivel, en esa ladera inclinada, empinada, rocosa, ca\u00f3tica de grandes rocas sueltas y grandes piedras, pero con espacios de roca lisa casi horizontal. El Margalida muy cerca del Tempestades casi no se distingue entre las puntas de sierra de la cresta que los une; pero girando la mirada hacia el este y derecha, si distinguimos la meseta del Russell descubriendo aquella canal por la que se sube a su cima, casi escondida, casi invisible entre tanta roca, entre tanto color marr\u00f3n y gris.<\/p>\n<p>Voy abriendo la ruta yo mismo mientras me acerco a la pir\u00e1mide rocosa del Tempestades. Intento seguir hitos, senderillos, pisadas de otros monta\u00f1eros que han subido a la cima. Una peque\u00f1a canal. Un giro hacia la derecha, y casi desde la parte alta de la cresta este del Tempestades, volvemos a girar a la izquierda para llegar a su cima, entre trepadas por las ca\u00f3ticas rocas, justo ahora en esta \u00faltima parte m\u00e1s empinada, m\u00e1s vertical, para llegar al punto m\u00e1s alto de la cima del Tempestades.<\/p>\n<div id=\"attachment_46040\" style=\"width: 1834px\" class=\"wp-caption aligncenter\"><a class=\"dt-single-image\" href=\"https:\/\/www.monta\u00f1asdelaluna.es\/wp-content\/uploads\/2020\/11\/josetxu-llegando-a-la-cima-del-tempestades-3-278-mts-detras-a-la-izquierda-el-margalida-con-las-agujas-de-salenques-y-en-el-centro-el-russell.jpg\" data-dt-img-description=\"\"><img loading=\"lazy\" decoding=\"async\" aria-describedby=\"caption-attachment-46040\" class=\"wp-image-46040 size-full\" src=\"https:\/\/www.monta\u00f1asdelaluna.es\/wp-content\/uploads\/2020\/11\/josetxu-llegando-a-la-cima-del-tempestades-3-278-mts-detras-a-la-izquierda-el-margalida-con-las-agujas-de-salenques-y-en-el-centro-el-russell.jpg\" alt=\"Josetxu llegando a la cima del Tempestades, 3.278 mts., detr\u00e1s a la izquierda el Margalida con las Agujas de Salenques y en el centro el Russell\" width=\"1824\" height=\"1216\" srcset=\"https:\/\/www.monta\u00f1asdelaluna.es\/wp-content\/uploads\/2020\/11\/josetxu-llegando-a-la-cima-del-tempestades-3-278-mts-detras-a-la-izquierda-el-margalida-con-las-agujas-de-salenques-y-en-el-centro-el-russell.jpg 1824w, https:\/\/www.monta\u00f1asdelaluna.es\/wp-content\/uploads\/2020\/11\/josetxu-llegando-a-la-cima-del-tempestades-3-278-mts-detras-a-la-izquierda-el-margalida-con-las-agujas-de-salenques-y-en-el-centro-el-russell-300x200.jpg 300w, https:\/\/www.monta\u00f1asdelaluna.es\/wp-content\/uploads\/2020\/11\/josetxu-llegando-a-la-cima-del-tempestades-3-278-mts-detras-a-la-izquierda-el-margalida-con-las-agujas-de-salenques-y-en-el-centro-el-russell-1024x683.jpg 1024w\" sizes=\"auto, (max-width: 1824px) 100vw, 1824px\" \/><\/a><p id=\"caption-attachment-46040\" class=\"wp-caption-text\">Josetxu llegando a la cima del Tempestades, 3.278 mts., detr\u00e1s a la izquierda el Margalida con las Agujas de Salenques y en el centro el Russell<\/p><\/div>\n<div id=\"attachment_46043\" style=\"width: 1034px\" class=\"wp-caption aligncenter\"><a class=\"dt-single-image\" href=\"https:\/\/www.monta\u00f1asdelaluna.es\/wp-content\/uploads\/2020\/11\/IMG_2280.jpg\" data-dt-img-description=\"\"><img loading=\"lazy\" decoding=\"async\" aria-describedby=\"caption-attachment-46043\" class=\"wp-image-46043 size-large\" src=\"https:\/\/www.monta\u00f1asdelaluna.es\/wp-content\/uploads\/2020\/11\/IMG_2280-1024x683.jpg\" alt=\"De izquierda a derecha: Josetxu, Eva y Paco en la cima del Tempestades, 3.278 mts., detr\u00e1s el Aneto y su Espalda delante a su derecha\" width=\"1024\" height=\"683\" srcset=\"https:\/\/www.monta\u00f1asdelaluna.es\/wp-content\/uploads\/2020\/11\/IMG_2280-1024x683.jpg 1024w, https:\/\/www.monta\u00f1asdelaluna.es\/wp-content\/uploads\/2020\/11\/IMG_2280-300x200.jpg 300w, https:\/\/www.monta\u00f1asdelaluna.es\/wp-content\/uploads\/2020\/11\/IMG_2280.jpg 1824w\" sizes=\"auto, (max-width: 1024px) 100vw, 1024px\" \/><\/a><p id=\"caption-attachment-46043\" class=\"wp-caption-text\">De izquierda a derecha: Josetxu, Eva y Paco en la cima del Tempestades, 3.278 mts., detr\u00e1s el Aneto y su Espalda delante a su derecha<\/p><\/div>\n<p>Hemos tardado unas dos horas para hacer un desnivel de unos 700 metros desde el vivac donde hemos pasado la noche, a unos 2.570 metros, hasta la cima el Tempestades a 3.278 mts. El d\u00eda sigue siendo incre\u00edble de bueno, de soleado, pero hace algo de fr\u00edo aqu\u00ed arriba, el viento es fresquito. Nos abrigamos y hacemos fotos de cima, de grupo. Estamos en la cima del Tempestades. Las vistas son tambi\u00e9n incre\u00edbles, tremendas: justo hacia el oeste, siguiendo esta cresta, columna vertebral de los Montes Malditos, tenemos el gigante Aneto, con la espectacular Brecha de Tempestades y la cima adyacente de la Espalda de Aneto, en l\u00ednea hacia la cima del Monarca del Pirineo\u2026 curiosamente a pesar de haber menos de 150 metros de desnivel entre la cima en la que estamos y el alto Aneto, la visi\u00f3n sobre esta monta\u00f1a es magn\u00edfica y soberbia, con una notable diferencia de altitud y envergadura, una enorme monta\u00f1a, una meseta puntiaguda muy rocosa con decenas de canales, de ara\u00f1azos en la vertical pared rocosa, por un lado y otro, dando un aspecto soberbio, magn\u00edfico, solemne, casi gigante. Espectacular. Pero las vistas hacia el lado contrario, hacia el este, me sorprende, y casi que me asusta: abajo tenemos la temerosa y temeraria cresta que une el Tempestades con el Margalida, y desde la roca que hace de cima del Margalida hacia el norte, izquierda mirando desde el Tempestades, el seguimiento de la cresta que se convertir\u00e1 en la Cresta de Salenques, con un espectacular corte, muro vertical m\u00e1s a la izquierda, haciendo totalmente vertical la ca\u00edda, haciendo de la Cresta de Salenques un verdadero desaf\u00edo emocionante y bastante t\u00e9cnico. M\u00e1s lejos siguiendo la misma cresta, el final de la columna vertebral de los Montes Malditos, queda el pico Russell, que curiosamente es puntiagudo desde estas vistas, la meseta rectangular nombrada aparece culminada en una punta peque\u00f1a pero roma. Curioso y espectacular. Pero en general la espectacularidad de las vistas de la alta monta\u00f1a pirenaica en estas monta\u00f1as de los Montes Malditos es formidable y admirable. Inigualable.[\/vc_column_text][\/vc_column][\/vc_row][vc_row][vc_column][vc_empty_space][\/vc_column][\/vc_row][vc_row][vc_column][vc_video link=\u00bbhttps:\/\/vimeo.com\/477056882&#8243; title=\u00bbCima del Tempestades, 3.278 mts.\u00bb][\/vc_column][\/vc_row][vc_row][vc_column][vc_empty_space][\/vc_column][\/vc_row][vc_row][vc_column][vc_column_text]No estamos mucho m\u00e1s tiempo en la cima del ansiado Tempestades, ya que debemos de salvar una cresta que ninguno hemos hecho para subir el Margalida\u2026 y desde aqu\u00ed se ve bastante \u201centretenida\u201d \u2026 al menos para aquellos que la hacen por primera vez. Con lo que intentamos deshacer un poco la subida al Tempestades, hasta llegar a un punto en que, las inclinaciones de la roca sean las apropiadas para acercarnos en diagonal hasta el comienzo de la cresta. Deshacemos parte de la cresta este del Tempestades, giramos algo a la derecha ya que \u00e9sta se pone escarpada llegados a un punto, y poco m\u00e1s abajo por un terreno rocoso m\u00e1s asequible, giramos a la izquierda y arriba para subirnos al comienzo de la cresta hacia el Margalida en una especie de balc\u00f3n o falso collado cuando la cresta deja de bajar y ya se horizontaliza. A partir de aqu\u00ed nos subimos a la cresta y la seguimos por su parte m\u00e1s alta en direcci\u00f3n este, en direcci\u00f3n a la alta roca al final de la misma que es el pico Margalida. La cresta est\u00e1 a una altura de alrededor de 3.200 metros. Aqu\u00ed la verdad es que no seguimos muchos hitos, salvo el comienzo de la bajada del Tempestades, m\u00e1s seguimos nuestro instinto monta\u00f1ero para hacer el recorrido m\u00e1s apropiado para subirnos, cabalgarnos, en la cresta en direcci\u00f3n al Margalida.<\/p>\n<div id=\"attachment_46048\" style=\"width: 1834px\" class=\"wp-caption aligncenter\"><a class=\"dt-single-image\" href=\"https:\/\/www.monta\u00f1asdelaluna.es\/wp-content\/uploads\/2020\/11\/bajando-del-tempestades-delante-la-cresta-que-une-el-tempestades-con-el-margalida-dicho-pico-en-el-centro-izquierda-a-su-izquierda-las-agujas-y-cresta-de-salenques-en-el-centro-derecha-el-pico-de.jpg\" data-dt-img-description=\"\"><img loading=\"lazy\" decoding=\"async\" aria-describedby=\"caption-attachment-46048\" class=\"wp-image-46048 size-full\" src=\"https:\/\/www.monta\u00f1asdelaluna.es\/wp-content\/uploads\/2020\/11\/bajando-del-tempestades-delante-la-cresta-que-une-el-tempestades-con-el-margalida-dicho-pico-en-el-centro-izquierda-a-su-izquierda-las-agujas-y-cresta-de-salenques-en-el-centro-derecha-el-pico-de.jpg\" alt=\"Bajando del Tempestades, delante la cresta que une el Tempestades con el Margalida, dicho pico en el centro izquierda; a su izquierda las Agujas y Cresta de Salenques, en el centro derecha el Pico de La Brecha delante del Russell, m\u00e1s puntiagudo\" width=\"1824\" height=\"1216\" srcset=\"https:\/\/www.monta\u00f1asdelaluna.es\/wp-content\/uploads\/2020\/11\/bajando-del-tempestades-delante-la-cresta-que-une-el-tempestades-con-el-margalida-dicho-pico-en-el-centro-izquierda-a-su-izquierda-las-agujas-y-cresta-de-salenques-en-el-centro-derecha-el-pico-de.jpg 1824w, https:\/\/www.monta\u00f1asdelaluna.es\/wp-content\/uploads\/2020\/11\/bajando-del-tempestades-delante-la-cresta-que-une-el-tempestades-con-el-margalida-dicho-pico-en-el-centro-izquierda-a-su-izquierda-las-agujas-y-cresta-de-salenques-en-el-centro-derecha-el-pico-de-300x200.jpg 300w, https:\/\/www.monta\u00f1asdelaluna.es\/wp-content\/uploads\/2020\/11\/bajando-del-tempestades-delante-la-cresta-que-une-el-tempestades-con-el-margalida-dicho-pico-en-el-centro-izquierda-a-su-izquierda-las-agujas-y-cresta-de-salenques-en-el-centro-derecha-el-pico-de-1024x683.jpg 1024w\" sizes=\"auto, (max-width: 1824px) 100vw, 1824px\" \/><\/a><p id=\"caption-attachment-46048\" class=\"wp-caption-text\">Bajando del Tempestades, delante la cresta que une el Tempestades con el Margalida, dicho pico en el centro izquierda; a su izquierda las Agujas y Cresta de Salenques, en el centro derecha el Pico de La Brecha delante del Russell, m\u00e1s puntiagudo<\/p><\/div>\n<p>Sigo yendo yo el primero en la conquista y avance de la cresta, y este comienzo del recorrido por la misma. Al principio no tiene ninguna dificultad y es f\u00e1cilmente entretenida, pero llego a una alta roca que sobresale en altura del resto, y que se caracteriza por tener una brecha, una hendidura, justo en su centro, vertical y casi desplomada, con pocos agarres. Justo al comienzo de la cresta hemos visto como aparec\u00eda gente, monta\u00f1eros, en la cresta de Salenques justo en su parte m\u00e1s alta, entre las Agujas de Salenques. Recordad que es la cresta que sale de la cima del Margalida hacia el norte. El Margalida hace como el centro de una cruz, pero sin el brazo que baja hacia el sur. Espectacular. Les hago fotos. Pues esta gente, al cabo de un tiempo cuando yo me he quedado atascado en este punto de la roca alta, lisa, casi desplomada, con la brecha en su centro, aparecen desde arriba \u201ccomo aquel que te quiere dar un susto y est\u00e1 escondido detr\u00e1s de una pared\u201d y bajan f\u00e1cilmente por la parte que estoy yo, apart\u00e1ndome un poco\u2026 es un pareja con cuerdas y material de escalada, han hecho la Cresta de Salenques y ahora van en direcci\u00f3n al Aneto por toda la cresta, columna vertebral del macizo. Justo detr\u00e1s de esta pareja, un trio de vascos igual, equipados y en direcci\u00f3n al Aneto\u2026 ser\u00e1n los primeros grupos de varios con los que nos cruzaremos que han hecho la Cresta de Salenques y se dirigen al Aneto \u00a1Espectacular!<\/p>\n<p>Al final de una manera o de otra, llegamos a salvar este punto que yo califico entre III+\u00ba o IV\u00ba de dificultad, por la t\u00e9cnica para poder superarlo y por su ubicaci\u00f3n en una cresta que comienza a ser a\u00e9rea. A partir de aqu\u00ed, nos seguimos cruzando con otros grupos y la dificultad de la cresta, haci\u00e9ndola por su parte m\u00e1s alta, seguir\u00e1 con puntos de III\u00ba, algunos a\u00e9reos y casi para pens\u00e1rselo si no tienes costumbre de caminar, de progresar por cresta. Tardamos m\u00e1s tiempo de lo esperado. La cresta es entretenida y hay que llevar mucho cuidado, ya que tambi\u00e9n es a\u00e9rea. No es solo uno o dos pasos, hay varios pasos de II+\u00ba o III\u00ba en los que hay que llevar mucho cuidado y prestar atenci\u00f3n\u2026 pero al final se hace emocionante y excitante\u2026 la adrenalina fluye por las venas como una droga que nos activa y envenena a la vez.<\/p>\n<div id=\"attachment_46051\" style=\"width: 1034px\" class=\"wp-caption aligncenter\"><a class=\"dt-single-image\" href=\"https:\/\/www.monta\u00f1asdelaluna.es\/wp-content\/uploads\/2020\/11\/escaladores-entre-las-agujas-de-salenques.jpg\" data-dt-img-description=\"\"><img loading=\"lazy\" decoding=\"async\" aria-describedby=\"caption-attachment-46051\" class=\"wp-image-46051 size-large\" src=\"https:\/\/www.monta\u00f1asdelaluna.es\/wp-content\/uploads\/2020\/11\/escaladores-entre-las-agujas-de-salenques-1024x683.jpg\" alt=\"Escaladores entre las Agujas de Salenques\" width=\"1024\" height=\"683\" srcset=\"https:\/\/www.monta\u00f1asdelaluna.es\/wp-content\/uploads\/2020\/11\/escaladores-entre-las-agujas-de-salenques-1024x683.jpg 1024w, https:\/\/www.monta\u00f1asdelaluna.es\/wp-content\/uploads\/2020\/11\/escaladores-entre-las-agujas-de-salenques-300x200.jpg 300w, https:\/\/www.monta\u00f1asdelaluna.es\/wp-content\/uploads\/2020\/11\/escaladores-entre-las-agujas-de-salenques.jpg 1824w\" sizes=\"auto, (max-width: 1024px) 100vw, 1024px\" \/><\/a><p id=\"caption-attachment-46051\" class=\"wp-caption-text\">Escaladores entre las Agujas de Salenques<\/p><\/div>\n<div id=\"attachment_46052\" style=\"width: 1034px\" class=\"wp-caption aligncenter\"><a class=\"dt-single-image\" href=\"https:\/\/www.monta\u00f1asdelaluna.es\/wp-content\/uploads\/2020\/11\/en-la-cresta-camino-del-margalida-delante-y-las-agujas-de-salenques-a-la-izquierda.jpg\" data-dt-img-description=\"\"><img loading=\"lazy\" decoding=\"async\" aria-describedby=\"caption-attachment-46052\" class=\"wp-image-46052 size-large\" src=\"https:\/\/www.monta\u00f1asdelaluna.es\/wp-content\/uploads\/2020\/11\/en-la-cresta-camino-del-margalida-delante-y-las-agujas-de-salenques-a-la-izquierda-1024x683.jpg\" alt=\"En la cresta camino del Margalida delante, y las Agujas de Salenques a la izquierda\" width=\"1024\" height=\"683\" srcset=\"https:\/\/www.monta\u00f1asdelaluna.es\/wp-content\/uploads\/2020\/11\/en-la-cresta-camino-del-margalida-delante-y-las-agujas-de-salenques-a-la-izquierda-1024x683.jpg 1024w, https:\/\/www.monta\u00f1asdelaluna.es\/wp-content\/uploads\/2020\/11\/en-la-cresta-camino-del-margalida-delante-y-las-agujas-de-salenques-a-la-izquierda-300x200.jpg 300w, https:\/\/www.monta\u00f1asdelaluna.es\/wp-content\/uploads\/2020\/11\/en-la-cresta-camino-del-margalida-delante-y-las-agujas-de-salenques-a-la-izquierda.jpg 1824w\" sizes=\"auto, (max-width: 1024px) 100vw, 1024px\" \/><\/a><p id=\"caption-attachment-46052\" class=\"wp-caption-text\">En la cresta camino del Margalida delante, y las Agujas de Salenques a la izquierda<\/p><\/div>\n<p>Y despu\u00e9s de un tiempo, m\u00e1s del que quisi\u00e9ramos, llegamos a la base rocosa del Margalida, que desde la cresta a su cima ser\u00edan de pocos metros, aunque lo suficientes como para diferenciarse en altura y prominencia. Una f\u00e1cil subida entre las rocas casi por hitos que ahora vuelven a aparecer, y llegamos a los 3.239 mts. de la peque\u00f1a roca que hace de cima del Margalida.<\/p>\n<p>Casi no podemos estar en su cima, no cabemos, y van llegando o pasando otras cordadas que vienen de la Cresta de Salenques en busca del Tempestades y el Aneto. Nos hacemos alguna foto de cima como podemos, e intento hacer otras fotos al paisaje, sobre todo a la serrada y encrespada cresta que llega a la cima por el norte, la Cresta de Salenques. Escarpada y t\u00e9cnica. Detr\u00e1s de esta, abajo y a la derecha, sigue la larga Cresta de Salenques, con su collado, su pico, y el cordal que desde otro solitario tresmil, el del Tuc de Mulleres hacia el norte pasa por el Cap de Toro y la formidable figura de <a href=\"https:\/\/monta\u00f1asdelaluna.es\/2014\/04\/25\/valle-del-nere-o-deth-horo-en-el-valle-de-aran\/\" target=\"_blank\" rel=\"noopener\">Las Forcanadas<\/a>, que desde aqu\u00ed, esta altura y perspectiva, no parecen tan escarpadas, tan verticales, y s\u00ed m\u00e1s romas, angulosas. Tambi\u00e9n es espectacular el seguimiento de la cresta, este cordal que sale del Aneto hacia el Russell, que desde esta cima hacia el este, acaba en el mismo Russell, sigue siendo espectacular, escarpada, con una pared m\u00e1s vertical y desafiante si cabe la norte, a la izquierda, que la sur a la derecha. Fant\u00e1stico. El Russell vuelve a tener su forma de meseta, ya menos picudo.<\/p>\n<p>Varios grupos pasan por la cumbre, paran a comer pocos minutos y r\u00e1pidamente siguen. Dos de ellos son una pareja: un cliente con su gu\u00eda. Uno de ellos es un cliente franc\u00e9s, y el otro es un chaval de gafas y pelo rizado. Estos gu\u00edas dominan muy bien esta cresta y la monta\u00f1a pirenaica en general. Vemos como hablan estos dos: el gu\u00eda le dice de seguir pero el cliente franc\u00e9s le dice que mejor baja sin seguir la cresta\u2026 \u00a1\u00bfhay una bajada sin tener que volver por la cresta!? Eso ser\u00eda una soluci\u00f3n factible y aliviadora, ya que volver por los mismos pasos t\u00e9cnicos de la cresta\u2026 si la podemos evitar, mejor, es lo que pensamos o pienso. Observamos al franc\u00e9s mientras baja del pico en busca de la cresta, y llegando a un punto del comienzo por este lado de la misma, gira hacia el sur, hacia la izquierda y abajo, hasta que lo perdemos de vista. Me quedo con el sitio, la parte de la cresta, para que cuando lleguemos al mismo punto, sigamos sus pasos hacia abajo\u2026 el gu\u00eda sigue la cresta. Le observamos. Cruza la cresta en nada de tiempo; los pasos complejos o peligrosos o aireados, los pasa tranquilamente; nos quedamos perplejos. No parece tan peligroso o dificultoso; igual ha sido una percepci\u00f3n nuestra de la realidad\u2026<\/p>\n<div id=\"attachment_46053\" style=\"width: 1034px\" class=\"wp-caption aligncenter\"><a class=\"dt-single-image\" href=\"https:\/\/www.monta\u00f1asdelaluna.es\/wp-content\/uploads\/2020\/11\/cresta-camino-del-margalida-detras-a-la-izquierda-el-tempestades.jpg\" data-dt-img-description=\"\"><img loading=\"lazy\" decoding=\"async\" aria-describedby=\"caption-attachment-46053\" class=\"wp-image-46053 size-large\" src=\"https:\/\/www.monta\u00f1asdelaluna.es\/wp-content\/uploads\/2020\/11\/cresta-camino-del-margalida-detras-a-la-izquierda-el-tempestades-1024x683.jpg\" alt=\"Cresta camino del Margalida, detr\u00e1s a la izquierda el Tempestades\" width=\"1024\" height=\"683\" srcset=\"https:\/\/www.monta\u00f1asdelaluna.es\/wp-content\/uploads\/2020\/11\/cresta-camino-del-margalida-detras-a-la-izquierda-el-tempestades-1024x683.jpg 1024w, https:\/\/www.monta\u00f1asdelaluna.es\/wp-content\/uploads\/2020\/11\/cresta-camino-del-margalida-detras-a-la-izquierda-el-tempestades-300x200.jpg 300w, https:\/\/www.monta\u00f1asdelaluna.es\/wp-content\/uploads\/2020\/11\/cresta-camino-del-margalida-detras-a-la-izquierda-el-tempestades.jpg 1824w\" sizes=\"auto, (max-width: 1024px) 100vw, 1024px\" \/><\/a><p id=\"caption-attachment-46053\" class=\"wp-caption-text\">Cresta camino del Margalida, detr\u00e1s a la izquierda el Tempestades<\/p><\/div>\n<div id=\"attachment_46059\" style=\"width: 1034px\" class=\"wp-caption aligncenter\"><a class=\"dt-single-image\" href=\"https:\/\/www.monta\u00f1asdelaluna.es\/wp-content\/uploads\/2020\/11\/de-derecha-a-izquierda-joaquin-eva-josetxu-y-paco-en-la-cima-del-margalida-3-239-mts.jpg\" data-dt-img-description=\"\"><img loading=\"lazy\" decoding=\"async\" aria-describedby=\"caption-attachment-46059\" class=\"wp-image-46059 size-large\" src=\"https:\/\/www.monta\u00f1asdelaluna.es\/wp-content\/uploads\/2020\/11\/de-derecha-a-izquierda-joaquin-eva-josetxu-y-paco-en-la-cima-del-margalida-3-239-mts-1024x683.jpg\" alt=\"De derecha a izquierda Joaqu\u00edn, Eva, Josetxu y Paco en la cima del Margalida, 3.239 mts.\" width=\"1024\" height=\"683\" srcset=\"https:\/\/www.monta\u00f1asdelaluna.es\/wp-content\/uploads\/2020\/11\/de-derecha-a-izquierda-joaquin-eva-josetxu-y-paco-en-la-cima-del-margalida-3-239-mts-1024x683.jpg 1024w, https:\/\/www.monta\u00f1asdelaluna.es\/wp-content\/uploads\/2020\/11\/de-derecha-a-izquierda-joaquin-eva-josetxu-y-paco-en-la-cima-del-margalida-3-239-mts-300x200.jpg 300w, https:\/\/www.monta\u00f1asdelaluna.es\/wp-content\/uploads\/2020\/11\/de-derecha-a-izquierda-joaquin-eva-josetxu-y-paco-en-la-cima-del-margalida-3-239-mts.jpg 1824w\" sizes=\"auto, (max-width: 1024px) 100vw, 1024px\" \/><\/a><p id=\"caption-attachment-46059\" class=\"wp-caption-text\">De derecha a izquierda Joaqu\u00edn, Eva, Josetxu y Paco en la cima del Margalida, 3.239 mts.<\/p><\/div>\n<p>Y una vez decidimos que hacer, comenzamos a bajar del Margalida en busca de la cresta de nuevo. Hacemos los primeros pasos por el filo de la cresta, entre lajas afiladas rodeadas del abismo, y llegamos al punto donde, a la izquierda y sur, el franc\u00e9s se ha bajado, vemos hitos. Hay hitos que parece que bajan \u00a1Perfecto! Pero al poco de comenzar no sabemos por d\u00f3nde ir y nos topamos con repisas llenas de piedras sueltas sobre paredes verticales las cuales ni asom\u00e1ndote con la cabeza en el aire, ves la base de la misma. Paco tambi\u00e9n me sigue e incluso baja poco m\u00e1s que yo. Pero no se puede. He bajado pocos metros y ya no veo m\u00e1s hitos. Igual el franc\u00e9s s\u00ed sab\u00eda por donde ten\u00eda que bajar, pero no lo vemos intuitivo, no lo vemos f\u00e1cil, no conseguimos ver la ruta de bajada. Eva y Josetxu desde la parte alta tampoco lo ven claro y nos dicen de seguir la cresta, deshacerla. Al final tenemos que ceder, volver a la cresta y seguirla hacia el punto de partida, hacia el oeste, como si volvi\u00e9ramos al Tempestades\u2026 solo espero que los pasos cruzados a la ida, no nos asusten tanto ahora a la vuelta. Eva, Josetxu abren el recorrido, les siguen Paco que ya ha subido hasta donde estoy yo; y yo mismo me quedo atr\u00e1s, el \u00faltimo, para observar sus pasos, hacer fotos (si las condiciones de equilibrio me dejan) y cerrar el grupo.<\/p>\n<p>Pero curiosamente esta vuelta no ha sido tan complicada o t\u00e9cnica como a la ida, ya que hemos descubierto que hay ciertos pasos que no hemos visto a la ida, por el lado sur de la cima de la cresta, justo por debajo de ella, que hacen el cruzarla m\u00e1s f\u00e1cil. Y as\u00ed progresamos m\u00e1s r\u00e1pidamente por la cresta deshaci\u00e9ndola. Es curioso que una vez ya conoces con lo que te vas a encontrar, el recorrido es m\u00e1s r\u00e1pido por la seguridad que te da el saber por d\u00f3nde vas a pasar o pisar\u2026 y llegamos al paso de la alta roca con la brecha mirando hacia el oeste, hacia el Tempestades. Esta vez Josetxu saca un cordino por seguridad, y Eva y Paco cruzan la brecha, bajan por ella la otro lado de la roca, con el quitamiedos del cordino. Paco no lo usa, pero yo no dudo en agarrarme a ella y bajar a pulso por la brecha en mitad de la sobresaliente y cortada roca. Una vez salvada la roca, seguimos la cresta f\u00e1cil y entretenida, preciosa, hasta llegar al colladito que la une con la cresta que baja en diagonal de la cima del Tempestades, lugar donde el terreno a la izquierda es m\u00e1s factible y f\u00e1cil para bajar, menos vertical y dificultoso. Para buscar desde aqu\u00ed los hitos que nos han subido a la cima del Tempestades desde Llosas, nos lleven, deshaciendo la subida, hasta las cercan\u00edas del Ib\u00f3n Peque\u00f1o de Llosas.<\/p>\n<p>El d\u00eda sigue siendo fenomenal, extraordinario, a pesar de todo el tiempo que hemos estado subiendo y bajando el Margalida por la cresta, el tiempo no ha cambiado, y el sol y la inmejorable visibilidad sigue reinando el d\u00eda. Una vez ya en el nombrado colladito, la alegr\u00eda del \u00e9xito y su adrenalina de cruzar esta espectacular cresta nos hace tener una sonrisa de oreja a oreja. La b\u00fasqueda de los hitos para bajar de esta plataforma de roca viva no es inmediata. Driblamos rocas, bajadas, verticales paretillas\u2026 la normal zona de derrubios de alta monta\u00f1a entre las laderas verticales de la roca madre y las gigantes rocas arrancadas a la misma monta\u00f1a y depositadas o dejadas en medio de estas laderas rocosas. Por suerte el \u201ccampo ca\u00f3tico\u201d de estas rocas, no es tan frondoso en esta parte de la monta\u00f1a, e intentando bajar altura dejando la subida al Tempestades a la derecha, nos topamos con algunos hitos que seguiremos como salvados por una gu\u00eda desconocida.<\/p>\n<div id=\"attachment_46066\" style=\"width: 1834px\" class=\"wp-caption aligncenter\"><a class=\"dt-single-image\" href=\"https:\/\/www.monta\u00f1asdelaluna.es\/wp-content\/uploads\/2020\/11\/IMG_2310.jpg\" data-dt-img-description=\"\"><img loading=\"lazy\" decoding=\"async\" aria-describedby=\"caption-attachment-46066\" class=\"wp-image-46066 size-full\" src=\"https:\/\/www.monta\u00f1asdelaluna.es\/wp-content\/uploads\/2020\/11\/IMG_2310.jpg\" alt=\"Cresta hacia el Russell con dicho pico en el centro, la Punta de La Brecha delante en mitad de la cresta\" width=\"1824\" height=\"1216\" srcset=\"https:\/\/www.monta\u00f1asdelaluna.es\/wp-content\/uploads\/2020\/11\/IMG_2310.jpg 1824w, https:\/\/www.monta\u00f1asdelaluna.es\/wp-content\/uploads\/2020\/11\/IMG_2310-300x200.jpg 300w, https:\/\/www.monta\u00f1asdelaluna.es\/wp-content\/uploads\/2020\/11\/IMG_2310-1024x683.jpg 1024w\" sizes=\"auto, (max-width: 1824px) 100vw, 1824px\" \/><\/a><p id=\"caption-attachment-46066\" class=\"wp-caption-text\">Cresta hacia el Russell con dicho pico en el centro, la Punta de La Brecha delante en mitad de la cresta<\/p><\/div>\n<div id=\"attachment_46071\" style=\"width: 832px\" class=\"wp-caption aligncenter\"><a class=\"dt-single-image\" href=\"https:\/\/www.monta\u00f1asdelaluna.es\/wp-content\/uploads\/2020\/11\/IMG_2316.jpg\" data-dt-img-description=\"\"><img loading=\"lazy\" decoding=\"async\" aria-describedby=\"caption-attachment-46071\" class=\"wp-image-46071 \" src=\"https:\/\/www.monta\u00f1asdelaluna.es\/wp-content\/uploads\/2020\/11\/IMG_2316.jpg\" alt=\"Eva y Josetxu volviendo del paso de la roca con la brecha, dicha roca detr\u00e1s\" width=\"822\" height=\"1233\" srcset=\"https:\/\/www.monta\u00f1asdelaluna.es\/wp-content\/uploads\/2020\/11\/IMG_2316.jpg 1216w, https:\/\/www.monta\u00f1asdelaluna.es\/wp-content\/uploads\/2020\/11\/IMG_2316-200x300.jpg 200w, https:\/\/www.monta\u00f1asdelaluna.es\/wp-content\/uploads\/2020\/11\/IMG_2316-683x1024.jpg 683w\" sizes=\"auto, (max-width: 822px) 100vw, 822px\" \/><\/a><p id=\"caption-attachment-46071\" class=\"wp-caption-text\">Eva y Josetxu volviendo del paso de la roca con la brecha, dicha roca detr\u00e1s<\/p><\/div>\n<p>Seguimos estos hitos que nos hacen girar hacia la izquierda, oeste, suroeste, bajando poco a poco altura. Y llegado a un punto gira de nuevo directamente hacia el sur como queriendo salir r\u00e1pidamente del lugar, en busca del fondo del valle que queda abajo. Justo por una especie de loma rocosa poco sobresaliente con el resto del terreno. Al subir por este camino o\u00edmos a un grupo como bajaba justo por la cima de la cresta que desde la cima del Tempestades hacia el sur. Pero nosotros intentaremos deshacer el camino de subida, con \u00e9xito\u2026 aunque las vistas o terreno parecen diferentes a los de la subida, es el mismo lugar\u2026 Atr\u00e1s dejamos hablando, comunic\u00e1ndose a otro grupo equipados con cascos arneses\u2026 que seguramente han bajado por otro lugar desde la Cresta de Salenques, del Margalida\u2026 parece haber otra bajada oculta por la pared a la derecha del Margalida que tampoco conoc\u00edamos, nos quedamos mirando.<\/p>\n<p>La bajada es r\u00e1pida por una ladera muy empinada, a la subida no se apreciaba tanto esta inclinaci\u00f3n tan fuerte desde el fondo del valle hasta las cimas y crestas de las monta\u00f1as. Una vez ya vemos el Ib\u00f3n Peque\u00f1o de Llosas, seguimos deshaciendo el zigzag; y en una de sus curvas giramos a la izquierda en busca de nuestro vivac por esas casi planicies o laderas herbosas, llegando a nuestra base, a esa cueva de entre rocas.<\/p>\n<div id=\"attachment_46078\" style=\"width: 1834px\" class=\"wp-caption aligncenter\"><a class=\"dt-single-image\" href=\"https:\/\/www.monta\u00f1asdelaluna.es\/wp-content\/uploads\/2020\/11\/delante-paco-eva-y-josetxu-bajando-de-la-cresta-con-el-margalida-y-agujas-de-salenques-detras.jpg\" data-dt-img-description=\"\"><img loading=\"lazy\" decoding=\"async\" aria-describedby=\"caption-attachment-46078\" class=\"wp-image-46078 size-full\" src=\"https:\/\/www.monta\u00f1asdelaluna.es\/wp-content\/uploads\/2020\/11\/delante-paco-eva-y-josetxu-bajando-de-la-cresta-con-el-margalida-y-agujas-de-salenques-detras.jpg\" alt=\"Delante Paco, Eva y Josetxu bajando de la cresta, con el Margalida y Agujas de Salenques detr\u00e1s\" width=\"1824\" height=\"1216\" srcset=\"https:\/\/www.monta\u00f1asdelaluna.es\/wp-content\/uploads\/2020\/11\/delante-paco-eva-y-josetxu-bajando-de-la-cresta-con-el-margalida-y-agujas-de-salenques-detras.jpg 1824w, https:\/\/www.monta\u00f1asdelaluna.es\/wp-content\/uploads\/2020\/11\/delante-paco-eva-y-josetxu-bajando-de-la-cresta-con-el-margalida-y-agujas-de-salenques-detras-300x200.jpg 300w, https:\/\/www.monta\u00f1asdelaluna.es\/wp-content\/uploads\/2020\/11\/delante-paco-eva-y-josetxu-bajando-de-la-cresta-con-el-margalida-y-agujas-de-salenques-detras-1024x683.jpg 1024w\" sizes=\"auto, (max-width: 1824px) 100vw, 1824px\" \/><\/a><p id=\"caption-attachment-46078\" class=\"wp-caption-text\">Delante Paco, Eva y Josetxu bajando de la cresta, con el Margalida y Agujas de Salenques detr\u00e1s<\/p><\/div>\n<p>Desmontamos la tienda, recogemos las cosas escondidas en el fondo de la cueva y hacemos de nuevo la mochila, pero antes paramos a comer algo. Es cerca o mediod\u00eda. Despu\u00e9s nos echamos los mochilones a la espalda de nuevo y emprendemos el viaje de regreso hasta la presa del Estany de Llauset. La verdad es que pensar lo que nos queda de recorrido hasta los coches, en otro momento, despu\u00e9s de la actividad realizada, me echar\u00eda las manos a la cabeza\u2026 pero parece que nos hacemos habitual esta ruta, este recorrido, de los Ibones de Vallibierna hacia el Estany de Llauset, pasando por el Refugio de Cap de Llauset, con lo que no se hace tan eterna o esforzada la ruta\u2026 aunque la subida al Coll o Collada de Vallibierna, cost\u00f3 por el esfuerzo de los dos d\u00edas de actividad que llevamos.<\/p>\n<p>Subimos a la Brecha de Soler i Coll, bajamos a las orillas del Ib\u00f3n de Vallibierna, subimos al Coll de Vallibierna, bajamos en busca del Refugio de Cap de Llauset, Estany de Botorn\u00e0s, hasta el recorrido por los l\u00edmites del embalse del Estany de Llauset, hasta el parking junto a la presa. O sea, deshacemos el recorrido realizado ayer para llegar al vivac arriba del Ib\u00f3n Peque\u00f1o de Llosas. Ya descrito en aquella traves\u00eda para ascender al pico <a href=\"https:\/\/monta\u00f1asdelaluna.es\/2012\/09\/07\/russell\/\" target=\"_blank\" rel=\"noopener\">Russell<\/a>\u2026 no hay p\u00e9rdida. El sol tambi\u00e9n y el buen tiempo tambi\u00e9n nos acompa\u00f1\u00f3 en la actividad\u2026 aunque la pr\u00f3xima vez escoger\u00e9 mejor el saco de dormir para hacer un vivac en altura.<\/p>\n<div id=\"attachment_46073\" style=\"width: 1034px\" class=\"wp-caption aligncenter\"><a class=\"dt-single-image\" href=\"https:\/\/www.monta\u00f1asdelaluna.es\/wp-content\/uploads\/2020\/11\/delante-paco-con-la-cima-del-margalida-al-fondo-con-alguna-aguja-de-salenques-a-su-izquierda.jpg\" data-dt-img-description=\"\"><img loading=\"lazy\" decoding=\"async\" aria-describedby=\"caption-attachment-46073\" class=\"wp-image-46073 size-large\" src=\"https:\/\/www.monta\u00f1asdelaluna.es\/wp-content\/uploads\/2020\/11\/delante-paco-con-la-cima-del-margalida-al-fondo-con-alguna-aguja-de-salenques-a-su-izquierda-1024x683.jpg\" alt=\"Delante Paco con la cima del Margalida al fondo con alguna Aguja de Salenques a su izquierda\" width=\"1024\" height=\"683\" srcset=\"https:\/\/www.monta\u00f1asdelaluna.es\/wp-content\/uploads\/2020\/11\/delante-paco-con-la-cima-del-margalida-al-fondo-con-alguna-aguja-de-salenques-a-su-izquierda-1024x683.jpg 1024w, https:\/\/www.monta\u00f1asdelaluna.es\/wp-content\/uploads\/2020\/11\/delante-paco-con-la-cima-del-margalida-al-fondo-con-alguna-aguja-de-salenques-a-su-izquierda-300x200.jpg 300w, https:\/\/www.monta\u00f1asdelaluna.es\/wp-content\/uploads\/2020\/11\/delante-paco-con-la-cima-del-margalida-al-fondo-con-alguna-aguja-de-salenques-a-su-izquierda.jpg 1824w\" sizes=\"auto, (max-width: 1024px) 100vw, 1024px\" \/><\/a><p id=\"caption-attachment-46073\" class=\"wp-caption-text\">Delante Paco con la cima del Margalida al fondo con alguna Aguja de Salenques a su izquierda<\/p><\/div>\n<div id=\"attachment_46092\" style=\"width: 1034px\" class=\"wp-caption aligncenter\"><a class=\"dt-single-image\" href=\"https:\/\/www.monta\u00f1asdelaluna.es\/wp-content\/uploads\/2020\/11\/llegando-a-los-ibones-de-vallibierna.jpg\" data-dt-img-description=\"\"><img loading=\"lazy\" decoding=\"async\" aria-describedby=\"caption-attachment-46092\" class=\"wp-image-46092 size-large\" src=\"https:\/\/www.monta\u00f1asdelaluna.es\/wp-content\/uploads\/2020\/11\/llegando-a-los-ibones-de-vallibierna-1024x683.jpg\" alt=\"Llegando a los Ibones de Vallibierna\" width=\"1024\" height=\"683\" srcset=\"https:\/\/www.monta\u00f1asdelaluna.es\/wp-content\/uploads\/2020\/11\/llegando-a-los-ibones-de-vallibierna-1024x683.jpg 1024w, https:\/\/www.monta\u00f1asdelaluna.es\/wp-content\/uploads\/2020\/11\/llegando-a-los-ibones-de-vallibierna-300x200.jpg 300w, https:\/\/www.monta\u00f1asdelaluna.es\/wp-content\/uploads\/2020\/11\/llegando-a-los-ibones-de-vallibierna.jpg 1824w\" sizes=\"auto, (max-width: 1024px) 100vw, 1024px\" \/><\/a><p id=\"caption-attachment-46092\" class=\"wp-caption-text\">Llegando a los Ibones de Vallibierna<\/p><\/div>\n<p>Paco no encontr\u00f3 sitio en el parking de la presa y dej\u00f3 su coche a la entrada de t\u00fanel, de modo que mont\u00f3 en mi coche para que no tenga que deshacer el t\u00fanel andando. Despu\u00e9s nos reunimos en el Pont de Suert para celebrar y tomar algo por los picos subidos, las crestas recorridas y las noches pasadas en este excepcional y m\u00edtica cordillera de Los Pirineos. Realmente la actividad ha sido genial, fabulosa y completa: un recorrido de aproximaci\u00f3n con noche en la base de la monta\u00f1a, y la ascensi\u00f3n a dos tresmiles con emocionante cresta incluida. No es una subida desde un punto en que te deja un autob\u00fas, y el mismo d\u00eda te recoge. Disfrutar, convivir, mezclarte con la Monta\u00f1a, con su esencia, es lo importante, lo emocionante, lo genial y m\u00edstico. No hacer una visita r\u00e1pida como si quemara el estar mucho tiempo en la monta\u00f1a; intentar disfrutar y comunicarse con la Monta\u00f1a, por esos rincones solitarios o visitados, atrayentes de la cordillera, es lo bonito, lo excepcional y maravilloso.<\/p>\n<div id=\"attachment_46116\" style=\"width: 3410px\" class=\"wp-caption aligncenter\"><a class=\"dt-single-image\" href=\"https:\/\/www.monta\u00f1asdelaluna.es\/wp-content\/uploads\/2020\/11\/TempestadesLlauset-001.croquis.jpg\" data-dt-img-description=\"\"><img loading=\"lazy\" decoding=\"async\" aria-describedby=\"caption-attachment-46116\" class=\"wp-image-46116 size-full\" src=\"https:\/\/www.monta\u00f1asdelaluna.es\/wp-content\/uploads\/2020\/11\/TempestadesLlauset-001.croquis.jpg\" alt=\"Croquis del recorrido y ascensi\u00f3n al Tempestades y Margalida desde la presa del Estany de Llauset. PUNTO ROJO: Vivac.\" width=\"3400\" height=\"4676\" srcset=\"https:\/\/www.monta\u00f1asdelaluna.es\/wp-content\/uploads\/2020\/11\/TempestadesLlauset-001.croquis.jpg 3400w, https:\/\/www.monta\u00f1asdelaluna.es\/wp-content\/uploads\/2020\/11\/TempestadesLlauset-001.croquis-218x300.jpg 218w, https:\/\/www.monta\u00f1asdelaluna.es\/wp-content\/uploads\/2020\/11\/TempestadesLlauset-001.croquis-745x1024.jpg 745w\" sizes=\"auto, (max-width: 3400px) 100vw, 3400px\" \/><\/a><p id=\"caption-attachment-46116\" class=\"wp-caption-text\">Croquis del recorrido y ascensi\u00f3n al Tempestades y Margalida desde la presa del Estany de Llauset. PUNTO ROJO: Vivac.<\/p><\/div>\n<p>[\/vc_column_text][\/vc_column][\/vc_row][vc_row][vc_column][vc_empty_space height=\u00bb60px\u00bb][\/vc_column][\/vc_row][vc_row][vc_column][vc_cta h2=\u00bb\u00c1lbum de fotos\u00bb txt_align=\u00bbcenter\u00bb add_button=\u00bbbottom\u00bb btn_title=\u00bbVer fotos\u00bb btn_color=\u00bbwarning\u00bb btn_align=\u00bbcenter\u00bb btn_link=\u00bburl:https%3A%2F%2Fmonta%C3%B1asdelaluna.es%2F%3Fdt_gallery%3Dfaldas-del-tempestades-desde-el-estany-de-llauset-2|title:Las%20faldas%20del%20Tempestades%20desde%20el%20Estany%20de%20Llauset|target:_blank\u00bb css=\u00bb.vc_custom_1625753738216{background-color: #8bc4ed !important;}\u00bb]Puedes ver las fotos de Las faldas del Tempestades desde el Estany de Llauset, en forma de presentaci\u00f3n o individuales pinchando aqui \u00a1No te las pierdas![\/vc_cta][vc_empty_space][vc_cta h2=\u00bb\u00c1lbum de fotos\u00bb txt_align=\u00bbcenter\u00bb add_button=\u00bbbottom\u00bb btn_title=\u00bbVer fotos\u00bb btn_color=\u00bbwarning\u00bb btn_align=\u00bbcenter\u00bb btn_link=\u00bburl:https%3A%2F%2Fmonta%C3%B1asdelaluna.es%2F%3Fdt_gallery%3Dtempestades-3-278-mts-y-margalida-3-239-mts-volviendo-al-estany-de-llauset-2|title:Tempestades%20(3.278%20mts.)%20y%20Margalida%20(3.239%20mts.)%20volviendo%20al%20Estany%20de%20Llauset|target:_blank\u00bb css=\u00bb.vc_custom_1625753760756{background-color: #8bc4ed !important;}\u00bb]Puedes ver las fotos de Tempestades (3.278 mts.) y Margalida (3.239 mts.) volviendo al Estany de Llauset, en forma de presentaci\u00f3n o individuales pinchando aqui \u00a1No te las pierdas![\/vc_cta][\/vc_column][\/vc_row][vc_row][vc_column][vc_empty_space height=\u00bb60px\u00bb][\/vc_column][\/vc_row][vc_row][vc_column width=\u00bb1\/6&#8243;][\/vc_column][vc_column width=\u00bb1\/3&#8243;][vc_column_text]Tiempo en Estany de Llauset[\/vc_column_text][vc_raw_html]JTNDaWZyYW1lJTIwc3JjJTNEJTIyaHR0cHMlM0ElMkYlMkZ3d3cubWV0ZW9ibHVlLmNvbSUyRmVzJTJGdGllbXBvJTJGd2lkZ2V0JTJGZGFpbHklMkY0Mi41ODNOMC42OTNFMjE2Nl9FdXJvcGUlMjUyRk1hZHJpZCUzRmdlb2xvYyUzRGZpeGVkJTI2ZGF5cyUzRDclMjZ0ZW1wdW5pdCUzRENFTFNJVVMlMjZ3aW5kdW5pdCUzREtJTE9NRVRFUl9QRVJfSE9VUiUyNnByZWNpcHVuaXQlM0RNSUxMSU1FVEVSJTI2Y29sb3VyZWQlM0Rjb2xvdXJlZCUyNnBpY3RvaWNvbiUzRDAlMjZwaWN0b2ljb24lM0QxJTI2bWF4dGVtcGVyYXR1cmUlM0QwJTI2bWF4dGVtcGVyYXR1cmUlM0QxJTI2bWludGVtcGVyYXR1cmUlM0QwJTI2bWludGVtcGVyYXR1cmUlM0QxJTI2d2luZHNwZWVkJTNEMCUyNndpbmRzcGVlZCUzRDElMjZ3aW5kZ3VzdCUzRDAlMjZ3aW5kZ3VzdCUzRDElMjZ3aW5kZGlyZWN0aW9uJTNEMCUyNndpbmRkaXJlY3Rpb24lM0QxJTI2dXYlM0QwJTI2aHVtaWRpdHklM0QwJTI2cHJlY2lwaXRhdGlvbiUzRDAlMjZwcmVjaXBpdGF0aW9uJTNEMSUyNnByZWNpcGl0YXRpb25wcm9iYWJpbGl0eSUzRDAlMjZwcmVjaXBpdGF0aW9ucHJvYmFiaWxpdHklM0QxJTI2c3BvdCUzRDAlMjZzcG90JTNEMSUyNnByZXNzdXJlJTNEMCUyNnByZXNzdXJlJTNEMSUyNmxheW91dCUzRGxpZ2h0JTIyJTIwJTIwZnJhbWVib3JkZXIlM0QlMjIwJTIyJTIwc2Nyb2xsaW5nJTNEJTIyTk8lMjIlMjBhbGxvd3RyYW5zcGFyZW5jeSUzRCUyMnRydWUlMjIlMjBzYW5kYm94JTNEJTIyYWxsb3ctc2FtZS1vcmlnaW4lMjBhbGxvdy1zY3JpcHRzJTIwYWxsb3ctcG9wdXBzJTIwYWxsb3ctcG9wdXBzLXRvLWVzY2FwZS1zYW5kYm94JTIyJTIwc3R5bGUlM0QlMjJ3aWR0aCUzQSUyMDM3OHB4JTNCJTIwaGVpZ2h0JTNBJTIwNDIwcHglMjIlM0UlM0MlMkZpZnJhbWUlM0UlM0NkaXYlM0UlM0MlMjEtLSUyMERPJTIwTk9UJTIwUkVNT1ZFJTIwVEhJUyUyMExJTkslMjAtLSUzRSUzQ2ElMjBocmVmJTNEJTIyaHR0cHMlM0ElMkYlMkZ3d3cubWV0ZW9ibHVlLmNvbSUyRmVzJTJGdGllbXBvJTJGc2VtYW5hJTJGNDIuNTgzTjAuNjkzRTIxNjZfRXVyb3BlJTI1MkZNYWRyaWQlM0Z1dG1fc291cmNlJTNEd2VhdGhlcl93aWRnZXQlMjZ1dG1fbWVkaXVtJTNEbGlua3VzJTI2dXRtX2NvbnRlbnQlM0RkYWlseSUyNnV0bV9jYW1wYWlnbiUzRFdlYXRoZXIlMjUyQldpZGdldCUyMiUyMHRhcmdldCUzRCUyMl9ibGFuayUyMiUzRW1ldGVvYmx1ZSUzQyUyRmElM0UlM0MlMkZkaXYlM0U=[\/vc_raw_html][\/vc_column][vc_column width=\u00bb1\/3&#8243;][vc_column_text]Tiempo en Tempestades[\/vc_column_text][vc_raw_html]JTNDaWZyYW1lJTIwc3JjJTNEJTIyaHR0cHMlM0ElMkYlMkZ3d3cubWV0ZW9ibHVlLmNvbSUyRmVzJTJGdGllbXBvJTJGd2lkZ2V0JTJGZGFpbHklMkY0Mi42MjZOMC42NjNFMzIxOV9FdXJvcGUlMjUyRk1hZHJpZCUzRmdlb2xvYyUzRGZpeGVkJTI2ZGF5cyUzRDclMjZ0ZW1wdW5pdCUzRENFTFNJVVMlMjZ3aW5kdW5pdCUzREtJTE9NRVRFUl9QRVJfSE9VUiUyNnByZWNpcHVuaXQlM0RNSUxMSU1FVEVSJTI2Y29sb3VyZWQlM0Rjb2xvdXJlZCUyNnBpY3RvaWNvbiUzRDAlMjZwaWN0b2ljb24lM0QxJTI2bWF4dGVtcGVyYXR1cmUlM0QwJTI2bWF4dGVtcGVyYXR1cmUlM0QxJTI2bWludGVtcGVyYXR1cmUlM0QwJTI2bWludGVtcGVyYXR1cmUlM0QxJTI2d2luZHNwZWVkJTNEMCUyNndpbmRzcGVlZCUzRDElMjZ3aW5kZ3VzdCUzRDAlMjZ3aW5kZ3VzdCUzRDElMjZ3aW5kZGlyZWN0aW9uJTNEMCUyNndpbmRkaXJlY3Rpb24lM0QxJTI2dXYlM0QwJTI2aHVtaWRpdHklM0QwJTI2cHJlY2lwaXRhdGlvbiUzRDAlMjZwcmVjaXBpdGF0aW9uJTNEMSUyNnByZWNpcGl0YXRpb25wcm9iYWJpbGl0eSUzRDAlMjZwcmVjaXBpdGF0aW9ucHJvYmFiaWxpdHklM0QxJTI2c3BvdCUzRDAlMjZzcG90JTNEMSUyNnByZXNzdXJlJTNEMCUyNnByZXNzdXJlJTNEMSUyNmxheW91dCUzRGxpZ2h0JTIyJTIwJTIwZnJhbWVib3JkZXIlM0QlMjIwJTIyJTIwc2Nyb2xsaW5nJTNEJTIyTk8lMjIlMjBhbGxvd3RyYW5zcGFyZW5jeSUzRCUyMnRydWUlMjIlMjBzYW5kYm94JTNEJTIyYWxsb3ctc2FtZS1vcmlnaW4lMjBhbGxvdy1zY3JpcHRzJTIwYWxsb3ctcG9wdXBzJTIwYWxsb3ctcG9wdXBzLXRvLWVzY2FwZS1zYW5kYm94JTIyJTIwc3R5bGUlM0QlMjJ3aWR0aCUzQSUyMDM3OHB4JTNCJTIwaGVpZ2h0JTNBJTIwNDIwcHglMjIlM0UlM0MlMkZpZnJhbWUlM0UlM0NkaXYlM0UlM0MlMjEtLSUyMERPJTIwTk9UJTIwUkVNT1ZFJTIwVEhJUyUyMExJTkslMjAtLSUzRSUzQ2ElMjBocmVmJTNEJTIyaHR0cHMlM0ElMkYlMkZ3d3cubWV0ZW9ibHVlLmNvbSUyRmVzJTJGdGllbXBvJTJGc2VtYW5hJTJGNDIuNjI2TjAuNjYzRTMyMTlfRXVyb3BlJTI1MkZNYWRyaWQlM0Z1dG1fc291cmNlJTNEd2VhdGhlcl93aWRnZXQlMjZ1dG1fbWVkaXVtJTNEbGlua3VzJTI2dXRtX2NvbnRlbnQlM0RkYWlseSUyNnV0bV9jYW1wYWlnbiUzRFdlYXRoZXIlMjUyQldpZGdldCUyMiUyMHRhcmdldCUzRCUyMl9ibGFuayUyMiUzRW1ldGVvYmx1ZSUzQyUyRmElM0UlM0MlMkZkaXYlM0U=[\/vc_raw_html][\/vc_column][vc_column width=\u00bb1\/6&#8243;][\/vc_column][\/vc_row]<\/p>\n","protected":false},"excerpt":{"rendered":"<p>[vc_row css=\u00bb.vc_custom_1625563174872{margin-top: 0px !important;padding-top: 0px !important;}\u00bb][vc_column][vc_column_text]Ya hac\u00eda tiempo que con a Eva Zurera y Josetxu quer\u00edamos quedar para hacer el Tempestades y el Margalida, estos dos picos que se encuentran en la enorme cresta de tresmiles que desde el Aneto sigue hacia el este acabando en el pico Russell, en el macizo de los Montes&hellip;<\/p>\n","protected":false},"author":1,"featured_media":46078,"comment_status":"open","ping_status":"open","sticky":false,"template":"","format":"standard","meta":[],"categories":[125],"tags":[],"class_list":["post-46111","post","type-post","status-publish","format-standard","has-post-thumbnail","hentry","category-valle-del-esera","category-125","description-off"],"_links":{"self":[{"href":"https:\/\/www.monta\u00f1asdelaluna.es\/index.php?rest_route=\/wp\/v2\/posts\/46111","targetHints":{"allow":["GET"]}}],"collection":[{"href":"https:\/\/www.monta\u00f1asdelaluna.es\/index.php?rest_route=\/wp\/v2\/posts"}],"about":[{"href":"https:\/\/www.monta\u00f1asdelaluna.es\/index.php?rest_route=\/wp\/v2\/types\/post"}],"author":[{"embeddable":true,"href":"https:\/\/www.monta\u00f1asdelaluna.es\/index.php?rest_route=\/wp\/v2\/users\/1"}],"replies":[{"embeddable":true,"href":"https:\/\/www.monta\u00f1asdelaluna.es\/index.php?rest_route=%2Fwp%2Fv2%2Fcomments&post=46111"}],"version-history":[{"count":18,"href":"https:\/\/www.monta\u00f1asdelaluna.es\/index.php?rest_route=\/wp\/v2\/posts\/46111\/revisions"}],"predecessor-version":[{"id":50102,"href":"https:\/\/www.monta\u00f1asdelaluna.es\/index.php?rest_route=\/wp\/v2\/posts\/46111\/revisions\/50102"}],"wp:featuredmedia":[{"embeddable":true,"href":"https:\/\/www.monta\u00f1asdelaluna.es\/index.php?rest_route=\/wp\/v2\/media\/46078"}],"wp:attachment":[{"href":"https:\/\/www.monta\u00f1asdelaluna.es\/index.php?rest_route=%2Fwp%2Fv2%2Fmedia&parent=46111"}],"wp:term":[{"taxonomy":"category","embeddable":true,"href":"https:\/\/www.monta\u00f1asdelaluna.es\/index.php?rest_route=%2Fwp%2Fv2%2Fcategories&post=46111"},{"taxonomy":"post_tag","embeddable":true,"href":"https:\/\/www.monta\u00f1asdelaluna.es\/index.php?rest_route=%2Fwp%2Fv2%2Ftags&post=46111"}],"curies":[{"name":"wp","href":"https:\/\/api.w.org\/{rel}","templated":true}]}}