{"id":46309,"date":"2006-07-13T18:28:10","date_gmt":"2006-07-13T18:28:10","guid":{"rendered":"http:\/\/monta\u00f1asdelaluna.com\/?p=46309"},"modified":"2021-07-14T11:42:06","modified_gmt":"2021-07-14T11:42:06","slug":"13-de-julio-de-2-006-jueves-san-enrique-vuelo-a-quito","status":"publish","type":"post","link":"https:\/\/www.monta\u00f1asdelaluna.es\/?p=46309","title":{"rendered":"13 de julio de 2.006. Jueves. San Enrique. Llegada a Quito"},"content":{"rendered":"<p>[vc_row][vc_column][vc_column_text]<span style=\"color: #0000ff;\">Noticias:<\/span><\/p>\n<p><span style=\"color: #0000ff;\"> Esta madrugada acab\u00f3 la huelga de Iberia (Pilotos) que cada verano es tradicional. 240 vuelos cancelados. 5.106 \u20ac perdidos al d\u00eda.<\/span><br \/>\n<span style=\"color: #0000ff;\"> Ayer, 11 J, el atentado en los trenes de Bombay se llev\u00f3 por delante a 200 personas.<\/span><br \/>\n<span style=\"color: #0000ff;\"> Israel ha invadido Gaza y el sur del L\u00edbano, amenaza la guerra.<\/span><br \/>\n<span style=\"color: #000000;\"> Ya comienza el viaje y expedici\u00f3n m\u00e1s larga, lejana y desafiante que hasta ahora hab\u00edamos tenido. Visitar\u00edamos por primera vez el continente americano, los Andes, grandes monta\u00f1as de m\u00e1s de seis mil metros\u2026 ya hab\u00edamos estado en Rusia, en el C\u00e1ucaso, en el <a href=\"https:\/\/xn--montaasdelaluna-2qb.es\/expediciones\/caucaso\/\" target=\"_blank\" rel=\"noopener\">Elbrus<\/a>, pero por alguna raz\u00f3n este viaje, esta expedici\u00f3n iba a ser m\u00e1s especial, incre\u00edble y formidable que la conquista del Elbrus.<\/span><\/p>\n<p>Hacia poco m\u00e1s de dos meses del desastre de la intervenci\u00f3n de la empresa en la que trabajaba, y el golpe fue muy, muy duro. Pero daba la impresi\u00f3n de que el trauma o las consecuencias psicol\u00f3gicas a\u00fan no hab\u00edan aflorado, mi mente no lo hab\u00eda asimilado o era consciente enteramente por el momento. Es como el duelo de un ser querido, cuando el derrumbe llega d\u00edas o semanas m\u00e1s tarde. Por suerte, a la hora de hacer esta expedici\u00f3n \u00e9sta ya estaba programada mucho antes que ocurriera el desastre. Pero no quer\u00eda pensar en que pod\u00eda afectar al desarrollo y \u00e9xito de la Expedici\u00f3n, como ocurri\u00f3 con la <a href=\"https:\/\/xn--montaasdelaluna-2qb.es\/expediciones\/caucaso\/\" target=\"_blank\" rel=\"noopener\">Expedici\u00f3n al Elbrus<\/a> por culpa de mi tormentosa relaci\u00f3n con la que era mi novia en aquellos entonces. Esta vez ten\u00eda que subir una monta\u00f1a de m\u00e1s de seis mil metros, 600 metros m\u00e1s alta que el Elbrus, y esperaba que no me afectara, al contrario, que me ayudara a olvidar por unos momentos el desastre. En la <a href=\"https:\/\/xn--montaasdelaluna-2qb.es\/expediciones\/caucaso\/\" target=\"_blank\" rel=\"noopener\">Expedici\u00f3n al C\u00e1ucaso<\/a> no fue impedimento para subir con \u00e9xito la monta\u00f1a, esa vivencia, esa experiencia me ayudar\u00eda a pensar y animarme, para que pudiera pasar lo mismo y no afectara para llegar hasta las cimas de nuestros objetivos\u2026 curiosamente el trauma, golpe, fue tan grande que ahora que escribo estas l\u00edneas pasados m\u00e1s de 14 a\u00f1os, me parece que no est\u00e1 superado del todo, como bien dijo mi buen amigo Adri\u00e1n \u00abBily\u00bb, ni se superar\u00e1 enteramente\u2026 siempre quedar\u00e1 algo para el resto de mi vida\u2026 pero solo espero que no sea impedimento para llevar una vida normal, con sus matices, y para seguir ascendiendo esas grandes monta\u00f1as.<\/p>\n<p><span style=\"color: #0000ff;\">Amanece y levantamos el vuelo dejando atr\u00e1s Alicante hasta dentro de 3 semanas. Despegue tranquilo aunque el o\u00eddo y el est\u00f3mago protestan. En el avi\u00f3n muchos turistas alemanes colorados y la familia de dos alumnos m\u00edos, Gabriel y Carlos Ferre, a los que saludo. Hablando con Joaqu\u00edn descubro que he olvidado la vacuna de la Hepatitis B en mi ambulatorio \u00a1Qu\u00e9 putada! No s\u00e9 nada de esta enfermedad y eso me inquieta un poco. Por si acaso cuidado con las relaciones sexuales.<\/span><\/p>\n<p><span style=\"color: #0000ff;\">Viaje pl\u00e1cido con 10 minutos de antelaci\u00f3n a la T4 reci\u00e9n estrenada, sin problemas y sin gente recogemos las maletas y tomamos autob\u00fas a la T1 donde guardamos cola en los mostradores de chequeo. Hay confusi\u00f3n y cuando Air Madrid abre m\u00e1s de un mostrador, nos colamos. Como es l\u00f3gico todos en la cola son ecuatorianos. Algunos llevan distintivos de la visita del Papa a Valencia (encuentro de las familias). No ponen ninguna pega en el peso facturado. Pasamos la aduana camino de la Puerta A y buscamos una cafeter\u00eda, el avi\u00f3n no sale hasta las 12 h. tenemos tiempo de sobra.<\/span><\/p>\n<p><span style=\"color: #0000ff;\"> Hay mala leche y desorden en la cola del chequing. La espera es larga y en la Puerta A2 sentados hasta las 13 h. no salimos (1 h. de retraso). Algo incompetentes, para el paso del embarque tienen a la gente mucho rato en pie, la meten por filas, aunque avisan a los Vips y a los que van con ni\u00f1os que son la mayor\u00eda. Creo que la chicas y empleados de Madrid son antip\u00e1ticos por racismo, porque son ecuatorianos y los tratan como si fuesen unos paletos (y aunque lo fueran, qu\u00e9 costar\u00e1 ser simp\u00e1tico). Subimos al Airbus 300 algo. 8 asientos por fila. 2, 4, 2 nos toca en el centro con una mamasita y su ni\u00f1a. Qu\u00e9 pena, no hay ventana. Las azafatas s\u00ed son simp\u00e1ticas y est\u00e1n buenas. Pasan vendiendo auriculares para las pelis<\/span><\/p>\n<p><span style=\"color: #0000ff;\">El avi\u00f3n es espacioso pero viajar con tantos ni\u00f1os es un aut\u00e9ntico co\u00f1azo. Lloran, te mueven el asiento, se cagan, lo tocan todo. La comida ha sido escasa e insulsa, t\u00edpica de avi\u00f3n. Caf\u00e9 aguado. Cerveza de 25 cl. 3 \u20ac y no me devuelven el cambio de 5 \u20ac. Dormitamos lo que nos dejan los llantos. Leemos. A mi izquierda viaja una pareja de catalanes que estudian gu\u00edas de Ecuador. Estamos a\u00fan en mitad del mar cruzando el Atl\u00e1ntico. A\u00fan falta una eternidad.<\/span><\/p>\n<div id=\"attachment_34596\" style=\"width: 1510px\" class=\"wp-caption aligncenter\"><a class=\"dt-single-image\" href=\"https:\/\/www.monta\u00f1asdelaluna.es\/wp-content\/uploads\/2016\/12\/256.jpg\" data-dt-img-description=\"\"><img loading=\"lazy\" decoding=\"async\" aria-describedby=\"caption-attachment-34596\" class=\"wp-image-34596 size-full\" src=\"https:\/\/www.monta\u00f1asdelaluna.es\/wp-content\/uploads\/2016\/12\/256.jpg\" alt=\"Quito bajo el volc\u00e1n Guagua Pichincha\" width=\"1500\" height=\"1000\" srcset=\"https:\/\/www.monta\u00f1asdelaluna.es\/wp-content\/uploads\/2016\/12\/256.jpg 1500w, https:\/\/www.monta\u00f1asdelaluna.es\/wp-content\/uploads\/2016\/12\/256-300x200.jpg 300w, https:\/\/www.monta\u00f1asdelaluna.es\/wp-content\/uploads\/2016\/12\/256-1024x683.jpg 1024w\" sizes=\"auto, (max-width: 1500px) 100vw, 1500px\" \/><\/a><p id=\"caption-attachment-34596\" class=\"wp-caption-text\">Quito bajo el volc\u00e1n Guagua Pichincha<\/p><\/div>\n<p>Es nuestro primer vuelo transoce\u00e1nico en avi\u00f3n y la experiencia y desarrollo del mismo siempre fascina y asombra al que lo hace por primera vez. Siempre pienso que cuando las monta\u00f1as est\u00e1n lejos y tenemos un largo camino para hacer, el cansancio del traj\u00edn del mismo y el des\u00e1nimo, es otra monta\u00f1a que vencer, que subir, para estar en perfectas condiciones, descansado y animado para hacer esas grandes monta\u00f1as.<\/p>\n<p><span style=\"color: #0000ff;\">Por fin llegamos tras 11 h. de viaje y un par de maniobras de aterrizaje con aplausos y vistas a\u00e9reas de Quito.<\/span> Por fin vemos con el d\u00eda a\u00fan en todo su auge, la llegada del avi\u00f3n, mientras bajaba altura al valle entre verdes monta\u00f1as, volcanes, donde se encuentra Quito y su aeropuerto. Por alguna raz\u00f3n el piloto intenta hacer un primer aterrizaje pero justo antes de bajar a la pista, vuelve a coger altura, coge altura, y comienza un giro para ponerse de nuevo de cara a la pista \u00bftan dif\u00edcil es aterrizar aqu\u00ed? No me pareci\u00f3 tan peligrosa la pista y aeropuerto, pero bueno, estamos en Sudam\u00e9rica, igual lo que conocemos como standard en Europa no es tan evidente aqu\u00ed. Lo que s\u00ed me acojono es que el piloto fallara en el primer intento y se aproximara con el segundo\u2026 pero al final todo bien. Aterrizaje perfecto y aplausos.<\/p>\n<p><span style=\"color: #0000ff;\">En llegar m\u00e1s desorden para esperar las maletas, el carrito para llevarlas y coger un taxi que nos ofrec\u00eda una chica en ventanilla que adem\u00e1s se ofrece a buscarnos hotel. Preferimos pagarles los 5 Dl. que luego los convierte en 6 Dl. Cooperativa de taxis. Es parco en palabras pero nos se\u00f1ala el Cotopaxi nevado y nos lleva a la parte norte a Reina Victoria con Cordero donde est\u00e1 El Cafecito, un lugar entre con mucho encanto, ambiente bohemio, buena m\u00fasica, buena atenci\u00f3n y oscuridad, chimenea.<\/span> Me sorprendi\u00f3 mucho la magn\u00edfica y espectacular visi\u00f3n del Cotopaxi, no tan lejano, acercando su imponente, c\u00f3nica, perfecta, grandiosa y alta figura a la ciudad de Quito. Supongo que entre otras razones podr\u00eda ser la percepci\u00f3n de que las grandes monta\u00f1as est\u00e1n como alejadas de las ciudades, de las urbes llenas de gente y civilizaci\u00f3n y descubrir su sorprendente e inconfundible gigantesca presencia en el horizonte de Quito me dej\u00f3 muy sorprendido, maravillado y acojonado tambi\u00e9n. Acojonado porque era uno de nuestro objetivos y all\u00ed estaba, impasible ante nuestras miradas, casi desafiante y muy visible, sin nada que esconder; como si nos dijera \u201c\u00bfven\u00eds a por m\u00ed? \u00a1Aqu\u00ed me ten\u00e9is! Conquistarme si ten\u00e9is lo que hay que tener\u201d. Impactante.<\/p>\n<div id=\"attachment_34580\" style=\"width: 1510px\" class=\"wp-caption aligncenter\"><a class=\"dt-single-image\" href=\"https:\/\/www.monta\u00f1asdelaluna.es\/wp-content\/uploads\/2016\/12\/001.jpg\" data-dt-img-description=\"\"><img loading=\"lazy\" decoding=\"async\" aria-describedby=\"caption-attachment-34580\" class=\"wp-image-34580 size-full\" src=\"https:\/\/www.monta\u00f1asdelaluna.es\/wp-content\/uploads\/2016\/12\/001.jpg\" alt=\"Jes\u00fas en la puerta del Hostal \u201cEl Cafecito\u201d\" width=\"1500\" height=\"1000\" srcset=\"https:\/\/www.monta\u00f1asdelaluna.es\/wp-content\/uploads\/2016\/12\/001.jpg 1500w, https:\/\/www.monta\u00f1asdelaluna.es\/wp-content\/uploads\/2016\/12\/001-300x200.jpg 300w, https:\/\/www.monta\u00f1asdelaluna.es\/wp-content\/uploads\/2016\/12\/001-1024x683.jpg 1024w\" sizes=\"auto, (max-width: 1500px) 100vw, 1500px\" \/><\/a><p id=\"caption-attachment-34580\" class=\"wp-caption-text\">Jes\u00fas en la puerta del Hostal \u201cEl Cafecito\u201d<\/p><\/div>\n<p><span style=\"color: #0000ff;\">En principio solo queda una cama en una habitaci\u00f3n de literas, la vemos y como es ancha la cogemos pues es tarde y no apetece buscar al tun tun. 6 Dl. persona se convierte en 10 Dl. por los dos. Bajamos a cenar al restaurante vegetariano. Espagueti al pesto, champi\u00f1ones en salsa en un creppe y nachos con guacamole y un par de cervezas Club 14 Dl.<\/span><\/p>\n<p><span style=\"color: #0000ff;\">1\u00ba en la frente. Aprovechando la oscuridad, el bullicio y nuestra candidez, dos simp\u00e1ticos \u201cchoros\u201d bien vestidos tropiezan con la silla, piden disculpas y se van con el bolso de Joaqu\u00edn. Y no nos damos cuenta hasta que queremos subir a dormir a la habitaci\u00f3n.<\/span> Con nuestro jet lag y todo pero con hambre, olvido que estamos en una ciudad diferente de Sudam\u00e9rica y mis precauciones y atenciones se relajan, la comida tiene tan buena pinta. Sufro los errores y sus consecuencias del novato, del principiante, lo primero llevar todas las documentaciones y dineros tan importantes en un solo bolso, en un solo lugar, y a \u00e9ste tambi\u00e9n enganchada la funda con mi c\u00e1mara de fotos Canon que tan contento estaba de ella por las fotos de los Alpes el pasado verano. Y el segundo error dejar a la vista y sin atar, aunque cerca de m\u00ed, dicho bolso, bandolera. Lo ocurrido fue bien sencillo y casi de manual de ladr\u00f3n cl\u00e1sico callejero: en una mesa cuadrada hab\u00eda 4 sillas, una a cada lado de la mesa. Yo estaba sentado en una, Jes\u00fas en la silla de mi derecha, y cuelgo el bolso (sin atar) en la silla de la izquierda, en la silla de enfrente no hab\u00eda nada ni nadie. Los individuos bien vestidos, con chaquetas de piel de cuero negro, entran en el restaurante y de forma rara cosa que ya me llam\u00f3 la atenci\u00f3n pero no le d\u00ed importancia, comienzan a dar vueltas, uno detr\u00e1s del otro, en fila, por las mesas del restaurante como si buscaran algo, en zigzag sorteando incluso mesas vac\u00edas. Muy raro. Desaparecen. Pero en una segunda tanda pocos minutos despu\u00e9s, vuelven a pasar y circundan nuestra mesa por el lado entre la silla vac\u00eda y la silla de la que colgaba la bandolera. Con la direcci\u00f3n descrita. En fila primero pasaban cerca de la silla vac\u00eda, giraban y pasaban por la silla donde colgaba el bolso. Primero uno y justo detr\u00e1s el segundo. El segundo hace como que se tropieza con la silla vac\u00eda, el primero ya ha pasado por \u00e9sta y la silla donde cuelga mi bandolera, y es en ese momento cuando la pericia del ladr\u00f3n agarra la bandolera disimuladamente mientras nosotros prestamos atenci\u00f3n y ponemos nuestros ojos en el individuo de detr\u00e1s que se ha tropezado con la silla. Robo perfecto. Despu\u00e9s del \u201csimulado tropiezo\u201d el segundo sigue el camino del primero sin mediar palabra y desaparecen los dos. Nosotros seguimos cenando pl\u00e1cida y tranquilamente, hasta que acabamos y tenemos que pagar\u2026 \u00a1\u00a1\u00bfD\u00f3nde est\u00e1 la bandolera?!! En ese momento no entend\u00edamos nada ni sab\u00edamos lo que hab\u00eda pasado. Pensaba que me la hab\u00eda dejado en la habitaci\u00f3n, pero sab\u00eda que me la hab\u00eda bajado a la cena\u2026<\/p>\n<p><span style=\"color: #0000ff;\">Desastre total: dinero, tarjetas, pasaporte, documentos, m\u00f3vil, gafas, TODO. Desconcierto.<\/span> Incluso en un momento pensaba que alguien de El Cafecito estaba compinchado con los ladrones o con alguien para entrar en la habitaci\u00f3n o robarnos las cosas y hacer la vista gorda para luego sacar tajada. Estamos en un pa\u00eds desconocido en una ciudad desconocida en Sudam\u00e9rica\u2026 el pensamiento es muy l\u00f3gico. Se me cae la cara de verg\u00fcenza y rabia, mucha rabia cuando descubro que s\u00ed, que nos han robado, despu\u00e9s de muchas vueltas por la habitaci\u00f3n, el restaurante \u00a1Se me quit\u00f3 el jet lag de golpe! Y mis sentidos se despertaron al m\u00e1ximo dejando el miedo y la impotencia a un lado\u2026 no s\u00e9 si fue en ese momento, pero entendimos lo que pas\u00f3 con aquellos dos ecuatorianos vestidos con chaqueta de cuero negro. Todo encajaba. Hablamos con los propietarios del restaurante, de El Cafecito. Ellos no llaman a la polic\u00eda. No entienden y nos piden perd\u00f3n (aunque no hayan sido ellos), pero no han visto nada, y si han visto no han hecho caso ya que pensaban que eran dos personas que pasaban a ver lo que hab\u00eda en el men\u00fa, en el restaurante, o buscaban a alguien, quien sabe\u2026 Nos arropan, consuelan e intentan ayudarnos indic\u00e1ndonos que podemos hacer. Lo primero ir al puesto de guardia que es como si fuera una comisar\u00eda, y all\u00ed o nos abren una denuncia y nos indicar\u00e1n lo que debemos hacer.<\/p>\n<div id=\"attachment_34594\" style=\"width: 1510px\" class=\"wp-caption aligncenter\"><a class=\"dt-single-image\" href=\"https:\/\/www.monta\u00f1asdelaluna.es\/wp-content\/uploads\/2016\/12\/254.jpg\" data-dt-img-description=\"\"><img loading=\"lazy\" decoding=\"async\" aria-describedby=\"caption-attachment-34594\" class=\"wp-image-34594 size-full\" src=\"https:\/\/www.monta\u00f1asdelaluna.es\/wp-content\/uploads\/2016\/12\/254.jpg\" alt=\"Vista hacia la ciudad nueva, La Mariscal, de Quito\" width=\"1500\" height=\"1000\" srcset=\"https:\/\/www.monta\u00f1asdelaluna.es\/wp-content\/uploads\/2016\/12\/254.jpg 1500w, https:\/\/www.monta\u00f1asdelaluna.es\/wp-content\/uploads\/2016\/12\/254-300x200.jpg 300w, https:\/\/www.monta\u00f1asdelaluna.es\/wp-content\/uploads\/2016\/12\/254-1024x683.jpg 1024w\" sizes=\"auto, (max-width: 1500px) 100vw, 1500px\" \/><\/a><p id=\"caption-attachment-34594\" class=\"wp-caption-text\">Vista hacia la ciudad nueva, La Mariscal, de Quito<\/p><\/div>\n<p>Estoy muy furioso, enfadado y hastiado \u00a1\u00bfC\u00f3mo puede ser que haya pasado esto en nuestro primer d\u00eda?! Me acordaba de aquellas expediciones a Per\u00fa de los compa\u00f1eros en los que, incluso desde los a\u00f1os 90, les robaban dinero, material\u2026 Me vino a la mente aquella a mitad de los 90 en que a Manolo Cano le robaron en Lima o por Per\u00fa, y su gran disgusto; esto nos lo contaban siempre a la vuelta, como an\u00e9cdotas de estos viajes. Entonces ya somos expedicionarios como los amigos y compa\u00f1eros veteranos que viajan a los Andes y tambi\u00e9n pasan por el \u201ctrago\u201d de ser robados, como una especie de \u201ciniciaci\u00f3n\u201d cuando viajas o haces monta\u00f1as por Sudam\u00e9rica \u00a1\u00a1\u00c9ramos como ellos!! Aunque no es un consuelo que me agradara, que me quitara el cabreo y enfado que llevaba encima\u2026 y despu\u00e9s de dos meses de lo ocurrido con la empresa en la que trabajaba. Me daba la impresi\u00f3n de que ten\u00eda \u201cla negra\u201d, de que todo iba a ir mal, de que todo el mundo y todo iba en contra m\u00eda\u2026 una sensaci\u00f3n casi psic\u00f3tica y peligrosa, pero intent\u00e9 controlarla, sabiendo que en realidad no era as\u00ed, pero era dif\u00edcil entender porque ocurr\u00eda todo esto.<\/p>\n<p><span style=\"color: #0000ff;\">Vamos al puesto de guardia de la polic\u00eda y nos atienden pero la denuncia hay que ir a ponerla a la Polic\u00eda Judicial (PJ) en Juan Le\u00f3n Mena, a 8 cuadras (manzanas).<\/span> Recuerdo la comisaria en la que hab\u00edan varios polic\u00edas, alguno de ellos era un hombre de color, gigante, alto y musculoso, era un lugar oscuro y arrinconado en una oscura calle. Ya era de noche en Quito. No daba la impresi\u00f3n de ser una comisar\u00eda, supongo que un \u201cpuesto de guardia\u201d es diferente a \u00e9sta. El ver a chicos de color me sorprendi\u00f3 much\u00edsimo\u2026 en Ecuador deber\u00eda haber descendientes de colonos espa\u00f1oles, de conquistadores europeos y de Quechuas, los aut\u00e9nticos abor\u00edgenes del pa\u00eds, pero el hecho de que haya gente de color de origen africano es por ser los descendientes de aquellos esclavos que trajeron sobre todo a la costa y zona de Guayaquil, pero que tambi\u00e9n se han pasado a la capital del pa\u00eds, Quito. Los polic\u00edas nos indican que hacer o lo que puede pasar para preverlo, pero es cierto que ellos no nos pueden poner la denuncia. Nos dicen que es importante cancelar las tarjetas de cr\u00e9dito o d\u00e9bito, ya que los ladrones suelen estar \u201cconchabados\u201d con alguien de un banco y les hace sacar el dinero de las cuentas gracias a las tarjetas, evitando las contrase\u00f1as y pins. Algo que pueden hacer los banqueros. Me deje perplejo. Desde luego los Bancos son los \u201cladrones legales\u201d del sistema, pero que haya ladrones de por s\u00ed dentro de esta \u201ccasa de ladrones\u201d, me dej\u00f3 preocupado y sorprendido \u00a1En que pa\u00eds nos hab\u00edamos metido! Nos dicen que debemos llamar a un n\u00famero extranjero, llamar a Visa, para cancelar las tarjetas. Es un n\u00famero de tel\u00e9fono cuya llamada es cara y cuando lo iba a hacer desde la oficina de estos polic\u00edas, uno de ellos, el de color, grandote, me lo impide cogi\u00e9ndome enseguida el tel\u00e9fono que ya ten\u00eda en mis manos. Ellos tampoco nos pueden llevar ni a una cabina, locutorio, ni al Edificio de la Polic\u00eda Judicial, pero nos indican como llegar y donde est\u00e1n. Salimos de all\u00ed m\u00e1s cabreado e indignado si cabe. Vamos en direcci\u00f3n al Cafecito para coger el taxi; y nada m\u00e1s salir un pobre ecuatoriano pidiendo limosna se dirige a m\u00ed, y yo le digo que me deje en paz que me han robado todo el dinero casi gritando y muy enfadado. El pobre hombre sigue su camino.<\/p>\n<div id=\"attachment_46320\" style=\"width: 1163px\" class=\"wp-caption aligncenter\"><a class=\"dt-single-image\" href=\"https:\/\/www.monta\u00f1asdelaluna.es\/wp-content\/uploads\/2020\/12\/Quito.LaMariscal.mapa_.web_.jpg\" data-dt-img-description=\"\"><img loading=\"lazy\" decoding=\"async\" aria-describedby=\"caption-attachment-46320\" class=\"wp-image-46320 size-full\" src=\"https:\/\/www.monta\u00f1asdelaluna.es\/wp-content\/uploads\/2020\/12\/Quito.LaMariscal.mapa_.web_.jpg\" alt=\"Mapa Plano de Quito con La Mariscal\" width=\"1153\" height=\"1020\" srcset=\"https:\/\/www.monta\u00f1asdelaluna.es\/wp-content\/uploads\/2020\/12\/Quito.LaMariscal.mapa_.web_.jpg 1153w, https:\/\/www.monta\u00f1asdelaluna.es\/wp-content\/uploads\/2020\/12\/Quito.LaMariscal.mapa_.web_-300x265.jpg 300w, https:\/\/www.monta\u00f1asdelaluna.es\/wp-content\/uploads\/2020\/12\/Quito.LaMariscal.mapa_.web_-1024x906.jpg 1024w\" sizes=\"auto, (max-width: 1153px) 100vw, 1153px\" \/><\/a><p id=\"caption-attachment-46320\" class=\"wp-caption-text\">Mapa Plano de Quito con La Mariscal<\/p><\/div>\n<p><span style=\"color: #0000ff;\">Nos llaman un taxi en El Cafecito por 1 Dl. la ponemos aunque no sirva de mucho.<\/span> Entramos en el edificio de la Polic\u00eda Judicial, este edificio parec\u00eda m\u00e1s serio que el \u201cpuesto de guardia\u201d. Subimos unas escaleras y pedimos para poner una denuncia de robo. Nos indican un hombre asido a una mesa con una antigua m\u00e1quina de escribir, como si fuera un funcionario del estado. No era demasiado mayor, joven, y al vernos en un principio se qued\u00f3 extra\u00f1ado. Nos dijo que \u00e9l no hac\u00eda denuncias o que no era el indicado para escribir la denuncia. Yo despu\u00e9s de ver tantas trabas y negativas para hacernos una denuncia, le explico el caso y le digo que los polic\u00edas del \u201cpuesto de guardia\u201d no quisieron hacerla y que nos dijeron que aqu\u00ed si la pod\u00edamos hacer, as\u00ed que le ped\u00eda el favor de que nos escribiera la denuncia. Despu\u00e9s de un segundo en silencio, el polic\u00eda o funcionario con vestido casual, informal, comenz\u00f3 a escribir la denuncia con esa vieja m\u00e1quina de escribir. Cuando acab\u00f3 y nos dio el papel de la denuncia pens\u00e9 que fue el \u00fanico que nos ha querido ayudar de verdad. Aunque viendo el papel de la denuncia me pareci\u00f3 \u201cpapel mojado\u201d, no s\u00e9 si servir\u00eda de algo. Pero con ese papel ten\u00edamos que ir al consulado para pedir una copia de mi documentaci\u00f3n, o un salvoconducto.<\/p>\n<p><span style=\"color: #0000ff;\">En un locutorio tratamos de anular las tarjetas y no responden por lo que Joaqu\u00edn se lo encarga a su madre a la que la saca de la cama a las 4 de la madrugada de all\u00ed.<\/span> Despu\u00e9s de hacer varias llamadas al n\u00famero que me dieron en el \u201cpuesto de guardia\u201d de Visa (norteamericano) para cancelar las tarjetas, y no cog\u00e9rmelo, decido, como \u00faltimo recurso, llamar a casa, decirle a mi madre que cancele las tarjetas nada m\u00e1s levantarse, nada m\u00e1s abrir los bancos, con la esperanza de que, ya que en Espa\u00f1a se despierta el d\u00eda antes, poder cancelarlas, y as\u00ed, pocas horas despu\u00e9s cuando el ladr\u00f3n se despierte y vaya corriendo al Banco de su compinche para sacar el dinero de las cuentas con las tarjetas, no puedan porque ya est\u00e1n canceladas. A las 4 de la ma\u00f1ana coge el tel\u00e9fono mi madre. Por suerte la he despertado con un susto tremendo pensando que pasaba algo malo. \u201cNo pasa nada. Solo que me han robado, pero a Jes\u00fas no, iremos tirando de su dinero y en Espa\u00f1a ya se lo devuelvo yo. Tienes que ir ma\u00f1ana corriendo a este banco y al otro a cancelar las tarjetas, a primera hora. Antes de que lo haga el ladr\u00f3n que puede tener un compinche en el banco\u201d Mi madre se sobresalt\u00f3. Iba a hacer lo que le dec\u00eda sin falta, pero al saber que me hab\u00edan robado me dijo \u201cPues vente para ac\u00e1 y deja ya el viaje\u201d \u201c\u00a1Si acabamos de llegar y nos quedan 20 d\u00edas!\u201d le digo a mi madre m\u00e1s calmado y como asumiendo lo que estaba pasando, suerte de haber reaccionado con fuerza y valent\u00eda para hacer frente al desastre. A partir de aqu\u00ed y sin saberlo yo, en Espa\u00f1a, en mi pueblo, familia y amigos, seguir\u00edan nuestras peripecias de este viaje de Jes\u00fas y m\u00edas, para saber c\u00f3mo lo haremos para salir de esta, no por las monta\u00f1as que pod\u00edamos subir o no, si no por c\u00f3mo lo \u00edbamos a hacer sin dinero, sin documentaci\u00f3n ni billetes de avi\u00f3n para volver a Espa\u00f1a, y aun as\u00ed queriendo quedarnos los 20 d\u00edas que nos quedaban y con las cimas de las grandes monta\u00f1as propuestas.<\/p>\n<div id=\"attachment_34581\" style=\"width: 1510px\" class=\"wp-caption aligncenter\"><a class=\"dt-single-image\" href=\"https:\/\/www.monta\u00f1asdelaluna.es\/wp-content\/uploads\/2016\/12\/001A.jpg\" data-dt-img-description=\"\"><img loading=\"lazy\" decoding=\"async\" aria-describedby=\"caption-attachment-34581\" class=\"wp-image-34581 size-full\" src=\"https:\/\/www.monta\u00f1asdelaluna.es\/wp-content\/uploads\/2016\/12\/001A.jpg\" alt=\"Jes\u00fas y Joaqu\u00edn en El Cafecito (foto hecha el \u00faltimo d\u00eda antes de coger el avi\u00f3n a Espa\u00f1a)\" width=\"1500\" height=\"1000\" srcset=\"https:\/\/www.monta\u00f1asdelaluna.es\/wp-content\/uploads\/2016\/12\/001A.jpg 1500w, https:\/\/www.monta\u00f1asdelaluna.es\/wp-content\/uploads\/2016\/12\/001A-300x200.jpg 300w, https:\/\/www.monta\u00f1asdelaluna.es\/wp-content\/uploads\/2016\/12\/001A-1024x683.jpg 1024w\" sizes=\"auto, (max-width: 1500px) 100vw, 1500px\" \/><\/a><p id=\"caption-attachment-34581\" class=\"wp-caption-text\">Jes\u00fas y Joaqu\u00edn en El Cafecito (foto hecha el \u00faltimo d\u00eda antes de coger el avi\u00f3n a Espa\u00f1a)<\/p><\/div>\n<p><span style=\"color: #0000ff;\">Pedimos taxi de la cooperativa occidental (aunque externamente todos sean amarillos). Nos lleva al hostal sorteando el tr\u00e1fico algo congestionado y nos vamos a dormir agotados. Ma\u00f1ana iremos a la Embajada.<\/span><\/p>\n<p>La noche la paso m\u00e1s tranquilo pero sumido en la indignaci\u00f3n, pesadillas, rabia\u2026 nada m\u00e1s llegar nos pasa esto \u00a1Qu\u00e9 fuerte! Pensaba \u00bfesta es la bienvenida que nos da Ecuador, Los Andes, Sudam\u00e9rica\u2026? \u00bfEsta an\u00e9cdota nos tocar\u00e1 el \u00e1nimo para poder hacer esas grandes monta\u00f1as previstas? No pas\u00e9 muy buena noche, pero al menos no ca\u00ed en el pozo de la oscura desesperanza, del desanimo irremediable, me dije que era mejor no pensar en que pasar\u00e1 e ir viviendo d\u00eda a d\u00eda, dej\u00e1ndonos fluir y no preocuparnos m\u00e1s all\u00e1 de lo que nos pasa en la jornada. Ma\u00f1ana ser\u00e1 otro d\u00eda, otra jornada, otro \u00e1nimo, otra fuerza, valor y valent\u00eda\u2026 siempre pens\u00e1bamos que al final tuvimos suerte de que nos pasara el primer d\u00eda del viaje, y se pudo ir solucionando a lo largo de los d\u00edas que est\u00e1bamos all\u00ed combin\u00e1ndolo con las actividades, porque si hubiera sido el \u00faltimo d\u00eda, sin los billetes de avi\u00f3n y documentaci\u00f3n para poder volar a nuestro pa\u00eds\u2026[vc_separator][\/vc_column_text][\/vc_column][\/vc_row][vc_row][vc_column][vc_empty_space height=\u00bb60px\u00bb][\/vc_column][\/vc_row][vc_row][vc_column][vc_cta h2=\u00bb\u00c1lbum de fotos\u00bb txt_align=\u00bbcenter\u00bb add_button=\u00bbbottom\u00bb btn_title=\u00bbVer fotos\u00bb btn_color=\u00bbwarning\u00bb btn_align=\u00bbcenter\u00bb btn_link=\u00bburl:https%3A%2F%2Fmonta%C3%B1asdelaluna.es%2F%3Fdt_gallery%3Dquito-2|title:Quito|target:_blank\u00bb css=\u00bb.vc_custom_1625672765673{background-color: #8bc4ed !important;}\u00bb]Puedes ver todas las fotos de Quito en forma de presentaci\u00f3n o individuales pinchando aqu\u00ed \u00a1No te las pierdas![\/vc_cta][\/vc_column][\/vc_row][vc_row][vc_column][vc_empty_space height=\u00bb60px\u00bb][\/vc_column][\/vc_row][vc_row][vc_column width=\u00bb1\/3&#8243;][\/vc_column][vc_column width=\u00bb1\/2&#8243;][vc_raw_html]JTNDaWZyYW1lJTIwc3JjJTNEJTIyaHR0cHMlM0ElMkYlMkZ3d3cubWV0ZW9ibHVlLmNvbSUyRmVzJTJGdGllbXBvJTJGd2lkZ2V0JTJGZGFpbHklMkZxdWl0b19lY3VhZG9yXzM2NTI0NjIlM0ZnZW9sb2MlM0RmaXhlZCUyNmRheXMlM0Q3JTI2dGVtcHVuaXQlM0RDRUxTSVVTJTI2d2luZHVuaXQlM0RLSUxPTUVURVJfUEVSX0hPVVIlMjZwcmVjaXB1bml0JTNETUlMTElNRVRFUiUyNmNvbG91cmVkJTNEY29sb3VyZWQlMjZwaWN0b2ljb24lM0QwJTI2cGljdG9pY29uJTNEMSUyNm1heHRlbXBlcmF0dXJlJTNEMCUyNm1heHRlbXBlcmF0dXJlJTNEMSUyNm1pbnRlbXBlcmF0dXJlJTNEMCUyNm1pbnRlbXBlcmF0dXJlJTNEMSUyNndpbmRzcGVlZCUzRDAlMjZ3aW5kc3BlZWQlM0QxJTI2d2luZGd1c3QlM0QwJTI2d2luZGd1c3QlM0QxJTI2d2luZGRpcmVjdGlvbiUzRDAlMjZ3aW5kZGlyZWN0aW9uJTNEMSUyNnV2JTNEMCUyNmh1bWlkaXR5JTNEMCUyNnByZWNpcGl0YXRpb24lM0QwJTI2cHJlY2lwaXRhdGlvbiUzRDElMjZwcmVjaXBpdGF0aW9ucHJvYmFiaWxpdHklM0QwJTI2cHJlY2lwaXRhdGlvbnByb2JhYmlsaXR5JTNEMSUyNnNwb3QlM0QwJTI2c3BvdCUzRDElMjZwcmVzc3VyZSUzRDAlMjZwcmVzc3VyZSUzRDElMjZsYXlvdXQlM0RsaWdodCUyMiUyMCUyMGZyYW1lYm9yZGVyJTNEJTIyMCUyMiUyMHNjcm9sbGluZyUzRCUyMk5PJTIyJTIwYWxsb3d0cmFuc3BhcmVuY3klM0QlMjJ0cnVlJTIyJTIwc2FuZGJveCUzRCUyMmFsbG93LXNhbWUtb3JpZ2luJTIwYWxsb3ctc2NyaXB0cyUyMGFsbG93LXBvcHVwcyUyMGFsbG93LXBvcHVwcy10by1lc2NhcGUtc2FuZGJveCUyMiUyMHN0eWxlJTNEJTIyd2lkdGglM0ElMjAzNzhweCUzQiUyMGhlaWdodCUzQSUyMDQyMHB4JTIyJTNFJTNDJTJGaWZyYW1lJTNFJTNDZGl2JTNFJTNDJTIxLS0lMjBETyUyME5PVCUyMFJFTU9WRSUyMFRISVMlMjBMSU5LJTIwLS0lM0UlM0NhJTIwaHJlZiUzRCUyMmh0dHBzJTNBJTJGJTJGd3d3Lm1ldGVvYmx1ZS5jb20lMkZlcyUyRnRpZW1wbyUyRnNlbWFuYSUyRnF1aXRvX2VjdWFkb3JfMzY1MjQ2MiUzRnV0bV9zb3VyY2UlM0R3ZWF0aGVyX3dpZGdldCUyNnV0bV9tZWRpdW0lM0RsaW5rdXMlMjZ1dG1fY29udGVudCUzRGRhaWx5JTI2dXRtX2NhbXBhaWduJTNEV2VhdGhlciUyNTJCV2lkZ2V0JTIyJTIwdGFyZ2V0JTNEJTIyX2JsYW5rJTIyJTNFbWV0ZW9ibHVlJTNDJTJGYSUzRSUzQyUyRmRpdiUzRQ==[\/vc_raw_html][\/vc_column][vc_column width=\u00bb1\/5&#8243;][\/vc_column][\/vc_row]<\/p>\n","protected":false},"excerpt":{"rendered":"<p>[vc_row][vc_column][vc_column_text]Noticias: Esta madrugada acab\u00f3 la huelga de Iberia (Pilotos) que cada verano es tradicional. 240 vuelos cancelados. 5.106 \u20ac perdidos al d\u00eda. Ayer, 11 J, el atentado en los trenes de Bombay se llev\u00f3 por delante a 200 personas. Israel ha invadido Gaza y el sur del L\u00edbano, amenaza la guerra. Ya comienza el viaje&hellip;<\/p>\n","protected":false},"author":1,"featured_media":34580,"comment_status":"open","ping_status":"open","sticky":false,"template":"","format":"standard","meta":[],"categories":[35],"tags":[],"class_list":["post-46309","post","type-post","status-publish","format-standard","has-post-thumbnail","hentry","category-ecuador","category-35","description-off"],"_links":{"self":[{"href":"https:\/\/www.monta\u00f1asdelaluna.es\/index.php?rest_route=\/wp\/v2\/posts\/46309","targetHints":{"allow":["GET"]}}],"collection":[{"href":"https:\/\/www.monta\u00f1asdelaluna.es\/index.php?rest_route=\/wp\/v2\/posts"}],"about":[{"href":"https:\/\/www.monta\u00f1asdelaluna.es\/index.php?rest_route=\/wp\/v2\/types\/post"}],"author":[{"embeddable":true,"href":"https:\/\/www.monta\u00f1asdelaluna.es\/index.php?rest_route=\/wp\/v2\/users\/1"}],"replies":[{"embeddable":true,"href":"https:\/\/www.monta\u00f1asdelaluna.es\/index.php?rest_route=%2Fwp%2Fv2%2Fcomments&post=46309"}],"version-history":[{"count":16,"href":"https:\/\/www.monta\u00f1asdelaluna.es\/index.php?rest_route=\/wp\/v2\/posts\/46309\/revisions"}],"predecessor-version":[{"id":46321,"href":"https:\/\/www.monta\u00f1asdelaluna.es\/index.php?rest_route=\/wp\/v2\/posts\/46309\/revisions\/46321"}],"wp:featuredmedia":[{"embeddable":true,"href":"https:\/\/www.monta\u00f1asdelaluna.es\/index.php?rest_route=\/wp\/v2\/media\/34580"}],"wp:attachment":[{"href":"https:\/\/www.monta\u00f1asdelaluna.es\/index.php?rest_route=%2Fwp%2Fv2%2Fmedia&parent=46309"}],"wp:term":[{"taxonomy":"category","embeddable":true,"href":"https:\/\/www.monta\u00f1asdelaluna.es\/index.php?rest_route=%2Fwp%2Fv2%2Fcategories&post=46309"},{"taxonomy":"post_tag","embeddable":true,"href":"https:\/\/www.monta\u00f1asdelaluna.es\/index.php?rest_route=%2Fwp%2Fv2%2Ftags&post=46309"}],"curies":[{"name":"wp","href":"https:\/\/api.w.org\/{rel}","templated":true}]}}