{"id":46589,"date":"2006-07-25T07:29:33","date_gmt":"2006-07-25T07:29:33","guid":{"rendered":"http:\/\/monta\u00f1asdelaluna.com\/?p=46589"},"modified":"2021-07-14T14:42:26","modified_gmt":"2021-07-14T14:42:26","slug":"25-de-julio-de-2-006-martes-dia-de-santiago-refugio-whymper-en-el-chimborazo-5-043-mts","status":"publish","type":"post","link":"https:\/\/www.monta\u00f1asdelaluna.es\/?p=46589","title":{"rendered":"25 de julio de 2.006. Martes. D\u00eda de Santiago. Refugio Whymper en el Chimborazo (5.043 mts.)"},"content":{"rendered":"<p>[vc_row][vc_column][vc_column_text]<span style=\"color: #0000ff;\">Nos levantamos tard\u00edsimo, a las 08:20. Desayunamos fuerte como es habitual. Nos hacemos las mochilas mientras desayunan los amigos de Rodrigo.<\/span> Hoy saldremos en busca del Chimborazo. Nos acercaremos al Refugio de los Hermanos Carrel y seguidamente al Refugio Whymper. Pero eso en un principio no lo sab\u00edamos, sab\u00edamos que hab\u00eda dos refugios, pero a cu\u00e1l de los dos ir\u00edamos para, al otro d\u00eda, hacer el ataque a la monta\u00f1a m\u00e1s alta de Ecuador, no lo sab\u00edamos.<\/p>\n<p><span style=\"color: #0000ff;\">Salimos de Urbina a las 11:30 hacia Riobamba, y en la oficina de Alta Aventura<\/span> (Monta\u00f1a) <span style=\"color: #0000ff;\">esperamos a que llegue Eloy (hermano de Paco<\/span> (nuestro gu\u00eda en el Carihuayrazo)<span style=\"color: #0000ff;\">), el gu\u00eda, y hacemos algunas averiguaciones sobre como ingresar en el Banco Solidario el dinero que debemos a Rodrigo. Estaba Jannette y Paty.<\/span><\/p>\n<p><span style=\"color: #0000ff;\"> A las 13 h. salimos con la camioneta por la carretera (la m\u00e1s alta pavimentada de Ecuador), 4.300 metros.<\/span> La carretera asfaltada a m\u00e1s altura de Ecuador. <span style=\"color: #0000ff;\">Pasamos por varias comunidades, incluida la de Mar\u00eda Magdalena. Nos vamos acercando al Chimborazo.<\/span><\/p>\n<p><span style=\"color: #0000ff;\">Pasamos la entrada pagando 5 Dl. por persona; Reserva Faun\u00edstica para la producci\u00f3n de vicu\u00f1as (reintroducidas, tra\u00eddas de Chile) se metieron 150 y ahora hay sobre 3.000. Con el coche llegamos al Refugio Hermanos Carrel 4.800 metros, all\u00ed comemos un s\u00e1ndwich y tomamos un t\u00e9. Nos vestimos. Es un refugio con muchos lujos, un buen comedor, con mesas de madera, una chimenea y unas camas algo precarias en el piso de arriba en una \u00fanica habitaci\u00f3n grande. El techo de chapa pintada de rojo es una buhardilla.<\/span><\/p>\n<div id=\"attachment_46592\" style=\"width: 1997px\" class=\"wp-caption aligncenter\"><a class=\"dt-single-image\" href=\"https:\/\/www.monta\u00f1asdelaluna.es\/wp-content\/uploads\/2006\/07\/Chimborazo-001.Urbina.web_.jpg\" data-dt-img-description=\"\"><img loading=\"lazy\" decoding=\"async\" aria-describedby=\"caption-attachment-46592\" class=\"wp-image-46592 size-full\" src=\"https:\/\/www.monta\u00f1asdelaluna.es\/wp-content\/uploads\/2006\/07\/Chimborazo-001.Urbina.web_.jpg\" alt=\"Mapa donde se situa Urbina con respecto el Chimborazo y sus refugios\" width=\"1987\" height=\"1206\" srcset=\"https:\/\/www.monta\u00f1asdelaluna.es\/wp-content\/uploads\/2006\/07\/Chimborazo-001.Urbina.web_.jpg 1987w, https:\/\/www.monta\u00f1asdelaluna.es\/wp-content\/uploads\/2006\/07\/Chimborazo-001.Urbina.web_-300x182.jpg 300w, https:\/\/www.monta\u00f1asdelaluna.es\/wp-content\/uploads\/2006\/07\/Chimborazo-001.Urbina.web_-1024x622.jpg 1024w\" sizes=\"auto, (max-width: 1987px) 100vw, 1987px\" \/><\/a><p id=\"caption-attachment-46592\" class=\"wp-caption-text\">Mapa donde se situa Urbina con respecto el Chimborazo y sus refugios<\/p><\/div>\n<p>El refugio eran todo de madera, o al menos forrada con ella, con tarima de madera en sus suelos, con un comedor amplio que ten\u00eda un escal\u00f3n que hac\u00eda bajada y una gran chimenea en el centro del sal\u00f3n pegada a una de las paredes, esta vez de piedra, pero con la caja donde est\u00e1 el fuego, de metal. Y fotos y postes de monta\u00f1as, sobre todo del mismo Chimborazo, en las paredes\u2026 un aut\u00e9ntico refugio de monta\u00f1a.<\/p>\n<p>Hab\u00eda mesas de madera con bancos a cada lado de \u00e9stas, tambi\u00e9n de madera, y nos encontramos encima de una de esas mesas a un tipo echado completamente con lo que parec\u00eda un \u201csoroche\u201d acojonante. Alguien nos dijo que era colombiano o del norte de Ecuador, y como a este refugio se pod\u00eda llegar en coche, pues muchos \u201cturistas\u201d llegaban aqu\u00ed, y muchos de ellos sufr\u00edan de mal de altura.<\/p>\n<div id=\"attachment_46547\" style=\"width: 830px\" class=\"wp-caption aligncenter\"><a class=\"dt-single-image\" href=\"https:\/\/www.monta\u00f1asdelaluna.es\/wp-content\/uploads\/2021\/01\/maria-magdalena-en-la-estacion-de-urbina-la-primera-mujer-indigena-en-subir-el-chimborazo.jpg\" data-dt-img-description=\"\"><img loading=\"lazy\" decoding=\"async\" aria-describedby=\"caption-attachment-46547\" class=\"wp-image-46547 \" src=\"https:\/\/www.monta\u00f1asdelaluna.es\/wp-content\/uploads\/2021\/01\/maria-magdalena-en-la-estacion-de-urbina-la-primera-mujer-indigena-en-subir-el-chimborazo.jpg\" alt=\"Maria Magdalena en la Estaci\u00f3n de Urbina, la primera mujer ind\u00edgena en subir el Chimborazo\" width=\"820\" height=\"1230\" srcset=\"https:\/\/www.monta\u00f1asdelaluna.es\/wp-content\/uploads\/2021\/01\/maria-magdalena-en-la-estacion-de-urbina-la-primera-mujer-indigena-en-subir-el-chimborazo.jpg 1000w, https:\/\/www.monta\u00f1asdelaluna.es\/wp-content\/uploads\/2021\/01\/maria-magdalena-en-la-estacion-de-urbina-la-primera-mujer-indigena-en-subir-el-chimborazo-200x300.jpg 200w, https:\/\/www.monta\u00f1asdelaluna.es\/wp-content\/uploads\/2021\/01\/maria-magdalena-en-la-estacion-de-urbina-la-primera-mujer-indigena-en-subir-el-chimborazo-683x1024.jpg 683w\" sizes=\"auto, (max-width: 820px) 100vw, 820px\" \/><\/a><p id=\"caption-attachment-46547\" class=\"wp-caption-text\">Maria Magdalena en la Estaci\u00f3n de Urbina, la primera mujer ind\u00edgena en subir el Chimborazo<\/p><\/div>\n<p>Hablando de Colombia o norte de Ecuador, hab\u00eda una extra\u00f1a \u201ctradici\u00f3n\u201d de meterse con la gente de la regi\u00f3n o provincia m\u00e1s al norte del pa\u00eds: Esmeraldas. Como aqu\u00ed nos metemos cari\u00f1osamente con los de Lepe, en esos chistes que contamos, all\u00ed lo hac\u00edan con los de Esmeraldas. No solamente sal\u00edan en sus chistes si no en ciertas cr\u00edticas e iron\u00edas dedicadas a aquellos que eran de otra parte del pa\u00eds, como si los de Madrid se metieran con los catalanes o los catalanes con los andaluces\u2026 pero curiosamente el resto de provincias, cantones o regiones de Ecuador se met\u00edan con la gente de Esmeraldas. Curioso.<\/p>\n<p><span style=\"color: #0000ff;\">En 30 minutos subimos con la mochila al Refugio Whymper a 5.000 metros, al pie de la ruta al Chimborazo. De \u00e9l sale la normal a la izquierda y la Whymper a la derecha (Este ingl\u00e9s fue el primer en coronar esta monta\u00f1a y esta misma ruta junto con los Carrel gu\u00edas suizos).<\/span><\/p>\n<p>El ingl\u00e9s Edward Whymper fue un alpinista y monta\u00f1ero de mitad del siglo XIX. En aquella \u00e9poca solo la gente de dinero y tiempo pod\u00eda dedicarse a subir aquellas grandes y altas monta\u00f1as de los Alpes, Pirineos, Andes\u2026 como el tambi\u00e9n llamado Conde Russell que tantas cimas hizo en el Pirineo y tan enamorado estaba del Vignemale; aunque Whymper no era tan arist\u00f3crata. Revolucion\u00f3 el mundo del alpinismo en Europa (subiendo por primera vez el Cervino, y su tr\u00e1gica bajada) y subi\u00f3 muchas grandes monta\u00f1as andinas por primera vez, entre ellas el Chimborazo.<\/p>\n<div id=\"attachment_46549\" style=\"width: 831px\" class=\"wp-caption aligncenter\"><a class=\"dt-single-image\" href=\"https:\/\/www.monta\u00f1asdelaluna.es\/wp-content\/uploads\/2021\/01\/joaquin-en-el-comedor-del-refugio-hermanos-carrel-4-856-mts.jpg\" data-dt-img-description=\"\"><img loading=\"lazy\" decoding=\"async\" aria-describedby=\"caption-attachment-46549\" class=\"wp-image-46549 \" src=\"https:\/\/www.monta\u00f1asdelaluna.es\/wp-content\/uploads\/2021\/01\/joaquin-en-el-comedor-del-refugio-hermanos-carrel-4-856-mts.jpg\" alt=\"Joaqu\u00edn en el comedor del Refugio Hermanos Carrel, 4.856 mts.\" width=\"821\" height=\"1232\" srcset=\"https:\/\/www.monta\u00f1asdelaluna.es\/wp-content\/uploads\/2021\/01\/joaquin-en-el-comedor-del-refugio-hermanos-carrel-4-856-mts.jpg 1000w, https:\/\/www.monta\u00f1asdelaluna.es\/wp-content\/uploads\/2021\/01\/joaquin-en-el-comedor-del-refugio-hermanos-carrel-4-856-mts-200x300.jpg 200w, https:\/\/www.monta\u00f1asdelaluna.es\/wp-content\/uploads\/2021\/01\/joaquin-en-el-comedor-del-refugio-hermanos-carrel-4-856-mts-683x1024.jpg 683w\" sizes=\"auto, (max-width: 821px) 100vw, 821px\" \/><\/a><p id=\"caption-attachment-46549\" class=\"wp-caption-text\">Joaqu\u00edn en el comedor del Refugio Hermanos Carrel, 4.856 mts.<\/p><\/div>\n<div id=\"attachment_46550\" style=\"width: 1034px\" class=\"wp-caption aligncenter\"><a class=\"dt-single-image\" href=\"https:\/\/www.monta\u00f1asdelaluna.es\/wp-content\/uploads\/2021\/01\/saliendo-del-refugio-hermanos-carrel-hacia-el-refugio-whymper-de-izquierda-a-derecha-joaquin-rodrigo-eloy-jesus-fabian.jpg\" data-dt-img-description=\"\"><img loading=\"lazy\" decoding=\"async\" aria-describedby=\"caption-attachment-46550\" class=\"wp-image-46550 size-large\" src=\"https:\/\/www.monta\u00f1asdelaluna.es\/wp-content\/uploads\/2021\/01\/saliendo-del-refugio-hermanos-carrel-hacia-el-refugio-whymper-de-izquierda-a-derecha-joaquin-rodrigo-eloy-jesus-fabian-1024x683.jpg\" alt=\"Saliendo del Refugio Hermanos Carrel hacia el Refugio Whymper, de izquierda a derecha: Joaqu\u00edn, Rodrigo, \u00bfEloy?, Jes\u00fas \u00bfFabi\u00e1n?\" width=\"1024\" height=\"683\" srcset=\"https:\/\/www.monta\u00f1asdelaluna.es\/wp-content\/uploads\/2021\/01\/saliendo-del-refugio-hermanos-carrel-hacia-el-refugio-whymper-de-izquierda-a-derecha-joaquin-rodrigo-eloy-jesus-fabian-1024x683.jpg 1024w, https:\/\/www.monta\u00f1asdelaluna.es\/wp-content\/uploads\/2021\/01\/saliendo-del-refugio-hermanos-carrel-hacia-el-refugio-whymper-de-izquierda-a-derecha-joaquin-rodrigo-eloy-jesus-fabian-300x200.jpg 300w, https:\/\/www.monta\u00f1asdelaluna.es\/wp-content\/uploads\/2021\/01\/saliendo-del-refugio-hermanos-carrel-hacia-el-refugio-whymper-de-izquierda-a-derecha-joaquin-rodrigo-eloy-jesus-fabian.jpg 1500w\" sizes=\"auto, (max-width: 1024px) 100vw, 1024px\" \/><\/a><p id=\"caption-attachment-46550\" class=\"wp-caption-text\">Saliendo del Refugio Hermanos Carrel hacia el Refugio Whymper, de izquierda a derecha: Joaqu\u00edn, Rodrigo, \u00bfEloy?, Jes\u00fas \u00bfFabi\u00e1n?<\/p><\/div>\n<p>Casi a finales del mismo S. XIX Edward Whymper, despu\u00e9s de la primera subida a la cima del Cervino, junto con los gu\u00edas suizos Louis y Jean-Antoine Carrel, los Hermanos Carrel (el nombre del primero de los refugios del Chimborazo), ideo la expedici\u00f3n para subir la que se pensaba durante mucho tiempo que era la monta\u00f1a m\u00e1s alta del Mundo, y nadie hab\u00eda subida a\u00fan: El Chimborazo. Aunque Humboldt dec\u00eda que fue el primero que lo subi\u00f3 muchos a\u00f1os antes que Whymper, se ha demostrado que solo habr\u00eda llegado a unos 6.000 mts. y que la ruta escogida hubiera sido imposible ya que se habr\u00eda encontrado con un murall\u00f3n de hielo del glaciar infranqueable en la \u00e9poca; aunque tambi\u00e9n se cuenta que tuvo que retirarse a causa del \u201csoroche\u201d, el mal de altura, a poco menos de esos 6.000 metros. De todas formas en aquella fue la mayor altura alcanzada por europeo alguno en la historia escrita. Curioso.<\/p>\n<p>Aunque el Chimborazo no es la monta\u00f1a m\u00e1s alta de Am\u00e9rica, s\u00ed tiene ciertas menciones que no se la pueden quitar nada ni nadie: es la monta\u00f1a m\u00e1s alta de Am\u00e9rica desde Ecuador hasta el Polo Norte. La cima del Chimborazo es el punto m\u00e1s alejado del centro de la Tierra o el punto de la Tierra m\u00e1s cercano al sol, y por ello es donde se supone \u201cdebemos pesar menos\u201d \u2026<\/p>\n<p>Edward Whymper, desde que lleg\u00f3 a la costa de Ecuador, pasando por Guayaquil, con la expedici\u00f3n organizada de muchos hombres y material (dicen que unos 200 hombres), desde el desembarco hasta llegar a la cima m\u00e1s alta de la monta\u00f1a, tard\u00f3 17 d\u00edas. Curiosamente el camino desde Guayaquil, desde la costa, hasta la base de la monta\u00f1a por donde la subir\u00eda (el lugar en el que estamos nosotros), fue por el Abraspungo, el valle del R\u00edo Mocha, el lugar que queda entre la misma monta\u00f1a y el Carihuayrazo; el mismo valle que nos recorrimos para ascender a la cima de esta \u00faltima.<\/p>\n<div id=\"attachment_46551\" style=\"width: 1034px\" class=\"wp-caption aligncenter\"><a class=\"dt-single-image\" href=\"https:\/\/www.monta\u00f1asdelaluna.es\/wp-content\/uploads\/2021\/01\/jesus-subiendo-al-refugio-whymper-abajo-queda-el-refugio-hermanos-carrel-a-4-856-mts-el-aparcamiento-y-el-monumento-a-los-fallecidos-delante.jpg\" data-dt-img-description=\"\"><img loading=\"lazy\" decoding=\"async\" aria-describedby=\"caption-attachment-46551\" class=\"wp-image-46551 size-large\" src=\"https:\/\/www.monta\u00f1asdelaluna.es\/wp-content\/uploads\/2021\/01\/jesus-subiendo-al-refugio-whymper-abajo-queda-el-refugio-hermanos-carrel-a-4-856-mts-el-aparcamiento-y-el-monumento-a-los-fallecidos-delante-1024x683.jpg\" alt=\"Jes\u00fas subiendo al Refugio Whymper, abajo queda el Refugio Hermanos Carrel a 4.856 mts., el aparcamiento y el monumento a los fallecidos delante\" width=\"1024\" height=\"683\" srcset=\"https:\/\/www.monta\u00f1asdelaluna.es\/wp-content\/uploads\/2021\/01\/jesus-subiendo-al-refugio-whymper-abajo-queda-el-refugio-hermanos-carrel-a-4-856-mts-el-aparcamiento-y-el-monumento-a-los-fallecidos-delante-1024x683.jpg 1024w, https:\/\/www.monta\u00f1asdelaluna.es\/wp-content\/uploads\/2021\/01\/jesus-subiendo-al-refugio-whymper-abajo-queda-el-refugio-hermanos-carrel-a-4-856-mts-el-aparcamiento-y-el-monumento-a-los-fallecidos-delante-300x200.jpg 300w, https:\/\/www.monta\u00f1asdelaluna.es\/wp-content\/uploads\/2021\/01\/jesus-subiendo-al-refugio-whymper-abajo-queda-el-refugio-hermanos-carrel-a-4-856-mts-el-aparcamiento-y-el-monumento-a-los-fallecidos-delante.jpg 1500w\" sizes=\"auto, (max-width: 1024px) 100vw, 1024px\" \/><\/a><p id=\"caption-attachment-46551\" class=\"wp-caption-text\">Jes\u00fas subiendo al Refugio Whymper, abajo queda el Refugio Hermanos Carrel a 4.856 mts., el aparcamiento y el monumento a los fallecidos delante<\/p><\/div>\n<div id=\"attachment_46553\" style=\"width: 1034px\" class=\"wp-caption aligncenter\"><a class=\"dt-single-image\" href=\"https:\/\/www.monta\u00f1asdelaluna.es\/wp-content\/uploads\/2021\/01\/joaquin-en-el-refugio-whymper-5-043-mts.jpg\" data-dt-img-description=\"\"><img loading=\"lazy\" decoding=\"async\" aria-describedby=\"caption-attachment-46553\" class=\"wp-image-46553 size-large\" src=\"https:\/\/www.monta\u00f1asdelaluna.es\/wp-content\/uploads\/2021\/01\/joaquin-en-el-refugio-whymper-5-043-mts-1024x683.jpg\" alt=\"Joaqu\u00edn en el Refugio Whymper, 5.043 mts.\" width=\"1024\" height=\"683\" srcset=\"https:\/\/www.monta\u00f1asdelaluna.es\/wp-content\/uploads\/2021\/01\/joaquin-en-el-refugio-whymper-5-043-mts-1024x683.jpg 1024w, https:\/\/www.monta\u00f1asdelaluna.es\/wp-content\/uploads\/2021\/01\/joaquin-en-el-refugio-whymper-5-043-mts-300x200.jpg 300w, https:\/\/www.monta\u00f1asdelaluna.es\/wp-content\/uploads\/2021\/01\/joaquin-en-el-refugio-whymper-5-043-mts.jpg 1500w\" sizes=\"auto, (max-width: 1024px) 100vw, 1024px\" \/><\/a><p id=\"caption-attachment-46553\" class=\"wp-caption-text\">Joaqu\u00edn en el Refugio Whymper, 5.043 mts.<\/p><\/div>\n<p>Dice una leyenda que Whymper al llegar a las cercan\u00edas de la monta\u00f1a, no solo pidi\u00f3 permiso al terrateniente del lugar, si no que de alguna manera le enga\u00f1\u00f3 para pagar la expedici\u00f3n a medias, ya que le dijo que ven\u00eda a buscar unos tesoros, supongo que de los incas o de otras civilizaciones, pueblos, y una vez encontrados se los repartir\u00edan. Supongo que en aquellos tiempos decirle que ven\u00eda con tanta gente y tanto equipo solo para subir a la cima de una monta\u00f1a, era incre\u00edble e improbable, de locos o insensatos \u00a1Quien iba a gastarse semejante fortuna y contratar cientos de personas solo para llegar a la congelada cima de una monta\u00f1a!&#8230; curiosamente era m\u00e1s cre\u00edble decir que iba a buscar tesoros, oro, a la monta\u00f1a; y podr\u00eda tener su credibilidad ya que la monta\u00f1a era y es una monta\u00f1a sagrada para los ind\u00edgenas que viven cerca de ella, antiguamente se hac\u00edan sacrificios y seguramente ofrendas que podr\u00edan ser esos tesoros\u2026 Muy listo e inteligente este Edward Whymper.<\/p>\n<p><span style=\"color: #0000ff;\"> All\u00ed nos cambiamos, vemos y fotografiamos la ruta. Tomamos un t\u00e9 y cenamos a las 17:15 en el comedor amplio con su chimenea. Las habitaciones est\u00e1n arriba y van desde la de 9 camas (en litera).<\/span><\/p>\n<p>La verdad es que no s\u00e9 por qu\u00e9 los dos refugios est\u00e1n tan cerca, a media hora de distancia, a 200 metros de desnivel, el Refugio Hermanos Carrel a 4.856 mts. y el Refugio Whymper a 5.043 metros. Seguramente al que llegaba el camino, los coches, ser\u00eda m\u00e1s bien para el turismo, visitantes no monta\u00f1eros, y el m\u00e1s alto para los monta\u00f1eros que quer\u00edan hacer la cima del Chimborazo. Con horarios, servicios y normas de estancia seguramente diferentes.<\/p>\n<div id=\"attachment_46555\" style=\"width: 1034px\" class=\"wp-caption aligncenter\"><a class=\"dt-single-image\" href=\"https:\/\/www.monta\u00f1asdelaluna.es\/wp-content\/uploads\/2021\/01\/jesus-rodrigo-y-joaquin-en-el-comedor-del-refugio-whymper.jpg\" data-dt-img-description=\"\"><img loading=\"lazy\" decoding=\"async\" aria-describedby=\"caption-attachment-46555\" class=\"wp-image-46555 size-large\" src=\"https:\/\/www.monta\u00f1asdelaluna.es\/wp-content\/uploads\/2021\/01\/jesus-rodrigo-y-joaquin-en-el-comedor-del-refugio-whymper-1024x683.jpg\" alt=\"Jes\u00fas, Rodrigo y Joaqu\u00edn en el comedor del Refugio Whymper\" width=\"1024\" height=\"683\" srcset=\"https:\/\/www.monta\u00f1asdelaluna.es\/wp-content\/uploads\/2021\/01\/jesus-rodrigo-y-joaquin-en-el-comedor-del-refugio-whymper-1024x683.jpg 1024w, https:\/\/www.monta\u00f1asdelaluna.es\/wp-content\/uploads\/2021\/01\/jesus-rodrigo-y-joaquin-en-el-comedor-del-refugio-whymper-300x200.jpg 300w, https:\/\/www.monta\u00f1asdelaluna.es\/wp-content\/uploads\/2021\/01\/jesus-rodrigo-y-joaquin-en-el-comedor-del-refugio-whymper.jpg 1500w\" sizes=\"auto, (max-width: 1024px) 100vw, 1024px\" \/><\/a><p id=\"caption-attachment-46555\" class=\"wp-caption-text\">Jes\u00fas, Rodrigo y Joaqu\u00edn en el comedor del Refugio Whymper<\/p><\/div>\n<div id=\"attachment_46554\" style=\"width: 831px\" class=\"wp-caption aligncenter\"><a class=\"dt-single-image\" href=\"https:\/\/www.monta\u00f1asdelaluna.es\/wp-content\/uploads\/2021\/01\/jesus-y-rodrigo-con-el-castillo-detras-a-la-izquierda.jpg\" data-dt-img-description=\"\"><img loading=\"lazy\" decoding=\"async\" aria-describedby=\"caption-attachment-46554\" class=\"wp-image-46554 \" src=\"https:\/\/www.monta\u00f1asdelaluna.es\/wp-content\/uploads\/2021\/01\/jesus-y-rodrigo-con-el-castillo-detras-a-la-izquierda.jpg\" alt=\"Jes\u00fas y Rodrigo con El Castillo detr\u00e1s a la izquierda\" width=\"821\" height=\"1232\" srcset=\"https:\/\/www.monta\u00f1asdelaluna.es\/wp-content\/uploads\/2021\/01\/jesus-y-rodrigo-con-el-castillo-detras-a-la-izquierda.jpg 1000w, https:\/\/www.monta\u00f1asdelaluna.es\/wp-content\/uploads\/2021\/01\/jesus-y-rodrigo-con-el-castillo-detras-a-la-izquierda-200x300.jpg 200w, https:\/\/www.monta\u00f1asdelaluna.es\/wp-content\/uploads\/2021\/01\/jesus-y-rodrigo-con-el-castillo-detras-a-la-izquierda-683x1024.jpg 683w\" sizes=\"auto, (max-width: 821px) 100vw, 821px\" \/><\/a><p id=\"caption-attachment-46554\" class=\"wp-caption-text\">Jes\u00fas y Rodrigo con El Castillo detr\u00e1s a la izquierda<\/p><\/div>\n<p>Nada m\u00e1s salir del Refugio Hermanos Carrel, nos encontramos con un monolito en forma de casi pir\u00e1mide de piedra y placas de metal incrustadas a su pared. Es el monumento a los fallecidos en el Chimborazo. Nos vamos dando cuenta, entre la historia y la visi\u00f3n de la monta\u00f1a, que no es \u201cmoco de pavo\u201d, que es una gran monta\u00f1a, con todos sus riesgos y desaf\u00edos. Pero estamos tranquilos, vamos con Rodrigo.<\/p>\n<p>Una vez acomodados en el Refugio Whymper, salimos fuera para ver el extraordinario espect\u00e1culo de la vista a la monta\u00f1a que quer\u00edamos subir, conquistar: nos hacemos fotos con Rodrigo, nosotros, con las vistas de las aparentemente altas y a la vez asumibles, laderas marrones anaranjadas del Chimborazo; con sus blancos y colgados hielos en las alturas que parecen se deshacen por minutos ante nuestros ojos. A la derecha, la cima Veintimilla o las estribaciones de la misma, a m\u00e1s de 6.200 mts. de altura; a la izquierda unas rocas m\u00e1s verticales, sin hielo, pero de igual color, m\u00e1s encrespadas y verticales: es El Castillo. Y algo de nieve, hielo disperso, escondido entre fisuras y la arrugas de la monta\u00f1a\u2026 una torre de piedra blanda volc\u00e1nica culmina la parte m\u00e1s alta de El Castillo. Y las nubes que a veces las tapan y a veces no, envuelven estos espacios que llegaron a considerarse en un momento de nuestra historia, como el lugar m\u00e1s alto del Mundo.<\/p>\n<p>Los espacios y forma del Refugio Whymper son parecidos al de los Hermanos Carrel, con su comedor de mesas y bancos de madera, su chimenea en un rinc\u00f3n del comedor, pero con un aire m\u00e1s acogedor, con m\u00e1s encanto y a la vez m\u00e1s austero, pero que cumple muy bien las funciones de lo que debe de ser un refugio de monta\u00f1a\u2026 no entiendo las cr\u00edticas reales de esos diarios que quieren poner en entredicho los servicios e infraestructura de ambos refugios\u2026 eso s\u00ed, no hab\u00eda nadie, o no recuerdo de que hubiera mucha gente. Puede ser por la dificultad de la monta\u00f1a o por el gran desnivel hasta su cima o por la larga, larga duraci\u00f3n de su ascenso, y descenso o por la peligrosidad de la zona de El Castillo, que no para de tirar piedras y rocas durante toda el d\u00eda por culpa de su verticalidad, terreno tan blando, tan deshecho e inestable por el cambio entre el frio de la noche y el calor, el poco calor del sol al amanecer, que dilata y contrae los materiales hasta hacerlos caer de sus cornisas y paredes, en este terreno, suelto, nada cohesionado y maleable\u2026 quiz\u00e1s por estas y otras razones no es una monta\u00f1a muy visitada.<\/p>\n<div id=\"attachment_46560\" style=\"width: 1034px\" class=\"wp-caption aligncenter\"><a class=\"dt-single-image\" href=\"https:\/\/www.monta\u00f1asdelaluna.es\/wp-content\/uploads\/2021\/01\/el-castillo-a-la-izquierda-ruta-de-subida-con-el-glaciar-en-forma-de-corredor-y-la-loma-de-subida-a-la-cumbre-veintimilla-a-la-derecha-en-el-glaciar-thielmann.jpg\" data-dt-img-description=\"\"><img loading=\"lazy\" decoding=\"async\" aria-describedby=\"caption-attachment-46560\" class=\"wp-image-46560 size-large\" src=\"https:\/\/www.monta\u00f1asdelaluna.es\/wp-content\/uploads\/2021\/01\/el-castillo-a-la-izquierda-ruta-de-subida-con-el-glaciar-en-forma-de-corredor-y-la-loma-de-subida-a-la-cumbre-veintimilla-a-la-derecha-en-el-glaciar-thielmann-1024x683.jpg\" alt=\"El Castillo a la izquierda, ruta de subida con el glaciar en forma de corredor y la loma de subida a la cumbre Veintimilla a la derecha en el Glaciar Thielmann\" width=\"1024\" height=\"683\" srcset=\"https:\/\/www.monta\u00f1asdelaluna.es\/wp-content\/uploads\/2021\/01\/el-castillo-a-la-izquierda-ruta-de-subida-con-el-glaciar-en-forma-de-corredor-y-la-loma-de-subida-a-la-cumbre-veintimilla-a-la-derecha-en-el-glaciar-thielmann-1024x683.jpg 1024w, https:\/\/www.monta\u00f1asdelaluna.es\/wp-content\/uploads\/2021\/01\/el-castillo-a-la-izquierda-ruta-de-subida-con-el-glaciar-en-forma-de-corredor-y-la-loma-de-subida-a-la-cumbre-veintimilla-a-la-derecha-en-el-glaciar-thielmann-300x200.jpg 300w, https:\/\/www.monta\u00f1asdelaluna.es\/wp-content\/uploads\/2021\/01\/el-castillo-a-la-izquierda-ruta-de-subida-con-el-glaciar-en-forma-de-corredor-y-la-loma-de-subida-a-la-cumbre-veintimilla-a-la-derecha-en-el-glaciar-thielmann.jpg 1500w\" sizes=\"auto, (max-width: 1024px) 100vw, 1024px\" \/><\/a><p id=\"caption-attachment-46560\" class=\"wp-caption-text\">El Castillo a la izquierda, ruta de subida con el glaciar en forma de corredor y la loma de subida a la cumbre Veintimilla a la derecha en el Glaciar Thielmann<\/p><\/div>\n<div id=\"attachment_46559\" style=\"width: 1034px\" class=\"wp-caption aligncenter\"><a class=\"dt-single-image\" href=\"https:\/\/www.monta\u00f1asdelaluna.es\/wp-content\/uploads\/2021\/01\/cumbre-veintimilla-del-chimborazo-con-el-el-glaciar-thielmann-a-la-izquierda.jpg\" data-dt-img-description=\"\"><img loading=\"lazy\" decoding=\"async\" aria-describedby=\"caption-attachment-46559\" class=\"wp-image-46559 size-large\" src=\"https:\/\/www.monta\u00f1asdelaluna.es\/wp-content\/uploads\/2021\/01\/cumbre-veintimilla-del-chimborazo-con-el-el-glaciar-thielmann-a-la-izquierda-1024x683.jpg\" alt=\"Cumbre Veintimilla del Chimborazo con el el Glaciar Thielmann a la izquierda\" width=\"1024\" height=\"683\" srcset=\"https:\/\/www.monta\u00f1asdelaluna.es\/wp-content\/uploads\/2021\/01\/cumbre-veintimilla-del-chimborazo-con-el-el-glaciar-thielmann-a-la-izquierda-1024x683.jpg 1024w, https:\/\/www.monta\u00f1asdelaluna.es\/wp-content\/uploads\/2021\/01\/cumbre-veintimilla-del-chimborazo-con-el-el-glaciar-thielmann-a-la-izquierda-300x200.jpg 300w, https:\/\/www.monta\u00f1asdelaluna.es\/wp-content\/uploads\/2021\/01\/cumbre-veintimilla-del-chimborazo-con-el-el-glaciar-thielmann-a-la-izquierda.jpg 1500w\" sizes=\"auto, (max-width: 1024px) 100vw, 1024px\" \/><\/a><p id=\"caption-attachment-46559\" class=\"wp-caption-text\">Cumbre Veintimilla del Chimborazo con el el Glaciar Thielmann a la izquierda<\/p><\/div>\n<p><span style=\"color: #0000ff;\">Men\u00fa crema de champi\u00f1ones, pur\u00e9 de patata con menestra y chuleta de chancho. A las 18 h. nos acostamos cuando el sol del atardecer da gustito y mejor se est\u00e1 contemplando la ruta totalmente despejada y la monta\u00f1a majestuosa e imponente. La cima Veintimilla nos tapa la Whymper, 60 metros m\u00e1s alta. El refugio se construy\u00f3 en 1.979 y aunque est\u00e1 lleno de placas conmemorativas, est\u00e1 vac\u00edo. Solo estamos nosotros y el guarda, es algo asombroso, que en nuestro pa\u00eds ser\u00eda inconcebible.<\/span><\/p>\n<p><span style=\"color: #0000ff;\">Nos acostamos con luz del d\u00eda. Las habitaciones est\u00e1n heladas pero con el saco llegamos a tener calor.<\/span> Yo me acuesto nervioso, muy nervioso, ma\u00f1ana atacaremos la monta\u00f1a m\u00e1s alta que nunca hemos hecho, sobrepasaremos de largo la cota de los seismil metros, 600 metros m\u00e1s alto que la monta\u00f1a m\u00e1s alta o la cota m\u00e1s alta a la que hemos estado. 600 metros parece poco a nivel del mar, a media monta\u00f1a, pero en la altas y grandes monta\u00f1as, es un mundo, es un salto enorme. Adem\u00e1s con las caracter\u00edsticas y condiciones ya descritas como las razones por la que no todos los monta\u00f1eros quieren subir a esta monta\u00f1a\u2026 no dorm\u00ed mucho, nada, pero al menos descans\u00e9, estar acostado con los ojos cerrados con las mariposas del nerviosismo en la cabeza que no paran de revolotear y de tocar las neuronas que hacen nos la comamos con cualquier cosa, nunca buena.<\/p>\n<p><span style=\"color: #0000ff;\">A las 20:30 nos llaman y nos vestimos con ropa de monta\u00f1a.<\/span> Yo recuerdo la hora de las 22:20 pero igual fue la segunda llamada para salir del saco. De todas formas es la hora m\u00e1s temprana que nunca hemos tenido para salir, levantarnos, para subir una monta\u00f1a; de entonces y hasta ahora en todas las grandes monta\u00f1as que hemos llegado a subir o intentar su cima. El salir cuando el d\u00eda no se hab\u00eda acabado a\u00fan, nos proporcionaba una especia de ansiedad y preocupaci\u00f3n, como diciendo \u201c\u00bf\u00a1Tan larga y complicada es que debemos salir tan pronto!?\u201d. Excepcional y angustioso. <span style=\"color: #0000ff;\">Separamos todo lo que no vamos a subir en la mochila con unas bolsas grandes, para que lo bajen al otro refugio. Desayunamos sin ganas y a las 23:30 salimos andando muy despacito y muy abrigados.<\/span> Antes de salir Rodrigo vuelve a hacer su ritual de calentamiento en el comedor del refugio, como cuando salimos en busca de la cima del Cotopaxi. <span style=\"color: #0000ff;\">Caminamos 1 h. para llegar al hielo que se alterna con la roca.<\/span><\/p>\n<div id=\"attachment_46557\" style=\"width: 831px\" class=\"wp-caption aligncenter\"><a class=\"dt-single-image\" href=\"https:\/\/www.monta\u00f1asdelaluna.es\/wp-content\/uploads\/2021\/01\/joaquin-y-arriba-la-cumbre-veintimilla-del-chimborazo-con-el-el-glaciar-thielmann-a-la-izquierda.jpg\" data-dt-img-description=\"\"><img loading=\"lazy\" decoding=\"async\" aria-describedby=\"caption-attachment-46557\" class=\"wp-image-46557 \" src=\"https:\/\/www.monta\u00f1asdelaluna.es\/wp-content\/uploads\/2021\/01\/joaquin-y-arriba-la-cumbre-veintimilla-del-chimborazo-con-el-el-glaciar-thielmann-a-la-izquierda.jpg\" alt=\"Joaqu\u00edn y arriba la cumbre Veintimilla del Chimborazo, con el el Glaciar Thielmann a la izquierda\" width=\"821\" height=\"1232\" srcset=\"https:\/\/www.monta\u00f1asdelaluna.es\/wp-content\/uploads\/2021\/01\/joaquin-y-arriba-la-cumbre-veintimilla-del-chimborazo-con-el-el-glaciar-thielmann-a-la-izquierda.jpg 1000w, https:\/\/www.monta\u00f1asdelaluna.es\/wp-content\/uploads\/2021\/01\/joaquin-y-arriba-la-cumbre-veintimilla-del-chimborazo-con-el-el-glaciar-thielmann-a-la-izquierda-200x300.jpg 200w, https:\/\/www.monta\u00f1asdelaluna.es\/wp-content\/uploads\/2021\/01\/joaquin-y-arriba-la-cumbre-veintimilla-del-chimborazo-con-el-el-glaciar-thielmann-a-la-izquierda-683x1024.jpg 683w\" sizes=\"auto, (max-width: 821px) 100vw, 821px\" \/><\/a><p id=\"caption-attachment-46557\" class=\"wp-caption-text\">Joaqu\u00edn y arriba la cumbre Veintimilla del Chimborazo, con el el Glaciar Thielmann a la izquierda<\/p><\/div>\n<div id=\"attachment_46558\" style=\"width: 831px\" class=\"wp-caption aligncenter\"><a class=\"dt-single-image\" href=\"https:\/\/www.monta\u00f1asdelaluna.es\/wp-content\/uploads\/2021\/01\/jesus-y-arriba-la-cumbre-veintimilla-del-chimborazo-con-el-el-glaciar-thielmann-a-la-izquierda.jpg\" data-dt-img-description=\"\"><img loading=\"lazy\" decoding=\"async\" aria-describedby=\"caption-attachment-46558\" class=\"wp-image-46558 \" src=\"https:\/\/www.monta\u00f1asdelaluna.es\/wp-content\/uploads\/2021\/01\/jesus-y-arriba-la-cumbre-veintimilla-del-chimborazo-con-el-el-glaciar-thielmann-a-la-izquierda.jpg\" alt=\"Jes\u00fas y arriba la cumbre Veintimilla del Chimborazo, con el el Glaciar Thielmann a la izquierda\" width=\"821\" height=\"1232\" srcset=\"https:\/\/www.monta\u00f1asdelaluna.es\/wp-content\/uploads\/2021\/01\/jesus-y-arriba-la-cumbre-veintimilla-del-chimborazo-con-el-el-glaciar-thielmann-a-la-izquierda.jpg 1000w, https:\/\/www.monta\u00f1asdelaluna.es\/wp-content\/uploads\/2021\/01\/jesus-y-arriba-la-cumbre-veintimilla-del-chimborazo-con-el-el-glaciar-thielmann-a-la-izquierda-200x300.jpg 200w, https:\/\/www.monta\u00f1asdelaluna.es\/wp-content\/uploads\/2021\/01\/jesus-y-arriba-la-cumbre-veintimilla-del-chimborazo-con-el-el-glaciar-thielmann-a-la-izquierda-683x1024.jpg 683w\" sizes=\"auto, (max-width: 821px) 100vw, 821px\" \/><\/a><p id=\"caption-attachment-46558\" class=\"wp-caption-text\">Jes\u00fas y arriba la cumbre Veintimilla del Chimborazo, con el el Glaciar Thielmann a la izquierda<\/p><\/div>\n<p>Por suerte la sensaci\u00f3n nada m\u00e1s comenzar la marcha fue muy buena. Salimos por detr\u00e1s del refugio y el paso era tan bueno que no sent\u00edamos ni cansancio ni el pesar que a veces sientes cuando est\u00e1s a punto de hacer un sobreesfuerzo. Estamos fuertes y aclimatados, y el recorrido por el momento es ascender por una senda en busca de las laderas del Chimborazo para subir al collado que queda entre El Castillo, esa torre de piedra marr\u00f3n anaranjada que se ve\u00eda a la izquierda, y la loma helada que sube a las cimas de la monta\u00f1a.<\/p>\n<p>La noche es perfecta. Total oscuridad y silencio, solamente desvelada por el sonido de nuestros pasos en la blanda tierra y por la luz de nuestras linternas frontales. No parece que vaya a hacer mal tiempo, al menos por el momento. El desnivel a salvar es de cerca de 1.300 metros (o 1.250 mts. seg\u00fan la informaci\u00f3n de las \u00faltimas mediciones de la altura del volc\u00e1n), es un desnivel importante, rese\u00f1able para hacer una gran monta\u00f1a. El \u201csoroche\u201d o mal de altura, puede aparecer en cualquier momento a pesar de estar bien aclimatados. Pero en estos primeros pasos estamos fuertes, seguros y animados.<\/p>\n<div id=\"attachment_46596\" style=\"width: 1834px\" class=\"wp-caption aligncenter\"><a class=\"dt-single-image\" href=\"https:\/\/www.monta\u00f1asdelaluna.es\/wp-content\/uploads\/2006\/07\/ChimborazoCima-001.Refugios.web_.jpg\" data-dt-img-description=\"\"><img loading=\"lazy\" decoding=\"async\" aria-describedby=\"caption-attachment-46596\" class=\"wp-image-46596 size-full\" src=\"https:\/\/www.monta\u00f1asdelaluna.es\/wp-content\/uploads\/2006\/07\/ChimborazoCima-001.Refugios.web_.jpg\" alt=\"Croquis del recorrido entre los refugios del Chimborazo\" width=\"1824\" height=\"1326\" srcset=\"https:\/\/www.monta\u00f1asdelaluna.es\/wp-content\/uploads\/2006\/07\/ChimborazoCima-001.Refugios.web_.jpg 1824w, https:\/\/www.monta\u00f1asdelaluna.es\/wp-content\/uploads\/2006\/07\/ChimborazoCima-001.Refugios.web_-300x218.jpg 300w, https:\/\/www.monta\u00f1asdelaluna.es\/wp-content\/uploads\/2006\/07\/ChimborazoCima-001.Refugios.web_-1024x744.jpg 1024w\" sizes=\"auto, (max-width: 1824px) 100vw, 1824px\" \/><\/a><p id=\"caption-attachment-46596\" class=\"wp-caption-text\">Croquis del recorrido entre los refugios del Chimborazo<\/p><\/div>\n<p>&nbsp;<\/p>\n<p>[vc_separator][\/vc_column_text][\/vc_column][\/vc_row][vc_row][vc_column][vc_empty_space height=\u00bb60px\u00bb][\/vc_column][\/vc_row][vc_row][vc_column][vc_cta h2=\u00bb\u00c1lbum de fotos\u00bb txt_align=\u00bbcenter\u00bb add_button=\u00bbbottom\u00bb btn_title=\u00bbVer fotos\u00bb btn_color=\u00bbwarning\u00bb btn_align=\u00bbcenter\u00bb btn_link=\u00bburl:https%3A%2F%2Fmonta%C3%B1asdelaluna.es%2F%3Fdt_gallery%3Dchimborazo-6-310-mts-2|title:Chimborazo%2C%206.310%20mts.|target:_blank\u00bb css=\u00bb.vc_custom_1625687807032{background-color: #8bc4ed !important;}\u00bb]Puedes ver las fotos Chimborazo, 6.310 mts. en forma de presentaci\u00f3n o individuales pinchando aqui \u00a1No te las pierdas![\/vc_cta][\/vc_column][\/vc_row][vc_row][vc_column][vc_empty_space height=\u00bb60px\u00bb][\/vc_column][\/vc_row][vc_row][vc_column width=\u00bb1\/6&#8243;][\/vc_column][vc_column width=\u00bb1\/3&#8243;][vc_empty_space height=\u00bb23px\u00bb][vc_raw_html]JTNDaWZyYW1lJTIwc3JjJTNEJTIyaHR0cHMlM0ElMkYlMkZ3d3cubWV0ZW9ibHVlLmNvbSUyRmVzJTJGdGllbXBvJTJGd2lkZ2V0JTJGZGFpbHklMkZ1cmJpbmFfZWN1YWRvcl8zNjUwMzQ5JTNGZ2VvbG9jJTNEZml4ZWQlMjZkYXlzJTNENyUyNnRlbXB1bml0JTNEQ0VMU0lVUyUyNndpbmR1bml0JTNES0lMT01FVEVSX1BFUl9IT1VSJTI2cHJlY2lwdW5pdCUzRE1JTExJTUVURVIlMjZjb2xvdXJlZCUzRGNvbG91cmVkJTI2cGljdG9pY29uJTNEMCUyNnBpY3RvaWNvbiUzRDElMjZtYXh0ZW1wZXJhdHVyZSUzRDAlMjZtYXh0ZW1wZXJhdHVyZSUzRDElMjZtaW50ZW1wZXJhdHVyZSUzRDAlMjZtaW50ZW1wZXJhdHVyZSUzRDElMjZ3aW5kc3BlZWQlM0QwJTI2d2luZHNwZWVkJTNEMSUyNndpbmRndXN0JTNEMCUyNndpbmRndXN0JTNEMSUyNndpbmRkaXJlY3Rpb24lM0QwJTI2d2luZGRpcmVjdGlvbiUzRDElMjZ1diUzRDAlMjZodW1pZGl0eSUzRDAlMjZwcmVjaXBpdGF0aW9uJTNEMCUyNnByZWNpcGl0YXRpb24lM0QxJTI2cHJlY2lwaXRhdGlvbnByb2JhYmlsaXR5JTNEMCUyNnByZWNpcGl0YXRpb25wcm9iYWJpbGl0eSUzRDElMjZzcG90JTNEMCUyNnNwb3QlM0QxJTI2cHJlc3N1cmUlM0QwJTI2cHJlc3N1cmUlM0QxJTI2bGF5b3V0JTNEbGlnaHQlMjIlMjAlMjBmcmFtZWJvcmRlciUzRCUyMjAlMjIlMjBzY3JvbGxpbmclM0QlMjJOTyUyMiUyMGFsbG93dHJhbnNwYXJlbmN5JTNEJTIydHJ1ZSUyMiUyMHNhbmRib3glM0QlMjJhbGxvdy1zYW1lLW9yaWdpbiUyMGFsbG93LXNjcmlwdHMlMjBhbGxvdy1wb3B1cHMlMjBhbGxvdy1wb3B1cHMtdG8tZXNjYXBlLXNhbmRib3glMjIlMjBzdHlsZSUzRCUyMndpZHRoJTNBJTIwMzc4cHglM0IlMjBoZWlnaHQlM0ElMjA0MjBweCUyMiUzRSUzQyUyRmlmcmFtZSUzRSUzQ2RpdiUzRSUzQyUyMS0tJTIwRE8lMjBOT1QlMjBSRU1PVkUlMjBUSElTJTIwTElOSyUyMC0tJTNFJTNDYSUyMGhyZWYlM0QlMjJodHRwcyUzQSUyRiUyRnd3dy5tZXRlb2JsdWUuY29tJTJGZXMlMkZ0aWVtcG8lMkZzZW1hbmElMkZ1cmJpbmFfZWN1YWRvcl8zNjUwMzQ5JTNGdXRtX3NvdXJjZSUzRHdlYXRoZXJfd2lkZ2V0JTI2dXRtX21lZGl1bSUzRGxpbmt1cyUyNnV0bV9jb250ZW50JTNEZGFpbHklMjZ1dG1fY2FtcGFpZ24lM0RXZWF0aGVyJTI1MkJXaWRnZXQlMjIlMjB0YXJnZXQlM0QlMjJfYmxhbmslMjIlM0VtZXRlb2JsdWUlM0MlMkZhJTNFJTNDJTJGZGl2JTNF[\/vc_raw_html][\/vc_column][vc_column width=\u00bb1\/3&#8243;][vc_column_text]Tiempo en Refugio Whymper[\/vc_column_text][vc_raw_html]JTNDaWZyYW1lJTIwc3JjJTNEJTIyaHR0cHMlM0ElMkYlMkZ3d3cubWV0ZW9ibHVlLmNvbSUyRmVzJTJGdGllbXBvJTJGd2lkZ2V0JTJGZGFpbHklMkYtMS40NzNOLTc4LjgzOUU1MDEwX0FtZXJpY2ElMjUyRkd1YXlhcXVpbCUzRmdlb2xvYyUzRGZpeGVkJTI2ZGF5cyUzRDclMjZ0ZW1wdW5pdCUzRENFTFNJVVMlMjZ3aW5kdW5pdCUzREtJTE9NRVRFUl9QRVJfSE9VUiUyNnByZWNpcHVuaXQlM0RNSUxMSU1FVEVSJTI2Y29sb3VyZWQlM0Rjb2xvdXJlZCUyNnBpY3RvaWNvbiUzRDAlMjZwaWN0b2ljb24lM0QxJTI2bWF4dGVtcGVyYXR1cmUlM0QwJTI2bWF4dGVtcGVyYXR1cmUlM0QxJTI2bWludGVtcGVyYXR1cmUlM0QwJTI2bWludGVtcGVyYXR1cmUlM0QxJTI2d2luZHNwZWVkJTNEMCUyNndpbmRzcGVlZCUzRDElMjZ3aW5kZ3VzdCUzRDAlMjZ3aW5kZ3VzdCUzRDElMjZ3aW5kZGlyZWN0aW9uJTNEMCUyNndpbmRkaXJlY3Rpb24lM0QxJTI2dXYlM0QwJTI2aHVtaWRpdHklM0QwJTI2cHJlY2lwaXRhdGlvbiUzRDAlMjZwcmVjaXBpdGF0aW9uJTNEMSUyNnByZWNpcGl0YXRpb25wcm9iYWJpbGl0eSUzRDAlMjZwcmVjaXBpdGF0aW9ucHJvYmFiaWxpdHklM0QxJTI2c3BvdCUzRDAlMjZzcG90JTNEMSUyNnByZXNzdXJlJTNEMCUyNnByZXNzdXJlJTNEMSUyNmxheW91dCUzRGxpZ2h0JTIyJTIwJTIwZnJhbWVib3JkZXIlM0QlMjIwJTIyJTIwc2Nyb2xsaW5nJTNEJTIyTk8lMjIlMjBhbGxvd3RyYW5zcGFyZW5jeSUzRCUyMnRydWUlMjIlMjBzYW5kYm94JTNEJTIyYWxsb3ctc2FtZS1vcmlnaW4lMjBhbGxvdy1zY3JpcHRzJTIwYWxsb3ctcG9wdXBzJTIwYWxsb3ctcG9wdXBzLXRvLWVzY2FwZS1zYW5kYm94JTIyJTIwc3R5bGUlM0QlMjJ3aWR0aCUzQSUyMDM3OHB4JTNCJTIwaGVpZ2h0JTNBJTIwNDIwcHglMjIlM0UlM0MlMkZpZnJhbWUlM0UlM0NkaXYlM0UlM0MlMjEtLSUyMERPJTIwTk9UJTIwUkVNT1ZFJTIwVEhJUyUyMExJTkslMjAtLSUzRSUzQ2ElMjBocmVmJTNEJTIyaHR0cHMlM0ElMkYlMkZ3d3cubWV0ZW9ibHVlLmNvbSUyRmVzJTJGdGllbXBvJTJGc2VtYW5hJTJGLTEuNDczTi03OC44MzlFNTAxMF9BbWVyaWNhJTI1MkZHdWF5YXF1aWwlM0Z1dG1fc291cmNlJTNEd2VhdGhlcl93aWRnZXQlMjZ1dG1fbWVkaXVtJTNEbGlua3VzJTI2dXRtX2NvbnRlbnQlM0RkYWlseSUyNnV0bV9jYW1wYWlnbiUzRFdlYXRoZXIlMjUyQldpZGdldCUyMiUyMHRhcmdldCUzRCUyMl9ibGFuayUyMiUzRW1ldGVvYmx1ZSUzQyUyRmElM0UlM0MlMkZkaXYlM0U=[\/vc_raw_html][\/vc_column][vc_column width=\u00bb1\/6&#8243;][\/vc_column][\/vc_row]<\/p>\n","protected":false},"excerpt":{"rendered":"<p>[vc_row][vc_column][vc_column_text]Nos levantamos tard\u00edsimo, a las 08:20. Desayunamos fuerte como es habitual. Nos hacemos las mochilas mientras desayunan los amigos de Rodrigo. Hoy saldremos en busca del Chimborazo. Nos acercaremos al Refugio de los Hermanos Carrel y seguidamente al Refugio Whymper. Pero eso en un principio no lo sab\u00edamos, sab\u00edamos que hab\u00eda dos refugios, pero a&hellip;<\/p>\n","protected":false},"author":1,"featured_media":46559,"comment_status":"open","ping_status":"open","sticky":false,"template":"","format":"standard","meta":[],"categories":[35],"tags":[],"class_list":["post-46589","post","type-post","status-publish","format-standard","has-post-thumbnail","hentry","category-ecuador","category-35","description-off"],"_links":{"self":[{"href":"https:\/\/www.monta\u00f1asdelaluna.es\/index.php?rest_route=\/wp\/v2\/posts\/46589","targetHints":{"allow":["GET"]}}],"collection":[{"href":"https:\/\/www.monta\u00f1asdelaluna.es\/index.php?rest_route=\/wp\/v2\/posts"}],"about":[{"href":"https:\/\/www.monta\u00f1asdelaluna.es\/index.php?rest_route=\/wp\/v2\/types\/post"}],"author":[{"embeddable":true,"href":"https:\/\/www.monta\u00f1asdelaluna.es\/index.php?rest_route=\/wp\/v2\/users\/1"}],"replies":[{"embeddable":true,"href":"https:\/\/www.monta\u00f1asdelaluna.es\/index.php?rest_route=%2Fwp%2Fv2%2Fcomments&post=46589"}],"version-history":[{"count":9,"href":"https:\/\/www.monta\u00f1asdelaluna.es\/index.php?rest_route=\/wp\/v2\/posts\/46589\/revisions"}],"predecessor-version":[{"id":49945,"href":"https:\/\/www.monta\u00f1asdelaluna.es\/index.php?rest_route=\/wp\/v2\/posts\/46589\/revisions\/49945"}],"wp:featuredmedia":[{"embeddable":true,"href":"https:\/\/www.monta\u00f1asdelaluna.es\/index.php?rest_route=\/wp\/v2\/media\/46559"}],"wp:attachment":[{"href":"https:\/\/www.monta\u00f1asdelaluna.es\/index.php?rest_route=%2Fwp%2Fv2%2Fmedia&parent=46589"}],"wp:term":[{"taxonomy":"category","embeddable":true,"href":"https:\/\/www.monta\u00f1asdelaluna.es\/index.php?rest_route=%2Fwp%2Fv2%2Fcategories&post=46589"},{"taxonomy":"post_tag","embeddable":true,"href":"https:\/\/www.monta\u00f1asdelaluna.es\/index.php?rest_route=%2Fwp%2Fv2%2Ftags&post=46589"}],"curies":[{"name":"wp","href":"https:\/\/api.w.org\/{rel}","templated":true}]}}