{"id":46700,"date":"2006-07-28T12:30:26","date_gmt":"2006-07-28T12:30:26","guid":{"rendered":"http:\/\/monta\u00f1asdelaluna.com\/?p=46700"},"modified":"2021-07-14T14:58:25","modified_gmt":"2021-07-14T14:58:25","slug":"28-de-julio-de-2-006-viernes-nueva-subida-al-refugio-de-la-cara-sur-del-cotopaxi-3-990-mts","status":"publish","type":"post","link":"https:\/\/www.monta\u00f1asdelaluna.es\/?p=46700","title":{"rendered":"28 de julio de 2.006. Viernes. Nueva subida al Refugio de la Cara Sur del Cotopaxi, 3.990 mts."},"content":{"rendered":"<p>[vc_row][vc_column][vc_column_text]Esta noche ha hecho m\u00e1s frio de lo habitual y ha precipitado a la vez. Al levantarnos y ver el paisaje, vemos que el Chimborazo y el Carihuayrazo est\u00e1n despejados, pero en un d\u00eda que en Espa\u00f1a calificar\u00edamos de invierno, con nubes altas que impiden al sol calentar e incluso ser visible, pero que deja las figuras monta\u00f1osas perfectamente reconocibles, eso s\u00ed, con una capa de nieve nueva ca\u00edda a partir de unos cuatro mil a cuatro mil doscientos metros, d\u00e1ndoles un nuevo, vivo y frio aspecto.<\/p>\n<p>Hoy tenemos que ir a los refugios de la cara sur del Cotopaxi: aparcar junto al Refugio de la cara sur y subir hasta el campo alto, para ma\u00f1ana hacer nuestra segunda intentona a la cima de este espectacular volc\u00e1n activo. Pero me parece que el tiempo por ahora no acompa\u00f1a. Si aqu\u00ed ha nevado un poco a esa altura, entonces justo en el recorrido entre los dos refugios nos encontraremos con dicha nieve. Pero eso no es lo preocupante, lo que nos puede preocupar es que ese mal tiempo siga hoy y ma\u00f1ana.<\/p>\n<p>El que haga mal tiempo hoy en la subida, recorrido al campo alto, creo que no tendr\u00eda importancia, es f\u00e1cil y nada perdedor y vamos preparados para una actividad nevando. Pero si ma\u00f1ana persiste el mal tiempo y de nuevo hace Viento Blanco, peligrar\u00e1 nuestra ascensi\u00f3n a la cima del Cotopaxi. Normalmente en estas situaciones soy optimista: pienso que si los d\u00edas anteriores al d\u00eda de ataque hace mal tiempo, quiere decir que el buen tiempo vendr\u00e1 el d\u00eda de la subida\u2026 porque al rev\u00e9s tambi\u00e9n sucede\u2026 No perdamos la esperanza, hemos llegado a la cima del Chimborazo, podemos llegar a la cima del Cotopaxi\u2026 la tenemos a tocar.<\/p>\n<div id=\"attachment_46344\" style=\"width: 1034px\" class=\"wp-caption aligncenter\"><a class=\"dt-single-image\" href=\"https:\/\/www.monta\u00f1asdelaluna.es\/wp-content\/uploads\/2020\/12\/el-chimborazo-desde-la-estacion-de-urbina.jpg\" data-dt-img-description=\"\"><img loading=\"lazy\" decoding=\"async\" aria-describedby=\"caption-attachment-46344\" class=\"wp-image-46344 size-large\" src=\"https:\/\/www.monta\u00f1asdelaluna.es\/wp-content\/uploads\/2020\/12\/el-chimborazo-desde-la-estacion-de-urbina-1024x683.jpg\" alt=\"El Chimborazo desde la Estaci\u00f3n de Urbina\" width=\"1024\" height=\"683\" srcset=\"https:\/\/www.monta\u00f1asdelaluna.es\/wp-content\/uploads\/2020\/12\/el-chimborazo-desde-la-estacion-de-urbina-1024x683.jpg 1024w, https:\/\/www.monta\u00f1asdelaluna.es\/wp-content\/uploads\/2020\/12\/el-chimborazo-desde-la-estacion-de-urbina-300x200.jpg 300w, https:\/\/www.monta\u00f1asdelaluna.es\/wp-content\/uploads\/2020\/12\/el-chimborazo-desde-la-estacion-de-urbina.jpg 1500w\" sizes=\"auto, (max-width: 1024px) 100vw, 1024px\" \/><\/a><p id=\"caption-attachment-46344\" class=\"wp-caption-text\">El Chimborazo desde la Estaci\u00f3n de Urbina<\/p><\/div>\n<div id=\"attachment_46343\" style=\"width: 1034px\" class=\"wp-caption aligncenter\"><a class=\"dt-single-image\" href=\"https:\/\/www.monta\u00f1asdelaluna.es\/wp-content\/uploads\/2020\/12\/015F.jpg\" data-dt-img-description=\"\"><img loading=\"lazy\" decoding=\"async\" aria-describedby=\"caption-attachment-46343\" class=\"wp-image-46343 size-large\" src=\"https:\/\/www.monta\u00f1asdelaluna.es\/wp-content\/uploads\/2020\/12\/015F-1024x683.jpg\" alt=\"Al fondo el Carihuayrazo desde las v\u00edas del tren cerca de la Estaci\u00f3n de Urbina\" width=\"1024\" height=\"683\" srcset=\"https:\/\/www.monta\u00f1asdelaluna.es\/wp-content\/uploads\/2020\/12\/015F-1024x683.jpg 1024w, https:\/\/www.monta\u00f1asdelaluna.es\/wp-content\/uploads\/2020\/12\/015F-300x200.jpg 300w, https:\/\/www.monta\u00f1asdelaluna.es\/wp-content\/uploads\/2020\/12\/015F.jpg 1500w\" sizes=\"auto, (max-width: 1024px) 100vw, 1024px\" \/><\/a><p id=\"caption-attachment-46343\" class=\"wp-caption-text\">Al fondo el Carihuayrazo desde las v\u00edas del tren cerca de la Estaci\u00f3n de Urbina<\/p><\/div>\n<p><span style=\"color: #0000ff;\">A las 9 h. llega Rodrigo con el gu\u00eda Manuel y cuando tenemos la mochila lista cargamos la camioneta y nos vamos al Cotopaxi. Delf\u00edn tambi\u00e9n viene (a ver cu\u00e1l es el camino para otras ocasiones). Esta salida es gratis debido al fiasco de la otra intentona (nos retiramos a 5.700 metros, a 1 h. de la cima, porque grietas y seracs nos cortaban el paso.<\/span> Como dijo Rodrigo no pagar\u00edamos nada por esta actividad, haci\u00e9ndose responsable, su empresa, del fracaso de la anterior intentona (menos mal que aguantamos el fr\u00edo y el Viento Blanco sin decir \u201cvamos para abajo\u201d porque podr\u00eda haber sido una prueba para ser los responsables, o nosotros o el mal tiempo, de no llegar a la cima, y entonces la empresa de Rodrigo, el mismo Rodrigo, no se har\u00eda responsable\u2026 pero creo que no hubiera ido as\u00ed, esto no es el <a href=\"http:\/\/monta\u00f1asdelaluna.com\/expediciones\/caucaso\/\" target=\"_blank\" rel=\"noopener\">Elbrus<\/a> ni Rodrigo es la \u201csimp\u00e1tica\u201d Helena. Los esfuerzos de Rodrigo y sus gu\u00edas por aclimatarnos y hacer las actividades tienen el objetivo de que podamos llegar a las cimas de las monta\u00f1as planeadas, no hacer un falso intento y cobrarnos si sobrepasamos cierta altitud (como pasaba en el <a href=\"http:\/\/monta\u00f1asdelaluna.com\/expediciones\/caucaso\/\" target=\"_blank\" rel=\"noopener\">Elbrus<\/a>, aunque por suerte llegamos a su cima sin bajarnos por la altura o el sobreesfuerzo). Rodrigo es honrado y transparente.<\/p>\n<p><span style=\"color: #0000ff;\">El viaje es largo, 1 h. 30 minutos de panamericana con su loco tr\u00e1fico cruzando Mocha, Salcedo, Ambato, Latacunga y Lasso, y luego 1 h. por camino de tierra tortuoso y bacheado, primero entre eucaliptos y luego por el precioso y florido p\u00e1ramo.<\/span><\/p>\n<p><span style=\"color: #0000ff;\">\u00a0\u00a0\u00a0\u00a0\u00a0 Dejamos el coche a 4.000 metros en el Refugio de la cara sur. Comienza a llover y va aumentando por lo que vamos retrasando la partida al campo alto; hasta descartarla del todo. No tiene sentido subir a mojar todo el equipo y a pasar frio.<\/span><\/p>\n<div id=\"attachment_46628\" style=\"width: 1510px\" class=\"wp-caption aligncenter\"><a class=\"dt-single-image\" href=\"https:\/\/www.monta\u00f1asdelaluna.es\/wp-content\/uploads\/2021\/01\/niebla-en-la-entrada-al-refugio-de-la-cara-sur-del-cotopaxi-3-990-mts.jpg\" data-dt-img-description=\"\"><img loading=\"lazy\" decoding=\"async\" aria-describedby=\"caption-attachment-46628\" class=\"wp-image-46628 size-full\" src=\"https:\/\/www.monta\u00f1asdelaluna.es\/wp-content\/uploads\/2021\/01\/niebla-en-la-entrada-al-refugio-de-la-cara-sur-del-cotopaxi-3-990-mts.jpg\" alt=\"Niebla en la entrada al Refugio de la cara sur del Cotopaxi, 3.990 mts.\" width=\"1500\" height=\"1000\" srcset=\"https:\/\/www.monta\u00f1asdelaluna.es\/wp-content\/uploads\/2021\/01\/niebla-en-la-entrada-al-refugio-de-la-cara-sur-del-cotopaxi-3-990-mts.jpg 1500w, https:\/\/www.monta\u00f1asdelaluna.es\/wp-content\/uploads\/2021\/01\/niebla-en-la-entrada-al-refugio-de-la-cara-sur-del-cotopaxi-3-990-mts-300x200.jpg 300w, https:\/\/www.monta\u00f1asdelaluna.es\/wp-content\/uploads\/2021\/01\/niebla-en-la-entrada-al-refugio-de-la-cara-sur-del-cotopaxi-3-990-mts-1024x683.jpg 1024w\" sizes=\"auto, (max-width: 1500px) 100vw, 1500px\" \/><\/a><p id=\"caption-attachment-46628\" class=\"wp-caption-text\">Niebla en la entrada al Refugio de la cara sur del Cotopaxi, 3.990 mts.<\/p><\/div>\n<p>Hablamos con Rodrigo. Vemos que llueve sin cesar y con cierta intensidad y Rodrigo nos dice que esperaremos a que pare la lluvia para subir al campo alto, que subiendo con lluvia para que se moje el equipo, podr\u00eda ser perjudicial para el ataque a cima de ma\u00f1ana. Con esto supuse que sus equipos no estaban preparados para soportar mal tiempo mientras se realiza la actividad\u2026 pero tambi\u00e9n hab\u00eda que subir la comida y utensilios, aparte de los que ya hab\u00eda en el campo alto, para cocinar. Con lo que, como dije en otro relato, las condiciones de nuestras actividades deben de ser las mejores para poder tener mayor probabilidad de \u00e9xito en las ascensiones a las cimas de estas monta\u00f1as, y esto no solo es por nosotros, tambi\u00e9n por todo el equipo, el grupo. Un solo fallo, incomodidad, pondr\u00eda en peligro la actividad; con lo que la decisi\u00f3n de Rodrigo es muy comprensible\u2026 esperaremos.<\/p>\n<p>Hoy me tomar\u00e9 dos p\u00edldoras de Fortasec por la ma\u00f1ana y dos por la tarde. Es un medicamento fuerte para parar la diarrea, y la para. Mi diarrea es de las fuertes pero no preocupante como tal. Espero que no me deshidrate en el ascenso al Cotopaxi, ya que me afectar\u00edan mucho m\u00e1s los efectos de la altura. Ma\u00f1ana me tomar\u00e9 las mismas dosis, si veo que va perfecto para este d\u00eda. Nuestro nuevo gu\u00eda, Manuel, es alto como Delf\u00edn pero tiene un cuerpo o complexi\u00f3n m\u00e1s atl\u00e9tica. Tiene pinta de hacer estas cosas muy a menudo y con los ojos cerrados. Eso nos ir\u00e1 bien para no equivocarnos y llegar con \u00e9xito a la cima de este enorme volc\u00e1n. Tambi\u00e9n, como el resto, es de etnia quechua, pero con la altura y forma de un occidental, m\u00e1s que el propio Delf\u00edn.<\/p>\n<p><span style=\"color: #0000ff;\">Pasamos la tarde, leyendo, jugando al michigan y esperando a que escampe sin suerte. Cenamos y nos vamos a dormir con la idea de que se abrir\u00e1 esta noche y podremos intentar el Cotopaxi desde aqu\u00ed, y hacer 1.900 metros de desnivel, toda una barbaridad.<\/span><\/p>\n<p>Deambulamos por el refugio, por el comedor, hacemos fotos en el exterior, junto a las acertadas cristaleras de los ventanales del comedor, para atestiguar la lluvia y mal tiempo que hace este d\u00eda. Sigue sin haber nadie, ning\u00fan otro cliente que no seamos nosotros mismos. Delf\u00edn, Manuel, Rodrigo, Jes\u00fas y yo, Julio no viene hoy con nosotros. El due\u00f1o de la instalaci\u00f3n y conjunto tur\u00edstico tambi\u00e9n est\u00e1 con nosotros este d\u00eda.<\/p>\n<div id=\"attachment_46629\" style=\"width: 1510px\" class=\"wp-caption aligncenter\"><a class=\"dt-single-image\" href=\"https:\/\/www.monta\u00f1asdelaluna.es\/wp-content\/uploads\/2021\/01\/delfin-y-jesus-esperando-que-mejore-el-tiempo-en-la-sala-junto-al-comedor-del-refugio-de-la-cara-sur-del-cotopaxi-3-990-mts.jpg\" data-dt-img-description=\"\"><img loading=\"lazy\" decoding=\"async\" aria-describedby=\"caption-attachment-46629\" class=\"wp-image-46629 size-full\" src=\"https:\/\/www.monta\u00f1asdelaluna.es\/wp-content\/uploads\/2021\/01\/delfin-y-jesus-esperando-que-mejore-el-tiempo-en-la-sala-junto-al-comedor-del-refugio-de-la-cara-sur-del-cotopaxi-3-990-mts.jpg\" alt=\"Delf\u00edn y Jes\u00fas esperando que mejore el tiempo en la sala junto al comedor del Refugio de la cara sur del Cotopaxi, 3.990 mts.\" width=\"1500\" height=\"1000\" srcset=\"https:\/\/www.monta\u00f1asdelaluna.es\/wp-content\/uploads\/2021\/01\/delfin-y-jesus-esperando-que-mejore-el-tiempo-en-la-sala-junto-al-comedor-del-refugio-de-la-cara-sur-del-cotopaxi-3-990-mts.jpg 1500w, https:\/\/www.monta\u00f1asdelaluna.es\/wp-content\/uploads\/2021\/01\/delfin-y-jesus-esperando-que-mejore-el-tiempo-en-la-sala-junto-al-comedor-del-refugio-de-la-cara-sur-del-cotopaxi-3-990-mts-300x200.jpg 300w, https:\/\/www.monta\u00f1asdelaluna.es\/wp-content\/uploads\/2021\/01\/delfin-y-jesus-esperando-que-mejore-el-tiempo-en-la-sala-junto-al-comedor-del-refugio-de-la-cara-sur-del-cotopaxi-3-990-mts-1024x683.jpg 1024w\" sizes=\"auto, (max-width: 1500px) 100vw, 1500px\" \/><\/a><p id=\"caption-attachment-46629\" class=\"wp-caption-text\">Delf\u00edn y Jes\u00fas esperando que mejore el tiempo en la sala junto al comedor del Refugio de la cara sur del Cotopaxi, 3.990 mts.<\/p><\/div>\n<p>Charlamos antes de irnos a dormir con Rodrigo, y \u00e9ste con el due\u00f1o del refugio. Entre otras cosas Rodrigo le pregunta si conoce a alguien que haya subido a la cima del Cotopaxi desde aqu\u00ed; \u00e9ste le reconoce que no sabe ni conoce de nadie que lo haya hecho o lo haya intentado. Y esto lo pregunta por que no llegaremos hoy al campo alto por el mal tiempo que no cesa; unos metros m\u00e1s arriba esta lluvia es nieve. Con lo que hemos decidido salir desde este mismo Refugio de la cara sur del Cotopaxi a 3.990 metros, hacia la cima sur del Cotopaxi a 5.880 metros, en una sola tirada\u2026 casi 1.900 metros de desnivel en una gran monta\u00f1a\u2026<\/p>\n<p>Un desnivel incre\u00edble de hacer de una sola vez en una gran monta\u00f1a. Siempre se aconseja que como m\u00ednimo este desnivel se haga en dos partes o dos d\u00edas si est\u00e1s bien aclimatado, y aun as\u00ed, para dos d\u00edas, es un desnivel excesivo; por la gran diferencias de altura y la apropiada aclimataci\u00f3n de nuestro cuerpo a \u00e9sta, ya que no es la misma cantidad de ox\u00edgeno a 4.000 metros que a 6.000 metros.<\/p>\n<p>En un principio cuando oigo al due\u00f1o del refugio decir que no conoce a nadie que haya hecho la cima del Cotopaxi directamente desde aqu\u00ed, me estremezco, me preocupo, entra en m\u00ed un desasosiego. Pero eso al principio de escucharlo ya que despu\u00e9s lo pienso bien y me hago fuerte en mi aptitud. Hablo con Jes\u00fas que tambi\u00e9n est\u00e1 preocupado. Le digo que mejor no piense en lo que han dicho, que solo hay que pensar en que ma\u00f1ana saldremos hacia la cima del Cotopaxi e iremos paso a paso, nunca hay que pensar en que \u201ces mucho desnivel y no llegaremos, que la altura y el sobreesfuerzo podr\u00e1n con nosotros\u201d. No hay que pensar en eso. Hay que pensar que si nadie ha llegado nunca a la cima o la ha intentado desde aqu\u00ed, pues que nosotros seremos los primeros. No hay que pensar en que \u201cno podremos hacerlo\u201d antes de, si quiera, comenzar la marcha. Que nuestra cabeza no sea la que nos diga \u201cque no podemos subir\u201d, que sea la misma monta\u00f1a y sus condiciones\u2026 adem\u00e1s tenemos la buena aclimataci\u00f3n de haber subido hace dos d\u00edas a 400 metros m\u00e1s alto que la cima del Cotopaxi, al Chimborazo, y no estamos cansados ni abatidos, con lo que no hay excusa. Podemos hacerlo. Pero no hay que verlo como un reto, como un desaf\u00edo, simplemente hay que salir e ir paso tras paso, un paseo, un entretenimiento, quitarnos presi\u00f3n y caminar como aut\u00f3matas que no conocen las circunstancias, caracter\u00edsticas o penalidades, \u00e9stas ya vendr\u00e1n sin llamarlas, si es que han de venir. As\u00ed nos vamos a dormir\u2026<\/p>\n<div id=\"attachment_46630\" style=\"width: 1510px\" class=\"wp-caption aligncenter\"><a class=\"dt-single-image\" href=\"https:\/\/www.monta\u00f1asdelaluna.es\/wp-content\/uploads\/2021\/01\/joaquin-esperando-que-mejore-el-tiempo-junto-a-las-cristaleras-del-comedor-del-refugio-de-la-cara-sur-del-cotopaxi-3-990-mts.jpg\" data-dt-img-description=\"\"><img loading=\"lazy\" decoding=\"async\" aria-describedby=\"caption-attachment-46630\" class=\"wp-image-46630 size-full\" src=\"https:\/\/www.monta\u00f1asdelaluna.es\/wp-content\/uploads\/2021\/01\/joaquin-esperando-que-mejore-el-tiempo-junto-a-las-cristaleras-del-comedor-del-refugio-de-la-cara-sur-del-cotopaxi-3-990-mts.jpg\" alt=\"Joaqu\u00edn esperando que mejore el tiempo junto a las cristaleras del comedor del Refugio de la cara sur del Cotopaxi, 3.990 mts.\" width=\"1500\" height=\"1000\" srcset=\"https:\/\/www.monta\u00f1asdelaluna.es\/wp-content\/uploads\/2021\/01\/joaquin-esperando-que-mejore-el-tiempo-junto-a-las-cristaleras-del-comedor-del-refugio-de-la-cara-sur-del-cotopaxi-3-990-mts.jpg 1500w, https:\/\/www.monta\u00f1asdelaluna.es\/wp-content\/uploads\/2021\/01\/joaquin-esperando-que-mejore-el-tiempo-junto-a-las-cristaleras-del-comedor-del-refugio-de-la-cara-sur-del-cotopaxi-3-990-mts-300x200.jpg 300w, https:\/\/www.monta\u00f1asdelaluna.es\/wp-content\/uploads\/2021\/01\/joaquin-esperando-que-mejore-el-tiempo-junto-a-las-cristaleras-del-comedor-del-refugio-de-la-cara-sur-del-cotopaxi-3-990-mts-1024x683.jpg 1024w\" sizes=\"auto, (max-width: 1500px) 100vw, 1500px\" \/><\/a><p id=\"caption-attachment-46630\" class=\"wp-caption-text\">Joaqu\u00edn esperando que mejore el tiempo junto a las cristaleras del comedor del Refugio de la cara sur del Cotopaxi, 3.990 mts.<\/p><\/div>\n<p><span style=\"color: #0000ff;\">Suena el reloj a las 23 h., desayunamos (algo m\u00e1s que otras veces, aspirinita, cargamos la mochila y salimos sin demasiado fr\u00edo, ya que no hace viento, aunque estamos pisando nieve.<\/span> Antes de salir, otra vez el largo ritual de calentamiento de Rodrigo. Esa danza con los giros de cintura y oscilaci\u00f3n de los brazos de espalda a pecho, de pecho a espalda, como dej\u00e1ndolos muertos y movi\u00e9ndolos al comp\u00e1s del giro. En medio de la casi oscuridad en un rinc\u00f3n del solitario comedor del complejo.<\/p>\n<p>Es la segunda vez en nuestra vida monta\u00f1era y actual, que salimos tan temprano; que incluso nos despertamos y levantamos antes de que acabe el d\u00eda. Parece que ya no hace mal tiempo. La primera m\u00e1s temprano fue hace dos d\u00edas al levantarnos para subir a las cimas del Chimborazo. Salimos en busca del campo alto por el recorrido habitual ya realizado hace unos d\u00edas y a unos 4.300 o 4.400 metros ya estamos pisando nieve. Pero salimos fuertes y seguros de nosotros mismos, por estas laderas oscuras y des\u00e9rticas por la negror de la noche cerrada. No pienso en el desnivel, no pienso en que vamos a hacer algo que nadie ha hecho, iremos paso a paso, firmes e ilusionados.<\/p>\n<div id=\"attachment_46703\" style=\"width: 1370px\" class=\"wp-caption aligncenter\"><a class=\"dt-single-image\" href=\"https:\/\/www.monta\u00f1asdelaluna.es\/wp-content\/uploads\/2006\/07\/Cotopaximapa-001.maltiempo.web_.jpg\" data-dt-img-description=\"\"><img loading=\"lazy\" decoding=\"async\" aria-describedby=\"caption-attachment-46703\" class=\"wp-image-46703 size-full\" src=\"https:\/\/www.monta\u00f1asdelaluna.es\/wp-content\/uploads\/2006\/07\/Cotopaximapa-001.maltiempo.web_.jpg\" alt=\"Croquis y mapa donde se encuentran se\u00f1alados el Refugio y el campo alto de la cara sur del Cotopaxi\" width=\"1360\" height=\"1870\" srcset=\"https:\/\/www.monta\u00f1asdelaluna.es\/wp-content\/uploads\/2006\/07\/Cotopaximapa-001.maltiempo.web_.jpg 1360w, https:\/\/www.monta\u00f1asdelaluna.es\/wp-content\/uploads\/2006\/07\/Cotopaximapa-001.maltiempo.web_-218x300.jpg 218w, https:\/\/www.monta\u00f1asdelaluna.es\/wp-content\/uploads\/2006\/07\/Cotopaximapa-001.maltiempo.web_-745x1024.jpg 745w\" sizes=\"auto, (max-width: 1360px) 100vw, 1360px\" \/><\/a><p id=\"caption-attachment-46703\" class=\"wp-caption-text\">Croquis y mapa donde se encuentran se\u00f1alados el Refugio y el campo alto de la cara sur del Cotopaxi<\/p><\/div>\n<p>[vc_separator][\/vc_column_text][\/vc_column][\/vc_row][vc_row][vc_column][vc_empty_space height=\u00bb60px\u00bb][\/vc_column][\/vc_row][vc_row][vc_column][vc_cta h2=\u00bb\u00c1lbum de fotos\u00bb txt_align=\u00bbcenter\u00bb add_button=\u00bbbottom\u00bb btn_title=\u00bbVer fotos\u00bb btn_color=\u00bbwarning\u00bb btn_align=\u00bbcenter\u00bb btn_link=\u00bburl:https%3A%2F%2Fmonta%C3%B1asdelaluna.es%2F%3Fdt_gallery%3Dcotopaxi-5-880-mts-2|title:Cotopaxi%2C%205.880%20mts.|target:_blank\u00bb css=\u00bb.vc_custom_1625688207139{background-color: #8bc4ed !important;}\u00bb]Puedes ver las fotos Cotopaxi, 5.880 mts. en forma de presentaci\u00f3n o individuales pinchando aqui \u00a1No te las pierdas![\/vc_cta][\/vc_column][\/vc_row][vc_row][vc_column][vc_empty_space height=\u00bb60px\u00bb][\/vc_column][\/vc_row][vc_row][vc_column width=\u00bb1\/3&#8243;][\/vc_column][vc_column width=\u00bb1\/2&#8243;][vc_column_text]Tiempo en Refugio cara sur del Cotopaxi[\/vc_column_text][vc_raw_html]JTNDaWZyYW1lJTIwc3JjJTNEJTIyaHR0cHMlM0ElMkYlMkZ3d3cubWV0ZW9ibHVlLmNvbSUyRmVzJTJGdGllbXBvJTJGd2lkZ2V0JTJGZGFpbHklMkYtMC43MzVOLTc4LjQ3OEUzOTUyX0FtZXJpY2ElMjUyRkd1YXlhcXVpbCUzRmdlb2xvYyUzRGZpeGVkJTI2ZGF5cyUzRDclMjZ0ZW1wdW5pdCUzRENFTFNJVVMlMjZ3aW5kdW5pdCUzREtJTE9NRVRFUl9QRVJfSE9VUiUyNnByZWNpcHVuaXQlM0RNSUxMSU1FVEVSJTI2Y29sb3VyZWQlM0Rjb2xvdXJlZCUyNnBpY3RvaWNvbiUzRDAlMjZwaWN0b2ljb24lM0QxJTI2bWF4dGVtcGVyYXR1cmUlM0QwJTI2bWF4dGVtcGVyYXR1cmUlM0QxJTI2bWludGVtcGVyYXR1cmUlM0QwJTI2bWludGVtcGVyYXR1cmUlM0QxJTI2d2luZHNwZWVkJTNEMCUyNndpbmRzcGVlZCUzRDElMjZ3aW5kZ3VzdCUzRDAlMjZ3aW5kZ3VzdCUzRDElMjZ3aW5kZGlyZWN0aW9uJTNEMCUyNndpbmRkaXJlY3Rpb24lM0QxJTI2dXYlM0QwJTI2aHVtaWRpdHklM0QwJTI2cHJlY2lwaXRhdGlvbiUzRDAlMjZwcmVjaXBpdGF0aW9uJTNEMSUyNnByZWNpcGl0YXRpb25wcm9iYWJpbGl0eSUzRDAlMjZwcmVjaXBpdGF0aW9ucHJvYmFiaWxpdHklM0QxJTI2c3BvdCUzRDAlMjZzcG90JTNEMSUyNnByZXNzdXJlJTNEMCUyNnByZXNzdXJlJTNEMSUyNmxheW91dCUzRGxpZ2h0JTIyJTIwJTIwZnJhbWVib3JkZXIlM0QlMjIwJTIyJTIwc2Nyb2xsaW5nJTNEJTIyTk8lMjIlMjBhbGxvd3RyYW5zcGFyZW5jeSUzRCUyMnRydWUlMjIlMjBzYW5kYm94JTNEJTIyYWxsb3ctc2FtZS1vcmlnaW4lMjBhbGxvdy1zY3JpcHRzJTIwYWxsb3ctcG9wdXBzJTIwYWxsb3ctcG9wdXBzLXRvLWVzY2FwZS1zYW5kYm94JTIyJTIwc3R5bGUlM0QlMjJ3aWR0aCUzQSUyMDM3OHB4JTNCJTIwaGVpZ2h0JTNBJTIwNDIwcHglMjIlM0UlM0MlMkZpZnJhbWUlM0UlM0NkaXYlM0UlM0MlMjEtLSUyMERPJTIwTk9UJTIwUkVNT1ZFJTIwVEhJUyUyMExJTkslMjAtLSUzRSUzQ2ElMjBocmVmJTNEJTIyaHR0cHMlM0ElMkYlMkZ3d3cubWV0ZW9ibHVlLmNvbSUyRmVzJTJGdGllbXBvJTJGc2VtYW5hJTJGLTAuNzM1Ti03OC40NzhFMzk1Ml9BbWVyaWNhJTI1MkZHdWF5YXF1aWwlM0Z1dG1fc291cmNlJTNEd2VhdGhlcl93aWRnZXQlMjZ1dG1fbWVkaXVtJTNEbGlua3VzJTI2dXRtX2NvbnRlbnQlM0RkYWlseSUyNnV0bV9jYW1wYWlnbiUzRFdlYXRoZXIlMjUyQldpZGdldCUyMiUyMHRhcmdldCUzRCUyMl9ibGFuayUyMiUzRW1ldGVvYmx1ZSUzQyUyRmElM0UlM0MlMkZkaXYlM0U=[\/vc_raw_html][\/vc_column][vc_column width=\u00bb1\/5&#8243;][\/vc_column][\/vc_row]<\/p>\n","protected":false},"excerpt":{"rendered":"<p>[vc_row][vc_column][vc_column_text]Esta noche ha hecho m\u00e1s frio de lo habitual y ha precipitado a la vez. Al levantarnos y ver el paisaje, vemos que el Chimborazo y el Carihuayrazo est\u00e1n despejados, pero en un d\u00eda que en Espa\u00f1a calificar\u00edamos de invierno, con nubes altas que impiden al sol calentar e incluso ser visible, pero que deja&hellip;<\/p>\n","protected":false},"author":1,"featured_media":46628,"comment_status":"open","ping_status":"open","sticky":false,"template":"","format":"standard","meta":[],"categories":[35],"tags":[],"class_list":["post-46700","post","type-post","status-publish","format-standard","has-post-thumbnail","hentry","category-ecuador","category-35","description-off"],"_links":{"self":[{"href":"https:\/\/www.monta\u00f1asdelaluna.es\/index.php?rest_route=\/wp\/v2\/posts\/46700","targetHints":{"allow":["GET"]}}],"collection":[{"href":"https:\/\/www.monta\u00f1asdelaluna.es\/index.php?rest_route=\/wp\/v2\/posts"}],"about":[{"href":"https:\/\/www.monta\u00f1asdelaluna.es\/index.php?rest_route=\/wp\/v2\/types\/post"}],"author":[{"embeddable":true,"href":"https:\/\/www.monta\u00f1asdelaluna.es\/index.php?rest_route=\/wp\/v2\/users\/1"}],"replies":[{"embeddable":true,"href":"https:\/\/www.monta\u00f1asdelaluna.es\/index.php?rest_route=%2Fwp%2Fv2%2Fcomments&post=46700"}],"version-history":[{"count":12,"href":"https:\/\/www.monta\u00f1asdelaluna.es\/index.php?rest_route=\/wp\/v2\/posts\/46700\/revisions"}],"predecessor-version":[{"id":49949,"href":"https:\/\/www.monta\u00f1asdelaluna.es\/index.php?rest_route=\/wp\/v2\/posts\/46700\/revisions\/49949"}],"wp:featuredmedia":[{"embeddable":true,"href":"https:\/\/www.monta\u00f1asdelaluna.es\/index.php?rest_route=\/wp\/v2\/media\/46628"}],"wp:attachment":[{"href":"https:\/\/www.monta\u00f1asdelaluna.es\/index.php?rest_route=%2Fwp%2Fv2%2Fmedia&parent=46700"}],"wp:term":[{"taxonomy":"category","embeddable":true,"href":"https:\/\/www.monta\u00f1asdelaluna.es\/index.php?rest_route=%2Fwp%2Fv2%2Fcategories&post=46700"},{"taxonomy":"post_tag","embeddable":true,"href":"https:\/\/www.monta\u00f1asdelaluna.es\/index.php?rest_route=%2Fwp%2Fv2%2Ftags&post=46700"}],"curies":[{"name":"wp","href":"https:\/\/api.w.org\/{rel}","templated":true}]}}