{"id":46745,"date":"2006-07-29T19:07:47","date_gmt":"2006-07-29T19:07:47","guid":{"rendered":"http:\/\/monta\u00f1asdelaluna.com\/?p=46745"},"modified":"2021-07-14T15:08:43","modified_gmt":"2021-07-14T15:08:43","slug":"29-de-julio-de-2-006-sabado-ascension-al-cotopaxi-cima-sur-5-880-mts","status":"publish","type":"post","link":"https:\/\/www.monta\u00f1asdelaluna.es\/?p=46745","title":{"rendered":"29 de julio de 2.006. S\u00e1bado. Ascensi\u00f3n al Cotopaxi. Cima sur, 5.880 mts."},"content":{"rendered":"<p>[vc_row][vc_column][vc_column_text]<span style=\"color: #0000ff;\">2 h. (4.800 mts.) campo alto. Bebemos un traguito de agua y cogemos el espol\u00f3n que sale de Campo alto hasta el glaciar (1 h.). Parada para encordarnos y ponernos los crampones. Hoy soy el \u00faltimo de la cordada (Manuel, Joaqu\u00edn y yo). La otra la forma Delf\u00edn y Rodrigo.<\/span> En plena oscuridad parece que ya conocemos el lugar y ritual para coger el glaciar y buscar la cima del Cotopaxi. Da la impresi\u00f3n de que ya hemos estado varias veces aqu\u00ed y haciendo lo mismo. Manuel, por ser el gu\u00eda que conoce o sube habitualmente la monta\u00f1a por esta cara sur, ser\u00e1 el primero, encabezando nuestra cordada, conmigo detr\u00e1s de \u00e9l y Jes\u00fas cerrando la cordada. Detr\u00e1s de nosotros vienen en otra cordada de dos, Delf\u00edn y Rodrigo.<\/p>\n<p><span style=\"color: #0000ff;\">Bajo la direcci\u00f3n de Manuel subimos, no con un paso muy r\u00e1pido pero s\u00ed enormemente directo, sin zigzags. Salvamos una grieta y seguimos subiendo por la izquierda de la primera vez. Empieza a amanecer y nos despedimos de la iluminaci\u00f3n de las ciudades del valle (Avenida de Los Volcanes).<\/span><\/p>\n<p>Seguimos sin cansarnos y con paso firme por en medio del extenso y enorme glaciar del Cotopaxi. A\u00fan estamos en noche cerrada cuando ya cogemos la directa glaciar arriba en busca de la cima. Como comenta Jes\u00fas, este recorrido no gira a la derecha como buscando un paso entre los seracs y grietas bajo la misma cima sur del Cotopaxi, si no que sigue recto como si subi\u00e9ramos por una tobog\u00e1n gigante pero por la rampa del mismo.<\/p>\n<div id=\"attachment_46664\" style=\"width: 1922px\" class=\"wp-caption aligncenter\"><a class=\"dt-single-image\" href=\"https:\/\/www.monta\u00f1asdelaluna.es\/wp-content\/uploads\/2021\/01\/CotopaxiCaraSur-002.croquis.web_.jpg\" data-dt-img-description=\"\"><img loading=\"lazy\" decoding=\"async\" aria-describedby=\"caption-attachment-46664\" class=\"wp-image-46664 size-full\" src=\"https:\/\/www.monta\u00f1asdelaluna.es\/wp-content\/uploads\/2021\/01\/CotopaxiCaraSur-002.croquis.web_.jpg\" alt=\"Croquis imagen de la ascensi\u00f3n al Cotopaxi por su cara sur\" width=\"1912\" height=\"1178\" srcset=\"https:\/\/www.monta\u00f1asdelaluna.es\/wp-content\/uploads\/2021\/01\/CotopaxiCaraSur-002.croquis.web_.jpg 1912w, https:\/\/www.monta\u00f1asdelaluna.es\/wp-content\/uploads\/2021\/01\/CotopaxiCaraSur-002.croquis.web_-300x185.jpg 300w, https:\/\/www.monta\u00f1asdelaluna.es\/wp-content\/uploads\/2021\/01\/CotopaxiCaraSur-002.croquis.web_-1024x631.jpg 1024w\" sizes=\"auto, (max-width: 1912px) 100vw, 1912px\" \/><\/a><p id=\"caption-attachment-46664\" class=\"wp-caption-text\">Croquis imagen de la ascensi\u00f3n al Cotopaxi por su cara sur<\/p><\/div>\n<p>Llega un momento que, aunque hasta la mitad del glaciar hemos subido fuertes y sin cansancio, el subir recto y sin zigzag comienza a hacernos mella. La verdad es que esperaba que en alg\u00fan punto de la subida, Manuel comenzara a girar de un lado para otro haciendo ese zigzag esperado. Pero no. En ning\u00fan momento Manuel deja de ir recto hacia arriba. Comenzamos a sentir el cansancio de subir recto sin zigzag, la altura, comienzo a retrasarme. M\u00e1s adelante le grito a Manuel que haga zigzags, que nos estamos cansando. No hace caso. Pocos minutos despu\u00e9s me paro y me vuelvo para decirle a Rodrigo de ir haciendo zigzags, que subir recto nos est\u00e1 matando. Rodrigo le dice lo mismo a Manuel, que haga zigzags\u2026 tampoco hace caso. Con lo que tenemos que ir par\u00e1ndonos cada vez en m\u00e1s ocasiones a medida que vamos cogiendo altura.<\/p>\n<p><span style=\"color: #0000ff;\">Las \u00faltimas rampas de la pir\u00e1mide y llegar a la pared del cr\u00e1ter que se alza sobre ella. Por aqu\u00ed resulta duro seguir avanzando. No hemos parado, estamos muy alto y llevamos mucho desnivel. El gu\u00eda lleva un buen paso y constante. Me parece que el coraz\u00f3n me va a salir del pecho. Nos concede algunas paradas.<\/span><\/p>\n<p>A causa de esas paradas, cortas pero cada vez m\u00e1s necesarias, la cordada de Delf\u00edn y Rodrigo que ya ven el final de la pala, la gigantesca y eterna pala del glaciar del Cotopaxi, nos adelantan para llegar antes que nosotros al borde del cr\u00e1ter del volc\u00e1n.<\/p>\n<div id=\"attachment_46635\" style=\"width: 1510px\" class=\"wp-caption aligncenter\"><a class=\"dt-single-image\" href=\"https:\/\/www.monta\u00f1asdelaluna.es\/wp-content\/uploads\/2021\/01\/al-fondo-los-ilinizas.jpg\" data-dt-img-description=\"\"><img loading=\"lazy\" decoding=\"async\" aria-describedby=\"caption-attachment-46635\" class=\"wp-image-46635 size-full\" src=\"https:\/\/www.monta\u00f1asdelaluna.es\/wp-content\/uploads\/2021\/01\/al-fondo-los-ilinizas.jpg\" alt=\"Al fondo los Ilinizas\" width=\"1500\" height=\"1000\" srcset=\"https:\/\/www.monta\u00f1asdelaluna.es\/wp-content\/uploads\/2021\/01\/al-fondo-los-ilinizas.jpg 1500w, https:\/\/www.monta\u00f1asdelaluna.es\/wp-content\/uploads\/2021\/01\/al-fondo-los-ilinizas-300x200.jpg 300w, https:\/\/www.monta\u00f1asdelaluna.es\/wp-content\/uploads\/2021\/01\/al-fondo-los-ilinizas-1024x683.jpg 1024w\" sizes=\"auto, (max-width: 1500px) 100vw, 1500px\" \/><\/a><p id=\"caption-attachment-46635\" class=\"wp-caption-text\">Al fondo los Ilinizas<\/p><\/div>\n<p>El cansancio a pesar de nuestra magn\u00edfica aclimataci\u00f3n va haciendo mella en esta recta, directa y sin tregua ascensi\u00f3n. Nos vamos parando cada vez m\u00e1s. La cordada de Delf\u00edn y Rodrigo ya ha desaparecido entre los escarpes helados que circundan, rodean y se acercan a la gigantesca circunferencia del cr\u00e1ter del volc\u00e1n. Llega un momento que, a pesar de estar tan cerca de ese balc\u00f3n, de ese horizontal lugar del borde del cr\u00e1ter, no puedo seguir. Doy diez pasos y paro, doy cinco pasos y paro, doy tres pasos y paro. Pero no desistimos, avanzamos, sabemos que estamos cerca de la cima. Mi respiraci\u00f3n se acelera, me falta el ox\u00edgeno, me falta el aire, no me entra el suficiente a pesar de las fuertes y sonoras bocanadas que doy\u2026 parece que he corrido 10 kil\u00f3metros en media hora con un sprint impresionante. No quiere parar, no quiero desfallecer, pero el cansancio es impresionante\u2026 aunque no son los mismos efectos que en el Chimborazo, esta vez no tengo sue\u00f1o de altura, ni subo como un zombi\u2026 lo vamos a conseguir.<\/p>\n<p>De repente, en un momento de la extenuante subida, vemos como se asoman Rodrigo y Delf\u00edn desde el l\u00edmite exterior de lo que ser\u00eda el cr\u00e1ter del volc\u00e1n, como si fuera un balc\u00f3n. Nos animan. Comienzan a cantar el \u201c\u00a1S\u00ed se puede!\u201d que cantaba la afici\u00f3n ecuatoriana a su equipo de f\u00fatbol en los pasados mundiales. Los tenemos ah\u00ed al lado, son pocos metros, pero no podemos dar un paso m\u00e1s. Parece imposible salvar esos helados pocos metros entre el hielo del glaciar y pocos escarpes rocosos del cr\u00e1ter. Por suerte no hay Viento Blanco, no hay mal tiempo. Al amanecer no hab\u00eda nubes que nos impidiera la magn\u00edfica y espectacular vista\u2026 aunque a medida que el sol va cruzando el firmamento a la vez que se va centrando en el mismo, aparece las t\u00edpicas nubes inofensivas de cima que van y vienen.<\/p>\n<div id=\"attachment_46632\" style=\"width: 831px\" class=\"wp-caption aligncenter\"><a class=\"dt-single-image\" href=\"https:\/\/www.monta\u00f1asdelaluna.es\/wp-content\/uploads\/2021\/01\/joaquin-en-el-borde-del-crater-del-cotopaxi-detras-la-cima-sur.jpg\" data-dt-img-description=\"\"><img loading=\"lazy\" decoding=\"async\" aria-describedby=\"caption-attachment-46632\" class=\"wp-image-46632 \" src=\"https:\/\/www.monta\u00f1asdelaluna.es\/wp-content\/uploads\/2021\/01\/joaquin-en-el-borde-del-crater-del-cotopaxi-detras-la-cima-sur.jpg\" alt=\"Joaqu\u00edn en el borde del cr\u00e1ter del Cotopaxi, detr\u00e1s la cima sur\" width=\"821\" height=\"1232\" srcset=\"https:\/\/www.monta\u00f1asdelaluna.es\/wp-content\/uploads\/2021\/01\/joaquin-en-el-borde-del-crater-del-cotopaxi-detras-la-cima-sur.jpg 1000w, https:\/\/www.monta\u00f1asdelaluna.es\/wp-content\/uploads\/2021\/01\/joaquin-en-el-borde-del-crater-del-cotopaxi-detras-la-cima-sur-200x300.jpg 200w, https:\/\/www.monta\u00f1asdelaluna.es\/wp-content\/uploads\/2021\/01\/joaquin-en-el-borde-del-crater-del-cotopaxi-detras-la-cima-sur-683x1024.jpg 683w\" sizes=\"auto, (max-width: 821px) 100vw, 821px\" \/><\/a><p id=\"caption-attachment-46632\" class=\"wp-caption-text\">Joaqu\u00edn en el borde del cr\u00e1ter del Cotopaxi, detr\u00e1s la cima sur<\/p><\/div>\n<div id=\"attachment_46634\" style=\"width: 832px\" class=\"wp-caption aligncenter\"><a class=\"dt-single-image\" href=\"https:\/\/www.monta\u00f1asdelaluna.es\/wp-content\/uploads\/2021\/01\/manuel-y-jesus-al-borde-del-crater-de-cotopaxi.jpg\" data-dt-img-description=\"\"><img loading=\"lazy\" decoding=\"async\" aria-describedby=\"caption-attachment-46634\" class=\"wp-image-46634 \" src=\"https:\/\/www.monta\u00f1asdelaluna.es\/wp-content\/uploads\/2021\/01\/manuel-y-jesus-al-borde-del-crater-de-cotopaxi.jpg\" alt=\"Manuel y Jes\u00fas al borde del cr\u00e1ter de Cotopaxi\" width=\"822\" height=\"1233\" srcset=\"https:\/\/www.monta\u00f1asdelaluna.es\/wp-content\/uploads\/2021\/01\/manuel-y-jesus-al-borde-del-crater-de-cotopaxi.jpg 1000w, https:\/\/www.monta\u00f1asdelaluna.es\/wp-content\/uploads\/2021\/01\/manuel-y-jesus-al-borde-del-crater-de-cotopaxi-200x300.jpg 200w, https:\/\/www.monta\u00f1asdelaluna.es\/wp-content\/uploads\/2021\/01\/manuel-y-jesus-al-borde-del-crater-de-cotopaxi-683x1024.jpg 683w\" sizes=\"auto, (max-width: 822px) 100vw, 822px\" \/><\/a><p id=\"caption-attachment-46634\" class=\"wp-caption-text\">Manuel y Jes\u00fas al borde del cr\u00e1ter de Cotopaxi<\/p><\/div>\n<p>A\u00fan no hemos llegado hasta donde est\u00e1n Rodrigo y Delf\u00edn. Y es entonces cuando Rodrigo saca una bolsa de golosinas, de chuches, az\u00facar puro y artificial, y nos la ense\u00f1a. Es entonces como un escondido resorte que mi cuerpo de anima sin quererlo conscientemente, simplemente por el hecho de ver la recompensa cal\u00f3rica para mi castigado cuerpo si llegamos hasta donde est\u00e1 Rodrigo. Parece algo casi milagroso. Es como si el instinto de supervivencia fuera ahora m\u00e1s fuerte que el mismo cansancio, ya que sabe que con esas gominolas recupera partes de las fuerzas y energ\u00edas. Es como si mi cuerpo tuviera otro cerebro que piensa y reacciona diferente. Incre\u00edble.<\/p>\n<p><span style=\"color: #0000ff;\">Por fin llegamos al borde del cr\u00e1ter y lo celebramos. Abrazos, apretones de manos, fotos, agua y algo de comer.<\/span> Estamos en el borde del cr\u00e1ter. Las nubes nos cubren poco a poco haciendo invisible el paisaje y los aspectos de la cima del volc\u00e1n, pero antes he podido fotografiar Los Ilinizas, al otro lado de La Avenida de Los Volcanes, al otro lado del altiplano ecuatoriano jalonado de grupos de blancas nubecillas.<\/p>\n<div id=\"attachment_46636\" style=\"width: 1510px\" class=\"wp-caption aligncenter\"><a class=\"dt-single-image\" href=\"https:\/\/www.monta\u00f1asdelaluna.es\/wp-content\/uploads\/2021\/01\/jesus-y-manuel-al-borde-del-crater-del-cotopaxi.jpg\" data-dt-img-description=\"\"><img loading=\"lazy\" decoding=\"async\" aria-describedby=\"caption-attachment-46636\" class=\"wp-image-46636 size-full\" src=\"https:\/\/www.monta\u00f1asdelaluna.es\/wp-content\/uploads\/2021\/01\/jesus-y-manuel-al-borde-del-crater-del-cotopaxi.jpg\" alt=\"Jes\u00fas y Manuel al borde del cr\u00e1ter del Cotopaxi\" width=\"1500\" height=\"1000\" srcset=\"https:\/\/www.monta\u00f1asdelaluna.es\/wp-content\/uploads\/2021\/01\/jesus-y-manuel-al-borde-del-crater-del-cotopaxi.jpg 1500w, https:\/\/www.monta\u00f1asdelaluna.es\/wp-content\/uploads\/2021\/01\/jesus-y-manuel-al-borde-del-crater-del-cotopaxi-300x200.jpg 300w, https:\/\/www.monta\u00f1asdelaluna.es\/wp-content\/uploads\/2021\/01\/jesus-y-manuel-al-borde-del-crater-del-cotopaxi-1024x683.jpg 1024w\" sizes=\"auto, (max-width: 1500px) 100vw, 1500px\" \/><\/a><p id=\"caption-attachment-46636\" class=\"wp-caption-text\">Jes\u00fas y Manuel al borde del cr\u00e1ter del Cotopaxi<\/p><\/div>\n<p>Curiosamente parece que nos recuperamos r\u00e1pido, nada de cansancio, nada de sue\u00f1o de altura ni de s\u00edntomas parecidos a los de las cimas del Chimborazo. Hago fotos al lugar; sobre todo a la perfecta y suave gigantesca circunferencia del cr\u00e1ter del Volc\u00e1n Cotopaxi. Impresionante. Delante a la derecha, siguiendo el borde del cr\u00e1ter, una subida escarpada medio rocosa, medio cubierta por el hielo y la nieve. Arriba de este escarpe considerable, est\u00e1 la cima sur del Cotopaxi. Es una monta\u00f1a y lugar impresionante, espectacular.<\/p>\n<p><span style=\"color: #0000ff;\">Para rematar nos queda una trepadita a un resalte de roca y nieve que es la cima sur del Cotopaxi, 5.880 mts. (solo 17 metros m\u00e1s bajo que la masificada cima norte).<\/span> Vemos a Rodrigo arriba del escarpe de la derecha. Nos dice que subamos. La verdad es que no era consciente que fuera la cima sur del Cotopaxi, yo ya estaba contento de estar aqu\u00ed, pero quedaba otro \u201cremate\u201d, unos cuantos metros m\u00e1s de subida entre hielo y tierra, para llegar a una larga planicie helada, nevada\u2026 ahora si es la parte m\u00e1s alta del sur del cr\u00e1ter del gigantesco e impresionante volc\u00e1n Cotopaxi.<\/p>\n<p><span style=\"color: #0000ff;\">Desde la cima el panorama es bell\u00edsimo, no solo por las monta\u00f1as que emergen de las nubes (Chimborazo, Ilinizas, Coraz\u00f3n\u2026) si no por la vista del enorme cr\u00e1ter humeante (fumarolas) de 800 metros de di\u00e1metro, 4.500 metros de profundidad, al que baj\u00f3 por primera vez P\u00e9rez de Tudela con dos monta\u00f1eros ecuatorianos en los a\u00f1os 70.<\/span><\/p>\n<div id=\"attachment_46643\" style=\"width: 1510px\" class=\"wp-caption aligncenter\"><a class=\"dt-single-image\" href=\"https:\/\/www.monta\u00f1asdelaluna.es\/wp-content\/uploads\/2021\/01\/189.jpg\" data-dt-img-description=\"\"><img loading=\"lazy\" decoding=\"async\" aria-describedby=\"caption-attachment-46643\" class=\"wp-image-46643 size-full\" src=\"https:\/\/www.monta\u00f1asdelaluna.es\/wp-content\/uploads\/2021\/01\/189.jpg\" alt=\"Gigantesco cr\u00e1ter del Cotopaxi desde la cima sur, 5.880 mts.\" width=\"1500\" height=\"1000\" srcset=\"https:\/\/www.monta\u00f1asdelaluna.es\/wp-content\/uploads\/2021\/01\/189.jpg 1500w, https:\/\/www.monta\u00f1asdelaluna.es\/wp-content\/uploads\/2021\/01\/189-300x200.jpg 300w, https:\/\/www.monta\u00f1asdelaluna.es\/wp-content\/uploads\/2021\/01\/189-1024x683.jpg 1024w\" sizes=\"auto, (max-width: 1500px) 100vw, 1500px\" \/><\/a><p id=\"caption-attachment-46643\" class=\"wp-caption-text\">Gigantesco cr\u00e1ter del Cotopaxi desde la cima sur, 5.880 mts.<\/p><\/div>\n<p>Las vistas al gigantesco cr\u00e1ter nos asombran, nos atemoriza, nos deja boquiabiertos: es un gigantesco agujero abierto, con una circunferencia ovalada perfecta, con una barra rocosa vertical a la misma altura que lo caracterizan, como si un gigantesco molde de magdalena redonda, lo hayan hincado y hundido en la cima de una monta\u00f1a, y hayan sacado lo de dentro. Pero est\u00e1 vivo, de su fondo, el cual no lo vemos entero al estar tan hundido en el interior, salen fumarolas que se mezclan con las nubecillas de cima. Ol\u00eda mal si te acercabas al cr\u00e1ter, como suelen decir, a huevos podridos: el azufre. El volc\u00e1n no est\u00e1 extinto, est\u00e1 vivo, suele duerme. Es impresionante e inolvidable. Jes\u00fas ten\u00eda raz\u00f3n, merec\u00eda la pena ver este alt\u00edsimo y gigantesco cr\u00e1ter del Volc\u00e1n Cotopaxi, con esa circunferencia de unos 800 metros\u2026 \u00a1Cerca de un kil\u00f3metro de di\u00e1metro! Es f\u00e1cil decirlo pero verlo es soberbio, magn\u00edfico, dantesco\u2026 y si pensamos en su fuerza y energ\u00eda que puede tener, apocal\u00edptico. No hay palabras.<\/p>\n<p>Por suerte no estamos como en las cimas del Chimborazo, como ya he comentado antes, y podemos disfrutar de la cima del Cotopaxi: fotos con las banderas, fotos con Delf\u00edn y con Rodrigo. Podemos celebrar el \u00e9xito de la tercera cima, sacamos los tres dedos de la mano en las fotos como anunciando para la posteridad que es nuestra tercera cima importante en Ecuador. Estamos exultantes, euf\u00f3ricos, alegres y fascinados por el \u00e9xito. Rodrigo tambi\u00e9n est\u00e1 contento por nosotros y por \u00e9l, al final nos ha podido subir a la cima sur del Volc\u00e1n Cotopaxi, la segunda monta\u00f1a m\u00e1s alta de Ecuador.<\/p>\n<div id=\"attachment_46639\" style=\"width: 1510px\" class=\"wp-caption aligncenter\"><a class=\"dt-single-image\" href=\"https:\/\/www.monta\u00f1asdelaluna.es\/wp-content\/uploads\/2021\/01\/joaquin-y-jesus-en-la-cima-sur-del-cotopaxi-5-880-mts-detras-abajo-su-crater-nuestra-tercera-cima-importante-en-ecuador.jpg\" data-dt-img-description=\"\"><img loading=\"lazy\" decoding=\"async\" aria-describedby=\"caption-attachment-46639\" class=\"wp-image-46639 size-full\" src=\"https:\/\/www.monta\u00f1asdelaluna.es\/wp-content\/uploads\/2021\/01\/joaquin-y-jesus-en-la-cima-sur-del-cotopaxi-5-880-mts-detras-abajo-su-crater-nuestra-tercera-cima-importante-en-ecuador.jpg\" alt=\"Joaqu\u00edn y Jes\u00fas en la cima sur del Cotopaxi, 5.880 mts., detr\u00e1s abajo su cr\u00e1ter. Nuestra tercera cima importante en Ecuador\" width=\"1500\" height=\"1000\" srcset=\"https:\/\/www.monta\u00f1asdelaluna.es\/wp-content\/uploads\/2021\/01\/joaquin-y-jesus-en-la-cima-sur-del-cotopaxi-5-880-mts-detras-abajo-su-crater-nuestra-tercera-cima-importante-en-ecuador.jpg 1500w, https:\/\/www.monta\u00f1asdelaluna.es\/wp-content\/uploads\/2021\/01\/joaquin-y-jesus-en-la-cima-sur-del-cotopaxi-5-880-mts-detras-abajo-su-crater-nuestra-tercera-cima-importante-en-ecuador-300x200.jpg 300w, https:\/\/www.monta\u00f1asdelaluna.es\/wp-content\/uploads\/2021\/01\/joaquin-y-jesus-en-la-cima-sur-del-cotopaxi-5-880-mts-detras-abajo-su-crater-nuestra-tercera-cima-importante-en-ecuador-1024x683.jpg 1024w\" sizes=\"auto, (max-width: 1500px) 100vw, 1500px\" \/><\/a><p id=\"caption-attachment-46639\" class=\"wp-caption-text\">Joaqu\u00edn y Jes\u00fas en la cima sur del Cotopaxi, 5.880 mts., detr\u00e1s abajo su cr\u00e1ter. Nuestra tercera cima importante en Ecuador<\/p><\/div>\n<p><span style=\"color: #0000ff;\">M\u00e1s fotos, m\u00e1s felicitaciones. Mil fotos al cr\u00e1ter; la de rigor con la bandera y para abajo. Nos ponemos crema para el sol y nos encordamos de nuevo e iniciamos el descenso. Abro la cordada. En la parte alta la nieve est\u00e1 ideal para bajar sin demasiadas precauciones y muy directos tambi\u00e9n. Pero en la parte baja la nieve est\u00e1 tan h\u00fameda que hace zueco pese al anti-boot y nos hace tropezar. Es un co\u00f1azo ir encordados en esta parte.<\/span><\/p>\n<p>La bajada la hacemos muy bien, parece que el cansancio no es tan fuerte y nos vamos recuperando a medida que bajamos altura, a pesar de que caminamos y hacemos ejercicio para bajar por la ladera helada del glaciar. Estamos estupendos. Rodrigo, que es un excepcional observador de las monta\u00f1as, como ya hizo en el Chimborazo, nos advierte que en una ladera del volc\u00e1n, la ladera oeste, ha perdido todo el hielo del glaciar, el glaciar ha desaparecido dejando la ladera desnuda. Y a la vez ha aparecido una fumarola, que normalmente est\u00e1n en el interior del cr\u00e1ter, en mitad de esta ladera desnuda de hielo, desde el borde del cr\u00e1ter hasta la base de la monta\u00f1a\u2026 la monta\u00f1a se recalienta, se activa el volc\u00e1n\u2026 nos recuerda al Tungurahua cuando erupcion\u00f3 por el lado de la monta\u00f1a en lugar de por el cr\u00e1ter, su cima\u2026 Sobrecogedor\u2026 un temor interno recorre mi cuerpo\u2026 no quisiera estar en sus laderas cuando decidiera despertar violentamente.<\/p>\n<p>Descansamos en mitad del glaciar. Nos hacemos fotos. Todos estamos muy contentos y animados por el \u00e9xito y por el buen d\u00eda que nos hace, a pesar de las nubes que nos han invadido y entelado las vistas. Va haciendo calor. El frio va desapareciendo y nos tenemos que abrir las ropas\u2026 que diferencia con la intentona de hace unos d\u00edas\u2026<\/p>\n<div id=\"attachment_46641\" style=\"width: 1034px\" class=\"wp-caption aligncenter\"><a class=\"dt-single-image\" href=\"https:\/\/www.monta\u00f1asdelaluna.es\/wp-content\/uploads\/2021\/01\/joaquin-y-jesus-con-delfin-en-la-cima-sur-del-cotopaxi-5-880-mts-detras-abajo-su-crater.jpg\" data-dt-img-description=\"\"><img loading=\"lazy\" decoding=\"async\" aria-describedby=\"caption-attachment-46641\" class=\"wp-image-46641 size-large\" src=\"https:\/\/www.monta\u00f1asdelaluna.es\/wp-content\/uploads\/2021\/01\/joaquin-y-jesus-con-delfin-en-la-cima-sur-del-cotopaxi-5-880-mts-detras-abajo-su-crater-1024x683.jpg\" alt=\"Joaqu\u00edn y Jes\u00fas con Delf\u00edn en la cima sur del Cotopaxi, 5.880 mts., detr\u00e1s abajo su cr\u00e1ter\" width=\"1024\" height=\"683\" srcset=\"https:\/\/www.monta\u00f1asdelaluna.es\/wp-content\/uploads\/2021\/01\/joaquin-y-jesus-con-delfin-en-la-cima-sur-del-cotopaxi-5-880-mts-detras-abajo-su-crater-1024x683.jpg 1024w, https:\/\/www.monta\u00f1asdelaluna.es\/wp-content\/uploads\/2021\/01\/joaquin-y-jesus-con-delfin-en-la-cima-sur-del-cotopaxi-5-880-mts-detras-abajo-su-crater-300x200.jpg 300w, https:\/\/www.monta\u00f1asdelaluna.es\/wp-content\/uploads\/2021\/01\/joaquin-y-jesus-con-delfin-en-la-cima-sur-del-cotopaxi-5-880-mts-detras-abajo-su-crater.jpg 1500w\" sizes=\"auto, (max-width: 1024px) 100vw, 1024px\" \/><\/a><p id=\"caption-attachment-46641\" class=\"wp-caption-text\">Joaqu\u00edn y Jes\u00fas con Delf\u00edn en la cima sur del Cotopaxi, 5.880 mts., detr\u00e1s abajo su cr\u00e1ter<\/p><\/div>\n<div id=\"attachment_46645\" style=\"width: 1034px\" class=\"wp-caption aligncenter\"><a class=\"dt-single-image\" href=\"https:\/\/www.monta\u00f1asdelaluna.es\/wp-content\/uploads\/2021\/01\/de-izquierda-a-derecha-jesus-rodrigo-y-joaquin-en-la-cima-sur-del-cotopaxi-5-880-mts.jpg\" data-dt-img-description=\"\"><img loading=\"lazy\" decoding=\"async\" aria-describedby=\"caption-attachment-46645\" class=\"wp-image-46645 size-large\" src=\"https:\/\/www.monta\u00f1asdelaluna.es\/wp-content\/uploads\/2021\/01\/de-izquierda-a-derecha-jesus-rodrigo-y-joaquin-en-la-cima-sur-del-cotopaxi-5-880-mts-1024x683.jpg\" alt=\"De izquierda a derecha: Jes\u00fas, Rodrigo y Joaqu\u00edn en la cima sur del Cotopaxi, 5.880 mts.\" width=\"1024\" height=\"683\" srcset=\"https:\/\/www.monta\u00f1asdelaluna.es\/wp-content\/uploads\/2021\/01\/de-izquierda-a-derecha-jesus-rodrigo-y-joaquin-en-la-cima-sur-del-cotopaxi-5-880-mts-1024x683.jpg 1024w, https:\/\/www.monta\u00f1asdelaluna.es\/wp-content\/uploads\/2021\/01\/de-izquierda-a-derecha-jesus-rodrigo-y-joaquin-en-la-cima-sur-del-cotopaxi-5-880-mts-300x200.jpg 300w, https:\/\/www.monta\u00f1asdelaluna.es\/wp-content\/uploads\/2021\/01\/de-izquierda-a-derecha-jesus-rodrigo-y-joaquin-en-la-cima-sur-del-cotopaxi-5-880-mts.jpg 1500w\" sizes=\"auto, (max-width: 1024px) 100vw, 1024px\" \/><\/a><p id=\"caption-attachment-46645\" class=\"wp-caption-text\">De izquierda a derecha: Jes\u00fas, Rodrigo y Joaqu\u00edn en la cima sur del Cotopaxi, 5.880 mts.<\/p><\/div>\n<p>Descubro en esta y otras monta\u00f1as andinas de Ecuador, como los glaciares son m\u00e1s vigorosos, extensos y sanos en las laderas que dan hacia el este, las que miran a la Selva, al Oriente, que en las que dan hacia el oeste, hacia la costa, el Oc\u00e9ano. Seguramente sea por los vientos: los que vienen del mar son m\u00e1s templados, menos fr\u00edos, y los que vienen del interior del continente sean m\u00e1s frescos, menos calurosos\u2026 al menos a partir de cierta altura. El glaciar del Cotopaxi, esa \u201ccarpa de circo\u201d es un buen ejemplo. Incluso el trozo de ladera que se ha quedado desnudo de glaciar, como indicaba Rodrigo, mira directamente al oeste.<\/p>\n<p><span style=\"color: #0000ff;\">Por fin llegamos al espol\u00f3n al final del glaciar y nos quitamos cuerda y crampones. Desde aqu\u00ed 1 h. 30 minutos de bajada al refugio que Rodrigo y yo hacemos bastante r\u00e1pido para llegar cuanto antes a la caba\u00f1a y cambiarnos, comer algo, etc. Mientras preparamos la mochila para meterla en la caja de la camioneta. Empieza de nuevo a llover. Tememos que todo se moje pero la funda impermeable cumple su papel.<\/span><\/p>\n<p>Al final no hemos hecho el recorrido pactado conmigo para repetir la ascensi\u00f3n al Cotopaxi, eso de subir a la cima sur, despu\u00e9s bordear el cr\u00e1ter, hacer la cima norte y bajar por el refugio de la cara norte, por el recorrido m\u00e1s habitual de ascenso a esta monta\u00f1a. Por las condiciones de subir al Cotopaxi desde el Refugio de la cara sur, directamente, sin pasar por el campo alto a hacer noche, puede que ni se nos pasara por la cabeza seguir el plan de la traves\u00eda del Cotopaxi. Aunque pens\u00e1ndolo bien, por la velocidad de ascenso y nuestras condiciones f\u00edsicas, no hubiera sido ning\u00fan problema, pero el hecho de realizar el ascenso, la actividad, tal y como la hab\u00edamos hecho, con esos desniveles y r\u00e9cords de tiempos, ya es una proeza que merece hacerse, aunque, como pensaba yo \u201crepiti\u00e9ramos monta\u00f1a\u201d.<\/p>\n<div id=\"attachment_46646\" style=\"width: 832px\" class=\"wp-caption aligncenter\"><a class=\"dt-single-image\" href=\"https:\/\/www.monta\u00f1asdelaluna.es\/wp-content\/uploads\/2021\/01\/delante-delfin-comenzando-la-bajada-de-la-cima-sur-del-cotopaxi-5-880-mts-al-fondo-los-iliniza.jpg\" data-dt-img-description=\"\"><img loading=\"lazy\" decoding=\"async\" aria-describedby=\"caption-attachment-46646\" class=\"wp-image-46646 \" src=\"https:\/\/www.monta\u00f1asdelaluna.es\/wp-content\/uploads\/2021\/01\/delante-delfin-comenzando-la-bajada-de-la-cima-sur-del-cotopaxi-5-880-mts-al-fondo-los-iliniza.jpg\" alt=\"Delante Delf\u00edn comenzando la bajada de la cima sur del Cotopaxi, 5.880 mts., al fondo los Iliniza\" width=\"822\" height=\"1233\" srcset=\"https:\/\/www.monta\u00f1asdelaluna.es\/wp-content\/uploads\/2021\/01\/delante-delfin-comenzando-la-bajada-de-la-cima-sur-del-cotopaxi-5-880-mts-al-fondo-los-iliniza.jpg 1000w, https:\/\/www.monta\u00f1asdelaluna.es\/wp-content\/uploads\/2021\/01\/delante-delfin-comenzando-la-bajada-de-la-cima-sur-del-cotopaxi-5-880-mts-al-fondo-los-iliniza-200x300.jpg 200w, https:\/\/www.monta\u00f1asdelaluna.es\/wp-content\/uploads\/2021\/01\/delante-delfin-comenzando-la-bajada-de-la-cima-sur-del-cotopaxi-5-880-mts-al-fondo-los-iliniza-683x1024.jpg 683w\" sizes=\"auto, (max-width: 822px) 100vw, 822px\" \/><\/a><p id=\"caption-attachment-46646\" class=\"wp-caption-text\">Delante Delf\u00edn comenzando la bajada de la cima sur del Cotopaxi, 5.880 mts., al fondo los Iliniza<\/p><\/div>\n<div id=\"attachment_46648\" style=\"width: 1510px\" class=\"wp-caption aligncenter\"><a class=\"dt-single-image\" href=\"https:\/\/www.monta\u00f1asdelaluna.es\/wp-content\/uploads\/2021\/01\/un-descanso-en-la-bajada-de-la-cima-sur-del-cotopaxi-de-izquierda-a-derecha-jesus-rodrigo-delfin-y-manuel.jpg\" data-dt-img-description=\"\"><img loading=\"lazy\" decoding=\"async\" aria-describedby=\"caption-attachment-46648\" class=\"wp-image-46648 size-full\" src=\"https:\/\/www.monta\u00f1asdelaluna.es\/wp-content\/uploads\/2021\/01\/un-descanso-en-la-bajada-de-la-cima-sur-del-cotopaxi-de-izquierda-a-derecha-jesus-rodrigo-delfin-y-manuel.jpg\" alt=\"Un descanso en la bajada de la cima sur del Cotopaxi. De izquierda a derecha: Jes\u00fas, Rodrigo, Delf\u00edn y Manuel\" width=\"1500\" height=\"1000\" srcset=\"https:\/\/www.monta\u00f1asdelaluna.es\/wp-content\/uploads\/2021\/01\/un-descanso-en-la-bajada-de-la-cima-sur-del-cotopaxi-de-izquierda-a-derecha-jesus-rodrigo-delfin-y-manuel.jpg 1500w, https:\/\/www.monta\u00f1asdelaluna.es\/wp-content\/uploads\/2021\/01\/un-descanso-en-la-bajada-de-la-cima-sur-del-cotopaxi-de-izquierda-a-derecha-jesus-rodrigo-delfin-y-manuel-300x200.jpg 300w, https:\/\/www.monta\u00f1asdelaluna.es\/wp-content\/uploads\/2021\/01\/un-descanso-en-la-bajada-de-la-cima-sur-del-cotopaxi-de-izquierda-a-derecha-jesus-rodrigo-delfin-y-manuel-1024x683.jpg 1024w\" sizes=\"auto, (max-width: 1500px) 100vw, 1500px\" \/><\/a><p id=\"caption-attachment-46648\" class=\"wp-caption-text\">Un descanso en la bajada de la cima sur del Cotopaxi. De izquierda a derecha: Jes\u00fas, Rodrigo, Delf\u00edn y Manuel<\/p><\/div>\n<p><span style=\"color: #0000ff;\">De regreso a Urbina todos menos Rodrigo y Joaqu\u00edn dormitamos en el coche. Al llegar all\u00ed la ducha de agua caliente y la hoguera en la chimenea para secar la ropa. Hoy nos ha invadido un grupo de holandeses (otra vez a la mesa peque\u00f1a).<\/span> Despu\u00e9s de la actividad y en la tranquilidad de la Estaci\u00f3n de Urbina, dejo de tomar la dosis del Fortasec, e incre\u00edblemente la diarrea vuelve. Con lo que debo de volver a tomar las p\u00edldoras de Fortasec unos d\u00edas m\u00e1s\u2026 ma\u00f1ana vamos a la selva y no sabremos qu\u00e9 agua beberemos\u2026 Pero por suerte no me ha molestado nada la diarrea, ni me he acordado de ella en toda la actividad de ascenso al Cotopaxi. Ha ido muy bien.<\/p>\n<p><span style=\"color: #0000ff;\">El Cotopaxi ha sido una ascensi\u00f3n dura, hemos hecho 1.900 metros en 7 h. 40 minutos, y la bajada en 4 h. Ha sido agotador, pero puedo decir que la cima y la vista del cr\u00e1ter no me han defraudado en absoluto, y eso que llevaba todo el a\u00f1o so\u00f1ando con ver este lugar. Puedo decir que es la monta\u00f1a que m\u00e1s me ha gustado de este viaje.<\/span><\/p>\n<p>Y as\u00ed culminamos nuestros objetivos monta\u00f1eros en esta Expedici\u00f3n a Ecuador, con la ascensi\u00f3n a las dos monta\u00f1as m\u00e1s altas del pa\u00eds, es m\u00e1s, yo siempre dir\u00e9 que \u201chicimos dos Cotopaxis\u201d. Realmente las vistas y experiencia del gigantesco volc\u00e1n han sido \u00fanicas, irrepetibles, magn\u00edficas, para m\u00ed no especialmente mejores a las del Chimborazo pero s\u00ed diferentes, ya que una monta\u00f1a como el Volc\u00e1n Cotopaxi es \u00fanica en el mundo. En el Chimborazo no llegu\u00e9 a disfrutar de la cima, del \u00e9xito conseguido, pero en este segundo intento del Cotopaxi, gracias a nuestra magn\u00edfica aclimataci\u00f3n, como dice Jes\u00fas, establecemos tiempos y distancias de r\u00e9cords. Hicimos bien en no amilanarnos por las condiciones adversas en este \u00faltimo intento, en no pensar \u201cser\u00e1 muy dif\u00edcil\u201d y esos pensamientos negativos; porque a veces las fronteras y l\u00edmites nos los ponemos nosotros mismos, no la monta\u00f1a y sus circunstancias.<\/p>\n<div id=\"attachment_46650\" style=\"width: 1034px\" class=\"wp-caption aligncenter\"><a class=\"dt-single-image\" href=\"https:\/\/www.monta\u00f1asdelaluna.es\/wp-content\/uploads\/2021\/01\/un-descanso-en-la-bajada-de-la-cima-sur-del-cotopaxi-de-izquierda-a-derecha-delfin-rodrigo-jesus-y-detras-manuel.jpg\" data-dt-img-description=\"\"><img loading=\"lazy\" decoding=\"async\" aria-describedby=\"caption-attachment-46650\" class=\"wp-image-46650 size-large\" src=\"https:\/\/www.monta\u00f1asdelaluna.es\/wp-content\/uploads\/2021\/01\/un-descanso-en-la-bajada-de-la-cima-sur-del-cotopaxi-de-izquierda-a-derecha-delfin-rodrigo-jesus-y-detras-manuel-1024x683.jpg\" alt=\"Un descanso en la bajada de la cima sur del Cotopaxi. De izquierda a derecha: Delf\u00edn, Rodrigo, Jes\u00fas, y detr\u00e1s Manuel\" width=\"1024\" height=\"683\" srcset=\"https:\/\/www.monta\u00f1asdelaluna.es\/wp-content\/uploads\/2021\/01\/un-descanso-en-la-bajada-de-la-cima-sur-del-cotopaxi-de-izquierda-a-derecha-delfin-rodrigo-jesus-y-detras-manuel-1024x683.jpg 1024w, https:\/\/www.monta\u00f1asdelaluna.es\/wp-content\/uploads\/2021\/01\/un-descanso-en-la-bajada-de-la-cima-sur-del-cotopaxi-de-izquierda-a-derecha-delfin-rodrigo-jesus-y-detras-manuel-300x200.jpg 300w, https:\/\/www.monta\u00f1asdelaluna.es\/wp-content\/uploads\/2021\/01\/un-descanso-en-la-bajada-de-la-cima-sur-del-cotopaxi-de-izquierda-a-derecha-delfin-rodrigo-jesus-y-detras-manuel.jpg 1500w\" sizes=\"auto, (max-width: 1024px) 100vw, 1024px\" \/><\/a><p id=\"caption-attachment-46650\" class=\"wp-caption-text\">Un descanso en la bajada de la cima sur del Cotopaxi. De izquierda a derecha: Delf\u00edn, Rodrigo, Jes\u00fas, y detr\u00e1s Manuel<\/p><\/div>\n<div id=\"attachment_46651\" style=\"width: 1034px\" class=\"wp-caption aligncenter\"><a class=\"dt-single-image\" href=\"https:\/\/www.monta\u00f1asdelaluna.es\/wp-content\/uploads\/2021\/01\/joaquin-en-la-bajada-de-la-cima-sur-del-cotopaxi-a-la-izquierda-morurco-nevado.jpg\" data-dt-img-description=\"\"><img loading=\"lazy\" decoding=\"async\" aria-describedby=\"caption-attachment-46651\" class=\"wp-image-46651 size-large\" src=\"https:\/\/www.monta\u00f1asdelaluna.es\/wp-content\/uploads\/2021\/01\/joaquin-en-la-bajada-de-la-cima-sur-del-cotopaxi-a-la-izquierda-morurco-nevado-1024x683.jpg\" alt=\"Joaqu\u00edn en la bajada de la cima sur del Cotopaxi. A la izquierda Morurco nevado.\" width=\"1024\" height=\"683\" srcset=\"https:\/\/www.monta\u00f1asdelaluna.es\/wp-content\/uploads\/2021\/01\/joaquin-en-la-bajada-de-la-cima-sur-del-cotopaxi-a-la-izquierda-morurco-nevado-1024x683.jpg 1024w, https:\/\/www.monta\u00f1asdelaluna.es\/wp-content\/uploads\/2021\/01\/joaquin-en-la-bajada-de-la-cima-sur-del-cotopaxi-a-la-izquierda-morurco-nevado-300x200.jpg 300w, https:\/\/www.monta\u00f1asdelaluna.es\/wp-content\/uploads\/2021\/01\/joaquin-en-la-bajada-de-la-cima-sur-del-cotopaxi-a-la-izquierda-morurco-nevado.jpg 1500w\" sizes=\"auto, (max-width: 1024px) 100vw, 1024px\" \/><\/a><p id=\"caption-attachment-46651\" class=\"wp-caption-text\">Joaqu\u00edn en la bajada de la cima sur del Cotopaxi. A la izquierda Morurco nevado.<\/p><\/div>\n<p>De esta manera, a pesar de los obst\u00e1culos al comienzo del viaje, y sobre todo gracias a nuestra energ\u00eda, nuestro valor, nuestro no desfallecer ante las adversidades y a la generosidad, ayuda del gran Rodrigo Donoso, hicimos nuestros dos objetivos monta\u00f1eros: la cima de Chimborazo, nuestro primer seismil, y la cima del Cotopaxi, tambi\u00e9n nuestra segunda monta\u00f1a m\u00e1s alta que hab\u00edamos hecho, 250 metros m\u00e1s alta que el <a href=\"https:\/\/www.monta\u00f1asdelaluna.es\/?p=17684\" target=\"_blank\" rel=\"noopener\">Elbrus <\/a>de hace tres a\u00f1os. Estamos muy contentos, alegres y agradecidos. Para nosotros es una proeza, un hito, una heroicidad, que tienen que ver m\u00e1s con nuestra actitud, nuestra aptitud mental, que por nuestras condiciones f\u00edsicas. Estamos exultantes, orgullosos y nos sentimos realizados.<\/p>\n<p>Y ahora nos merecemos un descanso. Visitar la Selva Amaz\u00f3nica es otra gran aventura. Nos quedan pocos d\u00edas, y dos d\u00edas antes de coger el avi\u00f3n hacia Espa\u00f1a, acabando as\u00ed nuestra aventura por el pa\u00eds andino, tenemos que estar en Quito para coger los salvoconductos, tambi\u00e9n por los d\u00edas de m\u00e1s para hacer el segundo intento del Cotopaxi, hemos reducido los cinco d\u00edas en la selva a dos. Pero seguro que son dos d\u00edas intensos y fascinantes en plena Selva Amaz\u00f3nica.<\/p>\n<div id=\"attachment_46667\" style=\"width: 1370px\" class=\"wp-caption aligncenter\"><a class=\"dt-single-image\" href=\"https:\/\/www.monta\u00f1asdelaluna.es\/wp-content\/uploads\/2021\/01\/Cotopaximapa-001.CimaCroquis.web_.jpg\" data-dt-img-description=\"\"><img loading=\"lazy\" decoding=\"async\" aria-describedby=\"caption-attachment-46667\" class=\"wp-image-46667 size-full\" src=\"https:\/\/www.monta\u00f1asdelaluna.es\/wp-content\/uploads\/2021\/01\/Cotopaximapa-001.CimaCroquis.web_.jpg\" alt=\"Croquis de la ascensi\u00f3n a la cima del Cotopaxi, 5.880 mts. desde el Refugio de su cara sur. PUNTO AMARILLO: cumbre sur del Cotopaxi, 5.880 mts.\" width=\"1360\" height=\"1870\" srcset=\"https:\/\/www.monta\u00f1asdelaluna.es\/wp-content\/uploads\/2021\/01\/Cotopaximapa-001.CimaCroquis.web_.jpg 1360w, https:\/\/www.monta\u00f1asdelaluna.es\/wp-content\/uploads\/2021\/01\/Cotopaximapa-001.CimaCroquis.web_-218x300.jpg 218w, https:\/\/www.monta\u00f1asdelaluna.es\/wp-content\/uploads\/2021\/01\/Cotopaximapa-001.CimaCroquis.web_-745x1024.jpg 745w\" sizes=\"auto, (max-width: 1360px) 100vw, 1360px\" \/><\/a><p id=\"caption-attachment-46667\" class=\"wp-caption-text\">Croquis de la ascensi\u00f3n a la cima del Cotopaxi, 5.880 mts. desde el Refugio de su cara sur. PUNTO AMARILLO: cumbre sur del Cotopaxi, 5.880 mts.<\/p><\/div>\n<p>[vc_separator][\/vc_column_text][\/vc_column][\/vc_row][vc_row][vc_column][vc_empty_space height=\u00bb60px\u00bb][\/vc_column][\/vc_row][vc_row][vc_column][vc_cta h2=\u00bb\u00c1lbum de fotos\u00bb txt_align=\u00bbcenter\u00bb add_button=\u00bbbottom\u00bb btn_title=\u00bbVer fotos\u00bb btn_color=\u00bbwarning\u00bb btn_align=\u00bbcenter\u00bb btn_link=\u00bburl:https%3A%2F%2Fmonta%C3%B1asdelaluna.es%2F%3Fdt_gallery%3Dcotopaxi-5-880-mts-2|title:Cotopaxi%2C%205.880%20mts.|target:_blank\u00bb css=\u00bb.vc_custom_1625688308362{background-color: #8bc4ed !important;}\u00bb]Puedes ver las fotos Cotopaxi, 5.880 mts. en forma de presentaci\u00f3n o individuales pinchando aqui \u00a1No te las pierdas![\/vc_cta][\/vc_column][\/vc_row][vc_row][vc_column][vc_empty_space height=\u00bb60px\u00bb][\/vc_column][\/vc_row][vc_row][vc_column width=\u00bb1\/6&#8243;][\/vc_column][vc_column width=\u00bb1\/3&#8243;][vc_column_text]Tiempo en Cotopaxi[\/vc_column_text][vc_raw_html]JTNDaWZyYW1lJTIwc3JjJTNEJTIyaHR0cHMlM0ElMkYlMkZ3d3cubWV0ZW9ibHVlLmNvbSUyRmVzJTJGdGllbXBvJTJGd2lkZ2V0JTJGZGFpbHklMkYtMC42ODdOLTc4LjQzOEU1NzcwX0FtZXJpY2ElMjUyRkd1YXlhcXVpbCUzRmdlb2xvYyUzRGZpeGVkJTI2ZGF5cyUzRDclMjZ0ZW1wdW5pdCUzRENFTFNJVVMlMjZ3aW5kdW5pdCUzREtJTE9NRVRFUl9QRVJfSE9VUiUyNnByZWNpcHVuaXQlM0RNSUxMSU1FVEVSJTI2Y29sb3VyZWQlM0Rjb2xvdXJlZCUyNnBpY3RvaWNvbiUzRDAlMjZwaWN0b2ljb24lM0QxJTI2bWF4dGVtcGVyYXR1cmUlM0QwJTI2bWF4dGVtcGVyYXR1cmUlM0QxJTI2bWludGVtcGVyYXR1cmUlM0QwJTI2bWludGVtcGVyYXR1cmUlM0QxJTI2d2luZHNwZWVkJTNEMCUyNndpbmRzcGVlZCUzRDElMjZ3aW5kZ3VzdCUzRDAlMjZ3aW5kZ3VzdCUzRDElMjZ3aW5kZGlyZWN0aW9uJTNEMCUyNndpbmRkaXJlY3Rpb24lM0QxJTI2dXYlM0QwJTI2aHVtaWRpdHklM0QwJTI2cHJlY2lwaXRhdGlvbiUzRDAlMjZwcmVjaXBpdGF0aW9uJTNEMSUyNnByZWNpcGl0YXRpb25wcm9iYWJpbGl0eSUzRDAlMjZwcmVjaXBpdGF0aW9ucHJvYmFiaWxpdHklM0QxJTI2c3BvdCUzRDAlMjZzcG90JTNEMSUyNnByZXNzdXJlJTNEMCUyNnByZXNzdXJlJTNEMSUyNmxheW91dCUzRGxpZ2h0JTIyJTIwJTIwZnJhbWVib3JkZXIlM0QlMjIwJTIyJTIwc2Nyb2xsaW5nJTNEJTIyTk8lMjIlMjBhbGxvd3RyYW5zcGFyZW5jeSUzRCUyMnRydWUlMjIlMjBzYW5kYm94JTNEJTIyYWxsb3ctc2FtZS1vcmlnaW4lMjBhbGxvdy1zY3JpcHRzJTIwYWxsb3ctcG9wdXBzJTIwYWxsb3ctcG9wdXBzLXRvLWVzY2FwZS1zYW5kYm94JTIyJTIwc3R5bGUlM0QlMjJ3aWR0aCUzQSUyMDM3OHB4JTNCJTIwaGVpZ2h0JTNBJTIwNDIwcHglMjIlM0UlM0MlMkZpZnJhbWUlM0UlM0NkaXYlM0UlM0MlMjEtLSUyMERPJTIwTk9UJTIwUkVNT1ZFJTIwVEhJUyUyMExJTkslMjAtLSUzRSUzQ2ElMjBocmVmJTNEJTIyaHR0cHMlM0ElMkYlMkZ3d3cubWV0ZW9ibHVlLmNvbSUyRmVzJTJGdGllbXBvJTJGc2VtYW5hJTJGLTAuNjg3Ti03OC40MzhFNTc3MF9BbWVyaWNhJTI1MkZHdWF5YXF1aWwlM0Z1dG1fc291cmNlJTNEd2VhdGhlcl93aWRnZXQlMjZ1dG1fbWVkaXVtJTNEbGlua3VzJTI2dXRtX2NvbnRlbnQlM0RkYWlseSUyNnV0bV9jYW1wYWlnbiUzRFdlYXRoZXIlMjUyQldpZGdldCUyMiUyMHRhcmdldCUzRCUyMl9ibGFuayUyMiUzRW1ldGVvYmx1ZSUzQyUyRmElM0UlM0MlMkZkaXYlM0U=[\/vc_raw_html][\/vc_column][vc_column width=\u00bb1\/3&#8243;][vc_empty_space height=\u00bb23px\u00bb][vc_raw_html]JTNDaWZyYW1lJTIwc3JjJTNEJTIyaHR0cHMlM0ElMkYlMkZ3d3cubWV0ZW9ibHVlLmNvbSUyRmVzJTJGdGllbXBvJTJGd2lkZ2V0JTJGZGFpbHklMkZ1cmJpbmFfZWN1YWRvcl8zNjUwMzQ5JTNGZ2VvbG9jJTNEZml4ZWQlMjZkYXlzJTNENyUyNnRlbXB1bml0JTNEQ0VMU0lVUyUyNndpbmR1bml0JTNES0lMT01FVEVSX1BFUl9IT1VSJTI2cHJlY2lwdW5pdCUzRE1JTExJTUVURVIlMjZjb2xvdXJlZCUzRGNvbG91cmVkJTI2cGljdG9pY29uJTNEMCUyNnBpY3RvaWNvbiUzRDElMjZtYXh0ZW1wZXJhdHVyZSUzRDAlMjZtYXh0ZW1wZXJhdHVyZSUzRDElMjZtaW50ZW1wZXJhdHVyZSUzRDAlMjZtaW50ZW1wZXJhdHVyZSUzRDElMjZ3aW5kc3BlZWQlM0QwJTI2d2luZHNwZWVkJTNEMSUyNndpbmRndXN0JTNEMCUyNndpbmRndXN0JTNEMSUyNndpbmRkaXJlY3Rpb24lM0QwJTI2d2luZGRpcmVjdGlvbiUzRDElMjZ1diUzRDAlMjZodW1pZGl0eSUzRDAlMjZwcmVjaXBpdGF0aW9uJTNEMCUyNnByZWNpcGl0YXRpb24lM0QxJTI2cHJlY2lwaXRhdGlvbnByb2JhYmlsaXR5JTNEMCUyNnByZWNpcGl0YXRpb25wcm9iYWJpbGl0eSUzRDElMjZzcG90JTNEMCUyNnNwb3QlM0QxJTI2cHJlc3N1cmUlM0QwJTI2cHJlc3N1cmUlM0QxJTI2bGF5b3V0JTNEbGlnaHQlMjIlMjAlMjBmcmFtZWJvcmRlciUzRCUyMjAlMjIlMjBzY3JvbGxpbmclM0QlMjJOTyUyMiUyMGFsbG93dHJhbnNwYXJlbmN5JTNEJTIydHJ1ZSUyMiUyMHNhbmRib3glM0QlMjJhbGxvdy1zYW1lLW9yaWdpbiUyMGFsbG93LXNjcmlwdHMlMjBhbGxvdy1wb3B1cHMlMjBhbGxvdy1wb3B1cHMtdG8tZXNjYXBlLXNhbmRib3glMjIlMjBzdHlsZSUzRCUyMndpZHRoJTNBJTIwMzc4cHglM0IlMjBoZWlnaHQlM0ElMjA0MjBweCUyMiUzRSUzQyUyRmlmcmFtZSUzRSUzQ2RpdiUzRSUzQyUyMS0tJTIwRE8lMjBOT1QlMjBSRU1PVkUlMjBUSElTJTIwTElOSyUyMC0tJTNFJTNDYSUyMGhyZWYlM0QlMjJodHRwcyUzQSUyRiUyRnd3dy5tZXRlb2JsdWUuY29tJTJGZXMlMkZ0aWVtcG8lMkZzZW1hbmElMkZ1cmJpbmFfZWN1YWRvcl8zNjUwMzQ5JTNGdXRtX3NvdXJjZSUzRHdlYXRoZXJfd2lkZ2V0JTI2dXRtX21lZGl1bSUzRGxpbmt1cyUyNnV0bV9jb250ZW50JTNEZGFpbHklMjZ1dG1fY2FtcGFpZ24lM0RXZWF0aGVyJTI1MkJXaWRnZXQlMjIlMjB0YXJnZXQlM0QlMjJfYmxhbmslMjIlM0VtZXRlb2JsdWUlM0MlMkZhJTNFJTNDJTJGZGl2JTNF[\/vc_raw_html][\/vc_column][vc_column width=\u00bb1\/6&#8243;][\/vc_column][\/vc_row]<\/p>\n","protected":false},"excerpt":{"rendered":"<p>[vc_row][vc_column][vc_column_text]2 h. (4.800 mts.) campo alto. Bebemos un traguito de agua y cogemos el espol\u00f3n que sale de Campo alto hasta el glaciar (1 h.). Parada para encordarnos y ponernos los crampones. Hoy soy el \u00faltimo de la cordada (Manuel, Joaqu\u00edn y yo). La otra la forma Delf\u00edn y Rodrigo. En plena oscuridad parece que&hellip;<\/p>\n","protected":false},"author":1,"featured_media":46639,"comment_status":"open","ping_status":"open","sticky":false,"template":"","format":"standard","meta":[],"categories":[35],"tags":[],"class_list":["post-46745","post","type-post","status-publish","format-standard","has-post-thumbnail","hentry","category-ecuador","category-35","description-off"],"_links":{"self":[{"href":"https:\/\/www.monta\u00f1asdelaluna.es\/index.php?rest_route=\/wp\/v2\/posts\/46745","targetHints":{"allow":["GET"]}}],"collection":[{"href":"https:\/\/www.monta\u00f1asdelaluna.es\/index.php?rest_route=\/wp\/v2\/posts"}],"about":[{"href":"https:\/\/www.monta\u00f1asdelaluna.es\/index.php?rest_route=\/wp\/v2\/types\/post"}],"author":[{"embeddable":true,"href":"https:\/\/www.monta\u00f1asdelaluna.es\/index.php?rest_route=\/wp\/v2\/users\/1"}],"replies":[{"embeddable":true,"href":"https:\/\/www.monta\u00f1asdelaluna.es\/index.php?rest_route=%2Fwp%2Fv2%2Fcomments&post=46745"}],"version-history":[{"count":9,"href":"https:\/\/www.monta\u00f1asdelaluna.es\/index.php?rest_route=\/wp\/v2\/posts\/46745\/revisions"}],"predecessor-version":[{"id":49951,"href":"https:\/\/www.monta\u00f1asdelaluna.es\/index.php?rest_route=\/wp\/v2\/posts\/46745\/revisions\/49951"}],"wp:featuredmedia":[{"embeddable":true,"href":"https:\/\/www.monta\u00f1asdelaluna.es\/index.php?rest_route=\/wp\/v2\/media\/46639"}],"wp:attachment":[{"href":"https:\/\/www.monta\u00f1asdelaluna.es\/index.php?rest_route=%2Fwp%2Fv2%2Fmedia&parent=46745"}],"wp:term":[{"taxonomy":"category","embeddable":true,"href":"https:\/\/www.monta\u00f1asdelaluna.es\/index.php?rest_route=%2Fwp%2Fv2%2Fcategories&post=46745"},{"taxonomy":"post_tag","embeddable":true,"href":"https:\/\/www.monta\u00f1asdelaluna.es\/index.php?rest_route=%2Fwp%2Fv2%2Ftags&post=46745"}],"curies":[{"name":"wp","href":"https:\/\/api.w.org\/{rel}","templated":true}]}}