{"id":49008,"date":"2006-08-02T18:30:05","date_gmt":"2006-08-02T18:30:05","guid":{"rendered":"http:\/\/monta\u00f1asdelaluna.com\/?p=49008"},"modified":"2021-07-14T15:56:10","modified_gmt":"2021-07-14T15:56:10","slug":"ecuador-resto-del-viaje","status":"publish","type":"post","link":"https:\/\/www.monta\u00f1asdelaluna.es\/?p=49008","title":{"rendered":"Ecuador, resto del viaje"},"content":{"rendered":"<p>[vc_row][vc_column][vc_column_text]<\/p>\n<h3 style=\"text-align: center;\">2 de agosto de 2.006. Mi\u00e9rcoles. Quito.<\/h3>\n<p>&nbsp;<\/p>\n<p><span style=\"color: #0000ff;\">Dormimos muy bien en habitaciones individuales por primera vez y camas grandes y calentitas, pero a las 06:30 arriba a acabar la mochila y a las 07:30 est\u00e1bamos en el \u00faltimo desayuno de Urbina, (como siempre glorioso).<\/span><\/p>\n<p><span style=\"color: #0000ff;\">Nos despedimos de Mar\u00eda, Delf\u00edn, Julio y Fabi\u00e1n, es un momento emotivo en el que prometemos volver. Tomamos de nuevo el largo camino a la carretera cargados como mulas de los Hieleros con todas las maletas, mochilas y el bid\u00f3n. El primer bus nos para y nos dice que s\u00ed a Quito, aunque el cartel es de Ambato. 7\u20195 Dl. (Condorazo) hasta all\u00ed vamos pasando por dentro de la ciudad y de repente nos dicen que debemos bajar y hacer transbordo al bus de Amazonas, corriendo con maletas y todo y cogerlo pr\u00e1cticamente en marcha, es una situaci\u00f3n surrealista.<\/span><\/p>\n<p>Una de las cosas que nos dimos cuenta, peculiar y a veces molesta, es que la gente no sab\u00eda decir que No, dec\u00eda S\u00ed a todo, aunque luego el desarrollo y desenlace sea ciertamente ese no. Como en este caso el autob\u00fas no va a Quito, para en Ambato, pero nos dicen que s\u00ed a Quito. Sin especificar que tendremos que coger otro autob\u00fas en Ambato en direcci\u00f3n a Quito\u2026 y as\u00ed muchas otras cosas.<\/p>\n<div id=\"attachment_34581\" style=\"width: 1510px\" class=\"wp-caption aligncenter\"><a class=\"dt-pswp-item\" href=\"https:\/\/www.monta\u00f1asdelaluna.es\/wp-content\/uploads\/2016\/12\/001A.jpg\" data-dt-img-description=\"\" data-large_image_width=\"1500\" data-large_image_height=\"1000\"><img loading=\"lazy\" decoding=\"async\" aria-describedby=\"caption-attachment-34581\" class=\"wp-image-34581 size-full\" src=\"https:\/\/www.monta\u00f1asdelaluna.es\/wp-content\/uploads\/2016\/12\/001A.jpg\" alt=\"Jes\u00fas y Joaqu\u00edn en El Cafecito\" width=\"1500\" height=\"1000\" srcset=\"https:\/\/www.monta\u00f1asdelaluna.es\/wp-content\/uploads\/2016\/12\/001A.jpg 1500w, https:\/\/www.monta\u00f1asdelaluna.es\/wp-content\/uploads\/2016\/12\/001A-300x200.jpg 300w, https:\/\/www.monta\u00f1asdelaluna.es\/wp-content\/uploads\/2016\/12\/001A-1024x683.jpg 1024w\" sizes=\"auto, (max-width: 1500px) 100vw, 1500px\" \/><\/a><p id=\"caption-attachment-34581\" class=\"wp-caption-text\">Jes\u00fas y Joaqu\u00edn en El Cafecito<\/p><\/div>\n<p><span style=\"color: #0000ff;\">\u00c9ste nos lleva a la Terminal con normalidad y all\u00ed cogemos un taxi sin tax\u00edmetro por 4 Dl. al Cafecito. El taxista trabaj\u00f3 14 a\u00f1os en Espa\u00f1a para Telef\u00f3nica como conductor. Dejamos las cosas en la habitaci\u00f3n y la bodega (aunque el muchacho que hay hoy pone alg\u00fan reparo).<\/span><\/p>\n<p><span style=\"color: #0000ff;\">Nos vamos al Consulado (c\/ Pinta con Avenida Amazonas) por tercera vez y recogemos nuestros Salvoconductos v\u00e1lidos para 2 d\u00edas \u00a1Ya podemos volver! De regreso al Cafecito para almorzar. Llamamos a Air Madrid a reconfirmar el vuelo y nos dicen que estemos all\u00ed 3 h. 30 antes, con 31\u201960 Dl. por cabeza para tasas aeroportuarias y nuestra documentaci\u00f3n en regla.<\/span><\/p>\n<p>Parece que ya lo tenemos todo en regla y preparado para volver a Espa\u00f1a: salvoconductos, billetes de avi\u00f3n\u2026 desde esos primeros d\u00edas en Quito no hemos vuelto a tener ning\u00fan otro percance. Hab\u00edamos aprendido la lecci\u00f3n y cometimos las novatadas de los principiantes en estas expediciones, viajes a los Andes de Sudam\u00e9rica. Seguramente para el resto de los futuros viajes a esta linda y espectacular cordillera, ya no nos vuelva a pasar y llevaremos mucho m\u00e1s cuidado, ya que el susto fue enorme.<\/p>\n<div id=\"attachment_34582\" style=\"width: 1510px\" class=\"wp-caption aligncenter\"><a class=\"dt-pswp-item\" href=\"https:\/\/www.monta\u00f1asdelaluna.es\/wp-content\/uploads\/2016\/12\/001B.jpg\" data-dt-img-description=\"\" data-large_image_width=\"1500\" data-large_image_height=\"1000\"><img loading=\"lazy\" decoding=\"async\" aria-describedby=\"caption-attachment-34582\" class=\"wp-image-34582 size-full\" src=\"https:\/\/www.monta\u00f1asdelaluna.es\/wp-content\/uploads\/2016\/12\/001B.jpg\" alt=\"Casas bajas en La Mariscal\" width=\"1500\" height=\"1000\" srcset=\"https:\/\/www.monta\u00f1asdelaluna.es\/wp-content\/uploads\/2016\/12\/001B.jpg 1500w, https:\/\/www.monta\u00f1asdelaluna.es\/wp-content\/uploads\/2016\/12\/001B-300x200.jpg 300w, https:\/\/www.monta\u00f1asdelaluna.es\/wp-content\/uploads\/2016\/12\/001B-1024x683.jpg 1024w\" sizes=\"auto, (max-width: 1500px) 100vw, 1500px\" \/><\/a><p id=\"caption-attachment-34582\" class=\"wp-caption-text\">Casas bajas en La Mariscal<\/p><\/div>\n<p><span style=\"color: #0000ff;\">Men\u00fa del d\u00eda: crema de coliflor, pastel mexicano y jugo del d\u00eda 4\u201999 Dl., m\u00e1s nachos con guacamole y creppe Sicilia colas y caf\u00e9s. Como siempre delicioso, abundante y vegetariano. Lo \u00fanico es que no est\u00e1 nuestra \u201cmesera\u201d Talism\u00e1n en este turno. El caf\u00e9 o caf\u00e9 con leche (el cortado no existe) en una taza grande.<\/span><\/p>\n<p><span style=\"color: #0000ff;\">Cogemos el plano y nos vamos a ver Quito, m\u00e1s all\u00e1 del turismo policial o consular (espero)<span style=\"color: #000000;\"> (\u201cturismo burocr\u00e1tico\u201d)<\/span>. Salimos a caminar por la calle Reina Victoria hasta el Parque El Ejido, y desde all\u00ed buscamos por la Avenida 10 de Agosto la Bas\u00edlica del Voto Nacional de finales del S. XIX, principios del XX (1.909) de estilo g\u00f3tico (aunque hecha con materiales modernos) y dise\u00f1ada por un arquitecto franc\u00e9s. Construida en tiempos del Tirano Garc\u00eda Moreno (al que se celebra una misa por el 131 aniversario de su asesinato en la Puerta del Congreso). Dentro est\u00e1n las banderas de las 22 provincias del Ecuador (probablemente por el evento). El Voto Nacional es una Ley por la que el Parlamento de la \u00e9poca encomend\u00f3 el pa\u00eds al Sagrado Coraz\u00f3n de Mar\u00eda. Dio ese d\u00eda como Fiesta Nacional y pidi\u00f3 que todas las iglesias se consagre un altar al Sagrado Coraz\u00f3n de Mar\u00eda.<\/span><\/p>\n<p><span style=\"color: #0000ff;\">Curioseamos el interior y el exterior con sus vidrieras y el pante\u00f3n de los Presidentes (3) hay gente haciendo rapel en la fachada (asombroso). Compramos boletos a 2 Dl. cada uno para poder subir a la torre y al campanario en una emocionante ascensi\u00f3n con los \u00faltimos tramos de escaleras met\u00e1licas expuestas y a\u00e9reos. Conforme ganamos m\u00e1s altura, aumenta la sensaci\u00f3n de v\u00e9rtigo. Hay fotos en blanco y negro del proceso de construcci\u00f3n pero ellas y las paredes est\u00e1n llenas de firmas y de pintadas. Aqu\u00ed la gente no cuida las cosas si no hay vigilancia (en mucha mayor medida que en Espa\u00f1a).<\/span><\/p>\n<div id=\"attachment_34583\" style=\"width: 1510px\" class=\"wp-caption aligncenter\"><a class=\"dt-pswp-item\" href=\"https:\/\/www.monta\u00f1asdelaluna.es\/wp-content\/uploads\/2016\/12\/001C.jpg\" data-dt-img-description=\"\" data-large_image_width=\"1500\" data-large_image_height=\"1000\"><img loading=\"lazy\" decoding=\"async\" aria-describedby=\"caption-attachment-34583\" class=\"wp-image-34583 size-full\" src=\"https:\/\/www.monta\u00f1asdelaluna.es\/wp-content\/uploads\/2016\/12\/001C.jpg\" alt=\"Casas bajas en &quot;Gringolandia&quot; La Mariscal\" width=\"1500\" height=\"1000\" srcset=\"https:\/\/www.monta\u00f1asdelaluna.es\/wp-content\/uploads\/2016\/12\/001C.jpg 1500w, https:\/\/www.monta\u00f1asdelaluna.es\/wp-content\/uploads\/2016\/12\/001C-300x200.jpg 300w, https:\/\/www.monta\u00f1asdelaluna.es\/wp-content\/uploads\/2016\/12\/001C-1024x683.jpg 1024w\" sizes=\"auto, (max-width: 1500px) 100vw, 1500px\" \/><\/a><p id=\"caption-attachment-34583\" class=\"wp-caption-text\">Casas bajas en \u00abGringolandia\u00bb La Mariscal<\/p><\/div>\n<p>Como todos los templos o construcciones g\u00f3ticas o que emulen dicho estilo arquitect\u00f3nico, la bas\u00edlica es preciosa, como si realmente perteneciera a la corriente de catedrales y templos europeos del bajo medievo; pero notamos un aire de austeridad en su exterior, como si le faltara envejecer como a las catedrales europeas. Aun as\u00ed su interior es pr\u00e1cticamente un calco al interior de \u00e9stas. Extraordinario.<\/p>\n<p>Como bien dice Jes\u00fas es el pante\u00f3n de todos los Presidentes n\u00f3veles y personas ilustres de Ecuador. Hay una representaci\u00f3n de Santiago Ap\u00f3stol apostado en una de las grandes columnas del interior de la nave principal, con su vieira en el hombro derecho y el bast\u00f3n de peregrino, suponemos que es un legado de la cultura religiosa espa\u00f1ola. Hago una foto a Jes\u00fas que posa bajo su estatua, para inmortalizar as\u00ed su comuni\u00f3n con los significados del mismo y el Camino de Santiago, del cual era Secretario en una asociaci\u00f3n alicantina dedicado a \u00e9ste: al Camino de Santiago desde Alicante a Santiago de Compostela.<\/p>\n<p>Desde su parte m\u00e1s alta pegada al cimborrio despu\u00e9s de pagar por subir las estrechas y vertiginosas escaleras, contemplamos parte de la ciudad de Quito que queda bajo nosotros y se alarga en una especie de suave valle entre el Volc\u00e1n Guagua Pichincha a un lado, y otras vertientes m\u00e1s bajas al otro. Mirando por un extremo vemos el casco antiguo o ciudad vieja, centro de Quito, y mirando al lado contrario la ciudad nueva con edificios altos, La Mariscal. Y entre las dos, mirando a uno de los bordes o l\u00edmites de la ciudad, las verdes laderas del Volc\u00e1n Guagua Pichincha, por el que suben las \u00faltimas casas de la ciudad que se agarran a su inclinaci\u00f3n, junto con la nueva construcci\u00f3n de un telef\u00e9rico que te sube a la cima y te adentra en la monta\u00f1a. Es un paisaje parecido a las monta\u00f1as navarras o vascas, con bosquecillos, mucho verdor y suaves colinas acabadas en cimas suaves casi redondeadas sin nieve ni hielo\u2026 podr\u00eda pasar por un paisaje del norte de la pen\u00ednsula ib\u00e9rica.<\/p>\n<p><span style=\"color: #0000ff;\">Completada la visita tur\u00edstica nos vamos hac\u00eda La Alameda (parque), la Plaza Grande y la Catedral <span style=\"color: #000000;\">Primada de Quito<\/span> del S. XVI. Tambi\u00e9n he tenido tiempo para rezar un poco ante un crucifijo muy bonito y dar gracias por todo lo que en el viaje ha salido bien, y pensar muy poco en el futuro.<\/span><\/p>\n<div id=\"attachment_34590\" style=\"width: 1510px\" class=\"wp-caption aligncenter\"><a class=\"dt-pswp-item\" href=\"https:\/\/www.monta\u00f1asdelaluna.es\/wp-content\/uploads\/2016\/12\/250.jpg\" data-dt-img-description=\"\" data-large_image_width=\"1500\" data-large_image_height=\"1000\"><img loading=\"lazy\" decoding=\"async\" aria-describedby=\"caption-attachment-34590\" class=\"wp-image-34590 size-full\" src=\"https:\/\/www.monta\u00f1asdelaluna.es\/wp-content\/uploads\/2016\/12\/250.jpg\" alt=\"Basilica del Voto Nacional\" width=\"1500\" height=\"1000\" srcset=\"https:\/\/www.monta\u00f1asdelaluna.es\/wp-content\/uploads\/2016\/12\/250.jpg 1500w, https:\/\/www.monta\u00f1asdelaluna.es\/wp-content\/uploads\/2016\/12\/250-300x200.jpg 300w, https:\/\/www.monta\u00f1asdelaluna.es\/wp-content\/uploads\/2016\/12\/250-1024x683.jpg 1024w\" sizes=\"auto, (max-width: 1500px) 100vw, 1500px\" \/><\/a><p id=\"caption-attachment-34590\" class=\"wp-caption-text\">Basilica del Voto Nacional<\/p><\/div>\n<p><span style=\"color: #0000ff;\">Vamos hacia el centro hist\u00f3rico por la calle Garc\u00eda Moreno o de las 7 Cruces entre casas coloniales con patios interiores. Peque\u00f1os negocios de todo tipo. Una pronunciada cuesta abajo empinada con un enorme tr\u00e1fico especialmente de buses urbanos.<\/span><\/p>\n<p><span style=\"color: #0000ff;\">Conforme avanzamos por aqu\u00ed la presencia policial se incrementa hasta extremos exagerados (al menos en nuestro pa\u00eds). Hab\u00eda m\u00e1s de 300 pol\u00eds repartidos por la Plaza Grande y alrededores en grupos de 10-20 unidades con chalecos antibalas, vestidos de camuflaje y fuertemente armados que patrullan con paso de ganso.<\/span><\/p>\n<p><span style=\"color: #0000ff;\">Efectivamente nadie se mete con nosotros y solo se limitan a pedir u ofrecer servicio de limpiabotas t\u00edmidamente. Joaqu\u00edn dice que de no ser por esta masiva presencia policial estar\u00edamos robados o no saldr\u00edamos ilesos de aqu\u00ed. En la catedral hay unas l\u00e1pidas de piedra con los nombres de todos los soldados y marineros espa\u00f1oles que fundaran la ciudad con D. Pedro de Alvarado (S. Francisco de Quito), mientras el grupo rival de D. Diego de Almagro fundaba Santiago de Quito cerca de Colta y de Riobamba tratando de adelantarse en los derechos de fundaci\u00f3n de la Capital del Reino.<\/span><\/p>\n<div id=\"attachment_34591\" style=\"width: 1010px\" class=\"wp-caption aligncenter\"><a class=\"dt-pswp-item\" href=\"https:\/\/www.monta\u00f1asdelaluna.es\/wp-content\/uploads\/2016\/12\/251.jpg\" data-dt-img-description=\"\" data-large_image_width=\"1000\" data-large_image_height=\"1500\"><img loading=\"lazy\" decoding=\"async\" aria-describedby=\"caption-attachment-34591\" class=\"wp-image-34591 \" src=\"https:\/\/www.monta\u00f1asdelaluna.es\/wp-content\/uploads\/2016\/12\/251.jpg\" alt=\"Interior de la Basilica del Voto Nacional\" width=\"821\" height=\"1232\" srcset=\"https:\/\/www.monta\u00f1asdelaluna.es\/wp-content\/uploads\/2016\/12\/251.jpg 1000w, https:\/\/www.monta\u00f1asdelaluna.es\/wp-content\/uploads\/2016\/12\/251-200x300.jpg 200w, https:\/\/www.monta\u00f1asdelaluna.es\/wp-content\/uploads\/2016\/12\/251-683x1024.jpg 683w\" sizes=\"auto, (max-width: 821px) 100vw, 821px\" \/><\/a><p id=\"caption-attachment-34591\" class=\"wp-caption-text\">Interior de la Basilica del Voto Nacional<\/p><\/div>\n<p>Seg\u00fan ten\u00edamos entendido el centro de la ciudad, la ciudad vieja donde estaba la nombrada plaza con la Catedral Primada de Quito, era un hervidero de carteristas y ladrones. Pero por alguna raz\u00f3n aquel d\u00eda o aquellos d\u00edas la presencia policial en dichas partes y alrededores de la ciudad de Quito, era exageradamente abundante e inquietante. Ya que piensas que, en cualquier momento, con tanta polic\u00eda, podr\u00eda pasar cualquier cosa como un ataque, un atentado\u2026 nada bueno. Con lo que la presencia policial daba tranquilidad e inquietud, desasosiego, a la vez. Pero no decay\u00f3, despu\u00e9s de lo vivido y conseguido, nuestro af\u00e1n por conocer esta parte de la ciudad\u2026 aunque no estuvi\u00e9ramos mucho rato.<\/p>\n<p><span style=\"color: #0000ff;\">Volvemos por la calle Guayaquil con las aceras repletas de gente y un tr\u00e1fico infernal, incluyendo el troleb\u00fas (el trole) que circula por un carril a parte a una velocidad endiablada y completamente abarrotado de gente, contra las ventanas.<\/span><\/p>\n<p><span style=\"color: #0000ff;\">Ya anocheciendo llegamos a la calle Juan Le\u00f3n Mena y buscamos sitio para cenar. Un \u201cargentino\u201d llamado la \u201cchacha\u201d especial para guiris (en la zona que conocemos como Gringolandia en La Mariscal, cerca del aeropuerto y formada por casas peque\u00f1as, con tapia, jard\u00edn, palacetes, negocios, agencias, bares, pubs\u2026) La \u201cchacha\u201d es un personaje del comic argentino que cocinaba las empanadas como nadie. Nosotros pedimos de carne, pollo, jam\u00f3n y queso (no est\u00e1n como las de la chacha pero no hay por qu\u00e9 quejarse) el fest\u00edn lo completan una ensalada de camarones y un s\u00e1ndwich cada uno (m\u00e1s o menos 12 Dl.) Apretados bajo una carpa llena de turistas cenando sobre mesas peque\u00f1itas (2 cervezas cada uno) \u00a1Pilsener peque\u00f1as!<\/span><\/p>\n<div id=\"attachment_34592\" style=\"width: 1010px\" class=\"wp-caption aligncenter\"><a class=\"dt-pswp-item\" href=\"https:\/\/www.monta\u00f1asdelaluna.es\/wp-content\/uploads\/2016\/12\/252.jpg\" data-dt-img-description=\"\" data-large_image_width=\"1000\" data-large_image_height=\"1500\"><img loading=\"lazy\" decoding=\"async\" aria-describedby=\"caption-attachment-34592\" class=\"wp-image-34592 \" src=\"https:\/\/www.monta\u00f1asdelaluna.es\/wp-content\/uploads\/2016\/12\/252.jpg\" alt=\"Jes\u00fas bajo la escultura de Santiago Apostol en la Basilica del Voto Nacional\" width=\"821\" height=\"1232\" srcset=\"https:\/\/www.monta\u00f1asdelaluna.es\/wp-content\/uploads\/2016\/12\/252.jpg 1000w, https:\/\/www.monta\u00f1asdelaluna.es\/wp-content\/uploads\/2016\/12\/252-200x300.jpg 200w, https:\/\/www.monta\u00f1asdelaluna.es\/wp-content\/uploads\/2016\/12\/252-683x1024.jpg 683w\" sizes=\"auto, (max-width: 821px) 100vw, 821px\" \/><\/a><p id=\"caption-attachment-34592\" class=\"wp-caption-text\">Jes\u00fas bajo la escultura de Santiago Apostol en la Basilica del Voto Nacional<\/p><\/div>\n<p><span style=\"color: #0000ff;\">Luego buscamos donde tomar una copa y en una peque\u00f1a placita de Juan Le\u00f3n Mena hay varios bares con terrazas fuera al calor de las estufas, al aire libre (quemadores). El \u00e1rbol de caf\u00e9 24 h. es un bar con muy buen ambiente y muchas chicas guapas. Tomamos 3 rones con cola cada uno (9 Dl. total) \u00a16 cubatas por 9 Dl.! \u00a1\u00bfQu\u00e9 es esto?! La verdad es que hab\u00eda 2 por 1. En la TV en la pantalla grande el Sao Paulo vapulea 3-0 al Chivas Mexicano y llega a la final de la Copa Libertadores con un global de 4-0, ante el delirio de la torcida brasile\u00f1a en la TV y la indiferencia de la gente joven de Quito y los turistas.<\/span><\/p>\n<p>Ya no tenemos miedo de salir por la noche por las calles de Quito y que nos pase algo. Estamos contentos y alegres por el \u00e9xito de la expedici\u00f3n, del viaje, de las ascensiones a las monta\u00f1as, por la compa\u00f1\u00eda y experiencias (a pesar de los dos primeros d\u00edas), pero a la vez ya no somos los novatos de esos primeros d\u00edas, no cometeremos el error de movernos como si fuera el centro de Alicante. Hemos aprendido la lecci\u00f3n, para este y futuros viajes. Parec\u00eda que ten\u00edamos que pasar por esta experiencia para conocer de verdad la esencia de una aventura, de un viaje a pa\u00edses ex\u00f3ticos, alejados de lo acostumbrado en Europa\u2026 pero ha merecido mucho la pena. Est\u00e1 siendo un viaje irrepetible.<\/p>\n<p>El lugar donde nos tomamos las copas parec\u00eda un pub o cafeter\u00eda del centro de Alicante en verano. Llena de gente occidental y tambi\u00e9n oriundos del pa\u00eds o la ciudad. Vestidos para salir de noche, casi de fiesta. Nos sentamos en dos altos taburetes bajo una mesa redonda como si fuera una peque\u00f1a cafeter\u00eda. Y todo hay que decirlo, los copazos de ron nos sentaron de maravilla.<\/p>\n<div id=\"attachment_34595\" style=\"width: 1510px\" class=\"wp-caption aligncenter\"><a class=\"dt-pswp-item\" href=\"https:\/\/www.monta\u00f1asdelaluna.es\/wp-content\/uploads\/2016\/12\/255.jpg\" data-dt-img-description=\"\" data-large_image_width=\"1500\" data-large_image_height=\"1000\"><img loading=\"lazy\" decoding=\"async\" aria-describedby=\"caption-attachment-34595\" class=\"wp-image-34595 size-full\" src=\"https:\/\/www.monta\u00f1asdelaluna.es\/wp-content\/uploads\/2016\/12\/255.jpg\" alt=\"Joaqu\u00edn en un pin\u00e1culo de la Basilica del Voto Nacional\" width=\"1500\" height=\"1000\" srcset=\"https:\/\/www.monta\u00f1asdelaluna.es\/wp-content\/uploads\/2016\/12\/255.jpg 1500w, https:\/\/www.monta\u00f1asdelaluna.es\/wp-content\/uploads\/2016\/12\/255-300x200.jpg 300w, https:\/\/www.monta\u00f1asdelaluna.es\/wp-content\/uploads\/2016\/12\/255-1024x683.jpg 1024w\" sizes=\"auto, (max-width: 1500px) 100vw, 1500px\" \/><\/a><p id=\"caption-attachment-34595\" class=\"wp-caption-text\">Joaqu\u00edn en un pin\u00e1culo de la Basilica del Voto Nacional<\/p><\/div>\n<p>Caminando por las calles nocturnas y oscuras de Quito por La Mariscal en busca, o bien del Cafecito para dormir o bien en busca de los sitios de copas, varios personajes deambulan entre esquina y esquina: guiris, hombrecillos abor\u00edgenes\u2026 una muchachita de aspecto muy simp\u00e1tico y cuerpecillo delgado pero suntuoso, vestida como de fiesta informal o para salir una adolescente espa\u00f1ola de la d\u00e9cada del 2.010, se nos acerca, se me acerca, como intentando entablar una conversaci\u00f3n con un tono mel\u00f3dico y casi er\u00f3tico\u2026 \u201cno gracias estamos bien, no necesitamos nada\u201d. Era guapica y casi una ni\u00f1a en apariencia. En un primer momento, inocente de m\u00ed, no me doy cuenta de qu\u00e9 es o quien es, pero despu\u00e9s de la experiencia de los primeros d\u00edas en Quito no me fio y evito que se nos acerque, a pesar de su atractivo y esbelta menudez\u2026 es una \u201cpalomita\u201d. M\u00e1s tarde tendr\u00edamos que a\u00f1adir al listado que Jes\u00fas hac\u00eda de las palabras que se dec\u00edan en el espa\u00f1ol de Ecuador, traducidas al espa\u00f1ol de Espa\u00f1a: \u201cpalomita\u201d = prostituta. Hab\u00eda que tener cuidado con eso de querer \u201cpalomitas\u201d para ir al cine\u2026<\/p>\n<p><span style=\"color: #0000ff;\">En acabar vamos a dormir al Cafecito a la habitaci\u00f3n de la fresa (4 camas = 2 literas) donde duerme una pareja de israel\u00edes.<\/span><\/p>\n<p>&nbsp;<\/p>\n<h3 style=\"text-align: center;\">3 de agosto de 2.006. Jueves. Mercado Artesanal de La Mariscal. Y vuelta a Espa\u00f1a.<\/h3>\n<p>&nbsp;<\/p>\n<p><span style=\"color: #0000ff;\">Nos levantamos a las 07:30 y nos duchamos. No hay desayuno en el Cafecito por que el administrador que tiene las llaves no ha venido por un problema familiar. Nos vamos a desayunar a la Avenida Amazonas al hotel del mismo nombre (a su cafeter\u00eda). De lujo. Desayuno ejecutivo (bacon, huevos, jugo, caf\u00e9, longaniza, panqueque) 9 Dl.<\/span><\/p>\n<p><span style=\"color: #0000ff;\">Compramos un candado en una ferreter\u00eda para el bid\u00f3n, y vamos al Mercado de Artesan\u00eda de La Mariscal. Una manzana (cuadra) entera surcada por calles interiores con puestos a ambos lados atendidos por ind\u00edgenas (algunos familiares) que venden bolsos, ponchos, camisetas, instrumentos musicales, camisetas del Ecuador (selecci\u00f3n, imitaciones), plata, pendientes, postales\u2026 de todo ello compramos en un ambiente servicial, de regateo amable y cordial.<\/span><\/p>\n<div id=\"attachment_46320\" style=\"width: 1163px\" class=\"wp-caption aligncenter\"><a class=\"dt-pswp-item\" href=\"https:\/\/www.monta\u00f1asdelaluna.es\/wp-content\/uploads\/2020\/12\/Quito.LaMariscal.mapa_.web_.jpg\" data-dt-img-description=\"\" data-large_image_width=\"1153\" data-large_image_height=\"1020\"><img loading=\"lazy\" decoding=\"async\" aria-describedby=\"caption-attachment-46320\" class=\"wp-image-46320 size-full\" src=\"https:\/\/www.monta\u00f1asdelaluna.es\/wp-content\/uploads\/2020\/12\/Quito.LaMariscal.mapa_.web_.jpg\" alt=\"Mapa plano de La Mariscal de Quito\" width=\"1153\" height=\"1020\" srcset=\"https:\/\/www.monta\u00f1asdelaluna.es\/wp-content\/uploads\/2020\/12\/Quito.LaMariscal.mapa_.web_.jpg 1153w, https:\/\/www.monta\u00f1asdelaluna.es\/wp-content\/uploads\/2020\/12\/Quito.LaMariscal.mapa_.web_-300x265.jpg 300w, https:\/\/www.monta\u00f1asdelaluna.es\/wp-content\/uploads\/2020\/12\/Quito.LaMariscal.mapa_.web_-1024x906.jpg 1024w\" sizes=\"auto, (max-width: 1153px) 100vw, 1153px\" \/><\/a><p id=\"caption-attachment-46320\" class=\"wp-caption-text\">Mapa plano de La Mariscal de Quito<\/p><\/div>\n<p>Sabiendo la ubicaci\u00f3n y existencia de este mercado artesanal, esperamos hasta el \u00faltimo d\u00eda para comprar cosas de recuerdo de esta Expedici\u00f3n a Ecuador. Parece que al ser nuestro primer viaje a Sudam\u00e9rica, a Los Andes, nos queremos traer muchas cosas de recuerdo\u2026 todas nos parecen \u00fanicas y maravillosas. Y es aqu\u00ed cuando comienzo una extra\u00f1a tradici\u00f3n de comprarme un anillo en conmemoraci\u00f3n del \u00e9xito del viaje. As\u00ed lo tendr\u00eda siempre presente, visible, ya que lo llevar\u00eda en uno de mis dedos de la mano. Tradici\u00f3n que quer\u00eda hacer en pr\u00f3ximos viajes y expediciones (si las hubiera), y si tuvi\u00e9ramos \u00e9xito en las cimas planeadas y escogidas.<\/p>\n<p>A parte del anillo de plata, me compro un mantel de lana de alpaca rojizo con detalles y s\u00edmbolos como incas, andinos, una \u201cchompa\u201d tambi\u00e9n de lana de alpaca, como la que ten\u00eda Luis Z\u00e1rate en el cuartelillo de la cima del Igualata (quiz\u00e1s no tan bonita), y algunos recuerdos m\u00e1s para mi familia\u2026 estamos contentos y emocionados. Todo ha salido bien al final y lo celebramos paseando entre los ind\u00edgenas andinos, quechuas, de este mercado; como queriendo mezclarnos con su pureza y originalidad.<\/p>\n<p><span style=\"color: #0000ff;\">Llevamos las bolsas al hotel y salimos a buscar el mapa tur\u00edstico de los volcanes que estaba expuesto en el Refugio de la cara sur del Cotopaxi. Lo encontramos en una tienda-agencia de monta\u00f1a. En busca de posters vamos a Juan Le\u00f3n Mena a Libris Mundi, y como no me convencen me compro un precioso libro de los Andes ecuatorianos con preciosas fotos de monta\u00f1as y cumbres.<\/span><\/p>\n<p><span style=\"color: #0000ff;\">Comemos en la misma calle en el restaurante del Hotel Fuente de Piedra (el Refugio), muy limpio, lujoso y agradable (2 men\u00fas 6 Dl.), con una atenci\u00f3n exquisita y un poco con la verg\u00fcenza de no ir bien vestidos como todo el mundo en este establecimiento, trajes, corbatas, etc.<\/span><\/p>\n<div id=\"attachment_34593\" style=\"width: 1510px\" class=\"wp-caption aligncenter\"><a class=\"dt-pswp-item\" href=\"https:\/\/www.monta\u00f1asdelaluna.es\/wp-content\/uploads\/2016\/12\/253.jpg\" data-dt-img-description=\"\" data-large_image_width=\"1500\" data-large_image_height=\"1000\"><img loading=\"lazy\" decoding=\"async\" aria-describedby=\"caption-attachment-34593\" class=\"wp-image-34593 size-full\" src=\"https:\/\/www.monta\u00f1asdelaluna.es\/wp-content\/uploads\/2016\/12\/253.jpg\" alt=\"Vista del centro y ciudad vieja de Quito\" width=\"1500\" height=\"1000\" srcset=\"https:\/\/www.monta\u00f1asdelaluna.es\/wp-content\/uploads\/2016\/12\/253.jpg 1500w, https:\/\/www.monta\u00f1asdelaluna.es\/wp-content\/uploads\/2016\/12\/253-300x200.jpg 300w, https:\/\/www.monta\u00f1asdelaluna.es\/wp-content\/uploads\/2016\/12\/253-1024x683.jpg 1024w\" sizes=\"auto, (max-width: 1500px) 100vw, 1500px\" \/><\/a><p id=\"caption-attachment-34593\" class=\"wp-caption-text\">Vista del centro y ciudad vieja de Quito<\/p><\/div>\n<p><span style=\"color: #0000ff;\">El caf\u00e9 lo tomamos como su nombre indica en El Cafecito desde donde tomamos un taxi 5 Dl. al aeropuerto con todas las maletas y la carga que esperemos que no nos pierdan. Llegamos algo m\u00e1s tarde de las 14 h. que era la hora indicada, y al chequear (ning\u00fan bulto pasa los 20 kg.) nos informan que saldremos con retraso, a las 20:30 en vez de a las 17:30. Nos dan un cheque de comida en American Deli (un puesto m\u00e1s bien cutre) y vamos a pagar las tasas de aeropuerto (31\u201960 x 2) = 63\u201920 Dl.<\/span><\/p>\n<p><span style=\"color: #0000ff;\">Subimos a ver d\u00f3nde est\u00e1 la Puerta B1 y compramos alg\u00fan recuerdo m\u00e1s en las mini tiendas (mapa, escudos de tela, camiseta de la tricolor) y a esperar en los asientos de la terminal con paciencia. Unas palabras por aqu\u00ed, la se\u00f1ora de los otros asientos, observar el movimiento, mirar las teles (pantallas sin ver nuestro vuelo), o\u00edr la megafon\u00eda y tratar de adivinar de que es la selecci\u00f3n ecuatoriana que embarca con Avianca (tiro con arco, III Campeonato Panamericano en Brasilia).<\/span><\/p>\n<p><span style=\"color: #0000ff;\">Pasamos por fin el control y las reticencias de la polic\u00eda, rellenamos la tarjeta andina de migraci\u00f3n y conseguimos pasar por el scaner con las mochilas con susto incluido, pues no sab\u00eda que llevaba la navajita en uno de los bolsillos de la mochila y me la registran. Ense\u00f1amos el salvoconducto, la denuncia\u2026<\/span><\/p>\n<p>Jes\u00fas se hab\u00eda dejado una navajita en la mochila de mano y no se acordaba. Al pasar por el control le abren la mochila y le cogen la navajita la polic\u00eda. All\u00e1 se la quedaron. Pero el hecho no fue m\u00e1s all\u00e1 del susto que indica Jes\u00fas.<\/p>\n<div id=\"attachment_49013\" style=\"width: 2570px\" class=\"wp-caption aligncenter\"><a class=\"dt-pswp-item\" href=\"https:\/\/www.monta\u00f1asdelaluna.es\/wp-content\/uploads\/2006\/08\/Quito.CentroHistorico.mapa_-scaled.jpg\" data-dt-img-description=\"\" data-large_image_width=\"2560\" data-large_image_height=\"2546\"><img loading=\"lazy\" decoding=\"async\" aria-describedby=\"caption-attachment-49013\" class=\"wp-image-49013 size-full\" src=\"https:\/\/www.monta\u00f1asdelaluna.es\/wp-content\/uploads\/2006\/08\/Quito.CentroHistorico.mapa_-scaled.jpg\" alt=\"Mapa plano del Centro Hist\u00f3rico de Quito\" width=\"2560\" height=\"2546\" srcset=\"https:\/\/www.monta\u00f1asdelaluna.es\/wp-content\/uploads\/2006\/08\/Quito.CentroHistorico.mapa_-scaled.jpg 2560w, https:\/\/www.monta\u00f1asdelaluna.es\/wp-content\/uploads\/2006\/08\/Quito.CentroHistorico.mapa_-300x298.jpg 300w, https:\/\/www.monta\u00f1asdelaluna.es\/wp-content\/uploads\/2006\/08\/Quito.CentroHistorico.mapa_-1024x1018.jpg 1024w, https:\/\/www.monta\u00f1asdelaluna.es\/wp-content\/uploads\/2006\/08\/Quito.CentroHistorico.mapa_-150x150.jpg 150w, https:\/\/www.monta\u00f1asdelaluna.es\/wp-content\/uploads\/2006\/08\/Quito.CentroHistorico.mapa_-768x764.jpg 768w, https:\/\/www.monta\u00f1asdelaluna.es\/wp-content\/uploads\/2006\/08\/Quito.CentroHistorico.mapa_-1536x1527.jpg 1536w, https:\/\/www.monta\u00f1asdelaluna.es\/wp-content\/uploads\/2006\/08\/Quito.CentroHistorico.mapa_-2048x2036.jpg 2048w\" sizes=\"auto, (max-width: 2560px) 100vw, 2560px\" \/><\/a><p id=\"caption-attachment-49013\" class=\"wp-caption-text\">Mapa plano del Centro Hist\u00f3rico de Quito<\/p><\/div>\n<p>Pero al pasar yo primero por el control de pasaportes con una mujer del ej\u00e9rcito comprobando documentaci\u00f3n y dando paso, parec\u00eda que era la primera vez que ve\u00eda un Salvoconducto. No ten\u00eda ni idea de qu\u00e9 era aquello. Y comenz\u00f3 a hacer preguntas: \u201c\u00bfQui\u00e9n es Jos\u00e9 Joaqu\u00edn Terr\u00e9s\u2026?\u201d, \u201cSoy yo\u201d, \u201c\u00bfQui\u00e9n es \u2026?\u201d, \u201cEs vuestro ministro de exteriores\u201d \u2026 No conoc\u00eda ning\u00fan nombre que aparec\u00eda y no sab\u00eda que era aquello. La verdad es que el Salvoconducto a m\u00ed tambi\u00e9n me parec\u00eda un raro documento, casi hecho por ni\u00f1os, pero era v\u00e1lido y real. Al final convenc\u00ed a la se\u00f1ora del ej\u00e9rcito de Ecuador y pude pasar, sin que tuviera que consultar con nadie sobre el documento que ten\u00eda en sus manos, si era real, correcto, o no. Pero antes de pasar le digo que a mi compa\u00f1ero que viene detr\u00e1s de m\u00ed, tiene el mismo a su nombre\u2026 con lo que Jes\u00fas pas\u00f3 m\u00e1s r\u00e1pido que yo. Pero al fin pasamos para coger el avi\u00f3n\u2026 \u00a1Mira que si nos quedamos m\u00e1s tiempo en Ecuador por esta tonter\u00eda despu\u00e9s de todo el turismo burocr\u00e1tico hecho!<\/p>\n<p><span style=\"color: #0000ff;\">Vamos primero a la Puerta B1, luego a la A2, y esperamos hasta las 22 h., entre confusos mensajes de megafon\u00eda, llantos y carreras de ni\u00f1os peque\u00f1os que est\u00e1n desesperados. Llamamos a casa para avisar que igual perderemos el de Iberia de Madrid por el retraso tan grande que Air Madrid trae. Sali\u00f3 con 3 h. de retraso de la capital, par\u00f3 a repostar a Lisboa, y a\u00fan tiene que ir de Quito a Guayaquil.<\/span><\/p>\n<p><span style=\"color: #0000ff;\">8 h. despu\u00e9s de estar en el aeropuerto por fin salimos. Vemos Guayaquil desde el aire igual que vimos las luces extensas de Quito. En Guayaquil baja la gente que ven\u00eda de Madrid y sube gente nueva. Por fin salimos rumbo a Espa\u00f1a con 11 h. de vuelo por delante.<\/span><\/p>\n<div id=\"attachment_34594\" style=\"width: 1510px\" class=\"wp-caption aligncenter\"><a class=\"dt-pswp-item\" href=\"https:\/\/www.monta\u00f1asdelaluna.es\/wp-content\/uploads\/2016\/12\/254.jpg\" data-dt-img-description=\"\" data-large_image_width=\"1500\" data-large_image_height=\"1000\"><img loading=\"lazy\" decoding=\"async\" aria-describedby=\"caption-attachment-34594\" class=\"wp-image-34594 size-full\" src=\"https:\/\/www.monta\u00f1asdelaluna.es\/wp-content\/uploads\/2016\/12\/254.jpg\" alt=\"Vista hacia la ciudad nueva, La Mariscal, de Quito\" width=\"1500\" height=\"1000\" srcset=\"https:\/\/www.monta\u00f1asdelaluna.es\/wp-content\/uploads\/2016\/12\/254.jpg 1500w, https:\/\/www.monta\u00f1asdelaluna.es\/wp-content\/uploads\/2016\/12\/254-300x200.jpg 300w, https:\/\/www.monta\u00f1asdelaluna.es\/wp-content\/uploads\/2016\/12\/254-1024x683.jpg 1024w\" sizes=\"auto, (max-width: 1500px) 100vw, 1500px\" \/><\/a><p id=\"caption-attachment-34594\" class=\"wp-caption-text\">Vista hacia la ciudad nueva, La Mariscal, de Quito<\/p><\/div>\n<p><span style=\"color: #0000ff;\">Dormitamos. Cenamos. Dormitamos. Desayunamos. Ponen alguna peli (Madagascar\u2026, alguna de tiros\u2026) Termino de leer \u201cLa Dama de la Muerte\u201d de Stephen King. Ni\u00f1os que lloran, corren. Por fin aterrizaje y aplausos en Barajas. El Salvoconducto es \u201cnuestro\u201d m\u00e1s r\u00e1pido y efectivo.<\/span> Curiosamente el simp\u00e1tico guardia o persona del ejercito o polic\u00eda que estaba en el control de pasaportes, se qued\u00f3 con nuestro Salvoconducto. Yo le dec\u00eda que no se lo quedara, que era la \u00fanica identificaci\u00f3n que ten\u00edamos por el momento hasta hacer las copias de los dni. y carnet de conducir. Pero me dec\u00eda que no me preocupase, que no pasar\u00eda nada. R\u00e1pidamente al d\u00eda siguiente tendr\u00edamos que ir al cuartelillo de la Guardia Civil para poner una denuncia por la desaparici\u00f3n y robo de dicha documentaci\u00f3n en Ecuador (otra vez). Y ya con esto lo tendr\u00edamos todo en regla por si nos paran y para pedir dichas copias. Y esperando que aqu\u00ed se acabara el \u201cturismo burocr\u00e1tico\u201d.<\/p>\n<p><span style=\"color: #0000ff;\">Vamos r\u00e1pido de la T1 a la T4 en bus, y all\u00ed \u201cchequeamos\u201d a tiempo de milagro y pidiendo el favor de colarnos, y corriendo vamos a la Puerta H3 que es la \u00faltima y m\u00e1s lejana. Carreras tambi\u00e9n para llamar a casa y decir que al final hemos llegado a tiempo por pelos y que s\u00ed iremos. Estar\u00e1n all\u00ed esper\u00e1ndonos.<\/span><\/p>\n<p><span style=\"color: #0000ff;\">El vuelo de Madrid es corto, c\u00f3modo y emocionante por el hecho de regresar a casa. Recogido el equipaje, salimos por la puerta y nos est\u00e1n esperando nuestras familias. Abrazos, besos, sonrisas, abrazos, an\u00e9cdotas. Vamos a cenar al campo (mam\u00e1, Mar\u00eda Aurora, Infi, Kike) en Busot est\u00e1n los t\u00edos Emilio y Bel\u00e9n, y Pepe y Ana.<\/span><\/p>\n<div id=\"attachment_34596\" style=\"width: 1510px\" class=\"wp-caption aligncenter\"><a class=\"dt-pswp-item\" href=\"https:\/\/www.monta\u00f1asdelaluna.es\/wp-content\/uploads\/2016\/12\/256.jpg\" data-dt-img-description=\"\" data-large_image_width=\"1500\" data-large_image_height=\"1000\"><img loading=\"lazy\" decoding=\"async\" aria-describedby=\"caption-attachment-34596\" class=\"wp-image-34596 size-full\" src=\"https:\/\/www.monta\u00f1asdelaluna.es\/wp-content\/uploads\/2016\/12\/256.jpg\" alt=\"Quito en las laderas del Guagua Pichincha\" width=\"1500\" height=\"1000\" srcset=\"https:\/\/www.monta\u00f1asdelaluna.es\/wp-content\/uploads\/2016\/12\/256.jpg 1500w, https:\/\/www.monta\u00f1asdelaluna.es\/wp-content\/uploads\/2016\/12\/256-300x200.jpg 300w, https:\/\/www.monta\u00f1asdelaluna.es\/wp-content\/uploads\/2016\/12\/256-1024x683.jpg 1024w\" sizes=\"auto, (max-width: 1500px) 100vw, 1500px\" \/><\/a><p id=\"caption-attachment-34596\" class=\"wp-caption-text\">Quito en las laderas del Guagua Pichincha<\/p><\/div>\n<p>Mientras lleg\u00e1bamos al aeropuerto del Altet, nuestras familias ya estaban esper\u00e1ndonos all\u00ed. Mi madre no conoc\u00eda a la madre de Jes\u00fas. Pero por alg\u00fan comentario de mi madre justo en la barrera de la puerta de salida de los vuelos que llegan, la madre de Jes\u00fas que se encontraba muy cerca, le pregunt\u00f3: \u201c\u00bfusted es la madre de Joaqu\u00edn?\u201d. Y a partir de ah\u00ed comenzaron una conversaci\u00f3n con el tema principal de nuestras negativas an\u00e9cdotas de nuestro viaje.<\/p>\n<p>Jes\u00fas no le hab\u00eda dicho nada a su madre sobre mi robo, solamente sobre la desaparici\u00f3n de sus cosas, con lo que la madre de Jes\u00fas pensaba que el viaje lo hab\u00edamos hecho con mi dinero. Eso para no alarmar m\u00e1s de la cuenta a la mujer. Pero entonces fue mi madre la que le dijo que fueron a los dos a los que robaron o le desaparecieron el dinero, documentaci\u00f3n\u2026 y es entonces cuando la madre de Jes\u00fas se sobresalta\u2026 menos mal que ya est\u00e1bamos en Espa\u00f1a.<\/p>\n<p>Mi madre, mi padre\u2026 est\u00e1n esper\u00e1ndome en la puerta del aeropuerto. Cuando me ven se ponen muy contentos y alegres como pensando \u201ca pesar de todo, est\u00e1n sanos y salvos\u201d. Es entonces cuando siento el orgullo y fascinaci\u00f3n de mi padre hac\u00eda m\u00ed, por primera vez, cosa que nunca hab\u00eda sentido o notado, ya que mi padre no es muy dado a esas cosas sentimentales y mucho menos a expresarlas\u2026 me alegr\u00f3 mucho, incluso en una faceta diferente a lo normal en \u00e9l. Me alegr\u00f3 y sorprendi\u00f3 mucho. Es como si mi padre entendiera que \u201cya era adulto y hombre para desenvolverme por el mundo y enfrentarme a los obst\u00e1culos de la vida\u201d.<\/p>\n<div id=\"attachment_34597\" style=\"width: 1510px\" class=\"wp-caption aligncenter\"><a class=\"dt-pswp-item\" href=\"https:\/\/www.monta\u00f1asdelaluna.es\/wp-content\/uploads\/2016\/12\/257.jpg\" data-dt-img-description=\"\" data-large_image_width=\"1500\" data-large_image_height=\"1000\"><img loading=\"lazy\" decoding=\"async\" aria-describedby=\"caption-attachment-34597\" class=\"wp-image-34597 size-full\" src=\"https:\/\/www.monta\u00f1asdelaluna.es\/wp-content\/uploads\/2016\/12\/257.jpg\" alt=\"Plaza Grande y Catedral Primada de Quito en la ciudad vieja\" width=\"1500\" height=\"1000\" srcset=\"https:\/\/www.monta\u00f1asdelaluna.es\/wp-content\/uploads\/2016\/12\/257.jpg 1500w, https:\/\/www.monta\u00f1asdelaluna.es\/wp-content\/uploads\/2016\/12\/257-300x200.jpg 300w, https:\/\/www.monta\u00f1asdelaluna.es\/wp-content\/uploads\/2016\/12\/257-1024x683.jpg 1024w\" sizes=\"auto, (max-width: 1500px) 100vw, 1500px\" \/><\/a><p id=\"caption-attachment-34597\" class=\"wp-caption-text\">Plaza Grande y Catedral Primada de Quito en la ciudad vieja<\/p><\/div>\n<p><span style=\"color: #0000ff;\">Ya estoy en casa, al calor de nuevo. Ma\u00f1ana se deshacen las mochilas y se lava una torre de ropa como siempre. Con esto, este maravilloso y accidentado viaje se da por terminado. FIN.<\/span><\/p>\n<p>Quiero dedicar este viaje, esta expedici\u00f3n con todos sus \u00e9xitos y experiencias, a mi padre Jos\u00e9 Terr\u00e9s P\u00e9rez, el cual estos d\u00edas ha podido superar una grave enfermedad que hoy d\u00eda se est\u00e1 llevando a muy buena gente por delante. \u00c1nimos y gracias por estar ah\u00ed y sentirte orgulloso de mi en los momentos m\u00e1s extra\u00f1os de la vida.[\/vc_column_text][\/vc_column][\/vc_row][vc_row][vc_column][vc_empty_space][\/vc_column][\/vc_row][vc_row][vc_column][vc_separator][\/vc_column][\/vc_row][vc_row][vc_column][vc_empty_space][\/vc_column][\/vc_row][vc_row][vc_column][\/vc_column][\/vc_row][vc_row][vc_column][vc_cta h2=\u00bb\u00c1lbum de fotos\u00bb txt_align=\u00bbcenter\u00bb add_button=\u00bbbottom\u00bb btn_title=\u00bbVer fotos\u00bb btn_color=\u00bbwarning\u00bb btn_align=\u00bbcenter\u00bb btn_link=\u00bburl:https%3A%2F%2Fmonta%C3%B1asdelaluna.es%2F%3Fdt_gallery%3Dquito-2|title:Reserva%20Nantar%20en%20la%20Selva%20Amaz%C3%B3nica|target:_blank\u00bb css=\u00bb.vc_custom_1625688833203{background-color: #8bc4ed !important;}\u00bb]<\/p>\n<div class=\"vc_cta3-content\">\n<p>Puedes ver todas las fotos de Quito en forma de presentaci\u00f3n o individuales pinchando aqu\u00ed \u00a1No te las pierdas!<\/p>\n<\/div>\n<div class=\"vc_cta3-actions\">\n<div class=\"vc_btn3-container vc_btn3-center\"><\/div>\n<\/div>\n<p>[\/vc_cta][vc_empty_space height=\u00bb60px\u00bb][\/vc_column][\/vc_row][vc_row][vc_column width=\u00bb1\/6&#8243;][\/vc_column][vc_column width=\u00bb1\/3&#8243;][vc_raw_html]JTNDaWZyYW1lJTIwc3JjJTNEJTIyaHR0cHMlM0ElMkYlMkZ3d3cubWV0ZW9ibHVlLmNvbSUyRmVzJTJGdGllbXBvJTJGd2lkZ2V0JTJGZGFpbHklMkZ1cmJpbmFfZWN1YWRvcl8zNjUwMzQ5JTNGZ2VvbG9jJTNEZml4ZWQlMjZkYXlzJTNENyUyNnRlbXB1bml0JTNEQ0VMU0lVUyUyNndpbmR1bml0JTNES0lMT01FVEVSX1BFUl9IT1VSJTI2cHJlY2lwdW5pdCUzRE1JTExJTUVURVIlMjZjb2xvdXJlZCUzRGNvbG91cmVkJTI2cGljdG9pY29uJTNEMCUyNnBpY3RvaWNvbiUzRDElMjZtYXh0ZW1wZXJhdHVyZSUzRDAlMjZtYXh0ZW1wZXJhdHVyZSUzRDElMjZtaW50ZW1wZXJhdHVyZSUzRDAlMjZtaW50ZW1wZXJhdHVyZSUzRDElMjZ3aW5kc3BlZWQlM0QwJTI2d2luZHNwZWVkJTNEMSUyNndpbmRndXN0JTNEMCUyNndpbmRndXN0JTNEMSUyNndpbmRkaXJlY3Rpb24lM0QwJTI2d2luZGRpcmVjdGlvbiUzRDElMjZ1diUzRDAlMjZodW1pZGl0eSUzRDAlMjZwcmVjaXBpdGF0aW9uJTNEMCUyNnByZWNpcGl0YXRpb24lM0QxJTI2cHJlY2lwaXRhdGlvbnByb2JhYmlsaXR5JTNEMCUyNnByZWNpcGl0YXRpb25wcm9iYWJpbGl0eSUzRDElMjZzcG90JTNEMCUyNnNwb3QlM0QxJTI2cHJlc3N1cmUlM0QwJTI2cHJlc3N1cmUlM0QxJTI2bGF5b3V0JTNEbGlnaHQlMjIlMjAlMjBmcmFtZWJvcmRlciUzRCUyMjAlMjIlMjBzY3JvbGxpbmclM0QlMjJOTyUyMiUyMGFsbG93dHJhbnNwYXJlbmN5JTNEJTIydHJ1ZSUyMiUyMHNhbmRib3glM0QlMjJhbGxvdy1zYW1lLW9yaWdpbiUyMGFsbG93LXNjcmlwdHMlMjBhbGxvdy1wb3B1cHMlMjBhbGxvdy1wb3B1cHMtdG8tZXNjYXBlLXNhbmRib3glMjIlMjBzdHlsZSUzRCUyMndpZHRoJTNBJTIwMzc4cHglM0IlMjBoZWlnaHQlM0ElMjA0MjBweCUyMiUzRSUzQyUyRmlmcmFtZSUzRSUzQ2RpdiUzRSUzQyUyMS0tJTIwRE8lMjBOT1QlMjBSRU1PVkUlMjBUSElTJTIwTElOSyUyMC0tJTNFJTNDYSUyMGhyZWYlM0QlMjJodHRwcyUzQSUyRiUyRnd3dy5tZXRlb2JsdWUuY29tJTJGZXMlMkZ0aWVtcG8lMkZzZW1hbmElMkZ1cmJpbmFfZWN1YWRvcl8zNjUwMzQ5JTNGdXRtX3NvdXJjZSUzRHdlYXRoZXJfd2lkZ2V0JTI2dXRtX21lZGl1bSUzRGxpbmt1cyUyNnV0bV9jb250ZW50JTNEZGFpbHklMjZ1dG1fY2FtcGFpZ24lM0RXZWF0aGVyJTI1MkJXaWRnZXQlMjIlMjB0YXJnZXQlM0QlMjJfYmxhbmslMjIlM0VtZXRlb2JsdWUlM0MlMkZhJTNFJTNDJTJGZGl2JTNF[\/vc_raw_html][\/vc_column][vc_column width=\u00bb1\/3&#8243;][vc_raw_html]JTNDaWZyYW1lJTIwc3JjJTNEJTIyaHR0cHMlM0ElMkYlMkZ3d3cubWV0ZW9ibHVlLmNvbSUyRmVzJTJGdGllbXBvJTJGd2lkZ2V0JTJGZGFpbHklMkZxdWl0b19lY3VhZG9yXzM2NTI0NjIlM0ZnZW9sb2MlM0RmaXhlZCUyNmRheXMlM0Q3JTI2dGVtcHVuaXQlM0RDRUxTSVVTJTI2d2luZHVuaXQlM0RLSUxPTUVURVJfUEVSX0hPVVIlMjZwcmVjaXB1bml0JTNETUlMTElNRVRFUiUyNmNvbG91cmVkJTNEY29sb3VyZWQlMjZwaWN0b2ljb24lM0QwJTI2cGljdG9pY29uJTNEMSUyNm1heHRlbXBlcmF0dXJlJTNEMCUyNm1heHRlbXBlcmF0dXJlJTNEMSUyNm1pbnRlbXBlcmF0dXJlJTNEMCUyNm1pbnRlbXBlcmF0dXJlJTNEMSUyNndpbmRzcGVlZCUzRDAlMjZ3aW5kc3BlZWQlM0QxJTI2d2luZGd1c3QlM0QwJTI2d2luZGd1c3QlM0QxJTI2d2luZGRpcmVjdGlvbiUzRDAlMjZ3aW5kZGlyZWN0aW9uJTNEMSUyNnV2JTNEMCUyNmh1bWlkaXR5JTNEMCUyNnByZWNpcGl0YXRpb24lM0QwJTI2cHJlY2lwaXRhdGlvbiUzRDElMjZwcmVjaXBpdGF0aW9ucHJvYmFiaWxpdHklM0QwJTI2cHJlY2lwaXRhdGlvbnByb2JhYmlsaXR5JTNEMSUyNnNwb3QlM0QwJTI2c3BvdCUzRDElMjZwcmVzc3VyZSUzRDAlMjZwcmVzc3VyZSUzRDElMjZsYXlvdXQlM0RsaWdodCUyMiUyMCUyMGZyYW1lYm9yZGVyJTNEJTIyMCUyMiUyMHNjcm9sbGluZyUzRCUyMk5PJTIyJTIwYWxsb3d0cmFuc3BhcmVuY3klM0QlMjJ0cnVlJTIyJTIwc2FuZGJveCUzRCUyMmFsbG93LXNhbWUtb3JpZ2luJTIwYWxsb3ctc2NyaXB0cyUyMGFsbG93LXBvcHVwcyUyMGFsbG93LXBvcHVwcy10by1lc2NhcGUtc2FuZGJveCUyMiUyMHN0eWxlJTNEJTIyd2lkdGglM0ElMjAzNzhweCUzQiUyMGhlaWdodCUzQSUyMDQyMHB4JTIyJTNFJTNDJTJGaWZyYW1lJTNFJTNDZGl2JTNFJTNDJTIxLS0lMjBETyUyME5PVCUyMFJFTU9WRSUyMFRISVMlMjBMSU5LJTIwLS0lM0UlM0NhJTIwaHJlZiUzRCUyMmh0dHBzJTNBJTJGJTJGd3d3Lm1ldGVvYmx1ZS5jb20lMkZlcyUyRnRpZW1wbyUyRnNlbWFuYSUyRnF1aXRvX2VjdWFkb3JfMzY1MjQ2MiUzRnV0bV9zb3VyY2UlM0R3ZWF0aGVyX3dpZGdldCUyNnV0bV9tZWRpdW0lM0RsaW5rdXMlMjZ1dG1fY29udGVudCUzRGRhaWx5JTI2dXRtX2NhbXBhaWduJTNEV2VhdGhlciUyNTJCV2lkZ2V0JTIyJTIwdGFyZ2V0JTNEJTIyX2JsYW5rJTIyJTNFbWV0ZW9ibHVlJTNDJTJGYSUzRSUzQyUyRmRpdiUzRQ==[\/vc_raw_html][\/vc_column][vc_column width=\u00bb1\/6&#8243;][\/vc_column][\/vc_row]<\/p>\n","protected":false},"excerpt":{"rendered":"<p>[vc_row][vc_column][vc_column_text] 2 de agosto de 2.006. Mi\u00e9rcoles. Quito. &nbsp; Dormimos muy bien en habitaciones individuales por primera vez y camas grandes y calentitas, pero a las 06:30 arriba a acabar la mochila y a las 07:30 est\u00e1bamos en el \u00faltimo desayuno de Urbina, (como siempre glorioso). Nos despedimos de Mar\u00eda, Delf\u00edn, Julio y Fabi\u00e1n, es&hellip;<\/p>\n","protected":false},"author":1,"featured_media":34593,"comment_status":"open","ping_status":"open","sticky":false,"template":"","format":"standard","meta":[],"categories":[35],"tags":[],"class_list":["post-49008","post","type-post","status-publish","format-standard","has-post-thumbnail","hentry","category-ecuador","category-35","description-off"],"_links":{"self":[{"href":"https:\/\/www.monta\u00f1asdelaluna.es\/index.php?rest_route=\/wp\/v2\/posts\/49008","targetHints":{"allow":["GET"]}}],"collection":[{"href":"https:\/\/www.monta\u00f1asdelaluna.es\/index.php?rest_route=\/wp\/v2\/posts"}],"about":[{"href":"https:\/\/www.monta\u00f1asdelaluna.es\/index.php?rest_route=\/wp\/v2\/types\/post"}],"author":[{"embeddable":true,"href":"https:\/\/www.monta\u00f1asdelaluna.es\/index.php?rest_route=\/wp\/v2\/users\/1"}],"replies":[{"embeddable":true,"href":"https:\/\/www.monta\u00f1asdelaluna.es\/index.php?rest_route=%2Fwp%2Fv2%2Fcomments&post=49008"}],"version-history":[{"count":9,"href":"https:\/\/www.monta\u00f1asdelaluna.es\/index.php?rest_route=\/wp\/v2\/posts\/49008\/revisions"}],"predecessor-version":[{"id":49958,"href":"https:\/\/www.monta\u00f1asdelaluna.es\/index.php?rest_route=\/wp\/v2\/posts\/49008\/revisions\/49958"}],"wp:featuredmedia":[{"embeddable":true,"href":"https:\/\/www.monta\u00f1asdelaluna.es\/index.php?rest_route=\/wp\/v2\/media\/34593"}],"wp:attachment":[{"href":"https:\/\/www.monta\u00f1asdelaluna.es\/index.php?rest_route=%2Fwp%2Fv2%2Fmedia&parent=49008"}],"wp:term":[{"taxonomy":"category","embeddable":true,"href":"https:\/\/www.monta\u00f1asdelaluna.es\/index.php?rest_route=%2Fwp%2Fv2%2Fcategories&post=49008"},{"taxonomy":"post_tag","embeddable":true,"href":"https:\/\/www.monta\u00f1asdelaluna.es\/index.php?rest_route=%2Fwp%2Fv2%2Ftags&post=49008"}],"curies":[{"name":"wp","href":"https:\/\/api.w.org\/{rel}","templated":true}]}}