{"id":49165,"date":"2007-08-08T07:23:27","date_gmt":"2007-08-08T07:23:27","guid":{"rendered":"http:\/\/monta\u00f1asdelaluna.com\/?p=49165"},"modified":"2021-07-15T06:59:46","modified_gmt":"2021-07-15T06:59:46","slug":"8-de-agosto-miercoles-campo-base-del-huayna-potosi","status":"publish","type":"post","link":"https:\/\/www.monta\u00f1asdelaluna.es\/?p=49165","title":{"rendered":"8 de agosto, mi\u00e9rcoles; Campo Base del Huayna Potos\u00ed"},"content":{"rendered":"<p>[vc_row][vc_column][vc_column_text]Nos levantamos Jes\u00fas y yo. Parece que tenemos algo de resaca, pero anoche fue fenomenal, genial; el peque\u00f1o sufrimiento y mal trago de la resaca vale la pena a cambio de otra noche de risas, alegr\u00eda y juerga como \u00e9sta. Desayunamos solos arriba en el comedor. El resto de los amigos descansan; es su d\u00eda de descanso en La Paz, ma\u00f1ana los veremos en las faldas del Huayna.<\/p>\n<p>Hacemos las mochilas y bajamos a recepci\u00f3n del hotel para chequear estos d\u00edas que hemos estado. Nos reunimos aqu\u00ed con Quique e Infi y tambi\u00e9n hemos quedado con Lucio. No hace falta buscar m\u00e1s gu\u00edas ni perder m\u00e1s tiempo, que no tenemos, en negociar la \u00faltima expedici\u00f3n a una gran monta\u00f1a: Lucio es nuestro hombre. Cargamos su coche medio todoterreno medio ranchera amarilla con todas las mochilas, hierros y otros utensilios. Esta vez somos 4 en lugar de 2 y el coche va sobrecargado, sobreesforzado y en algunas de las empinadas calles de La Paz le cuesta andar y tenemos que bajar, en alguna ocasi\u00f3n, graciosamente a empujar al viejo y pobre coche cargado. De nuevo Lucio repite m\u00fasica. No me corto: \u201cLucio \u00bfno tienes otro c.d. de m\u00fasica?\u201d Y Jes\u00fas detr\u00e1s m\u00edo en el asiento del coche le da un golpe a mi asiento molesto por mi actitud desagradable. Tampoco se corta ya. Lucio parece que no hace caso o hace como que no ha entendido y no va la cosa con \u00e9l. La tensi\u00f3n entre Jes\u00fas y yo es latente. Mucho tiempo muy juntos y con sufrimientos parecidos, por la distancia de aquellos seres queridos con y sin \u201cfantasmas\u201d merodeando. Yo, interiormente, me echo la culpa a m\u00ed, pero es inevitable, poco o nada controlable mi desagradable y despreciable actitud, no puedo hacer nada\u2026 pero ahora s\u00e9 que Jes\u00fas, contando que tambi\u00e9n estaba pinchado por m\u00ed, ten\u00eda su propia rabia, y en estos d\u00edas comenzaba a fluir y a desahogarse.<\/p>\n<p>Subimos a El Alto de nuevo. Recogemos a Marcela, la cocinera, nuestra cocinera, y compramos un pollo frito para comer. Y ya desde aqu\u00ed salimos camino del hermoso e impresionante Huayna Potos\u00ed. No es el mismo camino de tierra que cogimos para ir a Condoriri, \u00e9ste est\u00e1 m\u00e1s cerca de La Paz, pero aun as\u00ed polvoriento, terroso, largo e inc\u00f3modo como el otro.<\/p>\n<div id=\"attachment_27930\" style=\"width: 1510px\" class=\"wp-caption aligncenter\"><a class=\"dt-pswp-item\" href=\"https:\/\/www.monta\u00f1asdelaluna.es\/wp-content\/uploads\/2016\/03\/041.jpg\" data-dt-img-description=\"\" data-large_image_width=\"1500\" data-large_image_height=\"1000\"><img loading=\"lazy\" decoding=\"async\" aria-describedby=\"caption-attachment-27930\" class=\"wp-image-27930 size-large\" src=\"https:\/\/www.monta\u00f1asdelaluna.es\/wp-content\/uploads\/2016\/03\/041-1024x683.jpg\" alt=\"El Alto en La Paz\" width=\"1024\" height=\"683\" srcset=\"https:\/\/www.monta\u00f1asdelaluna.es\/wp-content\/uploads\/2016\/03\/041-1024x683.jpg 1024w, https:\/\/www.monta\u00f1asdelaluna.es\/wp-content\/uploads\/2016\/03\/041-300x200.jpg 300w, https:\/\/www.monta\u00f1asdelaluna.es\/wp-content\/uploads\/2016\/03\/041.jpg 1500w\" sizes=\"auto, (max-width: 1024px) 100vw, 1024px\" \/><\/a><p id=\"caption-attachment-27930\" class=\"wp-caption-text\">El Alto en La Paz<\/p><\/div>\n<div id=\"attachment_49065\" style=\"width: 1510px\" class=\"wp-caption aligncenter\"><a class=\"dt-pswp-item\" href=\"https:\/\/www.monta\u00f1asdelaluna.es\/wp-content\/uploads\/2021\/04\/001.jpg\" data-dt-img-description=\"\" data-large_image_width=\"1500\" data-large_image_height=\"1000\"><img loading=\"lazy\" decoding=\"async\" aria-describedby=\"caption-attachment-49065\" class=\"wp-image-49065 size-large\" src=\"https:\/\/www.monta\u00f1asdelaluna.es\/wp-content\/uploads\/2021\/04\/001-1024x683.jpg\" alt=\"Carteles indicadores en la entrada a la regi\u00f3n del Huayna Potos\u00ed, al fondo dicha monta\u00f1a\" width=\"1024\" height=\"683\" srcset=\"https:\/\/www.monta\u00f1asdelaluna.es\/wp-content\/uploads\/2021\/04\/001-1024x683.jpg 1024w, https:\/\/www.monta\u00f1asdelaluna.es\/wp-content\/uploads\/2021\/04\/001-300x200.jpg 300w, https:\/\/www.monta\u00f1asdelaluna.es\/wp-content\/uploads\/2021\/04\/001-768x512.jpg 768w, https:\/\/www.monta\u00f1asdelaluna.es\/wp-content\/uploads\/2021\/04\/001.jpg 1500w\" sizes=\"auto, (max-width: 1024px) 100vw, 1024px\" \/><\/a><p id=\"caption-attachment-49065\" class=\"wp-caption-text\">Carteles indicadores en la entrada a la regi\u00f3n del Huayna Potos\u00ed, al fondo dicha monta\u00f1a<\/p><\/div>\n<p>Me da la impresi\u00f3n de que al final Quique e Infi est\u00e1n muy ilusionados con esta salida al Huayna. M\u00e1s que nada porque estamos los 4 juntos, igual que en tantos otros viajes. Hace tiempo que Infi la contamos como una especie de \u201cextensi\u00f3n\u201d de Quique; sabiendo que en a\u00f1os anteriores no estaba con nosotros en el Mont Blanc, Elbrus, ni en nuestras salidas por Sierra Nevada, Pirineos\u2026 sentimos de alguna manera como que siempre estuvo aqu\u00ed con nosotros, como que siempre hab\u00edamos sido 4. Parece algo sobrenatural pero m\u00e1gico a la vez; una sensaci\u00f3n fant\u00e1stica de amistad y compa\u00f1erismo. Realmente comienza a surgir de m\u00ed una sosegada, hermosa, pl\u00e1cida y alegre sensaci\u00f3n ahora que estamos los 4: da la sensaci\u00f3n que estamos en Alicante y que estamos haciendo una salida normal, habitual, a las monta\u00f1as alicantinas. Flashes de animada y alegre nostalgia aparece en mi mente, entre los fantasmas y las desavenencias mentales que estoy teniendo en esta expedici\u00f3n y que no me dejan disfrutar como me hubiera gustado \u00a1Maldita sea! Ni a\u00fan ahora estando los 4 me dejan en paz esas comeduras de coco, esos pensamientos enga\u00f1inos, infieles, desagradables, deprimentes que me hacen sufrir.<\/p>\n<p>El camino de tierra ancho pero largo, parece que ya deja atr\u00e1s El Alto, La Paz, y se adentra en el \u00e1rido, fr\u00edo y des\u00e9rtico altiplano andino. Llega un momento en que llegamos a un cruce y un puesto militar. Es curioso que en medio de esta nada, sin fronteras, sin ciudades, poblaciones \u00a1Casas!&#8230; nada, haya un puesto como vigilancia, como aduanero \u00bfQuer\u00edan controlar a la gente que se acerca a estas monta\u00f1as? Desde las garitas nos piden los pasaportes, Lucio los recoge y se los entrega al guardia. Debemos registrarnos para entrar en esta parte del pa\u00eds, o para acercarnos a las monta\u00f1as, ya que no solamente es el camino al Huayna, tambi\u00e9n a CHacaltaya y otros. Bajamos a estirar las piernas y nos acercamos al l\u00edmite del camino que a partir de aqu\u00ed gira para introducirse en el valle en las faldas derechas del Huayna. Hay un poste con dos carteles: \u201cZongo, CHacaltaya\u201d, y al fondo ya se divisa la impresionante, altiva y blanca mole del Huayna Potos\u00ed: la tierra comienza a elevarse desde la horizontal llanura y de repente se verticaliza, se agresta, como en Condoriri, tiene la mole m\u00e1s alta o principal en el centro y de ella caen dos brazos a cada lado como si fueran las alas del Condor (pero esta vez en el Huayna), el brazo de la izquierda m\u00e1s blanco, vertical y no tan agreste, el brazo de la derecha m\u00e1s rocoso, m\u00e1s en sombra, alpino, altivo y agreste, en el centro un excepcional y enorme glaciar colgante sobre un plateau ancho de blanca nieve ligeramente inclinado hacia la izquierda, salvados por una barrera rocosa contrastada por las sombras y la blanca nieve, y arriba del todo un extraordinario \u201ccapuch\u00f3n\u201d picudo, altivo, de vertientes verticales y crester\u00edos de hielo y nieve en sus diferentes vertientes\u2026 Impresionante, hermoso y extraordinario. El contraste entre el pl\u00e1cido, horizontal y llano desierto del altiplano, marr\u00f3n, seco, inerte, contrasta incre\u00edblemente con las en\u00e9rgicas vertientes, agrestes, verticales, altivas, blancas y brillantes del Huayna. Un contraste poderoso, llamativo, extraordinario y asombroso\u2026 a veces da la sensaci\u00f3n de no ser algo natural, como si alg\u00fan Dios caprichoso hubiera querido poner esta viva, formidable y blanca monta\u00f1a en medio del desierto, del altiplano andino, y a lo lejos aparece como un pegote de extraordinaria belleza y contraste. Aunque el contraste se hace mayor cuando pasamos junto a 2 lagunas de aguas azul oscura, sobresalientes y en\u00e9rgicas. El agua da un toque de vida, de color, a este marr\u00f3n muerto del altiplano andino \u00a1Impresionante!<\/p>\n<div id=\"attachment_49170\" style=\"width: 1221px\" class=\"wp-caption aligncenter\"><a class=\"dt-pswp-item\" href=\"https:\/\/www.monta\u00f1asdelaluna.es\/wp-content\/uploads\/2021\/04\/mapa.HuaynaLaPaz.web_.jpg\" data-dt-img-description=\"\" data-large_image_width=\"1211\" data-large_image_height=\"1064\"><img loading=\"lazy\" decoding=\"async\" aria-describedby=\"caption-attachment-49170\" class=\"wp-image-49170 size-full\" src=\"https:\/\/www.monta\u00f1asdelaluna.es\/wp-content\/uploads\/2021\/04\/mapa.HuaynaLaPaz.web_.jpg\" alt=\"Croquis del recorrido en coche entre La Paz y la base del Huayna Potos\u00ed. LINEA DISCONTINUA AZUL: recorrido. PUNTO AMARILLO: campo base del Huayna Potos\u00ed\" width=\"1211\" height=\"1064\" srcset=\"https:\/\/www.monta\u00f1asdelaluna.es\/wp-content\/uploads\/2021\/04\/mapa.HuaynaLaPaz.web_.jpg 1211w, https:\/\/www.monta\u00f1asdelaluna.es\/wp-content\/uploads\/2021\/04\/mapa.HuaynaLaPaz.web_-300x264.jpg 300w, https:\/\/www.monta\u00f1asdelaluna.es\/wp-content\/uploads\/2021\/04\/mapa.HuaynaLaPaz.web_-1024x900.jpg 1024w, https:\/\/www.monta\u00f1asdelaluna.es\/wp-content\/uploads\/2021\/04\/mapa.HuaynaLaPaz.web_-768x675.jpg 768w\" sizes=\"auto, (max-width: 1211px) 100vw, 1211px\" \/><\/a><p id=\"caption-attachment-49170\" class=\"wp-caption-text\">Croquis del recorrido en coche entre La Paz y la base del Huayna Potos\u00ed. LINEA DISCONTINUA AZUL: recorrido. PUNTO AMARILLO: campo base del Huayna Potos\u00ed<\/p><\/div>\n<div id=\"attachment_49066\" style=\"width: 1642px\" class=\"wp-caption aligncenter\"><a class=\"dt-pswp-item\" href=\"https:\/\/www.monta\u00f1asdelaluna.es\/wp-content\/uploads\/2021\/04\/002A.jpg\" data-dt-img-description=\"\" data-large_image_width=\"1632\" data-large_image_height=\"1224\"><img loading=\"lazy\" decoding=\"async\" aria-describedby=\"caption-attachment-49066\" class=\"wp-image-49066 size-large\" src=\"https:\/\/www.monta\u00f1asdelaluna.es\/wp-content\/uploads\/2021\/04\/002A-1024x768.jpg\" alt=\"El Huayna Potos\u00ed sobre la laguna Jankho-Khota\" width=\"1024\" height=\"768\" srcset=\"https:\/\/www.monta\u00f1asdelaluna.es\/wp-content\/uploads\/2021\/04\/002A-1024x768.jpg 1024w, https:\/\/www.monta\u00f1asdelaluna.es\/wp-content\/uploads\/2021\/04\/002A-300x225.jpg 300w, https:\/\/www.monta\u00f1asdelaluna.es\/wp-content\/uploads\/2021\/04\/002A-768x576.jpg 768w, https:\/\/www.monta\u00f1asdelaluna.es\/wp-content\/uploads\/2021\/04\/002A-1536x1152.jpg 1536w, https:\/\/www.monta\u00f1asdelaluna.es\/wp-content\/uploads\/2021\/04\/002A.jpg 1632w\" sizes=\"auto, (max-width: 1024px) 100vw, 1024px\" \/><\/a><p id=\"caption-attachment-49066\" class=\"wp-caption-text\">El Huayna Potos\u00ed sobre la laguna Jankho-Khota<\/p><\/div>\n<p>Seguimos por el polvoriento, terroso y \u00e1rido camino acerc\u00e1ndonos cada vez m\u00e1s a la falda derecha de la monta\u00f1a. Debemos cerrar las ventanillas y taparnos la boca porque este polvo se cuela por cualquier sitio y nos asfixia la respiraci\u00f3n. Pasamos otra barrera. Y yo sigo haciendo fotos con la c\u00e1mara que me dio Tom\u00e1s del espectacular Huayna Potos\u00ed cada vez m\u00e1s cerca. Cerca o casi pagado al camino paramos junto a un lugar, una ladera, una loma del terreno, que cada vez se va inclinando m\u00e1s, con decenas o cientos de casitas peque\u00f1itas como si fueran \u201ccasas de perro\u201d pero m\u00e1s peque\u00f1as a\u00fan, iguales, puestas desordenadas en la loma con una peque\u00f1a cruz algunas y otras no, con una puertecita sin ventana mirando al camino. No sab\u00edamos que era ese lugar, que representaba, el por qu\u00e9 de esas casitas en medio de la nada\u2026 Entonces no se si fue en ese momento que nos explic\u00f3 Lucio o al cabo de unos d\u00edas en La Paz que vimos la misma imagen en una postal, nos enteramos de que eso era un cementerio y cada casita una tumba \u00a1Excepcional! Con la imagen del fondo del Huayna, dando un aspecto siniestro, casi macabro, curioso y asombroso a la vez; me record\u00f3 a aquel cementerio de Zermatt lleno de monta\u00f1eros y alpinistas muertos con vistas al espectacular Cervino all\u00e1 arriba. Pero este cementerio no era de monta\u00f1eros ni excursionistas muertos al Huayna, creo, o al menos no en su mayor\u00eda, es un simple y sencillo cementerio de los abor\u00edgenes del lugar. El saber por qu\u00e9 estaba aqu\u00ed en medio de la nada con vistas al impresionante Huayna, aunque de espaldas a \u00e9l, es lo que no escrutar\u00edamos al final; seguramente debe de haber alg\u00fan motivo m\u00e1gico, excepcional de costumbres o tradici\u00f3n Aymara que desconocemos para su curiosa ubicaci\u00f3n. Incre\u00edble.<\/p>\n<p>Por fin Lucio para el coche junto a una construcci\u00f3n. Una casa que parece est\u00e1 en obras; con piedras sueltas por todos lados, arena, herramientas de construcci\u00f3n. Acampamos aqu\u00ed. Ya estamos en las laderas, faldas del Huayna Potos\u00ed. Es un solar. No es un sitio bonito este: artificial y labrado por las m\u00e1quinas que hacen los caminos; pero montamos las tiendas: Quique e Infi la suya de North Face amarilla, y Jes\u00fas y yo la nuestra roja habitual. Las sombras se apropian de nuevo de mi car\u00e1cter y personalidad, soy insoportable, pero Jes\u00fas ya no me pasar\u00e1 una m\u00e1s. Un buen corte: \u201c\u00a1\u00bfQu\u00e9 te pasa en la boca?!\u201d (deja de quejarte y decir sandeces). Tiene raz\u00f3n. Me lo merezco por desagradable\u2026 acabamos de montar las tiendas \u00a1\u00bfQu\u00e9 voy a hacer con estas sombras y fantasmas?! \u00a1\u00bfMe alejaran de mis incondicionales amigos al final?!&#8230;<\/p>\n<div id=\"attachment_49069\" style=\"width: 1742px\" class=\"wp-caption aligncenter\"><a class=\"dt-pswp-item\" href=\"https:\/\/www.monta\u00f1asdelaluna.es\/wp-content\/uploads\/2021\/04\/005A.jpg\" data-dt-img-description=\"\" data-large_image_width=\"1732\" data-large_image_height=\"1154\"><img loading=\"lazy\" decoding=\"async\" aria-describedby=\"caption-attachment-49069\" class=\"wp-image-49069 size-large\" src=\"https:\/\/www.monta\u00f1asdelaluna.es\/wp-content\/uploads\/2021\/04\/005A-1024x682.jpg\" alt=\"Huayna Potos\u00ed\" width=\"1024\" height=\"682\" srcset=\"https:\/\/www.monta\u00f1asdelaluna.es\/wp-content\/uploads\/2021\/04\/005A-1024x682.jpg 1024w, https:\/\/www.monta\u00f1asdelaluna.es\/wp-content\/uploads\/2021\/04\/005A-300x200.jpg 300w, https:\/\/www.monta\u00f1asdelaluna.es\/wp-content\/uploads\/2021\/04\/005A-768x512.jpg 768w, https:\/\/www.monta\u00f1asdelaluna.es\/wp-content\/uploads\/2021\/04\/005A-1536x1023.jpg 1536w, https:\/\/www.monta\u00f1asdelaluna.es\/wp-content\/uploads\/2021\/04\/005A.jpg 1732w\" sizes=\"auto, (max-width: 1024px) 100vw, 1024px\" \/><\/a><p id=\"caption-attachment-49069\" class=\"wp-caption-text\">Huayna Potos\u00ed<\/p><\/div>\n<div id=\"attachment_49070\" style=\"width: 1642px\" class=\"wp-caption aligncenter\"><a class=\"dt-pswp-item\" href=\"https:\/\/www.monta\u00f1asdelaluna.es\/wp-content\/uploads\/2021\/04\/006A.jpg\" data-dt-img-description=\"\" data-large_image_width=\"1632\" data-large_image_height=\"1224\"><img loading=\"lazy\" decoding=\"async\" aria-describedby=\"caption-attachment-49070\" class=\"wp-image-49070 size-large\" src=\"https:\/\/www.monta\u00f1asdelaluna.es\/wp-content\/uploads\/2021\/04\/006A-1024x768.jpg\" alt=\"Quique e Infi montando las tiendas en el campo base del Huayna Potos\u00ed\" width=\"1024\" height=\"768\" srcset=\"https:\/\/www.monta\u00f1asdelaluna.es\/wp-content\/uploads\/2021\/04\/006A-1024x768.jpg 1024w, https:\/\/www.monta\u00f1asdelaluna.es\/wp-content\/uploads\/2021\/04\/006A-300x225.jpg 300w, https:\/\/www.monta\u00f1asdelaluna.es\/wp-content\/uploads\/2021\/04\/006A-768x576.jpg 768w, https:\/\/www.monta\u00f1asdelaluna.es\/wp-content\/uploads\/2021\/04\/006A-1536x1152.jpg 1536w, https:\/\/www.monta\u00f1asdelaluna.es\/wp-content\/uploads\/2021\/04\/006A.jpg 1632w\" sizes=\"auto, (max-width: 1024px) 100vw, 1024px\" \/><\/a><p id=\"caption-attachment-49070\" class=\"wp-caption-text\">Quique e Infi montando las tiendas en el campo base del Huayna Potos\u00ed<\/p><\/div>\n<p>Comemos el pollo sentados sobre unas piedras. La finca vallada junto a la que hemos acampado es una estaci\u00f3n sismol\u00f3gica, guardada por una t\u00eda de Lucio. La verdad es que el sitio es feo. Debemos estar a unos 4.800 metros de altitud. Siguiendo el camino, nos deriva en una construcci\u00f3n que nunca veremos, solo por las gu\u00edas de internet: es el Refugio del Huayna Potos\u00ed. Un lugar m\u00e1s acorde para comenzar una actividad o ascensi\u00f3n de alta monta\u00f1a.<\/p>\n<p>Despu\u00e9s de comer Lucio queda con nosotros para acercarnos al Glaciar Viejo, camino del Huayna, y hacer pr\u00e1cticas de escalada en hielo, reuniones, autodetenci\u00f3n\u2026 pero al final decido de no ir yo y pasarme la aburrida tarde andina meditando y reflexionando en la inmensa soledad del lugar. Veo pasar las horas frente a un paisaje desolado, feo el cercano, pero intenso y apacible el lejano. Desde aqu\u00ed no se ve muy bien la monta\u00f1a, ni \u00e9sta, ni las de alrededor, solo la vasta extensi\u00f3n hacia el oeste o suroeste por donde ven\u00eda el camino que hemos cogido desde La Paz para llegar aqu\u00ed. Reflexiones en la soledad del altiplano alpino \u00bfLucha contra mis fantasmas? \u00bfRecuerdos del amor y la familia lejana? \u00bfInseguridad de no poder hacer ni controlar a miles de kil\u00f3metros de distancia?&#8230; o solo un intento de tener calma, de enfrentarme a mis quejas, pensamientos\u2026 o el preguntarme \u00bfQu\u00e9 me pasa y cuando durar\u00eda esto?&#8230; Bueno. Calma, recogimiento, cuando las horas pasan lentas y no pasa nada a tu alrededor, cuando lo \u00fanico que se mueven son las luces y las sombras de un sol caminante en el horizonte, el Alma se estremece, se sosiega, languidece ante la misma soledad, peor que la muerte, peor que una tortura es la soledad del Alma, de depresi\u00f3n de la mente. Realmente no hay algo significante de lo que hay que explicar en lo acontecido en esa tarde, solo que ese tiempo en soledad me ayud\u00f3 a poner algo de orden en mi alocada mente.<\/p>\n<div id=\"attachment_49071\" style=\"width: 1642px\" class=\"wp-caption aligncenter\"><a class=\"dt-pswp-item\" href=\"https:\/\/www.monta\u00f1asdelaluna.es\/wp-content\/uploads\/2021\/04\/007A.jpg\" data-dt-img-description=\"\" data-large_image_width=\"1632\" data-large_image_height=\"1224\"><img loading=\"lazy\" decoding=\"async\" aria-describedby=\"caption-attachment-49071\" class=\"wp-image-49071 size-large\" src=\"https:\/\/www.monta\u00f1asdelaluna.es\/wp-content\/uploads\/2021\/04\/007A-1024x768.jpg\" alt=\"Jes\u00fas e Infi camino del Glaciar Viejo, arriba las cimas del Huayna Potos\u00ed\" width=\"1024\" height=\"768\" srcset=\"https:\/\/www.monta\u00f1asdelaluna.es\/wp-content\/uploads\/2021\/04\/007A-1024x768.jpg 1024w, https:\/\/www.monta\u00f1asdelaluna.es\/wp-content\/uploads\/2021\/04\/007A-300x225.jpg 300w, https:\/\/www.monta\u00f1asdelaluna.es\/wp-content\/uploads\/2021\/04\/007A-768x576.jpg 768w, https:\/\/www.monta\u00f1asdelaluna.es\/wp-content\/uploads\/2021\/04\/007A-1536x1152.jpg 1536w, https:\/\/www.monta\u00f1asdelaluna.es\/wp-content\/uploads\/2021\/04\/007A.jpg 1632w\" sizes=\"auto, (max-width: 1024px) 100vw, 1024px\" \/><\/a><p id=\"caption-attachment-49071\" class=\"wp-caption-text\">Jes\u00fas e Infi camino del Glaciar Viejo, arriba las cimas del Huayna Potos\u00ed<\/p><\/div>\n<div id=\"attachment_49073\" style=\"width: 1642px\" class=\"wp-caption aligncenter\"><a class=\"dt-pswp-item\" href=\"https:\/\/www.monta\u00f1asdelaluna.es\/wp-content\/uploads\/2021\/04\/009A.jpg\" data-dt-img-description=\"\" data-large_image_width=\"1632\" data-large_image_height=\"1224\"><img loading=\"lazy\" decoding=\"async\" aria-describedby=\"caption-attachment-49073\" class=\"wp-image-49073 size-large\" src=\"https:\/\/www.monta\u00f1asdelaluna.es\/wp-content\/uploads\/2021\/04\/009A-1024x768.jpg\" alt=\"Infi de pr\u00e1cticas en el Glaciar Viejo del Huayna Potos\u00ed\" width=\"1024\" height=\"768\" srcset=\"https:\/\/www.monta\u00f1asdelaluna.es\/wp-content\/uploads\/2021\/04\/009A-1024x768.jpg 1024w, https:\/\/www.monta\u00f1asdelaluna.es\/wp-content\/uploads\/2021\/04\/009A-300x225.jpg 300w, https:\/\/www.monta\u00f1asdelaluna.es\/wp-content\/uploads\/2021\/04\/009A-768x576.jpg 768w, https:\/\/www.monta\u00f1asdelaluna.es\/wp-content\/uploads\/2021\/04\/009A-1536x1152.jpg 1536w, https:\/\/www.monta\u00f1asdelaluna.es\/wp-content\/uploads\/2021\/04\/009A.jpg 1632w\" sizes=\"auto, (max-width: 1024px) 100vw, 1024px\" \/><\/a><p id=\"caption-attachment-49073\" class=\"wp-caption-text\">Infi de pr\u00e1cticas en el Glaciar Viejo del Huayna Potos\u00ed<\/p><\/div>\n<p>Vuelven los compa\u00f1eros de hacer las pr\u00e1cticas. Se lo han pasado en grande y han aprendido mucho con Lucio. Lo ver\u00e9 en las fotos que me ense\u00f1en. Estoy contento de que Infi est\u00e9 aqu\u00ed con nosotros, va a ser otra formidable aventura tanto para ella como para nosotros; pero como ella se inici\u00f3 en la monta\u00f1a con nosotros me da la impresi\u00f3n de que parecemos sus maestros, sus hermanos mayores en la monta\u00f1a, sus protectores y los magos que le ense\u00f1amos la magia de estos lugares. Responsables de sus asombros y esfuerzos. Vida y experiencias, grandes experiencias gracias a los tres compa\u00f1eros de Grandes Monta\u00f1as. Me ilusiona.<\/p>\n<p>Merendamos. La tarde avanza aburrida, lenta o r\u00e1pida seg\u00fan las veces que se mire el reloj, hacia una noche muy oscura y muy fr\u00eda. No hay nada que hacer ya. Al tiempo cenamos y antes de que el frio se interne y nos invada los huesos de nuevo nos metemos en los sacos de plumas, calentitos, compa\u00f1eros y restauradores de calor. Imprescindible y salvadores por estos lares. Ma\u00f1ana toca la subida al campamento de altura que su nombre ingl\u00e9s nos dice algo de donde est\u00e1 ubicado y como es: \u201cCamp Rock\u201d a unos 5.250 metros de altitud; pero ser\u00e1 una marcha f\u00e1cil, tranquila, corta, poco esforzada, entre lenguas glaciares y gigantescas morrenas llenas de piedras y guijarros sueltos en la que han excavado un perfecto sendero, una verdadera \u201cautopista\u201d para nosotros\u2026 Jes\u00fas y yo estamos aclimatados, la marcha ser\u00e1 f\u00e1cil y yo estar\u00e9 mejor ma\u00f1ana. Espero. Lo necesito \u00bfDe nuevo una cima con dudoso \u00e9xito? No creo. Mi fortaleza de esp\u00edritu, de voluntad y pasi\u00f3n, est\u00e1 por encima de estas tonter\u00edas que me atormentan. Ma\u00f1ana nos reuniremos con el resto del grupo. Seremos muchos de nosotros en este campo de altura. Todo gira poco a poco a que las cosas se arreglen, se estabilicen\u2026 estos d\u00edas de monta\u00f1a ser\u00e1n extraordinarios. Duermo junto a mi incondicional y sufridor gran compa\u00f1ero de grandes monta\u00f1as\u2026 tengo miedo a que se rompa esta uni\u00f3n con la monta\u00f1a y todo lo que la rodea y envuelve mi mundo, romper con los amigos\u2026 con Jes\u00fas\u2026 pero seguro que no ocurrir\u00e1, de hecho, Nunca deber\u00e1 ocurrir, porque mi Alma est\u00e1 ligada a ellos, a la Monta\u00f1a, y ello ser\u00eda quedarse sin Alma, convertirme en un zombi, Muerto en Vida\u2026<\/p>\n<div id=\"attachment_49169\" style=\"width: 1408px\" class=\"wp-caption aligncenter\"><a class=\"dt-pswp-item\" href=\"https:\/\/www.monta\u00f1asdelaluna.es\/wp-content\/uploads\/2021\/04\/HuaynaPotosiEnteroCaminoLaPaz.web_.jpg\" data-dt-img-description=\"\" data-large_image_width=\"1398\" data-large_image_height=\"2165\"><img loading=\"lazy\" decoding=\"async\" aria-describedby=\"caption-attachment-49169\" class=\"wp-image-49169 size-full\" src=\"https:\/\/www.monta\u00f1asdelaluna.es\/wp-content\/uploads\/2021\/04\/HuaynaPotosiEnteroCaminoLaPaz.web_.jpg\" alt=\"Croquis del recorrido en coche entre La Paz y la base del Huayna Potos\u00ed. LINEA DISCONTINUA AZUL: recorrido. PUNTO ROJO: campo base del Huayna Potos\u00ed\" width=\"1398\" height=\"2165\" srcset=\"https:\/\/www.monta\u00f1asdelaluna.es\/wp-content\/uploads\/2021\/04\/HuaynaPotosiEnteroCaminoLaPaz.web_.jpg 1398w, https:\/\/www.monta\u00f1asdelaluna.es\/wp-content\/uploads\/2021\/04\/HuaynaPotosiEnteroCaminoLaPaz.web_-194x300.jpg 194w, https:\/\/www.monta\u00f1asdelaluna.es\/wp-content\/uploads\/2021\/04\/HuaynaPotosiEnteroCaminoLaPaz.web_-661x1024.jpg 661w, https:\/\/www.monta\u00f1asdelaluna.es\/wp-content\/uploads\/2021\/04\/HuaynaPotosiEnteroCaminoLaPaz.web_-768x1189.jpg 768w, https:\/\/www.monta\u00f1asdelaluna.es\/wp-content\/uploads\/2021\/04\/HuaynaPotosiEnteroCaminoLaPaz.web_-992x1536.jpg 992w, https:\/\/www.monta\u00f1asdelaluna.es\/wp-content\/uploads\/2021\/04\/HuaynaPotosiEnteroCaminoLaPaz.web_-1322x2048.jpg 1322w\" sizes=\"auto, (max-width: 1398px) 100vw, 1398px\" \/><\/a><p id=\"caption-attachment-49169\" class=\"wp-caption-text\">Croquis del recorrido en coche entre La Paz y la base del Huayna Potos\u00ed. LINEA DISCONTINUA AZUL: recorrido. PUNTO ROJO: campo base del Huayna Potos\u00ed<\/p><\/div>\n<p>[\/vc_column_text][\/vc_column][\/vc_row][vc_row][vc_column][vc_empty_space][\/vc_column][\/vc_row][vc_row][vc_column][vc_separator][\/vc_column][\/vc_row][vc_row][vc_column][vc_empty_space height=\u00bb60px\u00bb][\/vc_column][\/vc_row][vc_row][vc_column][vc_cta h2=\u00bb\u00c1lbum de fotos\u00bb txt_align=\u00bbcenter\u00bb add_button=\u00bbbottom\u00bb btn_title=\u00bbVer fotos\u00bb btn_color=\u00bbwarning\u00bb btn_align=\u00bbcenter\u00bb btn_link=\u00bburl:https%3A%2F%2Fmonta%C3%B1asdelaluna.es%2F%3Fdt_gallery%3Dla-paz-2|title:La%20Paz|target:_blank\u00bb css=\u00bb.vc_custom_1625694887768{background-color: #8bc4ed !important;}\u00bb]Puedes ver un resumen de todas las fotos de La Paz en forma de presentaci\u00f3n o individuales pinchando aqui \u00a1No te las pierdas![\/vc_cta][\/vc_column][\/vc_row][vc_row][vc_column][vc_empty_space][vc_cta h2=\u00bb\u00c1lbum de fotos\u00bb txt_align=\u00bbcenter\u00bb add_button=\u00bbbottom\u00bb btn_title=\u00bbVer fotos\u00bb btn_color=\u00bbwarning\u00bb btn_align=\u00bbcenter\u00bb btn_link=\u00bburl:http%3A%2F%2Fmonta%C3%B1asdelaluna.com%2F%3Fdt_gallery%3Dhuayna-potosi-6-088-mts|title:La%20Paz|target:_blank\u00bb css=\u00bb.vc_custom_1619335389606{background-color: #8bc4ed !important;}\u00bb]Puedes ver un resumen de todas las fotos del Huayna Potos\u00ed (6.088 mts.) en forma de presentaci\u00f3n o individuales pinchando aqui \u00a1No te las pierdas![\/vc_cta][\/vc_column][\/vc_row][vc_row][vc_column][vc_empty_space height=\u00bb60px\u00bb][\/vc_column][\/vc_row][vc_row][vc_column width=\u00bb1\/6&#8243;][\/vc_column][vc_column width=\u00bb1\/3&#8243;][vc_empty_space height=\u00bb23px\u00bb][vc_raw_html]JTNDaWZyYW1lJTIwc3JjJTNEJTIyaHR0cHMlM0ElMkYlMkZ3d3cubWV0ZW9ibHVlLmNvbSUyRmVzJTJGdGllbXBvJTJGd2lkZ2V0JTJGZGFpbHklMkZsYS1wYXpfYm9saXZpYV8zOTExOTI1JTNGZ2VvbG9jJTNEZml4ZWQlMjZkYXlzJTNENyUyNnRlbXB1bml0JTNEQ0VMU0lVUyUyNndpbmR1bml0JTNES0lMT01FVEVSX1BFUl9IT1VSJTI2cHJlY2lwdW5pdCUzRE1JTExJTUVURVIlMjZjb2xvdXJlZCUzRGNvbG91cmVkJTI2cGljdG9pY29uJTNEMCUyNnBpY3RvaWNvbiUzRDElMjZtYXh0ZW1wZXJhdHVyZSUzRDAlMjZtYXh0ZW1wZXJhdHVyZSUzRDElMjZtaW50ZW1wZXJhdHVyZSUzRDAlMjZtaW50ZW1wZXJhdHVyZSUzRDElMjZ3aW5kc3BlZWQlM0QwJTI2d2luZHNwZWVkJTNEMSUyNndpbmRndXN0JTNEMCUyNndpbmRndXN0JTNEMSUyNndpbmRkaXJlY3Rpb24lM0QwJTI2d2luZGRpcmVjdGlvbiUzRDElMjZ1diUzRDAlMjZodW1pZGl0eSUzRDAlMjZwcmVjaXBpdGF0aW9uJTNEMCUyNnByZWNpcGl0YXRpb24lM0QxJTI2cHJlY2lwaXRhdGlvbnByb2JhYmlsaXR5JTNEMCUyNnByZWNpcGl0YXRpb25wcm9iYWJpbGl0eSUzRDElMjZzcG90JTNEMCUyNnNwb3QlM0QxJTI2cHJlc3N1cmUlM0QwJTI2cHJlc3N1cmUlM0QxJTI2bGF5b3V0JTNEbGlnaHQlMjIlMjAlMjBmcmFtZWJvcmRlciUzRCUyMjAlMjIlMjBzY3JvbGxpbmclM0QlMjJOTyUyMiUyMGFsbG93dHJhbnNwYXJlbmN5JTNEJTIydHJ1ZSUyMiUyMHNhbmRib3glM0QlMjJhbGxvdy1zYW1lLW9yaWdpbiUyMGFsbG93LXNjcmlwdHMlMjBhbGxvdy1wb3B1cHMlMjBhbGxvdy1wb3B1cHMtdG8tZXNjYXBlLXNhbmRib3glMjIlMjBzdHlsZSUzRCUyMndpZHRoJTNBJTIwMzc4cHglM0IlMjBoZWlnaHQlM0ElMjA0MjBweCUyMiUzRSUzQyUyRmlmcmFtZSUzRSUzQ2RpdiUzRSUzQyUyMS0tJTIwRE8lMjBOT1QlMjBSRU1PVkUlMjBUSElTJTIwTElOSyUyMC0tJTNFJTNDYSUyMGhyZWYlM0QlMjJodHRwcyUzQSUyRiUyRnd3dy5tZXRlb2JsdWUuY29tJTJGZXMlMkZ0aWVtcG8lMkZzZW1hbmElMkZsYS1wYXpfYm9saXZpYV8zOTExOTI1JTNGdXRtX3NvdXJjZSUzRHdlYXRoZXJfd2lkZ2V0JTI2dXRtX21lZGl1bSUzRGxpbmt1cyUyNnV0bV9jb250ZW50JTNEZGFpbHklMjZ1dG1fY2FtcGFpZ24lM0RXZWF0aGVyJTI1MkJXaWRnZXQlMjIlMjB0YXJnZXQlM0QlMjJfYmxhbmslMjIlM0VtZXRlb2JsdWUlM0MlMkZhJTNFJTNDJTJGZGl2JTNF[\/vc_raw_html][\/vc_column][vc_column width=\u00bb1\/3&#8243;][vc_column_text]Tiempo en campo base Huayna Potos\u00ed[\/vc_column_text][vc_raw_html]JTNDaWZyYW1lJTIwc3JjJTNEJTIyaHR0cHMlM0ElMkYlMkZ3d3cubWV0ZW9ibHVlLmNvbSUyRmVzJTJGdGllbXBvJTJGd2lkZ2V0JTJGZGFpbHklMkYtMTYuMjg3Ti02OC4xM0U0Nzc0X0FtZXJpY2ElMjUyRkxhX1BheiUzRmdlb2xvYyUzRGZpeGVkJTI2ZGF5cyUzRDclMjZ0ZW1wdW5pdCUzRENFTFNJVVMlMjZ3aW5kdW5pdCUzREtJTE9NRVRFUl9QRVJfSE9VUiUyNnByZWNpcHVuaXQlM0RNSUxMSU1FVEVSJTI2Y29sb3VyZWQlM0Rjb2xvdXJlZCUyNnBpY3RvaWNvbiUzRDAlMjZwaWN0b2ljb24lM0QxJTI2bWF4dGVtcGVyYXR1cmUlM0QwJTI2bWF4dGVtcGVyYXR1cmUlM0QxJTI2bWludGVtcGVyYXR1cmUlM0QwJTI2bWludGVtcGVyYXR1cmUlM0QxJTI2d2luZHNwZWVkJTNEMCUyNndpbmRzcGVlZCUzRDElMjZ3aW5kZ3VzdCUzRDAlMjZ3aW5kZ3VzdCUzRDElMjZ3aW5kZGlyZWN0aW9uJTNEMCUyNndpbmRkaXJlY3Rpb24lM0QxJTI2dXYlM0QwJTI2aHVtaWRpdHklM0QwJTI2cHJlY2lwaXRhdGlvbiUzRDAlMjZwcmVjaXBpdGF0aW9uJTNEMSUyNnByZWNpcGl0YXRpb25wcm9iYWJpbGl0eSUzRDAlMjZwcmVjaXBpdGF0aW9ucHJvYmFiaWxpdHklM0QxJTI2c3BvdCUzRDAlMjZzcG90JTNEMSUyNnByZXNzdXJlJTNEMCUyNnByZXNzdXJlJTNEMSUyNmxheW91dCUzRGxpZ2h0JTIyJTIwJTIwZnJhbWVib3JkZXIlM0QlMjIwJTIyJTIwc2Nyb2xsaW5nJTNEJTIyTk8lMjIlMjBhbGxvd3RyYW5zcGFyZW5jeSUzRCUyMnRydWUlMjIlMjBzYW5kYm94JTNEJTIyYWxsb3ctc2FtZS1vcmlnaW4lMjBhbGxvdy1zY3JpcHRzJTIwYWxsb3ctcG9wdXBzJTIwYWxsb3ctcG9wdXBzLXRvLWVzY2FwZS1zYW5kYm94JTIyJTIwc3R5bGUlM0QlMjJ3aWR0aCUzQSUyMDM3OHB4JTNCJTIwaGVpZ2h0JTNBJTIwNDIwcHglMjIlM0UlM0MlMkZpZnJhbWUlM0UlM0NkaXYlM0UlM0MlMjEtLSUyMERPJTIwTk9UJTIwUkVNT1ZFJTIwVEhJUyUyMExJTkslMjAtLSUzRSUzQ2ElMjBocmVmJTNEJTIyaHR0cHMlM0ElMkYlMkZ3d3cubWV0ZW9ibHVlLmNvbSUyRmVzJTJGdGllbXBvJTJGc2VtYW5hJTJGLTE2LjI4N04tNjguMTNFNDc3NF9BbWVyaWNhJTI1MkZMYV9QYXolM0Z1dG1fc291cmNlJTNEd2VhdGhlcl93aWRnZXQlMjZ1dG1fbWVkaXVtJTNEbGlua3VzJTI2dXRtX2NvbnRlbnQlM0RkYWlseSUyNnV0bV9jYW1wYWlnbiUzRFdlYXRoZXIlMjUyQldpZGdldCUyMiUyMHRhcmdldCUzRCUyMl9ibGFuayUyMiUzRW1ldGVvYmx1ZSUzQyUyRmElM0UlM0MlMkZkaXYlM0U=[\/vc_raw_html][\/vc_column][vc_column width=\u00bb1\/6&#8243;][\/vc_column][\/vc_row]<\/p>\n","protected":false},"excerpt":{"rendered":"<p>[vc_row][vc_column][vc_column_text]Nos levantamos Jes\u00fas y yo. Parece que tenemos algo de resaca, pero anoche fue fenomenal, genial; el peque\u00f1o sufrimiento y mal trago de la resaca vale la pena a cambio de otra noche de risas, alegr\u00eda y juerga como \u00e9sta. Desayunamos solos arriba en el comedor. El resto de los amigos descansan; es su d\u00eda&hellip;<\/p>\n","protected":false},"author":1,"featured_media":49066,"comment_status":"open","ping_status":"open","sticky":false,"template":"","format":"standard","meta":[],"categories":[34,1],"tags":[],"class_list":["post-49165","post","type-post","status-publish","format-standard","has-post-thumbnail","hentry","category-bolivia","category-sin-categoria","category-34","category-1","description-off"],"_links":{"self":[{"href":"https:\/\/www.monta\u00f1asdelaluna.es\/index.php?rest_route=\/wp\/v2\/posts\/49165","targetHints":{"allow":["GET"]}}],"collection":[{"href":"https:\/\/www.monta\u00f1asdelaluna.es\/index.php?rest_route=\/wp\/v2\/posts"}],"about":[{"href":"https:\/\/www.monta\u00f1asdelaluna.es\/index.php?rest_route=\/wp\/v2\/types\/post"}],"author":[{"embeddable":true,"href":"https:\/\/www.monta\u00f1asdelaluna.es\/index.php?rest_route=\/wp\/v2\/users\/1"}],"replies":[{"embeddable":true,"href":"https:\/\/www.monta\u00f1asdelaluna.es\/index.php?rest_route=%2Fwp%2Fv2%2Fcomments&post=49165"}],"version-history":[{"count":7,"href":"https:\/\/www.monta\u00f1asdelaluna.es\/index.php?rest_route=\/wp\/v2\/posts\/49165\/revisions"}],"predecessor-version":[{"id":49168,"href":"https:\/\/www.monta\u00f1asdelaluna.es\/index.php?rest_route=\/wp\/v2\/posts\/49165\/revisions\/49168"}],"wp:featuredmedia":[{"embeddable":true,"href":"https:\/\/www.monta\u00f1asdelaluna.es\/index.php?rest_route=\/wp\/v2\/media\/49066"}],"wp:attachment":[{"href":"https:\/\/www.monta\u00f1asdelaluna.es\/index.php?rest_route=%2Fwp%2Fv2%2Fmedia&parent=49165"}],"wp:term":[{"taxonomy":"category","embeddable":true,"href":"https:\/\/www.monta\u00f1asdelaluna.es\/index.php?rest_route=%2Fwp%2Fv2%2Fcategories&post=49165"},{"taxonomy":"post_tag","embeddable":true,"href":"https:\/\/www.monta\u00f1asdelaluna.es\/index.php?rest_route=%2Fwp%2Fv2%2Ftags&post=49165"}],"curies":[{"name":"wp","href":"https:\/\/api.w.org\/{rel}","templated":true}]}}