{"id":51235,"date":"2021-08-28T13:28:30","date_gmt":"2021-08-28T13:28:30","guid":{"rendered":"https:\/\/www.monta\u00f1asdelaluna.es\/?p=51235"},"modified":"2021-11-27T08:31:20","modified_gmt":"2021-11-27T08:31:20","slug":"pico-de-bardamina-3-079-mts-entre-crestas","status":"publish","type":"post","link":"https:\/\/www.monta\u00f1asdelaluna.es\/?p=51235","title":{"rendered":"Pico de Bardamina (3.079 mts.) entre crestas"},"content":{"rendered":"<p>[vc_row css=\u00bb.vc_custom_1625563174872{margin-top: 0px !important;padding-top: 0px !important;}\u00bb][vc_column][vc_column_text]Eva Zurera me comenta de salir un fin de semana de agosto hacia el Pirineo para hacer alguna cresta. Despu\u00e9s de la fenomenal actividad de este pasado julio con el <a href=\"https:\/\/www.monta\u00f1asdelaluna.es\/?page_id=50562\">Anillo de Picos<\/a>, Eva espera al \u00faltimo de fin de semana de agosto para quedar y hacer una buena actividad en los Pirineos.<\/p>\n<p>Eva me pregunta si he hecho alguna de las crestas m\u00e1s famosas del macizo del Posets: la<a href=\"https:\/\/www.monta\u00f1asdelaluna.es\/?p=28484\"> cresta de Las Espadas<\/a> o la cresta de Bardamina. Se asombra cuando le digo que la cresta de Las Espadas ya la hab\u00eda hecho, pero la del Bardamina no; pero que si quer\u00eda hac\u00edamos la de Las Espadas, aunque como ya la hab\u00eda hecho, prefer\u00eda hacer la cresta del Bardamina. Entonces escogimos la cresta y pico de Bardamina como objetivo para hacerlo el fin de semana mencionado.<\/p>\n<p>Entonces es cuando comet\u00ed el error de comparar la dificultad de la cresta de Las Espadas con la cresta del Pico Bardamina; y m\u00e1s a\u00fan cuando comenc\u00e9 a mirar en wikiloc (y en ning\u00fan otro sitio m\u00e1s), el recorrido y tiempo en hacer la cresta del Bardamina entre \u00e9ste pico y el Posets, y en las cuales no a\u00f1ad\u00edan o no supe ver, el grado de dificultad entre el Pico de Bardamina y la Collada de La Pa\u00fal (en direcci\u00f3n al Posets); con lo que mirando el mapa Alpina actualizado, ve\u00eda como la cresta del Bardamina, al menos su nombre, comenzaba m\u00e1s al este de la ubicaci\u00f3n del pico\u2026 esto no se puede considerar un error, pero al no saber la dificultad de la otra nombrada cresta, s\u00ed un retraso en el avance por la misma\u2026<\/p>\n<div id=\"attachment_51242\" style=\"width: 1834px\" class=\"wp-caption aligncenter\"><a class=\"dt-pswp-item\" href=\"https:\/\/www.monta\u00f1asdelaluna.es\/wp-content\/uploads\/2021\/08\/IMG_4292.jpg\" data-dt-img-description=\"\" data-large_image_width=\"1824\" data-large_image_height=\"1024\"><img loading=\"lazy\" decoding=\"async\" aria-describedby=\"caption-attachment-51242\" class=\"wp-image-51242 size-large\" src=\"https:\/\/www.monta\u00f1asdelaluna.es\/wp-content\/uploads\/2021\/08\/IMG_4292-1024x575.jpg\" alt=\" Arriba la Serra de Llardana\" width=\"1024\" height=\"575\" srcset=\"https:\/\/www.monta\u00f1asdelaluna.es\/wp-content\/uploads\/2021\/08\/IMG_4292-1024x575.jpg 1024w, https:\/\/www.monta\u00f1asdelaluna.es\/wp-content\/uploads\/2021\/08\/IMG_4292-300x168.jpg 300w, https:\/\/www.monta\u00f1asdelaluna.es\/wp-content\/uploads\/2021\/08\/IMG_4292-768x431.jpg 768w, https:\/\/www.monta\u00f1asdelaluna.es\/wp-content\/uploads\/2021\/08\/IMG_4292-1536x862.jpg 1536w, https:\/\/www.monta\u00f1asdelaluna.es\/wp-content\/uploads\/2021\/08\/IMG_4292.jpg 1824w\" sizes=\"auto, (max-width: 1024px) 100vw, 1024px\" \/><\/a><p id=\"caption-attachment-51242\" class=\"wp-caption-text\">Arriba la Serra de Llardana<\/p><\/div>\n<div id=\"attachment_51241\" style=\"width: 1834px\" class=\"wp-caption aligncenter\"><a class=\"dt-pswp-item\" href=\"https:\/\/www.monta\u00f1asdelaluna.es\/wp-content\/uploads\/2021\/08\/IMG_4298.jpg\" data-dt-img-description=\"\" data-large_image_width=\"1824\" data-large_image_height=\"1216\"><img loading=\"lazy\" decoding=\"async\" aria-describedby=\"caption-attachment-51241\" class=\"wp-image-51241 size-large\" src=\"https:\/\/www.monta\u00f1asdelaluna.es\/wp-content\/uploads\/2021\/08\/IMG_4298-1024x683.jpg\" alt=\" Desvio por e fondo del valle hacia la Caba\u00f1a de LLardaneta\" width=\"1024\" height=\"683\" srcset=\"https:\/\/www.monta\u00f1asdelaluna.es\/wp-content\/uploads\/2021\/08\/IMG_4298-1024x683.jpg 1024w, https:\/\/www.monta\u00f1asdelaluna.es\/wp-content\/uploads\/2021\/08\/IMG_4298-300x200.jpg 300w, https:\/\/www.monta\u00f1asdelaluna.es\/wp-content\/uploads\/2021\/08\/IMG_4298-768x512.jpg 768w, https:\/\/www.monta\u00f1asdelaluna.es\/wp-content\/uploads\/2021\/08\/IMG_4298-1536x1024.jpg 1536w, https:\/\/www.monta\u00f1asdelaluna.es\/wp-content\/uploads\/2021\/08\/IMG_4298.jpg 1824w\" sizes=\"auto, (max-width: 1024px) 100vw, 1024px\" \/><\/a><p id=\"caption-attachment-51241\" class=\"wp-caption-text\">Desvio por e fondo del valle hacia la Caba\u00f1a de LLardaneta<\/p><\/div>\n<p>El pasado fin de semana, \u00faltimo de agosto del 2.021, en los d\u00edas 27 al 29, salimos Eva, Pau, Antoni, Josechu, Luis Segura (al cual invit\u00e9 si quer\u00eda venirse desde Valencia) y yo, en direcci\u00f3n al Valle de Benasque, a la poblaci\u00f3n de Eriste, donde comienza el vallecillo en direcci\u00f3n al Refugio \u00c1ngel Or\u00fas y la subida normal al Posets por su lado sur, sureste. Al llegar a Eriste ya de noche, decidimos hacer vivac en el parking que queda pegado al lugar donde para el autob\u00fas que nos subir\u00e1 al parking de la Cascada de Espigantosa. Desde hace unos a\u00f1os no se puede subir en coche hasta aqu\u00ed por la gran aglomeraci\u00f3n de gente\u2026 como en Ordesa y Benasque para ir a La Renclusa, Vallibierna, entre julio y agosto, no puedes subir en coche; o caminando o en este temerario bus.<\/p>\n<p>Al d\u00eda siguiente, s\u00e1bado 28, cogimos el bus temprano, ya hab\u00eda cola de excursionistas y monta\u00f1eros que esperaban en la estaci\u00f3n. Muchos de ellos con poca intenci\u00f3n de hacer una actividad como nosotros, con el mochil\u00f3n, tienda a cuestas, para hacer noche en las alturas del macizo del Posets; casi todos con mochilitas y poco equipo, supongo que para hacer un paseo de un d\u00eda, o para pasar una noche en el famoso Refugio de \u00c1ngel Or\u00fas. La subida con el autob\u00fas por el camino que sube de Eriste hasta el nombrado parking es temeraria y casi peligrosa; el conductor tiene tal costumbre de pasar o hacer este recorrido, que coge velocidades en lugares que ni siquiera con un todoterreno me atrever\u00eda yo. Hemos cogido un billete de ida y vuelta, subida y bajada\u2026 pero no s\u00e9 si hemos hecho bien\u2026<\/p>\n<p>Una vez en el visitado parking de la Cascada de Espigantosa, nos ponemos los mochilones a la espalda y comenzamos a subir por la muy transitada y pisada senda que va de este lugar a las puertas del mismo Refugio de \u00c1ngel Or\u00fas. Dicho recorrido ya descrito, justamente, cuando hice la cresta de <a href=\"https:\/\/www.monta\u00f1asdelaluna.es\/?p=28484\">Las Espadas<\/a> o la subida en condiciones invernales del mismo <a href=\"https:\/\/www.monta\u00f1asdelaluna.es\/?p=32151\">Posets<\/a>. No hay p\u00e9rdida. La senda sigue paralela a veces por el fondo del valle y otras un poco a m\u00e1s altura, con el murmullo del rio de Eriste que baja con ruidoso caudal, y las vistas y paisaje de un valle boscoso, bien cuidado y fabuloso, bonito\u2026 poco a poco y a medida que nos adentramos valle arriba, valle adentro en direcci\u00f3n noroeste, se van descubriendo y asomando las escarpadas estribaciones sureste del macizo del Posets, por la que llaman Sierra de Llardana.<\/p>\n<div id=\"attachment_51244\" style=\"width: 1834px\" class=\"wp-caption aligncenter\"><a class=\"dt-pswp-item\" href=\"https:\/\/www.monta\u00f1asdelaluna.es\/wp-content\/uploads\/2021\/08\/IMG_4307.jpg\" data-dt-img-description=\"\" data-large_image_width=\"1824\" data-large_image_height=\"1216\"><img loading=\"lazy\" decoding=\"async\" aria-describedby=\"caption-attachment-51244\" class=\"wp-image-51244 size-large\" src=\"https:\/\/www.monta\u00f1asdelaluna.es\/wp-content\/uploads\/2021\/08\/IMG_4307-1024x683.jpg\" alt=\" Refugio de \u00c1ngel Or\u00fas\" width=\"1024\" height=\"683\" srcset=\"https:\/\/www.monta\u00f1asdelaluna.es\/wp-content\/uploads\/2021\/08\/IMG_4307-1024x683.jpg 1024w, https:\/\/www.monta\u00f1asdelaluna.es\/wp-content\/uploads\/2021\/08\/IMG_4307-300x200.jpg 300w, https:\/\/www.monta\u00f1asdelaluna.es\/wp-content\/uploads\/2021\/08\/IMG_4307-768x512.jpg 768w, https:\/\/www.monta\u00f1asdelaluna.es\/wp-content\/uploads\/2021\/08\/IMG_4307-1536x1024.jpg 1536w, https:\/\/www.monta\u00f1asdelaluna.es\/wp-content\/uploads\/2021\/08\/IMG_4307.jpg 1824w\" sizes=\"auto, (max-width: 1024px) 100vw, 1024px\" \/><\/a><p id=\"caption-attachment-51244\" class=\"wp-caption-text\">Refugio de \u00c1ngel Or\u00fas<\/p><\/div>\n<div id=\"attachment_51243\" style=\"width: 1834px\" class=\"wp-caption aligncenter\"><a class=\"dt-pswp-item\" href=\"https:\/\/www.monta\u00f1asdelaluna.es\/wp-content\/uploads\/2021\/08\/IMG_4306.jpg\" data-dt-img-description=\"\" data-large_image_width=\"1824\" data-large_image_height=\"1216\"><img loading=\"lazy\" decoding=\"async\" aria-describedby=\"caption-attachment-51243\" class=\"wp-image-51243 size-large\" src=\"https:\/\/www.monta\u00f1asdelaluna.es\/wp-content\/uploads\/2021\/08\/IMG_4306-1024x683.jpg\" alt=\" Eva subiendo hacia la Caba\u00f1a de Llardaneta, abajo el Valle de Eriste\" width=\"1024\" height=\"683\" srcset=\"https:\/\/www.monta\u00f1asdelaluna.es\/wp-content\/uploads\/2021\/08\/IMG_4306-1024x683.jpg 1024w, https:\/\/www.monta\u00f1asdelaluna.es\/wp-content\/uploads\/2021\/08\/IMG_4306-300x200.jpg 300w, https:\/\/www.monta\u00f1asdelaluna.es\/wp-content\/uploads\/2021\/08\/IMG_4306-768x512.jpg 768w, https:\/\/www.monta\u00f1asdelaluna.es\/wp-content\/uploads\/2021\/08\/IMG_4306-1536x1024.jpg 1536w, https:\/\/www.monta\u00f1asdelaluna.es\/wp-content\/uploads\/2021\/08\/IMG_4306.jpg 1824w\" sizes=\"auto, (max-width: 1024px) 100vw, 1024px\" \/><\/a><p id=\"caption-attachment-51243\" class=\"wp-caption-text\">Eva subiendo hacia la Caba\u00f1a de Llardaneta, abajo el Valle de Eriste<\/p><\/div>\n<p>El d\u00eda ha amanecido espl\u00e9ndido, muy soleado, tendremos unos dos d\u00edas magn\u00edficos, sin una nube y un sol no demasiado castigador. Perfecto. Al llegar a un punto del recorrido en que a la derecha queda un espacio sin arboleda, bonito, que se acerca al rio, mientras a la izquierda la senda comienza a subir haciendo un zigzag, ese famoso zigzag, mareante y tan desesperante justo antes de llegar a las puertas del Refugio de \u00c1ngel Or\u00fas; nos desviamos a esa misma parte derecha en busca del rio e hitos que nos indiquen un nuevo camino: la idea era seguir un recorrido marcado en el Alpina que, en lugar de subir al Refugio \u00c1ngel Or\u00fas y seguir la subida normal al Posets, desvi\u00e1ndonos despu\u00e9s hacia el recorrido que lo une con el Refugio de Est\u00f3s, segu\u00eda m\u00e1s paralelo al rio, m\u00e1s abajo sin subir de momento o subir m\u00e1s poco a poco, altura en busca de la senda que se dirige a la Collada de La Pllana y que es el punto m\u00e1s alto en el recorrido que une el Refugio de Est\u00f3s al norte, del \u00c1ngel Or\u00fas al sur; justo en las cercan\u00edas de la Caba\u00f1a de Llardaneta en la Pleta de Llardaneta, con lo que nos habremos quitado una enorme vuelta, o al menos es lo que pensamos.<\/p>\n<p>La idea es montar el campamento en el lugar m\u00e1s cercano, con agua, que se acerque lo m\u00e1ximo a la cresta del Bardamina y se pueda llegar f\u00e1cilmente haciendo una circular con comienzo y final en dicho campamento. Y justo al sur de la cresta hay todo un rosario de lagos de alta monta\u00f1a, grandes y peque\u00f1os, cada uno a una altura, encabezados por el Ib\u00f3n de Grist o Eriste; esa zona ser\u00eda la ideal para montar el campamento, a buena distancia y sin contratiempos para acceder al comienzo de la cresta de Bardamina y volver una vez acabada, realizada. Dicho lugar se encuentra a pocos minutos antes de ascender a la mencionada Collada de La Pllana; a mano izquierda de la senda bien marcada. Por ello este \u201catajo\u201d nos podr\u00eda venir bien para no dar una vuelta tan grande pasando por el Refugio de \u00c1ngel Or\u00fas.<\/p>\n<p>Aunque el recorrido est\u00e1 marcado en el Alpina, no hay senda, a penas hitos, y el avance por esta parte es pr\u00e1cticamente monte a trav\u00e9s; pisando con energ\u00eda el terreno intentando avanzar como el ej\u00e9rcito de los Hunos liderados por Atila\u2026 pero el terreno no es tan transitable, hay que subir por recodos del terreno, bajar por escondites, evitando los altos matojos y las ramas de los pocos pinos que han crecido en este terreno tan escabroso. Llega un momento que nos aparecen algunas marcas de colores, pero pronto se pierden; \u00e9stas nos llevan a un punto donde debemos cruzar el hueco del riachuelo, de su cauce, y pasarlo al otro lado. Poco m\u00e1s arriba a cada lado del riachuelo aparecen sendos escarpes y paredes que entorpecer\u00edan nuestro paso, hay que cruzarlo antes de llegar a ellos. Antes hemos dejado a la derecha las vistas a unas cascadas y bajadas de agua de los riachuelos que formaran el R\u00edo de Eriste: abajo de nosotros la Cascada del Forau de Llardana, y seguida en frente la Cascada d\u2019els Ibons, que baja por el barranco del mismo nombre, que a su vez baja del circo de ibones y lagos de alta monta\u00f1a al que queremos llegar. \u00c9sta \u00faltima viene en perpendicular a nuestra direcci\u00f3n.<\/p>\n<div id=\"attachment_51245\" style=\"width: 1834px\" class=\"wp-caption aligncenter\"><a class=\"dt-pswp-item\" href=\"https:\/\/www.monta\u00f1asdelaluna.es\/wp-content\/uploads\/2021\/08\/IMG_4310.jpg\" data-dt-img-description=\"\" data-large_image_width=\"1824\" data-large_image_height=\"1216\"><img loading=\"lazy\" decoding=\"async\" aria-describedby=\"caption-attachment-51245\" class=\"wp-image-51245 size-large\" src=\"https:\/\/www.monta\u00f1asdelaluna.es\/wp-content\/uploads\/2021\/08\/IMG_4310-1024x683.jpg\" alt=\" Subiendo hacia la Caba\u00f1a de Llardaneta, abajo el Valle de Eriste\" width=\"1024\" height=\"683\" srcset=\"https:\/\/www.monta\u00f1asdelaluna.es\/wp-content\/uploads\/2021\/08\/IMG_4310-1024x683.jpg 1024w, https:\/\/www.monta\u00f1asdelaluna.es\/wp-content\/uploads\/2021\/08\/IMG_4310-300x200.jpg 300w, https:\/\/www.monta\u00f1asdelaluna.es\/wp-content\/uploads\/2021\/08\/IMG_4310-768x512.jpg 768w, https:\/\/www.monta\u00f1asdelaluna.es\/wp-content\/uploads\/2021\/08\/IMG_4310-1536x1024.jpg 1536w, https:\/\/www.monta\u00f1asdelaluna.es\/wp-content\/uploads\/2021\/08\/IMG_4310.jpg 1824w\" sizes=\"auto, (max-width: 1024px) 100vw, 1024px\" \/><\/a><p id=\"caption-attachment-51245\" class=\"wp-caption-text\">Subiendo hacia la Caba\u00f1a de Llardaneta, abajo el Valle de Eriste<\/p><\/div>\n<div id=\"attachment_51246\" style=\"width: 1834px\" class=\"wp-caption aligncenter\"><a class=\"dt-pswp-item\" href=\"https:\/\/www.monta\u00f1asdelaluna.es\/wp-content\/uploads\/2021\/08\/IMG_4313.jpg\" data-dt-img-description=\"\" data-large_image_width=\"1824\" data-large_image_height=\"1216\"><img loading=\"lazy\" decoding=\"async\" aria-describedby=\"caption-attachment-51246\" class=\"wp-image-51246 size-large\" src=\"https:\/\/www.monta\u00f1asdelaluna.es\/wp-content\/uploads\/2021\/08\/IMG_4313-1024x683.jpg\" alt=\" Eva y Josechu subiendo hacia la Caba\u00f1a de Llardaneta, abajo el Valle de Eriste\" width=\"1024\" height=\"683\" srcset=\"https:\/\/www.monta\u00f1asdelaluna.es\/wp-content\/uploads\/2021\/08\/IMG_4313-1024x683.jpg 1024w, https:\/\/www.monta\u00f1asdelaluna.es\/wp-content\/uploads\/2021\/08\/IMG_4313-300x200.jpg 300w, https:\/\/www.monta\u00f1asdelaluna.es\/wp-content\/uploads\/2021\/08\/IMG_4313-768x512.jpg 768w, https:\/\/www.monta\u00f1asdelaluna.es\/wp-content\/uploads\/2021\/08\/IMG_4313-1536x1024.jpg 1536w, https:\/\/www.monta\u00f1asdelaluna.es\/wp-content\/uploads\/2021\/08\/IMG_4313.jpg 1824w\" sizes=\"auto, (max-width: 1024px) 100vw, 1024px\" \/><\/a><p id=\"caption-attachment-51246\" class=\"wp-caption-text\">Eva y Josechu subiendo hacia la Caba\u00f1a de Llardaneta, abajo el Valle de Eriste<\/p><\/div>\n<p>Dejando el Barranco d\u2019els Ibons m\u00e1s atr\u00e1s y a la derecha, cruzamos el riachuelo o torrente por el que hemos seguido paralelos, hasta el punto mencionado (intentar buscar las marcas azules o de color) para seguir, pocos metros o pasos barranco arriba, y enseguida volver a girar a la derecha por una pala empinada y muy herbosa, lleno de huecos por donde baja el agua. Subimos por esta pala herbosa muy empinada hasta llegar un punto que no podemos seguir m\u00e1s hacia el norte, a la vez que ya observamos que la ladera de nuestra izquierda, que ya es la que baja de la Caba\u00f1a de Llardaneta o de la Pleta de Llardaneta, ya no es tan escarpada o empinada y podemos progresar por ella, girando de noreste, norte a noroeste, m\u00e1s o menos\u2026 todo monte a trav\u00e9s pr\u00e1cticamente\u2026 nada de sendas ni hitos\u2026 pero se aprecia o distingue por donde debemos de pisar y avanzar\u2026 hasta que despu\u00e9s del giro y a pocos metros m\u00e1s arriba, nos topamos con la senda marcada con el G.R., que une el Refugio de \u00c1ngel Or\u00fas con el de Est\u00f3s, que es el mismo G.R.-11, o una variante del mismo.<\/p>\n<p>La caba\u00f1a la hemos dejado a la izquierda, yo no la he visto pero Eva y Josechu s\u00ed, lo que quiere decir que nos la hemos pasado, y ya podemos seguir por el G.R. hacia la derecha, este, noreste. Antes nos reunimos. Contemplamos el preciso paisaje del Valle de Eriste desde aqu\u00ed en este d\u00eda tan espl\u00e9ndido. Hemos descubierto entre el bosque la ubicaci\u00f3n del Refugio de \u00c1ngel Or\u00fas que lo hemos dejado atr\u00e1s sensiblemente a buena distancia. No s\u00e9 si nos hemos ahorrado tiempo, ya que caminar monte a trav\u00e9s suele retrasar m\u00e1s que yendo por una senda bien marcada con un recorrido m\u00e1s largo\u2026 yo creo que algo s\u00ed que hemos adelantado. Ahora ya estoy en terreno no pisado por m\u00ed, desde el desv\u00edo anterior estoy en terreno o recorrido que nunca he pisado pero no tan desconocido; los Alpinas y otros mapas me ayudan a conocerlo antes de visitarlo.<\/p>\n<p>Seguimos por la senda ahora sin m\u00e1s esfuerzo que el caminar entre las rocas por la c\u00f3moda y llevadera senda, despu\u00e9s de la empinada subida monte a trav\u00e9s, es un recorrido f\u00e1cil y casi mon\u00f3tono. El valle de Eriste nos queda abajo a la derecha y casi a la espalda, dejando un magn\u00edfico paisaje de bosques y prados, escarpadas alturas rocosas y suaves laderas angulosas.<\/p>\n<div id=\"attachment_51247\" style=\"width: 1834px\" class=\"wp-caption aligncenter\"><a class=\"dt-pswp-item\" href=\"https:\/\/www.monta\u00f1asdelaluna.es\/wp-content\/uploads\/2021\/08\/IMG_4315.jpg\" data-dt-img-description=\"\" data-large_image_width=\"1824\" data-large_image_height=\"1216\"><img loading=\"lazy\" decoding=\"async\" aria-describedby=\"caption-attachment-51247\" class=\"wp-image-51247 size-large\" src=\"https:\/\/www.monta\u00f1asdelaluna.es\/wp-content\/uploads\/2021\/08\/IMG_4315-1024x683.jpg\" alt=\" Llegando al Ib\u00f3n de Eriste o Grist\" width=\"1024\" height=\"683\" srcset=\"https:\/\/www.monta\u00f1asdelaluna.es\/wp-content\/uploads\/2021\/08\/IMG_4315-1024x683.jpg 1024w, https:\/\/www.monta\u00f1asdelaluna.es\/wp-content\/uploads\/2021\/08\/IMG_4315-300x200.jpg 300w, https:\/\/www.monta\u00f1asdelaluna.es\/wp-content\/uploads\/2021\/08\/IMG_4315-768x512.jpg 768w, https:\/\/www.monta\u00f1asdelaluna.es\/wp-content\/uploads\/2021\/08\/IMG_4315-1536x1024.jpg 1536w, https:\/\/www.monta\u00f1asdelaluna.es\/wp-content\/uploads\/2021\/08\/IMG_4315.jpg 1824w\" sizes=\"auto, (max-width: 1024px) 100vw, 1024px\" \/><\/a><p id=\"caption-attachment-51247\" class=\"wp-caption-text\">Llegando al Ib\u00f3n de Eriste o Grist<\/p><\/div>\n<div id=\"attachment_51248\" style=\"width: 1834px\" class=\"wp-caption aligncenter\"><a class=\"dt-pswp-item\" href=\"https:\/\/www.monta\u00f1asdelaluna.es\/wp-content\/uploads\/2021\/08\/IMG_4317.jpg\" data-dt-img-description=\"\" data-large_image_width=\"1824\" data-large_image_height=\"1216\"><img loading=\"lazy\" decoding=\"async\" aria-describedby=\"caption-attachment-51248\" class=\"wp-image-51248 size-large\" src=\"https:\/\/www.monta\u00f1asdelaluna.es\/wp-content\/uploads\/2021\/08\/IMG_4317-1024x683.jpg\" alt=\" Luis, Pau, Antoni, Eva y Josechu junto al Ib\u00f3n de Eriste o Grist\" width=\"1024\" height=\"683\" srcset=\"https:\/\/www.monta\u00f1asdelaluna.es\/wp-content\/uploads\/2021\/08\/IMG_4317-1024x683.jpg 1024w, https:\/\/www.monta\u00f1asdelaluna.es\/wp-content\/uploads\/2021\/08\/IMG_4317-300x200.jpg 300w, https:\/\/www.monta\u00f1asdelaluna.es\/wp-content\/uploads\/2021\/08\/IMG_4317-768x512.jpg 768w, https:\/\/www.monta\u00f1asdelaluna.es\/wp-content\/uploads\/2021\/08\/IMG_4317-1536x1024.jpg 1536w, https:\/\/www.monta\u00f1asdelaluna.es\/wp-content\/uploads\/2021\/08\/IMG_4317.jpg 1824w\" sizes=\"auto, (max-width: 1024px) 100vw, 1024px\" \/><\/a><p id=\"caption-attachment-51248\" class=\"wp-caption-text\">Luis, Pau, Antoni, Eva y Josechu junto al Ib\u00f3n de Eriste o Grist<\/p><\/div>\n<p>Despu\u00e9s de unos minutos caminando, llegamos a un punto como si nos meti\u00e9ramos en un vallecillo donde una cascada nos indica que es un lugar especial, con unas manchas de extensa agua detr\u00e1s\u2026 es el comienzo del Vall d\u2019els Ibons. Cruzamos el riachuelo o barranco y observamos como la senda marcada sigue su recorrido hacia el este, mientras que nosotros giramos en las orillas de lo que parece un doble lago, hacia la izquierda y norte para adentrarnos en el mencionado vallecillo, dejando el sitio del lago a nuestra derecha.<\/p>\n<p>Descubrimos, al poco de caminar en esta nueva direcci\u00f3n, una tienda de campa\u00f1a monta\u00f1a\u2026 este es el camino y por aqu\u00ed acamparemos. No nos quedamos aqu\u00ed, si no que seguimos valle arriba, y despu\u00e9s de dejar a nuestra espalda todo el extenso Ib\u00f3n de Grist o Eriste, nos paramos en un lugar donde parece que la verde hierba en un llano confortable se combina con pocas regatas de agua que lo dividen. Aqu\u00ed paramos y montamos las tiendas. A la derecha, seg\u00fan llegamos, al noreste, este, quedan dos laguitos que no se ven desde este punto, y que solo descubres si te subes a alguna gran roca\u2026 un rayito de agua baja por entre la grieta o hueco de una roca haciendo una peque\u00f1a cascadita o bajadita, de donde cogeremos el agua.<\/p>\n<p>Estamos a unos 2.414 mts. de altura y justo en el centro, sur, sureste y suroeste queda toda la zona de la actividad que queremos hacer, con lo que es el punto id\u00f3neo para montar el campo base. Justo desde aqu\u00ed descubrimos al norte y arriba la cresta ansiada y desconocida del Pico de Bardamina, aunque no se aprecie especialmente la prominencia del mismo pico en medio de su cresta. Pero si descubrimos un alto y rayado macizo, mole, pico m\u00e1s a la izquierda y noreste, m\u00e1s alto y prominente que la cresta de antes, es la sobresaliente y fabulosa cumbre del Posets. Magn\u00edfica, soberbia. Y como saliendo del fondo de la monta\u00f1a, m\u00e1s a la izquierda y oeste, otra mole m\u00e1s alejada medio tapada por el mismo Posets: es Las Espadas. Me confundo entre Las Espadas y el Posets, cual es cual\u2026 me parec\u00eda muy dif\u00edcil ver desde aqu\u00ed la cima de Las Espadas, pero efectivamente s\u00ed era este pico. Impresionante.<\/p>\n<div id=\"attachment_51249\" style=\"width: 1834px\" class=\"wp-caption aligncenter\"><a class=\"dt-pswp-item\" href=\"https:\/\/www.monta\u00f1asdelaluna.es\/wp-content\/uploads\/2021\/08\/IMG_4325.jpg\" data-dt-img-description=\"\" data-large_image_width=\"1824\" data-large_image_height=\"1216\"><img loading=\"lazy\" decoding=\"async\" aria-describedby=\"caption-attachment-51249\" class=\"wp-image-51249 size-large\" src=\"https:\/\/www.monta\u00f1asdelaluna.es\/wp-content\/uploads\/2021\/08\/IMG_4325-1024x683.jpg\" alt=\" Zona de acampada cerca del Ib\u00f3n de Eriste o Grist, arriba el Posets, a la izquierda se asoma Las Espadas y a la derecha parte del Pico de Bardamina\" width=\"1024\" height=\"683\" srcset=\"https:\/\/www.monta\u00f1asdelaluna.es\/wp-content\/uploads\/2021\/08\/IMG_4325-1024x683.jpg 1024w, https:\/\/www.monta\u00f1asdelaluna.es\/wp-content\/uploads\/2021\/08\/IMG_4325-300x200.jpg 300w, https:\/\/www.monta\u00f1asdelaluna.es\/wp-content\/uploads\/2021\/08\/IMG_4325-768x512.jpg 768w, https:\/\/www.monta\u00f1asdelaluna.es\/wp-content\/uploads\/2021\/08\/IMG_4325-1536x1024.jpg 1536w, https:\/\/www.monta\u00f1asdelaluna.es\/wp-content\/uploads\/2021\/08\/IMG_4325.jpg 1824w\" sizes=\"auto, (max-width: 1024px) 100vw, 1024px\" \/><\/a><p id=\"caption-attachment-51249\" class=\"wp-caption-text\">Zona de acampada cerca del Ib\u00f3n de Eriste o Grist, arriba el Posets, a la izquierda se asoma Las Espadas y a la derecha parte del Pico de Bardamina<\/p><\/div>\n<div id=\"attachment_51250\" style=\"width: 1834px\" class=\"wp-caption aligncenter\"><a class=\"dt-pswp-item\" href=\"https:\/\/www.monta\u00f1asdelaluna.es\/wp-content\/uploads\/2021\/08\/IMG_4328.jpg\" data-dt-img-description=\"\" data-large_image_width=\"1824\" data-large_image_height=\"1216\"><img loading=\"lazy\" decoding=\"async\" aria-describedby=\"caption-attachment-51250\" class=\"wp-image-51250 size-large\" src=\"https:\/\/www.monta\u00f1asdelaluna.es\/wp-content\/uploads\/2021\/08\/IMG_4328-1024x683.jpg\" alt=\" Joaqu\u00edn acampado cerca del Ib\u00f3n de Eriste o Grist, 2.415 mts.\" width=\"1024\" height=\"683\" srcset=\"https:\/\/www.monta\u00f1asdelaluna.es\/wp-content\/uploads\/2021\/08\/IMG_4328-1024x683.jpg 1024w, https:\/\/www.monta\u00f1asdelaluna.es\/wp-content\/uploads\/2021\/08\/IMG_4328-300x200.jpg 300w, https:\/\/www.monta\u00f1asdelaluna.es\/wp-content\/uploads\/2021\/08\/IMG_4328-768x512.jpg 768w, https:\/\/www.monta\u00f1asdelaluna.es\/wp-content\/uploads\/2021\/08\/IMG_4328-1536x1024.jpg 1536w, https:\/\/www.monta\u00f1asdelaluna.es\/wp-content\/uploads\/2021\/08\/IMG_4328.jpg 1824w\" sizes=\"auto, (max-width: 1024px) 100vw, 1024px\" \/><\/a><p id=\"caption-attachment-51250\" class=\"wp-caption-text\">Joaqu\u00edn acampado cerca del Ib\u00f3n de Eriste o Grist, 2.415 mts.<\/p><\/div>\n<p>El d\u00eda y la tarde siguen siendo muy buenos. Montamos las tiendas: Pau y Luis la suya, Eva y Josechu la suya, Antoni su toldo y yo estreno mi \u201cpeque\u00f1o t\u00fanel\u201d Camp de 1 kilo que sustituir\u00e1 la agobiante y pesada funda de vivac; adem\u00e1s de estrenar otro saco menos pesado pero que caliente en altura y con bajas temperaturas\u2026 la idea es que, entre la peque\u00f1a tienda de campa\u00f1a y el saco, lleve un m\u00e1ximo de 2 kilos de peso, y no est\u00e9 agobiado en una funda vivac, me pueda mover y guardar algo de material conmigo\u2026 eso s\u00ed, no me puedo poner ni de rodillas\u2026 pero me ir\u00e1 bien, pasar\u00e9 una buena noche.<\/p>\n<p>Despu\u00e9s de montar el campamento y comer algo, los compa\u00f1eros deciden subir por una pala y escarpes rocosos hacia las alturas al este, para matar la tarde. Eva, Josechu y yo decidimos quedarnos a descansar. No quiero forzar la m\u00e1quina, ma\u00f1ana tendremos una buena actividad y quiero estar preparado. El agosto, el verano, despu\u00e9s de Picos de Europa y el estar relajado, siempre me toca f\u00edsicamente; pierdo resistencia r\u00e1pidamente.<\/p>\n<p>Al d\u00eda siguiente nos levantamos temprano, desayunando r\u00e1pido. Queremos salir amaneciendo, al menos para ver por donde caminamos ya que no cogeremos senda o recorrido visible, salvo algunos hitos. Desmontamos las tiendas y escondemos el material entre las rocas, debemos de dejar el terreno limpio, como si no hubi\u00e9ramos estado. Eva se encuentra mal y junto con Josechu se quedar\u00e1n en su tienda m\u00e1s tiempo, despu\u00e9s se bajar\u00e1n al coche, con lo que solo los 4 compa\u00f1eros salimos en busca de la cresta este del Bardamina.<\/p>\n<div id=\"attachment_51251\" style=\"width: 1834px\" class=\"wp-caption aligncenter\"><a class=\"dt-pswp-item\" href=\"https:\/\/www.monta\u00f1asdelaluna.es\/wp-content\/uploads\/2021\/08\/IMG_4336.jpg\" data-dt-img-description=\"\" data-large_image_width=\"1824\" data-large_image_height=\"1024\"><img loading=\"lazy\" decoding=\"async\" aria-describedby=\"caption-attachment-51251\" class=\"wp-image-51251 size-full\" src=\"https:\/\/www.monta\u00f1asdelaluna.es\/wp-content\/uploads\/2021\/08\/IMG_4336.jpg\" alt=\"El Posets\" width=\"1824\" height=\"1024\" srcset=\"https:\/\/www.monta\u00f1asdelaluna.es\/wp-content\/uploads\/2021\/08\/IMG_4336.jpg 1824w, https:\/\/www.monta\u00f1asdelaluna.es\/wp-content\/uploads\/2021\/08\/IMG_4336-300x168.jpg 300w, https:\/\/www.monta\u00f1asdelaluna.es\/wp-content\/uploads\/2021\/08\/IMG_4336-1024x575.jpg 1024w, https:\/\/www.monta\u00f1asdelaluna.es\/wp-content\/uploads\/2021\/08\/IMG_4336-768x431.jpg 768w, https:\/\/www.monta\u00f1asdelaluna.es\/wp-content\/uploads\/2021\/08\/IMG_4336-1536x862.jpg 1536w\" sizes=\"auto, (max-width: 1824px) 100vw, 1824px\" \/><\/a><p id=\"caption-attachment-51251\" class=\"wp-caption-text\">El Posets<\/p><\/div>\n<div id=\"attachment_51252\" style=\"width: 1834px\" class=\"wp-caption aligncenter\"><a class=\"dt-pswp-item\" href=\"https:\/\/www.monta\u00f1asdelaluna.es\/wp-content\/uploads\/2021\/08\/IMG_4358.jpg\" data-dt-img-description=\"\" data-large_image_width=\"1824\" data-large_image_height=\"1216\"><img loading=\"lazy\" decoding=\"async\" aria-describedby=\"caption-attachment-51252\" class=\"wp-image-51252 size-large\" src=\"https:\/\/www.monta\u00f1asdelaluna.es\/wp-content\/uploads\/2021\/08\/IMG_4358-1024x683.jpg\" alt=\" Amanece en el Posets\" width=\"1024\" height=\"683\" srcset=\"https:\/\/www.monta\u00f1asdelaluna.es\/wp-content\/uploads\/2021\/08\/IMG_4358-1024x683.jpg 1024w, https:\/\/www.monta\u00f1asdelaluna.es\/wp-content\/uploads\/2021\/08\/IMG_4358-300x200.jpg 300w, https:\/\/www.monta\u00f1asdelaluna.es\/wp-content\/uploads\/2021\/08\/IMG_4358-768x512.jpg 768w, https:\/\/www.monta\u00f1asdelaluna.es\/wp-content\/uploads\/2021\/08\/IMG_4358-1536x1024.jpg 1536w, https:\/\/www.monta\u00f1asdelaluna.es\/wp-content\/uploads\/2021\/08\/IMG_4358.jpg 1824w\" sizes=\"auto, (max-width: 1024px) 100vw, 1024px\" \/><\/a><p id=\"caption-attachment-51252\" class=\"wp-caption-text\">Amanece en el Posets<\/p><\/div>\n<p>Despu\u00e9s de ver el mapa Alpina y pensando que la cresta oeste del Bardamina (la del Pico de La Paul) tiene la misma dificultad que la cresta de Las Espadas (como he comentado al comienzo del relato), decido ir justo al comienzo, comienzo de la misma, donde las letras de \u201ccresta de Bardamina\u201d comienzan o acaban en el Alpina. Para ello, ya no solo cogeremos la cresta este del mismo pico, como viene en un track que Luis se baj\u00f3 de internet, si no que iremos poco m\u00e1s al este de este track\u2026 justo hasta una brecha sobre un ib\u00f3n de alta monta\u00f1a y que es donde podr\u00eda comenzar f\u00edsicamente la cresta del Bardamina hacia el este\u2026 y a\u00fan nos dejar\u00edamos una altura de 2.800 metros m\u00e1s al este, sin tocar, a la derecha de dicha brecha.<\/p>\n<p>Para ello comenzamos la marcha hacia el norte desde el campamento, como queriendo llegar a un ib\u00f3n de alta monta\u00f1a con forma de coraz\u00f3n al que llaman Ib\u00f3n de Baixo. Pero no llegamos hasta sus orillas: justo antes de entrar a sus dominios, un estrechamiento del vallecillo nos hace girar a la derecha por una pala empinada que evita dicho estrechamiento y evita el llegar a las orillas del ib\u00f3n, comenzando a coger altura poco a poco en busca de otro ib\u00f3n o lago de alta monta\u00f1a m\u00e1s arriba a la derecha o noreste. Parecen algunos hitos los cuales seguimos para llegar a una especie de collado o balc\u00f3n, que se abre al otro lado con vistas a otro perfecto ib\u00f3n o lago de alta monta\u00f1a.<\/p>\n<p>Pasamos de los 2.450 mts. del Ib\u00f3n de Baixo a los 2.580 mts. del que llaman Ib\u00f3n del Mich, en la zona del Pllan d\u2019els Ibons, que es una zona a m\u00e1s de 2.550 mts. de altura donde se re\u00fanen tres ibones de dimensiones considerables, capitaneados por el Ib\u00f3n Alto, y una serie de decenas de charcas repartidas por la zona, rodeados por alturas y crestecillas como la Cresta de Batisielles al este, sureste y sur, y el comienzo de la cresta de Bardamina al norte\u2026 es como un calco de Vall d\u2019els Ibons donde montamos el campamento, pero esta vez a m\u00e1s altura y un valle m\u00e1s abierto. Precioso.<\/p>\n<div id=\"attachment_51253\" style=\"width: 1834px\" class=\"wp-caption aligncenter\"><a class=\"dt-pswp-item\" href=\"https:\/\/www.monta\u00f1asdelaluna.es\/wp-content\/uploads\/2021\/08\/IMG_4361.jpg\" data-dt-img-description=\"\" data-large_image_width=\"1824\" data-large_image_height=\"1216\"><img loading=\"lazy\" decoding=\"async\" aria-describedby=\"caption-attachment-51253\" class=\"wp-image-51253 size-large\" src=\"https:\/\/www.monta\u00f1asdelaluna.es\/wp-content\/uploads\/2021\/08\/IMG_4361-1024x683.jpg\" alt=\" Delante Antoni y Pau dejando abajo el Ib\u00f3n de Baixo\" width=\"1024\" height=\"683\" srcset=\"https:\/\/www.monta\u00f1asdelaluna.es\/wp-content\/uploads\/2021\/08\/IMG_4361-1024x683.jpg 1024w, https:\/\/www.monta\u00f1asdelaluna.es\/wp-content\/uploads\/2021\/08\/IMG_4361-300x200.jpg 300w, https:\/\/www.monta\u00f1asdelaluna.es\/wp-content\/uploads\/2021\/08\/IMG_4361-768x512.jpg 768w, https:\/\/www.monta\u00f1asdelaluna.es\/wp-content\/uploads\/2021\/08\/IMG_4361-1536x1024.jpg 1536w, https:\/\/www.monta\u00f1asdelaluna.es\/wp-content\/uploads\/2021\/08\/IMG_4361.jpg 1824w\" sizes=\"auto, (max-width: 1024px) 100vw, 1024px\" \/><\/a><p id=\"caption-attachment-51253\" class=\"wp-caption-text\">Delante Antoni y Pau dejando abajo el Ib\u00f3n de Baixo<\/p><\/div>\n<div id=\"attachment_51254\" style=\"width: 1834px\" class=\"wp-caption aligncenter\"><a class=\"dt-pswp-item\" href=\"https:\/\/www.monta\u00f1asdelaluna.es\/wp-content\/uploads\/2021\/08\/IMG_4366.jpg\" data-dt-img-description=\"\" data-large_image_width=\"1824\" data-large_image_height=\"1216\"><img loading=\"lazy\" decoding=\"async\" aria-describedby=\"caption-attachment-51254\" class=\"wp-image-51254 size-large\" src=\"https:\/\/www.monta\u00f1asdelaluna.es\/wp-content\/uploads\/2021\/08\/IMG_4366-1024x683.jpg\" alt=\" Delante Pau y Antoni camino del ib\u00f3n al inicio original de la Cresta de Bardamina desde el lado este, al fondo el Pico d'els Corbets o Pico Perram\u00f3 a la derecha, Tuca de Mincholet en el centro derecha y Batisielles Sur en el centro izquierda\" width=\"1024\" height=\"683\" srcset=\"https:\/\/www.monta\u00f1asdelaluna.es\/wp-content\/uploads\/2021\/08\/IMG_4366-1024x683.jpg 1024w, https:\/\/www.monta\u00f1asdelaluna.es\/wp-content\/uploads\/2021\/08\/IMG_4366-300x200.jpg 300w, https:\/\/www.monta\u00f1asdelaluna.es\/wp-content\/uploads\/2021\/08\/IMG_4366-768x512.jpg 768w, https:\/\/www.monta\u00f1asdelaluna.es\/wp-content\/uploads\/2021\/08\/IMG_4366-1536x1024.jpg 1536w, https:\/\/www.monta\u00f1asdelaluna.es\/wp-content\/uploads\/2021\/08\/IMG_4366.jpg 1824w\" sizes=\"auto, (max-width: 1024px) 100vw, 1024px\" \/><\/a><p id=\"caption-attachment-51254\" class=\"wp-caption-text\">Delante Pau y Antoni camino del ib\u00f3n al inicio original de la Cresta de Bardamina desde el lado este, al fondo el Pico d&#8217;els Corbets o Pico Perram\u00f3 a la derecha, Tuca de Mincholet en el centro derecha y Batisielles Sur en el centro izquierda<\/p><\/div>\n<p>Una vez llegados a los dominios de este Ib\u00f3n del Mich debemos de bordearlo por la izquierda y norte, en busca de otra entrada, estrecho barranco o vallecillo, nada m\u00e1s girarlo o bordearlo, nos encontramos esta entrada, este barranco o estrecho, malformado vallecillo hacia la izquierda y norte. Solo tenemos que seguir por \u00e9l, por el centro del mismo, hacia el norte y vallecillo arriba. Aqu\u00ed ya no hay hitos, ni marcas, ni nada\u2026 solo la intuici\u00f3n, orientaci\u00f3n y las curvas de desnivel del Alpina. Luis nos dice que nos hemos pasado el recorrido del track que lleva en su reloj o m\u00f3vil, y es que ciertamente dicho track coge una rocosa loma que comienza a subir y que ser\u00eda el brazo izquierdo limitador del vallecillo por el que caminamos ahora. Dicho track llega a un punto f\u00e1cil de la cresta, pero no comienza en la brecha a la que nos queremos dirigir por iniciativa m\u00eda. Es como si hubi\u00e9ramos cruzado el recorrido del track, lo hubi\u00e9ramos obviado, y sigui\u00e9ramos m\u00e1s al este a\u00fan, buscando otro punto de la cresta m\u00e1s alejado del pico y con m\u00e1s recorrido hacia \u00e9ste.<\/p>\n<p>El d\u00eda hab\u00eda amanecido magn\u00edfico, soleado, como lo fue el d\u00eda anterior. Muy buena visibilidad y ni una nube ni de adorno en un cielo cada vez m\u00e1s luminoso y claro. Verdaderamente las vistas son incre\u00edbles y fabulosas, ya a primera hora a esta altura. Hace el fresco habitual de alta monta\u00f1a en verano, incluso ha llegado a rozar o bajar de 0 \u20ac esta madrugada ya que mi \u201ct\u00fanel\u201d ten\u00eda una capita de escarcha, con lo que subimos algo m\u00e1s abrigados. Observamos como el sol ya pinta de naranja con sus primeros rayos la cima de la extraordinaria mole del Posets, mirando hacia el noroeste, y como sigue a medida que pasan los minutos coloreando el resto de la cresta hacia el Bardamina. Abajo queda reflejado en las aguas transparentes del Ib\u00f3n de Baixo el amanecer en estas monta\u00f1as y picos, que hace las delicias de nuestros objetivos y c\u00e1maras. Y ya en el Pllan d\u2019els Ibons, mientras nos internamos por el vallecillo al norte del Ib\u00f3n del Mich, a nuestra espalda va apareciendo un paisaje de lagos de alta monta\u00f1a, crestas y picudas cimas extraordinario. Como ya hab\u00eda nombrado, capitaneados por el Ib\u00f3n Alto, y la cresta y picos de Batisielles. Precioso.<\/p>\n<p>Llega un momento que subiendo por el nombrado vallecillo o barranco, esquivamos decenas de bloques de rocas medio sueltos, justo al llegar a su punto m\u00e1s alto que forma una especie de colladito. Al otro lado del mismo aparece otro ib\u00f3n de alta monta\u00f1a sin nombre, m\u00e1s peque\u00f1ito pero redondo y encajado entre la cresta a la que queremos subir y las rocosas lomas, laderas de la alta monta\u00f1a. Y sobre \u00e9ste, al otro lado del mismo, comienza la cresta este del Bardamina. Descubrimos la brecha. Una perfecta y alta brecha en medio de la cresta la cual ser\u00eda el punto de partida hacia el oeste, noroeste e izquierda, para avanzar por la cresta este del Bardamina. Miramos tambi\u00e9n la cresta, a la izquierda de la perfecta e inconfundible brecha, es escarpada, interesante y vertical. Magn\u00edfico. Ah\u00ed tenemos nuestro punto de partida por la cresta de Bardamina. Este laguito de alta monta\u00f1a est\u00e1 a unos 2.700 metros de altura ya, y la brecha la tenemos a 75 metros m\u00e1s alto, desde esa altitud comenzaremos la actividad por la cresta este del Bardamina.<\/p>\n<div id=\"attachment_51255\" style=\"width: 1834px\" class=\"wp-caption aligncenter\"><a class=\"dt-pswp-item\" href=\"https:\/\/www.monta\u00f1asdelaluna.es\/wp-content\/uploads\/2021\/08\/IMG_4371.jpg\" data-dt-img-description=\"\" data-large_image_width=\"1824\" data-large_image_height=\"1216\"><img loading=\"lazy\" decoding=\"async\" aria-describedby=\"caption-attachment-51255\" class=\"wp-image-51255 size-large\" src=\"https:\/\/www.monta\u00f1asdelaluna.es\/wp-content\/uploads\/2021\/08\/IMG_4371-1024x683.jpg\" alt=\"Bajando al ib\u00f3n bajo la brecha donde comienza la cresta este del Bardamina\" width=\"1024\" height=\"683\" srcset=\"https:\/\/www.monta\u00f1asdelaluna.es\/wp-content\/uploads\/2021\/08\/IMG_4371-1024x683.jpg 1024w, https:\/\/www.monta\u00f1asdelaluna.es\/wp-content\/uploads\/2021\/08\/IMG_4371-300x200.jpg 300w, https:\/\/www.monta\u00f1asdelaluna.es\/wp-content\/uploads\/2021\/08\/IMG_4371-768x512.jpg 768w, https:\/\/www.monta\u00f1asdelaluna.es\/wp-content\/uploads\/2021\/08\/IMG_4371-1536x1024.jpg 1536w, https:\/\/www.monta\u00f1asdelaluna.es\/wp-content\/uploads\/2021\/08\/IMG_4371.jpg 1824w\" sizes=\"auto, (max-width: 1024px) 100vw, 1024px\" \/><\/a><p id=\"caption-attachment-51255\" class=\"wp-caption-text\">Bajando al ib\u00f3n bajo la brecha donde comienza la cresta este del Bardamina<\/p><\/div>\n<div id=\"attachment_51256\" style=\"width: 1834px\" class=\"wp-caption aligncenter\"><a class=\"dt-pswp-item\" href=\"https:\/\/www.monta\u00f1asdelaluna.es\/wp-content\/uploads\/2021\/08\/IMG_4373.jpg\" data-dt-img-description=\"\" data-large_image_width=\"1824\" data-large_image_height=\"1216\"><img loading=\"lazy\" decoding=\"async\" aria-describedby=\"caption-attachment-51256\" class=\"wp-image-51256 size-large\" src=\"https:\/\/www.monta\u00f1asdelaluna.es\/wp-content\/uploads\/2021\/08\/IMG_4373-1024x683.jpg\" alt=\"De izquierda de derecha: Antoni, Luis y Pau en la brecha de inicio de la cresta este del Bardamina, 2.775 mts.\" width=\"1024\" height=\"683\" srcset=\"https:\/\/www.monta\u00f1asdelaluna.es\/wp-content\/uploads\/2021\/08\/IMG_4373-1024x683.jpg 1024w, https:\/\/www.monta\u00f1asdelaluna.es\/wp-content\/uploads\/2021\/08\/IMG_4373-300x200.jpg 300w, https:\/\/www.monta\u00f1asdelaluna.es\/wp-content\/uploads\/2021\/08\/IMG_4373-768x512.jpg 768w, https:\/\/www.monta\u00f1asdelaluna.es\/wp-content\/uploads\/2021\/08\/IMG_4373-1536x1024.jpg 1536w, https:\/\/www.monta\u00f1asdelaluna.es\/wp-content\/uploads\/2021\/08\/IMG_4373.jpg 1824w\" sizes=\"auto, (max-width: 1024px) 100vw, 1024px\" \/><\/a><p id=\"caption-attachment-51256\" class=\"wp-caption-text\">De izquierda de derecha: Antoni, Luis y Pau en la brecha de inicio de la cresta este del Bardamina, 2.775 mts.<\/p><\/div>\n<p>Llegar hasta la brecha es f\u00e1cil: bajamos a las orillas del laguito, lo bordeamos por la izquierda y comenzamos a enfilarnos por la vertical y bastante empinada ladera que baja de la misma brecha, al otro lado del laguito. No hay p\u00e9rdida. Aqu\u00ed ya debemos de tener cuidado con la ca\u00edda de piedras, pues al ser tan vertical la subida a hueco de la brecha, que cualquier movimiento del terreno puede hacer caer piedras que no paran en su ca\u00edda hasta llegar a las inmediaciones del laguito que quedar\u00e1 all\u00e1 abajo a nuestra espalda.<\/p>\n<p>Una vez en la brecha nos paramos, descansamos y equipamos con el arn\u00e9s, casco, guardando los palos para afrontar la cresta este del Bardamina en este d\u00eda tan estupendo y soleado. Como yo soy el primero en estar preparado y equipado para seguir por la cresta, decido salir el primero tambi\u00e9n sin esperar a mis compa\u00f1eros, antes de que los nervios fluyan por la espera. El resto de compa\u00f1eros ya me ir\u00e1n cogiendo a medida que salgan y avancen por la misma.<\/p>\n<p>Pero no subo directamente a la cresta desde la brecha, si no que paso a la ladera vertical de la izquierda y oeste, y comienzo a subir por ella buscando los mejores recodos para avanzar en direcci\u00f3n a la parte m\u00e1s alta. La parte m\u00e1s alta directamente de la cresta desde la brecha es m\u00e1s escarpada y t\u00e9cnica. Una vez arriba solo la tengo que seguir hacia el oeste. En esta zona de cresta ya nos encontraremos con pasos de II\u00ba y II\u00ba+. Al otro lado, mirando hacia el norte desde la parte m\u00e1s alta de la cresta, el abismo, paredes totalmente verticales e invisibles a menos que te asomes vertiginosamente por ellas.<\/p>\n<div id=\"attachment_51257\" style=\"width: 1834px\" class=\"wp-caption aligncenter\"><a class=\"dt-pswp-item\" href=\"https:\/\/www.monta\u00f1asdelaluna.es\/wp-content\/uploads\/2021\/08\/IMG_4372.jpg\" data-dt-img-description=\"\" data-large_image_width=\"1824\" data-large_image_height=\"1216\"><img loading=\"lazy\" decoding=\"async\" aria-describedby=\"caption-attachment-51257\" class=\"wp-image-51257 size-full\" src=\"https:\/\/www.monta\u00f1asdelaluna.es\/wp-content\/uploads\/2021\/08\/IMG_4372.jpg\" alt=\"Desde la brecha donde comienza la cresta es del Bardamina, abajo el ib\u00f3n nombrado, y al fondo el Pico d'els Corbets o Pico Perram\u00f3 a la derecha, Tuca de Mincholet en el centro derecha, Batisielles Sur en el centro izquierda y Batisielles Norte a la izquierda\" width=\"1824\" height=\"1216\" srcset=\"https:\/\/www.monta\u00f1asdelaluna.es\/wp-content\/uploads\/2021\/08\/IMG_4372.jpg 1824w, https:\/\/www.monta\u00f1asdelaluna.es\/wp-content\/uploads\/2021\/08\/IMG_4372-300x200.jpg 300w, https:\/\/www.monta\u00f1asdelaluna.es\/wp-content\/uploads\/2021\/08\/IMG_4372-1024x683.jpg 1024w, https:\/\/www.monta\u00f1asdelaluna.es\/wp-content\/uploads\/2021\/08\/IMG_4372-768x512.jpg 768w, https:\/\/www.monta\u00f1asdelaluna.es\/wp-content\/uploads\/2021\/08\/IMG_4372-1536x1024.jpg 1536w\" sizes=\"auto, (max-width: 1824px) 100vw, 1824px\" \/><\/a><p id=\"caption-attachment-51257\" class=\"wp-caption-text\">Desde la brecha donde comienza la cresta es del Bardamina, abajo el ib\u00f3n nombrado, y al fondo el Pico d&#8217;els Corbets o Pico Perram\u00f3 a la derecha, Tuca de Mincholet en el centro derecha, Batisielles Sur en el centro izquierda y Batisielles Norte a la izquierda<\/p><\/div>\n<div id=\"attachment_51258\" style=\"width: 1834px\" class=\"wp-caption aligncenter\"><a class=\"dt-pswp-item\" href=\"https:\/\/www.monta\u00f1asdelaluna.es\/wp-content\/uploads\/2021\/08\/IMG_4375-1.jpg\" data-dt-img-description=\"\" data-large_image_width=\"1824\" data-large_image_height=\"1216\"><img loading=\"lazy\" decoding=\"async\" aria-describedby=\"caption-attachment-51258\" class=\"wp-image-51258 size-full\" src=\"https:\/\/www.monta\u00f1asdelaluna.es\/wp-content\/uploads\/2021\/08\/IMG_4375-1.jpg\" alt=\"Antoni y Luis en el comienzo de la cresta este del Bardamina\" width=\"1824\" height=\"1216\" srcset=\"https:\/\/www.monta\u00f1asdelaluna.es\/wp-content\/uploads\/2021\/08\/IMG_4375-1.jpg 1824w, https:\/\/www.monta\u00f1asdelaluna.es\/wp-content\/uploads\/2021\/08\/IMG_4375-1-300x200.jpg 300w, https:\/\/www.monta\u00f1asdelaluna.es\/wp-content\/uploads\/2021\/08\/IMG_4375-1-1024x683.jpg 1024w, https:\/\/www.monta\u00f1asdelaluna.es\/wp-content\/uploads\/2021\/08\/IMG_4375-1-768x512.jpg 768w, https:\/\/www.monta\u00f1asdelaluna.es\/wp-content\/uploads\/2021\/08\/IMG_4375-1-1536x1024.jpg 1536w\" sizes=\"auto, (max-width: 1824px) 100vw, 1824px\" \/><\/a><p id=\"caption-attachment-51258\" class=\"wp-caption-text\">Antoni y Luis en el comienzo de la cresta este del Bardamina<\/p><\/div>\n<p>Luis y Antoni ya me han cogido justo en el momento en que la cresta comienza a coger altura y otra peque\u00f1a brecha entre rocas lisas y verticales nos cierra el paso; con lo que decido hacer una diagonal por debajo de la cresta y la escarpada ladera sur. Enfrente aparece un cordal rocoso que sube de la zona de los \u00faltimos lagos o ibones con nombre. Por aqu\u00ed nos dice Luis que pasa el track que tiene y que evita estos pasos que estamos haciendo ahora. A los pocos pasos de avanzar por esta diagonal bajo la cresta, aparece arriba de nosotros una canal vertical pero factible por la que Luis y Antoni dicen es f\u00e1cil subir para llegar de nuevo a la parte m\u00e1s alta de la cresta. Comienzan a subir y yo les sigo por detr\u00e1s y abajo. Y exacto salimos a la, ahora, f\u00e1cil parte m\u00e1s alta de la cresta, que ha dejado de ser una cresta para convertirse en una loma rocosa con su vertiente noreste vertical y la suroeste menos inclinada pero escarpada. Aqu\u00ed la cresta o el recorrido gira de ir hacia el oeste a noroeste, en busca de la cima del Pico de Bardamina que ya lo descubrimos delante, y a la vez ya estamos en el track que anteriormente nos anunciaba Luis\u2026 Pau que ven\u00eda detr\u00e1s de nosotros a cierta distancia, ya nos ha cogido en este punto donde le esperamos unos minutos.<\/p>\n<p>Seguimos la cresta hacia el Pico de Bardamina que ya lo vemos altivo y sobresaliente en medio de una larga cresta; desde donde estamos y pasado el pico hacia la alta cima del Posets que tambi\u00e9n aparece solemne y enorme m\u00e1s a la izquierda y oeste\u2026 una larga cresta. Siguiendo por esta loma rocosa no demasiado encrespada pero nada angulosa, llena de rocas enormes y sueltas, f\u00e1cil, llegamos a una punta, antes de la cima del Pico de Bardamina, donde la loma, que vuelve a convertirse en cresta con pasos de II\u00ba y puede que II\u00ba+, gira hacia el oeste para acercarnos al Pico de Bardamina. En esta parte el avance se ralentiza por lo escarpado de los pasos de roca, aunque nos parezca que estamos al lado del pico, nos cuesta llegar hasta las faldas rocosas y abruptas de la misma. Hay alg\u00fan paso con alguna brechita, trepadas\u2026 pero es seguir por la cresta hacia el pico al oeste, sin p\u00e9rdida ni perder altura.<\/p>\n<div id=\"attachment_51259\" style=\"width: 1834px\" class=\"wp-caption aligncenter\"><a class=\"dt-pswp-item\" href=\"https:\/\/www.monta\u00f1asdelaluna.es\/wp-content\/uploads\/2021\/08\/IMG_4374.jpg\" data-dt-img-description=\"\" data-large_image_width=\"1824\" data-large_image_height=\"1216\"><img loading=\"lazy\" decoding=\"async\" aria-describedby=\"caption-attachment-51259\" class=\"wp-image-51259 size-large\" src=\"https:\/\/www.monta\u00f1asdelaluna.es\/wp-content\/uploads\/2021\/08\/IMG_4374-1024x683.jpg\" alt=\"Antoni y Luis en el comienzo de la cresta este del Bardamina\" width=\"1024\" height=\"683\" srcset=\"https:\/\/www.monta\u00f1asdelaluna.es\/wp-content\/uploads\/2021\/08\/IMG_4374-1024x683.jpg 1024w, https:\/\/www.monta\u00f1asdelaluna.es\/wp-content\/uploads\/2021\/08\/IMG_4374-300x200.jpg 300w, https:\/\/www.monta\u00f1asdelaluna.es\/wp-content\/uploads\/2021\/08\/IMG_4374-768x512.jpg 768w, https:\/\/www.monta\u00f1asdelaluna.es\/wp-content\/uploads\/2021\/08\/IMG_4374-1536x1024.jpg 1536w, https:\/\/www.monta\u00f1asdelaluna.es\/wp-content\/uploads\/2021\/08\/IMG_4374.jpg 1824w\" sizes=\"auto, (max-width: 1024px) 100vw, 1024px\" \/><\/a><p id=\"caption-attachment-51259\" class=\"wp-caption-text\">Antoni y Luis en el comienzo de la cresta este del Bardamina<\/p><\/div>\n<div id=\"attachment_51260\" style=\"width: 1834px\" class=\"wp-caption aligncenter\"><a class=\"dt-pswp-item\" href=\"https:\/\/www.monta\u00f1asdelaluna.es\/wp-content\/uploads\/2021\/08\/IMG_4380.jpg\" data-dt-img-description=\"\" data-large_image_width=\"1824\" data-large_image_height=\"1216\"><img loading=\"lazy\" decoding=\"async\" aria-describedby=\"caption-attachment-51260\" class=\"wp-image-51260 size-large\" src=\"https:\/\/www.monta\u00f1asdelaluna.es\/wp-content\/uploads\/2021\/08\/IMG_4380-1024x683.jpg\" alt=\"Antoni y Luis escalando en el comienzo de la cresta este del Bardamina\" width=\"1024\" height=\"683\" srcset=\"https:\/\/www.monta\u00f1asdelaluna.es\/wp-content\/uploads\/2021\/08\/IMG_4380-1024x683.jpg 1024w, https:\/\/www.monta\u00f1asdelaluna.es\/wp-content\/uploads\/2021\/08\/IMG_4380-300x200.jpg 300w, https:\/\/www.monta\u00f1asdelaluna.es\/wp-content\/uploads\/2021\/08\/IMG_4380-768x512.jpg 768w, https:\/\/www.monta\u00f1asdelaluna.es\/wp-content\/uploads\/2021\/08\/IMG_4380-1536x1024.jpg 1536w, https:\/\/www.monta\u00f1asdelaluna.es\/wp-content\/uploads\/2021\/08\/IMG_4380.jpg 1824w\" sizes=\"auto, (max-width: 1024px) 100vw, 1024px\" \/><\/a><p id=\"caption-attachment-51260\" class=\"wp-caption-text\">Antoni y Luis escalando en el comienzo de la cresta este del Bardamina<\/p><\/div>\n<p>Y por fin llegamos a la parte que se une con la subida normal de subida al pico, y que viene de la zona de los lagos donde hemos pasado la noche, ya que descubrimos algunos hitos y voces de gente que suben por aqu\u00ed, pero ya casi a pocos pasos de la cima del Pico de Bardamina. Y ya por fin estamos en la nombrada cima, a 3.079 mts. de altura. Hemos hecho la mitad de la cresta o del que pensaba era el recorrido, pero no ten\u00eda ni idea de lo que quedaba ni \u201cc\u00f3mo\u201d quedaba\u2026[\/vc_column_text][\/vc_column][\/vc_row][vc_row][vc_column][vc_empty_space][\/vc_column][\/vc_row][vc_row][vc_column][vc_video link=\u00bbhttps:\/\/vimeo.com\/650033819&#8243; title=\u00bbCima del Pico de Bardamina (3.079 mts.)\u00bb][\/vc_column][\/vc_row][vc_row][vc_column][vc_empty_space][\/vc_column][\/vc_row][vc_row][vc_column][vc_column_text]El d\u00eda sigue siendo radiante, soleado, pero no caluroso. Nos hacemos fotos. Hacemos fotos al recorrido realizado ya, se aprecia perfectamente la serpenteante traza de la misma por la que hemos seguido\u2026 e intento observar la cresta que queda en direcci\u00f3n al Posets\u2026 \u00a1No parece una cresta como la de Las Espadas!: primero nos encontramos con una enorme brecha, la Brecha de Bardamina, seguidamente la cresta sigue con pasos continuos de II\u00ba+ o III\u00ba, y comienza a ascender hacia la ubicaci\u00f3n de Pico de La Paul con pasos ya de III\u00ba o IV\u00ba; todo esto sin saberlo yo, pero s\u00ed lo conoc\u00edan los compa\u00f1eros como Pau. Las voces que o\u00edamos subiendo por la v\u00eda normal al pico, es una pareja que tambi\u00e9n quiere hacer la cresta del Bardamina hacia el Posets, por ello los observamos cuando se adelantan y prosiguen su recorrido desde la cima del pico\u2026<\/p>\n<p>Proseguimos el recorrido por la cresta ahora hacia el oeste, hacia el Posets desde la cima del Pico de Bardamina. La cresta al poco de dejar la cima se encrespa, se abrupta, haciendo honor a su denominaci\u00f3n de cresta. No deja ser f\u00e1cil el recorrido. Llegamos a la Brecha del Bardamina, que no es una brechita como las anteriores, si no un gran hueco en medio de cresta de metros de distancia entre las dos puntas verticales que la forman. Tenemos que bajar las paredes de la brecha por su lado este, llegar a su base, y subir por las paredes de su lado oeste, para subir de nuevo a la cresta. No son dos minutos. Hay que invertir algo de tiempo para salvar esta vertical y abrupta cresta, brecha, con pasos de II\u00ba o II\u00ba+ como m\u00ednimo. Luis se nos adelanta, tiene la sangre de los Segura escaladores y temerarios, sin miedo y bien adaptados a estas trepadas, escaladas\u2026 aunque descubrir\u00e9 algo negativo de su estilo de escalada cuando avanza por las crestas\u2026<\/p>\n<div id=\"attachment_51261\" style=\"width: 1834px\" class=\"wp-caption aligncenter\"><a class=\"dt-pswp-item\" href=\"https:\/\/www.monta\u00f1asdelaluna.es\/wp-content\/uploads\/2021\/08\/IMG_4388.jpg\" data-dt-img-description=\"\" data-large_image_width=\"1824\" data-large_image_height=\"1216\"><img loading=\"lazy\" decoding=\"async\" aria-describedby=\"caption-attachment-51261\" class=\"wp-image-51261 size-full\" src=\"https:\/\/www.monta\u00f1asdelaluna.es\/wp-content\/uploads\/2021\/08\/IMG_4388.jpg\" alt=\"Cresta este del Bardamina con el Pico de Bardamina delante\" width=\"1824\" height=\"1216\" srcset=\"https:\/\/www.monta\u00f1asdelaluna.es\/wp-content\/uploads\/2021\/08\/IMG_4388.jpg 1824w, https:\/\/www.monta\u00f1asdelaluna.es\/wp-content\/uploads\/2021\/08\/IMG_4388-300x200.jpg 300w, https:\/\/www.monta\u00f1asdelaluna.es\/wp-content\/uploads\/2021\/08\/IMG_4388-1024x683.jpg 1024w, https:\/\/www.monta\u00f1asdelaluna.es\/wp-content\/uploads\/2021\/08\/IMG_4388-768x512.jpg 768w, https:\/\/www.monta\u00f1asdelaluna.es\/wp-content\/uploads\/2021\/08\/IMG_4388-1536x1024.jpg 1536w\" sizes=\"auto, (max-width: 1824px) 100vw, 1824px\" \/><\/a><p id=\"caption-attachment-51261\" class=\"wp-caption-text\">Cresta este del Bardamina con el Pico de Bardamina delante<\/p><\/div>\n<div id=\"attachment_51262\" style=\"width: 1834px\" class=\"wp-caption aligncenter\"><a class=\"dt-pswp-item\" href=\"https:\/\/www.monta\u00f1asdelaluna.es\/wp-content\/uploads\/2021\/08\/IMG_4392.jpg\" data-dt-img-description=\"\" data-large_image_width=\"1824\" data-large_image_height=\"1216\"><img loading=\"lazy\" decoding=\"async\" aria-describedby=\"caption-attachment-51262\" class=\"wp-image-51262 size-full\" src=\"https:\/\/www.monta\u00f1asdelaluna.es\/wp-content\/uploads\/2021\/08\/IMG_4392.jpg\" alt=\"Delante a la derecha y centro la cresta este del Bardamina\" width=\"1824\" height=\"1216\" srcset=\"https:\/\/www.monta\u00f1asdelaluna.es\/wp-content\/uploads\/2021\/08\/IMG_4392.jpg 1824w, https:\/\/www.monta\u00f1asdelaluna.es\/wp-content\/uploads\/2021\/08\/IMG_4392-300x200.jpg 300w, https:\/\/www.monta\u00f1asdelaluna.es\/wp-content\/uploads\/2021\/08\/IMG_4392-1024x683.jpg 1024w, https:\/\/www.monta\u00f1asdelaluna.es\/wp-content\/uploads\/2021\/08\/IMG_4392-768x512.jpg 768w, https:\/\/www.monta\u00f1asdelaluna.es\/wp-content\/uploads\/2021\/08\/IMG_4392-1536x1024.jpg 1536w\" sizes=\"auto, (max-width: 1824px) 100vw, 1824px\" \/><\/a><p id=\"caption-attachment-51262\" class=\"wp-caption-text\">Delante a la derecha y centro la cresta este del Bardamina<\/p><\/div>\n<p>Por fin hemos pasado la gran Brecha de Bardamina. He hecho espectaculares fotos con Luis como protagonista en medio de las paredes de la brecha, mientras sube la pared de enfrente a la que bajamos. Espectacular y escalofriante. No siempre vamos por el filo de la cresta, el camino con hitos (pocas veces) nos deja seguir por el lado sur de la misma; pero una vez pasada la Brecha de Bardamina o poco despu\u00e9s, casi todo el tiempo es cabalgados sobre la misma cresta. A partir de aqu\u00ed, la cresta no deja de tener pasos de II\u00ba+ o incluso alguno de III\u00ba.<\/p>\n<p>Uno de esos pasos es el que llamamos \u201cPaso de La Flor\u201d: Luis llega un momento que en lugar de seguir por la parte m\u00e1s alta de la enfilada cresta, donde tienes que poner una pierna mirando a una vertiente, y la otra a la contraria, decide bajarse por una vertical canal destrepando y buscando el paso de escalada que le deje avanzar por la parte baja de la cresta mirando al sur. Yo le comento que \u201cpor qu\u00e9 no sigue por el filo de la cresta\u201d, dice que no ve que hay a otro lado, no ve el siguiente paso, y aunque no lo diga, se siente m\u00e1s c\u00f3modo cruzando paredes que agarr\u00e1ndose a una afilada cresta. Luis cruza este paso. No es m\u00e1s que un destrepe que se hace cada vez m\u00e1s vertical a medida que bajas por \u00e9l, hasta llegar a un paso donde debes de poner el pie y la mano de tal manera, bajo una casi pancha de roca lisa, para avanzar hacia el lado correcto de la cresta hacia la que vamos\u2026 bajo yo el segundo, y llegado a dicho paso Luis nos dice \u201cdebes de poner la mano al lado donde est\u00e1 la flor\u201d. El paso no se ve\u00eda a menos que te asomaras, pero no ten\u00eda agarres suficientemente fiables para asomarme, y abajo la canal era totalmente vertical, sin posibilidad de escapatoria. Lo intento una vez, otra\u2026 no hay manera, es mucho riesgo. Hasta que despu\u00e9s de un tiempo que me pareci\u00f3 algo largo, decidimos sacar la cuerda y equipar esta bajada. Pau que estaba en lo m\u00e1s alto con Antoni saca la cuerda, hace una reuni\u00f3n (de aquella manera) arriba y aseguro la cuerda con mi arn\u00e9s, con lo que bajo de nuevo al \u201cPaso de La Flor\u201d.<\/p>\n<p>Otros intentos, y al final, con la seguridad (falsa seguridad) de la cuerda, hago el paso y cruzo hacia donde se encuentra Luis. Realmente el paso se las tra\u00eda, entre la dificultad del mismo y la peligrosidad de donde se encontraba, un paso de III\u00ba+ o IV\u00ba. Despu\u00e9s de mi se encuerda Antoni y le pasa lo mismo que a m\u00ed, se atasca, no ve donde poner el pie, la mano, y el vac\u00edo en medio de la canal que casi se verticaliza o desploma, le queda debajo. Pero despu\u00e9s de otros minutos interminables, lo cruza sin problemas. Antoni hace otra reuni\u00f3n como puede con la cuerda en el punto donde nos encontramos, y le toca ahora a Pau. Pau con su envergadura y piernas tan largas, hace el paso como el que camina por la hierba en un prado tranquilo y fresco; y en \u201c0,\u201d llega a donde estamos nosotros sin esfuerzo ni fatiga. Incre\u00edble.<\/p>\n<div id=\"attachment_51263\" style=\"width: 1834px\" class=\"wp-caption aligncenter\"><a class=\"dt-pswp-item\" href=\"https:\/\/www.monta\u00f1asdelaluna.es\/wp-content\/uploads\/2021\/08\/IMG_4403.jpg\" data-dt-img-description=\"\" data-large_image_width=\"1824\" data-large_image_height=\"1216\"><img loading=\"lazy\" decoding=\"async\" aria-describedby=\"caption-attachment-51263\" class=\"wp-image-51263 size-large\" src=\"https:\/\/www.monta\u00f1asdelaluna.es\/wp-content\/uploads\/2021\/08\/IMG_4403-1024x683.jpg\" alt=\"Pau llegando a la cima del Pico de Bardamina con toda su cresta este detr\u00e1s\" width=\"1024\" height=\"683\" srcset=\"https:\/\/www.monta\u00f1asdelaluna.es\/wp-content\/uploads\/2021\/08\/IMG_4403-1024x683.jpg 1024w, https:\/\/www.monta\u00f1asdelaluna.es\/wp-content\/uploads\/2021\/08\/IMG_4403-300x200.jpg 300w, https:\/\/www.monta\u00f1asdelaluna.es\/wp-content\/uploads\/2021\/08\/IMG_4403-768x512.jpg 768w, https:\/\/www.monta\u00f1asdelaluna.es\/wp-content\/uploads\/2021\/08\/IMG_4403-1536x1024.jpg 1536w, https:\/\/www.monta\u00f1asdelaluna.es\/wp-content\/uploads\/2021\/08\/IMG_4403.jpg 1824w\" sizes=\"auto, (max-width: 1024px) 100vw, 1024px\" \/><\/a><p id=\"caption-attachment-51263\" class=\"wp-caption-text\">Pau llegando a la cima del Pico de Bardamina con toda su cresta este detr\u00e1s<\/p><\/div>\n<div id=\"attachment_51264\" style=\"width: 1834px\" class=\"wp-caption aligncenter\"><a class=\"dt-pswp-item\" href=\"https:\/\/www.monta\u00f1asdelaluna.es\/wp-content\/uploads\/2021\/08\/IMG_4405.jpg\" data-dt-img-description=\"\" data-large_image_width=\"1824\" data-large_image_height=\"1216\"><img loading=\"lazy\" decoding=\"async\" aria-describedby=\"caption-attachment-51264\" class=\"wp-image-51264 size-large\" src=\"https:\/\/www.monta\u00f1asdelaluna.es\/wp-content\/uploads\/2021\/08\/IMG_4405-1024x683.jpg\" alt=\"De izquierda a derecha: Pau, Antoni, Luis y Joaqu\u00edn en la cima del Pico de Bardamina, 3.079 mts.\" width=\"1024\" height=\"683\" srcset=\"https:\/\/www.monta\u00f1asdelaluna.es\/wp-content\/uploads\/2021\/08\/IMG_4405-1024x683.jpg 1024w, https:\/\/www.monta\u00f1asdelaluna.es\/wp-content\/uploads\/2021\/08\/IMG_4405-300x200.jpg 300w, https:\/\/www.monta\u00f1asdelaluna.es\/wp-content\/uploads\/2021\/08\/IMG_4405-768x512.jpg 768w, https:\/\/www.monta\u00f1asdelaluna.es\/wp-content\/uploads\/2021\/08\/IMG_4405-1536x1024.jpg 1536w, https:\/\/www.monta\u00f1asdelaluna.es\/wp-content\/uploads\/2021\/08\/IMG_4405.jpg 1824w\" sizes=\"auto, (max-width: 1024px) 100vw, 1024px\" \/><\/a><p id=\"caption-attachment-51264\" class=\"wp-caption-text\">De izquierda a derecha: Pau, Antoni, Luis y Joaqu\u00edn en la cima del Pico de Bardamina, 3.079 mts.<\/p><\/div>\n<p>En ese momento y uni\u00e9ndolo a los momentos de la subida por la<a href=\"https:\/\/www.monta\u00f1asdelaluna.es\/?p=37404\"> cresta al Finsteraarhorn<\/a> aquel a\u00f1o en los Alpes, descubr\u00ed que a Luis no le gusta ir por las puntas m\u00e1s altas de las crestas. No se siente tan seguro como ir cruzando paredes bajo el filo de la misma, si dicha cresta se verticaliza y encrespa con pasos muy aireados. Curioso. Cosa que a m\u00ed no me importa\u2026 siempre puedes poner el cuerpo pegado a la roca para no perder el equilibrio\u2026<\/p>\n<p>Una vez cruzado el \u201cPaso de La Flor\u201d seguimos la cresta y parece que \u00e9sta se va encrespando, verticalizando m\u00e1s a medida que progresamos por ella\u2026 hasta llegar a un punto que los pasos son de III\u00ba continuo en ascenso y a la vez nos topamos con una roca en forma de cubo de paredes y formas muy lisas con ca\u00edda a un lado y al otro de la cresta. Detr\u00e1s de este cubo la cresta no mejora y sigue siendo un paso continuo entre II\u00ba+ y III\u00ba. El cubo podr\u00eda ser un paso de IV\u00ba perfectamente. Nos detenemos. Es tarde y vemos que la cresta es para largo. No es la <a href=\"https:\/\/www.monta\u00f1asdelaluna.es\/?p=28484\">cresta de Las Espadas<\/a>, no tiene nada que ver, all\u00ed, en toda la cresta hab\u00eda dos pasos de II\u00ba+ o III, el Paso del Funambulista y ya est\u00e1\u2026 aqu\u00ed la mitad o m\u00e1s de la mitad de la cresta es un paso continuo de II\u00ba+\/III\u00ba. Acojonante.<\/p>\n<p>Yo ya me encuentro algo nervioso y tembloroso de ver lo que hemos hecho y lo que nos espera, y la hora que es, con lo que no estoy con muchas ganas de proseguir y pasar, despu\u00e9s de todo lo pasado, un paso de IV\u00ba. Y despu\u00e9s la cresta sigue subiendo el Pico de La Paul, sigue hacia el Pico Inferior de La Pa\u00fal, Collado de La Pa\u00fal, y la cresta en subida desde dicho collado hasta la cima del Posets, siguiendo la cresta norte de la misma cima del Posets (ya realizada la primera vez que ascend\u00ed esta monta\u00f1a en aquella <a href=\"https:\/\/www.monta\u00f1asdelaluna.es\/?p=28373\">Semana Santa del 2.002<\/a>), hasta el eje geod\u00e9sico\u2026. y despu\u00e9s de la bajada\u2026 mucho trecho a\u00fan, mucho recorrido para la velocidad que llevamos.<\/p>\n<div id=\"attachment_51265\" style=\"width: 1834px\" class=\"wp-caption aligncenter\"><a class=\"dt-pswp-item\" href=\"https:\/\/www.monta\u00f1asdelaluna.es\/wp-content\/uploads\/2021\/08\/IMG_4408.jpg\" data-dt-img-description=\"\" data-large_image_width=\"1824\" data-large_image_height=\"1216\"><img loading=\"lazy\" decoding=\"async\" aria-describedby=\"caption-attachment-51265\" class=\"wp-image-51265 size-full\" src=\"https:\/\/www.monta\u00f1asdelaluna.es\/wp-content\/uploads\/2021\/08\/IMG_4408.jpg\" alt=\"Delante la cresta oeste del Bardamina con el Pico de La Pa\u00fal en su centro y arriba el Posets\" width=\"1824\" height=\"1216\" srcset=\"https:\/\/www.monta\u00f1asdelaluna.es\/wp-content\/uploads\/2021\/08\/IMG_4408.jpg 1824w, https:\/\/www.monta\u00f1asdelaluna.es\/wp-content\/uploads\/2021\/08\/IMG_4408-300x200.jpg 300w, https:\/\/www.monta\u00f1asdelaluna.es\/wp-content\/uploads\/2021\/08\/IMG_4408-1024x683.jpg 1024w, https:\/\/www.monta\u00f1asdelaluna.es\/wp-content\/uploads\/2021\/08\/IMG_4408-768x512.jpg 768w, https:\/\/www.monta\u00f1asdelaluna.es\/wp-content\/uploads\/2021\/08\/IMG_4408-1536x1024.jpg 1536w\" sizes=\"auto, (max-width: 1824px) 100vw, 1824px\" \/><\/a><p id=\"caption-attachment-51265\" class=\"wp-caption-text\">Delante la cresta oeste del Bardamina con el Pico de La Pa\u00fal en su centro y arriba el Posets<\/p><\/div>\n<div id=\"attachment_51266\" style=\"width: 1834px\" class=\"wp-caption aligncenter\"><a class=\"dt-pswp-item\" href=\"https:\/\/www.monta\u00f1asdelaluna.es\/wp-content\/uploads\/2021\/08\/IMG_4414.jpg\" data-dt-img-description=\"\" data-large_image_width=\"1824\" data-large_image_height=\"1216\"><img loading=\"lazy\" decoding=\"async\" aria-describedby=\"caption-attachment-51266\" class=\"wp-image-51266 size-large\" src=\"https:\/\/www.monta\u00f1asdelaluna.es\/wp-content\/uploads\/2021\/08\/IMG_4414-1024x683.jpg\" alt=\"Antoni y Pau en la cresta bajo el Pico de Bardamina\" width=\"1024\" height=\"683\" srcset=\"https:\/\/www.monta\u00f1asdelaluna.es\/wp-content\/uploads\/2021\/08\/IMG_4414-1024x683.jpg 1024w, https:\/\/www.monta\u00f1asdelaluna.es\/wp-content\/uploads\/2021\/08\/IMG_4414-300x200.jpg 300w, https:\/\/www.monta\u00f1asdelaluna.es\/wp-content\/uploads\/2021\/08\/IMG_4414-768x512.jpg 768w, https:\/\/www.monta\u00f1asdelaluna.es\/wp-content\/uploads\/2021\/08\/IMG_4414-1536x1024.jpg 1536w, https:\/\/www.monta\u00f1asdelaluna.es\/wp-content\/uploads\/2021\/08\/IMG_4414.jpg 1824w\" sizes=\"auto, (max-width: 1024px) 100vw, 1024px\" \/><\/a><p id=\"caption-attachment-51266\" class=\"wp-caption-text\">Antoni y Pau en la cresta bajo el Pico de Bardamina<\/p><\/div>\n<p>Debatimos. Planteamos varias opciones. Y al final despu\u00e9s de unos minutos y descubriendo a la izquierda y sur una diagonal menos vertical surcada y se\u00f1alada con hitos, decidimos bajarnos de la cresta por ah\u00ed en direcci\u00f3n a la parte baja del sucio Glaciar de Posets bajo el Collado de La Pa\u00fal. Parece una ruta de escape que desciende como si fuera una terraza de 40\u00ba entre las verticalidades de la cresta, hasta el pie de la cresta, abajo, sobre el Pico de La Pa\u00fal. Y al bajar por aqu\u00ed girar en direcci\u00f3n al campamento\u2026 se hab\u00eda acabado nuestra aventura por la cresta\u2026 \u00a1No es la cresta de Las Espadas! Pau que tan bien se mueve por las crestas, paredes y roca, es m\u00e1s torpe y temeroso en un terreno de guijarros, piedrecillas, piedras sueltas en una ladera suficientemente vertical como para resbalarte y no parar en la ca\u00edda, terreno abajo.<\/p>\n<p>A pesar de que el d\u00eda es magn\u00edfico, incre\u00edble, sigue muy soleado y con una visibilidad extraordinaria, vemos que nos llevar\u00e1 mucho hacer lo que queda de cresta y que a partir de entonces se pone m\u00e1s dif\u00edcil, con lo que ya comenzamos el largo recorrido de bajada hasta el campamento para desmontarlo y bajar hasta el parking donde nos recoger\u00e1 el autob\u00fas \u201cde l\u00ednea\u201d que ya nos subi\u00f3 a Espigantosa.<\/p>\n<p>Entre rocas inestables y pendientes inclinadas bajo la desafiante cresta que ahora dejamos a nuestra espalda, intentamos bajar hacia una charca o lagunita peque\u00f1a que hay justo bajo el Collado de La Pa\u00fal y que no sale en los Alpinas, aunque s\u00ed el hueco allanado en el que se ubica. Debemos de bajar hasta sus orillas para rodearlo y seguir por el lado contrario donde hay una especie de loma paralela a la cresta la cual cogeremos girando a la izquierda y abajo en busca de las cercan\u00edas de los ibones\u2026 pero no bajaremos directamente hacia ellos, si no que seguiremos por las pendientes entre las rocas sueltas y roca madre hacia el vallecillo m\u00e1s al sur donde se encuentra el Ib\u00f3n de Les Alforches.<\/p>\n<div id=\"attachment_51267\" style=\"width: 1226px\" class=\"wp-caption aligncenter\"><a class=\"dt-pswp-item\" href=\"https:\/\/www.monta\u00f1asdelaluna.es\/wp-content\/uploads\/2021\/08\/IMG_4415.jpg\" data-dt-img-description=\"\" data-large_image_width=\"1216\" data-large_image_height=\"1824\"><img loading=\"lazy\" decoding=\"async\" aria-describedby=\"caption-attachment-51267\" class=\"wp-image-51267\" src=\"https:\/\/www.monta\u00f1asdelaluna.es\/wp-content\/uploads\/2021\/08\/IMG_4415.jpg\" alt=\"Pau y Antoni en la cresta oeste del Bardamina\" width=\"824\" height=\"1236\" srcset=\"https:\/\/www.monta\u00f1asdelaluna.es\/wp-content\/uploads\/2021\/08\/IMG_4415.jpg 1216w, https:\/\/www.monta\u00f1asdelaluna.es\/wp-content\/uploads\/2021\/08\/IMG_4415-200x300.jpg 200w, https:\/\/www.monta\u00f1asdelaluna.es\/wp-content\/uploads\/2021\/08\/IMG_4415-683x1024.jpg 683w, https:\/\/www.monta\u00f1asdelaluna.es\/wp-content\/uploads\/2021\/08\/IMG_4415-768x1152.jpg 768w, https:\/\/www.monta\u00f1asdelaluna.es\/wp-content\/uploads\/2021\/08\/IMG_4415-1024x1536.jpg 1024w\" sizes=\"auto, (max-width: 824px) 100vw, 824px\" \/><\/a><p id=\"caption-attachment-51267\" class=\"wp-caption-text\">Pau y Antoni en la cresta oeste del Bardamina<\/p><\/div>\n<div id=\"attachment_51268\" style=\"width: 1226px\" class=\"wp-caption aligncenter\"><a class=\"dt-pswp-item\" href=\"https:\/\/www.monta\u00f1asdelaluna.es\/wp-content\/uploads\/2021\/08\/IMG_4417.jpg\" data-dt-img-description=\"\" data-large_image_width=\"1216\" data-large_image_height=\"1824\"><img loading=\"lazy\" decoding=\"async\" aria-describedby=\"caption-attachment-51268\" class=\"wp-image-51268\" src=\"https:\/\/www.monta\u00f1asdelaluna.es\/wp-content\/uploads\/2021\/08\/IMG_4417.jpg\" alt=\"Atr\u00e1s dejamos el Pico de Bardamina\" width=\"821\" height=\"1232\" srcset=\"https:\/\/www.monta\u00f1asdelaluna.es\/wp-content\/uploads\/2021\/08\/IMG_4417.jpg 1216w, https:\/\/www.monta\u00f1asdelaluna.es\/wp-content\/uploads\/2021\/08\/IMG_4417-200x300.jpg 200w, https:\/\/www.monta\u00f1asdelaluna.es\/wp-content\/uploads\/2021\/08\/IMG_4417-683x1024.jpg 683w, https:\/\/www.monta\u00f1asdelaluna.es\/wp-content\/uploads\/2021\/08\/IMG_4417-768x1152.jpg 768w, https:\/\/www.monta\u00f1asdelaluna.es\/wp-content\/uploads\/2021\/08\/IMG_4417-1024x1536.jpg 1024w\" sizes=\"auto, (max-width: 821px) 100vw, 821px\" \/><\/a><p id=\"caption-attachment-51268\" class=\"wp-caption-text\">Atr\u00e1s dejamos el Pico de Bardamina<\/p><\/div>\n<div id=\"attachment_51269\" style=\"width: 1226px\" class=\"wp-caption aligncenter\"><a class=\"dt-pswp-item\" href=\"https:\/\/www.monta\u00f1asdelaluna.es\/wp-content\/uploads\/2021\/08\/IMG_4420.jpg\" data-dt-img-description=\"\" data-large_image_width=\"1216\" data-large_image_height=\"1824\"><img loading=\"lazy\" decoding=\"async\" aria-describedby=\"caption-attachment-51269\" class=\"wp-image-51269\" src=\"https:\/\/www.monta\u00f1asdelaluna.es\/wp-content\/uploads\/2021\/08\/IMG_4420.jpg\" alt=\"&quot;Paso de la flor&quot; para evitar ir por el filo de la cresta, entre el Cubo y la Brecha de Bardamina\" width=\"823\" height=\"1235\" srcset=\"https:\/\/www.monta\u00f1asdelaluna.es\/wp-content\/uploads\/2021\/08\/IMG_4420.jpg 1216w, https:\/\/www.monta\u00f1asdelaluna.es\/wp-content\/uploads\/2021\/08\/IMG_4420-200x300.jpg 200w, https:\/\/www.monta\u00f1asdelaluna.es\/wp-content\/uploads\/2021\/08\/IMG_4420-683x1024.jpg 683w, https:\/\/www.monta\u00f1asdelaluna.es\/wp-content\/uploads\/2021\/08\/IMG_4420-768x1152.jpg 768w, https:\/\/www.monta\u00f1asdelaluna.es\/wp-content\/uploads\/2021\/08\/IMG_4420-1024x1536.jpg 1024w\" sizes=\"auto, (max-width: 823px) 100vw, 823px\" \/><\/a><p id=\"caption-attachment-51269\" class=\"wp-caption-text\">\u00abPaso de la flor\u00bb para evitar ir por el filo de la cresta, entre el Cubo y la Brecha de Bardamina<\/p><\/div>\n<p>El recorrido de bajada tambi\u00e9n es larguillo y entretenido, salimos de altura y debemos perder casi 600 metros en poco tiempo, aunque el recorrido del Alpina coge la loma o brazo que separa el Ib\u00f3n de Baixo del Ib\u00f3n de Les Alforches, nosotros al final llegamos hasta las orillas del mismo, para despu\u00e9s seguir el recorrido del riachuelo por donde podemos y ya con la zona del campamento reconocida y a la vista, cerca, seguir hasta la misma por los mejores sitios, saltando entre las rocas y los riachuelos, regatas que bajan de este ib\u00f3n. Ya estamos en el Vall d\u2019els Ibons, en nuestro campamento.<\/p>\n<p>Eva y Josechu han decidido bajarse ya que Eva no se encontraba bien, como ya he comentado antes, y ya no encontramos su cosas y tienda. Comemos algo. Recogemos nuestro escondido material; no lo han tocado. Rehacemos las mochilas. Y r\u00e1pidamente Luis nos dice de bajar \u201ccorriendo\u201d para poder llegar en dos horas al parking de Espigantosa, ya que son las 3 de la tarde cuando salimos del lugar con los mochilones a la espalda, y el autob\u00fas sale del parking hacia Eriste a las 5 de la tarde\u2026 si no lo cogemos, tendremos que esperar al siguiente que ya sale a las 8 de la tarde\u2026 con lo que \u00a1toca correr con el mochil\u00f3n!<\/p>\n<p>Mi idea es seguir la marcada senda del G.R. hacia el suroeste, en busca del Refugio de \u00c1ngel Or\u00fas, y de ah\u00ed la senda normal de bajada. Pau dice de desviarnos y bajar por donde subimos, pero presupongo que al no ser una senda bien trazada y m\u00e1s monte a trav\u00e9s que un recorrido definido, que podr\u00edamos tardar m\u00e1s que si hacemos un recorrido algo m\u00e1s largo pero seguro y r\u00e1pido, por su buena traza.<\/p>\n<div id=\"attachment_51270\" style=\"width: 1834px\" class=\"wp-caption aligncenter\"><a class=\"dt-pswp-item\" href=\"https:\/\/www.monta\u00f1asdelaluna.es\/wp-content\/uploads\/2021\/08\/IMG_4423.jpg\" data-dt-img-description=\"\" data-large_image_width=\"1824\" data-large_image_height=\"1216\"><img loading=\"lazy\" decoding=\"async\" aria-describedby=\"caption-attachment-51270\" class=\"wp-image-51270 size-large\" src=\"https:\/\/www.monta\u00f1asdelaluna.es\/wp-content\/uploads\/2021\/08\/IMG_4423-1024x683.jpg\" alt=\"En el centro de la imagen, a la izquierda el Pllan d'els Ibons y a la derecha el Ib\u00f3n de Eriste o Grist bajo el Pico d'els Corbets o Pico de Perram\u00f3\" width=\"1024\" height=\"683\" srcset=\"https:\/\/www.monta\u00f1asdelaluna.es\/wp-content\/uploads\/2021\/08\/IMG_4423-1024x683.jpg 1024w, https:\/\/www.monta\u00f1asdelaluna.es\/wp-content\/uploads\/2021\/08\/IMG_4423-300x200.jpg 300w, https:\/\/www.monta\u00f1asdelaluna.es\/wp-content\/uploads\/2021\/08\/IMG_4423-768x512.jpg 768w, https:\/\/www.monta\u00f1asdelaluna.es\/wp-content\/uploads\/2021\/08\/IMG_4423-1536x1024.jpg 1536w, https:\/\/www.monta\u00f1asdelaluna.es\/wp-content\/uploads\/2021\/08\/IMG_4423.jpg 1824w\" sizes=\"auto, (max-width: 1024px) 100vw, 1024px\" \/><\/a><p id=\"caption-attachment-51270\" class=\"wp-caption-text\">En el centro de la imagen, a la izquierda el Pllan d&#8217;els Ibons y a la derecha el Ib\u00f3n de Eriste o Grist bajo el Pico d&#8217;els Corbets o Pico de Perram\u00f3<\/p><\/div>\n<div id=\"attachment_51271\" style=\"width: 1834px\" class=\"wp-caption aligncenter\"><a class=\"dt-pswp-item\" href=\"https:\/\/www.monta\u00f1asdelaluna.es\/wp-content\/uploads\/2021\/08\/IMG_4424.jpg\" data-dt-img-description=\"\" data-large_image_width=\"1824\" data-large_image_height=\"1216\"><img loading=\"lazy\" decoding=\"async\" aria-describedby=\"caption-attachment-51271\" class=\"wp-image-51271 size-large\" src=\"https:\/\/www.monta\u00f1asdelaluna.es\/wp-content\/uploads\/2021\/08\/IMG_4424-1024x683.jpg\" alt=\"A la derecha el Aneto y a la izquierda el Pico Maldito\" width=\"1024\" height=\"683\" srcset=\"https:\/\/www.monta\u00f1asdelaluna.es\/wp-content\/uploads\/2021\/08\/IMG_4424-1024x683.jpg 1024w, https:\/\/www.monta\u00f1asdelaluna.es\/wp-content\/uploads\/2021\/08\/IMG_4424-300x200.jpg 300w, https:\/\/www.monta\u00f1asdelaluna.es\/wp-content\/uploads\/2021\/08\/IMG_4424-768x512.jpg 768w, https:\/\/www.monta\u00f1asdelaluna.es\/wp-content\/uploads\/2021\/08\/IMG_4424-1536x1024.jpg 1536w, https:\/\/www.monta\u00f1asdelaluna.es\/wp-content\/uploads\/2021\/08\/IMG_4424.jpg 1824w\" sizes=\"auto, (max-width: 1024px) 100vw, 1024px\" \/><\/a><p id=\"caption-attachment-51271\" class=\"wp-caption-text\">A la derecha el Aneto y a la izquierda el Pico Maldito<\/p><\/div>\n<p>Por suerte el d\u00eda sigue acompa\u00f1ando para llegar con buena velocidad por la senda del G.R. al Refugio \u00c1ngel Or\u00fas. Voy el primero. Voy r\u00e1pido. La verdad es que para la prisa que tenemos el recorrido parece m\u00e1s largo, m\u00e1s interminable\u2026 ya en el cruce con la subida al Posets nos cruzamos con m\u00e1s gente, monta\u00f1eros que vienen de esta direcci\u00f3n, con m\u00e1s o menos material, m\u00e1s o menos preparados\u2026 hoy d\u00eda cualquiera sale a la monta\u00f1a, iniciado o no.<\/p>\n<p>Son pasadas las cuatro de la tarde cuando llego hasta las paredes del Refugio \u00c1ngel Or\u00fas. Cuando van llegando los compa\u00f1eros les propongo descansar y tomar algo aqu\u00ed, ya que veo no llegaremos a tiempo al parking. Al final nada, seguimos corriendo senda abajo en busca del parking de Espigantosa, a ver si tenemos suerte y cogemos el autob\u00fas\u2026 pero llegamos entre las 17:15 y las 17:20, el autob\u00fas ya ha salido\u2026 pero nos dicen que tiene que volver ya que hay gente que ten\u00eda el billete de \u201cida y vuelta\u201d y no los han podido bajar en el primer viaje, con lo cual debe de volver a por ellos\u2026 entre \u00e9stos, nosotros. Con lo que antes de las 6 de la tarde ya bajamos en el autob\u00fas, lleno a rebosar, con una velocidad y c\u00e1lculo casi desafiante por parte del conductor. En lo que aqu\u00ed s\u00ed hemos tenido suerte, no lo ha sido tanto en el segundo recorrido de la espectacular y t\u00e9cnica cresta entre el Pico de Bardamina y el Posets.<\/p>\n<div id=\"attachment_51272\" style=\"width: 1834px\" class=\"wp-caption aligncenter\"><a class=\"dt-pswp-item\" href=\"https:\/\/www.monta\u00f1asdelaluna.es\/wp-content\/uploads\/2021\/08\/IMG_4428.jpg\" data-dt-img-description=\"\" data-large_image_width=\"1824\" data-large_image_height=\"1216\"><img loading=\"lazy\" decoding=\"async\" aria-describedby=\"caption-attachment-51272\" class=\"wp-image-51272 size-large\" src=\"https:\/\/www.monta\u00f1asdelaluna.es\/wp-content\/uploads\/2021\/08\/IMG_4428-1024x683.jpg\" alt=\"Arriba queda la cresta oeste del Bardamina en las proximidades del Pico de La Pa\u00fal\" width=\"1024\" height=\"683\" srcset=\"https:\/\/www.monta\u00f1asdelaluna.es\/wp-content\/uploads\/2021\/08\/IMG_4428-1024x683.jpg 1024w, https:\/\/www.monta\u00f1asdelaluna.es\/wp-content\/uploads\/2021\/08\/IMG_4428-300x200.jpg 300w, https:\/\/www.monta\u00f1asdelaluna.es\/wp-content\/uploads\/2021\/08\/IMG_4428-768x512.jpg 768w, https:\/\/www.monta\u00f1asdelaluna.es\/wp-content\/uploads\/2021\/08\/IMG_4428-1536x1024.jpg 1536w, https:\/\/www.monta\u00f1asdelaluna.es\/wp-content\/uploads\/2021\/08\/IMG_4428.jpg 1824w\" sizes=\"auto, (max-width: 1024px) 100vw, 1024px\" \/><\/a><p id=\"caption-attachment-51272\" class=\"wp-caption-text\">Arriba queda la cresta oeste del Bardamina en las proximidades del Pico de La Pa\u00fal<\/p><\/div>\n<div id=\"attachment_51273\" style=\"width: 1834px\" class=\"wp-caption aligncenter\"><a class=\"dt-pswp-item\" href=\"https:\/\/www.monta\u00f1asdelaluna.es\/wp-content\/uploads\/2021\/08\/IMG_4435.jpg\" data-dt-img-description=\"\" data-large_image_width=\"1824\" data-large_image_height=\"1216\"><img loading=\"lazy\" decoding=\"async\" aria-describedby=\"caption-attachment-51273\" class=\"wp-image-51273 size-large\" src=\"https:\/\/www.monta\u00f1asdelaluna.es\/wp-content\/uploads\/2021\/08\/IMG_4435-1024x683.jpg\" alt=\"En el centro de la imagen, a la izquierda el Pllan d'els Ibons y a la derecha el Ib\u00f3n de Eriste o Grist bajo el Pico d'els Corbets o Pico de Perram\u00f3\" width=\"1024\" height=\"683\" srcset=\"https:\/\/www.monta\u00f1asdelaluna.es\/wp-content\/uploads\/2021\/08\/IMG_4435-1024x683.jpg 1024w, https:\/\/www.monta\u00f1asdelaluna.es\/wp-content\/uploads\/2021\/08\/IMG_4435-300x200.jpg 300w, https:\/\/www.monta\u00f1asdelaluna.es\/wp-content\/uploads\/2021\/08\/IMG_4435-768x512.jpg 768w, https:\/\/www.monta\u00f1asdelaluna.es\/wp-content\/uploads\/2021\/08\/IMG_4435-1536x1024.jpg 1536w, https:\/\/www.monta\u00f1asdelaluna.es\/wp-content\/uploads\/2021\/08\/IMG_4435.jpg 1824w\" sizes=\"auto, (max-width: 1024px) 100vw, 1024px\" \/><\/a><p id=\"caption-attachment-51273\" class=\"wp-caption-text\">En el centro de la imagen, a la izquierda el Pllan d&#8217;els Ibons y a la derecha el Ib\u00f3n de Eriste o Grist bajo el Pico d&#8217;els Corbets o Pico de Perram\u00f3<\/p><\/div>\n<p>Por suerte hemos realizado un recorrido espectacular por la cresta este del Pico de Bardamina y la cima del mismo, aunque por culpa de mi mal planteamiento y desconocimiento de la agreste y t\u00e9cnica cresta entre la misma cima y el Collado de La Pa\u00fal, no hemos podido acabar este desaf\u00edo, el cual lo tenemos pendiente para otra ocasi\u00f3n en la que no fallaremos, la actividad ha sido genial, emocionante e incre\u00edble; con unos compa\u00f1eros y equipo de lo mejor. Volveremos&#8230;<\/p>\n<div id=\"attachment_51274\" style=\"width: 1705px\" class=\"wp-caption aligncenter\"><a class=\"dt-pswp-item\" href=\"https:\/\/www.monta\u00f1asdelaluna.es\/wp-content\/uploads\/2021\/08\/Bardamina-001.croquis.web_.jpg\" data-dt-img-description=\"\" data-large_image_width=\"1695\" data-large_image_height=\"2078\"><img loading=\"lazy\" decoding=\"async\" aria-describedby=\"caption-attachment-51274\" class=\"wp-image-51274 size-full\" src=\"https:\/\/www.monta\u00f1asdelaluna.es\/wp-content\/uploads\/2021\/08\/Bardamina-001.croquis.web_.jpg\" alt=\"Croquis de recorrido circular por las crestas del Pico de Bardamina desde el Ib\u00f3n de Eriste, viniendo del parking de Espantigosa. PUNTO NARANJA: lugar del campamento. PUNTO ROJO: Brecha del Bardamina. PUNTO FUCSIA: Paso de La Flor. PUNTO AMARILLO: escape de la cresta hacia el sur\" width=\"1695\" height=\"2078\" srcset=\"https:\/\/www.monta\u00f1asdelaluna.es\/wp-content\/uploads\/2021\/08\/Bardamina-001.croquis.web_.jpg 1695w, https:\/\/www.monta\u00f1asdelaluna.es\/wp-content\/uploads\/2021\/08\/Bardamina-001.croquis.web_-245x300.jpg 245w, https:\/\/www.monta\u00f1asdelaluna.es\/wp-content\/uploads\/2021\/08\/Bardamina-001.croquis.web_-835x1024.jpg 835w, https:\/\/www.monta\u00f1asdelaluna.es\/wp-content\/uploads\/2021\/08\/Bardamina-001.croquis.web_-768x942.jpg 768w, https:\/\/www.monta\u00f1asdelaluna.es\/wp-content\/uploads\/2021\/08\/Bardamina-001.croquis.web_-1253x1536.jpg 1253w, https:\/\/www.monta\u00f1asdelaluna.es\/wp-content\/uploads\/2021\/08\/Bardamina-001.croquis.web_-1671x2048.jpg 1671w\" sizes=\"auto, (max-width: 1695px) 100vw, 1695px\" \/><\/a><p id=\"caption-attachment-51274\" class=\"wp-caption-text\">Croquis de recorrido circular por las crestas del Pico de Bardamina desde el Ib\u00f3n de Eriste, viniendo del parking de Espantigosa. PUNTO NARANJA: lugar del campamento. PUNTO ROJO: Brecha del Bardamina. PUNTO FUCSIA: Paso de La Flor. PUNTO AMARILLO: escape de la cresta hacia el sur<\/p><\/div>\n<p>[\/vc_column_text][\/vc_column][\/vc_row][vc_row][vc_column][vc_empty_space height=\u00bb60px\u00bb][\/vc_column][\/vc_row][vc_row][vc_column][vc_cta h2=\u00bb\u00c1lbum de fotos\u00bb txt_align=\u00bbcenter\u00bb add_button=\u00bbbottom\u00bb btn_title=\u00bbVer fotos\u00bb btn_color=\u00bbwarning\u00bb btn_align=\u00bbcenter\u00bb btn_link=\u00bburl:https%3A%2F%2Fwww.monta%C3%B1asdelaluna.es%2F%3Fdt_gallery%3Dpico-de-bardamina-3-079-mts-con-parte-de-sus-crestas|title:Las%20faldas%20del%20Tempestades%20desde%20el%20Estany%20de%20Llauset|target:_blank\u00bb css=\u00bb.vc_custom_1637862038719{background-color: #8bc4ed !important;}\u00bb]Puedes ver todas las fotos del relato y actividad en forma de presentaci\u00f3n o individuales pinchando aqui \u00a1No te las pierdas![\/vc_cta][\/vc_column][\/vc_row][vc_row][vc_column][vc_empty_space height=\u00bb60px\u00bb][\/vc_column][\/vc_row][vc_row][vc_column width=\u00bb1\/3&#8243;][\/vc_column][vc_column width=\u00bb1\/2&#8243;][vc_column_text]Tiempo en el Pico de Bardamina[\/vc_column_text][vc_raw_html]JTNDaWZyYW1lJTIwc3JjJTNEJTIyaHR0cHMlM0ElMkYlMkZ3d3cubWV0ZW9ibHVlLmNvbSUyRmVzJTJGdGllbXBvJTJGd2lkZ2V0JTJGZGFpbHklMkY0Mi42NjJOMC40NTFFMjk5MV9FdXJvcGUlMjUyRk1hZHJpZCUzRmdlb2xvYyUzRGZpeGVkJTI2ZGF5cyUzRDclMjZ0ZW1wdW5pdCUzRENFTFNJVVMlMjZ3aW5kdW5pdCUzREtJTE9NRVRFUl9QRVJfSE9VUiUyNnByZWNpcHVuaXQlM0RNSUxMSU1FVEVSJTI2Y29sb3VyZWQlM0Rjb2xvdXJlZCUyNnBpY3RvaWNvbiUzRDAlMjZwaWN0b2ljb24lM0QxJTI2bWF4dGVtcGVyYXR1cmUlM0QwJTI2bWF4dGVtcGVyYXR1cmUlM0QxJTI2bWludGVtcGVyYXR1cmUlM0QwJTI2bWludGVtcGVyYXR1cmUlM0QxJTI2d2luZHNwZWVkJTNEMCUyNndpbmRzcGVlZCUzRDElMjZ3aW5kZ3VzdCUzRDAlMjZ3aW5kZ3VzdCUzRDElMjZ3aW5kZGlyZWN0aW9uJTNEMCUyNndpbmRkaXJlY3Rpb24lM0QxJTI2dXYlM0QwJTI2aHVtaWRpdHklM0QwJTI2cHJlY2lwaXRhdGlvbiUzRDAlMjZwcmVjaXBpdGF0aW9uJTNEMSUyNnByZWNpcGl0YXRpb25wcm9iYWJpbGl0eSUzRDAlMjZwcmVjaXBpdGF0aW9ucHJvYmFiaWxpdHklM0QxJTI2c3BvdCUzRDAlMjZzcG90JTNEMSUyNnByZXNzdXJlJTNEMCUyNnByZXNzdXJlJTNEMSUyNmxheW91dCUzRGxpZ2h0JTIyJTIwJTIwZnJhbWVib3JkZXIlM0QlMjIwJTIyJTIwc2Nyb2xsaW5nJTNEJTIyTk8lMjIlMjBhbGxvd3RyYW5zcGFyZW5jeSUzRCUyMnRydWUlMjIlMjBzYW5kYm94JTNEJTIyYWxsb3ctc2FtZS1vcmlnaW4lMjBhbGxvdy1zY3JpcHRzJTIwYWxsb3ctcG9wdXBzJTIwYWxsb3ctcG9wdXBzLXRvLWVzY2FwZS1zYW5kYm94JTIyJTIwc3R5bGUlM0QlMjJ3aWR0aCUzQSUyMDM3OHB4JTNCJTIwaGVpZ2h0JTNBJTIwNDIwcHglMjIlM0UlM0MlMkZpZnJhbWUlM0UlM0NkaXYlM0UlM0MlMjEtLSUyMERPJTIwTk9UJTIwUkVNT1ZFJTIwVEhJUyUyMExJTkslMjAtLSUzRSUzQ2ElMjBocmVmJTNEJTIyaHR0cHMlM0ElMkYlMkZ3d3cubWV0ZW9ibHVlLmNvbSUyRmVzJTJGdGllbXBvJTJGc2VtYW5hJTJGNDIuNjYyTjAuNDUxRTI5OTFfRXVyb3BlJTI1MkZNYWRyaWQlM0Z1dG1fc291cmNlJTNEd2VhdGhlcl93aWRnZXQlMjZ1dG1fbWVkaXVtJTNEbGlua3VzJTI2dXRtX2NvbnRlbnQlM0RkYWlseSUyNnV0bV9jYW1wYWlnbiUzRFdlYXRoZXIlMjUyQldpZGdldCUyMiUyMHRhcmdldCUzRCUyMl9ibGFuayUyMiUyMHJlbCUzRCUyMm5vb3BlbmVyJTIyJTNFbWV0ZW9ibHVlJTNDJTJGYSUzRSUzQyUyRmRpdiUzRQ==[\/vc_raw_html][\/vc_column][vc_column width=\u00bb1\/5&#8243;][\/vc_column][\/vc_row]<\/p>\n","protected":false},"excerpt":{"rendered":"<p>[vc_row css=\u00bb.vc_custom_1625563174872{margin-top: 0px !important;padding-top: 0px !important;}\u00bb][vc_column][vc_column_text]Eva Zurera me comenta de salir un fin de semana de agosto hacia el Pirineo para hacer alguna cresta. Despu\u00e9s de la fenomenal actividad de este pasado julio con el Anillo de Picos, Eva espera al \u00faltimo de fin de semana de agosto para quedar y hacer una buena actividad&hellip;<\/p>\n","protected":false},"author":1,"featured_media":51240,"comment_status":"open","ping_status":"open","sticky":false,"template":"","format":"standard","meta":[],"categories":[125],"tags":[],"class_list":["post-51235","post","type-post","status-publish","format-standard","has-post-thumbnail","hentry","category-valle-del-esera","category-125","description-off"],"_links":{"self":[{"href":"https:\/\/www.monta\u00f1asdelaluna.es\/index.php?rest_route=\/wp\/v2\/posts\/51235","targetHints":{"allow":["GET"]}}],"collection":[{"href":"https:\/\/www.monta\u00f1asdelaluna.es\/index.php?rest_route=\/wp\/v2\/posts"}],"about":[{"href":"https:\/\/www.monta\u00f1asdelaluna.es\/index.php?rest_route=\/wp\/v2\/types\/post"}],"author":[{"embeddable":true,"href":"https:\/\/www.monta\u00f1asdelaluna.es\/index.php?rest_route=\/wp\/v2\/users\/1"}],"replies":[{"embeddable":true,"href":"https:\/\/www.monta\u00f1asdelaluna.es\/index.php?rest_route=%2Fwp%2Fv2%2Fcomments&post=51235"}],"version-history":[{"count":8,"href":"https:\/\/www.monta\u00f1asdelaluna.es\/index.php?rest_route=\/wp\/v2\/posts\/51235\/revisions"}],"predecessor-version":[{"id":51286,"href":"https:\/\/www.monta\u00f1asdelaluna.es\/index.php?rest_route=\/wp\/v2\/posts\/51235\/revisions\/51286"}],"wp:featuredmedia":[{"embeddable":true,"href":"https:\/\/www.monta\u00f1asdelaluna.es\/index.php?rest_route=\/wp\/v2\/media\/51240"}],"wp:attachment":[{"href":"https:\/\/www.monta\u00f1asdelaluna.es\/index.php?rest_route=%2Fwp%2Fv2%2Fmedia&parent=51235"}],"wp:term":[{"taxonomy":"category","embeddable":true,"href":"https:\/\/www.monta\u00f1asdelaluna.es\/index.php?rest_route=%2Fwp%2Fv2%2Fcategories&post=51235"},{"taxonomy":"post_tag","embeddable":true,"href":"https:\/\/www.monta\u00f1asdelaluna.es\/index.php?rest_route=%2Fwp%2Fv2%2Ftags&post=51235"}],"curies":[{"name":"wp","href":"https:\/\/api.w.org\/{rel}","templated":true}]}}