{"id":51369,"date":"2021-02-13T12:35:09","date_gmt":"2021-02-13T12:35:09","guid":{"rendered":"https:\/\/www.monta\u00f1asdelaluna.es\/?p=51369"},"modified":"2021-12-14T15:56:52","modified_gmt":"2021-12-14T15:56:52","slug":"rodeando-la-serra-den-benet-el-corredor-y-el-dolmen-de-ca-larenes","status":"publish","type":"post","link":"https:\/\/www.monta\u00f1asdelaluna.es\/?p=51369","title":{"rendered":"Rodeando la Serra d\u2019en Benet, El Corredor y el Dolmen de Ca l&#8217;Arenes"},"content":{"rendered":"<p>[vc_row][vc_column][vc_column_text]Despu\u00e9s de mucho tiempo sin salir a las monta\u00f1as por culpa de la pandemia, decido salir este invierno por algunas cercanas a casa como la de El Corredor. Como siempre o muchas veces intentar variar o completar recorridos ya realizados, o unir algunos\u2026<\/p>\n<p>En este caso saliendo de la urbanizaci\u00f3n de Canad\u00e0 Park, como punto de salida igual que en otros muchas veces para visitar esta monta\u00f1a y parque natural, la idea era subir a la cima del Corredor y volver pasando por el Dolmen de Ca l\u2019Arenes. En un principio un recorrido sencillo, f\u00e1cil y sin p\u00e9rdida, con peque\u00f1as variantes si nos fijamos en los otros relatos, descripciones y actividades ya realizadas en esta monta\u00f1a.<\/p>\n<p>La idea era hacer una circular pasando tambi\u00e9n por la fantasmag\u00f3rica y misteriosa Santa Eul\u00e0lia de Tapioles, que ya hac\u00eda mucho que no pasaba por sus muros olvidados y abandonados, y por el otro famoso dolmen m\u00e1s visitado y a la vista que es el de Pedra Gentil. Aunque al final no pas\u00e9 por sus inmediaciones si no que observ\u00e9 el campanario de la vieja y casi arruinada iglesia desde lejos pasando por otro camino no pisado anteriormente.<\/p>\n<div id=\"attachment_51372\" style=\"width: 1834px\" class=\"wp-caption aligncenter\"><a class=\"dt-pswp-item\" href=\"https:\/\/www.monta\u00f1asdelaluna.es\/wp-content\/uploads\/2021\/02\/IMG_2508.jpg\" data-dt-img-description=\"\" data-large_image_width=\"1824\" data-large_image_height=\"1216\"><img loading=\"lazy\" decoding=\"async\" aria-describedby=\"caption-attachment-51372\" class=\"wp-image-51372 size-large\" src=\"https:\/\/www.monta\u00f1asdelaluna.es\/wp-content\/uploads\/2021\/02\/IMG_2508-1024x683.jpg\" alt=\" Serra d'en Benet\" width=\"1024\" height=\"683\" srcset=\"https:\/\/www.monta\u00f1asdelaluna.es\/wp-content\/uploads\/2021\/02\/IMG_2508-1024x683.jpg 1024w, https:\/\/www.monta\u00f1asdelaluna.es\/wp-content\/uploads\/2021\/02\/IMG_2508-300x200.jpg 300w, https:\/\/www.monta\u00f1asdelaluna.es\/wp-content\/uploads\/2021\/02\/IMG_2508-768x512.jpg 768w, https:\/\/www.monta\u00f1asdelaluna.es\/wp-content\/uploads\/2021\/02\/IMG_2508-1536x1024.jpg 1536w, https:\/\/www.monta\u00f1asdelaluna.es\/wp-content\/uploads\/2021\/02\/IMG_2508.jpg 1824w\" sizes=\"auto, (max-width: 1024px) 100vw, 1024px\" \/><\/a><p id=\"caption-attachment-51372\" class=\"wp-caption-text\">Serra d&#8217;en Benet<\/p><\/div>\n<div id=\"attachment_51373\" style=\"width: 1834px\" class=\"wp-caption aligncenter\"><a class=\"dt-pswp-item\" href=\"https:\/\/www.monta\u00f1asdelaluna.es\/wp-content\/uploads\/2021\/02\/IMG_2510.jpg\" data-dt-img-description=\"\" data-large_image_width=\"1824\" data-large_image_height=\"1216\"><img loading=\"lazy\" decoding=\"async\" aria-describedby=\"caption-attachment-51373\" class=\"wp-image-51373 size-large\" src=\"https:\/\/www.monta\u00f1asdelaluna.es\/wp-content\/uploads\/2021\/02\/IMG_2510-1024x683.jpg\" alt=\" En el centro Santa Eul\u00e0lia de Tapioles\" width=\"1024\" height=\"683\" srcset=\"https:\/\/www.monta\u00f1asdelaluna.es\/wp-content\/uploads\/2021\/02\/IMG_2510-1024x683.jpg 1024w, https:\/\/www.monta\u00f1asdelaluna.es\/wp-content\/uploads\/2021\/02\/IMG_2510-300x200.jpg 300w, https:\/\/www.monta\u00f1asdelaluna.es\/wp-content\/uploads\/2021\/02\/IMG_2510-768x512.jpg 768w, https:\/\/www.monta\u00f1asdelaluna.es\/wp-content\/uploads\/2021\/02\/IMG_2510-1536x1024.jpg 1536w, https:\/\/www.monta\u00f1asdelaluna.es\/wp-content\/uploads\/2021\/02\/IMG_2510.jpg 1824w\" sizes=\"auto, (max-width: 1024px) 100vw, 1024px\" \/><\/a><p id=\"caption-attachment-51373\" class=\"wp-caption-text\">En el centro Santa Eul\u00e0lia de Tapioles<\/p><\/div>\n<p>Con lo que el pasado 13 de febrero llego a la mencionada urbanizaci\u00f3n para realizar dicho recorrido, actividad. Dejo el coche en una de sus calles y sigo los recorridos ya descritos en las pasadas actividades y visitas ya realizadas por estos lares, como en <a href=\"https:\/\/www.monta\u00f1asdelaluna.es\/?p=22414\" target=\"_blank\" rel=\"noopener\">Entre Brujas y Santas<\/a>, <a href=\"https:\/\/www.monta\u00f1asdelaluna.es\/?p=20258\" target=\"_blank\" rel=\"noopener\">Dolmen de Pedra Genti<\/a>l\u2026 y es casi al poco de comenzar estos recorridos en direcci\u00f3n al conjunto de Santa Eul\u00e0lia de Tapioles, cuando despu\u00e9s de unos minutos de haber salido de la urbanizaci\u00f3n, llegando a un importante cruce de caminos, de pistas, erro y en lugar de seguir por el camino que me encuentro hacia abajo a la izquierda, que parece desaparezca entre la vegetaci\u00f3n o cambie de direcci\u00f3n para salir de la monta\u00f1a\u2026 no es as\u00ed, es el camino correcto; pero yo cojo el que sale a mi derecha y arriba, m\u00e1s claro y \u201cfiable\u201d que har\u00e1 que coja otro recorrido a los descritos en los relatos y actividades pasadas.<\/p>\n<p>El cruce es muy reconocible e identificativo. El camino de la izquierda hace un giro curioso y cerrado mientras baja altura, como si fuera una pista secundaria, mientras que la de la derecha, la que sigo finalmente, es derecha y bien definida; aunque las dos son anchas y bien pertrechadas. A pesar de que reconozco al cabo de un tiempo, por las vistas que tengo desde esta pista, que me he equivocado, no vuelvo al cruce y sigo la misma pista a ver d\u00f3nde me deja.<\/p>\n<div id=\"attachment_51370\" style=\"width: 1834px\" class=\"wp-caption aligncenter\"><a class=\"dt-pswp-item\" href=\"https:\/\/www.monta\u00f1asdelaluna.es\/wp-content\/uploads\/2021\/12\/IMG_2513.jpg\" data-dt-img-description=\"\" data-large_image_width=\"1824\" data-large_image_height=\"1216\"><img loading=\"lazy\" decoding=\"async\" aria-describedby=\"caption-attachment-51370\" class=\"wp-image-51370 size-full\" src=\"https:\/\/www.monta\u00f1asdelaluna.es\/wp-content\/uploads\/2021\/12\/IMG_2513.jpg\" alt=\"Santa Eul\u00e0lia de Tapioles\" width=\"1824\" height=\"1216\" srcset=\"https:\/\/www.monta\u00f1asdelaluna.es\/wp-content\/uploads\/2021\/12\/IMG_2513.jpg 1824w, https:\/\/www.monta\u00f1asdelaluna.es\/wp-content\/uploads\/2021\/12\/IMG_2513-300x200.jpg 300w, https:\/\/www.monta\u00f1asdelaluna.es\/wp-content\/uploads\/2021\/12\/IMG_2513-1024x683.jpg 1024w, https:\/\/www.monta\u00f1asdelaluna.es\/wp-content\/uploads\/2021\/12\/IMG_2513-768x512.jpg 768w, https:\/\/www.monta\u00f1asdelaluna.es\/wp-content\/uploads\/2021\/12\/IMG_2513-1536x1024.jpg 1536w\" sizes=\"auto, (max-width: 1824px) 100vw, 1824px\" \/><\/a><p id=\"caption-attachment-51370\" class=\"wp-caption-text\">Santa Eul\u00e0lia de Tapioles<\/p><\/div>\n<p>Consulto el Alpina: es una pista que sigue a algo m\u00e1s altura de donde se ubica Santa Eulalia de Tapioles, como buscando las laderas noreste de lo que llaman la Serra d\u2019en Benet, que no es m\u00e1s que una altura o cordal al sureste de Canad\u00e0 Park y al norte del barranco de la Riera de l\u2019Illa; separando de esta manera del macizo central donde se encuentra lo m\u00e1s alto del Corredor.<\/p>\n<p>El d\u00eda es muy bueno, soleado, no demasiado frio para ser febrero. Me encuentro con m\u00e1s gente: habitantes de la urbanizaci\u00f3n que sacan a pasear sus perros, o algunos que se internan por estos caminos en plan paseo matinal. Pero no demasiado gente.<\/p>\n<div id=\"attachment_51374\" style=\"width: 1834px\" class=\"wp-caption aligncenter\"><a class=\"dt-pswp-item\" href=\"https:\/\/www.monta\u00f1asdelaluna.es\/wp-content\/uploads\/2021\/02\/IMG_2519.jpg\" data-dt-img-description=\"\" data-large_image_width=\"1824\" data-large_image_height=\"1216\"><img loading=\"lazy\" decoding=\"async\" aria-describedby=\"caption-attachment-51374\" class=\"wp-image-51374 size-large\" src=\"https:\/\/www.monta\u00f1asdelaluna.es\/wp-content\/uploads\/2021\/02\/IMG_2519-1024x683.jpg\" alt=\" Camino del Trul\" width=\"1024\" height=\"683\" srcset=\"https:\/\/www.monta\u00f1asdelaluna.es\/wp-content\/uploads\/2021\/02\/IMG_2519-1024x683.jpg 1024w, https:\/\/www.monta\u00f1asdelaluna.es\/wp-content\/uploads\/2021\/02\/IMG_2519-300x200.jpg 300w, https:\/\/www.monta\u00f1asdelaluna.es\/wp-content\/uploads\/2021\/02\/IMG_2519-768x512.jpg 768w, https:\/\/www.monta\u00f1asdelaluna.es\/wp-content\/uploads\/2021\/02\/IMG_2519-1536x1024.jpg 1536w, https:\/\/www.monta\u00f1asdelaluna.es\/wp-content\/uploads\/2021\/02\/IMG_2519.jpg 1824w\" sizes=\"auto, (max-width: 1024px) 100vw, 1024px\" \/><\/a><p id=\"caption-attachment-51374\" class=\"wp-caption-text\">Camino del Trull<\/p><\/div>\n<div id=\"attachment_51375\" style=\"width: 1834px\" class=\"wp-caption aligncenter\"><a class=\"dt-pswp-item\" href=\"https:\/\/www.monta\u00f1asdelaluna.es\/wp-content\/uploads\/2021\/02\/IMG_2520.jpg\" data-dt-img-description=\"\" data-large_image_width=\"1824\" data-large_image_height=\"1216\"><img loading=\"lazy\" decoding=\"async\" aria-describedby=\"caption-attachment-51375\" class=\"wp-image-51375 size-large\" src=\"https:\/\/www.monta\u00f1asdelaluna.es\/wp-content\/uploads\/2021\/02\/IMG_2520-1024x683.jpg\" alt=\" Can Pradell\" width=\"1024\" height=\"683\" srcset=\"https:\/\/www.monta\u00f1asdelaluna.es\/wp-content\/uploads\/2021\/02\/IMG_2520-1024x683.jpg 1024w, https:\/\/www.monta\u00f1asdelaluna.es\/wp-content\/uploads\/2021\/02\/IMG_2520-300x200.jpg 300w, https:\/\/www.monta\u00f1asdelaluna.es\/wp-content\/uploads\/2021\/02\/IMG_2520-768x512.jpg 768w, https:\/\/www.monta\u00f1asdelaluna.es\/wp-content\/uploads\/2021\/02\/IMG_2520-1536x1024.jpg 1536w, https:\/\/www.monta\u00f1asdelaluna.es\/wp-content\/uploads\/2021\/02\/IMG_2520.jpg 1824w\" sizes=\"auto, (max-width: 1024px) 100vw, 1024px\" \/><\/a><p id=\"caption-attachment-51375\" class=\"wp-caption-text\">Can Pradell<\/p><\/div>\n<p>M\u00e1s arriba me encuentro con otro cruce de caminos. Es un cruce curioso porque en pocos metros saldr\u00e1n dos caminos a la derecha y hacia arriba que se separan del camino o pista que sigo. Yo no quiero subir m\u00e1s arriba y prefiero seguir este camino principal, sin coger altura, paralelo al perfil de la monta\u00f1a con direcci\u00f3n sur, sureste. Y as\u00ed seguir\u00e9 por este camino sin desviarnos por otros no principales, hasta que desemboque en la pista m\u00e1s ancha y transitable que de Vallgorguina sube al Corredor. Justo la cojo en una de sus curvas, pocos metros antes, siguiendo hacia la derecha y arriba, de otra curva cerrada de esta pista principal.<\/p>\n<p>Casi, casi que hemos hecho un recorrido paralelo a la primera ruta que hice en esta monta\u00f1a entre Canad\u00e0 Park y la mas\u00eda de El Trull, pero por un recorrido m\u00e1s en sombra, m\u00e1s al noreste, cruzando bosques de pino, encinas y sureras con algunos ejemplares magn\u00edficos, enormes y muy fotog\u00e9nicos. A la izquierda y all\u00e1 abajo aparec\u00eda la torre del campanario de Santa Eul\u00e0lia de Tapioles, lugar por el que quer\u00eda seguir y que, por el error cometido en el cruce nombrado, no baj\u00e9 a visitarlo y saludarlo. A\u00fan as\u00ed queda muy fotog\u00e9nico, como siempre, ese campanario sobresaliendo entre el exuberante y verde bosque que lo rodea y lo invade dando a un lugar y paisaje precioso, \u00fanico.<\/p>\n<div id=\"attachment_51376\" style=\"width: 1834px\" class=\"wp-caption aligncenter\"><a class=\"dt-pswp-item\" href=\"https:\/\/www.monta\u00f1asdelaluna.es\/wp-content\/uploads\/2021\/02\/IMG_2523.jpg\" data-dt-img-description=\"\" data-large_image_width=\"1824\" data-large_image_height=\"1216\"><img loading=\"lazy\" decoding=\"async\" aria-describedby=\"caption-attachment-51376\" class=\"wp-image-51376 size-full\" src=\"https:\/\/www.monta\u00f1asdelaluna.es\/wp-content\/uploads\/2021\/02\/IMG_2523.jpg\" alt=\" Camino del Trull\" width=\"1824\" height=\"1216\" srcset=\"https:\/\/www.monta\u00f1asdelaluna.es\/wp-content\/uploads\/2021\/02\/IMG_2523.jpg 1824w, https:\/\/www.monta\u00f1asdelaluna.es\/wp-content\/uploads\/2021\/02\/IMG_2523-300x200.jpg 300w, https:\/\/www.monta\u00f1asdelaluna.es\/wp-content\/uploads\/2021\/02\/IMG_2523-1024x683.jpg 1024w, https:\/\/www.monta\u00f1asdelaluna.es\/wp-content\/uploads\/2021\/02\/IMG_2523-768x512.jpg 768w, https:\/\/www.monta\u00f1asdelaluna.es\/wp-content\/uploads\/2021\/02\/IMG_2523-1536x1024.jpg 1536w\" sizes=\"auto, (max-width: 1824px) 100vw, 1824px\" \/><\/a><p id=\"caption-attachment-51376\" class=\"wp-caption-text\">Camino del Trull<\/p><\/div>\n<p>Una vez llegado a la pista que sube de Vallgorguina al Corredor, solo tengo que seguir dicha pista hacia arriba y derecha pasando enseguida, pocos pasos m\u00e1s arriba, por la preciosa y singular mas\u00eda de El Trull. Y a partir de aqu\u00ed seguir las marcas del G.R.-92 que sube del mismo pueblo, pasa por El Corredor y sigue en direcci\u00f3n a Barcelona o Matar\u00f3 por muchas las cadenas de monta\u00f1as y sierras litorales de Catalu\u00f1a. Sigo el mismo recorrido realizado en aquella<a href=\"https:\/\/www.monta\u00f1asdelaluna.es\/?p=16784\" target=\"_blank\" rel=\"noopener\"> primera visita<\/a>, <a href=\"https:\/\/www.monta\u00f1asdelaluna.es\/?p=22414\" target=\"_blank\" rel=\"noopener\">Santas y Brujas<\/a>\u2026 G.R. arriba, sin p\u00e9rdida.<\/p>\n<p>Hay que recordar que llegado a un punto dejando casi a la espalda la mas\u00eda de El Trull, el G.R. sale de camino, de la pista, y gira a la izquierda meti\u00e9ndose por una seda ancha en subida. Llegados poco m\u00e1s arriba hay un cruce o giro del recorrido, no hay que seguir recto a la izquierda, si no buscar una estrecha y casi escondida senda a la derecha, haciendo un giro de unos 90\u00ba. Dicha senda nos dejar\u00e1, a m\u00e1s altura, de nuevo en la pista o camino antes abandonado, que sube al Santuario del Corredor.<\/p>\n<div id=\"attachment_51377\" style=\"width: 1834px\" class=\"wp-caption aligncenter\"><a class=\"dt-pswp-item\" href=\"https:\/\/www.monta\u00f1asdelaluna.es\/wp-content\/uploads\/2021\/02\/IMG_2524.jpg\" data-dt-img-description=\"\" data-large_image_width=\"1824\" data-large_image_height=\"1216\"><img loading=\"lazy\" decoding=\"async\" aria-describedby=\"caption-attachment-51377\" class=\"wp-image-51377 size-full\" src=\"https:\/\/www.monta\u00f1asdelaluna.es\/wp-content\/uploads\/2021\/02\/IMG_2524.jpg\" alt=\"Camino del Trull\" width=\"1824\" height=\"1216\" srcset=\"https:\/\/www.monta\u00f1asdelaluna.es\/wp-content\/uploads\/2021\/02\/IMG_2524.jpg 1824w, https:\/\/www.monta\u00f1asdelaluna.es\/wp-content\/uploads\/2021\/02\/IMG_2524-300x200.jpg 300w, https:\/\/www.monta\u00f1asdelaluna.es\/wp-content\/uploads\/2021\/02\/IMG_2524-1024x683.jpg 1024w, https:\/\/www.monta\u00f1asdelaluna.es\/wp-content\/uploads\/2021\/02\/IMG_2524-768x512.jpg 768w, https:\/\/www.monta\u00f1asdelaluna.es\/wp-content\/uploads\/2021\/02\/IMG_2524-1536x1024.jpg 1536w\" sizes=\"auto, (max-width: 1824px) 100vw, 1824px\" \/><\/a><p id=\"caption-attachment-51377\" class=\"wp-caption-text\">Camino del Trull<\/p><\/div>\n<p>Nombro esta parte a pesar de que puede estar descrita en los otros relatos, porque por un momento me despist\u00e9 y segu\u00ed por el sendero de la izquierda, pero me d\u00ed cuenta que tres motos de trial o motocr\u00f3s ven\u00edan a toda velocidad por esta estrecha senda marcada como G.R., salt\u00e1ndose la normativa de pasar por sendas y lugares fuera de los caminos y pistas, destrozando monta\u00f1as y espacios naturales\u2026 \u00a1\u00a1Qu\u00e9 rabia!!&#8230; despu\u00e9s de pasar estas tres motos que segu\u00edan ilegalmente el G.R., sigo por la mencionada senda escondida hasta la pista.<\/p>\n<p>Y sigo de nuevo los recorridos y pasos del G.R. hasta el Santuario del Corredor, donde un mundo de ciclistas y motoristas paran en su restaurante, subo la cima del Corredor, lamentablemente con algo de basura en sus alrededores (es lo que tiene que los coches puedan llegar tan cerca de la cima); y a partir de pisar a torre de vigilancia y el pil\u00f3n o eje geod\u00e9sico del Corredor, tengo que bajar por el lado contrario para ir en busca del Dolmen de Ca l\u2019Arenes. Para ello seguiremos las indicaciones del recorrido ya realizado en <a href=\"https:\/\/www.monta\u00f1asdelaluna.es\/?p=26183\" target=\"_blank\" rel=\"noopener\">Dolmen de Ca l\u2019Arenes y Santuario del Corredor<\/a>, desde la cima del Corredor hasta el cruce con la pista asfaltada o carreterilla pasado el \u00e1rea recreativa, pero en lugar de seguir, como en este relato, la senda hacia Can Bosc, cruzo la pista en busca de la mas\u00eda de Ca l\u2019Arenes, y a partir de aqu\u00ed segu\u00ed el recorrido en este tramo ya descrito en el relato y actividad descrito en <a href=\"https:\/\/www.monta\u00f1asdelaluna.es\/?p=18625\" target=\"_blank\" rel=\"noopener\">de la Serralada Litoral al Corredor<\/a>.<\/p>\n<div id=\"attachment_51379\" style=\"width: 1834px\" class=\"wp-caption aligncenter\"><a class=\"dt-pswp-item\" href=\"https:\/\/www.monta\u00f1asdelaluna.es\/wp-content\/uploads\/2021\/02\/IMG_2530.jpg\" data-dt-img-description=\"\" data-large_image_width=\"1824\" data-large_image_height=\"1216\"><img loading=\"lazy\" decoding=\"async\" aria-describedby=\"caption-attachment-51379\" class=\"wp-image-51379 size-large\" src=\"https:\/\/www.monta\u00f1asdelaluna.es\/wp-content\/uploads\/2021\/02\/IMG_2530-1024x683.jpg\" alt=\"Cerca del Area d'esplai del Corredor\" width=\"1024\" height=\"683\" srcset=\"https:\/\/www.monta\u00f1asdelaluna.es\/wp-content\/uploads\/2021\/02\/IMG_2530-1024x683.jpg 1024w, https:\/\/www.monta\u00f1asdelaluna.es\/wp-content\/uploads\/2021\/02\/IMG_2530-300x200.jpg 300w, https:\/\/www.monta\u00f1asdelaluna.es\/wp-content\/uploads\/2021\/02\/IMG_2530-768x512.jpg 768w, https:\/\/www.monta\u00f1asdelaluna.es\/wp-content\/uploads\/2021\/02\/IMG_2530-1536x1024.jpg 1536w, https:\/\/www.monta\u00f1asdelaluna.es\/wp-content\/uploads\/2021\/02\/IMG_2530.jpg 1824w\" sizes=\"auto, (max-width: 1024px) 100vw, 1024px\" \/><\/a><p id=\"caption-attachment-51379\" class=\"wp-caption-text\">Cerca del Area d&#8217;esplai del Corredor<\/p><\/div>\n<div id=\"attachment_51380\" style=\"width: 1834px\" class=\"wp-caption aligncenter\"><a class=\"dt-pswp-item\" href=\"https:\/\/www.monta\u00f1asdelaluna.es\/wp-content\/uploads\/2021\/02\/IMG_2532.jpg\" data-dt-img-description=\"\" data-large_image_width=\"1824\" data-large_image_height=\"1216\"><img loading=\"lazy\" decoding=\"async\" aria-describedby=\"caption-attachment-51380\" class=\"wp-image-51380 size-large\" src=\"https:\/\/www.monta\u00f1asdelaluna.es\/wp-content\/uploads\/2021\/02\/IMG_2532-1024x683.jpg\" alt=\"Camino del Dolmen de Ca l'Arenes\" width=\"1024\" height=\"683\" srcset=\"https:\/\/www.monta\u00f1asdelaluna.es\/wp-content\/uploads\/2021\/02\/IMG_2532-1024x683.jpg 1024w, https:\/\/www.monta\u00f1asdelaluna.es\/wp-content\/uploads\/2021\/02\/IMG_2532-300x200.jpg 300w, https:\/\/www.monta\u00f1asdelaluna.es\/wp-content\/uploads\/2021\/02\/IMG_2532-768x512.jpg 768w, https:\/\/www.monta\u00f1asdelaluna.es\/wp-content\/uploads\/2021\/02\/IMG_2532-1536x1024.jpg 1536w, https:\/\/www.monta\u00f1asdelaluna.es\/wp-content\/uploads\/2021\/02\/IMG_2532.jpg 1824w\" sizes=\"auto, (max-width: 1024px) 100vw, 1024px\" \/><\/a><p id=\"caption-attachment-51380\" class=\"wp-caption-text\">Camino del Dolmen de Ca l&#8217;Arenes<\/p><\/div>\n<p>Uno de los recuerdos que tengo de este lugar es el cruce o el camino doble justo antes de llegar a la mas\u00eda de Ca l\u2019Arenes, y el cartelito de madera con el nombre de \u201cdolmen\u201d dibujado en \u00e9l, con forma de flecha, se\u00f1alando el camino de la derecha. Por ah\u00ed hay que seguir. No hay que olvidar el camino dentro del barranco con todos sus rincones verdes y formidables, y la salida de \u00e9l por una leva subida de otra senda, para bajar al mismo Dolmen de Ca l\u2019Arenes.<\/p>\n<p>Me he encontrado m\u00e1s gente por aqu\u00ed, nuevos visitantes, domingueros y algunos que vienen a la naturaleza, la monta\u00f1a, pensando que son un parque tem\u00e1tico, pocos monta\u00f1eros o excursionistas. El dolmen est\u00e1 cambiado: lo han cercado para que le gente no lo pueda tocar o molestar, aunque hay quien se salta la valla para hacerse fotos junto al monumento megal\u00edtico. Lo miro, lo observo.<\/p>\n<p>Ya estoy de vuelta hacia el coche, hacia Canad\u00e0 Park, pero esta vez, para no perderme o escoger un camino m\u00e1s perdedor o con demasiadas vueltas como me ocurri\u00f3 en <a href=\"https:\/\/www.monta\u00f1asdelaluna.es\/?p=18625\" target=\"_blank\" rel=\"noopener\">De la Serralada Litoral al Corredor,<\/a> miro el Alpina y decido hacer un camino y recorrido nuevo nunca pisado por m\u00ed: justo en el cruce de sendas nada m\u00e1s llegar al mismo dolmen, en su entrada, escojo la senda de la derecha, que baja directamente en busca del fondo del vallecillo donde me encuentro, del barranco, la Riera de Ca l\u2019Arenes, hacia el oeste y abajo casi vertiginosamente.<\/p>\n<div id=\"attachment_51389\" style=\"width: 1834px\" class=\"wp-caption aligncenter\"><a class=\"dt-pswp-item\" href=\"https:\/\/www.monta\u00f1asdelaluna.es\/wp-content\/uploads\/2021\/02\/IMG_2535.jpg\" data-dt-img-description=\"\" data-large_image_width=\"1824\" data-large_image_height=\"1216\"><img loading=\"lazy\" decoding=\"async\" aria-describedby=\"caption-attachment-51389\" class=\"wp-image-51389 size-large\" src=\"https:\/\/www.monta\u00f1asdelaluna.es\/wp-content\/uploads\/2021\/02\/IMG_2535-1024x683.jpg\" alt=\"Camino del Dolmen de Ca l'Arenes\" width=\"1024\" height=\"683\" srcset=\"https:\/\/www.monta\u00f1asdelaluna.es\/wp-content\/uploads\/2021\/02\/IMG_2535-1024x683.jpg 1024w, https:\/\/www.monta\u00f1asdelaluna.es\/wp-content\/uploads\/2021\/02\/IMG_2535-300x200.jpg 300w, https:\/\/www.monta\u00f1asdelaluna.es\/wp-content\/uploads\/2021\/02\/IMG_2535-768x512.jpg 768w, https:\/\/www.monta\u00f1asdelaluna.es\/wp-content\/uploads\/2021\/02\/IMG_2535-1536x1024.jpg 1536w, https:\/\/www.monta\u00f1asdelaluna.es\/wp-content\/uploads\/2021\/02\/IMG_2535.jpg 1824w\" sizes=\"auto, (max-width: 1024px) 100vw, 1024px\" \/><\/a><p id=\"caption-attachment-51389\" class=\"wp-caption-text\">Camino del Dolmen de Ca l&#8217;Arenes<\/p><\/div>\n<div id=\"attachment_51382\" style=\"width: 1834px\" class=\"wp-caption aligncenter\"><a class=\"dt-pswp-item\" href=\"https:\/\/www.monta\u00f1asdelaluna.es\/wp-content\/uploads\/2021\/02\/IMG_2539.jpg\" data-dt-img-description=\"\" data-large_image_width=\"1824\" data-large_image_height=\"1216\"><img loading=\"lazy\" decoding=\"async\" aria-describedby=\"caption-attachment-51382\" class=\"wp-image-51382 size-large\" src=\"https:\/\/www.monta\u00f1asdelaluna.es\/wp-content\/uploads\/2021\/02\/IMG_2539-1024x683.jpg\" alt=\"Dolmen de Ca l'Arenes\" width=\"1024\" height=\"683\" srcset=\"https:\/\/www.monta\u00f1asdelaluna.es\/wp-content\/uploads\/2021\/02\/IMG_2539-1024x683.jpg 1024w, https:\/\/www.monta\u00f1asdelaluna.es\/wp-content\/uploads\/2021\/02\/IMG_2539-300x200.jpg 300w, https:\/\/www.monta\u00f1asdelaluna.es\/wp-content\/uploads\/2021\/02\/IMG_2539-768x512.jpg 768w, https:\/\/www.monta\u00f1asdelaluna.es\/wp-content\/uploads\/2021\/02\/IMG_2539-1536x1024.jpg 1536w, https:\/\/www.monta\u00f1asdelaluna.es\/wp-content\/uploads\/2021\/02\/IMG_2539.jpg 1824w\" sizes=\"auto, (max-width: 1024px) 100vw, 1024px\" \/><\/a><p id=\"caption-attachment-51382\" class=\"wp-caption-text\">Dolmen de Ca l&#8217;Arenes<\/p><\/div>\n<p>La bajada es r\u00e1pida por una senda estrecha y a veces resbaladiza por la arenilla y por lo inclinado de terreno, marcado en medio de la exuberante y cerrada vegetaci\u00f3n que pobla esta zona. Una vez llego abajo, al fondo del barranco, la senda gira hacia la derecha y norte siguiendo el curso, aguas abajo, de la Riera de Ca l\u2019Arenes. Me olvido de aquel recorrido donde perd\u00ed unas gafas de sol en busca de l\u2019Illa por la parte norte del Tur\u00f3 de La Pera; esta vez las sendas y recorridos eran claros aunque fuera de recorridos marcados como los P.R.<\/p>\n<p>La senda se ve que ha sido recorrida por bicicletas o motos. Cosa que sigue estando prohibida. Quiz\u00e1s poner algunos troncos y ramas en medio de las mismas cerr\u00e1ndoles el camino les puede advertir que igual no est\u00e1 bien lo que hacen.<\/p>\n<div id=\"attachment_51383\" style=\"width: 1834px\" class=\"wp-caption aligncenter\"><a class=\"dt-pswp-item\" href=\"https:\/\/www.monta\u00f1asdelaluna.es\/wp-content\/uploads\/2021\/02\/IMG_2540.jpg\" data-dt-img-description=\"\" data-large_image_width=\"1824\" data-large_image_height=\"1216\"><img loading=\"lazy\" decoding=\"async\" aria-describedby=\"caption-attachment-51383\" class=\"wp-image-51383 size-full\" src=\"https:\/\/www.monta\u00f1asdelaluna.es\/wp-content\/uploads\/2021\/02\/IMG_2540.jpg\" alt=\"Dolmen de Ca l'Arenes\" width=\"1824\" height=\"1216\" srcset=\"https:\/\/www.monta\u00f1asdelaluna.es\/wp-content\/uploads\/2021\/02\/IMG_2540.jpg 1824w, https:\/\/www.monta\u00f1asdelaluna.es\/wp-content\/uploads\/2021\/02\/IMG_2540-300x200.jpg 300w, https:\/\/www.monta\u00f1asdelaluna.es\/wp-content\/uploads\/2021\/02\/IMG_2540-1024x683.jpg 1024w, https:\/\/www.monta\u00f1asdelaluna.es\/wp-content\/uploads\/2021\/02\/IMG_2540-768x512.jpg 768w, https:\/\/www.monta\u00f1asdelaluna.es\/wp-content\/uploads\/2021\/02\/IMG_2540-1536x1024.jpg 1536w\" sizes=\"auto, (max-width: 1824px) 100vw, 1824px\" \/><\/a><p id=\"caption-attachment-51383\" class=\"wp-caption-text\">Dolmen de Ca l&#8217;Arenes<\/p><\/div>\n<p>La senda deriva en un camino con cruces de otros que salen a la derecha y arriba, ya que a la izquierda est\u00e1 el curso del barranco, de la riera, yo sigo por el camino paralelo al recorrido de la riera cruzando incluso una valla o cadena en el camino. Al poco tiempo de seguir el ancho camino descubro entre la vegetaci\u00f3n una construcci\u00f3n, la mas\u00eda de Can Freginals. Al otro lado de la riera. Justo al poco de dejar casi a la espalda e izquierda, muy escondida entre la vegetaci\u00f3n, Can Freginals, llego hasta un cruce de caminos: uno camino sale a la derecha y arriba. Miro el Alpina (igual que lo hice con el anterior cruce de caminos); y dejo el camino que llevaba para coger el camino de la derecha que tiene que coger algo de altura. No llego a pasar por el Pont de Can Freginals.<\/p>\n<p>Ahora el recorrido ser\u00e1 todo por caminos hasta la Esgl\u00e8sia Vella que ya queda arriba de Canad\u00e0 Park y ya la hab\u00edamos visitado en anteriores recorridos. Al poco de girar por este camino hacia la derecha, nos encontramos otro cruce o \u00e9ste deriva en otro camino, seguimos hacia la izquierda. Este camino hacia varias curvas igual que el perfil de la monta\u00f1a, ya que estamos salvando, sin movernos a penas de la altura en la que estamos, un barranco y un vallecillo, que es la Riera de l\u2019Illa\u2026 incluso arriba de nosotros a la derecha y este tendremos cerca la mas\u00eda de l\u2019Illa, pero no la veremos. Seguidamente un camino nos sale a la derecha y arriba, no le hacemos caso. El camino va girando seg\u00fan sigue el perfil de la monta\u00f1a, y al otro lado del cordal que est\u00e1 doblando nos sale un camino que viene de abajo a la izquierda, no le hacemos caso. Nosotros por el mismo camino, m\u00e1s o menos a la misma altura, con un poco de subibaja, en la ladera oeste de un cordal de la monta\u00f1a que baja del lugar Serra d\u2019en Benet por su lado oeste\u2026 al otro lado de este cordal que nos queda a la derecha, se encuentra la urbanizaci\u00f3n de Canad\u00e0 Park, nuestro destino, pero quiero pasar por aquella Esgl\u00e8sia Vella visitada en otras ocasiones y faro de estas finalizaciones de recorridos. No puede faltar mi presencia cuando merodeo por estos lares.<\/p>\n<div id=\"attachment_51384\" style=\"width: 1834px\" class=\"wp-caption aligncenter\"><a class=\"dt-pswp-item\" href=\"https:\/\/www.monta\u00f1asdelaluna.es\/wp-content\/uploads\/2021\/02\/IMG_2545.jpg\" data-dt-img-description=\"\" data-large_image_width=\"1824\" data-large_image_height=\"1216\"><img loading=\"lazy\" decoding=\"async\" aria-describedby=\"caption-attachment-51384\" class=\"wp-image-51384 size-large\" src=\"https:\/\/www.monta\u00f1asdelaluna.es\/wp-content\/uploads\/2021\/02\/IMG_2545-1024x683.jpg\" alt=\"Alrededores de Can Freginals\" width=\"1024\" height=\"683\" srcset=\"https:\/\/www.monta\u00f1asdelaluna.es\/wp-content\/uploads\/2021\/02\/IMG_2545-1024x683.jpg 1024w, https:\/\/www.monta\u00f1asdelaluna.es\/wp-content\/uploads\/2021\/02\/IMG_2545-300x200.jpg 300w, https:\/\/www.monta\u00f1asdelaluna.es\/wp-content\/uploads\/2021\/02\/IMG_2545-768x512.jpg 768w, https:\/\/www.monta\u00f1asdelaluna.es\/wp-content\/uploads\/2021\/02\/IMG_2545-1536x1024.jpg 1536w, https:\/\/www.monta\u00f1asdelaluna.es\/wp-content\/uploads\/2021\/02\/IMG_2545.jpg 1824w\" sizes=\"auto, (max-width: 1024px) 100vw, 1024px\" \/><\/a><p id=\"caption-attachment-51384\" class=\"wp-caption-text\">Alrededores de Can Freginals<\/p><\/div>\n<div id=\"attachment_51385\" style=\"width: 1834px\" class=\"wp-caption aligncenter\"><a class=\"dt-pswp-item\" href=\"https:\/\/www.monta\u00f1asdelaluna.es\/wp-content\/uploads\/2021\/02\/IMG_2551.jpg\" data-dt-img-description=\"\" data-large_image_width=\"1824\" data-large_image_height=\"1216\"><img loading=\"lazy\" decoding=\"async\" aria-describedby=\"caption-attachment-51385\" class=\"wp-image-51385 size-large\" src=\"https:\/\/www.monta\u00f1asdelaluna.es\/wp-content\/uploads\/2021\/02\/IMG_2551-1024x683.jpg\" alt=\"Can Font y Can Rafel\" width=\"1024\" height=\"683\" srcset=\"https:\/\/www.monta\u00f1asdelaluna.es\/wp-content\/uploads\/2021\/02\/IMG_2551-1024x683.jpg 1024w, https:\/\/www.monta\u00f1asdelaluna.es\/wp-content\/uploads\/2021\/02\/IMG_2551-300x200.jpg 300w, https:\/\/www.monta\u00f1asdelaluna.es\/wp-content\/uploads\/2021\/02\/IMG_2551-768x512.jpg 768w, https:\/\/www.monta\u00f1asdelaluna.es\/wp-content\/uploads\/2021\/02\/IMG_2551-1536x1024.jpg 1536w, https:\/\/www.monta\u00f1asdelaluna.es\/wp-content\/uploads\/2021\/02\/IMG_2551.jpg 1824w\" sizes=\"auto, (max-width: 1024px) 100vw, 1024px\" \/><\/a><p id=\"caption-attachment-51385\" class=\"wp-caption-text\">Can Font y Can Rafel<\/p><\/div>\n<p>Despu\u00e9s de este \u00faltimo cruce observo en el paisaje, entre el bosque de sureras, encinas y pinos, varias construcciones, casas o mas\u00edas habitadas ubicadas en un lugar ideal, es Can Font y Can Rafel. S\u00edmbolo inequ\u00edvoco de que me acerco a los l\u00edmites de la monta\u00f1a, del espacio natural del Corredor. Curiosamente en este camino me encuentro con un poste indicador de recorridos\u2026 \u00bfun P.R.? S\u00ed. Me dice que por aqu\u00ed voy a Villalba Sasserra. Hay que seguir entonces las indicaciones, este P.R., sin hacer caso a los caminos que salen a la derecha (que son pocos) y vienen de arriba de la parte m\u00e1s alta del cordal.<\/p>\n<p>El camino se hace larguito, pero de repente descubro el tejado del campanario de la Esgl\u00e8sia Vella, donde quiero ir, casi escondi\u00e9ndose entre la vegetaci\u00f3n al fondo del bosque, mirando al norte. Voy por buen camino. Al tiempo el camino se cementa, es cuando el edificio de la iglesia y su cementerio han quedado a la derecha arriba, pero a la espalda, invisibles entre el bosque y la vegetaci\u00f3n de las fabulosas sureras y encinas; de las cuales me he encontrado en esta parte del recorrido bonitos y majestuosos ejemplares a la vera del camino.<\/p>\n<p>Un cruce y un cartel, Cementerio, que nos indica que sigamos por este nuevo camino haciendo un giro casi de 250\u00ba a la derecha, vi\u00e9ndose al fondo del mismo, que son pocos metros, la fachada de las construcciones. Ya estamos en la Esgl\u00e8sia Vella, junto a su cementerio que lo han reformado, pintado, restaurado y modernizado\u2026 realmente no es antiguo; sigue esa iglesia de paredes de bloques y otros muros m\u00e1s antiguos que s\u00ed parecen medievales. Me recorro y curioseo sus rincones\u2026 siempre me han gustado estos lugares de construcciones solitarias y antiguas que casi la monta\u00f1a se las come si no es porque las cuidan de vez en cuando (algunas de ellas).<\/p>\n<div id=\"attachment_51386\" style=\"width: 1834px\" class=\"wp-caption aligncenter\"><a class=\"dt-pswp-item\" href=\"https:\/\/www.monta\u00f1asdelaluna.es\/wp-content\/uploads\/2021\/02\/IMG_2561.jpg\" data-dt-img-description=\"\" data-large_image_width=\"1824\" data-large_image_height=\"1216\"><img loading=\"lazy\" decoding=\"async\" aria-describedby=\"caption-attachment-51386\" class=\"wp-image-51386 size-large\" src=\"https:\/\/www.monta\u00f1asdelaluna.es\/wp-content\/uploads\/2021\/02\/IMG_2561-1024x683.jpg\" alt=\"Cruce hacia la Esgl\u00e8sia Vella\" width=\"1024\" height=\"683\" srcset=\"https:\/\/www.monta\u00f1asdelaluna.es\/wp-content\/uploads\/2021\/02\/IMG_2561-1024x683.jpg 1024w, https:\/\/www.monta\u00f1asdelaluna.es\/wp-content\/uploads\/2021\/02\/IMG_2561-300x200.jpg 300w, https:\/\/www.monta\u00f1asdelaluna.es\/wp-content\/uploads\/2021\/02\/IMG_2561-768x512.jpg 768w, https:\/\/www.monta\u00f1asdelaluna.es\/wp-content\/uploads\/2021\/02\/IMG_2561-1536x1024.jpg 1536w, https:\/\/www.monta\u00f1asdelaluna.es\/wp-content\/uploads\/2021\/02\/IMG_2561.jpg 1824w\" sizes=\"auto, (max-width: 1024px) 100vw, 1024px\" \/><\/a><p id=\"caption-attachment-51386\" class=\"wp-caption-text\">Cruce hacia la Esgl\u00e8sia Vella<\/p><\/div>\n<div id=\"attachment_51387\" style=\"width: 1834px\" class=\"wp-caption aligncenter\"><a class=\"dt-pswp-item\" href=\"https:\/\/www.monta\u00f1asdelaluna.es\/wp-content\/uploads\/2021\/02\/IMG_2562.jpg\" data-dt-img-description=\"\" data-large_image_width=\"1824\" data-large_image_height=\"1216\"><img loading=\"lazy\" decoding=\"async\" aria-describedby=\"caption-attachment-51387\" class=\"wp-image-51387 size-large\" src=\"https:\/\/www.monta\u00f1asdelaluna.es\/wp-content\/uploads\/2021\/02\/IMG_2562-1024x683.jpg\" alt=\"Esgl\u00e8sia Vella\" width=\"1024\" height=\"683\" srcset=\"https:\/\/www.monta\u00f1asdelaluna.es\/wp-content\/uploads\/2021\/02\/IMG_2562-1024x683.jpg 1024w, https:\/\/www.monta\u00f1asdelaluna.es\/wp-content\/uploads\/2021\/02\/IMG_2562-300x200.jpg 300w, https:\/\/www.monta\u00f1asdelaluna.es\/wp-content\/uploads\/2021\/02\/IMG_2562-768x512.jpg 768w, https:\/\/www.monta\u00f1asdelaluna.es\/wp-content\/uploads\/2021\/02\/IMG_2562-1536x1024.jpg 1536w, https:\/\/www.monta\u00f1asdelaluna.es\/wp-content\/uploads\/2021\/02\/IMG_2562.jpg 1824w\" sizes=\"auto, (max-width: 1024px) 100vw, 1024px\" \/><\/a><p id=\"caption-attachment-51387\" class=\"wp-caption-text\">Esgl\u00e8sia Vella<\/p><\/div>\n<p>Y una vez visitada y admirada la Esgl\u00e8sia Vella cojo la senda que queda detr\u00e1s de ellas para en pocos metros bajar a las calles de Canad\u00e0 Park. Recorrido final ya explicado en <a href=\"https:\/\/www.monta\u00f1asdelaluna.es\/?p=18625\" target=\"_blank\" rel=\"noopener\">de La Serralada Litoral al Corredor<\/a>, <a href=\"https:\/\/www.monta\u00f1asdelaluna.es\/?p=22414\" target=\"_blank\" rel=\"noopener\">Entre Brujas y Santas<\/a>\u2026 acabando aqu\u00ed este nuevo recorrido, un recorrido que une otras rutas y se reinventa, encuentra nuevos caminos, sendas y pasa por otros reconocidos, pisados, recordados.<\/p>\n<div id=\"attachment_51388\" style=\"width: 1422px\" class=\"wp-caption aligncenter\"><a class=\"dt-pswp-item\" href=\"https:\/\/www.monta\u00f1asdelaluna.es\/wp-content\/uploads\/2021\/02\/Elcorredor2021-001DolmenCaArenes.croquis.web_.jpg\" data-dt-img-description=\"\" data-large_image_width=\"1412\" data-large_image_height=\"1867\"><img loading=\"lazy\" decoding=\"async\" aria-describedby=\"caption-attachment-51388\" class=\"wp-image-51388 size-full\" src=\"https:\/\/www.monta\u00f1asdelaluna.es\/wp-content\/uploads\/2021\/02\/Elcorredor2021-001DolmenCaArenes.croquis.web_.jpg\" alt=\"\" width=\"1412\" height=\"1867\" srcset=\"https:\/\/www.monta\u00f1asdelaluna.es\/wp-content\/uploads\/2021\/02\/Elcorredor2021-001DolmenCaArenes.croquis.web_.jpg 1412w, https:\/\/www.monta\u00f1asdelaluna.es\/wp-content\/uploads\/2021\/02\/Elcorredor2021-001DolmenCaArenes.croquis.web_-227x300.jpg 227w, https:\/\/www.monta\u00f1asdelaluna.es\/wp-content\/uploads\/2021\/02\/Elcorredor2021-001DolmenCaArenes.croquis.web_-774x1024.jpg 774w, https:\/\/www.monta\u00f1asdelaluna.es\/wp-content\/uploads\/2021\/02\/Elcorredor2021-001DolmenCaArenes.croquis.web_-768x1015.jpg 768w, https:\/\/www.monta\u00f1asdelaluna.es\/wp-content\/uploads\/2021\/02\/Elcorredor2021-001DolmenCaArenes.croquis.web_-1162x1536.jpg 1162w\" sizes=\"auto, (max-width: 1412px) 100vw, 1412px\" \/><\/a><p id=\"caption-attachment-51388\" class=\"wp-caption-text\">Croquis del recorrido por El Corredor. PUNTO ROJO: salida de Canad\u00e0 Park. PUNTO NARANJA: Cruce de caminos donde me equivoco. PUNTO AMARILLO: Cruce de sendas y giro del G.R.<\/p><\/div>\n<p>[\/vc_column_text][\/vc_column][\/vc_row][vc_row][vc_column][vc_empty_space height=\u00bb60px\u00bb][\/vc_column][\/vc_row][vc_row][vc_column][vc_cta h2=\u00bb\u00c1lbum de fotos\u00bb txt_align=\u00bbcenter\u00bb add_button=\u00bbbottom\u00bb btn_title=\u00bbVer fotos\u00bb btn_color=\u00bbwarning\u00bb btn_align=\u00bbcenter\u00bb btn_link=\u00bburl:https%3A%2F%2Fwww.monta%C3%B1asdelaluna.es%2F%3Fdt_gallery%3Del-corredor-y-dolmen-de-ca-larenes|title:Dolmen%20de%20Ca%20l%E2%80%99Arenes%20y%20Santuario%20del%20Corredor|target:_blank\u00bb css=\u00bb.vc_custom_1639485664787{background-color: #8bc4ed !important;}\u00bb]Puedes ver todas las fotos del relato y actividad en forma de presentaci\u00f3n o individuales pinchando aqui \u00a1No te las pierdas![\/vc_cta][\/vc_column][\/vc_row][vc_row][vc_column][vc_empty_space height=\u00bb60px\u00bb][\/vc_column][\/vc_row][vc_row][vc_column width=\u00bb1\/3&#8243;][\/vc_column][vc_column width=\u00bb1\/2&#8243;][vc_column_text]Tiempo en Santuario del Corredor[\/vc_column_text][vc_raw_html]JTNDaWZyYW1lJTIwc3JjJTNEJTIyaHR0cHMlM0ElMkYlMkZ3d3cubWV0ZW9ibHVlLmNvbSUyRmVzJTJGdGllbXBvJTJGd2lkZ2V0JTJGZGFpbHklMkY0MS42MjZOMi40OEUlM0ZkYXlzJTNENyUyNnRlbXB1bml0JTNEQ0VMU0lVUyUyNndpbmR1bml0JTNES0lMT01FVEVSX1BFUl9IT1VSJTI2cGljdG9pY29uJTNEMSUyNm1heHRlbXBlcmF0dXJlJTNEMSUyNm1pbnRlbXBlcmF0dXJlJTNEMSUyNndpbmRzcGVlZCUzRDElMjZ3aW5kZ3VzdCUzRDElMjZ3aW5kZGlyZWN0aW9uJTNEMSUyNnByZWNpcGl0YXRpb24lM0QxJTI2cHJlY2lwaXRhdGlvbnByb2JhYmlsaXR5JTNEMSUyNnNwb3QlM0QxJTI2cHJlc3N1cmUlM0QxJTI2bGF5b3V0JTNEbGlnaHQlMjIlMjAlMjBmcmFtZWJvcmRlciUzRCUyMjAlMjIlMjBzY3JvbGxpbmclM0QlMjJOTyUyMiUyMGFsbG93dHJhbnNwYXJlbmN5JTNEJTIydHJ1ZSUyMiUyMHN0eWxlJTNEJTIyd2lkdGglM0ElMjAzNzhweCUzQmhlaWdodCUzQSUyMDM5MXB4JTIyJTNFJTNDJTJGaWZyYW1lJTNFJTNDZGl2JTNFJTNDJTIxLS0lMjBETyUyME5PVCUyMFJFTU9WRSUyMFRISVMlMjBMSU5LJTIwLS0lM0UlM0NhJTIwaHJlZiUzRCUyMmh0dHBzJTNBJTJGJTJGd3d3Lm1ldGVvYmx1ZS5jb20lMkZlcyUyRnRpZW1wbyUyRnByb25vc3RpY28lMkZzZW1hbmElMkY0MS42MjZOMi40OEUlMjIlMjB0YXJnZXQlM0QlMjJfYmxhbmslMjIlM0VtZXRlb2JsdWUlM0MlMkZhJTNFJTNDJTJGZGl2JTNF[\/vc_raw_html][\/vc_column][vc_column width=\u00bb1\/5&#8243;][\/vc_column][\/vc_row]<\/p>\n","protected":false},"excerpt":{"rendered":"<p>[vc_row][vc_column][vc_column_text]Despu\u00e9s de mucho tiempo sin salir a las monta\u00f1as por culpa de la pandemia, decido salir este invierno por algunas cercanas a casa como la de El Corredor. Como siempre o muchas veces intentar variar o completar recorridos ya realizados, o unir algunos\u2026 En este caso saliendo de la urbanizaci\u00f3n de Canad\u00e0 Park, como punto&hellip;<\/p>\n","protected":false},"author":1,"featured_media":51370,"comment_status":"open","ping_status":"open","sticky":false,"template":"","format":"standard","meta":[],"categories":[45],"tags":[],"class_list":["post-51369","post","type-post","status-publish","format-standard","has-post-thumbnail","hentry","category-corredor-i-montnegre","category-45","description-off"],"_links":{"self":[{"href":"https:\/\/www.monta\u00f1asdelaluna.es\/index.php?rest_route=\/wp\/v2\/posts\/51369","targetHints":{"allow":["GET"]}}],"collection":[{"href":"https:\/\/www.monta\u00f1asdelaluna.es\/index.php?rest_route=\/wp\/v2\/posts"}],"about":[{"href":"https:\/\/www.monta\u00f1asdelaluna.es\/index.php?rest_route=\/wp\/v2\/types\/post"}],"author":[{"embeddable":true,"href":"https:\/\/www.monta\u00f1asdelaluna.es\/index.php?rest_route=\/wp\/v2\/users\/1"}],"replies":[{"embeddable":true,"href":"https:\/\/www.monta\u00f1asdelaluna.es\/index.php?rest_route=%2Fwp%2Fv2%2Fcomments&post=51369"}],"version-history":[{"count":4,"href":"https:\/\/www.monta\u00f1asdelaluna.es\/index.php?rest_route=\/wp\/v2\/posts\/51369\/revisions"}],"predecessor-version":[{"id":51391,"href":"https:\/\/www.monta\u00f1asdelaluna.es\/index.php?rest_route=\/wp\/v2\/posts\/51369\/revisions\/51391"}],"wp:featuredmedia":[{"embeddable":true,"href":"https:\/\/www.monta\u00f1asdelaluna.es\/index.php?rest_route=\/wp\/v2\/media\/51370"}],"wp:attachment":[{"href":"https:\/\/www.monta\u00f1asdelaluna.es\/index.php?rest_route=%2Fwp%2Fv2%2Fmedia&parent=51369"}],"wp:term":[{"taxonomy":"category","embeddable":true,"href":"https:\/\/www.monta\u00f1asdelaluna.es\/index.php?rest_route=%2Fwp%2Fv2%2Fcategories&post=51369"},{"taxonomy":"post_tag","embeddable":true,"href":"https:\/\/www.monta\u00f1asdelaluna.es\/index.php?rest_route=%2Fwp%2Fv2%2Ftags&post=51369"}],"curies":[{"name":"wp","href":"https:\/\/api.w.org\/{rel}","templated":true}]}}