{"id":51620,"date":"2022-01-28T14:06:56","date_gmt":"2022-01-28T14:06:56","guid":{"rendered":"https:\/\/www.monta\u00f1asdelaluna.es\/?p=51620"},"modified":"2022-05-08T07:58:49","modified_gmt":"2022-05-08T07:58:49","slug":"__trashed","status":"publish","type":"post","link":"https:\/\/www.monta\u00f1asdelaluna.es\/?p=51620","title":{"rendered":"Pic de La Tribuna, 2.499 mts."},"content":{"rendered":"<p>[vc_row][vc_column][vc_column_text]Esta vez Pau escog\u00eda la actividad y monta\u00f1a a visitar, a ascender. Mientras \u00edbamos y volv\u00edamos del <a href=\"https:\/\/www.monta\u00f1asdelaluna.es\/?p=51295\" target=\"_blank\" rel=\"noopener\">Pic de Rulhe<\/a> me hab\u00eda mencionado en varias ocasiones el nombre del Roc Blanc; adem\u00e1s de que casi lo vemos desde el recorrido en coche, all\u00e1 al fondo, emergiendo de un extenso y verde manto boscoso, en los acaboses del dominio de la cordillera hacia el norte en territorio franc\u00e9s\u2026 era una de las altas monta\u00f1as desde las cuales hacia el norte el Pirineo desaparece y comienza el semillano de centro del pa\u00eds franc\u00e9s, contando las monta\u00f1itas de media altitud que a\u00fan surgir\u00e1n entre vallecillo y valecillo.<\/p>\n<p>Pau me comentaba que no era una monta\u00f1a de gran altitud como los tresmiles y casi tresmiles que coronan la cordillera, pero que por su ubicaci\u00f3n tan al norte en el Pirineo franc\u00e9s, sus condiciones invernales eran incre\u00edbles con mucha nieve que, una vez ca\u00edda, aguanta casi todo el invierno, incluso en los llanos y fondos de los valles\u2026 es la comarca que queda al norte de la alta Cerda\u00f1a, de La Cerda\u00f1a francesa: El Capcir.<\/p>\n<p>Es por ello que el pasado 28 de enero organizamos una salida a esta monta\u00f1a, o al menos hasta las proximidades de esta monta\u00f1a para asediarla y conquistarla. Como la que mejor la conoce es Pau, dejamos que sea \u00e9l el que planee desde que punto salimos y dejamos los coches. Realmente si miramos cualquier wikiloc de ascenso al famoso Roc Blanc (aunque yo no lo conoc\u00eda hasta que Pau me lo mencion\u00f3), se comprueba como se asciende de un valle que queda a su noreste desde las proximidades de Querigut y zonas pr\u00f3ximas\u2026 pero este valle queda m\u00e1s lejos y Pau decide llegar a Puyvalador para desde las casas de la peque\u00f1a estaci\u00f3n de esqu\u00ed subir hacia las proximidades del Puig del Pla de Bernat y Pic de La Tribuna para acercarnos lo m\u00e1ximo al objetivo del Roc Blanc.<\/p>\n<div id=\"attachment_51624\" style=\"width: 1610px\" class=\"wp-caption aligncenter\"><a class=\"dt-pswp-item\" href=\"https:\/\/www.monta\u00f1asdelaluna.es\/wp-content\/uploads\/2022\/01\/IMG-20220128-WA0001.jpg\" data-dt-img-description=\"\" data-large_image_width=\"1600\" data-large_image_height=\"737\"><img loading=\"lazy\" decoding=\"async\" aria-describedby=\"caption-attachment-51624\" class=\"wp-image-51624 \" src=\"https:\/\/www.monta\u00f1asdelaluna.es\/wp-content\/uploads\/2022\/01\/IMG-20220128-WA0001-1024x472.jpg\" alt=\"De derecha a izquierda, Paco, Josep y Joaqu\u00edn saliendo de la estaci\u00f3n de esqu\u00ed de Puyvalador\" width=\"820\" height=\"378\" srcset=\"https:\/\/www.monta\u00f1asdelaluna.es\/wp-content\/uploads\/2022\/01\/IMG-20220128-WA0001-1024x472.jpg 1024w, https:\/\/www.monta\u00f1asdelaluna.es\/wp-content\/uploads\/2022\/01\/IMG-20220128-WA0001-300x138.jpg 300w, https:\/\/www.monta\u00f1asdelaluna.es\/wp-content\/uploads\/2022\/01\/IMG-20220128-WA0001-768x354.jpg 768w, https:\/\/www.monta\u00f1asdelaluna.es\/wp-content\/uploads\/2022\/01\/IMG-20220128-WA0001-1536x708.jpg 1536w, https:\/\/www.monta\u00f1asdelaluna.es\/wp-content\/uploads\/2022\/01\/IMG-20220128-WA0001.jpg 1600w\" sizes=\"auto, (max-width: 820px) 100vw, 820px\" \/><\/a><p id=\"caption-attachment-51624\" class=\"wp-caption-text\">De derecha a izquierda, Paco, Josep y Joaqu\u00edn saliendo de la estaci\u00f3n de esqu\u00ed de Puyvalador<\/p><\/div>\n<p>&nbsp;<\/p>\n<div id=\"attachment_51625\" style=\"width: 1810px\" class=\"wp-caption aligncenter\"><a class=\"dt-pswp-item\" href=\"https:\/\/www.monta\u00f1asdelaluna.es\/wp-content\/uploads\/2022\/01\/00000454.jpg\" data-dt-img-description=\"\" data-large_image_width=\"1800\" data-large_image_height=\"1202\"><img loading=\"lazy\" decoding=\"async\" aria-describedby=\"caption-attachment-51625\" class=\"wp-image-51625 \" src=\"https:\/\/www.monta\u00f1asdelaluna.es\/wp-content\/uploads\/2022\/01\/00000454-1024x684.jpg\" alt=\"Gallem\u00ed subiendo por las pistas de esqu\u00ed de Puyvalador\" width=\"822\" height=\"549\" srcset=\"https:\/\/www.monta\u00f1asdelaluna.es\/wp-content\/uploads\/2022\/01\/00000454-1024x684.jpg 1024w, https:\/\/www.monta\u00f1asdelaluna.es\/wp-content\/uploads\/2022\/01\/00000454-300x200.jpg 300w, https:\/\/www.monta\u00f1asdelaluna.es\/wp-content\/uploads\/2022\/01\/00000454-768x513.jpg 768w, https:\/\/www.monta\u00f1asdelaluna.es\/wp-content\/uploads\/2022\/01\/00000454-1536x1026.jpg 1536w, https:\/\/www.monta\u00f1asdelaluna.es\/wp-content\/uploads\/2022\/01\/00000454.jpg 1800w\" sizes=\"auto, (max-width: 822px) 100vw, 822px\" \/><\/a><p id=\"caption-attachment-51625\" class=\"wp-caption-text\">Gallem\u00ed subiendo por las pistas de esqu\u00ed de Puyvalador<\/p><\/div>\n<p>La idea era subir o acercarnos lo m\u00e1ximo cargados con tienda y mochil\u00f3n para plantar un campamento en las alturas entre las cimas antes nombradas, sobre todo en la zona del Pla de Bernat, entre el mismo Puig del Pla de Bernat y el Pic de Ginebre. Pasar una noche y tener todo el d\u00eda siguiente para hacer nuestro objetivo, y pasar otra noche all\u00ed para al otro d\u00eda bajar al coche. Antes vemos otros wikiloc que siguen estos pasos para realizar esta ascensi\u00f3n y aproximaci\u00f3n al Roc Blanc; incluso si nos da tiempo y las condiciones son las propicias podemos hacer otras alturas por las crestas y cordales que los une\u2026<\/p>\n<p>Con lo que Paco, Josep Gallem\u00ed, Pau y yo llegamos al parking de la estaci\u00f3n de esqu\u00ed de Puyvalador a mitad de ma\u00f1ana del viernes, donde dejamos los coches en el peque\u00f1o y poco ocupado espacio, para desde aqu\u00ed partir monta\u00f1a arriba. Hace casi mes y medio que no nieva ni precipita en el Pirineo, pero en esta parte de la cordillera la nieve se conserva incre\u00edblemente, como si hubieran ca\u00eddo 30 ctmos. antes de ayer; pero las carreteras y caminos est\u00e1n limpios.<\/p>\n<p>Despu\u00e9s del debate de qu\u00e9 tiendas subimos (hago deshacer la mochila a Gallem\u00ed para solo subir una tienda igl\u00fa para los dos), al final decidimos subir la North Face que traje del centro, vieja, antigua, aquella que en el 2.004 subi\u00f3 al Cho Oyu con Anto\u00f1ico el de Cox, para ver su estado, si me sirve como tienda t\u00e9cnica de alta monta\u00f1a y la pueda reutilizar para ello\u2026 a pesar de sus a\u00f1os, rajas\u2026 parece que la consistencia y resistencia, sigue intacta; hay que probarla\u2026<\/p>\n<div id=\"attachment_51626\" style=\"width: 1810px\" class=\"wp-caption aligncenter\"><a class=\"dt-pswp-item\" href=\"https:\/\/www.monta\u00f1asdelaluna.es\/wp-content\/uploads\/2022\/01\/00000457.jpg\" data-dt-img-description=\"\" data-large_image_width=\"1800\" data-large_image_height=\"1202\"><img loading=\"lazy\" decoding=\"async\" aria-describedby=\"caption-attachment-51626\" class=\"wp-image-51626 \" src=\"https:\/\/www.monta\u00f1asdelaluna.es\/wp-content\/uploads\/2022\/01\/00000457-1024x684.jpg\" alt=\"Cruce de caminos y pistas junto al Serrat del Bosc Negre, delante el Serrat de La Llisa Cremada\" width=\"822\" height=\"549\" srcset=\"https:\/\/www.monta\u00f1asdelaluna.es\/wp-content\/uploads\/2022\/01\/00000457-1024x684.jpg 1024w, https:\/\/www.monta\u00f1asdelaluna.es\/wp-content\/uploads\/2022\/01\/00000457-300x200.jpg 300w, https:\/\/www.monta\u00f1asdelaluna.es\/wp-content\/uploads\/2022\/01\/00000457-768x513.jpg 768w, https:\/\/www.monta\u00f1asdelaluna.es\/wp-content\/uploads\/2022\/01\/00000457-1536x1026.jpg 1536w, https:\/\/www.monta\u00f1asdelaluna.es\/wp-content\/uploads\/2022\/01\/00000457.jpg 1800w\" sizes=\"auto, (max-width: 822px) 100vw, 822px\" \/><\/a><p id=\"caption-attachment-51626\" class=\"wp-caption-text\">Cruce de caminos y pistas junto al Serrat del Bosc Negre, delante el Serrat de La Llisa Cremada<\/p><\/div>\n<div id=\"attachment_51627\" style=\"width: 1810px\" class=\"wp-caption aligncenter\"><a class=\"dt-pswp-item\" href=\"https:\/\/www.monta\u00f1asdelaluna.es\/wp-content\/uploads\/2022\/01\/00000461.jpg\" data-dt-img-description=\"\" data-large_image_width=\"1800\" data-large_image_height=\"1202\"><img loading=\"lazy\" decoding=\"async\" aria-describedby=\"caption-attachment-51627\" class=\"wp-image-51627 \" src=\"https:\/\/www.monta\u00f1asdelaluna.es\/wp-content\/uploads\/2022\/01\/00000461-1024x684.jpg\" alt=\"Subiendo al Pic de Ginebre\" width=\"820\" height=\"548\" srcset=\"https:\/\/www.monta\u00f1asdelaluna.es\/wp-content\/uploads\/2022\/01\/00000461-1024x684.jpg 1024w, https:\/\/www.monta\u00f1asdelaluna.es\/wp-content\/uploads\/2022\/01\/00000461-300x200.jpg 300w, https:\/\/www.monta\u00f1asdelaluna.es\/wp-content\/uploads\/2022\/01\/00000461-768x513.jpg 768w, https:\/\/www.monta\u00f1asdelaluna.es\/wp-content\/uploads\/2022\/01\/00000461-1536x1026.jpg 1536w, https:\/\/www.monta\u00f1asdelaluna.es\/wp-content\/uploads\/2022\/01\/00000461.jpg 1800w\" sizes=\"auto, (max-width: 820px) 100vw, 820px\" \/><\/a><p id=\"caption-attachment-51627\" class=\"wp-caption-text\">Subiendo al Pic de Ginebre<\/p><\/div>\n<p>El d\u00eda es magn\u00edfico, soleado, fresco. Esta parte del Pirineo es como si fuera el Canad\u00e1 franc\u00e9s (como dec\u00eda Pau). Nada m\u00e1s salir del parking cogemos un camino, m\u00e1s que pista, que sube paralelo a un cauce de una riera o arroyo que baja de la monta\u00f1a que parece que queda a un lado de las pistas y estaci\u00f3n de esqu\u00ed al menos en esta parte baja del mismo. Cogemos dicho camino en direcci\u00f3n oeste y arriba entre las proximidades del arroyo y las pistas de esqu\u00ed al otro lado del bosque. Porque eso s\u00ed, hay un buen manto boscoso por entre el cual han abierto los espacios abiertos para las pistas de esqu\u00ed.<\/p>\n<p>Este camino deriva en otro algo m\u00e1s arriba por el que giramos a la derecha y lo seguimos. Hace unas cuentas curvas y se aprecia que es una pista m\u00e1s que camino, pero no pista de esqu\u00ed, si no pista para movilidades. El camino o pista nevada sigue por esas curvas y zigzags cogiendo altura y acerc\u00e1ndose a otras pistas de esqu\u00ed. Incluso pasamos cerca de una construcci\u00f3n en las orillas de una balsa. Poco m\u00e1s arriba nos topamos con la salida de una pista de esqu\u00ed que queda a la derecha (seg\u00fan subimos) de un telesilla al que llaman del Bosc Negre. Y es que parece que estamos inmersos en el que llaman el Bosc Negre a pesar de estar sangrado de pistas de esqu\u00ed que evitan la continuidad de dicho bosque. Justo antes de este punto nos encontramos con otro visitante franc\u00e9s que con sus raquetas sube por el mismo sitio que nosotros pero con una marcha m\u00e1s lenta. Pau sube con sus esqu\u00eds, y nosotros hemos dejado las raquetas al comprobar que la nieve estaba pisada y algo dura (siempre que sea posible evitamos subir las engorrosas raquetas). Y cuando nos hundimos en la nieve hasta m\u00e1s arriba de la rodilla en la pista de esqu\u00ed paralela al telesilla (casi invisible), nos acordamos de ellas.<\/p>\n<p>Para coger esta larga pista de esqu\u00ed hemos girado a la izquierda en el camino (pista) que segu\u00edamos, y solo la tenemos que seguir sin salirnos de ella hasta que acaba o desaparece entre el bosque, en una especie de faso llano en lo que llaman el Serrat del Bosc Negre, altura donde se ubica la parte de arriba y final del telesilla (telesqu\u00ed) nombrado, y que queda invisible a nuestra izquierda entre los altos \u00e1rboles, pinos, de este Bosc Negre. Lo reconoceremos porque al fondo descubriremos otra altura, otro cono m\u00e1s alto y m\u00e1s al fondo mientras llegamos al punto m\u00e1s alto de la pista de esqu\u00ed: es el Serrat de La Llissa Cremada. Detr\u00e1s de \u00e9l y algo a la derecha, aparece una especie de meseta; es el Pla de Bernat.<\/p>\n<div id=\"attachment_51628\" style=\"width: 1810px\" class=\"wp-caption aligncenter\"><a class=\"dt-pswp-item\" href=\"https:\/\/www.monta\u00f1asdelaluna.es\/wp-content\/uploads\/2022\/01\/00000464.jpg\" data-dt-img-description=\"\" data-large_image_width=\"1800\" data-large_image_height=\"1202\"><img loading=\"lazy\" decoding=\"async\" aria-describedby=\"caption-attachment-51628\" class=\"wp-image-51628 \" src=\"https:\/\/www.monta\u00f1asdelaluna.es\/wp-content\/uploads\/2022\/01\/00000464-1024x684.jpg\" alt=\"Josep llegando al Pic de Ginebre con el Serrat de La Llisa Cremada detr\u00e1s\" width=\"822\" height=\"549\" srcset=\"https:\/\/www.monta\u00f1asdelaluna.es\/wp-content\/uploads\/2022\/01\/00000464-1024x684.jpg 1024w, https:\/\/www.monta\u00f1asdelaluna.es\/wp-content\/uploads\/2022\/01\/00000464-300x200.jpg 300w, https:\/\/www.monta\u00f1asdelaluna.es\/wp-content\/uploads\/2022\/01\/00000464-768x513.jpg 768w, https:\/\/www.monta\u00f1asdelaluna.es\/wp-content\/uploads\/2022\/01\/00000464-1536x1026.jpg 1536w, https:\/\/www.monta\u00f1asdelaluna.es\/wp-content\/uploads\/2022\/01\/00000464.jpg 1800w\" sizes=\"auto, (max-width: 822px) 100vw, 822px\" \/><\/a><p id=\"caption-attachment-51628\" class=\"wp-caption-text\">Josep llegando al Pic de Ginebre con el Serrat de La Llisa Cremada detr\u00e1s<\/p><\/div>\n<div id=\"attachment_51629\" style=\"width: 1610px\" class=\"wp-caption aligncenter\"><a class=\"dt-pswp-item\" href=\"https:\/\/www.monta\u00f1asdelaluna.es\/wp-content\/uploads\/2022\/01\/IMG-20220130-WA0018.jpg\" data-dt-img-description=\"\" data-large_image_width=\"1600\" data-large_image_height=\"738\"><img loading=\"lazy\" decoding=\"async\" aria-describedby=\"caption-attachment-51629\" class=\"wp-image-51629 \" src=\"https:\/\/www.monta\u00f1asdelaluna.es\/wp-content\/uploads\/2022\/01\/IMG-20220130-WA0018-1024x472.jpg\" alt=\"Paco llegando a la cima del Pic de Ginebre, detr\u00e1s el nevado llano del Capcir\" width=\"820\" height=\"378\" srcset=\"https:\/\/www.monta\u00f1asdelaluna.es\/wp-content\/uploads\/2022\/01\/IMG-20220130-WA0018-1024x472.jpg 1024w, https:\/\/www.monta\u00f1asdelaluna.es\/wp-content\/uploads\/2022\/01\/IMG-20220130-WA0018-300x138.jpg 300w, https:\/\/www.monta\u00f1asdelaluna.es\/wp-content\/uploads\/2022\/01\/IMG-20220130-WA0018-768x354.jpg 768w, https:\/\/www.monta\u00f1asdelaluna.es\/wp-content\/uploads\/2022\/01\/IMG-20220130-WA0018-1536x708.jpg 1536w, https:\/\/www.monta\u00f1asdelaluna.es\/wp-content\/uploads\/2022\/01\/IMG-20220130-WA0018.jpg 1600w\" sizes=\"auto, (max-width: 820px) 100vw, 820px\" \/><\/a><p id=\"caption-attachment-51629\" class=\"wp-caption-text\">Paco llegando a la cima del Pic de Ginebre, detr\u00e1s el nevado llano del Capcir<\/p><\/div>\n<p>Algunos esquiadores que bajan tranquilamente nos esquivan, otros grupos aparecen por la parte alta del Serrat del Bosc Negre. Nos paramos, descansamos y vemos hacia donde seguir. Aqu\u00ed giramos hacia el norte, cruzando el peque\u00f1o cauce de una riera, por en medio del bosque, siguiendo las huellas o pasos de otros monta\u00f1eros que han seguido por aqu\u00ed en busca de las laderas del Pic de Ginebre. En el mapa franc\u00e9s del IGN sale esta senda o recorrido que, entre los \u00e1rboles y escondites del bosque, siguen hacia la zona descrita\u2026 pero realmente hasta llegar al pie de la pista de esqu\u00ed que nos ha dejado en el Serrat del Bosc Negre (en las cercan\u00edas, ya que, como he mencionado, la caseta del telesilla queda oculto entre los altos \u00e1rboles) el mapa franc\u00e9s del IGN puede liarnos; lo mejor es seguir la intuici\u00f3n de los caminos y pistas a seguir para llegar a dicho punto, pero muy cercano a la descripci\u00f3n que acabo de hacer.<\/p>\n<p>Las huellas que hacen curvas y rectas evitando pinos, esquivando escondites de bosque, derivan en un espacio abierto sin \u00e1rboles y recto, es otro telearrastre o telesqu\u00ed, el que sube, si giramos a la izquierda y arriba, hacia la cima o altura del Pic de Ginebre. A partir de aqu\u00ed ya no hay p\u00e9rdida: seguimos de poste en poste hasta la cima del Pic de Ginebre donde finaliza este telesqu\u00ed. Y arriba descubrimos una peque\u00f1ita caba\u00f1ita que es un puesto de socorro. Ya estamos en la cima del Pic de Ginebre a 2.382 mts. Hemos salido de unos 1.773 mts. del parking de la estaci\u00f3n de esqu\u00ed.<\/p>\n<p>El sol va bajando en el horizonte y llegando al Pic de Ginebre el atardecer nos sorprende con sus colores, oscuridad y luz tenue que lo hace todo m\u00e1s hermosos y acogedor, aunque frio. Gallem\u00ed llega el \u00faltimo, le cuesta subir, no se encuentra bien, algo le pasa; despu\u00e9s nos dice que ayer tuvo una comida opulenta de cal\u00e7ots y butifarras; pero al final descubrir\u00e1 que no es eso lo que le ha afectado en esta actividad\u2026<\/p>\n<div id=\"attachment_51630\" style=\"width: 1610px\" class=\"wp-caption aligncenter\"><a class=\"dt-pswp-item\" href=\"https:\/\/www.monta\u00f1asdelaluna.es\/wp-content\/uploads\/2022\/01\/IMG-20220130-WA0013.jpg\" data-dt-img-description=\"\" data-large_image_width=\"1600\" data-large_image_height=\"737\"><img loading=\"lazy\" decoding=\"async\" aria-describedby=\"caption-attachment-51630\" class=\"wp-image-51630 \" src=\"https:\/\/www.monta\u00f1asdelaluna.es\/wp-content\/uploads\/2022\/01\/IMG-20220130-WA0013-1024x472.jpg\" alt=\"Acampados junto al puesto de socorro, como refugio improvisado, de la cima del Pic de Ginebre, 2.382 mts.\" width=\"820\" height=\"378\" srcset=\"https:\/\/www.monta\u00f1asdelaluna.es\/wp-content\/uploads\/2022\/01\/IMG-20220130-WA0013-1024x472.jpg 1024w, https:\/\/www.monta\u00f1asdelaluna.es\/wp-content\/uploads\/2022\/01\/IMG-20220130-WA0013-300x138.jpg 300w, https:\/\/www.monta\u00f1asdelaluna.es\/wp-content\/uploads\/2022\/01\/IMG-20220130-WA0013-768x354.jpg 768w, https:\/\/www.monta\u00f1asdelaluna.es\/wp-content\/uploads\/2022\/01\/IMG-20220130-WA0013-1536x708.jpg 1536w, https:\/\/www.monta\u00f1asdelaluna.es\/wp-content\/uploads\/2022\/01\/IMG-20220130-WA0013.jpg 1600w\" sizes=\"auto, (max-width: 820px) 100vw, 820px\" \/><\/a><p id=\"caption-attachment-51630\" class=\"wp-caption-text\">Acampados junto al puesto de socorro, como refugio improvisado, de la cima del Pic de Ginebre, 2.382 mts.<\/p><\/div>\n<div id=\"attachment_51631\" style=\"width: 2055px\" class=\"wp-caption aligncenter\"><a class=\"dt-pswp-item\" href=\"https:\/\/www.monta\u00f1asdelaluna.es\/wp-content\/uploads\/2022\/01\/00000468.jpg\" data-dt-img-description=\"\" data-large_image_width=\"2045\" data-large_image_height=\"486\"><img loading=\"lazy\" decoding=\"async\" aria-describedby=\"caption-attachment-51631\" class=\"wp-image-51631 size-full\" src=\"https:\/\/www.monta\u00f1asdelaluna.es\/wp-content\/uploads\/2022\/01\/00000468.jpg\" alt=\"Panor\u00e1mica desde el Pi de Ginebre, 2.382 mts. De izquierda a derecha: peque\u00f1o refugio de la cima, Puig de La Pelada, llano nevado del Capcir, al fondo el Canig\u00f3, Pirineo Oriental, Serrat de La Llisa Cremada\" width=\"2045\" height=\"486\" srcset=\"https:\/\/www.monta\u00f1asdelaluna.es\/wp-content\/uploads\/2022\/01\/00000468.jpg 2045w, https:\/\/www.monta\u00f1asdelaluna.es\/wp-content\/uploads\/2022\/01\/00000468-300x71.jpg 300w, https:\/\/www.monta\u00f1asdelaluna.es\/wp-content\/uploads\/2022\/01\/00000468-1024x243.jpg 1024w, https:\/\/www.monta\u00f1asdelaluna.es\/wp-content\/uploads\/2022\/01\/00000468-768x183.jpg 768w, https:\/\/www.monta\u00f1asdelaluna.es\/wp-content\/uploads\/2022\/01\/00000468-1536x365.jpg 1536w\" sizes=\"auto, (max-width: 2045px) 100vw, 2045px\" \/><\/a><p id=\"caption-attachment-51631\" class=\"wp-caption-text\">Panor\u00e1mica desde el Pi de Ginebre, 2.382 mts. De izquierda a derecha: peque\u00f1o refugio de la cima, Puig de La Pelada, llano nevado del Capcir, al fondo el Canig\u00f3, Pirineo Oriental, Serrat de La Llisa Cremada<\/p><\/div>\n<div id=\"attachment_51632\" style=\"width: 1911px\" class=\"wp-caption aligncenter\"><a class=\"dt-pswp-item\" href=\"https:\/\/www.monta\u00f1asdelaluna.es\/wp-content\/uploads\/2022\/01\/00000475.jpg\" data-dt-img-description=\"\" data-large_image_width=\"1901\" data-large_image_height=\"472\"><img loading=\"lazy\" decoding=\"async\" aria-describedby=\"caption-attachment-51632\" class=\"wp-image-51632 size-full\" src=\"https:\/\/www.monta\u00f1asdelaluna.es\/wp-content\/uploads\/2022\/01\/00000475.jpg\" alt=\"Atardecer desde el Pi de Ginebre, 2.382 mts. De derecha a izquierda: El Roc Blanc, Pic de Baxouillade, el Pic de La Tribuna, Puig de La Portella Gran y los dos Pics Perics, delante entre el Puig de La Portella Gran y los Perics, el Puig del Pla de Bernat, delante de este el bosque del Pla de Bernat\" width=\"1901\" height=\"472\" srcset=\"https:\/\/www.monta\u00f1asdelaluna.es\/wp-content\/uploads\/2022\/01\/00000475.jpg 1901w, https:\/\/www.monta\u00f1asdelaluna.es\/wp-content\/uploads\/2022\/01\/00000475-300x74.jpg 300w, https:\/\/www.monta\u00f1asdelaluna.es\/wp-content\/uploads\/2022\/01\/00000475-1024x254.jpg 1024w, https:\/\/www.monta\u00f1asdelaluna.es\/wp-content\/uploads\/2022\/01\/00000475-768x191.jpg 768w, https:\/\/www.monta\u00f1asdelaluna.es\/wp-content\/uploads\/2022\/01\/00000475-1536x381.jpg 1536w\" sizes=\"auto, (max-width: 1901px) 100vw, 1901px\" \/><\/a><p id=\"caption-attachment-51632\" class=\"wp-caption-text\">Atardecer desde el Pi de Ginebre, 2.382 mts. De derecha a izquierda: El Roc Blanc, Pic de Baxouillade, el Pic de La Tribuna, Puig de La Portella Gran y los dos Pics Perics, delante entre el Puig de La Portella Gran y los Perics, el Puig del Pla de Bernat, delante de este el bosque del Pla de Bernat<\/p><\/div>\n<p>Hay una casetilla de primeros auxilios que usaremos de refugio improvisado; a pesar de que nos hemos subido las tiendas. Gallem\u00ed no se encuentra bien para dormir en el igl\u00fa y decide pasar la noche en el banco, que sirve de cama, de la caseta de primeros auxilios. Pau y Paco montan la tienda justo en el hueco de la nieve bajo la pared de la peque\u00f1a caba\u00f1a, y yo monto la North Face un poco m\u00e1s apartado entre peque\u00f1os pinos m\u00e1s cerca de la cima. Hay abundante nieve en la cima, y la temperatura normal fr\u00eda.<\/p>\n<p>Mientras atardece observamos las vistas hacia el norte y noroeste donde se encuentra nuestro objetivo al otro lado del hueco de un valle: El Roc Blanc; y m\u00e1s cerca el Pic de La Tribuna. Las vistas son muy monta\u00f1eras, alpinas, a pesar de su altura estas monta\u00f1as son muy alpinas y espectaculares, con perfiles agrestes y atrayentes, sobre todo el gran pe\u00f1\u00f3n del Roc Blanc. Pero m\u00e1s me sorprenden las vistas imprevistas y sorprendentes hacia el sur y este del Pirineo desde este Pic de Ginebre, en el que descubro la formidable muralla del Pirineo Oriental, desde el Puigmal a la derecha, hasta las laderas del Pic de La Dona o Bastiments a la izquierda; y m\u00e1s para all\u00e1 el abultado y llamativo Canig\u00f3; pero delante y abajo el altiplano y valles planos del Capcir con el Puig de La Pelada en medio. Nevado y precioso al atardecer. Los d\u00edas siguen siendo fabulosos sin una nube que estorbe. El sol ya se mete al otro lado de las monta\u00f1as y desaparece sobre el frio horizonte. Ma\u00f1ana haremos la actividad y volveremos a las tiendas y caba\u00f1ita para pasar la segunda noche.<\/p>\n<p>Al otro d\u00eda, despu\u00e9s de pasar una noche en la soledad de la North Face, inquietante cada vez que uno pasa una noche solo en la alta monta\u00f1a, nos despertamos justo antes del amanecer y disfrutamos de otro impresionante espect\u00e1culo de la Naturaleza en este blanco y frio Pirineo franc\u00e9s. Despu\u00e9s de fotos para inmortalizar el lugar y momento y de desayunar, nos equipamos preparados para pasar un d\u00eda entero de actividad y salimos en busca del Pla de Bernat en busca del pico arriba del mismo y de la cresta que unen el nombrado con el Pic de La Tribuna. En un principio el objetivo principal seguir\u00eda siendo el Roc Blanc, pero lo haremos por la cresta, por las alturas, pasando por el Pic de La Tribuna\u2026 ya que parece hay abundante y blanda nieve que nos podr\u00edan hundir si atravesamos el valle hacia la laderas del mismo\u2026 el paisaje y dimensiones son m\u00e1s grandes de lo que nos cre\u00edamos\u2026<\/p>\n<div id=\"attachment_51635\" style=\"width: 1810px\" class=\"wp-caption aligncenter\"><a class=\"dt-pswp-item\" href=\"https:\/\/www.monta\u00f1asdelaluna.es\/wp-content\/uploads\/2022\/01\/00000484.jpg\" data-dt-img-description=\"\" data-large_image_width=\"1800\" data-large_image_height=\"1202\"><img loading=\"lazy\" decoding=\"async\" aria-describedby=\"caption-attachment-51635\" class=\"wp-image-51635 \" src=\"https:\/\/www.monta\u00f1asdelaluna.es\/wp-content\/uploads\/2022\/01\/00000484-1024x684.jpg\" alt=\"Amanece acampado en el Pic de Ginebre, 2.382 mts., a la izquierda el Puig del Pla de Bernat y detr\u00e1s los Pics Perics y el Puig de La Portella Gran\" width=\"822\" height=\"549\" srcset=\"https:\/\/www.monta\u00f1asdelaluna.es\/wp-content\/uploads\/2022\/01\/00000484-1024x684.jpg 1024w, https:\/\/www.monta\u00f1asdelaluna.es\/wp-content\/uploads\/2022\/01\/00000484-300x200.jpg 300w, https:\/\/www.monta\u00f1asdelaluna.es\/wp-content\/uploads\/2022\/01\/00000484-768x513.jpg 768w, https:\/\/www.monta\u00f1asdelaluna.es\/wp-content\/uploads\/2022\/01\/00000484-1536x1026.jpg 1536w, https:\/\/www.monta\u00f1asdelaluna.es\/wp-content\/uploads\/2022\/01\/00000484.jpg 1800w\" sizes=\"auto, (max-width: 822px) 100vw, 822px\" \/><\/a><p id=\"caption-attachment-51635\" class=\"wp-caption-text\">Amanece acampado en el Pic de Ginebre, 2.382 mts., a la izquierda el Puig del Pla de Bernat y detr\u00e1s los Pics Perics y el Puig de La Portella Gran<\/p><\/div>\n<div id=\"attachment_51634\" style=\"width: 1810px\" class=\"wp-caption aligncenter\"><a class=\"dt-pswp-item\" href=\"https:\/\/www.monta\u00f1asdelaluna.es\/wp-content\/uploads\/2022\/01\/00000492.jpg\" data-dt-img-description=\"\" data-large_image_width=\"1800\" data-large_image_height=\"1202\"><img loading=\"lazy\" decoding=\"async\" aria-describedby=\"caption-attachment-51634\" class=\"wp-image-51634 \" src=\"https:\/\/www.monta\u00f1asdelaluna.es\/wp-content\/uploads\/2022\/01\/00000492-1024x684.jpg\" alt=\"Bajando del Pic de Ginebre al Pla de Bernat, delante el Serrat de La Llissa Cremada y Serrat dels Clots de l'Egua, a la derecha el Puig del Pla de Bernat\" width=\"822\" height=\"549\" srcset=\"https:\/\/www.monta\u00f1asdelaluna.es\/wp-content\/uploads\/2022\/01\/00000492-1024x684.jpg 1024w, https:\/\/www.monta\u00f1asdelaluna.es\/wp-content\/uploads\/2022\/01\/00000492-300x200.jpg 300w, https:\/\/www.monta\u00f1asdelaluna.es\/wp-content\/uploads\/2022\/01\/00000492-768x513.jpg 768w, https:\/\/www.monta\u00f1asdelaluna.es\/wp-content\/uploads\/2022\/01\/00000492-1536x1026.jpg 1536w, https:\/\/www.monta\u00f1asdelaluna.es\/wp-content\/uploads\/2022\/01\/00000492.jpg 1800w\" sizes=\"auto, (max-width: 822px) 100vw, 822px\" \/><\/a><p id=\"caption-attachment-51634\" class=\"wp-caption-text\">Bajando del Pic de Ginebre al Pla de Bernat, delante el Serrat de La Llissa Cremada y Serrat dels Clots de l&#8217;Egua, a la derecha el Puig del Pla de Bernat<\/p><\/div>\n<p>Bajando del Pic de Ginebre hacia el sur, suroeste, seguimos unas huellas entre los j\u00f3venes pinos del bosquecillo que inunda la zona. La bajada es leve en busca del Pla de Bernat, intentando no perder demasiada altura, es como si fu\u00e9ramos por la parte m\u00e1s alta de cordal de monta\u00f1as que nos queda hacia el oeste mirando desde nuestra base del Pic de Ginebre.<\/p>\n<p>El laber\u00edntico paseo por este Pla de Ginebre nos hace salir de vez en cuando por espacios sin \u00e1rboles desde el cual podemos ver enfrente una larga ladera blanca y suave, salpicada de peque\u00f1os pinitos, que sube a una altura anterior a la cresta con el Pic de La Tribuna: es el Puig del Pla de Bernat. Girando de suroeste a algo m\u00e1s hacia el oeste. La nieve est\u00e1 durilla sobre todo si seguimos las pisadas o huellas de esqu\u00eds, raquetas, y el d\u00eda fresco y magn\u00edfico sin nubes. Pau va con sus esqu\u00eds y a veces se adelanta o se atrasa seg\u00fan la marcha. Parece un juego para \u00e9l.<\/p>\n<p>Subimos la ladera hasta la cima del lomo que queda al norte del mismo asomados a pendientes m\u00e1s agrestes y verticales, y nos paramos en la primera cima que hacemos que nos ha sido muy f\u00e1cil, perfecto para calentar. Es el Puig del Pla de Bernat a 2.438 mts. Descansamos en esta cima. Nos abrigamos. El d\u00eda es y lo ser\u00e1 magn\u00edfico de sol y visibilidad. Antes, desde el Pla de Bernat, he fotografiado y descubierto los picos del Pic de La Tribuna y Roc Blanc, con la cresta que los une. Espectacular. Hac\u00eda all\u00e1 debemos ir o pasar. No parecer\u00e1 un paseo, es una cresta larguita y entretenida.<\/p>\n<div id=\"attachment_51636\" style=\"width: 1810px\" class=\"wp-caption aligncenter\"><a class=\"dt-pswp-item\" href=\"https:\/\/www.monta\u00f1asdelaluna.es\/wp-content\/uploads\/2022\/01\/00000496.jpg\" data-dt-img-description=\"\" data-large_image_width=\"1800\" data-large_image_height=\"1202\"><img loading=\"lazy\" decoding=\"async\" aria-describedby=\"caption-attachment-51636\" class=\"wp-image-51636 \" src=\"https:\/\/www.monta\u00f1asdelaluna.es\/wp-content\/uploads\/2022\/01\/00000496-1024x684.jpg\" alt=\"Subiendo al Puig del Pla de Bernat con el Pic de Ginebre a la izquierda y el Pla de Bernat delante\" width=\"823\" height=\"550\" srcset=\"https:\/\/www.monta\u00f1asdelaluna.es\/wp-content\/uploads\/2022\/01\/00000496-1024x684.jpg 1024w, https:\/\/www.monta\u00f1asdelaluna.es\/wp-content\/uploads\/2022\/01\/00000496-300x200.jpg 300w, https:\/\/www.monta\u00f1asdelaluna.es\/wp-content\/uploads\/2022\/01\/00000496-768x513.jpg 768w, https:\/\/www.monta\u00f1asdelaluna.es\/wp-content\/uploads\/2022\/01\/00000496-1536x1026.jpg 1536w, https:\/\/www.monta\u00f1asdelaluna.es\/wp-content\/uploads\/2022\/01\/00000496.jpg 1800w\" sizes=\"auto, (max-width: 823px) 100vw, 823px\" \/><\/a><p id=\"caption-attachment-51636\" class=\"wp-caption-text\">Subiendo al Puig del Pla de Bernat con el Pic de Ginebre a la izquierda y el Pla de Bernat delante<\/p><\/div>\n<div id=\"attachment_51637\" style=\"width: 1810px\" class=\"wp-caption aligncenter\"><a class=\"dt-pswp-item\" href=\"https:\/\/www.monta\u00f1asdelaluna.es\/wp-content\/uploads\/2022\/01\/00000498.jpg\" data-dt-img-description=\"\" data-large_image_width=\"1800\" data-large_image_height=\"1202\"><img loading=\"lazy\" decoding=\"async\" aria-describedby=\"caption-attachment-51637\" class=\"wp-image-51637 \" src=\"https:\/\/www.monta\u00f1asdelaluna.es\/wp-content\/uploads\/2022\/01\/00000498-1024x684.jpg\" alt=\"Llegando a la cima del Puig del Pla de Bernat\" width=\"820\" height=\"548\" srcset=\"https:\/\/www.monta\u00f1asdelaluna.es\/wp-content\/uploads\/2022\/01\/00000498-1024x684.jpg 1024w, https:\/\/www.monta\u00f1asdelaluna.es\/wp-content\/uploads\/2022\/01\/00000498-300x200.jpg 300w, https:\/\/www.monta\u00f1asdelaluna.es\/wp-content\/uploads\/2022\/01\/00000498-768x513.jpg 768w, https:\/\/www.monta\u00f1asdelaluna.es\/wp-content\/uploads\/2022\/01\/00000498-1536x1026.jpg 1536w, https:\/\/www.monta\u00f1asdelaluna.es\/wp-content\/uploads\/2022\/01\/00000498.jpg 1800w\" sizes=\"auto, (max-width: 820px) 100vw, 820px\" \/><\/a><p id=\"caption-attachment-51637\" class=\"wp-caption-text\">Llegando a la cima del Puig del Pla de Bernat<\/p><\/div>\n<p>Desde la cima del Puig del Pla de Bernat miramos hacia el suroeste para descubrir otro grupo de monta\u00f1as conocidas pero no visitadas por mi: los Pics Perics, pero en lugar de verlos por su vertiente sur como es habitual desde el \u00c9tang de Les Bulloses, ve\u00edamos su vertiente norte, con lo que se hab\u00edan invertido el orden de las monta\u00f1as. Detr\u00e1s de \u00e9stos y m\u00e1s cerca de nosotros el Pic de La Portella Gran de la que habla Gallem\u00ed en varias ocasiones de una actividad que hizo en los alrededores de dicho pico, con lagos de alta monta\u00f1a y recorridos recomendados\u2026 ser\u00eda otro lugar nuevo para m\u00ed, como lo es este recorrido por las fronteras de la alta monta\u00f1a del Pirineo franc\u00e9s hacia el norte.<\/p>\n<p>Fotos y celebraci\u00f3n de esta primera cimita, a pesar de haber sido un paseo. Vemos nuestro objetivo al fondo, al noroeste; es una monta\u00f1a muy caracter\u00edstica y reconocible, una gran roca o pe\u00f1\u00f3n grueso y separado del resto de picos y monta\u00f1as, con forma casi de casco deformado. Comprobamos que delante de \u00e9l est\u00e1 el Pic de La Tribuna y desde \u00e9ste saldr\u00e1 una cresta que nos acerque al Roc Blanc. El camino al Pic de La Tribuna pasa por bajar hasta el fondo del vallecillo que tenemos a nuestros pies al norte, circundar un contrafuerte que baja del mismo Pic de La Tribuna y meternos en otro vallecillo que nos llevar\u00e1 hasta as faldas del pe\u00f1\u00f3n.<\/p>\n<p>Pensando que la nieve puede estar blanda y en hacer m\u00e1s monta\u00f1as dentro de la actividad (tenemos todo el d\u00eda), al final decidimos ir por la cresta que une este Puig del Pla de Bernat con el mismo Pic de La Tribuna. As\u00ed que bajamos por la ladera contraria a la que hab\u00edamos subido, por el lado oeste, con la intenci\u00f3n de seguir la cresta que une los dos picos. F\u00e1cil y reconocible. Una huella nos gu\u00eda para bajar por esta vertiente m\u00e1s empinada hasta coger la cresta o cordal de bajada hacia el collado o Portella de Botadiol. Se puede decir que \u00edbamos a hacer la Cresta de Botadiol.<\/p>\n<div id=\"attachment_51638\" style=\"width: 1810px\" class=\"wp-caption aligncenter\"><a class=\"dt-pswp-item\" href=\"https:\/\/www.monta\u00f1asdelaluna.es\/wp-content\/uploads\/2022\/01\/00000508.jpg\" data-dt-img-description=\"\" data-large_image_width=\"1800\" data-large_image_height=\"1202\"><img loading=\"lazy\" decoding=\"async\" aria-describedby=\"caption-attachment-51638\" class=\"wp-image-51638 \" src=\"https:\/\/www.monta\u00f1asdelaluna.es\/wp-content\/uploads\/2022\/01\/00000508-1024x684.jpg\" alt=\"Paco, Pau y Josep en la cima del Puig del Pla de Bernat, 2.438 mts.\" width=\"823\" height=\"550\" srcset=\"https:\/\/www.monta\u00f1asdelaluna.es\/wp-content\/uploads\/2022\/01\/00000508-1024x684.jpg 1024w, https:\/\/www.monta\u00f1asdelaluna.es\/wp-content\/uploads\/2022\/01\/00000508-300x200.jpg 300w, https:\/\/www.monta\u00f1asdelaluna.es\/wp-content\/uploads\/2022\/01\/00000508-768x513.jpg 768w, https:\/\/www.monta\u00f1asdelaluna.es\/wp-content\/uploads\/2022\/01\/00000508-1536x1026.jpg 1536w, https:\/\/www.monta\u00f1asdelaluna.es\/wp-content\/uploads\/2022\/01\/00000508.jpg 1800w\" sizes=\"auto, (max-width: 823px) 100vw, 823px\" \/><\/a><p id=\"caption-attachment-51638\" class=\"wp-caption-text\">Paco, Pau y Josep en la cima del Puig del Pla de Bernat, 2.438 mts.<\/p><\/div>\n<div id=\"attachment_51639\" style=\"width: 1610px\" class=\"wp-caption aligncenter\"><a class=\"dt-pswp-item\" href=\"https:\/\/www.monta\u00f1asdelaluna.es\/wp-content\/uploads\/2022\/01\/IMG-20220130-WA0053.jpg\" data-dt-img-description=\"\" data-large_image_width=\"1600\" data-large_image_height=\"899\"><img loading=\"lazy\" decoding=\"async\" aria-describedby=\"caption-attachment-51639\" class=\"wp-image-51639 \" src=\"https:\/\/www.monta\u00f1asdelaluna.es\/wp-content\/uploads\/2022\/01\/IMG-20220130-WA0053-1024x575.jpg\" alt=\"Joaqu\u00edn en la cima del Puig del Pla de Bernat, 2.438 mts.\" width=\"821\" height=\"461\" srcset=\"https:\/\/www.monta\u00f1asdelaluna.es\/wp-content\/uploads\/2022\/01\/IMG-20220130-WA0053-1024x575.jpg 1024w, https:\/\/www.monta\u00f1asdelaluna.es\/wp-content\/uploads\/2022\/01\/IMG-20220130-WA0053-300x169.jpg 300w, https:\/\/www.monta\u00f1asdelaluna.es\/wp-content\/uploads\/2022\/01\/IMG-20220130-WA0053-768x432.jpg 768w, https:\/\/www.monta\u00f1asdelaluna.es\/wp-content\/uploads\/2022\/01\/IMG-20220130-WA0053-1536x863.jpg 1536w, https:\/\/www.monta\u00f1asdelaluna.es\/wp-content\/uploads\/2022\/01\/IMG-20220130-WA0053.jpg 1600w\" sizes=\"auto, (max-width: 821px) 100vw, 821px\" \/><\/a><p id=\"caption-attachment-51639\" class=\"wp-caption-text\">Joaqu\u00edn en la cima del Puig del Pla de Bernat, 2.438 mts.<\/p><\/div>\n<div id=\"attachment_51640\" style=\"width: 1610px\" class=\"wp-caption aligncenter\"><a class=\"dt-pswp-item\" href=\"https:\/\/www.monta\u00f1asdelaluna.es\/wp-content\/uploads\/2022\/01\/IMG-20220130-WA0026.jpg\" data-dt-img-description=\"\" data-large_image_width=\"1600\" data-large_image_height=\"361\"><img loading=\"lazy\" decoding=\"async\" aria-describedby=\"caption-attachment-51640\" class=\"wp-image-51640 size-full\" src=\"https:\/\/www.monta\u00f1asdelaluna.es\/wp-content\/uploads\/2022\/01\/IMG-20220130-WA0026.jpg\" alt=\"Joaqu\u00edn de espaldas y Paco en la cima del Puig del Pla de Bernat; a la derecha el Roc Blanc, en el centro derecha el Pic de La Tribuna y la pir\u00e1mide del Pic de Baxouillade, a la izquierda el Puig de La Portella Gran, Puig Peric y Petit Peric\" width=\"1600\" height=\"361\" srcset=\"https:\/\/www.monta\u00f1asdelaluna.es\/wp-content\/uploads\/2022\/01\/IMG-20220130-WA0026.jpg 1600w, https:\/\/www.monta\u00f1asdelaluna.es\/wp-content\/uploads\/2022\/01\/IMG-20220130-WA0026-300x68.jpg 300w, https:\/\/www.monta\u00f1asdelaluna.es\/wp-content\/uploads\/2022\/01\/IMG-20220130-WA0026-1024x231.jpg 1024w, https:\/\/www.monta\u00f1asdelaluna.es\/wp-content\/uploads\/2022\/01\/IMG-20220130-WA0026-768x173.jpg 768w, https:\/\/www.monta\u00f1asdelaluna.es\/wp-content\/uploads\/2022\/01\/IMG-20220130-WA0026-1536x347.jpg 1536w\" sizes=\"auto, (max-width: 1600px) 100vw, 1600px\" \/><\/a><p id=\"caption-attachment-51640\" class=\"wp-caption-text\">Joaqu\u00edn de espaldas y Paco en la cima del Puig del Pla de Bernat; a la derecha el Roc Blanc, en el centro derecha el Pic de La Tribuna y la pir\u00e1mide del Pic de Baxouillade, a la izquierda el Puig de La Portella Gran, Puig Peric y Petit Peric<\/p><\/div>\n<p>En un principio parec\u00eda f\u00e1cil y r\u00e1pida, pero no era una cresta o paso que segu\u00edan los monta\u00f1eros. Las huellas, pocos metros m\u00e1s abajo, se perd\u00edan o se desfiguraban, y el avance por la misma poco a poco fue lento y muy entretenido. Hab\u00eda lugares en los que las pendientes al ambos lados eran casi verticales perfectas, una con nieva (a la derecha) y la otra de roca (a la izquierda); y por encima de la misma ten\u00edamos que colarnos, meternos entre los arbolillos que invad\u00edan el filo de la misma, no hab\u00eda paso o sendero, a veces las huellas aparec\u00edan y nos hac\u00edan bajar poca altura para esquivar esas frondosidades, a un lado o al otro de la cresta; pero en su mayor\u00eda seguimos por la cima de la misma.<\/p>\n<p>Justo en la bajada a la cresta ya nos tenemos que poner los crampones, ya que la nieve se presenta en algunos rincones por donde debemos pasar, m\u00e1s dura, y la pendiente m\u00e1s vertical. Pau se echa los esqu\u00eds a la espalda. En otra ocasi\u00f3n unas huellas salen a la izquierda por una vertiente bastante vertical de nieve en el que debemos usar los dos piolets; Gallem\u00ed y yo nos atrevimos a bajar por esta emocionante escalera vertical, pero Paco y Pau siguieron como dos retobatos intentando abrirse paso entre la espesura y gruesas ramas de los pinos que salen de la cresta. A Gallem\u00ed se le vuela la gorra que se queda peligrosamente en una vertiente entre 60 y 70\u00ba de una nieve no muy estable\u2026 nadie nos atrevimos a ir a por ella y recuperarla.<\/p>\n<p>Al cabo de m\u00e1s tiempo del esperado llegamos a la Portela de Botadiol, 2.252 mts. La cresta que en un principio deb\u00eda ser la v\u00eda m\u00e1s r\u00e1pida, se convirti\u00f3 en la m\u00e1s lenta, fatigosa, inc\u00f3moda, de lo que pod\u00eda ser el recorrido. En un momento determinado les digo a los compa\u00f1eros que cogi\u00e9ramos las laderas nevadas de la derecha en cuanto su inclinaci\u00f3n fuera lo m\u00e1s factible posible para bajarnos de la cresta, ya que parec\u00eda que, una vez subidos a la cresta no hab\u00eda manera de bajar de ella, solo seguirla, por lo abrupto y vertical de ambos lados (la abundante nieve en el lado derecha hace que la verticalidad de la ladera se acent\u00fae). Pero Gallem\u00ed le encanta este recorrido por esta cresta ind\u00f3mita y sin marcas, monte a trav\u00e9s, con lo que al final no lo vemos claro y decidimos seguir cresta arriba, seguir la cresta hasta su final en el Pic de La Tribuna.<\/p>\n<div id=\"attachment_51641\" style=\"width: 1810px\" class=\"wp-caption aligncenter\"><a class=\"dt-pswp-item\" href=\"https:\/\/www.monta\u00f1asdelaluna.es\/wp-content\/uploads\/2022\/01\/00000513.jpg\" data-dt-img-description=\"\" data-large_image_width=\"1800\" data-large_image_height=\"1202\"><img loading=\"lazy\" decoding=\"async\" aria-describedby=\"caption-attachment-51641\" class=\"wp-image-51641 \" src=\"https:\/\/www.monta\u00f1asdelaluna.es\/wp-content\/uploads\/2022\/01\/00000513-1024x684.jpg\" alt=\"Cresta de Botadiol, entre el Pic del Pla de Bernat y el Pic de La Tribuna, arriba a la derecha el Pic de La Tribuna y a su izquierda el Pic de Baxouillade\" width=\"822\" height=\"549\" srcset=\"https:\/\/www.monta\u00f1asdelaluna.es\/wp-content\/uploads\/2022\/01\/00000513-1024x684.jpg 1024w, https:\/\/www.monta\u00f1asdelaluna.es\/wp-content\/uploads\/2022\/01\/00000513-300x200.jpg 300w, https:\/\/www.monta\u00f1asdelaluna.es\/wp-content\/uploads\/2022\/01\/00000513-768x513.jpg 768w, https:\/\/www.monta\u00f1asdelaluna.es\/wp-content\/uploads\/2022\/01\/00000513-1536x1026.jpg 1536w, https:\/\/www.monta\u00f1asdelaluna.es\/wp-content\/uploads\/2022\/01\/00000513.jpg 1800w\" sizes=\"auto, (max-width: 822px) 100vw, 822px\" \/><\/a><p id=\"caption-attachment-51641\" class=\"wp-caption-text\">Cresta de Botadiol, entre el Pic del Pla de Bernat y el Pic de La Tribuna, arriba a la derecha el Pic de La Tribuna y a su izquierda el Pic de Baxouillade<\/p><\/div>\n<div id=\"attachment_51642\" style=\"width: 1810px\" class=\"wp-caption aligncenter\"><a class=\"dt-pswp-item\" href=\"https:\/\/www.monta\u00f1asdelaluna.es\/wp-content\/uploads\/2022\/01\/00000515.jpg\" data-dt-img-description=\"\" data-large_image_width=\"1800\" data-large_image_height=\"1202\"><img loading=\"lazy\" decoding=\"async\" aria-describedby=\"caption-attachment-51642\" class=\"wp-image-51642 \" src=\"https:\/\/www.monta\u00f1asdelaluna.es\/wp-content\/uploads\/2022\/01\/00000515-1024x684.jpg\" alt=\"Josep en un paso de la cresta\" width=\"820\" height=\"548\" srcset=\"https:\/\/www.monta\u00f1asdelaluna.es\/wp-content\/uploads\/2022\/01\/00000515-1024x684.jpg 1024w, https:\/\/www.monta\u00f1asdelaluna.es\/wp-content\/uploads\/2022\/01\/00000515-300x200.jpg 300w, https:\/\/www.monta\u00f1asdelaluna.es\/wp-content\/uploads\/2022\/01\/00000515-768x513.jpg 768w, https:\/\/www.monta\u00f1asdelaluna.es\/wp-content\/uploads\/2022\/01\/00000515-1536x1026.jpg 1536w, https:\/\/www.monta\u00f1asdelaluna.es\/wp-content\/uploads\/2022\/01\/00000515.jpg 1800w\" sizes=\"auto, (max-width: 820px) 100vw, 820px\" \/><\/a><p id=\"caption-attachment-51642\" class=\"wp-caption-text\">Josep en un paso de la cresta<\/p><\/div>\n<p>De vez en cuando los compa\u00f1eros me o\u00edan refunfu\u00f1ar. Me molestaba y desgastaba este progreso monte a trav\u00e9s con tantos pinos, ramas, rocas y pasos estrechos, de la cresta. Es cierto que la actividad era m\u00e1s t\u00e9cnica y entretenida, interesante, que bajar y caminar por la abundante nieve. Pero a Gallem\u00ed que le encantan este tipo de progresi\u00f3n, iba delante abriendo camino cresta arriba. Llega un momento que la pendiente de la derecha no era tan inclinada y el fondo del mismo se acercaba o no era tan profundo; y a la vez la cresta hacia un arco acerc\u00e1ndose a las ladera de subida ya al Pic de La Tribuna. Nos quedan dos o tres peque\u00f1as alturas en la misma cresta ya m\u00e1s f\u00e1ciles de cruzar, de atravesar. Eso s\u00ed, el espect\u00e1culo es formidable, agreste e impresionante mientras progresamos por esta cresta. El d\u00eda se mantiene perfecto y con muy buena visibilidad, con algo de viento y fresco, fr\u00edo, normal para la \u00e9poca.<\/p>\n<p>Lo f\u00e1cil que nos ha llevado subir al Puig del Pla de Bernat y lo largo y complicado que nos est\u00e1 llevando la cresta que une esta altura con el Pic de La Tribuna\u2026 ya podemos descartar el resto de picos, el Roc Blanc, con llegar a la cima del Pic de La Tribuna tendremos bastante. Son las 14:20 hrs. cuando llegamos al collado donde acaba la cresta, ya convertida en loma o cordal ancho, y comienza el ascenso, la pala final, para llegar al Pic de La Tribuna.<\/p>\n<p>No hay complicaciones para llegar a la cima del Pic de La Tribuna, es una pala empinada y realmente corta hasta llegar a la cima de 2.499 mts., nos llevan entre 10 y 15 minutos subir esta pala. Celebraciones, videos y fotos de grupo, de cima. Observamos lo que nos queda hasta el Roc Blanc\u2026 imposible si hay que ir por una cresta como la que hemos hecho; pero descubrimos otra espectacular monta\u00f1a que de tanto en tanto la entreve\u00edamos por detr\u00e1s del Pic de La Tribuna, hacia el oeste: es una perfecta, agreste, vertical y magn\u00edfica pir\u00e1mide natural, con una cresta que la une con el Pic de La Tribuna, afilada, muy rocosa, agreste y muy alpina\u2026 es el Pic de Baxouillade, casi 50 metros m\u00e1s alto que el Pic de La Tribuna.<\/p>\n<div id=\"attachment_51643\" style=\"width: 1810px\" class=\"wp-caption aligncenter\"><a class=\"dt-pswp-item\" href=\"https:\/\/www.monta\u00f1asdelaluna.es\/wp-content\/uploads\/2022\/01\/00000516.jpg\" data-dt-img-description=\"\" data-large_image_width=\"1800\" data-large_image_height=\"1202\"><img loading=\"lazy\" decoding=\"async\" aria-describedby=\"caption-attachment-51643\" class=\"wp-image-51643 \" src=\"https:\/\/www.monta\u00f1asdelaluna.es\/wp-content\/uploads\/2022\/01\/00000516-1024x684.jpg\" alt=\"Josep en la Cresta de Botadiol, arriba el Pic de La Tribuna\" width=\"820\" height=\"548\" srcset=\"https:\/\/www.monta\u00f1asdelaluna.es\/wp-content\/uploads\/2022\/01\/00000516-1024x684.jpg 1024w, https:\/\/www.monta\u00f1asdelaluna.es\/wp-content\/uploads\/2022\/01\/00000516-300x200.jpg 300w, https:\/\/www.monta\u00f1asdelaluna.es\/wp-content\/uploads\/2022\/01\/00000516-768x513.jpg 768w, https:\/\/www.monta\u00f1asdelaluna.es\/wp-content\/uploads\/2022\/01\/00000516-1536x1026.jpg 1536w, https:\/\/www.monta\u00f1asdelaluna.es\/wp-content\/uploads\/2022\/01\/00000516.jpg 1800w\" sizes=\"auto, (max-width: 820px) 100vw, 820px\" \/><\/a><p id=\"caption-attachment-51643\" class=\"wp-caption-text\">Josep en la Cresta de Botadiol, arriba el Pic de La Tribuna<\/p><\/div>\n<div id=\"attachment_51644\" style=\"width: 1810px\" class=\"wp-caption aligncenter\"><a class=\"dt-pswp-item\" href=\"https:\/\/www.monta\u00f1asdelaluna.es\/wp-content\/uploads\/2022\/01\/00000520.jpg\" data-dt-img-description=\"\" data-large_image_width=\"1800\" data-large_image_height=\"1202\"><img loading=\"lazy\" decoding=\"async\" aria-describedby=\"caption-attachment-51644\" class=\"wp-image-51644 \" src=\"https:\/\/www.monta\u00f1asdelaluna.es\/wp-content\/uploads\/2022\/01\/00000520-1024x684.jpg\" alt=\"Seguimos la cresta hacia el Pic de La Tribuna a la derecha\" width=\"823\" height=\"550\" srcset=\"https:\/\/www.monta\u00f1asdelaluna.es\/wp-content\/uploads\/2022\/01\/00000520-1024x684.jpg 1024w, https:\/\/www.monta\u00f1asdelaluna.es\/wp-content\/uploads\/2022\/01\/00000520-300x200.jpg 300w, https:\/\/www.monta\u00f1asdelaluna.es\/wp-content\/uploads\/2022\/01\/00000520-768x513.jpg 768w, https:\/\/www.monta\u00f1asdelaluna.es\/wp-content\/uploads\/2022\/01\/00000520-1536x1026.jpg 1536w, https:\/\/www.monta\u00f1asdelaluna.es\/wp-content\/uploads\/2022\/01\/00000520.jpg 1800w\" sizes=\"auto, (max-width: 823px) 100vw, 823px\" \/><\/a><p id=\"caption-attachment-51644\" class=\"wp-caption-text\">Seguimos la cresta hacia el Pic de La Tribuna a la derecha<\/p><\/div>\n<div id=\"attachment_51645\" style=\"width: 1810px\" class=\"wp-caption aligncenter\"><a class=\"dt-pswp-item\" href=\"https:\/\/www.monta\u00f1asdelaluna.es\/wp-content\/uploads\/2022\/01\/00000523.jpg\" data-dt-img-description=\"\" data-large_image_width=\"1800\" data-large_image_height=\"1202\"><img loading=\"lazy\" decoding=\"async\" aria-describedby=\"caption-attachment-51645\" class=\"wp-image-51645 \" src=\"https:\/\/www.monta\u00f1asdelaluna.es\/wp-content\/uploads\/2022\/01\/00000523-1024x684.jpg\" alt=\"Seguimos la cresta hacia el Pic de La Tribuna\" width=\"820\" height=\"548\" srcset=\"https:\/\/www.monta\u00f1asdelaluna.es\/wp-content\/uploads\/2022\/01\/00000523-1024x684.jpg 1024w, https:\/\/www.monta\u00f1asdelaluna.es\/wp-content\/uploads\/2022\/01\/00000523-300x200.jpg 300w, https:\/\/www.monta\u00f1asdelaluna.es\/wp-content\/uploads\/2022\/01\/00000523-768x513.jpg 768w, https:\/\/www.monta\u00f1asdelaluna.es\/wp-content\/uploads\/2022\/01\/00000523-1536x1026.jpg 1536w, https:\/\/www.monta\u00f1asdelaluna.es\/wp-content\/uploads\/2022\/01\/00000523.jpg 1800w\" sizes=\"auto, (max-width: 820px) 100vw, 820px\" \/><\/a><p id=\"caption-attachment-51645\" class=\"wp-caption-text\">Seguimos la cresta hacia el Pic de La Tribuna<\/p><\/div>\n<p>Las vistas son magn\u00edficas e incre\u00edbles. El d\u00eda nos sigue acompa\u00f1ando. Sigue haciendo fr\u00edo pero la visibilidad y espect\u00e1culo es soberbio, precioso\u2026 el invierno no se va del Pirineo franc\u00e9s. El Roc Blanc queda como una enorme roca sobresaliente y casi aislada del resto de crestas y cordales de esta parte del Pirineo, al norte, cerca el nombrado y espectacular tambi\u00e9n Pic de Baxouillade, y al sur, suroeste volvemos a descubrir, pero ahora desde m\u00e1s altura, el conjunto de monta\u00f1as y picos de los Pics Perics y Portella Gran. Al fondo sur, sureste de nuevo esa formidable muralla, casi impenetrable y alta que es el Pirineo Oriental, de nuevo altiva, con el Canig\u00f3 como otro macizo destacable y como separado al final de la cordillera al este, bien visible y reconocible, con su perfil inconfundible de macizo con varias puntas y vertientes. Precioso.<\/p>\n<p>Es hora de bajar. El sol ahora en enero se pondr\u00e1 pronto y debemos de llegar a nuestra base si puede ser antes de que sea de noche. Deshacer el camino realizado por la cresta lo descartamos por la complicado y largo; con lo que nos decidimos a bajar al collado antes nombrado y en lugar de deshacer la cresta nombrada y recorrida para llegar aqu\u00ed, decidimos girar a la izquierda y bajar por las empinadas y verticales pendientes de nieve abundante hacia el fondo de este alto valle que forma un peque\u00f1o circo entre la cresta mencionada, el Pic de La Tribuna y otra cresta o cordal al otro lado, al norte, que baja tambi\u00e9n de la cima del Pic de La Tribuna, que no hemos pisado.<\/p>\n<p>En un principio debemos de buscar la parte menos inclinada, menos vertical, para bajar por la ladera con nieve dura, a la que se clavan perfectamente los crampones. Tengo miedo de que la nieve de abajo, ya horizontal, sea tan abundante y blanda que nos hundamos hasta la cintura en alguna ocasi\u00f3n, raz\u00f3n por la que cogimos la cresta (que al final fue m\u00e1s angustiosa), pero es el camino m\u00e1s recto. La idea es bajar hasta el fondo del vallecillo que queda entre el Pic de La Tribuna y el Puig del Pla de Bernat, y una vez rodeado las paredes y roquedales de la pendiente norte del Puig del Pla de Bernat, buscar una subida que nos deje en el Pla de Bernat para, f\u00e1cilmente, seguir por el lugar desandando lo caminado hasta el Pic de Ginebre.<\/p>\n<div id=\"attachment_51646\" style=\"width: 1810px\" class=\"wp-caption aligncenter\"><a class=\"dt-pswp-item\" href=\"https:\/\/www.monta\u00f1asdelaluna.es\/wp-content\/uploads\/2022\/01\/00000534.jpg\" data-dt-img-description=\"\" data-large_image_width=\"1800\" data-large_image_height=\"1202\"><img loading=\"lazy\" decoding=\"async\" aria-describedby=\"caption-attachment-51646\" class=\"wp-image-51646 \" src=\"https:\/\/www.monta\u00f1asdelaluna.es\/wp-content\/uploads\/2022\/01\/00000534-1024x684.jpg\" alt=\"De derecha a izquierda Josep, Paco y Pau en la cima del Pic de La Tribuna, 2.499 mts.\" width=\"822\" height=\"549\" srcset=\"https:\/\/www.monta\u00f1asdelaluna.es\/wp-content\/uploads\/2022\/01\/00000534-1024x684.jpg 1024w, https:\/\/www.monta\u00f1asdelaluna.es\/wp-content\/uploads\/2022\/01\/00000534-300x200.jpg 300w, https:\/\/www.monta\u00f1asdelaluna.es\/wp-content\/uploads\/2022\/01\/00000534-768x513.jpg 768w, https:\/\/www.monta\u00f1asdelaluna.es\/wp-content\/uploads\/2022\/01\/00000534-1536x1026.jpg 1536w, https:\/\/www.monta\u00f1asdelaluna.es\/wp-content\/uploads\/2022\/01\/00000534.jpg 1800w\" sizes=\"auto, (max-width: 822px) 100vw, 822px\" \/><\/a><p id=\"caption-attachment-51646\" class=\"wp-caption-text\">De derecha a izquierda Josep, Paco y Pau en la cima del Pic de La Tribuna, 2.499 mts.<\/p><\/div>\n<div id=\"attachment_51647\" style=\"width: 1997px\" class=\"wp-caption aligncenter\"><a class=\"dt-pswp-item\" href=\"https:\/\/www.monta\u00f1asdelaluna.es\/wp-content\/uploads\/2022\/01\/00000530.jpg\" data-dt-img-description=\"\" data-large_image_width=\"1987\" data-large_image_height=\"529\"><img loading=\"lazy\" decoding=\"async\" aria-describedby=\"caption-attachment-51647\" class=\"wp-image-51647 size-full\" src=\"https:\/\/www.monta\u00f1asdelaluna.es\/wp-content\/uploads\/2022\/01\/00000530.jpg\" alt=\"Panor\u00e1mica desde la cima del Pic de La Tribuna, 2.499 mts., abajo el alto valle de Boutadiol, en el centro la cresta hasta el Puig del Pla de Bernat en el centro izquierda, el Pla de Bernat y el Pic de Ginebre a la izquierda; al fondo de derecha a izquierda: el Puig de la Portella Gran, el Puig Peric, el Petit Peric, el Pirineo Oriental, y el Puig de La Pelada y Canig\u00f3 en linea; Paco y Josep en la cima.\" width=\"1987\" height=\"529\" srcset=\"https:\/\/www.monta\u00f1asdelaluna.es\/wp-content\/uploads\/2022\/01\/00000530.jpg 1987w, https:\/\/www.monta\u00f1asdelaluna.es\/wp-content\/uploads\/2022\/01\/00000530-300x80.jpg 300w, https:\/\/www.monta\u00f1asdelaluna.es\/wp-content\/uploads\/2022\/01\/00000530-1024x273.jpg 1024w, https:\/\/www.monta\u00f1asdelaluna.es\/wp-content\/uploads\/2022\/01\/00000530-768x204.jpg 768w, https:\/\/www.monta\u00f1asdelaluna.es\/wp-content\/uploads\/2022\/01\/00000530-1536x409.jpg 1536w\" sizes=\"auto, (max-width: 1987px) 100vw, 1987px\" \/><\/a><p id=\"caption-attachment-51647\" class=\"wp-caption-text\">Panor\u00e1mica desde la cima del Pic de La Tribuna, 2.499 mts., abajo el alto valle de Boutadiol, en el centro la cresta hasta el Puig del Pla de Bernat en el centro izquierda, el Pla de Bernat y el Pic de Ginebre a la izquierda; al fondo de derecha a izquierda: el Puig de la Portella Gran, el Puig Peric, el Petit Peric, el Pirineo Oriental, y el Puig de La Pelada y Canig\u00f3 en linea; Paco y Josep en la cima.<\/p><\/div>\n<div id=\"attachment_51648\" style=\"width: 2026px\" class=\"wp-caption aligncenter\"><a class=\"dt-pswp-item\" href=\"https:\/\/www.monta\u00f1asdelaluna.es\/wp-content\/uploads\/2022\/01\/00000531.jpg\" data-dt-img-description=\"\" data-large_image_width=\"2016\" data-large_image_height=\"446\"><img loading=\"lazy\" decoding=\"async\" aria-describedby=\"caption-attachment-51648\" class=\"wp-image-51648 size-full\" src=\"https:\/\/www.monta\u00f1asdelaluna.es\/wp-content\/uploads\/2022\/01\/00000531.jpg\" alt=\"Panor\u00e1mica desde la cima del Pic de La Tribuna, 2.499 mts., el Roc Blanc en el centro y el Pic de Baxouillade a la derecha\" width=\"2016\" height=\"446\" srcset=\"https:\/\/www.monta\u00f1asdelaluna.es\/wp-content\/uploads\/2022\/01\/00000531.jpg 2016w, https:\/\/www.monta\u00f1asdelaluna.es\/wp-content\/uploads\/2022\/01\/00000531-300x66.jpg 300w, https:\/\/www.monta\u00f1asdelaluna.es\/wp-content\/uploads\/2022\/01\/00000531-1024x227.jpg 1024w, https:\/\/www.monta\u00f1asdelaluna.es\/wp-content\/uploads\/2022\/01\/00000531-768x170.jpg 768w, https:\/\/www.monta\u00f1asdelaluna.es\/wp-content\/uploads\/2022\/01\/00000531-1536x340.jpg 1536w\" sizes=\"auto, (max-width: 2016px) 100vw, 2016px\" \/><\/a><p id=\"caption-attachment-51648\" class=\"wp-caption-text\">Panor\u00e1mica desde la cima del Pic de La Tribuna, 2.499 mts., el Roc Blanc en el centro y el Pic de Baxouillade a la derecha<\/p><\/div>\n<p>La idea es buena y la seguimos. La progresi\u00f3n es buena y hasta entretenida. Llega un momento que me dejo deslizar como tobog\u00e1n por las laderas nevadas e inclinadas que paran en el fondo m\u00e1s horizontal del vallecillo\u2026 pierdo un bast\u00f3n en esta acci\u00f3n. Seguimos huellas de esqu\u00eds para intentar no hundirnos demasiado en la nieve, pero a\u00fan as\u00ed hay pocos pasos en el que metemos la pierna hasta poco m\u00e1s debajo de la ingle. Pau baja con sus esqu\u00eds \u00a1Qu\u00e9 f\u00e1cil lo tiene!, y llegamos a un momento y lugar en la parte norte debajo de las rocas y escarpes del Puig del Pla de Bernat, que bajamos un poco para despu\u00e9s avanzar y girar a la derecha ladera arriba por una pala que se esconde poco m\u00e1s arriba entre el bosque, y que nos llevar\u00e1 al llano, a la plana del Pla de Bernat. Eso s\u00ed, en esta parte, siguiendo las huellas de los esqu\u00eds, ya no bajamos valle abajo y seguimos en horizontal la ladera de la derecha del valle.<\/p>\n<p>Y llegados a este punto giramos hacia la derecha como por una canal f\u00e1cil pero empinada en algunos puntos, con una huella en zigzag de esqu\u00eds, que nos parece la zona o parte m\u00e1s factible para ascender al Pla de Bernat, ya que en la bajada por este lado, hemos bajado m\u00e1s altura que la que est\u00e1 el Pla de Bernat, pero al lado norte de esta zona, en las laderas del valle, como ya he dicho antes, entre el Puig y Pla de Bernat y el Pic de La Tribuna.<\/p>\n<p>Estoy algo cansado para subir de nuevo despu\u00e9s del desgaste de la cresta monte a trav\u00e9s. Gallem\u00ed y Paco suben delante de m\u00ed por esta especie de ancha canal o subida llena de pinos y algo empinada en alguna parte. Pero al final la pendiente, all\u00e1 arriba, comienza a ser menos empinada y m\u00e1s ondulada, buscando entre el bosque una falsa horizontalidad. Al final nos paramos en una loma como si fuera el final de la subida, y el comienzo de la traves\u00eda por el Pla de Bernat\u2026 pero Pau, con sus esqu\u00eds, no sube.<\/p>\n<div id=\"attachment_51649\" style=\"width: 1810px\" class=\"wp-caption aligncenter\"><a class=\"dt-pswp-item\" href=\"https:\/\/www.monta\u00f1asdelaluna.es\/wp-content\/uploads\/2022\/01\/00000536.jpg\" data-dt-img-description=\"\" data-large_image_width=\"1800\" data-large_image_height=\"1202\"><img loading=\"lazy\" decoding=\"async\" aria-describedby=\"caption-attachment-51649\" class=\"wp-image-51649 \" src=\"https:\/\/www.monta\u00f1asdelaluna.es\/wp-content\/uploads\/2022\/01\/00000536-1024x684.jpg\" alt=\"Bajando del Pic de La Tribuna, delante parte de la cresta recorrida\" width=\"820\" height=\"548\" srcset=\"https:\/\/www.monta\u00f1asdelaluna.es\/wp-content\/uploads\/2022\/01\/00000536-1024x684.jpg 1024w, https:\/\/www.monta\u00f1asdelaluna.es\/wp-content\/uploads\/2022\/01\/00000536-300x200.jpg 300w, https:\/\/www.monta\u00f1asdelaluna.es\/wp-content\/uploads\/2022\/01\/00000536-768x513.jpg 768w, https:\/\/www.monta\u00f1asdelaluna.es\/wp-content\/uploads\/2022\/01\/00000536-1536x1026.jpg 1536w, https:\/\/www.monta\u00f1asdelaluna.es\/wp-content\/uploads\/2022\/01\/00000536.jpg 1800w\" sizes=\"auto, (max-width: 820px) 100vw, 820px\" \/><\/a><p id=\"caption-attachment-51649\" class=\"wp-caption-text\">Bajando del Pic de La Tribuna, delante parte de la cresta recorrida<\/p><\/div>\n<div id=\"attachment_51650\" style=\"width: 1810px\" class=\"wp-caption aligncenter\"><a class=\"dt-pswp-item\" href=\"https:\/\/www.monta\u00f1asdelaluna.es\/wp-content\/uploads\/2022\/01\/00000538.jpg\" data-dt-img-description=\"\" data-large_image_width=\"1800\" data-large_image_height=\"1202\"><img loading=\"lazy\" decoding=\"async\" aria-describedby=\"caption-attachment-51650\" class=\"wp-image-51650 \" src=\"https:\/\/www.monta\u00f1asdelaluna.es\/wp-content\/uploads\/2022\/01\/00000538-1024x684.jpg\" alt=\"Delante los escarpes del Puig del Pla de Bernat\" width=\"822\" height=\"549\" srcset=\"https:\/\/www.monta\u00f1asdelaluna.es\/wp-content\/uploads\/2022\/01\/00000538-1024x684.jpg 1024w, https:\/\/www.monta\u00f1asdelaluna.es\/wp-content\/uploads\/2022\/01\/00000538-300x200.jpg 300w, https:\/\/www.monta\u00f1asdelaluna.es\/wp-content\/uploads\/2022\/01\/00000538-768x513.jpg 768w, https:\/\/www.monta\u00f1asdelaluna.es\/wp-content\/uploads\/2022\/01\/00000538-1536x1026.jpg 1536w, https:\/\/www.monta\u00f1asdelaluna.es\/wp-content\/uploads\/2022\/01\/00000538.jpg 1800w\" sizes=\"auto, (max-width: 822px) 100vw, 822px\" \/><\/a><p id=\"caption-attachment-51650\" class=\"wp-caption-text\">Delante los escarpes del Puig del Pla de Bernat<\/p><\/div>\n<p>Esperamos un buen rato a Pau. El sol se va poniendo detr\u00e1s justo de las pendientes y perfiles del Pic de La Tribuna, ya est\u00e1 atardeciendo y a\u00fan debemos cruzar el laber\u00edntico bosque del Pla de Bernat hasta encontrar y coger la leve subida al Pic de Ginebre. Paco al cabo de un tiempo importante, decide bajar por la canal que hemos subido para ver si ve a Pau; Gallem\u00ed y yo nos quedamos en el mismo sitio a esperarles. Nos abrigamos, aqu\u00ed parados cogemos frio, mientras la luz del d\u00eda cambia sus colores con el atardecer\u2026espero que no se haga de noche antes de llegar al campamento del Pic de Ginebre. Y al cabo de poco tiempo Paco sube con Pau entre los pinos y sus esqu\u00eds, con lo que nos reunimos y salimos en busca del recorrido realizado a la ida, siguiendo huellas de esqu\u00eds y en direcci\u00f3n este.<\/p>\n<p>Nos topamos con las \u00fanicas huellas que no son esqu\u00eds, son las nuestras de ida hacia el Puig del Pla de Bernat. Las cogemos hacia la izquierda, desandando las pisadas por en medio del Pla de Bernat y de su joven bosque de pinos. Vueltas y algunas vueltas m\u00e1s mientras el sol se va poniendo y la oscuridad comienza a invadir la monta\u00f1a. Ponemos \u201cla directa\u201d con buena marcha, tan buena que me dejan pocos pasos atr\u00e1s, para llegar lo antes posible a la cima del Pic de Ginebre, al campamento, girando hacia el norte, noreste, una vez encontramos las huellas de nuestras pisadas en el Pla de Bernat.<\/p>\n<p>Llegamos a la peque\u00f1a caba\u00f1ita, puesto de socorro del Pic de Ginebre, nuestra base. Esta vez no monto la tienda, acompa\u00f1ar\u00e9 a Gallem\u00ed a dormir en los bancos de la caba\u00f1ita. Hay dos banquitos que sirven de ba\u00fales para guardar cosas de la estaci\u00f3n de esqu\u00ed y una mesa circular en el centro, donde cenamos la noche anterior y \u00e9sta. No lo hab\u00eda dicho, pero para entrar al interior de la caba\u00f1ita hay que saltar m\u00e1s de medio metro que es lo que hay de nieve, de altura, ya que la puerta estaba bien cerrada para que no entrara la nieve dentro del peque\u00f1o recept\u00e1culo que es al fin y al cabo la caba\u00f1ita. Con lo que el interior era c\u00f3modo sin nada de nieve, cuando fuera se puede decir que hab\u00eda entre medio y un metro de nieve.<\/p>\n<div id=\"attachment_51651\" style=\"width: 1810px\" class=\"wp-caption aligncenter\"><a class=\"dt-pswp-item\" href=\"https:\/\/www.monta\u00f1asdelaluna.es\/wp-content\/uploads\/2022\/01\/00000540.jpg\" data-dt-img-description=\"\" data-large_image_width=\"1800\" data-large_image_height=\"1202\"><img loading=\"lazy\" decoding=\"async\" aria-describedby=\"caption-attachment-51651\" class=\"wp-image-51651 \" src=\"https:\/\/www.monta\u00f1asdelaluna.es\/wp-content\/uploads\/2022\/01\/00000540-1024x684.jpg\" alt=\"Atr\u00e1s queda el Pic de La Tribuna y parte de la cresta recorrida a la izquierda\" width=\"820\" height=\"548\" srcset=\"https:\/\/www.monta\u00f1asdelaluna.es\/wp-content\/uploads\/2022\/01\/00000540-1024x684.jpg 1024w, https:\/\/www.monta\u00f1asdelaluna.es\/wp-content\/uploads\/2022\/01\/00000540-300x200.jpg 300w, https:\/\/www.monta\u00f1asdelaluna.es\/wp-content\/uploads\/2022\/01\/00000540-768x513.jpg 768w, https:\/\/www.monta\u00f1asdelaluna.es\/wp-content\/uploads\/2022\/01\/00000540-1536x1026.jpg 1536w, https:\/\/www.monta\u00f1asdelaluna.es\/wp-content\/uploads\/2022\/01\/00000540.jpg 1800w\" sizes=\"auto, (max-width: 820px) 100vw, 820px\" \/><\/a><p id=\"caption-attachment-51651\" class=\"wp-caption-text\">Atr\u00e1s queda el Pic de La Tribuna y parte de la cresta recorrida a la izquierda<\/p><\/div>\n<div id=\"attachment_51652\" style=\"width: 1810px\" class=\"wp-caption aligncenter\"><a class=\"dt-pswp-item\" href=\"https:\/\/www.monta\u00f1asdelaluna.es\/wp-content\/uploads\/2022\/01\/00000545.jpg\" data-dt-img-description=\"\" data-large_image_width=\"1800\" data-large_image_height=\"1202\"><img loading=\"lazy\" decoding=\"async\" aria-describedby=\"caption-attachment-51652\" class=\"wp-image-51652 \" src=\"https:\/\/www.monta\u00f1asdelaluna.es\/wp-content\/uploads\/2022\/01\/00000545-1024x684.jpg\" alt=\"Paco y Pau llegando al Pla de Bernat, arriba el Puig del Pla de Bernat\" width=\"823\" height=\"550\" srcset=\"https:\/\/www.monta\u00f1asdelaluna.es\/wp-content\/uploads\/2022\/01\/00000545-1024x684.jpg 1024w, https:\/\/www.monta\u00f1asdelaluna.es\/wp-content\/uploads\/2022\/01\/00000545-300x200.jpg 300w, https:\/\/www.monta\u00f1asdelaluna.es\/wp-content\/uploads\/2022\/01\/00000545-768x513.jpg 768w, https:\/\/www.monta\u00f1asdelaluna.es\/wp-content\/uploads\/2022\/01\/00000545-1536x1026.jpg 1536w, https:\/\/www.monta\u00f1asdelaluna.es\/wp-content\/uploads\/2022\/01\/00000545.jpg 1800w\" sizes=\"auto, (max-width: 823px) 100vw, 823px\" \/><\/a><p id=\"caption-attachment-51652\" class=\"wp-caption-text\">Paco y Pau llegando al Pla de Bernat, arriba el Puig del Pla de Bernat<\/p><\/div>\n<p>Al otro d\u00eda ya es hora de bajar. Despu\u00e9s de desayunar, Pau y Paco desmontan la tienda, nos hacemos las mochilas y emprendemos el camino de bajada deshaciendo los pasos que hicimos antes de ayer para llegar a este solitario punto de la solitaria estaci\u00f3n de esqu\u00ed de Puyvalador. No hemos visto a ning\u00fan esquiador por estos lares, ni el telearrastre funciona, solo est\u00e1n los enormes postes met\u00e1licos y los cables. Decidimos seguirlos hasta su final, que seg\u00fan este mapa franc\u00e9s de la zona, llega casi hasta el Serrat del Bosc Negre, antes de cruzar el hueco del arroyo que queda a norte de \u00e9ste.<\/p>\n<p>El d\u00eda sigue siendo espectacular, soleado, frio y sin una nube que estorbe el camino del sol en el firmamento, desde que sale hasta que se pone\u2026 son muchos d\u00edas sin mal tiempo este invierno en el Pirineo, algo casi in\u00e9dito. El paisaje, como antes he descrito, curioso, impresionante, precioso, protagonizado por ese muro, esa pared, esa muralla al fondo que es el Pirineo Oriental; me llama la atenci\u00f3n el aspecto y perfil desde este punto, ya que estoy acostumbrado a verlo desde otro punto, con otro perfil, desde otro lado, y no puedo dejar de asombrarme\u2026 parece un trozo de cordillera en miniatura, apartada del resto de los Pirineos\u2026 y con el original e inconfundible Canig\u00f3 en un extremo del mismo como separado, como apartado, pero unido por un cordalillo de la misma cordillera. Fant\u00e1stico.<\/p>\n<p>Intentamos bajar siguiendo la huella de los esqu\u00eds en el centro o bajo los cables del telearrastre, ya que es donde la nieve est\u00e1 m\u00e1s dura y no nos hundimos, a\u00fan as\u00ed en algunas ocasiones se rompe la nieve durita y se nos hunde la pierna hasta la rodilla, o m\u00e1s arriba. Tenemos que ir mirando cual es la mejor huella o mejor nieve para caminar sin hundirnos. Despu\u00e9s de la bajada, el camino del telearrastre sigue horizontal sin hacer caso a la huella que seguimos antes de ayer que nos llevaba por en medio del bosque hasta el Serrat del Bosc Negre.<\/p>\n<div id=\"attachment_51653\" style=\"width: 1610px\" class=\"wp-caption aligncenter\"><a class=\"dt-pswp-item\" href=\"https:\/\/www.monta\u00f1asdelaluna.es\/wp-content\/uploads\/2022\/01\/IMG-20220130-WA0015.jpg\" data-dt-img-description=\"\" data-large_image_width=\"1600\" data-large_image_height=\"738\"><img loading=\"lazy\" decoding=\"async\" aria-describedby=\"caption-attachment-51653\" class=\"wp-image-51653 size-full\" src=\"https:\/\/www.monta\u00f1asdelaluna.es\/wp-content\/uploads\/2022\/01\/IMG-20220130-WA0015.jpg\" alt=\"Panor\u00e1mica desde la cima del Pic de Ginebre, 2.382 mts., en el centro derecha el Roc Blanc, y en el centro izquierda el Pic de La Tribuna y Pic de Baxouillade\" width=\"1600\" height=\"738\" srcset=\"https:\/\/www.monta\u00f1asdelaluna.es\/wp-content\/uploads\/2022\/01\/IMG-20220130-WA0015.jpg 1600w, https:\/\/www.monta\u00f1asdelaluna.es\/wp-content\/uploads\/2022\/01\/IMG-20220130-WA0015-300x138.jpg 300w, https:\/\/www.monta\u00f1asdelaluna.es\/wp-content\/uploads\/2022\/01\/IMG-20220130-WA0015-1024x472.jpg 1024w, https:\/\/www.monta\u00f1asdelaluna.es\/wp-content\/uploads\/2022\/01\/IMG-20220130-WA0015-768x354.jpg 768w, https:\/\/www.monta\u00f1asdelaluna.es\/wp-content\/uploads\/2022\/01\/IMG-20220130-WA0015-1536x708.jpg 1536w\" sizes=\"auto, (max-width: 1600px) 100vw, 1600px\" \/><\/a><p id=\"caption-attachment-51653\" class=\"wp-caption-text\">Panor\u00e1mica desde la cima del Pic de Ginebre, 2.382 mts., en el centro derecha el Roc Blanc, y en el centro izquierda el Pic de La Tribuna y Pic de Baxouillade<\/p><\/div>\n<p>&nbsp;<\/p>\n<p>Llegamos a otra casita al final del telearrastre (o principio), desde aqu\u00ed debemos cruzar la riera o arroyo que aparece detr\u00e1s, para subir a la pista al otro lado, que ser\u00eda la que seguimos y subimos para llegar al Serrat del Bosc Negre. El hueco es profundo, con lo que giramos por un camino hacia la derecha y oeste, el cual nos acercar\u00e1 al final de la pista antes mencionada y a la parte de atr\u00e1s del Serrat del Bosc Negre. Y llegados a un punto cercano a aquel en el que nos salimos de la pista para introducirnos en el bosque en busca de la pista que sube al Pic de Ginebre, giramos a la izquierda en busca de la parte alta de la pista de esqu\u00ed a la vera de la invisible altura del Serrat del Bosc Negre. Aqu\u00ed ya nos volvemos a encontrar con esquiadores, con m\u00e1s gente.<\/p>\n<p>Y desde aqu\u00ed solo tenemos que deshacer el camino que hicimos de subida antes de ayer, intentando pasar por las zonas de nieve en sombra para cogerla durita y no hundirnos. Mientras bajamos observo el laguito lleno de nieve que queda a mitad de camino, antes de ayer pasamos muy cerca de sus orillas pero sin llegar a pasar junto a \u00e9l. Es la balsa del Serrat de La Carnera. Y desde las inmediaciones de este laguito o balsa, seguimos la pista-camino de bajada a la estaci\u00f3n de esqu\u00ed, deshaciendo el camino. No hay p\u00e9rdida.<\/p>\n<div id=\"attachment_51654\" style=\"width: 1810px\" class=\"wp-caption aligncenter\"><a class=\"dt-pswp-item\" href=\"https:\/\/www.monta\u00f1asdelaluna.es\/wp-content\/uploads\/2022\/01\/00000548.jpg\" data-dt-img-description=\"\" data-large_image_width=\"1800\" data-large_image_height=\"1202\"><img loading=\"lazy\" decoding=\"async\" aria-describedby=\"caption-attachment-51654\" class=\"wp-image-51654 \" src=\"https:\/\/www.monta\u00f1asdelaluna.es\/wp-content\/uploads\/2022\/01\/00000548-1024x684.jpg\" alt=\"Puesto de socorro en el Pic de Ginebre, 2.382 mts.\" width=\"820\" height=\"548\" srcset=\"https:\/\/www.monta\u00f1asdelaluna.es\/wp-content\/uploads\/2022\/01\/00000548-1024x684.jpg 1024w, https:\/\/www.monta\u00f1asdelaluna.es\/wp-content\/uploads\/2022\/01\/00000548-300x200.jpg 300w, https:\/\/www.monta\u00f1asdelaluna.es\/wp-content\/uploads\/2022\/01\/00000548-768x513.jpg 768w, https:\/\/www.monta\u00f1asdelaluna.es\/wp-content\/uploads\/2022\/01\/00000548-1536x1026.jpg 1536w, https:\/\/www.monta\u00f1asdelaluna.es\/wp-content\/uploads\/2022\/01\/00000548.jpg 1800w\" sizes=\"auto, (max-width: 820px) 100vw, 820px\" \/><\/a><p id=\"caption-attachment-51654\" class=\"wp-caption-text\">Puesto de socorro en el Pic de Ginebre, 2.382 mts.<\/p><\/div>\n<div id=\"attachment_51655\" style=\"width: 1810px\" class=\"wp-caption aligncenter\"><a class=\"dt-pswp-item\" href=\"https:\/\/www.monta\u00f1asdelaluna.es\/wp-content\/uploads\/2022\/01\/00000550.jpg\" data-dt-img-description=\"\" data-large_image_width=\"1800\" data-large_image_height=\"1202\"><img loading=\"lazy\" decoding=\"async\" aria-describedby=\"caption-attachment-51655\" class=\"wp-image-51655 \" src=\"https:\/\/www.monta\u00f1asdelaluna.es\/wp-content\/uploads\/2022\/01\/00000550-1024x684.jpg\" alt=\"Bajando del Pic de Ginebre por el telearrastre\" width=\"820\" height=\"548\" srcset=\"https:\/\/www.monta\u00f1asdelaluna.es\/wp-content\/uploads\/2022\/01\/00000550-1024x684.jpg 1024w, https:\/\/www.monta\u00f1asdelaluna.es\/wp-content\/uploads\/2022\/01\/00000550-300x200.jpg 300w, https:\/\/www.monta\u00f1asdelaluna.es\/wp-content\/uploads\/2022\/01\/00000550-768x513.jpg 768w, https:\/\/www.monta\u00f1asdelaluna.es\/wp-content\/uploads\/2022\/01\/00000550-1536x1026.jpg 1536w, https:\/\/www.monta\u00f1asdelaluna.es\/wp-content\/uploads\/2022\/01\/00000550.jpg 1800w\" sizes=\"auto, (max-width: 820px) 100vw, 820px\" \/><\/a><p id=\"caption-attachment-51655\" class=\"wp-caption-text\">Bajando del Pic de Ginebre por el telearrastre<\/p><\/div>\n<p>Con lo que antes del mediod\u00eda ya hemos llegado al parking de Puyvalador, nos hemos cambiado y nos hemos metido en el coche camino de Puigcerd\u00e0 para comer. Mientras el d\u00eda se mantiene soleado, n\u00edtido, claro pero no caluroso por suerte. La nieve se mantiene por la sequedad del ambiente y que la temperatura no es alta. Acaba aqu\u00ed esta extraordinaria actividad en la que, aunque no hemos subido al Roc Blanc, algo que tendremos pendiente y que Pau no dejar\u00e1 de involucrarnos para ascenderlo otro invierno, pero la subida al Pic de La Tribuna por la virgen cresta que lo une con la f\u00e1cil loma del Puig del Pla de Bernat, ha sido interesante y emocionante, con paisajes verticales invernales que siempre buscamos en la alta monta\u00f1a\u2026 a pesar de mis quejas y refunfu\u00f1os a la hora de intentar avanzar por \u00e9sta. Seguro que Pau nos hace volver. Precioso el Pirineo franc\u00e9s desconocido en el l\u00edmite norte de la cordillera.<\/p>\n<div id=\"attachment_51656\" style=\"width: 2207px\" class=\"wp-caption aligncenter\"><a class=\"dt-pswp-item\" href=\"https:\/\/www.monta\u00f1asdelaluna.es\/wp-content\/uploads\/2022\/01\/PicTribuna-001.croquis.web_.jpg\" data-dt-img-description=\"\" data-large_image_width=\"2197\" data-large_image_height=\"1138\"><img loading=\"lazy\" decoding=\"async\" aria-describedby=\"caption-attachment-51656\" class=\"wp-image-51656 size-full\" src=\"https:\/\/www.monta\u00f1asdelaluna.es\/wp-content\/uploads\/2022\/01\/PicTribuna-001.croquis.web_.jpg\" alt=\"Croquis del recorrido desde la estaci\u00f3n de esqu\u00ed de Puyvalador hasta el Pic de La Tribuna.\" width=\"2197\" height=\"1138\" srcset=\"https:\/\/www.monta\u00f1asdelaluna.es\/wp-content\/uploads\/2022\/01\/PicTribuna-001.croquis.web_.jpg 2197w, https:\/\/www.monta\u00f1asdelaluna.es\/wp-content\/uploads\/2022\/01\/PicTribuna-001.croquis.web_-300x155.jpg 300w, https:\/\/www.monta\u00f1asdelaluna.es\/wp-content\/uploads\/2022\/01\/PicTribuna-001.croquis.web_-1024x530.jpg 1024w, https:\/\/www.monta\u00f1asdelaluna.es\/wp-content\/uploads\/2022\/01\/PicTribuna-001.croquis.web_-768x398.jpg 768w, https:\/\/www.monta\u00f1asdelaluna.es\/wp-content\/uploads\/2022\/01\/PicTribuna-001.croquis.web_-1536x796.jpg 1536w, https:\/\/www.monta\u00f1asdelaluna.es\/wp-content\/uploads\/2022\/01\/PicTribuna-001.croquis.web_-2048x1061.jpg 2048w\" sizes=\"auto, (max-width: 2197px) 100vw, 2197px\" \/><\/a><p id=\"caption-attachment-51656\" class=\"wp-caption-text\">Croquis del recorrido desde la estaci\u00f3n de esqu\u00ed de Puyvalador hasta el Pic de La Tribuna.<\/p><\/div>\n<p>[\/vc_column_text][\/vc_column][\/vc_row][vc_row][vc_column][vc_empty_space height=\u00bb60px\u00bb][\/vc_column][\/vc_row][vc_row][vc_column][vc_cta h2=\u00bb\u00c1lbum de fotos\u00bb txt_align=\u00bbcenter\u00bb add_button=\u00bbbottom\u00bb btn_title=\u00bbVer fotos\u00bb btn_color=\u00bbwarning\u00bb btn_align=\u00bbcenter\u00bb btn_link=\u00bburl:https%3A%2F%2Fwww.monta%C3%B1asdelaluna.es%2F%3Fdt_gallery%3Dpic-de-la-tribuna-2-499-mts|title:Vall%20d%E2%80%99Incles%20y%20La%20Tosa%20de%20Juclar|target:_blank\u00bb css=\u00bb.vc_custom_1651932655056{background-color: #8bc4ed !important;}\u00bb]Puedes ver todas las fotos del relato y actividad en forma de presentaci\u00f3n o individuales pinchando aqui \u00a1No te las pierdas![\/vc_cta][\/vc_column][\/vc_row][vc_row][vc_column][vc_empty_space height=\u00bb60px\u00bb][\/vc_column][\/vc_row][vc_row][vc_column width=\u00bb1\/3&#8243;][\/vc_column][vc_column width=\u00bb1\/2&#8243;][vc_raw_html]JTNDaWZyYW1lJTIwc3JjJTNEJTIyaHR0cHMlM0ElMkYlMkZ3d3cubWV0ZW9ibHVlLmNvbSUyRmVzJTJGdGllbXBvJTJGd2lkZ2V0JTJGZGFpbHklMkZwaWMtZGUtZ2luZXZyYV9mcmFuY2lhXzMwMTYwMDMlM0ZnZW9sb2MlM0RmaXhlZCUyNmRheXMlM0Q3JTI2dGVtcHVuaXQlM0RDRUxTSVVTJTI2d2luZHVuaXQlM0RLSUxPTUVURVJfUEVSX0hPVVIlMjZwcmVjaXB1bml0JTNETUlMTElNRVRFUiUyNmNvbG91cmVkJTNEY29sb3VyZWQlMjZwaWN0b2ljb24lM0QwJTI2cGljdG9pY29uJTNEMSUyNm1heHRlbXBlcmF0dXJlJTNEMCUyNm1heHRlbXBlcmF0dXJlJTNEMSUyNm1pbnRlbXBlcmF0dXJlJTNEMCUyNm1pbnRlbXBlcmF0dXJlJTNEMSUyNndpbmRzcGVlZCUzRDAlMjZ3aW5kc3BlZWQlM0QxJTI2d2luZGd1c3QlM0QwJTI2d2luZGd1c3QlM0QxJTI2d2luZGRpcmVjdGlvbiUzRDAlMjZ3aW5kZGlyZWN0aW9uJTNEMSUyNnV2JTNEMCUyNmh1bWlkaXR5JTNEMCUyNnByZWNpcGl0YXRpb24lM0QwJTI2cHJlY2lwaXRhdGlvbiUzRDElMjZwcmVjaXBpdGF0aW9ucHJvYmFiaWxpdHklM0QwJTI2cHJlY2lwaXRhdGlvbnByb2JhYmlsaXR5JTNEMSUyNnNwb3QlM0QwJTI2c3BvdCUzRDElMjZwcmVzc3VyZSUzRDAlMjZwcmVzc3VyZSUzRDElMjZsYXlvdXQlM0RsaWdodCUyMiUyMCUyMGZyYW1lYm9yZGVyJTNEJTIyMCUyMiUyMHNjcm9sbGluZyUzRCUyMk5PJTIyJTIwYWxsb3d0cmFuc3BhcmVuY3klM0QlMjJ0cnVlJTIyJTIwc2FuZGJveCUzRCUyMmFsbG93LXNhbWUtb3JpZ2luJTIwYWxsb3ctc2NyaXB0cyUyMGFsbG93LXBvcHVwcyUyMGFsbG93LXBvcHVwcy10by1lc2NhcGUtc2FuZGJveCUyMiUyMHN0eWxlJTNEJTIyd2lkdGglM0ElMjAzNzhweCUzQiUyMGhlaWdodCUzQSUyMDQyMHB4JTIyJTNFJTNDJTJGaWZyYW1lJTNFJTNDZGl2JTNFJTNDJTIxLS0lMjBETyUyME5PVCUyMFJFTU9WRSUyMFRISVMlMjBMSU5LJTIwLS0lM0UlM0NhJTIwaHJlZiUzRCUyMmh0dHBzJTNBJTJGJTJGd3d3Lm1ldGVvYmx1ZS5jb20lMkZlcyUyRnRpZW1wbyUyRnNlbWFuYSUyRnBpYy1kZS1naW5ldnJhX2ZyYW5jaWFfMzAxNjAwMyUzRnV0bV9zb3VyY2UlM0R3ZWF0aGVyX3dpZGdldCUyNnV0bV9tZWRpdW0lM0RsaW5rdXMlMjZ1dG1fY29udGVudCUzRGRhaWx5JTI2dXRtX2NhbXBhaWduJTNEV2VhdGhlciUyNTJCV2lkZ2V0JTIyJTIwdGFyZ2V0JTNEJTIyX2JsYW5rJTIyJTIwcmVsJTNEJTIybm9vcGVuZXIlMjIlM0VtZXRlb2JsdWUlM0MlMkZhJTNFJTNDJTJGZGl2JTNF[\/vc_raw_html][\/vc_column][vc_column width=\u00bb1\/5&#8243;][\/vc_column][\/vc_row]<\/p>\n","protected":false},"excerpt":{"rendered":"<p>[vc_row][vc_column][vc_column_text]Esta vez Pau escog\u00eda la actividad y monta\u00f1a a visitar, a ascender. Mientras \u00edbamos y volv\u00edamos del Pic de Rulhe me hab\u00eda mencionado en varias ocasiones el nombre del Roc Blanc; adem\u00e1s de que casi lo vemos desde el recorrido en coche, all\u00e1 al fondo, emergiendo de un extenso y verde manto boscoso, en los&hellip;<\/p>\n","protected":false},"author":1,"featured_media":51622,"comment_status":"open","ping_status":"open","sticky":false,"template":"","format":"standard","meta":[],"categories":[91],"tags":[],"class_list":["post-51620","post","type-post","status-publish","format-standard","has-post-thumbnail","hentry","category-pirineo-frances-y-andorra","category-91","description-off"],"_links":{"self":[{"href":"https:\/\/www.monta\u00f1asdelaluna.es\/index.php?rest_route=\/wp\/v2\/posts\/51620","targetHints":{"allow":["GET"]}}],"collection":[{"href":"https:\/\/www.monta\u00f1asdelaluna.es\/index.php?rest_route=\/wp\/v2\/posts"}],"about":[{"href":"https:\/\/www.monta\u00f1asdelaluna.es\/index.php?rest_route=\/wp\/v2\/types\/post"}],"author":[{"embeddable":true,"href":"https:\/\/www.monta\u00f1asdelaluna.es\/index.php?rest_route=\/wp\/v2\/users\/1"}],"replies":[{"embeddable":true,"href":"https:\/\/www.monta\u00f1asdelaluna.es\/index.php?rest_route=%2Fwp%2Fv2%2Fcomments&post=51620"}],"version-history":[{"count":3,"href":"https:\/\/www.monta\u00f1asdelaluna.es\/index.php?rest_route=\/wp\/v2\/posts\/51620\/revisions"}],"predecessor-version":[{"id":51658,"href":"https:\/\/www.monta\u00f1asdelaluna.es\/index.php?rest_route=\/wp\/v2\/posts\/51620\/revisions\/51658"}],"wp:featuredmedia":[{"embeddable":true,"href":"https:\/\/www.monta\u00f1asdelaluna.es\/index.php?rest_route=\/wp\/v2\/media\/51622"}],"wp:attachment":[{"href":"https:\/\/www.monta\u00f1asdelaluna.es\/index.php?rest_route=%2Fwp%2Fv2%2Fmedia&parent=51620"}],"wp:term":[{"taxonomy":"category","embeddable":true,"href":"https:\/\/www.monta\u00f1asdelaluna.es\/index.php?rest_route=%2Fwp%2Fv2%2Fcategories&post=51620"},{"taxonomy":"post_tag","embeddable":true,"href":"https:\/\/www.monta\u00f1asdelaluna.es\/index.php?rest_route=%2Fwp%2Fv2%2Ftags&post=51620"}],"curies":[{"name":"wp","href":"https:\/\/api.w.org\/{rel}","templated":true}]}}