{"id":52039,"date":"2022-05-14T18:26:26","date_gmt":"2022-05-14T18:26:26","guid":{"rendered":"https:\/\/www.monta\u00f1asdelaluna.es\/?p=52039"},"modified":"2023-05-27T20:06:34","modified_gmt":"2023-05-27T20:06:34","slug":"turo-de-lhome-desde-montseny-pasando-por-santa-fe","status":"publish","type":"post","link":"https:\/\/www.monta\u00f1asdelaluna.es\/?p=52039","title":{"rendered":"Tur\u00f3 de l&#8217;Home desde Montseny pasando por Santa Fe"},"content":{"rendered":"<p>[vc_row][vc_column][vc_column_text]Pensando en otra esforzada actividad de entrenamiento para mi infructuosa finalmente expedici\u00f3n a Per\u00fa, pens\u00e9 en otro recorrido por el Montseny, intentando salvar grandes desniveles pero sin que sea el ya conocido Viladrau-Matagalls, mejor otro nuevo con mas distancia y dificultad.<\/p>\n<p>Entonces me fij\u00e9 en la cima m\u00e1s alta del macizo, el Tur\u00f3 de l\u2019Home, y desde por donde lo podr\u00eda abordar que no sea Santa Fe y su f\u00e1cil ascenso. Hab\u00eda una senda marcada o recorrido que desde Arb\u00f9cies llegaba a este lugar, pero ese s\u00ed que parec\u00eda lejano y largo, con lo que me decid\u00ed hacer el Tur\u00f3 de l\u2019Home desde el mismo pueblo de Montseny. Al Matagalls lo sub\u00eda dese el mismo pueblo de Viladrau, y ahora al Tur\u00f3 de l\u2019Home lo subir\u00eda desde Montseny.<\/p>\n<p>Mi primera visita al Montseny fue para subir al mismo <a href=\"https:\/\/www.monta\u00f1asdelaluna.es\/?p=17069\" target=\"_blank\" rel=\"noopener\">Tur\u00f3 de l\u2019Home desde el lado o cara sur,<\/a> desde las largas laderas que bajan a Montseny, dejando el coche en el parking de Fontmartina, con lo que m\u00e1s o menos ya ten\u00eda controlado esta parte. Es m\u00e1s, en lugar de bajar de nuevo al pueblo directamente, pasar\u00eda por Santa Fe en su lado norte, y buscar\u00eda una ruta para bajar al mencionado pueblo por el <a href=\"https:\/\/www.monta\u00f1asdelaluna.es\/?p=44181\" target=\"_blank\" rel=\"noopener\">Coll de Santa Helena<\/a>, pisando parte del recorrido ya realizado un invierno desde el mismo collado hacia la cima del Tur\u00f3 de l\u2019Home\u2026 parec\u00eda que iba tomando forma esta gran actividad.<\/p>\n<div id=\"attachment_52042\" style=\"width: 1810px\" class=\"wp-caption aligncenter\"><a class=\"dt-pswp-item\" href=\"https:\/\/www.monta\u00f1asdelaluna.es\/wp-content\/uploads\/2022\/05\/P5140998.jpg\" data-dt-img-description=\"\" data-large_image_width=\"1800\" data-large_image_height=\"1202\"><img loading=\"lazy\" decoding=\"async\" aria-describedby=\"caption-attachment-52042\" class=\"wp-image-52042 \" src=\"https:\/\/www.monta\u00f1asdelaluna.es\/wp-content\/uploads\/2022\/05\/P5140998-1024x684.jpg\" alt=\"Arriba el Tur\u00f3 de Samon desde las cercan\u00edas de Montseny\" width=\"820\" height=\"548\" srcset=\"https:\/\/www.monta\u00f1asdelaluna.es\/wp-content\/uploads\/2022\/05\/P5140998-1024x684.jpg 1024w, https:\/\/www.monta\u00f1asdelaluna.es\/wp-content\/uploads\/2022\/05\/P5140998-300x200.jpg 300w, https:\/\/www.monta\u00f1asdelaluna.es\/wp-content\/uploads\/2022\/05\/P5140998-768x513.jpg 768w, https:\/\/www.monta\u00f1asdelaluna.es\/wp-content\/uploads\/2022\/05\/P5140998-1536x1026.jpg 1536w, https:\/\/www.monta\u00f1asdelaluna.es\/wp-content\/uploads\/2022\/05\/P5140998.jpg 1800w\" sizes=\"auto, (max-width: 820px) 100vw, 820px\" \/><\/a><p id=\"caption-attachment-52042\" class=\"wp-caption-text\">Arriba el Tur\u00f3 de Samon desde las cercan\u00edas de Montseny<\/p><\/div>\n<div id=\"attachment_52043\" style=\"width: 1810px\" class=\"wp-caption aligncenter\"><a class=\"dt-pswp-item\" href=\"https:\/\/www.monta\u00f1asdelaluna.es\/wp-content\/uploads\/2022\/05\/P5141007.jpg\" data-dt-img-description=\"\" data-large_image_width=\"1800\" data-large_image_height=\"1202\"><img loading=\"lazy\" decoding=\"async\" aria-describedby=\"caption-attachment-52043\" class=\"wp-image-52043 \" src=\"https:\/\/www.monta\u00f1asdelaluna.es\/wp-content\/uploads\/2022\/05\/P5141007-1024x684.jpg\" alt=\"G.R.-5 saliendo de Montseny\" width=\"820\" height=\"548\" srcset=\"https:\/\/www.monta\u00f1asdelaluna.es\/wp-content\/uploads\/2022\/05\/P5141007-1024x684.jpg 1024w, https:\/\/www.monta\u00f1asdelaluna.es\/wp-content\/uploads\/2022\/05\/P5141007-300x200.jpg 300w, https:\/\/www.monta\u00f1asdelaluna.es\/wp-content\/uploads\/2022\/05\/P5141007-768x513.jpg 768w, https:\/\/www.monta\u00f1asdelaluna.es\/wp-content\/uploads\/2022\/05\/P5141007-1536x1026.jpg 1536w, https:\/\/www.monta\u00f1asdelaluna.es\/wp-content\/uploads\/2022\/05\/P5141007.jpg 1800w\" sizes=\"auto, (max-width: 820px) 100vw, 820px\" \/><\/a><p id=\"caption-attachment-52043\" class=\"wp-caption-text\">G.R.-5 saliendo de Montseny<\/p><\/div>\n<p>Quiz\u00e1s el \u00fanico inconveniente era buscar una bajada desde el mismo Coll de Santa Helena que me llevara de nuevo a Montseny sin tener que tocar la carretera asfaltada que desde la Costa del Montseny pasa por Fontmartina en busca de dicho collado y Santa Fe. Hay toda una serie de P.R. y G.R. que puedo ir siguiendo y enlazando para desde la misma poblaci\u00f3n de Montseny me lleven a mi destino; adem\u00e1s con que gran parte de dicho recorrido ya lo tendr\u00e9 en mente porque ya lo habr\u00e9 hecho\u2026 aunque la vuelta desde el Coll de Santa Helena me llevar\u00e1 de cabeza con un poco de lio en el recorrido a realizar\u2026 lo tendr\u00e9 que modificar para la pr\u00f3xima.<\/p>\n<p>As\u00ed pues, decidido, el pasado s\u00e1bado 14 de mayo me dirijo en coche hasta Montseny para buscar un aparcamiento cerca de la salida del G.R.-5 en los l\u00edmites este de la poblaci\u00f3n, guiado por el mapa Alpina que no dejar\u00e9 de usar. Y justo en un camino cementado en la situaci\u00f3n del pueblo antes mencionada, parece que hay un peque\u00f1o parking o lugar para dejar el coche y un llamativo cartel indicador e informativo sobre el parque natural del Montseny y del G.R.-5 que pasa o sale desde este mismo punto por unos escalones en el terreno junto a una barandilla de madera. Sobre las 8:20 hrs. comienzo mi camino y sigo dicho camino, senda del G.R.-5 hacia el este, dejando a mi espalda la poblaci\u00f3n de Montseny.<\/p>\n<div id=\"attachment_52044\" style=\"width: 1810px\" class=\"wp-caption aligncenter\"><a class=\"dt-pswp-item\" href=\"https:\/\/www.monta\u00f1asdelaluna.es\/wp-content\/uploads\/2022\/05\/P5141009.jpg\" data-dt-img-description=\"\" data-large_image_width=\"1800\" data-large_image_height=\"1202\"><img loading=\"lazy\" decoding=\"async\" aria-describedby=\"caption-attachment-52044\" class=\"wp-image-52044 \" src=\"https:\/\/www.monta\u00f1asdelaluna.es\/wp-content\/uploads\/2022\/05\/P5141009.jpg\" alt=\"Cerca de Les Casetes\" width=\"822\" height=\"549\" srcset=\"https:\/\/www.monta\u00f1asdelaluna.es\/wp-content\/uploads\/2022\/05\/P5141009.jpg 1800w, https:\/\/www.monta\u00f1asdelaluna.es\/wp-content\/uploads\/2022\/05\/P5141009-300x200.jpg 300w, https:\/\/www.monta\u00f1asdelaluna.es\/wp-content\/uploads\/2022\/05\/P5141009-1024x684.jpg 1024w, https:\/\/www.monta\u00f1asdelaluna.es\/wp-content\/uploads\/2022\/05\/P5141009-768x513.jpg 768w, https:\/\/www.monta\u00f1asdelaluna.es\/wp-content\/uploads\/2022\/05\/P5141009-1536x1026.jpg 1536w\" sizes=\"auto, (max-width: 822px) 100vw, 822px\" \/><\/a><p id=\"caption-attachment-52044\" class=\"wp-caption-text\">Cerca de Les Casetes<\/p><\/div>\n<div id=\"attachment_52045\" style=\"width: 1810px\" class=\"wp-caption aligncenter\"><a class=\"dt-pswp-item\" href=\"https:\/\/www.monta\u00f1asdelaluna.es\/wp-content\/uploads\/2022\/05\/P5141013.jpg\" data-dt-img-description=\"\" data-large_image_width=\"1800\" data-large_image_height=\"1202\"><img loading=\"lazy\" decoding=\"async\" aria-describedby=\"caption-attachment-52045\" class=\"wp-image-52045 \" src=\"https:\/\/www.monta\u00f1asdelaluna.es\/wp-content\/uploads\/2022\/05\/P5141013-1024x684.jpg\" alt=\"Alrededores de Les Casetes\" width=\"820\" height=\"548\" srcset=\"https:\/\/www.monta\u00f1asdelaluna.es\/wp-content\/uploads\/2022\/05\/P5141013-1024x684.jpg 1024w, https:\/\/www.monta\u00f1asdelaluna.es\/wp-content\/uploads\/2022\/05\/P5141013-300x200.jpg 300w, https:\/\/www.monta\u00f1asdelaluna.es\/wp-content\/uploads\/2022\/05\/P5141013-768x513.jpg 768w, https:\/\/www.monta\u00f1asdelaluna.es\/wp-content\/uploads\/2022\/05\/P5141013-1536x1026.jpg 1536w, https:\/\/www.monta\u00f1asdelaluna.es\/wp-content\/uploads\/2022\/05\/P5141013.jpg 1800w\" sizes=\"auto, (max-width: 820px) 100vw, 820px\" \/><\/a><p id=\"caption-attachment-52045\" class=\"wp-caption-text\">Alrededores de Les Casetes<\/p><\/div>\n<p>Las vistas de este lugar hacia el resto del macizo, sobre todo al de La Calma en su parte m\u00e1s al sur, son espectaculares protagonizados por el espeso y tupido, verde, bosque, encinar: son las laderas del Tur\u00f3 de Samon hacia el este. Siempre he pasado por este punto en coche con lo que no hay perspectiva ni tiempo ni intenci\u00f3n de observar lontananza. Ahora la voy descubriendo.<\/p>\n<p>El G.R.-5 es una senda que no coge mucha altura en un principio y recorre casi al mismo nivel toda la ladera de la monta\u00f1a como si fuera en busca de salir de ella, de Sant Celoni. De modo que cruza numerosos barrancos, rieras y bell\u00edsimos escondites de frondosidad y ruidosos riachuelos que, a pesar de la sequ\u00eda, siguen bajando con su llamativo caudal de agua limpia, salida de las entra\u00f1as de la monta\u00f1a.<\/p>\n<p>La senda o recorrido del G.R.-5, en el que no me encuentro con nadie salvo con los due\u00f1os o trabajadores, habitantes, de las casas a las que se acerca, pasa entre bancales, bosquecillos, caminos y sendas, no hay que dejar de seguir las marcas rojas y blancas. Al poco de salir de Montseny cruza una barriada de casas separadas en la verde ladera de la monta\u00f1a: Les Casetes; por las que pasaremos casi pegados a los muros de alguna de ellas por estrechas y escondidas sendas. Algunas son casas de labor, otras casas rurales, saludo a alg\u00fan se\u00f1or que parece trabajar con los utensilios del campo cerca de la puerta de su peque\u00f1a mas\u00eda o casa de labor, y sigo introduci\u00e9ndome paralelo a algunos bancales, pero entre frondas y rincones boscosos. Excepcional.<\/p>\n<div id=\"attachment_52046\" style=\"width: 1212px\" class=\"wp-caption aligncenter\"><a class=\"dt-pswp-item\" href=\"https:\/\/www.monta\u00f1asdelaluna.es\/wp-content\/uploads\/2022\/05\/P5141016.jpg\" data-dt-img-description=\"\" data-large_image_width=\"1202\" data-large_image_height=\"1800\"><img loading=\"lazy\" decoding=\"async\" aria-describedby=\"caption-attachment-52046\" class=\"wp-image-52046 \" src=\"https:\/\/www.monta\u00f1asdelaluna.es\/wp-content\/uploads\/2022\/05\/P5141016.jpg\" alt=\"Sot de Ritronyes\" width=\"821\" height=\"1230\" srcset=\"https:\/\/www.monta\u00f1asdelaluna.es\/wp-content\/uploads\/2022\/05\/P5141016.jpg 1202w, https:\/\/www.monta\u00f1asdelaluna.es\/wp-content\/uploads\/2022\/05\/P5141016-200x300.jpg 200w, https:\/\/www.monta\u00f1asdelaluna.es\/wp-content\/uploads\/2022\/05\/P5141016-684x1024.jpg 684w, https:\/\/www.monta\u00f1asdelaluna.es\/wp-content\/uploads\/2022\/05\/P5141016-768x1150.jpg 768w, https:\/\/www.monta\u00f1asdelaluna.es\/wp-content\/uploads\/2022\/05\/P5141016-1026x1536.jpg 1026w\" sizes=\"auto, (max-width: 821px) 100vw, 821px\" \/><\/a><p id=\"caption-attachment-52046\" class=\"wp-caption-text\">Sot de Ritronyes<\/p><\/div>\n<div id=\"attachment_52047\" style=\"width: 1810px\" class=\"wp-caption aligncenter\"><a class=\"dt-pswp-item\" href=\"https:\/\/www.monta\u00f1asdelaluna.es\/wp-content\/uploads\/2022\/05\/P5141024.jpg\" data-dt-img-description=\"\" data-large_image_width=\"1800\" data-large_image_height=\"1202\"><img loading=\"lazy\" decoding=\"async\" aria-describedby=\"caption-attachment-52047\" class=\"wp-image-52047 \" src=\"https:\/\/www.monta\u00f1asdelaluna.es\/wp-content\/uploads\/2022\/05\/P5141024-1024x684.jpg\" alt=\"Siguiendo el G.R.-5 hacia la Plana del Coll\" width=\"822\" height=\"549\" srcset=\"https:\/\/www.monta\u00f1asdelaluna.es\/wp-content\/uploads\/2022\/05\/P5141024-1024x684.jpg 1024w, https:\/\/www.monta\u00f1asdelaluna.es\/wp-content\/uploads\/2022\/05\/P5141024-300x200.jpg 300w, https:\/\/www.monta\u00f1asdelaluna.es\/wp-content\/uploads\/2022\/05\/P5141024-768x513.jpg 768w, https:\/\/www.monta\u00f1asdelaluna.es\/wp-content\/uploads\/2022\/05\/P5141024-1536x1026.jpg 1536w, https:\/\/www.monta\u00f1asdelaluna.es\/wp-content\/uploads\/2022\/05\/P5141024.jpg 1800w\" sizes=\"auto, (max-width: 822px) 100vw, 822px\" \/><\/a><p id=\"caption-attachment-52047\" class=\"wp-caption-text\">Siguiendo el G.R.-5 hacia la Plana del Coll<\/p><\/div>\n<p>Antes y despu\u00e9s de cruzar la zona de Les Casetes, el G.R.-5 habr\u00e1 pasado por bellos lugares de sombra y solitud. Incluso en uno de los rincones una mesa de piedra con sus mismos bancos de piedra, invitan a pararse aunque solo sea para disfrutar del rinc\u00f3n. Tambi\u00e9n cruzo un riachuelo por un estrecho puente de piedra y cemento, muy cuco, en un rinc\u00f3n que parece m\u00e1s una postal de bosques atl\u00e1nticos que mediterr\u00e1neos del Montseny: es el Puente en el Sot de Ritronyes, al cual le har\u00e9 un bello reportaje a la vuelta, si el tiempo me deja. Es un rinc\u00f3n id\u00edlico donde el agua en movimiento, en ca\u00edda, es la protagonista.<\/p>\n<p>Despu\u00e9s de Les Casetes la senda se ensancha, parece un antiguo camino de herradura, y parece que comienza a hacer grandes zigzags para buscar un punto a algo de m\u00e1s altura. Aunque invisibles, noto la cercan\u00eda de otras casas e incluso de las afueras de La Costa del Montseny, pero no llego a pasar por ellas. Antes de salir a la carretera que de La Costa del Montseny pasa por Fontmartina y en mi recorrido solitario, aparece una mountain bike cuyo ciclista me saluda alegre y animadamente, me hago el antip\u00e1tico y casi grosero dici\u00e9ndole que est\u00e1 prohibido ir por sendas y caminos m\u00e1s estrechos de 3 metros de ancho (muchas zonas del Montseny est\u00e1n atacadas de motos y bicis que se salen de los caminos y normas establecidas para el cuidado y preservaci\u00f3n del entorno).<\/p>\n<div id=\"attachment_52048\" style=\"width: 1810px\" class=\"wp-caption aligncenter\"><a class=\"dt-pswp-item\" href=\"https:\/\/www.monta\u00f1asdelaluna.es\/wp-content\/uploads\/2022\/05\/P5141028.jpg\" data-dt-img-description=\"\" data-large_image_width=\"1800\" data-large_image_height=\"1015\"><img loading=\"lazy\" decoding=\"async\" aria-describedby=\"caption-attachment-52048\" class=\"wp-image-52048 \" src=\"https:\/\/www.monta\u00f1asdelaluna.es\/wp-content\/uploads\/2022\/05\/P5141028-1024x577.jpg\" alt=\"Subiendo en direcci\u00f3n a la Plana del Coll\" width=\"822\" height=\"463\" srcset=\"https:\/\/www.monta\u00f1asdelaluna.es\/wp-content\/uploads\/2022\/05\/P5141028-1024x577.jpg 1024w, https:\/\/www.monta\u00f1asdelaluna.es\/wp-content\/uploads\/2022\/05\/P5141028-300x169.jpg 300w, https:\/\/www.monta\u00f1asdelaluna.es\/wp-content\/uploads\/2022\/05\/P5141028-768x433.jpg 768w, https:\/\/www.monta\u00f1asdelaluna.es\/wp-content\/uploads\/2022\/05\/P5141028-1536x866.jpg 1536w, https:\/\/www.monta\u00f1asdelaluna.es\/wp-content\/uploads\/2022\/05\/P5141028.jpg 1800w\" sizes=\"auto, (max-width: 822px) 100vw, 822px\" \/><\/a><p id=\"caption-attachment-52048\" class=\"wp-caption-text\">Subiendo en direcci\u00f3n a la Plana del Coll<\/p><\/div>\n<div id=\"attachment_52049\" style=\"width: 1810px\" class=\"wp-caption aligncenter\"><a class=\"dt-pswp-item\" href=\"https:\/\/www.monta\u00f1asdelaluna.es\/wp-content\/uploads\/2022\/05\/P5141032.jpg\" data-dt-img-description=\"\" data-large_image_width=\"1800\" data-large_image_height=\"1202\"><img loading=\"lazy\" decoding=\"async\" aria-describedby=\"caption-attachment-52049\" class=\"wp-image-52049 \" src=\"https:\/\/www.monta\u00f1asdelaluna.es\/wp-content\/uploads\/2022\/05\/P5141032-1024x684.jpg\" alt=\"A la izquierda el Tur\u00f3 de l'Home, el Puig Sesolles con su antena en el centro y el Tur\u00f3 Gros o d'en Paletreques\" width=\"820\" height=\"548\" srcset=\"https:\/\/www.monta\u00f1asdelaluna.es\/wp-content\/uploads\/2022\/05\/P5141032-1024x684.jpg 1024w, https:\/\/www.monta\u00f1asdelaluna.es\/wp-content\/uploads\/2022\/05\/P5141032-300x200.jpg 300w, https:\/\/www.monta\u00f1asdelaluna.es\/wp-content\/uploads\/2022\/05\/P5141032-768x513.jpg 768w, https:\/\/www.monta\u00f1asdelaluna.es\/wp-content\/uploads\/2022\/05\/P5141032-1536x1026.jpg 1536w, https:\/\/www.monta\u00f1asdelaluna.es\/wp-content\/uploads\/2022\/05\/P5141032.jpg 1800w\" sizes=\"auto, (max-width: 820px) 100vw, 820px\" \/><\/a><p id=\"caption-attachment-52049\" class=\"wp-caption-text\">A la izquierda el Tur\u00f3 de l&#8217;Home, el Puig Sesolles con su antena en el centro y el Tur\u00f3 Gros o d&#8217;en Paletreques<\/p><\/div>\n<p>Cruzo una vez el asfalto de la carreterilla, enfrente, al otro lado siguen las marcas del G.R., y de nuevo me interno en el lindo bosquecillo, para salir otra vez a la carreterilla mencionada. La idea es salir a La Plana del Coll en la misma carreterilla, antesala de Fontmartina y donde est\u00e1 el alargado parking donde dejamos el coche aquella la primera vez que subimos al <a href=\"https:\/\/www.monta\u00f1asdelaluna.es\/?p=17069\" target=\"_blank\" rel=\"noopener\">Tur\u00f3 de l\u2019Home<\/a>. Unos carteles indicadores que aparecen justo cuando la senda desemboca en la carreterilla en una curva significante en el que cambia de direcci\u00f3n, nos ayudaran a conocer el lugar y a seguir la ruta correcta. En el camino de vuelta, desembocaremos en este mismo punto\u2026 \u00a1Vamos al Tur\u00f3 de l\u2019Home!<\/p>\n<p>Descubro los sitios para aparcar o dejar el coche a lo largo de la carreterilla. La sigo por su orilla y casi pegada a ella hacia arriba, en direcci\u00f3n norte; llegando a la mitad de este sitio que es la Plana del Coll. A la derecha y este aparece un camino y recorrido que pasa muy cerca del gran caser\u00f3n de Fontmartina. Mientras desde aqu\u00ed ya solo tengo que seguir el recorrido descrito en aquella primera subida al <a href=\"https:\/\/www.monta\u00f1asdelaluna.es\/?p=17069\" target=\"_blank\" rel=\"noopener\">Tur\u00f3 de l\u2019Home desde Fontmartina<\/a>. Por cierto, el d\u00eda excelente, a primera hora de la ma\u00f1ana no demasiado calurosa, pero por suerte la sombra de los bosques y rincones, me proteger\u00e1n del implacable sol. Lo \u00fanico es que las vistas al paisaje u horizonte, no salen m\u00e1s all\u00e1 de los \u00e1rboles, laderas y rincones de este precioso bosque.<\/p>\n<div id=\"attachment_52050\" style=\"width: 1810px\" class=\"wp-caption aligncenter\"><a class=\"dt-pswp-item\" href=\"https:\/\/www.monta\u00f1asdelaluna.es\/wp-content\/uploads\/2022\/05\/P5141034.jpg\" data-dt-img-description=\"\" data-large_image_width=\"1800\" data-large_image_height=\"1202\"><img loading=\"lazy\" decoding=\"async\" aria-describedby=\"caption-attachment-52050\" class=\"wp-image-52050 \" src=\"https:\/\/www.monta\u00f1asdelaluna.es\/wp-content\/uploads\/2022\/05\/P5141034-1024x684.jpg\" alt=\"Siguiendo el G.R. en direcci\u00f3n a El Baies\" width=\"820\" height=\"548\" srcset=\"https:\/\/www.monta\u00f1asdelaluna.es\/wp-content\/uploads\/2022\/05\/P5141034-1024x684.jpg 1024w, https:\/\/www.monta\u00f1asdelaluna.es\/wp-content\/uploads\/2022\/05\/P5141034-300x200.jpg 300w, https:\/\/www.monta\u00f1asdelaluna.es\/wp-content\/uploads\/2022\/05\/P5141034-768x513.jpg 768w, https:\/\/www.monta\u00f1asdelaluna.es\/wp-content\/uploads\/2022\/05\/P5141034-1536x1026.jpg 1536w, https:\/\/www.monta\u00f1asdelaluna.es\/wp-content\/uploads\/2022\/05\/P5141034.jpg 1800w\" sizes=\"auto, (max-width: 820px) 100vw, 820px\" \/><\/a><p id=\"caption-attachment-52050\" class=\"wp-caption-text\">Siguiendo el G.R. en direcci\u00f3n a El Baies<\/p><\/div>\n<div id=\"attachment_52051\" style=\"width: 1810px\" class=\"wp-caption aligncenter\"><a class=\"dt-pswp-item\" href=\"https:\/\/www.monta\u00f1asdelaluna.es\/wp-content\/uploads\/2022\/05\/P5141036.jpg\" data-dt-img-description=\"\" data-large_image_width=\"1800\" data-large_image_height=\"1015\"><img loading=\"lazy\" decoding=\"async\" aria-describedby=\"caption-attachment-52051\" class=\"wp-image-52051 \" src=\"https:\/\/www.monta\u00f1asdelaluna.es\/wp-content\/uploads\/2022\/05\/P5141036-1024x577.jpg\" alt=\"Subiendo al Tur\u00f3 de l'Home con el pico arriba y el Puig Sesolles con su antena\" width=\"822\" height=\"463\" srcset=\"https:\/\/www.monta\u00f1asdelaluna.es\/wp-content\/uploads\/2022\/05\/P5141036-1024x577.jpg 1024w, https:\/\/www.monta\u00f1asdelaluna.es\/wp-content\/uploads\/2022\/05\/P5141036-300x169.jpg 300w, https:\/\/www.monta\u00f1asdelaluna.es\/wp-content\/uploads\/2022\/05\/P5141036-768x433.jpg 768w, https:\/\/www.monta\u00f1asdelaluna.es\/wp-content\/uploads\/2022\/05\/P5141036-1536x866.jpg 1536w, https:\/\/www.monta\u00f1asdelaluna.es\/wp-content\/uploads\/2022\/05\/P5141036.jpg 1800w\" sizes=\"auto, (max-width: 822px) 100vw, 822px\" \/><\/a><p id=\"caption-attachment-52051\" class=\"wp-caption-text\">Subiendo al Tur\u00f3 de l&#8217;Home con el pico arriba y el Puig Sesolles con su antena<\/p><\/div>\n<p>Ahora la monta\u00f1a ya me va dejando ver el paisaje, a partir de este punto, y ya me deja ver las cimas del Tur\u00f3 de l\u2019Home y de las cumbres, laderas, que la rodean. Justo en el Plana del Coll, el verdadero G.R.-5 sigue hacia Fontmartina, pero para ascender al Tur\u00f3 de l\u2019Home sigo una variante de la misma, el G.R.-5.2\u2026 y creo que tambi\u00e9n hab\u00edan marcas de P.R. Y una vez dejo la carretera saliendo por el camino a la izquierda, siguiendo siempre las marcas, ya me adentro en las laderas sur del Tur\u00f3 de l\u2019Home, sigo las marcas del G.R. por caminos y sendas, igual que hice con Anna en aquella primera subida al <a href=\"https:\/\/www.monta\u00f1asdelaluna.es\/?p=17069\" target=\"_blank\" rel=\"noopener\">Tur\u00f3 de l\u2019Home desde Fontmartina<\/a>. Eso s\u00ed, me doy cuenta de que han cambiado el camino, el recorrido, parece que no paso por el mismo sitio en algunos puntos. Por ejemplo, ya no paso junto a la construcci\u00f3n del Corral d\u2019en Rovira.<\/p>\n<p>La subida o recorrido en esta parte es empinada y continua. Desaparece la sombra y el sol ya quema mi piel, paso calor y me deshidrato. Estamos a mitad de mayo pero ya hace calor casi de julio. Algunos corredores de monta\u00f1a me acompa\u00f1an en este recorrido, tanto para subir como otros bajando. Por suerte m\u00e1s arriba entro en el hayedo al sur del Tur\u00f3 de l\u2019Home. La sombra se agradece. Descubro el cruce de la senda igual que anta\u00f1o, hacia la izquierda sigue por la ladera hacia el norte, en busca de los pozos de nieve y la cima de Les Agudes por su lado suroeste; yo sigo el G.R. hacia la derecha, intern\u00e1ndome de nuevo en el precioso hayedo, el cual parece imposible que subsista en esta soleada ladera del Tur\u00f3 de l\u2019Home. Hago algunas fotos a unas preciosas y curiosas flores.<\/p>\n<div id=\"attachment_52053\" style=\"width: 1810px\" class=\"wp-caption aligncenter\"><a class=\"dt-pswp-item\" href=\"https:\/\/www.monta\u00f1asdelaluna.es\/wp-content\/uploads\/2022\/05\/P5141039.jpg\" data-dt-img-description=\"\" data-large_image_width=\"1800\" data-large_image_height=\"1202\"><img loading=\"lazy\" decoding=\"async\" aria-describedby=\"caption-attachment-52053\" class=\"wp-image-52053 \" src=\"https:\/\/www.monta\u00f1asdelaluna.es\/wp-content\/uploads\/2022\/05\/P5141039-1024x684.jpg\" alt=\"Hayedo subiendo al Tur\u00f3 de l'Home\" width=\"820\" height=\"548\" srcset=\"https:\/\/www.monta\u00f1asdelaluna.es\/wp-content\/uploads\/2022\/05\/P5141039-1024x684.jpg 1024w, https:\/\/www.monta\u00f1asdelaluna.es\/wp-content\/uploads\/2022\/05\/P5141039-300x200.jpg 300w, https:\/\/www.monta\u00f1asdelaluna.es\/wp-content\/uploads\/2022\/05\/P5141039-768x513.jpg 768w, https:\/\/www.monta\u00f1asdelaluna.es\/wp-content\/uploads\/2022\/05\/P5141039-1536x1026.jpg 1536w, https:\/\/www.monta\u00f1asdelaluna.es\/wp-content\/uploads\/2022\/05\/P5141039.jpg 1800w\" sizes=\"auto, (max-width: 820px) 100vw, 820px\" \/><\/a><p id=\"caption-attachment-52053\" class=\"wp-caption-text\">Hayedo subiendo al Tur\u00f3 de l&#8217;Home<\/p><\/div>\n<div id=\"attachment_52052\" style=\"width: 1810px\" class=\"wp-caption aligncenter\"><a class=\"dt-pswp-item\" href=\"https:\/\/www.monta\u00f1asdelaluna.es\/wp-content\/uploads\/2022\/05\/P5141073.jpg\" data-dt-img-description=\"\" data-large_image_width=\"1800\" data-large_image_height=\"1202\"><img loading=\"lazy\" decoding=\"async\" aria-describedby=\"caption-attachment-52052\" class=\"wp-image-52052 \" src=\"https:\/\/www.monta\u00f1asdelaluna.es\/wp-content\/uploads\/2022\/05\/P5141073-1024x684.jpg\" alt=\"Hayedo subiendo al Tur\u00f3 de l'Home\" width=\"820\" height=\"548\" srcset=\"https:\/\/www.monta\u00f1asdelaluna.es\/wp-content\/uploads\/2022\/05\/P5141073-1024x684.jpg 1024w, https:\/\/www.monta\u00f1asdelaluna.es\/wp-content\/uploads\/2022\/05\/P5141073-300x200.jpg 300w, https:\/\/www.monta\u00f1asdelaluna.es\/wp-content\/uploads\/2022\/05\/P5141073-768x513.jpg 768w, https:\/\/www.monta\u00f1asdelaluna.es\/wp-content\/uploads\/2022\/05\/P5141073-1536x1026.jpg 1536w, https:\/\/www.monta\u00f1asdelaluna.es\/wp-content\/uploads\/2022\/05\/P5141073.jpg 1800w\" sizes=\"auto, (max-width: 820px) 100vw, 820px\" \/><\/a><p id=\"caption-attachment-52052\" class=\"wp-caption-text\">Hayedo subiendo al Tur\u00f3 de l&#8217;Home<\/p><\/div>\n<p>&nbsp;<\/p>\n<p>Y siguiendo la senda hacia arriba llego al famoso y predominante Coll de Sesbasses (1.643 mts.), despu\u00e9s de la llamativa curva con cambio de direcci\u00f3n de la misma senda, en el punto en el que te deja justo debajo de la cima del Tur\u00f3 de l\u2019Home con su reconocido refugio meteorol\u00f3gico. Y desde este collado, tantas veces realizado, el f\u00e1cil ascenso al punto m\u00e1s alto del Montseny, la cima del Tur\u00f3 de l\u2019Home a 1.706 mts., sobre las 11:30 Hrs., acabando aqu\u00ed el recorrido descrito en la subida al pico desde <a href=\"https:\/\/www.monta\u00f1asdelaluna.es\/?p=17069\" target=\"_blank\" rel=\"noopener\">Fontmartina<\/a>.<\/p>\n<p>Despu\u00e9s de descansar y comer algo en la cima el Tur\u00f3 de l\u2019Home, y de hacer las fotos de cima y paisaje por defecto, voy en busca de Les Agudes; la otra alta cima del Montseny y casi m\u00e1s fotog\u00e9nica. Para ello vuelvo al Coll de Sesbasses, y sigo las marcas del mismo G.R. casi cumbreando por el lado este (derecha) y luego oeste (izquierda). En el mismo Coll de Sesbasses sigo por la senda de la derecha que parece baja poco a poco pero que al final se mantiene en la ladera casi a la misma altura. No hay que ir por la cuerda cimera a pesar de que parece hay senda. A los pocos pasos otro cruce: seguimos por la senda que no baja, por la izquierda, que ser\u00e1 la que nos lleve, con las marcas del G.R. hacia el Coll de Les Agudes, rodeando el Puig Sacarbassa por el oeste, por la izquierda. Y una vez en el Coll de Les Agudes donde hay otro cruce de sendas y recorridos, seguimos monta\u00f1a arriba enfrente para llegar a la cima de Les Agudes, tambi\u00e9n de 1.706 mts. de altura.<\/p>\n<div id=\"attachment_52054\" style=\"width: 1810px\" class=\"wp-caption aligncenter\"><a class=\"dt-pswp-item\" href=\"https:\/\/www.monta\u00f1asdelaluna.es\/wp-content\/uploads\/2022\/05\/P5141077.jpg\" data-dt-img-description=\"\" data-large_image_width=\"1800\" data-large_image_height=\"1202\"><img loading=\"lazy\" decoding=\"async\" aria-describedby=\"caption-attachment-52054\" class=\"wp-image-52054 \" src=\"https:\/\/www.monta\u00f1asdelaluna.es\/wp-content\/uploads\/2022\/05\/P5141077-1024x684.jpg\" alt=\"Joaqu\u00edn en la cima del Tur\u00f3 de l'Home, 1.706 mts.\" width=\"820\" height=\"548\" srcset=\"https:\/\/www.monta\u00f1asdelaluna.es\/wp-content\/uploads\/2022\/05\/P5141077-1024x684.jpg 1024w, https:\/\/www.monta\u00f1asdelaluna.es\/wp-content\/uploads\/2022\/05\/P5141077-300x200.jpg 300w, https:\/\/www.monta\u00f1asdelaluna.es\/wp-content\/uploads\/2022\/05\/P5141077-768x513.jpg 768w, https:\/\/www.monta\u00f1asdelaluna.es\/wp-content\/uploads\/2022\/05\/P5141077-1536x1026.jpg 1536w, https:\/\/www.monta\u00f1asdelaluna.es\/wp-content\/uploads\/2022\/05\/P5141077.jpg 1800w\" sizes=\"auto, (max-width: 820px) 100vw, 820px\" \/><\/a><p id=\"caption-attachment-52054\" class=\"wp-caption-text\">Joaqu\u00edn en la cima del Tur\u00f3 de l&#8217;Home, 1.706 mts.<\/p><\/div>\n<div id=\"attachment_52055\" style=\"width: 2012px\" class=\"wp-caption aligncenter\"><a class=\"dt-pswp-item\" href=\"https:\/\/www.monta\u00f1asdelaluna.es\/wp-content\/uploads\/2022\/05\/P5141078.jpg\" data-dt-img-description=\"\" data-large_image_width=\"2002\" data-large_image_height=\"482\"><img loading=\"lazy\" decoding=\"async\" aria-describedby=\"caption-attachment-52055\" class=\"wp-image-52055 size-full\" src=\"https:\/\/www.monta\u00f1asdelaluna.es\/wp-content\/uploads\/2022\/05\/P5141078.jpg\" alt=\"Panor\u00e1mica desde el Tur\u00f3 de l'Home, de izquierda a derecha: refugio de la cima, valle de Palautordera, Vilamajor, Tur\u00f3 de Samon, el Su\u00ef, Puig Drau, La Calma, Collformic y Matagalls\" width=\"2002\" height=\"482\" srcset=\"https:\/\/www.monta\u00f1asdelaluna.es\/wp-content\/uploads\/2022\/05\/P5141078.jpg 2002w, https:\/\/www.monta\u00f1asdelaluna.es\/wp-content\/uploads\/2022\/05\/P5141078-300x72.jpg 300w, https:\/\/www.monta\u00f1asdelaluna.es\/wp-content\/uploads\/2022\/05\/P5141078-1024x247.jpg 1024w, https:\/\/www.monta\u00f1asdelaluna.es\/wp-content\/uploads\/2022\/05\/P5141078-768x185.jpg 768w, https:\/\/www.monta\u00f1asdelaluna.es\/wp-content\/uploads\/2022\/05\/P5141078-1536x370.jpg 1536w\" sizes=\"auto, (max-width: 2002px) 100vw, 2002px\" \/><\/a><p id=\"caption-attachment-52055\" class=\"wp-caption-text\">Panor\u00e1mica desde el Tur\u00f3 de l&#8217;Home, de izquierda a derecha: refugio de la cima, valle de Palautordera, Vilamajor, Tur\u00f3 de Samon, el Su\u00ef, Puig Drau, La Calma, Collformic y Matagalls<\/p><\/div>\n<p>A pesar de la sequ\u00eda el bosque aparece muy verde, fenomenal; hago fotos al paisaje, sobre todo el estupendo hayedo que baja al Pant\u00e1 de Santa F\u00e9, el muy fotografiado valle de Passavets, y zona del Tur\u00f3 Morou y Tur\u00f3 de Ma\u00e7aners. Precioso. Otro peque\u00f1o descanso y enseguida sigo el recorrido previsto. Desde el Tur\u00f3 de l\u2019Home ya coincido con mucha gente, muchos visitantes que desde Santa Fe o Passavets suben a estas cimas. Sigue haciendo calorcillo, pero el tiempo es muy bueno y soleado, demasiado soleado.<\/p>\n<p>Desde Les Agudes tengo que bajar a Santa Fe, para bajar sigo el recorrido descrito en <a href=\"https:\/\/www.monta\u00f1asdelaluna.es\/?p=33636\" target=\"_blank\" rel=\"noopener\">Les Agudes desde Santa Fe<\/a>, el habitual y m\u00e1s indicado, tanto por su bajada directa como por el extraordinario lugar que recorre, ese maravilloso hayedo entre Les Agudes y el Tur\u00f3 de l\u2019Home, por el valle de Passavets, pasando por la Font de Brian\u00e7\u00f3, Passavets, y una vez cruzada la carretera que pasa por Santa Fe y sigue hacia el Coll de Sant Mar\u00e7al, sigo la estupenda senda o recorrido entre la carretera y la Riera de Santa Fe (la que viene de Passavets), por rincones preciosos del estupendo hayedo; para finalizar en Santa Fe.[\/vc_column_text][\/vc_column][\/vc_row][vc_row][vc_column][vc_empty_space][\/vc_column][\/vc_row][vc_row][vc_column][vc_video link=\u00bbhttps:\/\/vimeo.com\/811642471?share=copy\u00bb title=\u00bbRiera y hayedo de Santa Fe\u00bb][\/vc_column][\/vc_row][vc_row][vc_column][vc_empty_space][\/vc_column][\/vc_row][vc_row][vc_column][vc_column_text]Llego a Santa Fe hacia las 13:30 Hrs., a tiempo para descansar entre una y media hora aproximadamente y comer. No me canso de hacer fotos y videos de las cercan\u00edas a Santa Fe. Es un lugar m\u00e1gico, especial, espectacular\u2026 con el sonido del agua mientras corre por llamativa Riera de Santa Fe antes de llegar al lugar. Muchos visitantes, curiosos y domingueros suben aqu\u00ed para comer en las mesas junto a las altas secuoyas. Bullicio, conversaciones y diversi\u00f3n en las familias. No tardo mucho en querer salir de aqu\u00ed\u2026<\/p>\n<div id=\"attachment_52057\" style=\"width: 1810px\" class=\"wp-caption aligncenter\"><a class=\"dt-pswp-item\" href=\"https:\/\/www.monta\u00f1asdelaluna.es\/wp-content\/uploads\/2022\/05\/P5141085.jpg\" data-dt-img-description=\"\" data-large_image_width=\"1800\" data-large_image_height=\"1202\"><img loading=\"lazy\" decoding=\"async\" aria-describedby=\"caption-attachment-52057\" class=\"wp-image-52057 \" src=\"https:\/\/www.monta\u00f1asdelaluna.es\/wp-content\/uploads\/2022\/05\/P5141085-1024x684.jpg\" alt=\"Hayedo de Passavets y Santa Fe\" width=\"820\" height=\"548\" srcset=\"https:\/\/www.monta\u00f1asdelaluna.es\/wp-content\/uploads\/2022\/05\/P5141085-1024x684.jpg 1024w, https:\/\/www.monta\u00f1asdelaluna.es\/wp-content\/uploads\/2022\/05\/P5141085-300x200.jpg 300w, https:\/\/www.monta\u00f1asdelaluna.es\/wp-content\/uploads\/2022\/05\/P5141085-768x513.jpg 768w, https:\/\/www.monta\u00f1asdelaluna.es\/wp-content\/uploads\/2022\/05\/P5141085-1536x1026.jpg 1536w, https:\/\/www.monta\u00f1asdelaluna.es\/wp-content\/uploads\/2022\/05\/P5141085.jpg 1800w\" sizes=\"auto, (max-width: 820px) 100vw, 820px\" \/><\/a><p id=\"caption-attachment-52057\" class=\"wp-caption-text\">Hayedo de Passavets y Santa Fe<\/p><\/div>\n<p>&nbsp;<\/p>\n<div id=\"attachment_52056\" style=\"width: 1810px\" class=\"wp-caption aligncenter\"><a class=\"dt-pswp-item\" href=\"https:\/\/www.monta\u00f1asdelaluna.es\/wp-content\/uploads\/2022\/05\/P5141100.jpg\" data-dt-img-description=\"\" data-large_image_width=\"1800\" data-large_image_height=\"1202\"><img loading=\"lazy\" decoding=\"async\" aria-describedby=\"caption-attachment-52056\" class=\"wp-image-52056 \" src=\"https:\/\/www.monta\u00f1asdelaluna.es\/wp-content\/uploads\/2022\/05\/P5141100-1024x684.jpg\" alt=\"Hayedo de bajada a la Font de Passavets\" width=\"822\" height=\"549\" srcset=\"https:\/\/www.monta\u00f1asdelaluna.es\/wp-content\/uploads\/2022\/05\/P5141100-1024x684.jpg 1024w, https:\/\/www.monta\u00f1asdelaluna.es\/wp-content\/uploads\/2022\/05\/P5141100-300x200.jpg 300w, https:\/\/www.monta\u00f1asdelaluna.es\/wp-content\/uploads\/2022\/05\/P5141100-768x513.jpg 768w, https:\/\/www.monta\u00f1asdelaluna.es\/wp-content\/uploads\/2022\/05\/P5141100-1536x1026.jpg 1536w, https:\/\/www.monta\u00f1asdelaluna.es\/wp-content\/uploads\/2022\/05\/P5141100.jpg 1800w\" sizes=\"auto, (max-width: 822px) 100vw, 822px\" \/><\/a><p id=\"caption-attachment-52056\" class=\"wp-caption-text\">Hayedo de bajada a la Font de Passavets<\/p><\/div>\n<p>Para proseguir el recorrido debo buscar una senda marcada al otro lado de la carretera justo enfrente de la casa de informaci\u00f3n de Santa Fe, que llaman Can Casades, un postecito de informaci\u00f3n de recorridos nos dice que nos puede llevar al Roc Perer. Salgo de ese bullicio, de la aglomeraci\u00f3n de Santa Fe para buscar nuevos rincones, donde otras pocas personas buscan el silencio, la tranquilidad y el verde de la naturaleza.<\/p>\n<p>Dejo la carretera a mi espalda y entre unos \u00e1rboles salgo a un verde y tranquilo prado. La senda que sigo llega a un cruce: puedo ir al Roc Perer por ambos lados, es como un recorrido circular marcado al Roc Perer desde Santa Fe. Pero en el cruce giro a la izquierda y sureste. Seg\u00fan el poste indicador voy en direcci\u00f3n a la Font del Cirerer. He cruzado parte del magn\u00edfico hayedo cerca de la carretera, ahora paso junto a curiosas casas o viviendas ubicadas casi milagrosamente en un parque natural como es este y que no salen sus nombres en el mapa de Alpina, como Can Serra.<\/p>\n<div id=\"attachment_52058\" style=\"width: 1810px\" class=\"wp-caption aligncenter\"><a class=\"dt-pswp-item\" href=\"https:\/\/www.monta\u00f1asdelaluna.es\/wp-content\/uploads\/2022\/05\/P5141110.jpg\" data-dt-img-description=\"\" data-large_image_width=\"1800\" data-large_image_height=\"1202\"><img loading=\"lazy\" decoding=\"async\" aria-describedby=\"caption-attachment-52058\" class=\"wp-image-52058 \" src=\"https:\/\/www.monta\u00f1asdelaluna.es\/wp-content\/uploads\/2022\/05\/P5141110-1024x684.jpg\" alt=\"Font de Passavets\" width=\"823\" height=\"550\" srcset=\"https:\/\/www.monta\u00f1asdelaluna.es\/wp-content\/uploads\/2022\/05\/P5141110-1024x684.jpg 1024w, https:\/\/www.monta\u00f1asdelaluna.es\/wp-content\/uploads\/2022\/05\/P5141110-300x200.jpg 300w, https:\/\/www.monta\u00f1asdelaluna.es\/wp-content\/uploads\/2022\/05\/P5141110-768x513.jpg 768w, https:\/\/www.monta\u00f1asdelaluna.es\/wp-content\/uploads\/2022\/05\/P5141110-1536x1026.jpg 1536w, https:\/\/www.monta\u00f1asdelaluna.es\/wp-content\/uploads\/2022\/05\/P5141110.jpg 1800w\" sizes=\"auto, (max-width: 823px) 100vw, 823px\" \/><\/a><p id=\"caption-attachment-52058\" class=\"wp-caption-text\">Font de Passavets<\/p><\/div>\n<div id=\"attachment_52059\" style=\"width: 1810px\" class=\"wp-caption aligncenter\"><a class=\"dt-pswp-item\" href=\"https:\/\/www.monta\u00f1asdelaluna.es\/wp-content\/uploads\/2022\/05\/P5141116.jpg\" data-dt-img-description=\"\" data-large_image_width=\"1800\" data-large_image_height=\"1202\"><img loading=\"lazy\" decoding=\"async\" aria-describedby=\"caption-attachment-52059\" class=\"wp-image-52059 \" src=\"https:\/\/www.monta\u00f1asdelaluna.es\/wp-content\/uploads\/2022\/05\/P5141116-1024x684.jpg\" alt=\"Camino de Santa Fe\" width=\"822\" height=\"549\" srcset=\"https:\/\/www.monta\u00f1asdelaluna.es\/wp-content\/uploads\/2022\/05\/P5141116-1024x684.jpg 1024w, https:\/\/www.monta\u00f1asdelaluna.es\/wp-content\/uploads\/2022\/05\/P5141116-300x200.jpg 300w, https:\/\/www.monta\u00f1asdelaluna.es\/wp-content\/uploads\/2022\/05\/P5141116-768x513.jpg 768w, https:\/\/www.monta\u00f1asdelaluna.es\/wp-content\/uploads\/2022\/05\/P5141116-1536x1026.jpg 1536w, https:\/\/www.monta\u00f1asdelaluna.es\/wp-content\/uploads\/2022\/05\/P5141116.jpg 1800w\" sizes=\"auto, (max-width: 822px) 100vw, 822px\" \/><\/a><p id=\"caption-attachment-52059\" class=\"wp-caption-text\">Camino de Santa Fe<\/p><\/div>\n<p>La senda o recorrido que coge caminos de herradura o transitables seg\u00fan su parte, sigue durante un tiempo paralelo a la carretera que baja a Sant Celoni; y justo cerca del cruce de la misma donde sale el ramal que pasa por el Coll de Santa Helena, el recorrido comienza a subir monta\u00f1a arriba en busca de un camino que viene de la misma carretera; lo sigo hacia la derecha y arriba. No hay que dejar de seguir las marcas del recorrido, los postes verdes. Ya no dejo este camino que hace un poco de zigzag mientras va cogiendo altura, ladera arriba de esta parte de la monta\u00f1a, hasta que sale a otro camino transitable reconocido, justo en el lugar o mirador del Roc Perer a 1.332 mts. Mientras he ido cruzando una preciosa zona de hayedo, donde mi c\u00e1mara de fotos se ha regocijado y trabajado con sus colores, sombras, verdor y belleza. No me doy cuenta si paso o no por el lugar de la Font del Cirerer, no llegu\u00e9 a verla\u2026 igual estaba m\u00e1s cerca de la carretera\u2026<\/p>\n<p>Justo antes del Roc Perer me encuentra con una pareja que sigue un recorrido similar. Hay muy poca gente en estas laderas, salvo las que se han quedado en los prados cercanos a Can Serra y a la Font del Cirerer. Me asomo por el mirador y hago fotos al asombroso manto boscoso que rodea Santa Fe y su embalse\u2026 pero aqu\u00ed ya he estado: ahora solo tengo que seguir el camino que pasa por aqu\u00ed y que viene de l\u2019Aveteda, justo por encima del que he salido se\u00f1alizado desde Santa Fe y haciendo un giro de 180\u00ba. En direcci\u00f3n sur sin variar la altura por la ladera boscosa de la monta\u00f1a\u2026 es el mismo recorrido realizado en la actividad <a href=\"https:\/\/www.monta\u00f1asdelaluna.es\/?p=44181\" target=\"_blank\" rel=\"noopener\">Tur\u00f3 de l\u2019Home desde el Coll de Santa Helena<\/a>, que es hacia donde me dirijo.<\/p>\n<div id=\"attachment_52060\" style=\"width: 1810px\" class=\"wp-caption aligncenter\"><a class=\"dt-pswp-item\" href=\"https:\/\/www.monta\u00f1asdelaluna.es\/wp-content\/uploads\/2022\/05\/P5141126.jpg\" data-dt-img-description=\"\" data-large_image_width=\"1800\" data-large_image_height=\"1202\"><img loading=\"lazy\" decoding=\"async\" aria-describedby=\"caption-attachment-52060\" class=\"wp-image-52060 \" src=\"https:\/\/www.monta\u00f1asdelaluna.es\/wp-content\/uploads\/2022\/05\/P5141126-1024x684.jpg\" alt=\"Al fondo Les Agudes camino del Roc Perer\" width=\"821\" height=\"548\" srcset=\"https:\/\/www.monta\u00f1asdelaluna.es\/wp-content\/uploads\/2022\/05\/P5141126-1024x684.jpg 1024w, https:\/\/www.monta\u00f1asdelaluna.es\/wp-content\/uploads\/2022\/05\/P5141126-300x200.jpg 300w, https:\/\/www.monta\u00f1asdelaluna.es\/wp-content\/uploads\/2022\/05\/P5141126-768x513.jpg 768w, https:\/\/www.monta\u00f1asdelaluna.es\/wp-content\/uploads\/2022\/05\/P5141126-1536x1026.jpg 1536w, https:\/\/www.monta\u00f1asdelaluna.es\/wp-content\/uploads\/2022\/05\/P5141126.jpg 1800w\" sizes=\"auto, (max-width: 821px) 100vw, 821px\" \/><\/a><p id=\"caption-attachment-52060\" class=\"wp-caption-text\">Al fondo Les Agudes camino del Roc Perer<\/p><\/div>\n<div id=\"attachment_52062\" style=\"width: 1810px\" class=\"wp-caption aligncenter\"><a class=\"dt-pswp-item\" href=\"https:\/\/www.monta\u00f1asdelaluna.es\/wp-content\/uploads\/2022\/05\/P5141132.jpg\" data-dt-img-description=\"\" data-large_image_width=\"1800\" data-large_image_height=\"1202\"><img loading=\"lazy\" decoding=\"async\" aria-describedby=\"caption-attachment-52062\" class=\"wp-image-52062 \" src=\"https:\/\/www.monta\u00f1asdelaluna.es\/wp-content\/uploads\/2022\/05\/P5141132-1024x684.jpg\" alt=\"Camino del Roc Perer\" width=\"820\" height=\"548\" srcset=\"https:\/\/www.monta\u00f1asdelaluna.es\/wp-content\/uploads\/2022\/05\/P5141132-1024x684.jpg 1024w, https:\/\/www.monta\u00f1asdelaluna.es\/wp-content\/uploads\/2022\/05\/P5141132-300x200.jpg 300w, https:\/\/www.monta\u00f1asdelaluna.es\/wp-content\/uploads\/2022\/05\/P5141132-768x513.jpg 768w, https:\/\/www.monta\u00f1asdelaluna.es\/wp-content\/uploads\/2022\/05\/P5141132-1536x1026.jpg 1536w, https:\/\/www.monta\u00f1asdelaluna.es\/wp-content\/uploads\/2022\/05\/P5141132.jpg 1800w\" sizes=\"auto, (max-width: 820px) 100vw, 820px\" \/><\/a><p id=\"caption-attachment-52062\" class=\"wp-caption-text\">Camino del Roc Perer<\/p><\/div>\n<p>Un recorrido magn\u00edfico y precioso por un solitario camino medio transitable o casi de herradura, entre rincones llenos de hojas secas de las hayas, con hermosos y extraordinarios ejemplares, y frondosos y oscuros escondites de este perfecto y sano hayedo. Hago fotos de estos rincones. Impresionante.<\/p>\n<p>De nuevo hay que tener cuidado al final del camino cuando sale del hayedo hacia la loma cimera casi pelada de bosque que sale del Coll de Santa Helena hasta las cimas de las monta\u00f1a: cogemos el caminito que sale hacia abajo e izquierda antes de llegar a dicho lugar, y lo seguimos por el hayedo. Si el camino sale del bosque, es que nos hemos pasado el cruce o desv\u00edo a la izquierda. Despu\u00e9s el camino desaparece y de nuevo no encuentro la senda que se dirige o pasa por la Font de Ferrussa junto a aquella caseta de piedra peque\u00f1ita que llaman el Corral d\u2019en Pla. Pero no me pierdo, intento seguir entre los \u00e1rboles y los abundantes matorrales que impiden el paso. Da la impresi\u00f3n de que nadie pasa por aqu\u00ed. No hay manera de encontrar la senda, y cuando la encuentro se pierde entre los matorrales\u2026 pero al final al salir de la medio zona boscosa llego a pasar cerca de los muros del Corral d\u2019en Pla, y de ah\u00ed f\u00e1cilmente hacia la ladera cimera hasta que me topo con una buena senda que baja hacia la izquierda hasta el ya cercano Coll de Santa Helena\u2026 pero este recorrido ya est\u00e1 descrito en <a href=\"https:\/\/www.monta\u00f1asdelaluna.es\/?p=44181\" target=\"_blank\" rel=\"noopener\">Tur\u00f3 de l\u2019Home desde el Coll de Santa Helena<\/a>.<\/p>\n<div id=\"attachment_52061\" style=\"width: 1810px\" class=\"wp-caption aligncenter\"><a class=\"dt-pswp-item\" href=\"https:\/\/www.monta\u00f1asdelaluna.es\/wp-content\/uploads\/2022\/05\/P5141139.jpg\" data-dt-img-description=\"\" data-large_image_width=\"1800\" data-large_image_height=\"1202\"><img loading=\"lazy\" decoding=\"async\" aria-describedby=\"caption-attachment-52061\" class=\"wp-image-52061 \" src=\"https:\/\/www.monta\u00f1asdelaluna.es\/wp-content\/uploads\/2022\/05\/P5141139-1024x684.jpg\" alt=\"Les Agudes y el magn\u00edfico hayedo desde el Roc Perer, 1.332 mts.\" width=\"823\" height=\"550\" srcset=\"https:\/\/www.monta\u00f1asdelaluna.es\/wp-content\/uploads\/2022\/05\/P5141139-1024x684.jpg 1024w, https:\/\/www.monta\u00f1asdelaluna.es\/wp-content\/uploads\/2022\/05\/P5141139-300x200.jpg 300w, https:\/\/www.monta\u00f1asdelaluna.es\/wp-content\/uploads\/2022\/05\/P5141139-768x513.jpg 768w, https:\/\/www.monta\u00f1asdelaluna.es\/wp-content\/uploads\/2022\/05\/P5141139-1536x1026.jpg 1536w, https:\/\/www.monta\u00f1asdelaluna.es\/wp-content\/uploads\/2022\/05\/P5141139.jpg 1800w\" sizes=\"auto, (max-width: 823px) 100vw, 823px\" \/><\/a><p id=\"caption-attachment-52061\" class=\"wp-caption-text\">Les Agudes y el magn\u00edfico hayedo desde el Roc Perer, 1.332 mts.<\/p><\/div>\n<div id=\"attachment_52063\" style=\"width: 1810px\" class=\"wp-caption aligncenter\"><a class=\"dt-pswp-item\" href=\"https:\/\/www.monta\u00f1asdelaluna.es\/wp-content\/uploads\/2022\/05\/P5141152.jpg\" data-dt-img-description=\"\" data-large_image_width=\"1800\" data-large_image_height=\"1202\"><img loading=\"lazy\" decoding=\"async\" aria-describedby=\"caption-attachment-52063\" class=\"wp-image-52063 \" src=\"https:\/\/www.monta\u00f1asdelaluna.es\/wp-content\/uploads\/2022\/05\/P5141152-1024x684.jpg\" alt=\"Camino del Coll de Santa Helena\" width=\"820\" height=\"548\" srcset=\"https:\/\/www.monta\u00f1asdelaluna.es\/wp-content\/uploads\/2022\/05\/P5141152-1024x684.jpg 1024w, https:\/\/www.monta\u00f1asdelaluna.es\/wp-content\/uploads\/2022\/05\/P5141152-300x200.jpg 300w, https:\/\/www.monta\u00f1asdelaluna.es\/wp-content\/uploads\/2022\/05\/P5141152-768x513.jpg 768w, https:\/\/www.monta\u00f1asdelaluna.es\/wp-content\/uploads\/2022\/05\/P5141152-1536x1026.jpg 1536w, https:\/\/www.monta\u00f1asdelaluna.es\/wp-content\/uploads\/2022\/05\/P5141152.jpg 1800w\" sizes=\"auto, (max-width: 820px) 100vw, 820px\" \/><\/a><p id=\"caption-attachment-52063\" class=\"wp-caption-text\">Camino del Coll de Santa Helena<\/p><\/div>\n<p>A partir de que ya estoy en el Coll de Santa Helena (1.219 mts.) cruzo la carretera justo en la curva y al otro lado del parking, m\u00e1s all\u00e1 quedan las antenas, aparece una sendilla que parece ir paralela unos pasos al murito que cierra el parking en el Coll de Santa Helena, y despu\u00e9s se aleja de \u00e9l. Dicha senda parece gira hacia la derecha y suroeste con algo de bajada\u2026 y a partir de ahora comienza el lio para llegar a Fontmartina.<\/p>\n<p>El d\u00eda sigue siendo espectacular, casi caluroso. La senda nueva cruza por lugares de sombra entre magn\u00edficos ejemplares de pino, hayas y encinas, aunque al comienzo est\u00e1 a pleno sol. Paso por un rinc\u00f3n precioso, la Font de Profit, con sus bancos de piedra y los altos \u00e1rboles con una sombra agradecida, desde la cual, pocos pasos despu\u00e9s, deriva en un camino. Miro el mapa de Alpina; ahora llevar\u00e9 el mapa en la mano hasta casi llegar a Fontmartina.<\/p>\n<div id=\"attachment_52064\" style=\"width: 1810px\" class=\"wp-caption aligncenter\"><a class=\"dt-pswp-item\" href=\"https:\/\/www.monta\u00f1asdelaluna.es\/wp-content\/uploads\/2022\/05\/P5141155.jpg\" data-dt-img-description=\"\" data-large_image_width=\"1800\" data-large_image_height=\"1202\"><img loading=\"lazy\" decoding=\"async\" aria-describedby=\"caption-attachment-52064\" class=\"wp-image-52064 \" src=\"https:\/\/www.monta\u00f1asdelaluna.es\/wp-content\/uploads\/2022\/05\/P5141155-1024x684.jpg\" alt=\"Llegando al Coll de Santa Helena, 1.219 mts.\" width=\"822\" height=\"549\" srcset=\"https:\/\/www.monta\u00f1asdelaluna.es\/wp-content\/uploads\/2022\/05\/P5141155-1024x684.jpg 1024w, https:\/\/www.monta\u00f1asdelaluna.es\/wp-content\/uploads\/2022\/05\/P5141155-300x200.jpg 300w, https:\/\/www.monta\u00f1asdelaluna.es\/wp-content\/uploads\/2022\/05\/P5141155-768x513.jpg 768w, https:\/\/www.monta\u00f1asdelaluna.es\/wp-content\/uploads\/2022\/05\/P5141155-1536x1026.jpg 1536w, https:\/\/www.monta\u00f1asdelaluna.es\/wp-content\/uploads\/2022\/05\/P5141155.jpg 1800w\" sizes=\"auto, (max-width: 822px) 100vw, 822px\" \/><\/a><p id=\"caption-attachment-52064\" class=\"wp-caption-text\">Llegando al Coll de Santa Helena, 1.219 mts.<\/p><\/div>\n<div id=\"attachment_52065\" style=\"width: 1212px\" class=\"wp-caption aligncenter\"><a class=\"dt-pswp-item\" href=\"https:\/\/www.monta\u00f1asdelaluna.es\/wp-content\/uploads\/2022\/05\/P5141158.jpg\" data-dt-img-description=\"\" data-large_image_width=\"1202\" data-large_image_height=\"1800\"><img loading=\"lazy\" decoding=\"async\" aria-describedby=\"caption-attachment-52065\" class=\"wp-image-52065 \" src=\"https:\/\/www.monta\u00f1asdelaluna.es\/wp-content\/uploads\/2022\/05\/P5141158.jpg\" alt=\"Camino de la Font de Profit\" width=\"823\" height=\"1233\" srcset=\"https:\/\/www.monta\u00f1asdelaluna.es\/wp-content\/uploads\/2022\/05\/P5141158.jpg 1202w, https:\/\/www.monta\u00f1asdelaluna.es\/wp-content\/uploads\/2022\/05\/P5141158-200x300.jpg 200w, https:\/\/www.monta\u00f1asdelaluna.es\/wp-content\/uploads\/2022\/05\/P5141158-684x1024.jpg 684w, https:\/\/www.monta\u00f1asdelaluna.es\/wp-content\/uploads\/2022\/05\/P5141158-768x1150.jpg 768w, https:\/\/www.monta\u00f1asdelaluna.es\/wp-content\/uploads\/2022\/05\/P5141158-1026x1536.jpg 1026w\" sizes=\"auto, (max-width: 823px) 100vw, 823px\" \/><\/a><p id=\"caption-attachment-52065\" class=\"wp-caption-text\">Camino de la Font de Profit<\/p><\/div>\n<p>En el camino sigo hacia la derecha, y al poco tiempo derivar\u00e1 en otro cruce con otro camino m\u00e1s deshecho o empinado, que esta vez seguimos a la izquierda, dejamos a nuestra espalda las cercan\u00edas de Can Pinyoca, y enseguida otro cruce, seguimos de nuevo hacia la izquierda y abajo. Estos caminos no parecen muy transitados, menos el primero al que sal\u00edamos desde la Font de Profit. Pero en ocasiones los destrozados caminos nos dejan contemplar; atraviesan preciosos rincones que no hubiera pensado que por aqu\u00ed habr\u00edan, como hayedos fenomenales, sanos casta\u00f1os y robles, encinas, Quercus al fin y al cabo, magn\u00edficos.<\/p>\n<p>Este \u00faltimo camino no hay que dejarlo, aunque hace curvas de un lado y otro, y hay que seguirlo hasta que desemboca en otro m\u00e1s usado y cuidado, transitable, y seguimos este camino hacia la derecha, sin bajar mucho m\u00e1s, hasta llegar a las proximidades de una bassa, al que llaman llac, el LLac de Viada. Me paro junto a las orillas del solitario estanque, laguito, que realmente es artificial, una gran balsa. Hay peces, fauna y flora. Excepcional.<\/p>\n<div id=\"attachment_52066\" style=\"width: 1810px\" class=\"wp-caption aligncenter\"><a class=\"dt-pswp-item\" href=\"https:\/\/www.monta\u00f1asdelaluna.es\/wp-content\/uploads\/2022\/05\/P5141160.jpg\" data-dt-img-description=\"\" data-large_image_width=\"1800\" data-large_image_height=\"1202\"><img loading=\"lazy\" decoding=\"async\" aria-describedby=\"caption-attachment-52066\" class=\"wp-image-52066 \" src=\"https:\/\/www.monta\u00f1asdelaluna.es\/wp-content\/uploads\/2022\/05\/P5141160-1024x684.jpg\" alt=\"Font de Profit\" width=\"823\" height=\"550\" srcset=\"https:\/\/www.monta\u00f1asdelaluna.es\/wp-content\/uploads\/2022\/05\/P5141160-1024x684.jpg 1024w, https:\/\/www.monta\u00f1asdelaluna.es\/wp-content\/uploads\/2022\/05\/P5141160-300x200.jpg 300w, https:\/\/www.monta\u00f1asdelaluna.es\/wp-content\/uploads\/2022\/05\/P5141160-768x513.jpg 768w, https:\/\/www.monta\u00f1asdelaluna.es\/wp-content\/uploads\/2022\/05\/P5141160-1536x1026.jpg 1536w, https:\/\/www.monta\u00f1asdelaluna.es\/wp-content\/uploads\/2022\/05\/P5141160.jpg 1800w\" sizes=\"auto, (max-width: 823px) 100vw, 823px\" \/><\/a><p id=\"caption-attachment-52066\" class=\"wp-caption-text\">Font de Profit<\/p><\/div>\n<div id=\"attachment_52067\" style=\"width: 1810px\" class=\"wp-caption aligncenter\"><a class=\"dt-pswp-item\" href=\"https:\/\/www.monta\u00f1asdelaluna.es\/wp-content\/uploads\/2022\/05\/P5141165.jpg\" data-dt-img-description=\"\" data-large_image_width=\"1800\" data-large_image_height=\"1202\"><img loading=\"lazy\" decoding=\"async\" aria-describedby=\"caption-attachment-52067\" class=\"wp-image-52067 \" src=\"https:\/\/www.monta\u00f1asdelaluna.es\/wp-content\/uploads\/2022\/05\/P5141165-1024x684.jpg\" alt=\"Robles y encinas camino del LLac d'en Viada\" width=\"820\" height=\"548\" srcset=\"https:\/\/www.monta\u00f1asdelaluna.es\/wp-content\/uploads\/2022\/05\/P5141165-1024x684.jpg 1024w, https:\/\/www.monta\u00f1asdelaluna.es\/wp-content\/uploads\/2022\/05\/P5141165-300x200.jpg 300w, https:\/\/www.monta\u00f1asdelaluna.es\/wp-content\/uploads\/2022\/05\/P5141165-768x513.jpg 768w, https:\/\/www.monta\u00f1asdelaluna.es\/wp-content\/uploads\/2022\/05\/P5141165-1536x1026.jpg 1536w, https:\/\/www.monta\u00f1asdelaluna.es\/wp-content\/uploads\/2022\/05\/P5141165.jpg 1800w\" sizes=\"auto, (max-width: 820px) 100vw, 820px\" \/><\/a><p id=\"caption-attachment-52067\" class=\"wp-caption-text\">Robles y encinas camino del LLac d&#8217;en Viada<\/p><\/div>\n<p>Desde este descansado rinc\u00f3n de las orillas de la pista que ahora seguir\u00e9 y del Llac de Viada, puedo ver las cimas del Puig Sesolles all\u00e1 arriba, gracias a que se despeja algo el estupendo bosque variado de esta parte de las laderas del Montseny. Sigo sin tener compa\u00f1\u00eda; es un recorrido y unas partes de la monta\u00f1a fuera de los recorridos marcados, monta\u00f1eros, excursionistas, y por ello disfruto de la Naturaleza, a veces descuidada, con caminos destrozados, olvidados, y bosques solitarios pero hermosos, cuidados. Un recorrido de los m\u00edos\u2026<\/p>\n<p>El camino junto al llac no es tal camino, si no una pista aburrida, ancha y bien cuidada, a pesar de ello no pasan muchos autos, ninguno. Miro el mapa Alpina: hay otro camino menos transitado que baja paralelo a esta pista por en medio del bosque y sale desde el punto del otro camino antes de llegar al llac, de desembocar a la pista\u2026 pero no s\u00e9 si seguirla, la pista es m\u00e1s artificial, aburrida, pero menos equivoca y m\u00e1s directa. Tengo que ir hacia una mas\u00eda a la que llaman Can Rovira, y por la pista parece que me acercar\u00e9 m\u00e1s\u2026 decidido: sigo la pista hacia abajo, oeste, izquierda, seg\u00fan aparezco frente al llac; aunque la pista har\u00e1 grandes zigzags en bajada, sin tener demasiada pendiente. Aburrida pero necesaria.<\/p>\n<div id=\"attachment_52068\" style=\"width: 1810px\" class=\"wp-caption aligncenter\"><a class=\"dt-pswp-item\" href=\"https:\/\/www.monta\u00f1asdelaluna.es\/wp-content\/uploads\/2022\/05\/P5141167-1.jpg\" data-dt-img-description=\"\" data-large_image_width=\"1800\" data-large_image_height=\"1015\"><img loading=\"lazy\" decoding=\"async\" aria-describedby=\"caption-attachment-52068\" class=\"wp-image-52068 \" src=\"https:\/\/www.monta\u00f1asdelaluna.es\/wp-content\/uploads\/2022\/05\/P5141167-1-1024x577.jpg\" alt=\"Casta\u00f1os camino del LLac d'en Viada\" width=\"822\" height=\"463\" srcset=\"https:\/\/www.monta\u00f1asdelaluna.es\/wp-content\/uploads\/2022\/05\/P5141167-1-1024x577.jpg 1024w, https:\/\/www.monta\u00f1asdelaluna.es\/wp-content\/uploads\/2022\/05\/P5141167-1-300x169.jpg 300w, https:\/\/www.monta\u00f1asdelaluna.es\/wp-content\/uploads\/2022\/05\/P5141167-1-768x433.jpg 768w, https:\/\/www.monta\u00f1asdelaluna.es\/wp-content\/uploads\/2022\/05\/P5141167-1-1536x866.jpg 1536w, https:\/\/www.monta\u00f1asdelaluna.es\/wp-content\/uploads\/2022\/05\/P5141167-1.jpg 1800w\" sizes=\"auto, (max-width: 822px) 100vw, 822px\" \/><\/a><p id=\"caption-attachment-52068\" class=\"wp-caption-text\">Casta\u00f1os camino del LLac d&#8217;en Viada<\/p><\/div>\n<div id=\"attachment_52069\" style=\"width: 1810px\" class=\"wp-caption aligncenter\"><a class=\"dt-pswp-item\" href=\"https:\/\/www.monta\u00f1asdelaluna.es\/wp-content\/uploads\/2022\/05\/P5141170.jpg\" data-dt-img-description=\"\" data-large_image_width=\"1800\" data-large_image_height=\"1202\"><img loading=\"lazy\" decoding=\"async\" aria-describedby=\"caption-attachment-52069\" class=\"wp-image-52069 \" src=\"https:\/\/www.monta\u00f1asdelaluna.es\/wp-content\/uploads\/2022\/05\/P5141170-1024x684.jpg\" alt=\"Robles cerca del LLac d'en Viada\" width=\"820\" height=\"548\" srcset=\"https:\/\/www.monta\u00f1asdelaluna.es\/wp-content\/uploads\/2022\/05\/P5141170-1024x684.jpg 1024w, https:\/\/www.monta\u00f1asdelaluna.es\/wp-content\/uploads\/2022\/05\/P5141170-300x200.jpg 300w, https:\/\/www.monta\u00f1asdelaluna.es\/wp-content\/uploads\/2022\/05\/P5141170-768x513.jpg 768w, https:\/\/www.monta\u00f1asdelaluna.es\/wp-content\/uploads\/2022\/05\/P5141170-1536x1026.jpg 1536w, https:\/\/www.monta\u00f1asdelaluna.es\/wp-content\/uploads\/2022\/05\/P5141170.jpg 1800w\" sizes=\"auto, (max-width: 820px) 100vw, 820px\" \/><\/a><p id=\"caption-attachment-52069\" class=\"wp-caption-text\">Robles cerca del LLac d&#8217;en Viada<\/p><\/div>\n<p>Sin casi sombra por la pista enorme y eterna, se me mete el sol en la cabeza y se me hace muy larga, aburrida. Las vistas no son muy embelesadores por culpa de la misma pista, pero curioseo los diferentes puntos de toma de agua para los bomberos\u2026 y ya por fin llego al final de la pista o al menos a un cruce de pistas con carteles indicadores de direcciones; vengo del Llac, Estany d\u2019en Viada, y, seg\u00fan observo el mapa Alpina, quiero pasar por la mas\u00eda de Can Rovira para coger un camino a mitad de altura desde la ladera de la monta\u00f1a en direcci\u00f3n norte y oeste, para llegar hasta la zona de Can Riera de Ciuret pasando por Can Gen\u00e7ana; y de aqu\u00ed, a Fontmartina. As\u00ed que giro hacia la izquierda y sur por la pista en busca del camino que me llevar\u00eda a Can Rovira, que no queda muy lejos en esta direcci\u00f3n.<\/p>\n<p>Al poco tiempo aparece el camino para girar a la derecha hacia Can Rovira, y es una trinchera, es un campo fortificado con valla electrificada y perros \u201crabiosos\u201d (que no veo), sueltos por la parcela\u2026 \u00bfno es un camino de servicio? Ya que observo en el Alpina como cruza la mas\u00eda hacia el lado opuesto\u2026 no s\u00e9\u2026 pero lo que s\u00ed estoy seguro es que atravesar esa valla de prisi\u00f3n y meterme en ese campo de minas, podr\u00eda ser m\u00e1s que complicado y casi peligroso\u2026 con lo que decido seguir la pista hacia el sur bajando de la monta\u00f1a, en busca de un camino en el que las marcas de G.R. parecen que lo siguen hacia el lugar al que quiero llegar, y seguramente, gracias a su identificaci\u00f3n de recorrido y prioridad, no habr\u00e1 impedimentos en seguirlas.<\/p>\n<div id=\"attachment_52070\" style=\"width: 1810px\" class=\"wp-caption aligncenter\"><a class=\"dt-pswp-item\" href=\"https:\/\/www.monta\u00f1asdelaluna.es\/wp-content\/uploads\/2022\/05\/P5141174.jpg\" data-dt-img-description=\"\" data-large_image_width=\"1800\" data-large_image_height=\"1202\"><img loading=\"lazy\" decoding=\"async\" aria-describedby=\"caption-attachment-52070\" class=\"wp-image-52070 \" src=\"https:\/\/www.monta\u00f1asdelaluna.es\/wp-content\/uploads\/2022\/05\/P5141174-1024x684.jpg\" alt=\"LLac d'en Viada con el Puig Sesolles y Tur\u00f3 Gros o d'en Paletreques a fondo\" width=\"823\" height=\"550\" srcset=\"https:\/\/www.monta\u00f1asdelaluna.es\/wp-content\/uploads\/2022\/05\/P5141174-1024x684.jpg 1024w, https:\/\/www.monta\u00f1asdelaluna.es\/wp-content\/uploads\/2022\/05\/P5141174-300x200.jpg 300w, https:\/\/www.monta\u00f1asdelaluna.es\/wp-content\/uploads\/2022\/05\/P5141174-768x513.jpg 768w, https:\/\/www.monta\u00f1asdelaluna.es\/wp-content\/uploads\/2022\/05\/P5141174-1536x1026.jpg 1536w, https:\/\/www.monta\u00f1asdelaluna.es\/wp-content\/uploads\/2022\/05\/P5141174.jpg 1800w\" sizes=\"auto, (max-width: 823px) 100vw, 823px\" \/><\/a><p id=\"caption-attachment-52070\" class=\"wp-caption-text\">LLac d&#8217;en Viada con el Puig Sesolles y Tur\u00f3 Gros o d&#8217;en Paletreques a fondo<\/p><\/div>\n<div id=\"attachment_52071\" style=\"width: 1810px\" class=\"wp-caption aligncenter\"><a class=\"dt-pswp-item\" href=\"https:\/\/www.monta\u00f1asdelaluna.es\/wp-content\/uploads\/2022\/05\/P5141175.jpg\" data-dt-img-description=\"\" data-large_image_width=\"1800\" data-large_image_height=\"1202\"><img loading=\"lazy\" decoding=\"async\" aria-describedby=\"caption-attachment-52071\" class=\"wp-image-52071 \" src=\"https:\/\/www.monta\u00f1asdelaluna.es\/wp-content\/uploads\/2022\/05\/P5141175-1024x684.jpg\" alt=\"Pista de bajada hacia Can Verdaguer Xic por la Plana d'en LLobet\" width=\"822\" height=\"549\" srcset=\"https:\/\/www.monta\u00f1asdelaluna.es\/wp-content\/uploads\/2022\/05\/P5141175-1024x684.jpg 1024w, https:\/\/www.monta\u00f1asdelaluna.es\/wp-content\/uploads\/2022\/05\/P5141175-300x200.jpg 300w, https:\/\/www.monta\u00f1asdelaluna.es\/wp-content\/uploads\/2022\/05\/P5141175-768x513.jpg 768w, https:\/\/www.monta\u00f1asdelaluna.es\/wp-content\/uploads\/2022\/05\/P5141175-1536x1026.jpg 1536w, https:\/\/www.monta\u00f1asdelaluna.es\/wp-content\/uploads\/2022\/05\/P5141175.jpg 1800w\" sizes=\"auto, (max-width: 822px) 100vw, 822px\" \/><\/a><p id=\"caption-attachment-52071\" class=\"wp-caption-text\">Pista de bajada hacia Can Verdaguer Xic por la Plana d&#8217;en LLobet<\/p><\/div>\n<p>Pista abajo, me encuentro con otro cruce donde aparece un cartel de indicador de lugares. En \u00e9ste aparece Can Verdaguer Xic. Giro a la derecha haci\u00e9ndolo de unos 180\u00ba, pasando de la pista ancha, llana, apisonada, aburrida, a un camino m\u00e1s simp\u00e1tico, estrecho pero transitable, en direcci\u00f3n a este lugar. Cruzo unos bancales de vi\u00f1as, variando el paisaje pero sin dejar de ser bonito y llamativo, hacia abajo en busca de otro camino que cruza en perpendicular y es donde se encuentran las marcas del G.R. Antes he dejado a la izquierda el caminito que nos dejar\u00eda en la misma Can Verdaguer Xic, dejamos otro que sale a la derecha, seguimos hacia la izquierda en busca de una nave de color verde y una construcci\u00f3n que queda como un poco abajo, que es Can Grau. Pero antes de llegar a Can Grau, derivamos en el camino donde aparecen las marcas de G.R. que ven\u00edan en el mapa Alpina; incrustada en el tronco de un \u00e1rbol aparece la esperada pintura blanca y roja. Este camino atraviesa la ladera de la monta\u00f1a sin variar mucho en su altura, y el G.R. es el mismo que cog\u00ed cuando sal\u00ed de Montseny: el G.R.-5\u2026 curiosamente me quedo muy cerca del recorrido de la carreterilla que viene de Santa Fe hacia Sant Celoni, antes de llegar a Campins, y cerca de Fogars de Montcl\u00fas\u2026 pero no la llego a tocar.<\/p>\n<p>Mirando hacia el \u00e1rbol donde aparece la marca, giro hacia la derecha dejando a la espalda la no pisada Can Grau con su curiosa y estramb\u00f3tica nave verde, y sigo en direcci\u00f3n oeste, (entre suroeste, noroeste). Sigo el camino bien marcado, largo, sin perder ninguna de las marcas de vista. Pero llega un momento que este camino desemboca en otra carreterilla asfaltada, y siguiendo las mismas marcas del G.R., y cartelitos indicadores de direcciones, giro por la misma hacia la derecha hacia La Costa del Montseny, y sigo la carreterilla que se adentra en un valle oscuro, \u201cobac\u201d, frondoso lleno de fant\u00e1sticos ejemplares, rincones y bosques, la idea es ir en busca de Can Riera de Ciuret. Es el barranco del Torrent Ample, El Rifer, varios riachuelos, barrancos y torrentes forman y desembocan en el fondo de este valle, que va cambiando de nombre seg\u00fan la parte donde est\u00e9s. A pesar de ir caminando por un camino asfaltado o carreterilla, el paisaje es verde, frondoso, sombreado y fotog\u00e9nico para usar la c\u00e1mara; el sol ya no me toca y el caminar ya no es tan fatigoso a pesar del duro asfalto para mis pies dentro de estas duras botas.<\/p>\n<div id=\"attachment_52072\" style=\"width: 1810px\" class=\"wp-caption aligncenter\"><a class=\"dt-pswp-item\" href=\"https:\/\/www.monta\u00f1asdelaluna.es\/wp-content\/uploads\/2022\/05\/P5141184.jpg\" data-dt-img-description=\"\" data-large_image_width=\"1800\" data-large_image_height=\"1202\"><img loading=\"lazy\" decoding=\"async\" aria-describedby=\"caption-attachment-52072\" class=\"wp-image-52072 \" src=\"https:\/\/www.monta\u00f1asdelaluna.es\/wp-content\/uploads\/2022\/05\/P5141184-1024x684.jpg\" alt=\"Cruce de recorridos cerca de Can Riera de Ciuret\" width=\"823\" height=\"550\" srcset=\"https:\/\/www.monta\u00f1asdelaluna.es\/wp-content\/uploads\/2022\/05\/P5141184-1024x684.jpg 1024w, https:\/\/www.monta\u00f1asdelaluna.es\/wp-content\/uploads\/2022\/05\/P5141184-300x200.jpg 300w, https:\/\/www.monta\u00f1asdelaluna.es\/wp-content\/uploads\/2022\/05\/P5141184-768x513.jpg 768w, https:\/\/www.monta\u00f1asdelaluna.es\/wp-content\/uploads\/2022\/05\/P5141184-1536x1026.jpg 1536w, https:\/\/www.monta\u00f1asdelaluna.es\/wp-content\/uploads\/2022\/05\/P5141184.jpg 1800w\" sizes=\"auto, (max-width: 823px) 100vw, 823px\" \/><\/a><p id=\"caption-attachment-52072\" class=\"wp-caption-text\">Cruce de recorridos cerca de Can Riera de Ciuret<\/p><\/div>\n<div id=\"attachment_52073\" style=\"width: 1810px\" class=\"wp-caption aligncenter\"><a class=\"dt-pswp-item\" href=\"https:\/\/www.monta\u00f1asdelaluna.es\/wp-content\/uploads\/2022\/05\/P5141189.jpg\" data-dt-img-description=\"\" data-large_image_width=\"1800\" data-large_image_height=\"1202\"><img loading=\"lazy\" decoding=\"async\" aria-describedby=\"caption-attachment-52073\" class=\"wp-image-52073 \" src=\"https:\/\/www.monta\u00f1asdelaluna.es\/wp-content\/uploads\/2022\/05\/P5141189-1024x684.jpg\" alt=\"Carreterilla hacia Can Riera de Ciuret, cercan\u00edas del Torrent Ample\" width=\"820\" height=\"548\" srcset=\"https:\/\/www.monta\u00f1asdelaluna.es\/wp-content\/uploads\/2022\/05\/P5141189-1024x684.jpg 1024w, https:\/\/www.monta\u00f1asdelaluna.es\/wp-content\/uploads\/2022\/05\/P5141189-300x200.jpg 300w, https:\/\/www.monta\u00f1asdelaluna.es\/wp-content\/uploads\/2022\/05\/P5141189-768x513.jpg 768w, https:\/\/www.monta\u00f1asdelaluna.es\/wp-content\/uploads\/2022\/05\/P5141189-1536x1026.jpg 1536w, https:\/\/www.monta\u00f1asdelaluna.es\/wp-content\/uploads\/2022\/05\/P5141189.jpg 1800w\" sizes=\"auto, (max-width: 820px) 100vw, 820px\" \/><\/a><p id=\"caption-attachment-52073\" class=\"wp-caption-text\">Carreterilla hacia Can Riera de Ciuret, cercan\u00edas del Torrent Ample<\/p><\/div>\n<p>Pasa alg\u00fan coche. Parece que hay m\u00e1s movimiento, m\u00e1s vida humana, a medida que me acerco a Can Riera de Ciuret. En el resto del recorrido desde el Coll de Santa Helena, me he cruzado con uno o ninguno, en esta solitaria ruta por el Montseny. Y as\u00ed es que llegando a Can Riera de Ciuret me encuentro con una especie de camping, una casa rural, un restaurante, casa de colonias, aparcamiento\u2026 con mucha gente (para lo que es el lugar), con mucho ruido, m\u00fasica alta al aire libre, es un lugar concurrido y visitado por lo visto. Curioso. El edificio principal es llamativo, con un mapa como dibujo en la parte alta de la fachada. Hay bastante gente sentada en las mesas de la terraza, ni\u00f1os corriendo de aqu\u00ed para all\u00e1. Tengo que ir subiendo, por el camino cementado, asfaltado, desde el nombrado restaurante ladera arriba, pasando por la puerta de la ruidosa casa rural llena de gente joven con m\u00fasica alta y globos atados a corales a\u00e9reos, que parece celebran un cumplea\u00f1os, y m\u00e1s arriba el camino cementado pasa paralelo y pegado a los l\u00edmites de una especie de camping, de sus barracas.<\/p>\n<p>Curiosamente no pierdo el G.R. Por alguna raz\u00f3n el camino que cruza el lugar sin subir, est\u00e1 como cortado, a la vez que compruebo seguir\u00e9 por un recorrido naturalista que seguir\u00e1 en zigzag cogiendo altura, dejando a mi espalda y abajo las casas y campings ruidosos, casi masificados, de Can Riera de Ciuret. Arriba del camping y sus barracas un tanto pegotes formando un paisaje casi chapucero, hierro y \u00f3xido entre tanto verde y belleza; descubro una casa a medio construir, o una especie de nave, almac\u00e9n y casa, a medio (m\u00e1s bien parece ilegal); y a partir de aqu\u00ed el camino se acaba y sigo por una ancha senda con las marcas del G.R., que no debo perderlo\u2026 pero creo que no es el recorrido que viene en el mapa Alpina: el original parece que era el recorrido que estaba cortado entre el restaurante y la casa rural. Pero al final las marcas del G.R. desaparecen\u2026<\/p>\n<div id=\"attachment_52074\" style=\"width: 1810px\" class=\"wp-caption aligncenter\"><a class=\"dt-pswp-item\" href=\"https:\/\/www.monta\u00f1asdelaluna.es\/wp-content\/uploads\/2022\/05\/P5141195.jpg\" data-dt-img-description=\"\" data-large_image_width=\"1800\" data-large_image_height=\"1202\"><img loading=\"lazy\" decoding=\"async\" aria-describedby=\"caption-attachment-52074\" class=\"wp-image-52074 \" src=\"https:\/\/www.monta\u00f1asdelaluna.es\/wp-content\/uploads\/2022\/05\/P5141195-1024x684.jpg\" alt=\"Can Riera de Ciuret\" width=\"822\" height=\"549\" srcset=\"https:\/\/www.monta\u00f1asdelaluna.es\/wp-content\/uploads\/2022\/05\/P5141195-1024x684.jpg 1024w, https:\/\/www.monta\u00f1asdelaluna.es\/wp-content\/uploads\/2022\/05\/P5141195-300x200.jpg 300w, https:\/\/www.monta\u00f1asdelaluna.es\/wp-content\/uploads\/2022\/05\/P5141195-768x513.jpg 768w, https:\/\/www.monta\u00f1asdelaluna.es\/wp-content\/uploads\/2022\/05\/P5141195-1536x1026.jpg 1536w, https:\/\/www.monta\u00f1asdelaluna.es\/wp-content\/uploads\/2022\/05\/P5141195.jpg 1800w\" sizes=\"auto, (max-width: 822px) 100vw, 822px\" \/><\/a><p id=\"caption-attachment-52074\" class=\"wp-caption-text\">Can Riera de Ciuret<\/p><\/div>\n<div id=\"attachment_52075\" style=\"width: 1810px\" class=\"wp-caption aligncenter\"><a class=\"dt-pswp-item\" href=\"https:\/\/www.monta\u00f1asdelaluna.es\/wp-content\/uploads\/2022\/05\/P5141198.jpg\" data-dt-img-description=\"\" data-large_image_width=\"1800\" data-large_image_height=\"1202\"><img loading=\"lazy\" decoding=\"async\" aria-describedby=\"caption-attachment-52075\" class=\"wp-image-52075 \" src=\"https:\/\/www.monta\u00f1asdelaluna.es\/wp-content\/uploads\/2022\/05\/P5141198-1024x684.jpg\" alt=\"Carbonera al final del Sot de l'Infern\" width=\"823\" height=\"550\" srcset=\"https:\/\/www.monta\u00f1asdelaluna.es\/wp-content\/uploads\/2022\/05\/P5141198-1024x684.jpg 1024w, https:\/\/www.monta\u00f1asdelaluna.es\/wp-content\/uploads\/2022\/05\/P5141198-300x200.jpg 300w, https:\/\/www.monta\u00f1asdelaluna.es\/wp-content\/uploads\/2022\/05\/P5141198-768x513.jpg 768w, https:\/\/www.monta\u00f1asdelaluna.es\/wp-content\/uploads\/2022\/05\/P5141198-1536x1026.jpg 1536w, https:\/\/www.monta\u00f1asdelaluna.es\/wp-content\/uploads\/2022\/05\/P5141198.jpg 1800w\" sizes=\"auto, (max-width: 823px) 100vw, 823px\" \/><\/a><p id=\"caption-attachment-52075\" class=\"wp-caption-text\">Carbonera al final del Sot de l&#8217;Infern<\/p><\/div>\n<p>De nuevo solo entre la espesura del bosque, del encinar, este recorrido est\u00e1 marcado como Sot de l\u2019Infern, y es una ancha senda, casi un camino de herradura que sube haciendo un zigzag, destrozada en algunas partes por el trabajo de los jabal\u00edes; y gira hacia el oeste por otro bello paisaje del cuidado bosque del Montseny, de su encinar, en busca de cruzar un barranco, una riera, el Sot de La Buera. Es un recorrido naturalista como ya he mencionado antes, ya que pasa por reconstrucciones de caba\u00f1itas o construcciones para hacer carb\u00f3n, Carboneras, siendo un oficio ya extinto del que se sacaba provecho de estos extensos y maravillosos bosques, encinares de esta magn\u00edfica monta\u00f1a. Y justo al salir a la nombrada senda que pasa por este lugar y ya no sube m\u00e1s, al cruzar la monta\u00f1a a una misma altura, en lo que llaman el Pla de La Pomera, sigo hacia la izquierda y norte, noroeste en busca de cruzar el Sot de La Buera y las inmediaciones de Fontmartina al otro lado del barranco, del riachuelo. Sigo las marcas reencontradas del G.R.<\/p>\n<p>El camino se hace largo pero no pierdo las marcas del G.R. Pasa de sendilla simp\u00e1tica y atractiva a un camino de herradura menos bonito pero que sigue cruzando los hermosos y sanos encinares de la zona. Casi sin saberlo ni verlo, pasamos por debajo de la construcci\u00f3n de Fontmartina, como por casualidad. Y curiosamente sin saberlo, seguiremos por un camino paralelo al de Fontmartina pero poco m\u00e1s abajo, tambi\u00e9n paralela a carretera que va de Montseny al Coll de Santa Helena, cerca de la Plana del Coll. Dicho camino parece que no sale en el mapa Alpina, y desemboca justo en la curva de la misma carreterilla mencionada, por donde sale el G.R. si vienes de Montseny a la misma, lugar que ya hab\u00eda pisado en la subida, y a bastantes metros antes de la Plana del Coll, en lo que llaman la Plana Boda. Es caracter\u00edstico porque en este lugar la carreterilla hace una curva de casi 180\u00ba, para seguir recta en subida, con parkings de coches a un lado y otro seg\u00fan sube, pasando por la Plana del Coll\u2026 Aqu\u00ed llego a las 18:30 horas.<\/p>\n<div id=\"attachment_52076\" style=\"width: 1810px\" class=\"wp-caption aligncenter\"><a class=\"dt-pswp-item\" href=\"https:\/\/www.monta\u00f1asdelaluna.es\/wp-content\/uploads\/2022\/05\/P5141199.jpg\" data-dt-img-description=\"\" data-large_image_width=\"1800\" data-large_image_height=\"1202\"><img loading=\"lazy\" decoding=\"async\" aria-describedby=\"caption-attachment-52076\" class=\"wp-image-52076 \" src=\"https:\/\/www.monta\u00f1asdelaluna.es\/wp-content\/uploads\/2022\/05\/P5141199-1024x684.jpg\" alt=\"Camino de Plana Boda, pasando por debajo de Fontmartina\" width=\"820\" height=\"548\" srcset=\"https:\/\/www.monta\u00f1asdelaluna.es\/wp-content\/uploads\/2022\/05\/P5141199-1024x684.jpg 1024w, https:\/\/www.monta\u00f1asdelaluna.es\/wp-content\/uploads\/2022\/05\/P5141199-300x200.jpg 300w, https:\/\/www.monta\u00f1asdelaluna.es\/wp-content\/uploads\/2022\/05\/P5141199-768x513.jpg 768w, https:\/\/www.monta\u00f1asdelaluna.es\/wp-content\/uploads\/2022\/05\/P5141199-1536x1026.jpg 1536w, https:\/\/www.monta\u00f1asdelaluna.es\/wp-content\/uploads\/2022\/05\/P5141199.jpg 1800w\" sizes=\"auto, (max-width: 820px) 100vw, 820px\" \/><\/a><p id=\"caption-attachment-52076\" class=\"wp-caption-text\">Camino de Plana Boda, pasando por debajo de Fontmartina<\/p><\/div>\n<p>&nbsp;<\/p>\n<div id=\"attachment_52081\" style=\"width: 1810px\" class=\"wp-caption aligncenter\"><a class=\"dt-pswp-item\" href=\"https:\/\/www.monta\u00f1asdelaluna.es\/wp-content\/uploads\/2022\/05\/P5141204.jpg\" data-dt-img-description=\"\" data-large_image_width=\"1800\" data-large_image_height=\"1202\"><img loading=\"lazy\" decoding=\"async\" aria-describedby=\"caption-attachment-52081\" class=\"wp-image-52081 \" src=\"https:\/\/www.monta\u00f1asdelaluna.es\/wp-content\/uploads\/2022\/05\/P5141204-1024x684.jpg\" alt=\"Bajando de Plana Boda\" width=\"820\" height=\"548\" srcset=\"https:\/\/www.monta\u00f1asdelaluna.es\/wp-content\/uploads\/2022\/05\/P5141204-1024x684.jpg 1024w, https:\/\/www.monta\u00f1asdelaluna.es\/wp-content\/uploads\/2022\/05\/P5141204-300x200.jpg 300w, https:\/\/www.monta\u00f1asdelaluna.es\/wp-content\/uploads\/2022\/05\/P5141204-768x513.jpg 768w, https:\/\/www.monta\u00f1asdelaluna.es\/wp-content\/uploads\/2022\/05\/P5141204-1536x1026.jpg 1536w, https:\/\/www.monta\u00f1asdelaluna.es\/wp-content\/uploads\/2022\/05\/P5141204.jpg 1800w\" sizes=\"auto, (max-width: 820px) 100vw, 820px\" \/><\/a><p id=\"caption-attachment-52081\" class=\"wp-caption-text\">Bajando de Plana Boda<\/p><\/div>\n<p>Descanso unos minutos, 10, 15, no lo s\u00e9. Bebo la poca agua que me queda, y me doy cuenta de que el camino a Montseny a\u00fan es larguito pero que ya estoy en el recorrido de subida, y solo tengo que desandar lo caminado esta ma\u00f1ana. La marcha ha sido preciosa aunque un poco t\u00f3rrida por el caminar por la pista de bajada a Can Verdaguer Xic y por el asfalto y dominguerismo de Can Riera de Ciuret, pero bueno, siempre hay flecos que unir para conseguir un buen vestido.[\/vc_column_text][\/vc_column][\/vc_row][vc_row][vc_column][vc_empty_space][\/vc_column][\/vc_row][vc_row][vc_column][vc_video link=\u00bbhttps:\/\/vimeo.com\/811645112?share=copy\u00bb title=\u00bbSot de Ritronyes\u00bb][\/vc_column][\/vc_row][vc_row][vc_column][vc_empty_space][\/vc_column][\/vc_row][vc_row][vc_column][vc_column_text]Y ahora que ya casi no tengo que mirar el mapa Alpina porque ya conozco el recorrido al desandar lo caminado, sin salir del G.R.-5, me dedico en alg\u00fan rinc\u00f3n a fotografiar, gravar, para hacer la vuelta menos rutinaria y s\u00ed m\u00e1s alegre e interesante: como parame en una cuevilla que me encuentro cerca de la senda al poco de bajar del Pla de Boda, o la grabaci\u00f3n al pasar o cruzar el bello rinc\u00f3n de agua y verdor del Sot de Ritronyes con su puentecillo arqueado, antes de pasar por Les Casetes, o ese otro rinc\u00f3n entre enormes ejemplares que dan una sombra formidable, sobre una mesa y bancos redondos, de piedra, que invitan a sentarse y a escuchar el paso de la vida, de la Naturaleza, en silencio\u2026 cosa que ya no hago y lo observo desde la distancia de la senda, para no tardar demasiado en llegar a Montseny. Formidable.<\/p>\n<p>Y as\u00ed, sin m\u00e1s p\u00e9rdida y sin salirme de lo andado esta ma\u00f1ana, de seguir las marcas del G.R.-5, llego al lugar de las afueras de Montseny donde hab\u00eda dejado el coche y comenzaba esta aventura en solitario. Son aproximadamente las 20:00 horas. Me encuentro con una persona que al verme ataviado con mochila, botas y el \u201ctraje\u201d de monta\u00f1a me pregunta curioso\u2026 es un ciclista que viene de Lleida al Montseny a recorrer sus caminos y rincones, que nunca hab\u00eda estado aqu\u00ed pero s\u00ed le hab\u00edan hablado del lugar, de la monta\u00f1a. Le hago algunas indicaciones y charlamos un ratillo. Ma\u00f1ana har\u00e1 \u00e9l su aventura en solitario en bicicleta por la monta\u00f1a.<\/p>\n<div id=\"attachment_52082\" style=\"width: 1810px\" class=\"wp-caption aligncenter\"><a class=\"dt-pswp-item\" href=\"https:\/\/www.monta\u00f1asdelaluna.es\/wp-content\/uploads\/2022\/05\/P5141207.jpg\" data-dt-img-description=\"\" data-large_image_width=\"1800\" data-large_image_height=\"1202\"><img loading=\"lazy\" decoding=\"async\" aria-describedby=\"caption-attachment-52082\" class=\"wp-image-52082 \" src=\"https:\/\/www.monta\u00f1asdelaluna.es\/wp-content\/uploads\/2022\/05\/P5141207-1024x684.jpg\" alt=\"Casta\u00f1o camino de Montseny por el G.R.-5\" width=\"820\" height=\"548\" srcset=\"https:\/\/www.monta\u00f1asdelaluna.es\/wp-content\/uploads\/2022\/05\/P5141207-1024x684.jpg 1024w, https:\/\/www.monta\u00f1asdelaluna.es\/wp-content\/uploads\/2022\/05\/P5141207-300x200.jpg 300w, https:\/\/www.monta\u00f1asdelaluna.es\/wp-content\/uploads\/2022\/05\/P5141207-768x513.jpg 768w, https:\/\/www.monta\u00f1asdelaluna.es\/wp-content\/uploads\/2022\/05\/P5141207-1536x1026.jpg 1536w, https:\/\/www.monta\u00f1asdelaluna.es\/wp-content\/uploads\/2022\/05\/P5141207.jpg 1800w\" sizes=\"auto, (max-width: 820px) 100vw, 820px\" \/><\/a><p id=\"caption-attachment-52082\" class=\"wp-caption-text\">Casta\u00f1o camino de Montseny por el G.R.-5<\/p><\/div>\n<div id=\"attachment_52078\" style=\"width: 1810px\" class=\"wp-caption aligncenter\"><a class=\"dt-pswp-item\" href=\"https:\/\/www.monta\u00f1asdelaluna.es\/wp-content\/uploads\/2022\/05\/P5141218.jpg\" data-dt-img-description=\"\" data-large_image_width=\"1800\" data-large_image_height=\"1202\"><img loading=\"lazy\" decoding=\"async\" aria-describedby=\"caption-attachment-52078\" class=\"wp-image-52078 \" src=\"https:\/\/www.monta\u00f1asdelaluna.es\/wp-content\/uploads\/2022\/05\/P5141218-1024x684.jpg\" alt=\"Cerca de Les Casetes\" width=\"820\" height=\"548\" srcset=\"https:\/\/www.monta\u00f1asdelaluna.es\/wp-content\/uploads\/2022\/05\/P5141218-1024x684.jpg 1024w, https:\/\/www.monta\u00f1asdelaluna.es\/wp-content\/uploads\/2022\/05\/P5141218-300x200.jpg 300w, https:\/\/www.monta\u00f1asdelaluna.es\/wp-content\/uploads\/2022\/05\/P5141218-768x513.jpg 768w, https:\/\/www.monta\u00f1asdelaluna.es\/wp-content\/uploads\/2022\/05\/P5141218-1536x1026.jpg 1536w, https:\/\/www.monta\u00f1asdelaluna.es\/wp-content\/uploads\/2022\/05\/P5141218.jpg 1800w\" sizes=\"auto, (max-width: 820px) 100vw, 820px\" \/><\/a><p id=\"caption-attachment-52078\" class=\"wp-caption-text\">Cerca de Les Casetes<\/p><\/div>\n<p>El recorrido ha sido excepcional, recorriendo laderas y zonas de esta impresionante y peculiar monta\u00f1a como es el Montseny, sus diversos bosques de diferentes tipos de clima y \u00e1rboles, sus fuentes, que a pesar de la inminente sequ\u00eda, siguen brotando agua, igual que sus rieras, sots, riachuelos\u2026 un buen recorrido, largo y precioso de resistencia que me servir\u00e1 para mi entrenamiento de la expedici\u00f3n de este verano (que al final se anular\u00e1)\u2026 pero quiz\u00e1s si la tuviera que repetir, variar\u00eda el recorrido: esa vuelta por la pista hacia Can Grau y Can Verdaguer Xic, hay que limarla. En cualquier caso, impresionante, espectacular.<\/p>\n<div id=\"attachment_52083\" style=\"width: 1834px\" class=\"wp-caption aligncenter\"><a class=\"dt-pswp-item\" href=\"https:\/\/www.monta\u00f1asdelaluna.es\/wp-content\/uploads\/2022\/05\/Montseny.TurodelHome.SantaFe.Croquis.Web_.jpg\" data-dt-img-description=\"\" data-large_image_width=\"1824\" data-large_image_height=\"1758\"><img loading=\"lazy\" decoding=\"async\" aria-describedby=\"caption-attachment-52083\" class=\"wp-image-52083 size-full\" src=\"https:\/\/www.monta\u00f1asdelaluna.es\/wp-content\/uploads\/2022\/05\/Montseny.TurodelHome.SantaFe.Croquis.Web_.jpg\" alt=\"Croquis del recorrido realizado con salida desde Montseny, subida al Tur\u00f3 de l'Home, bajada a Santa Fe y vuelta a Montseny por el Coll de Santa Helena y Can Riera de Ciuret.\" width=\"1824\" height=\"1758\" srcset=\"https:\/\/www.monta\u00f1asdelaluna.es\/wp-content\/uploads\/2022\/05\/Montseny.TurodelHome.SantaFe.Croquis.Web_.jpg 1824w, https:\/\/www.monta\u00f1asdelaluna.es\/wp-content\/uploads\/2022\/05\/Montseny.TurodelHome.SantaFe.Croquis.Web_-300x289.jpg 300w, https:\/\/www.monta\u00f1asdelaluna.es\/wp-content\/uploads\/2022\/05\/Montseny.TurodelHome.SantaFe.Croquis.Web_-1024x987.jpg 1024w, https:\/\/www.monta\u00f1asdelaluna.es\/wp-content\/uploads\/2022\/05\/Montseny.TurodelHome.SantaFe.Croquis.Web_-768x740.jpg 768w, https:\/\/www.monta\u00f1asdelaluna.es\/wp-content\/uploads\/2022\/05\/Montseny.TurodelHome.SantaFe.Croquis.Web_-1536x1480.jpg 1536w\" sizes=\"auto, (max-width: 1824px) 100vw, 1824px\" \/><\/a><p id=\"caption-attachment-52083\" class=\"wp-caption-text\">Croquis del recorrido realizado con salida desde Montseny, subida al Tur\u00f3 de l&#8217;Home, bajada a Santa Fe y vuelta a Montseny por el Coll de Santa Helena y Can Riera de Ciuret.<\/p><\/div>\n<p>[\/vc_column_text][\/vc_column][\/vc_row][vc_row][vc_column][vc_empty_space height=\u00bb60px\u00bb][\/vc_column][\/vc_row][vc_row][vc_column][vc_cta h2=\u00bbAlbum de fotos\u00bb txt_align=\u00bbcenter\u00bb add_button=\u00bbbottom\u00bb btn_title=\u00bbVer fotos\u00bb btn_color=\u00bbwarning\u00bb btn_align=\u00bbcenter\u00bb btn_link=\u00bburl:https%3A%2F%2Fwww.monta%C3%B1asdelaluna.es%2F%3Fdt_gallery%3Dturo-de-lhome-y-santa-fe-desde-montseny|title:Traves%C3%ADa%20por%20el%20Montseny%3A%20La%20Calma%2C%20Matagalls%20y%20Santa%20Fe|target:_blank\u00bb css=\u00bb.vc_custom_1685213061732{background-color: #8bc4ed !important;}\u00bb]Puedes ver todas las fotos del relato y actividad en forma de presentaci\u00f3n o individuales pinchando aqui \u00a1No te las pierdas![\/vc_cta][\/vc_column][\/vc_row][vc_row][vc_column][vc_empty_space height=\u00bb60px\u00bb][\/vc_column][\/vc_row][vc_row][vc_column width=\u00bb1\/6&#8243;][\/vc_column][vc_column width=\u00bb1\/3&#8243;][vc_raw_html]JTNDaWZyYW1lJTIwc3JjJTNEJTIyaHR0cHMlM0ElMkYlMkZ3d3cubWV0ZW9ibHVlLmNvbSUyRmVzJTJGdGllbXBvJTJGd2lkZ2V0JTJGZGFpbHklMkZtb250c2VueV9lc3BhJTI1YzMlMjViMWFfMzExNjIzNyUzRmdlb2xvYyUzRGZpeGVkJTI2ZGF5cyUzRDclMjZ0ZW1wdW5pdCUzRENFTFNJVVMlMjZ3aW5kdW5pdCUzREtJTE9NRVRFUl9QRVJfSE9VUiUyNnByZWNpcHVuaXQlM0RNSUxMSU1FVEVSJTI2Y29sb3VyZWQlM0Rjb2xvdXJlZCUyNnBpY3RvaWNvbiUzRDAlMjZwaWN0b2ljb24lM0QxJTI2bWF4dGVtcGVyYXR1cmUlM0QwJTI2bWF4dGVtcGVyYXR1cmUlM0QxJTI2bWludGVtcGVyYXR1cmUlM0QwJTI2bWludGVtcGVyYXR1cmUlM0QxJTI2d2luZHNwZWVkJTNEMCUyNndpbmRzcGVlZCUzRDElMjZ3aW5kZ3VzdCUzRDAlMjZ3aW5kZ3VzdCUzRDElMjZ3aW5kZGlyZWN0aW9uJTNEMCUyNndpbmRkaXJlY3Rpb24lM0QxJTI2dXYlM0QwJTI2aHVtaWRpdHklM0QwJTI2cHJlY2lwaXRhdGlvbiUzRDAlMjZwcmVjaXBpdGF0aW9uJTNEMSUyNnByZWNpcGl0YXRpb25wcm9iYWJpbGl0eSUzRDAlMjZwcmVjaXBpdGF0aW9ucHJvYmFiaWxpdHklM0QxJTI2c3BvdCUzRDAlMjZzcG90JTNEMSUyNnByZXNzdXJlJTNEMCUyNnByZXNzdXJlJTNEMSUyNmxheW91dCUzRGxpZ2h0JTIyJTIwJTIwZnJhbWVib3JkZXIlM0QlMjIwJTIyJTIwc2Nyb2xsaW5nJTNEJTIyTk8lMjIlMjBhbGxvd3RyYW5zcGFyZW5jeSUzRCUyMnRydWUlMjIlMjBzYW5kYm94JTNEJTIyYWxsb3ctc2FtZS1vcmlnaW4lMjBhbGxvdy1zY3JpcHRzJTIwYWxsb3ctcG9wdXBzJTIwYWxsb3ctcG9wdXBzLXRvLWVzY2FwZS1zYW5kYm94JTIyJTIwc3R5bGUlM0QlMjJ3aWR0aCUzQSUyMDM3OHB4JTNCJTIwaGVpZ2h0JTNBJTIwNDIwcHglMjIlM0UlM0MlMkZpZnJhbWUlM0UlM0NkaXYlM0UlM0MlMjEtLSUyMERPJTIwTk9UJTIwUkVNT1ZFJTIwVEhJUyUyMExJTkslMjAtLSUzRSUzQ2ElMjBocmVmJTNEJTIyaHR0cHMlM0ElMkYlMkZ3d3cubWV0ZW9ibHVlLmNvbSUyRmVzJTJGdGllbXBvJTJGc2VtYW5hJTJGbW9udHNlbnlfZXNwYSUyNWMzJTI1YjFhXzMxMTYyMzclM0Z1dG1fc291cmNlJTNEd2VhdGhlcl93aWRnZXQlMjZ1dG1fbWVkaXVtJTNEbGlua3VzJTI2dXRtX2NvbnRlbnQlM0RkYWlseSUyNnV0bV9jYW1wYWlnbiUzRFdlYXRoZXIlMjUyQldpZGdldCUyMiUyMHRhcmdldCUzRCUyMl9ibGFuayUyMiUyMHJlbCUzRCUyMm5vb3BlbmVyJTIyJTNFbWV0ZW9ibHVlJTNDJTJGYSUzRSUzQyUyRmRpdiUzRQ==[\/vc_raw_html][\/vc_column][vc_column width=\u00bb1\/3&#8243;][vc_raw_html]JTNDaWZyYW1lJTIwc3JjJTNEJTIyaHR0cHMlM0ElMkYlMkZ3d3cubWV0ZW9ibHVlLmNvbSUyRmVzJTJGdGllbXBvJTJGd2lkZ2V0JTJGZGFpbHklMkZ0dXIlMjVjMyUyNWIzLWRlLWwlMjUyN2hvbWVfZXNwYSUyNWMzJTI1YjFhXzExNDk0NjI3JTNGZ2VvbG9jJTNEZml4ZWQlMjZkYXlzJTNENyUyNnRlbXB1bml0JTNEQ0VMU0lVUyUyNndpbmR1bml0JTNES0lMT01FVEVSX1BFUl9IT1VSJTI2cHJlY2lwdW5pdCUzRE1JTExJTUVURVIlMjZjb2xvdXJlZCUzRGNvbG91cmVkJTI2cGljdG9pY29uJTNEMCUyNnBpY3RvaWNvbiUzRDElMjZtYXh0ZW1wZXJhdHVyZSUzRDAlMjZtYXh0ZW1wZXJhdHVyZSUzRDElMjZtaW50ZW1wZXJhdHVyZSUzRDAlMjZtaW50ZW1wZXJhdHVyZSUzRDElMjZ3aW5kc3BlZWQlM0QwJTI2d2luZHNwZWVkJTNEMSUyNndpbmRndXN0JTNEMCUyNndpbmRndXN0JTNEMSUyNndpbmRkaXJlY3Rpb24lM0QwJTI2d2luZGRpcmVjdGlvbiUzRDElMjZ1diUzRDAlMjZodW1pZGl0eSUzRDAlMjZwcmVjaXBpdGF0aW9uJTNEMCUyNnByZWNpcGl0YXRpb24lM0QxJTI2cHJlY2lwaXRhdGlvbnByb2JhYmlsaXR5JTNEMCUyNnByZWNpcGl0YXRpb25wcm9iYWJpbGl0eSUzRDElMjZzcG90JTNEMCUyNnNwb3QlM0QxJTI2cHJlc3N1cmUlM0QwJTI2cHJlc3N1cmUlM0QxJTI2bGF5b3V0JTNEbGlnaHQlMjIlMjAlMjBmcmFtZWJvcmRlciUzRCUyMjAlMjIlMjBzY3JvbGxpbmclM0QlMjJOTyUyMiUyMGFsbG93dHJhbnNwYXJlbmN5JTNEJTIydHJ1ZSUyMiUyMHNhbmRib3glM0QlMjJhbGxvdy1zYW1lLW9yaWdpbiUyMGFsbG93LXNjcmlwdHMlMjBhbGxvdy1wb3B1cHMlMjBhbGxvdy1wb3B1cHMtdG8tZXNjYXBlLXNhbmRib3glMjIlMjBzdHlsZSUzRCUyMndpZHRoJTNBJTIwMzc4cHglM0IlMjBoZWlnaHQlM0ElMjA0MjBweCUyMiUzRSUzQyUyRmlmcmFtZSUzRSUzQ2RpdiUzRSUzQyUyMS0tJTIwRE8lMjBOT1QlMjBSRU1PVkUlMjBUSElTJTIwTElOSyUyMC0tJTNFJTNDYSUyMGhyZWYlM0QlMjJodHRwcyUzQSUyRiUyRnd3dy5tZXRlb2JsdWUuY29tJTJGZXMlMkZ0aWVtcG8lMkZzZW1hbmElMkZ0dXIlMjVjMyUyNWIzLWRlLWwlMjUyN2hvbWVfZXNwYSUyNWMzJTI1YjFhXzExNDk0NjI3JTNGdXRtX3NvdXJjZSUzRHdlYXRoZXJfd2lkZ2V0JTI2dXRtX21lZGl1bSUzRGxpbmt1cyUyNnV0bV9jb250ZW50JTNEZGFpbHklMjZ1dG1fY2FtcGFpZ24lM0RXZWF0aGVyJTI1MkJXaWRnZXQlMjIlMjB0YXJnZXQlM0QlMjJfYmxhbmslMjIlMjByZWwlM0QlMjJub29wZW5lciUyMiUzRW1ldGVvYmx1ZSUzQyUyRmElM0UlM0MlMkZkaXYlM0U=[\/vc_raw_html][\/vc_column][vc_column width=\u00bb1\/6&#8243;][\/vc_column][\/vc_row]<\/p>\n","protected":false},"excerpt":{"rendered":"<p>[vc_row][vc_column][vc_column_text]Pensando en otra esforzada actividad de entrenamiento para mi infructuosa finalmente expedici\u00f3n a Per\u00fa, pens\u00e9 en otro recorrido por el Montseny, intentando salvar grandes desniveles pero sin que sea el ya conocido Viladrau-Matagalls, mejor otro nuevo con mas distancia y dificultad. Entonces me fij\u00e9 en la cima m\u00e1s alta del macizo, el Tur\u00f3 de l\u2019Home,&hellip;<\/p>\n","protected":false},"author":1,"featured_media":52041,"comment_status":"open","ping_status":"open","sticky":false,"template":"","format":"standard","meta":[],"categories":[131],"tags":[],"class_list":["post-52039","post","type-post","status-publish","format-standard","has-post-thumbnail","hentry","category-turo-de-lhome","category-131","description-off"],"_links":{"self":[{"href":"https:\/\/www.monta\u00f1asdelaluna.es\/index.php?rest_route=\/wp\/v2\/posts\/52039","targetHints":{"allow":["GET"]}}],"collection":[{"href":"https:\/\/www.monta\u00f1asdelaluna.es\/index.php?rest_route=\/wp\/v2\/posts"}],"about":[{"href":"https:\/\/www.monta\u00f1asdelaluna.es\/index.php?rest_route=\/wp\/v2\/types\/post"}],"author":[{"embeddable":true,"href":"https:\/\/www.monta\u00f1asdelaluna.es\/index.php?rest_route=\/wp\/v2\/users\/1"}],"replies":[{"embeddable":true,"href":"https:\/\/www.monta\u00f1asdelaluna.es\/index.php?rest_route=%2Fwp%2Fv2%2Fcomments&post=52039"}],"version-history":[{"count":5,"href":"https:\/\/www.monta\u00f1asdelaluna.es\/index.php?rest_route=\/wp\/v2\/posts\/52039\/revisions"}],"predecessor-version":[{"id":52087,"href":"https:\/\/www.monta\u00f1asdelaluna.es\/index.php?rest_route=\/wp\/v2\/posts\/52039\/revisions\/52087"}],"wp:featuredmedia":[{"embeddable":true,"href":"https:\/\/www.monta\u00f1asdelaluna.es\/index.php?rest_route=\/wp\/v2\/media\/52041"}],"wp:attachment":[{"href":"https:\/\/www.monta\u00f1asdelaluna.es\/index.php?rest_route=%2Fwp%2Fv2%2Fmedia&parent=52039"}],"wp:term":[{"taxonomy":"category","embeddable":true,"href":"https:\/\/www.monta\u00f1asdelaluna.es\/index.php?rest_route=%2Fwp%2Fv2%2Fcategories&post=52039"},{"taxonomy":"post_tag","embeddable":true,"href":"https:\/\/www.monta\u00f1asdelaluna.es\/index.php?rest_route=%2Fwp%2Fv2%2Ftags&post=52039"}],"curies":[{"name":"wp","href":"https:\/\/api.w.org\/{rel}","templated":true}]}}