{"id":52088,"date":"2022-06-05T06:46:37","date_gmt":"2022-06-05T06:46:37","guid":{"rendered":"https:\/\/www.monta\u00f1asdelaluna.es\/?p=52088"},"modified":"2023-06-10T09:01:50","modified_gmt":"2023-06-10T09:01:50","slug":"circo-de-ulldeter","status":"publish","type":"post","link":"https:\/\/www.monta\u00f1asdelaluna.es\/?p=52088","title":{"rendered":"Circo de Ulldeter"},"content":{"rendered":"<p>[vc_row][vc_column][vc_column_text]Despu\u00e9s de pasar el Covid hace unos 15 d\u00edas y de que se anulase la expedici\u00f3n a Per\u00fa, decid\u00ed probarme para intentar recuperar mi buena forma conseguida antes de mitad de mayo, antes de caer enfermo por el fat\u00eddico Covid; con el buen entrenamiento que ten\u00eda\u2026 Entonces ide\u00e9 una actividad de alta monta\u00f1a que me ayudar\u00eda a coger m\u00e1s fuerza y entreno y a probarme hasta qu\u00e9 punto hab\u00eda ca\u00eddo mi forma.<\/p>\n<p>A pesar de todo, segu\u00eda estando fuerte, no igual para subir un 6.000 o un 5.000 pero s\u00ed para hacer alta monta\u00f1a, e incluso alguna traves\u00eda por ella. Una de las traves\u00edas de alta monta\u00f1a que m\u00e1s me llam\u00f3 la atenci\u00f3n y que quedaban lo m\u00e1s cerca de casa, en el Pirineo Oriental, era la <a href=\"https:\/\/www.monta\u00f1asdelaluna.es\/?p=37633\" target=\"_blank\" rel=\"noopener\">Olla de Nuria<\/a>, ya realizada con anterioridad. Pero para hacer la Olla de Nuria hab\u00eda o bien que subir en coche hasta las cercan\u00edas o en la misma Fontalba o en el tren cremallera hasta el Santuario de Nuria, con lo que por mi coche y agilidad, descar\u00e9 esta preciosa y formidable posibilidad.<\/p>\n<div id=\"attachment_52093\" style=\"width: 1810px\" class=\"wp-caption aligncenter\"><a class=\"dt-pswp-item\" href=\"https:\/\/www.monta\u00f1asdelaluna.es\/wp-content\/uploads\/2022\/06\/P6051220.jpg\" data-dt-img-description=\"\" data-large_image_width=\"1800\" data-large_image_height=\"1202\"><img loading=\"lazy\" decoding=\"async\" aria-describedby=\"caption-attachment-52093\" class=\"wp-image-52093 \" src=\"https:\/\/www.monta\u00f1asdelaluna.es\/wp-content\/uploads\/2022\/06\/P6051220-1024x684.jpg\" alt=\"Cima del Pic de La Dona, 2.702 mts., con el Bastiments en el centro izquierda y el Pic de Bacivers en el centro derecha\" width=\"820\" height=\"548\" srcset=\"https:\/\/www.monta\u00f1asdelaluna.es\/wp-content\/uploads\/2022\/06\/P6051220-1024x684.jpg 1024w, https:\/\/www.monta\u00f1asdelaluna.es\/wp-content\/uploads\/2022\/06\/P6051220-300x200.jpg 300w, https:\/\/www.monta\u00f1asdelaluna.es\/wp-content\/uploads\/2022\/06\/P6051220-768x513.jpg 768w, https:\/\/www.monta\u00f1asdelaluna.es\/wp-content\/uploads\/2022\/06\/P6051220-1536x1026.jpg 1536w, https:\/\/www.monta\u00f1asdelaluna.es\/wp-content\/uploads\/2022\/06\/P6051220.jpg 1800w\" sizes=\"auto, (max-width: 820px) 100vw, 820px\" \/><\/a><p id=\"caption-attachment-52093\" class=\"wp-caption-text\">Cima del Pic de La Dona, 2.702 mts., con el Bastiments en el centro izquierda y el Pic de Bacivers en el centro derecha<\/p><\/div>\n<div id=\"attachment_52094\" style=\"width: 1810px\" class=\"wp-caption aligncenter\"><a class=\"dt-pswp-item\" href=\"https:\/\/www.monta\u00f1asdelaluna.es\/wp-content\/uploads\/2022\/06\/P6051223.jpg\" data-dt-img-description=\"\" data-large_image_width=\"1800\" data-large_image_height=\"1202\"><img loading=\"lazy\" decoding=\"async\" aria-describedby=\"caption-attachment-52094\" class=\"wp-image-52094 \" src=\"https:\/\/www.monta\u00f1asdelaluna.es\/wp-content\/uploads\/2022\/06\/P6051223-1024x684.jpg\" alt=\"Bajando al Coll de La Geganta con el Bastiments a la izquierda y el Pic de Bacivers en el centro\" width=\"820\" height=\"548\" srcset=\"https:\/\/www.monta\u00f1asdelaluna.es\/wp-content\/uploads\/2022\/06\/P6051223-1024x684.jpg 1024w, https:\/\/www.monta\u00f1asdelaluna.es\/wp-content\/uploads\/2022\/06\/P6051223-300x200.jpg 300w, https:\/\/www.monta\u00f1asdelaluna.es\/wp-content\/uploads\/2022\/06\/P6051223-768x513.jpg 768w, https:\/\/www.monta\u00f1asdelaluna.es\/wp-content\/uploads\/2022\/06\/P6051223-1536x1026.jpg 1536w, https:\/\/www.monta\u00f1asdelaluna.es\/wp-content\/uploads\/2022\/06\/P6051223.jpg 1800w\" sizes=\"auto, (max-width: 820px) 100vw, 820px\" \/><\/a><p id=\"caption-attachment-52094\" class=\"wp-caption-text\">Bajando al Coll de La Geganta con el Bastiments a la izquierda y el Pic de Bacivers en el centro<\/p><\/div>\n<p>Pero aparte del circo de la Olla de Nuria, hab\u00eda otro famoso y muy visitado circo en el Pirineo Oriental con otra estaci\u00f3n de esqu\u00ed invadiendo sus laderas: el Circo de Ulldeter. Entonces se me abrieron los ojos: hab\u00eda hecho todas las cimas de alrededor del circo pero nunca todas en un solo d\u00eda, y llegar a la base del mismo es muy f\u00e1cil gracias a la misma estaci\u00f3n de esqu\u00ed de Vallter 2000\u2026 ya tengo mi actividad de \u201crenacimiento monta\u00f1ero\u201d: las cimas del Circo de Ulldeter.<\/p>\n<p>Con lo que el pasado domingo 5 de junio cojo el coche y en solitario, lo dejo aparcado en el parking intermedio o justo debajo del \u00faltimo y m\u00e1s alto, y comienzo a seguir la carreterilla en busca de la construcci\u00f3n de la estaci\u00f3n de esqu\u00ed, donde est\u00e1 el bar\u2026 y a partir de aqu\u00ed sigo las indicaciones del G.R. para subir a la Portella de Mentet y de aqu\u00ed al Pic de La Dona, la primera de las cimas a subir de este Circo de Ulldeter. Seguir\u00e9 el recorrido descrito en <a href=\"https:\/\/www.monta\u00f1asdelaluna.es\/?p=40843\" target=\"_blank\" rel=\"noopener\">Pic de Bacivers desde Bastiments y Pic de La Dona<\/a>, pero al rev\u00e9s, descrito en el <a href=\"https:\/\/www.monta\u00f1asdelaluna.es\/?dt_gallery=pic-de-la-dona-pic-de-bacivers-y-bastiments\" target=\"_blank\" rel=\"noopener\">segundo \u00e1lbum<\/a> de fotos del relato\u2026 y tambi\u00e9n descrito en <a href=\"https:\/\/www.monta\u00f1asdelaluna.es\/?p=41386\" target=\"_blank\" rel=\"noopener\">Cimas de Coma Ermada y Roc Colom,<\/a> pero solo hasta el mencionado collado.<\/p>\n<p>El tiempo ser\u00e1 el t\u00edpico de alta monta\u00f1a, pero sin precipitar por la tarde; eso s\u00ed, con fresco en las cimas por el soplar del t\u00edpico viento de la zona. Algunas nubes van y vienen, nos cubren e invaden el recorrido de subida, o desaparecen y dejan que el sol me queme. Como siempre, hay mucha gente en estos Pirineos del Viento, corriendo, subiendo, bajando\u2026 nunca estar\u00e9 solo.<\/p>\n<div id=\"attachment_52095\" style=\"width: 1810px\" class=\"wp-caption aligncenter\"><a class=\"dt-pswp-item\" href=\"https:\/\/www.monta\u00f1asdelaluna.es\/wp-content\/uploads\/2022\/06\/P6051228.jpg\" data-dt-img-description=\"\" data-large_image_width=\"1800\" data-large_image_height=\"1202\"><img loading=\"lazy\" decoding=\"async\" aria-describedby=\"caption-attachment-52095\" class=\"wp-image-52095 \" src=\"https:\/\/www.monta\u00f1asdelaluna.es\/wp-content\/uploads\/2022\/06\/P6051228-1024x684.jpg\" alt=\"Cruz del Bastiments, 2.883 mts.\" width=\"820\" height=\"548\" srcset=\"https:\/\/www.monta\u00f1asdelaluna.es\/wp-content\/uploads\/2022\/06\/P6051228-1024x684.jpg 1024w, https:\/\/www.monta\u00f1asdelaluna.es\/wp-content\/uploads\/2022\/06\/P6051228-300x200.jpg 300w, https:\/\/www.monta\u00f1asdelaluna.es\/wp-content\/uploads\/2022\/06\/P6051228-768x513.jpg 768w, https:\/\/www.monta\u00f1asdelaluna.es\/wp-content\/uploads\/2022\/06\/P6051228-1536x1026.jpg 1536w, https:\/\/www.monta\u00f1asdelaluna.es\/wp-content\/uploads\/2022\/06\/P6051228.jpg 1800w\" sizes=\"auto, (max-width: 820px) 100vw, 820px\" \/><\/a><p id=\"caption-attachment-52095\" class=\"wp-caption-text\">Cruz del Bastiments, 2.883 mts.<\/p><\/div>\n<div id=\"attachment_52096\" style=\"width: 1810px\" class=\"wp-caption aligncenter\"><a class=\"dt-pswp-item\" href=\"https:\/\/www.monta\u00f1asdelaluna.es\/wp-content\/uploads\/2022\/06\/P6051229.jpg\" data-dt-img-description=\"\" data-large_image_width=\"1800\" data-large_image_height=\"1202\"><img loading=\"lazy\" decoding=\"async\" aria-describedby=\"caption-attachment-52096\" class=\"wp-image-52096 \" src=\"https:\/\/www.monta\u00f1asdelaluna.es\/wp-content\/uploads\/2022\/06\/P6051229-1024x684.jpg\" alt=\"La abarrotada cima del Bastiments, 2.883 mts., con la cima occidental al fondo, 2.882 mts.\" width=\"822\" height=\"549\" srcset=\"https:\/\/www.monta\u00f1asdelaluna.es\/wp-content\/uploads\/2022\/06\/P6051229-1024x684.jpg 1024w, https:\/\/www.monta\u00f1asdelaluna.es\/wp-content\/uploads\/2022\/06\/P6051229-300x200.jpg 300w, https:\/\/www.monta\u00f1asdelaluna.es\/wp-content\/uploads\/2022\/06\/P6051229-768x513.jpg 768w, https:\/\/www.monta\u00f1asdelaluna.es\/wp-content\/uploads\/2022\/06\/P6051229-1536x1026.jpg 1536w, https:\/\/www.monta\u00f1asdelaluna.es\/wp-content\/uploads\/2022\/06\/P6051229.jpg 1800w\" sizes=\"auto, (max-width: 822px) 100vw, 822px\" \/><\/a><p id=\"caption-attachment-52096\" class=\"wp-caption-text\">La abarrotada cima del Bastiments, 2.883 mts., con la cima occidental al fondo, 2.882 mts.<\/p><\/div>\n<p>En la f\u00e1cil y cercana Portella del Mentet, giro a la izquierda y arriba en busca de la cima del Pic de La Dona, en un recorrido que no hay p\u00e9rdida, es imposible equivocarse. Y pronto llego a la mencionada cima de 2.702 mts. Para ser justo me he dejado en el recorrido de cimas que circundan o forman el circo de Ulldeter, a las cimas de Coma Ermada, pensando que desde la Portella de Mentet, tendr\u00eda que desandar al mismo collado si tuviera que hacer el Pic de Coma Ermada, para despu\u00e9s seguir hacia el Pic de La Dona, y por tanto no ser\u00eda una circular\u2026 pero al final algo parecido pasar\u00eda al hacer la \u00faltima de las cimas, rompiendo la planeada circular.<\/p>\n<p>Peque\u00f1o descanso en la fr\u00eda y ventosa cima del Pic de La Dona, y sigo hacia la cimas m\u00e1s alta del circo, el famoso Bastiments, pasando por el Coll de La Geganta. Haciendo el recorrido descrito en <a href=\"https:\/\/www.monta\u00f1asdelaluna.es\/?p=37152\" target=\"_blank\" rel=\"noopener\">Bastiments y Pic de La Dona<\/a>, pero al rev\u00e9s, en lugar de bajar de Bastiments a Pic de La Dona, iremos del Pic de La Dona al Bastiments. F\u00e1cil e inequ\u00edvoco.[\/vc_column_text][\/vc_column][\/vc_row][vc_row][vc_column][vc_empty_space][\/vc_column][\/vc_row][vc_row][vc_column][vc_video link=\u00bbhttps:\/\/vimeo.com\/811794593?share=copy\u00bb title=\u00bbPic de La Dona, 2.702 mts.\u00bb][\/vc_column][\/vc_row][vc_row][vc_column][vc_empty_space][\/vc_column][\/vc_row][vc_row][vc_column][vc_column_text]El viento a parte de hacer que no haga calor y me tenga que poner el cortavientos de North Face, hace que haya una visibilidad exquisita, ideal, inmejorable; y mientras camino en busca del Coll de La Geganta, contemplo otro cirquito entre los altos Bastiments y Pic de Bacivers (a este \u00faltimo no subir\u00e9 esta vez), con esa belleza que dan esos gigantes de piedra y roca, rodeada de pocos mechones blancos de nieve. Estupendo.<\/p>\n<div id=\"attachment_52097\" style=\"width: 1810px\" class=\"wp-caption aligncenter\"><a class=\"dt-pswp-item\" href=\"https:\/\/www.monta\u00f1asdelaluna.es\/wp-content\/uploads\/2022\/06\/P6051233.jpg\" data-dt-img-description=\"\" data-large_image_width=\"1800\" data-large_image_height=\"1202\"><img loading=\"lazy\" decoding=\"async\" aria-describedby=\"caption-attachment-52097\" class=\"wp-image-52097 \" src=\"https:\/\/www.monta\u00f1asdelaluna.es\/wp-content\/uploads\/2022\/06\/P6051233-1024x684.jpg\" alt=\"Bajando al Coll de La Marrana con el Gra de Fajol delante y el Puig de Les Borregues detr\u00e1s a la derecha\" width=\"822\" height=\"549\" srcset=\"https:\/\/www.monta\u00f1asdelaluna.es\/wp-content\/uploads\/2022\/06\/P6051233-1024x684.jpg 1024w, https:\/\/www.monta\u00f1asdelaluna.es\/wp-content\/uploads\/2022\/06\/P6051233-300x200.jpg 300w, https:\/\/www.monta\u00f1asdelaluna.es\/wp-content\/uploads\/2022\/06\/P6051233-768x513.jpg 768w, https:\/\/www.monta\u00f1asdelaluna.es\/wp-content\/uploads\/2022\/06\/P6051233-1536x1026.jpg 1536w, https:\/\/www.monta\u00f1asdelaluna.es\/wp-content\/uploads\/2022\/06\/P6051233.jpg 1800w\" sizes=\"auto, (max-width: 822px) 100vw, 822px\" \/><\/a><p id=\"caption-attachment-52097\" class=\"wp-caption-text\">Bajando al Coll de La Marrana con el Gra de Fajol delante y el Puig de Les Borregues detr\u00e1s a la derecha<\/p><\/div>\n<div id=\"attachment_52098\" style=\"width: 1810px\" class=\"wp-caption aligncenter\"><a class=\"dt-pswp-item\" href=\"https:\/\/www.monta\u00f1asdelaluna.es\/wp-content\/uploads\/2022\/06\/P6051234.jpg\" data-dt-img-description=\"\" data-large_image_width=\"1800\" data-large_image_height=\"1202\"><img loading=\"lazy\" decoding=\"async\" aria-describedby=\"caption-attachment-52098\" class=\"wp-image-52098 \" src=\"https:\/\/www.monta\u00f1asdelaluna.es\/wp-content\/uploads\/2022\/06\/P6051234-1024x684.jpg\" alt=\"Joaquin en la cima del Gra de Fajol, 2.712 mts., en el centro al fondo Roca Colom y Costabona\" width=\"822\" height=\"549\" srcset=\"https:\/\/www.monta\u00f1asdelaluna.es\/wp-content\/uploads\/2022\/06\/P6051234-1024x684.jpg 1024w, https:\/\/www.monta\u00f1asdelaluna.es\/wp-content\/uploads\/2022\/06\/P6051234-300x200.jpg 300w, https:\/\/www.monta\u00f1asdelaluna.es\/wp-content\/uploads\/2022\/06\/P6051234-768x513.jpg 768w, https:\/\/www.monta\u00f1asdelaluna.es\/wp-content\/uploads\/2022\/06\/P6051234-1536x1026.jpg 1536w, https:\/\/www.monta\u00f1asdelaluna.es\/wp-content\/uploads\/2022\/06\/P6051234.jpg 1800w\" sizes=\"auto, (max-width: 822px) 100vw, 822px\" \/><\/a><p id=\"caption-attachment-52098\" class=\"wp-caption-text\">Joaquin en la cima del Gra de Fajol, 2.712 mts., en el centro al fondo Roca Colom y Costabona<\/p><\/div>\n<p>Sin dejar la loma cimera comienzo a subir la larga pala o espalda, columna vertebral de ese gigantesco dinosaurio que forma este ascenso a la cima de la monta\u00f1a m\u00e1s alta de la zona, y segunda del macizo Oriental de estos fabulosos Pirineos, el Bastiments. En algunos puntos se escarpa de tal manera que forma unos escalones de roca, pero sin dificultad ni peligro, entretenido y algo empinado en ocasiones.<\/p>\n<p>Y as\u00ed llego a la aglutinada, casi abarrotada y muy visitada cima del Bastiments, a 2.883 mts. Como he mencionado, hay mucha gente, algunos son corredores y a pesar del frio, van con las piernas desnudas, en pantal\u00f3n corto o de deporte. Hago la foto de rigor y me acerco, siguiendo su cresta cimera, hacia la otra un metro m\u00e1s baja, la cima o punta oeste. Gente en una cima, gente en la cresta, gente en la otra cima, parece que hay gente por todos lados en esta monta\u00f1a en el d\u00eda de hoy. Descanso, hago fotos, observo a los monta\u00f1eros\u2026 siempre descubro a los nuevos, aquellos que comienza o se inician en la monta\u00f1a, en la alta monta\u00f1a, tienen las mismas conversaciones que ten\u00eda yo hace muchos a\u00f1os\u2026<\/p>\n<p>Vuelvo a la cima este y m\u00e1s alta de la estupenda cresta cimera del Bastiments, para coger la senda de bajada que aparece justo debajo de la cruz, hacia el sur, girando a la derecha y de nuevo sur, bajando por la loma cimera que poco a poco se va suavizando en busca del famoso Coll de La Marrana. No hay p\u00e9rdida. Ya hemos realizado esta ruta en subida muchas veces y alguna en bajada, descrita en algunos de los relatos como el <a href=\"https:\/\/www.monta\u00f1asdelaluna.es\/?p=28084\" target=\"_blank\" rel=\"noopener\">Bastiments, el Pirineo del Viento<\/a> (donde bajamos desde su cima hasta el Coll de La Geganta, ruta que hago aqu\u00ed en direcci\u00f3n contraria), o como en la descripci\u00f3n del \u00e1lbum <a href=\"https:\/\/www.monta\u00f1asdelaluna.es\/?dt_gallery=pic-de-la-dona-pic-de-bacivers-y-bastiments\" target=\"_blank\" rel=\"noopener\">Pic de La Dona, Bacivers y Bastiments,<\/a> donde se fotograf\u00eda la bajada nevada del Bastiments al Coll de La Marrana. F\u00e1cil, directa y sin ninguna p\u00e9rdida, recto en bajada al enorme collado que separa el Bastiments de aquella bulbosa y diferenciada monta\u00f1a, que es el Gra de Fajol, justo al sur, el cual ser\u00e1 mi pr\u00f3ximo objetivo.<\/p>\n<div id=\"attachment_52099\" style=\"width: 1810px\" class=\"wp-caption aligncenter\"><a class=\"dt-pswp-item\" href=\"https:\/\/www.monta\u00f1asdelaluna.es\/wp-content\/uploads\/2022\/06\/P6051235.jpg\" data-dt-img-description=\"\" data-large_image_width=\"1800\" data-large_image_height=\"1202\"><img loading=\"lazy\" decoding=\"async\" aria-describedby=\"caption-attachment-52099\" class=\"wp-image-52099 \" src=\"https:\/\/www.monta\u00f1asdelaluna.es\/wp-content\/uploads\/2022\/06\/P6051235-1024x684.jpg\" alt=\"Cima del Gra de Fajol, 2.712 mts., en el centro al fondo Roca Colom (justo detr\u00e1s de la cruz) y Costabona; al fondo izquierda el Canig\u00f3\" width=\"820\" height=\"548\" srcset=\"https:\/\/www.monta\u00f1asdelaluna.es\/wp-content\/uploads\/2022\/06\/P6051235-1024x684.jpg 1024w, https:\/\/www.monta\u00f1asdelaluna.es\/wp-content\/uploads\/2022\/06\/P6051235-300x200.jpg 300w, https:\/\/www.monta\u00f1asdelaluna.es\/wp-content\/uploads\/2022\/06\/P6051235-768x513.jpg 768w, https:\/\/www.monta\u00f1asdelaluna.es\/wp-content\/uploads\/2022\/06\/P6051235-1536x1026.jpg 1536w, https:\/\/www.monta\u00f1asdelaluna.es\/wp-content\/uploads\/2022\/06\/P6051235.jpg 1800w\" sizes=\"auto, (max-width: 820px) 100vw, 820px\" \/><\/a><p id=\"caption-attachment-52099\" class=\"wp-caption-text\">Cima del Gra de Fajol, 2.712 mts., en el centro al fondo Roca Colom (justo detr\u00e1s de la cruz) y Costabona; al fondo izquierda el Canig\u00f3<\/p><\/div>\n<div id=\"attachment_52100\" style=\"width: 1810px\" class=\"wp-caption aligncenter\"><a class=\"dt-pswp-item\" href=\"https:\/\/www.monta\u00f1asdelaluna.es\/wp-content\/uploads\/2022\/06\/P6051240.jpg\" data-dt-img-description=\"\" data-large_image_width=\"1800\" data-large_image_height=\"1202\"><img loading=\"lazy\" decoding=\"async\" aria-describedby=\"caption-attachment-52100\" class=\"wp-image-52100 \" src=\"https:\/\/www.monta\u00f1asdelaluna.es\/wp-content\/uploads\/2022\/06\/P6051240-1024x684.jpg\" alt=\"El Gra de Fajol Petit delante, con la Roca Colom y Costabona al fondo izquierda, a la derecha el valle del Ter\" width=\"820\" height=\"548\" srcset=\"https:\/\/www.monta\u00f1asdelaluna.es\/wp-content\/uploads\/2022\/06\/P6051240-1024x684.jpg 1024w, https:\/\/www.monta\u00f1asdelaluna.es\/wp-content\/uploads\/2022\/06\/P6051240-300x200.jpg 300w, https:\/\/www.monta\u00f1asdelaluna.es\/wp-content\/uploads\/2022\/06\/P6051240-768x513.jpg 768w, https:\/\/www.monta\u00f1asdelaluna.es\/wp-content\/uploads\/2022\/06\/P6051240-1536x1026.jpg 1536w, https:\/\/www.monta\u00f1asdelaluna.es\/wp-content\/uploads\/2022\/06\/P6051240.jpg 1800w\" sizes=\"auto, (max-width: 820px) 100vw, 820px\" \/><\/a><p id=\"caption-attachment-52100\" class=\"wp-caption-text\">El Gra de Fajol Petit delante, con la Roca Colom y Costabona al fondo izquierda, a la derecha el valle del Ter<\/p><\/div>\n<p>Ya me conozco el camino de subida al Bastiments desde el Coll de La Marrana, siempre lleno de gente. Me dejo llevar por la energ\u00eda que intento restablecer despu\u00e9s del Covid, y bajo corriendo a zancadas hasta cerca del mismo collado, incluso a una velocidad (ya innata en m\u00ed) mayor que los corredores de monta\u00f1a. El tiempo sigue igual, entre nubes y sol, pero nada amenazador, m\u00e1s bien simp\u00e1tico, ya que me quita la quemaz\u00f3n del sol. Acerc\u00e1ndome el pr\u00f3ximo Coll de La Marrana una pareja con dos perros que no paran de ladrar\u2026 \u00a1a\u00f1oro los a\u00f1os en que a la monta\u00f1a solo \u00edbamos monta\u00f1eros a los que les gustaba la tranquilidad, el silencio y la contemplaci\u00f3n!<\/p>\n<p>En el mismo Coll de La Marrana (2.529 mts.) sigo, sin pararme para que no me molesten esos perros en mi abstra\u00edda actividad, hacia el sur y arriba en busca de la cima de la monta\u00f1a que tengo delante, y que he tenido enfrente de mis ojos mientras bajaba del Bastiments. No hay que desviarse a la derecha, todo hacia arriba. Por una senda que hace un poco de zigzag a mitad de subida, de lo empinado que se pone en este tramo; siendo un ascenso que parece es corto, no llega a 200 metros de desnivel, pero que por muy r\u00e1pido que vayas, debes de tomarte tu tiempo.<\/p>\n<p>Es seguir el recorrido que describo en bajada desde la cima del Gra de Fajol hasta el mismo Coll de La Marrana, en mi <a href=\"https:\/\/www.monta\u00f1asdelaluna.es\/?p=25825\" target=\"_blank\" rel=\"noopener\">primera visita a este Pirineo Oriental<\/a>, Pirineo del viento. No tiene p\u00e9rdida\u2026 de hecho es una traves\u00eda que sin conocer la zona y sabiendo que monta\u00f1as debes de subir, es muy l\u00f3gica e intuitiva.[\/vc_column_text][\/vc_column][\/vc_row][vc_row][vc_column][vc_empty_space][vc_video link=\u00bbhttps:\/\/vimeo.com\/811796448?share=copy\u00bb title=\u00bbGra de Fajol, 2.712 mts.\u00bb][vc_empty_space][\/vc_column][\/vc_row][vc_row][vc_column][vc_column_text]Y ya por fin estoy en la cima del Gra de Fajol, a 2.712 mts. No hay nadie, ya no es tan pronto como para que los \u201cmadrugadores\u201d de sus visitantes est\u00e9n pululando por aqu\u00ed. Pero de tanto en tanto suben y bajan algunos monta\u00f1eros, pocos\u2026 las vistas, en cuanto me dejan las nubes, son extraordinarias del Circo de Ulldeter. Todo sea dicho, desde el resto de monta\u00f1as que la circundan del mismo circo, es el mayor y atractivo protagonista de sus vistas, parece que est\u00e1 en medio de todo&#8230; Justo descansando y comiendo algo en su cima, llega una pareja que han ascendido por su cresta este, f\u00e1cil y entretenida. Le pregunto al chico por su estado. Me interesa, me fascina\u2026 quiz\u00e1s para la pr\u00f3xima vez que venga la intento hacer por ah\u00ed\u2026 y as\u00ed var\u00edo un poco de estas monta\u00f1as \u201cfacilonas\u201d.<\/p>\n<div id=\"attachment_52101\" style=\"width: 1810px\" class=\"wp-caption aligncenter\"><a class=\"dt-pswp-item\" href=\"https:\/\/www.monta\u00f1asdelaluna.es\/wp-content\/uploads\/2022\/06\/P6051242-1.jpg\" data-dt-img-description=\"\" data-large_image_width=\"1800\" data-large_image_height=\"1202\"><img loading=\"lazy\" decoding=\"async\" aria-describedby=\"caption-attachment-52101\" class=\"wp-image-52101 \" src=\"https:\/\/www.monta\u00f1asdelaluna.es\/wp-content\/uploads\/2022\/06\/P6051242-1-1024x684.jpg\" alt=\"Camino del Gra de Fajol Petit\" width=\"820\" height=\"548\" srcset=\"https:\/\/www.monta\u00f1asdelaluna.es\/wp-content\/uploads\/2022\/06\/P6051242-1-1024x684.jpg 1024w, https:\/\/www.monta\u00f1asdelaluna.es\/wp-content\/uploads\/2022\/06\/P6051242-1-300x200.jpg 300w, https:\/\/www.monta\u00f1asdelaluna.es\/wp-content\/uploads\/2022\/06\/P6051242-1-768x513.jpg 768w, https:\/\/www.monta\u00f1asdelaluna.es\/wp-content\/uploads\/2022\/06\/P6051242-1-1536x1026.jpg 1536w, https:\/\/www.monta\u00f1asdelaluna.es\/wp-content\/uploads\/2022\/06\/P6051242-1.jpg 1800w\" sizes=\"auto, (max-width: 820px) 100vw, 820px\" \/><\/a><p id=\"caption-attachment-52101\" class=\"wp-caption-text\">Camino del Gra de Fajol Petit<\/p><\/div>\n<div id=\"attachment_52102\" style=\"width: 1810px\" class=\"wp-caption aligncenter\"><a class=\"dt-pswp-item\" href=\"https:\/\/www.monta\u00f1asdelaluna.es\/wp-content\/uploads\/2022\/06\/P6051244.jpg\" data-dt-img-description=\"\" data-large_image_width=\"1800\" data-large_image_height=\"1202\"><img loading=\"lazy\" decoding=\"async\" aria-describedby=\"caption-attachment-52102\" class=\"wp-image-52102 \" src=\"https:\/\/www.monta\u00f1asdelaluna.es\/wp-content\/uploads\/2022\/06\/P6051244-1024x684.jpg\" alt=\"Camino del Gra de Fajol Petit\" width=\"823\" height=\"550\" srcset=\"https:\/\/www.monta\u00f1asdelaluna.es\/wp-content\/uploads\/2022\/06\/P6051244-1024x684.jpg 1024w, https:\/\/www.monta\u00f1asdelaluna.es\/wp-content\/uploads\/2022\/06\/P6051244-300x200.jpg 300w, https:\/\/www.monta\u00f1asdelaluna.es\/wp-content\/uploads\/2022\/06\/P6051244-768x513.jpg 768w, https:\/\/www.monta\u00f1asdelaluna.es\/wp-content\/uploads\/2022\/06\/P6051244-1536x1026.jpg 1536w, https:\/\/www.monta\u00f1asdelaluna.es\/wp-content\/uploads\/2022\/06\/P6051244.jpg 1800w\" sizes=\"auto, (max-width: 823px) 100vw, 823px\" \/><\/a><p id=\"caption-attachment-52102\" class=\"wp-caption-text\">Camino del Gra de Fajol Petit<\/p><\/div>\n<p>Ahora toca llegar hasta la \u00faltima cima que me he propuesto hacer en esta actividad: el Gra d Fajol Petit. Y a la vez la parte m\u00e1s interesante, abrupta y entretenida de la misma. Ya que el cordal que une los dos Gra de Fajol es el m\u00e1s alpino de todas las zonas que me he recorrido hoy (alpino, por ponerle una adjetivo) \u2026 pero no es ni dificultoso ni peligroso, para nada, pero s\u00ed mas entretenido y atractivo.<\/p>\n<p>El recorrido es el mismo descrito en aquella <a href=\"https:\/\/www.monta\u00f1asdelaluna.es\/?p=25825\" target=\"_blank\" rel=\"noopener\">primera visita al Pirineo Oriental y al Gra de Fajol<\/a> con unos individuos con los que ya no volv\u00ed a salir, pero al rev\u00e9s, aquella vez lo hac\u00edamos subiendo desde el collado entre los dos Gra de Fajol en direcci\u00f3n al Grande, y ahora lo hacemos en direcci\u00f3n al Petit, en direcci\u00f3n contraria. La bajada por una pala casi cresta, siguiendo una senda muy bien marcada y sin p\u00e9rdida. Realmente es una bajada muy fotog\u00e9nica, con fabulosas vistas al paisaje protagonizado por el mismo Gra de Fajol Petit, que con esa forma de casi pir\u00e1mide o m\u00e1s bien tri\u00e1ngulo casi trapecio puntiagudo, hace de la monta\u00f1a una excepcionalidad entre estas alturas de perfiles y laderas onduladas. En la bajada rodeo un pe\u00f1asco y enseguida me enfilo por el llano collado que separa ambas monta\u00f1as, f\u00e1cil, lleno de rocas, extenso, para seguir adelante y comenzar a subir a la \u00fanica cima que tengo delante en este solitario cordal, que es el mismo Gra de Fajol Petit. No tengo que salirme de la parte mas alta de este cordal, cresta, carena, que enlaza o une ambas monta\u00f1as. Y as\u00ed en otro poco tiempo llego hasta otra peque\u00f1a cruz que es la cima del Gra de Fajol Petit, a 2.567 mts. Antes me he detenido a mirar y descubrir, pelado y muy rocoso, la salida del Corredor Occidental, recordado aquella subida invernal y fenomenal con Gallem\u00ed hace pocos a\u00f1os.<\/p>\n<div id=\"attachment_52103\" style=\"width: 1810px\" class=\"wp-caption aligncenter\"><a class=\"dt-pswp-item\" href=\"https:\/\/www.monta\u00f1asdelaluna.es\/wp-content\/uploads\/2022\/06\/P6051247.jpg\" data-dt-img-description=\"\" data-large_image_width=\"1800\" data-large_image_height=\"1202\"><img loading=\"lazy\" decoding=\"async\" aria-describedby=\"caption-attachment-52103\" class=\"wp-image-52103 \" src=\"https:\/\/www.monta\u00f1asdelaluna.es\/wp-content\/uploads\/2022\/06\/P6051247-1024x684.jpg\" alt=\"Camino del Gra de Fajol Petit\" width=\"820\" height=\"548\" srcset=\"https:\/\/www.monta\u00f1asdelaluna.es\/wp-content\/uploads\/2022\/06\/P6051247-1024x684.jpg 1024w, https:\/\/www.monta\u00f1asdelaluna.es\/wp-content\/uploads\/2022\/06\/P6051247-300x200.jpg 300w, https:\/\/www.monta\u00f1asdelaluna.es\/wp-content\/uploads\/2022\/06\/P6051247-768x513.jpg 768w, https:\/\/www.monta\u00f1asdelaluna.es\/wp-content\/uploads\/2022\/06\/P6051247-1536x1026.jpg 1536w, https:\/\/www.monta\u00f1asdelaluna.es\/wp-content\/uploads\/2022\/06\/P6051247.jpg 1800w\" sizes=\"auto, (max-width: 820px) 100vw, 820px\" \/><\/a><p id=\"caption-attachment-52103\" class=\"wp-caption-text\">Camino del Gra de Fajol Petit<\/p><\/div>\n<div id=\"attachment_52104\" style=\"width: 1810px\" class=\"wp-caption aligncenter\"><a class=\"dt-pswp-item\" href=\"https:\/\/www.monta\u00f1asdelaluna.es\/wp-content\/uploads\/2022\/06\/P6051251.jpg\" data-dt-img-description=\"\" data-large_image_width=\"1800\" data-large_image_height=\"1202\"><img loading=\"lazy\" decoding=\"async\" aria-describedby=\"caption-attachment-52104\" class=\"wp-image-52104 \" src=\"https:\/\/www.monta\u00f1asdelaluna.es\/wp-content\/uploads\/2022\/06\/P6051251-1024x684.jpg\" alt=\"Desde el Gra de Fajol Petit, a la izquierda el Gra de Fajol y a la derecha el Bastiments, detr\u00e1s de \u00e9ste el Pic de Bacivers\" width=\"823\" height=\"550\" srcset=\"https:\/\/www.monta\u00f1asdelaluna.es\/wp-content\/uploads\/2022\/06\/P6051251-1024x684.jpg 1024w, https:\/\/www.monta\u00f1asdelaluna.es\/wp-content\/uploads\/2022\/06\/P6051251-300x200.jpg 300w, https:\/\/www.monta\u00f1asdelaluna.es\/wp-content\/uploads\/2022\/06\/P6051251-768x513.jpg 768w, https:\/\/www.monta\u00f1asdelaluna.es\/wp-content\/uploads\/2022\/06\/P6051251-1536x1026.jpg 1536w, https:\/\/www.monta\u00f1asdelaluna.es\/wp-content\/uploads\/2022\/06\/P6051251.jpg 1800w\" sizes=\"auto, (max-width: 823px) 100vw, 823px\" \/><\/a><p id=\"caption-attachment-52104\" class=\"wp-caption-text\">Desde el Gra de Fajol Petit, a la izquierda el Gra de Fajol y a la derecha el Bastiments, detr\u00e1s de \u00e9ste el Pic de Bacivers<\/p><\/div>\n<p>El Gra de Fajol Petit es una monta\u00f1a que aparece al sur del circo de Ulldeter como queri\u00e9ndose separar del resto, y esto la hace mas \u00fanica y especial, ya que las vistas desde su cima, a pesar de ser el m\u00e1s bajo de todos los picos de la zona (exceptuando los que se encuentran m\u00e1s a la derecha y este de Vallter 2000, Pic de Coma Ermada, Pic de La Losa\u2026), casi es el mas espectacular por su entretenido y caracter\u00edstico ascenso a su cima, que, lo hagas por donde lo hagas, no dejar\u00e1 de ser en alg\u00fan momento empinado, encrespado, esforzado e interesante.[\/vc_column_text][\/vc_column][\/vc_row][vc_row][vc_column][vc_empty_space][vc_video link=\u00bbhttps:\/\/vimeo.com\/811797719?share=copy\u00bb title=\u00bbGra de Fajol Petit, 2.567 mts.\u00bb][vc_empty_space][vc_column_text]Hago las fotos de rigor y ya comienzo a pensar en la bajada y regreso al coche para finalizar esta actividad\u2026 las vistas hacia el Gra de Fajol y Bastiments son espectaculares, y si fuera invierno con todo nevado como alguna vez disfrut\u00e9, son impresionantes, magn\u00edficas y sobrecogedoras\u2026 al ser poco mas bajo, las otras monta\u00f1as parecen gigantes en la lejan\u00eda, intentando dominar un paisaje, un territorio de roca, alturas o nieves. Descubro la cresta este del Gra de Fajol, por ah\u00ed subir\u00e9 alg\u00fan d\u00eda, ser\u00e1 mi pr\u00f3ximo objetivo\u2026<\/p>\n<p>La bajada es f\u00e1cil: hay que ir en direcci\u00f3n al Refugio de Ulldeter igual que hice con Josep Gallem\u00ed en aquella \u00faltima subida al <a href=\"https:\/\/www.monta\u00f1asdelaluna.es\/?p=39841\" target=\"_blank\" rel=\"noopener\">Gra de Fajol Petit por la Canal Occidental<\/a>, nevada, en invernal, magn\u00edfica\u2026 la idea es volver al collado del Pas de l\u2019Isard (entre los dos Gra de Fajol) y bajar por una vertical y destrozada pendiente algo empinada y deshecha, hacia la derecha y norte, justo antes, a pocos pasos, de llegar al pe\u00f1asco que nos indica que ya comenzamos la subida al Gra de Fajol Gran. Con nieve, la otra vez, ten\u00edamos que ir en diagonal por una pala muy empinada de nieve helada con mucho cuidado para no caer hacia el fondo del valle: entre la pared este del Gra de Fajol, el Gra de Fajol Petit y el Refugio de Ulldeter.<\/p>\n<div id=\"attachment_52105\" style=\"width: 1810px\" class=\"wp-caption aligncenter\"><a class=\"dt-pswp-item\" href=\"https:\/\/www.monta\u00f1asdelaluna.es\/wp-content\/uploads\/2022\/06\/P6051253.jpg\" data-dt-img-description=\"\" data-large_image_width=\"1800\" data-large_image_height=\"1202\"><img loading=\"lazy\" decoding=\"async\" aria-describedby=\"caption-attachment-52105\" class=\"wp-image-52105 \" src=\"https:\/\/www.monta\u00f1asdelaluna.es\/wp-content\/uploads\/2022\/06\/P6051253-1024x684.jpg\" alt=\"Joaqu\u00edn en la cima del Gra de Fajol Petit, 2.567 mts., con el Gra de Fajol a la izquierda y el Bastiments a la derecha\" width=\"820\" height=\"548\" srcset=\"https:\/\/www.monta\u00f1asdelaluna.es\/wp-content\/uploads\/2022\/06\/P6051253-1024x684.jpg 1024w, https:\/\/www.monta\u00f1asdelaluna.es\/wp-content\/uploads\/2022\/06\/P6051253-300x200.jpg 300w, https:\/\/www.monta\u00f1asdelaluna.es\/wp-content\/uploads\/2022\/06\/P6051253-768x513.jpg 768w, https:\/\/www.monta\u00f1asdelaluna.es\/wp-content\/uploads\/2022\/06\/P6051253-1536x1026.jpg 1536w, https:\/\/www.monta\u00f1asdelaluna.es\/wp-content\/uploads\/2022\/06\/P6051253.jpg 1800w\" sizes=\"auto, (max-width: 820px) 100vw, 820px\" \/><\/a><p id=\"caption-attachment-52105\" class=\"wp-caption-text\">Joaqu\u00edn en la cima del Gra de Fajol Petit, 2.567 mts., con el Gra de Fajol a la izquierda y el Bastiments a la derecha<\/p><\/div>\n<div id=\"attachment_52106\" style=\"width: 1810px\" class=\"wp-caption aligncenter\"><a class=\"dt-pswp-item\" href=\"https:\/\/www.monta\u00f1asdelaluna.es\/wp-content\/uploads\/2022\/06\/P6051256.jpg\" data-dt-img-description=\"\" data-large_image_width=\"1800\" data-large_image_height=\"1202\"><img loading=\"lazy\" decoding=\"async\" aria-describedby=\"caption-attachment-52106\" class=\"wp-image-52106 \" src=\"https:\/\/www.monta\u00f1asdelaluna.es\/wp-content\/uploads\/2022\/06\/P6051256-1024x684.jpg\" alt=\"Refugio de Ulldeter\" width=\"822\" height=\"549\" srcset=\"https:\/\/www.monta\u00f1asdelaluna.es\/wp-content\/uploads\/2022\/06\/P6051256-1024x684.jpg 1024w, https:\/\/www.monta\u00f1asdelaluna.es\/wp-content\/uploads\/2022\/06\/P6051256-300x200.jpg 300w, https:\/\/www.monta\u00f1asdelaluna.es\/wp-content\/uploads\/2022\/06\/P6051256-768x513.jpg 768w, https:\/\/www.monta\u00f1asdelaluna.es\/wp-content\/uploads\/2022\/06\/P6051256-1536x1026.jpg 1536w, https:\/\/www.monta\u00f1asdelaluna.es\/wp-content\/uploads\/2022\/06\/P6051256.jpg 1800w\" sizes=\"auto, (max-width: 822px) 100vw, 822px\" \/><\/a><p id=\"caption-attachment-52106\" class=\"wp-caption-text\">Refugio de Ulldeter<\/p><\/div>\n<p>Y as\u00ed bajando de la cresta, de la loma cimera intentando seguir hitos y despu\u00e9s una vertiginosa senda excavada en la pendiente, llego a terrenos mas amigables, con un peque\u00f1o laguito donde unos ni\u00f1os juegan o est\u00e1n echados tomando el sol con sus padres no demasiado lejos. Y de aqu\u00ed, siguiendo otra sendilla bien marcada y atravesando terrenos de bosquecillos y prados, enseguida me acerco a las inmediaciones del Refugio de Ulldeter. Ya no sigo el recorrido descrito en <a href=\"https:\/\/www.monta\u00f1asdelaluna.es\/?p=39841\" target=\"_blank\" rel=\"noopener\">Gra de Fajol Petit por el Corredor Occidental<\/a>, ya que \u00e9ste segu\u00eda por el fondo del valle hacia la pista de esqu\u00ed, me desv\u00edo al norte e izquierda por una sendilla pisada, que se encarama entre peque\u00f1as rieras y esos nombrados \u00e1rboles, subiendo levemente en busca del Refugio de Ulldeter. Pero ya del Refugio de Ulldeter hasta la carretera a Vallter 2000, est\u00e1 muy descrito y mencionado en muchos relatos de actividades en la zona: solo hay que seguir las marcas del G.R. hacia abajo y este en busca de la mencionada carreterilla. Muy marcada y transitada. Sin perdida.<\/p>\n<p>El tiempo sigue siendo bueno, me ha respetado el recorrido y las nubes blancas algodonosas me han proporcionado sombra. Llegando a la carreterilla despu\u00e9s de salir del Refugio de Ulldeter, solo la tengo que seguir hacia arriba unos pocos pasos m\u00e1s para llegar hasta donde he dejado el coche y concluir esta fant\u00e1stica actividad de hacer los picos mas altos del circo de Ulldeter. Ha sido interesante y fant\u00e1stica. Seguro que la repetir\u00e9 en mas de una ocasi\u00f3n\u2026 una forma interesante de hacer y visitas esta monta\u00f1as de Ulldeter.<\/p>\n<div id=\"attachment_52107\" style=\"width: 1945px\" class=\"wp-caption aligncenter\"><a class=\"dt-pswp-item\" href=\"https:\/\/www.monta\u00f1asdelaluna.es\/wp-content\/uploads\/2022\/06\/CircoUlldeter.web_.jpg\" data-dt-img-description=\"\" data-large_image_width=\"1935\" data-large_image_height=\"1854\"><img loading=\"lazy\" decoding=\"async\" aria-describedby=\"caption-attachment-52107\" class=\"wp-image-52107 size-full\" src=\"https:\/\/www.monta\u00f1asdelaluna.es\/wp-content\/uploads\/2022\/06\/CircoUlldeter.web_.jpg\" alt=\"Croquis del recorrido por las monta\u00f1as del Circo de Ulldeter. Punto Rojo: parking donde dejo el coche. Punto Amarillo: Portella de Mantet.\" width=\"1935\" height=\"1854\" srcset=\"https:\/\/www.monta\u00f1asdelaluna.es\/wp-content\/uploads\/2022\/06\/CircoUlldeter.web_.jpg 1935w, https:\/\/www.monta\u00f1asdelaluna.es\/wp-content\/uploads\/2022\/06\/CircoUlldeter.web_-300x287.jpg 300w, https:\/\/www.monta\u00f1asdelaluna.es\/wp-content\/uploads\/2022\/06\/CircoUlldeter.web_-1024x981.jpg 1024w, https:\/\/www.monta\u00f1asdelaluna.es\/wp-content\/uploads\/2022\/06\/CircoUlldeter.web_-768x736.jpg 768w, https:\/\/www.monta\u00f1asdelaluna.es\/wp-content\/uploads\/2022\/06\/CircoUlldeter.web_-1536x1472.jpg 1536w\" sizes=\"auto, (max-width: 1935px) 100vw, 1935px\" \/><\/a><p id=\"caption-attachment-52107\" class=\"wp-caption-text\">Croquis del recorrido por las monta\u00f1as del Circo de Ulldeter. Punto Rojo: parking donde dejo el coche. Punto Amarillo: Portella de Mantet.<\/p><\/div>\n<p>[\/vc_column_text][\/vc_column][\/vc_row][vc_row][vc_column][vc_empty_space height=\u00bb60px\u00bb][\/vc_column][\/vc_row][vc_row][vc_column][vc_cta h2=\u00bb\u00c1lbum de fotos\u00bb txt_align=\u00bbcenter\u00bb add_button=\u00bbbottom\u00bb btn_title=\u00bbVer fotos\u00bb btn_color=\u00bbwarning\u00bb btn_align=\u00bbcenter\u00bb btn_link=\u00bburl:https%3A%2F%2Fwww.monta%C3%B1asdelaluna.es%2F%3Fdt_gallery%3Dcirco-de-ulldeter|title:Pic%20de%20Dalt%20de%20Coma%20Mitjana%20(2.752%20mts.)|target:_blank\u00bb css=\u00bb.vc_custom_1686382131118{background-color: #8bc4ed !important;}\u00bb]Puedes ver todas las fotos del relato y actividad en forma de presentaci\u00f3n o individuales pinchando aqui \u00a1No te las pierdas![\/vc_cta][\/vc_column][\/vc_row][vc_row][vc_column][vc_empty_space height=\u00bb60px\u00bb][\/vc_column][\/vc_row][vc_row][vc_column width=\u00bb1\/6&#8243;][\/vc_column][vc_column width=\u00bb1\/3&#8243;][vc_raw_html]JTNDaWZyYW1lJTIwc3JjJTNEJTIyaHR0cHMlM0ElMkYlMkZ3d3cubWV0ZW9ibHVlLmNvbSUyRmVzJTJGdGllbXBvJTJGd2lkZ2V0JTJGZGFpbHklMkZwaWMtYmFzdGltZW50c19mcmFuY2lhXzMwMTY0NDQlM0ZnZW9sb2MlM0RmaXhlZCUyNmRheXMlM0Q3JTI2dGVtcHVuaXQlM0RDRUxTSVVTJTI2d2luZHVuaXQlM0RLSUxPTUVURVJfUEVSX0hPVVIlMjZwcmVjaXB1bml0JTNETUlMTElNRVRFUiUyNmNvbG91cmVkJTNEY29sb3VyZWQlMjZwaWN0b2ljb24lM0QwJTI2cGljdG9pY29uJTNEMSUyNm1heHRlbXBlcmF0dXJlJTNEMCUyNm1heHRlbXBlcmF0dXJlJTNEMSUyNm1pbnRlbXBlcmF0dXJlJTNEMCUyNm1pbnRlbXBlcmF0dXJlJTNEMSUyNndpbmRzcGVlZCUzRDAlMjZ3aW5kc3BlZWQlM0QxJTI2d2luZGd1c3QlM0QwJTI2d2luZGd1c3QlM0QxJTI2d2luZGRpcmVjdGlvbiUzRDAlMjZ3aW5kZGlyZWN0aW9uJTNEMSUyNnV2JTNEMCUyNmh1bWlkaXR5JTNEMCUyNnByZWNpcGl0YXRpb24lM0QwJTI2cHJlY2lwaXRhdGlvbiUzRDElMjZwcmVjaXBpdGF0aW9ucHJvYmFiaWxpdHklM0QwJTI2cHJlY2lwaXRhdGlvbnByb2JhYmlsaXR5JTNEMSUyNnNwb3QlM0QwJTI2c3BvdCUzRDElMjZwcmVzc3VyZSUzRDAlMjZwcmVzc3VyZSUzRDElMjZsYXlvdXQlM0RsaWdodCUyMiUyMCUyMGZyYW1lYm9yZGVyJTNEJTIyMCUyMiUyMHNjcm9sbGluZyUzRCUyMk5PJTIyJTIwYWxsb3d0cmFuc3BhcmVuY3klM0QlMjJ0cnVlJTIyJTIwc2FuZGJveCUzRCUyMmFsbG93LXNhbWUtb3JpZ2luJTIwYWxsb3ctc2NyaXB0cyUyMGFsbG93LXBvcHVwcyUyMGFsbG93LXBvcHVwcy10by1lc2NhcGUtc2FuZGJveCUyMiUyMHN0eWxlJTNEJTIyd2lkdGglM0ElMjAzNzhweCUzQiUyMGhlaWdodCUzQSUyMDQyMHB4JTIyJTNFJTNDJTJGaWZyYW1lJTNFJTNDZGl2JTNFJTNDJTIxLS0lMjBETyUyME5PVCUyMFJFTU9WRSUyMFRISVMlMjBMSU5LJTIwLS0lM0UlM0NhJTIwaHJlZiUzRCUyMmh0dHBzJTNBJTJGJTJGd3d3Lm1ldGVvYmx1ZS5jb20lMkZlcyUyRnRpZW1wbyUyRnNlbWFuYSUyRnBpYy1iYXN0aW1lbnRzX2ZyYW5jaWFfMzAxNjQ0NCUzRnV0bV9zb3VyY2UlM0R3ZWF0aGVyX3dpZGdldCUyNnV0bV9tZWRpdW0lM0RsaW5rdXMlMjZ1dG1fY29udGVudCUzRGRhaWx5JTI2dXRtX2NhbXBhaWduJTNEV2VhdGhlciUyNTJCV2lkZ2V0JTIyJTIwdGFyZ2V0JTNEJTIyX2JsYW5rJTIyJTIwcmVsJTNEJTIybm9vcGVuZXIlMjIlM0VtZXRlb2JsdWUlM0MlMkZhJTNFJTNDJTJGZGl2JTNF[\/vc_raw_html][\/vc_column][vc_column width=\u00bb1\/3&#8243;][vc_raw_html]JTNDaWZyYW1lJTIwc3JjJTNEJTIyaHR0cHMlM0ElMkYlMkZ3d3cubWV0ZW9ibHVlLmNvbSUyRmVzJTJGdGllbXBvJTJGd2lkZ2V0JTJGZGFpbHklMkZ2YWxsdGVyLTIwMDBfZXNwYSUyNWMzJTI1YjFhXzc4Mzg5NzElM0ZnZW9sb2MlM0RmaXhlZCUyNmRheXMlM0Q3JTI2dGVtcHVuaXQlM0RDRUxTSVVTJTI2d2luZHVuaXQlM0RLSUxPTUVURVJfUEVSX0hPVVIlMjZwcmVjaXB1bml0JTNETUlMTElNRVRFUiUyNmNvbG91cmVkJTNEY29sb3VyZWQlMjZwaWN0b2ljb24lM0QwJTI2cGljdG9pY29uJTNEMSUyNm1heHRlbXBlcmF0dXJlJTNEMCUyNm1heHRlbXBlcmF0dXJlJTNEMSUyNm1pbnRlbXBlcmF0dXJlJTNEMCUyNm1pbnRlbXBlcmF0dXJlJTNEMSUyNndpbmRzcGVlZCUzRDAlMjZ3aW5kc3BlZWQlM0QxJTI2d2luZGd1c3QlM0QwJTI2d2luZGd1c3QlM0QxJTI2d2luZGRpcmVjdGlvbiUzRDAlMjZ3aW5kZGlyZWN0aW9uJTNEMSUyNnV2JTNEMCUyNmh1bWlkaXR5JTNEMCUyNnByZWNpcGl0YXRpb24lM0QwJTI2cHJlY2lwaXRhdGlvbiUzRDElMjZwcmVjaXBpdGF0aW9ucHJvYmFiaWxpdHklM0QwJTI2cHJlY2lwaXRhdGlvbnByb2JhYmlsaXR5JTNEMSUyNnNwb3QlM0QwJTI2c3BvdCUzRDElMjZwcmVzc3VyZSUzRDAlMjZwcmVzc3VyZSUzRDElMjZsYXlvdXQlM0RsaWdodCUyMiUyMCUyMGZyYW1lYm9yZGVyJTNEJTIyMCUyMiUyMHNjcm9sbGluZyUzRCUyMk5PJTIyJTIwYWxsb3d0cmFuc3BhcmVuY3klM0QlMjJ0cnVlJTIyJTIwc2FuZGJveCUzRCUyMmFsbG93LXNhbWUtb3JpZ2luJTIwYWxsb3ctc2NyaXB0cyUyMGFsbG93LXBvcHVwcyUyMGFsbG93LXBvcHVwcy10by1lc2NhcGUtc2FuZGJveCUyMiUyMHN0eWxlJTNEJTIyd2lkdGglM0ElMjAzNzhweCUzQiUyMGhlaWdodCUzQSUyMDQyMHB4JTIyJTNFJTNDJTJGaWZyYW1lJTNFJTNDZGl2JTNFJTNDJTIxLS0lMjBETyUyME5PVCUyMFJFTU9WRSUyMFRISVMlMjBMSU5LJTIwLS0lM0UlM0NhJTIwaHJlZiUzRCUyMmh0dHBzJTNBJTJGJTJGd3d3Lm1ldGVvYmx1ZS5jb20lMkZlcyUyRnRpZW1wbyUyRnNlbWFuYSUyRnZhbGx0ZXItMjAwMF9lc3BhJTI1YzMlMjViMWFfNzgzODk3MSUzRnV0bV9zb3VyY2UlM0R3ZWF0aGVyX3dpZGdldCUyNnV0bV9tZWRpdW0lM0RsaW5rdXMlMjZ1dG1fY29udGVudCUzRGRhaWx5JTI2dXRtX2NhbXBhaWduJTNEV2VhdGhlciUyNTJCV2lkZ2V0JTIyJTIwdGFyZ2V0JTNEJTIyX2JsYW5rJTIyJTIwcmVsJTNEJTIybm9vcGVuZXIlMjIlM0VtZXRlb2JsdWUlM0MlMkZhJTNFJTNDJTJGZGl2JTNF[\/vc_raw_html][\/vc_column][vc_column width=\u00bb1\/6&#8243;][\/vc_column][\/vc_row]<\/p>\n","protected":false},"excerpt":{"rendered":"<p>[vc_row][vc_column][vc_column_text]Despu\u00e9s de pasar el Covid hace unos 15 d\u00edas y de que se anulase la expedici\u00f3n a Per\u00fa, decid\u00ed probarme para intentar recuperar mi buena forma conseguida antes de mitad de mayo, antes de caer enfermo por el fat\u00eddico Covid; con el buen entrenamiento que ten\u00eda\u2026 Entonces ide\u00e9 una actividad de alta monta\u00f1a que me&hellip;<\/p>\n","protected":false},"author":1,"featured_media":52091,"comment_status":"open","ping_status":"open","sticky":false,"template":"","format":"standard","meta":[],"categories":[129],"tags":[],"class_list":["post-52088","post","type-post","status-publish","format-standard","has-post-thumbnail","hentry","category-pirineo-oriental","category-129","description-off"],"_links":{"self":[{"href":"https:\/\/www.monta\u00f1asdelaluna.es\/index.php?rest_route=\/wp\/v2\/posts\/52088","targetHints":{"allow":["GET"]}}],"collection":[{"href":"https:\/\/www.monta\u00f1asdelaluna.es\/index.php?rest_route=\/wp\/v2\/posts"}],"about":[{"href":"https:\/\/www.monta\u00f1asdelaluna.es\/index.php?rest_route=\/wp\/v2\/types\/post"}],"author":[{"embeddable":true,"href":"https:\/\/www.monta\u00f1asdelaluna.es\/index.php?rest_route=\/wp\/v2\/users\/1"}],"replies":[{"embeddable":true,"href":"https:\/\/www.monta\u00f1asdelaluna.es\/index.php?rest_route=%2Fwp%2Fv2%2Fcomments&post=52088"}],"version-history":[{"count":4,"href":"https:\/\/www.monta\u00f1asdelaluna.es\/index.php?rest_route=\/wp\/v2\/posts\/52088\/revisions"}],"predecessor-version":[{"id":52109,"href":"https:\/\/www.monta\u00f1asdelaluna.es\/index.php?rest_route=\/wp\/v2\/posts\/52088\/revisions\/52109"}],"wp:featuredmedia":[{"embeddable":true,"href":"https:\/\/www.monta\u00f1asdelaluna.es\/index.php?rest_route=\/wp\/v2\/media\/52091"}],"wp:attachment":[{"href":"https:\/\/www.monta\u00f1asdelaluna.es\/index.php?rest_route=%2Fwp%2Fv2%2Fmedia&parent=52088"}],"wp:term":[{"taxonomy":"category","embeddable":true,"href":"https:\/\/www.monta\u00f1asdelaluna.es\/index.php?rest_route=%2Fwp%2Fv2%2Fcategories&post=52088"},{"taxonomy":"post_tag","embeddable":true,"href":"https:\/\/www.monta\u00f1asdelaluna.es\/index.php?rest_route=%2Fwp%2Fv2%2Ftags&post=52088"}],"curies":[{"name":"wp","href":"https:\/\/api.w.org\/{rel}","templated":true}]}}