{"id":52113,"date":"2022-06-19T18:04:33","date_gmt":"2022-06-19T18:04:33","guid":{"rendered":"https:\/\/www.monta\u00f1asdelaluna.es\/?p=52113"},"modified":"2023-07-02T19:43:07","modified_gmt":"2023-07-02T19:43:07","slug":"cresta-sureste-del-gra-de-fajol-petit","status":"publish","type":"post","link":"https:\/\/www.monta\u00f1asdelaluna.es\/?p=52113","title":{"rendered":"Cresta sureste del Gra de Fajol Petit"},"content":{"rendered":"<p>[vc_row][vc_column][vc_column_text]Una vez suspendida o aplazada la Expedici\u00f3n a Per\u00fa, ten\u00eda que organizar otro viaje, otra actividad in extremis para este verano, para julio como muy tarde. Y al final pude convencer a Manolet y a Pau para ir a los Alpes Suizos para intentar ascender el Aletschhorn y recorrernos el Glaciar Aletsch de nuevo.<\/p>\n<p>El ascenso escogido para subir al Aletschhorn pasaba por un largo espol\u00f3n desde casi la base del Glaciar Aletsch sub\u00eda y encadenaba con la cresta este del mismo pico, y con la ruta normal al mismo; dicho espol\u00f3n ten\u00eda una graduaci\u00f3n de II\u00ba no sostenido, pero con alg\u00fan paso de III\u00ba. Aunque lo dif\u00edcil no era su graduaci\u00f3n, si no el desnivel o tiempo que pod\u00edamos pasar en ella subi\u00e9ndola, ya que eran 700 metros de cresta, de espol\u00f3n, desde los 3.000 metros hasta los 3.700 metros m\u00e1s o menos, creo recordar; con lo que lo mejor era volver a coger experiencia en crestas y terrenos escarpados verticales\u2026 pocos d\u00edas ten\u00edamos.<\/p>\n<p>Hacer la cresta de<a href=\"https:\/\/www.monta\u00f1asdelaluna.es\/?p=20683\" target=\"_blank\" rel=\"noopener\"> Els Castellets de Les Agudes<\/a> en el Montseny estaba bien pero necesit\u00e1bamos algo m\u00e1s largo y duro, con m\u00e1s desnivel y pasos de II\u00ba m\u00ednimo, pero no podr\u00edamos irnos muy lejos para hacerla, ni coger m\u00e1s de un d\u00eda\u2026 se me ocurri\u00f3 mirar en el cercano Pirineo Oriental, en las monta\u00f1as y verticalidades que rodean Ulldeter, y casualmente descubr\u00ed una cresta que parec\u00eda cubrir las necesidades y condiciones que buscaba, salvo por que en la mayor parte vamos metidos entre pinos por el bosque y parte en la roca. Dicha cresta era uno de los espolones del Gra de Fajol Petit.<\/p>\n<div id=\"attachment_52116\" style=\"width: 1810px\" class=\"wp-caption aligncenter\"><a class=\"dt-pswp-item\" href=\"https:\/\/www.monta\u00f1asdelaluna.es\/wp-content\/uploads\/2022\/06\/P6191258.jpg\" data-dt-img-description=\"\" data-large_image_width=\"1800\" data-large_image_height=\"1202\"><img loading=\"lazy\" decoding=\"async\" aria-describedby=\"caption-attachment-52116\" class=\"wp-image-52116 \" src=\"https:\/\/www.monta\u00f1asdelaluna.es\/wp-content\/uploads\/2022\/06\/P6191258-1024x684.jpg\" alt=\"Pau en el Pla de La Molina, delate aparece el perfil, comienzo de la cresta sureste del Gra de Fajol Petit. Subimos por el lado izquierdo\" width=\"822\" height=\"549\" srcset=\"https:\/\/www.monta\u00f1asdelaluna.es\/wp-content\/uploads\/2022\/06\/P6191258-1024x684.jpg 1024w, https:\/\/www.monta\u00f1asdelaluna.es\/wp-content\/uploads\/2022\/06\/P6191258-300x200.jpg 300w, https:\/\/www.monta\u00f1asdelaluna.es\/wp-content\/uploads\/2022\/06\/P6191258-768x513.jpg 768w, https:\/\/www.monta\u00f1asdelaluna.es\/wp-content\/uploads\/2022\/06\/P6191258-1536x1026.jpg 1536w, https:\/\/www.monta\u00f1asdelaluna.es\/wp-content\/uploads\/2022\/06\/P6191258.jpg 1800w\" sizes=\"auto, (max-width: 822px) 100vw, 822px\" \/><\/a><p id=\"caption-attachment-52116\" class=\"wp-caption-text\">Pau en el Pla de La Molina, delate aparece el perfil, comienzo de la cresta sureste del Gra de Fajol Petit. Subimos por el lado izquierdo<\/p><\/div>\n<div id=\"attachment_52117\" style=\"width: 1810px\" class=\"wp-caption aligncenter\"><a class=\"dt-pswp-item\" href=\"https:\/\/www.monta\u00f1asdelaluna.es\/wp-content\/uploads\/2022\/06\/P6191260.jpg\" data-dt-img-description=\"\" data-large_image_width=\"1800\" data-large_image_height=\"1202\"><img loading=\"lazy\" decoding=\"async\" aria-describedby=\"caption-attachment-52117\" class=\"wp-image-52117 \" src=\"https:\/\/www.monta\u00f1asdelaluna.es\/wp-content\/uploads\/2022\/06\/P6191260-1024x684.jpg\" alt=\"Pedregales en la inclinada pendiente\" width=\"822\" height=\"549\" srcset=\"https:\/\/www.monta\u00f1asdelaluna.es\/wp-content\/uploads\/2022\/06\/P6191260-1024x684.jpg 1024w, https:\/\/www.monta\u00f1asdelaluna.es\/wp-content\/uploads\/2022\/06\/P6191260-300x200.jpg 300w, https:\/\/www.monta\u00f1asdelaluna.es\/wp-content\/uploads\/2022\/06\/P6191260-768x513.jpg 768w, https:\/\/www.monta\u00f1asdelaluna.es\/wp-content\/uploads\/2022\/06\/P6191260-1536x1026.jpg 1536w, https:\/\/www.monta\u00f1asdelaluna.es\/wp-content\/uploads\/2022\/06\/P6191260.jpg 1800w\" sizes=\"auto, (max-width: 822px) 100vw, 822px\" \/><\/a><p id=\"caption-attachment-52117\" class=\"wp-caption-text\">Pedregales en la inclinada pendiente<\/p><\/div>\n<p>Buscando por internet descubro la<a href=\"https:\/\/www.pakocrestas.com\/\" target=\"_blank\" rel=\"noopener\"> web de Pako Crestas<\/a>, el famoso divulgador y monta\u00f1ero amigo de la infancia de Toni Rubinat, que ha editado tantos libros y gu\u00edas de corredores invernales por el Pirineo Catal\u00e1n, por ejemplo\u2026 y en su amalgama de numerosas rese\u00f1as de actividades sale el ascenso por la cresta sureste del Gra de Fajol Petit, y \u00e9sta fue definitivamente la que me llam\u00f3 la atenci\u00f3n para seguirla y hacerla. Me iba a ir con Pau para hacer una cresta y le indico \u00e9sta que he encontrado. Perfecta. Le parece id\u00f3nea. Entonces quedamos el pasado 19 de junio para acercarnos a Ulldeter y hacerla. No har\u00e1 falta material de escalada, pero por si acaso creo que llevamos alg\u00fan cordino y herramienta. La har\u00edamos a pelo. No es dif\u00edcil, solo larguilla. Yo ir\u00e9 con casco y el arn\u00e9s alpino puesto.<\/p>\n<p>Para comenzar la actividad no tenemos que subir o llegar como habitualmente hac\u00edamos, hasta los parkings de Vallter 2.000 o como para llegar al Refugio de Ulldeter; si no que el coche lo dejar\u00edamos en el peque\u00f1o parking pegado a la carreterilla, que m\u00e1s bien son huecos en los lados de la misma, antes de llegar la zona de Ulldeter y como si fu\u00e9ramos al valle de la Coma de l\u2019Orri en busca del <a href=\"https:\/\/www.monta\u00f1asdelaluna.es\/?p=41305\" target=\"_blank\" rel=\"noopener\">Puig de Les Borregues o Pastuira<\/a>, ya descrito en el relato del mismo nombre\u2026 a\u00fan tenemos sitio para dejar el coche\u2026 y una vez aparcados seguir el recorrido descrito en el mismo nombrado relato del Puig de Les Borregues, siguiendo el destrozado camino, girando a la izquierda, cruzando el Ter\u2026 vamos, somo si fu\u00e9ramos en busca del valle de la Coma de l\u2019Orri.<\/p>\n<div id=\"attachment_52118\" style=\"width: 1810px\" class=\"wp-caption aligncenter\"><a class=\"dt-pswp-item\" href=\"https:\/\/www.monta\u00f1asdelaluna.es\/wp-content\/uploads\/2022\/06\/P6191262.jpg\" data-dt-img-description=\"\" data-large_image_width=\"1800\" data-large_image_height=\"1202\"><img loading=\"lazy\" decoding=\"async\" aria-describedby=\"caption-attachment-52118\" class=\"wp-image-52118 \" src=\"https:\/\/www.monta\u00f1asdelaluna.es\/wp-content\/uploads\/2022\/06\/P6191262-1024x684.jpg\" alt=\"Pau subiendo por las inclinadas primeras pendientes. Abajo la profundidad del valle del Ter, de donde venimos\" width=\"822\" height=\"549\" srcset=\"https:\/\/www.monta\u00f1asdelaluna.es\/wp-content\/uploads\/2022\/06\/P6191262-1024x684.jpg 1024w, https:\/\/www.monta\u00f1asdelaluna.es\/wp-content\/uploads\/2022\/06\/P6191262-300x200.jpg 300w, https:\/\/www.monta\u00f1asdelaluna.es\/wp-content\/uploads\/2022\/06\/P6191262-768x513.jpg 768w, https:\/\/www.monta\u00f1asdelaluna.es\/wp-content\/uploads\/2022\/06\/P6191262-1536x1026.jpg 1536w, https:\/\/www.monta\u00f1asdelaluna.es\/wp-content\/uploads\/2022\/06\/P6191262.jpg 1800w\" sizes=\"auto, (max-width: 822px) 100vw, 822px\" \/><\/a><p id=\"caption-attachment-52118\" class=\"wp-caption-text\">Pau subiendo por las inclinadas primeras pendientes. Abajo la profundidad del valle del Ter, de donde venimos<\/p><\/div>\n<div id=\"attachment_52119\" style=\"width: 1810px\" class=\"wp-caption aligncenter\"><a class=\"dt-pswp-item\" href=\"https:\/\/www.monta\u00f1asdelaluna.es\/wp-content\/uploads\/2022\/06\/P6191263.jpg\" data-dt-img-description=\"\" data-large_image_width=\"1800\" data-large_image_height=\"1202\"><img loading=\"lazy\" decoding=\"async\" aria-describedby=\"caption-attachment-52119\" class=\"wp-image-52119 \" src=\"https:\/\/www.monta\u00f1asdelaluna.es\/wp-content\/uploads\/2022\/06\/P6191263-1024x684.jpg\" alt=\"Entre el inclinado bosque descubrimos las marcas rojas e hitos\" width=\"823\" height=\"550\" srcset=\"https:\/\/www.monta\u00f1asdelaluna.es\/wp-content\/uploads\/2022\/06\/P6191263-1024x684.jpg 1024w, https:\/\/www.monta\u00f1asdelaluna.es\/wp-content\/uploads\/2022\/06\/P6191263-300x200.jpg 300w, https:\/\/www.monta\u00f1asdelaluna.es\/wp-content\/uploads\/2022\/06\/P6191263-768x513.jpg 768w, https:\/\/www.monta\u00f1asdelaluna.es\/wp-content\/uploads\/2022\/06\/P6191263-1536x1026.jpg 1536w, https:\/\/www.monta\u00f1asdelaluna.es\/wp-content\/uploads\/2022\/06\/P6191263.jpg 1800w\" sizes=\"auto, (max-width: 823px) 100vw, 823px\" \/><\/a><p id=\"caption-attachment-52119\" class=\"wp-caption-text\">Entre el inclinado bosque descubrimos las marcas rojas e hitos<\/p><\/div>\n<p>Pero seg\u00fan la descripci\u00f3n de Pako, enseguida que cruzamos el R\u00edo Ter hay que buscar una subida a la derecha ladera arriba entre el bosque, entre los \u00e1rboles\u2026 pero nosotros nos pasamos, seguimos la senda, y cuando queremos darnos cuenta debemos volver para atr\u00e1s hasta dicho punto. No es un punto determinado. Quiz\u00e1s buscamos un hito, una senda que salga en esa direcci\u00f3n desde la senda principal. Pero no encontramos una verdadera senda o indicios de pisadas, y subimos monte a trav\u00e9s ladera arriba entre el bosque. Antes he fotografiado la monta\u00f1a y la ladera que debemos abordar: por suerte no tiene mucha p\u00e9rdida, hay solo una direcci\u00f3n y subida correcta. La monta\u00f1a aparece casi escarpada, con facciones y perfiles verticales, con paredes rocosas y abruptos pasos. Seg\u00fan se observa hay que coger altura por en medio del bosque vertical pero teniendo que ir girando o y\u00e9ndonos a la izquierda.<\/p>\n<p>Poco m\u00e1s arriba nos topamos con un pedregal o varios pedregales bajo las paredes y verticalidades rocosas. Vamos bien. Una vez pasados dichos pedregales hacia arriba, debemos de desviarnos hacia la izquierda\u2026 curiosamente encontramos algunos hitos y una senda bien marcada en el terreno entre los \u00e1rboles de este bosque vertical. Hemos dejado unas paredes y rocoso barranco a la derecha; y mientras subimos por el bosque vertical dejamos otros pin\u00e1culos de roca arriba de nosotros tambi\u00e9n. El avance sigue por un terreno entre rocoso y de tierra, seg\u00fan la parte de bosque (eso antes de encontrar los hitos). El d\u00eda, como muchos esta primavera-verano, es muy soleado y nada amenazador. Sin saberlo estamos metidos en una tremenda sequ\u00eda, donde casi todos los d\u00edas son buenos y no hay tormentas pirenaicas.<\/p>\n<div id=\"attachment_52120\" style=\"width: 1810px\" class=\"wp-caption aligncenter\"><a class=\"dt-pswp-item\" href=\"https:\/\/www.monta\u00f1asdelaluna.es\/wp-content\/uploads\/2022\/06\/P6191264.jpg\" data-dt-img-description=\"\" data-large_image_width=\"1800\" data-large_image_height=\"1202\"><img loading=\"lazy\" decoding=\"async\" aria-describedby=\"caption-attachment-52120\" class=\"wp-image-52120 \" src=\"https:\/\/www.monta\u00f1asdelaluna.es\/wp-content\/uploads\/2022\/06\/P6191264-1024x684.jpg\" alt=\"Pau subiendo por el bosque vertical\" width=\"822\" height=\"549\" srcset=\"https:\/\/www.monta\u00f1asdelaluna.es\/wp-content\/uploads\/2022\/06\/P6191264-1024x684.jpg 1024w, https:\/\/www.monta\u00f1asdelaluna.es\/wp-content\/uploads\/2022\/06\/P6191264-300x200.jpg 300w, https:\/\/www.monta\u00f1asdelaluna.es\/wp-content\/uploads\/2022\/06\/P6191264-768x513.jpg 768w, https:\/\/www.monta\u00f1asdelaluna.es\/wp-content\/uploads\/2022\/06\/P6191264-1536x1026.jpg 1536w, https:\/\/www.monta\u00f1asdelaluna.es\/wp-content\/uploads\/2022\/06\/P6191264.jpg 1800w\" sizes=\"auto, (max-width: 822px) 100vw, 822px\" \/><\/a><p id=\"caption-attachment-52120\" class=\"wp-caption-text\">Pau subiendo por el bosque vertical<\/p><\/div>\n<div id=\"attachment_52121\" style=\"width: 1810px\" class=\"wp-caption aligncenter\"><a class=\"dt-pswp-item\" href=\"https:\/\/www.monta\u00f1asdelaluna.es\/wp-content\/uploads\/2022\/06\/P6191267.jpg\" data-dt-img-description=\"\" data-large_image_width=\"1800\" data-large_image_height=\"1202\"><img loading=\"lazy\" decoding=\"async\" aria-describedby=\"caption-attachment-52121\" class=\"wp-image-52121 \" src=\"https:\/\/www.monta\u00f1asdelaluna.es\/wp-content\/uploads\/2022\/06\/P6191267-1024x684.jpg\" alt=\"Primera pared por la que ascenderemos\" width=\"823\" height=\"550\" srcset=\"https:\/\/www.monta\u00f1asdelaluna.es\/wp-content\/uploads\/2022\/06\/P6191267-1024x684.jpg 1024w, https:\/\/www.monta\u00f1asdelaluna.es\/wp-content\/uploads\/2022\/06\/P6191267-300x200.jpg 300w, https:\/\/www.monta\u00f1asdelaluna.es\/wp-content\/uploads\/2022\/06\/P6191267-768x513.jpg 768w, https:\/\/www.monta\u00f1asdelaluna.es\/wp-content\/uploads\/2022\/06\/P6191267-1536x1026.jpg 1536w, https:\/\/www.monta\u00f1asdelaluna.es\/wp-content\/uploads\/2022\/06\/P6191267.jpg 1800w\" sizes=\"auto, (max-width: 823px) 100vw, 823px\" \/><\/a><p id=\"caption-attachment-52121\" class=\"wp-caption-text\">Primera pared por la que ascenderemos<\/p><\/div>\n<p>Entre el bosque vertical descubrimos unas marcas rojas, desdibujadas, antiguas y redondas, parece que la subida por la cresta sureste del Gra de Fajol Petit est\u00e1 marcada. Nos llevan, algo m\u00e1s hacia la izquierda, bajo una pared con un recorrido factible en el centro que gira en subida hacia la izquierda, buscando un diedro que no llega a ser chimenea arriba de la misma. En este trocito de pared, en el diedro encontraremos los primeros pasos de II\u00ba. Las primeras, entretenidas y f\u00e1ciles trepadas en la nombrada cresta\u2026 aunque a\u00fan no tiene pinta de cresta el terreno.<\/p>\n<p>Despu\u00e9s de superar el diedro y los pasos en la roca, en la pared, f\u00e1ciles pero entretenidos, salimos otra vez a la ladera frondosa del bosque vertical. En un momento determinado perdemos las marcas e hitos y Pau gira hacia la izquierda y yo por la derecha, al otro lado de la punta de la cresta. Al final la subida es por donde yo voy, y espero a Pau, grit\u00e1ndonos en la monta\u00f1a, para seguir juntos por la subida de la derecha. En esta parte hay m\u00e1s roca que tierra, pero siguen los pinos y el bosque vertical, aunque algo m\u00e1s perdido ya que parece que las sendas que seguimos son caminos de cabras que no nos llevan a ninguna parte. La idea es seguir hacia arriba por el lado derecho de la crestecilla en busca de unas paredes o rocas m\u00e1s verticales arriba de nuestras cabezas.<\/p>\n<div id=\"attachment_52122\" style=\"width: 1810px\" class=\"wp-caption aligncenter\"><a class=\"dt-pswp-item\" href=\"https:\/\/www.monta\u00f1asdelaluna.es\/wp-content\/uploads\/2022\/06\/P6191274.jpg\" data-dt-img-description=\"\" data-large_image_width=\"1800\" data-large_image_height=\"1202\"><img loading=\"lazy\" decoding=\"async\" aria-describedby=\"caption-attachment-52122\" class=\"wp-image-52122 \" src=\"https:\/\/www.monta\u00f1asdelaluna.es\/wp-content\/uploads\/2022\/06\/P6191274-1024x684.jpg\" alt=\"Diedro o canal por la que salimos de la pared\" width=\"820\" height=\"548\" srcset=\"https:\/\/www.monta\u00f1asdelaluna.es\/wp-content\/uploads\/2022\/06\/P6191274-1024x684.jpg 1024w, https:\/\/www.monta\u00f1asdelaluna.es\/wp-content\/uploads\/2022\/06\/P6191274-300x200.jpg 300w, https:\/\/www.monta\u00f1asdelaluna.es\/wp-content\/uploads\/2022\/06\/P6191274-768x513.jpg 768w, https:\/\/www.monta\u00f1asdelaluna.es\/wp-content\/uploads\/2022\/06\/P6191274-1536x1026.jpg 1536w, https:\/\/www.monta\u00f1asdelaluna.es\/wp-content\/uploads\/2022\/06\/P6191274.jpg 1800w\" sizes=\"auto, (max-width: 820px) 100vw, 820px\" \/><\/a><p id=\"caption-attachment-52122\" class=\"wp-caption-text\">Diedro o canal por la que salimos de la pared<\/p><\/div>\n<div id=\"attachment_52123\" style=\"width: 1810px\" class=\"wp-caption aligncenter\"><a class=\"dt-pswp-item\" href=\"https:\/\/www.monta\u00f1asdelaluna.es\/wp-content\/uploads\/2022\/06\/P6191275.jpg\" data-dt-img-description=\"\" data-large_image_width=\"1800\" data-large_image_height=\"1202\"><img loading=\"lazy\" decoding=\"async\" aria-describedby=\"caption-attachment-52123\" class=\"wp-image-52123 \" src=\"https:\/\/www.monta\u00f1asdelaluna.es\/wp-content\/uploads\/2022\/06\/P6191275-1024x684.jpg\" alt=\"Pau subiendo a la Creu d'en Barniquell\" width=\"820\" height=\"548\" srcset=\"https:\/\/www.monta\u00f1asdelaluna.es\/wp-content\/uploads\/2022\/06\/P6191275-1024x684.jpg 1024w, https:\/\/www.monta\u00f1asdelaluna.es\/wp-content\/uploads\/2022\/06\/P6191275-300x200.jpg 300w, https:\/\/www.monta\u00f1asdelaluna.es\/wp-content\/uploads\/2022\/06\/P6191275-768x513.jpg 768w, https:\/\/www.monta\u00f1asdelaluna.es\/wp-content\/uploads\/2022\/06\/P6191275-1536x1026.jpg 1536w, https:\/\/www.monta\u00f1asdelaluna.es\/wp-content\/uploads\/2022\/06\/P6191275.jpg 1800w\" sizes=\"auto, (max-width: 820px) 100vw, 820px\" \/><\/a><p id=\"caption-attachment-52123\" class=\"wp-caption-text\">Pau subiendo a la Creu d&#8217;en Barniquell<\/p><\/div>\n<p>Vuelven a ser pasos de roca de I\u00ba o II\u00ba los que debemos superar para llegar a su parte m\u00e1s alta, en la que la monta\u00f1a deja de ascender y su inclinaci\u00f3n descansa un poco con un promontorio m\u00e1s horizontal, que parece ser un magn\u00edfico mirador: es la Creu d\u2019En Barniquel. Ya estamos a unos 2.200 mts., y hemos comenzado a unos 1.590 mts., ya llevamos unos 600 metros de desnivel que se dice pronto por un terreno muy inclinado, rocoso y vertical. Emocionante.<\/p>\n<p>Un peque\u00f1o descanso. Admiramos el paisaje: parece que hemos subido mucho, que llevamos mucho tiempo en esta monta\u00f1a, en esta actividad, pero si miramos hacia lo que nos queda, el resto de la monta\u00f1a, el resto de la cresta, descubrimos que parece no estamos ni en la mitad. Hacia abajo el valle del Ter, que en este punto se une con el de la Coma de l\u2019Orri, se ve profundo, alejado, verde y precioso. Pero hacia arriba descubrimos el resto de la cresta, pero no toda, la que podemos ver: la primera parte no coge mucha altura, es casi horizontal pero larga, mas afilada, espectacular; despu\u00e9s sigue una pared en forma de tri\u00e1ngulo, y sobre ella dos promontorios rocosos, como dos cimitas, y tras ella se pierde la pista del seguimiento de la cresta\u2026 hasta que descubres la cima del Gra de Fajol Petit all\u00e1 lejos, a bastante mas distancia de \u00e9stos dos promontorios cimeros y rocosos, abordados por sendas paredes casi verticales, rocosas a la izquierda, y por lo que parece una larga ladera pero muy empinada a la derecha\u2026 a\u00fan nos queda mucho. Pero la actividad est\u00e1 siendo espectacular.<\/p>\n<div id=\"attachment_52124\" style=\"width: 1810px\" class=\"wp-caption aligncenter\"><a class=\"dt-pswp-item\" href=\"https:\/\/www.monta\u00f1asdelaluna.es\/wp-content\/uploads\/2022\/06\/P6191279.jpg\" data-dt-img-description=\"\" data-large_image_width=\"1800\" data-large_image_height=\"1202\"><img loading=\"lazy\" decoding=\"async\" aria-describedby=\"caption-attachment-52124\" class=\"wp-image-52124 \" src=\"https:\/\/www.monta\u00f1asdelaluna.es\/wp-content\/uploads\/2022\/06\/P6191279-1024x684.jpg\" alt=\"Pau en la Creu d'en Barniquell, detr\u00e1s el resto de la cresta del Gra de Fajol Petit, con su cima al fondo izquierda detr\u00e1s de Pau\" width=\"820\" height=\"548\" srcset=\"https:\/\/www.monta\u00f1asdelaluna.es\/wp-content\/uploads\/2022\/06\/P6191279-1024x684.jpg 1024w, https:\/\/www.monta\u00f1asdelaluna.es\/wp-content\/uploads\/2022\/06\/P6191279-300x200.jpg 300w, https:\/\/www.monta\u00f1asdelaluna.es\/wp-content\/uploads\/2022\/06\/P6191279-768x513.jpg 768w, https:\/\/www.monta\u00f1asdelaluna.es\/wp-content\/uploads\/2022\/06\/P6191279-1536x1026.jpg 1536w, https:\/\/www.monta\u00f1asdelaluna.es\/wp-content\/uploads\/2022\/06\/P6191279.jpg 1800w\" sizes=\"auto, (max-width: 820px) 100vw, 820px\" \/><\/a><p id=\"caption-attachment-52124\" class=\"wp-caption-text\">Pau en la Creu d&#8217;en Barniquell, detr\u00e1s el resto de la cresta del Gra de Fajol Petit, con su cima al fondo izquierda detr\u00e1s de Pau<\/p><\/div>\n<div id=\"attachment_52125\" style=\"width: 1810px\" class=\"wp-caption aligncenter\"><a class=\"dt-pswp-item\" href=\"https:\/\/www.monta\u00f1asdelaluna.es\/wp-content\/uploads\/2022\/06\/P6191286.jpg\" data-dt-img-description=\"\" data-large_image_width=\"1800\" data-large_image_height=\"1202\"><img loading=\"lazy\" decoding=\"async\" aria-describedby=\"caption-attachment-52125\" class=\"wp-image-52125 \" src=\"https:\/\/www.monta\u00f1asdelaluna.es\/wp-content\/uploads\/2022\/06\/P6191286-1024x684.jpg\" alt=\"Joaqu\u00edn en la Creu d'en Barniquell\" width=\"820\" height=\"548\" srcset=\"https:\/\/www.monta\u00f1asdelaluna.es\/wp-content\/uploads\/2022\/06\/P6191286-1024x684.jpg 1024w, https:\/\/www.monta\u00f1asdelaluna.es\/wp-content\/uploads\/2022\/06\/P6191286-300x200.jpg 300w, https:\/\/www.monta\u00f1asdelaluna.es\/wp-content\/uploads\/2022\/06\/P6191286-768x513.jpg 768w, https:\/\/www.monta\u00f1asdelaluna.es\/wp-content\/uploads\/2022\/06\/P6191286-1536x1026.jpg 1536w, https:\/\/www.monta\u00f1asdelaluna.es\/wp-content\/uploads\/2022\/06\/P6191286.jpg 1800w\" sizes=\"auto, (max-width: 820px) 100vw, 820px\" \/><\/a><p id=\"caption-attachment-52125\" class=\"wp-caption-text\">Joaqu\u00edn en la Creu d&#8217;en Barniquell<\/p><\/div>\n<p>Reemprendemos el ascenso. Ahora, despu\u00e9s de la Creu d\u2019En Barniquel sigue un tramo corto de bosque hasta aparecer en el filo de nuevo de una cresta rocosa, que cae hacia el sur vertical, casi desplomada y emocionante. Yo por si acaso he subido con el casco y el arn\u00e9s alpino puesto, como ya he mencionado antes\u2026 nunca se sabe. Es un trozo de cresta horizontal. El recorrido sigue por debajo de ella a la derecha por el bosque vertical, pero Pau quiere seguir por el filo de la cresta. Pasos de II\u00ba, II\u00ba+ y puede que III\u00ba-. Pau est\u00e1 en su salsa, le encanta esta parte. A mi no me desagrada, me entretiene y me gusta. Salvo cuando me topo con un paso de una enorme roca solitaria en medio de la misma y Pau me dice de cruzarla de una manera que no me sale, y al final lo hago a mi manera, perdiendo el \u201cesp\u00edritu del escalador\u201d por unos momentos. No hay que mirar al otro lado de la cresta hacia el sur e izquierda, ya que como he mencionado antes, cae vertical y con desplome. Nos hacemos fotos, el lugar vale mucho la pena.<\/p>\n<p>Pasada la cresta horizontal pero afilada con algunos pasos emocionantes y otro \u201cdemasiado emocionante\u201d que segu\u00eda a la Creu d\u2019En Barniquel, acabamos delante de otra rocosa cresta que comienza a elevarse como un espol\u00f3n. De nuevo encontramos hitos y marcas que seguimos por la rocosa cresta. Pau dice de ir por lo m\u00e1s dif\u00edcil pero yo le digo que mejor no. El paisaje comienza a engrandarse: las perspectivas de la cresta en este punto con el bosque all\u00e1 abajo y las verticalidades aqu\u00ed arriba, como si en el borde de un enorme abismo estuvi\u00e9ramos, es incre\u00edble, hermoso y espectacular. Intento hacerme fotos en cada rinc\u00f3n de la cresta que valga la pena. Impresionante. El d\u00eda sigue soleado, el sol con su calor no nos abandonar\u00e1 en toda la actividad.<\/p>\n<div id=\"attachment_52126\" style=\"width: 1810px\" class=\"wp-caption aligncenter\"><a class=\"dt-pswp-item\" href=\"https:\/\/www.monta\u00f1asdelaluna.es\/wp-content\/uploads\/2022\/06\/P6191291.jpg\" data-dt-img-description=\"\" data-large_image_width=\"1800\" data-large_image_height=\"1202\"><img loading=\"lazy\" decoding=\"async\" aria-describedby=\"caption-attachment-52126\" class=\"wp-image-52126 \" src=\"https:\/\/www.monta\u00f1asdelaluna.es\/wp-content\/uploads\/2022\/06\/P6191291-1024x684.jpg\" alt=\"Pau en la cresta que sigue a la Creu d'en Barniquell\" width=\"822\" height=\"549\" srcset=\"https:\/\/www.monta\u00f1asdelaluna.es\/wp-content\/uploads\/2022\/06\/P6191291-1024x684.jpg 1024w, https:\/\/www.monta\u00f1asdelaluna.es\/wp-content\/uploads\/2022\/06\/P6191291-300x200.jpg 300w, https:\/\/www.monta\u00f1asdelaluna.es\/wp-content\/uploads\/2022\/06\/P6191291-768x513.jpg 768w, https:\/\/www.monta\u00f1asdelaluna.es\/wp-content\/uploads\/2022\/06\/P6191291-1536x1026.jpg 1536w, https:\/\/www.monta\u00f1asdelaluna.es\/wp-content\/uploads\/2022\/06\/P6191291.jpg 1800w\" sizes=\"auto, (max-width: 822px) 100vw, 822px\" \/><\/a><p id=\"caption-attachment-52126\" class=\"wp-caption-text\">Pau en la cresta que sigue a la Creu d&#8217;en Barniquell<\/p><\/div>\n<div id=\"attachment_52114\" style=\"width: 2058px\" class=\"wp-caption aligncenter\"><a class=\"dt-pswp-item\" href=\"https:\/\/www.monta\u00f1asdelaluna.es\/wp-content\/uploads\/2023\/07\/IMG-20220619-WA0002.jpg\" data-dt-img-description=\"\" data-large_image_width=\"2048\" data-large_image_height=\"943\"><img loading=\"lazy\" decoding=\"async\" aria-describedby=\"caption-attachment-52114\" class=\"wp-image-52114 size-full\" src=\"https:\/\/www.monta\u00f1asdelaluna.es\/wp-content\/uploads\/2023\/07\/IMG-20220619-WA0002.jpg\" alt=\"Joaqu\u00edn en la cresta que sigue a la Creu d'en Barniquell\" width=\"2048\" height=\"943\" srcset=\"https:\/\/www.monta\u00f1asdelaluna.es\/wp-content\/uploads\/2023\/07\/IMG-20220619-WA0002.jpg 2048w, https:\/\/www.monta\u00f1asdelaluna.es\/wp-content\/uploads\/2023\/07\/IMG-20220619-WA0002-300x138.jpg 300w, https:\/\/www.monta\u00f1asdelaluna.es\/wp-content\/uploads\/2023\/07\/IMG-20220619-WA0002-1024x472.jpg 1024w, https:\/\/www.monta\u00f1asdelaluna.es\/wp-content\/uploads\/2023\/07\/IMG-20220619-WA0002-768x354.jpg 768w, https:\/\/www.monta\u00f1asdelaluna.es\/wp-content\/uploads\/2023\/07\/IMG-20220619-WA0002-1536x707.jpg 1536w\" sizes=\"auto, (max-width: 2048px) 100vw, 2048px\" \/><\/a><p id=\"caption-attachment-52114\" class=\"wp-caption-text\">Joaqu\u00edn en la cresta que sigue a la Creu d&#8217;en Barniquell<\/p><\/div>\n<p>Despu\u00e9s de este paso de trepadas f\u00e1ciles, llegamos a otro punto donde nos topamos con otra pared o zona de trepadas, con pasos de II\u00ba f\u00e1ciles. Nos lo encontramos girando algo a la izquierda por debajo de la roca que hace de filo de la cresta. Seguimos hitos y marcas, no tiene p\u00e9rdida, a parte por que es la zona m\u00e1s factible de la pared. Por estos pasos avanzamos y volvemos a subir al filo de la cresta. Esta vez mucho m\u00e1s f\u00e1cil, casi que ya deja de ser cresta para convertirse en una f\u00e1cil loma rocosa algo afiladilla\u2026 los pasos con grado ya los hemos dejado atr\u00e1s. A partir de aqu\u00ed ser\u00e1 caminar y ascender por empinadas laderas entre rocosas, pedregosas y con algo de vegetaci\u00f3n rastrera.<\/p>\n<p>Al acabar la parte m\u00e1s dif\u00edcil nos paramos un momento en el filo de la cresta. Nos hacemos fotos del recorrido realizado (el que queda visible desde la Creu d\u2019En Barniquel) y apreciamos la parte afilada de la cresta horizontal casi escondida con tanto bosque y pinos, pero visible al fin y al cabo. El paisaje y el recorrido por la cresta es fenomenal, vertical. Estamos arriba de uno de los dos promontorios que ve\u00edamos desde la Creu d\u2019En Barniquel, pasadas las paredes y trepadas. Mirando hacia lo que nos queda de ascenso, ya vemos claramente la cima del Gra de Fajol Petit\u2026 a\u00fan queda lejos, eso parece, despu\u00e9s de todo el tiempo que llevamos subiendo; pero al final no es tanto.<\/p>\n<div id=\"attachment_52127\" style=\"width: 1810px\" class=\"wp-caption aligncenter\"><a class=\"dt-pswp-item\" href=\"https:\/\/www.monta\u00f1asdelaluna.es\/wp-content\/uploads\/2022\/06\/P6191296.jpg\" data-dt-img-description=\"\" data-large_image_width=\"1800\" data-large_image_height=\"1202\"><img loading=\"lazy\" decoding=\"async\" aria-describedby=\"caption-attachment-52127\" class=\"wp-image-52127 \" src=\"https:\/\/www.monta\u00f1asdelaluna.es\/wp-content\/uploads\/2022\/06\/P6191296-1024x684.jpg\" alt=\"Atr\u00e1s queda la Creu d'en Barniquell, su cresta, en el seguimiento de la subida de la cresta hacia la cima del Gra de Fajol Petit\" width=\"822\" height=\"549\" srcset=\"https:\/\/www.monta\u00f1asdelaluna.es\/wp-content\/uploads\/2022\/06\/P6191296-1024x684.jpg 1024w, https:\/\/www.monta\u00f1asdelaluna.es\/wp-content\/uploads\/2022\/06\/P6191296-300x200.jpg 300w, https:\/\/www.monta\u00f1asdelaluna.es\/wp-content\/uploads\/2022\/06\/P6191296-768x513.jpg 768w, https:\/\/www.monta\u00f1asdelaluna.es\/wp-content\/uploads\/2022\/06\/P6191296-1536x1026.jpg 1536w, https:\/\/www.monta\u00f1asdelaluna.es\/wp-content\/uploads\/2022\/06\/P6191296.jpg 1800w\" sizes=\"auto, (max-width: 822px) 100vw, 822px\" \/><\/a><p id=\"caption-attachment-52127\" class=\"wp-caption-text\">Atr\u00e1s queda la Creu d&#8217;en Barniquell, su cresta, en el seguimiento de la subida de la cresta hacia la cima del Gra de Fajol Petit<\/p><\/div>\n<div id=\"attachment_52128\" style=\"width: 1810px\" class=\"wp-caption aligncenter\"><a class=\"dt-pswp-item\" href=\"https:\/\/www.monta\u00f1asdelaluna.es\/wp-content\/uploads\/2022\/06\/P6191299.jpg\" data-dt-img-description=\"\" data-large_image_width=\"1800\" data-large_image_height=\"1202\"><img loading=\"lazy\" decoding=\"async\" aria-describedby=\"caption-attachment-52128\" class=\"wp-image-52128 \" src=\"https:\/\/www.monta\u00f1asdelaluna.es\/wp-content\/uploads\/2022\/06\/P6191299-1024x684.jpg\" alt=\"Pau en la cresta f\u00e1cil en busca de la cima del Gra de Fajol Petit\" width=\"820\" height=\"548\" srcset=\"https:\/\/www.monta\u00f1asdelaluna.es\/wp-content\/uploads\/2022\/06\/P6191299-1024x684.jpg 1024w, https:\/\/www.monta\u00f1asdelaluna.es\/wp-content\/uploads\/2022\/06\/P6191299-300x200.jpg 300w, https:\/\/www.monta\u00f1asdelaluna.es\/wp-content\/uploads\/2022\/06\/P6191299-768x513.jpg 768w, https:\/\/www.monta\u00f1asdelaluna.es\/wp-content\/uploads\/2022\/06\/P6191299-1536x1026.jpg 1536w, https:\/\/www.monta\u00f1asdelaluna.es\/wp-content\/uploads\/2022\/06\/P6191299.jpg 1800w\" sizes=\"auto, (max-width: 820px) 100vw, 820px\" \/><\/a><p id=\"caption-attachment-52128\" class=\"wp-caption-text\">Pau en la cresta f\u00e1cil en busca de la cima del Gra de Fajol Petit<\/p><\/div>\n<p>Con lo que desde aqu\u00ed hacia adelante solo es caminar, ascender monte a trav\u00e9s, monta\u00f1a arriba. Ya no hay cresta, la loma rocosa cimera se convierte poco m\u00e1s adelante en una ladera empinada y larga, bastante empinada, que con otro tiempo invertido de esfuerzo, nos llevar\u00eda hasta la cima del Gra de Fajol Petit. Esta \u00faltima parte es larguita, pero al tener menos dificultad, se avanza mas r\u00e1pidamente a pesar de la distancia. Es sencillo: subir monte a trav\u00e9s monta\u00f1a arriba en busca de lo m\u00e1s alto.<\/p>\n<p>Ha hecho algunas pocas paradas para respirar y casi hacer fotos, pero al final llego a los 2.567 mts. de la cima del Gra de Fajol Petit. Son casi 1.000 metros de desnivel desde la salida donde hemos dejado el coche. Excepcional. Ya no hace tanto calor; el airecillo fresco hace que nos pongamos los cortavientos o ropa de m\u00e1s abrigo. Pau se ha retrasado un poco, raro en \u00e9l, le ha dado un peque\u00f1o mareo, esos bajones que ha veces nos dan en la monta\u00f1a por el esfuerzo o por tener un mal cuerpo ese d\u00eda. Pero al final se re\u00fane conmigo en la cima. Tambi\u00e9n coincidimos con otro grupo de padres y ni\u00f1os que han subido por lo que parece la ladera noreste (nosotros venimos por la cresta sureste). \u00c9sta es muy empinada pero no tan larga ni tan escarpada, sin ning\u00fan grado de dificultad, parece. Llegando a la cima he echado la mirada atr\u00e1s esperando ver por donde se quedaba Pau, y he observado como se quedaban all\u00e1 abajo los dos promontorios, cimitas, que quedan arriba de la \u00faltima pared con trepada y grado. Detr\u00e1s de ellas ya no se ve nada de cresta o recorrido realizado, ellas las tapan, con lo que nos dice que es una actividad o recorrido largo y esforzado.<\/p>\n<div id=\"attachment_52129\" style=\"width: 1810px\" class=\"wp-caption aligncenter\"><a class=\"dt-pswp-item\" href=\"https:\/\/www.monta\u00f1asdelaluna.es\/wp-content\/uploads\/2022\/06\/P6191301.jpg\" data-dt-img-description=\"\" data-large_image_width=\"1800\" data-large_image_height=\"1202\"><img loading=\"lazy\" decoding=\"async\" aria-describedby=\"caption-attachment-52129\" class=\"wp-image-52129 \" src=\"https:\/\/www.monta\u00f1asdelaluna.es\/wp-content\/uploads\/2022\/06\/P6191301-1024x684.jpg\" alt=\"Acaba la cresta, seguimos por el cordal en busca de la cima del Gra de Fajol Petit\" width=\"820\" height=\"548\" srcset=\"https:\/\/www.monta\u00f1asdelaluna.es\/wp-content\/uploads\/2022\/06\/P6191301-1024x684.jpg 1024w, https:\/\/www.monta\u00f1asdelaluna.es\/wp-content\/uploads\/2022\/06\/P6191301-300x200.jpg 300w, https:\/\/www.monta\u00f1asdelaluna.es\/wp-content\/uploads\/2022\/06\/P6191301-768x513.jpg 768w, https:\/\/www.monta\u00f1asdelaluna.es\/wp-content\/uploads\/2022\/06\/P6191301-1536x1026.jpg 1536w, https:\/\/www.monta\u00f1asdelaluna.es\/wp-content\/uploads\/2022\/06\/P6191301.jpg 1800w\" sizes=\"auto, (max-width: 820px) 100vw, 820px\" \/><\/a><p id=\"caption-attachment-52129\" class=\"wp-caption-text\">Acaba la cresta, seguimos por el cordal en busca de la cima del Gra de Fajol Petit<\/p><\/div>\n<div id=\"attachment_52130\" style=\"width: 1810px\" class=\"wp-caption aligncenter\"><a class=\"dt-pswp-item\" href=\"https:\/\/www.monta\u00f1asdelaluna.es\/wp-content\/uploads\/2022\/06\/P6191302.jpg\" data-dt-img-description=\"\" data-large_image_width=\"1800\" data-large_image_height=\"1202\"><img loading=\"lazy\" decoding=\"async\" aria-describedby=\"caption-attachment-52130\" class=\"wp-image-52130 \" src=\"https:\/\/www.monta\u00f1asdelaluna.es\/wp-content\/uploads\/2022\/06\/P6191302-1024x684.jpg\" alt=\"Pau llegando a la cima del Gra de Fajol Petit, a la derecha queda el cordal que acaba en la cresta sureste por la que hemos subido\" width=\"822\" height=\"549\" srcset=\"https:\/\/www.monta\u00f1asdelaluna.es\/wp-content\/uploads\/2022\/06\/P6191302-1024x684.jpg 1024w, https:\/\/www.monta\u00f1asdelaluna.es\/wp-content\/uploads\/2022\/06\/P6191302-300x200.jpg 300w, https:\/\/www.monta\u00f1asdelaluna.es\/wp-content\/uploads\/2022\/06\/P6191302-768x513.jpg 768w, https:\/\/www.monta\u00f1asdelaluna.es\/wp-content\/uploads\/2022\/06\/P6191302-1536x1026.jpg 1536w, https:\/\/www.monta\u00f1asdelaluna.es\/wp-content\/uploads\/2022\/06\/P6191302.jpg 1800w\" sizes=\"auto, (max-width: 822px) 100vw, 822px\" \/><\/a><p id=\"caption-attachment-52130\" class=\"wp-caption-text\">Pau llegando a la cima del Gra de Fajol Petit, a la derecha queda el cordal que acaba en la cresta sureste por la que hemos subido<\/p><\/div>\n<p>Nos hacemos fotos de cumbre, descansamos, bebemos y comemos algo. La actividad ha ido muy bien: un ascenso muy interesante, entretenido y esforzado. Perfecto. Echamos la vista hacia el resto del circo de Ulldeter, el resto de sus monta\u00f1as, siempre admirando el paisaje de alta monta\u00f1a hacia el escarpado Gra de Fajol y el alto Bastiments, casi hermanados en una sola imagen. Espectacular.<\/p>\n<p>Pero ya es hora de bajar. Debemos volver al coche y como ya hemos tenido suficiente aventura en el ascenso, decimos bajar por el camino m\u00e1s f\u00e1cil que podamos encontrar desde la cima del Gra de Fajol Petit hasta el peque\u00f1o aparcamiento de la entrada al valle de la Coma de l\u2019Orri\u2026 el recorrido de vuelta aun ser\u00e1 larguito. No bajamos por la su ladera noreste que es por donde han subido los ni\u00f1os con sus padres, por que puede resultar algo entretenida y a la vez no la conocemos. Prefiero bajar por el camino normal conocido del Pas de l\u2019Isard en busca del Refugio de Ulldeter. Con lo que comenzamos a bajar del pico por el lado opuesto al ascendido, teniendo enfrente la fastuosa imagen del Gra de Fajol. F\u00e1cil, hasta llegar al colladito; despu\u00e9s es simplemente seguir lo descrito ya en el recorrido por el <a href=\"https:\/\/www.monta\u00f1asdelaluna.es\/?p=52088\" target=\"_blank\" rel=\"noopener\">Circo de Ulldeter<\/a>, y en <a href=\"https:\/\/www.monta\u00f1asdelaluna.es\/?p=39841\" target=\"_blank\" rel=\"noopener\">Gra de Fajol Petit por el Corredor Oriental<\/a> (invernal)\u2026 pero en lugar de llegar y pasar por la puerta del Refugio de Ulldeter, nos desviamos algo a la derecha en cuando podemos y nos encontramos la pista de esqu\u00ed, siguiendo la misma (ahora terrosa y pedregosa) hacia la derecha, abajo, hasta su final, sin seguir el G.R. o senderos marcados.<\/p>\n<div id=\"attachment_52131\" style=\"width: 1810px\" class=\"wp-caption aligncenter\"><a class=\"dt-pswp-item\" href=\"https:\/\/www.monta\u00f1asdelaluna.es\/wp-content\/uploads\/2022\/06\/P6191304.jpg\" data-dt-img-description=\"\" data-large_image_width=\"1800\" data-large_image_height=\"1202\"><img loading=\"lazy\" decoding=\"async\" aria-describedby=\"caption-attachment-52131\" class=\"wp-image-52131 \" src=\"https:\/\/www.monta\u00f1asdelaluna.es\/wp-content\/uploads\/2022\/06\/P6191304-1024x684.jpg\" alt=\"Pau llegando a la cima del Gra de Fajol Petit, 2.567 mts.\" width=\"820\" height=\"548\" srcset=\"https:\/\/www.monta\u00f1asdelaluna.es\/wp-content\/uploads\/2022\/06\/P6191304-1024x684.jpg 1024w, https:\/\/www.monta\u00f1asdelaluna.es\/wp-content\/uploads\/2022\/06\/P6191304-300x200.jpg 300w, https:\/\/www.monta\u00f1asdelaluna.es\/wp-content\/uploads\/2022\/06\/P6191304-768x513.jpg 768w, https:\/\/www.monta\u00f1asdelaluna.es\/wp-content\/uploads\/2022\/06\/P6191304-1536x1026.jpg 1536w, https:\/\/www.monta\u00f1asdelaluna.es\/wp-content\/uploads\/2022\/06\/P6191304.jpg 1800w\" sizes=\"auto, (max-width: 820px) 100vw, 820px\" \/><\/a><p id=\"caption-attachment-52131\" class=\"wp-caption-text\">Pau llegando a la cima del Gra de Fajol Petit, 2.567 mts.<\/p><\/div>\n<div id=\"attachment_52132\" style=\"width: 1810px\" class=\"wp-caption aligncenter\"><a class=\"dt-pswp-item\" href=\"https:\/\/www.monta\u00f1asdelaluna.es\/wp-content\/uploads\/2022\/06\/P6191305.jpg\" data-dt-img-description=\"\" data-large_image_width=\"1800\" data-large_image_height=\"1202\"><img loading=\"lazy\" decoding=\"async\" aria-describedby=\"caption-attachment-52132\" class=\"wp-image-52132 \" src=\"https:\/\/www.monta\u00f1asdelaluna.es\/wp-content\/uploads\/2022\/06\/P6191305-1024x684.jpg\" alt=\"Joaqu\u00edn y Pau en la cima del Gra de Fajol Petit, 2.567 mts., atr\u00e1s en el centro el Bastiments y el Gra de Fajol a la izquierda\" width=\"820\" height=\"548\" srcset=\"https:\/\/www.monta\u00f1asdelaluna.es\/wp-content\/uploads\/2022\/06\/P6191305-1024x684.jpg 1024w, https:\/\/www.monta\u00f1asdelaluna.es\/wp-content\/uploads\/2022\/06\/P6191305-300x200.jpg 300w, https:\/\/www.monta\u00f1asdelaluna.es\/wp-content\/uploads\/2022\/06\/P6191305-768x513.jpg 768w, https:\/\/www.monta\u00f1asdelaluna.es\/wp-content\/uploads\/2022\/06\/P6191305-1536x1026.jpg 1536w, https:\/\/www.monta\u00f1asdelaluna.es\/wp-content\/uploads\/2022\/06\/P6191305.jpg 1800w\" sizes=\"auto, (max-width: 820px) 100vw, 820px\" \/><\/a><p id=\"caption-attachment-52132\" class=\"wp-caption-text\">Joaqu\u00edn y Pau en la cima del Gra de Fajol Petit, 2.567 mts., atr\u00e1s en el centro el Bastiments y el Gra de Fajol a la izquierda<\/p><\/div>\n<p>La pista acaba justo en el primer aparcamiento de Vallter 2.000, el mas bajo, el de caravanas creo\u2026 donde comienzan las eses de la carreterilla, los zigzags, para subir a la estaci\u00f3n de esqu\u00ed. Y a partir de aqu\u00ed intentamos seguir alg\u00fan camino de herradura, al que poco despu\u00e9s se unen las marcas del G.R. valle abajo. No hay p\u00e9rdida. Hay que ir paralelos al R\u00edo Ter pero por el margen izquierdo del mismo, como si fu\u00e9ramos por debajo de la carreterilla asfaltada, la cual queda algo m\u00e1s arriba de la ladera en la que nos encontramos.<\/p>\n<p>Esta parte del recorrido tambi\u00e9n se hizo larga, m\u00e1s que nada por que es larguita la ruta, la vuelta al coche, y por que el camino de herradura en algunas de sus partes estaba como destrozado, lleno de piedras y desfigurado, en otras estaba bien. Pero al menos ten\u00edamos el rumor y los rincones que forma el agua cristalina, fresca y ruidosa del R\u00edo Ter en su bajada, a parte de que nadie pasaba por este lugar, por estos caminos y sendas. No hay p\u00e9rdida. Mientras bajaba y caminaba por este lugar y bajo un sol interminable, observaba la orilla contraria, la vertiente contraria del rio, del valle, intentando descubrir los perfiles de la cresta sureste del Gra de Fajol Petit, ya ascendida; ver hasta que punto era escarpada y desde que lugares se podr\u00eda apreciar su voluptuosidad. Mientras admiraba este bosque pirenaico lleno de salud, vida y verdes rincones.<\/p>\n<div id=\"attachment_52133\" style=\"width: 1810px\" class=\"wp-caption aligncenter\"><a class=\"dt-pswp-item\" href=\"https:\/\/www.monta\u00f1asdelaluna.es\/wp-content\/uploads\/2022\/06\/P6191306.jpg\" data-dt-img-description=\"\" data-large_image_width=\"1800\" data-large_image_height=\"1202\"><img loading=\"lazy\" decoding=\"async\" aria-describedby=\"caption-attachment-52133\" class=\"wp-image-52133 \" src=\"https:\/\/www.monta\u00f1asdelaluna.es\/wp-content\/uploads\/2022\/06\/P6191306-1024x684.jpg\" alt=\"Pau en la cima del Gra de Fajol Petit, 2.567 mts., atr\u00e1s a la derecha el Bastiments y el Gra de Fajol a la izquierda\" width=\"820\" height=\"548\" srcset=\"https:\/\/www.monta\u00f1asdelaluna.es\/wp-content\/uploads\/2022\/06\/P6191306-1024x684.jpg 1024w, https:\/\/www.monta\u00f1asdelaluna.es\/wp-content\/uploads\/2022\/06\/P6191306-300x200.jpg 300w, https:\/\/www.monta\u00f1asdelaluna.es\/wp-content\/uploads\/2022\/06\/P6191306-768x513.jpg 768w, https:\/\/www.monta\u00f1asdelaluna.es\/wp-content\/uploads\/2022\/06\/P6191306-1536x1026.jpg 1536w, https:\/\/www.monta\u00f1asdelaluna.es\/wp-content\/uploads\/2022\/06\/P6191306.jpg 1800w\" sizes=\"auto, (max-width: 820px) 100vw, 820px\" \/><\/a><p id=\"caption-attachment-52133\" class=\"wp-caption-text\">Pau en la cima del Gra de Fajol Petit, 2.567 mts., atr\u00e1s a la derecha el Bastiments y el Gra de Fajol a la izquierda<\/p><\/div>\n<div id=\"attachment_52134\" style=\"width: 1810px\" class=\"wp-caption aligncenter\"><a class=\"dt-pswp-item\" href=\"https:\/\/www.monta\u00f1asdelaluna.es\/wp-content\/uploads\/2022\/06\/P6191307.jpg\" data-dt-img-description=\"\" data-large_image_width=\"1800\" data-large_image_height=\"1202\"><img loading=\"lazy\" decoding=\"async\" aria-describedby=\"caption-attachment-52134\" class=\"wp-image-52134 \" src=\"https:\/\/www.monta\u00f1asdelaluna.es\/wp-content\/uploads\/2022\/06\/P6191307-1024x684.jpg\" alt=\"Bajando por el gran pedregal hacia Ulldeter, con el Pic de La Dona arriba a la izquierda y la Portella de Mentet arriba en el centro\" width=\"823\" height=\"550\" srcset=\"https:\/\/www.monta\u00f1asdelaluna.es\/wp-content\/uploads\/2022\/06\/P6191307-1024x684.jpg 1024w, https:\/\/www.monta\u00f1asdelaluna.es\/wp-content\/uploads\/2022\/06\/P6191307-300x200.jpg 300w, https:\/\/www.monta\u00f1asdelaluna.es\/wp-content\/uploads\/2022\/06\/P6191307-768x513.jpg 768w, https:\/\/www.monta\u00f1asdelaluna.es\/wp-content\/uploads\/2022\/06\/P6191307-1536x1026.jpg 1536w, https:\/\/www.monta\u00f1asdelaluna.es\/wp-content\/uploads\/2022\/06\/P6191307.jpg 1800w\" sizes=\"auto, (max-width: 823px) 100vw, 823px\" \/><\/a><p id=\"caption-attachment-52134\" class=\"wp-caption-text\">Bajando por el gran pedregal hacia Ulldeter, con el Pic de La Dona arriba a la izquierda y la Portella de Mentet arriba en el centro<\/p><\/div>\n<p>Despu\u00e9s de un tiempo algo largo, llegamos a las proximidades del parking donde dejamos el coche, donde giramos a la izquierda para cruzar el r\u00edo Ter y adentrarnos en la empinada ladera en busca de la cresta sureste del Gra de Fajol Petit. Y aqu\u00ed ya, con otro color, con otra luz, vuelvo a fotografiar de nuevo el perfil de la monta\u00f1a ascendida, como para que se me quede grabada en la memoria la actividad, la experiencia, el perfil de lo ascendido y por donde hemos subido. Realmente tiene un aspecto atrayente, desafiante, entre su bosque vertical, paredes y cortados rocosos. Precioso. Esto lo convierte en una actividad merecedora de repetirla y disfrutarla.<\/p>\n<div id=\"attachment_52135\" style=\"width: 1810px\" class=\"wp-caption aligncenter\"><a class=\"dt-pswp-item\" href=\"https:\/\/www.monta\u00f1asdelaluna.es\/wp-content\/uploads\/2022\/06\/P6191309.jpg\" data-dt-img-description=\"\" data-large_image_width=\"1800\" data-large_image_height=\"1202\"><img loading=\"lazy\" decoding=\"async\" aria-describedby=\"caption-attachment-52135\" class=\"wp-image-52135 size-full\" src=\"https:\/\/www.monta\u00f1asdelaluna.es\/wp-content\/uploads\/2022\/06\/P6191309.jpg\" alt=\"De nuevo el perfil escarpado del comienzo de la cresta sureste del Gra de Fajol Petit desde el Pla de La Molina\" width=\"1800\" height=\"1202\" srcset=\"https:\/\/www.monta\u00f1asdelaluna.es\/wp-content\/uploads\/2022\/06\/P6191309.jpg 1800w, https:\/\/www.monta\u00f1asdelaluna.es\/wp-content\/uploads\/2022\/06\/P6191309-300x200.jpg 300w, https:\/\/www.monta\u00f1asdelaluna.es\/wp-content\/uploads\/2022\/06\/P6191309-1024x684.jpg 1024w, https:\/\/www.monta\u00f1asdelaluna.es\/wp-content\/uploads\/2022\/06\/P6191309-768x513.jpg 768w, https:\/\/www.monta\u00f1asdelaluna.es\/wp-content\/uploads\/2022\/06\/P6191309-1536x1026.jpg 1536w\" sizes=\"auto, (max-width: 1800px) 100vw, 1800px\" \/><\/a><p id=\"caption-attachment-52135\" class=\"wp-caption-text\">De nuevo el perfil escarpado del comienzo de la cresta sureste del Gra de Fajol Petit desde el Pla de La Molina<\/p><\/div>\n<p>Y as\u00ed acabamos este interesante recorrido, ascenso al Gra de Fajol Petit por su cresta sureste. Con esos pasos f\u00e1ciles de trepada que le dan un toque de belleza, de emoci\u00f3n; pero es un recorrido larguito aunque no una cresta pura mantenida y seguida, con lo que por ello est\u00e1 al alcance de muchos monta\u00f1eros y excursionistas. Espectacular\u2026 espero nos sirva para la larga cresta o espol\u00f3n rocoso a superar en nuestra esperada visita a los Alpes Suizos, en el Aletschhorn.<\/p>\n<div id=\"attachment_52136\" style=\"width: 2098px\" class=\"wp-caption aligncenter\"><a class=\"dt-pswp-item\" href=\"https:\/\/www.monta\u00f1asdelaluna.es\/wp-content\/uploads\/2022\/06\/GraFajolPetitCresta.croquis.web_.jpg\" data-dt-img-description=\"\" data-large_image_width=\"2088\" data-large_image_height=\"1615\"><img loading=\"lazy\" decoding=\"async\" aria-describedby=\"caption-attachment-52136\" class=\"wp-image-52136 size-full\" src=\"https:\/\/www.monta\u00f1asdelaluna.es\/wp-content\/uploads\/2022\/06\/GraFajolPetitCresta.croquis.web_.jpg\" alt=\"Croquis del recorrido por la cresta sureste del Gra de Fajol Petit. PUNTOS ROJOS: pasos de I\u00ba+, II\u00ba. LINEA AMARILLA: Cresta horizontal de II\u00ba+ a III\u00ba.\" width=\"2088\" height=\"1615\" srcset=\"https:\/\/www.monta\u00f1asdelaluna.es\/wp-content\/uploads\/2022\/06\/GraFajolPetitCresta.croquis.web_.jpg 2088w, https:\/\/www.monta\u00f1asdelaluna.es\/wp-content\/uploads\/2022\/06\/GraFajolPetitCresta.croquis.web_-300x232.jpg 300w, https:\/\/www.monta\u00f1asdelaluna.es\/wp-content\/uploads\/2022\/06\/GraFajolPetitCresta.croquis.web_-1024x792.jpg 1024w, https:\/\/www.monta\u00f1asdelaluna.es\/wp-content\/uploads\/2022\/06\/GraFajolPetitCresta.croquis.web_-768x594.jpg 768w, https:\/\/www.monta\u00f1asdelaluna.es\/wp-content\/uploads\/2022\/06\/GraFajolPetitCresta.croquis.web_-1536x1188.jpg 1536w, https:\/\/www.monta\u00f1asdelaluna.es\/wp-content\/uploads\/2022\/06\/GraFajolPetitCresta.croquis.web_-2048x1584.jpg 2048w\" sizes=\"auto, (max-width: 2088px) 100vw, 2088px\" \/><\/a><p id=\"caption-attachment-52136\" class=\"wp-caption-text\">Croquis del recorrido por la cresta sureste del Gra de Fajol Petit. PUNTOS ROJOS: pasos de I\u00ba+, II\u00ba. LINEA AMARILLA: Cresta horizontal de II\u00ba+ a III\u00ba.<\/p><\/div>\n<p>[\/vc_column_text][\/vc_column][\/vc_row][vc_row][vc_column][vc_empty_space height=\u00bb60px\u00bb][\/vc_column][\/vc_row][vc_row][vc_column][vc_cta h2=\u00bb\u00c1lbum de fotos\u00bb txt_align=\u00bbcenter\u00bb add_button=\u00bbbottom\u00bb btn_title=\u00bbVer fotos\u00bb btn_color=\u00bbwarning\u00bb btn_align=\u00bbcenter\u00bb btn_link=\u00bburl:https%3A%2F%2Fwww.monta%C3%B1asdelaluna.es%2F%3Fdt_gallery%3Dcresta-sureste-del-gra-de-fajol-petit|title:Pic%20de%20Dalt%20de%20Coma%20Mitjana%20(2.752%20mts.)|target:_blank\u00bb css=\u00bb.vc_custom_1688321478349{background-color: #8bc4ed !important;}\u00bb]Puedes ver todas las fotos del relato y actividad en forma de presentaci\u00f3n o individuales pinchando aqui \u00a1No te las pierdas![\/vc_cta][\/vc_column][\/vc_row][vc_row][vc_column][vc_empty_space height=\u00bb60px\u00bb][\/vc_column][\/vc_row][vc_row][vc_column width=\u00bb1\/3&#8243;][\/vc_column][vc_column width=\u00bb1\/2&#8243;][vc_column_text]Tiempo en Gra de Fajol petit[\/vc_column_text][vc_raw_html]JTNDaWZyYW1lJTIwc3JjJTNEJTIyaHR0cHMlM0ElMkYlMkZ3d3cubWV0ZW9ibHVlLmNvbSUyRmVzJTJGdGllbXBvJTJGd2lkZ2V0JTJGZGFpbHklMkY0Mi40MTNOMi4yNkUyNDg1X0V1cm9wZSUyNTJGTWFkcmlkJTNGZ2VvbG9jJTNEZml4ZWQlMjZkYXlzJTNENyUyNnRlbXB1bml0JTNEQ0VMU0lVUyUyNndpbmR1bml0JTNES0lMT01FVEVSX1BFUl9IT1VSJTI2cHJlY2lwdW5pdCUzRE1JTExJTUVURVIlMjZjb2xvdXJlZCUzRGNvbG91cmVkJTI2cGljdG9pY29uJTNEMCUyNnBpY3RvaWNvbiUzRDElMjZtYXh0ZW1wZXJhdHVyZSUzRDAlMjZtYXh0ZW1wZXJhdHVyZSUzRDElMjZtaW50ZW1wZXJhdHVyZSUzRDAlMjZtaW50ZW1wZXJhdHVyZSUzRDElMjZ3aW5kc3BlZWQlM0QwJTI2d2luZHNwZWVkJTNEMSUyNndpbmRndXN0JTNEMCUyNndpbmRndXN0JTNEMSUyNndpbmRkaXJlY3Rpb24lM0QwJTI2d2luZGRpcmVjdGlvbiUzRDElMjZ1diUzRDAlMjZodW1pZGl0eSUzRDAlMjZwcmVjaXBpdGF0aW9uJTNEMCUyNnByZWNpcGl0YXRpb24lM0QxJTI2cHJlY2lwaXRhdGlvbnByb2JhYmlsaXR5JTNEMCUyNnByZWNpcGl0YXRpb25wcm9iYWJpbGl0eSUzRDElMjZzcG90JTNEMCUyNnNwb3QlM0QxJTI2cHJlc3N1cmUlM0QwJTI2cHJlc3N1cmUlM0QxJTI2bGF5b3V0JTNEbGlnaHQlMjIlMjAlMjBmcmFtZWJvcmRlciUzRCUyMjAlMjIlMjBzY3JvbGxpbmclM0QlMjJOTyUyMiUyMGFsbG93dHJhbnNwYXJlbmN5JTNEJTIydHJ1ZSUyMiUyMHNhbmRib3glM0QlMjJhbGxvdy1zYW1lLW9yaWdpbiUyMGFsbG93LXNjcmlwdHMlMjBhbGxvdy1wb3B1cHMlMjBhbGxvdy1wb3B1cHMtdG8tZXNjYXBlLXNhbmRib3glMjIlMjBzdHlsZSUzRCUyMndpZHRoJTNBJTIwMzc4cHglM0IlMjBoZWlnaHQlM0ElMjA0MjBweCUyMiUzRSUzQyUyRmlmcmFtZSUzRSUzQ2RpdiUzRSUzQyUyMS0tJTIwRE8lMjBOT1QlMjBSRU1PVkUlMjBUSElTJTIwTElOSyUyMC0tJTNFJTNDYSUyMGhyZWYlM0QlMjJodHRwcyUzQSUyRiUyRnd3dy5tZXRlb2JsdWUuY29tJTJGZXMlMkZ0aWVtcG8lMkZzZW1hbmElMkY0Mi40MTNOMi4yNkUyNDg1X0V1cm9wZSUyNTJGTWFkcmlkJTNGdXRtX3NvdXJjZSUzRHdlYXRoZXJfd2lkZ2V0JTI2dXRtX21lZGl1bSUzRGxpbmt1cyUyNnV0bV9jb250ZW50JTNEZGFpbHklMjZ1dG1fY2FtcGFpZ24lM0RXZWF0aGVyJTI1MkJXaWRnZXQlMjIlMjB0YXJnZXQlM0QlMjJfYmxhbmslMjIlMjByZWwlM0QlMjJub29wZW5lciUyMiUzRW1ldGVvYmx1ZSUzQyUyRmElM0UlM0MlMkZkaXYlM0U=[\/vc_raw_html][\/vc_column][vc_column width=\u00bb1\/5&#8243;][\/vc_column][\/vc_row]<\/p>\n","protected":false},"excerpt":{"rendered":"<p>[vc_row][vc_column][vc_column_text]Una vez suspendida o aplazada la Expedici\u00f3n a Per\u00fa, ten\u00eda que organizar otro viaje, otra actividad in extremis para este verano, para julio como muy tarde. Y al final pude convencer a Manolet y a Pau para ir a los Alpes Suizos para intentar ascender el Aletschhorn y recorrernos el Glaciar Aletsch de nuevo. El&hellip;<\/p>\n","protected":false},"author":1,"featured_media":52114,"comment_status":"open","ping_status":"open","sticky":false,"template":"","format":"standard","meta":[],"categories":[129],"tags":[],"class_list":["post-52113","post","type-post","status-publish","format-standard","has-post-thumbnail","hentry","category-pirineo-oriental","category-129","description-off"],"_links":{"self":[{"href":"https:\/\/www.monta\u00f1asdelaluna.es\/index.php?rest_route=\/wp\/v2\/posts\/52113","targetHints":{"allow":["GET"]}}],"collection":[{"href":"https:\/\/www.monta\u00f1asdelaluna.es\/index.php?rest_route=\/wp\/v2\/posts"}],"about":[{"href":"https:\/\/www.monta\u00f1asdelaluna.es\/index.php?rest_route=\/wp\/v2\/types\/post"}],"author":[{"embeddable":true,"href":"https:\/\/www.monta\u00f1asdelaluna.es\/index.php?rest_route=\/wp\/v2\/users\/1"}],"replies":[{"embeddable":true,"href":"https:\/\/www.monta\u00f1asdelaluna.es\/index.php?rest_route=%2Fwp%2Fv2%2Fcomments&post=52113"}],"version-history":[{"count":4,"href":"https:\/\/www.monta\u00f1asdelaluna.es\/index.php?rest_route=\/wp\/v2\/posts\/52113\/revisions"}],"predecessor-version":[{"id":52139,"href":"https:\/\/www.monta\u00f1asdelaluna.es\/index.php?rest_route=\/wp\/v2\/posts\/52113\/revisions\/52139"}],"wp:featuredmedia":[{"embeddable":true,"href":"https:\/\/www.monta\u00f1asdelaluna.es\/index.php?rest_route=\/wp\/v2\/media\/52114"}],"wp:attachment":[{"href":"https:\/\/www.monta\u00f1asdelaluna.es\/index.php?rest_route=%2Fwp%2Fv2%2Fmedia&parent=52113"}],"wp:term":[{"taxonomy":"category","embeddable":true,"href":"https:\/\/www.monta\u00f1asdelaluna.es\/index.php?rest_route=%2Fwp%2Fv2%2Fcategories&post=52113"},{"taxonomy":"post_tag","embeddable":true,"href":"https:\/\/www.monta\u00f1asdelaluna.es\/index.php?rest_route=%2Fwp%2Fv2%2Ftags&post=52113"}],"curies":[{"name":"wp","href":"https:\/\/api.w.org\/{rel}","templated":true}]}}