{"id":52630,"date":"2024-10-12T17:35:42","date_gmt":"2024-10-12T17:35:42","guid":{"rendered":"https:\/\/www.monta\u00f1asdelaluna.es\/?p=52630"},"modified":"2026-02-04T10:05:29","modified_gmt":"2026-02-04T10:05:29","slug":"12-de-octubre-sabado-dhole-4-020-mts-machhermo-4-390-mts","status":"publish","type":"post","link":"https:\/\/www.monta\u00f1asdelaluna.es\/?p=52630","title":{"rendered":"12 de octubre, s\u00e1bado: Dhole (4.020 mts.)-Machhermo (4.390 mts.)"},"content":{"rendered":"<p>[vc_row][vc_column][vc_column_text]<em>La marcha de hoy ser\u00eda corta si no tuvi\u00e9ramos que ir tan lentos, ya que las poblaciones o lugares a los que vamos est\u00e1n relativamente cerca, pero es bueno ir lentos y corta distancia para aclimatar, y solo subimos 370 mts.<\/em><\/p>\n<p><em>El d\u00eda amanece sin nubes, que es la nota predominante cada d\u00eda, a mitad de ma\u00f1ana o mediod\u00eda, comienzan a subir las t\u00edpicas nubes de alta monta\u00f1a por el valle, ladera, y finalmente cimas para taparlo todo. <\/em>Las nubes o mal tiempo ven\u00edan del sur de la parte baja de los valles y monta\u00f1as de la cordillera. Cuando aqu\u00ed arriba llegaban, podr\u00eda ser que en otros sitios como Lukla, Namche Bazar, podr\u00eda estar lloviendo, o estar muy nublado, desde casi primera hora de la ma\u00f1ana. Por ello tanto tiempo sin poder volar las avionetas hasta el aeropuerto de Lukla, y tanta gente acumul\u00e1ndose en Ramechhap para poder volar a Lukla alg\u00fan d\u00eda\u2026 despu\u00e9s todos saldr\u00e1n de golpe. El camino segu\u00eda la ladera f\u00e1cil siguiendo los perfiles de la misma, casi sin apreciarse la subida.<\/p>\n<div id=\"attachment_52640\" style=\"width: 1330px\" class=\"wp-caption aligncenter\"><a class=\"dt-pswp-item\" href=\"https:\/\/www.monta\u00f1asdelaluna.es\/wp-content\/uploads\/2024\/10\/PA124582.jpg\" data-dt-img-description=\"\" data-large_image_width=\"1320\" data-large_image_height=\"882\"><img loading=\"lazy\" decoding=\"async\" aria-describedby=\"caption-attachment-52640\" class=\"wp-image-52640 size-full\" src=\"https:\/\/www.monta\u00f1asdelaluna.es\/wp-content\/uploads\/2024\/10\/PA124582.jpg\" alt=\"Dhole, 4.020 mts., al fondo el Khumuche Imal con el pico Phuletate (5.597 mts.) en el m\u00e1s alto\" width=\"1320\" height=\"882\" srcset=\"https:\/\/www.monta\u00f1asdelaluna.es\/wp-content\/uploads\/2024\/10\/PA124582.jpg 1320w, https:\/\/www.monta\u00f1asdelaluna.es\/wp-content\/uploads\/2024\/10\/PA124582-300x200.jpg 300w, https:\/\/www.monta\u00f1asdelaluna.es\/wp-content\/uploads\/2024\/10\/PA124582-1024x684.jpg 1024w, https:\/\/www.monta\u00f1asdelaluna.es\/wp-content\/uploads\/2024\/10\/PA124582-768x513.jpg 768w\" sizes=\"auto, (max-width: 1320px) 100vw, 1320px\" \/><\/a><p id=\"caption-attachment-52640\" class=\"wp-caption-text\">Dhole, 4.020 mts., al fondo el Khumuche Imal con el pico Phuletate (5.597 mts.) en el m\u00e1s alto<\/p><\/div>\n<div id=\"attachment_52489\" style=\"width: 1330px\" class=\"wp-caption aligncenter\"><a class=\"dt-pswp-item\" href=\"https:\/\/www.monta\u00f1asdelaluna.es\/wp-content\/uploads\/2026\/01\/PA124592.jpg\" data-dt-img-description=\"\" data-large_image_width=\"1320\" data-large_image_height=\"882\"><img loading=\"lazy\" decoding=\"async\" aria-describedby=\"caption-attachment-52489\" class=\"wp-image-52489 size-full\" src=\"https:\/\/www.monta\u00f1asdelaluna.es\/wp-content\/uploads\/2026\/01\/PA124592.jpg\" alt=\"Delante Dhole, 4.020 mts., al fondo a la izquierda el Kantega (6.783 mts.) y a la derecha el Thamserku (6.618 mts.)\" width=\"1320\" height=\"882\" srcset=\"https:\/\/www.monta\u00f1asdelaluna.es\/wp-content\/uploads\/2026\/01\/PA124592.jpg 1320w, https:\/\/www.monta\u00f1asdelaluna.es\/wp-content\/uploads\/2026\/01\/PA124592-300x200.jpg 300w, https:\/\/www.monta\u00f1asdelaluna.es\/wp-content\/uploads\/2026\/01\/PA124592-1024x684.jpg 1024w, https:\/\/www.monta\u00f1asdelaluna.es\/wp-content\/uploads\/2026\/01\/PA124592-768x513.jpg 768w\" sizes=\"auto, (max-width: 1320px) 100vw, 1320px\" \/><\/a><p id=\"caption-attachment-52489\" class=\"wp-caption-text\">Delante Dhole, 4.020 mts., al fondo a la izquierda el Kantega (6.783 mts.) y a la derecha el Thamserku (6.618 mts.)<\/p><\/div>\n<p><em>Ahora a nuestra espalda quedan 2 gigantes que nos llaman la atenci\u00f3n y que ve\u00edamos desde Namche Bazar, el sagrado Thamserku y su hermano y pegado Kantega, de m\u00e1s de seismil seiscientos metros cada uno. Impresionante. Precioso. Fotos y m\u00e1s fotos\u2026 a medida que vayamos subiendo valle arriba, los iremos perdiendo de vista, pero tendremos otros a nuestra izquierda, m\u00e1s bajos pero muy escarpados y alpinos, que tambi\u00e9n nos llamar\u00e1n la atenci\u00f3n. Seg\u00fan Prem estas monta\u00f1as \u201cson colinas\u201d, (no tienen nombre) son cinco miles\u2026 en el Himalaya muchos picos de cinco mil metros no tienen nombre, importancia\u2026 extraordinario.<\/em><\/p>\n<p>La ruta, como ya he indicado, sigue todo lo largo del valle del rio Dudh Koshi Nadi, hasta, que m\u00e1s arriba es el mismo valle del Glaciar Ngozumba, con sendas cordilleras o cadenas monta\u00f1osas a cada lado con pasos de m\u00e1s de cinco mil metros y picos de m\u00e1s de seis mil metros. Impresionante. Es un valle ancho y profundo, ya que el agua del rio, como es caracter\u00edstico, ha erosionado y profundizado el fondo; pero m\u00e1s llano o plano, cuando tiene el nombrado glaciar encima, glaciar que nace, como ya he descrito, en las extensas y heladas pendientes sur del alto y amplio Cho Oyu, y los siente miles que los rodea, formando un formidable circo impresionante, el inicio del valle. A la derecha, seg\u00fan avanzamos por el valle, quedar\u00e1n dos formidables picos como el Tabuche y el Cholatse, y a la izquierda la cresta del Khumuche Himal, con algunos otros seis miles que se ir\u00e1n nombrando a la medida que los vamos descubriendo mientras ascendemos por el valle. Y en frente, al fondo del valle, el nombrado Cho Oyu, que se ir\u00e1 descubriendo y viendo cada vez m\u00e1s cerca, m\u00e1s altivo, m\u00e1s enorme, a medida que subimos por el valle\u2026 hasta llegar a Gokyo. Es un paisaje, y un lugar que te empeque\u00f1ece, te sientes diminuto, ante tanta majestuosidad, inmensidad, es el verdadero Rey del Mundo.<\/p>\n<div id=\"attachment_52641\" style=\"width: 1330px\" class=\"wp-caption aligncenter\"><a class=\"dt-pswp-item\" href=\"https:\/\/www.monta\u00f1asdelaluna.es\/wp-content\/uploads\/2024\/10\/PA124619.jpg\" data-dt-img-description=\"\" data-large_image_width=\"1320\" data-large_image_height=\"882\"><img loading=\"lazy\" decoding=\"async\" aria-describedby=\"caption-attachment-52641\" class=\"wp-image-52641 size-full\" src=\"https:\/\/www.monta\u00f1asdelaluna.es\/wp-content\/uploads\/2024\/10\/PA124619.jpg\" alt=\"Camino de Machhermo, pasamos por Lhabarma, 4.330 mts. Detr\u00e1s las monta\u00f1as de Khumuche Himal\" width=\"1320\" height=\"882\" srcset=\"https:\/\/www.monta\u00f1asdelaluna.es\/wp-content\/uploads\/2024\/10\/PA124619.jpg 1320w, https:\/\/www.monta\u00f1asdelaluna.es\/wp-content\/uploads\/2024\/10\/PA124619-300x200.jpg 300w, https:\/\/www.monta\u00f1asdelaluna.es\/wp-content\/uploads\/2024\/10\/PA124619-1024x684.jpg 1024w, https:\/\/www.monta\u00f1asdelaluna.es\/wp-content\/uploads\/2024\/10\/PA124619-768x513.jpg 768w\" sizes=\"auto, (max-width: 1320px) 100vw, 1320px\" \/><\/a><p id=\"caption-attachment-52641\" class=\"wp-caption-text\">Camino de Machhermo, pasamos por Lhabarma, 4.330 mts. Detr\u00e1s las monta\u00f1as de Khumuche Himal<\/p><\/div>\n<div id=\"attachment_52642\" style=\"width: 1330px\" class=\"wp-caption aligncenter\"><a class=\"dt-pswp-item\" href=\"https:\/\/www.monta\u00f1asdelaluna.es\/wp-content\/uploads\/2024\/10\/PA124627.jpg\" data-dt-img-description=\"\" data-large_image_width=\"1320\" data-large_image_height=\"882\"><img loading=\"lazy\" decoding=\"async\" aria-describedby=\"caption-attachment-52642\" class=\"wp-image-52642 size-full\" src=\"https:\/\/www.monta\u00f1asdelaluna.es\/wp-content\/uploads\/2024\/10\/PA124627.jpg\" alt=\"Camino de Machhermo atr\u00e1s quedan, en el centro izquierda el Kantega (6.783 mts.) y en el centro derecha el Thamserku (6.618 mts.), bajo \u00e9stos Phortse, y el camino recorrido entre Dhole y Machhermo\" width=\"1320\" height=\"882\" srcset=\"https:\/\/www.monta\u00f1asdelaluna.es\/wp-content\/uploads\/2024\/10\/PA124627.jpg 1320w, https:\/\/www.monta\u00f1asdelaluna.es\/wp-content\/uploads\/2024\/10\/PA124627-300x200.jpg 300w, https:\/\/www.monta\u00f1asdelaluna.es\/wp-content\/uploads\/2024\/10\/PA124627-1024x684.jpg 1024w, https:\/\/www.monta\u00f1asdelaluna.es\/wp-content\/uploads\/2024\/10\/PA124627-768x513.jpg 768w\" sizes=\"auto, (max-width: 1320px) 100vw, 1320px\" \/><\/a><p id=\"caption-attachment-52642\" class=\"wp-caption-text\">Camino de Machhermo atr\u00e1s quedan, en el centro izquierda el Kantega (6.783 mts.) y en el centro derecha el Thamserku (6.618 mts.), bajo \u00e9stos Phortse, y el camino recorrido entre Dhole y Machhermo<\/p><\/div>\n<p>Desde Espa\u00f1a le dec\u00eda a Luis que le dijera a Mikel que nos proporcionara un mapa del lugar por donde fu\u00e9ramos a hacer el trekking, para que, como dec\u00eda Manolet, identificar y nombrar todas aquellas monta\u00f1as y rincones que admiramos y observamos a medida que seguimos el trekking. Y en Katmand\u00fa nos dieron el mapa, pero era un mapa de una escala muy grande, as\u00ed que me propuse buscar otro mapa con una escala m\u00e1s peque\u00f1a, con m\u00e1s detalle. Y en Namche Bazar compr\u00e9 uno con las caracter\u00edsticas que buscaba (que hay tiendas con todo, hasta un cajero autom\u00e1tico), y al final acab\u00e9 con otro mapa m\u00e1s que compr\u00e9 igual, o a la vuelta en Namche Bazar o en Katmand\u00fa, con lo que al final iba con 3 mapas, dos de ellos con la escala de 1:50.000 y otro 1:60.000, aunque a veces te hacen dudar las altitudes que salen marcadas de las monta\u00f1as, pasos, pueblos, lugares\u2026 y tienes que verificarlo con otros mapas e informaci\u00f3n. Pero me vinieron muy bien. Estoy muy contento con estas compras e informaci\u00f3n. Sin embargo Luis dice que se baja los mapas al m\u00f3vil o dispositivos electr\u00f3nicos, de plataformas, aplicaciones, comprados, con mucho detalle y con la escala que quieras ya que amplias y reduces seg\u00fan tu conveniencia\u2026 intento modernizarme, pero al final, es que soy muy cl\u00e1sico.<\/p>\n<p><em>Solo un nombre sale en el mapa (que finalmente compr\u00e9 en Namche Bazar) Phuletate, 5.597 mts. entre toda la gigantesca hilera de picos, agujas, paredes, espolones\u2026 que nos quedan a la izquierda. Impresionante.<\/em><\/p>\n<div id=\"attachment_52643\" style=\"width: 1330px\" class=\"wp-caption aligncenter\"><a class=\"dt-pswp-item\" href=\"https:\/\/www.monta\u00f1asdelaluna.es\/wp-content\/uploads\/2024\/10\/PA124631.jpg\" data-dt-img-description=\"\" data-large_image_width=\"1320\" data-large_image_height=\"882\"><img loading=\"lazy\" decoding=\"async\" aria-describedby=\"caption-attachment-52643\" class=\"wp-image-52643 size-full\" src=\"https:\/\/www.monta\u00f1asdelaluna.es\/wp-content\/uploads\/2024\/10\/PA124631.jpg\" alt=\"Camino de Machhermo, arriba el Kyajo Ri (6.186 mts.) \" width=\"1320\" height=\"882\" srcset=\"https:\/\/www.monta\u00f1asdelaluna.es\/wp-content\/uploads\/2024\/10\/PA124631.jpg 1320w, https:\/\/www.monta\u00f1asdelaluna.es\/wp-content\/uploads\/2024\/10\/PA124631-300x200.jpg 300w, https:\/\/www.monta\u00f1asdelaluna.es\/wp-content\/uploads\/2024\/10\/PA124631-1024x684.jpg 1024w, https:\/\/www.monta\u00f1asdelaluna.es\/wp-content\/uploads\/2024\/10\/PA124631-768x513.jpg 768w\" sizes=\"auto, (max-width: 1320px) 100vw, 1320px\" \/><\/a><p id=\"caption-attachment-52643\" class=\"wp-caption-text\">Camino de Machhermo, arriba el Kyajo Ri (6.186 mts.)<\/p><\/div>\n<div id=\"attachment_52644\" style=\"width: 1330px\" class=\"wp-caption aligncenter\"><a class=\"dt-pswp-item\" href=\"https:\/\/www.monta\u00f1asdelaluna.es\/wp-content\/uploads\/2024\/10\/PA124642.jpg\" data-dt-img-description=\"\" data-large_image_width=\"1320\" data-large_image_height=\"882\"><img loading=\"lazy\" decoding=\"async\" aria-describedby=\"caption-attachment-52644\" class=\"wp-image-52644 size-full\" src=\"https:\/\/www.monta\u00f1asdelaluna.es\/wp-content\/uploads\/2024\/10\/PA124642.jpg\" alt=\"De izquierda a derecha Prem, Luis, Dolors y Jordi camino de Machhermo con el CHo Oyu al fondo\" width=\"1320\" height=\"882\" srcset=\"https:\/\/www.monta\u00f1asdelaluna.es\/wp-content\/uploads\/2024\/10\/PA124642.jpg 1320w, https:\/\/www.monta\u00f1asdelaluna.es\/wp-content\/uploads\/2024\/10\/PA124642-300x200.jpg 300w, https:\/\/www.monta\u00f1asdelaluna.es\/wp-content\/uploads\/2024\/10\/PA124642-1024x684.jpg 1024w, https:\/\/www.monta\u00f1asdelaluna.es\/wp-content\/uploads\/2024\/10\/PA124642-768x513.jpg 768w\" sizes=\"auto, (max-width: 1320px) 100vw, 1320px\" \/><\/a><p id=\"caption-attachment-52644\" class=\"wp-caption-text\">De izquierda a derecha Prem, Luis, Dolors y Jordi camino de Machhermo con el CHo Oyu al fondo<\/p><\/div>\n<p><em>Mientras caminamos lentamente observamos en un rinc\u00f3n o curva del ancho camino una lejana y gigantesca monta\u00f1a al fondo del valle. Es el Cho Oyu, el cual lo vemos casi igual de lejos que vemos al Lhotse en el camino a Mong. Pero nos hacemos una idea y nos maravillamos con la idea de volver a ver otro ochomil. Magn\u00edfico. <\/em>Ayer, Prem ya me ense\u00f1\u00f3 el Cho Oyu, pero en la etapa de hoy, como vamos en direcci\u00f3n a \u00e9l, lo vemos mejor y a cada paso m\u00e1s cerca, ya casi lo puedo describir\u2026<\/p>\n<p><em>El d\u00eda se mantiene. Al fondo izquierda descubrimos otra gran monta\u00f1a muy picuda con nieve y glaciares, pero no acierto a saber ahora que monta\u00f1a es. Con nosotros hay otros grupos que sobre todo suben, al menos en direcci\u00f3n Gokyo. Seguramente la monta\u00f1a picuda de la izquierda era otro seismil, el Kyajo Ri de 6.186 mts. Y exactamente en esta etapa comprobamos como en el camino, en el recorrido, nos topamos con muchos grupos m\u00e1s, muchos, se queda corto, me quedo impresionado y sorprendido con la cantidad de gente que hace este trekking, y mucho m\u00e1s con los que hacen otros recorridos y coinciden en estos lodges, en los caminos, rutas. Es una verdadera romer\u00eda.<\/em>[\/vc_column_text][\/vc_column][\/vc_row][vc_row][vc_column][vc_empty_space height=\u00bb60px\u00bb][\/vc_column][\/vc_row][vc_row][vc_column][vc_raw_html]JTNDZGl2JTIwc3R5bGUlM0QlMjJwYWRkaW5nJTNBNTYuMjUlMjUlMjAwJTIwMCUyMDAlM0Jwb3NpdGlvbiUzQXJlbGF0aXZlJTNCJTIyJTNFJTNDaWZyYW1lJTIwc3JjJTNEJTIyaHR0cHMlM0ElMkYlMkZwbGF5ZXIudmltZW8uY29tJTJGdmlkZW8lMkYxMTUxMjU1NjgwJTNGdGl0bGUlM0QwJTI2YW1wJTNCYnlsaW5lJTNEMCUyNmFtcCUzQnBvcnRyYWl0JTNEMCUyNmFtcCUzQmJhZGdlJTNEMCUyNmFtcCUzQmF1dG9wYXVzZSUzRDAlMjZhbXAlM0JwbGF5ZXJfaWQlM0QwJTI2YW1wJTNCYXBwX2lkJTNENTg0NzklMjIlMjBmcmFtZWJvcmRlciUzRCUyMjAlMjIlMjBhbGxvdyUzRCUyMmF1dG9wbGF5JTNCJTIwZnVsbHNjcmVlbiUzQiUyMHBpY3R1cmUtaW4tcGljdHVyZSUzQiUyMGNsaXBib2FyZC13cml0ZSUzQiUyMGVuY3J5cHRlZC1tZWRpYSUzQiUyMHdlYi1zaGFyZSUyMiUyMHJlZmVycmVycG9saWN5JTNEJTIyc3RyaWN0LW9yaWdpbi13aGVuLWNyb3NzLW9yaWdpbiUyMiUyMHN0eWxlJTNEJTIycG9zaXRpb24lM0FhYnNvbHV0ZSUzQnRvcCUzQTAlM0JsZWZ0JTNBMCUzQndpZHRoJTNBMTAwJTI1JTNCaGVpZ2h0JTNBMTAwJTI1JTNCJTIyJTIwdGl0bGUlM0QlMjJDYW1pbm8lMjBkZSUyME1hY2hoZXJtbyUyMiUzRSUzQyUyRmlmcmFtZSUzRSUzQyUyRmRpdiUzRSUzQ3NjcmlwdCUyMHNyYyUzRCUyMmh0dHBzJTNBJTJGJTJGcGxheWVyLnZpbWVvLmNvbSUyRmFwaSUyRnBsYXllci5qcyUyMiUzRSUzQyUyRnNjcmlwdCUzRQ==[\/vc_raw_html][\/vc_column][\/vc_row][vc_row][vc_column][vc_empty_space height=\u00bb60px\u00bb][\/vc_column][\/vc_row][vc_row][vc_column][vc_column_text]<em>Pasamos por algunos grupos de casas con muros de piedra y suelo de verde hierba, muy bonito, es Luza (4.320 mts.) cerca ya de Machhermo. Antes hemos pasado por Kele, <\/em>Lhabarma<em>. <\/em>El paisaje y vistas hacia la monta\u00f1a bajo Kele es espectacular, es la cresta o cordal de Khumuche Himal, muy alpino y agreste, como ya he nombrado.<\/p>\n<p><em>Despu\u00e9s de una peque\u00f1a subida por el ameno camino llegamos a Machhermo (4.390 mts.), bajando de una colina, ya que el grupo de lodges se encuentra metido en un barranco entre dos colinas que bajan de un pico (ahora invisible por la niebla) que supera los seismil metros (cincomil) y tiene el nombre del lugar, Machhermo. <\/em>Los numerosos grupos se paran justo antes de bajar a los lodges de Machhermo, se hacen fotos con el paisaje, con las incre\u00edbles vistas hacia todas las monta\u00f1as de m\u00e1s de seismil metros, cinco mil metros, que nos rodean, y con el fondo hacia aquel alto y lejano macizo blanco, impoluto de hielos, glaciares y nieve, que por la distancia y su envergadura, es enorme, gigante, la impresionante muralla del Cho Oyu. Y poco a poco nos vamos dando cuenta de las gentes al coincidir en los mismos sitios, que nos acompa\u00f1an en este trekking con otros grupos, nos vamos familiarizando y observando a cada grupo o pareja. Es algo de curiosidad por mi parte. Parece que soy un verdadero observador en la monta\u00f1a\u2026 o un vouager, quien sabe.<\/p>\n<p><em>Estamos en nuestro Lodge construido con forma de cuadrado con el patio abierto en el centro, como si de un claustro se tratara, en una esquina el restaurante y las habitaciones en el resto del \u201cclaustro\u201d. Todo en planta baja.<\/em><\/p>\n<div id=\"attachment_52646\" style=\"width: 1330px\" class=\"wp-caption aligncenter\"><a class=\"dt-pswp-item\" href=\"https:\/\/www.monta\u00f1asdelaluna.es\/wp-content\/uploads\/2024\/10\/PA124655.jpg\" data-dt-img-description=\"\" data-large_image_width=\"1320\" data-large_image_height=\"882\"><img loading=\"lazy\" decoding=\"async\" aria-describedby=\"caption-attachment-52646\" class=\"wp-image-52646 size-full\" src=\"https:\/\/www.monta\u00f1asdelaluna.es\/wp-content\/uploads\/2024\/10\/PA124655.jpg\" alt=\"Prem y Jordi bajando a Luza\" width=\"1320\" height=\"882\" srcset=\"https:\/\/www.monta\u00f1asdelaluna.es\/wp-content\/uploads\/2024\/10\/PA124655.jpg 1320w, https:\/\/www.monta\u00f1asdelaluna.es\/wp-content\/uploads\/2024\/10\/PA124655-300x200.jpg 300w, https:\/\/www.monta\u00f1asdelaluna.es\/wp-content\/uploads\/2024\/10\/PA124655-1024x684.jpg 1024w, https:\/\/www.monta\u00f1asdelaluna.es\/wp-content\/uploads\/2024\/10\/PA124655-768x513.jpg 768w\" sizes=\"auto, (max-width: 1320px) 100vw, 1320px\" \/><\/a><p id=\"caption-attachment-52646\" class=\"wp-caption-text\">Prem y Jordi bajando a Luza<\/p><\/div>\n<div id=\"attachment_52647\" style=\"width: 1330px\" class=\"wp-caption aligncenter\"><a class=\"dt-pswp-item\" href=\"https:\/\/www.monta\u00f1asdelaluna.es\/wp-content\/uploads\/2024\/10\/PA124668.jpg\" data-dt-img-description=\"\" data-large_image_width=\"1320\" data-large_image_height=\"882\"><img loading=\"lazy\" decoding=\"async\" aria-describedby=\"caption-attachment-52647\" class=\"wp-image-52647 size-full\" src=\"https:\/\/www.monta\u00f1asdelaluna.es\/wp-content\/uploads\/2024\/10\/PA124668.jpg\" alt=\"Luis, Prem, Dolors y Jordi camino de Machhermo, al fondo el Cho Oyu\" width=\"1320\" height=\"882\" srcset=\"https:\/\/www.monta\u00f1asdelaluna.es\/wp-content\/uploads\/2024\/10\/PA124668.jpg 1320w, https:\/\/www.monta\u00f1asdelaluna.es\/wp-content\/uploads\/2024\/10\/PA124668-300x200.jpg 300w, https:\/\/www.monta\u00f1asdelaluna.es\/wp-content\/uploads\/2024\/10\/PA124668-1024x684.jpg 1024w, https:\/\/www.monta\u00f1asdelaluna.es\/wp-content\/uploads\/2024\/10\/PA124668-768x513.jpg 768w\" sizes=\"auto, (max-width: 1320px) 100vw, 1320px\" \/><\/a><p id=\"caption-attachment-52647\" class=\"wp-caption-text\">Luis, Prem, Dolors y Jordi camino de Machhermo, al fondo el Cho Oyu<\/p><\/div>\n<p><em>Hay un grupo numeroso de espa\u00f1oles o m\u00e1s bien de gente de habla castellana, ya que no solo son espa\u00f1oles, pero s\u00ed en su mayor\u00eda.<\/em> Hab\u00eda olvidado los escandalosos que \u00e9ramos los espa\u00f1oles cuando hablamos muchos a la vez o compartimos alg\u00fan juego, jugamos a algo sobre una mesa. Eran bastantes hablando fuerte en un extremo del bar, del restaurante\u2026 pero no eran los \u00fanicos\u2026<\/p>\n<p><em>Tambi\u00e9n hay un grupo de gente n\u00f3rdica, del norte de Europa. Estos dos grupos armar\u00e1n algo de esc\u00e1ndalo esta tarde jugando a las cartas\u2026 y yo buscando dos dados en cada Lodge para jugar al Michigan. No hay.<\/em><\/p>\n<div id=\"attachment_52649\" style=\"width: 1330px\" class=\"wp-caption aligncenter\"><a class=\"dt-pswp-item\" href=\"https:\/\/www.monta\u00f1asdelaluna.es\/wp-content\/uploads\/2024\/10\/PA124669.jpg\" data-dt-img-description=\"\" data-large_image_width=\"1320\" data-large_image_height=\"882\"><img loading=\"lazy\" decoding=\"async\" aria-describedby=\"caption-attachment-52649\" class=\"wp-image-52649 size-full\" src=\"https:\/\/www.monta\u00f1asdelaluna.es\/wp-content\/uploads\/2024\/10\/PA124669.jpg\" alt=\"Stupa &quot;casera&quot; con piedras de oraciones, con el CHo Oyu al fondo\" width=\"1320\" height=\"882\" srcset=\"https:\/\/www.monta\u00f1asdelaluna.es\/wp-content\/uploads\/2024\/10\/PA124669.jpg 1320w, https:\/\/www.monta\u00f1asdelaluna.es\/wp-content\/uploads\/2024\/10\/PA124669-300x200.jpg 300w, https:\/\/www.monta\u00f1asdelaluna.es\/wp-content\/uploads\/2024\/10\/PA124669-1024x684.jpg 1024w, https:\/\/www.monta\u00f1asdelaluna.es\/wp-content\/uploads\/2024\/10\/PA124669-768x513.jpg 768w\" sizes=\"auto, (max-width: 1320px) 100vw, 1320px\" \/><\/a><p id=\"caption-attachment-52649\" class=\"wp-caption-text\">Stupa \u00abcasera\u00bb con piedras de oraciones, con el CHo Oyu al fondo<\/p><\/div>\n<p><em>Despu\u00e9s de comer y descansar, Prem nos lleva a hacer una actividad de aclimataci\u00f3n: subir a la loma detr\u00e1s del conjunto de lodges de Machhermo. Se ha nublado, hay niebla y hace viento. Nos abrigamos y subimos a paso de yayo por la misma senda que cogeremos ma\u00f1ana, pero girando arriba de la loma hacia loma arriba. De los 4.390 mts. subimos a unos 4.600 metros o m\u00e1s. Estamos una media hora descansando y volvemos a bajar. <\/em>Justo salimos por el lado contrario al que entramos al poblado, en direcci\u00f3n al norte al otro lado del barranco, y subimos la loma contraria a la que hemos entrado a Machhermo. Justo en su parte m\u00e1s alta, giramos a la izquierda y comenzamos a ascender f\u00e1cilmente por una senda en mitad de la niebla, loma arriba. Hay otros grupos que o bien ya han subido y est\u00e1n m\u00e1s adelante, o nos siguen por detr\u00e1s. Por lo visto es algo com\u00fan para los gu\u00edas subir a sus clientes a esta loma. Nos tiramos al suelo rocoso y pedregoso. El sendero est\u00e1 muy pisado, muy frecuentado. Respiramos unos minutos y ya nos bajamos. De momento la aclimataci\u00f3n la llevo muy bien. Siento la altura pero no dejo que me afecte, cuando veo que me voy o puedo marear, intento no forzar el cuerpo, no esforzarme. No s\u00e9 si ayudar\u00e1 los ibuprofenos que me tomo cada d\u00eda, o casa cada d\u00eda; pero no lo llevo mal. Luis s\u00ed que me dice que le comienza a afectar (m\u00e1s que a m\u00ed) \u2026 la verdad es que preferir\u00eda que me diera el golpe fuerte ya, para a m\u00e1s altura resistirla mejor\u2026 pero parece que no ser\u00e1 as\u00ed, sigo tolerando la altura. Desandamos lo subido para volver al Lodge. Ya va siendo hora de ir prepar\u00e1ndose para la cena.<\/p>\n<p><em>Yo quer\u00eda lavar la ropa de verano utilizada en las primeras etapas, pero hay que lavarlas uno mismo a mano, y decido dejarlo para otro Lodge. <\/em>Observo a alguno que est\u00e1 lavando su ropa en una especie de bid\u00f3n, palangana, sin sol, con la temperatura tan baja\u2026 incluso decido no lavarme ni yo mismo, y usar las toallitas si hace falta. Los lodges de Dhole y Machhermo no eran como los de Namche Bazar, a pesar de que sus duchas eran m\u00ednimamente c\u00f3modas pero fr\u00edas, no era lo mismo en estas dos \u00faltimas poblaciones. Ya hace m\u00e1s frio a la hora de dormir, con lo que abro el saco de plumas, al final me lo tengo que echar por encima que he pasado calor. Todos los lodges tienen edred\u00f3n de plumas. Como siempre comparto habitaci\u00f3n con Jordi; mientras que Dolors y Luis comparten otra\u2026 espero que Jordi no se asuste con mis ronquidos cuando me duermo con la nariz taponada. Al otro d\u00eda toca subir a Gokyo y ver sus famosos lagos, uno de los atractivos y puntos obligados de este trekking.<\/p>\n<div id=\"attachment_52650\" style=\"width: 1425px\" class=\"wp-caption aligncenter\"><a class=\"dt-pswp-item\" href=\"https:\/\/www.monta\u00f1asdelaluna.es\/wp-content\/uploads\/2024\/10\/PA124677.jpg\" data-dt-img-description=\"\" data-large_image_width=\"1415\" data-large_image_height=\"359\"><img loading=\"lazy\" decoding=\"async\" aria-describedby=\"caption-attachment-52650\" class=\"wp-image-52650 size-full\" src=\"https:\/\/www.monta\u00f1asdelaluna.es\/wp-content\/uploads\/2024\/10\/PA124677.jpg\" alt=\"Bajando a Machhermo, 4.390 mts., la loma del centro, es donde subiremos para aclimatar \" width=\"1415\" height=\"359\" srcset=\"https:\/\/www.monta\u00f1asdelaluna.es\/wp-content\/uploads\/2024\/10\/PA124677.jpg 1415w, https:\/\/www.monta\u00f1asdelaluna.es\/wp-content\/uploads\/2024\/10\/PA124677-300x76.jpg 300w, https:\/\/www.monta\u00f1asdelaluna.es\/wp-content\/uploads\/2024\/10\/PA124677-1024x260.jpg 1024w, https:\/\/www.monta\u00f1asdelaluna.es\/wp-content\/uploads\/2024\/10\/PA124677-768x195.jpg 768w\" sizes=\"auto, (max-width: 1415px) 100vw, 1415px\" \/><\/a><p id=\"caption-attachment-52650\" class=\"wp-caption-text\">Bajando a Machhermo, 4.390 mts., la loma del centro, es donde subiremos para aclimatar<\/p><\/div>\n<div id=\"attachment_52651\" style=\"width: 1330px\" class=\"wp-caption aligncenter\"><a class=\"dt-pswp-item\" href=\"https:\/\/www.monta\u00f1asdelaluna.es\/wp-content\/uploads\/2024\/10\/PA124683.jpg\" data-dt-img-description=\"\" data-large_image_width=\"1320\" data-large_image_height=\"882\"><img loading=\"lazy\" decoding=\"async\" aria-describedby=\"caption-attachment-52651\" class=\"wp-image-52651 size-full\" src=\"https:\/\/www.monta\u00f1asdelaluna.es\/wp-content\/uploads\/2024\/10\/PA124683.jpg\" alt=\"Machhermo, 4.390 mts., con la parte norte de Khumuche Imal detr\u00e1s, Kyajo Ri (6.186 mts.) a la izquierda, y el Phari Lapche (6.017 mts.) a la derecha cubierto.\" width=\"1320\" height=\"882\" srcset=\"https:\/\/www.monta\u00f1asdelaluna.es\/wp-content\/uploads\/2024\/10\/PA124683.jpg 1320w, https:\/\/www.monta\u00f1asdelaluna.es\/wp-content\/uploads\/2024\/10\/PA124683-300x200.jpg 300w, https:\/\/www.monta\u00f1asdelaluna.es\/wp-content\/uploads\/2024\/10\/PA124683-1024x684.jpg 1024w, https:\/\/www.monta\u00f1asdelaluna.es\/wp-content\/uploads\/2024\/10\/PA124683-768x513.jpg 768w\" sizes=\"auto, (max-width: 1320px) 100vw, 1320px\" \/><\/a><p id=\"caption-attachment-52651\" class=\"wp-caption-text\">Machhermo, 4.390 mts., con la parte norte de Khumuche Imal detr\u00e1s, Kyajo Ri (6.186 mts.) a la izquierda, y el Phari Lapche (6.017 mts.) a la derecha cubierto.<\/p><\/div>\n<p><em>He llamado por videochat por wasap a mi familia, ya que hoy s\u00e1bado celebran el cumple de mi padre que ayer cumpli\u00f3 87 a\u00f1os. Pude ver y hablar con todos, por suerte el wifi estaba libre ya que muchos estaban ya cenando. <\/em>Por primera vez me alegr\u00e9 much\u00edsimo de tener cobertura o wifi en la monta\u00f1a, o en una actividad de monta\u00f1a, como este trekking en el Himalaya, ya que siempre he querido estar aislado en la monta\u00f1a, en la actividad, olvidar la civilizaci\u00f3n por unos d\u00edas, como hac\u00edamos cuando no exist\u00edan los m\u00f3viles en aquellas salidas a los Pirineos, y estar en comuni\u00f3n con la Naturaleza, con la Monta\u00f1a. Pero esta vez tuve la ocasi\u00f3n, no solamente de saludar a mi padre en su cumplea\u00f1os, con mi familia rode\u00e1ndolo, si no compartir con ellos el lugar tan ins\u00f3lito, maravilloso y \u00fanico en el que me encontraba: el Himalaya. Algo tan sencillo como una videollamada se convirti\u00f3 en una emocionante acci\u00f3n de complicidad y amor entre mi familia y la Monta\u00f1a. Entra\u00f1able, nost\u00e1lgico, encantador.<\/p>\n<div id=\"attachment_52652\" style=\"width: 1403px\" class=\"wp-caption aligncenter\"><a class=\"dt-pswp-item\" href=\"https:\/\/www.monta\u00f1asdelaluna.es\/wp-content\/uploads\/2024\/10\/DholeMachermo.croquis.web_.jpg\" data-dt-img-description=\"\" data-large_image_width=\"1393\" data-large_image_height=\"1028\"><img loading=\"lazy\" decoding=\"async\" aria-describedby=\"caption-attachment-52652\" class=\"wp-image-52652 size-full\" src=\"https:\/\/www.monta\u00f1asdelaluna.es\/wp-content\/uploads\/2024\/10\/DholeMachermo.croquis.web_.jpg\" alt=\"Croquis del recorrido entre Dhole y Machhermo. Donde pone Cholatse, es la segunda cima del Tabuche, y donde pone Arakam tse, es el Cholatse\" width=\"1393\" height=\"1028\" srcset=\"https:\/\/www.monta\u00f1asdelaluna.es\/wp-content\/uploads\/2024\/10\/DholeMachermo.croquis.web_.jpg 1393w, https:\/\/www.monta\u00f1asdelaluna.es\/wp-content\/uploads\/2024\/10\/DholeMachermo.croquis.web_-300x221.jpg 300w, https:\/\/www.monta\u00f1asdelaluna.es\/wp-content\/uploads\/2024\/10\/DholeMachermo.croquis.web_-1024x756.jpg 1024w, https:\/\/www.monta\u00f1asdelaluna.es\/wp-content\/uploads\/2024\/10\/DholeMachermo.croquis.web_-768x567.jpg 768w\" sizes=\"auto, (max-width: 1393px) 100vw, 1393px\" \/><\/a><p id=\"caption-attachment-52652\" class=\"wp-caption-text\">Croquis del recorrido entre Dhole y Machhermo. Donde pone Cholatse, es la segunda cima del Tabuche, y donde pone Arakam tse, es el Cholatse<\/p><\/div>\n<p>[\/vc_column_text][\/vc_column][\/vc_row][vc_row][vc_column][vc_empty_space height=\u00bb60px\u00bb][\/vc_column][\/vc_row][vc_row][vc_column][vc_cta h2=\u00bb\u00c1lbum de fotos\u00bb txt_align=\u00bbcenter\u00bb add_button=\u00bbbottom\u00bb btn_title=\u00bbVer fotos\u00bb btn_color=\u00bbwarning\u00bb btn_align=\u00bbcenter\u00bb btn_link=\u00bburl:https%3A%2F%2Fwww.monta%C3%B1asdelaluna.es%2F%3Fdt_gallery%3D4o-dia-trekking-nepal-dhole-machherma|title:1%C2%BA%20d%C3%ADa%2C%20trekking%20Nepal%3A%20Lukla-Jorsale|target:_blank\u00bb css=\u00bb.vc_custom_1768674247140{background-color: #8bc4ed !important;}\u00bb]Puedes ver todas las fotos del 4\u00ba d\u00eda, trekking Nepal: Dhole-Machhermo, en forma de presentaci\u00f3n o individuales pinchando aqui \u00a1No te las pierdas![\/vc_cta][\/vc_column][\/vc_row][vc_row][vc_column][vc_empty_space height=\u00bb60px\u00bb][\/vc_column][\/vc_row][vc_row][vc_column width=\u00bb1\/6&#8243;][\/vc_column][vc_column width=\u00bb1\/3&#8243;][vc_raw_html]JTNDaWZyYW1lJTIwc3JjJTNEJTIyaHR0cHMlM0ElMkYlMkZ3d3cubWV0ZW9ibHVlLmNvbSUyRmVzJTJGdGllbXBvJTJGd2lkZ2V0JTJGZGFpbHklMkYlMjVlMSUyNWI4JTI1OGNvbGVfbmVwYWxfMTM0NTAzMTclM0ZnZW9sb2MlM0RmaXhlZCUyNmRheXMlM0Q3JTI2dGVtcHVuaXQlM0RDRUxTSVVTJTI2d2luZHVuaXQlM0RLSUxPTUVURVJfUEVSX0hPVVIlMjZwcmVjaXB1bml0JTNETUlMTElNRVRFUiUyNmNvbG91cmVkJTNEY29sb3VyZWQlMjZwaWN0b2ljb24lM0QxJTI2bWF4dGVtcGVyYXR1cmUlM0QxJTI2bWludGVtcGVyYXR1cmUlM0QxJTI2d2luZHNwZWVkJTNEMSUyNndpbmRndXN0JTNEMCUyNndpbmRkaXJlY3Rpb24lM0QxJTI2dXYlM0QwJTI2aHVtaWRpdHklM0QwJTI2cHJlY2lwaXRhdGlvbiUzRDElMjZwcmVjaXBpdGF0aW9ucHJvYmFiaWxpdHklM0QxJTI2c3BvdCUzRDElMjZwcmVzc3VyZSUzRDAlMjZsYXlvdXQlM0RsaWdodCUyNnVzZXJfa2V5JTNEMDA1M2E4MTgyNzFjMjdjOCUyNmVtYmVkX2tleSUzRDQxNzJjNGU4NmZkNzNlZWUlMjZzaWclM0RlMzg3YWQwNDVjZjM0OTBjNjFlMmIxNGE5YTMxZTY3OWRhNWExNGVhZGI5NTAzNDllZDEyMmZjYWRiZTJjNjg4JTIyJTIwZnJhbWVib3JkZXIlM0QlMjIwJTIyJTIwc2Nyb2xsaW5nJTNEJTIyTk8lMjIlMjBhbGxvd3RyYW5zcGFyZW5jeSUzRCUyMnRydWUlMjIlMjBzYW5kYm94JTNEJTIyYWxsb3ctc2FtZS1vcmlnaW4lMjBhbGxvdy1zY3JpcHRzJTIwYWxsb3ctcG9wdXBzJTIwYWxsb3ctcG9wdXBzLXRvLWVzY2FwZS1zYW5kYm94JTIyJTIwc3R5bGUlM0QlMjJ3aWR0aCUzQSUyMDM3OHB4JTNCaGVpZ2h0JTNBJTIwMzQ5cHglM0Jib3JkZXIlM0ElMjAwJTNCb3ZlcmZsb3clM0ElMjBoaWRkZW4lM0IlMjIlM0UlM0MlMkZpZnJhbWUlM0UlM0NkaXYlM0UlM0MlMjEtLSUyMERPJTIwTk9UJTIwUkVNT1ZFJTIwVEhJUyUyMExJTkslMjAtLSUzRSUzQ2ElMjBocmVmJTNEJTIyaHR0cHMlM0ElMkYlMkZ3d3cubWV0ZW9ibHVlLmNvbSUyRmVzJTJGdGllbXBvJTJGc2VtYW5hJTJGaW5kZXglMjIlMjB0YXJnZXQlM0QlMjJfYmxhbmslMjIlMjByZWwlM0QlMjJub29wZW5lciUyMiUzRW1ldGVvYmx1ZSUzQyUyRmElM0UlM0MlMkZkaXYlM0U=[\/vc_raw_html][\/vc_column][vc_column width=\u00bb1\/3&#8243;][vc_raw_html]JTNDaWZyYW1lJTIwc3JjJTNEJTIyaHR0cHMlM0ElMkYlMkZ3d3cubWV0ZW9ibHVlLmNvbSUyRmVzJTJGdGllbXBvJTJGd2lkZ2V0JTJGZGFpbHklMkZtYWNoaGVybWFfbmVwYWxfNzk5NjgwMSUzRmdlb2xvYyUzRGZpeGVkJTI2ZGF5cyUzRDYlMjZ0ZW1wdW5pdCUzRENFTFNJVVMlMjZ3aW5kdW5pdCUzREtJTE9NRVRFUl9QRVJfSE9VUiUyNnByZWNpcHVuaXQlM0RNSUxMSU1FVEVSJTI2Y29sb3VyZWQlM0Rjb2xvdXJlZCUyNnBpY3RvaWNvbiUzRDElMjZtYXh0ZW1wZXJhdHVyZSUzRDElMjZtaW50ZW1wZXJhdHVyZSUzRDElMjZ3aW5kc3BlZWQlM0QxJTI2d2luZGd1c3QlM0QwJTI2d2luZGRpcmVjdGlvbiUzRDElMjZ1diUzRDAlMjZodW1pZGl0eSUzRDAlMjZwcmVjaXBpdGF0aW9uJTNEMSUyNnByZWNpcGl0YXRpb25wcm9iYWJpbGl0eSUzRDElMjZzcG90JTNEMSUyNnByZXNzdXJlJTNEMCUyNmxheW91dCUzRGxpZ2h0JTI2dXNlcl9rZXklM0QwMDUzYTgxODI3MWMyN2M4JTI2ZW1iZWRfa2V5JTNEMWFhMGYwMWJhNGIwNmNhZSUyNnNpZyUzRGI4YmZjZDg5ZjNhNDRhMzU2MWJiODE1YWU2MDM1Nzk2MTIzMWY3MDE1NzRmY2YyYzA2ZTFkNWM3ZDYyYTcwZDUlMjIlMjBmcmFtZWJvcmRlciUzRCUyMjAlMjIlMjBzY3JvbGxpbmclM0QlMjJOTyUyMiUyMGFsbG93dHJhbnNwYXJlbmN5JTNEJTIydHJ1ZSUyMiUyMHNhbmRib3glM0QlMjJhbGxvdy1zYW1lLW9yaWdpbiUyMGFsbG93LXNjcmlwdHMlMjBhbGxvdy1wb3B1cHMlMjBhbGxvdy1wb3B1cHMtdG8tZXNjYXBlLXNhbmRib3glMjIlMjBzdHlsZSUzRCUyMndpZHRoJTNBJTIwMzI0cHglM0JoZWlnaHQlM0ElMjAzNDhweCUzQmJvcmRlciUzQSUyMDAlM0JvdmVyZmxvdyUzQSUyMGhpZGRlbiUzQiUyMiUzRSUzQyUyRmlmcmFtZSUzRSUzQ2RpdiUzRSUzQyUyMS0tJTIwRE8lMjBOT1QlMjBSRU1PVkUlMjBUSElTJTIwTElOSyUyMC0tJTNFJTNDYSUyMGhyZWYlM0QlMjJodHRwcyUzQSUyRiUyRnd3dy5tZXRlb2JsdWUuY29tJTJGZXMlMkZ0aWVtcG8lMkZzZW1hbmElMkZpbmRleCUyMiUyMHRhcmdldCUzRCUyMl9ibGFuayUyMiUyMHJlbCUzRCUyMm5vb3BlbmVyJTIyJTNFbWV0ZW9ibHVlJTNDJTJGYSUzRSUzQyUyRmRpdiUzRQ==[\/vc_raw_html][\/vc_column][vc_column width=\u00bb1\/6&#8243;][\/vc_column][\/vc_row]<\/p>\n","protected":false},"excerpt":{"rendered":"<p>[vc_row][vc_column][vc_column_text]La marcha de hoy ser\u00eda corta si no tuvi\u00e9ramos que ir tan lentos, ya que las poblaciones o lugares a los que vamos est\u00e1n relativamente cerca, pero es bueno ir lentos y corta distancia para aclimatar, y solo subimos 370 mts. El d\u00eda amanece sin nubes, que es la nota predominante cada d\u00eda, a mitad&hellip;<\/p>\n","protected":false},"author":1,"featured_media":52489,"comment_status":"open","ping_status":"open","sticky":false,"template":"","format":"standard","meta":[],"categories":[190],"tags":[],"class_list":["post-52630","post","type-post","status-publish","format-standard","has-post-thumbnail","hentry","category-sagarmatha","category-190","description-off"],"_links":{"self":[{"href":"https:\/\/www.monta\u00f1asdelaluna.es\/index.php?rest_route=\/wp\/v2\/posts\/52630","targetHints":{"allow":["GET"]}}],"collection":[{"href":"https:\/\/www.monta\u00f1asdelaluna.es\/index.php?rest_route=\/wp\/v2\/posts"}],"about":[{"href":"https:\/\/www.monta\u00f1asdelaluna.es\/index.php?rest_route=\/wp\/v2\/types\/post"}],"author":[{"embeddable":true,"href":"https:\/\/www.monta\u00f1asdelaluna.es\/index.php?rest_route=\/wp\/v2\/users\/1"}],"replies":[{"embeddable":true,"href":"https:\/\/www.monta\u00f1asdelaluna.es\/index.php?rest_route=%2Fwp%2Fv2%2Fcomments&post=52630"}],"version-history":[{"count":13,"href":"https:\/\/www.monta\u00f1asdelaluna.es\/index.php?rest_route=\/wp\/v2\/posts\/52630\/revisions"}],"predecessor-version":[{"id":52692,"href":"https:\/\/www.monta\u00f1asdelaluna.es\/index.php?rest_route=\/wp\/v2\/posts\/52630\/revisions\/52692"}],"wp:featuredmedia":[{"embeddable":true,"href":"https:\/\/www.monta\u00f1asdelaluna.es\/index.php?rest_route=\/wp\/v2\/media\/52489"}],"wp:attachment":[{"href":"https:\/\/www.monta\u00f1asdelaluna.es\/index.php?rest_route=%2Fwp%2Fv2%2Fmedia&parent=52630"}],"wp:term":[{"taxonomy":"category","embeddable":true,"href":"https:\/\/www.monta\u00f1asdelaluna.es\/index.php?rest_route=%2Fwp%2Fv2%2Fcategories&post=52630"},{"taxonomy":"post_tag","embeddable":true,"href":"https:\/\/www.monta\u00f1asdelaluna.es\/index.php?rest_route=%2Fwp%2Fv2%2Ftags&post=52630"}],"curies":[{"name":"wp","href":"https:\/\/api.w.org\/{rel}","templated":true}]}}