{"id":52907,"date":"2024-10-20T20:49:29","date_gmt":"2024-10-20T20:49:29","guid":{"rendered":"https:\/\/www.monta\u00f1asdelaluna.es\/?p=52907"},"modified":"2026-04-29T07:12:38","modified_gmt":"2026-04-29T07:12:38","slug":"20-de-octubre-domingo-island-peak-o-imja-tse","status":"publish","type":"post","link":"https:\/\/www.monta\u00f1asdelaluna.es\/?p=52907","title":{"rendered":"20 de octubre, domingo: Island Peak o Imja Tse"},"content":{"rendered":"<p>[vc_row][vc_column][vc_column_text]Nos levantamos muy temprano. Creo que sobre la 1 o 2 de la ma\u00f1ana para en una hora salir en busca del Imja Tse. Es noche cerrada y hace fr\u00edo, pero estamos preparados y concienciados. Y aqu\u00ed ya cometo mi primer error: dejarme puesto el plumas de North Face que tanto calor y comodidad me da. Con todo preparado y listo nos vamos a la tienda comedor, con frontales y linternas, para desayunar\u2026 \u00a1Si acabamos de cenar! Como aquel que dice\u2026 , y aqu\u00ed vendr\u00e1 el segundo error: comer cuando no tengo hambre, y m\u00e1s una tortilla, que aunque muy buena, a penas me pasaba. Siempre he sido de comer a la hora y media o dos horas de comenzar el esfuerzo, y este desayuno a las tantas de la madrugada, cuando mis biorritmos a\u00fan no se han despertado, me puede perjudicar en lugar de favorecer.<\/p>\n<p>En la tienda comedor hay m\u00e1s gente, m\u00e1s grupos, pero no muchos. Hay un joven con algo de cuerpo y barbita que parece no tiene ni forma ni estado para hacer una proeza como esta\u2026 opini\u00f3n que cambiar\u00e1 m\u00e1s adelante. Hablan en otros idiomas, en un ingl\u00e9s fluido y entendible, eso quiere decir que es de un pa\u00eds de habla no inglesa.<\/p>\n<p>Y ya por fin nos ponemos en marcha, despu\u00e9s de casi una hora de preparativos y desayunar. No me quito el plumas North Face de 700, \u201cme da miedo pasar frio\u201d. Me ten\u00eda que haber puesto la chaqueta Trango y unas buenas capas debajo para abrigarme pero no asfixiarme. Pero como \u00edbamos a ir a un paso tan lento, ten\u00eda miedo de no calentarme lo suficiente y pasar frio. A Dolors la prepara y supervisa Luis; va con un plumas m\u00e1s fino hecho para el frio y la actividad, pero a\u00fan as\u00ed el calor del cuerpo al moverse, le molestar\u00e1.<\/p>\n<div id=\"attachment_52913\" style=\"width: 1071px\" class=\"wp-caption aligncenter\"><a class=\"dt-pswp-item\" href=\"https:\/\/www.monta\u00f1asdelaluna.es\/wp-content\/uploads\/2024\/10\/PA205432.jpg\" data-dt-img-description=\"\" data-large_image_width=\"1061\" data-large_image_height=\"708\"><img loading=\"lazy\" decoding=\"async\" aria-describedby=\"caption-attachment-52913\" class=\"wp-image-52913 size-full\" src=\"https:\/\/www.monta\u00f1asdelaluna.es\/wp-content\/uploads\/2024\/10\/PA205432.jpg\" alt=\"Jordi, el segundo gu\u00eda y Dolors subiendo al Island Peak\" width=\"1061\" height=\"708\" srcset=\"https:\/\/www.monta\u00f1asdelaluna.es\/wp-content\/uploads\/2024\/10\/PA205432.jpg 1061w, https:\/\/www.monta\u00f1asdelaluna.es\/wp-content\/uploads\/2024\/10\/PA205432-300x200.jpg 300w, https:\/\/www.monta\u00f1asdelaluna.es\/wp-content\/uploads\/2024\/10\/PA205432-1024x683.jpg 1024w, https:\/\/www.monta\u00f1asdelaluna.es\/wp-content\/uploads\/2024\/10\/PA205432-768x512.jpg 768w\" sizes=\"auto, (max-width: 1061px) 100vw, 1061px\" \/><\/a><p id=\"caption-attachment-52913\" class=\"wp-caption-text\">Jordi, el segundo gu\u00eda y Dolors subiendo al Island Peak<\/p><\/div>\n<div id=\"attachment_52914\" style=\"width: 1071px\" class=\"wp-caption aligncenter\"><a class=\"dt-pswp-item\" href=\"https:\/\/www.monta\u00f1asdelaluna.es\/wp-content\/uploads\/2024\/10\/PA205437.jpg\" data-dt-img-description=\"\" data-large_image_width=\"1061\" data-large_image_height=\"708\"><img loading=\"lazy\" decoding=\"async\" aria-describedby=\"caption-attachment-52914\" class=\"wp-image-52914 size-full\" src=\"https:\/\/www.monta\u00f1asdelaluna.es\/wp-content\/uploads\/2024\/10\/PA205437.jpg\" alt=\"Abajo el Glaciar del Lhotse Shar, arriba el Cho Polu (6.700 mts.) a la izquierda y el Numri (6.635 mts.) a la derecha\" width=\"1061\" height=\"708\" srcset=\"https:\/\/www.monta\u00f1asdelaluna.es\/wp-content\/uploads\/2024\/10\/PA205437.jpg 1061w, https:\/\/www.monta\u00f1asdelaluna.es\/wp-content\/uploads\/2024\/10\/PA205437-300x200.jpg 300w, https:\/\/www.monta\u00f1asdelaluna.es\/wp-content\/uploads\/2024\/10\/PA205437-1024x683.jpg 1024w, https:\/\/www.monta\u00f1asdelaluna.es\/wp-content\/uploads\/2024\/10\/PA205437-768x512.jpg 768w\" sizes=\"auto, (max-width: 1061px) 100vw, 1061px\" \/><\/a><p id=\"caption-attachment-52914\" class=\"wp-caption-text\">Abajo el Glaciar del Lhotse Shar, arriba el Cho Polu (6.700 mts.) a la izquierda y el Numri (6.635 mts.) a la derecha<\/p><\/div>\n<p>Comenzamos la marcha en la oscuridad, yo me pongo en cabeza para que sigan mis lentos pasos, quiz\u00e1s demasiado lentos. El camino es f\u00e1cil y est\u00e1 muy bien marcado: solo hay que recorrer la senda que sigue m\u00e1s all\u00e1 del Campo Base entre la monta\u00f1a y la morrena, el mismo \u201ccallej\u00f3n\u201d sin, de momento, subir o coger altura. Vamos lentos en mitad de la noche, bastantes lentos, y en silencio. Aparece alg\u00fan grupillo por detr\u00e1s que nos adelanta, a la vez que otros han salido antes que nosotros\u2026 al final la actividad en la monta\u00f1a en el d\u00eda de hoy ser\u00e1 casi fren\u00e9tica.<\/p>\n<p>Llega un momento que Prem me dice que gire a la izquierda y comience a subir la monta\u00f1a en un empinado zigzag al principio, para ir cogiendo altura. Ya comenzamos la ascensi\u00f3n al Island Peak. A pesar de la velocidad que llevo, lento, la subida, el ascenso parece que se hace interminable. Intentamos mirar para arriba en plena oscuridad y vemos los peque\u00f1os puntos brillantes de los frontales de aquellos que van por delante de nosotros\u2026 \u00a1All\u00e1 arriba tenemos que ir! (o mejor dicho, pasar, ya que es un punto solo en la subida).<\/p>\n<p>Antes de venir, preguntamos a compa\u00f1eros de Almorad\u00ed, y Luis y Jordi miraron videos en YouTube de c\u00f3mo era el ascenso a este pico. Manolet no lo subi\u00f3 en la expedici\u00f3n, trekking, que hicieron con los amigos de Almorad\u00ed, pero Adolfo s\u00ed; y seg\u00fan contaba es una subida muy larga, larga, interminable, tenemos unos mil cien metros de desnivel, desde los 5.080 mts. de la altura aproximada del Campo Base, hasta los 6.189 mts. de la altura del pico\u2026 todo ser\u00eda m\u00e1s f\u00e1cil si la subida no fuera \u201calgo t\u00e9cnica\u201d, para este desnivel. Pero bueno, si los de Almorad\u00ed subieron, llegaron a la cima, y nosotros llevamos muchos d\u00edas de trekking preparados y aclimatados para hacerla, no veo por qu\u00e9 no.<\/p>\n<div id=\"attachment_52915\" style=\"width: 1552px\" class=\"wp-caption aligncenter\"><a class=\"dt-pswp-item\" href=\"https:\/\/www.monta\u00f1asdelaluna.es\/wp-content\/uploads\/2024\/10\/PA205434.jpg\" data-dt-img-description=\"\" data-large_image_width=\"1542\" data-large_image_height=\"385\"><img loading=\"lazy\" decoding=\"async\" aria-describedby=\"caption-attachment-52915\" class=\"wp-image-52915 size-full\" src=\"https:\/\/www.monta\u00f1asdelaluna.es\/wp-content\/uploads\/2024\/10\/PA205434.jpg\" alt=\"Panor\u00e1mica en el ascenso al Island Peak, Imja Tse, de izquierda a derecha: Numri (6.635 mts.), Kali Himal (6.985 mts.), Amphu I (6.740 mts.), al fondo posiblemente aparece la punta del Peak 41 (6.648 mts.), las puntas de la zona del Amphu Labsta, y Ama Dablam (6.814 mts.)\" width=\"1542\" height=\"385\" srcset=\"https:\/\/www.monta\u00f1asdelaluna.es\/wp-content\/uploads\/2024\/10\/PA205434.jpg 1542w, https:\/\/www.monta\u00f1asdelaluna.es\/wp-content\/uploads\/2024\/10\/PA205434-300x75.jpg 300w, https:\/\/www.monta\u00f1asdelaluna.es\/wp-content\/uploads\/2024\/10\/PA205434-1024x256.jpg 1024w, https:\/\/www.monta\u00f1asdelaluna.es\/wp-content\/uploads\/2024\/10\/PA205434-768x192.jpg 768w, https:\/\/www.monta\u00f1asdelaluna.es\/wp-content\/uploads\/2024\/10\/PA205434-1536x384.jpg 1536w\" sizes=\"auto, (max-width: 1542px) 100vw, 1542px\" \/><\/a><p id=\"caption-attachment-52915\" class=\"wp-caption-text\">Panor\u00e1mica en el ascenso al Island Peak, Imja Tse, de izquierda a derecha: Numri (6.635 mts.), Kali Himal (6.985 mts.), Amphu I (6.740 mts.), al fondo posiblemente aparece la punta del Peak 41 (6.648 mts.), las puntas de la zona del Amphu Labsta, y Ama Dablam (6.814 mts.)<\/p><\/div>\n<div id=\"attachment_52916\" style=\"width: 1071px\" class=\"wp-caption aligncenter\"><a class=\"dt-pswp-item\" href=\"https:\/\/www.monta\u00f1asdelaluna.es\/wp-content\/uploads\/2024\/10\/PA205435.jpg\" data-dt-img-description=\"\" data-large_image_width=\"1061\" data-large_image_height=\"708\"><img loading=\"lazy\" decoding=\"async\" aria-describedby=\"caption-attachment-52916\" class=\"wp-image-52916 size-full\" src=\"https:\/\/www.monta\u00f1asdelaluna.es\/wp-content\/uploads\/2024\/10\/PA205435.jpg\" alt=\"Abajo el lago Imja Tsho, arriba en el centro las puntas de la zona del Amphu Labsta, el Ama Dablam (6.814 mts.) a la derecha y a la izquierda al fondo posiblemente el Peak 41 (6.648 mts.)\" width=\"1061\" height=\"708\" srcset=\"https:\/\/www.monta\u00f1asdelaluna.es\/wp-content\/uploads\/2024\/10\/PA205435.jpg 1061w, https:\/\/www.monta\u00f1asdelaluna.es\/wp-content\/uploads\/2024\/10\/PA205435-300x200.jpg 300w, https:\/\/www.monta\u00f1asdelaluna.es\/wp-content\/uploads\/2024\/10\/PA205435-1024x683.jpg 1024w, https:\/\/www.monta\u00f1asdelaluna.es\/wp-content\/uploads\/2024\/10\/PA205435-768x512.jpg 768w\" sizes=\"auto, (max-width: 1061px) 100vw, 1061px\" \/><\/a><p id=\"caption-attachment-52916\" class=\"wp-caption-text\">Abajo el lago Imja Tsho, arriba en el centro las puntas de la zona del Amphu Labsta, el Ama Dablam (6.814 mts.) a la derecha y a la izquierda al fondo posiblemente el Peak 41 (6.648 mts.)<\/p><\/div>\n<p>De tanto en tanto, sin estar cansados, tenemos que parar, sobre todo porque Dolors tiene calor\u2026 luego tiene frio\u2026 se quita el plumas, se lo pone\u2026 y lo peor es que parar sin estar cansados, hace que te canses por nada, te rompe el ritmo, aunque sea un ritmo lento. Tampoco paramos a comer porque ya hemos \u201cdesayunado\u201d pero casi vomito la tortilla mientras subo la monta\u00f1a, por comerla sin tener hambre\u2026 ya s\u00e9 que soy un bicho raro, pero es mi constituci\u00f3n y cuerpo, al que hay que hacer caso. Yo tambi\u00e9n paso calor con el plumas de North Face puesto, y me abro la cremallera, pero no me lo quito; en definitiva no ser\u00e1 c\u00f3modo este calor sin transpiraci\u00f3n, me deshidratar\u00e1\u2026<\/p>\n<p>Y seguimos subiendo con las paraditas. Nos sigue el segundo gu\u00eda, muy joven y sherpa, cuyo nombre no recuerdo, y los 6 seguimos subiendo por este entramado de rocas, laderas verticales que la senda excava para hacernos paso en la monta\u00f1a. A veces pas\u00e1bamos o cruz\u00e1bamos espolones, en cuyos v\u00e9rtices aparec\u00eda un mirador rocoso hacia la noche oscura sin luz y sin vistas a\u00fan, al menos sin vistas claras.<\/p>\n<p>Uno de los grupos que nos adelanta es el franc\u00e9s con el chico alto, delgado de gafas, y la chica guapa rubia que hab\u00edamos encontrado en Chhukhung y al Campo Base. Nos reconocemos y saludamos. Somos compa\u00f1eros de aventuras y de objetivo, todos somos amigos y conocidos. Van un poco m\u00e1s r\u00e1pido que nosotros, de hecho todos van m\u00e1s r\u00e1pido que nosotros.<\/p>\n<p>Despu\u00e9s del zigzag, el largo y aburrido zigzag, la senda comienza a cruzar la monta\u00f1a de un lado a otro, en la misma ladera, la misma vertiente, pero ahora dejamos el barranco, el hueco de la misma por la que subimos, para seguir por otros puntos m\u00e1s asequibles y f\u00e1ciles pero a veces vertiginosos, del ascenso. Da la sensaci\u00f3n de que la senda gira hacia la derecha, sobre todo, en busca de cordales y espolones que bajan de las alturas.<\/p>\n<div id=\"attachment_52917\" style=\"width: 1071px\" class=\"wp-caption aligncenter\"><a class=\"dt-pswp-item\" href=\"https:\/\/www.monta\u00f1asdelaluna.es\/wp-content\/uploads\/2024\/10\/PA205440.jpg\" data-dt-img-description=\"\" data-large_image_width=\"1061\" data-large_image_height=\"708\"><img loading=\"lazy\" decoding=\"async\" aria-describedby=\"caption-attachment-52917\" class=\"wp-image-52917 size-full\" src=\"https:\/\/www.monta\u00f1asdelaluna.es\/wp-content\/uploads\/2024\/10\/PA205440.jpg\" alt=\"Subiendo al Island Peak, Imja Tse, detr\u00e1s el Kali Himal (6.985 mts.) a la izquierda y el Amphu I (6.740 mts.) en el centro\" width=\"1061\" height=\"708\" srcset=\"https:\/\/www.monta\u00f1asdelaluna.es\/wp-content\/uploads\/2024\/10\/PA205440.jpg 1061w, https:\/\/www.monta\u00f1asdelaluna.es\/wp-content\/uploads\/2024\/10\/PA205440-300x200.jpg 300w, https:\/\/www.monta\u00f1asdelaluna.es\/wp-content\/uploads\/2024\/10\/PA205440-1024x683.jpg 1024w, https:\/\/www.monta\u00f1asdelaluna.es\/wp-content\/uploads\/2024\/10\/PA205440-768x512.jpg 768w\" sizes=\"auto, (max-width: 1061px) 100vw, 1061px\" \/><\/a><p id=\"caption-attachment-52917\" class=\"wp-caption-text\">Subiendo al Island Peak, Imja Tse, detr\u00e1s el Kali Himal (6.985 mts.) a la izquierda y el Amphu I (6.740 mts.) en el centro<\/p><\/div>\n<div id=\"attachment_52918\" style=\"width: 1071px\" class=\"wp-caption aligncenter\"><a class=\"dt-pswp-item\" href=\"https:\/\/www.monta\u00f1asdelaluna.es\/wp-content\/uploads\/2024\/10\/PA205445.jpg\" data-dt-img-description=\"\" data-large_image_width=\"1061\" data-large_image_height=\"708\"><img loading=\"lazy\" decoding=\"async\" aria-describedby=\"caption-attachment-52918\" class=\"wp-image-52918 size-full\" src=\"https:\/\/www.monta\u00f1asdelaluna.es\/wp-content\/uploads\/2024\/10\/PA205445.jpg\" alt=\"Abajo el lago Imja Tsho, arriba delante las puntas de la zona del Amphu Labsta, el Ama Dablam (6.814 mts.) a la derecha, y amaneciendo en el posiblemente Peak 41 (6.648 mts.) al fondo izquierda,\" width=\"1061\" height=\"708\" srcset=\"https:\/\/www.monta\u00f1asdelaluna.es\/wp-content\/uploads\/2024\/10\/PA205445.jpg 1061w, https:\/\/www.monta\u00f1asdelaluna.es\/wp-content\/uploads\/2024\/10\/PA205445-300x200.jpg 300w, https:\/\/www.monta\u00f1asdelaluna.es\/wp-content\/uploads\/2024\/10\/PA205445-1024x683.jpg 1024w, https:\/\/www.monta\u00f1asdelaluna.es\/wp-content\/uploads\/2024\/10\/PA205445-768x512.jpg 768w\" sizes=\"auto, (max-width: 1061px) 100vw, 1061px\" \/><\/a><p id=\"caption-attachment-52918\" class=\"wp-caption-text\">Abajo el lago Imja Tsho, arriba delante las puntas de la zona del Amphu Labsta, el Ama Dablam (6.814 mts.) a la derecha, y amaneciendo en el posiblemente Peak 41 (6.648 mts.) al fondo izquierda,<\/p><\/div>\n<p>Llega un momento que comienza a invadirme un cansancio sin sentido, un cansancio sin estar cansado por el esfuerzo, y ese cansancio poco a poco ir\u00e1 a m\u00e1s. Ya comienza a amanecer, el frio se recrudece con el amanecer y la altura, pero la vista y la mente se alegra y se anima gracias a la luz de nuevo d\u00eda y de las vistas: Ver amanecer en el Himalaya a casi cinco mil ochocientos metros de altura, es extraordinario. Hago algunas fotos, Jordi hace m\u00e1s. Otro descanso.<\/p>\n<p>Las vistas son excepcionales, entre todas las monta\u00f1as y paisaje que podemos observar desde esta ladera este, sureste del Island Peak, Imja Tse, las m\u00e1s impresionantes y cercanas o destacables, es ante todo el Ama Dablam \u00a1Precioso! Es una aguja gigante, gigante, con caras como un prisma, como una piedra preciosa, pero a\u00fan queda algo al fondo, delante tenemos el fabuloso muro del Numri, Kali Himal, Baruntse, Amphu I, Amphu Labsta\u2026 incluso detr\u00e1s de este extraordinario muro de entre seis mil seiscientos y siete mil metros, aparece la punta del Peak 41, una mole en forma de pir\u00e1mide apuntada, escarpada y elegante, que a pesar de su nombre, es una monta\u00f1a que bien se merece un nombre extraordinario, tal y como es. Fabuloso.<\/p>\n<p>Debajo de este muro aparecen los glaciares que bajan de \u00e9stos, los cuales est\u00e1n medio tapados a causa de sus morrenas, de la tierra, piedras y barro que transportan y depositan a sus lados. En medio de estas morrenas e invisibles glaciares, aparece el gigantesco lago glaciar del Imja Tso, exagerado, enorme; y entre todos, neveros de blanca o terrosa, grisosa, nieve, glaciares helados, seracs o paredes lisas, escarpadas sin nieve. Las nubes no se han ido y aparecen entre las monta\u00f1as y el valle, parece que nos quiere dar un toque rom\u00e1ntico, rom\u00e1nticamente helado, pero precioso.<\/p>\n<p>Mirando hacia arriba y girando la vista un poco hacia la derecha, descubrimos el glaciar como baja de la cima de la monta\u00f1a, y m\u00e1s arriba, una de la puntas del glaciar, la cima de la misma\u2026 \u00a1Vamos, que la tenemos ah\u00ed! En la parte que estamos es muy empinada y escarpada como para que se quede colgado, pegado el hielo, y poco m\u00e1s arriba la monta\u00f1a es m\u00e1s suave como para crear o formar un plateau. El sol comienza a iluminar algunas monta\u00f1as y nos regala una postal iluminando el Ama Dablam. Es precioso.<\/p>\n<div id=\"attachment_52920\" style=\"width: 1071px\" class=\"wp-caption aligncenter\"><a class=\"dt-pswp-item\" href=\"https:\/\/www.monta\u00f1asdelaluna.es\/wp-content\/uploads\/2024\/10\/PA205446.jpg\" data-dt-img-description=\"\" data-large_image_width=\"1061\" data-large_image_height=\"708\"><img loading=\"lazy\" decoding=\"async\" aria-describedby=\"caption-attachment-52920\" class=\"wp-image-52920 size-full\" src=\"https:\/\/www.monta\u00f1asdelaluna.es\/wp-content\/uploads\/2024\/10\/PA205446.jpg\" alt=\"El segundo gu\u00eda y Dolors con la cima del Island Peak, Imja Tse (6.189 mts.) detr\u00e1s\" width=\"1061\" height=\"708\" srcset=\"https:\/\/www.monta\u00f1asdelaluna.es\/wp-content\/uploads\/2024\/10\/PA205446.jpg 1061w, https:\/\/www.monta\u00f1asdelaluna.es\/wp-content\/uploads\/2024\/10\/PA205446-300x200.jpg 300w, https:\/\/www.monta\u00f1asdelaluna.es\/wp-content\/uploads\/2024\/10\/PA205446-1024x683.jpg 1024w, https:\/\/www.monta\u00f1asdelaluna.es\/wp-content\/uploads\/2024\/10\/PA205446-768x512.jpg 768w\" sizes=\"auto, (max-width: 1061px) 100vw, 1061px\" \/><\/a><p id=\"caption-attachment-52920\" class=\"wp-caption-text\">El segundo gu\u00eda y Dolors con la cima del Island Peak, Imja Tse (6.189 mts.) detr\u00e1s<\/p><\/div>\n<div id=\"attachment_52919\" style=\"width: 1071px\" class=\"wp-caption aligncenter\"><a class=\"dt-pswp-item\" href=\"https:\/\/www.monta\u00f1asdelaluna.es\/wp-content\/uploads\/2024\/10\/PA205444.jpg\" data-dt-img-description=\"\" data-large_image_width=\"1061\" data-large_image_height=\"708\"><img loading=\"lazy\" decoding=\"async\" aria-describedby=\"caption-attachment-52919\" class=\"wp-image-52919 size-full\" src=\"https:\/\/www.monta\u00f1asdelaluna.es\/wp-content\/uploads\/2024\/10\/PA205444.jpg\" alt=\"Aparece la cima del Island Peak, Imja Tse (6.189 mts.) a la derecha\" width=\"1061\" height=\"708\" srcset=\"https:\/\/www.monta\u00f1asdelaluna.es\/wp-content\/uploads\/2024\/10\/PA205444.jpg 1061w, https:\/\/www.monta\u00f1asdelaluna.es\/wp-content\/uploads\/2024\/10\/PA205444-300x200.jpg 300w, https:\/\/www.monta\u00f1asdelaluna.es\/wp-content\/uploads\/2024\/10\/PA205444-1024x683.jpg 1024w, https:\/\/www.monta\u00f1asdelaluna.es\/wp-content\/uploads\/2024\/10\/PA205444-768x512.jpg 768w\" sizes=\"auto, (max-width: 1061px) 100vw, 1061px\" \/><\/a><p id=\"caption-attachment-52919\" class=\"wp-caption-text\">Aparece la cima del Island Peak, Imja Tse (6.189 mts.) a la derecha<\/p><\/div>\n<p>A\u00fan no hemos llegado al glaciar este del Island Peak, un peque\u00f1o glaciar (si lo comparas con el resto) cimero del pico. Seguimos la senda con la luz del amanecer y ya nos vemos sin los frontales encendidos; y a pesar de las piedras y las rocas sueltas o roca madre de la monta\u00f1a, comienza a aparecer la nieve por los rincones junto a la senda. Poco m\u00e1s arriba descubrimos que la chica rubia del grupo franc\u00e9s se baja con uno de los gu\u00edas, igual le ha dado el mal de altura, sub\u00edan m\u00e1s r\u00e1pido que nosotros.<\/p>\n<p>El cansancio cada vez es m\u00e1s fuerte y se agudiza en m\u00ed, pero no pienso en retirarme ni en parar. El nuevo gu\u00eda encuerda a Dolors, supongo porque ya comenz\u00e1bamos a caminar entre roca viva algo m\u00e1s escarpada sin senda y con algo de ca\u00edda, nada peligroso. Dicho camino nos lleva por una especie de crestecilla, y gran loma rocosa hasta un rinc\u00f3n de roca rodeado del glaciar de la cima del Island Peak. No lo sab\u00eda en ese momento pero ya deb\u00edamos estar sobre o cerca de los cinco mil ochocientos cincuenta metros de altura. Llego el \u00faltimo al rinc\u00f3n rocoso. A partir de aqu\u00ed toca ascender por el glaciar. Estoy notablemente cansado, pero mis compa\u00f1eros no lo notan. A penas hemos comido o bebido algo en el ascenso, he pasado calor con el plumas y debo de haberme deshidratado\u2026 a\u00fan lo llevo puesto pero abierto; y con el mal cuerpo de haber comido en el desayuno temprano sin tener hambre. La luz del d\u00eda ya nos da de lleno. Al llegar observamos como un grupo ya baja por el glaciar, ya van de retirada. No s\u00e9 si han hecho cumbre pero eso me anima, prefiero pensar que s\u00ed y que ha sido f\u00e1cil.<\/p>\n<p>Prem y el segundo gu\u00eda nos ayudan a equiparnos y a ponernos los crampones. Estoy muy cansado para pon\u00e9rmelos yo solo, ya sab\u00e9is que hay que hacer fuerza para que queden ajustados y no se caigan, se suelten. El nuevo gu\u00eda me los pone mal y tengo que hacer el esfuerzo para ponerlos como dios manda, bien apretados en las G2 de La Sportiva, para que no se salga al darle patadas al hielo duro para que se claven bien. El mismo gu\u00eda ayuda a Dolors a ponerse los crampones, pero luego sabremos que confiaba en que \u00e9l se los colocara bien\u2026 error, hay que comprobar siempre tu material, ya que es el que te salva la vida o el que hace que no la arriesgues: crampones, piolet, arn\u00e9s, nudos, cuerda\u2026<\/p>\n<div id=\"attachment_52908\" style=\"width: 1071px\" class=\"wp-caption aligncenter\"><a class=\"dt-pswp-item\" href=\"https:\/\/www.monta\u00f1asdelaluna.es\/wp-content\/uploads\/2026\/04\/PA205448.jpg\" data-dt-img-description=\"\" data-large_image_width=\"1061\" data-large_image_height=\"708\"><img loading=\"lazy\" decoding=\"async\" aria-describedby=\"caption-attachment-52908\" class=\"wp-image-52908 size-full\" src=\"https:\/\/www.monta\u00f1asdelaluna.es\/wp-content\/uploads\/2026\/04\/PA205448.jpg\" alt=\"Amanece en el Ama Dablam (6.814 mts.)\" width=\"1061\" height=\"708\" srcset=\"https:\/\/www.monta\u00f1asdelaluna.es\/wp-content\/uploads\/2026\/04\/PA205448.jpg 1061w, https:\/\/www.monta\u00f1asdelaluna.es\/wp-content\/uploads\/2026\/04\/PA205448-300x200.jpg 300w, https:\/\/www.monta\u00f1asdelaluna.es\/wp-content\/uploads\/2026\/04\/PA205448-1024x683.jpg 1024w, https:\/\/www.monta\u00f1asdelaluna.es\/wp-content\/uploads\/2026\/04\/PA205448-768x512.jpg 768w\" sizes=\"auto, (max-width: 1061px) 100vw, 1061px\" \/><\/a><p id=\"caption-attachment-52908\" class=\"wp-caption-text\">Amanece en el Ama Dablam (6.814 mts.)<\/p><\/div>\n<div id=\"attachment_52922\" style=\"width: 2570px\" class=\"wp-caption aligncenter\"><a class=\"dt-pswp-item\" href=\"https:\/\/www.monta\u00f1asdelaluna.es\/wp-content\/uploads\/2024\/10\/P1050271-PA-scaled.jpg\" data-dt-img-description=\"\" data-large_image_width=\"2560\" data-large_image_height=\"641\"><img loading=\"lazy\" decoding=\"async\" aria-describedby=\"caption-attachment-52922\" class=\"wp-image-52922 size-full\" src=\"https:\/\/www.monta\u00f1asdelaluna.es\/wp-content\/uploads\/2024\/10\/P1050271-PA-scaled.jpg\" alt=\"Panor\u00e1mica en el ascenso al Island Peak, Imja Tse, de izquierda a derecha: Shart Tse II (7.457 mts.), Cho Polu (6.700 mts.), bajo estos el Glaciar Lhotse Shar; Numri (6.635 mts.) en el centro, Kali Himal (6.985 mts.)\/Baruntse (7.129 mts.), Amphu I (6.740 mts.) y al fondo derecha posiblemente aparece la punta del Peak 41 (6.648 mts.).\" width=\"2560\" height=\"641\" srcset=\"https:\/\/www.monta\u00f1asdelaluna.es\/wp-content\/uploads\/2024\/10\/P1050271-PA-scaled.jpg 2560w, https:\/\/www.monta\u00f1asdelaluna.es\/wp-content\/uploads\/2024\/10\/P1050271-PA-300x75.jpg 300w, https:\/\/www.monta\u00f1asdelaluna.es\/wp-content\/uploads\/2024\/10\/P1050271-PA-1024x256.jpg 1024w, https:\/\/www.monta\u00f1asdelaluna.es\/wp-content\/uploads\/2024\/10\/P1050271-PA-768x192.jpg 768w, https:\/\/www.monta\u00f1asdelaluna.es\/wp-content\/uploads\/2024\/10\/P1050271-PA-1536x385.jpg 1536w, https:\/\/www.monta\u00f1asdelaluna.es\/wp-content\/uploads\/2024\/10\/P1050271-PA-2048x513.jpg 2048w\" sizes=\"auto, (max-width: 2560px) 100vw, 2560px\" \/><\/a><p id=\"caption-attachment-52922\" class=\"wp-caption-text\">Panor\u00e1mica en el ascenso al Island Peak, Imja Tse, de izquierda a derecha: Shart Tse II (7.457 mts.), Cho Polu (6.700 mts.), bajo estos el Glaciar Lhotse Shar; Numri (6.635 mts.) en el centro, Kali Himal (6.985 mts.)\/Baruntse (7.129 mts.), Amphu I (6.740 mts.) y al fondo derecha posiblemente aparece la punta del Peak 41 (6.648 mts.).<\/p><\/div>\n<p>Ya estamos todos preparados, por suerte he descansado algo, pero como si nada, sigo con mi cansancio casi extremo. Nos damos cuenta de que solo hay una cuerda para los 4\u2026 \u00a1\u00bfC\u00f3mo una cuerda para los 4?! \u00a1Tendr\u00edan que ser 2 cuerdas, uno para cada pareja, para cada dos, ligados a un gu\u00eda!&#8230; esto es una tomadura de pelo, no sabemos si lo hacen a prop\u00f3sito o se hacen los tontos o no se han le\u00eddo lo contratado en la oferta, no s\u00e9, pero se va sumando a las cosas, a las otras cosas que hemos tenido que reclamar o quejarnos, como el pic nic del Chola Pas\u2026 \u00a1\u00bftanto cuesta traer una cuerda m\u00e1s?! No me lo puedo creer. As\u00ed que iremos los 4 encordados en la misma cuerda, o mejor dicho los cinco si contamos al gu\u00eda \u00a1Qu\u00e9 peligro!<\/p>\n<p>Salimos de las rocas saltamos al glaciar por la izquierda, el cual comienza con palas empinadas y recorrido de subida y bajada, de aqu\u00ed para all\u00e1, evitando las grietas m\u00e1s peligrosas, o cruzando las peligrosas por los lugares m\u00e1s seguros\u2026 el glaciar en esta parte est\u00e1 muy ca\u00f3tico\u2026 pero nos encontramos con otra incongruencia de los gu\u00edas: Nos hacen dejar los palos y piolet en las rocas \u00a1\u00bfQu\u00e9 vamos a cruzar un glaciar desgastado a seis mil metros de altura sin piolet?! \u00a1\u00bfEstamos locos?! Por culpa de mi cansancio no tengo ganas ni de protestar, ni de comprobar, ni de ser consciente del peligro que pasaremos sin piolet\u2026 a veces creo que esta gente nos toma por turistas de la monta\u00f1a, que no tenemos ni idea ni consecuentes del terreno en el que nos metemos, y nos tratan como borregos; no somos profesionales, pero con la suficiente experiencia como para saber c\u00f3mo comportarnos y c\u00f3mo actuar en estas condiciones y lugares. Me deber\u00eda sentir casi \u201cenga\u00f1ado\u201d o \u201cmanipulado\u201d, pero estoy tan cansado que solo quiero subir y que todo esto acabe\u2026 parar y descansar.<\/p>\n<p>Por suerte el d\u00eda es excepcional, las nubes van dejando paso al sol y en esta gigantesca nevera cerca de los seis mil metros, se agradece. Caminamos entonces por las palas del glaciar encordados sin palos ni piolets (que Dios nos coja confesados), pero llega un momento, como he comentado, que nos metemos en grietas con nieve en su fondo; hay que bajar por palas y subir por la pala de enfrente; entonces nos topamos con las \u201cprimeras cuerdas fijas\u201d, son de color blanco. Usamos los yumas, descensores, Basic\u2026 y por fin el ascenso ya es m\u00e1s divertido, entretenido, me olvido por momentos de mi fuerte cansancio y subo, bajo casi con alegr\u00eda por la diversi\u00f3n. A Jordi le tengo que explicar c\u00f3mo utilizarlo o como usarlo, creo que es la primera vez que usa alg\u00fan instrumento como este de escalada, espeleo, monta\u00f1a\u2026 el orden de cordada es el siguiente: primero Prem, el gu\u00eda, despu\u00e9s Dolors, Luis, yo y Jordi el \u00faltimo; el otro gu\u00eda creo que no estaba encordado con nosotros.<\/p>\n<div id=\"attachment_52932\" style=\"width: 1071px\" class=\"wp-caption aligncenter\"><a class=\"dt-pswp-item\" href=\"https:\/\/www.monta\u00f1asdelaluna.es\/wp-content\/uploads\/2024\/10\/PA205449.jpg\" data-dt-img-description=\"\" data-large_image_width=\"1061\" data-large_image_height=\"708\"><img loading=\"lazy\" decoding=\"async\" aria-describedby=\"caption-attachment-52932\" class=\"wp-image-52932 size-full\" src=\"https:\/\/www.monta\u00f1asdelaluna.es\/wp-content\/uploads\/2024\/10\/PA205449.jpg\" alt=\"El segundo gu\u00eda y Dolors, detr\u00e1s el glaciar de la parte este del Island Peak, arriba la (nueva) barrera rocosa que te sube a la cresta cimera, y la cima al fondo derecha\" width=\"1061\" height=\"708\" srcset=\"https:\/\/www.monta\u00f1asdelaluna.es\/wp-content\/uploads\/2024\/10\/PA205449.jpg 1061w, https:\/\/www.monta\u00f1asdelaluna.es\/wp-content\/uploads\/2024\/10\/PA205449-300x200.jpg 300w, https:\/\/www.monta\u00f1asdelaluna.es\/wp-content\/uploads\/2024\/10\/PA205449-1024x683.jpg 1024w, https:\/\/www.monta\u00f1asdelaluna.es\/wp-content\/uploads\/2024\/10\/PA205449-768x512.jpg 768w\" sizes=\"auto, (max-width: 1061px) 100vw, 1061px\" \/><\/a><p id=\"caption-attachment-52932\" class=\"wp-caption-text\">El segundo gu\u00eda y Dolors, detr\u00e1s el glaciar de la parte este del Island Peak, arriba la (nueva) barrera rocosa que te sube a la cresta cimera, y la cima al fondo derecha<\/p><\/div>\n<div id=\"attachment_52921\" style=\"width: 1810px\" class=\"wp-caption aligncenter\"><a class=\"dt-pswp-item\" href=\"https:\/\/www.monta\u00f1asdelaluna.es\/wp-content\/uploads\/2024\/10\/P1050268-A.jpg\" data-dt-img-description=\"\" data-large_image_width=\"1800\" data-large_image_height=\"1180\"><img loading=\"lazy\" decoding=\"async\" aria-describedby=\"caption-attachment-52921\" class=\"wp-image-52921 size-full\" src=\"https:\/\/www.monta\u00f1asdelaluna.es\/wp-content\/uploads\/2024\/10\/P1050268-A.jpg\" alt=\"Cuerdas fijas de subida a la cresta cimera al Island Peak o Imja Tse\" width=\"1800\" height=\"1180\" srcset=\"https:\/\/www.monta\u00f1asdelaluna.es\/wp-content\/uploads\/2024\/10\/P1050268-A.jpg 1800w, https:\/\/www.monta\u00f1asdelaluna.es\/wp-content\/uploads\/2024\/10\/P1050268-A-300x197.jpg 300w, https:\/\/www.monta\u00f1asdelaluna.es\/wp-content\/uploads\/2024\/10\/P1050268-A-1024x671.jpg 1024w, https:\/\/www.monta\u00f1asdelaluna.es\/wp-content\/uploads\/2024\/10\/P1050268-A-768x503.jpg 768w, https:\/\/www.monta\u00f1asdelaluna.es\/wp-content\/uploads\/2024\/10\/P1050268-A-1536x1007.jpg 1536w\" sizes=\"auto, (max-width: 1800px) 100vw, 1800px\" \/><\/a><p id=\"caption-attachment-52921\" class=\"wp-caption-text\">Cuerdas fijas de subida a la cresta cimera al Island Peak o Imja Tse<\/p><\/div>\n<p>Y todo iba bien y divertido hasta que tenemos que subir una pared no excesivamente inclinada de hielo para llegar al plateau del glaciar. Dolors es la primera de la cordada y casi al final de esta subida o pasada la mitad de la misma comienza a gritar y a escandalizarse: se le ha soltado un cramp\u00f3n. Debajo est\u00e1 Luis que le habla y quiere ayudarla con algo de indignaci\u00f3n, con lo que tiene que ascender hasta el punto donde ella est\u00e1, que se ha quedado parada, paralizada. Y si \u00e9l tiene subir, estamos todos ligados a la misma cuerda, con lo que la cuerda ha de moverse, y con ella Jordi y yo. Entonces para que Luis pueda alcanzar a Dolors, yo comienzo a subir a la vez cambiando la fuerza y la velocidad de la marcha, pero Jordi no hace lo mismo. No puedo ver lo que hace Jordi porque est\u00e1 debajo de m\u00ed, a mi espalda, pero no me deja proseguir y tengo que hacer una fuerza excesiva para ascender yo y subir a Jordi. Y cada vez que intento hacer un paso largo subiendo el Basic por la cuerda fija, y veo que se queda tensa porque no avanza, le grito a Jordi que suba, que si no sube no puedo avanzar, subir yo, para acercar a Luis a Dolors. Otra vez se queda la cuerda tensa, Jordi no sube y le vuelvo a gritar. Al final es un momento tenso. Si fueran condiciones de peligro me parece que nos la hubi\u00e9ramos comido, ya que las reacciones en momentos decisivos en la monta\u00f1a, seg\u00fan condiciones y caracter\u00edsticas, han de ser r\u00e1pidas y precisas\u2026 y yo le gritaba y enfadaba a Jordi porque no sab\u00eda progresar por la cuerda fija para que Luis pudiera ayudar a Dolors\u2026 tendr\u00edan que haber sido dos cuerdas en lugar de una, tendr\u00edamos que haber llevado los piolets para poder avanzar sin cuerda fija\u2026 tantas cosas\u2026 tantos \u201cerrores\u201d\u2026 y encima el sobreesfuerzo que tengo que hacer para subir la cuerda y subir a Jordi con ella. Ufff!!!<\/p>\n<p>Y por fin llegamos arriba de la pala saliendo de la grieta al magn\u00edfico y f\u00e1cil plateau. Luis ayuda a Dolors a colocarse el cramp\u00f3n que se ha salido, pero yo decido seguir caminando ya que si me quedo parado, me ser\u00e1 m\u00e1s dif\u00edcil de seguir. Aun as\u00ed voy muy lento, la diversi\u00f3n se ha acabado con el sobreesfuerzo de esta \u00faltima cuerda fija que he hecho m\u00e1s mella en mi cansancio\u2026 a ver hasta donde llego. Las vistas siguen siendo magn\u00edficas y preciosas de esta alta monta\u00f1a del Himalaya, las monta\u00f1as son las mismas pero m\u00e1s altivas, ya que, desde esta perspectiva, altura, vemos m\u00e1s superficies, m\u00e1s rincones de las mismas, que antes nos tapaban sus propios perfiles. Incluso vemos la punta del Makalu; sobresale como un peque\u00f1o piquito hacia el este, detr\u00e1s del muro que forma el Cho Polu y el Numri. Impresionante, espectacular. Pero no hago fotos. He dejado de hacer fotos a pesar de las incre\u00edbles vistas. Cuando estoy muy cansado, no estoy inspirado para hacer fotos.<\/p>\n<p>Y mientras caminamos por el ahora f\u00e1cil glaciar, que en un principio es llano, un falso llano, pero comienza a empinarse y girar el recorrido a medida que vamos acerc\u00e1ndonos a la parte m\u00e1s alta o a la barrera rocosa que hay bajo la cresta cimera a la izquierda del glaciar, observamos las cuerdas fijas por en medio de la nombrada barrera rocosa que no llega a ser pared muy vertical. \u00c9stas cuerdas fijas van desde el final del glaciar, desde su rimaya, hasta la cima de la cresta cimera\u2026 parece que hay muchas cuerdas fijas.<\/p>\n<div id=\"attachment_52933\" style=\"width: 1071px\" class=\"wp-caption aligncenter\"><a class=\"dt-pswp-item\" href=\"https:\/\/www.monta\u00f1asdelaluna.es\/wp-content\/uploads\/2024\/10\/PA205451.jpg\" data-dt-img-description=\"\" data-large_image_width=\"1061\" data-large_image_height=\"708\"><img loading=\"lazy\" decoding=\"async\" aria-describedby=\"caption-attachment-52933\" class=\"wp-image-52933 size-full\" src=\"https:\/\/www.monta\u00f1asdelaluna.es\/wp-content\/uploads\/2024\/10\/PA205451.jpg\" alt=\"Punto donde entramos al glaciar de la parte este del Island Peak, arriba la (nueva) barrera rocosa que te sube a la cresta cimera\" width=\"1061\" height=\"708\" srcset=\"https:\/\/www.monta\u00f1asdelaluna.es\/wp-content\/uploads\/2024\/10\/PA205451.jpg 1061w, https:\/\/www.monta\u00f1asdelaluna.es\/wp-content\/uploads\/2024\/10\/PA205451-300x200.jpg 300w, https:\/\/www.monta\u00f1asdelaluna.es\/wp-content\/uploads\/2024\/10\/PA205451-1024x683.jpg 1024w, https:\/\/www.monta\u00f1asdelaluna.es\/wp-content\/uploads\/2024\/10\/PA205451-768x512.jpg 768w\" sizes=\"auto, (max-width: 1061px) 100vw, 1061px\" \/><\/a><p id=\"caption-attachment-52933\" class=\"wp-caption-text\">Punto donde entramos al glaciar de la parte este del Island Peak, arriba la (nueva) barrera rocosa que te sube a la cresta cimera<\/p><\/div>\n<div id=\"attachment_52934\" style=\"width: 1071px\" class=\"wp-caption aligncenter\"><a class=\"dt-pswp-item\" href=\"https:\/\/www.monta\u00f1asdelaluna.es\/wp-content\/uploads\/2024\/10\/PA205452.jpg\" data-dt-img-description=\"\" data-large_image_width=\"1061\" data-large_image_height=\"708\"><img loading=\"lazy\" decoding=\"async\" aria-describedby=\"caption-attachment-52934\" class=\"wp-image-52934 size-full\" src=\"https:\/\/www.monta\u00f1asdelaluna.es\/wp-content\/uploads\/2024\/10\/PA205452.jpg\" alt=\"Punto donde entramos al glaciar de la parte este del Island Peak,\" width=\"1061\" height=\"708\" srcset=\"https:\/\/www.monta\u00f1asdelaluna.es\/wp-content\/uploads\/2024\/10\/PA205452.jpg 1061w, https:\/\/www.monta\u00f1asdelaluna.es\/wp-content\/uploads\/2024\/10\/PA205452-300x200.jpg 300w, https:\/\/www.monta\u00f1asdelaluna.es\/wp-content\/uploads\/2024\/10\/PA205452-1024x683.jpg 1024w, https:\/\/www.monta\u00f1asdelaluna.es\/wp-content\/uploads\/2024\/10\/PA205452-768x512.jpg 768w\" sizes=\"auto, (max-width: 1061px) 100vw, 1061px\" \/><\/a><p id=\"caption-attachment-52934\" class=\"wp-caption-text\">Punto donde entramos al glaciar de la parte este del Island Peak,<\/p><\/div>\n<p>Voy muy lento y sin fuerzas pero consigo llegar a un punto desde el cual puedo observar, girando a la izquierda, una gran grieta que casi forma un serac, inclinado, desplomado, por el que bajan monta\u00f1eros en un rappel volado, pero que tienen que hacer un p\u00e9ndulo para no acabar en el agujero de la grieta. Es espeluznante. Espero al resto del grupo a que llegue. Me siento en el hielo del glaciar mientras el sol intenta calentar, con el plumas North Face abierto por su calor y mir\u00e1ndome las botas G2 de La Sportiva, para comprobar que los crampones, en la parte de los talones, est\u00e1n bien clavados al hielo para no resbalarme y bajar el glaciar sin freno ni piolet. Y ahora al sentarme el cansancio y no s\u00e9 si un mareo o dolor de cabeza, se agudiza, creo que no podr\u00e9 seguir m\u00e1s pero no digo nada a los compa\u00f1eros que comienzan a llegar a mi punto. Luis se queja de las cuerdas fijas, que son muy viejas y est\u00e1n muy deterioradas. S\u00ed que es verdad que estaban como cubiertas de hielo por lo que parec\u00edan deshilaches, no s\u00e9, el caso es que Luis se quejaba mucho del estado de las mismas y no se fiaba demasiado, estaba inquieto. Jordi y Dolors estaban bien, pero al ver el rappel volado, se estremecieron: \u201c\u00bf\u00a1Por ah\u00ed hay que subir?!\u201d No deber\u00eda ser por ah\u00ed, ya que es por donde bajan los monta\u00f1eros. De hecho nos quedamos viendo como algunos grupos, uno de ellos era el chico aquel de barbita, que ya baja en el rappel volado. Tranquilo, animado y con fuerzas. Curioso.<\/p>\n<p>Estamos a unos 6.000 metros de altura, nos quedan unos 200 metros de desnivel hasta la cima del Island Peak, Imja Tse, pero nos queda lo m\u00e1s escarpado y expuesto: varias cuerdas fijas que suben por la barrera rocosa bajo la cresta cimera, la cresta cimera hasta el mismo pico, en donde nos podemos encontrar alguna otra cuerda fija; y viendo la subida, duraci\u00f3n y pendiente por las cuerdas fijas de la barrera rocosa casi vertical o tumbada, despu\u00e9s de pasar por el rappel volado, me parece imposible con mi estado. Estoy muy malo, enfermo por la altura y el cansancio, que viene por el mismo motivo y causa. Estamos un rato hablando con Prem y el otro gu\u00eda que no nos entiende, y finalmente con las causas de mi estado, y el estado de las cuerdas fijas seg\u00fan Luis (eso me libra de ser solo mi causa), y ante el esforzado siguiente paso por el rappel volado en aquella temeraria grieta, serac, por la que tendr\u00edamos que yumaquear, decidimos bajarnos.<\/p>\n<p>Con lo que despu\u00e9s de descansar un poco y ver como bajan los monta\u00f1eros, turn\u00e1ndose, en el rappel volado. Comenzamos el descenso. Vemos que justo en este punto los gu\u00edas o los mismos monta\u00f1eros, han decidido dejar los piolets tambi\u00e9n clavados aqu\u00ed, antes de subir por el rappel volado\u2026 al menos los han subida hasta aqu\u00ed. A pesar de que la cima no parec\u00eda muy lejos de aqu\u00ed, y solamente quedaba subir a la cresta cimera y seguirla, realmente las dificultades y tiempo se acentuaba, y si est\u00e1s cansado o con mal de altura, mala cosa, se hace eterno estos 200 metros de desnivel, y es cuando m\u00e1s sufres.<\/p>\n<div id=\"attachment_52923\" style=\"width: 1790px\" class=\"wp-caption aligncenter\"><a class=\"dt-pswp-item\" href=\"https:\/\/www.monta\u00f1asdelaluna.es\/wp-content\/uploads\/2024\/10\/P1050278-A.jpg\" data-dt-img-description=\"\" data-large_image_width=\"1780\" data-large_image_height=\"1122\"><img loading=\"lazy\" decoding=\"async\" aria-describedby=\"caption-attachment-52923\" class=\"wp-image-52923 size-full\" src=\"https:\/\/www.monta\u00f1asdelaluna.es\/wp-content\/uploads\/2024\/10\/P1050278-A.jpg\" alt=\"Abajo el recorrido por el plateau del glaciar en la subida al Island Peak o Imja Tse, el centro la zona del Amphu Labsta, con el Ombigaichan (6.340 mts,) el m\u00e1s alto, detr\u00e1s a su izquierda el paso del mismo nombre, y a la derecha el Ama Dablam (6.814 mts.)\" width=\"1780\" height=\"1122\" srcset=\"https:\/\/www.monta\u00f1asdelaluna.es\/wp-content\/uploads\/2024\/10\/P1050278-A.jpg 1780w, https:\/\/www.monta\u00f1asdelaluna.es\/wp-content\/uploads\/2024\/10\/P1050278-A-300x189.jpg 300w, https:\/\/www.monta\u00f1asdelaluna.es\/wp-content\/uploads\/2024\/10\/P1050278-A-1024x645.jpg 1024w, https:\/\/www.monta\u00f1asdelaluna.es\/wp-content\/uploads\/2024\/10\/P1050278-A-768x484.jpg 768w, https:\/\/www.monta\u00f1asdelaluna.es\/wp-content\/uploads\/2024\/10\/P1050278-A-1536x968.jpg 1536w\" sizes=\"auto, (max-width: 1780px) 100vw, 1780px\" \/><\/a><p id=\"caption-attachment-52923\" class=\"wp-caption-text\">Abajo el recorrido por el plateau del glaciar en la subida al Island Peak o Imja Tse, el centro la zona del Amphu Labsta, con el Ombigaichan (6.340 mts,) el m\u00e1s alto, detr\u00e1s a su izquierda el paso del mismo nombre, y a la derecha el Ama Dablam (6.814 mts.)<\/p><\/div>\n<div id=\"attachment_52924\" style=\"width: 1810px\" class=\"wp-caption aligncenter\"><a class=\"dt-pswp-item\" href=\"https:\/\/www.monta\u00f1asdelaluna.es\/wp-content\/uploads\/2024\/10\/P1050279-B.jpg\" data-dt-img-description=\"\" data-large_image_width=\"1800\" data-large_image_height=\"1202\"><img loading=\"lazy\" decoding=\"async\" aria-describedby=\"caption-attachment-52924\" class=\"wp-image-52924 size-full\" src=\"https:\/\/www.monta\u00f1asdelaluna.es\/wp-content\/uploads\/2024\/10\/P1050279-B.jpg\" alt=\"Paso de rappel volado en el glaciar sobre una grieta del mismo\" width=\"1800\" height=\"1202\" srcset=\"https:\/\/www.monta\u00f1asdelaluna.es\/wp-content\/uploads\/2024\/10\/P1050279-B.jpg 1800w, https:\/\/www.monta\u00f1asdelaluna.es\/wp-content\/uploads\/2024\/10\/P1050279-B-300x200.jpg 300w, https:\/\/www.monta\u00f1asdelaluna.es\/wp-content\/uploads\/2024\/10\/P1050279-B-1024x684.jpg 1024w, https:\/\/www.monta\u00f1asdelaluna.es\/wp-content\/uploads\/2024\/10\/P1050279-B-768x513.jpg 768w, https:\/\/www.monta\u00f1asdelaluna.es\/wp-content\/uploads\/2024\/10\/P1050279-B-1536x1026.jpg 1536w\" sizes=\"auto, (max-width: 1800px) 100vw, 1800px\" \/><\/a><p id=\"caption-attachment-52924\" class=\"wp-caption-text\">Paso de rappel volado en el glaciar sobre una grieta del mismo<\/p><\/div>\n<div id=\"attachment_52925\" style=\"width: 1212px\" class=\"wp-caption aligncenter\"><a class=\"dt-pswp-item\" href=\"https:\/\/www.monta\u00f1asdelaluna.es\/wp-content\/uploads\/2024\/10\/P1050282-A.jpg\" data-dt-img-description=\"\" data-large_image_width=\"1202\" data-large_image_height=\"1799\"><img loading=\"lazy\" decoding=\"async\" aria-describedby=\"caption-attachment-52925\" class=\"wp-image-52925 size-full\" src=\"https:\/\/www.monta\u00f1asdelaluna.es\/wp-content\/uploads\/2024\/10\/P1050282-A.jpg\" alt=\"Paso de rappel volado en el glaciar sobre una grieta del mismo\" width=\"1202\" height=\"1799\" srcset=\"https:\/\/www.monta\u00f1asdelaluna.es\/wp-content\/uploads\/2024\/10\/P1050282-A.jpg 1202w, https:\/\/www.monta\u00f1asdelaluna.es\/wp-content\/uploads\/2024\/10\/P1050282-A-200x300.jpg 200w, https:\/\/www.monta\u00f1asdelaluna.es\/wp-content\/uploads\/2024\/10\/P1050282-A-684x1024.jpg 684w, https:\/\/www.monta\u00f1asdelaluna.es\/wp-content\/uploads\/2024\/10\/P1050282-A-768x1149.jpg 768w, https:\/\/www.monta\u00f1asdelaluna.es\/wp-content\/uploads\/2024\/10\/P1050282-A-1026x1536.jpg 1026w\" sizes=\"auto, (max-width: 1202px) 100vw, 1202px\" \/><\/a><p id=\"caption-attachment-52925\" class=\"wp-caption-text\">Paso de rappel volado en el glaciar sobre una grieta del mismo<\/p><\/div>\n<p>Al estar tan cansado en esta parte de la actividad, sigo sin hacer ni una foto, el cansancio mi impide inspirarme para hacer fotos, no tengo ganas, solo de salir de una vez de este infierno. Jordi hace pocas m\u00e1s, las aprovechar\u00e9 para ense\u00f1arlas. Pero lo m\u00e1s curioso son los comentarios de Luis y Jordi m\u00e1s adelante: lo que han visto en YouTube no tiene nada que ver con lo que nos hemos encontrado. Seg\u00fan los videos del ascenso vistos en YouTube, la actividad no era tan esforzada, tan t\u00e9cnica, tan peliaguda, tan entretenida\u2026 ahora parec\u00eda que hab\u00eda tres o cuatro veces m\u00e1s cuerdas fijas que en los videos, con lo cual puede tener tres o cuatro veces m\u00e1s dificultad que en los videos. Hablando con Prem, nos dice que la monta\u00f1a en estos tres \u00faltimos a\u00f1os ha cambiado sensiblemente, el glaciar se ha retirado, ha dejado m\u00e1s barreras rocosas, m\u00e1s grietas, m\u00e1s impedimentos y obst\u00e1culos que lo hacen m\u00e1s peligroso y temible\u2026 eso tambi\u00e9n les echan para atr\u00e1s a los compa\u00f1eros que han visto los videos. Por lo visto, los videos son de hace m\u00e1s de tres a\u00f1os, no son actuales, de ah\u00ed la perplejidad y sorpresa. Las monta\u00f1as est\u00e1n cambiando a pasos agigantados, se vuelven m\u00e1s grises, peligrosas e inestables, es un hecho probado desde hace m\u00e1s de dos, tres d\u00e9cadas, y se est\u00e1 acelerando por momentos. Es una pena\u2026 son tan hermosas estas monta\u00f1as con sus glaciares y blancura\u2026<\/p>\n<p>Curiosamente hablando con Javi Berenguer que vinieron d\u00edas despu\u00e9s y ascendieron el Island Peak, su gu\u00eda espa\u00f1ol no les llev\u00f3 en la subida por el rappel volado, sino que lo rodeo por arriba siguiendo el glaciar recto, y girando al poco hacia la izquierda. Solo lo hicieron de bajada. Cosa que me hace pensar si Prem y el gu\u00eda conoc\u00edan esta otra subida o quer\u00edan impresionarnos, asustarnos, con esta del rappel volado\u2026 Y las cuerdas fijas de la barrera rocosa, arriba del glaciar, para subir a lomos de la cresta, nos comenta an\u00e9cdotas de casos, turnos para subir, bajar, colapso y malas sensaciones\u2026 incluso Zaida nos cuenta que en la cima, hab\u00eda un grupo de monta\u00f1eros que estaban tan cansados, que tuvieron que llamar a un helic\u00f3ptero para bajarlos. Incre\u00edble. Esta monta\u00f1a hab\u00eda dejado de ser un objetivo f\u00e1cil que se hace \u201cde pasada\u201d a la vez que haces un trekking por el Himalaya. Era mejor aclimatarse y dedicar la actividad espec\u00edficamente para ascenderla, como hicieron Javi y Zaida. A\u00fan as\u00ed es muy esforzada, sufrida.<\/p>\n<p>Despu\u00e9s de bajar por el f\u00e1cil glaciar y pasar por el vertiginoso pasillo casi aireado que del glaciar nos deja en la roca donde dejamos los piolets y nos pusimos los crampones, desandando lo ascendido (si alguien se resbala por aqu\u00ed, en el hielo antes de la roca, y cae, el golpe, ca\u00edda, puede ser mortal; sin piolet para pararse), seguimos monta\u00f1a abajo desandando lo subido. Lidero la bajada, tengo unas ganas tremendas de bajar, que quitarme este mal de altura que me est\u00e1 atacando y me lo hace pasar mal. Poco despu\u00e9s de comenzar la bajada por la bien marcada senda, en el fondo del barranco en un rinc\u00f3n, vemos como hay plantadas unas tiendas de monta\u00f1a. Plantadas en la misma roca o piedras, a unos 5.600 mts. de altura., es el campo alto de Island Peak. Verdaderamente a mitad de altura entre la cima y el Campo Base. Pues hubiera venido bien pasar aqu\u00ed la noche y adelantar algo, si hubi\u00e9ramos sabido el estado de este ascenso tan t\u00e9cnico, tan cambiado de cuando subieron nuestros compa\u00f1eros de Almorad\u00ed, desde hace tres a\u00f1os. Hubi\u00e9ramos salido quiz\u00e1s m\u00e1s aclimatados, m\u00e1s descansados\u2026 quien sabe.<\/p>\n<div id=\"attachment_52931\" style=\"width: 610px\" class=\"wp-caption aligncenter\"><a class=\"dt-pswp-item\" href=\"https:\/\/www.monta\u00f1asdelaluna.es\/wp-content\/uploads\/2024\/10\/mera-island-peak1.croquis.web_.jpg\" data-dt-img-description=\"\" data-large_image_width=\"600\" data-large_image_height=\"350\"><img loading=\"lazy\" decoding=\"async\" aria-describedby=\"caption-attachment-52931\" class=\"wp-image-52931 size-full\" src=\"https:\/\/www.monta\u00f1asdelaluna.es\/wp-content\/uploads\/2024\/10\/mera-island-peak1.croquis.web_.jpg\" alt=\"Croquis de Island Peak o Imja Tse. Recorrido del ascenso realizado: l\u00ednea discontinua de puntos rojos (1). Punto Azul: lugar aproximado donde nos quedamos a 6.000 mts. aprox. L\u00ednea Amarilla: recorrido que nos quedaba hasta la cima. High Camp a 5.600 mts.\" width=\"600\" height=\"350\" srcset=\"https:\/\/www.monta\u00f1asdelaluna.es\/wp-content\/uploads\/2024\/10\/mera-island-peak1.croquis.web_.jpg 600w, https:\/\/www.monta\u00f1asdelaluna.es\/wp-content\/uploads\/2024\/10\/mera-island-peak1.croquis.web_-300x175.jpg 300w\" sizes=\"auto, (max-width: 600px) 100vw, 600px\" \/><\/a><p id=\"caption-attachment-52931\" class=\"wp-caption-text\">Croquis de Island Peak o Imja Tse. Recorrido del ascenso realizado: l\u00ednea discontinua de puntos rojos (1). Punto Azul: lugar aproximado donde nos quedamos a 6.000 mts. aprox. L\u00ednea Amarilla: recorrido que nos quedaba hasta la cima. High Camp a 5.600 mts.<\/p><\/div>\n<div id=\"attachment_52928\" style=\"width: 1207px\" class=\"wp-caption aligncenter\"><a class=\"dt-pswp-item\" href=\"https:\/\/www.monta\u00f1asdelaluna.es\/wp-content\/uploads\/2024\/10\/Imja-Tse2.croquis.web_.jpg\" data-dt-img-description=\"\" data-large_image_width=\"1197\" data-large_image_height=\"675\"><img loading=\"lazy\" decoding=\"async\" aria-describedby=\"caption-attachment-52928\" class=\"wp-image-52928 size-full\" src=\"https:\/\/www.monta\u00f1asdelaluna.es\/wp-content\/uploads\/2024\/10\/Imja-Tse2.croquis.web_.jpg\" alt=\"Croquis de Island Peak o Imja Tse. Recorrido del ascenso realizado: l\u00ednea roja (1). Punto Azul: lugar aproximado donde nos quedamos a 6.000 mts. aprox. High Camp a 5.600 mts.\" width=\"1197\" height=\"675\" srcset=\"https:\/\/www.monta\u00f1asdelaluna.es\/wp-content\/uploads\/2024\/10\/Imja-Tse2.croquis.web_.jpg 1197w, https:\/\/www.monta\u00f1asdelaluna.es\/wp-content\/uploads\/2024\/10\/Imja-Tse2.croquis.web_-300x169.jpg 300w, https:\/\/www.monta\u00f1asdelaluna.es\/wp-content\/uploads\/2024\/10\/Imja-Tse2.croquis.web_-1024x577.jpg 1024w, https:\/\/www.monta\u00f1asdelaluna.es\/wp-content\/uploads\/2024\/10\/Imja-Tse2.croquis.web_-768x433.jpg 768w\" sizes=\"auto, (max-width: 1197px) 100vw, 1197px\" \/><\/a><p id=\"caption-attachment-52928\" class=\"wp-caption-text\">Croquis de Island Peak o Imja Tse. Recorrido del ascenso realizado: l\u00ednea roja (1). Punto Azul: lugar aproximado donde nos quedamos a 6.000 mts. aprox. High Camp a 5.600 mts.<\/p><\/div>\n<div id=\"attachment_52929\" style=\"width: 674px\" class=\"wp-caption aligncenter\"><a class=\"dt-pswp-item\" href=\"https:\/\/www.monta\u00f1asdelaluna.es\/wp-content\/uploads\/2024\/10\/Imja-Tse4.croquis.web_.jpg\" data-dt-img-description=\"\" data-large_image_width=\"664\" data-large_image_height=\"519\"><img loading=\"lazy\" decoding=\"async\" aria-describedby=\"caption-attachment-52929\" class=\"wp-image-52929 size-full\" src=\"https:\/\/www.monta\u00f1asdelaluna.es\/wp-content\/uploads\/2024\/10\/Imja-Tse4.croquis.web_.jpg\" alt=\"Croquis de Island Peak o Imja Tse. Recorrido del ascenso realizado desde el Campo Base: l\u00ednea verde. Punto Negro: Campo Base, 5.080 mts. Punto Azul: lugar aproximado donde nos quedamos, 6.000 mts. aprox. L\u00ednea Amarilla: recorrido que nos quedaba hasta la cima. \" width=\"664\" height=\"519\" srcset=\"https:\/\/www.monta\u00f1asdelaluna.es\/wp-content\/uploads\/2024\/10\/Imja-Tse4.croquis.web_.jpg 664w, https:\/\/www.monta\u00f1asdelaluna.es\/wp-content\/uploads\/2024\/10\/Imja-Tse4.croquis.web_-300x234.jpg 300w\" sizes=\"auto, (max-width: 664px) 100vw, 664px\" \/><\/a><p id=\"caption-attachment-52929\" class=\"wp-caption-text\">Croquis de Island Peak o Imja Tse. Recorrido del ascenso realizado desde el Campo Base: l\u00ednea verde. Punto Negro: Campo Base, 5.080 mts. Punto Azul: lugar aproximado donde nos quedamos, 6.000 mts. aprox. L\u00ednea Amarilla: recorrido que nos quedaba hasta la cima.<\/p><\/div>\n<p>Seguimos la bajada sin casi parar. Ahora el largo zigzag. Ya veo abajo, al fondo de la monta\u00f1a, el pasillo, el callej\u00f3n entre las morrenas y las laderas del Island Peak, para girar hacia la derecha en busca del Campo Base, y es cuando comienza a darme un dolor de cabeza insoportable. Llegamos al Campo Base y nos dan 2 horas para descansar. Esas 2 horas las paso metido en el saco, dentro de la tienda, sobre mi colch\u00f3n, con un dolor de cabeza insoportable y un estado general p\u00e9simo, doloroso, inc\u00f3modo. Jordi se queda en su saco pero no se mueve, est\u00e1 tranquilo y bien \u00a1Qu\u00e9 suerte! Parece que el resto del grupo est\u00e1n bien. No les ha afectado tanto como a m\u00ed, o nada, la altura. Dentro del saco no s\u00e9 c\u00f3mo estar, me muevo mucho porque me ponga como me ponga el dolor y malestar es insoportable, mucho dolor y sufrimiento, \u00a1la cabeza me va a estallar!\u2026 no recuerdo si me llego a tomar alg\u00fan ibuprofeno, pero parece que no me hac\u00eda efecto\u2026 \u00a1\u00a1Qu\u00e9 mal lo pas\u00e9!!<\/p>\n<p>Al cabo de esas dos horas, se nos acerca Prem y nos dice que ya toca bajar a Chhukhung. Comienzo a moverme a c\u00e1mara lenta y me cuesta un huevo meter el saco dentro de su estrecha funda, pero lo consigo. Hago la mochila, salgo de la tienda y nos reunimos entre la tienda comedor y nuestras tiendas, igual que esta madrugada para salir al Island Peak, para salir ahora hacia Chhukhung, desandando el camino de ayer. Y salimos hacia las comodidades de la civilizaci\u00f3n sherpa, hacia una cama m\u00e1s c\u00f3moda y hacia una altura m\u00e1s baja, para descansar el cuerpo y el esfuerzo.<\/p>\n<p>De nuevo me pongo en cabeza a la hora de bajar y cojo velocidad, parece que tengo muchas ganas de llegar, una gran ansiedad por llegar. Me siento mejor, quiz\u00e1s al ir \u201ccorriendo\u201d despisto a mi dolor de cabeza que va disminuyendo en su intensidad a medida que deshago la senda, el camino entre el Campo Base y Chhukhung. Esto tambi\u00e9n podr\u00eda servir de prueba sobre mi estado, que realmente no era un cansancio por la actividad en s\u00ed, si no por el esfuerzo en altura, que a medida que m\u00e1s esfuerzo y m\u00e1s altura, peor, m\u00e1s cansancio de mal de altura. Como ya he comentado, tendr\u00e9 que aclimatarme de una forma, cada 500 metros y seg\u00fan lo t\u00e9cnico o esfuerzo del ascenso, a partir de los cinco mil o cinco mil quinientos metros; a ver si aprendo y me dosifico para la pr\u00f3xima\u2026 pero para la pr\u00f3xima seguramente mi cuerpo ser\u00e1 otro\u2026 Tampoco saco la c\u00e1mara de fotos, no estoy inspirado para hacer fotos y como ya las hice ayer en la subida\u2026<\/p>\n<div id=\"attachment_52926\" style=\"width: 1810px\" class=\"wp-caption aligncenter\"><a class=\"dt-pswp-item\" href=\"https:\/\/www.monta\u00f1asdelaluna.es\/wp-content\/uploads\/2024\/10\/P1050285-A.jpg\" data-dt-img-description=\"\" data-large_image_width=\"1800\" data-large_image_height=\"1042\"><img loading=\"lazy\" decoding=\"async\" aria-describedby=\"caption-attachment-52926\" class=\"wp-image-52926 size-full\" src=\"https:\/\/www.monta\u00f1asdelaluna.es\/wp-content\/uploads\/2024\/10\/P1050285-A.jpg\" alt=\"De izquierda a derecha: El Cho Polu (6.700 mts.), posiblemente el Makalu (8.485 mts.) detr\u00e1s en el centro, el Numri (6.635 mts.) y el Kali Himal (6.985 mts.) a la derecha (detr\u00e1s de \u00e9ste la puntita del Baruntse, 7.129 mts.).\" width=\"1800\" height=\"1042\" srcset=\"https:\/\/www.monta\u00f1asdelaluna.es\/wp-content\/uploads\/2024\/10\/P1050285-A.jpg 1800w, https:\/\/www.monta\u00f1asdelaluna.es\/wp-content\/uploads\/2024\/10\/P1050285-A-300x174.jpg 300w, https:\/\/www.monta\u00f1asdelaluna.es\/wp-content\/uploads\/2024\/10\/P1050285-A-1024x593.jpg 1024w, https:\/\/www.monta\u00f1asdelaluna.es\/wp-content\/uploads\/2024\/10\/P1050285-A-768x445.jpg 768w, https:\/\/www.monta\u00f1asdelaluna.es\/wp-content\/uploads\/2024\/10\/P1050285-A-1536x889.jpg 1536w\" sizes=\"auto, (max-width: 1800px) 100vw, 1800px\" \/><\/a><p id=\"caption-attachment-52926\" class=\"wp-caption-text\">De izquierda a derecha: El Cho Polu (6.700 mts.), posiblemente el Makalu (8.485 mts.) detr\u00e1s en el centro, el Numri (6.635 mts.) y el Kali Himal (6.985 mts.) a la derecha (detr\u00e1s de \u00e9ste la puntita del Baruntse, 7.129 mts.).<\/p><\/div>\n<div id=\"attachment_52927\" style=\"width: 1810px\" class=\"wp-caption aligncenter\"><a class=\"dt-pswp-item\" href=\"https:\/\/www.monta\u00f1asdelaluna.es\/wp-content\/uploads\/2024\/10\/P1050286-A.jpg\" data-dt-img-description=\"\" data-large_image_width=\"1800\" data-large_image_height=\"1097\"><img loading=\"lazy\" decoding=\"async\" aria-describedby=\"caption-attachment-52927\" class=\"wp-image-52927 size-full\" src=\"https:\/\/www.monta\u00f1asdelaluna.es\/wp-content\/uploads\/2024\/10\/P1050286-A.jpg\" alt=\"El Makalu (8.485 mts.)\" width=\"1800\" height=\"1097\" srcset=\"https:\/\/www.monta\u00f1asdelaluna.es\/wp-content\/uploads\/2024\/10\/P1050286-A.jpg 1800w, https:\/\/www.monta\u00f1asdelaluna.es\/wp-content\/uploads\/2024\/10\/P1050286-A-300x183.jpg 300w, https:\/\/www.monta\u00f1asdelaluna.es\/wp-content\/uploads\/2024\/10\/P1050286-A-1024x624.jpg 1024w, https:\/\/www.monta\u00f1asdelaluna.es\/wp-content\/uploads\/2024\/10\/P1050286-A-768x468.jpg 768w, https:\/\/www.monta\u00f1asdelaluna.es\/wp-content\/uploads\/2024\/10\/P1050286-A-1536x936.jpg 1536w\" sizes=\"auto, (max-width: 1800px) 100vw, 1800px\" \/><\/a><p id=\"caption-attachment-52927\" class=\"wp-caption-text\">El Makalu (8.485 mts.)<\/p><\/div>\n<p>Y por fin llegamos a Chhukhung. Nos dan habitaci\u00f3n, nos hidratamos, Fanta de naranja, hot Lemon\u2026 y descansamos. A medida que pasa el d\u00eda otros grupos llegan al mismo Lodge (el mismo de ayer), tantos bajan, como el grupito de franceses, como otros tantos suben; y por la noche parece que hay m\u00e1s gente que antes de anoche. Por la noche, antes o despu\u00e9s de la cena, al haber m\u00e1s gente, un grupo de sillas de pl\u00e1stico se juntan cerca de la estufa de hierro en el centro del gran comedor, poco m\u00e1s lejos de las mesas. El gu\u00eda nuevo ha venido y est\u00e1 all\u00e1 sentado hablando con otra gente, sherpas, gu\u00edas posiblemente conocidos o no, pero posiblemente compa\u00f1eros laborales; como con los due\u00f1os y trabajadores del Lodge.<\/p>\n<p>Luis nos dice que est\u00e1 aqu\u00ed esperando que le demos la propina por guiarnos, ayudarnos en el intento fallido a la cima del Island Peak, por no usar dos cuerdas en lugar de una y por poner mal los crampones a Dolors\u2026 juntamos entonces unos billetes de Rupias Nepal\u00edes y nos acercamos para darle una gran propina. Se pone contento y nos da las gracias con una sonrisa; seguramente su idea era la de ayudarnos, pero bueno\u2026 Es una de las propinas que m\u00e1s me ha costado dar; a aparte una propina considerable para lo que es Nepal. Es costumbre, como dec\u00eda Luis, el dar propinas despu\u00e9s de los servicios o trabajados realizados.<\/p>\n<p>Y con esto y una buena cena, nos vamos a la cama a dormir y descansar. Ya estamos de retirada en el trekking. Los objetivos ya est\u00e1n hechos o ya hemos pasado por ellos: Gokyo, Chola Pas, Gora Shep, Kala Patthar, Island Peak\u2026 y ahora ya toca acabar el trekking, la marcha de vuelta. Como estamos bajando y los grandes esfuerzos por la altura ya los hemos hecho, la etapa de ma\u00f1ana ser\u00e1 larguilla, pero nada, nada complicada, todo por caminos muy transitados; en la que acabaremos en Tengboche y su famoso Monasterio budista.<\/p>\n<div id=\"attachment_52938\" style=\"width: 1223px\" class=\"wp-caption aligncenter\"><a class=\"dt-pswp-item\" href=\"https:\/\/www.monta\u00f1asdelaluna.es\/wp-content\/uploads\/2024\/10\/IslandPeak.croquis.web2_.jpg\" data-dt-img-description=\"\" data-large_image_width=\"1213\" data-large_image_height=\"925\"><img loading=\"lazy\" decoding=\"async\" aria-describedby=\"caption-attachment-52938\" class=\"wp-image-52938 size-full\" src=\"https:\/\/www.monta\u00f1asdelaluna.es\/wp-content\/uploads\/2024\/10\/IslandPeak.croquis.web2_.jpg\" alt=\"Croquis del recorrido y ascenso al Island Peak o Imja Tse, y vuelta a CHhukhung. Campo Base del Island Peak a 5.080 mts. Linea Roja discontinua: recorrido que nos falto hasta la cima del Island Peak o Imja Tse\" width=\"1213\" height=\"925\" srcset=\"https:\/\/www.monta\u00f1asdelaluna.es\/wp-content\/uploads\/2024\/10\/IslandPeak.croquis.web2_.jpg 1213w, https:\/\/www.monta\u00f1asdelaluna.es\/wp-content\/uploads\/2024\/10\/IslandPeak.croquis.web2_-300x229.jpg 300w, https:\/\/www.monta\u00f1asdelaluna.es\/wp-content\/uploads\/2024\/10\/IslandPeak.croquis.web2_-1024x781.jpg 1024w, https:\/\/www.monta\u00f1asdelaluna.es\/wp-content\/uploads\/2024\/10\/IslandPeak.croquis.web2_-768x586.jpg 768w\" sizes=\"auto, (max-width: 1213px) 100vw, 1213px\" \/><\/a><p id=\"caption-attachment-52938\" class=\"wp-caption-text\">Croquis del recorrido y ascenso al Island Peak o Imja Tse, y vuelta a CHhukhung. Campo Base del Island Peak a 5.080 mts. Linea Roja discontinua: recorrido que nos falto hasta la cima del Island Peak o Imja Tse<\/p><\/div>\n<p>[\/vc_column_text][\/vc_column][\/vc_row][vc_row][vc_column][vc_empty_space height=\u00bb60px\u00bb][\/vc_column][\/vc_row][vc_row][vc_column][vc_cta h2=\u00bb\u00c1lbum de fotos\u00bb txt_align=\u00bbcenter\u00bb add_button=\u00bbbottom\u00bb btn_title=\u00bbVer fotos\u00bb btn_color=\u00bbwarning\u00bb btn_align=\u00bbcenter\u00bb btn_link=\u00bburl:https%3A%2F%2Fwww.monta%C3%B1asdelaluna.es%2F%3Fdt_gallery%3D12o-dia-trekking-nepal-island-peak-o-imja-tse-chhukhung|title:1%C2%BA%20d%C3%ADa%2C%20trekking%20Nepal%3A%20Lukla-Jorsale|target:_blank\u00bb css=\u00bb.vc_custom_1777323157120{background-color: #8bc4ed !important;}\u00bb]Puedes ver todas las fotos del 12\u00ba d\u00eda, trekking Nepal: Island Peak o Imja Tse, en forma de presentaci\u00f3n o individuales pinchando aqui \u00a1No te las pierdas![\/vc_cta][\/vc_column][\/vc_row][vc_row][vc_column][vc_empty_space height=\u00bb60px\u00bb][\/vc_column][\/vc_row][vc_row][vc_column width=\u00bb1\/6&#8243;][\/vc_column][vc_column width=\u00bb1\/3&#8243;][vc_column_text]Tiempo en CHhukhung[\/vc_column_text][vc_raw_html]JTNDaWZyYW1lJTIwc3JjJTNEJTIyaHR0cHMlM0ElMkYlMkZ3d3cubWV0ZW9ibHVlLmNvbSUyRmVzJTJGdGllbXBvJTJGd2lkZ2V0JTJGZGFpbHklMkYyNy45MDVOODYuODcyRTQ3MzdfQXNpYSUyNTJGS2F0aG1hbmR1JTNGZ2VvbG9jJTNEZml4ZWQlMjZ0ZW1wdW5pdCUzRENFTFNJVVMlMjZ3aW5kdW5pdCUzREtJTE9NRVRFUl9QRVJfSE9VUiUyNnByZWNpcHVuaXQlM0RNSUxMSU1FVEVSJTI2ZGF5cyUzRDclMjZjb2xvdXJlZCUzRGNvbG91cmVkJTI2cGljdG9pY29uJTNEMSUyNm1heHRlbXBlcmF0dXJlJTNEMSUyNm1pbnRlbXBlcmF0dXJlJTNEMSUyNndpbmRzcGVlZCUzRDElMjZ3aW5kZ3VzdCUzRDAlMjZ3aW5kZGlyZWN0aW9uJTNEMSUyNnV2JTNEMCUyNmh1bWlkaXR5JTNEMCUyNnByZWNpcGl0YXRpb24lM0QxJTI2cHJlY2lwaXRhdGlvbnByb2JhYmlsaXR5JTNEMSUyNnNwb3QlM0QxJTI2cHJlc3N1cmUlM0QwJTI2bGF5b3V0JTNEbGlnaHQlMjZ1c2VyX2tleSUzRDAwNTNhODE4MjcxYzI3YzglMjZlbWJlZF9rZXklM0QyYjEzMGFiNjE1YWNjMTRmJTI2c2lnJTNENWY3M2U2MjY4ZDU2MWY1YTE5NTNjZDdhNTZkYjk1MzUyMTU2NTU4NjU4ZDg4ODcyMTFiNTQxNDE1NDM0NjdiZiUyMiUyMGZyYW1lYm9yZGVyJTNEJTIyMCUyMiUyMHNjcm9sbGluZyUzRCUyMk5PJTIyJTIwYWxsb3d0cmFuc3BhcmVuY3klM0QlMjJ0cnVlJTIyJTIwc2FuZGJveCUzRCUyMmFsbG93LXNhbWUtb3JpZ2luJTIwYWxsb3ctc2NyaXB0cyUyMGFsbG93LXBvcHVwcyUyMGFsbG93LXBvcHVwcy10by1lc2NhcGUtc2FuZGJveCUyMiUyMHN0eWxlJTNEJTIyd2lkdGglM0ElMjAzNzhweCUzQmhlaWdodCUzQSUyMDM0OXB4JTNCYm9yZGVyJTNBJTIwMCUzQm92ZXJmbG93JTNBJTIwaGlkZGVuJTNCJTIyJTNFJTNDJTJGaWZyYW1lJTNFJTNDZGl2JTNFJTNDJTIxLS0lMjBETyUyME5PVCUyMFJFTU9WRSUyMFRISVMlMjBMSU5LJTIwLS0lM0UlM0NhJTIwaHJlZiUzRCUyMmh0dHBzJTNBJTJGJTJGd3d3Lm1ldGVvYmx1ZS5jb20lMkZlcyUyRnRpZW1wbyUyRnNlbWFuYSUyRmluZGV4JTIyJTIwdGFyZ2V0JTNEJTIyX2JsYW5rJTIyJTIwcmVsJTNEJTIybm9vcGVuZXIlMjIlM0VtZXRlb2JsdWUlM0MlMkZhJTNFJTNDJTJGZGl2JTNF[\/vc_raw_html][\/vc_column][vc_column width=\u00bb1\/3&#8243;][vc_empty_space height=\u00bb19px\u00bb][vc_raw_html]JTNDaWZyYW1lJTIwc3JjJTNEJTIyaHR0cHMlM0ElMkYlMkZ3d3cubWV0ZW9ibHVlLmNvbSUyRmVzJTJGdGllbXBvJTJGd2lkZ2V0JTJGZGFpbHklMkZpc2xhbmQtcGVha19uZXBhbF85NjExMzA2JTNGZ2VvbG9jJTNEZml4ZWQlMjZ0ZW1wdW5pdCUzRENFTFNJVVMlMjZ3aW5kdW5pdCUzREtJTE9NRVRFUl9QRVJfSE9VUiUyNnByZWNpcHVuaXQlM0RNSUxMSU1FVEVSJTI2ZGF5cyUzRDclMjZjb2xvdXJlZCUzRGNvbG91cmVkJTI2cGljdG9pY29uJTNEMSUyNm1heHRlbXBlcmF0dXJlJTNEMSUyNm1pbnRlbXBlcmF0dXJlJTNEMSUyNndpbmRzcGVlZCUzRDElMjZ3aW5kZ3VzdCUzRDAlMjZ3aW5kZGlyZWN0aW9uJTNEMSUyNnV2JTNEMCUyNmh1bWlkaXR5JTNEMCUyNnByZWNpcGl0YXRpb24lM0QxJTI2cHJlY2lwaXRhdGlvbnByb2JhYmlsaXR5JTNEMSUyNnNwb3QlM0QxJTI2cHJlc3N1cmUlM0QwJTI2bGF5b3V0JTNEbGlnaHQlMjZ1c2VyX2tleSUzRDAwNTNhODE4MjcxYzI3YzglMjZlbWJlZF9rZXklM0RhZmVhOGRjNzBmZDk3NTk3JTI2c2lnJTNENzZjYWMxMWU3MWEwN2Y1NDRhMjhmYTVkNjE5MzdlYWVlNTU1M2JjNTA3YTY3NTA5ZDdiMTI2MjQxMzE4Y2I5ZSUyMiUyMGZyYW1lYm9yZGVyJTNEJTIyMCUyMiUyMHNjcm9sbGluZyUzRCUyMk5PJTIyJTIwYWxsb3d0cmFuc3BhcmVuY3klM0QlMjJ0cnVlJTIyJTIwc2FuZGJveCUzRCUyMmFsbG93LXNhbWUtb3JpZ2luJTIwYWxsb3ctc2NyaXB0cyUyMGFsbG93LXBvcHVwcyUyMGFsbG93LXBvcHVwcy10by1lc2NhcGUtc2FuZGJveCUyMiUyMHN0eWxlJTNEJTIyd2lkdGglM0ElMjAzNzhweCUzQmhlaWdodCUzQSUyMDM0OXB4JTNCYm9yZGVyJTNBJTIwMCUzQm92ZXJmbG93JTNBJTIwaGlkZGVuJTNCJTIyJTNFJTNDJTJGaWZyYW1lJTNFJTNDZGl2JTNFJTNDJTIxLS0lMjBETyUyME5PVCUyMFJFTU9WRSUyMFRISVMlMjBMSU5LJTIwLS0lM0UlM0NhJTIwaHJlZiUzRCUyMmh0dHBzJTNBJTJGJTJGd3d3Lm1ldGVvYmx1ZS5jb20lMkZlcyUyRnRpZW1wbyUyRnNlbWFuYSUyRmluZGV4JTIyJTIwdGFyZ2V0JTNEJTIyX2JsYW5rJTIyJTIwcmVsJTNEJTIybm9vcGVuZXIlMjIlM0VtZXRlb2JsdWUlM0MlMkZhJTNFJTNDJTJGZGl2JTNF[\/vc_raw_html][\/vc_column][vc_column width=\u00bb1\/6&#8243;][\/vc_column][\/vc_row]<\/p>\n","protected":false},"excerpt":{"rendered":"<p>[vc_row][vc_column][vc_column_text]Nos levantamos muy temprano. Creo que sobre la 1 o 2 de la ma\u00f1ana para en una hora salir en busca del Imja Tse. Es noche cerrada y hace fr\u00edo, pero estamos preparados y concienciados. Y aqu\u00ed ya cometo mi primer error: dejarme puesto el plumas de North Face que tanto calor y comodidad me&hellip;<\/p>\n","protected":false},"author":1,"featured_media":52908,"comment_status":"open","ping_status":"open","sticky":false,"template":"","format":"standard","meta":[],"categories":[190],"tags":[],"class_list":["post-52907","post","type-post","status-publish","format-standard","has-post-thumbnail","hentry","category-sagarmatha","category-190","description-off"],"_links":{"self":[{"href":"https:\/\/www.monta\u00f1asdelaluna.es\/index.php?rest_route=\/wp\/v2\/posts\/52907","targetHints":{"allow":["GET"]}}],"collection":[{"href":"https:\/\/www.monta\u00f1asdelaluna.es\/index.php?rest_route=\/wp\/v2\/posts"}],"about":[{"href":"https:\/\/www.monta\u00f1asdelaluna.es\/index.php?rest_route=\/wp\/v2\/types\/post"}],"author":[{"embeddable":true,"href":"https:\/\/www.monta\u00f1asdelaluna.es\/index.php?rest_route=\/wp\/v2\/users\/1"}],"replies":[{"embeddable":true,"href":"https:\/\/www.monta\u00f1asdelaluna.es\/index.php?rest_route=%2Fwp%2Fv2%2Fcomments&post=52907"}],"version-history":[{"count":8,"href":"https:\/\/www.monta\u00f1asdelaluna.es\/index.php?rest_route=\/wp\/v2\/posts\/52907\/revisions"}],"predecessor-version":[{"id":52940,"href":"https:\/\/www.monta\u00f1asdelaluna.es\/index.php?rest_route=\/wp\/v2\/posts\/52907\/revisions\/52940"}],"wp:featuredmedia":[{"embeddable":true,"href":"https:\/\/www.monta\u00f1asdelaluna.es\/index.php?rest_route=\/wp\/v2\/media\/52908"}],"wp:attachment":[{"href":"https:\/\/www.monta\u00f1asdelaluna.es\/index.php?rest_route=%2Fwp%2Fv2%2Fmedia&parent=52907"}],"wp:term":[{"taxonomy":"category","embeddable":true,"href":"https:\/\/www.monta\u00f1asdelaluna.es\/index.php?rest_route=%2Fwp%2Fv2%2Fcategories&post=52907"},{"taxonomy":"post_tag","embeddable":true,"href":"https:\/\/www.monta\u00f1asdelaluna.es\/index.php?rest_route=%2Fwp%2Fv2%2Ftags&post=52907"}],"curies":[{"name":"wp","href":"https:\/\/api.w.org\/{rel}","templated":true}]}}